{"id":68106,"date":"2017-07-29T07:30:56","date_gmt":"2017-07-29T11:30:56","guid":{"rendered":"http:\/\/digital58.com.ve\/site\/?p=68106"},"modified":"2017-07-28T23:48:03","modified_gmt":"2017-07-29T03:48:03","slug":"29-de-julio-dia-internacional-del-tigre","status":"publish","type":"post","link":"https:\/\/digital58.com.ve\/site\/2017\/07\/29\/29-de-julio-dia-internacional-del-tigre\/","title":{"rendered":"29 de julio: D\u00eda Internacional del Tigre"},"content":{"rendered":"<p><a href=\"http:\/\/digital58.com.ve\/site\/wp-content\/uploads\/2017\/07\/tigre-1.jpg\"><img loading=\"lazy\" decoding=\"async\" class=\"aligncenter size-large wp-image-68107\" src=\"http:\/\/digital58.com.ve\/site\/wp-content\/uploads\/2017\/07\/tigre-1-1500x938.jpg\" alt=\"\" width=\"640\" height=\"400\" srcset=\"https:\/\/digital58.com.ve\/site\/wp-content\/uploads\/2017\/07\/tigre-1-1500x938.jpg 1500w, https:\/\/digital58.com.ve\/site\/wp-content\/uploads\/2017\/07\/tigre-1-300x188.jpg 300w, https:\/\/digital58.com.ve\/site\/wp-content\/uploads\/2017\/07\/tigre-1-768x480.jpg 768w, https:\/\/digital58.com.ve\/site\/wp-content\/uploads\/2017\/07\/tigre-1.jpg 800w\" sizes=\"auto, (max-width: 640px) 100vw, 640px\" \/><\/a><\/p>\n<p>Por s\u00e9ptimo a\u00f1o consecutivo se celebra el D\u00eda Internacional del Tigre, fecha que se propuso el 29 de julio de 2010, donde San Petersburgo, Rusia, acogi\u00f3 una cumbre por la conservaci\u00f3n del gran felino, participando todos los pa\u00edses en los que habitas tigres en libertad.<\/p>\n<p><strong>Maracaibo, Zulia, Venezuela, 29 de julio de 2017 (D58).-<\/strong> El 29 de julio fue declarado con el fin de aumentar la conciencia de todos los seres humanos sobre la preservaci\u00f3n de los tigres, una familia de felinos que est\u00e1n en peligro de extinci\u00f3n.<\/p>\n<p>En la cumbre realizada en San Petersburgo, los pa\u00edses que asistieron se comprometieron a cumplir el objetivo Tx2, que apostaba por duplicar la poblaci\u00f3n de este animal hasta el a\u00f1o 2022.<\/p>\n<p>Por aquel entonces, se estimaba que la poblaci\u00f3n de tigres se situaba en torno a 3200 ejemplares. El problema de este n\u00famero es que era eso tan solo una estimaci\u00f3n, ya que en muchos de los pa\u00edses donde vive el tigre no se realizan censos que controlen su poblaci\u00f3n.<\/p>\n<p>Ante esta situaci\u00f3n, la WWF no permanece impasible y ha instado a todos los pa\u00edses a realizar un censo de forma urgente. Este tipo de recuento es complicado, ya que para obtener resultados fiables se necesita hasta un a\u00f1o de investigaci\u00f3n.<\/p>\n<p><a href=\"http:\/\/digital58.com.ve\/site\/wp-content\/uploads\/2017\/07\/tigre-2.jpg\"><img loading=\"lazy\" decoding=\"async\" class=\"aligncenter size-large wp-image-68108\" src=\"http:\/\/digital58.com.ve\/site\/wp-content\/uploads\/2017\/07\/tigre-2-1500x938.jpg\" alt=\"\" width=\"640\" height=\"400\" srcset=\"https:\/\/digital58.com.ve\/site\/wp-content\/uploads\/2017\/07\/tigre-2-1500x938.jpg 1500w, https:\/\/digital58.com.ve\/site\/wp-content\/uploads\/2017\/07\/tigre-2-300x188.jpg 300w, https:\/\/digital58.com.ve\/site\/wp-content\/uploads\/2017\/07\/tigre-2-768x480.jpg 768w, https:\/\/digital58.com.ve\/site\/wp-content\/uploads\/2017\/07\/tigre-2.jpg 800w\" sizes=\"auto, (max-width: 640px) 100vw, 640px\" \/><\/a><\/p>\n<p>Mientras tanto, las amenazas para la supervivencia del tigre contin\u00faan. La deforestaci\u00f3n de su h\u00e1bitat est\u00e1 suponiendo que cada vez se vaya acercando m\u00e1s a n\u00facleos urbanos para poder alimentarse del ganado local, lo cual es un peligro tanto para humanos como para animales. Tampoco hay que olvidar la caza furtiva, ya que al no haber censos, desaparecen tigres sin que los pa\u00edses lo \u00abnoten\u00bb.<\/p>\n<p>Todo esto se traduce en terribles cifras: en los \u00faltimos 100 a\u00f1os la poblaci\u00f3n de tigres se ha reducido en un 97%. Ante esto, hasta 39 ONG\u00b4s coordinadas con el Instituto Smithsonian y con la Coalici\u00f3n Internacional del Tigre, han empezado a trabajar en un programa de conservaci\u00f3n de la especie.<\/p>\n<p>A su vez la comunidad cient\u00edfica, en colaboraci\u00f3n con el Banco Mundial, est\u00e1n estudiando la poblaci\u00f3n de tigres en todo el mundo, as\u00ed como las posibilidades de conservaci\u00f3n de su h\u00e1bitat.<\/p><div class=\"udcgk69f5bbf72f1da\" ><p style=\"text-align: center;\"><a href=\"https:\/\/t.me\/noticiasdigital58\" target=\"_blank\" rel=\"noopener\"><img class=\"aligncenter size-full wp-image-125363\" src=\"https:\/\/digital58.com.ve\/site\/wp-content\/uploads\/2021\/04\/banner-telegram-web-2021.png\" alt=\"\" width=\"600\" height=\"90\" \/><\/a><\/p><\/div><style type=\"text\/css\">\r\n@media screen and (min-width: 1201px) {\r\n.udcgk69f5bbf72f1da {\r\ndisplay: block;\r\n}\r\n}\r\n@media screen and (min-width: 993px) and (max-width: 1200px) {\r\n.udcgk69f5bbf72f1da {\r\ndisplay: block;\r\n}\r\n}\r\n@media screen and (min-width: 769px) and (max-width: 992px) {\r\n.udcgk69f5bbf72f1da {\r\ndisplay: block;\r\n}\r\n}\r\n@media screen and (min-width: 768px) and (max-width: 768px) {\r\n.udcgk69f5bbf72f1da {\r\ndisplay: block;\r\n}\r\n}\r\n@media screen and (max-width: 767px) {\r\n.udcgk69f5bbf72f1da {\r\ndisplay: block;\r\n}\r\n}\r\n<\/style>\r\n\n<p><strong>Fuente: Agencias<\/strong><br \/>\n<strong>Redacci\u00f3n: <a href=\"https:\/\/www.instagram.com\/raquelsofiavera\/\" target=\"_blank\" rel=\"noopener\">Vera, Raquel<\/a><\/strong><br \/>\n<strong>Fotos: Google<\/strong><\/p>\n<div style=\"margin-top: 0px; margin-bottom: 0px;\" class=\"sharethis-inline-share-buttons\" ><\/div>","protected":false},"excerpt":{"rendered":"<p>Por s\u00e9ptimo a\u00f1o consecutivo se celebra el D\u00eda Internacional del Tigre, fecha que se propuso el 29 de julio de<\/p>\n","protected":false},"author":1,"featured_media":68108,"comment_status":"open","ping_status":"closed","sticky":false,"template":"","format":"standard","meta":{"colormag_page_container_layout":"default_layout","colormag_page_sidebar_layout":"default_layout","_uag_custom_page_level_css":"","footnotes":""},"categories":[5407],"tags":[3209,8212,159,8582,8,5455,1646],"class_list":["post-68106","post","type-post","status-publish","format-standard","has-post-thumbnail","hentry","category-natura","tag-animales","tag-concientizar","tag-efemerides","tag-felinos","tag-internacionales","tag-peligro-de-extincion","tag-tigres"],"yoast_head":"<!-- This site is optimized with the Yoast SEO plugin v27.5 - https:\/\/yoast.com\/product\/yoast-seo-wordpress\/ -->\n<title>29 de julio: D\u00eda Internacional del Tigre<\/title>\n<meta name=\"robots\" content=\"index, follow, max-snippet:-1, max-image-preview:large, max-video-preview:-1\" \/>\n<link rel=\"canonical\" href=\"https:\/\/digital58.com.ve\/site\/2017\/07\/29\/29-de-julio-dia-internacional-del-tigre\/\" \/>\n<meta property=\"og:locale\" content=\"es_ES\" \/>\n<meta property=\"og:type\" content=\"article\" \/>\n<meta property=\"og:title\" content=\"29 de julio: D\u00eda Internacional del Tigre\" \/>\n<meta property=\"og:url\" content=\"https:\/\/digital58.com.ve\/site\/2017\/07\/29\/29-de-julio-dia-internacional-del-tigre\/\" \/>\n<meta property=\"og:site_name\" content=\"Noticias Digital58\" \/>\n<meta property=\"article:published_time\" content=\"2017-07-29T11:30:56+00:00\" \/>\n<meta property=\"og:image\" content=\"https:\/\/digital58.com.ve\/site\/wp-content\/uploads\/2017\/07\/tigre-2.jpg\" \/>\n\t<meta property=\"og:image:width\" content=\"1600\" \/>\n\t<meta property=\"og:image:height\" content=\"1000\" \/>\n\t<meta property=\"og:image:type\" content=\"image\/jpeg\" \/>\n<meta name=\"author\" content=\"Villasmil Henry\" \/>\n<meta name=\"twitter:card\" content=\"summary_large_image\" \/>\n<meta name=\"twitter:creator\" content=\"@https:\/\/twitter.com\/villasmilhfoto\" \/>\n<meta name=\"twitter:site\" content=\"@villasmilhfoto\" \/>\n<meta name=\"twitter:label1\" content=\"Escrito por\" \/>\n\t<meta name=\"twitter:data1\" content=\"Villasmil Henry\" \/>\n\t<meta name=\"twitter:label2\" content=\"Tiempo estimado de lectura\" \/>\n\t<meta name=\"twitter:data2\" content=\"2 minutos\" \/>\n<script type=\"application\/ld+json\" class=\"yoast-schema-graph\">{\"@context\":\"https:\\\/\\\/schema.org\",\"@graph\":[{\"@type\":\"Article\",\"@id\":\"https:\\\/\\\/digital58.com.ve\\\/site\\\/2017\\\/07\\\/29\\\/29-de-julio-dia-internacional-del-tigre\\\/#article\",\"isPartOf\":{\"@id\":\"https:\\\/\\\/digital58.com.ve\\\/site\\\/2017\\\/07\\\/29\\\/29-de-julio-dia-internacional-del-tigre\\\/\"},\"author\":{\"name\":\"Villasmil Henry\",\"@id\":\"https:\\\/\\\/digital58.com.ve\\\/site\\\/#\\\/schema\\\/person\\\/64d1c2e4d0d4fd1b849980c4331c2951\"},\"headline\":\"29 de julio: D\u00eda Internacional del Tigre\",\"datePublished\":\"2017-07-29T11:30:56+00:00\",\"mainEntityOfPage\":{\"@id\":\"https:\\\/\\\/digital58.com.ve\\\/site\\\/2017\\\/07\\\/29\\\/29-de-julio-dia-internacional-del-tigre\\\/\"},\"wordCount\":399,\"commentCount\":0,\"publisher\":{\"@id\":\"https:\\\/\\\/digital58.com.ve\\\/site\\\/#\\\/schema\\\/person\\\/64d1c2e4d0d4fd1b849980c4331c2951\"},\"image\":{\"@id\":\"https:\\\/\\\/digital58.com.ve\\\/site\\\/2017\\\/07\\\/29\\\/29-de-julio-dia-internacional-del-tigre\\\/#primaryimage\"},\"thumbnailUrl\":\"https:\\\/\\\/digital58.com.ve\\\/site\\\/wp-content\\\/uploads\\\/2017\\\/07\\\/tigre-2.jpg\",\"keywords\":[\"Animales\",\"Concientizar\",\"Efem\u00e9rides\",\"Felinos\",\"Internacionales\",\"Peligro de Extinci\u00f3n\",\"Tigres\"],\"articleSection\":[\"Natura\"],\"inLanguage\":\"es\",\"potentialAction\":[{\"@type\":\"CommentAction\",\"name\":\"Comment\",\"target\":[\"https:\\\/\\\/digital58.com.ve\\\/site\\\/2017\\\/07\\\/29\\\/29-de-julio-dia-internacional-del-tigre\\\/#respond\"]}]},{\"@type\":\"WebPage\",\"@id\":\"https:\\\/\\\/digital58.com.ve\\\/site\\\/2017\\\/07\\\/29\\\/29-de-julio-dia-internacional-del-tigre\\\/\",\"url\":\"https:\\\/\\\/digital58.com.ve\\\/site\\\/2017\\\/07\\\/29\\\/29-de-julio-dia-internacional-del-tigre\\\/\",\"name\":\"29 de julio: D\u00eda Internacional del Tigre\",\"isPartOf\":{\"@id\":\"https:\\\/\\\/digital58.com.ve\\\/site\\\/#website\"},\"primaryImageOfPage\":{\"@id\":\"https:\\\/\\\/digital58.com.ve\\\/site\\\/2017\\\/07\\\/29\\\/29-de-julio-dia-internacional-del-tigre\\\/#primaryimage\"},\"image\":{\"@id\":\"https:\\\/\\\/digital58.com.ve\\\/site\\\/2017\\\/07\\\/29\\\/29-de-julio-dia-internacional-del-tigre\\\/#primaryimage\"},\"thumbnailUrl\":\"https:\\\/\\\/digital58.com.ve\\\/site\\\/wp-content\\\/uploads\\\/2017\\\/07\\\/tigre-2.jpg\",\"datePublished\":\"2017-07-29T11:30:56+00:00\",\"breadcrumb\":{\"@id\":\"https:\\\/\\\/digital58.com.ve\\\/site\\\/2017\\\/07\\\/29\\\/29-de-julio-dia-internacional-del-tigre\\\/#breadcrumb\"},\"inLanguage\":\"es\",\"potentialAction\":[{\"@type\":\"ReadAction\",\"target\":[\"https:\\\/\\\/digital58.com.ve\\\/site\\\/2017\\\/07\\\/29\\\/29-de-julio-dia-internacional-del-tigre\\\/\"]}]},{\"@type\":\"ImageObject\",\"inLanguage\":\"es\",\"@id\":\"https:\\\/\\\/digital58.com.ve\\\/site\\\/2017\\\/07\\\/29\\\/29-de-julio-dia-internacional-del-tigre\\\/#primaryimage\",\"url\":\"https:\\\/\\\/digital58.com.ve\\\/site\\\/wp-content\\\/uploads\\\/2017\\\/07\\\/tigre-2.jpg\",\"contentUrl\":\"https:\\\/\\\/digital58.com.ve\\\/site\\\/wp-content\\\/uploads\\\/2017\\\/07\\\/tigre-2.jpg\",\"width\":800,\"height\":500},{\"@type\":\"BreadcrumbList\",\"@id\":\"https:\\\/\\\/digital58.com.ve\\\/site\\\/2017\\\/07\\\/29\\\/29-de-julio-dia-internacional-del-tigre\\\/#breadcrumb\",\"itemListElement\":[{\"@type\":\"ListItem\",\"position\":1,\"name\":\"Home\",\"item\":\"https:\\\/\\\/digital58.com.ve\\\/site\\\/\"},{\"@type\":\"ListItem\",\"position\":2,\"name\":\"29 de julio: D\u00eda Internacional del Tigre\"}]},{\"@type\":\"WebSite\",\"@id\":\"https:\\\/\\\/digital58.com.ve\\\/site\\\/#website\",\"url\":\"https:\\\/\\\/digital58.com.ve\\\/site\\\/\",\"name\":\"Noticias Digital58\",\"description\":\"Portal de Noticias \u00a1Periodismo web de verdad! Lanzamiento web 22.11.2005 \\\/ Maracaibo, Venezuela\",\"publisher\":{\"@id\":\"https:\\\/\\\/digital58.com.ve\\\/site\\\/#\\\/schema\\\/person\\\/64d1c2e4d0d4fd1b849980c4331c2951\"},\"alternateName\":\"ND58\",\"potentialAction\":[{\"@type\":\"SearchAction\",\"target\":{\"@type\":\"EntryPoint\",\"urlTemplate\":\"https:\\\/\\\/digital58.com.ve\\\/site\\\/?s={search_term_string}\"},\"query-input\":{\"@type\":\"PropertyValueSpecification\",\"valueRequired\":true,\"valueName\":\"search_term_string\"}}],\"inLanguage\":\"es\"},{\"@type\":[\"Person\",\"Organization\"],\"@id\":\"https:\\\/\\\/digital58.com.ve\\\/site\\\/#\\\/schema\\\/person\\\/64d1c2e4d0d4fd1b849980c4331c2951\",\"name\":\"Villasmil Henry\",\"image\":{\"@type\":\"ImageObject\",\"inLanguage\":\"es\",\"@id\":\"https:\\\/\\\/secure.gravatar.com\\\/avatar\\\/bb0c4a2fcb7970138239f7e404ea75757b1b507b28b5ce4c53fbd62d797c5a7c?s=96&d=mm&r=g\",\"url\":\"https:\\\/\\\/secure.gravatar.com\\\/avatar\\\/bb0c4a2fcb7970138239f7e404ea75757b1b507b28b5ce4c53fbd62d797c5a7c?s=96&d=mm&r=g\",\"contentUrl\":\"https:\\\/\\\/secure.gravatar.com\\\/avatar\\\/bb0c4a2fcb7970138239f7e404ea75757b1b507b28b5ce4c53fbd62d797c5a7c?s=96&d=mm&r=g\",\"caption\":\"Villasmil Henry\"},\"logo\":{\"@id\":\"https:\\\/\\\/secure.gravatar.com\\\/avatar\\\/bb0c4a2fcb7970138239f7e404ea75757b1b507b28b5ce4c53fbd62d797c5a7c?s=96&d=mm&r=g\"},\"sameAs\":[\"http:\\\/\\\/www.henryvillasmil.com.ve\",\"https:\\\/\\\/www.instagram.com\\\/villasmilhfoto\\\/\",\"https:\\\/\\\/x.com\\\/https:\\\/\\\/twitter.com\\\/villasmilhfoto\"],\"url\":\"https:\\\/\\\/digital58.com.ve\\\/site\\\/author\\\/droopy_68\\\/\"}]}<\/script>\n<!-- \/ Yoast SEO plugin. -->","yoast_head_json":{"title":"29 de julio: D\u00eda Internacional del Tigre","robots":{"index":"index","follow":"follow","max-snippet":"max-snippet:-1","max-image-preview":"max-image-preview:large","max-video-preview":"max-video-preview:-1"},"canonical":"https:\/\/digital58.com.ve\/site\/2017\/07\/29\/29-de-julio-dia-internacional-del-tigre\/","og_locale":"es_ES","og_type":"article","og_title":"29 de julio: D\u00eda Internacional del Tigre","og_url":"https:\/\/digital58.com.ve\/site\/2017\/07\/29\/29-de-julio-dia-internacional-del-tigre\/","og_site_name":"Noticias Digital58","article_published_time":"2017-07-29T11:30:56+00:00","og_image":[{"width":1600,"height":1000,"url":"https:\/\/digital58.com.ve\/site\/wp-content\/uploads\/2017\/07\/tigre-2.jpg","type":"image\/jpeg"}],"author":"Villasmil Henry","twitter_card":"summary_large_image","twitter_creator":"@https:\/\/twitter.com\/villasmilhfoto","twitter_site":"@villasmilhfoto","twitter_misc":{"Escrito por":"Villasmil Henry","Tiempo estimado de lectura":"2 minutos"},"schema":{"@context":"https:\/\/schema.org","@graph":[{"@type":"Article","@id":"https:\/\/digital58.com.ve\/site\/2017\/07\/29\/29-de-julio-dia-internacional-del-tigre\/#article","isPartOf":{"@id":"https:\/\/digital58.com.ve\/site\/2017\/07\/29\/29-de-julio-dia-internacional-del-tigre\/"},"author":{"name":"Villasmil Henry","@id":"https:\/\/digital58.com.ve\/site\/#\/schema\/person\/64d1c2e4d0d4fd1b849980c4331c2951"},"headline":"29 de julio: D\u00eda Internacional del Tigre","datePublished":"2017-07-29T11:30:56+00:00","mainEntityOfPage":{"@id":"https:\/\/digital58.com.ve\/site\/2017\/07\/29\/29-de-julio-dia-internacional-del-tigre\/"},"wordCount":399,"commentCount":0,"publisher":{"@id":"https:\/\/digital58.com.ve\/site\/#\/schema\/person\/64d1c2e4d0d4fd1b849980c4331c2951"},"image":{"@id":"https:\/\/digital58.com.ve\/site\/2017\/07\/29\/29-de-julio-dia-internacional-del-tigre\/#primaryimage"},"thumbnailUrl":"https:\/\/digital58.com.ve\/site\/wp-content\/uploads\/2017\/07\/tigre-2.jpg","keywords":["Animales","Concientizar","Efem\u00e9rides","Felinos","Internacionales","Peligro de Extinci\u00f3n","Tigres"],"articleSection":["Natura"],"inLanguage":"es","potentialAction":[{"@type":"CommentAction","name":"Comment","target":["https:\/\/digital58.com.ve\/site\/2017\/07\/29\/29-de-julio-dia-internacional-del-tigre\/#respond"]}]},{"@type":"WebPage","@id":"https:\/\/digital58.com.ve\/site\/2017\/07\/29\/29-de-julio-dia-internacional-del-tigre\/","url":"https:\/\/digital58.com.ve\/site\/2017\/07\/29\/29-de-julio-dia-internacional-del-tigre\/","name":"29 de julio: D\u00eda Internacional del Tigre","isPartOf":{"@id":"https:\/\/digital58.com.ve\/site\/#website"},"primaryImageOfPage":{"@id":"https:\/\/digital58.com.ve\/site\/2017\/07\/29\/29-de-julio-dia-internacional-del-tigre\/#primaryimage"},"image":{"@id":"https:\/\/digital58.com.ve\/site\/2017\/07\/29\/29-de-julio-dia-internacional-del-tigre\/#primaryimage"},"thumbnailUrl":"https:\/\/digital58.com.ve\/site\/wp-content\/uploads\/2017\/07\/tigre-2.jpg","datePublished":"2017-07-29T11:30:56+00:00","breadcrumb":{"@id":"https:\/\/digital58.com.ve\/site\/2017\/07\/29\/29-de-julio-dia-internacional-del-tigre\/#breadcrumb"},"inLanguage":"es","potentialAction":[{"@type":"ReadAction","target":["https:\/\/digital58.com.ve\/site\/2017\/07\/29\/29-de-julio-dia-internacional-del-tigre\/"]}]},{"@type":"ImageObject","inLanguage":"es","@id":"https:\/\/digital58.com.ve\/site\/2017\/07\/29\/29-de-julio-dia-internacional-del-tigre\/#primaryimage","url":"https:\/\/digital58.com.ve\/site\/wp-content\/uploads\/2017\/07\/tigre-2.jpg","contentUrl":"https:\/\/digital58.com.ve\/site\/wp-content\/uploads\/2017\/07\/tigre-2.jpg","width":800,"height":500},{"@type":"BreadcrumbList","@id":"https:\/\/digital58.com.ve\/site\/2017\/07\/29\/29-de-julio-dia-internacional-del-tigre\/#breadcrumb","itemListElement":[{"@type":"ListItem","position":1,"name":"Home","item":"https:\/\/digital58.com.ve\/site\/"},{"@type":"ListItem","position":2,"name":"29 de julio: D\u00eda Internacional del Tigre"}]},{"@type":"WebSite","@id":"https:\/\/digital58.com.ve\/site\/#website","url":"https:\/\/digital58.com.ve\/site\/","name":"Noticias Digital58","description":"Portal de Noticias \u00a1Periodismo web de verdad! Lanzamiento web 22.11.2005 \/ Maracaibo, Venezuela","publisher":{"@id":"https:\/\/digital58.com.ve\/site\/#\/schema\/person\/64d1c2e4d0d4fd1b849980c4331c2951"},"alternateName":"ND58","potentialAction":[{"@type":"SearchAction","target":{"@type":"EntryPoint","urlTemplate":"https:\/\/digital58.com.ve\/site\/?s={search_term_string}"},"query-input":{"@type":"PropertyValueSpecification","valueRequired":true,"valueName":"search_term_string"}}],"inLanguage":"es"},{"@type":["Person","Organization"],"@id":"https:\/\/digital58.com.ve\/site\/#\/schema\/person\/64d1c2e4d0d4fd1b849980c4331c2951","name":"Villasmil Henry","image":{"@type":"ImageObject","inLanguage":"es","@id":"https:\/\/secure.gravatar.com\/avatar\/bb0c4a2fcb7970138239f7e404ea75757b1b507b28b5ce4c53fbd62d797c5a7c?s=96&d=mm&r=g","url":"https:\/\/secure.gravatar.com\/avatar\/bb0c4a2fcb7970138239f7e404ea75757b1b507b28b5ce4c53fbd62d797c5a7c?s=96&d=mm&r=g","contentUrl":"https:\/\/secure.gravatar.com\/avatar\/bb0c4a2fcb7970138239f7e404ea75757b1b507b28b5ce4c53fbd62d797c5a7c?s=96&d=mm&r=g","caption":"Villasmil Henry"},"logo":{"@id":"https:\/\/secure.gravatar.com\/avatar\/bb0c4a2fcb7970138239f7e404ea75757b1b507b28b5ce4c53fbd62d797c5a7c?s=96&d=mm&r=g"},"sameAs":["http:\/\/www.henryvillasmil.com.ve","https:\/\/www.instagram.com\/villasmilhfoto\/","https:\/\/x.com\/https:\/\/twitter.com\/villasmilhfoto"],"url":"https:\/\/digital58.com.ve\/site\/author\/droopy_68\/"}]}},"uagb_featured_image_src":{"full":["https:\/\/digital58.com.ve\/site\/wp-content\/uploads\/2017\/07\/tigre-2.jpg",800,500,false],"thumbnail":["https:\/\/digital58.com.ve\/site\/wp-content\/uploads\/2017\/07\/tigre-2-150x150.jpg",150,150,true],"medium":["https:\/\/digital58.com.ve\/site\/wp-content\/uploads\/2017\/07\/tigre-2-300x188.jpg",300,188,true],"medium_large":["https:\/\/digital58.com.ve\/site\/wp-content\/uploads\/2017\/07\/tigre-2-768x480.jpg",768,480,true],"large":["https:\/\/digital58.com.ve\/site\/wp-content\/uploads\/2017\/07\/tigre-2-1500x938.jpg",800,500,true],"1536x1536":["https:\/\/digital58.com.ve\/site\/wp-content\/uploads\/2017\/07\/tigre-2.jpg",800,500,false],"2048x2048":["https:\/\/digital58.com.ve\/site\/wp-content\/uploads\/2017\/07\/tigre-2.jpg",800,500,false],"colormag-highlighted-post":["https:\/\/digital58.com.ve\/site\/wp-content\/uploads\/2017\/07\/tigre-2.jpg",392,245,false],"colormag-featured-post-medium":["https:\/\/digital58.com.ve\/site\/wp-content\/uploads\/2017\/07\/tigre-2.jpg",328,205,false],"colormag-featured-post-small":["https:\/\/digital58.com.ve\/site\/wp-content\/uploads\/2017\/07\/tigre-2.jpg",130,81,false],"colormag-featured-image":["https:\/\/digital58.com.ve\/site\/wp-content\/uploads\/2017\/07\/tigre-2.jpg",712,445,false],"colormag-default-news":["https:\/\/digital58.com.ve\/site\/wp-content\/uploads\/2017\/07\/tigre-2.jpg",150,94,false],"colormag-featured-image-large":["https:\/\/digital58.com.ve\/site\/wp-content\/uploads\/2017\/07\/tigre-2.jpg",800,500,false]},"uagb_author_info":{"display_name":"Villasmil Henry","author_link":"https:\/\/digital58.com.ve\/site\/author\/droopy_68\/"},"uagb_comment_info":0,"uagb_excerpt":"Por s\u00e9ptimo a\u00f1o consecutivo se celebra el D\u00eda Internacional del Tigre, fecha que se propuso el 29 de julio de","_links":{"self":[{"href":"https:\/\/digital58.com.ve\/site\/wp-json\/wp\/v2\/posts\/68106","targetHints":{"allow":["GET"]}}],"collection":[{"href":"https:\/\/digital58.com.ve\/site\/wp-json\/wp\/v2\/posts"}],"about":[{"href":"https:\/\/digital58.com.ve\/site\/wp-json\/wp\/v2\/types\/post"}],"author":[{"embeddable":true,"href":"https:\/\/digital58.com.ve\/site\/wp-json\/wp\/v2\/users\/1"}],"replies":[{"embeddable":true,"href":"https:\/\/digital58.com.ve\/site\/wp-json\/wp\/v2\/comments?post=68106"}],"version-history":[{"count":0,"href":"https:\/\/digital58.com.ve\/site\/wp-json\/wp\/v2\/posts\/68106\/revisions"}],"wp:featuredmedia":[{"embeddable":true,"href":"https:\/\/digital58.com.ve\/site\/wp-json\/wp\/v2\/media\/68108"}],"wp:attachment":[{"href":"https:\/\/digital58.com.ve\/site\/wp-json\/wp\/v2\/media?parent=68106"}],"wp:term":[{"taxonomy":"category","embeddable":true,"href":"https:\/\/digital58.com.ve\/site\/wp-json\/wp\/v2\/categories?post=68106"},{"taxonomy":"post_tag","embeddable":true,"href":"https:\/\/digital58.com.ve\/site\/wp-json\/wp\/v2\/tags?post=68106"}],"curies":[{"name":"wp","href":"https:\/\/api.w.org\/{rel}","templated":true}]}}