{"id":68197,"date":"2017-07-31T10:22:55","date_gmt":"2017-07-31T14:22:55","guid":{"rendered":"http:\/\/digital58.com.ve\/site\/?p=68197"},"modified":"2017-07-31T17:28:55","modified_gmt":"2017-07-31T21:28:55","slug":"maduro-el-chofer-que-se-resiste-a-perder-el-control-del-autobus","status":"publish","type":"post","link":"https:\/\/digital58.com.ve\/site\/2017\/07\/31\/maduro-el-chofer-que-se-resiste-a-perder-el-control-del-autobus\/","title":{"rendered":"Maduro, el ch\u00f3fer que se resiste a perder el control del autob\u00fas"},"content":{"rendered":"<p><a href=\"http:\/\/digital58.com.ve\/site\/wp-content\/uploads\/2017\/07\/maduroycilia2.jpg\"><img loading=\"lazy\" decoding=\"async\" class=\"aligncenter size-large wp-image-68198\" src=\"http:\/\/digital58.com.ve\/site\/wp-content\/uploads\/2017\/07\/maduroycilia2-1500x1014.jpg\" alt=\"\" width=\"640\" height=\"433\" srcset=\"https:\/\/digital58.com.ve\/site\/wp-content\/uploads\/2017\/07\/maduroycilia2-1500x1014.jpg 1500w, https:\/\/digital58.com.ve\/site\/wp-content\/uploads\/2017\/07\/maduroycilia2-300x203.jpg 300w, https:\/\/digital58.com.ve\/site\/wp-content\/uploads\/2017\/07\/maduroycilia2-768x519.jpg 768w, https:\/\/digital58.com.ve\/site\/wp-content\/uploads\/2017\/07\/maduroycilia2.jpg 800w\" sizes=\"auto, (max-width: 640px) 100vw, 640px\" \/><\/a><\/p>\n<p>El presidente Nicol\u00e1s Maduro, quien logr\u00f3 este domingo sacar adelante la elecci\u00f3n de una controvertida Asamblea Constituyente, es un exconductor de autob\u00fas y protagonista de una de las mayores crisis de Venezuela. \u00abEs la votaci\u00f3n m\u00e1s grande que haya sacado la revoluci\u00f3n bolivariana en toda la historia electoral en 18 a\u00f1os\u00bb, celebr\u00f3 Maduro, luego que el poder electoral anunci\u00f3 que sufragaron m\u00e1s de ocho millones de ciudadanos, 41,5% del padr\u00f3n electoral, en una contienda a la que no acudi\u00f3 la oposici\u00f3n por considerarla \u00abfraudulenta\u00bb.<\/p>\n<p><strong>Caracas, DC, Venezuela, 31 de julio de 2017 (D58).-\u00a0<\/strong> De 54 a\u00f1os, es el heredero pol\u00edtico del fallecido Hugo Ch\u00e1vez, quien lo ungi\u00f3 tres meses antes de su muerte (el 5 de marzo de 2013) para que liderara la \u00abrevoluci\u00f3n bolivariana\u00bb.<\/p>\n<p>Sin el carisma de su mentor, intenta imitarlo con apariciones diarias en televisi\u00f3n, un vocabulario popular y discursos cargados de ret\u00f3rica antiestadounidense y denuncias de golpe de Estado.<\/p>\n<p>Pero tambi\u00e9n ha ido construyendo un estilo propio. Maneja su camioneta y tiene cuentas pr\u00e1cticamente en todas las redes sociales.<\/p>\n<p>En plena ofensiva opositora para sacarlo del poder mediante un referendo revocatorio que fue cancelado, lanz\u00f3 en 2016 \u00abla hora de la salsa\u00bb, un programa radial en el que hac\u00eda gala de bailar\u00edn.<\/p>\n<p>En las tarimas suele bailar con su esposa, Cilia Flores, a quien llama \u00abprimera combatiente\u00bb, y toca la tambora.<\/p>\n<p>Todo ello enfurece a sus oponentes, que le llaman \u00abdictador\u00bb y le reprochan que se divierta cuando el pa\u00eds vive un colapso econ\u00f3mico y protestas que dejan unos 125 muertos en los \u00faltimos cuatro meses.<\/p>\n<p>\u00abAmargados\u00bb, les responde Maduro, elegido hasta 2019 y quien suele poner motes a sus principales adversarios como; \u00abCejotas\u00bb, \u00abCapriloca\u00bb y \u00abpich\u00f3n de Hitler\u00bb.<\/p>\n<p><strong>A contracorriente<\/strong><\/p>\n<p>Maduro gobierna desde el primer d\u00eda en convulsi\u00f3n, pues un sector opositor impugn\u00f3 su triunfo por estrecho margen sobre Henrique Capriles, quien lo llama \u00abvago\u00bb y le critica que engorde mientras otros venezolanos sufren la escasez de alimentos o buscan comida en la basura.<\/p>\n<p>Con poco m\u00e1s de un a\u00f1o en el gobierno, los precios del petr\u00f3leo cayeron 50%, una calamidad para un pa\u00eds hist\u00f3ricamente dependiente del crudo.<\/p>\n<p>Su popularidad se derrumb\u00f3 hasta 21,8%, seg\u00fan Datan\u00e1lisis, lejos de la alta aprobaci\u00f3n de un Ch\u00e1vez que se zambull\u00f3 en petrod\u00f3lares.<\/p>\n<p>El gobernante atribuye la crisis a una \u00abguerra econ\u00f3mica de la derecha\u00bb, apoyada por Estados Unidos, para derrocarlo y se justifica en que la oposici\u00f3n no le ha dado un solo d\u00eda de tregua.<\/p>\n<p>En 2014 enfrent\u00f3 una primera ola de manifestaciones liderada por el opositor Leopoldo L\u00f3pez, que dej\u00f3 43 fallecidos.<\/p>\n<p><strong>Sin el liderazgo de Ch\u00e1vez<\/strong><\/p>\n<p>\u00abSer\u00e1 Madurista, pero Chavista no es\u00bb, coment\u00f3 a la AFP la exministra Ana Elisa Osorio, resumiendo el sentimiento de un sector de la izquierda que ve c\u00f3mo la revoluci\u00f3n se desmorona.<\/p>\n<p>Osorio y otros exministros Chavistas como H\u00e9ctor Navarro consideran que Maduro pas\u00f3 la raya con la Constituyente, al no someter a referendo su convocatoria y elegirla con reglas \u00abama\u00f1adas\u00bb para eliminar contrapesos.<\/p>\n<p>Pero el mandatario afirma que es el mayor defensor del legado de Ch\u00e1vez, quien lo defini\u00f3 como \u00abun revolucionario a carta cabal\u00bb, y que su intenci\u00f3n es mejorar la Carta Magna que promulg\u00f3 su padre pol\u00edtico en 1999.<\/p>\n<p>Tambi\u00e9n reivindica que hace de \u00abtripas coraz\u00f3n\u00bb para mantener los programas sociales que catapultaron al Chavismo, una fuerza que desde el origen estuvo ligada al ingreso petrolero y acusada de una profunda corrupci\u00f3n.<\/p>\n<p>Vivi\u00f3 el mayor rev\u00e9s oficialista con la p\u00e9rdida del Parlamento en 2015 a manos de la oposici\u00f3n, pero maniobr\u00f3 con el apoyo de los militares y los poderes judicial y electoral.<\/p>\n<p><strong>Rockero y cat\u00f3lico<\/strong><\/p>\n<p>Nacido en Caracas, se declara cat\u00f3lico y en su adolescencia fue guitarrista de una banda de rock llamada \u00abEnigma\u00bb. Est\u00e1 casado con Cilia Flores, poderosa dirigente y ahora constituyente. La oposici\u00f3n asegura que naci\u00f3 en Colombia, pero \u00e9l lo niega.<\/p>\n<p>De 1,90 metros de estatura y poblado bigote negro, es padre de \u00abNicolasito\u00bb, tambi\u00e9n aspirante a asamble\u00edsta fruto de un matrimonio anterior a Flores.<\/p>\n<p>\u00abEs un buen pol\u00edtico, pero no un estadista\u00bb, opina Nicmer Evans, polit\u00f3logo Chavista cr\u00edtico del actual gobierno.<\/p>\n<p>Exsindicalista del Metro de Caracas, recibi\u00f3 formaci\u00f3n comunista en Cuba en los a\u00f1os 1980 y con frecuencia viaja a la isla.<\/p>\n<p>Antes de ser canciller presidi\u00f3 el Parlamento (2005-2006), aunque su actividad legislativa arranc\u00f3 en 1999, elegido por un movimiento que fund\u00f3 Ch\u00e1vez.<\/p>\n<p>Sus destinos se hab\u00edan cruzado en el Movimiento Bolivariano Revolucionario 200 (MBR-200), con el que Ch\u00e1vez lider\u00f3 un fallido golpe de Estado en 1992 contra Carlos Andr\u00e9s P\u00e9rez.<\/p>\n<p>Los Chavistas disidentes, como la fiscal general Luis Ortega, han mostrado preocupaci\u00f3n por lo que consideran derivas autoritarias de Maduro para mantenerse en el poder.<\/p>\n<p>\u00abMaduro se ha convertido en el due\u00f1o y se\u00f1or que decide qu\u00e9 se hace y qu\u00e9 no\u00bb, coment\u00f3 Osorio.<\/p>\n<p><strong>Redacci\u00f3n y fuente: Alexander Mart\u00ednez \/ AFP<\/strong><br \/>\n<strong>Edici\u00f3n: Villasmil, Henry<\/strong><br \/>\n<strong>Fotos: AVN<\/strong><\/p>\n<p><a href=\"http:\/\/digital58.com.ve\/site\/wp-content\/uploads\/2017\/07\/maduroycilia.jpg\"><img loading=\"lazy\" decoding=\"async\" class=\"aligncenter size-large wp-image-68199\" src=\"http:\/\/digital58.com.ve\/site\/wp-content\/uploads\/2017\/07\/maduroycilia-1500x1000.jpg\" alt=\"\" width=\"640\" height=\"427\" srcset=\"https:\/\/digital58.com.ve\/site\/wp-content\/uploads\/2017\/07\/maduroycilia-1500x1000.jpg 1500w, https:\/\/digital58.com.ve\/site\/wp-content\/uploads\/2017\/07\/maduroycilia-300x200.jpg 300w, https:\/\/digital58.com.ve\/site\/wp-content\/uploads\/2017\/07\/maduroycilia-768x512.jpg 768w, https:\/\/digital58.com.ve\/site\/wp-content\/uploads\/2017\/07\/maduroycilia-720x480.jpg 720w, https:\/\/digital58.com.ve\/site\/wp-content\/uploads\/2017\/07\/maduroycilia-480x320.jpg 480w, https:\/\/digital58.com.ve\/site\/wp-content\/uploads\/2017\/07\/maduroycilia.jpg 800w\" sizes=\"auto, (max-width: 640px) 100vw, 640px\" \/><\/a><\/p>\n<p>&nbsp;<\/p><div class=\"oobmt69ee94915709d\" ><p style=\"text-align: center;\"><a href=\"https:\/\/t.me\/noticiasdigital58\" target=\"_blank\" rel=\"noopener\"><img class=\"aligncenter size-full wp-image-125363\" src=\"https:\/\/digital58.com.ve\/site\/wp-content\/uploads\/2021\/04\/banner-telegram-web-2021.png\" alt=\"\" width=\"600\" height=\"90\" \/><\/a><\/p><\/div><style type=\"text\/css\">\r\n@media screen and (min-width: 1201px) {\r\n.oobmt69ee94915709d {\r\ndisplay: block;\r\n}\r\n}\r\n@media screen and (min-width: 993px) and (max-width: 1200px) {\r\n.oobmt69ee94915709d {\r\ndisplay: block;\r\n}\r\n}\r\n@media screen and (min-width: 769px) and (max-width: 992px) {\r\n.oobmt69ee94915709d {\r\ndisplay: block;\r\n}\r\n}\r\n@media screen and (min-width: 768px) and (max-width: 768px) {\r\n.oobmt69ee94915709d {\r\ndisplay: block;\r\n}\r\n}\r\n@media screen and (max-width: 767px) {\r\n.oobmt69ee94915709d {\r\ndisplay: block;\r\n}\r\n}\r\n<\/style>\r\n\n<p>&nbsp;<\/p>\n<div style=\"margin-top: 0px; margin-bottom: 0px;\" class=\"sharethis-inline-share-buttons\" ><\/div>","protected":false},"excerpt":{"rendered":"<p>El presidente Nicol\u00e1s Maduro, quien logr\u00f3 este domingo sacar adelante la elecci\u00f3n de una controvertida Asamblea Constituyente, es un exconductor<\/p>\n","protected":false},"author":1,"featured_media":68199,"comment_status":"open","ping_status":"closed","sticky":false,"template":"","format":"standard","meta":{"colormag_page_container_layout":"default_layout","colormag_page_sidebar_layout":"default_layout","_uag_custom_page_level_css":"","footnotes":""},"categories":[5403,8610],"tags":[29,233,2724,8607,1966,32,8604],"class_list":["post-68197","post","type-post","status-publish","format-standard","has-post-thumbnail","hentry","category-otros","category-politica","tag-caracas","tag-nacionales","tag-nicolas-maduro","tag-presidente-de-venezuela","tag-reportajes-especiales","tag-venezuela","tag-venezuela-crisis"],"yoast_head":"<!-- This site is optimized with the Yoast SEO plugin v27.4 - https:\/\/yoast.com\/product\/yoast-seo-wordpress\/ -->\n<title>Maduro, el ch\u00f3fer que se resiste a perder el control del autob\u00fas<\/title>\n<meta name=\"robots\" content=\"index, follow, max-snippet:-1, max-image-preview:large, max-video-preview:-1\" \/>\n<link rel=\"canonical\" href=\"https:\/\/digital58.com.ve\/site\/2017\/07\/31\/maduro-el-chofer-que-se-resiste-a-perder-el-control-del-autobus\/\" \/>\n<meta property=\"og:locale\" content=\"es_ES\" \/>\n<meta property=\"og:type\" content=\"article\" \/>\n<meta property=\"og:title\" content=\"Maduro, el ch\u00f3fer que se resiste a perder el control del autob\u00fas\" \/>\n<meta property=\"og:url\" content=\"https:\/\/digital58.com.ve\/site\/2017\/07\/31\/maduro-el-chofer-que-se-resiste-a-perder-el-control-del-autobus\/\" \/>\n<meta property=\"og:site_name\" content=\"Noticias Digital58\" \/>\n<meta property=\"article:published_time\" content=\"2017-07-31T14:22:55+00:00\" \/>\n<meta property=\"article:modified_time\" content=\"2017-07-31T21:28:55+00:00\" \/>\n<meta property=\"og:image\" content=\"https:\/\/digital58.com.ve\/site\/wp-content\/uploads\/2017\/07\/maduroycilia.jpg\" \/>\n\t<meta property=\"og:image:width\" content=\"1500\" \/>\n\t<meta property=\"og:image:height\" content=\"1000\" \/>\n\t<meta property=\"og:image:type\" content=\"image\/jpeg\" \/>\n<meta name=\"author\" content=\"Villasmil Henry\" \/>\n<meta name=\"twitter:card\" content=\"summary_large_image\" \/>\n<meta name=\"twitter:creator\" content=\"@https:\/\/twitter.com\/villasmilhfoto\" \/>\n<meta name=\"twitter:site\" content=\"@villasmilhfoto\" \/>\n<meta name=\"twitter:label1\" content=\"Escrito por\" \/>\n\t<meta name=\"twitter:data1\" content=\"Villasmil Henry\" \/>\n\t<meta name=\"twitter:label2\" content=\"Tiempo estimado de lectura\" \/>\n\t<meta name=\"twitter:data2\" content=\"4 minutos\" \/>\n<script type=\"application\/ld+json\" class=\"yoast-schema-graph\">{\"@context\":\"https:\\\/\\\/schema.org\",\"@graph\":[{\"@type\":\"Article\",\"@id\":\"https:\\\/\\\/digital58.com.ve\\\/site\\\/2017\\\/07\\\/31\\\/maduro-el-chofer-que-se-resiste-a-perder-el-control-del-autobus\\\/#article\",\"isPartOf\":{\"@id\":\"https:\\\/\\\/digital58.com.ve\\\/site\\\/2017\\\/07\\\/31\\\/maduro-el-chofer-que-se-resiste-a-perder-el-control-del-autobus\\\/\"},\"author\":{\"name\":\"Villasmil Henry\",\"@id\":\"https:\\\/\\\/digital58.com.ve\\\/site\\\/#\\\/schema\\\/person\\\/64d1c2e4d0d4fd1b849980c4331c2951\"},\"headline\":\"Maduro, el ch\u00f3fer que se resiste a perder el control del autob\u00fas\",\"datePublished\":\"2017-07-31T14:22:55+00:00\",\"dateModified\":\"2017-07-31T21:28:55+00:00\",\"mainEntityOfPage\":{\"@id\":\"https:\\\/\\\/digital58.com.ve\\\/site\\\/2017\\\/07\\\/31\\\/maduro-el-chofer-que-se-resiste-a-perder-el-control-del-autobus\\\/\"},\"wordCount\":876,\"commentCount\":0,\"publisher\":{\"@id\":\"https:\\\/\\\/digital58.com.ve\\\/site\\\/#\\\/schema\\\/person\\\/64d1c2e4d0d4fd1b849980c4331c2951\"},\"image\":{\"@id\":\"https:\\\/\\\/digital58.com.ve\\\/site\\\/2017\\\/07\\\/31\\\/maduro-el-chofer-que-se-resiste-a-perder-el-control-del-autobus\\\/#primaryimage\"},\"thumbnailUrl\":\"https:\\\/\\\/digital58.com.ve\\\/site\\\/wp-content\\\/uploads\\\/2017\\\/07\\\/maduroycilia.jpg\",\"keywords\":[\"Caracas\",\"Nacionales\",\"Nicol\u00e1s Maduro\",\"Presidente de Venezuela\",\"Reportajes Especiales\",\"Venezuela\",\"Venezuela Crisis\"],\"articleSection\":[\"Otros\",\"Pol\u00edtica\"],\"inLanguage\":\"es\",\"potentialAction\":[{\"@type\":\"CommentAction\",\"name\":\"Comment\",\"target\":[\"https:\\\/\\\/digital58.com.ve\\\/site\\\/2017\\\/07\\\/31\\\/maduro-el-chofer-que-se-resiste-a-perder-el-control-del-autobus\\\/#respond\"]}]},{\"@type\":\"WebPage\",\"@id\":\"https:\\\/\\\/digital58.com.ve\\\/site\\\/2017\\\/07\\\/31\\\/maduro-el-chofer-que-se-resiste-a-perder-el-control-del-autobus\\\/\",\"url\":\"https:\\\/\\\/digital58.com.ve\\\/site\\\/2017\\\/07\\\/31\\\/maduro-el-chofer-que-se-resiste-a-perder-el-control-del-autobus\\\/\",\"name\":\"Maduro, el ch\u00f3fer que se resiste a perder el control del autob\u00fas\",\"isPartOf\":{\"@id\":\"https:\\\/\\\/digital58.com.ve\\\/site\\\/#website\"},\"primaryImageOfPage\":{\"@id\":\"https:\\\/\\\/digital58.com.ve\\\/site\\\/2017\\\/07\\\/31\\\/maduro-el-chofer-que-se-resiste-a-perder-el-control-del-autobus\\\/#primaryimage\"},\"image\":{\"@id\":\"https:\\\/\\\/digital58.com.ve\\\/site\\\/2017\\\/07\\\/31\\\/maduro-el-chofer-que-se-resiste-a-perder-el-control-del-autobus\\\/#primaryimage\"},\"thumbnailUrl\":\"https:\\\/\\\/digital58.com.ve\\\/site\\\/wp-content\\\/uploads\\\/2017\\\/07\\\/maduroycilia.jpg\",\"datePublished\":\"2017-07-31T14:22:55+00:00\",\"dateModified\":\"2017-07-31T21:28:55+00:00\",\"breadcrumb\":{\"@id\":\"https:\\\/\\\/digital58.com.ve\\\/site\\\/2017\\\/07\\\/31\\\/maduro-el-chofer-que-se-resiste-a-perder-el-control-del-autobus\\\/#breadcrumb\"},\"inLanguage\":\"es\",\"potentialAction\":[{\"@type\":\"ReadAction\",\"target\":[\"https:\\\/\\\/digital58.com.ve\\\/site\\\/2017\\\/07\\\/31\\\/maduro-el-chofer-que-se-resiste-a-perder-el-control-del-autobus\\\/\"]}]},{\"@type\":\"ImageObject\",\"inLanguage\":\"es\",\"@id\":\"https:\\\/\\\/digital58.com.ve\\\/site\\\/2017\\\/07\\\/31\\\/maduro-el-chofer-que-se-resiste-a-perder-el-control-del-autobus\\\/#primaryimage\",\"url\":\"https:\\\/\\\/digital58.com.ve\\\/site\\\/wp-content\\\/uploads\\\/2017\\\/07\\\/maduroycilia.jpg\",\"contentUrl\":\"https:\\\/\\\/digital58.com.ve\\\/site\\\/wp-content\\\/uploads\\\/2017\\\/07\\\/maduroycilia.jpg\",\"width\":800,\"height\":533},{\"@type\":\"BreadcrumbList\",\"@id\":\"https:\\\/\\\/digital58.com.ve\\\/site\\\/2017\\\/07\\\/31\\\/maduro-el-chofer-que-se-resiste-a-perder-el-control-del-autobus\\\/#breadcrumb\",\"itemListElement\":[{\"@type\":\"ListItem\",\"position\":1,\"name\":\"Home\",\"item\":\"https:\\\/\\\/digital58.com.ve\\\/site\\\/\"},{\"@type\":\"ListItem\",\"position\":2,\"name\":\"Maduro, el ch\u00f3fer que se resiste a perder el control del autob\u00fas\"}]},{\"@type\":\"WebSite\",\"@id\":\"https:\\\/\\\/digital58.com.ve\\\/site\\\/#website\",\"url\":\"https:\\\/\\\/digital58.com.ve\\\/site\\\/\",\"name\":\"Noticias Digital58\",\"description\":\"Portal de Noticias \u00a1Periodismo web de verdad! Lanzamiento web 22.11.2005 \\\/ Maracaibo, Venezuela\",\"publisher\":{\"@id\":\"https:\\\/\\\/digital58.com.ve\\\/site\\\/#\\\/schema\\\/person\\\/64d1c2e4d0d4fd1b849980c4331c2951\"},\"alternateName\":\"ND58\",\"potentialAction\":[{\"@type\":\"SearchAction\",\"target\":{\"@type\":\"EntryPoint\",\"urlTemplate\":\"https:\\\/\\\/digital58.com.ve\\\/site\\\/?s={search_term_string}\"},\"query-input\":{\"@type\":\"PropertyValueSpecification\",\"valueRequired\":true,\"valueName\":\"search_term_string\"}}],\"inLanguage\":\"es\"},{\"@type\":[\"Person\",\"Organization\"],\"@id\":\"https:\\\/\\\/digital58.com.ve\\\/site\\\/#\\\/schema\\\/person\\\/64d1c2e4d0d4fd1b849980c4331c2951\",\"name\":\"Villasmil Henry\",\"image\":{\"@type\":\"ImageObject\",\"inLanguage\":\"es\",\"@id\":\"https:\\\/\\\/secure.gravatar.com\\\/avatar\\\/bb0c4a2fcb7970138239f7e404ea75757b1b507b28b5ce4c53fbd62d797c5a7c?s=96&d=mm&r=g\",\"url\":\"https:\\\/\\\/secure.gravatar.com\\\/avatar\\\/bb0c4a2fcb7970138239f7e404ea75757b1b507b28b5ce4c53fbd62d797c5a7c?s=96&d=mm&r=g\",\"contentUrl\":\"https:\\\/\\\/secure.gravatar.com\\\/avatar\\\/bb0c4a2fcb7970138239f7e404ea75757b1b507b28b5ce4c53fbd62d797c5a7c?s=96&d=mm&r=g\",\"caption\":\"Villasmil Henry\"},\"logo\":{\"@id\":\"https:\\\/\\\/secure.gravatar.com\\\/avatar\\\/bb0c4a2fcb7970138239f7e404ea75757b1b507b28b5ce4c53fbd62d797c5a7c?s=96&d=mm&r=g\"},\"sameAs\":[\"http:\\\/\\\/www.henryvillasmil.com.ve\",\"https:\\\/\\\/www.instagram.com\\\/villasmilhfoto\\\/\",\"https:\\\/\\\/x.com\\\/https:\\\/\\\/twitter.com\\\/villasmilhfoto\"],\"url\":\"https:\\\/\\\/digital58.com.ve\\\/site\\\/author\\\/droopy_68\\\/\"}]}<\/script>\n<!-- \/ Yoast SEO plugin. -->","yoast_head_json":{"title":"Maduro, el ch\u00f3fer que se resiste a perder el control del autob\u00fas","robots":{"index":"index","follow":"follow","max-snippet":"max-snippet:-1","max-image-preview":"max-image-preview:large","max-video-preview":"max-video-preview:-1"},"canonical":"https:\/\/digital58.com.ve\/site\/2017\/07\/31\/maduro-el-chofer-que-se-resiste-a-perder-el-control-del-autobus\/","og_locale":"es_ES","og_type":"article","og_title":"Maduro, el ch\u00f3fer que se resiste a perder el control del autob\u00fas","og_url":"https:\/\/digital58.com.ve\/site\/2017\/07\/31\/maduro-el-chofer-que-se-resiste-a-perder-el-control-del-autobus\/","og_site_name":"Noticias Digital58","article_published_time":"2017-07-31T14:22:55+00:00","article_modified_time":"2017-07-31T21:28:55+00:00","og_image":[{"width":1500,"height":1000,"url":"https:\/\/digital58.com.ve\/site\/wp-content\/uploads\/2017\/07\/maduroycilia.jpg","type":"image\/jpeg"}],"author":"Villasmil Henry","twitter_card":"summary_large_image","twitter_creator":"@https:\/\/twitter.com\/villasmilhfoto","twitter_site":"@villasmilhfoto","twitter_misc":{"Escrito por":"Villasmil Henry","Tiempo estimado de lectura":"4 minutos"},"schema":{"@context":"https:\/\/schema.org","@graph":[{"@type":"Article","@id":"https:\/\/digital58.com.ve\/site\/2017\/07\/31\/maduro-el-chofer-que-se-resiste-a-perder-el-control-del-autobus\/#article","isPartOf":{"@id":"https:\/\/digital58.com.ve\/site\/2017\/07\/31\/maduro-el-chofer-que-se-resiste-a-perder-el-control-del-autobus\/"},"author":{"name":"Villasmil Henry","@id":"https:\/\/digital58.com.ve\/site\/#\/schema\/person\/64d1c2e4d0d4fd1b849980c4331c2951"},"headline":"Maduro, el ch\u00f3fer que se resiste a perder el control del autob\u00fas","datePublished":"2017-07-31T14:22:55+00:00","dateModified":"2017-07-31T21:28:55+00:00","mainEntityOfPage":{"@id":"https:\/\/digital58.com.ve\/site\/2017\/07\/31\/maduro-el-chofer-que-se-resiste-a-perder-el-control-del-autobus\/"},"wordCount":876,"commentCount":0,"publisher":{"@id":"https:\/\/digital58.com.ve\/site\/#\/schema\/person\/64d1c2e4d0d4fd1b849980c4331c2951"},"image":{"@id":"https:\/\/digital58.com.ve\/site\/2017\/07\/31\/maduro-el-chofer-que-se-resiste-a-perder-el-control-del-autobus\/#primaryimage"},"thumbnailUrl":"https:\/\/digital58.com.ve\/site\/wp-content\/uploads\/2017\/07\/maduroycilia.jpg","keywords":["Caracas","Nacionales","Nicol\u00e1s Maduro","Presidente de Venezuela","Reportajes Especiales","Venezuela","Venezuela Crisis"],"articleSection":["Otros","Pol\u00edtica"],"inLanguage":"es","potentialAction":[{"@type":"CommentAction","name":"Comment","target":["https:\/\/digital58.com.ve\/site\/2017\/07\/31\/maduro-el-chofer-que-se-resiste-a-perder-el-control-del-autobus\/#respond"]}]},{"@type":"WebPage","@id":"https:\/\/digital58.com.ve\/site\/2017\/07\/31\/maduro-el-chofer-que-se-resiste-a-perder-el-control-del-autobus\/","url":"https:\/\/digital58.com.ve\/site\/2017\/07\/31\/maduro-el-chofer-que-se-resiste-a-perder-el-control-del-autobus\/","name":"Maduro, el ch\u00f3fer que se resiste a perder el control del autob\u00fas","isPartOf":{"@id":"https:\/\/digital58.com.ve\/site\/#website"},"primaryImageOfPage":{"@id":"https:\/\/digital58.com.ve\/site\/2017\/07\/31\/maduro-el-chofer-que-se-resiste-a-perder-el-control-del-autobus\/#primaryimage"},"image":{"@id":"https:\/\/digital58.com.ve\/site\/2017\/07\/31\/maduro-el-chofer-que-se-resiste-a-perder-el-control-del-autobus\/#primaryimage"},"thumbnailUrl":"https:\/\/digital58.com.ve\/site\/wp-content\/uploads\/2017\/07\/maduroycilia.jpg","datePublished":"2017-07-31T14:22:55+00:00","dateModified":"2017-07-31T21:28:55+00:00","breadcrumb":{"@id":"https:\/\/digital58.com.ve\/site\/2017\/07\/31\/maduro-el-chofer-que-se-resiste-a-perder-el-control-del-autobus\/#breadcrumb"},"inLanguage":"es","potentialAction":[{"@type":"ReadAction","target":["https:\/\/digital58.com.ve\/site\/2017\/07\/31\/maduro-el-chofer-que-se-resiste-a-perder-el-control-del-autobus\/"]}]},{"@type":"ImageObject","inLanguage":"es","@id":"https:\/\/digital58.com.ve\/site\/2017\/07\/31\/maduro-el-chofer-que-se-resiste-a-perder-el-control-del-autobus\/#primaryimage","url":"https:\/\/digital58.com.ve\/site\/wp-content\/uploads\/2017\/07\/maduroycilia.jpg","contentUrl":"https:\/\/digital58.com.ve\/site\/wp-content\/uploads\/2017\/07\/maduroycilia.jpg","width":800,"height":533},{"@type":"BreadcrumbList","@id":"https:\/\/digital58.com.ve\/site\/2017\/07\/31\/maduro-el-chofer-que-se-resiste-a-perder-el-control-del-autobus\/#breadcrumb","itemListElement":[{"@type":"ListItem","position":1,"name":"Home","item":"https:\/\/digital58.com.ve\/site\/"},{"@type":"ListItem","position":2,"name":"Maduro, el ch\u00f3fer que se resiste a perder el control del autob\u00fas"}]},{"@type":"WebSite","@id":"https:\/\/digital58.com.ve\/site\/#website","url":"https:\/\/digital58.com.ve\/site\/","name":"Noticias Digital58","description":"Portal de Noticias \u00a1Periodismo web de verdad! Lanzamiento web 22.11.2005 \/ Maracaibo, Venezuela","publisher":{"@id":"https:\/\/digital58.com.ve\/site\/#\/schema\/person\/64d1c2e4d0d4fd1b849980c4331c2951"},"alternateName":"ND58","potentialAction":[{"@type":"SearchAction","target":{"@type":"EntryPoint","urlTemplate":"https:\/\/digital58.com.ve\/site\/?s={search_term_string}"},"query-input":{"@type":"PropertyValueSpecification","valueRequired":true,"valueName":"search_term_string"}}],"inLanguage":"es"},{"@type":["Person","Organization"],"@id":"https:\/\/digital58.com.ve\/site\/#\/schema\/person\/64d1c2e4d0d4fd1b849980c4331c2951","name":"Villasmil Henry","image":{"@type":"ImageObject","inLanguage":"es","@id":"https:\/\/secure.gravatar.com\/avatar\/bb0c4a2fcb7970138239f7e404ea75757b1b507b28b5ce4c53fbd62d797c5a7c?s=96&d=mm&r=g","url":"https:\/\/secure.gravatar.com\/avatar\/bb0c4a2fcb7970138239f7e404ea75757b1b507b28b5ce4c53fbd62d797c5a7c?s=96&d=mm&r=g","contentUrl":"https:\/\/secure.gravatar.com\/avatar\/bb0c4a2fcb7970138239f7e404ea75757b1b507b28b5ce4c53fbd62d797c5a7c?s=96&d=mm&r=g","caption":"Villasmil Henry"},"logo":{"@id":"https:\/\/secure.gravatar.com\/avatar\/bb0c4a2fcb7970138239f7e404ea75757b1b507b28b5ce4c53fbd62d797c5a7c?s=96&d=mm&r=g"},"sameAs":["http:\/\/www.henryvillasmil.com.ve","https:\/\/www.instagram.com\/villasmilhfoto\/","https:\/\/x.com\/https:\/\/twitter.com\/villasmilhfoto"],"url":"https:\/\/digital58.com.ve\/site\/author\/droopy_68\/"}]}},"uagb_featured_image_src":{"full":["https:\/\/digital58.com.ve\/site\/wp-content\/uploads\/2017\/07\/maduroycilia.jpg",800,533,false],"thumbnail":["https:\/\/digital58.com.ve\/site\/wp-content\/uploads\/2017\/07\/maduroycilia-150x150.jpg",150,150,true],"medium":["https:\/\/digital58.com.ve\/site\/wp-content\/uploads\/2017\/07\/maduroycilia-300x200.jpg",300,200,true],"medium_large":["https:\/\/digital58.com.ve\/site\/wp-content\/uploads\/2017\/07\/maduroycilia-768x512.jpg",768,512,true],"large":["https:\/\/digital58.com.ve\/site\/wp-content\/uploads\/2017\/07\/maduroycilia-1500x1000.jpg",800,533,true],"1536x1536":["https:\/\/digital58.com.ve\/site\/wp-content\/uploads\/2017\/07\/maduroycilia.jpg",800,533,false],"2048x2048":["https:\/\/digital58.com.ve\/site\/wp-content\/uploads\/2017\/07\/maduroycilia.jpg",800,533,false],"colormag-highlighted-post":["https:\/\/digital58.com.ve\/site\/wp-content\/uploads\/2017\/07\/maduroycilia.jpg",392,261,false],"colormag-featured-post-medium":["https:\/\/digital58.com.ve\/site\/wp-content\/uploads\/2017\/07\/maduroycilia.jpg",308,205,false],"colormag-featured-post-small":["https:\/\/digital58.com.ve\/site\/wp-content\/uploads\/2017\/07\/maduroycilia.jpg",130,87,false],"colormag-featured-image":["https:\/\/digital58.com.ve\/site\/wp-content\/uploads\/2017\/07\/maduroycilia.jpg",668,445,false],"colormag-default-news":["https:\/\/digital58.com.ve\/site\/wp-content\/uploads\/2017\/07\/maduroycilia.jpg",150,100,false],"colormag-featured-image-large":["https:\/\/digital58.com.ve\/site\/wp-content\/uploads\/2017\/07\/maduroycilia.jpg",800,533,false]},"uagb_author_info":{"display_name":"Villasmil Henry","author_link":"https:\/\/digital58.com.ve\/site\/author\/droopy_68\/"},"uagb_comment_info":0,"uagb_excerpt":"El presidente Nicol\u00e1s Maduro, quien logr\u00f3 este domingo sacar adelante la elecci\u00f3n de una controvertida Asamblea Constituyente, es un exconductor","_links":{"self":[{"href":"https:\/\/digital58.com.ve\/site\/wp-json\/wp\/v2\/posts\/68197","targetHints":{"allow":["GET"]}}],"collection":[{"href":"https:\/\/digital58.com.ve\/site\/wp-json\/wp\/v2\/posts"}],"about":[{"href":"https:\/\/digital58.com.ve\/site\/wp-json\/wp\/v2\/types\/post"}],"author":[{"embeddable":true,"href":"https:\/\/digital58.com.ve\/site\/wp-json\/wp\/v2\/users\/1"}],"replies":[{"embeddable":true,"href":"https:\/\/digital58.com.ve\/site\/wp-json\/wp\/v2\/comments?post=68197"}],"version-history":[{"count":0,"href":"https:\/\/digital58.com.ve\/site\/wp-json\/wp\/v2\/posts\/68197\/revisions"}],"wp:featuredmedia":[{"embeddable":true,"href":"https:\/\/digital58.com.ve\/site\/wp-json\/wp\/v2\/media\/68199"}],"wp:attachment":[{"href":"https:\/\/digital58.com.ve\/site\/wp-json\/wp\/v2\/media?parent=68197"}],"wp:term":[{"taxonomy":"category","embeddable":true,"href":"https:\/\/digital58.com.ve\/site\/wp-json\/wp\/v2\/categories?post=68197"},{"taxonomy":"post_tag","embeddable":true,"href":"https:\/\/digital58.com.ve\/site\/wp-json\/wp\/v2\/tags?post=68197"}],"curies":[{"name":"wp","href":"https:\/\/api.w.org\/{rel}","templated":true}]}}