{"id":68395,"date":"2017-08-05T10:00:43","date_gmt":"2017-08-05T14:00:43","guid":{"rendered":"http:\/\/digital58.com.ve\/site\/?p=68395"},"modified":"2017-08-05T10:00:43","modified_gmt":"2017-08-05T14:00:43","slug":"la-academia-de-la-television-nomina-a-house-of-cards-tras-la-retirar-la-candidatura-de-this-is-us-para-los-emmys-2017","status":"publish","type":"post","link":"https:\/\/digital58.com.ve\/site\/2017\/08\/05\/la-academia-de-la-television-nomina-a-house-of-cards-tras-la-retirar-la-candidatura-de-this-is-us-para-los-emmys-2017\/","title":{"rendered":"La Academia de la Televisi\u00f3n nomina a \u00abHouse of Cards\u00bb tras la retirar la candidatura de \u00abThis is Us\u00bb para los Emmys 2017"},"content":{"rendered":"<p><a href=\"http:\/\/digital58.com.ve\/site\/wp-content\/uploads\/2017\/08\/house-of-cards-2.jpg\"><img loading=\"lazy\" decoding=\"async\" class=\"aligncenter size-large wp-image-68397\" src=\"http:\/\/digital58.com.ve\/site\/wp-content\/uploads\/2017\/08\/house-of-cards-2-1500x801.jpg\" alt=\"\" width=\"640\" height=\"342\" srcset=\"https:\/\/digital58.com.ve\/site\/wp-content\/uploads\/2017\/08\/house-of-cards-2-1500x801.jpg 1500w, https:\/\/digital58.com.ve\/site\/wp-content\/uploads\/2017\/08\/house-of-cards-2-300x160.jpg 300w, https:\/\/digital58.com.ve\/site\/wp-content\/uploads\/2017\/08\/house-of-cards-2-768x410.jpg 768w, https:\/\/digital58.com.ve\/site\/wp-content\/uploads\/2017\/08\/house-of-cards-2.jpg 800w\" sizes=\"auto, (max-width: 640px) 100vw, 640px\" \/><\/a><\/p>\n<p>La Academia de la Televisi\u00f3n decidi\u00f3 hacer cambios de \u00faltima hora en la lista de nominados a los Emmys 2017, el cual se estar\u00e1 celebrando el 17 de septiembre, y la serie protagonizada por Kevin Spacey y Robin Wright, \u00abHouse of Cards\u00bb, finalmente optar\u00e1 a siete premios en la gala que se llevar\u00e1 a cabo en el Microsoft Theater de Los \u00c1ngeles.<\/p>\n<p><strong>California, USA, 05 de agosto de 2017 (D58).-<\/strong> Esta modificaci\u00f3n que ha realizad La Academia de la Televisi\u00f3n, beneficiar\u00e1 a la serie estadounidense \u00abHouse of Cards\u00bb, la cual optar\u00eda finalmente a siete premios debido a que se ha retirado la candidatura de \u00abThis is Us\u00bb en la categor\u00eda \u00abMejor Vestuario Contempor\u00e1neo\u00bb.<\/p>\n<p>La ficci\u00f3n protagonizada por Mandy Moore y Milo Ventimiglia, \u00abThis is Us\u00bb, hab\u00eda sido tenida en cuenta concretamente por un episodio de su primera temporada llamado \u00abMoonshadow\u00bb. El problema ha surgido cuando, tras anunciar y revisar el material nominado, los responsables de la Academia han descubierto que la historia del cap\u00edtulo no se desarrolla dentro de la \u00e9poca establecida que figura en las normas de esta categor\u00eda.<\/p>\n<p><a href=\"http:\/\/digital58.com.ve\/site\/wp-content\/uploads\/2017\/08\/house-of-cards-1.jpg\"><img loading=\"lazy\" decoding=\"async\" class=\"aligncenter wp-image-68396\" src=\"http:\/\/digital58.com.ve\/site\/wp-content\/uploads\/2017\/08\/house-of-cards-1.jpg\" alt=\"\" width=\"640\" height=\"429\" srcset=\"https:\/\/digital58.com.ve\/site\/wp-content\/uploads\/2017\/08\/house-of-cards-1.jpg 800w, https:\/\/digital58.com.ve\/site\/wp-content\/uploads\/2017\/08\/house-of-cards-1-300x201.jpg 300w, https:\/\/digital58.com.ve\/site\/wp-content\/uploads\/2017\/08\/house-of-cards-1-768x514.jpg 768w\" sizes=\"auto, (max-width: 640px) 100vw, 640px\" \/><\/a><\/p>\n<p>La expulsi\u00f3n de esta serie ha dejado un hueco entre posibles ganadores como: \u00abBig Little Lies\u00bb, \u00abGrace and Frankie\u00bb o \u00abTransparent\u00bb.<\/p>\n<p>Por los momentos, no se ha anunciado de manera oficial otra producci\u00f3n para ocupar este puesto pero, en un comunicado enviado a The Hollywood Reporter, indica que el nuevo candidato se nombrar\u00e1 el pr\u00f3ximo lunes, 07 de agosto, y fuentes m\u00e1s cercanas a este medio indican que \u00abChapter 61\u00bb de \u00abHouse of Cards\u00bb posiblemente competir\u00e1 el 17 de septiembre para esta nominaci\u00f3n en el Microsoft Theater de Los \u00c1ngeles.<\/p><div class=\"ykvln69ef24a48ebea\" ><p style=\"text-align: center;\"><a href=\"https:\/\/t.me\/noticiasdigital58\" target=\"_blank\" rel=\"noopener\"><img class=\"aligncenter size-full wp-image-125363\" src=\"https:\/\/digital58.com.ve\/site\/wp-content\/uploads\/2021\/04\/banner-telegram-web-2021.png\" alt=\"\" width=\"600\" height=\"90\" \/><\/a><\/p><\/div><style type=\"text\/css\">\r\n@media screen and (min-width: 1201px) {\r\n.ykvln69ef24a48ebea {\r\ndisplay: block;\r\n}\r\n}\r\n@media screen and (min-width: 993px) and (max-width: 1200px) {\r\n.ykvln69ef24a48ebea {\r\ndisplay: block;\r\n}\r\n}\r\n@media screen and (min-width: 769px) and (max-width: 992px) {\r\n.ykvln69ef24a48ebea {\r\ndisplay: block;\r\n}\r\n}\r\n@media screen and (min-width: 768px) and (max-width: 768px) {\r\n.ykvln69ef24a48ebea {\r\ndisplay: block;\r\n}\r\n}\r\n@media screen and (max-width: 767px) {\r\n.ykvln69ef24a48ebea {\r\ndisplay: block;\r\n}\r\n}\r\n<\/style>\r\n\n<p><strong>Redacci\u00f3n y fuente: Agencia<\/strong><br \/>\n<strong>Edici\u00f3n: <a href=\"https:\/\/www.instagram.com\/raquelsofiavera\/\" target=\"_blank\" rel=\"noopener\">Vera, Raquel<\/a><\/strong><br \/>\n<strong>Fotos: Google<\/strong><\/p>\n<div style=\"margin-top: 0px; margin-bottom: 0px;\" class=\"sharethis-inline-share-buttons\" ><\/div>","protected":false},"excerpt":{"rendered":"<p>La Academia de la Televisi\u00f3n decidi\u00f3 hacer cambios de \u00faltima hora en la lista de nominados a los Emmys 2017,<\/p>\n","protected":false},"author":1,"featured_media":68396,"comment_status":"open","ping_status":"closed","sticky":false,"template":"","format":"standard","meta":{"colormag_page_container_layout":"default_layout","colormag_page_sidebar_layout":"default_layout","_uag_custom_page_level_css":"","footnotes":""},"categories":[1],"tags":[8694,50,156,6530,8,8693,8275,8695,134],"class_list":["post-68395","post","type-post","status-publish","format-standard","has-post-thumbnail","hentry","category-fama","tag-emmys-2017","tag-entretenimiento","tag-eventos","tag-house-of-cards","tag-internacionales","tag-la-academia-de-la-television","tag-nominaciones","tag-this-is-us","tag-tv"],"yoast_head":"<!-- This site is optimized with the Yoast SEO plugin v27.4 - https:\/\/yoast.com\/product\/yoast-seo-wordpress\/ -->\n<title>La Academia de la Televisi\u00f3n nomina a \u00abHouse of Cards\u00bb tras la retirar la candidatura de \u00abThis is Us\u00bb para los Emmys 2017<\/title>\n<meta name=\"robots\" content=\"index, follow, max-snippet:-1, max-image-preview:large, max-video-preview:-1\" \/>\n<link rel=\"canonical\" href=\"https:\/\/digital58.com.ve\/site\/2017\/08\/05\/la-academia-de-la-television-nomina-a-house-of-cards-tras-la-retirar-la-candidatura-de-this-is-us-para-los-emmys-2017\/\" \/>\n<meta property=\"og:locale\" content=\"es_ES\" \/>\n<meta property=\"og:type\" content=\"article\" \/>\n<meta property=\"og:title\" content=\"La Academia de la Televisi\u00f3n nomina a \u00abHouse of Cards\u00bb tras la retirar la candidatura de \u00abThis is Us\u00bb para los Emmys 2017\" \/>\n<meta property=\"og:url\" content=\"https:\/\/digital58.com.ve\/site\/2017\/08\/05\/la-academia-de-la-television-nomina-a-house-of-cards-tras-la-retirar-la-candidatura-de-this-is-us-para-los-emmys-2017\/\" \/>\n<meta property=\"og:site_name\" content=\"Noticias Digital58\" \/>\n<meta property=\"article:published_time\" content=\"2017-08-05T14:00:43+00:00\" \/>\n<meta property=\"og:image\" content=\"https:\/\/digital58.com.ve\/site\/wp-content\/uploads\/2017\/08\/house-of-cards-1.jpg\" \/>\n\t<meta property=\"og:image:width\" content=\"1493\" \/>\n\t<meta property=\"og:image:height\" content=\"1000\" \/>\n\t<meta property=\"og:image:type\" content=\"image\/jpeg\" \/>\n<meta name=\"author\" content=\"Villasmil Henry\" \/>\n<meta name=\"twitter:card\" content=\"summary_large_image\" \/>\n<meta name=\"twitter:creator\" content=\"@https:\/\/twitter.com\/villasmilhfoto\" \/>\n<meta name=\"twitter:site\" content=\"@villasmilhfoto\" \/>\n<meta name=\"twitter:label1\" content=\"Escrito por\" \/>\n\t<meta name=\"twitter:data1\" content=\"Villasmil Henry\" \/>\n\t<meta name=\"twitter:label2\" content=\"Tiempo estimado de lectura\" \/>\n\t<meta name=\"twitter:data2\" content=\"1 minuto\" \/>\n<script type=\"application\/ld+json\" class=\"yoast-schema-graph\">{\"@context\":\"https:\\\/\\\/schema.org\",\"@graph\":[{\"@type\":\"Article\",\"@id\":\"https:\\\/\\\/digital58.com.ve\\\/site\\\/2017\\\/08\\\/05\\\/la-academia-de-la-television-nomina-a-house-of-cards-tras-la-retirar-la-candidatura-de-this-is-us-para-los-emmys-2017\\\/#article\",\"isPartOf\":{\"@id\":\"https:\\\/\\\/digital58.com.ve\\\/site\\\/2017\\\/08\\\/05\\\/la-academia-de-la-television-nomina-a-house-of-cards-tras-la-retirar-la-candidatura-de-this-is-us-para-los-emmys-2017\\\/\"},\"author\":{\"name\":\"Villasmil Henry\",\"@id\":\"https:\\\/\\\/digital58.com.ve\\\/site\\\/#\\\/schema\\\/person\\\/64d1c2e4d0d4fd1b849980c4331c2951\"},\"headline\":\"La Academia de la Televisi\u00f3n nomina a \u00abHouse of Cards\u00bb tras la retirar la candidatura de \u00abThis is Us\u00bb para los Emmys 2017\",\"datePublished\":\"2017-08-05T14:00:43+00:00\",\"mainEntityOfPage\":{\"@id\":\"https:\\\/\\\/digital58.com.ve\\\/site\\\/2017\\\/08\\\/05\\\/la-academia-de-la-television-nomina-a-house-of-cards-tras-la-retirar-la-candidatura-de-this-is-us-para-los-emmys-2017\\\/\"},\"wordCount\":313,\"commentCount\":0,\"publisher\":{\"@id\":\"https:\\\/\\\/digital58.com.ve\\\/site\\\/#\\\/schema\\\/person\\\/64d1c2e4d0d4fd1b849980c4331c2951\"},\"image\":{\"@id\":\"https:\\\/\\\/digital58.com.ve\\\/site\\\/2017\\\/08\\\/05\\\/la-academia-de-la-television-nomina-a-house-of-cards-tras-la-retirar-la-candidatura-de-this-is-us-para-los-emmys-2017\\\/#primaryimage\"},\"thumbnailUrl\":\"https:\\\/\\\/digital58.com.ve\\\/site\\\/wp-content\\\/uploads\\\/2017\\\/08\\\/house-of-cards-1.jpg\",\"keywords\":[\"Emmys 2017\",\"Entretenimiento\",\"Eventos\",\"House of Cards\",\"Internacionales\",\"La Academia de la Televisi\u00f3n\",\"Nominaciones\",\"This is Us\",\"TV\"],\"articleSection\":[\"Fama\"],\"inLanguage\":\"es\",\"potentialAction\":[{\"@type\":\"CommentAction\",\"name\":\"Comment\",\"target\":[\"https:\\\/\\\/digital58.com.ve\\\/site\\\/2017\\\/08\\\/05\\\/la-academia-de-la-television-nomina-a-house-of-cards-tras-la-retirar-la-candidatura-de-this-is-us-para-los-emmys-2017\\\/#respond\"]}]},{\"@type\":\"WebPage\",\"@id\":\"https:\\\/\\\/digital58.com.ve\\\/site\\\/2017\\\/08\\\/05\\\/la-academia-de-la-television-nomina-a-house-of-cards-tras-la-retirar-la-candidatura-de-this-is-us-para-los-emmys-2017\\\/\",\"url\":\"https:\\\/\\\/digital58.com.ve\\\/site\\\/2017\\\/08\\\/05\\\/la-academia-de-la-television-nomina-a-house-of-cards-tras-la-retirar-la-candidatura-de-this-is-us-para-los-emmys-2017\\\/\",\"name\":\"La Academia de la Televisi\u00f3n nomina a \u00abHouse of Cards\u00bb tras la retirar la candidatura de \u00abThis is Us\u00bb para los Emmys 2017\",\"isPartOf\":{\"@id\":\"https:\\\/\\\/digital58.com.ve\\\/site\\\/#website\"},\"primaryImageOfPage\":{\"@id\":\"https:\\\/\\\/digital58.com.ve\\\/site\\\/2017\\\/08\\\/05\\\/la-academia-de-la-television-nomina-a-house-of-cards-tras-la-retirar-la-candidatura-de-this-is-us-para-los-emmys-2017\\\/#primaryimage\"},\"image\":{\"@id\":\"https:\\\/\\\/digital58.com.ve\\\/site\\\/2017\\\/08\\\/05\\\/la-academia-de-la-television-nomina-a-house-of-cards-tras-la-retirar-la-candidatura-de-this-is-us-para-los-emmys-2017\\\/#primaryimage\"},\"thumbnailUrl\":\"https:\\\/\\\/digital58.com.ve\\\/site\\\/wp-content\\\/uploads\\\/2017\\\/08\\\/house-of-cards-1.jpg\",\"datePublished\":\"2017-08-05T14:00:43+00:00\",\"breadcrumb\":{\"@id\":\"https:\\\/\\\/digital58.com.ve\\\/site\\\/2017\\\/08\\\/05\\\/la-academia-de-la-television-nomina-a-house-of-cards-tras-la-retirar-la-candidatura-de-this-is-us-para-los-emmys-2017\\\/#breadcrumb\"},\"inLanguage\":\"es\",\"potentialAction\":[{\"@type\":\"ReadAction\",\"target\":[\"https:\\\/\\\/digital58.com.ve\\\/site\\\/2017\\\/08\\\/05\\\/la-academia-de-la-television-nomina-a-house-of-cards-tras-la-retirar-la-candidatura-de-this-is-us-para-los-emmys-2017\\\/\"]}]},{\"@type\":\"ImageObject\",\"inLanguage\":\"es\",\"@id\":\"https:\\\/\\\/digital58.com.ve\\\/site\\\/2017\\\/08\\\/05\\\/la-academia-de-la-television-nomina-a-house-of-cards-tras-la-retirar-la-candidatura-de-this-is-us-para-los-emmys-2017\\\/#primaryimage\",\"url\":\"https:\\\/\\\/digital58.com.ve\\\/site\\\/wp-content\\\/uploads\\\/2017\\\/08\\\/house-of-cards-1.jpg\",\"contentUrl\":\"https:\\\/\\\/digital58.com.ve\\\/site\\\/wp-content\\\/uploads\\\/2017\\\/08\\\/house-of-cards-1.jpg\",\"width\":800,\"height\":536},{\"@type\":\"BreadcrumbList\",\"@id\":\"https:\\\/\\\/digital58.com.ve\\\/site\\\/2017\\\/08\\\/05\\\/la-academia-de-la-television-nomina-a-house-of-cards-tras-la-retirar-la-candidatura-de-this-is-us-para-los-emmys-2017\\\/#breadcrumb\",\"itemListElement\":[{\"@type\":\"ListItem\",\"position\":1,\"name\":\"Home\",\"item\":\"https:\\\/\\\/digital58.com.ve\\\/site\\\/\"},{\"@type\":\"ListItem\",\"position\":2,\"name\":\"La Academia de la Televisi\u00f3n nomina a \u00abHouse of Cards\u00bb tras la retirar la candidatura de \u00abThis is Us\u00bb para los Emmys 2017\"}]},{\"@type\":\"WebSite\",\"@id\":\"https:\\\/\\\/digital58.com.ve\\\/site\\\/#website\",\"url\":\"https:\\\/\\\/digital58.com.ve\\\/site\\\/\",\"name\":\"Noticias Digital58\",\"description\":\"Portal de Noticias \u00a1Periodismo web de verdad! Lanzamiento web 22.11.2005 \\\/ Maracaibo, Venezuela\",\"publisher\":{\"@id\":\"https:\\\/\\\/digital58.com.ve\\\/site\\\/#\\\/schema\\\/person\\\/64d1c2e4d0d4fd1b849980c4331c2951\"},\"alternateName\":\"ND58\",\"potentialAction\":[{\"@type\":\"SearchAction\",\"target\":{\"@type\":\"EntryPoint\",\"urlTemplate\":\"https:\\\/\\\/digital58.com.ve\\\/site\\\/?s={search_term_string}\"},\"query-input\":{\"@type\":\"PropertyValueSpecification\",\"valueRequired\":true,\"valueName\":\"search_term_string\"}}],\"inLanguage\":\"es\"},{\"@type\":[\"Person\",\"Organization\"],\"@id\":\"https:\\\/\\\/digital58.com.ve\\\/site\\\/#\\\/schema\\\/person\\\/64d1c2e4d0d4fd1b849980c4331c2951\",\"name\":\"Villasmil Henry\",\"image\":{\"@type\":\"ImageObject\",\"inLanguage\":\"es\",\"@id\":\"https:\\\/\\\/secure.gravatar.com\\\/avatar\\\/bb0c4a2fcb7970138239f7e404ea75757b1b507b28b5ce4c53fbd62d797c5a7c?s=96&d=mm&r=g\",\"url\":\"https:\\\/\\\/secure.gravatar.com\\\/avatar\\\/bb0c4a2fcb7970138239f7e404ea75757b1b507b28b5ce4c53fbd62d797c5a7c?s=96&d=mm&r=g\",\"contentUrl\":\"https:\\\/\\\/secure.gravatar.com\\\/avatar\\\/bb0c4a2fcb7970138239f7e404ea75757b1b507b28b5ce4c53fbd62d797c5a7c?s=96&d=mm&r=g\",\"caption\":\"Villasmil Henry\"},\"logo\":{\"@id\":\"https:\\\/\\\/secure.gravatar.com\\\/avatar\\\/bb0c4a2fcb7970138239f7e404ea75757b1b507b28b5ce4c53fbd62d797c5a7c?s=96&d=mm&r=g\"},\"sameAs\":[\"http:\\\/\\\/www.henryvillasmil.com.ve\",\"https:\\\/\\\/www.instagram.com\\\/villasmilhfoto\\\/\",\"https:\\\/\\\/x.com\\\/https:\\\/\\\/twitter.com\\\/villasmilhfoto\"],\"url\":\"https:\\\/\\\/digital58.com.ve\\\/site\\\/author\\\/droopy_68\\\/\"}]}<\/script>\n<!-- \/ Yoast SEO plugin. -->","yoast_head_json":{"title":"La Academia de la Televisi\u00f3n nomina a \u00abHouse of Cards\u00bb tras la retirar la candidatura de \u00abThis is Us\u00bb para los Emmys 2017","robots":{"index":"index","follow":"follow","max-snippet":"max-snippet:-1","max-image-preview":"max-image-preview:large","max-video-preview":"max-video-preview:-1"},"canonical":"https:\/\/digital58.com.ve\/site\/2017\/08\/05\/la-academia-de-la-television-nomina-a-house-of-cards-tras-la-retirar-la-candidatura-de-this-is-us-para-los-emmys-2017\/","og_locale":"es_ES","og_type":"article","og_title":"La Academia de la Televisi\u00f3n nomina a \u00abHouse of Cards\u00bb tras la retirar la candidatura de \u00abThis is Us\u00bb para los Emmys 2017","og_url":"https:\/\/digital58.com.ve\/site\/2017\/08\/05\/la-academia-de-la-television-nomina-a-house-of-cards-tras-la-retirar-la-candidatura-de-this-is-us-para-los-emmys-2017\/","og_site_name":"Noticias Digital58","article_published_time":"2017-08-05T14:00:43+00:00","og_image":[{"width":1493,"height":1000,"url":"https:\/\/digital58.com.ve\/site\/wp-content\/uploads\/2017\/08\/house-of-cards-1.jpg","type":"image\/jpeg"}],"author":"Villasmil Henry","twitter_card":"summary_large_image","twitter_creator":"@https:\/\/twitter.com\/villasmilhfoto","twitter_site":"@villasmilhfoto","twitter_misc":{"Escrito por":"Villasmil Henry","Tiempo estimado de lectura":"1 minuto"},"schema":{"@context":"https:\/\/schema.org","@graph":[{"@type":"Article","@id":"https:\/\/digital58.com.ve\/site\/2017\/08\/05\/la-academia-de-la-television-nomina-a-house-of-cards-tras-la-retirar-la-candidatura-de-this-is-us-para-los-emmys-2017\/#article","isPartOf":{"@id":"https:\/\/digital58.com.ve\/site\/2017\/08\/05\/la-academia-de-la-television-nomina-a-house-of-cards-tras-la-retirar-la-candidatura-de-this-is-us-para-los-emmys-2017\/"},"author":{"name":"Villasmil Henry","@id":"https:\/\/digital58.com.ve\/site\/#\/schema\/person\/64d1c2e4d0d4fd1b849980c4331c2951"},"headline":"La Academia de la Televisi\u00f3n nomina a \u00abHouse of Cards\u00bb tras la retirar la candidatura de \u00abThis is Us\u00bb para los Emmys 2017","datePublished":"2017-08-05T14:00:43+00:00","mainEntityOfPage":{"@id":"https:\/\/digital58.com.ve\/site\/2017\/08\/05\/la-academia-de-la-television-nomina-a-house-of-cards-tras-la-retirar-la-candidatura-de-this-is-us-para-los-emmys-2017\/"},"wordCount":313,"commentCount":0,"publisher":{"@id":"https:\/\/digital58.com.ve\/site\/#\/schema\/person\/64d1c2e4d0d4fd1b849980c4331c2951"},"image":{"@id":"https:\/\/digital58.com.ve\/site\/2017\/08\/05\/la-academia-de-la-television-nomina-a-house-of-cards-tras-la-retirar-la-candidatura-de-this-is-us-para-los-emmys-2017\/#primaryimage"},"thumbnailUrl":"https:\/\/digital58.com.ve\/site\/wp-content\/uploads\/2017\/08\/house-of-cards-1.jpg","keywords":["Emmys 2017","Entretenimiento","Eventos","House of Cards","Internacionales","La Academia de la Televisi\u00f3n","Nominaciones","This is Us","TV"],"articleSection":["Fama"],"inLanguage":"es","potentialAction":[{"@type":"CommentAction","name":"Comment","target":["https:\/\/digital58.com.ve\/site\/2017\/08\/05\/la-academia-de-la-television-nomina-a-house-of-cards-tras-la-retirar-la-candidatura-de-this-is-us-para-los-emmys-2017\/#respond"]}]},{"@type":"WebPage","@id":"https:\/\/digital58.com.ve\/site\/2017\/08\/05\/la-academia-de-la-television-nomina-a-house-of-cards-tras-la-retirar-la-candidatura-de-this-is-us-para-los-emmys-2017\/","url":"https:\/\/digital58.com.ve\/site\/2017\/08\/05\/la-academia-de-la-television-nomina-a-house-of-cards-tras-la-retirar-la-candidatura-de-this-is-us-para-los-emmys-2017\/","name":"La Academia de la Televisi\u00f3n nomina a \u00abHouse of Cards\u00bb tras la retirar la candidatura de \u00abThis is Us\u00bb para los Emmys 2017","isPartOf":{"@id":"https:\/\/digital58.com.ve\/site\/#website"},"primaryImageOfPage":{"@id":"https:\/\/digital58.com.ve\/site\/2017\/08\/05\/la-academia-de-la-television-nomina-a-house-of-cards-tras-la-retirar-la-candidatura-de-this-is-us-para-los-emmys-2017\/#primaryimage"},"image":{"@id":"https:\/\/digital58.com.ve\/site\/2017\/08\/05\/la-academia-de-la-television-nomina-a-house-of-cards-tras-la-retirar-la-candidatura-de-this-is-us-para-los-emmys-2017\/#primaryimage"},"thumbnailUrl":"https:\/\/digital58.com.ve\/site\/wp-content\/uploads\/2017\/08\/house-of-cards-1.jpg","datePublished":"2017-08-05T14:00:43+00:00","breadcrumb":{"@id":"https:\/\/digital58.com.ve\/site\/2017\/08\/05\/la-academia-de-la-television-nomina-a-house-of-cards-tras-la-retirar-la-candidatura-de-this-is-us-para-los-emmys-2017\/#breadcrumb"},"inLanguage":"es","potentialAction":[{"@type":"ReadAction","target":["https:\/\/digital58.com.ve\/site\/2017\/08\/05\/la-academia-de-la-television-nomina-a-house-of-cards-tras-la-retirar-la-candidatura-de-this-is-us-para-los-emmys-2017\/"]}]},{"@type":"ImageObject","inLanguage":"es","@id":"https:\/\/digital58.com.ve\/site\/2017\/08\/05\/la-academia-de-la-television-nomina-a-house-of-cards-tras-la-retirar-la-candidatura-de-this-is-us-para-los-emmys-2017\/#primaryimage","url":"https:\/\/digital58.com.ve\/site\/wp-content\/uploads\/2017\/08\/house-of-cards-1.jpg","contentUrl":"https:\/\/digital58.com.ve\/site\/wp-content\/uploads\/2017\/08\/house-of-cards-1.jpg","width":800,"height":536},{"@type":"BreadcrumbList","@id":"https:\/\/digital58.com.ve\/site\/2017\/08\/05\/la-academia-de-la-television-nomina-a-house-of-cards-tras-la-retirar-la-candidatura-de-this-is-us-para-los-emmys-2017\/#breadcrumb","itemListElement":[{"@type":"ListItem","position":1,"name":"Home","item":"https:\/\/digital58.com.ve\/site\/"},{"@type":"ListItem","position":2,"name":"La Academia de la Televisi\u00f3n nomina a \u00abHouse of Cards\u00bb tras la retirar la candidatura de \u00abThis is Us\u00bb para los Emmys 2017"}]},{"@type":"WebSite","@id":"https:\/\/digital58.com.ve\/site\/#website","url":"https:\/\/digital58.com.ve\/site\/","name":"Noticias Digital58","description":"Portal de Noticias \u00a1Periodismo web de verdad! Lanzamiento web 22.11.2005 \/ Maracaibo, Venezuela","publisher":{"@id":"https:\/\/digital58.com.ve\/site\/#\/schema\/person\/64d1c2e4d0d4fd1b849980c4331c2951"},"alternateName":"ND58","potentialAction":[{"@type":"SearchAction","target":{"@type":"EntryPoint","urlTemplate":"https:\/\/digital58.com.ve\/site\/?s={search_term_string}"},"query-input":{"@type":"PropertyValueSpecification","valueRequired":true,"valueName":"search_term_string"}}],"inLanguage":"es"},{"@type":["Person","Organization"],"@id":"https:\/\/digital58.com.ve\/site\/#\/schema\/person\/64d1c2e4d0d4fd1b849980c4331c2951","name":"Villasmil Henry","image":{"@type":"ImageObject","inLanguage":"es","@id":"https:\/\/secure.gravatar.com\/avatar\/bb0c4a2fcb7970138239f7e404ea75757b1b507b28b5ce4c53fbd62d797c5a7c?s=96&d=mm&r=g","url":"https:\/\/secure.gravatar.com\/avatar\/bb0c4a2fcb7970138239f7e404ea75757b1b507b28b5ce4c53fbd62d797c5a7c?s=96&d=mm&r=g","contentUrl":"https:\/\/secure.gravatar.com\/avatar\/bb0c4a2fcb7970138239f7e404ea75757b1b507b28b5ce4c53fbd62d797c5a7c?s=96&d=mm&r=g","caption":"Villasmil Henry"},"logo":{"@id":"https:\/\/secure.gravatar.com\/avatar\/bb0c4a2fcb7970138239f7e404ea75757b1b507b28b5ce4c53fbd62d797c5a7c?s=96&d=mm&r=g"},"sameAs":["http:\/\/www.henryvillasmil.com.ve","https:\/\/www.instagram.com\/villasmilhfoto\/","https:\/\/x.com\/https:\/\/twitter.com\/villasmilhfoto"],"url":"https:\/\/digital58.com.ve\/site\/author\/droopy_68\/"}]}},"uagb_featured_image_src":{"full":["https:\/\/digital58.com.ve\/site\/wp-content\/uploads\/2017\/08\/house-of-cards-1.jpg",800,536,false],"thumbnail":["https:\/\/digital58.com.ve\/site\/wp-content\/uploads\/2017\/08\/house-of-cards-1-150x150.jpg",150,150,true],"medium":["https:\/\/digital58.com.ve\/site\/wp-content\/uploads\/2017\/08\/house-of-cards-1-300x201.jpg",300,201,true],"medium_large":["https:\/\/digital58.com.ve\/site\/wp-content\/uploads\/2017\/08\/house-of-cards-1-768x514.jpg",768,514,true],"large":["https:\/\/digital58.com.ve\/site\/wp-content\/uploads\/2017\/08\/house-of-cards-1.jpg",800,536,false],"1536x1536":["https:\/\/digital58.com.ve\/site\/wp-content\/uploads\/2017\/08\/house-of-cards-1.jpg",800,536,false],"2048x2048":["https:\/\/digital58.com.ve\/site\/wp-content\/uploads\/2017\/08\/house-of-cards-1.jpg",800,536,false],"colormag-highlighted-post":["https:\/\/digital58.com.ve\/site\/wp-content\/uploads\/2017\/08\/house-of-cards-1.jpg",392,263,false],"colormag-featured-post-medium":["https:\/\/digital58.com.ve\/site\/wp-content\/uploads\/2017\/08\/house-of-cards-1.jpg",306,205,false],"colormag-featured-post-small":["https:\/\/digital58.com.ve\/site\/wp-content\/uploads\/2017\/08\/house-of-cards-1.jpg",130,87,false],"colormag-featured-image":["https:\/\/digital58.com.ve\/site\/wp-content\/uploads\/2017\/08\/house-of-cards-1.jpg",664,445,false],"colormag-default-news":["https:\/\/digital58.com.ve\/site\/wp-content\/uploads\/2017\/08\/house-of-cards-1.jpg",150,101,false],"colormag-featured-image-large":["https:\/\/digital58.com.ve\/site\/wp-content\/uploads\/2017\/08\/house-of-cards-1.jpg",800,536,false]},"uagb_author_info":{"display_name":"Villasmil Henry","author_link":"https:\/\/digital58.com.ve\/site\/author\/droopy_68\/"},"uagb_comment_info":0,"uagb_excerpt":"La Academia de la Televisi\u00f3n decidi\u00f3 hacer cambios de \u00faltima hora en la lista de nominados a los Emmys 2017,","_links":{"self":[{"href":"https:\/\/digital58.com.ve\/site\/wp-json\/wp\/v2\/posts\/68395","targetHints":{"allow":["GET"]}}],"collection":[{"href":"https:\/\/digital58.com.ve\/site\/wp-json\/wp\/v2\/posts"}],"about":[{"href":"https:\/\/digital58.com.ve\/site\/wp-json\/wp\/v2\/types\/post"}],"author":[{"embeddable":true,"href":"https:\/\/digital58.com.ve\/site\/wp-json\/wp\/v2\/users\/1"}],"replies":[{"embeddable":true,"href":"https:\/\/digital58.com.ve\/site\/wp-json\/wp\/v2\/comments?post=68395"}],"version-history":[{"count":0,"href":"https:\/\/digital58.com.ve\/site\/wp-json\/wp\/v2\/posts\/68395\/revisions"}],"wp:featuredmedia":[{"embeddable":true,"href":"https:\/\/digital58.com.ve\/site\/wp-json\/wp\/v2\/media\/68396"}],"wp:attachment":[{"href":"https:\/\/digital58.com.ve\/site\/wp-json\/wp\/v2\/media?parent=68395"}],"wp:term":[{"taxonomy":"category","embeddable":true,"href":"https:\/\/digital58.com.ve\/site\/wp-json\/wp\/v2\/categories?post=68395"},{"taxonomy":"post_tag","embeddable":true,"href":"https:\/\/digital58.com.ve\/site\/wp-json\/wp\/v2\/tags?post=68395"}],"curies":[{"name":"wp","href":"https:\/\/api.w.org\/{rel}","templated":true}]}}