{"id":68399,"date":"2017-08-05T10:21:39","date_gmt":"2017-08-05T14:21:39","guid":{"rendered":"http:\/\/digital58.com.ve\/site\/?p=68399"},"modified":"2020-09-06T19:44:18","modified_gmt":"2020-09-06T23:44:18","slug":"javier-castellano-llego-al-salon-de-la-fama-del-hipismo-en-los-estados-unidos","status":"publish","type":"post","link":"https:\/\/digital58.com.ve\/site\/2017\/08\/05\/javier-castellano-llego-al-salon-de-la-fama-del-hipismo-en-los-estados-unidos\/","title":{"rendered":"Javier Castellano lleg\u00f3 al Sal\u00f3n de la Fama del hipismo en los Estados Unidos"},"content":{"rendered":"<p><a href=\"http:\/\/digital58.com.ve\/site\/wp-content\/uploads\/2017\/08\/javier-castellano-2.jpg\"><img loading=\"lazy\" decoding=\"async\" class=\"aligncenter wp-image-68401\" src=\"http:\/\/digital58.com.ve\/site\/wp-content\/uploads\/2017\/08\/javier-castellano-2.jpg\" alt=\"\" width=\"640\" height=\"375\" srcset=\"https:\/\/digital58.com.ve\/site\/wp-content\/uploads\/2017\/08\/javier-castellano-2.jpg 650w, https:\/\/digital58.com.ve\/site\/wp-content\/uploads\/2017\/08\/javier-castellano-2-300x176.jpg 300w\" sizes=\"auto, (max-width: 640px) 100vw, 640px\" \/><\/a><\/p>\n<p>Sin duda alguna, los venezolanos est\u00e1n dando mucho de que hablar en el exterior, primero vimos a la futbolista Deyna Castellanos ser nombrada como la jugadora del a\u00f1o en Estados Unidos, ahora, el jinete Javier Jos\u00e9 Castellano, se convierte en el segundo venezolano que entra al Templo de los Inmortales de la h\u00edpica estadounidense, luego de ser exaltado en la ceremonia efectuada en Saratoga, Nueva York, el pasado 04 de agosto.<\/p>\n<p><strong>Nueva York, USA, 05 de agosto de 2017 (D58).-<\/strong> Desde este viernes, 04 de agosto, el jinete venezolano Javier Jos\u00e9 Castellano forma parte del Sal\u00f3n de la Fama del hipismo en los Estados unidos, luego de ser exaltado en la ceremonia celebrada el mismo d\u00eda en Saratoga, Nueva York.<\/p>\n<p>La presentaci\u00f3n de esta ceremonia estuvo a cargo de sus colegas, el tambi\u00e9n venezolano Ram\u00f3n Dom\u00ednguez y el boricua John Vel\u00e1zquez que, como Castellano, est\u00e1n en el Templo de los Inmortales de la h\u00edpica estadounidense.<\/p>\n<p><a href=\"http:\/\/digital58.com.ve\/site\/wp-content\/uploads\/2017\/08\/javier-castellano-1.jpg\"><img loading=\"lazy\" decoding=\"async\" class=\"aligncenter wp-image-68400\" src=\"http:\/\/digital58.com.ve\/site\/wp-content\/uploads\/2017\/08\/javier-castellano-1.jpg\" alt=\"\" width=\"640\" height=\"379\" srcset=\"https:\/\/digital58.com.ve\/site\/wp-content\/uploads\/2017\/08\/javier-castellano-1.jpg 675w, https:\/\/digital58.com.ve\/site\/wp-content\/uploads\/2017\/08\/javier-castellano-1-300x178.jpg 300w\" sizes=\"auto, (max-width: 640px) 100vw, 640px\" \/><\/a><\/p>\n<p>Javier, quien estuvo junto a su esposa Abby y sus hijos, agradeci\u00f3 a la comunidad h\u00edpica de Estados Unidos, el haberle brindado apoyo a lo largo de su carrera. Y en idioma castellano se\u00f1al\u00f3: \u00abGracias a toda Venezuela, por el respaldo que me han dado durante toda mi carrera profesional\u00bb.<\/p>\n<p>Asimismo, resaltamos que el venezolano, nativo del Zulia, ha obtenido el Premio Eclipse por cuatro temporadas consecutivas como el jinete m\u00e1s destacado.<\/p>\n<p>Ha cumplido campa\u00f1a en Estados Unidos desde el a\u00f1o 1997, ha ganado 300 o m\u00e1s carreras en cinco ocasiones, m\u00e1s de 200 en seis oportunidades y nueve veces m\u00e1s de 100.<\/p><div class=\"gpqle69ef064f64043\" ><p style=\"text-align: center;\"><a href=\"https:\/\/t.me\/noticiasdigital58\" target=\"_blank\" rel=\"noopener\"><img class=\"aligncenter size-full wp-image-125363\" src=\"https:\/\/digital58.com.ve\/site\/wp-content\/uploads\/2021\/04\/banner-telegram-web-2021.png\" alt=\"\" width=\"600\" height=\"90\" \/><\/a><\/p><\/div><style type=\"text\/css\">\r\n@media screen and (min-width: 1201px) {\r\n.gpqle69ef064f64043 {\r\ndisplay: block;\r\n}\r\n}\r\n@media screen and (min-width: 993px) and (max-width: 1200px) {\r\n.gpqle69ef064f64043 {\r\ndisplay: block;\r\n}\r\n}\r\n@media screen and (min-width: 769px) and (max-width: 992px) {\r\n.gpqle69ef064f64043 {\r\ndisplay: block;\r\n}\r\n}\r\n@media screen and (min-width: 768px) and (max-width: 768px) {\r\n.gpqle69ef064f64043 {\r\ndisplay: block;\r\n}\r\n}\r\n@media screen and (max-width: 767px) {\r\n.gpqle69ef064f64043 {\r\ndisplay: block;\r\n}\r\n}\r\n<\/style>\r\n\n<p><strong>Redacci\u00f3n y fuente: Agencia<\/strong><br \/>\n<strong>Edici\u00f3n: <a href=\"https:\/\/www.instagram.com\/raquelsofiavera\/\" target=\"_blank\" rel=\"noopener noreferrer\">Vera, Raquel<\/a><\/strong><br \/>\n<strong>Fotos: Google<\/strong><\/p>\n<div style=\"margin-top: 0px; margin-bottom: 0px;\" class=\"sharethis-inline-share-buttons\" ><\/div>","protected":false},"excerpt":{"rendered":"<p>Sin duda alguna, los venezolanos est\u00e1n dando mucho de que hablar en el exterior, primero vimos a la futbolista Deyna<\/p>\n","protected":false},"author":1,"featured_media":68400,"comment_status":"open","ping_status":"closed","sticky":false,"template":"","format":"standard","meta":{"colormag_page_container_layout":"default_layout","colormag_page_sidebar_layout":"default_layout","_uag_custom_page_level_css":"","footnotes":""},"categories":[5402],"tags":[1304,907,15688,8,8702,8699,8700,8701,135],"class_list":["post-68399","post","type-post","status-publish","format-standard","has-post-thumbnail","hentry","category-deportes","tag-estados-unidos","tag-hipismo","tag-hipismo-internacional","tag-internacionales","tag-javier-castellano","tag-jinete","tag-salon-de-la-fama","tag-templo-de-los-inmortales","tag-venezolanos-en-el-exterior"],"yoast_head":"<!-- This site is optimized with the Yoast SEO plugin v27.4 - https:\/\/yoast.com\/product\/yoast-seo-wordpress\/ -->\n<title>Javier Castellano lleg\u00f3 al Sal\u00f3n de la Fama del hipismo en los Estados Unidos<\/title>\n<meta name=\"robots\" content=\"index, follow, max-snippet:-1, max-image-preview:large, max-video-preview:-1\" \/>\n<link rel=\"canonical\" href=\"https:\/\/digital58.com.ve\/site\/2017\/08\/05\/javier-castellano-llego-al-salon-de-la-fama-del-hipismo-en-los-estados-unidos\/\" \/>\n<meta property=\"og:locale\" content=\"es_ES\" \/>\n<meta property=\"og:type\" content=\"article\" \/>\n<meta property=\"og:title\" content=\"Javier Castellano lleg\u00f3 al Sal\u00f3n de la Fama del hipismo en los Estados Unidos\" \/>\n<meta property=\"og:url\" content=\"https:\/\/digital58.com.ve\/site\/2017\/08\/05\/javier-castellano-llego-al-salon-de-la-fama-del-hipismo-en-los-estados-unidos\/\" \/>\n<meta property=\"og:site_name\" content=\"Noticias Digital58\" \/>\n<meta property=\"article:published_time\" content=\"2017-08-05T14:21:39+00:00\" \/>\n<meta property=\"article:modified_time\" content=\"2020-09-06T23:44:18+00:00\" \/>\n<meta property=\"og:image\" content=\"https:\/\/digital58.com.ve\/site\/wp-content\/uploads\/2017\/08\/javier-castellano-1.jpg\" \/>\n\t<meta property=\"og:image:width\" content=\"675\" \/>\n\t<meta property=\"og:image:height\" content=\"400\" \/>\n\t<meta property=\"og:image:type\" content=\"image\/jpeg\" \/>\n<meta name=\"author\" content=\"Villasmil Henry\" \/>\n<meta name=\"twitter:card\" content=\"summary_large_image\" \/>\n<meta name=\"twitter:creator\" content=\"@https:\/\/twitter.com\/villasmilhfoto\" \/>\n<meta name=\"twitter:site\" content=\"@villasmilhfoto\" \/>\n<meta name=\"twitter:label1\" content=\"Escrito por\" \/>\n\t<meta name=\"twitter:data1\" content=\"Villasmil Henry\" \/>\n\t<meta name=\"twitter:label2\" content=\"Tiempo estimado de lectura\" \/>\n\t<meta name=\"twitter:data2\" content=\"1 minuto\" \/>\n<script type=\"application\/ld+json\" class=\"yoast-schema-graph\">{\"@context\":\"https:\\\/\\\/schema.org\",\"@graph\":[{\"@type\":\"Article\",\"@id\":\"https:\\\/\\\/digital58.com.ve\\\/site\\\/2017\\\/08\\\/05\\\/javier-castellano-llego-al-salon-de-la-fama-del-hipismo-en-los-estados-unidos\\\/#article\",\"isPartOf\":{\"@id\":\"https:\\\/\\\/digital58.com.ve\\\/site\\\/2017\\\/08\\\/05\\\/javier-castellano-llego-al-salon-de-la-fama-del-hipismo-en-los-estados-unidos\\\/\"},\"author\":{\"name\":\"Villasmil Henry\",\"@id\":\"https:\\\/\\\/digital58.com.ve\\\/site\\\/#\\\/schema\\\/person\\\/64d1c2e4d0d4fd1b849980c4331c2951\"},\"headline\":\"Javier Castellano lleg\u00f3 al Sal\u00f3n de la Fama del hipismo en los Estados Unidos\",\"datePublished\":\"2017-08-05T14:21:39+00:00\",\"dateModified\":\"2020-09-06T23:44:18+00:00\",\"mainEntityOfPage\":{\"@id\":\"https:\\\/\\\/digital58.com.ve\\\/site\\\/2017\\\/08\\\/05\\\/javier-castellano-llego-al-salon-de-la-fama-del-hipismo-en-los-estados-unidos\\\/\"},\"wordCount\":297,\"commentCount\":0,\"publisher\":{\"@id\":\"https:\\\/\\\/digital58.com.ve\\\/site\\\/#\\\/schema\\\/person\\\/64d1c2e4d0d4fd1b849980c4331c2951\"},\"image\":{\"@id\":\"https:\\\/\\\/digital58.com.ve\\\/site\\\/2017\\\/08\\\/05\\\/javier-castellano-llego-al-salon-de-la-fama-del-hipismo-en-los-estados-unidos\\\/#primaryimage\"},\"thumbnailUrl\":\"https:\\\/\\\/digital58.com.ve\\\/site\\\/wp-content\\\/uploads\\\/2017\\\/08\\\/javier-castellano-1.jpg\",\"keywords\":[\"Estados Unidos\",\"Hipismo\",\"Hipismo Internacional\",\"Internacionales\",\"Javier Castellano\",\"Jinete\",\"Sal\u00f3n de la Fama\",\"Templo de los Inmortales\",\"Venezolanos en el exterior\"],\"articleSection\":[\"Deportes\"],\"inLanguage\":\"es\",\"potentialAction\":[{\"@type\":\"CommentAction\",\"name\":\"Comment\",\"target\":[\"https:\\\/\\\/digital58.com.ve\\\/site\\\/2017\\\/08\\\/05\\\/javier-castellano-llego-al-salon-de-la-fama-del-hipismo-en-los-estados-unidos\\\/#respond\"]}]},{\"@type\":\"WebPage\",\"@id\":\"https:\\\/\\\/digital58.com.ve\\\/site\\\/2017\\\/08\\\/05\\\/javier-castellano-llego-al-salon-de-la-fama-del-hipismo-en-los-estados-unidos\\\/\",\"url\":\"https:\\\/\\\/digital58.com.ve\\\/site\\\/2017\\\/08\\\/05\\\/javier-castellano-llego-al-salon-de-la-fama-del-hipismo-en-los-estados-unidos\\\/\",\"name\":\"Javier Castellano lleg\u00f3 al Sal\u00f3n de la Fama del hipismo en los Estados Unidos\",\"isPartOf\":{\"@id\":\"https:\\\/\\\/digital58.com.ve\\\/site\\\/#website\"},\"primaryImageOfPage\":{\"@id\":\"https:\\\/\\\/digital58.com.ve\\\/site\\\/2017\\\/08\\\/05\\\/javier-castellano-llego-al-salon-de-la-fama-del-hipismo-en-los-estados-unidos\\\/#primaryimage\"},\"image\":{\"@id\":\"https:\\\/\\\/digital58.com.ve\\\/site\\\/2017\\\/08\\\/05\\\/javier-castellano-llego-al-salon-de-la-fama-del-hipismo-en-los-estados-unidos\\\/#primaryimage\"},\"thumbnailUrl\":\"https:\\\/\\\/digital58.com.ve\\\/site\\\/wp-content\\\/uploads\\\/2017\\\/08\\\/javier-castellano-1.jpg\",\"datePublished\":\"2017-08-05T14:21:39+00:00\",\"dateModified\":\"2020-09-06T23:44:18+00:00\",\"breadcrumb\":{\"@id\":\"https:\\\/\\\/digital58.com.ve\\\/site\\\/2017\\\/08\\\/05\\\/javier-castellano-llego-al-salon-de-la-fama-del-hipismo-en-los-estados-unidos\\\/#breadcrumb\"},\"inLanguage\":\"es\",\"potentialAction\":[{\"@type\":\"ReadAction\",\"target\":[\"https:\\\/\\\/digital58.com.ve\\\/site\\\/2017\\\/08\\\/05\\\/javier-castellano-llego-al-salon-de-la-fama-del-hipismo-en-los-estados-unidos\\\/\"]}]},{\"@type\":\"ImageObject\",\"inLanguage\":\"es\",\"@id\":\"https:\\\/\\\/digital58.com.ve\\\/site\\\/2017\\\/08\\\/05\\\/javier-castellano-llego-al-salon-de-la-fama-del-hipismo-en-los-estados-unidos\\\/#primaryimage\",\"url\":\"https:\\\/\\\/digital58.com.ve\\\/site\\\/wp-content\\\/uploads\\\/2017\\\/08\\\/javier-castellano-1.jpg\",\"contentUrl\":\"https:\\\/\\\/digital58.com.ve\\\/site\\\/wp-content\\\/uploads\\\/2017\\\/08\\\/javier-castellano-1.jpg\",\"width\":675,\"height\":400},{\"@type\":\"BreadcrumbList\",\"@id\":\"https:\\\/\\\/digital58.com.ve\\\/site\\\/2017\\\/08\\\/05\\\/javier-castellano-llego-al-salon-de-la-fama-del-hipismo-en-los-estados-unidos\\\/#breadcrumb\",\"itemListElement\":[{\"@type\":\"ListItem\",\"position\":1,\"name\":\"Home\",\"item\":\"https:\\\/\\\/digital58.com.ve\\\/site\\\/\"},{\"@type\":\"ListItem\",\"position\":2,\"name\":\"Javier Castellano lleg\u00f3 al Sal\u00f3n de la Fama del hipismo en los Estados Unidos\"}]},{\"@type\":\"WebSite\",\"@id\":\"https:\\\/\\\/digital58.com.ve\\\/site\\\/#website\",\"url\":\"https:\\\/\\\/digital58.com.ve\\\/site\\\/\",\"name\":\"Noticias Digital58\",\"description\":\"Portal de Noticias \u00a1Periodismo web de verdad! Lanzamiento web 22.11.2005 \\\/ Maracaibo, Venezuela\",\"publisher\":{\"@id\":\"https:\\\/\\\/digital58.com.ve\\\/site\\\/#\\\/schema\\\/person\\\/64d1c2e4d0d4fd1b849980c4331c2951\"},\"alternateName\":\"ND58\",\"potentialAction\":[{\"@type\":\"SearchAction\",\"target\":{\"@type\":\"EntryPoint\",\"urlTemplate\":\"https:\\\/\\\/digital58.com.ve\\\/site\\\/?s={search_term_string}\"},\"query-input\":{\"@type\":\"PropertyValueSpecification\",\"valueRequired\":true,\"valueName\":\"search_term_string\"}}],\"inLanguage\":\"es\"},{\"@type\":[\"Person\",\"Organization\"],\"@id\":\"https:\\\/\\\/digital58.com.ve\\\/site\\\/#\\\/schema\\\/person\\\/64d1c2e4d0d4fd1b849980c4331c2951\",\"name\":\"Villasmil Henry\",\"image\":{\"@type\":\"ImageObject\",\"inLanguage\":\"es\",\"@id\":\"https:\\\/\\\/secure.gravatar.com\\\/avatar\\\/bb0c4a2fcb7970138239f7e404ea75757b1b507b28b5ce4c53fbd62d797c5a7c?s=96&d=mm&r=g\",\"url\":\"https:\\\/\\\/secure.gravatar.com\\\/avatar\\\/bb0c4a2fcb7970138239f7e404ea75757b1b507b28b5ce4c53fbd62d797c5a7c?s=96&d=mm&r=g\",\"contentUrl\":\"https:\\\/\\\/secure.gravatar.com\\\/avatar\\\/bb0c4a2fcb7970138239f7e404ea75757b1b507b28b5ce4c53fbd62d797c5a7c?s=96&d=mm&r=g\",\"caption\":\"Villasmil Henry\"},\"logo\":{\"@id\":\"https:\\\/\\\/secure.gravatar.com\\\/avatar\\\/bb0c4a2fcb7970138239f7e404ea75757b1b507b28b5ce4c53fbd62d797c5a7c?s=96&d=mm&r=g\"},\"sameAs\":[\"http:\\\/\\\/www.henryvillasmil.com.ve\",\"https:\\\/\\\/www.instagram.com\\\/villasmilhfoto\\\/\",\"https:\\\/\\\/x.com\\\/https:\\\/\\\/twitter.com\\\/villasmilhfoto\"],\"url\":\"https:\\\/\\\/digital58.com.ve\\\/site\\\/author\\\/droopy_68\\\/\"}]}<\/script>\n<!-- \/ Yoast SEO plugin. -->","yoast_head_json":{"title":"Javier Castellano lleg\u00f3 al Sal\u00f3n de la Fama del hipismo en los Estados Unidos","robots":{"index":"index","follow":"follow","max-snippet":"max-snippet:-1","max-image-preview":"max-image-preview:large","max-video-preview":"max-video-preview:-1"},"canonical":"https:\/\/digital58.com.ve\/site\/2017\/08\/05\/javier-castellano-llego-al-salon-de-la-fama-del-hipismo-en-los-estados-unidos\/","og_locale":"es_ES","og_type":"article","og_title":"Javier Castellano lleg\u00f3 al Sal\u00f3n de la Fama del hipismo en los Estados Unidos","og_url":"https:\/\/digital58.com.ve\/site\/2017\/08\/05\/javier-castellano-llego-al-salon-de-la-fama-del-hipismo-en-los-estados-unidos\/","og_site_name":"Noticias Digital58","article_published_time":"2017-08-05T14:21:39+00:00","article_modified_time":"2020-09-06T23:44:18+00:00","og_image":[{"width":675,"height":400,"url":"https:\/\/digital58.com.ve\/site\/wp-content\/uploads\/2017\/08\/javier-castellano-1.jpg","type":"image\/jpeg"}],"author":"Villasmil Henry","twitter_card":"summary_large_image","twitter_creator":"@https:\/\/twitter.com\/villasmilhfoto","twitter_site":"@villasmilhfoto","twitter_misc":{"Escrito por":"Villasmil Henry","Tiempo estimado de lectura":"1 minuto"},"schema":{"@context":"https:\/\/schema.org","@graph":[{"@type":"Article","@id":"https:\/\/digital58.com.ve\/site\/2017\/08\/05\/javier-castellano-llego-al-salon-de-la-fama-del-hipismo-en-los-estados-unidos\/#article","isPartOf":{"@id":"https:\/\/digital58.com.ve\/site\/2017\/08\/05\/javier-castellano-llego-al-salon-de-la-fama-del-hipismo-en-los-estados-unidos\/"},"author":{"name":"Villasmil Henry","@id":"https:\/\/digital58.com.ve\/site\/#\/schema\/person\/64d1c2e4d0d4fd1b849980c4331c2951"},"headline":"Javier Castellano lleg\u00f3 al Sal\u00f3n de la Fama del hipismo en los Estados Unidos","datePublished":"2017-08-05T14:21:39+00:00","dateModified":"2020-09-06T23:44:18+00:00","mainEntityOfPage":{"@id":"https:\/\/digital58.com.ve\/site\/2017\/08\/05\/javier-castellano-llego-al-salon-de-la-fama-del-hipismo-en-los-estados-unidos\/"},"wordCount":297,"commentCount":0,"publisher":{"@id":"https:\/\/digital58.com.ve\/site\/#\/schema\/person\/64d1c2e4d0d4fd1b849980c4331c2951"},"image":{"@id":"https:\/\/digital58.com.ve\/site\/2017\/08\/05\/javier-castellano-llego-al-salon-de-la-fama-del-hipismo-en-los-estados-unidos\/#primaryimage"},"thumbnailUrl":"https:\/\/digital58.com.ve\/site\/wp-content\/uploads\/2017\/08\/javier-castellano-1.jpg","keywords":["Estados Unidos","Hipismo","Hipismo Internacional","Internacionales","Javier Castellano","Jinete","Sal\u00f3n de la Fama","Templo de los Inmortales","Venezolanos en el exterior"],"articleSection":["Deportes"],"inLanguage":"es","potentialAction":[{"@type":"CommentAction","name":"Comment","target":["https:\/\/digital58.com.ve\/site\/2017\/08\/05\/javier-castellano-llego-al-salon-de-la-fama-del-hipismo-en-los-estados-unidos\/#respond"]}]},{"@type":"WebPage","@id":"https:\/\/digital58.com.ve\/site\/2017\/08\/05\/javier-castellano-llego-al-salon-de-la-fama-del-hipismo-en-los-estados-unidos\/","url":"https:\/\/digital58.com.ve\/site\/2017\/08\/05\/javier-castellano-llego-al-salon-de-la-fama-del-hipismo-en-los-estados-unidos\/","name":"Javier Castellano lleg\u00f3 al Sal\u00f3n de la Fama del hipismo en los Estados Unidos","isPartOf":{"@id":"https:\/\/digital58.com.ve\/site\/#website"},"primaryImageOfPage":{"@id":"https:\/\/digital58.com.ve\/site\/2017\/08\/05\/javier-castellano-llego-al-salon-de-la-fama-del-hipismo-en-los-estados-unidos\/#primaryimage"},"image":{"@id":"https:\/\/digital58.com.ve\/site\/2017\/08\/05\/javier-castellano-llego-al-salon-de-la-fama-del-hipismo-en-los-estados-unidos\/#primaryimage"},"thumbnailUrl":"https:\/\/digital58.com.ve\/site\/wp-content\/uploads\/2017\/08\/javier-castellano-1.jpg","datePublished":"2017-08-05T14:21:39+00:00","dateModified":"2020-09-06T23:44:18+00:00","breadcrumb":{"@id":"https:\/\/digital58.com.ve\/site\/2017\/08\/05\/javier-castellano-llego-al-salon-de-la-fama-del-hipismo-en-los-estados-unidos\/#breadcrumb"},"inLanguage":"es","potentialAction":[{"@type":"ReadAction","target":["https:\/\/digital58.com.ve\/site\/2017\/08\/05\/javier-castellano-llego-al-salon-de-la-fama-del-hipismo-en-los-estados-unidos\/"]}]},{"@type":"ImageObject","inLanguage":"es","@id":"https:\/\/digital58.com.ve\/site\/2017\/08\/05\/javier-castellano-llego-al-salon-de-la-fama-del-hipismo-en-los-estados-unidos\/#primaryimage","url":"https:\/\/digital58.com.ve\/site\/wp-content\/uploads\/2017\/08\/javier-castellano-1.jpg","contentUrl":"https:\/\/digital58.com.ve\/site\/wp-content\/uploads\/2017\/08\/javier-castellano-1.jpg","width":675,"height":400},{"@type":"BreadcrumbList","@id":"https:\/\/digital58.com.ve\/site\/2017\/08\/05\/javier-castellano-llego-al-salon-de-la-fama-del-hipismo-en-los-estados-unidos\/#breadcrumb","itemListElement":[{"@type":"ListItem","position":1,"name":"Home","item":"https:\/\/digital58.com.ve\/site\/"},{"@type":"ListItem","position":2,"name":"Javier Castellano lleg\u00f3 al Sal\u00f3n de la Fama del hipismo en los Estados Unidos"}]},{"@type":"WebSite","@id":"https:\/\/digital58.com.ve\/site\/#website","url":"https:\/\/digital58.com.ve\/site\/","name":"Noticias Digital58","description":"Portal de Noticias \u00a1Periodismo web de verdad! Lanzamiento web 22.11.2005 \/ Maracaibo, Venezuela","publisher":{"@id":"https:\/\/digital58.com.ve\/site\/#\/schema\/person\/64d1c2e4d0d4fd1b849980c4331c2951"},"alternateName":"ND58","potentialAction":[{"@type":"SearchAction","target":{"@type":"EntryPoint","urlTemplate":"https:\/\/digital58.com.ve\/site\/?s={search_term_string}"},"query-input":{"@type":"PropertyValueSpecification","valueRequired":true,"valueName":"search_term_string"}}],"inLanguage":"es"},{"@type":["Person","Organization"],"@id":"https:\/\/digital58.com.ve\/site\/#\/schema\/person\/64d1c2e4d0d4fd1b849980c4331c2951","name":"Villasmil Henry","image":{"@type":"ImageObject","inLanguage":"es","@id":"https:\/\/secure.gravatar.com\/avatar\/bb0c4a2fcb7970138239f7e404ea75757b1b507b28b5ce4c53fbd62d797c5a7c?s=96&d=mm&r=g","url":"https:\/\/secure.gravatar.com\/avatar\/bb0c4a2fcb7970138239f7e404ea75757b1b507b28b5ce4c53fbd62d797c5a7c?s=96&d=mm&r=g","contentUrl":"https:\/\/secure.gravatar.com\/avatar\/bb0c4a2fcb7970138239f7e404ea75757b1b507b28b5ce4c53fbd62d797c5a7c?s=96&d=mm&r=g","caption":"Villasmil Henry"},"logo":{"@id":"https:\/\/secure.gravatar.com\/avatar\/bb0c4a2fcb7970138239f7e404ea75757b1b507b28b5ce4c53fbd62d797c5a7c?s=96&d=mm&r=g"},"sameAs":["http:\/\/www.henryvillasmil.com.ve","https:\/\/www.instagram.com\/villasmilhfoto\/","https:\/\/x.com\/https:\/\/twitter.com\/villasmilhfoto"],"url":"https:\/\/digital58.com.ve\/site\/author\/droopy_68\/"}]}},"uagb_featured_image_src":{"full":["https:\/\/digital58.com.ve\/site\/wp-content\/uploads\/2017\/08\/javier-castellano-1.jpg",675,400,false],"thumbnail":["https:\/\/digital58.com.ve\/site\/wp-content\/uploads\/2017\/08\/javier-castellano-1-150x150.jpg",150,150,true],"medium":["https:\/\/digital58.com.ve\/site\/wp-content\/uploads\/2017\/08\/javier-castellano-1-300x178.jpg",300,178,true],"medium_large":["https:\/\/digital58.com.ve\/site\/wp-content\/uploads\/2017\/08\/javier-castellano-1.jpg",675,400,false],"large":["https:\/\/digital58.com.ve\/site\/wp-content\/uploads\/2017\/08\/javier-castellano-1.jpg",675,400,false],"1536x1536":["https:\/\/digital58.com.ve\/site\/wp-content\/uploads\/2017\/08\/javier-castellano-1.jpg",675,400,false],"2048x2048":["https:\/\/digital58.com.ve\/site\/wp-content\/uploads\/2017\/08\/javier-castellano-1.jpg",675,400,false],"colormag-highlighted-post":["https:\/\/digital58.com.ve\/site\/wp-content\/uploads\/2017\/08\/javier-castellano-1.jpg",392,232,false],"colormag-featured-post-medium":["https:\/\/digital58.com.ve\/site\/wp-content\/uploads\/2017\/08\/javier-castellano-1.jpg",346,205,false],"colormag-featured-post-small":["https:\/\/digital58.com.ve\/site\/wp-content\/uploads\/2017\/08\/javier-castellano-1.jpg",130,77,false],"colormag-featured-image":["https:\/\/digital58.com.ve\/site\/wp-content\/uploads\/2017\/08\/javier-castellano-1.jpg",675,400,false],"colormag-default-news":["https:\/\/digital58.com.ve\/site\/wp-content\/uploads\/2017\/08\/javier-castellano-1.jpg",150,89,false],"colormag-featured-image-large":["https:\/\/digital58.com.ve\/site\/wp-content\/uploads\/2017\/08\/javier-castellano-1.jpg",675,400,false]},"uagb_author_info":{"display_name":"Villasmil Henry","author_link":"https:\/\/digital58.com.ve\/site\/author\/droopy_68\/"},"uagb_comment_info":0,"uagb_excerpt":"Sin duda alguna, los venezolanos est\u00e1n dando mucho de que hablar en el exterior, primero vimos a la futbolista Deyna","_links":{"self":[{"href":"https:\/\/digital58.com.ve\/site\/wp-json\/wp\/v2\/posts\/68399","targetHints":{"allow":["GET"]}}],"collection":[{"href":"https:\/\/digital58.com.ve\/site\/wp-json\/wp\/v2\/posts"}],"about":[{"href":"https:\/\/digital58.com.ve\/site\/wp-json\/wp\/v2\/types\/post"}],"author":[{"embeddable":true,"href":"https:\/\/digital58.com.ve\/site\/wp-json\/wp\/v2\/users\/1"}],"replies":[{"embeddable":true,"href":"https:\/\/digital58.com.ve\/site\/wp-json\/wp\/v2\/comments?post=68399"}],"version-history":[{"count":0,"href":"https:\/\/digital58.com.ve\/site\/wp-json\/wp\/v2\/posts\/68399\/revisions"}],"wp:featuredmedia":[{"embeddable":true,"href":"https:\/\/digital58.com.ve\/site\/wp-json\/wp\/v2\/media\/68400"}],"wp:attachment":[{"href":"https:\/\/digital58.com.ve\/site\/wp-json\/wp\/v2\/media?parent=68399"}],"wp:term":[{"taxonomy":"category","embeddable":true,"href":"https:\/\/digital58.com.ve\/site\/wp-json\/wp\/v2\/categories?post=68399"},{"taxonomy":"post_tag","embeddable":true,"href":"https:\/\/digital58.com.ve\/site\/wp-json\/wp\/v2\/tags?post=68399"}],"curies":[{"name":"wp","href":"https:\/\/api.w.org\/{rel}","templated":true}]}}