{"id":68403,"date":"2017-08-05T10:42:35","date_gmt":"2017-08-05T14:42:35","guid":{"rendered":"http:\/\/digital58.com.ve\/site\/?p=68403"},"modified":"2017-08-05T10:42:35","modified_gmt":"2017-08-05T14:42:35","slug":"celebran-centenario-antonio-lauro","status":"publish","type":"post","link":"https:\/\/digital58.com.ve\/site\/2017\/08\/05\/celebran-centenario-antonio-lauro\/","title":{"rendered":"Celebran Centenario Antonio Lauro"},"content":{"rendered":"<p><a href=\"http:\/\/digital58.com.ve\/site\/wp-content\/uploads\/2017\/08\/antonio-lauro.jpg\"><img loading=\"lazy\" decoding=\"async\" class=\"aligncenter size-full wp-image-68404\" src=\"http:\/\/digital58.com.ve\/site\/wp-content\/uploads\/2017\/08\/antonio-lauro.jpg\" alt=\"\" width=\"670\" height=\"351\" srcset=\"https:\/\/digital58.com.ve\/site\/wp-content\/uploads\/2017\/08\/antonio-lauro.jpg 670w, https:\/\/digital58.com.ve\/site\/wp-content\/uploads\/2017\/08\/antonio-lauro-300x157.jpg 300w\" sizes=\"auto, (max-width: 670px) 100vw, 670px\" \/><\/a><\/p>\n<p>Este domingo, 06 de agosto, a las 4.00 de la tarde, en el Centro Cultural BOD se realizar\u00e1 la Gala Centenario Antonio Lauro, donde la escuela Jos\u00e9 \u00c1ngel Lamas le rendir\u00e1 homenaje al compositor venezolano.<\/p>\n<p><strong>Caracas, DC, Venezuela, 05 de agosto de 2017 (D58).-<\/strong> La Escuela Superior de M\u00fasica de Jos\u00e9 \u00c1ngel Lamas le rendir\u00e1 un homenaje a Antonio Lauro en la celebraci\u00f3n de la Gala Centenario Antonio Lauro.<\/p>\n<p>Si bien, el maestro alcanz\u00f3 la fama mundial por su obra con la guitarra, tambi\u00e9n fue compositor, director de coros de orquesta y cantante.<\/p>\n<p>La actividad contar\u00e1 con la participaci\u00f3n de Leopoldo Igarza y Jos\u00e9 Luis Presa, disc\u00edpulos de Lauro, adem\u00e1s de Melina Urb\u00e1ez, Daniel Ortega y el cantante y guitarrista tachirense Gregory Pino, quien tendr\u00e1 a su cargo la interpretaci\u00f3n de las piezas vocales compuestas por Lauro.<\/p>\n<p>Asimismo, el Polif\u00f3nico Rafael Su\u00e1rez y la Orquesta T\u00edpica de la Escuela Superior de M\u00fasica Jos\u00e9 \u00c1ngel Lamas, dirigida por Luis Armando Rangel, tendr\u00e1n a su cargo la parte final del concierto.<\/p>\n<p>Lauro naci\u00f3 en Ciudad Bol\u00edvar el 03 de agosto de 1917, como cantante estren\u00f3 una de las obras sinf\u00f3nico-corales m\u00e1s conocidas en el mundo, La cantata criolla, de Antonio Est\u00e9vez, de quien tambi\u00e9n se celebr\u00f3 recientemente el centenario de su nacimiento.<\/p>\n<p>Esta \u00fanica funci\u00f3n se llevar\u00e1 a cabo en el Centro Cultural BOD, a partir de las 4.00 de la tarde.<\/p><div class=\"mqecw69eeed94845cd\" ><p style=\"text-align: center;\"><a href=\"https:\/\/t.me\/noticiasdigital58\" target=\"_blank\" rel=\"noopener\"><img class=\"aligncenter size-full wp-image-125363\" src=\"https:\/\/digital58.com.ve\/site\/wp-content\/uploads\/2021\/04\/banner-telegram-web-2021.png\" alt=\"\" width=\"600\" height=\"90\" \/><\/a><\/p><\/div><style type=\"text\/css\">\r\n@media screen and (min-width: 1201px) {\r\n.mqecw69eeed94845cd {\r\ndisplay: block;\r\n}\r\n}\r\n@media screen and (min-width: 993px) and (max-width: 1200px) {\r\n.mqecw69eeed94845cd {\r\ndisplay: block;\r\n}\r\n}\r\n@media screen and (min-width: 769px) and (max-width: 992px) {\r\n.mqecw69eeed94845cd {\r\ndisplay: block;\r\n}\r\n}\r\n@media screen and (min-width: 768px) and (max-width: 768px) {\r\n.mqecw69eeed94845cd {\r\ndisplay: block;\r\n}\r\n}\r\n@media screen and (max-width: 767px) {\r\n.mqecw69eeed94845cd {\r\ndisplay: block;\r\n}\r\n}\r\n<\/style>\r\n\n<p><strong>Redacci\u00f3n y fuente: Agencia<\/strong><br \/>\n<strong>Edici\u00f3n: <a href=\"https:\/\/www.instagram.com\/raquelsofiavera\/\" target=\"_blank\" rel=\"noopener\">Vera, Raquel<\/a><\/strong><br \/>\n<strong>Fotos: Google<\/strong><\/p>\n<div style=\"margin-top: 0px; margin-bottom: 0px;\" class=\"sharethis-inline-share-buttons\" ><\/div>","protected":false},"excerpt":{"rendered":"<p>Este domingo, 06 de agosto, a las 4.00 de la tarde, en el Centro Cultural BOD se realizar\u00e1 la Gala<\/p>\n","protected":false},"author":1,"featured_media":68404,"comment_status":"open","ping_status":"closed","sticky":false,"template":"","format":"standard","meta":{"colormag_page_container_layout":"default_layout","colormag_page_sidebar_layout":"default_layout","_uag_custom_page_level_css":"","footnotes":""},"categories":[5411,5401],"tags":[8706,29,8704,153,8703,8705,7268,570,233,32],"class_list":["post-68403","post","type-post","status-publish","format-standard","has-post-thumbnail","hentry","category-donde_ir_caracas","category-artes","tag-antonio-lauro","tag-caracas","tag-centenario-antonio-lauro","tag-centro-cultural-bod","tag-conicertos-sinfonicos","tag-escuela-superior-de-muscia-de-jose-angel-lamas","tag-gala","tag-homenajes","tag-nacionales","tag-venezuela"],"yoast_head":"<!-- This site is optimized with the Yoast SEO plugin v27.4 - https:\/\/yoast.com\/product\/yoast-seo-wordpress\/ -->\n<title>Celebran Centenario Antonio Lauro<\/title>\n<meta name=\"robots\" content=\"index, follow, max-snippet:-1, max-image-preview:large, max-video-preview:-1\" \/>\n<link rel=\"canonical\" href=\"https:\/\/digital58.com.ve\/site\/2017\/08\/05\/celebran-centenario-antonio-lauro\/\" \/>\n<meta property=\"og:locale\" content=\"es_ES\" \/>\n<meta property=\"og:type\" content=\"article\" \/>\n<meta property=\"og:title\" content=\"Celebran Centenario Antonio Lauro\" \/>\n<meta property=\"og:url\" content=\"https:\/\/digital58.com.ve\/site\/2017\/08\/05\/celebran-centenario-antonio-lauro\/\" \/>\n<meta property=\"og:site_name\" content=\"Noticias Digital58\" \/>\n<meta property=\"article:published_time\" content=\"2017-08-05T14:42:35+00:00\" \/>\n<meta property=\"og:image\" content=\"https:\/\/digital58.com.ve\/site\/wp-content\/uploads\/2017\/08\/antonio-lauro.jpg\" \/>\n\t<meta property=\"og:image:width\" content=\"670\" \/>\n\t<meta property=\"og:image:height\" content=\"351\" \/>\n\t<meta property=\"og:image:type\" content=\"image\/jpeg\" \/>\n<meta name=\"author\" content=\"Villasmil Henry\" \/>\n<meta name=\"twitter:card\" content=\"summary_large_image\" \/>\n<meta name=\"twitter:creator\" content=\"@https:\/\/twitter.com\/villasmilhfoto\" \/>\n<meta name=\"twitter:site\" content=\"@villasmilhfoto\" \/>\n<meta name=\"twitter:label1\" content=\"Escrito por\" \/>\n\t<meta name=\"twitter:data1\" content=\"Villasmil Henry\" \/>\n\t<meta name=\"twitter:label2\" content=\"Tiempo estimado de lectura\" \/>\n\t<meta name=\"twitter:data2\" content=\"1 minuto\" \/>\n<script type=\"application\/ld+json\" class=\"yoast-schema-graph\">{\"@context\":\"https:\\\/\\\/schema.org\",\"@graph\":[{\"@type\":\"Article\",\"@id\":\"https:\\\/\\\/digital58.com.ve\\\/site\\\/2017\\\/08\\\/05\\\/celebran-centenario-antonio-lauro\\\/#article\",\"isPartOf\":{\"@id\":\"https:\\\/\\\/digital58.com.ve\\\/site\\\/2017\\\/08\\\/05\\\/celebran-centenario-antonio-lauro\\\/\"},\"author\":{\"name\":\"Villasmil Henry\",\"@id\":\"https:\\\/\\\/digital58.com.ve\\\/site\\\/#\\\/schema\\\/person\\\/64d1c2e4d0d4fd1b849980c4331c2951\"},\"headline\":\"Celebran Centenario Antonio Lauro\",\"datePublished\":\"2017-08-05T14:42:35+00:00\",\"mainEntityOfPage\":{\"@id\":\"https:\\\/\\\/digital58.com.ve\\\/site\\\/2017\\\/08\\\/05\\\/celebran-centenario-antonio-lauro\\\/\"},\"wordCount\":258,\"commentCount\":0,\"publisher\":{\"@id\":\"https:\\\/\\\/digital58.com.ve\\\/site\\\/#\\\/schema\\\/person\\\/64d1c2e4d0d4fd1b849980c4331c2951\"},\"image\":{\"@id\":\"https:\\\/\\\/digital58.com.ve\\\/site\\\/2017\\\/08\\\/05\\\/celebran-centenario-antonio-lauro\\\/#primaryimage\"},\"thumbnailUrl\":\"https:\\\/\\\/digital58.com.ve\\\/site\\\/wp-content\\\/uploads\\\/2017\\\/08\\\/antonio-lauro.jpg\",\"keywords\":[\"Antonio Lauro\",\"Caracas\",\"Centenario Antonio Lauro\",\"Centro Cultural BOD\",\"Conicertos Sinf\u00f3nicos\",\"Escuela Superior de M\u00fascia de Jos\u00e9 \u00c1ngel Lamas\",\"Gala\",\"Homenajes\",\"Nacionales\",\"Venezuela\"],\"articleSection\":[\"\u00bfD\u00f3nde ir Caracas?\",\"Artes\"],\"inLanguage\":\"es\",\"potentialAction\":[{\"@type\":\"CommentAction\",\"name\":\"Comment\",\"target\":[\"https:\\\/\\\/digital58.com.ve\\\/site\\\/2017\\\/08\\\/05\\\/celebran-centenario-antonio-lauro\\\/#respond\"]}]},{\"@type\":\"WebPage\",\"@id\":\"https:\\\/\\\/digital58.com.ve\\\/site\\\/2017\\\/08\\\/05\\\/celebran-centenario-antonio-lauro\\\/\",\"url\":\"https:\\\/\\\/digital58.com.ve\\\/site\\\/2017\\\/08\\\/05\\\/celebran-centenario-antonio-lauro\\\/\",\"name\":\"Celebran Centenario Antonio Lauro\",\"isPartOf\":{\"@id\":\"https:\\\/\\\/digital58.com.ve\\\/site\\\/#website\"},\"primaryImageOfPage\":{\"@id\":\"https:\\\/\\\/digital58.com.ve\\\/site\\\/2017\\\/08\\\/05\\\/celebran-centenario-antonio-lauro\\\/#primaryimage\"},\"image\":{\"@id\":\"https:\\\/\\\/digital58.com.ve\\\/site\\\/2017\\\/08\\\/05\\\/celebran-centenario-antonio-lauro\\\/#primaryimage\"},\"thumbnailUrl\":\"https:\\\/\\\/digital58.com.ve\\\/site\\\/wp-content\\\/uploads\\\/2017\\\/08\\\/antonio-lauro.jpg\",\"datePublished\":\"2017-08-05T14:42:35+00:00\",\"breadcrumb\":{\"@id\":\"https:\\\/\\\/digital58.com.ve\\\/site\\\/2017\\\/08\\\/05\\\/celebran-centenario-antonio-lauro\\\/#breadcrumb\"},\"inLanguage\":\"es\",\"potentialAction\":[{\"@type\":\"ReadAction\",\"target\":[\"https:\\\/\\\/digital58.com.ve\\\/site\\\/2017\\\/08\\\/05\\\/celebran-centenario-antonio-lauro\\\/\"]}]},{\"@type\":\"ImageObject\",\"inLanguage\":\"es\",\"@id\":\"https:\\\/\\\/digital58.com.ve\\\/site\\\/2017\\\/08\\\/05\\\/celebran-centenario-antonio-lauro\\\/#primaryimage\",\"url\":\"https:\\\/\\\/digital58.com.ve\\\/site\\\/wp-content\\\/uploads\\\/2017\\\/08\\\/antonio-lauro.jpg\",\"contentUrl\":\"https:\\\/\\\/digital58.com.ve\\\/site\\\/wp-content\\\/uploads\\\/2017\\\/08\\\/antonio-lauro.jpg\",\"width\":670,\"height\":351},{\"@type\":\"BreadcrumbList\",\"@id\":\"https:\\\/\\\/digital58.com.ve\\\/site\\\/2017\\\/08\\\/05\\\/celebran-centenario-antonio-lauro\\\/#breadcrumb\",\"itemListElement\":[{\"@type\":\"ListItem\",\"position\":1,\"name\":\"Home\",\"item\":\"https:\\\/\\\/digital58.com.ve\\\/site\\\/\"},{\"@type\":\"ListItem\",\"position\":2,\"name\":\"Celebran Centenario Antonio Lauro\"}]},{\"@type\":\"WebSite\",\"@id\":\"https:\\\/\\\/digital58.com.ve\\\/site\\\/#website\",\"url\":\"https:\\\/\\\/digital58.com.ve\\\/site\\\/\",\"name\":\"Noticias Digital58\",\"description\":\"Portal de Noticias \u00a1Periodismo web de verdad! Lanzamiento web 22.11.2005 \\\/ Maracaibo, Venezuela\",\"publisher\":{\"@id\":\"https:\\\/\\\/digital58.com.ve\\\/site\\\/#\\\/schema\\\/person\\\/64d1c2e4d0d4fd1b849980c4331c2951\"},\"alternateName\":\"ND58\",\"potentialAction\":[{\"@type\":\"SearchAction\",\"target\":{\"@type\":\"EntryPoint\",\"urlTemplate\":\"https:\\\/\\\/digital58.com.ve\\\/site\\\/?s={search_term_string}\"},\"query-input\":{\"@type\":\"PropertyValueSpecification\",\"valueRequired\":true,\"valueName\":\"search_term_string\"}}],\"inLanguage\":\"es\"},{\"@type\":[\"Person\",\"Organization\"],\"@id\":\"https:\\\/\\\/digital58.com.ve\\\/site\\\/#\\\/schema\\\/person\\\/64d1c2e4d0d4fd1b849980c4331c2951\",\"name\":\"Villasmil Henry\",\"image\":{\"@type\":\"ImageObject\",\"inLanguage\":\"es\",\"@id\":\"https:\\\/\\\/secure.gravatar.com\\\/avatar\\\/bb0c4a2fcb7970138239f7e404ea75757b1b507b28b5ce4c53fbd62d797c5a7c?s=96&d=mm&r=g\",\"url\":\"https:\\\/\\\/secure.gravatar.com\\\/avatar\\\/bb0c4a2fcb7970138239f7e404ea75757b1b507b28b5ce4c53fbd62d797c5a7c?s=96&d=mm&r=g\",\"contentUrl\":\"https:\\\/\\\/secure.gravatar.com\\\/avatar\\\/bb0c4a2fcb7970138239f7e404ea75757b1b507b28b5ce4c53fbd62d797c5a7c?s=96&d=mm&r=g\",\"caption\":\"Villasmil Henry\"},\"logo\":{\"@id\":\"https:\\\/\\\/secure.gravatar.com\\\/avatar\\\/bb0c4a2fcb7970138239f7e404ea75757b1b507b28b5ce4c53fbd62d797c5a7c?s=96&d=mm&r=g\"},\"sameAs\":[\"http:\\\/\\\/www.henryvillasmil.com.ve\",\"https:\\\/\\\/www.instagram.com\\\/villasmilhfoto\\\/\",\"https:\\\/\\\/x.com\\\/https:\\\/\\\/twitter.com\\\/villasmilhfoto\"],\"url\":\"https:\\\/\\\/digital58.com.ve\\\/site\\\/author\\\/droopy_68\\\/\"}]}<\/script>\n<!-- \/ Yoast SEO plugin. -->","yoast_head_json":{"title":"Celebran Centenario Antonio Lauro","robots":{"index":"index","follow":"follow","max-snippet":"max-snippet:-1","max-image-preview":"max-image-preview:large","max-video-preview":"max-video-preview:-1"},"canonical":"https:\/\/digital58.com.ve\/site\/2017\/08\/05\/celebran-centenario-antonio-lauro\/","og_locale":"es_ES","og_type":"article","og_title":"Celebran Centenario Antonio Lauro","og_url":"https:\/\/digital58.com.ve\/site\/2017\/08\/05\/celebran-centenario-antonio-lauro\/","og_site_name":"Noticias Digital58","article_published_time":"2017-08-05T14:42:35+00:00","og_image":[{"width":670,"height":351,"url":"https:\/\/digital58.com.ve\/site\/wp-content\/uploads\/2017\/08\/antonio-lauro.jpg","type":"image\/jpeg"}],"author":"Villasmil Henry","twitter_card":"summary_large_image","twitter_creator":"@https:\/\/twitter.com\/villasmilhfoto","twitter_site":"@villasmilhfoto","twitter_misc":{"Escrito por":"Villasmil Henry","Tiempo estimado de lectura":"1 minuto"},"schema":{"@context":"https:\/\/schema.org","@graph":[{"@type":"Article","@id":"https:\/\/digital58.com.ve\/site\/2017\/08\/05\/celebran-centenario-antonio-lauro\/#article","isPartOf":{"@id":"https:\/\/digital58.com.ve\/site\/2017\/08\/05\/celebran-centenario-antonio-lauro\/"},"author":{"name":"Villasmil Henry","@id":"https:\/\/digital58.com.ve\/site\/#\/schema\/person\/64d1c2e4d0d4fd1b849980c4331c2951"},"headline":"Celebran Centenario Antonio Lauro","datePublished":"2017-08-05T14:42:35+00:00","mainEntityOfPage":{"@id":"https:\/\/digital58.com.ve\/site\/2017\/08\/05\/celebran-centenario-antonio-lauro\/"},"wordCount":258,"commentCount":0,"publisher":{"@id":"https:\/\/digital58.com.ve\/site\/#\/schema\/person\/64d1c2e4d0d4fd1b849980c4331c2951"},"image":{"@id":"https:\/\/digital58.com.ve\/site\/2017\/08\/05\/celebran-centenario-antonio-lauro\/#primaryimage"},"thumbnailUrl":"https:\/\/digital58.com.ve\/site\/wp-content\/uploads\/2017\/08\/antonio-lauro.jpg","keywords":["Antonio Lauro","Caracas","Centenario Antonio Lauro","Centro Cultural BOD","Conicertos Sinf\u00f3nicos","Escuela Superior de M\u00fascia de Jos\u00e9 \u00c1ngel Lamas","Gala","Homenajes","Nacionales","Venezuela"],"articleSection":["\u00bfD\u00f3nde ir Caracas?","Artes"],"inLanguage":"es","potentialAction":[{"@type":"CommentAction","name":"Comment","target":["https:\/\/digital58.com.ve\/site\/2017\/08\/05\/celebran-centenario-antonio-lauro\/#respond"]}]},{"@type":"WebPage","@id":"https:\/\/digital58.com.ve\/site\/2017\/08\/05\/celebran-centenario-antonio-lauro\/","url":"https:\/\/digital58.com.ve\/site\/2017\/08\/05\/celebran-centenario-antonio-lauro\/","name":"Celebran Centenario Antonio Lauro","isPartOf":{"@id":"https:\/\/digital58.com.ve\/site\/#website"},"primaryImageOfPage":{"@id":"https:\/\/digital58.com.ve\/site\/2017\/08\/05\/celebran-centenario-antonio-lauro\/#primaryimage"},"image":{"@id":"https:\/\/digital58.com.ve\/site\/2017\/08\/05\/celebran-centenario-antonio-lauro\/#primaryimage"},"thumbnailUrl":"https:\/\/digital58.com.ve\/site\/wp-content\/uploads\/2017\/08\/antonio-lauro.jpg","datePublished":"2017-08-05T14:42:35+00:00","breadcrumb":{"@id":"https:\/\/digital58.com.ve\/site\/2017\/08\/05\/celebran-centenario-antonio-lauro\/#breadcrumb"},"inLanguage":"es","potentialAction":[{"@type":"ReadAction","target":["https:\/\/digital58.com.ve\/site\/2017\/08\/05\/celebran-centenario-antonio-lauro\/"]}]},{"@type":"ImageObject","inLanguage":"es","@id":"https:\/\/digital58.com.ve\/site\/2017\/08\/05\/celebran-centenario-antonio-lauro\/#primaryimage","url":"https:\/\/digital58.com.ve\/site\/wp-content\/uploads\/2017\/08\/antonio-lauro.jpg","contentUrl":"https:\/\/digital58.com.ve\/site\/wp-content\/uploads\/2017\/08\/antonio-lauro.jpg","width":670,"height":351},{"@type":"BreadcrumbList","@id":"https:\/\/digital58.com.ve\/site\/2017\/08\/05\/celebran-centenario-antonio-lauro\/#breadcrumb","itemListElement":[{"@type":"ListItem","position":1,"name":"Home","item":"https:\/\/digital58.com.ve\/site\/"},{"@type":"ListItem","position":2,"name":"Celebran Centenario Antonio Lauro"}]},{"@type":"WebSite","@id":"https:\/\/digital58.com.ve\/site\/#website","url":"https:\/\/digital58.com.ve\/site\/","name":"Noticias Digital58","description":"Portal de Noticias \u00a1Periodismo web de verdad! Lanzamiento web 22.11.2005 \/ Maracaibo, Venezuela","publisher":{"@id":"https:\/\/digital58.com.ve\/site\/#\/schema\/person\/64d1c2e4d0d4fd1b849980c4331c2951"},"alternateName":"ND58","potentialAction":[{"@type":"SearchAction","target":{"@type":"EntryPoint","urlTemplate":"https:\/\/digital58.com.ve\/site\/?s={search_term_string}"},"query-input":{"@type":"PropertyValueSpecification","valueRequired":true,"valueName":"search_term_string"}}],"inLanguage":"es"},{"@type":["Person","Organization"],"@id":"https:\/\/digital58.com.ve\/site\/#\/schema\/person\/64d1c2e4d0d4fd1b849980c4331c2951","name":"Villasmil Henry","image":{"@type":"ImageObject","inLanguage":"es","@id":"https:\/\/secure.gravatar.com\/avatar\/bb0c4a2fcb7970138239f7e404ea75757b1b507b28b5ce4c53fbd62d797c5a7c?s=96&d=mm&r=g","url":"https:\/\/secure.gravatar.com\/avatar\/bb0c4a2fcb7970138239f7e404ea75757b1b507b28b5ce4c53fbd62d797c5a7c?s=96&d=mm&r=g","contentUrl":"https:\/\/secure.gravatar.com\/avatar\/bb0c4a2fcb7970138239f7e404ea75757b1b507b28b5ce4c53fbd62d797c5a7c?s=96&d=mm&r=g","caption":"Villasmil Henry"},"logo":{"@id":"https:\/\/secure.gravatar.com\/avatar\/bb0c4a2fcb7970138239f7e404ea75757b1b507b28b5ce4c53fbd62d797c5a7c?s=96&d=mm&r=g"},"sameAs":["http:\/\/www.henryvillasmil.com.ve","https:\/\/www.instagram.com\/villasmilhfoto\/","https:\/\/x.com\/https:\/\/twitter.com\/villasmilhfoto"],"url":"https:\/\/digital58.com.ve\/site\/author\/droopy_68\/"}]}},"uagb_featured_image_src":{"full":["https:\/\/digital58.com.ve\/site\/wp-content\/uploads\/2017\/08\/antonio-lauro.jpg",670,351,false],"thumbnail":["https:\/\/digital58.com.ve\/site\/wp-content\/uploads\/2017\/08\/antonio-lauro-150x150.jpg",150,150,true],"medium":["https:\/\/digital58.com.ve\/site\/wp-content\/uploads\/2017\/08\/antonio-lauro-300x157.jpg",300,157,true],"medium_large":["https:\/\/digital58.com.ve\/site\/wp-content\/uploads\/2017\/08\/antonio-lauro.jpg",670,351,false],"large":["https:\/\/digital58.com.ve\/site\/wp-content\/uploads\/2017\/08\/antonio-lauro.jpg",670,351,false],"1536x1536":["https:\/\/digital58.com.ve\/site\/wp-content\/uploads\/2017\/08\/antonio-lauro.jpg",670,351,false],"2048x2048":["https:\/\/digital58.com.ve\/site\/wp-content\/uploads\/2017\/08\/antonio-lauro.jpg",670,351,false],"colormag-highlighted-post":["https:\/\/digital58.com.ve\/site\/wp-content\/uploads\/2017\/08\/antonio-lauro.jpg",392,205,false],"colormag-featured-post-medium":["https:\/\/digital58.com.ve\/site\/wp-content\/uploads\/2017\/08\/antonio-lauro.jpg",390,205,false],"colormag-featured-post-small":["https:\/\/digital58.com.ve\/site\/wp-content\/uploads\/2017\/08\/antonio-lauro.jpg",130,68,false],"colormag-featured-image":["https:\/\/digital58.com.ve\/site\/wp-content\/uploads\/2017\/08\/antonio-lauro.jpg",670,351,false],"colormag-default-news":["https:\/\/digital58.com.ve\/site\/wp-content\/uploads\/2017\/08\/antonio-lauro.jpg",150,79,false],"colormag-featured-image-large":["https:\/\/digital58.com.ve\/site\/wp-content\/uploads\/2017\/08\/antonio-lauro.jpg",670,351,false]},"uagb_author_info":{"display_name":"Villasmil Henry","author_link":"https:\/\/digital58.com.ve\/site\/author\/droopy_68\/"},"uagb_comment_info":0,"uagb_excerpt":"Este domingo, 06 de agosto, a las 4.00 de la tarde, en el Centro Cultural BOD se realizar\u00e1 la Gala","_links":{"self":[{"href":"https:\/\/digital58.com.ve\/site\/wp-json\/wp\/v2\/posts\/68403","targetHints":{"allow":["GET"]}}],"collection":[{"href":"https:\/\/digital58.com.ve\/site\/wp-json\/wp\/v2\/posts"}],"about":[{"href":"https:\/\/digital58.com.ve\/site\/wp-json\/wp\/v2\/types\/post"}],"author":[{"embeddable":true,"href":"https:\/\/digital58.com.ve\/site\/wp-json\/wp\/v2\/users\/1"}],"replies":[{"embeddable":true,"href":"https:\/\/digital58.com.ve\/site\/wp-json\/wp\/v2\/comments?post=68403"}],"version-history":[{"count":0,"href":"https:\/\/digital58.com.ve\/site\/wp-json\/wp\/v2\/posts\/68403\/revisions"}],"wp:featuredmedia":[{"embeddable":true,"href":"https:\/\/digital58.com.ve\/site\/wp-json\/wp\/v2\/media\/68404"}],"wp:attachment":[{"href":"https:\/\/digital58.com.ve\/site\/wp-json\/wp\/v2\/media?parent=68403"}],"wp:term":[{"taxonomy":"category","embeddable":true,"href":"https:\/\/digital58.com.ve\/site\/wp-json\/wp\/v2\/categories?post=68403"},{"taxonomy":"post_tag","embeddable":true,"href":"https:\/\/digital58.com.ve\/site\/wp-json\/wp\/v2\/tags?post=68403"}],"curies":[{"name":"wp","href":"https:\/\/api.w.org\/{rel}","templated":true}]}}