{"id":68595,"date":"2017-08-08T07:00:14","date_gmt":"2017-08-08T11:00:14","guid":{"rendered":"http:\/\/digital58.com.ve\/site\/?p=68595"},"modified":"2017-08-07T21:17:39","modified_gmt":"2017-08-08T01:17:39","slug":"un-dia-como-hoy-nace-simon-diaz-el-tio-simon","status":"publish","type":"post","link":"https:\/\/digital58.com.ve\/site\/2017\/08\/08\/un-dia-como-hoy-nace-simon-diaz-el-tio-simon\/","title":{"rendered":"Un d\u00eda como hoy nace Sim\u00f3n D\u00edaz \u00abEl t\u00edo Sim\u00f3n\u00bb"},"content":{"rendered":"<p><a href=\"http:\/\/digital58.com.ve\/site\/wp-content\/uploads\/2017\/08\/tio-simon-1.jpg\"><img loading=\"lazy\" decoding=\"async\" class=\"aligncenter size-full wp-image-68596\" src=\"http:\/\/digital58.com.ve\/site\/wp-content\/uploads\/2017\/08\/tio-simon-1.jpg\" alt=\"\" width=\"635\" height=\"358\" srcset=\"https:\/\/digital58.com.ve\/site\/wp-content\/uploads\/2017\/08\/tio-simon-1.jpg 635w, https:\/\/digital58.com.ve\/site\/wp-content\/uploads\/2017\/08\/tio-simon-1-300x169.jpg 300w\" sizes=\"auto, (max-width: 635px) 100vw, 635px\" \/><\/a><\/p>\n<p>Un d\u00eda como hoy, en 1928, naci\u00f3 Sim\u00f3n Narciso D\u00edaz, mejor conocido como \u00abT\u00edo Sim\u00f3n\u00bb, en Barbacoas, Venezuela, fue un cantante, m\u00fasico, compositor, poeta, humorista, caricaturista y empresario venezolano. Fallece en Caracas el 19 de febrero de 2014, a la edad de 85 a\u00f1os, tras un deterioro progresivo de su salud.<\/p>\n<p><strong>Caracas, DC, Venezuela, 08 de agosto de 2017 (D58).-<\/strong> Hoy recordamos al \u00abT\u00edo Sim\u00f3n\u00bb, en su fecha de nacimiento, tras su fallecimiento en 2014. Fue uno de los ocho hijos del matrimonio de Juan D\u00edaz y de Mar\u00eda M\u00e1rquez de D\u00edaz; uno de sus hermanos fue el tambi\u00e9n fallecido actor y comediante venezolano Joselo D\u00edaz. Estuvo inmerso tanto en la m\u00fasica como en la vida campesina desde ni\u00f1o.<\/p>\n<p>Su formaci\u00f3n musical se origino en casa, en donde su padre le ense\u00f1\u00f3 lo b\u00e1sico. Juan D\u00edaz tocaba el cornet\u00edn en la banda del pueblo y lo anim\u00f3 a aprender a tocar el cuatro venezolano, a componer y cantar boleros.<\/p>\n<p>Tras la muerte de su padre, en 1940, se traslada con sus siete hermanos y su madre a San Juan de los Morros. All\u00ed logra culminar sus estudios de primaria y recibir, formalmente, sus primeras lecciones de m\u00fasica, con el maestro Ram\u00f3n Ziegler.<\/p>\n<p>\u00abA los 12 a\u00f1os muri\u00f3 mi pap\u00e1 y me toc\u00f3 a m\u00ed ser el hombre de la familia\u00bb, relat\u00f3 D\u00edaz en una oportunidad. En aquel entonces, dedic\u00f3 buena parte de su tiempo a vender dulces, empanadas y otras comidas preparadas por su madre para sostener a sus siete hermanos.<\/p>\n<p><a href=\"http:\/\/digital58.com.ve\/site\/wp-content\/uploads\/2017\/08\/tio-simon-2.jpg\"><img loading=\"lazy\" decoding=\"async\" class=\"aligncenter size-large wp-image-68597\" src=\"http:\/\/digital58.com.ve\/site\/wp-content\/uploads\/2017\/08\/tio-simon-2-1500x1000.jpg\" alt=\"\" width=\"640\" height=\"427\" srcset=\"https:\/\/digital58.com.ve\/site\/wp-content\/uploads\/2017\/08\/tio-simon-2-1500x1000.jpg 1500w, https:\/\/digital58.com.ve\/site\/wp-content\/uploads\/2017\/08\/tio-simon-2-300x200.jpg 300w, https:\/\/digital58.com.ve\/site\/wp-content\/uploads\/2017\/08\/tio-simon-2-768x512.jpg 768w, https:\/\/digital58.com.ve\/site\/wp-content\/uploads\/2017\/08\/tio-simon-2-720x480.jpg 720w, https:\/\/digital58.com.ve\/site\/wp-content\/uploads\/2017\/08\/tio-simon-2-480x320.jpg 480w, https:\/\/digital58.com.ve\/site\/wp-content\/uploads\/2017\/08\/tio-simon-2.jpg 800w\" sizes=\"auto, (max-width: 640px) 100vw, 640px\" \/><\/a><\/p>\n<p><strong>Incursi\u00f3n en el cine, radio y televisi\u00f3n<\/strong><\/p>\n<p>Su carrera televisiva comenz\u00f3 en 1960 con el programa \u00abLa Quinta de Sim\u00f3n\u00bb y continu\u00f3 con espacios tales como \u00abReina por un D\u00eda\u00bb, \u00abCriollo y Sabroso\u00bb, \u00abMi llanero favorito\u00bb, \u00abVenezolanamente\u00bb, \u00abSim\u00f3n cuenta y canta\u00bb, \u00abPido la palabra\u00bb, \u00abEl Show de Joselo\u00bb y \u00abSim\u00f3n y Contesta por T\u00edo Sim\u00f3n\u00bb.<\/p>\n<p>En 1978, iniciar\u00eda un nuevo espacio en el canal estatal Venezolana de Televisi\u00f3n titulado \u00abLas Artes y Los Oficios\u00bb, del cual solo grab\u00f3 un programa junto al actor y declamador venezolano Oscar Mart\u00ednez, quien falleci\u00f3 en un accidente una semana despu\u00e9s, por lo que el espacio fue cancelado.<\/p>\n<p>Su carrera en televisi\u00f3n se extendi\u00f3 hasta los a\u00f1os 1990 con otros programas en los que promov\u00eda la m\u00fasica y tradiciones venezolanas.<\/p>\n<p>En 1963, Sim\u00f3n D\u00edaz hace su primera aparici\u00f3n en el cine en la cinta \u00abCuentos para mayores\u00bb, dirigida por Rom\u00e1n Chalbaud, a la que seguir\u00edan, en participaciones como actor, las producciones: \u00abIsla de sal\u00bb (1964), \u00abEl reportero\u00bb (1966), \u00abLa bomba\u00bb (1975), \u00abFiebre\u00bb (1976), \u00abLa invasi\u00f3n\u00bb (1977) y \u00abLa empresa perdona un momento de locura\u00bb (1978), en las cuales los papeles asignados al artista oscilaron entre lo humor\u00edstico y lo dram\u00e1tico.<\/p>\n<p>La radio tambi\u00e9n sirvi\u00f3 para afianzar la popularidad del int\u00e9rprete. El espacio \u00abMedia Hora\u00bb con Joselo y Sim\u00f3n, era una mezcla de m\u00fasica y humor que realiz\u00f3 con su hermano a trav\u00e9s de la emisora venezolana Radio Rumbos a las 6.30 de la tarde; all\u00ed tambi\u00e9n present\u00f3 \u00abRumbos, Coplas y Canciones\u00bb el cual se mantuvo durante muchos a\u00f1os al aire con altos \u00edndices de sinton\u00eda, con la participaci\u00f3n de la vocalista Josefina Rodr\u00edguez y el m\u00fasico Vicente Flores, con su conjunto.<\/p>\n<p><a href=\"http:\/\/digital58.com.ve\/site\/wp-content\/uploads\/2017\/08\/tio-simon-3.jpg\"><img loading=\"lazy\" decoding=\"async\" class=\"aligncenter wp-image-68598\" src=\"http:\/\/digital58.com.ve\/site\/wp-content\/uploads\/2017\/08\/tio-simon-3.jpg\" alt=\"\" width=\"640\" height=\"354\" srcset=\"https:\/\/digital58.com.ve\/site\/wp-content\/uploads\/2017\/08\/tio-simon-3.jpg 800w, https:\/\/digital58.com.ve\/site\/wp-content\/uploads\/2017\/08\/tio-simon-3-300x166.jpg 300w, https:\/\/digital58.com.ve\/site\/wp-content\/uploads\/2017\/08\/tio-simon-3-768x425.jpg 768w\" sizes=\"auto, (max-width: 640px) 100vw, 640px\" \/><\/a><\/p>\n<p><strong>Fallecimiento<\/strong><\/p>\n<p>El \u00abT\u00edo Sim\u00f3n\u00bb falleci\u00f3 a la edad de 85 a\u00f1os en Caracas, el 19 de febrero de 2014, tras el deterioro progresivo de su salud.<\/p>\n<p>Su hija, Bettsymar D\u00edaz, anunci\u00f3 su fallecimiento a trav\u00e9s de su cuenta personal de twitter, escribiendo textualmente: \u00abCon l\u00e1grimas le anuncio al pa\u00eds que mi amado padre, parti\u00f3 esta ma\u00f1ana, en paz\u00bb.<\/p>\n<p>La importancia del artista hizo que el Gobierno venezolano decretara tres d\u00edas de luto oficial por su desaparici\u00f3n f\u00edsica.<\/p><div class=\"swxgz69f4cdfd9313d\" ><p style=\"text-align: center;\"><a href=\"https:\/\/t.me\/noticiasdigital58\" target=\"_blank\" rel=\"noopener\"><img class=\"aligncenter size-full wp-image-125363\" src=\"https:\/\/digital58.com.ve\/site\/wp-content\/uploads\/2021\/04\/banner-telegram-web-2021.png\" alt=\"\" width=\"600\" height=\"90\" \/><\/a><\/p><\/div><style type=\"text\/css\">\r\n@media screen and (min-width: 1201px) {\r\n.swxgz69f4cdfd9313d {\r\ndisplay: block;\r\n}\r\n}\r\n@media screen and (min-width: 993px) and (max-width: 1200px) {\r\n.swxgz69f4cdfd9313d {\r\ndisplay: block;\r\n}\r\n}\r\n@media screen and (min-width: 769px) and (max-width: 992px) {\r\n.swxgz69f4cdfd9313d {\r\ndisplay: block;\r\n}\r\n}\r\n@media screen and (min-width: 768px) and (max-width: 768px) {\r\n.swxgz69f4cdfd9313d {\r\ndisplay: block;\r\n}\r\n}\r\n@media screen and (max-width: 767px) {\r\n.swxgz69f4cdfd9313d {\r\ndisplay: block;\r\n}\r\n}\r\n<\/style>\r\n\n<p><strong>Redacci\u00f3n y fuente: Agencias<\/strong><br \/>\n<strong>Edici\u00f3n: <a href=\"https:\/\/www.instagram.com\/raquelsofiavera\/\" target=\"_blank\" rel=\"noopener\">Vera, Raquel<\/a><\/strong><br \/>\n<strong>Fotos: Google<\/strong><\/p>\n<div style=\"margin-top: 0px; margin-bottom: 0px;\" class=\"sharethis-inline-share-buttons\" ><\/div>","protected":false},"excerpt":{"rendered":"<p>Un d\u00eda como hoy, en 1928, naci\u00f3 Sim\u00f3n Narciso D\u00edaz, mejor conocido como \u00abT\u00edo Sim\u00f3n\u00bb, en Barbacoas, Venezuela, fue un<\/p>\n","protected":false},"author":1,"featured_media":68597,"comment_status":"open","ping_status":"closed","sticky":false,"template":"","format":"standard","meta":{"colormag_page_container_layout":"default_layout","colormag_page_sidebar_layout":"default_layout","_uag_custom_page_level_css":"","footnotes":""},"categories":[1],"tags":[5087,5855,159,61,1280,233,2161,1600,32],"class_list":["post-68595","post","type-post","status-publish","format-standard","has-post-thumbnail","hentry","category-fama","tag-biografias","tag-cantautor","tag-efemerides","tag-musica","tag-nacimientos","tag-nacionales","tag-simon-diaz","tag-tio-simon","tag-venezuela"],"yoast_head":"<!-- This site is optimized with the Yoast SEO plugin v27.5 - https:\/\/yoast.com\/product\/yoast-seo-wordpress\/ -->\n<title>Un d\u00eda como hoy nace Sim\u00f3n D\u00edaz \u00abEl t\u00edo Sim\u00f3n\u00bb<\/title>\n<meta name=\"robots\" content=\"index, follow, max-snippet:-1, max-image-preview:large, max-video-preview:-1\" \/>\n<link rel=\"canonical\" href=\"https:\/\/digital58.com.ve\/site\/2017\/08\/08\/un-dia-como-hoy-nace-simon-diaz-el-tio-simon\/\" \/>\n<meta property=\"og:locale\" content=\"es_ES\" \/>\n<meta property=\"og:type\" content=\"article\" \/>\n<meta property=\"og:title\" content=\"Un d\u00eda como hoy nace Sim\u00f3n D\u00edaz \u00abEl t\u00edo Sim\u00f3n\u00bb\" \/>\n<meta property=\"og:url\" content=\"https:\/\/digital58.com.ve\/site\/2017\/08\/08\/un-dia-como-hoy-nace-simon-diaz-el-tio-simon\/\" \/>\n<meta property=\"og:site_name\" content=\"Noticias Digital58\" \/>\n<meta property=\"article:published_time\" content=\"2017-08-08T11:00:14+00:00\" \/>\n<meta property=\"og:image\" content=\"https:\/\/digital58.com.ve\/site\/wp-content\/uploads\/2017\/08\/tio-simon-2.jpg\" \/>\n\t<meta property=\"og:image:width\" content=\"1500\" \/>\n\t<meta property=\"og:image:height\" content=\"1000\" \/>\n\t<meta property=\"og:image:type\" content=\"image\/jpeg\" \/>\n<meta name=\"author\" content=\"Villasmil Henry\" \/>\n<meta name=\"twitter:card\" content=\"summary_large_image\" \/>\n<meta name=\"twitter:creator\" content=\"@https:\/\/twitter.com\/villasmilhfoto\" \/>\n<meta name=\"twitter:site\" content=\"@villasmilhfoto\" \/>\n<meta name=\"twitter:label1\" content=\"Escrito por\" \/>\n\t<meta name=\"twitter:data1\" content=\"Villasmil Henry\" \/>\n\t<meta name=\"twitter:label2\" content=\"Tiempo estimado de lectura\" \/>\n\t<meta name=\"twitter:data2\" content=\"3 minutos\" \/>\n<script type=\"application\/ld+json\" class=\"yoast-schema-graph\">{\"@context\":\"https:\\\/\\\/schema.org\",\"@graph\":[{\"@type\":\"Article\",\"@id\":\"https:\\\/\\\/digital58.com.ve\\\/site\\\/2017\\\/08\\\/08\\\/un-dia-como-hoy-nace-simon-diaz-el-tio-simon\\\/#article\",\"isPartOf\":{\"@id\":\"https:\\\/\\\/digital58.com.ve\\\/site\\\/2017\\\/08\\\/08\\\/un-dia-como-hoy-nace-simon-diaz-el-tio-simon\\\/\"},\"author\":{\"name\":\"Villasmil Henry\",\"@id\":\"https:\\\/\\\/digital58.com.ve\\\/site\\\/#\\\/schema\\\/person\\\/64d1c2e4d0d4fd1b849980c4331c2951\"},\"headline\":\"Un d\u00eda como hoy nace Sim\u00f3n D\u00edaz \u00abEl t\u00edo Sim\u00f3n\u00bb\",\"datePublished\":\"2017-08-08T11:00:14+00:00\",\"mainEntityOfPage\":{\"@id\":\"https:\\\/\\\/digital58.com.ve\\\/site\\\/2017\\\/08\\\/08\\\/un-dia-como-hoy-nace-simon-diaz-el-tio-simon\\\/\"},\"wordCount\":679,\"commentCount\":0,\"publisher\":{\"@id\":\"https:\\\/\\\/digital58.com.ve\\\/site\\\/#\\\/schema\\\/person\\\/64d1c2e4d0d4fd1b849980c4331c2951\"},\"image\":{\"@id\":\"https:\\\/\\\/digital58.com.ve\\\/site\\\/2017\\\/08\\\/08\\\/un-dia-como-hoy-nace-simon-diaz-el-tio-simon\\\/#primaryimage\"},\"thumbnailUrl\":\"https:\\\/\\\/digital58.com.ve\\\/site\\\/wp-content\\\/uploads\\\/2017\\\/08\\\/tio-simon-2.jpg\",\"keywords\":[\"Biograf\u00edas\",\"cantautor\",\"Efem\u00e9rides\",\"M\u00fasica\",\"Nacimientos\",\"Nacionales\",\"Sim\u00f3n D\u00edaz\",\"T\u00edo Sim\u00f3n\",\"Venezuela\"],\"articleSection\":[\"Fama\"],\"inLanguage\":\"es\",\"potentialAction\":[{\"@type\":\"CommentAction\",\"name\":\"Comment\",\"target\":[\"https:\\\/\\\/digital58.com.ve\\\/site\\\/2017\\\/08\\\/08\\\/un-dia-como-hoy-nace-simon-diaz-el-tio-simon\\\/#respond\"]}]},{\"@type\":\"WebPage\",\"@id\":\"https:\\\/\\\/digital58.com.ve\\\/site\\\/2017\\\/08\\\/08\\\/un-dia-como-hoy-nace-simon-diaz-el-tio-simon\\\/\",\"url\":\"https:\\\/\\\/digital58.com.ve\\\/site\\\/2017\\\/08\\\/08\\\/un-dia-como-hoy-nace-simon-diaz-el-tio-simon\\\/\",\"name\":\"Un d\u00eda como hoy nace Sim\u00f3n D\u00edaz \u00abEl t\u00edo Sim\u00f3n\u00bb\",\"isPartOf\":{\"@id\":\"https:\\\/\\\/digital58.com.ve\\\/site\\\/#website\"},\"primaryImageOfPage\":{\"@id\":\"https:\\\/\\\/digital58.com.ve\\\/site\\\/2017\\\/08\\\/08\\\/un-dia-como-hoy-nace-simon-diaz-el-tio-simon\\\/#primaryimage\"},\"image\":{\"@id\":\"https:\\\/\\\/digital58.com.ve\\\/site\\\/2017\\\/08\\\/08\\\/un-dia-como-hoy-nace-simon-diaz-el-tio-simon\\\/#primaryimage\"},\"thumbnailUrl\":\"https:\\\/\\\/digital58.com.ve\\\/site\\\/wp-content\\\/uploads\\\/2017\\\/08\\\/tio-simon-2.jpg\",\"datePublished\":\"2017-08-08T11:00:14+00:00\",\"breadcrumb\":{\"@id\":\"https:\\\/\\\/digital58.com.ve\\\/site\\\/2017\\\/08\\\/08\\\/un-dia-como-hoy-nace-simon-diaz-el-tio-simon\\\/#breadcrumb\"},\"inLanguage\":\"es\",\"potentialAction\":[{\"@type\":\"ReadAction\",\"target\":[\"https:\\\/\\\/digital58.com.ve\\\/site\\\/2017\\\/08\\\/08\\\/un-dia-como-hoy-nace-simon-diaz-el-tio-simon\\\/\"]}]},{\"@type\":\"ImageObject\",\"inLanguage\":\"es\",\"@id\":\"https:\\\/\\\/digital58.com.ve\\\/site\\\/2017\\\/08\\\/08\\\/un-dia-como-hoy-nace-simon-diaz-el-tio-simon\\\/#primaryimage\",\"url\":\"https:\\\/\\\/digital58.com.ve\\\/site\\\/wp-content\\\/uploads\\\/2017\\\/08\\\/tio-simon-2.jpg\",\"contentUrl\":\"https:\\\/\\\/digital58.com.ve\\\/site\\\/wp-content\\\/uploads\\\/2017\\\/08\\\/tio-simon-2.jpg\",\"width\":800,\"height\":533},{\"@type\":\"BreadcrumbList\",\"@id\":\"https:\\\/\\\/digital58.com.ve\\\/site\\\/2017\\\/08\\\/08\\\/un-dia-como-hoy-nace-simon-diaz-el-tio-simon\\\/#breadcrumb\",\"itemListElement\":[{\"@type\":\"ListItem\",\"position\":1,\"name\":\"Home\",\"item\":\"https:\\\/\\\/digital58.com.ve\\\/site\\\/\"},{\"@type\":\"ListItem\",\"position\":2,\"name\":\"Un d\u00eda como hoy nace Sim\u00f3n D\u00edaz \u00abEl t\u00edo Sim\u00f3n\u00bb\"}]},{\"@type\":\"WebSite\",\"@id\":\"https:\\\/\\\/digital58.com.ve\\\/site\\\/#website\",\"url\":\"https:\\\/\\\/digital58.com.ve\\\/site\\\/\",\"name\":\"Noticias Digital58\",\"description\":\"Portal de Noticias \u00a1Periodismo web de verdad! Lanzamiento web 22.11.2005 \\\/ Maracaibo, Venezuela\",\"publisher\":{\"@id\":\"https:\\\/\\\/digital58.com.ve\\\/site\\\/#\\\/schema\\\/person\\\/64d1c2e4d0d4fd1b849980c4331c2951\"},\"alternateName\":\"ND58\",\"potentialAction\":[{\"@type\":\"SearchAction\",\"target\":{\"@type\":\"EntryPoint\",\"urlTemplate\":\"https:\\\/\\\/digital58.com.ve\\\/site\\\/?s={search_term_string}\"},\"query-input\":{\"@type\":\"PropertyValueSpecification\",\"valueRequired\":true,\"valueName\":\"search_term_string\"}}],\"inLanguage\":\"es\"},{\"@type\":[\"Person\",\"Organization\"],\"@id\":\"https:\\\/\\\/digital58.com.ve\\\/site\\\/#\\\/schema\\\/person\\\/64d1c2e4d0d4fd1b849980c4331c2951\",\"name\":\"Villasmil Henry\",\"image\":{\"@type\":\"ImageObject\",\"inLanguage\":\"es\",\"@id\":\"https:\\\/\\\/secure.gravatar.com\\\/avatar\\\/bb0c4a2fcb7970138239f7e404ea75757b1b507b28b5ce4c53fbd62d797c5a7c?s=96&d=mm&r=g\",\"url\":\"https:\\\/\\\/secure.gravatar.com\\\/avatar\\\/bb0c4a2fcb7970138239f7e404ea75757b1b507b28b5ce4c53fbd62d797c5a7c?s=96&d=mm&r=g\",\"contentUrl\":\"https:\\\/\\\/secure.gravatar.com\\\/avatar\\\/bb0c4a2fcb7970138239f7e404ea75757b1b507b28b5ce4c53fbd62d797c5a7c?s=96&d=mm&r=g\",\"caption\":\"Villasmil Henry\"},\"logo\":{\"@id\":\"https:\\\/\\\/secure.gravatar.com\\\/avatar\\\/bb0c4a2fcb7970138239f7e404ea75757b1b507b28b5ce4c53fbd62d797c5a7c?s=96&d=mm&r=g\"},\"sameAs\":[\"http:\\\/\\\/www.henryvillasmil.com.ve\",\"https:\\\/\\\/www.instagram.com\\\/villasmilhfoto\\\/\",\"https:\\\/\\\/x.com\\\/https:\\\/\\\/twitter.com\\\/villasmilhfoto\"],\"url\":\"https:\\\/\\\/digital58.com.ve\\\/site\\\/author\\\/droopy_68\\\/\"}]}<\/script>\n<!-- \/ Yoast SEO plugin. -->","yoast_head_json":{"title":"Un d\u00eda como hoy nace Sim\u00f3n D\u00edaz \u00abEl t\u00edo Sim\u00f3n\u00bb","robots":{"index":"index","follow":"follow","max-snippet":"max-snippet:-1","max-image-preview":"max-image-preview:large","max-video-preview":"max-video-preview:-1"},"canonical":"https:\/\/digital58.com.ve\/site\/2017\/08\/08\/un-dia-como-hoy-nace-simon-diaz-el-tio-simon\/","og_locale":"es_ES","og_type":"article","og_title":"Un d\u00eda como hoy nace Sim\u00f3n D\u00edaz \u00abEl t\u00edo Sim\u00f3n\u00bb","og_url":"https:\/\/digital58.com.ve\/site\/2017\/08\/08\/un-dia-como-hoy-nace-simon-diaz-el-tio-simon\/","og_site_name":"Noticias Digital58","article_published_time":"2017-08-08T11:00:14+00:00","og_image":[{"width":1500,"height":1000,"url":"https:\/\/digital58.com.ve\/site\/wp-content\/uploads\/2017\/08\/tio-simon-2.jpg","type":"image\/jpeg"}],"author":"Villasmil Henry","twitter_card":"summary_large_image","twitter_creator":"@https:\/\/twitter.com\/villasmilhfoto","twitter_site":"@villasmilhfoto","twitter_misc":{"Escrito por":"Villasmil Henry","Tiempo estimado de lectura":"3 minutos"},"schema":{"@context":"https:\/\/schema.org","@graph":[{"@type":"Article","@id":"https:\/\/digital58.com.ve\/site\/2017\/08\/08\/un-dia-como-hoy-nace-simon-diaz-el-tio-simon\/#article","isPartOf":{"@id":"https:\/\/digital58.com.ve\/site\/2017\/08\/08\/un-dia-como-hoy-nace-simon-diaz-el-tio-simon\/"},"author":{"name":"Villasmil Henry","@id":"https:\/\/digital58.com.ve\/site\/#\/schema\/person\/64d1c2e4d0d4fd1b849980c4331c2951"},"headline":"Un d\u00eda como hoy nace Sim\u00f3n D\u00edaz \u00abEl t\u00edo Sim\u00f3n\u00bb","datePublished":"2017-08-08T11:00:14+00:00","mainEntityOfPage":{"@id":"https:\/\/digital58.com.ve\/site\/2017\/08\/08\/un-dia-como-hoy-nace-simon-diaz-el-tio-simon\/"},"wordCount":679,"commentCount":0,"publisher":{"@id":"https:\/\/digital58.com.ve\/site\/#\/schema\/person\/64d1c2e4d0d4fd1b849980c4331c2951"},"image":{"@id":"https:\/\/digital58.com.ve\/site\/2017\/08\/08\/un-dia-como-hoy-nace-simon-diaz-el-tio-simon\/#primaryimage"},"thumbnailUrl":"https:\/\/digital58.com.ve\/site\/wp-content\/uploads\/2017\/08\/tio-simon-2.jpg","keywords":["Biograf\u00edas","cantautor","Efem\u00e9rides","M\u00fasica","Nacimientos","Nacionales","Sim\u00f3n D\u00edaz","T\u00edo Sim\u00f3n","Venezuela"],"articleSection":["Fama"],"inLanguage":"es","potentialAction":[{"@type":"CommentAction","name":"Comment","target":["https:\/\/digital58.com.ve\/site\/2017\/08\/08\/un-dia-como-hoy-nace-simon-diaz-el-tio-simon\/#respond"]}]},{"@type":"WebPage","@id":"https:\/\/digital58.com.ve\/site\/2017\/08\/08\/un-dia-como-hoy-nace-simon-diaz-el-tio-simon\/","url":"https:\/\/digital58.com.ve\/site\/2017\/08\/08\/un-dia-como-hoy-nace-simon-diaz-el-tio-simon\/","name":"Un d\u00eda como hoy nace Sim\u00f3n D\u00edaz \u00abEl t\u00edo Sim\u00f3n\u00bb","isPartOf":{"@id":"https:\/\/digital58.com.ve\/site\/#website"},"primaryImageOfPage":{"@id":"https:\/\/digital58.com.ve\/site\/2017\/08\/08\/un-dia-como-hoy-nace-simon-diaz-el-tio-simon\/#primaryimage"},"image":{"@id":"https:\/\/digital58.com.ve\/site\/2017\/08\/08\/un-dia-como-hoy-nace-simon-diaz-el-tio-simon\/#primaryimage"},"thumbnailUrl":"https:\/\/digital58.com.ve\/site\/wp-content\/uploads\/2017\/08\/tio-simon-2.jpg","datePublished":"2017-08-08T11:00:14+00:00","breadcrumb":{"@id":"https:\/\/digital58.com.ve\/site\/2017\/08\/08\/un-dia-como-hoy-nace-simon-diaz-el-tio-simon\/#breadcrumb"},"inLanguage":"es","potentialAction":[{"@type":"ReadAction","target":["https:\/\/digital58.com.ve\/site\/2017\/08\/08\/un-dia-como-hoy-nace-simon-diaz-el-tio-simon\/"]}]},{"@type":"ImageObject","inLanguage":"es","@id":"https:\/\/digital58.com.ve\/site\/2017\/08\/08\/un-dia-como-hoy-nace-simon-diaz-el-tio-simon\/#primaryimage","url":"https:\/\/digital58.com.ve\/site\/wp-content\/uploads\/2017\/08\/tio-simon-2.jpg","contentUrl":"https:\/\/digital58.com.ve\/site\/wp-content\/uploads\/2017\/08\/tio-simon-2.jpg","width":800,"height":533},{"@type":"BreadcrumbList","@id":"https:\/\/digital58.com.ve\/site\/2017\/08\/08\/un-dia-como-hoy-nace-simon-diaz-el-tio-simon\/#breadcrumb","itemListElement":[{"@type":"ListItem","position":1,"name":"Home","item":"https:\/\/digital58.com.ve\/site\/"},{"@type":"ListItem","position":2,"name":"Un d\u00eda como hoy nace Sim\u00f3n D\u00edaz \u00abEl t\u00edo Sim\u00f3n\u00bb"}]},{"@type":"WebSite","@id":"https:\/\/digital58.com.ve\/site\/#website","url":"https:\/\/digital58.com.ve\/site\/","name":"Noticias Digital58","description":"Portal de Noticias \u00a1Periodismo web de verdad! Lanzamiento web 22.11.2005 \/ Maracaibo, Venezuela","publisher":{"@id":"https:\/\/digital58.com.ve\/site\/#\/schema\/person\/64d1c2e4d0d4fd1b849980c4331c2951"},"alternateName":"ND58","potentialAction":[{"@type":"SearchAction","target":{"@type":"EntryPoint","urlTemplate":"https:\/\/digital58.com.ve\/site\/?s={search_term_string}"},"query-input":{"@type":"PropertyValueSpecification","valueRequired":true,"valueName":"search_term_string"}}],"inLanguage":"es"},{"@type":["Person","Organization"],"@id":"https:\/\/digital58.com.ve\/site\/#\/schema\/person\/64d1c2e4d0d4fd1b849980c4331c2951","name":"Villasmil Henry","image":{"@type":"ImageObject","inLanguage":"es","@id":"https:\/\/secure.gravatar.com\/avatar\/bb0c4a2fcb7970138239f7e404ea75757b1b507b28b5ce4c53fbd62d797c5a7c?s=96&d=mm&r=g","url":"https:\/\/secure.gravatar.com\/avatar\/bb0c4a2fcb7970138239f7e404ea75757b1b507b28b5ce4c53fbd62d797c5a7c?s=96&d=mm&r=g","contentUrl":"https:\/\/secure.gravatar.com\/avatar\/bb0c4a2fcb7970138239f7e404ea75757b1b507b28b5ce4c53fbd62d797c5a7c?s=96&d=mm&r=g","caption":"Villasmil Henry"},"logo":{"@id":"https:\/\/secure.gravatar.com\/avatar\/bb0c4a2fcb7970138239f7e404ea75757b1b507b28b5ce4c53fbd62d797c5a7c?s=96&d=mm&r=g"},"sameAs":["http:\/\/www.henryvillasmil.com.ve","https:\/\/www.instagram.com\/villasmilhfoto\/","https:\/\/x.com\/https:\/\/twitter.com\/villasmilhfoto"],"url":"https:\/\/digital58.com.ve\/site\/author\/droopy_68\/"}]}},"uagb_featured_image_src":{"full":["https:\/\/digital58.com.ve\/site\/wp-content\/uploads\/2017\/08\/tio-simon-2.jpg",800,533,false],"thumbnail":["https:\/\/digital58.com.ve\/site\/wp-content\/uploads\/2017\/08\/tio-simon-2-150x150.jpg",150,150,true],"medium":["https:\/\/digital58.com.ve\/site\/wp-content\/uploads\/2017\/08\/tio-simon-2-300x200.jpg",300,200,true],"medium_large":["https:\/\/digital58.com.ve\/site\/wp-content\/uploads\/2017\/08\/tio-simon-2-768x512.jpg",768,512,true],"large":["https:\/\/digital58.com.ve\/site\/wp-content\/uploads\/2017\/08\/tio-simon-2-1500x1000.jpg",800,533,true],"1536x1536":["https:\/\/digital58.com.ve\/site\/wp-content\/uploads\/2017\/08\/tio-simon-2.jpg",800,533,false],"2048x2048":["https:\/\/digital58.com.ve\/site\/wp-content\/uploads\/2017\/08\/tio-simon-2.jpg",800,533,false],"colormag-highlighted-post":["https:\/\/digital58.com.ve\/site\/wp-content\/uploads\/2017\/08\/tio-simon-2.jpg",392,261,false],"colormag-featured-post-medium":["https:\/\/digital58.com.ve\/site\/wp-content\/uploads\/2017\/08\/tio-simon-2.jpg",308,205,false],"colormag-featured-post-small":["https:\/\/digital58.com.ve\/site\/wp-content\/uploads\/2017\/08\/tio-simon-2.jpg",130,87,false],"colormag-featured-image":["https:\/\/digital58.com.ve\/site\/wp-content\/uploads\/2017\/08\/tio-simon-2.jpg",668,445,false],"colormag-default-news":["https:\/\/digital58.com.ve\/site\/wp-content\/uploads\/2017\/08\/tio-simon-2.jpg",150,100,false],"colormag-featured-image-large":["https:\/\/digital58.com.ve\/site\/wp-content\/uploads\/2017\/08\/tio-simon-2.jpg",800,533,false]},"uagb_author_info":{"display_name":"Villasmil Henry","author_link":"https:\/\/digital58.com.ve\/site\/author\/droopy_68\/"},"uagb_comment_info":0,"uagb_excerpt":"Un d\u00eda como hoy, en 1928, naci\u00f3 Sim\u00f3n Narciso D\u00edaz, mejor conocido como \u00abT\u00edo Sim\u00f3n\u00bb, en Barbacoas, Venezuela, fue un","_links":{"self":[{"href":"https:\/\/digital58.com.ve\/site\/wp-json\/wp\/v2\/posts\/68595","targetHints":{"allow":["GET"]}}],"collection":[{"href":"https:\/\/digital58.com.ve\/site\/wp-json\/wp\/v2\/posts"}],"about":[{"href":"https:\/\/digital58.com.ve\/site\/wp-json\/wp\/v2\/types\/post"}],"author":[{"embeddable":true,"href":"https:\/\/digital58.com.ve\/site\/wp-json\/wp\/v2\/users\/1"}],"replies":[{"embeddable":true,"href":"https:\/\/digital58.com.ve\/site\/wp-json\/wp\/v2\/comments?post=68595"}],"version-history":[{"count":0,"href":"https:\/\/digital58.com.ve\/site\/wp-json\/wp\/v2\/posts\/68595\/revisions"}],"wp:featuredmedia":[{"embeddable":true,"href":"https:\/\/digital58.com.ve\/site\/wp-json\/wp\/v2\/media\/68597"}],"wp:attachment":[{"href":"https:\/\/digital58.com.ve\/site\/wp-json\/wp\/v2\/media?parent=68595"}],"wp:term":[{"taxonomy":"category","embeddable":true,"href":"https:\/\/digital58.com.ve\/site\/wp-json\/wp\/v2\/categories?post=68595"},{"taxonomy":"post_tag","embeddable":true,"href":"https:\/\/digital58.com.ve\/site\/wp-json\/wp\/v2\/tags?post=68595"}],"curies":[{"name":"wp","href":"https:\/\/api.w.org\/{rel}","templated":true}]}}