{"id":68958,"date":"2017-08-15T14:24:58","date_gmt":"2017-08-15T18:24:58","guid":{"rendered":"http:\/\/digital58.com.ve\/site\/?p=68958"},"modified":"2017-08-15T14:24:58","modified_gmt":"2017-08-15T18:24:58","slug":"samuel-l-jackson-confirmo-la-ausencia-de-nick-fury-para-vengadores-3-y-4-y-en-pantera-negra","status":"publish","type":"post","link":"https:\/\/digital58.com.ve\/site\/2017\/08\/15\/samuel-l-jackson-confirmo-la-ausencia-de-nick-fury-para-vengadores-3-y-4-y-en-pantera-negra\/","title":{"rendered":"Samuel L. Jackson confirm\u00f3 la ausencia de \u00abNick Fury\u00bb para \u00abVengadores 3 y 4\u00bb, y en \u00abPantera Negra\u00bb"},"content":{"rendered":"<p><a href=\"http:\/\/digital58.com.ve\/site\/wp-content\/uploads\/2017\/08\/fury-1.jpg\"><img loading=\"lazy\" decoding=\"async\" class=\"aligncenter size-large wp-image-68959\" src=\"http:\/\/digital58.com.ve\/site\/wp-content\/uploads\/2017\/08\/fury-1-1500x1000.jpg\" alt=\"\" width=\"640\" height=\"427\" srcset=\"https:\/\/digital58.com.ve\/site\/wp-content\/uploads\/2017\/08\/fury-1-1500x1000.jpg 1500w, https:\/\/digital58.com.ve\/site\/wp-content\/uploads\/2017\/08\/fury-1-300x200.jpg 300w, https:\/\/digital58.com.ve\/site\/wp-content\/uploads\/2017\/08\/fury-1-768x512.jpg 768w, https:\/\/digital58.com.ve\/site\/wp-content\/uploads\/2017\/08\/fury-1-720x480.jpg 720w, https:\/\/digital58.com.ve\/site\/wp-content\/uploads\/2017\/08\/fury-1-480x320.jpg 480w, https:\/\/digital58.com.ve\/site\/wp-content\/uploads\/2017\/08\/fury-1.jpg 800w\" sizes=\"auto, (max-width: 640px) 100vw, 640px\" \/><\/a><\/p>\n<p>Sabemos que el pr\u00f3ximo a\u00f1o se estrenar\u00e1 la nueva aventura grupal de los superh\u00e9roes de Marvel, donde reunir\u00e1n a los principales personajes de los c\u00f3mics y de las pel\u00edculas individuales, \u00abVengadores: Guerra del Infinito\u00bb, luego de ello llegar\u00e1 \u00abVengadores 4\u00bb y \u00abCapit\u00e1n Marvel\u00bb, es por esto que los seguidores esperan encontrar a los personajes cl\u00e1sicos dentro de esta nueva historia pero se ha confirmado que, el ex director de \u00abS.H.I.E.L.D.\u00bb, \u00abNick Fury\u00bb, no aparecer\u00e1 en las dos pel\u00edculas de los \u00abVengadores\u00bb, ni en \u00abPantera Negra\u00bb.<\/p>\n<p><strong>California, USA, 15 de agosto de 2017 (D58).-<\/strong> Est\u00e1 confirmado que, el que fuera director de \u00abS.H.I.E.L.D.\u00bb y encargado de unir a todos los h\u00e9roes en \u00abLos Vengadores\u00bb, reaparecer\u00e1 en la cinta en solitario de Brie Larson, \u00abCapit\u00e1n Marvel\u00bb, pero \u00bfpodremos verle brevemente antes? En un encuentro con Yahoo Movies UK, Samuel L. Jackson ha asegurado que, pese a las especulaciones que rodean a \u00abFury\u00bb, no aparecer\u00e1 hasta el 8 de marzo de 2019.<\/p>\n<p>\u00abNo estaba en el \u00abagurmento superh\u00e9roico\u00bb de la pel\u00edcula, no estoy en \u201cVengadores\u00bb 3 ni 4. Est\u00e1n rodando ahora y no me han llamado a\u00fan\u00bb, con estas claras palabras, el veterano actor ha negado el mayor rumor mostr\u00e1ndose tranquilo, pero \u00bfc\u00f3mo afectar\u00e1 esto a las cintas?<\/p>\n<p><a href=\"http:\/\/digital58.com.ve\/site\/wp-content\/uploads\/2017\/08\/fury-2.jpg\"><img loading=\"lazy\" decoding=\"async\" class=\"aligncenter size-large wp-image-68960\" src=\"http:\/\/digital58.com.ve\/site\/wp-content\/uploads\/2017\/08\/fury-2-1500x938.jpg\" alt=\"\" width=\"640\" height=\"400\" srcset=\"https:\/\/digital58.com.ve\/site\/wp-content\/uploads\/2017\/08\/fury-2-1500x938.jpg 1500w, https:\/\/digital58.com.ve\/site\/wp-content\/uploads\/2017\/08\/fury-2-300x188.jpg 300w, https:\/\/digital58.com.ve\/site\/wp-content\/uploads\/2017\/08\/fury-2-768x480.jpg 768w, https:\/\/digital58.com.ve\/site\/wp-content\/uploads\/2017\/08\/fury-2.jpg 800w\" sizes=\"auto, (max-width: 640px) 100vw, 640px\" \/><\/a><\/p>\n<p>La \u00faltima vez que el personaje \u00abFury\u00bb apareci\u00f3 en la gran pantalla fue en 2015 con el estreno de \u00abVengadores: La era de Ultr\u00f3n\u00bb. En aquella ocasi\u00f3n, el exdirector de \u00abS.H.I.E.L.D.\u00bb aparecer\u00eda para ayudar a los h\u00e9roes a salvar \u00abSokovia\u00bb, aunque esos sucesos albergar\u00edan una nueva puerta narrativa: \u00bftienen demasiado poder los superh\u00e9roes que nos protegen?<\/p>\n<p>Esto deriv\u00f3 en los enfrentamientos entre el bando del \u00abCapit\u00e1n Am\u00e9rica\u00bb y el de \u00abIron Man\u00bb en \u00abCapit\u00e1n Am\u00e9rica: Civil War\u00bb, donde \u00abFury\u00bb prefiri\u00f3 mantenerse al margen.<\/p>\n<p>Ahora se estrenar\u00e1n \u00abPantera Negra\u00bb y dos nuevos proyectos de \u00abVengadores\u00bb, en los que todos deber\u00e1n dejar a un lado sus diferencias para trabajar juntos. Descartado su papel, queda por ver c\u00f3mo piensan reunir a los \u00abVengadores\u00bb los hermanos Russo.<\/p>\n<p>\u00abNo me dejan ir a \u00abBlack Panther-Ville\u00bb, es un poco en plan, \u00bfc\u00f3mo vas a hacer una pel\u00edcula \u201cnegra\u00bb de Marvel sin que \u00abNick Fury\u00bb aparezca?\u00bb, ha concluido el actor al que s\u00ed veremos en \u00abCapit\u00e1n Marvel\u00bb.<\/p><div class=\"antpz69f1e68b89211\" ><p style=\"text-align: center;\"><a href=\"https:\/\/t.me\/noticiasdigital58\" target=\"_blank\" rel=\"noopener\"><img class=\"aligncenter size-full wp-image-125363\" src=\"https:\/\/digital58.com.ve\/site\/wp-content\/uploads\/2021\/04\/banner-telegram-web-2021.png\" alt=\"\" width=\"600\" height=\"90\" \/><\/a><\/p><\/div><style type=\"text\/css\">\r\n@media screen and (min-width: 1201px) {\r\n.antpz69f1e68b89211 {\r\ndisplay: block;\r\n}\r\n}\r\n@media screen and (min-width: 993px) and (max-width: 1200px) {\r\n.antpz69f1e68b89211 {\r\ndisplay: block;\r\n}\r\n}\r\n@media screen and (min-width: 769px) and (max-width: 992px) {\r\n.antpz69f1e68b89211 {\r\ndisplay: block;\r\n}\r\n}\r\n@media screen and (min-width: 768px) and (max-width: 768px) {\r\n.antpz69f1e68b89211 {\r\ndisplay: block;\r\n}\r\n}\r\n@media screen and (max-width: 767px) {\r\n.antpz69f1e68b89211 {\r\ndisplay: block;\r\n}\r\n}\r\n<\/style>\r\n\n<p><strong>Redacci\u00f3n y fuente: Agencia<\/strong><br \/>\n<strong>Edici\u00f3n: <a href=\"https:\/\/www.instagram.com\/raquelsofiavera\/\" target=\"_blank\" rel=\"noopener\">Vera, Raquel<\/a><\/strong><br \/>\n<strong>Fotos: Google<\/strong><\/p>\n<div style=\"margin-top: 0px; margin-bottom: 0px;\" class=\"sharethis-inline-share-buttons\" ><\/div>","protected":false},"excerpt":{"rendered":"<p>Sabemos que el pr\u00f3ximo a\u00f1o se estrenar\u00e1 la nueva aventura grupal de los superh\u00e9roes de Marvel, donde reunir\u00e1n a los<\/p>\n","protected":false},"author":1,"featured_media":68960,"comment_status":"open","ping_status":"closed","sticky":false,"template":"","format":"standard","meta":{"colormag_page_container_layout":"default_layout","colormag_page_sidebar_layout":"default_layout","_uag_custom_page_level_css":"","footnotes":""},"categories":[1],"tags":[46,7772,8887,72,2237,7404,8078,8349,7846],"class_list":["post-68958","post","type-post","status-publish","format-standard","has-post-thumbnail","hentry","category-fama","tag-cine","tag-marvel-studios","tag-nick-fury","tag-peliculas","tag-personajes","tag-producciones","tag-reparto","tag-universo-cinematografico-de-marvel","tag-vengadores"],"yoast_head":"<!-- This site is optimized with the Yoast SEO plugin v27.5 - https:\/\/yoast.com\/product\/yoast-seo-wordpress\/ -->\n<title>Samuel L. Jackson confirm\u00f3 la ausencia de \u00abNick Fury\u00bb para \u00abVengadores 3 y 4\u00bb, y en \u00abPantera Negra\u00bb<\/title>\n<meta name=\"robots\" content=\"index, follow, max-snippet:-1, max-image-preview:large, max-video-preview:-1\" \/>\n<link rel=\"canonical\" href=\"https:\/\/digital58.com.ve\/site\/2017\/08\/15\/samuel-l-jackson-confirmo-la-ausencia-de-nick-fury-para-vengadores-3-y-4-y-en-pantera-negra\/\" \/>\n<meta property=\"og:locale\" content=\"es_ES\" \/>\n<meta property=\"og:type\" content=\"article\" \/>\n<meta property=\"og:title\" content=\"Samuel L. Jackson confirm\u00f3 la ausencia de \u00abNick Fury\u00bb para \u00abVengadores 3 y 4\u00bb, y en \u00abPantera Negra\u00bb\" \/>\n<meta property=\"og:url\" content=\"https:\/\/digital58.com.ve\/site\/2017\/08\/15\/samuel-l-jackson-confirmo-la-ausencia-de-nick-fury-para-vengadores-3-y-4-y-en-pantera-negra\/\" \/>\n<meta property=\"og:site_name\" content=\"Noticias Digital58\" \/>\n<meta property=\"article:published_time\" content=\"2017-08-15T18:24:58+00:00\" \/>\n<meta property=\"og:image\" content=\"https:\/\/digital58.com.ve\/site\/wp-content\/uploads\/2017\/08\/fury-2.jpg\" \/>\n\t<meta property=\"og:image:width\" content=\"1600\" \/>\n\t<meta property=\"og:image:height\" content=\"1000\" \/>\n\t<meta property=\"og:image:type\" content=\"image\/jpeg\" \/>\n<meta name=\"author\" content=\"Villasmil Henry\" \/>\n<meta name=\"twitter:card\" content=\"summary_large_image\" \/>\n<meta name=\"twitter:creator\" content=\"@https:\/\/twitter.com\/villasmilhfoto\" \/>\n<meta name=\"twitter:site\" content=\"@villasmilhfoto\" \/>\n<meta name=\"twitter:label1\" content=\"Escrito por\" \/>\n\t<meta name=\"twitter:data1\" content=\"Villasmil Henry\" \/>\n\t<meta name=\"twitter:label2\" content=\"Tiempo estimado de lectura\" \/>\n\t<meta name=\"twitter:data2\" content=\"2 minutos\" \/>\n<script type=\"application\/ld+json\" class=\"yoast-schema-graph\">{\"@context\":\"https:\\\/\\\/schema.org\",\"@graph\":[{\"@type\":\"Article\",\"@id\":\"https:\\\/\\\/digital58.com.ve\\\/site\\\/2017\\\/08\\\/15\\\/samuel-l-jackson-confirmo-la-ausencia-de-nick-fury-para-vengadores-3-y-4-y-en-pantera-negra\\\/#article\",\"isPartOf\":{\"@id\":\"https:\\\/\\\/digital58.com.ve\\\/site\\\/2017\\\/08\\\/15\\\/samuel-l-jackson-confirmo-la-ausencia-de-nick-fury-para-vengadores-3-y-4-y-en-pantera-negra\\\/\"},\"author\":{\"name\":\"Villasmil Henry\",\"@id\":\"https:\\\/\\\/digital58.com.ve\\\/site\\\/#\\\/schema\\\/person\\\/64d1c2e4d0d4fd1b849980c4331c2951\"},\"headline\":\"Samuel L. Jackson confirm\u00f3 la ausencia de \u00abNick Fury\u00bb para \u00abVengadores 3 y 4\u00bb, y en \u00abPantera Negra\u00bb\",\"datePublished\":\"2017-08-15T18:24:58+00:00\",\"mainEntityOfPage\":{\"@id\":\"https:\\\/\\\/digital58.com.ve\\\/site\\\/2017\\\/08\\\/15\\\/samuel-l-jackson-confirmo-la-ausencia-de-nick-fury-para-vengadores-3-y-4-y-en-pantera-negra\\\/\"},\"wordCount\":433,\"commentCount\":0,\"publisher\":{\"@id\":\"https:\\\/\\\/digital58.com.ve\\\/site\\\/#\\\/schema\\\/person\\\/64d1c2e4d0d4fd1b849980c4331c2951\"},\"image\":{\"@id\":\"https:\\\/\\\/digital58.com.ve\\\/site\\\/2017\\\/08\\\/15\\\/samuel-l-jackson-confirmo-la-ausencia-de-nick-fury-para-vengadores-3-y-4-y-en-pantera-negra\\\/#primaryimage\"},\"thumbnailUrl\":\"https:\\\/\\\/digital58.com.ve\\\/site\\\/wp-content\\\/uploads\\\/2017\\\/08\\\/fury-2.jpg\",\"keywords\":[\"Cine\",\"Marvel Studios\",\"Nick Fury\",\"Pel\u00edculas\",\"Personajes\",\"Producciones\",\"Reparto\",\"Universo Cinematogr\u00e1fico de Marvel\",\"Vengadores\"],\"articleSection\":[\"Fama\"],\"inLanguage\":\"es\",\"potentialAction\":[{\"@type\":\"CommentAction\",\"name\":\"Comment\",\"target\":[\"https:\\\/\\\/digital58.com.ve\\\/site\\\/2017\\\/08\\\/15\\\/samuel-l-jackson-confirmo-la-ausencia-de-nick-fury-para-vengadores-3-y-4-y-en-pantera-negra\\\/#respond\"]}]},{\"@type\":\"WebPage\",\"@id\":\"https:\\\/\\\/digital58.com.ve\\\/site\\\/2017\\\/08\\\/15\\\/samuel-l-jackson-confirmo-la-ausencia-de-nick-fury-para-vengadores-3-y-4-y-en-pantera-negra\\\/\",\"url\":\"https:\\\/\\\/digital58.com.ve\\\/site\\\/2017\\\/08\\\/15\\\/samuel-l-jackson-confirmo-la-ausencia-de-nick-fury-para-vengadores-3-y-4-y-en-pantera-negra\\\/\",\"name\":\"Samuel L. Jackson confirm\u00f3 la ausencia de \u00abNick Fury\u00bb para \u00abVengadores 3 y 4\u00bb, y en \u00abPantera Negra\u00bb\",\"isPartOf\":{\"@id\":\"https:\\\/\\\/digital58.com.ve\\\/site\\\/#website\"},\"primaryImageOfPage\":{\"@id\":\"https:\\\/\\\/digital58.com.ve\\\/site\\\/2017\\\/08\\\/15\\\/samuel-l-jackson-confirmo-la-ausencia-de-nick-fury-para-vengadores-3-y-4-y-en-pantera-negra\\\/#primaryimage\"},\"image\":{\"@id\":\"https:\\\/\\\/digital58.com.ve\\\/site\\\/2017\\\/08\\\/15\\\/samuel-l-jackson-confirmo-la-ausencia-de-nick-fury-para-vengadores-3-y-4-y-en-pantera-negra\\\/#primaryimage\"},\"thumbnailUrl\":\"https:\\\/\\\/digital58.com.ve\\\/site\\\/wp-content\\\/uploads\\\/2017\\\/08\\\/fury-2.jpg\",\"datePublished\":\"2017-08-15T18:24:58+00:00\",\"breadcrumb\":{\"@id\":\"https:\\\/\\\/digital58.com.ve\\\/site\\\/2017\\\/08\\\/15\\\/samuel-l-jackson-confirmo-la-ausencia-de-nick-fury-para-vengadores-3-y-4-y-en-pantera-negra\\\/#breadcrumb\"},\"inLanguage\":\"es\",\"potentialAction\":[{\"@type\":\"ReadAction\",\"target\":[\"https:\\\/\\\/digital58.com.ve\\\/site\\\/2017\\\/08\\\/15\\\/samuel-l-jackson-confirmo-la-ausencia-de-nick-fury-para-vengadores-3-y-4-y-en-pantera-negra\\\/\"]}]},{\"@type\":\"ImageObject\",\"inLanguage\":\"es\",\"@id\":\"https:\\\/\\\/digital58.com.ve\\\/site\\\/2017\\\/08\\\/15\\\/samuel-l-jackson-confirmo-la-ausencia-de-nick-fury-para-vengadores-3-y-4-y-en-pantera-negra\\\/#primaryimage\",\"url\":\"https:\\\/\\\/digital58.com.ve\\\/site\\\/wp-content\\\/uploads\\\/2017\\\/08\\\/fury-2.jpg\",\"contentUrl\":\"https:\\\/\\\/digital58.com.ve\\\/site\\\/wp-content\\\/uploads\\\/2017\\\/08\\\/fury-2.jpg\",\"width\":800,\"height\":500},{\"@type\":\"BreadcrumbList\",\"@id\":\"https:\\\/\\\/digital58.com.ve\\\/site\\\/2017\\\/08\\\/15\\\/samuel-l-jackson-confirmo-la-ausencia-de-nick-fury-para-vengadores-3-y-4-y-en-pantera-negra\\\/#breadcrumb\",\"itemListElement\":[{\"@type\":\"ListItem\",\"position\":1,\"name\":\"Home\",\"item\":\"https:\\\/\\\/digital58.com.ve\\\/site\\\/\"},{\"@type\":\"ListItem\",\"position\":2,\"name\":\"Samuel L. Jackson confirm\u00f3 la ausencia de \u00abNick Fury\u00bb para \u00abVengadores 3 y 4\u00bb, y en \u00abPantera Negra\u00bb\"}]},{\"@type\":\"WebSite\",\"@id\":\"https:\\\/\\\/digital58.com.ve\\\/site\\\/#website\",\"url\":\"https:\\\/\\\/digital58.com.ve\\\/site\\\/\",\"name\":\"Noticias Digital58\",\"description\":\"Portal de Noticias \u00a1Periodismo web de verdad! Lanzamiento web 22.11.2005 \\\/ Maracaibo, Venezuela\",\"publisher\":{\"@id\":\"https:\\\/\\\/digital58.com.ve\\\/site\\\/#\\\/schema\\\/person\\\/64d1c2e4d0d4fd1b849980c4331c2951\"},\"alternateName\":\"ND58\",\"potentialAction\":[{\"@type\":\"SearchAction\",\"target\":{\"@type\":\"EntryPoint\",\"urlTemplate\":\"https:\\\/\\\/digital58.com.ve\\\/site\\\/?s={search_term_string}\"},\"query-input\":{\"@type\":\"PropertyValueSpecification\",\"valueRequired\":true,\"valueName\":\"search_term_string\"}}],\"inLanguage\":\"es\"},{\"@type\":[\"Person\",\"Organization\"],\"@id\":\"https:\\\/\\\/digital58.com.ve\\\/site\\\/#\\\/schema\\\/person\\\/64d1c2e4d0d4fd1b849980c4331c2951\",\"name\":\"Villasmil Henry\",\"image\":{\"@type\":\"ImageObject\",\"inLanguage\":\"es\",\"@id\":\"https:\\\/\\\/secure.gravatar.com\\\/avatar\\\/bb0c4a2fcb7970138239f7e404ea75757b1b507b28b5ce4c53fbd62d797c5a7c?s=96&d=mm&r=g\",\"url\":\"https:\\\/\\\/secure.gravatar.com\\\/avatar\\\/bb0c4a2fcb7970138239f7e404ea75757b1b507b28b5ce4c53fbd62d797c5a7c?s=96&d=mm&r=g\",\"contentUrl\":\"https:\\\/\\\/secure.gravatar.com\\\/avatar\\\/bb0c4a2fcb7970138239f7e404ea75757b1b507b28b5ce4c53fbd62d797c5a7c?s=96&d=mm&r=g\",\"caption\":\"Villasmil Henry\"},\"logo\":{\"@id\":\"https:\\\/\\\/secure.gravatar.com\\\/avatar\\\/bb0c4a2fcb7970138239f7e404ea75757b1b507b28b5ce4c53fbd62d797c5a7c?s=96&d=mm&r=g\"},\"sameAs\":[\"http:\\\/\\\/www.henryvillasmil.com.ve\",\"https:\\\/\\\/www.instagram.com\\\/villasmilhfoto\\\/\",\"https:\\\/\\\/x.com\\\/https:\\\/\\\/twitter.com\\\/villasmilhfoto\"],\"url\":\"https:\\\/\\\/digital58.com.ve\\\/site\\\/author\\\/droopy_68\\\/\"}]}<\/script>\n<!-- \/ Yoast SEO plugin. -->","yoast_head_json":{"title":"Samuel L. Jackson confirm\u00f3 la ausencia de \u00abNick Fury\u00bb para \u00abVengadores 3 y 4\u00bb, y en \u00abPantera Negra\u00bb","robots":{"index":"index","follow":"follow","max-snippet":"max-snippet:-1","max-image-preview":"max-image-preview:large","max-video-preview":"max-video-preview:-1"},"canonical":"https:\/\/digital58.com.ve\/site\/2017\/08\/15\/samuel-l-jackson-confirmo-la-ausencia-de-nick-fury-para-vengadores-3-y-4-y-en-pantera-negra\/","og_locale":"es_ES","og_type":"article","og_title":"Samuel L. Jackson confirm\u00f3 la ausencia de \u00abNick Fury\u00bb para \u00abVengadores 3 y 4\u00bb, y en \u00abPantera Negra\u00bb","og_url":"https:\/\/digital58.com.ve\/site\/2017\/08\/15\/samuel-l-jackson-confirmo-la-ausencia-de-nick-fury-para-vengadores-3-y-4-y-en-pantera-negra\/","og_site_name":"Noticias Digital58","article_published_time":"2017-08-15T18:24:58+00:00","og_image":[{"width":1600,"height":1000,"url":"https:\/\/digital58.com.ve\/site\/wp-content\/uploads\/2017\/08\/fury-2.jpg","type":"image\/jpeg"}],"author":"Villasmil Henry","twitter_card":"summary_large_image","twitter_creator":"@https:\/\/twitter.com\/villasmilhfoto","twitter_site":"@villasmilhfoto","twitter_misc":{"Escrito por":"Villasmil Henry","Tiempo estimado de lectura":"2 minutos"},"schema":{"@context":"https:\/\/schema.org","@graph":[{"@type":"Article","@id":"https:\/\/digital58.com.ve\/site\/2017\/08\/15\/samuel-l-jackson-confirmo-la-ausencia-de-nick-fury-para-vengadores-3-y-4-y-en-pantera-negra\/#article","isPartOf":{"@id":"https:\/\/digital58.com.ve\/site\/2017\/08\/15\/samuel-l-jackson-confirmo-la-ausencia-de-nick-fury-para-vengadores-3-y-4-y-en-pantera-negra\/"},"author":{"name":"Villasmil Henry","@id":"https:\/\/digital58.com.ve\/site\/#\/schema\/person\/64d1c2e4d0d4fd1b849980c4331c2951"},"headline":"Samuel L. Jackson confirm\u00f3 la ausencia de \u00abNick Fury\u00bb para \u00abVengadores 3 y 4\u00bb, y en \u00abPantera Negra\u00bb","datePublished":"2017-08-15T18:24:58+00:00","mainEntityOfPage":{"@id":"https:\/\/digital58.com.ve\/site\/2017\/08\/15\/samuel-l-jackson-confirmo-la-ausencia-de-nick-fury-para-vengadores-3-y-4-y-en-pantera-negra\/"},"wordCount":433,"commentCount":0,"publisher":{"@id":"https:\/\/digital58.com.ve\/site\/#\/schema\/person\/64d1c2e4d0d4fd1b849980c4331c2951"},"image":{"@id":"https:\/\/digital58.com.ve\/site\/2017\/08\/15\/samuel-l-jackson-confirmo-la-ausencia-de-nick-fury-para-vengadores-3-y-4-y-en-pantera-negra\/#primaryimage"},"thumbnailUrl":"https:\/\/digital58.com.ve\/site\/wp-content\/uploads\/2017\/08\/fury-2.jpg","keywords":["Cine","Marvel Studios","Nick Fury","Pel\u00edculas","Personajes","Producciones","Reparto","Universo Cinematogr\u00e1fico de Marvel","Vengadores"],"articleSection":["Fama"],"inLanguage":"es","potentialAction":[{"@type":"CommentAction","name":"Comment","target":["https:\/\/digital58.com.ve\/site\/2017\/08\/15\/samuel-l-jackson-confirmo-la-ausencia-de-nick-fury-para-vengadores-3-y-4-y-en-pantera-negra\/#respond"]}]},{"@type":"WebPage","@id":"https:\/\/digital58.com.ve\/site\/2017\/08\/15\/samuel-l-jackson-confirmo-la-ausencia-de-nick-fury-para-vengadores-3-y-4-y-en-pantera-negra\/","url":"https:\/\/digital58.com.ve\/site\/2017\/08\/15\/samuel-l-jackson-confirmo-la-ausencia-de-nick-fury-para-vengadores-3-y-4-y-en-pantera-negra\/","name":"Samuel L. Jackson confirm\u00f3 la ausencia de \u00abNick Fury\u00bb para \u00abVengadores 3 y 4\u00bb, y en \u00abPantera Negra\u00bb","isPartOf":{"@id":"https:\/\/digital58.com.ve\/site\/#website"},"primaryImageOfPage":{"@id":"https:\/\/digital58.com.ve\/site\/2017\/08\/15\/samuel-l-jackson-confirmo-la-ausencia-de-nick-fury-para-vengadores-3-y-4-y-en-pantera-negra\/#primaryimage"},"image":{"@id":"https:\/\/digital58.com.ve\/site\/2017\/08\/15\/samuel-l-jackson-confirmo-la-ausencia-de-nick-fury-para-vengadores-3-y-4-y-en-pantera-negra\/#primaryimage"},"thumbnailUrl":"https:\/\/digital58.com.ve\/site\/wp-content\/uploads\/2017\/08\/fury-2.jpg","datePublished":"2017-08-15T18:24:58+00:00","breadcrumb":{"@id":"https:\/\/digital58.com.ve\/site\/2017\/08\/15\/samuel-l-jackson-confirmo-la-ausencia-de-nick-fury-para-vengadores-3-y-4-y-en-pantera-negra\/#breadcrumb"},"inLanguage":"es","potentialAction":[{"@type":"ReadAction","target":["https:\/\/digital58.com.ve\/site\/2017\/08\/15\/samuel-l-jackson-confirmo-la-ausencia-de-nick-fury-para-vengadores-3-y-4-y-en-pantera-negra\/"]}]},{"@type":"ImageObject","inLanguage":"es","@id":"https:\/\/digital58.com.ve\/site\/2017\/08\/15\/samuel-l-jackson-confirmo-la-ausencia-de-nick-fury-para-vengadores-3-y-4-y-en-pantera-negra\/#primaryimage","url":"https:\/\/digital58.com.ve\/site\/wp-content\/uploads\/2017\/08\/fury-2.jpg","contentUrl":"https:\/\/digital58.com.ve\/site\/wp-content\/uploads\/2017\/08\/fury-2.jpg","width":800,"height":500},{"@type":"BreadcrumbList","@id":"https:\/\/digital58.com.ve\/site\/2017\/08\/15\/samuel-l-jackson-confirmo-la-ausencia-de-nick-fury-para-vengadores-3-y-4-y-en-pantera-negra\/#breadcrumb","itemListElement":[{"@type":"ListItem","position":1,"name":"Home","item":"https:\/\/digital58.com.ve\/site\/"},{"@type":"ListItem","position":2,"name":"Samuel L. Jackson confirm\u00f3 la ausencia de \u00abNick Fury\u00bb para \u00abVengadores 3 y 4\u00bb, y en \u00abPantera Negra\u00bb"}]},{"@type":"WebSite","@id":"https:\/\/digital58.com.ve\/site\/#website","url":"https:\/\/digital58.com.ve\/site\/","name":"Noticias Digital58","description":"Portal de Noticias \u00a1Periodismo web de verdad! Lanzamiento web 22.11.2005 \/ Maracaibo, Venezuela","publisher":{"@id":"https:\/\/digital58.com.ve\/site\/#\/schema\/person\/64d1c2e4d0d4fd1b849980c4331c2951"},"alternateName":"ND58","potentialAction":[{"@type":"SearchAction","target":{"@type":"EntryPoint","urlTemplate":"https:\/\/digital58.com.ve\/site\/?s={search_term_string}"},"query-input":{"@type":"PropertyValueSpecification","valueRequired":true,"valueName":"search_term_string"}}],"inLanguage":"es"},{"@type":["Person","Organization"],"@id":"https:\/\/digital58.com.ve\/site\/#\/schema\/person\/64d1c2e4d0d4fd1b849980c4331c2951","name":"Villasmil Henry","image":{"@type":"ImageObject","inLanguage":"es","@id":"https:\/\/secure.gravatar.com\/avatar\/bb0c4a2fcb7970138239f7e404ea75757b1b507b28b5ce4c53fbd62d797c5a7c?s=96&d=mm&r=g","url":"https:\/\/secure.gravatar.com\/avatar\/bb0c4a2fcb7970138239f7e404ea75757b1b507b28b5ce4c53fbd62d797c5a7c?s=96&d=mm&r=g","contentUrl":"https:\/\/secure.gravatar.com\/avatar\/bb0c4a2fcb7970138239f7e404ea75757b1b507b28b5ce4c53fbd62d797c5a7c?s=96&d=mm&r=g","caption":"Villasmil Henry"},"logo":{"@id":"https:\/\/secure.gravatar.com\/avatar\/bb0c4a2fcb7970138239f7e404ea75757b1b507b28b5ce4c53fbd62d797c5a7c?s=96&d=mm&r=g"},"sameAs":["http:\/\/www.henryvillasmil.com.ve","https:\/\/www.instagram.com\/villasmilhfoto\/","https:\/\/x.com\/https:\/\/twitter.com\/villasmilhfoto"],"url":"https:\/\/digital58.com.ve\/site\/author\/droopy_68\/"}]}},"uagb_featured_image_src":{"full":["https:\/\/digital58.com.ve\/site\/wp-content\/uploads\/2017\/08\/fury-2.jpg",800,500,false],"thumbnail":["https:\/\/digital58.com.ve\/site\/wp-content\/uploads\/2017\/08\/fury-2-150x150.jpg",150,150,true],"medium":["https:\/\/digital58.com.ve\/site\/wp-content\/uploads\/2017\/08\/fury-2-300x188.jpg",300,188,true],"medium_large":["https:\/\/digital58.com.ve\/site\/wp-content\/uploads\/2017\/08\/fury-2-768x480.jpg",768,480,true],"large":["https:\/\/digital58.com.ve\/site\/wp-content\/uploads\/2017\/08\/fury-2-1500x938.jpg",800,500,true],"1536x1536":["https:\/\/digital58.com.ve\/site\/wp-content\/uploads\/2017\/08\/fury-2.jpg",800,500,false],"2048x2048":["https:\/\/digital58.com.ve\/site\/wp-content\/uploads\/2017\/08\/fury-2.jpg",800,500,false],"colormag-highlighted-post":["https:\/\/digital58.com.ve\/site\/wp-content\/uploads\/2017\/08\/fury-2.jpg",392,245,false],"colormag-featured-post-medium":["https:\/\/digital58.com.ve\/site\/wp-content\/uploads\/2017\/08\/fury-2.jpg",328,205,false],"colormag-featured-post-small":["https:\/\/digital58.com.ve\/site\/wp-content\/uploads\/2017\/08\/fury-2.jpg",130,81,false],"colormag-featured-image":["https:\/\/digital58.com.ve\/site\/wp-content\/uploads\/2017\/08\/fury-2.jpg",712,445,false],"colormag-default-news":["https:\/\/digital58.com.ve\/site\/wp-content\/uploads\/2017\/08\/fury-2.jpg",150,94,false],"colormag-featured-image-large":["https:\/\/digital58.com.ve\/site\/wp-content\/uploads\/2017\/08\/fury-2.jpg",800,500,false]},"uagb_author_info":{"display_name":"Villasmil Henry","author_link":"https:\/\/digital58.com.ve\/site\/author\/droopy_68\/"},"uagb_comment_info":0,"uagb_excerpt":"Sabemos que el pr\u00f3ximo a\u00f1o se estrenar\u00e1 la nueva aventura grupal de los superh\u00e9roes de Marvel, donde reunir\u00e1n a los","_links":{"self":[{"href":"https:\/\/digital58.com.ve\/site\/wp-json\/wp\/v2\/posts\/68958","targetHints":{"allow":["GET"]}}],"collection":[{"href":"https:\/\/digital58.com.ve\/site\/wp-json\/wp\/v2\/posts"}],"about":[{"href":"https:\/\/digital58.com.ve\/site\/wp-json\/wp\/v2\/types\/post"}],"author":[{"embeddable":true,"href":"https:\/\/digital58.com.ve\/site\/wp-json\/wp\/v2\/users\/1"}],"replies":[{"embeddable":true,"href":"https:\/\/digital58.com.ve\/site\/wp-json\/wp\/v2\/comments?post=68958"}],"version-history":[{"count":0,"href":"https:\/\/digital58.com.ve\/site\/wp-json\/wp\/v2\/posts\/68958\/revisions"}],"wp:featuredmedia":[{"embeddable":true,"href":"https:\/\/digital58.com.ve\/site\/wp-json\/wp\/v2\/media\/68960"}],"wp:attachment":[{"href":"https:\/\/digital58.com.ve\/site\/wp-json\/wp\/v2\/media?parent=68958"}],"wp:term":[{"taxonomy":"category","embeddable":true,"href":"https:\/\/digital58.com.ve\/site\/wp-json\/wp\/v2\/categories?post=68958"},{"taxonomy":"post_tag","embeddable":true,"href":"https:\/\/digital58.com.ve\/site\/wp-json\/wp\/v2\/tags?post=68958"}],"curies":[{"name":"wp","href":"https:\/\/api.w.org\/{rel}","templated":true}]}}