{"id":69116,"date":"2017-08-18T18:08:18","date_gmt":"2017-08-18T22:08:18","guid":{"rendered":"http:\/\/digital58.com.ve\/site\/?p=69116"},"modified":"2017-08-18T18:08:18","modified_gmt":"2017-08-18T22:08:18","slug":"maczul-invita-a-sabadodeinauguracion-el-19-de-agosto-de-2017","status":"publish","type":"post","link":"https:\/\/digital58.com.ve\/site\/2017\/08\/18\/maczul-invita-a-sabadodeinauguracion-el-19-de-agosto-de-2017\/","title":{"rendered":"MACZUL invita a #S\u00e1badoDeInauguraci\u00f3n el 19 de agosto de 2017"},"content":{"rendered":"<p><a href=\"http:\/\/digital58.com.ve\/site\/wp-content\/uploads\/2017\/08\/maczul.jpg\"><img loading=\"lazy\" decoding=\"async\" class=\"aligncenter size-full wp-image-69117\" src=\"http:\/\/digital58.com.ve\/site\/wp-content\/uploads\/2017\/08\/maczul.jpg\" alt=\"\" width=\"1000\" height=\"1000\" srcset=\"https:\/\/digital58.com.ve\/site\/wp-content\/uploads\/2017\/08\/maczul.jpg 600w, https:\/\/digital58.com.ve\/site\/wp-content\/uploads\/2017\/08\/maczul-150x150.jpg 150w, https:\/\/digital58.com.ve\/site\/wp-content\/uploads\/2017\/08\/maczul-300x300.jpg 300w, https:\/\/digital58.com.ve\/site\/wp-content\/uploads\/2017\/08\/maczul-768x768.jpg 768w\" sizes=\"auto, (max-width: 1000px) 100vw, 1000px\" \/><\/a><\/p>\n<p>El Museo de Arte Contempor\u00e1neo del Zulia sigue luchando por salir adelante, apostando por el arte y la cultura motores de la recuperaci\u00f3n social de las naciones. Como parte de la programaci\u00f3n 2017 invita a la inauguraci\u00f3n de tres nuevas exposiciones el s\u00e1bado 19 de agosto de 2017 a las 11:00 de la ma\u00f1ana, entrada por colaboraci\u00f3n 1000 Bs.<\/p>\n<p><strong>Maracaibo, Zulia, Venezuela, 18 de agosto de 2017 (D58-Artes).-<\/strong> Durante el #S\u00e1badoDeInauguraci\u00f3n se contar\u00e1 con el apoyo de seguridad por parte de la Direcci\u00f3n de seguridad integral de la Universidad del Zulia y el patrullaje de la Polic\u00eda Nacional Bolivariana para el resguardo de las instalaciones del museo y todos los asistentes.<\/p>\n<p><strong>Inauguraciones<\/strong><\/p>\n<p><strong>En la sala baja:<\/strong> en su edici\u00f3n 13\u00b0 el MACZUL presenta el Sal\u00f3n Nacional de J\u00f3venes Artistas, en la cual participaron m\u00e1s de 40 artistas de toda Venezuela, con obras en las cuales plantearon pintura, escultura, dibujo digital, videoarte, instalaciones, fotograf\u00eda y textil<\/p>\n<p>El Jurado de preselecci\u00f3n estaba conformado por: Mar\u00eda Ver\u00f3nica Machado (artista transdisciplinaria, arquitecto, profesora e investigadora en arte, arquitectura y dise\u00f1o contempor\u00e1neos), Nathiam Vega (Muse\u00f3loga) y F\u00e9lix Suazo (Cr\u00edtico de arte, investigador y curador).<\/p>\n<p><strong>En la sala alterna:<\/strong> \u00abCuantificable\u00bb de Corina H\u00f6her, artista venezolana radicada en Miami quien presenta su primera individual en Venezuela, curadur\u00eda y museograf\u00eda Cerquone Proyect.<\/p>\n<p><strong>En sala 3:<\/strong> \u00abManual TATLIN. Una lectura desde el tremedal\u00bb de Juan Carlos Rodr\u00edguez, bajo el acompa\u00f1amiento y di\u00e1logos curatoriales de Gerardo Zavarce. La exposici\u00f3n consiste en presentar un manual en ocho partes, como gu\u00eda para construir la torre de Tatlin.<\/p>\n<p>En el CIDAC se realizara una mesa redonda entorno a \u00abLa actualidad en los Sal\u00f3n de arte joven\u00bb, al culminar se presentara la obra del mes llamada \u00abVenezuela Derramada\u00bb del artista V\u00edctor Valera<\/p>\n<p><strong>Terraza MACZUL<br \/>\n<\/strong><br \/>\nPre inauguraci\u00f3n de la Terraza MACZUL por Caf\u00e9 TOTUMA el p\u00fablico asistente podr\u00e1 disfrutar de las opciones que trae el men\u00fa de este nuevo espacio dentro del museo.<\/p>\n<p>Tu visita los ayuda a seguir adelante \u00abRescatemos Arte y Cultura\u00bb #VenAlMuseo<\/p>\n<p><strong>Redacci\u00f3n y fuente: Prensa Maczul<\/strong><br \/>\n<strong>Edici\u00f3n: Villasmil, Henry<\/strong><br \/>\n<strong>Gr\u00e1fica: cortes\u00eda Prensa Maczul<\/strong><\/p>\n<p>&nbsp;<\/p>\n<p>&nbsp;<\/p><div class=\"xybgg69f2c70fb26c1\" ><p style=\"text-align: center;\"><a href=\"https:\/\/t.me\/noticiasdigital58\" target=\"_blank\" rel=\"noopener\"><img class=\"aligncenter size-full wp-image-125363\" src=\"https:\/\/digital58.com.ve\/site\/wp-content\/uploads\/2021\/04\/banner-telegram-web-2021.png\" alt=\"\" width=\"600\" height=\"90\" \/><\/a><\/p><\/div><style type=\"text\/css\">\r\n@media screen and (min-width: 1201px) {\r\n.xybgg69f2c70fb26c1 {\r\ndisplay: block;\r\n}\r\n}\r\n@media screen and (min-width: 993px) and (max-width: 1200px) {\r\n.xybgg69f2c70fb26c1 {\r\ndisplay: block;\r\n}\r\n}\r\n@media screen and (min-width: 769px) and (max-width: 992px) {\r\n.xybgg69f2c70fb26c1 {\r\ndisplay: block;\r\n}\r\n}\r\n@media screen and (min-width: 768px) and (max-width: 768px) {\r\n.xybgg69f2c70fb26c1 {\r\ndisplay: block;\r\n}\r\n}\r\n@media screen and (max-width: 767px) {\r\n.xybgg69f2c70fb26c1 {\r\ndisplay: block;\r\n}\r\n}\r\n<\/style>\r\n\n<p>&nbsp;<\/p>\n<div style=\"margin-top: 0px; margin-bottom: 0px;\" class=\"sharethis-inline-share-buttons\" ><\/div>","protected":false},"excerpt":{"rendered":"<p>El Museo de Arte Contempor\u00e1neo del Zulia sigue luchando por salir adelante, apostando por el arte y la cultura motores<\/p>\n","protected":false},"author":1,"featured_media":69117,"comment_status":"open","ping_status":"closed","sticky":false,"template":"","format":"standard","meta":{"colormag_page_container_layout":"default_layout","colormag_page_sidebar_layout":"default_layout","_uag_custom_page_level_css":"","footnotes":""},"categories":[5412,5401],"tags":[144,2318,73,2354,32],"class_list":["post-69116","post","type-post","status-publish","format-standard","has-post-thumbnail","hentry","category-donde_ir_maracaibo","category-artes","tag-exposiciones","tag-maczul","tag-maracaibo","tag-regionales","tag-venezuela"],"yoast_head":"<!-- This site is optimized with the Yoast SEO plugin v27.5 - https:\/\/yoast.com\/product\/yoast-seo-wordpress\/ -->\n<title>MACZUL invita a #S\u00e1badoDeInauguraci\u00f3n el 19 de agosto de 2017<\/title>\n<meta name=\"robots\" content=\"index, follow, max-snippet:-1, max-image-preview:large, max-video-preview:-1\" \/>\n<link rel=\"canonical\" href=\"https:\/\/digital58.com.ve\/site\/2017\/08\/18\/maczul-invita-a-sabadodeinauguracion-el-19-de-agosto-de-2017\/\" \/>\n<meta property=\"og:locale\" content=\"es_ES\" \/>\n<meta property=\"og:type\" content=\"article\" \/>\n<meta property=\"og:title\" content=\"MACZUL invita a #S\u00e1badoDeInauguraci\u00f3n el 19 de agosto de 2017\" \/>\n<meta property=\"og:url\" content=\"https:\/\/digital58.com.ve\/site\/2017\/08\/18\/maczul-invita-a-sabadodeinauguracion-el-19-de-agosto-de-2017\/\" \/>\n<meta property=\"og:site_name\" content=\"Noticias Digital58\" \/>\n<meta property=\"article:published_time\" content=\"2017-08-18T22:08:18+00:00\" \/>\n<meta property=\"og:image\" content=\"https:\/\/digital58.com.ve\/site\/wp-content\/uploads\/2017\/08\/maczul.jpg\" \/>\n\t<meta property=\"og:image:width\" content=\"1000\" \/>\n\t<meta property=\"og:image:height\" content=\"1000\" \/>\n\t<meta property=\"og:image:type\" content=\"image\/jpeg\" \/>\n<meta name=\"author\" content=\"Villasmil Henry\" \/>\n<meta name=\"twitter:card\" content=\"summary_large_image\" \/>\n<meta name=\"twitter:creator\" content=\"@https:\/\/twitter.com\/villasmilhfoto\" \/>\n<meta name=\"twitter:site\" content=\"@villasmilhfoto\" \/>\n<meta name=\"twitter:label1\" content=\"Escrito por\" \/>\n\t<meta name=\"twitter:data1\" content=\"Villasmil Henry\" \/>\n\t<meta name=\"twitter:label2\" content=\"Tiempo estimado de lectura\" \/>\n\t<meta name=\"twitter:data2\" content=\"2 minutos\" \/>\n<script type=\"application\/ld+json\" class=\"yoast-schema-graph\">{\"@context\":\"https:\\\/\\\/schema.org\",\"@graph\":[{\"@type\":\"Article\",\"@id\":\"https:\\\/\\\/digital58.com.ve\\\/site\\\/2017\\\/08\\\/18\\\/maczul-invita-a-sabadodeinauguracion-el-19-de-agosto-de-2017\\\/#article\",\"isPartOf\":{\"@id\":\"https:\\\/\\\/digital58.com.ve\\\/site\\\/2017\\\/08\\\/18\\\/maczul-invita-a-sabadodeinauguracion-el-19-de-agosto-de-2017\\\/\"},\"author\":{\"name\":\"Villasmil Henry\",\"@id\":\"https:\\\/\\\/digital58.com.ve\\\/site\\\/#\\\/schema\\\/person\\\/64d1c2e4d0d4fd1b849980c4331c2951\"},\"headline\":\"MACZUL invita a #S\u00e1badoDeInauguraci\u00f3n el 19 de agosto de 2017\",\"datePublished\":\"2017-08-18T22:08:18+00:00\",\"mainEntityOfPage\":{\"@id\":\"https:\\\/\\\/digital58.com.ve\\\/site\\\/2017\\\/08\\\/18\\\/maczul-invita-a-sabadodeinauguracion-el-19-de-agosto-de-2017\\\/\"},\"wordCount\":387,\"commentCount\":0,\"publisher\":{\"@id\":\"https:\\\/\\\/digital58.com.ve\\\/site\\\/#\\\/schema\\\/person\\\/64d1c2e4d0d4fd1b849980c4331c2951\"},\"image\":{\"@id\":\"https:\\\/\\\/digital58.com.ve\\\/site\\\/2017\\\/08\\\/18\\\/maczul-invita-a-sabadodeinauguracion-el-19-de-agosto-de-2017\\\/#primaryimage\"},\"thumbnailUrl\":\"https:\\\/\\\/digital58.com.ve\\\/site\\\/wp-content\\\/uploads\\\/2017\\\/08\\\/maczul.jpg\",\"keywords\":[\"Exposiciones\",\"MACZUL\",\"Maracaibo\",\"Regionales\",\"Venezuela\"],\"articleSection\":[\"\u00bfD\u00f3nde ir Maracaibo?\",\"Artes\"],\"inLanguage\":\"es\",\"potentialAction\":[{\"@type\":\"CommentAction\",\"name\":\"Comment\",\"target\":[\"https:\\\/\\\/digital58.com.ve\\\/site\\\/2017\\\/08\\\/18\\\/maczul-invita-a-sabadodeinauguracion-el-19-de-agosto-de-2017\\\/#respond\"]}]},{\"@type\":\"WebPage\",\"@id\":\"https:\\\/\\\/digital58.com.ve\\\/site\\\/2017\\\/08\\\/18\\\/maczul-invita-a-sabadodeinauguracion-el-19-de-agosto-de-2017\\\/\",\"url\":\"https:\\\/\\\/digital58.com.ve\\\/site\\\/2017\\\/08\\\/18\\\/maczul-invita-a-sabadodeinauguracion-el-19-de-agosto-de-2017\\\/\",\"name\":\"MACZUL invita a #S\u00e1badoDeInauguraci\u00f3n el 19 de agosto de 2017\",\"isPartOf\":{\"@id\":\"https:\\\/\\\/digital58.com.ve\\\/site\\\/#website\"},\"primaryImageOfPage\":{\"@id\":\"https:\\\/\\\/digital58.com.ve\\\/site\\\/2017\\\/08\\\/18\\\/maczul-invita-a-sabadodeinauguracion-el-19-de-agosto-de-2017\\\/#primaryimage\"},\"image\":{\"@id\":\"https:\\\/\\\/digital58.com.ve\\\/site\\\/2017\\\/08\\\/18\\\/maczul-invita-a-sabadodeinauguracion-el-19-de-agosto-de-2017\\\/#primaryimage\"},\"thumbnailUrl\":\"https:\\\/\\\/digital58.com.ve\\\/site\\\/wp-content\\\/uploads\\\/2017\\\/08\\\/maczul.jpg\",\"datePublished\":\"2017-08-18T22:08:18+00:00\",\"breadcrumb\":{\"@id\":\"https:\\\/\\\/digital58.com.ve\\\/site\\\/2017\\\/08\\\/18\\\/maczul-invita-a-sabadodeinauguracion-el-19-de-agosto-de-2017\\\/#breadcrumb\"},\"inLanguage\":\"es\",\"potentialAction\":[{\"@type\":\"ReadAction\",\"target\":[\"https:\\\/\\\/digital58.com.ve\\\/site\\\/2017\\\/08\\\/18\\\/maczul-invita-a-sabadodeinauguracion-el-19-de-agosto-de-2017\\\/\"]}]},{\"@type\":\"ImageObject\",\"inLanguage\":\"es\",\"@id\":\"https:\\\/\\\/digital58.com.ve\\\/site\\\/2017\\\/08\\\/18\\\/maczul-invita-a-sabadodeinauguracion-el-19-de-agosto-de-2017\\\/#primaryimage\",\"url\":\"https:\\\/\\\/digital58.com.ve\\\/site\\\/wp-content\\\/uploads\\\/2017\\\/08\\\/maczul.jpg\",\"contentUrl\":\"https:\\\/\\\/digital58.com.ve\\\/site\\\/wp-content\\\/uploads\\\/2017\\\/08\\\/maczul.jpg\",\"width\":600,\"height\":600},{\"@type\":\"BreadcrumbList\",\"@id\":\"https:\\\/\\\/digital58.com.ve\\\/site\\\/2017\\\/08\\\/18\\\/maczul-invita-a-sabadodeinauguracion-el-19-de-agosto-de-2017\\\/#breadcrumb\",\"itemListElement\":[{\"@type\":\"ListItem\",\"position\":1,\"name\":\"Home\",\"item\":\"https:\\\/\\\/digital58.com.ve\\\/site\\\/\"},{\"@type\":\"ListItem\",\"position\":2,\"name\":\"MACZUL invita a #S\u00e1badoDeInauguraci\u00f3n el 19 de agosto de 2017\"}]},{\"@type\":\"WebSite\",\"@id\":\"https:\\\/\\\/digital58.com.ve\\\/site\\\/#website\",\"url\":\"https:\\\/\\\/digital58.com.ve\\\/site\\\/\",\"name\":\"Noticias Digital58\",\"description\":\"Portal de Noticias \u00a1Periodismo web de verdad! Lanzamiento web 22.11.2005 \\\/ Maracaibo, Venezuela\",\"publisher\":{\"@id\":\"https:\\\/\\\/digital58.com.ve\\\/site\\\/#\\\/schema\\\/person\\\/64d1c2e4d0d4fd1b849980c4331c2951\"},\"alternateName\":\"ND58\",\"potentialAction\":[{\"@type\":\"SearchAction\",\"target\":{\"@type\":\"EntryPoint\",\"urlTemplate\":\"https:\\\/\\\/digital58.com.ve\\\/site\\\/?s={search_term_string}\"},\"query-input\":{\"@type\":\"PropertyValueSpecification\",\"valueRequired\":true,\"valueName\":\"search_term_string\"}}],\"inLanguage\":\"es\"},{\"@type\":[\"Person\",\"Organization\"],\"@id\":\"https:\\\/\\\/digital58.com.ve\\\/site\\\/#\\\/schema\\\/person\\\/64d1c2e4d0d4fd1b849980c4331c2951\",\"name\":\"Villasmil Henry\",\"image\":{\"@type\":\"ImageObject\",\"inLanguage\":\"es\",\"@id\":\"https:\\\/\\\/secure.gravatar.com\\\/avatar\\\/bb0c4a2fcb7970138239f7e404ea75757b1b507b28b5ce4c53fbd62d797c5a7c?s=96&d=mm&r=g\",\"url\":\"https:\\\/\\\/secure.gravatar.com\\\/avatar\\\/bb0c4a2fcb7970138239f7e404ea75757b1b507b28b5ce4c53fbd62d797c5a7c?s=96&d=mm&r=g\",\"contentUrl\":\"https:\\\/\\\/secure.gravatar.com\\\/avatar\\\/bb0c4a2fcb7970138239f7e404ea75757b1b507b28b5ce4c53fbd62d797c5a7c?s=96&d=mm&r=g\",\"caption\":\"Villasmil Henry\"},\"logo\":{\"@id\":\"https:\\\/\\\/secure.gravatar.com\\\/avatar\\\/bb0c4a2fcb7970138239f7e404ea75757b1b507b28b5ce4c53fbd62d797c5a7c?s=96&d=mm&r=g\"},\"sameAs\":[\"http:\\\/\\\/www.henryvillasmil.com.ve\",\"https:\\\/\\\/www.instagram.com\\\/villasmilhfoto\\\/\",\"https:\\\/\\\/x.com\\\/https:\\\/\\\/twitter.com\\\/villasmilhfoto\"],\"url\":\"https:\\\/\\\/digital58.com.ve\\\/site\\\/author\\\/droopy_68\\\/\"}]}<\/script>\n<!-- \/ Yoast SEO plugin. -->","yoast_head_json":{"title":"MACZUL invita a #S\u00e1badoDeInauguraci\u00f3n el 19 de agosto de 2017","robots":{"index":"index","follow":"follow","max-snippet":"max-snippet:-1","max-image-preview":"max-image-preview:large","max-video-preview":"max-video-preview:-1"},"canonical":"https:\/\/digital58.com.ve\/site\/2017\/08\/18\/maczul-invita-a-sabadodeinauguracion-el-19-de-agosto-de-2017\/","og_locale":"es_ES","og_type":"article","og_title":"MACZUL invita a #S\u00e1badoDeInauguraci\u00f3n el 19 de agosto de 2017","og_url":"https:\/\/digital58.com.ve\/site\/2017\/08\/18\/maczul-invita-a-sabadodeinauguracion-el-19-de-agosto-de-2017\/","og_site_name":"Noticias Digital58","article_published_time":"2017-08-18T22:08:18+00:00","og_image":[{"width":1000,"height":1000,"url":"https:\/\/digital58.com.ve\/site\/wp-content\/uploads\/2017\/08\/maczul.jpg","type":"image\/jpeg"}],"author":"Villasmil Henry","twitter_card":"summary_large_image","twitter_creator":"@https:\/\/twitter.com\/villasmilhfoto","twitter_site":"@villasmilhfoto","twitter_misc":{"Escrito por":"Villasmil Henry","Tiempo estimado de lectura":"2 minutos"},"schema":{"@context":"https:\/\/schema.org","@graph":[{"@type":"Article","@id":"https:\/\/digital58.com.ve\/site\/2017\/08\/18\/maczul-invita-a-sabadodeinauguracion-el-19-de-agosto-de-2017\/#article","isPartOf":{"@id":"https:\/\/digital58.com.ve\/site\/2017\/08\/18\/maczul-invita-a-sabadodeinauguracion-el-19-de-agosto-de-2017\/"},"author":{"name":"Villasmil Henry","@id":"https:\/\/digital58.com.ve\/site\/#\/schema\/person\/64d1c2e4d0d4fd1b849980c4331c2951"},"headline":"MACZUL invita a #S\u00e1badoDeInauguraci\u00f3n el 19 de agosto de 2017","datePublished":"2017-08-18T22:08:18+00:00","mainEntityOfPage":{"@id":"https:\/\/digital58.com.ve\/site\/2017\/08\/18\/maczul-invita-a-sabadodeinauguracion-el-19-de-agosto-de-2017\/"},"wordCount":387,"commentCount":0,"publisher":{"@id":"https:\/\/digital58.com.ve\/site\/#\/schema\/person\/64d1c2e4d0d4fd1b849980c4331c2951"},"image":{"@id":"https:\/\/digital58.com.ve\/site\/2017\/08\/18\/maczul-invita-a-sabadodeinauguracion-el-19-de-agosto-de-2017\/#primaryimage"},"thumbnailUrl":"https:\/\/digital58.com.ve\/site\/wp-content\/uploads\/2017\/08\/maczul.jpg","keywords":["Exposiciones","MACZUL","Maracaibo","Regionales","Venezuela"],"articleSection":["\u00bfD\u00f3nde ir Maracaibo?","Artes"],"inLanguage":"es","potentialAction":[{"@type":"CommentAction","name":"Comment","target":["https:\/\/digital58.com.ve\/site\/2017\/08\/18\/maczul-invita-a-sabadodeinauguracion-el-19-de-agosto-de-2017\/#respond"]}]},{"@type":"WebPage","@id":"https:\/\/digital58.com.ve\/site\/2017\/08\/18\/maczul-invita-a-sabadodeinauguracion-el-19-de-agosto-de-2017\/","url":"https:\/\/digital58.com.ve\/site\/2017\/08\/18\/maczul-invita-a-sabadodeinauguracion-el-19-de-agosto-de-2017\/","name":"MACZUL invita a #S\u00e1badoDeInauguraci\u00f3n el 19 de agosto de 2017","isPartOf":{"@id":"https:\/\/digital58.com.ve\/site\/#website"},"primaryImageOfPage":{"@id":"https:\/\/digital58.com.ve\/site\/2017\/08\/18\/maczul-invita-a-sabadodeinauguracion-el-19-de-agosto-de-2017\/#primaryimage"},"image":{"@id":"https:\/\/digital58.com.ve\/site\/2017\/08\/18\/maczul-invita-a-sabadodeinauguracion-el-19-de-agosto-de-2017\/#primaryimage"},"thumbnailUrl":"https:\/\/digital58.com.ve\/site\/wp-content\/uploads\/2017\/08\/maczul.jpg","datePublished":"2017-08-18T22:08:18+00:00","breadcrumb":{"@id":"https:\/\/digital58.com.ve\/site\/2017\/08\/18\/maczul-invita-a-sabadodeinauguracion-el-19-de-agosto-de-2017\/#breadcrumb"},"inLanguage":"es","potentialAction":[{"@type":"ReadAction","target":["https:\/\/digital58.com.ve\/site\/2017\/08\/18\/maczul-invita-a-sabadodeinauguracion-el-19-de-agosto-de-2017\/"]}]},{"@type":"ImageObject","inLanguage":"es","@id":"https:\/\/digital58.com.ve\/site\/2017\/08\/18\/maczul-invita-a-sabadodeinauguracion-el-19-de-agosto-de-2017\/#primaryimage","url":"https:\/\/digital58.com.ve\/site\/wp-content\/uploads\/2017\/08\/maczul.jpg","contentUrl":"https:\/\/digital58.com.ve\/site\/wp-content\/uploads\/2017\/08\/maczul.jpg","width":600,"height":600},{"@type":"BreadcrumbList","@id":"https:\/\/digital58.com.ve\/site\/2017\/08\/18\/maczul-invita-a-sabadodeinauguracion-el-19-de-agosto-de-2017\/#breadcrumb","itemListElement":[{"@type":"ListItem","position":1,"name":"Home","item":"https:\/\/digital58.com.ve\/site\/"},{"@type":"ListItem","position":2,"name":"MACZUL invita a #S\u00e1badoDeInauguraci\u00f3n el 19 de agosto de 2017"}]},{"@type":"WebSite","@id":"https:\/\/digital58.com.ve\/site\/#website","url":"https:\/\/digital58.com.ve\/site\/","name":"Noticias Digital58","description":"Portal de Noticias \u00a1Periodismo web de verdad! Lanzamiento web 22.11.2005 \/ Maracaibo, Venezuela","publisher":{"@id":"https:\/\/digital58.com.ve\/site\/#\/schema\/person\/64d1c2e4d0d4fd1b849980c4331c2951"},"alternateName":"ND58","potentialAction":[{"@type":"SearchAction","target":{"@type":"EntryPoint","urlTemplate":"https:\/\/digital58.com.ve\/site\/?s={search_term_string}"},"query-input":{"@type":"PropertyValueSpecification","valueRequired":true,"valueName":"search_term_string"}}],"inLanguage":"es"},{"@type":["Person","Organization"],"@id":"https:\/\/digital58.com.ve\/site\/#\/schema\/person\/64d1c2e4d0d4fd1b849980c4331c2951","name":"Villasmil Henry","image":{"@type":"ImageObject","inLanguage":"es","@id":"https:\/\/secure.gravatar.com\/avatar\/bb0c4a2fcb7970138239f7e404ea75757b1b507b28b5ce4c53fbd62d797c5a7c?s=96&d=mm&r=g","url":"https:\/\/secure.gravatar.com\/avatar\/bb0c4a2fcb7970138239f7e404ea75757b1b507b28b5ce4c53fbd62d797c5a7c?s=96&d=mm&r=g","contentUrl":"https:\/\/secure.gravatar.com\/avatar\/bb0c4a2fcb7970138239f7e404ea75757b1b507b28b5ce4c53fbd62d797c5a7c?s=96&d=mm&r=g","caption":"Villasmil Henry"},"logo":{"@id":"https:\/\/secure.gravatar.com\/avatar\/bb0c4a2fcb7970138239f7e404ea75757b1b507b28b5ce4c53fbd62d797c5a7c?s=96&d=mm&r=g"},"sameAs":["http:\/\/www.henryvillasmil.com.ve","https:\/\/www.instagram.com\/villasmilhfoto\/","https:\/\/x.com\/https:\/\/twitter.com\/villasmilhfoto"],"url":"https:\/\/digital58.com.ve\/site\/author\/droopy_68\/"}]}},"uagb_featured_image_src":{"full":["https:\/\/digital58.com.ve\/site\/wp-content\/uploads\/2017\/08\/maczul.jpg",600,600,false],"thumbnail":["https:\/\/digital58.com.ve\/site\/wp-content\/uploads\/2017\/08\/maczul-150x150.jpg",150,150,true],"medium":["https:\/\/digital58.com.ve\/site\/wp-content\/uploads\/2017\/08\/maczul-300x300.jpg",300,300,true],"medium_large":["https:\/\/digital58.com.ve\/site\/wp-content\/uploads\/2017\/08\/maczul-768x768.jpg",768,768,true],"large":["https:\/\/digital58.com.ve\/site\/wp-content\/uploads\/2017\/08\/maczul.jpg",600,600,false],"1536x1536":["https:\/\/digital58.com.ve\/site\/wp-content\/uploads\/2017\/08\/maczul.jpg",600,600,false],"2048x2048":["https:\/\/digital58.com.ve\/site\/wp-content\/uploads\/2017\/08\/maczul.jpg",600,600,false],"colormag-highlighted-post":["https:\/\/digital58.com.ve\/site\/wp-content\/uploads\/2017\/08\/maczul.jpg",272,272,false],"colormag-featured-post-medium":["https:\/\/digital58.com.ve\/site\/wp-content\/uploads\/2017\/08\/maczul.jpg",205,205,false],"colormag-featured-post-small":["https:\/\/digital58.com.ve\/site\/wp-content\/uploads\/2017\/08\/maczul.jpg",90,90,false],"colormag-featured-image":["https:\/\/digital58.com.ve\/site\/wp-content\/uploads\/2017\/08\/maczul.jpg",445,445,false],"colormag-default-news":["https:\/\/digital58.com.ve\/site\/wp-content\/uploads\/2017\/08\/maczul.jpg",150,150,false],"colormag-featured-image-large":["https:\/\/digital58.com.ve\/site\/wp-content\/uploads\/2017\/08\/maczul.jpg",600,600,false]},"uagb_author_info":{"display_name":"Villasmil Henry","author_link":"https:\/\/digital58.com.ve\/site\/author\/droopy_68\/"},"uagb_comment_info":0,"uagb_excerpt":"El Museo de Arte Contempor\u00e1neo del Zulia sigue luchando por salir adelante, apostando por el arte y la cultura motores","_links":{"self":[{"href":"https:\/\/digital58.com.ve\/site\/wp-json\/wp\/v2\/posts\/69116","targetHints":{"allow":["GET"]}}],"collection":[{"href":"https:\/\/digital58.com.ve\/site\/wp-json\/wp\/v2\/posts"}],"about":[{"href":"https:\/\/digital58.com.ve\/site\/wp-json\/wp\/v2\/types\/post"}],"author":[{"embeddable":true,"href":"https:\/\/digital58.com.ve\/site\/wp-json\/wp\/v2\/users\/1"}],"replies":[{"embeddable":true,"href":"https:\/\/digital58.com.ve\/site\/wp-json\/wp\/v2\/comments?post=69116"}],"version-history":[{"count":0,"href":"https:\/\/digital58.com.ve\/site\/wp-json\/wp\/v2\/posts\/69116\/revisions"}],"wp:featuredmedia":[{"embeddable":true,"href":"https:\/\/digital58.com.ve\/site\/wp-json\/wp\/v2\/media\/69117"}],"wp:attachment":[{"href":"https:\/\/digital58.com.ve\/site\/wp-json\/wp\/v2\/media?parent=69116"}],"wp:term":[{"taxonomy":"category","embeddable":true,"href":"https:\/\/digital58.com.ve\/site\/wp-json\/wp\/v2\/categories?post=69116"},{"taxonomy":"post_tag","embeddable":true,"href":"https:\/\/digital58.com.ve\/site\/wp-json\/wp\/v2\/tags?post=69116"}],"curies":[{"name":"wp","href":"https:\/\/api.w.org\/{rel}","templated":true}]}}