{"id":69579,"date":"2017-08-23T22:33:52","date_gmt":"2017-08-24T02:33:52","guid":{"rendered":"http:\/\/digital58.com.ve\/site\/?p=69579"},"modified":"2017-08-23T22:34:19","modified_gmt":"2017-08-24T02:34:19","slug":"nuevo-poster-del-corto-animado-de-forzen-que-acompanara-a-coco","status":"publish","type":"post","link":"https:\/\/digital58.com.ve\/site\/2017\/08\/23\/nuevo-poster-del-corto-animado-de-forzen-que-acompanara-a-coco\/","title":{"rendered":"Nuevo p\u00f3ster del corto animado de \u00abFrozen\u00bb que acompa\u00f1ar\u00e1 a \u00abCoco\u00bb"},"content":{"rendered":"<p><a href=\"http:\/\/digital58.com.ve\/site\/wp-content\/uploads\/2017\/08\/Olaf.jpg\"><img loading=\"lazy\" decoding=\"async\" class=\"aligncenter size-large wp-image-69580\" src=\"http:\/\/digital58.com.ve\/site\/wp-content\/uploads\/2017\/08\/Olaf-1500x844.jpg\" alt=\"\" width=\"640\" height=\"360\" srcset=\"https:\/\/digital58.com.ve\/site\/wp-content\/uploads\/2017\/08\/Olaf-1500x844.jpg 1500w, https:\/\/digital58.com.ve\/site\/wp-content\/uploads\/2017\/08\/Olaf-300x169.jpg 300w, https:\/\/digital58.com.ve\/site\/wp-content\/uploads\/2017\/08\/Olaf-768x432.jpg 768w, https:\/\/digital58.com.ve\/site\/wp-content\/uploads\/2017\/08\/Olaf.jpg 800w\" sizes=\"auto, (max-width: 640px) 100vw, 640px\" \/><\/a><\/p>\n<p>A trav\u00e9s de Yahoo, Walt Disney Animation Studios ha difundido un nuevo p\u00f3ster de \u00abFrozen: Una aventura de \u00abOlaf\u00bb\u00bb, el corto animado que acompa\u00f1ar\u00e1 a \u00abCoco\u00bb en su estreno, el cual llegar\u00e1 a la pantalla grande el 01 de diciembre y est\u00e1 ambientado en la festividad del D\u00eda de los Muertos.<\/p>\n<p><strong>California, USA, 23 de agosto de 2017 (D58).-<\/strong> El corto animado, \u00abFrozen: Una aventura de \u00abOlaf\u00bb\u00bb, tiene una duraci\u00f3n de 21 minutos, cuatro canciones originales y contar\u00e1 con los personajes principales de la cinta animada por Chris Buck y Jennifer Lee.<\/p>\n<p><a href=\"http:\/\/digital58.com.ve\/site\/wp-content\/uploads\/2017\/08\/poster.jpg\"><img loading=\"lazy\" decoding=\"async\" class=\"aligncenter size-full wp-image-69581\" src=\"http:\/\/digital58.com.ve\/site\/wp-content\/uploads\/2017\/08\/poster.jpg\" alt=\"\" width=\"600\" height=\"890\" srcset=\"https:\/\/digital58.com.ve\/site\/wp-content\/uploads\/2017\/08\/poster.jpg 404w, https:\/\/digital58.com.ve\/site\/wp-content\/uploads\/2017\/08\/poster-202x300.jpg 202w\" sizes=\"auto, (max-width: 600px) 100vw, 600px\" \/><\/a><\/p>\n<p>Entre ellos estar\u00e1 \u00abOlaf\u00bb (Josh Gad), que har\u00e1 lo posible para que \u00abAnna\u00bb (Kristen Bell), \u00abElsa\u00bb (Idina Menzel) y \u00abKristoff\u00bb (Jonathan Groff) aprendan las mejores tradiciones navide\u00f1as durante el primer invierno, tras reabrir las puertas de \u00abArendelle\u00bb.<\/p>\n<p>Disney hab\u00eda anunciado, en la D23 Expo de julio, que el equipo \u00a0estuvo buscando localizaciones en Noruega, Finlandia e Islandia.<\/p>\n<p>Dirigido por Kevin Deters y Stevie Wermers-Skelton, \u00abFrozen: Una aventura de \u00abOlaf\u00bb\u00bb tambi\u00e9n podr\u00eda sentar las bases para \u00abFrozen 2\u00bb, cuyo estreno est\u00e1 programado para el 27 de noviembre de 2019 en Estados Unidos, despu\u00e9s de que la primera recaudara, en 2013, m\u00e1s de 1.200 millones de d\u00f3lares.<\/p>\n<p>Mientras esperamos la llegada de esta nueva aventura de \u00abFrozen\u00bb, te dejamos los tr\u00e1liers, incluyendo el de \u00abCoco\u00bb, al final de la nota.<\/p>\n<p><strong>Redacci\u00f3n y fuente: Agencia<\/strong><br \/>\n<strong>Edici\u00f3n: <a href=\"https:\/\/www.instagram.com\/raquelsofiavera\/\" target=\"_blank\" rel=\"noopener\">Vera, Raquel<\/a><\/strong><br \/>\n<strong>Fotos: Google<\/strong><\/p>\n<p style=\"text-align: center;\"><div class=\"lyte-wrapper\" style=\"width:640px;max-width:100%;margin:5px auto;\"><div class=\"lyMe\" id=\"WYL_2571B3bQMSg\"><div id=\"lyte_2571B3bQMSg\" data-src=\"\/\/i.ytimg.com\/vi\/2571B3bQMSg\/hqdefault.jpg\" class=\"pL\"><div class=\"tC\"><div class=\"tT\"><\/div><\/div><div class=\"play\"><\/div><div class=\"ctrl\"><div class=\"Lctrl\"><\/div><div class=\"Rctrl\"><\/div><\/div><\/div><noscript><a href=\"https:\/\/youtu.be\/2571B3bQMSg\" rel=\"nofollow\"><img loading=\"lazy\" decoding=\"async\" src=\"https:\/\/i.ytimg.com\/vi\/2571B3bQMSg\/0.jpg\" alt=\"YouTube video thumbnail\" width=\"640\" height=\"340\" \/><br \/>Ver este video en YouTube<\/a><\/noscript><\/div><\/div><div class=\"lL\" style=\"max-width:100%;width:640px;margin:5px auto;\"><\/div><\/p><div class=\"wgdou69f4cf7610cf6\" ><p style=\"text-align: center;\"><a href=\"https:\/\/t.me\/noticiasdigital58\" target=\"_blank\" rel=\"noopener\"><img class=\"aligncenter size-full wp-image-125363\" src=\"https:\/\/digital58.com.ve\/site\/wp-content\/uploads\/2021\/04\/banner-telegram-web-2021.png\" alt=\"\" width=\"600\" height=\"90\" \/><\/a><\/p><\/div><style type=\"text\/css\">\r\n@media screen and (min-width: 1201px) {\r\n.wgdou69f4cf7610cf6 {\r\ndisplay: block;\r\n}\r\n}\r\n@media screen and (min-width: 993px) and (max-width: 1200px) {\r\n.wgdou69f4cf7610cf6 {\r\ndisplay: block;\r\n}\r\n}\r\n@media screen and (min-width: 769px) and (max-width: 992px) {\r\n.wgdou69f4cf7610cf6 {\r\ndisplay: block;\r\n}\r\n}\r\n@media screen and (min-width: 768px) and (max-width: 768px) {\r\n.wgdou69f4cf7610cf6 {\r\ndisplay: block;\r\n}\r\n}\r\n@media screen and (max-width: 767px) {\r\n.wgdou69f4cf7610cf6 {\r\ndisplay: block;\r\n}\r\n}\r\n<\/style>\r\n\n<p style=\"text-align: center;\"><div class=\"lyte-wrapper\" style=\"width:640px;max-width:100%;margin:5px auto;\"><div class=\"lyMe\" id=\"WYL_KPcpy_cy8Rs\"><div id=\"lyte_KPcpy_cy8Rs\" data-src=\"\/\/i.ytimg.com\/vi\/KPcpy_cy8Rs\/hqdefault.jpg\" class=\"pL\"><div class=\"tC\"><div class=\"tT\"><\/div><\/div><div class=\"play\"><\/div><div class=\"ctrl\"><div class=\"Lctrl\"><\/div><div class=\"Rctrl\"><\/div><\/div><\/div><noscript><a href=\"https:\/\/youtu.be\/KPcpy_cy8Rs\" rel=\"nofollow\"><img loading=\"lazy\" decoding=\"async\" src=\"https:\/\/i.ytimg.com\/vi\/KPcpy_cy8Rs\/0.jpg\" alt=\"YouTube video thumbnail\" width=\"640\" height=\"340\" \/><br \/>Ver este video en YouTube<\/a><\/noscript><\/div><\/div><div class=\"lL\" style=\"max-width:100%;width:640px;margin:5px auto;\"><\/div><\/p>\n<div style=\"margin-top: 0px; margin-bottom: 0px;\" class=\"sharethis-inline-share-buttons\" ><\/div>","protected":false},"excerpt":{"rendered":"<p>A trav\u00e9s de Yahoo, Walt Disney Animation Studios ha difundido un nuevo p\u00f3ster de \u00abFrozen: Una aventura de \u00abOlaf\u00bb\u00bb, el<\/p>\n","protected":false},"author":1,"featured_media":69580,"comment_status":"open","ping_status":"closed","sticky":false,"template":"","format":"standard","meta":{"colormag_page_container_layout":"default_layout","colormag_page_sidebar_layout":"default_layout","_uag_custom_page_level_css":"","footnotes":""},"categories":[1],"tags":[46,9058,1418,50,51,8,72,8564,7404],"class_list":["post-69579","post","type-post","status-publish","format-standard","has-post-thumbnail","hentry","category-fama","tag-cine","tag-cortos-animados","tag-disney","tag-entretenimiento","tag-estrenos","tag-internacionales","tag-peliculas","tag-poster","tag-producciones"],"yoast_head":"<!-- This site is optimized with the Yoast SEO plugin v27.5 - https:\/\/yoast.com\/product\/yoast-seo-wordpress\/ -->\n<title>Nuevo p\u00f3ster del corto animado de \u00abFrozen\u00bb que acompa\u00f1ar\u00e1 a \u00abCoco\u00bb<\/title>\n<meta name=\"robots\" content=\"index, follow, max-snippet:-1, max-image-preview:large, max-video-preview:-1\" \/>\n<link rel=\"canonical\" href=\"https:\/\/digital58.com.ve\/site\/2017\/08\/23\/nuevo-poster-del-corto-animado-de-forzen-que-acompanara-a-coco\/\" \/>\n<meta property=\"og:locale\" content=\"es_ES\" \/>\n<meta property=\"og:type\" content=\"article\" \/>\n<meta property=\"og:title\" content=\"Nuevo p\u00f3ster del corto animado de \u00abFrozen\u00bb que acompa\u00f1ar\u00e1 a \u00abCoco\u00bb\" \/>\n<meta property=\"og:url\" content=\"https:\/\/digital58.com.ve\/site\/2017\/08\/23\/nuevo-poster-del-corto-animado-de-forzen-que-acompanara-a-coco\/\" \/>\n<meta property=\"og:site_name\" content=\"Noticias Digital58\" \/>\n<meta property=\"article:published_time\" content=\"2017-08-24T02:33:52+00:00\" \/>\n<meta property=\"article:modified_time\" content=\"2017-08-24T02:34:19+00:00\" \/>\n<meta property=\"og:image\" content=\"https:\/\/digital58.com.ve\/site\/wp-content\/uploads\/2017\/08\/Olaf.jpg\" \/>\n\t<meta property=\"og:image:width\" content=\"1778\" \/>\n\t<meta property=\"og:image:height\" content=\"1000\" \/>\n\t<meta property=\"og:image:type\" content=\"image\/jpeg\" \/>\n<meta name=\"author\" content=\"Villasmil Henry\" \/>\n<meta name=\"twitter:card\" content=\"summary_large_image\" \/>\n<meta name=\"twitter:creator\" content=\"@https:\/\/twitter.com\/villasmilhfoto\" \/>\n<meta name=\"twitter:site\" content=\"@villasmilhfoto\" \/>\n<meta name=\"twitter:label1\" content=\"Escrito por\" \/>\n\t<meta name=\"twitter:data1\" content=\"Villasmil Henry\" \/>\n\t<meta name=\"twitter:label2\" content=\"Tiempo estimado de lectura\" \/>\n\t<meta name=\"twitter:data2\" content=\"1 minuto\" \/>\n<script type=\"application\/ld+json\" class=\"yoast-schema-graph\">{\"@context\":\"https:\\\/\\\/schema.org\",\"@graph\":[{\"@type\":\"Article\",\"@id\":\"https:\\\/\\\/digital58.com.ve\\\/site\\\/2017\\\/08\\\/23\\\/nuevo-poster-del-corto-animado-de-forzen-que-acompanara-a-coco\\\/#article\",\"isPartOf\":{\"@id\":\"https:\\\/\\\/digital58.com.ve\\\/site\\\/2017\\\/08\\\/23\\\/nuevo-poster-del-corto-animado-de-forzen-que-acompanara-a-coco\\\/\"},\"author\":{\"name\":\"Villasmil Henry\",\"@id\":\"https:\\\/\\\/digital58.com.ve\\\/site\\\/#\\\/schema\\\/person\\\/64d1c2e4d0d4fd1b849980c4331c2951\"},\"headline\":\"Nuevo p\u00f3ster del corto animado de \u00abFrozen\u00bb que acompa\u00f1ar\u00e1 a \u00abCoco\u00bb\",\"datePublished\":\"2017-08-24T02:33:52+00:00\",\"dateModified\":\"2017-08-24T02:34:19+00:00\",\"mainEntityOfPage\":{\"@id\":\"https:\\\/\\\/digital58.com.ve\\\/site\\\/2017\\\/08\\\/23\\\/nuevo-poster-del-corto-animado-de-forzen-que-acompanara-a-coco\\\/\"},\"wordCount\":249,\"commentCount\":0,\"publisher\":{\"@id\":\"https:\\\/\\\/digital58.com.ve\\\/site\\\/#\\\/schema\\\/person\\\/64d1c2e4d0d4fd1b849980c4331c2951\"},\"image\":{\"@id\":\"https:\\\/\\\/digital58.com.ve\\\/site\\\/2017\\\/08\\\/23\\\/nuevo-poster-del-corto-animado-de-forzen-que-acompanara-a-coco\\\/#primaryimage\"},\"thumbnailUrl\":\"https:\\\/\\\/digital58.com.ve\\\/site\\\/wp-content\\\/uploads\\\/2017\\\/08\\\/Olaf.jpg\",\"keywords\":[\"Cine\",\"Cortos Animados\",\"Disney\",\"Entretenimiento\",\"Estrenos\",\"Internacionales\",\"Pel\u00edculas\",\"P\u00f3ster\",\"Producciones\"],\"articleSection\":[\"Fama\"],\"inLanguage\":\"es\",\"potentialAction\":[{\"@type\":\"CommentAction\",\"name\":\"Comment\",\"target\":[\"https:\\\/\\\/digital58.com.ve\\\/site\\\/2017\\\/08\\\/23\\\/nuevo-poster-del-corto-animado-de-forzen-que-acompanara-a-coco\\\/#respond\"]}]},{\"@type\":\"WebPage\",\"@id\":\"https:\\\/\\\/digital58.com.ve\\\/site\\\/2017\\\/08\\\/23\\\/nuevo-poster-del-corto-animado-de-forzen-que-acompanara-a-coco\\\/\",\"url\":\"https:\\\/\\\/digital58.com.ve\\\/site\\\/2017\\\/08\\\/23\\\/nuevo-poster-del-corto-animado-de-forzen-que-acompanara-a-coco\\\/\",\"name\":\"Nuevo p\u00f3ster del corto animado de \u00abFrozen\u00bb que acompa\u00f1ar\u00e1 a \u00abCoco\u00bb\",\"isPartOf\":{\"@id\":\"https:\\\/\\\/digital58.com.ve\\\/site\\\/#website\"},\"primaryImageOfPage\":{\"@id\":\"https:\\\/\\\/digital58.com.ve\\\/site\\\/2017\\\/08\\\/23\\\/nuevo-poster-del-corto-animado-de-forzen-que-acompanara-a-coco\\\/#primaryimage\"},\"image\":{\"@id\":\"https:\\\/\\\/digital58.com.ve\\\/site\\\/2017\\\/08\\\/23\\\/nuevo-poster-del-corto-animado-de-forzen-que-acompanara-a-coco\\\/#primaryimage\"},\"thumbnailUrl\":\"https:\\\/\\\/digital58.com.ve\\\/site\\\/wp-content\\\/uploads\\\/2017\\\/08\\\/Olaf.jpg\",\"datePublished\":\"2017-08-24T02:33:52+00:00\",\"dateModified\":\"2017-08-24T02:34:19+00:00\",\"breadcrumb\":{\"@id\":\"https:\\\/\\\/digital58.com.ve\\\/site\\\/2017\\\/08\\\/23\\\/nuevo-poster-del-corto-animado-de-forzen-que-acompanara-a-coco\\\/#breadcrumb\"},\"inLanguage\":\"es\",\"potentialAction\":[{\"@type\":\"ReadAction\",\"target\":[\"https:\\\/\\\/digital58.com.ve\\\/site\\\/2017\\\/08\\\/23\\\/nuevo-poster-del-corto-animado-de-forzen-que-acompanara-a-coco\\\/\"]}]},{\"@type\":\"ImageObject\",\"inLanguage\":\"es\",\"@id\":\"https:\\\/\\\/digital58.com.ve\\\/site\\\/2017\\\/08\\\/23\\\/nuevo-poster-del-corto-animado-de-forzen-que-acompanara-a-coco\\\/#primaryimage\",\"url\":\"https:\\\/\\\/digital58.com.ve\\\/site\\\/wp-content\\\/uploads\\\/2017\\\/08\\\/Olaf.jpg\",\"contentUrl\":\"https:\\\/\\\/digital58.com.ve\\\/site\\\/wp-content\\\/uploads\\\/2017\\\/08\\\/Olaf.jpg\",\"width\":800,\"height\":450},{\"@type\":\"BreadcrumbList\",\"@id\":\"https:\\\/\\\/digital58.com.ve\\\/site\\\/2017\\\/08\\\/23\\\/nuevo-poster-del-corto-animado-de-forzen-que-acompanara-a-coco\\\/#breadcrumb\",\"itemListElement\":[{\"@type\":\"ListItem\",\"position\":1,\"name\":\"Home\",\"item\":\"https:\\\/\\\/digital58.com.ve\\\/site\\\/\"},{\"@type\":\"ListItem\",\"position\":2,\"name\":\"Nuevo p\u00f3ster del corto animado de \u00abFrozen\u00bb que acompa\u00f1ar\u00e1 a \u00abCoco\u00bb\"}]},{\"@type\":\"WebSite\",\"@id\":\"https:\\\/\\\/digital58.com.ve\\\/site\\\/#website\",\"url\":\"https:\\\/\\\/digital58.com.ve\\\/site\\\/\",\"name\":\"Noticias Digital58\",\"description\":\"Portal de Noticias \u00a1Periodismo web de verdad! Lanzamiento web 22.11.2005 \\\/ Maracaibo, Venezuela\",\"publisher\":{\"@id\":\"https:\\\/\\\/digital58.com.ve\\\/site\\\/#\\\/schema\\\/person\\\/64d1c2e4d0d4fd1b849980c4331c2951\"},\"alternateName\":\"ND58\",\"potentialAction\":[{\"@type\":\"SearchAction\",\"target\":{\"@type\":\"EntryPoint\",\"urlTemplate\":\"https:\\\/\\\/digital58.com.ve\\\/site\\\/?s={search_term_string}\"},\"query-input\":{\"@type\":\"PropertyValueSpecification\",\"valueRequired\":true,\"valueName\":\"search_term_string\"}}],\"inLanguage\":\"es\"},{\"@type\":[\"Person\",\"Organization\"],\"@id\":\"https:\\\/\\\/digital58.com.ve\\\/site\\\/#\\\/schema\\\/person\\\/64d1c2e4d0d4fd1b849980c4331c2951\",\"name\":\"Villasmil Henry\",\"image\":{\"@type\":\"ImageObject\",\"inLanguage\":\"es\",\"@id\":\"https:\\\/\\\/secure.gravatar.com\\\/avatar\\\/bb0c4a2fcb7970138239f7e404ea75757b1b507b28b5ce4c53fbd62d797c5a7c?s=96&d=mm&r=g\",\"url\":\"https:\\\/\\\/secure.gravatar.com\\\/avatar\\\/bb0c4a2fcb7970138239f7e404ea75757b1b507b28b5ce4c53fbd62d797c5a7c?s=96&d=mm&r=g\",\"contentUrl\":\"https:\\\/\\\/secure.gravatar.com\\\/avatar\\\/bb0c4a2fcb7970138239f7e404ea75757b1b507b28b5ce4c53fbd62d797c5a7c?s=96&d=mm&r=g\",\"caption\":\"Villasmil Henry\"},\"logo\":{\"@id\":\"https:\\\/\\\/secure.gravatar.com\\\/avatar\\\/bb0c4a2fcb7970138239f7e404ea75757b1b507b28b5ce4c53fbd62d797c5a7c?s=96&d=mm&r=g\"},\"sameAs\":[\"http:\\\/\\\/www.henryvillasmil.com.ve\",\"https:\\\/\\\/www.instagram.com\\\/villasmilhfoto\\\/\",\"https:\\\/\\\/x.com\\\/https:\\\/\\\/twitter.com\\\/villasmilhfoto\"],\"url\":\"https:\\\/\\\/digital58.com.ve\\\/site\\\/author\\\/droopy_68\\\/\"}]}<\/script>\n<!-- \/ Yoast SEO plugin. -->","yoast_head_json":{"title":"Nuevo p\u00f3ster del corto animado de \u00abFrozen\u00bb que acompa\u00f1ar\u00e1 a \u00abCoco\u00bb","robots":{"index":"index","follow":"follow","max-snippet":"max-snippet:-1","max-image-preview":"max-image-preview:large","max-video-preview":"max-video-preview:-1"},"canonical":"https:\/\/digital58.com.ve\/site\/2017\/08\/23\/nuevo-poster-del-corto-animado-de-forzen-que-acompanara-a-coco\/","og_locale":"es_ES","og_type":"article","og_title":"Nuevo p\u00f3ster del corto animado de \u00abFrozen\u00bb que acompa\u00f1ar\u00e1 a \u00abCoco\u00bb","og_url":"https:\/\/digital58.com.ve\/site\/2017\/08\/23\/nuevo-poster-del-corto-animado-de-forzen-que-acompanara-a-coco\/","og_site_name":"Noticias Digital58","article_published_time":"2017-08-24T02:33:52+00:00","article_modified_time":"2017-08-24T02:34:19+00:00","og_image":[{"width":1778,"height":1000,"url":"https:\/\/digital58.com.ve\/site\/wp-content\/uploads\/2017\/08\/Olaf.jpg","type":"image\/jpeg"}],"author":"Villasmil Henry","twitter_card":"summary_large_image","twitter_creator":"@https:\/\/twitter.com\/villasmilhfoto","twitter_site":"@villasmilhfoto","twitter_misc":{"Escrito por":"Villasmil Henry","Tiempo estimado de lectura":"1 minuto"},"schema":{"@context":"https:\/\/schema.org","@graph":[{"@type":"Article","@id":"https:\/\/digital58.com.ve\/site\/2017\/08\/23\/nuevo-poster-del-corto-animado-de-forzen-que-acompanara-a-coco\/#article","isPartOf":{"@id":"https:\/\/digital58.com.ve\/site\/2017\/08\/23\/nuevo-poster-del-corto-animado-de-forzen-que-acompanara-a-coco\/"},"author":{"name":"Villasmil Henry","@id":"https:\/\/digital58.com.ve\/site\/#\/schema\/person\/64d1c2e4d0d4fd1b849980c4331c2951"},"headline":"Nuevo p\u00f3ster del corto animado de \u00abFrozen\u00bb que acompa\u00f1ar\u00e1 a \u00abCoco\u00bb","datePublished":"2017-08-24T02:33:52+00:00","dateModified":"2017-08-24T02:34:19+00:00","mainEntityOfPage":{"@id":"https:\/\/digital58.com.ve\/site\/2017\/08\/23\/nuevo-poster-del-corto-animado-de-forzen-que-acompanara-a-coco\/"},"wordCount":249,"commentCount":0,"publisher":{"@id":"https:\/\/digital58.com.ve\/site\/#\/schema\/person\/64d1c2e4d0d4fd1b849980c4331c2951"},"image":{"@id":"https:\/\/digital58.com.ve\/site\/2017\/08\/23\/nuevo-poster-del-corto-animado-de-forzen-que-acompanara-a-coco\/#primaryimage"},"thumbnailUrl":"https:\/\/digital58.com.ve\/site\/wp-content\/uploads\/2017\/08\/Olaf.jpg","keywords":["Cine","Cortos Animados","Disney","Entretenimiento","Estrenos","Internacionales","Pel\u00edculas","P\u00f3ster","Producciones"],"articleSection":["Fama"],"inLanguage":"es","potentialAction":[{"@type":"CommentAction","name":"Comment","target":["https:\/\/digital58.com.ve\/site\/2017\/08\/23\/nuevo-poster-del-corto-animado-de-forzen-que-acompanara-a-coco\/#respond"]}]},{"@type":"WebPage","@id":"https:\/\/digital58.com.ve\/site\/2017\/08\/23\/nuevo-poster-del-corto-animado-de-forzen-que-acompanara-a-coco\/","url":"https:\/\/digital58.com.ve\/site\/2017\/08\/23\/nuevo-poster-del-corto-animado-de-forzen-que-acompanara-a-coco\/","name":"Nuevo p\u00f3ster del corto animado de \u00abFrozen\u00bb que acompa\u00f1ar\u00e1 a \u00abCoco\u00bb","isPartOf":{"@id":"https:\/\/digital58.com.ve\/site\/#website"},"primaryImageOfPage":{"@id":"https:\/\/digital58.com.ve\/site\/2017\/08\/23\/nuevo-poster-del-corto-animado-de-forzen-que-acompanara-a-coco\/#primaryimage"},"image":{"@id":"https:\/\/digital58.com.ve\/site\/2017\/08\/23\/nuevo-poster-del-corto-animado-de-forzen-que-acompanara-a-coco\/#primaryimage"},"thumbnailUrl":"https:\/\/digital58.com.ve\/site\/wp-content\/uploads\/2017\/08\/Olaf.jpg","datePublished":"2017-08-24T02:33:52+00:00","dateModified":"2017-08-24T02:34:19+00:00","breadcrumb":{"@id":"https:\/\/digital58.com.ve\/site\/2017\/08\/23\/nuevo-poster-del-corto-animado-de-forzen-que-acompanara-a-coco\/#breadcrumb"},"inLanguage":"es","potentialAction":[{"@type":"ReadAction","target":["https:\/\/digital58.com.ve\/site\/2017\/08\/23\/nuevo-poster-del-corto-animado-de-forzen-que-acompanara-a-coco\/"]}]},{"@type":"ImageObject","inLanguage":"es","@id":"https:\/\/digital58.com.ve\/site\/2017\/08\/23\/nuevo-poster-del-corto-animado-de-forzen-que-acompanara-a-coco\/#primaryimage","url":"https:\/\/digital58.com.ve\/site\/wp-content\/uploads\/2017\/08\/Olaf.jpg","contentUrl":"https:\/\/digital58.com.ve\/site\/wp-content\/uploads\/2017\/08\/Olaf.jpg","width":800,"height":450},{"@type":"BreadcrumbList","@id":"https:\/\/digital58.com.ve\/site\/2017\/08\/23\/nuevo-poster-del-corto-animado-de-forzen-que-acompanara-a-coco\/#breadcrumb","itemListElement":[{"@type":"ListItem","position":1,"name":"Home","item":"https:\/\/digital58.com.ve\/site\/"},{"@type":"ListItem","position":2,"name":"Nuevo p\u00f3ster del corto animado de \u00abFrozen\u00bb que acompa\u00f1ar\u00e1 a \u00abCoco\u00bb"}]},{"@type":"WebSite","@id":"https:\/\/digital58.com.ve\/site\/#website","url":"https:\/\/digital58.com.ve\/site\/","name":"Noticias Digital58","description":"Portal de Noticias \u00a1Periodismo web de verdad! Lanzamiento web 22.11.2005 \/ Maracaibo, Venezuela","publisher":{"@id":"https:\/\/digital58.com.ve\/site\/#\/schema\/person\/64d1c2e4d0d4fd1b849980c4331c2951"},"alternateName":"ND58","potentialAction":[{"@type":"SearchAction","target":{"@type":"EntryPoint","urlTemplate":"https:\/\/digital58.com.ve\/site\/?s={search_term_string}"},"query-input":{"@type":"PropertyValueSpecification","valueRequired":true,"valueName":"search_term_string"}}],"inLanguage":"es"},{"@type":["Person","Organization"],"@id":"https:\/\/digital58.com.ve\/site\/#\/schema\/person\/64d1c2e4d0d4fd1b849980c4331c2951","name":"Villasmil Henry","image":{"@type":"ImageObject","inLanguage":"es","@id":"https:\/\/secure.gravatar.com\/avatar\/bb0c4a2fcb7970138239f7e404ea75757b1b507b28b5ce4c53fbd62d797c5a7c?s=96&d=mm&r=g","url":"https:\/\/secure.gravatar.com\/avatar\/bb0c4a2fcb7970138239f7e404ea75757b1b507b28b5ce4c53fbd62d797c5a7c?s=96&d=mm&r=g","contentUrl":"https:\/\/secure.gravatar.com\/avatar\/bb0c4a2fcb7970138239f7e404ea75757b1b507b28b5ce4c53fbd62d797c5a7c?s=96&d=mm&r=g","caption":"Villasmil Henry"},"logo":{"@id":"https:\/\/secure.gravatar.com\/avatar\/bb0c4a2fcb7970138239f7e404ea75757b1b507b28b5ce4c53fbd62d797c5a7c?s=96&d=mm&r=g"},"sameAs":["http:\/\/www.henryvillasmil.com.ve","https:\/\/www.instagram.com\/villasmilhfoto\/","https:\/\/x.com\/https:\/\/twitter.com\/villasmilhfoto"],"url":"https:\/\/digital58.com.ve\/site\/author\/droopy_68\/"}]}},"uagb_featured_image_src":{"full":["https:\/\/digital58.com.ve\/site\/wp-content\/uploads\/2017\/08\/Olaf.jpg",800,450,false],"thumbnail":["https:\/\/digital58.com.ve\/site\/wp-content\/uploads\/2017\/08\/Olaf-150x150.jpg",150,150,true],"medium":["https:\/\/digital58.com.ve\/site\/wp-content\/uploads\/2017\/08\/Olaf-300x169.jpg",300,169,true],"medium_large":["https:\/\/digital58.com.ve\/site\/wp-content\/uploads\/2017\/08\/Olaf-768x432.jpg",768,432,true],"large":["https:\/\/digital58.com.ve\/site\/wp-content\/uploads\/2017\/08\/Olaf-1500x844.jpg",800,450,true],"1536x1536":["https:\/\/digital58.com.ve\/site\/wp-content\/uploads\/2017\/08\/Olaf.jpg",800,450,false],"2048x2048":["https:\/\/digital58.com.ve\/site\/wp-content\/uploads\/2017\/08\/Olaf.jpg",800,450,false],"colormag-highlighted-post":["https:\/\/digital58.com.ve\/site\/wp-content\/uploads\/2017\/08\/Olaf.jpg",392,221,false],"colormag-featured-post-medium":["https:\/\/digital58.com.ve\/site\/wp-content\/uploads\/2017\/08\/Olaf.jpg",364,205,false],"colormag-featured-post-small":["https:\/\/digital58.com.ve\/site\/wp-content\/uploads\/2017\/08\/Olaf.jpg",130,73,false],"colormag-featured-image":["https:\/\/digital58.com.ve\/site\/wp-content\/uploads\/2017\/08\/Olaf.jpg",791,445,false],"colormag-default-news":["https:\/\/digital58.com.ve\/site\/wp-content\/uploads\/2017\/08\/Olaf.jpg",150,84,false],"colormag-featured-image-large":["https:\/\/digital58.com.ve\/site\/wp-content\/uploads\/2017\/08\/Olaf.jpg",800,450,false]},"uagb_author_info":{"display_name":"Villasmil Henry","author_link":"https:\/\/digital58.com.ve\/site\/author\/droopy_68\/"},"uagb_comment_info":0,"uagb_excerpt":"A trav\u00e9s de Yahoo, Walt Disney Animation Studios ha difundido un nuevo p\u00f3ster de \u00abFrozen: Una aventura de \u00abOlaf\u00bb\u00bb, el","_links":{"self":[{"href":"https:\/\/digital58.com.ve\/site\/wp-json\/wp\/v2\/posts\/69579","targetHints":{"allow":["GET"]}}],"collection":[{"href":"https:\/\/digital58.com.ve\/site\/wp-json\/wp\/v2\/posts"}],"about":[{"href":"https:\/\/digital58.com.ve\/site\/wp-json\/wp\/v2\/types\/post"}],"author":[{"embeddable":true,"href":"https:\/\/digital58.com.ve\/site\/wp-json\/wp\/v2\/users\/1"}],"replies":[{"embeddable":true,"href":"https:\/\/digital58.com.ve\/site\/wp-json\/wp\/v2\/comments?post=69579"}],"version-history":[{"count":0,"href":"https:\/\/digital58.com.ve\/site\/wp-json\/wp\/v2\/posts\/69579\/revisions"}],"wp:featuredmedia":[{"embeddable":true,"href":"https:\/\/digital58.com.ve\/site\/wp-json\/wp\/v2\/media\/69580"}],"wp:attachment":[{"href":"https:\/\/digital58.com.ve\/site\/wp-json\/wp\/v2\/media?parent=69579"}],"wp:term":[{"taxonomy":"category","embeddable":true,"href":"https:\/\/digital58.com.ve\/site\/wp-json\/wp\/v2\/categories?post=69579"},{"taxonomy":"post_tag","embeddable":true,"href":"https:\/\/digital58.com.ve\/site\/wp-json\/wp\/v2\/tags?post=69579"}],"curies":[{"name":"wp","href":"https:\/\/api.w.org\/{rel}","templated":true}]}}