{"id":69698,"date":"2017-08-25T19:39:14","date_gmt":"2017-08-25T23:39:14","guid":{"rendered":"http:\/\/digital58.com.ve\/site\/?p=69698"},"modified":"2017-08-25T19:39:14","modified_gmt":"2017-08-25T23:39:14","slug":"asi-quedo-la-lista-de-convocados-para-la-vinotinto","status":"publish","type":"post","link":"https:\/\/digital58.com.ve\/site\/2017\/08\/25\/asi-quedo-la-lista-de-convocados-para-la-vinotinto\/","title":{"rendered":"As\u00ed qued\u00f3 la lista de convocados para la Vinotinto"},"content":{"rendered":"<p>&nbsp;<\/p>\n<p><a href=\"http:\/\/digital58.com.ve\/site\/wp-content\/uploads\/2017\/08\/rafael-dudamel.jpg\"><img loading=\"lazy\" decoding=\"async\" class=\"aligncenter wp-image-69699\" src=\"http:\/\/digital58.com.ve\/site\/wp-content\/uploads\/2017\/08\/rafael-dudamel.jpg\" alt=\"\" width=\"640\" height=\"427\" srcset=\"https:\/\/digital58.com.ve\/site\/wp-content\/uploads\/2017\/08\/rafael-dudamel.jpg 800w, https:\/\/digital58.com.ve\/site\/wp-content\/uploads\/2017\/08\/rafael-dudamel-300x200.jpg 300w, https:\/\/digital58.com.ve\/site\/wp-content\/uploads\/2017\/08\/rafael-dudamel-768x512.jpg 768w, https:\/\/digital58.com.ve\/site\/wp-content\/uploads\/2017\/08\/rafael-dudamel-720x480.jpg 720w, https:\/\/digital58.com.ve\/site\/wp-content\/uploads\/2017\/08\/rafael-dudamel-480x320.jpg 480w\" sizes=\"auto, (max-width: 640px) 100vw, 640px\" \/><\/a><\/p>\n<p>Este mi\u00e9rcoles, 23 de agosto, el director t\u00e9cnico de la selecci\u00f3n nacional de Venezuela, Rafael Dudamel, revel\u00f3 la convocatoria para las jornadas 15 y 16 de las eliminatorias sudamericanas rumbo a la Copa Mundial FIFA Rusia 2018, donde Venezuela se medir\u00e1 ante Colombia en San Crist\u00f3bal y Argentina en Buenos Aires, encuentros que se celebrar\u00e1n el jueves, 31 de agosto, y el martes, 05 de septiembre, respectivamente.<\/p>\n<p><strong>Caracas, DC, Venezuela, 25 de agosto de 2017 (D58).-<\/strong> Seis novedades posee la citaci\u00f3n realizada por el estratega Rafael Dudamel, para enfrentar a los neogranadinos y albicelestes.<\/p>\n<p>En los dos desaf\u00edos, el director t\u00e9cnico de la escuadra criolla tendr\u00e1 a disposici\u00f3n a 30 jugadores que se integrar\u00e1n a la concentraci\u00f3n en la capital del estado T\u00e1chira este fin de semana, luego de que concluyan la participaci\u00f3n con sus respectivos clubes tanto en el campeonato local como en el f\u00fatbol internacional.<\/p>\n<p>El portero Carlos Olses (Deportivo La Guaira), los defensores Edwin Peraza (Deportivo La Guaira), Jos\u00e9 Hern\u00e1ndez (Caracas F.C.), los volantes Sergio C\u00f3rdova (Augsburgo \/ Alemania), Samuel Sosa (Deportivo T\u00e1chira) y el delantero Ronaldo Chac\u00f3n (Caracas F.C.) son las novedades en el llamado Vinotinto en comparaci\u00f3n a la convocatoria de la anterior doble fecha de las eliminatorias sudamericana, frente a Per\u00fa y Chile en el mes de marzo, y los \u00faltimos dos choques amistosos jugados en el mes de junio ante Estados Unidos y Ecuador.<\/p>\n<p>La selecci\u00f3n nacional trabajar\u00e1 desde este domingo, 27 de agosto, en San Crist\u00f3bal para preparar el enfrentamiento del jueves, 31 de agosto, contra los cafeteros. El pr\u00f3ximo viernes se trasladar\u00e1n al Centro Nacional de Alto Rendimiento, estado Nueva Esparta, y el domingo, 03 de septiembre, viajar\u00e1n a Buenos Aires para afinar los \u00faltimos detalles de cara al careo contra Argentina.<\/p>\n<p><a href=\"http:\/\/digital58.com.ve\/site\/wp-content\/uploads\/2017\/08\/FVF.jpg\"><img loading=\"lazy\" decoding=\"async\" class=\"aligncenter wp-image-69700\" src=\"http:\/\/digital58.com.ve\/site\/wp-content\/uploads\/2017\/08\/FVF.jpg\" alt=\"\" width=\"640\" height=\"426\" srcset=\"https:\/\/digital58.com.ve\/site\/wp-content\/uploads\/2017\/08\/FVF.jpg 680w, https:\/\/digital58.com.ve\/site\/wp-content\/uploads\/2017\/08\/FVF-300x200.jpg 300w, https:\/\/digital58.com.ve\/site\/wp-content\/uploads\/2017\/08\/FVF-480x320.jpg 480w\" sizes=\"auto, (max-width: 640px) 100vw, 640px\" \/><\/a><\/p>\n<p><strong>Acontinuaci\u00f3n, te dejamos la lista de los convocados<\/strong><\/p>\n<p><strong>Porteros:<\/strong> Wuilker Fari\u00f1ez (Caracas F.C.), Jos\u00e9 Contreras (Deportivo T\u00e1chira) y Carlos Olses (Deportivo La Guaira).<\/p>\n<p><strong>Defensores:<\/strong> Alexander Gonz\u00e1lez (Huesca \/ Espa\u00f1a), V\u00edctor Garc\u00eda (Vit\u00f3ria Guimar\u00e3es \/ Portugal), Pablo Camacho (Deportivo T\u00e1chira), Jos\u00e9 Manuel Vel\u00e1zquez (Tiburones Rojos de Veracruz \/ M\u00e9xico), Jhon Chancellor (Delf\u00edn \/ Ecuador), Mikel Villanueva (C\u00e1diz \/ Espa\u00f1a), Edwin Peraza (Deportivo La Guaira), Rolf Feltscher (Getafe \/ Espa\u00f1a), Rubert Quijada (Al Gharafa \/ Qatar) y Jos\u00e9 Hern\u00e1ndez (Caracas F.C.).<\/p>\n<p><strong>Volantes:<\/strong> Tom\u00e1s Rinc\u00f3n (Torino \/ Italia), Yangel Herrera (New York City \/ MLS), Arqu\u00edmedes Figuera (Universitario de Deportes \/ Per\u00fa), Junior Moreno (Zulia F.C.), Francisco Flores (Mineros de Guayana), Jhon Murillo (Kasimpasa \/ Turqu\u00eda), Jefferson Savarino (Real Salt Lake \/ MLS), Sergio C\u00f3rdova (Augsburgo \/ Alemania), R\u00f3mulo Otero (Atl\u00e9tico Mineiro \/ Brasil), Darwin Mach\u00eds (Granada \/ Espa\u00f1a), Yeferson Soteldo (Huachipato \/ Chile) y Samuel Sosa (Deportivo T\u00e1chira).<\/p>\n<p><strong>Delanteros:<\/strong> Salom\u00f3n Rond\u00f3n (West Bromwich Albion \/ Inglaterra), Josef Mart\u00ednez (Atlanta United \/ MLS), Christian Santos (Deportivo Alav\u00e9s \/ Espa\u00f1a), Edder Far\u00edas (Once Caldas \/ Colombia) y Ronaldo Chac\u00f3n (Caracas F.C.).<\/p><div class=\"eayno69f512db0d407\" ><p style=\"text-align: center;\"><a href=\"https:\/\/t.me\/noticiasdigital58\" target=\"_blank\" rel=\"noopener\"><img class=\"aligncenter size-full wp-image-125363\" src=\"https:\/\/digital58.com.ve\/site\/wp-content\/uploads\/2021\/04\/banner-telegram-web-2021.png\" alt=\"\" width=\"600\" height=\"90\" \/><\/a><\/p><\/div><style type=\"text\/css\">\r\n@media screen and (min-width: 1201px) {\r\n.eayno69f512db0d407 {\r\ndisplay: block;\r\n}\r\n}\r\n@media screen and (min-width: 993px) and (max-width: 1200px) {\r\n.eayno69f512db0d407 {\r\ndisplay: block;\r\n}\r\n}\r\n@media screen and (min-width: 769px) and (max-width: 992px) {\r\n.eayno69f512db0d407 {\r\ndisplay: block;\r\n}\r\n}\r\n@media screen and (min-width: 768px) and (max-width: 768px) {\r\n.eayno69f512db0d407 {\r\ndisplay: block;\r\n}\r\n}\r\n@media screen and (max-width: 767px) {\r\n.eayno69f512db0d407 {\r\ndisplay: block;\r\n}\r\n}\r\n<\/style>\r\n\n<p><strong>Redacci\u00f3n y fuente: Agencia<\/strong><br \/>\n<strong>Edici\u00f3n: <a href=\"https:\/\/www.instagram.com\/raquelsofiavera\/\" target=\"_blank\" rel=\"noopener\">Vera, Raquel<\/a><\/strong><br \/>\n<strong>Fotos: Google<\/strong><\/p>\n<div style=\"margin-top: 0px; margin-bottom: 0px;\" class=\"sharethis-inline-share-buttons\" ><\/div>","protected":false},"excerpt":{"rendered":"<p>&nbsp; Este mi\u00e9rcoles, 23 de agosto, el director t\u00e9cnico de la selecci\u00f3n nacional de Venezuela, Rafael Dudamel, revel\u00f3 la convocatoria<\/p>\n","protected":false},"author":1,"featured_media":69700,"comment_status":"open","ping_status":"closed","sticky":false,"template":"","format":"standard","meta":{"colormag_page_container_layout":"default_layout","colormag_page_sidebar_layout":"default_layout","_uag_custom_page_level_css":"","footnotes":""},"categories":[5402],"tags":[4996,9084,9083,13,14,15,25,8,187,7932,188],"class_list":["post-69698","post","type-post","status-publish","format-standard","has-post-thumbnail","hentry","category-deportes","tag-convocatoria","tag-copa-mundial-fifa-rusia-2018","tag-eliminatorias-sudamericanas","tag-futbol","tag-futbol-venezolano","tag-futve","tag-fvf","tag-internacionales","tag-la-vinotinto","tag-partidos","tag-rafael-dudamel"],"yoast_head":"<!-- This site is optimized with the Yoast SEO plugin v27.5 - https:\/\/yoast.com\/product\/yoast-seo-wordpress\/ -->\n<title>As\u00ed qued\u00f3 la lista de convocados para la Vinotinto<\/title>\n<meta name=\"robots\" content=\"index, follow, max-snippet:-1, max-image-preview:large, max-video-preview:-1\" \/>\n<link rel=\"canonical\" href=\"https:\/\/digital58.com.ve\/site\/2017\/08\/25\/asi-quedo-la-lista-de-convocados-para-la-vinotinto\/\" \/>\n<meta property=\"og:locale\" content=\"es_ES\" \/>\n<meta property=\"og:type\" content=\"article\" \/>\n<meta property=\"og:title\" content=\"As\u00ed qued\u00f3 la lista de convocados para la Vinotinto\" \/>\n<meta property=\"og:url\" content=\"https:\/\/digital58.com.ve\/site\/2017\/08\/25\/asi-quedo-la-lista-de-convocados-para-la-vinotinto\/\" \/>\n<meta property=\"og:site_name\" content=\"Noticias Digital58\" \/>\n<meta property=\"article:published_time\" content=\"2017-08-25T23:39:14+00:00\" \/>\n<meta property=\"og:image\" content=\"https:\/\/digital58.com.ve\/site\/wp-content\/uploads\/2017\/08\/FVF.jpg\" \/>\n\t<meta property=\"og:image:width\" content=\"680\" \/>\n\t<meta property=\"og:image:height\" content=\"453\" \/>\n\t<meta property=\"og:image:type\" content=\"image\/jpeg\" \/>\n<meta name=\"author\" content=\"Villasmil Henry\" \/>\n<meta name=\"twitter:card\" content=\"summary_large_image\" \/>\n<meta name=\"twitter:creator\" content=\"@https:\/\/twitter.com\/villasmilhfoto\" \/>\n<meta name=\"twitter:site\" content=\"@villasmilhfoto\" \/>\n<meta name=\"twitter:label1\" content=\"Escrito por\" \/>\n\t<meta name=\"twitter:data1\" content=\"Villasmil Henry\" \/>\n\t<meta name=\"twitter:label2\" content=\"Tiempo estimado de lectura\" \/>\n\t<meta name=\"twitter:data2\" content=\"3 minutos\" \/>\n<script type=\"application\/ld+json\" class=\"yoast-schema-graph\">{\"@context\":\"https:\\\/\\\/schema.org\",\"@graph\":[{\"@type\":\"Article\",\"@id\":\"https:\\\/\\\/digital58.com.ve\\\/site\\\/2017\\\/08\\\/25\\\/asi-quedo-la-lista-de-convocados-para-la-vinotinto\\\/#article\",\"isPartOf\":{\"@id\":\"https:\\\/\\\/digital58.com.ve\\\/site\\\/2017\\\/08\\\/25\\\/asi-quedo-la-lista-de-convocados-para-la-vinotinto\\\/\"},\"author\":{\"name\":\"Villasmil Henry\",\"@id\":\"https:\\\/\\\/digital58.com.ve\\\/site\\\/#\\\/schema\\\/person\\\/64d1c2e4d0d4fd1b849980c4331c2951\"},\"headline\":\"As\u00ed qued\u00f3 la lista de convocados para la Vinotinto\",\"datePublished\":\"2017-08-25T23:39:14+00:00\",\"mainEntityOfPage\":{\"@id\":\"https:\\\/\\\/digital58.com.ve\\\/site\\\/2017\\\/08\\\/25\\\/asi-quedo-la-lista-de-convocados-para-la-vinotinto\\\/\"},\"wordCount\":521,\"commentCount\":0,\"publisher\":{\"@id\":\"https:\\\/\\\/digital58.com.ve\\\/site\\\/#\\\/schema\\\/person\\\/64d1c2e4d0d4fd1b849980c4331c2951\"},\"image\":{\"@id\":\"https:\\\/\\\/digital58.com.ve\\\/site\\\/2017\\\/08\\\/25\\\/asi-quedo-la-lista-de-convocados-para-la-vinotinto\\\/#primaryimage\"},\"thumbnailUrl\":\"https:\\\/\\\/digital58.com.ve\\\/site\\\/wp-content\\\/uploads\\\/2017\\\/08\\\/FVF.jpg\",\"keywords\":[\"Convocatoria\",\"Copa Mundial FIFA Rusia 2018\",\"Eliminatorias Sudamericanas\",\"F\u00fatbol\",\"F\u00fatbol Venezolano\",\"Futve\",\"FVF\",\"Internacionales\",\"La Vinotinto\",\"Partidos\",\"Rafael Dudamel\"],\"articleSection\":[\"Deportes\"],\"inLanguage\":\"es\",\"potentialAction\":[{\"@type\":\"CommentAction\",\"name\":\"Comment\",\"target\":[\"https:\\\/\\\/digital58.com.ve\\\/site\\\/2017\\\/08\\\/25\\\/asi-quedo-la-lista-de-convocados-para-la-vinotinto\\\/#respond\"]}]},{\"@type\":\"WebPage\",\"@id\":\"https:\\\/\\\/digital58.com.ve\\\/site\\\/2017\\\/08\\\/25\\\/asi-quedo-la-lista-de-convocados-para-la-vinotinto\\\/\",\"url\":\"https:\\\/\\\/digital58.com.ve\\\/site\\\/2017\\\/08\\\/25\\\/asi-quedo-la-lista-de-convocados-para-la-vinotinto\\\/\",\"name\":\"As\u00ed qued\u00f3 la lista de convocados para la Vinotinto\",\"isPartOf\":{\"@id\":\"https:\\\/\\\/digital58.com.ve\\\/site\\\/#website\"},\"primaryImageOfPage\":{\"@id\":\"https:\\\/\\\/digital58.com.ve\\\/site\\\/2017\\\/08\\\/25\\\/asi-quedo-la-lista-de-convocados-para-la-vinotinto\\\/#primaryimage\"},\"image\":{\"@id\":\"https:\\\/\\\/digital58.com.ve\\\/site\\\/2017\\\/08\\\/25\\\/asi-quedo-la-lista-de-convocados-para-la-vinotinto\\\/#primaryimage\"},\"thumbnailUrl\":\"https:\\\/\\\/digital58.com.ve\\\/site\\\/wp-content\\\/uploads\\\/2017\\\/08\\\/FVF.jpg\",\"datePublished\":\"2017-08-25T23:39:14+00:00\",\"breadcrumb\":{\"@id\":\"https:\\\/\\\/digital58.com.ve\\\/site\\\/2017\\\/08\\\/25\\\/asi-quedo-la-lista-de-convocados-para-la-vinotinto\\\/#breadcrumb\"},\"inLanguage\":\"es\",\"potentialAction\":[{\"@type\":\"ReadAction\",\"target\":[\"https:\\\/\\\/digital58.com.ve\\\/site\\\/2017\\\/08\\\/25\\\/asi-quedo-la-lista-de-convocados-para-la-vinotinto\\\/\"]}]},{\"@type\":\"ImageObject\",\"inLanguage\":\"es\",\"@id\":\"https:\\\/\\\/digital58.com.ve\\\/site\\\/2017\\\/08\\\/25\\\/asi-quedo-la-lista-de-convocados-para-la-vinotinto\\\/#primaryimage\",\"url\":\"https:\\\/\\\/digital58.com.ve\\\/site\\\/wp-content\\\/uploads\\\/2017\\\/08\\\/FVF.jpg\",\"contentUrl\":\"https:\\\/\\\/digital58.com.ve\\\/site\\\/wp-content\\\/uploads\\\/2017\\\/08\\\/FVF.jpg\",\"width\":680,\"height\":453},{\"@type\":\"BreadcrumbList\",\"@id\":\"https:\\\/\\\/digital58.com.ve\\\/site\\\/2017\\\/08\\\/25\\\/asi-quedo-la-lista-de-convocados-para-la-vinotinto\\\/#breadcrumb\",\"itemListElement\":[{\"@type\":\"ListItem\",\"position\":1,\"name\":\"Home\",\"item\":\"https:\\\/\\\/digital58.com.ve\\\/site\\\/\"},{\"@type\":\"ListItem\",\"position\":2,\"name\":\"As\u00ed qued\u00f3 la lista de convocados para la Vinotinto\"}]},{\"@type\":\"WebSite\",\"@id\":\"https:\\\/\\\/digital58.com.ve\\\/site\\\/#website\",\"url\":\"https:\\\/\\\/digital58.com.ve\\\/site\\\/\",\"name\":\"Noticias Digital58\",\"description\":\"Portal de Noticias \u00a1Periodismo web de verdad! Lanzamiento web 22.11.2005 \\\/ Maracaibo, Venezuela\",\"publisher\":{\"@id\":\"https:\\\/\\\/digital58.com.ve\\\/site\\\/#\\\/schema\\\/person\\\/64d1c2e4d0d4fd1b849980c4331c2951\"},\"alternateName\":\"ND58\",\"potentialAction\":[{\"@type\":\"SearchAction\",\"target\":{\"@type\":\"EntryPoint\",\"urlTemplate\":\"https:\\\/\\\/digital58.com.ve\\\/site\\\/?s={search_term_string}\"},\"query-input\":{\"@type\":\"PropertyValueSpecification\",\"valueRequired\":true,\"valueName\":\"search_term_string\"}}],\"inLanguage\":\"es\"},{\"@type\":[\"Person\",\"Organization\"],\"@id\":\"https:\\\/\\\/digital58.com.ve\\\/site\\\/#\\\/schema\\\/person\\\/64d1c2e4d0d4fd1b849980c4331c2951\",\"name\":\"Villasmil Henry\",\"image\":{\"@type\":\"ImageObject\",\"inLanguage\":\"es\",\"@id\":\"https:\\\/\\\/secure.gravatar.com\\\/avatar\\\/bb0c4a2fcb7970138239f7e404ea75757b1b507b28b5ce4c53fbd62d797c5a7c?s=96&d=mm&r=g\",\"url\":\"https:\\\/\\\/secure.gravatar.com\\\/avatar\\\/bb0c4a2fcb7970138239f7e404ea75757b1b507b28b5ce4c53fbd62d797c5a7c?s=96&d=mm&r=g\",\"contentUrl\":\"https:\\\/\\\/secure.gravatar.com\\\/avatar\\\/bb0c4a2fcb7970138239f7e404ea75757b1b507b28b5ce4c53fbd62d797c5a7c?s=96&d=mm&r=g\",\"caption\":\"Villasmil Henry\"},\"logo\":{\"@id\":\"https:\\\/\\\/secure.gravatar.com\\\/avatar\\\/bb0c4a2fcb7970138239f7e404ea75757b1b507b28b5ce4c53fbd62d797c5a7c?s=96&d=mm&r=g\"},\"sameAs\":[\"http:\\\/\\\/www.henryvillasmil.com.ve\",\"https:\\\/\\\/www.instagram.com\\\/villasmilhfoto\\\/\",\"https:\\\/\\\/x.com\\\/https:\\\/\\\/twitter.com\\\/villasmilhfoto\"],\"url\":\"https:\\\/\\\/digital58.com.ve\\\/site\\\/author\\\/droopy_68\\\/\"}]}<\/script>\n<!-- \/ Yoast SEO plugin. -->","yoast_head_json":{"title":"As\u00ed qued\u00f3 la lista de convocados para la Vinotinto","robots":{"index":"index","follow":"follow","max-snippet":"max-snippet:-1","max-image-preview":"max-image-preview:large","max-video-preview":"max-video-preview:-1"},"canonical":"https:\/\/digital58.com.ve\/site\/2017\/08\/25\/asi-quedo-la-lista-de-convocados-para-la-vinotinto\/","og_locale":"es_ES","og_type":"article","og_title":"As\u00ed qued\u00f3 la lista de convocados para la Vinotinto","og_url":"https:\/\/digital58.com.ve\/site\/2017\/08\/25\/asi-quedo-la-lista-de-convocados-para-la-vinotinto\/","og_site_name":"Noticias Digital58","article_published_time":"2017-08-25T23:39:14+00:00","og_image":[{"width":680,"height":453,"url":"https:\/\/digital58.com.ve\/site\/wp-content\/uploads\/2017\/08\/FVF.jpg","type":"image\/jpeg"}],"author":"Villasmil Henry","twitter_card":"summary_large_image","twitter_creator":"@https:\/\/twitter.com\/villasmilhfoto","twitter_site":"@villasmilhfoto","twitter_misc":{"Escrito por":"Villasmil Henry","Tiempo estimado de lectura":"3 minutos"},"schema":{"@context":"https:\/\/schema.org","@graph":[{"@type":"Article","@id":"https:\/\/digital58.com.ve\/site\/2017\/08\/25\/asi-quedo-la-lista-de-convocados-para-la-vinotinto\/#article","isPartOf":{"@id":"https:\/\/digital58.com.ve\/site\/2017\/08\/25\/asi-quedo-la-lista-de-convocados-para-la-vinotinto\/"},"author":{"name":"Villasmil Henry","@id":"https:\/\/digital58.com.ve\/site\/#\/schema\/person\/64d1c2e4d0d4fd1b849980c4331c2951"},"headline":"As\u00ed qued\u00f3 la lista de convocados para la Vinotinto","datePublished":"2017-08-25T23:39:14+00:00","mainEntityOfPage":{"@id":"https:\/\/digital58.com.ve\/site\/2017\/08\/25\/asi-quedo-la-lista-de-convocados-para-la-vinotinto\/"},"wordCount":521,"commentCount":0,"publisher":{"@id":"https:\/\/digital58.com.ve\/site\/#\/schema\/person\/64d1c2e4d0d4fd1b849980c4331c2951"},"image":{"@id":"https:\/\/digital58.com.ve\/site\/2017\/08\/25\/asi-quedo-la-lista-de-convocados-para-la-vinotinto\/#primaryimage"},"thumbnailUrl":"https:\/\/digital58.com.ve\/site\/wp-content\/uploads\/2017\/08\/FVF.jpg","keywords":["Convocatoria","Copa Mundial FIFA Rusia 2018","Eliminatorias Sudamericanas","F\u00fatbol","F\u00fatbol Venezolano","Futve","FVF","Internacionales","La Vinotinto","Partidos","Rafael Dudamel"],"articleSection":["Deportes"],"inLanguage":"es","potentialAction":[{"@type":"CommentAction","name":"Comment","target":["https:\/\/digital58.com.ve\/site\/2017\/08\/25\/asi-quedo-la-lista-de-convocados-para-la-vinotinto\/#respond"]}]},{"@type":"WebPage","@id":"https:\/\/digital58.com.ve\/site\/2017\/08\/25\/asi-quedo-la-lista-de-convocados-para-la-vinotinto\/","url":"https:\/\/digital58.com.ve\/site\/2017\/08\/25\/asi-quedo-la-lista-de-convocados-para-la-vinotinto\/","name":"As\u00ed qued\u00f3 la lista de convocados para la Vinotinto","isPartOf":{"@id":"https:\/\/digital58.com.ve\/site\/#website"},"primaryImageOfPage":{"@id":"https:\/\/digital58.com.ve\/site\/2017\/08\/25\/asi-quedo-la-lista-de-convocados-para-la-vinotinto\/#primaryimage"},"image":{"@id":"https:\/\/digital58.com.ve\/site\/2017\/08\/25\/asi-quedo-la-lista-de-convocados-para-la-vinotinto\/#primaryimage"},"thumbnailUrl":"https:\/\/digital58.com.ve\/site\/wp-content\/uploads\/2017\/08\/FVF.jpg","datePublished":"2017-08-25T23:39:14+00:00","breadcrumb":{"@id":"https:\/\/digital58.com.ve\/site\/2017\/08\/25\/asi-quedo-la-lista-de-convocados-para-la-vinotinto\/#breadcrumb"},"inLanguage":"es","potentialAction":[{"@type":"ReadAction","target":["https:\/\/digital58.com.ve\/site\/2017\/08\/25\/asi-quedo-la-lista-de-convocados-para-la-vinotinto\/"]}]},{"@type":"ImageObject","inLanguage":"es","@id":"https:\/\/digital58.com.ve\/site\/2017\/08\/25\/asi-quedo-la-lista-de-convocados-para-la-vinotinto\/#primaryimage","url":"https:\/\/digital58.com.ve\/site\/wp-content\/uploads\/2017\/08\/FVF.jpg","contentUrl":"https:\/\/digital58.com.ve\/site\/wp-content\/uploads\/2017\/08\/FVF.jpg","width":680,"height":453},{"@type":"BreadcrumbList","@id":"https:\/\/digital58.com.ve\/site\/2017\/08\/25\/asi-quedo-la-lista-de-convocados-para-la-vinotinto\/#breadcrumb","itemListElement":[{"@type":"ListItem","position":1,"name":"Home","item":"https:\/\/digital58.com.ve\/site\/"},{"@type":"ListItem","position":2,"name":"As\u00ed qued\u00f3 la lista de convocados para la Vinotinto"}]},{"@type":"WebSite","@id":"https:\/\/digital58.com.ve\/site\/#website","url":"https:\/\/digital58.com.ve\/site\/","name":"Noticias Digital58","description":"Portal de Noticias \u00a1Periodismo web de verdad! Lanzamiento web 22.11.2005 \/ Maracaibo, Venezuela","publisher":{"@id":"https:\/\/digital58.com.ve\/site\/#\/schema\/person\/64d1c2e4d0d4fd1b849980c4331c2951"},"alternateName":"ND58","potentialAction":[{"@type":"SearchAction","target":{"@type":"EntryPoint","urlTemplate":"https:\/\/digital58.com.ve\/site\/?s={search_term_string}"},"query-input":{"@type":"PropertyValueSpecification","valueRequired":true,"valueName":"search_term_string"}}],"inLanguage":"es"},{"@type":["Person","Organization"],"@id":"https:\/\/digital58.com.ve\/site\/#\/schema\/person\/64d1c2e4d0d4fd1b849980c4331c2951","name":"Villasmil Henry","image":{"@type":"ImageObject","inLanguage":"es","@id":"https:\/\/secure.gravatar.com\/avatar\/bb0c4a2fcb7970138239f7e404ea75757b1b507b28b5ce4c53fbd62d797c5a7c?s=96&d=mm&r=g","url":"https:\/\/secure.gravatar.com\/avatar\/bb0c4a2fcb7970138239f7e404ea75757b1b507b28b5ce4c53fbd62d797c5a7c?s=96&d=mm&r=g","contentUrl":"https:\/\/secure.gravatar.com\/avatar\/bb0c4a2fcb7970138239f7e404ea75757b1b507b28b5ce4c53fbd62d797c5a7c?s=96&d=mm&r=g","caption":"Villasmil Henry"},"logo":{"@id":"https:\/\/secure.gravatar.com\/avatar\/bb0c4a2fcb7970138239f7e404ea75757b1b507b28b5ce4c53fbd62d797c5a7c?s=96&d=mm&r=g"},"sameAs":["http:\/\/www.henryvillasmil.com.ve","https:\/\/www.instagram.com\/villasmilhfoto\/","https:\/\/x.com\/https:\/\/twitter.com\/villasmilhfoto"],"url":"https:\/\/digital58.com.ve\/site\/author\/droopy_68\/"}]}},"uagb_featured_image_src":{"full":["https:\/\/digital58.com.ve\/site\/wp-content\/uploads\/2017\/08\/FVF.jpg",680,453,false],"thumbnail":["https:\/\/digital58.com.ve\/site\/wp-content\/uploads\/2017\/08\/FVF-150x150.jpg",150,150,true],"medium":["https:\/\/digital58.com.ve\/site\/wp-content\/uploads\/2017\/08\/FVF-300x200.jpg",300,200,true],"medium_large":["https:\/\/digital58.com.ve\/site\/wp-content\/uploads\/2017\/08\/FVF.jpg",680,453,false],"large":["https:\/\/digital58.com.ve\/site\/wp-content\/uploads\/2017\/08\/FVF.jpg",680,453,false],"1536x1536":["https:\/\/digital58.com.ve\/site\/wp-content\/uploads\/2017\/08\/FVF.jpg",680,453,false],"2048x2048":["https:\/\/digital58.com.ve\/site\/wp-content\/uploads\/2017\/08\/FVF.jpg",680,453,false],"colormag-highlighted-post":["https:\/\/digital58.com.ve\/site\/wp-content\/uploads\/2017\/08\/FVF.jpg",392,261,false],"colormag-featured-post-medium":["https:\/\/digital58.com.ve\/site\/wp-content\/uploads\/2017\/08\/FVF.jpg",308,205,false],"colormag-featured-post-small":["https:\/\/digital58.com.ve\/site\/wp-content\/uploads\/2017\/08\/FVF.jpg",130,87,false],"colormag-featured-image":["https:\/\/digital58.com.ve\/site\/wp-content\/uploads\/2017\/08\/FVF.jpg",668,445,false],"colormag-default-news":["https:\/\/digital58.com.ve\/site\/wp-content\/uploads\/2017\/08\/FVF.jpg",150,100,false],"colormag-featured-image-large":["https:\/\/digital58.com.ve\/site\/wp-content\/uploads\/2017\/08\/FVF.jpg",680,453,false]},"uagb_author_info":{"display_name":"Villasmil Henry","author_link":"https:\/\/digital58.com.ve\/site\/author\/droopy_68\/"},"uagb_comment_info":0,"uagb_excerpt":"&nbsp; Este mi\u00e9rcoles, 23 de agosto, el director t\u00e9cnico de la selecci\u00f3n nacional de Venezuela, Rafael Dudamel, revel\u00f3 la convocatoria","_links":{"self":[{"href":"https:\/\/digital58.com.ve\/site\/wp-json\/wp\/v2\/posts\/69698","targetHints":{"allow":["GET"]}}],"collection":[{"href":"https:\/\/digital58.com.ve\/site\/wp-json\/wp\/v2\/posts"}],"about":[{"href":"https:\/\/digital58.com.ve\/site\/wp-json\/wp\/v2\/types\/post"}],"author":[{"embeddable":true,"href":"https:\/\/digital58.com.ve\/site\/wp-json\/wp\/v2\/users\/1"}],"replies":[{"embeddable":true,"href":"https:\/\/digital58.com.ve\/site\/wp-json\/wp\/v2\/comments?post=69698"}],"version-history":[{"count":0,"href":"https:\/\/digital58.com.ve\/site\/wp-json\/wp\/v2\/posts\/69698\/revisions"}],"wp:featuredmedia":[{"embeddable":true,"href":"https:\/\/digital58.com.ve\/site\/wp-json\/wp\/v2\/media\/69700"}],"wp:attachment":[{"href":"https:\/\/digital58.com.ve\/site\/wp-json\/wp\/v2\/media?parent=69698"}],"wp:term":[{"taxonomy":"category","embeddable":true,"href":"https:\/\/digital58.com.ve\/site\/wp-json\/wp\/v2\/categories?post=69698"},{"taxonomy":"post_tag","embeddable":true,"href":"https:\/\/digital58.com.ve\/site\/wp-json\/wp\/v2\/tags?post=69698"}],"curies":[{"name":"wp","href":"https:\/\/api.w.org\/{rel}","templated":true}]}}