{"id":70466,"date":"2017-09-08T18:59:53","date_gmt":"2017-09-08T22:59:53","guid":{"rendered":"http:\/\/digital58.com.ve\/site\/?p=70466"},"modified":"2017-09-08T18:59:53","modified_gmt":"2017-09-08T22:59:53","slug":"horror-y-belleza-se-vivio-en-la-semana-de-la-moda-de-nueva-york","status":"publish","type":"post","link":"https:\/\/digital58.com.ve\/site\/2017\/09\/08\/horror-y-belleza-se-vivio-en-la-semana-de-la-moda-de-nueva-york\/","title":{"rendered":"Horror y belleza se vivi\u00f3 en la Semana de la Moda de Nueva York"},"content":{"rendered":"<p><a href=\"http:\/\/digital58.com.ve\/site\/wp-content\/uploads\/2017\/09\/moda-2.jpg\"><img loading=\"lazy\" decoding=\"async\" class=\"aligncenter size-full wp-image-70468\" src=\"http:\/\/digital58.com.ve\/site\/wp-content\/uploads\/2017\/09\/moda-2.jpg\" alt=\"\" width=\"500\" height=\"353\" srcset=\"https:\/\/digital58.com.ve\/site\/wp-content\/uploads\/2017\/09\/moda-2.jpg 500w, https:\/\/digital58.com.ve\/site\/wp-content\/uploads\/2017\/09\/moda-2-300x212.jpg 300w\" sizes=\"auto, (max-width: 500px) 100vw, 500px\" \/><\/a><\/p>\n<p>Entre pesadillas y \u00abel sue\u00f1o americano\u00bb se debati\u00f3 Calvin Klein durante la Semana de la Moda de Nueva York, con su dise\u00f1ador Raf Simons abrazando a\u00fan m\u00e1s su pasi\u00f3n por la \u00abAmericana\u00bb, la esencia estadounidense.<\/p>\n<p><strong>Nueva York, USA, 08 de septiembre de 2017 (D58).-<\/strong> Resaltando que la hija adolescente de la exsupermodelo Cindy Crawford, Kaia Gerber, de 16 a\u00f1os, hizo su debut en la pasarela de la marca, mientras que desde la primera fila la actriz Brooke Shields, la modelo adolescente m\u00e1s famosa de Calvin Klein en los a\u00f1os 80, miraba extasiada.<\/p>\n<p>\u00abNo hay palabras para describir c\u00f3mo me siento&#8230; \u00a1Te amo eternamente Raf!\u00bb, tuite\u00f3 Gerber tras el evento.<\/p>\n<p>El desfile de la segunda temporada de Simons al frente de Calvin Klein, era el evento m\u00e1s aguardado de esta Semana de la Moda, que ocurre en momentos en que muchos cuestionan su relevancia y se preguntan si ha perdido lustre con la partida de grandes nombres hacia Europa.<\/p>\n<p>Simons explic\u00f3 en las notas del desfile que la inspiraci\u00f3n le lleg\u00f3; \u00abde la f\u00e1brica de sue\u00f1os de Hollywood y sus representaciones, tanto de la pesadilla estadounidense como del todopoderoso sue\u00f1o americano\u00bb.<\/p>\n<p>La hija de Michael Jackson, la joven Paris, tambi\u00e9n estaba en la platea, as\u00ed como Mahershala Ali, que gan\u00f3 un \u00d3scar por su rol en la pel\u00edcula \u00abMoonlight\u00bb, sobre un chico homosexual que crece en un complejo pobre de edificios de Miami.<\/p>\n<p><a href=\"http:\/\/digital58.com.ve\/site\/wp-content\/uploads\/2017\/09\/moda-1.jpg\"><img loading=\"lazy\" decoding=\"async\" class=\"aligncenter size-full wp-image-70467\" src=\"http:\/\/digital58.com.ve\/site\/wp-content\/uploads\/2017\/09\/moda-1.jpg\" alt=\"\" width=\"500\" height=\"360\" srcset=\"https:\/\/digital58.com.ve\/site\/wp-content\/uploads\/2017\/09\/moda-1.jpg 500w, https:\/\/digital58.com.ve\/site\/wp-content\/uploads\/2017\/09\/moda-1-300x216.jpg 300w\" sizes=\"auto, (max-width: 500px) 100vw, 500px\" \/><\/a><\/p>\n<p><strong>El horror y la belleza<\/strong><\/p>\n<p>La colecci\u00f3n versa sobre: \u00abel horror estadounidense y la belleza americana\u00bb, explic\u00f3 Simons, que en junio recibi\u00f3 el premio a mejor dise\u00f1ador de ropa para hombre y mujer del Consejo de Dise\u00f1adores de Moda de Estados Unidos, un doble honor que solo hab\u00eda recibido antes su predecesor Calvin Klein en 1993.<\/p>\n<p>\u00abLa moda trata de esconder el horror y abrazar solo la belleza. Pero ambos son parte de la vida. Esta colecci\u00f3n celebra eso. Es una celebraci\u00f3n de la vida americana\u00bb, sostuvo el dise\u00f1ador belga de 49 a\u00f1os.<\/p>\n<p>Considerado como uno de los m\u00e1s brillantes de su generaci\u00f3n, Simons ha logrado preservar el ADN de Calvin Klein, sobre todo su estilo andr\u00f3gino en trajes de vestir, renov\u00e1ndolo al mismo tiempo.<\/p>\n<p>Como en la Semana de la Moda de febrero, el cuartel general de CK en Manhattan fue decorado por la artista Ruby Sterling en una obra dedicada \u00abal adolescente estadounidense idealizado\u00bb, con calabazas iluminadas por dentro, hoces y pompones de animadoras de equipos de f\u00fatbol americano colgando del techo.<\/p>\n<p>Tuvo maldad pero fue bonita, sexy pero resguardada, dram\u00e1tica e inocente, femenina y andr\u00f3gina, todo con un estilo minimalista, deportivo y profundamente urbano.<\/p>\n<p>Hubo estiletos, botas rojas vaqueras de cuero, pantalones y camisas haciendo juego que creaban siluetas elongadas, sin cortes.<\/p>\n<p><a href=\"http:\/\/digital58.com.ve\/site\/wp-content\/uploads\/2017\/09\/moda-3.jpg\"><img loading=\"lazy\" decoding=\"async\" class=\"aligncenter size-full wp-image-70469\" src=\"http:\/\/digital58.com.ve\/site\/wp-content\/uploads\/2017\/09\/moda-3.jpg\" alt=\"\" width=\"500\" height=\"351\" srcset=\"https:\/\/digital58.com.ve\/site\/wp-content\/uploads\/2017\/09\/moda-3.jpg 500w, https:\/\/digital58.com.ve\/site\/wp-content\/uploads\/2017\/09\/moda-3-300x211.jpg 300w\" sizes=\"auto, (max-width: 500px) 100vw, 500px\" \/><\/a><\/p>\n<p><strong>Vestuario, sensual pero no vulgar<br \/>\n<\/strong><\/p>\n<p>Para el dise\u00f1ador japon\u00e9s Tadashi Shoji, en tanto, todo fue sobre calmar los \u00e1nimos, ser m\u00e1s rom\u00e1ntico y femenino.<\/p>\n<p>El maestro del encaje, de 69 a\u00f1os, profundiz\u00f3 en su tema en bell\u00edsimos vestidos y polleras con top para utilizar, por ejemplo, en elegantes fiestas tras un largo d\u00eda de playa, jugando sin parar con transparencias, brillos y volantes, dejando los hombros al descubierto.<\/p>\n<p>Encajes bordados, telas et\u00e9reas de peque\u00f1as flores, vestidos blancos cortos atados en los hombros con un par de cintas.<\/p>\n<p>Todo habl\u00f3 del romance en este dulce desfile que sugiri\u00f3 mucho sin ser vulgar y que no tuvo un solo par de pantalones.<\/p>\n<p>M\u00e1s de 230.000 personas inundan esta y la pr\u00f3xima semana la capital cultural de Estados Unidos para asistir a cientos de desfiles y fiestas, en un evento que se realiza cada febrero y septiembre, y que contribuye con casi 900 millones de d\u00f3lares anuales a la econom\u00eda de la ciudad.<\/p>\n<p><a href=\"http:\/\/digital58.com.ve\/site\/wp-content\/uploads\/2017\/09\/moda-4.jpg\"><img loading=\"lazy\" decoding=\"async\" class=\"aligncenter wp-image-70470\" src=\"http:\/\/digital58.com.ve\/site\/wp-content\/uploads\/2017\/09\/moda-4.jpg\" alt=\"\" width=\"500\" height=\"336\" srcset=\"https:\/\/digital58.com.ve\/site\/wp-content\/uploads\/2017\/09\/moda-4.jpg 768w, https:\/\/digital58.com.ve\/site\/wp-content\/uploads\/2017\/09\/moda-4-300x202.jpg 300w\" sizes=\"auto, (max-width: 500px) 100vw, 500px\" \/><\/a><\/p>\n<p>Oficialmente esta es la Semana de la Moda primavera\/verano 2017-2018, pero Ralph Lauren y otras marcas han cambiado al modelo: \u00abmire ahora, compre ahora\u00bb, lo cual b\u00e1sicamente significa mostrar ropa de oto\u00f1o e invierno disponible para la compra de manera instant\u00e1nea.<\/p>\n<p>El impulso para realizar cambios obedece a un intento desesperado de dar al mercado de los \u00abmillenials\u00bb lo que \u00e9ste quiere: gratificaci\u00f3n inmediata en el mundo de las redes sociales donde planificar guardarropas con seis meses de anticipaci\u00f3n ya no funciona.<\/p>\n<p>El otro destaque del d\u00eda fue la colecci\u00f3n de Rag and Bone, la marca neoyorquina co-fundada por el brit\u00e1nico Marcus Wainwright, que esta temporada se inspir\u00f3 en festivales musicales como Glastonbury.<\/p>\n<p>Una vez m\u00e1s la marca desech\u00f3 la idea de celebrar un desfile tradicional y devel\u00f3 su colecci\u00f3n en una serie de retratos de \u00abamigos\u00bb selectos de la marca, en un sal\u00f3n donde la ropa colgaba en perchas.<\/p>\n<p>\u00abYa no creo m\u00e1s en los shows de pasarela\u00bb, dijo a la AFP Wainwright.<\/p><div class=\"iaqjy69ec56d1804a8\" ><p style=\"text-align: center;\"><a href=\"https:\/\/t.me\/noticiasdigital58\" target=\"_blank\" rel=\"noopener\"><img class=\"aligncenter size-full wp-image-125363\" src=\"https:\/\/digital58.com.ve\/site\/wp-content\/uploads\/2021\/04\/banner-telegram-web-2021.png\" alt=\"\" width=\"600\" height=\"90\" \/><\/a><\/p><\/div><style type=\"text\/css\">\r\n@media screen and (min-width: 1201px) {\r\n.iaqjy69ec56d1804a8 {\r\ndisplay: block;\r\n}\r\n}\r\n@media screen and (min-width: 993px) and (max-width: 1200px) {\r\n.iaqjy69ec56d1804a8 {\r\ndisplay: block;\r\n}\r\n}\r\n@media screen and (min-width: 769px) and (max-width: 992px) {\r\n.iaqjy69ec56d1804a8 {\r\ndisplay: block;\r\n}\r\n}\r\n@media screen and (min-width: 768px) and (max-width: 768px) {\r\n.iaqjy69ec56d1804a8 {\r\ndisplay: block;\r\n}\r\n}\r\n@media screen and (max-width: 767px) {\r\n.iaqjy69ec56d1804a8 {\r\ndisplay: block;\r\n}\r\n}\r\n<\/style>\r\n\n<p><strong>Redacci\u00f3n y fuente: Agencia<\/strong><br \/>\n<strong>Edici\u00f3n: <a href=\"https:\/\/www.instagram.com\/raquelsofiavera\/\" target=\"_blank\" rel=\"noopener\">Vera, Raquel<\/a><\/strong><br \/>\n<strong>Fotos: Agencia<\/strong><\/p>\n<div style=\"margin-top: 0px; margin-bottom: 0px;\" class=\"sharethis-inline-share-buttons\" ><\/div>","protected":false},"excerpt":{"rendered":"<p>Entre pesadillas y \u00abel sue\u00f1o americano\u00bb se debati\u00f3 Calvin Klein durante la Semana de la Moda de Nueva York, con<\/p>\n","protected":false},"author":1,"featured_media":70467,"comment_status":"open","ping_status":"closed","sticky":false,"template":"","format":"standard","meta":{"colormag_page_container_layout":"default_layout","colormag_page_sidebar_layout":"default_layout","_uag_custom_page_level_css":"","footnotes":""},"categories":[6646],"tags":[9298,629,634,8,6340,3755,8287,3843,9299],"class_list":["post-70466","post","type-post","status-publish","format-standard","has-post-thumbnail","hentry","category-moda","tag-calvin-klein","tag-desfiles","tag-disenadores","tag-internacionales","tag-marcas","tag-nueva-york","tag-pasarelas","tag-semana-de-la-moda","tag-vestuario"],"yoast_head":"<!-- This site is optimized with the Yoast SEO plugin v27.4 - https:\/\/yoast.com\/product\/yoast-seo-wordpress\/ -->\n<title>Horror y belleza se vivi\u00f3 en la Semana de la Moda de Nueva York<\/title>\n<meta name=\"robots\" content=\"index, follow, max-snippet:-1, max-image-preview:large, max-video-preview:-1\" \/>\n<link rel=\"canonical\" href=\"https:\/\/digital58.com.ve\/site\/2017\/09\/08\/horror-y-belleza-se-vivio-en-la-semana-de-la-moda-de-nueva-york\/\" \/>\n<meta property=\"og:locale\" content=\"es_ES\" \/>\n<meta property=\"og:type\" content=\"article\" \/>\n<meta property=\"og:title\" content=\"Horror y belleza se vivi\u00f3 en la Semana de la Moda de Nueva York\" \/>\n<meta property=\"og:url\" content=\"https:\/\/digital58.com.ve\/site\/2017\/09\/08\/horror-y-belleza-se-vivio-en-la-semana-de-la-moda-de-nueva-york\/\" \/>\n<meta property=\"og:site_name\" content=\"Noticias Digital58\" \/>\n<meta property=\"article:published_time\" content=\"2017-09-08T22:59:53+00:00\" \/>\n<meta property=\"og:image\" content=\"https:\/\/digital58.com.ve\/site\/wp-content\/uploads\/2017\/09\/moda-1.jpg\" \/>\n\t<meta property=\"og:image:width\" content=\"500\" \/>\n\t<meta property=\"og:image:height\" content=\"360\" \/>\n\t<meta property=\"og:image:type\" content=\"image\/jpeg\" \/>\n<meta name=\"author\" content=\"Villasmil Henry\" \/>\n<meta name=\"twitter:card\" content=\"summary_large_image\" \/>\n<meta name=\"twitter:creator\" content=\"@https:\/\/twitter.com\/villasmilhfoto\" \/>\n<meta name=\"twitter:site\" content=\"@villasmilhfoto\" \/>\n<meta name=\"twitter:label1\" content=\"Escrito por\" \/>\n\t<meta name=\"twitter:data1\" content=\"Villasmil Henry\" \/>\n\t<meta name=\"twitter:label2\" content=\"Tiempo estimado de lectura\" \/>\n\t<meta name=\"twitter:data2\" content=\"4 minutos\" \/>\n<script type=\"application\/ld+json\" class=\"yoast-schema-graph\">{\"@context\":\"https:\\\/\\\/schema.org\",\"@graph\":[{\"@type\":\"Article\",\"@id\":\"https:\\\/\\\/digital58.com.ve\\\/site\\\/2017\\\/09\\\/08\\\/horror-y-belleza-se-vivio-en-la-semana-de-la-moda-de-nueva-york\\\/#article\",\"isPartOf\":{\"@id\":\"https:\\\/\\\/digital58.com.ve\\\/site\\\/2017\\\/09\\\/08\\\/horror-y-belleza-se-vivio-en-la-semana-de-la-moda-de-nueva-york\\\/\"},\"author\":{\"name\":\"Villasmil Henry\",\"@id\":\"https:\\\/\\\/digital58.com.ve\\\/site\\\/#\\\/schema\\\/person\\\/64d1c2e4d0d4fd1b849980c4331c2951\"},\"headline\":\"Horror y belleza se vivi\u00f3 en la Semana de la Moda de Nueva York\",\"datePublished\":\"2017-09-08T22:59:53+00:00\",\"mainEntityOfPage\":{\"@id\":\"https:\\\/\\\/digital58.com.ve\\\/site\\\/2017\\\/09\\\/08\\\/horror-y-belleza-se-vivio-en-la-semana-de-la-moda-de-nueva-york\\\/\"},\"wordCount\":845,\"commentCount\":0,\"publisher\":{\"@id\":\"https:\\\/\\\/digital58.com.ve\\\/site\\\/#\\\/schema\\\/person\\\/64d1c2e4d0d4fd1b849980c4331c2951\"},\"image\":{\"@id\":\"https:\\\/\\\/digital58.com.ve\\\/site\\\/2017\\\/09\\\/08\\\/horror-y-belleza-se-vivio-en-la-semana-de-la-moda-de-nueva-york\\\/#primaryimage\"},\"thumbnailUrl\":\"https:\\\/\\\/digital58.com.ve\\\/site\\\/wp-content\\\/uploads\\\/2017\\\/09\\\/moda-1.jpg\",\"keywords\":[\"Calvin Klein\",\"Desfiles\",\"Dise\u00f1adores\",\"Internacionales\",\"Marcas\",\"Nueva York\",\"Pasarelas\",\"Semana de la Moda\",\"Vestuario\"],\"articleSection\":[\"Moda\"],\"inLanguage\":\"es\",\"potentialAction\":[{\"@type\":\"CommentAction\",\"name\":\"Comment\",\"target\":[\"https:\\\/\\\/digital58.com.ve\\\/site\\\/2017\\\/09\\\/08\\\/horror-y-belleza-se-vivio-en-la-semana-de-la-moda-de-nueva-york\\\/#respond\"]}]},{\"@type\":\"WebPage\",\"@id\":\"https:\\\/\\\/digital58.com.ve\\\/site\\\/2017\\\/09\\\/08\\\/horror-y-belleza-se-vivio-en-la-semana-de-la-moda-de-nueva-york\\\/\",\"url\":\"https:\\\/\\\/digital58.com.ve\\\/site\\\/2017\\\/09\\\/08\\\/horror-y-belleza-se-vivio-en-la-semana-de-la-moda-de-nueva-york\\\/\",\"name\":\"Horror y belleza se vivi\u00f3 en la Semana de la Moda de Nueva York\",\"isPartOf\":{\"@id\":\"https:\\\/\\\/digital58.com.ve\\\/site\\\/#website\"},\"primaryImageOfPage\":{\"@id\":\"https:\\\/\\\/digital58.com.ve\\\/site\\\/2017\\\/09\\\/08\\\/horror-y-belleza-se-vivio-en-la-semana-de-la-moda-de-nueva-york\\\/#primaryimage\"},\"image\":{\"@id\":\"https:\\\/\\\/digital58.com.ve\\\/site\\\/2017\\\/09\\\/08\\\/horror-y-belleza-se-vivio-en-la-semana-de-la-moda-de-nueva-york\\\/#primaryimage\"},\"thumbnailUrl\":\"https:\\\/\\\/digital58.com.ve\\\/site\\\/wp-content\\\/uploads\\\/2017\\\/09\\\/moda-1.jpg\",\"datePublished\":\"2017-09-08T22:59:53+00:00\",\"breadcrumb\":{\"@id\":\"https:\\\/\\\/digital58.com.ve\\\/site\\\/2017\\\/09\\\/08\\\/horror-y-belleza-se-vivio-en-la-semana-de-la-moda-de-nueva-york\\\/#breadcrumb\"},\"inLanguage\":\"es\",\"potentialAction\":[{\"@type\":\"ReadAction\",\"target\":[\"https:\\\/\\\/digital58.com.ve\\\/site\\\/2017\\\/09\\\/08\\\/horror-y-belleza-se-vivio-en-la-semana-de-la-moda-de-nueva-york\\\/\"]}]},{\"@type\":\"ImageObject\",\"inLanguage\":\"es\",\"@id\":\"https:\\\/\\\/digital58.com.ve\\\/site\\\/2017\\\/09\\\/08\\\/horror-y-belleza-se-vivio-en-la-semana-de-la-moda-de-nueva-york\\\/#primaryimage\",\"url\":\"https:\\\/\\\/digital58.com.ve\\\/site\\\/wp-content\\\/uploads\\\/2017\\\/09\\\/moda-1.jpg\",\"contentUrl\":\"https:\\\/\\\/digital58.com.ve\\\/site\\\/wp-content\\\/uploads\\\/2017\\\/09\\\/moda-1.jpg\",\"width\":500,\"height\":360},{\"@type\":\"BreadcrumbList\",\"@id\":\"https:\\\/\\\/digital58.com.ve\\\/site\\\/2017\\\/09\\\/08\\\/horror-y-belleza-se-vivio-en-la-semana-de-la-moda-de-nueva-york\\\/#breadcrumb\",\"itemListElement\":[{\"@type\":\"ListItem\",\"position\":1,\"name\":\"Home\",\"item\":\"https:\\\/\\\/digital58.com.ve\\\/site\\\/\"},{\"@type\":\"ListItem\",\"position\":2,\"name\":\"Horror y belleza se vivi\u00f3 en la Semana de la Moda de Nueva York\"}]},{\"@type\":\"WebSite\",\"@id\":\"https:\\\/\\\/digital58.com.ve\\\/site\\\/#website\",\"url\":\"https:\\\/\\\/digital58.com.ve\\\/site\\\/\",\"name\":\"Noticias Digital58\",\"description\":\"Portal de Noticias \u00a1Periodismo web de verdad! Lanzamiento web 22.11.2005 \\\/ Maracaibo, Venezuela\",\"publisher\":{\"@id\":\"https:\\\/\\\/digital58.com.ve\\\/site\\\/#\\\/schema\\\/person\\\/64d1c2e4d0d4fd1b849980c4331c2951\"},\"alternateName\":\"ND58\",\"potentialAction\":[{\"@type\":\"SearchAction\",\"target\":{\"@type\":\"EntryPoint\",\"urlTemplate\":\"https:\\\/\\\/digital58.com.ve\\\/site\\\/?s={search_term_string}\"},\"query-input\":{\"@type\":\"PropertyValueSpecification\",\"valueRequired\":true,\"valueName\":\"search_term_string\"}}],\"inLanguage\":\"es\"},{\"@type\":[\"Person\",\"Organization\"],\"@id\":\"https:\\\/\\\/digital58.com.ve\\\/site\\\/#\\\/schema\\\/person\\\/64d1c2e4d0d4fd1b849980c4331c2951\",\"name\":\"Villasmil Henry\",\"image\":{\"@type\":\"ImageObject\",\"inLanguage\":\"es\",\"@id\":\"https:\\\/\\\/secure.gravatar.com\\\/avatar\\\/bb0c4a2fcb7970138239f7e404ea75757b1b507b28b5ce4c53fbd62d797c5a7c?s=96&d=mm&r=g\",\"url\":\"https:\\\/\\\/secure.gravatar.com\\\/avatar\\\/bb0c4a2fcb7970138239f7e404ea75757b1b507b28b5ce4c53fbd62d797c5a7c?s=96&d=mm&r=g\",\"contentUrl\":\"https:\\\/\\\/secure.gravatar.com\\\/avatar\\\/bb0c4a2fcb7970138239f7e404ea75757b1b507b28b5ce4c53fbd62d797c5a7c?s=96&d=mm&r=g\",\"caption\":\"Villasmil Henry\"},\"logo\":{\"@id\":\"https:\\\/\\\/secure.gravatar.com\\\/avatar\\\/bb0c4a2fcb7970138239f7e404ea75757b1b507b28b5ce4c53fbd62d797c5a7c?s=96&d=mm&r=g\"},\"sameAs\":[\"http:\\\/\\\/www.henryvillasmil.com.ve\",\"https:\\\/\\\/www.instagram.com\\\/villasmilhfoto\\\/\",\"https:\\\/\\\/x.com\\\/https:\\\/\\\/twitter.com\\\/villasmilhfoto\"],\"url\":\"https:\\\/\\\/digital58.com.ve\\\/site\\\/author\\\/droopy_68\\\/\"}]}<\/script>\n<!-- \/ Yoast SEO plugin. -->","yoast_head_json":{"title":"Horror y belleza se vivi\u00f3 en la Semana de la Moda de Nueva York","robots":{"index":"index","follow":"follow","max-snippet":"max-snippet:-1","max-image-preview":"max-image-preview:large","max-video-preview":"max-video-preview:-1"},"canonical":"https:\/\/digital58.com.ve\/site\/2017\/09\/08\/horror-y-belleza-se-vivio-en-la-semana-de-la-moda-de-nueva-york\/","og_locale":"es_ES","og_type":"article","og_title":"Horror y belleza se vivi\u00f3 en la Semana de la Moda de Nueva York","og_url":"https:\/\/digital58.com.ve\/site\/2017\/09\/08\/horror-y-belleza-se-vivio-en-la-semana-de-la-moda-de-nueva-york\/","og_site_name":"Noticias Digital58","article_published_time":"2017-09-08T22:59:53+00:00","og_image":[{"width":500,"height":360,"url":"https:\/\/digital58.com.ve\/site\/wp-content\/uploads\/2017\/09\/moda-1.jpg","type":"image\/jpeg"}],"author":"Villasmil Henry","twitter_card":"summary_large_image","twitter_creator":"@https:\/\/twitter.com\/villasmilhfoto","twitter_site":"@villasmilhfoto","twitter_misc":{"Escrito por":"Villasmil Henry","Tiempo estimado de lectura":"4 minutos"},"schema":{"@context":"https:\/\/schema.org","@graph":[{"@type":"Article","@id":"https:\/\/digital58.com.ve\/site\/2017\/09\/08\/horror-y-belleza-se-vivio-en-la-semana-de-la-moda-de-nueva-york\/#article","isPartOf":{"@id":"https:\/\/digital58.com.ve\/site\/2017\/09\/08\/horror-y-belleza-se-vivio-en-la-semana-de-la-moda-de-nueva-york\/"},"author":{"name":"Villasmil Henry","@id":"https:\/\/digital58.com.ve\/site\/#\/schema\/person\/64d1c2e4d0d4fd1b849980c4331c2951"},"headline":"Horror y belleza se vivi\u00f3 en la Semana de la Moda de Nueva York","datePublished":"2017-09-08T22:59:53+00:00","mainEntityOfPage":{"@id":"https:\/\/digital58.com.ve\/site\/2017\/09\/08\/horror-y-belleza-se-vivio-en-la-semana-de-la-moda-de-nueva-york\/"},"wordCount":845,"commentCount":0,"publisher":{"@id":"https:\/\/digital58.com.ve\/site\/#\/schema\/person\/64d1c2e4d0d4fd1b849980c4331c2951"},"image":{"@id":"https:\/\/digital58.com.ve\/site\/2017\/09\/08\/horror-y-belleza-se-vivio-en-la-semana-de-la-moda-de-nueva-york\/#primaryimage"},"thumbnailUrl":"https:\/\/digital58.com.ve\/site\/wp-content\/uploads\/2017\/09\/moda-1.jpg","keywords":["Calvin Klein","Desfiles","Dise\u00f1adores","Internacionales","Marcas","Nueva York","Pasarelas","Semana de la Moda","Vestuario"],"articleSection":["Moda"],"inLanguage":"es","potentialAction":[{"@type":"CommentAction","name":"Comment","target":["https:\/\/digital58.com.ve\/site\/2017\/09\/08\/horror-y-belleza-se-vivio-en-la-semana-de-la-moda-de-nueva-york\/#respond"]}]},{"@type":"WebPage","@id":"https:\/\/digital58.com.ve\/site\/2017\/09\/08\/horror-y-belleza-se-vivio-en-la-semana-de-la-moda-de-nueva-york\/","url":"https:\/\/digital58.com.ve\/site\/2017\/09\/08\/horror-y-belleza-se-vivio-en-la-semana-de-la-moda-de-nueva-york\/","name":"Horror y belleza se vivi\u00f3 en la Semana de la Moda de Nueva York","isPartOf":{"@id":"https:\/\/digital58.com.ve\/site\/#website"},"primaryImageOfPage":{"@id":"https:\/\/digital58.com.ve\/site\/2017\/09\/08\/horror-y-belleza-se-vivio-en-la-semana-de-la-moda-de-nueva-york\/#primaryimage"},"image":{"@id":"https:\/\/digital58.com.ve\/site\/2017\/09\/08\/horror-y-belleza-se-vivio-en-la-semana-de-la-moda-de-nueva-york\/#primaryimage"},"thumbnailUrl":"https:\/\/digital58.com.ve\/site\/wp-content\/uploads\/2017\/09\/moda-1.jpg","datePublished":"2017-09-08T22:59:53+00:00","breadcrumb":{"@id":"https:\/\/digital58.com.ve\/site\/2017\/09\/08\/horror-y-belleza-se-vivio-en-la-semana-de-la-moda-de-nueva-york\/#breadcrumb"},"inLanguage":"es","potentialAction":[{"@type":"ReadAction","target":["https:\/\/digital58.com.ve\/site\/2017\/09\/08\/horror-y-belleza-se-vivio-en-la-semana-de-la-moda-de-nueva-york\/"]}]},{"@type":"ImageObject","inLanguage":"es","@id":"https:\/\/digital58.com.ve\/site\/2017\/09\/08\/horror-y-belleza-se-vivio-en-la-semana-de-la-moda-de-nueva-york\/#primaryimage","url":"https:\/\/digital58.com.ve\/site\/wp-content\/uploads\/2017\/09\/moda-1.jpg","contentUrl":"https:\/\/digital58.com.ve\/site\/wp-content\/uploads\/2017\/09\/moda-1.jpg","width":500,"height":360},{"@type":"BreadcrumbList","@id":"https:\/\/digital58.com.ve\/site\/2017\/09\/08\/horror-y-belleza-se-vivio-en-la-semana-de-la-moda-de-nueva-york\/#breadcrumb","itemListElement":[{"@type":"ListItem","position":1,"name":"Home","item":"https:\/\/digital58.com.ve\/site\/"},{"@type":"ListItem","position":2,"name":"Horror y belleza se vivi\u00f3 en la Semana de la Moda de Nueva York"}]},{"@type":"WebSite","@id":"https:\/\/digital58.com.ve\/site\/#website","url":"https:\/\/digital58.com.ve\/site\/","name":"Noticias Digital58","description":"Portal de Noticias \u00a1Periodismo web de verdad! Lanzamiento web 22.11.2005 \/ Maracaibo, Venezuela","publisher":{"@id":"https:\/\/digital58.com.ve\/site\/#\/schema\/person\/64d1c2e4d0d4fd1b849980c4331c2951"},"alternateName":"ND58","potentialAction":[{"@type":"SearchAction","target":{"@type":"EntryPoint","urlTemplate":"https:\/\/digital58.com.ve\/site\/?s={search_term_string}"},"query-input":{"@type":"PropertyValueSpecification","valueRequired":true,"valueName":"search_term_string"}}],"inLanguage":"es"},{"@type":["Person","Organization"],"@id":"https:\/\/digital58.com.ve\/site\/#\/schema\/person\/64d1c2e4d0d4fd1b849980c4331c2951","name":"Villasmil Henry","image":{"@type":"ImageObject","inLanguage":"es","@id":"https:\/\/secure.gravatar.com\/avatar\/bb0c4a2fcb7970138239f7e404ea75757b1b507b28b5ce4c53fbd62d797c5a7c?s=96&d=mm&r=g","url":"https:\/\/secure.gravatar.com\/avatar\/bb0c4a2fcb7970138239f7e404ea75757b1b507b28b5ce4c53fbd62d797c5a7c?s=96&d=mm&r=g","contentUrl":"https:\/\/secure.gravatar.com\/avatar\/bb0c4a2fcb7970138239f7e404ea75757b1b507b28b5ce4c53fbd62d797c5a7c?s=96&d=mm&r=g","caption":"Villasmil Henry"},"logo":{"@id":"https:\/\/secure.gravatar.com\/avatar\/bb0c4a2fcb7970138239f7e404ea75757b1b507b28b5ce4c53fbd62d797c5a7c?s=96&d=mm&r=g"},"sameAs":["http:\/\/www.henryvillasmil.com.ve","https:\/\/www.instagram.com\/villasmilhfoto\/","https:\/\/x.com\/https:\/\/twitter.com\/villasmilhfoto"],"url":"https:\/\/digital58.com.ve\/site\/author\/droopy_68\/"}]}},"uagb_featured_image_src":{"full":["https:\/\/digital58.com.ve\/site\/wp-content\/uploads\/2017\/09\/moda-1.jpg",500,360,false],"thumbnail":["https:\/\/digital58.com.ve\/site\/wp-content\/uploads\/2017\/09\/moda-1-150x150.jpg",150,150,true],"medium":["https:\/\/digital58.com.ve\/site\/wp-content\/uploads\/2017\/09\/moda-1-300x216.jpg",300,216,true],"medium_large":["https:\/\/digital58.com.ve\/site\/wp-content\/uploads\/2017\/09\/moda-1.jpg",500,360,false],"large":["https:\/\/digital58.com.ve\/site\/wp-content\/uploads\/2017\/09\/moda-1.jpg",500,360,false],"1536x1536":["https:\/\/digital58.com.ve\/site\/wp-content\/uploads\/2017\/09\/moda-1.jpg",500,360,false],"2048x2048":["https:\/\/digital58.com.ve\/site\/wp-content\/uploads\/2017\/09\/moda-1.jpg",500,360,false],"colormag-highlighted-post":["https:\/\/digital58.com.ve\/site\/wp-content\/uploads\/2017\/09\/moda-1.jpg",378,272,false],"colormag-featured-post-medium":["https:\/\/digital58.com.ve\/site\/wp-content\/uploads\/2017\/09\/moda-1.jpg",285,205,false],"colormag-featured-post-small":["https:\/\/digital58.com.ve\/site\/wp-content\/uploads\/2017\/09\/moda-1.jpg",125,90,false],"colormag-featured-image":["https:\/\/digital58.com.ve\/site\/wp-content\/uploads\/2017\/09\/moda-1.jpg",500,360,false],"colormag-default-news":["https:\/\/digital58.com.ve\/site\/wp-content\/uploads\/2017\/09\/moda-1.jpg",150,108,false],"colormag-featured-image-large":["https:\/\/digital58.com.ve\/site\/wp-content\/uploads\/2017\/09\/moda-1.jpg",500,360,false]},"uagb_author_info":{"display_name":"Villasmil Henry","author_link":"https:\/\/digital58.com.ve\/site\/author\/droopy_68\/"},"uagb_comment_info":0,"uagb_excerpt":"Entre pesadillas y \u00abel sue\u00f1o americano\u00bb se debati\u00f3 Calvin Klein durante la Semana de la Moda de Nueva York, con","_links":{"self":[{"href":"https:\/\/digital58.com.ve\/site\/wp-json\/wp\/v2\/posts\/70466","targetHints":{"allow":["GET"]}}],"collection":[{"href":"https:\/\/digital58.com.ve\/site\/wp-json\/wp\/v2\/posts"}],"about":[{"href":"https:\/\/digital58.com.ve\/site\/wp-json\/wp\/v2\/types\/post"}],"author":[{"embeddable":true,"href":"https:\/\/digital58.com.ve\/site\/wp-json\/wp\/v2\/users\/1"}],"replies":[{"embeddable":true,"href":"https:\/\/digital58.com.ve\/site\/wp-json\/wp\/v2\/comments?post=70466"}],"version-history":[{"count":0,"href":"https:\/\/digital58.com.ve\/site\/wp-json\/wp\/v2\/posts\/70466\/revisions"}],"wp:featuredmedia":[{"embeddable":true,"href":"https:\/\/digital58.com.ve\/site\/wp-json\/wp\/v2\/media\/70467"}],"wp:attachment":[{"href":"https:\/\/digital58.com.ve\/site\/wp-json\/wp\/v2\/media?parent=70466"}],"wp:term":[{"taxonomy":"category","embeddable":true,"href":"https:\/\/digital58.com.ve\/site\/wp-json\/wp\/v2\/categories?post=70466"},{"taxonomy":"post_tag","embeddable":true,"href":"https:\/\/digital58.com.ve\/site\/wp-json\/wp\/v2\/tags?post=70466"}],"curies":[{"name":"wp","href":"https:\/\/api.w.org\/{rel}","templated":true}]}}