{"id":70494,"date":"2017-09-09T07:00:38","date_gmt":"2017-09-09T11:00:38","guid":{"rendered":"http:\/\/digital58.com.ve\/site\/?p=70494"},"modified":"2017-09-08T22:02:59","modified_gmt":"2017-09-09T02:02:59","slug":"09-de-septiembre-dia-mundial-de-la-agricultura","status":"publish","type":"post","link":"https:\/\/digital58.com.ve\/site\/2017\/09\/09\/09-de-septiembre-dia-mundial-de-la-agricultura\/","title":{"rendered":"09 de septiembre: D\u00eda Mundial de la Agricultura"},"content":{"rendered":"<p><a href=\"http:\/\/digital58.com.ve\/site\/wp-content\/uploads\/2017\/09\/agricultura-3.jpg\"><img loading=\"lazy\" decoding=\"async\" class=\"aligncenter wp-image-70497\" src=\"http:\/\/digital58.com.ve\/site\/wp-content\/uploads\/2017\/09\/agricultura-3.jpg\" alt=\"\" width=\"640\" height=\"427\" srcset=\"https:\/\/digital58.com.ve\/site\/wp-content\/uploads\/2017\/09\/agricultura-3.jpg 800w, https:\/\/digital58.com.ve\/site\/wp-content\/uploads\/2017\/09\/agricultura-3-300x200.jpg 300w, https:\/\/digital58.com.ve\/site\/wp-content\/uploads\/2017\/09\/agricultura-3-768x512.jpg 768w, https:\/\/digital58.com.ve\/site\/wp-content\/uploads\/2017\/09\/agricultura-3-720x480.jpg 720w, https:\/\/digital58.com.ve\/site\/wp-content\/uploads\/2017\/09\/agricultura-3-480x320.jpg 480w\" sizes=\"auto, (max-width: 640px) 100vw, 640px\" \/><\/a><\/p>\n<p>Cada 09 de septiembre se celebra el D\u00eda Mundial de la Agricultura, una fecha para realizar homenaje a todas aquellas personas que dedican su vida a cultivar las tierras para abastecer a las poblaciones de comida, debiendo su origen que encontramos en el per\u00edodo neol\u00edtico.<\/p>\n<p><strong>Maracaibo, Zulia, Venezuela, 09 de septiembre de 2017 (D58).-<\/strong> Los primeros cereales que fueron cultivados fueron el trigo y la cebada. Desde ese momento, hasta nuestros d\u00edas, la agricultura ha sufrido una gran evoluci\u00f3n tecnol\u00f3gica gracias a la introducci\u00f3n de la maquinaria.<br \/>\nEs un d\u00eda de homenaje para las personas que se dedican a cultivar y a arar sus tierras para ofrecer a la ciudadan\u00eda el mejor producto posible, los agricultores.<\/p>\n<p>En algunos lugares se realizan diversos actos en los que se analizan los cambios producidos en la agricultura gracias a la utilizaci\u00f3n de la maquinaria para realizar las labores propias de cada una de las cosechas.<\/p>\n<p><a href=\"http:\/\/digital58.com.ve\/site\/wp-content\/uploads\/2017\/09\/agricultura-1.jpg\"><img loading=\"lazy\" decoding=\"async\" class=\"aligncenter size-large wp-image-70495\" src=\"http:\/\/digital58.com.ve\/site\/wp-content\/uploads\/2017\/09\/agricultura-1-1500x997.jpg\" alt=\"\" width=\"640\" height=\"425\" srcset=\"https:\/\/digital58.com.ve\/site\/wp-content\/uploads\/2017\/09\/agricultura-1-1500x997.jpg 1500w, https:\/\/digital58.com.ve\/site\/wp-content\/uploads\/2017\/09\/agricultura-1-300x199.jpg 300w, https:\/\/digital58.com.ve\/site\/wp-content\/uploads\/2017\/09\/agricultura-1-768x511.jpg 768w, https:\/\/digital58.com.ve\/site\/wp-content\/uploads\/2017\/09\/agricultura-1-480x320.jpg 480w, https:\/\/digital58.com.ve\/site\/wp-content\/uploads\/2017\/09\/agricultura-1.jpg 800w\" sizes=\"auto, (max-width: 640px) 100vw, 640px\" \/><\/a><\/p>\n<p>Se suelen realizar conferencias en las que se exponen las dificultades a las que se exponen los agricultores de hoy en d\u00eda: plagas, terremotos, lluvias, granizo, etc., as\u00ed como su posible evitaci\u00f3n.<\/p>\n<p>En muchos casos todos estos hechos atmosf\u00e9ricos pueden ser la ruina para los agricultores ya que en cuesti\u00f3n de segundos pueden estropear la cosecha de todo un a\u00f1o o bajar la calidad del producto. Por ello tambi\u00e9n se suelen analizar estas situaciones para pedir ayudas a los estados por si llegasen a ocurrir unos de estos fen\u00f3menos.<\/p>\n<p>Antiguamente esta labor era realizada por las familias las cuales, asimismo, se abastec\u00edan de sus propios productos. A lo largo de los a\u00f1os y sobre todo en la edad media, se instauran nuevas formas de producci\u00f3n as\u00ed como peque\u00f1as innovaciones, que llegaron a causar un gran crecimiento de las cosechas tanto en la calidad como en la variedad de productos.<\/p>\n<p><a href=\"http:\/\/digital58.com.ve\/site\/wp-content\/uploads\/2017\/09\/agricultura-2.jpg\"><img loading=\"lazy\" decoding=\"async\" class=\"aligncenter size-large wp-image-70496\" src=\"http:\/\/digital58.com.ve\/site\/wp-content\/uploads\/2017\/09\/agricultura-2-1500x844.jpg\" alt=\"\" width=\"640\" height=\"360\" srcset=\"https:\/\/digital58.com.ve\/site\/wp-content\/uploads\/2017\/09\/agricultura-2-1500x844.jpg 1500w, https:\/\/digital58.com.ve\/site\/wp-content\/uploads\/2017\/09\/agricultura-2-300x169.jpg 300w, https:\/\/digital58.com.ve\/site\/wp-content\/uploads\/2017\/09\/agricultura-2-768x432.jpg 768w, https:\/\/digital58.com.ve\/site\/wp-content\/uploads\/2017\/09\/agricultura-2.jpg 800w\" sizes=\"auto, (max-width: 640px) 100vw, 640px\" \/><\/a><\/p>\n<p>Actualmente los agricultores cuentan con una gran diversidad de maquinaria que les facilita todas las tareas de labranza as\u00ed como su recogida. Todos estos medios han facilitado que un mismo campo pueda producir m\u00e1s que cuando el trabajo era totalmente manual, y de este modo poder dar de comer a m\u00e1s familias.<\/p>\n<p>El cuidado del campo, las semillas, los controles que se realizan al estado de la tierra han contribuido de forma notable al gran aumento de las cosechas por unidad de superficie. Siendo muy evidentes las diferencias existentes entre los pa\u00edses pobres a los pa\u00edses ricos, donde la innovaci\u00f3n y tecnolog\u00eda es escasa.<\/p>\n<p>La agricultura ecol\u00f3gica es aquella que se basa en la utilizaci\u00f3n de los recursos naturales, es decir, los propios de la naturaleza, sin usar productos qu\u00edmicos. De este modo es posible obtener productos m\u00e1s naturales, sin estar presente ning\u00fan agente qu\u00edmico. Para ello se llevar\u00e1n a cabo m\u00e9todos sobre todo preventivos, mediante t\u00e9cnicas adecuadas para el \u00f3ptimo desarrollo de las plantas.<\/p><div class=\"frlel69f5adc0afd9f\" ><p style=\"text-align: center;\"><a href=\"https:\/\/t.me\/noticiasdigital58\" target=\"_blank\" rel=\"noopener\"><img class=\"aligncenter size-full wp-image-125363\" src=\"https:\/\/digital58.com.ve\/site\/wp-content\/uploads\/2021\/04\/banner-telegram-web-2021.png\" alt=\"\" width=\"600\" height=\"90\" \/><\/a><\/p><\/div><style type=\"text\/css\">\r\n@media screen and (min-width: 1201px) {\r\n.frlel69f5adc0afd9f {\r\ndisplay: block;\r\n}\r\n}\r\n@media screen and (min-width: 993px) and (max-width: 1200px) {\r\n.frlel69f5adc0afd9f {\r\ndisplay: block;\r\n}\r\n}\r\n@media screen and (min-width: 769px) and (max-width: 992px) {\r\n.frlel69f5adc0afd9f {\r\ndisplay: block;\r\n}\r\n}\r\n@media screen and (min-width: 768px) and (max-width: 768px) {\r\n.frlel69f5adc0afd9f {\r\ndisplay: block;\r\n}\r\n}\r\n@media screen and (max-width: 767px) {\r\n.frlel69f5adc0afd9f {\r\ndisplay: block;\r\n}\r\n}\r\n<\/style>\r\n\n<p><strong>Redacci\u00f3n y fuente: Agencias<\/strong><br \/>\n<strong>Edici\u00f3n: <a href=\"https:\/\/www.instagram.com\/raquelsofiavera\/\" target=\"_blank\" rel=\"noopener\">Vera, Raquel<\/a><\/strong><br \/>\n<strong>Fotos: Google<\/strong><\/p>\n<div style=\"margin-top: 0px; margin-bottom: 0px;\" class=\"sharethis-inline-share-buttons\" ><\/div>","protected":false},"excerpt":{"rendered":"<p>Cada 09 de septiembre se celebra el D\u00eda Mundial de la Agricultura, una fecha para realizar homenaje a todas aquellas<\/p>\n","protected":false},"author":1,"featured_media":70496,"comment_status":"open","ping_status":"closed","sticky":false,"template":"","format":"standard","meta":{"colormag_page_container_layout":"default_layout","colormag_page_sidebar_layout":"default_layout","_uag_custom_page_level_css":"","footnotes":""},"categories":[5407],"tags":[9310,9307,9308,267,159,570,8,9309],"class_list":["post-70494","post","type-post","status-publish","format-standard","has-post-thumbnail","hentry","category-natura","tag-agricultores","tag-agricultura","tag-alimentos-naturales","tag-alimentos-y-bebidas","tag-efemerides","tag-homenajes","tag-internacionales","tag-siembra"],"yoast_head":"<!-- This site is optimized with the Yoast SEO plugin v27.5 - https:\/\/yoast.com\/product\/yoast-seo-wordpress\/ -->\n<title>09 de septiembre: D\u00eda Mundial de la Agricultura<\/title>\n<meta name=\"robots\" content=\"index, follow, max-snippet:-1, max-image-preview:large, max-video-preview:-1\" \/>\n<link rel=\"canonical\" href=\"https:\/\/digital58.com.ve\/site\/2017\/09\/09\/09-de-septiembre-dia-mundial-de-la-agricultura\/\" \/>\n<meta property=\"og:locale\" content=\"es_ES\" \/>\n<meta property=\"og:type\" content=\"article\" \/>\n<meta property=\"og:title\" content=\"09 de septiembre: D\u00eda Mundial de la Agricultura\" \/>\n<meta property=\"og:url\" content=\"https:\/\/digital58.com.ve\/site\/2017\/09\/09\/09-de-septiembre-dia-mundial-de-la-agricultura\/\" \/>\n<meta property=\"og:site_name\" content=\"Noticias Digital58\" \/>\n<meta property=\"article:published_time\" content=\"2017-09-09T11:00:38+00:00\" \/>\n<meta property=\"og:image\" content=\"https:\/\/digital58.com.ve\/site\/wp-content\/uploads\/2017\/09\/agricultura-2.jpg\" \/>\n\t<meta property=\"og:image:width\" content=\"1600\" \/>\n\t<meta property=\"og:image:height\" content=\"900\" \/>\n\t<meta property=\"og:image:type\" content=\"image\/jpeg\" \/>\n<meta name=\"author\" content=\"Villasmil Henry\" \/>\n<meta name=\"twitter:card\" content=\"summary_large_image\" \/>\n<meta name=\"twitter:creator\" content=\"@https:\/\/twitter.com\/villasmilhfoto\" \/>\n<meta name=\"twitter:site\" content=\"@villasmilhfoto\" \/>\n<meta name=\"twitter:label1\" content=\"Escrito por\" \/>\n\t<meta name=\"twitter:data1\" content=\"Villasmil Henry\" \/>\n\t<meta name=\"twitter:label2\" content=\"Tiempo estimado de lectura\" \/>\n\t<meta name=\"twitter:data2\" content=\"3 minutos\" \/>\n<script type=\"application\/ld+json\" class=\"yoast-schema-graph\">{\"@context\":\"https:\\\/\\\/schema.org\",\"@graph\":[{\"@type\":\"Article\",\"@id\":\"https:\\\/\\\/digital58.com.ve\\\/site\\\/2017\\\/09\\\/09\\\/09-de-septiembre-dia-mundial-de-la-agricultura\\\/#article\",\"isPartOf\":{\"@id\":\"https:\\\/\\\/digital58.com.ve\\\/site\\\/2017\\\/09\\\/09\\\/09-de-septiembre-dia-mundial-de-la-agricultura\\\/\"},\"author\":{\"name\":\"Villasmil Henry\",\"@id\":\"https:\\\/\\\/digital58.com.ve\\\/site\\\/#\\\/schema\\\/person\\\/64d1c2e4d0d4fd1b849980c4331c2951\"},\"headline\":\"09 de septiembre: D\u00eda Mundial de la Agricultura\",\"datePublished\":\"2017-09-09T11:00:38+00:00\",\"mainEntityOfPage\":{\"@id\":\"https:\\\/\\\/digital58.com.ve\\\/site\\\/2017\\\/09\\\/09\\\/09-de-septiembre-dia-mundial-de-la-agricultura\\\/\"},\"wordCount\":519,\"commentCount\":0,\"publisher\":{\"@id\":\"https:\\\/\\\/digital58.com.ve\\\/site\\\/#\\\/schema\\\/person\\\/64d1c2e4d0d4fd1b849980c4331c2951\"},\"image\":{\"@id\":\"https:\\\/\\\/digital58.com.ve\\\/site\\\/2017\\\/09\\\/09\\\/09-de-septiembre-dia-mundial-de-la-agricultura\\\/#primaryimage\"},\"thumbnailUrl\":\"https:\\\/\\\/digital58.com.ve\\\/site\\\/wp-content\\\/uploads\\\/2017\\\/09\\\/agricultura-2.jpg\",\"keywords\":[\"Agricultores\",\"Agricultura\",\"Alimentos Naturales\",\"Alimentos y Bebidas\",\"Efem\u00e9rides\",\"Homenajes\",\"Internacionales\",\"Siembra\"],\"articleSection\":[\"Natura\"],\"inLanguage\":\"es\",\"potentialAction\":[{\"@type\":\"CommentAction\",\"name\":\"Comment\",\"target\":[\"https:\\\/\\\/digital58.com.ve\\\/site\\\/2017\\\/09\\\/09\\\/09-de-septiembre-dia-mundial-de-la-agricultura\\\/#respond\"]}]},{\"@type\":\"WebPage\",\"@id\":\"https:\\\/\\\/digital58.com.ve\\\/site\\\/2017\\\/09\\\/09\\\/09-de-septiembre-dia-mundial-de-la-agricultura\\\/\",\"url\":\"https:\\\/\\\/digital58.com.ve\\\/site\\\/2017\\\/09\\\/09\\\/09-de-septiembre-dia-mundial-de-la-agricultura\\\/\",\"name\":\"09 de septiembre: D\u00eda Mundial de la Agricultura\",\"isPartOf\":{\"@id\":\"https:\\\/\\\/digital58.com.ve\\\/site\\\/#website\"},\"primaryImageOfPage\":{\"@id\":\"https:\\\/\\\/digital58.com.ve\\\/site\\\/2017\\\/09\\\/09\\\/09-de-septiembre-dia-mundial-de-la-agricultura\\\/#primaryimage\"},\"image\":{\"@id\":\"https:\\\/\\\/digital58.com.ve\\\/site\\\/2017\\\/09\\\/09\\\/09-de-septiembre-dia-mundial-de-la-agricultura\\\/#primaryimage\"},\"thumbnailUrl\":\"https:\\\/\\\/digital58.com.ve\\\/site\\\/wp-content\\\/uploads\\\/2017\\\/09\\\/agricultura-2.jpg\",\"datePublished\":\"2017-09-09T11:00:38+00:00\",\"breadcrumb\":{\"@id\":\"https:\\\/\\\/digital58.com.ve\\\/site\\\/2017\\\/09\\\/09\\\/09-de-septiembre-dia-mundial-de-la-agricultura\\\/#breadcrumb\"},\"inLanguage\":\"es\",\"potentialAction\":[{\"@type\":\"ReadAction\",\"target\":[\"https:\\\/\\\/digital58.com.ve\\\/site\\\/2017\\\/09\\\/09\\\/09-de-septiembre-dia-mundial-de-la-agricultura\\\/\"]}]},{\"@type\":\"ImageObject\",\"inLanguage\":\"es\",\"@id\":\"https:\\\/\\\/digital58.com.ve\\\/site\\\/2017\\\/09\\\/09\\\/09-de-septiembre-dia-mundial-de-la-agricultura\\\/#primaryimage\",\"url\":\"https:\\\/\\\/digital58.com.ve\\\/site\\\/wp-content\\\/uploads\\\/2017\\\/09\\\/agricultura-2.jpg\",\"contentUrl\":\"https:\\\/\\\/digital58.com.ve\\\/site\\\/wp-content\\\/uploads\\\/2017\\\/09\\\/agricultura-2.jpg\",\"width\":800,\"height\":450},{\"@type\":\"BreadcrumbList\",\"@id\":\"https:\\\/\\\/digital58.com.ve\\\/site\\\/2017\\\/09\\\/09\\\/09-de-septiembre-dia-mundial-de-la-agricultura\\\/#breadcrumb\",\"itemListElement\":[{\"@type\":\"ListItem\",\"position\":1,\"name\":\"Home\",\"item\":\"https:\\\/\\\/digital58.com.ve\\\/site\\\/\"},{\"@type\":\"ListItem\",\"position\":2,\"name\":\"09 de septiembre: D\u00eda Mundial de la Agricultura\"}]},{\"@type\":\"WebSite\",\"@id\":\"https:\\\/\\\/digital58.com.ve\\\/site\\\/#website\",\"url\":\"https:\\\/\\\/digital58.com.ve\\\/site\\\/\",\"name\":\"Noticias Digital58\",\"description\":\"Portal de Noticias \u00a1Periodismo web de verdad! Lanzamiento web 22.11.2005 \\\/ Maracaibo, Venezuela\",\"publisher\":{\"@id\":\"https:\\\/\\\/digital58.com.ve\\\/site\\\/#\\\/schema\\\/person\\\/64d1c2e4d0d4fd1b849980c4331c2951\"},\"alternateName\":\"ND58\",\"potentialAction\":[{\"@type\":\"SearchAction\",\"target\":{\"@type\":\"EntryPoint\",\"urlTemplate\":\"https:\\\/\\\/digital58.com.ve\\\/site\\\/?s={search_term_string}\"},\"query-input\":{\"@type\":\"PropertyValueSpecification\",\"valueRequired\":true,\"valueName\":\"search_term_string\"}}],\"inLanguage\":\"es\"},{\"@type\":[\"Person\",\"Organization\"],\"@id\":\"https:\\\/\\\/digital58.com.ve\\\/site\\\/#\\\/schema\\\/person\\\/64d1c2e4d0d4fd1b849980c4331c2951\",\"name\":\"Villasmil Henry\",\"image\":{\"@type\":\"ImageObject\",\"inLanguage\":\"es\",\"@id\":\"https:\\\/\\\/secure.gravatar.com\\\/avatar\\\/bb0c4a2fcb7970138239f7e404ea75757b1b507b28b5ce4c53fbd62d797c5a7c?s=96&d=mm&r=g\",\"url\":\"https:\\\/\\\/secure.gravatar.com\\\/avatar\\\/bb0c4a2fcb7970138239f7e404ea75757b1b507b28b5ce4c53fbd62d797c5a7c?s=96&d=mm&r=g\",\"contentUrl\":\"https:\\\/\\\/secure.gravatar.com\\\/avatar\\\/bb0c4a2fcb7970138239f7e404ea75757b1b507b28b5ce4c53fbd62d797c5a7c?s=96&d=mm&r=g\",\"caption\":\"Villasmil Henry\"},\"logo\":{\"@id\":\"https:\\\/\\\/secure.gravatar.com\\\/avatar\\\/bb0c4a2fcb7970138239f7e404ea75757b1b507b28b5ce4c53fbd62d797c5a7c?s=96&d=mm&r=g\"},\"sameAs\":[\"http:\\\/\\\/www.henryvillasmil.com.ve\",\"https:\\\/\\\/www.instagram.com\\\/villasmilhfoto\\\/\",\"https:\\\/\\\/x.com\\\/https:\\\/\\\/twitter.com\\\/villasmilhfoto\"],\"url\":\"https:\\\/\\\/digital58.com.ve\\\/site\\\/author\\\/droopy_68\\\/\"}]}<\/script>\n<!-- \/ Yoast SEO plugin. -->","yoast_head_json":{"title":"09 de septiembre: D\u00eda Mundial de la Agricultura","robots":{"index":"index","follow":"follow","max-snippet":"max-snippet:-1","max-image-preview":"max-image-preview:large","max-video-preview":"max-video-preview:-1"},"canonical":"https:\/\/digital58.com.ve\/site\/2017\/09\/09\/09-de-septiembre-dia-mundial-de-la-agricultura\/","og_locale":"es_ES","og_type":"article","og_title":"09 de septiembre: D\u00eda Mundial de la Agricultura","og_url":"https:\/\/digital58.com.ve\/site\/2017\/09\/09\/09-de-septiembre-dia-mundial-de-la-agricultura\/","og_site_name":"Noticias Digital58","article_published_time":"2017-09-09T11:00:38+00:00","og_image":[{"width":1600,"height":900,"url":"https:\/\/digital58.com.ve\/site\/wp-content\/uploads\/2017\/09\/agricultura-2.jpg","type":"image\/jpeg"}],"author":"Villasmil Henry","twitter_card":"summary_large_image","twitter_creator":"@https:\/\/twitter.com\/villasmilhfoto","twitter_site":"@villasmilhfoto","twitter_misc":{"Escrito por":"Villasmil Henry","Tiempo estimado de lectura":"3 minutos"},"schema":{"@context":"https:\/\/schema.org","@graph":[{"@type":"Article","@id":"https:\/\/digital58.com.ve\/site\/2017\/09\/09\/09-de-septiembre-dia-mundial-de-la-agricultura\/#article","isPartOf":{"@id":"https:\/\/digital58.com.ve\/site\/2017\/09\/09\/09-de-septiembre-dia-mundial-de-la-agricultura\/"},"author":{"name":"Villasmil Henry","@id":"https:\/\/digital58.com.ve\/site\/#\/schema\/person\/64d1c2e4d0d4fd1b849980c4331c2951"},"headline":"09 de septiembre: D\u00eda Mundial de la Agricultura","datePublished":"2017-09-09T11:00:38+00:00","mainEntityOfPage":{"@id":"https:\/\/digital58.com.ve\/site\/2017\/09\/09\/09-de-septiembre-dia-mundial-de-la-agricultura\/"},"wordCount":519,"commentCount":0,"publisher":{"@id":"https:\/\/digital58.com.ve\/site\/#\/schema\/person\/64d1c2e4d0d4fd1b849980c4331c2951"},"image":{"@id":"https:\/\/digital58.com.ve\/site\/2017\/09\/09\/09-de-septiembre-dia-mundial-de-la-agricultura\/#primaryimage"},"thumbnailUrl":"https:\/\/digital58.com.ve\/site\/wp-content\/uploads\/2017\/09\/agricultura-2.jpg","keywords":["Agricultores","Agricultura","Alimentos Naturales","Alimentos y Bebidas","Efem\u00e9rides","Homenajes","Internacionales","Siembra"],"articleSection":["Natura"],"inLanguage":"es","potentialAction":[{"@type":"CommentAction","name":"Comment","target":["https:\/\/digital58.com.ve\/site\/2017\/09\/09\/09-de-septiembre-dia-mundial-de-la-agricultura\/#respond"]}]},{"@type":"WebPage","@id":"https:\/\/digital58.com.ve\/site\/2017\/09\/09\/09-de-septiembre-dia-mundial-de-la-agricultura\/","url":"https:\/\/digital58.com.ve\/site\/2017\/09\/09\/09-de-septiembre-dia-mundial-de-la-agricultura\/","name":"09 de septiembre: D\u00eda Mundial de la Agricultura","isPartOf":{"@id":"https:\/\/digital58.com.ve\/site\/#website"},"primaryImageOfPage":{"@id":"https:\/\/digital58.com.ve\/site\/2017\/09\/09\/09-de-septiembre-dia-mundial-de-la-agricultura\/#primaryimage"},"image":{"@id":"https:\/\/digital58.com.ve\/site\/2017\/09\/09\/09-de-septiembre-dia-mundial-de-la-agricultura\/#primaryimage"},"thumbnailUrl":"https:\/\/digital58.com.ve\/site\/wp-content\/uploads\/2017\/09\/agricultura-2.jpg","datePublished":"2017-09-09T11:00:38+00:00","breadcrumb":{"@id":"https:\/\/digital58.com.ve\/site\/2017\/09\/09\/09-de-septiembre-dia-mundial-de-la-agricultura\/#breadcrumb"},"inLanguage":"es","potentialAction":[{"@type":"ReadAction","target":["https:\/\/digital58.com.ve\/site\/2017\/09\/09\/09-de-septiembre-dia-mundial-de-la-agricultura\/"]}]},{"@type":"ImageObject","inLanguage":"es","@id":"https:\/\/digital58.com.ve\/site\/2017\/09\/09\/09-de-septiembre-dia-mundial-de-la-agricultura\/#primaryimage","url":"https:\/\/digital58.com.ve\/site\/wp-content\/uploads\/2017\/09\/agricultura-2.jpg","contentUrl":"https:\/\/digital58.com.ve\/site\/wp-content\/uploads\/2017\/09\/agricultura-2.jpg","width":800,"height":450},{"@type":"BreadcrumbList","@id":"https:\/\/digital58.com.ve\/site\/2017\/09\/09\/09-de-septiembre-dia-mundial-de-la-agricultura\/#breadcrumb","itemListElement":[{"@type":"ListItem","position":1,"name":"Home","item":"https:\/\/digital58.com.ve\/site\/"},{"@type":"ListItem","position":2,"name":"09 de septiembre: D\u00eda Mundial de la Agricultura"}]},{"@type":"WebSite","@id":"https:\/\/digital58.com.ve\/site\/#website","url":"https:\/\/digital58.com.ve\/site\/","name":"Noticias Digital58","description":"Portal de Noticias \u00a1Periodismo web de verdad! Lanzamiento web 22.11.2005 \/ Maracaibo, Venezuela","publisher":{"@id":"https:\/\/digital58.com.ve\/site\/#\/schema\/person\/64d1c2e4d0d4fd1b849980c4331c2951"},"alternateName":"ND58","potentialAction":[{"@type":"SearchAction","target":{"@type":"EntryPoint","urlTemplate":"https:\/\/digital58.com.ve\/site\/?s={search_term_string}"},"query-input":{"@type":"PropertyValueSpecification","valueRequired":true,"valueName":"search_term_string"}}],"inLanguage":"es"},{"@type":["Person","Organization"],"@id":"https:\/\/digital58.com.ve\/site\/#\/schema\/person\/64d1c2e4d0d4fd1b849980c4331c2951","name":"Villasmil Henry","image":{"@type":"ImageObject","inLanguage":"es","@id":"https:\/\/secure.gravatar.com\/avatar\/bb0c4a2fcb7970138239f7e404ea75757b1b507b28b5ce4c53fbd62d797c5a7c?s=96&d=mm&r=g","url":"https:\/\/secure.gravatar.com\/avatar\/bb0c4a2fcb7970138239f7e404ea75757b1b507b28b5ce4c53fbd62d797c5a7c?s=96&d=mm&r=g","contentUrl":"https:\/\/secure.gravatar.com\/avatar\/bb0c4a2fcb7970138239f7e404ea75757b1b507b28b5ce4c53fbd62d797c5a7c?s=96&d=mm&r=g","caption":"Villasmil Henry"},"logo":{"@id":"https:\/\/secure.gravatar.com\/avatar\/bb0c4a2fcb7970138239f7e404ea75757b1b507b28b5ce4c53fbd62d797c5a7c?s=96&d=mm&r=g"},"sameAs":["http:\/\/www.henryvillasmil.com.ve","https:\/\/www.instagram.com\/villasmilhfoto\/","https:\/\/x.com\/https:\/\/twitter.com\/villasmilhfoto"],"url":"https:\/\/digital58.com.ve\/site\/author\/droopy_68\/"}]}},"uagb_featured_image_src":{"full":["https:\/\/digital58.com.ve\/site\/wp-content\/uploads\/2017\/09\/agricultura-2.jpg",800,450,false],"thumbnail":["https:\/\/digital58.com.ve\/site\/wp-content\/uploads\/2017\/09\/agricultura-2-150x150.jpg",150,150,true],"medium":["https:\/\/digital58.com.ve\/site\/wp-content\/uploads\/2017\/09\/agricultura-2-300x169.jpg",300,169,true],"medium_large":["https:\/\/digital58.com.ve\/site\/wp-content\/uploads\/2017\/09\/agricultura-2-768x432.jpg",768,432,true],"large":["https:\/\/digital58.com.ve\/site\/wp-content\/uploads\/2017\/09\/agricultura-2-1500x844.jpg",800,450,true],"1536x1536":["https:\/\/digital58.com.ve\/site\/wp-content\/uploads\/2017\/09\/agricultura-2.jpg",800,450,false],"2048x2048":["https:\/\/digital58.com.ve\/site\/wp-content\/uploads\/2017\/09\/agricultura-2.jpg",800,450,false],"colormag-highlighted-post":["https:\/\/digital58.com.ve\/site\/wp-content\/uploads\/2017\/09\/agricultura-2.jpg",392,221,false],"colormag-featured-post-medium":["https:\/\/digital58.com.ve\/site\/wp-content\/uploads\/2017\/09\/agricultura-2.jpg",364,205,false],"colormag-featured-post-small":["https:\/\/digital58.com.ve\/site\/wp-content\/uploads\/2017\/09\/agricultura-2.jpg",130,73,false],"colormag-featured-image":["https:\/\/digital58.com.ve\/site\/wp-content\/uploads\/2017\/09\/agricultura-2.jpg",791,445,false],"colormag-default-news":["https:\/\/digital58.com.ve\/site\/wp-content\/uploads\/2017\/09\/agricultura-2.jpg",150,84,false],"colormag-featured-image-large":["https:\/\/digital58.com.ve\/site\/wp-content\/uploads\/2017\/09\/agricultura-2.jpg",800,450,false]},"uagb_author_info":{"display_name":"Villasmil Henry","author_link":"https:\/\/digital58.com.ve\/site\/author\/droopy_68\/"},"uagb_comment_info":0,"uagb_excerpt":"Cada 09 de septiembre se celebra el D\u00eda Mundial de la Agricultura, una fecha para realizar homenaje a todas aquellas","_links":{"self":[{"href":"https:\/\/digital58.com.ve\/site\/wp-json\/wp\/v2\/posts\/70494","targetHints":{"allow":["GET"]}}],"collection":[{"href":"https:\/\/digital58.com.ve\/site\/wp-json\/wp\/v2\/posts"}],"about":[{"href":"https:\/\/digital58.com.ve\/site\/wp-json\/wp\/v2\/types\/post"}],"author":[{"embeddable":true,"href":"https:\/\/digital58.com.ve\/site\/wp-json\/wp\/v2\/users\/1"}],"replies":[{"embeddable":true,"href":"https:\/\/digital58.com.ve\/site\/wp-json\/wp\/v2\/comments?post=70494"}],"version-history":[{"count":0,"href":"https:\/\/digital58.com.ve\/site\/wp-json\/wp\/v2\/posts\/70494\/revisions"}],"wp:featuredmedia":[{"embeddable":true,"href":"https:\/\/digital58.com.ve\/site\/wp-json\/wp\/v2\/media\/70496"}],"wp:attachment":[{"href":"https:\/\/digital58.com.ve\/site\/wp-json\/wp\/v2\/media?parent=70494"}],"wp:term":[{"taxonomy":"category","embeddable":true,"href":"https:\/\/digital58.com.ve\/site\/wp-json\/wp\/v2\/categories?post=70494"},{"taxonomy":"post_tag","embeddable":true,"href":"https:\/\/digital58.com.ve\/site\/wp-json\/wp\/v2\/tags?post=70494"}],"curies":[{"name":"wp","href":"https:\/\/api.w.org\/{rel}","templated":true}]}}