{"id":70610,"date":"2017-09-11T20:37:11","date_gmt":"2017-09-12T00:37:11","guid":{"rendered":"http:\/\/digital58.com.ve\/site\/?p=70610"},"modified":"2017-09-11T20:37:11","modified_gmt":"2017-09-12T00:37:11","slug":"elba-escobar-llevara-su-monologo-a-espana","status":"publish","type":"post","link":"https:\/\/digital58.com.ve\/site\/2017\/09\/11\/elba-escobar-llevara-su-monologo-a-espana\/","title":{"rendered":"Elba Escobar llevar\u00e1 su mon\u00f3logo a Espa\u00f1a"},"content":{"rendered":"<p><a href=\"http:\/\/digital58.com.ve\/site\/wp-content\/uploads\/2017\/09\/elba-escobar-1.jpg\"><img loading=\"lazy\" decoding=\"async\" class=\"aligncenter wp-image-70611\" src=\"http:\/\/digital58.com.ve\/site\/wp-content\/uploads\/2017\/09\/elba-escobar-1.jpg\" alt=\"\" width=\"640\" height=\"360\" srcset=\"https:\/\/digital58.com.ve\/site\/wp-content\/uploads\/2017\/09\/elba-escobar-1.jpg 800w, https:\/\/digital58.com.ve\/site\/wp-content\/uploads\/2017\/09\/elba-escobar-1-300x169.jpg 300w, https:\/\/digital58.com.ve\/site\/wp-content\/uploads\/2017\/09\/elba-escobar-1-768x432.jpg 768w\" sizes=\"auto, (max-width: 640px) 100vw, 640px\" \/><\/a><\/p>\n<p>La primera actriz venezolana, Elba Escobar, llegar\u00e1 por primera vez a escenarios europeos este 15 y 16 de septiembre para presentar su mon\u00f3logo \u00abYo s\u00ed soy arrecha\u00bb en Madrid y Barcelona respectivamente.<\/p>\n<p><strong>Madrid, Espa\u00f1a, 11 de septiembre de 2017 (D58).-<\/strong> La trama de esta tragicomedia gira en torno a una exitosa ejecutiva quien celebra el ascenso que consigui\u00f3 por su capacidad e inteligencia en la empresa donde trabaja. En medio de esta celebraci\u00f3n va dejando fluir sus complejos y experiencias, y se ir\u00e1n develando los estragos que han ocasionado a lo largo de su vida el exceso del consumo de alcohol.<\/p>\n<p><a href=\"http:\/\/digital58.com.ve\/site\/wp-content\/uploads\/2017\/09\/elba-escobar-5.jpg\"><img loading=\"lazy\" decoding=\"async\" class=\"aligncenter wp-image-70615\" src=\"http:\/\/digital58.com.ve\/site\/wp-content\/uploads\/2017\/09\/elba-escobar-5.jpg\" alt=\"\" width=\"640\" height=\"410\" srcset=\"https:\/\/digital58.com.ve\/site\/wp-content\/uploads\/2017\/09\/elba-escobar-5.jpg 800w, https:\/\/digital58.com.ve\/site\/wp-content\/uploads\/2017\/09\/elba-escobar-5-300x192.jpg 300w, https:\/\/digital58.com.ve\/site\/wp-content\/uploads\/2017\/09\/elba-escobar-5-768x492.jpg 768w\" sizes=\"auto, (max-width: 640px) 100vw, 640px\" \/><\/a><\/p>\n<p>Elba Escobar es una primera actriz, cantante, escritora y locutora de gran trayectoria, una de las figuras m\u00e1s reconocidas y con mayor experiencia de la industria del entretenimiento en Venezuela.<\/p>\n<p>Esta admirada artista venezolana ha participado como actriz en m\u00e1s de 20 largometrajes, 30 telenovelas y m\u00e1s de 60 obras de teatro. Tambi\u00e9n ha formado parte de la puesta en marcha de proyectos art\u00edsticos de un sinf\u00edn de los m\u00e1s reconocidos directores de telenovelas y cineastas venezolanos.<\/p>\n<p>La pieza cuenta con la autor\u00eda y direcci\u00f3n de Enrique Salas, la producci\u00f3n est\u00e1 a cargo de Dar Arte Producciones, la nueva productora del gestor cultural venezolano Robert Chac\u00f3n y la talentosa actriz tambi\u00e9n venezolana Aileen Celeste en Espa\u00f1a.<\/p>\n<p><a href=\"http:\/\/digital58.com.ve\/site\/wp-content\/uploads\/2017\/09\/elba-escobar-2.jpg\"><img loading=\"lazy\" decoding=\"async\" class=\"aligncenter wp-image-70612\" src=\"http:\/\/digital58.com.ve\/site\/wp-content\/uploads\/2017\/09\/elba-escobar-2.jpg\" alt=\"\" width=\"640\" height=\"360\" srcset=\"https:\/\/digital58.com.ve\/site\/wp-content\/uploads\/2017\/09\/elba-escobar-2.jpg 800w, https:\/\/digital58.com.ve\/site\/wp-content\/uploads\/2017\/09\/elba-escobar-2-300x169.jpg 300w, https:\/\/digital58.com.ve\/site\/wp-content\/uploads\/2017\/09\/elba-escobar-2-768x432.jpg 768w\" sizes=\"auto, (max-width: 640px) 100vw, 640px\" \/><\/a><\/p>\n<p>\u00abYo s\u00ed soy arrecha\u00bb se presentar\u00e1 el viernes 15 de septiembre en el Teatro Amaya de la ciudad de Madrid a las 10:30 p.m. y el 16 de septiembre en la sala de teatro Eixample Teatre de la ciudad de Barcelona a las 10:00 p.m.<\/p>\n<p>Las entradas pueden adquirirse a trav\u00e9s de la p\u00e1gina <a href=\"https:\/\/www.ticketea.com\/entradas-teatro-elba-escobar-en-madrid-yo-si-soy-arrecha\/\" target=\"_blank\" rel=\"noopener\">www.ticketea.com<\/a> y en los puntos de venta de entradas f\u00edsicas en cada ciudad: Madrid en Antojos Araguaney Gourmet y La Despensa; Barcelona en el Restaurante El Rinc\u00f3n de La Abuela Venezolana.<\/p>\n<p>Toda la informaci\u00f3n referente a las presentaciones estar\u00e1 disponible en <a href=\"http:\/\/www.dararteproducciones.com\/\" target=\"_blank\" rel=\"noopener\">www.dararteproducciones.com<\/a>, en instagram y twitter: <a href=\"https:\/\/www.instagram.com\/darartepro\/\" target=\"_blank\" rel=\"noopener\">@darartepro<\/a>, y en facebook: <a href=\"https:\/\/www.facebook.com\/darartepro\/?ref=br_rs\" target=\"_blank\" rel=\"noopener\">Dar Arte Producciones<\/a>.<\/p>\n<p><strong>Redacci\u00f3n y fuente: Agencia<\/strong><br \/>\n<strong>Edici\u00f3n: <a href=\"https:\/\/www.instagram.com\/raquelsofiavera\/\" target=\"_blank\" rel=\"noopener\">Vera, Raquel<\/a><\/strong><br \/>\n<strong>Fotos: Google<\/strong><\/p>\n<p><a href=\"http:\/\/digital58.com.ve\/site\/wp-content\/uploads\/2017\/09\/elba-escobar-3.jpg\"><img loading=\"lazy\" decoding=\"async\" class=\"aligncenter size-full wp-image-70613\" src=\"http:\/\/digital58.com.ve\/site\/wp-content\/uploads\/2017\/09\/elba-escobar-3.jpg\" alt=\"\" width=\"600\" height=\"600\" srcset=\"https:\/\/digital58.com.ve\/site\/wp-content\/uploads\/2017\/09\/elba-escobar-3.jpg 600w, https:\/\/digital58.com.ve\/site\/wp-content\/uploads\/2017\/09\/elba-escobar-3-150x150.jpg 150w, https:\/\/digital58.com.ve\/site\/wp-content\/uploads\/2017\/09\/elba-escobar-3-300x300.jpg 300w\" sizes=\"auto, (max-width: 600px) 100vw, 600px\" \/><\/a><\/p><div class=\"calwq69f47f906c2cf\" ><p style=\"text-align: center;\"><a href=\"https:\/\/t.me\/noticiasdigital58\" target=\"_blank\" rel=\"noopener\"><img class=\"aligncenter size-full wp-image-125363\" src=\"https:\/\/digital58.com.ve\/site\/wp-content\/uploads\/2021\/04\/banner-telegram-web-2021.png\" alt=\"\" width=\"600\" height=\"90\" \/><\/a><\/p><\/div><style type=\"text\/css\">\r\n@media screen and (min-width: 1201px) {\r\n.calwq69f47f906c2cf {\r\ndisplay: block;\r\n}\r\n}\r\n@media screen and (min-width: 993px) and (max-width: 1200px) {\r\n.calwq69f47f906c2cf {\r\ndisplay: block;\r\n}\r\n}\r\n@media screen and (min-width: 769px) and (max-width: 992px) {\r\n.calwq69f47f906c2cf {\r\ndisplay: block;\r\n}\r\n}\r\n@media screen and (min-width: 768px) and (max-width: 768px) {\r\n.calwq69f47f906c2cf {\r\ndisplay: block;\r\n}\r\n}\r\n@media screen and (max-width: 767px) {\r\n.calwq69f47f906c2cf {\r\ndisplay: block;\r\n}\r\n}\r\n<\/style>\r\n\n<p><a href=\"http:\/\/digital58.com.ve\/site\/wp-content\/uploads\/2017\/09\/elba-escobar-4.jpg\"><img loading=\"lazy\" decoding=\"async\" class=\"aligncenter wp-image-70614\" src=\"http:\/\/digital58.com.ve\/site\/wp-content\/uploads\/2017\/09\/elba-escobar-4.jpg\" alt=\"\" width=\"640\" height=\"350\" srcset=\"https:\/\/digital58.com.ve\/site\/wp-content\/uploads\/2017\/09\/elba-escobar-4.jpg 800w, https:\/\/digital58.com.ve\/site\/wp-content\/uploads\/2017\/09\/elba-escobar-4-300x164.jpg 300w, https:\/\/digital58.com.ve\/site\/wp-content\/uploads\/2017\/09\/elba-escobar-4-768x420.jpg 768w\" sizes=\"auto, (max-width: 640px) 100vw, 640px\" \/><\/a><\/p>\n<div style=\"margin-top: 0px; margin-bottom: 0px;\" class=\"sharethis-inline-share-buttons\" ><\/div>","protected":false},"excerpt":{"rendered":"<p>La primera actriz venezolana, Elba Escobar, llegar\u00e1 por primera vez a escenarios europeos este 15 y 16 de septiembre para<\/p>\n","protected":false},"author":1,"featured_media":70615,"comment_status":"open","ping_status":"closed","sticky":false,"template":"","format":"standard","meta":{"colormag_page_container_layout":"default_layout","colormag_page_sidebar_layout":"default_layout","_uag_custom_page_level_css":"","footnotes":""},"categories":[5401],"tags":[1517,9343,5419,115,8,5863,697,9341,96,9342,135,32],"class_list":["post-70610","post","type-post","status-publish","format-standard","has-post-thumbnail","hentry","category-artes","tag-barcelona","tag-eixample-teatre","tag-elba-escobar","tag-espana","tag-internacionales","tag-madrid","tag-monologos","tag-primera-actriz","tag-teatro","tag-teatro-amaya","tag-venezolanos-en-el-exterior","tag-venezuela"],"yoast_head":"<!-- This site is optimized with the Yoast SEO plugin v27.5 - https:\/\/yoast.com\/product\/yoast-seo-wordpress\/ -->\n<title>Elba Escobar llevar\u00e1 su mon\u00f3logo a Espa\u00f1a<\/title>\n<meta name=\"robots\" content=\"index, follow, max-snippet:-1, max-image-preview:large, max-video-preview:-1\" \/>\n<link rel=\"canonical\" href=\"https:\/\/digital58.com.ve\/site\/2017\/09\/11\/elba-escobar-llevara-su-monologo-a-espana\/\" \/>\n<meta property=\"og:locale\" content=\"es_ES\" \/>\n<meta property=\"og:type\" content=\"article\" \/>\n<meta property=\"og:title\" content=\"Elba Escobar llevar\u00e1 su mon\u00f3logo a Espa\u00f1a\" \/>\n<meta property=\"og:url\" content=\"https:\/\/digital58.com.ve\/site\/2017\/09\/11\/elba-escobar-llevara-su-monologo-a-espana\/\" \/>\n<meta property=\"og:site_name\" content=\"Noticias Digital58\" \/>\n<meta property=\"article:published_time\" content=\"2017-09-12T00:37:11+00:00\" \/>\n<meta property=\"og:image\" content=\"https:\/\/digital58.com.ve\/site\/wp-content\/uploads\/2017\/09\/elba-escobar-5.jpg\" \/>\n\t<meta property=\"og:image:width\" content=\"1200\" \/>\n\t<meta property=\"og:image:height\" content=\"769\" \/>\n\t<meta property=\"og:image:type\" content=\"image\/jpeg\" \/>\n<meta name=\"author\" content=\"Villasmil Henry\" \/>\n<meta name=\"twitter:card\" content=\"summary_large_image\" \/>\n<meta name=\"twitter:creator\" content=\"@https:\/\/twitter.com\/villasmilhfoto\" \/>\n<meta name=\"twitter:site\" content=\"@villasmilhfoto\" \/>\n<meta name=\"twitter:label1\" content=\"Escrito por\" \/>\n\t<meta name=\"twitter:data1\" content=\"Villasmil Henry\" \/>\n\t<meta name=\"twitter:label2\" content=\"Tiempo estimado de lectura\" \/>\n\t<meta name=\"twitter:data2\" content=\"2 minutos\" \/>\n<script type=\"application\/ld+json\" class=\"yoast-schema-graph\">{\"@context\":\"https:\\\/\\\/schema.org\",\"@graph\":[{\"@type\":\"Article\",\"@id\":\"https:\\\/\\\/digital58.com.ve\\\/site\\\/2017\\\/09\\\/11\\\/elba-escobar-llevara-su-monologo-a-espana\\\/#article\",\"isPartOf\":{\"@id\":\"https:\\\/\\\/digital58.com.ve\\\/site\\\/2017\\\/09\\\/11\\\/elba-escobar-llevara-su-monologo-a-espana\\\/\"},\"author\":{\"name\":\"Villasmil Henry\",\"@id\":\"https:\\\/\\\/digital58.com.ve\\\/site\\\/#\\\/schema\\\/person\\\/64d1c2e4d0d4fd1b849980c4331c2951\"},\"headline\":\"Elba Escobar llevar\u00e1 su mon\u00f3logo a Espa\u00f1a\",\"datePublished\":\"2017-09-12T00:37:11+00:00\",\"mainEntityOfPage\":{\"@id\":\"https:\\\/\\\/digital58.com.ve\\\/site\\\/2017\\\/09\\\/11\\\/elba-escobar-llevara-su-monologo-a-espana\\\/\"},\"wordCount\":362,\"commentCount\":0,\"publisher\":{\"@id\":\"https:\\\/\\\/digital58.com.ve\\\/site\\\/#\\\/schema\\\/person\\\/64d1c2e4d0d4fd1b849980c4331c2951\"},\"image\":{\"@id\":\"https:\\\/\\\/digital58.com.ve\\\/site\\\/2017\\\/09\\\/11\\\/elba-escobar-llevara-su-monologo-a-espana\\\/#primaryimage\"},\"thumbnailUrl\":\"https:\\\/\\\/digital58.com.ve\\\/site\\\/wp-content\\\/uploads\\\/2017\\\/09\\\/elba-escobar-5.jpg\",\"keywords\":[\"Barcelona\",\"Eixample Teatre\",\"Elba Escobar\",\"Espa\u00f1a\",\"Internacionales\",\"Madrid\",\"Mon\u00f3logos\",\"Primera Actriz\",\"Teatro\",\"Teatro Amaya\",\"Venezolanos en el exterior\",\"Venezuela\"],\"articleSection\":[\"Artes\"],\"inLanguage\":\"es\",\"potentialAction\":[{\"@type\":\"CommentAction\",\"name\":\"Comment\",\"target\":[\"https:\\\/\\\/digital58.com.ve\\\/site\\\/2017\\\/09\\\/11\\\/elba-escobar-llevara-su-monologo-a-espana\\\/#respond\"]}]},{\"@type\":\"WebPage\",\"@id\":\"https:\\\/\\\/digital58.com.ve\\\/site\\\/2017\\\/09\\\/11\\\/elba-escobar-llevara-su-monologo-a-espana\\\/\",\"url\":\"https:\\\/\\\/digital58.com.ve\\\/site\\\/2017\\\/09\\\/11\\\/elba-escobar-llevara-su-monologo-a-espana\\\/\",\"name\":\"Elba Escobar llevar\u00e1 su mon\u00f3logo a Espa\u00f1a\",\"isPartOf\":{\"@id\":\"https:\\\/\\\/digital58.com.ve\\\/site\\\/#website\"},\"primaryImageOfPage\":{\"@id\":\"https:\\\/\\\/digital58.com.ve\\\/site\\\/2017\\\/09\\\/11\\\/elba-escobar-llevara-su-monologo-a-espana\\\/#primaryimage\"},\"image\":{\"@id\":\"https:\\\/\\\/digital58.com.ve\\\/site\\\/2017\\\/09\\\/11\\\/elba-escobar-llevara-su-monologo-a-espana\\\/#primaryimage\"},\"thumbnailUrl\":\"https:\\\/\\\/digital58.com.ve\\\/site\\\/wp-content\\\/uploads\\\/2017\\\/09\\\/elba-escobar-5.jpg\",\"datePublished\":\"2017-09-12T00:37:11+00:00\",\"breadcrumb\":{\"@id\":\"https:\\\/\\\/digital58.com.ve\\\/site\\\/2017\\\/09\\\/11\\\/elba-escobar-llevara-su-monologo-a-espana\\\/#breadcrumb\"},\"inLanguage\":\"es\",\"potentialAction\":[{\"@type\":\"ReadAction\",\"target\":[\"https:\\\/\\\/digital58.com.ve\\\/site\\\/2017\\\/09\\\/11\\\/elba-escobar-llevara-su-monologo-a-espana\\\/\"]}]},{\"@type\":\"ImageObject\",\"inLanguage\":\"es\",\"@id\":\"https:\\\/\\\/digital58.com.ve\\\/site\\\/2017\\\/09\\\/11\\\/elba-escobar-llevara-su-monologo-a-espana\\\/#primaryimage\",\"url\":\"https:\\\/\\\/digital58.com.ve\\\/site\\\/wp-content\\\/uploads\\\/2017\\\/09\\\/elba-escobar-5.jpg\",\"contentUrl\":\"https:\\\/\\\/digital58.com.ve\\\/site\\\/wp-content\\\/uploads\\\/2017\\\/09\\\/elba-escobar-5.jpg\",\"width\":800,\"height\":513},{\"@type\":\"BreadcrumbList\",\"@id\":\"https:\\\/\\\/digital58.com.ve\\\/site\\\/2017\\\/09\\\/11\\\/elba-escobar-llevara-su-monologo-a-espana\\\/#breadcrumb\",\"itemListElement\":[{\"@type\":\"ListItem\",\"position\":1,\"name\":\"Home\",\"item\":\"https:\\\/\\\/digital58.com.ve\\\/site\\\/\"},{\"@type\":\"ListItem\",\"position\":2,\"name\":\"Elba Escobar llevar\u00e1 su mon\u00f3logo a Espa\u00f1a\"}]},{\"@type\":\"WebSite\",\"@id\":\"https:\\\/\\\/digital58.com.ve\\\/site\\\/#website\",\"url\":\"https:\\\/\\\/digital58.com.ve\\\/site\\\/\",\"name\":\"Noticias Digital58\",\"description\":\"Portal de Noticias \u00a1Periodismo web de verdad! Lanzamiento web 22.11.2005 \\\/ Maracaibo, Venezuela\",\"publisher\":{\"@id\":\"https:\\\/\\\/digital58.com.ve\\\/site\\\/#\\\/schema\\\/person\\\/64d1c2e4d0d4fd1b849980c4331c2951\"},\"alternateName\":\"ND58\",\"potentialAction\":[{\"@type\":\"SearchAction\",\"target\":{\"@type\":\"EntryPoint\",\"urlTemplate\":\"https:\\\/\\\/digital58.com.ve\\\/site\\\/?s={search_term_string}\"},\"query-input\":{\"@type\":\"PropertyValueSpecification\",\"valueRequired\":true,\"valueName\":\"search_term_string\"}}],\"inLanguage\":\"es\"},{\"@type\":[\"Person\",\"Organization\"],\"@id\":\"https:\\\/\\\/digital58.com.ve\\\/site\\\/#\\\/schema\\\/person\\\/64d1c2e4d0d4fd1b849980c4331c2951\",\"name\":\"Villasmil Henry\",\"image\":{\"@type\":\"ImageObject\",\"inLanguage\":\"es\",\"@id\":\"https:\\\/\\\/secure.gravatar.com\\\/avatar\\\/bb0c4a2fcb7970138239f7e404ea75757b1b507b28b5ce4c53fbd62d797c5a7c?s=96&d=mm&r=g\",\"url\":\"https:\\\/\\\/secure.gravatar.com\\\/avatar\\\/bb0c4a2fcb7970138239f7e404ea75757b1b507b28b5ce4c53fbd62d797c5a7c?s=96&d=mm&r=g\",\"contentUrl\":\"https:\\\/\\\/secure.gravatar.com\\\/avatar\\\/bb0c4a2fcb7970138239f7e404ea75757b1b507b28b5ce4c53fbd62d797c5a7c?s=96&d=mm&r=g\",\"caption\":\"Villasmil Henry\"},\"logo\":{\"@id\":\"https:\\\/\\\/secure.gravatar.com\\\/avatar\\\/bb0c4a2fcb7970138239f7e404ea75757b1b507b28b5ce4c53fbd62d797c5a7c?s=96&d=mm&r=g\"},\"sameAs\":[\"http:\\\/\\\/www.henryvillasmil.com.ve\",\"https:\\\/\\\/www.instagram.com\\\/villasmilhfoto\\\/\",\"https:\\\/\\\/x.com\\\/https:\\\/\\\/twitter.com\\\/villasmilhfoto\"],\"url\":\"https:\\\/\\\/digital58.com.ve\\\/site\\\/author\\\/droopy_68\\\/\"}]}<\/script>\n<!-- \/ Yoast SEO plugin. -->","yoast_head_json":{"title":"Elba Escobar llevar\u00e1 su mon\u00f3logo a Espa\u00f1a","robots":{"index":"index","follow":"follow","max-snippet":"max-snippet:-1","max-image-preview":"max-image-preview:large","max-video-preview":"max-video-preview:-1"},"canonical":"https:\/\/digital58.com.ve\/site\/2017\/09\/11\/elba-escobar-llevara-su-monologo-a-espana\/","og_locale":"es_ES","og_type":"article","og_title":"Elba Escobar llevar\u00e1 su mon\u00f3logo a Espa\u00f1a","og_url":"https:\/\/digital58.com.ve\/site\/2017\/09\/11\/elba-escobar-llevara-su-monologo-a-espana\/","og_site_name":"Noticias Digital58","article_published_time":"2017-09-12T00:37:11+00:00","og_image":[{"width":1200,"height":769,"url":"https:\/\/digital58.com.ve\/site\/wp-content\/uploads\/2017\/09\/elba-escobar-5.jpg","type":"image\/jpeg"}],"author":"Villasmil Henry","twitter_card":"summary_large_image","twitter_creator":"@https:\/\/twitter.com\/villasmilhfoto","twitter_site":"@villasmilhfoto","twitter_misc":{"Escrito por":"Villasmil Henry","Tiempo estimado de lectura":"2 minutos"},"schema":{"@context":"https:\/\/schema.org","@graph":[{"@type":"Article","@id":"https:\/\/digital58.com.ve\/site\/2017\/09\/11\/elba-escobar-llevara-su-monologo-a-espana\/#article","isPartOf":{"@id":"https:\/\/digital58.com.ve\/site\/2017\/09\/11\/elba-escobar-llevara-su-monologo-a-espana\/"},"author":{"name":"Villasmil Henry","@id":"https:\/\/digital58.com.ve\/site\/#\/schema\/person\/64d1c2e4d0d4fd1b849980c4331c2951"},"headline":"Elba Escobar llevar\u00e1 su mon\u00f3logo a Espa\u00f1a","datePublished":"2017-09-12T00:37:11+00:00","mainEntityOfPage":{"@id":"https:\/\/digital58.com.ve\/site\/2017\/09\/11\/elba-escobar-llevara-su-monologo-a-espana\/"},"wordCount":362,"commentCount":0,"publisher":{"@id":"https:\/\/digital58.com.ve\/site\/#\/schema\/person\/64d1c2e4d0d4fd1b849980c4331c2951"},"image":{"@id":"https:\/\/digital58.com.ve\/site\/2017\/09\/11\/elba-escobar-llevara-su-monologo-a-espana\/#primaryimage"},"thumbnailUrl":"https:\/\/digital58.com.ve\/site\/wp-content\/uploads\/2017\/09\/elba-escobar-5.jpg","keywords":["Barcelona","Eixample Teatre","Elba Escobar","Espa\u00f1a","Internacionales","Madrid","Mon\u00f3logos","Primera Actriz","Teatro","Teatro Amaya","Venezolanos en el exterior","Venezuela"],"articleSection":["Artes"],"inLanguage":"es","potentialAction":[{"@type":"CommentAction","name":"Comment","target":["https:\/\/digital58.com.ve\/site\/2017\/09\/11\/elba-escobar-llevara-su-monologo-a-espana\/#respond"]}]},{"@type":"WebPage","@id":"https:\/\/digital58.com.ve\/site\/2017\/09\/11\/elba-escobar-llevara-su-monologo-a-espana\/","url":"https:\/\/digital58.com.ve\/site\/2017\/09\/11\/elba-escobar-llevara-su-monologo-a-espana\/","name":"Elba Escobar llevar\u00e1 su mon\u00f3logo a Espa\u00f1a","isPartOf":{"@id":"https:\/\/digital58.com.ve\/site\/#website"},"primaryImageOfPage":{"@id":"https:\/\/digital58.com.ve\/site\/2017\/09\/11\/elba-escobar-llevara-su-monologo-a-espana\/#primaryimage"},"image":{"@id":"https:\/\/digital58.com.ve\/site\/2017\/09\/11\/elba-escobar-llevara-su-monologo-a-espana\/#primaryimage"},"thumbnailUrl":"https:\/\/digital58.com.ve\/site\/wp-content\/uploads\/2017\/09\/elba-escobar-5.jpg","datePublished":"2017-09-12T00:37:11+00:00","breadcrumb":{"@id":"https:\/\/digital58.com.ve\/site\/2017\/09\/11\/elba-escobar-llevara-su-monologo-a-espana\/#breadcrumb"},"inLanguage":"es","potentialAction":[{"@type":"ReadAction","target":["https:\/\/digital58.com.ve\/site\/2017\/09\/11\/elba-escobar-llevara-su-monologo-a-espana\/"]}]},{"@type":"ImageObject","inLanguage":"es","@id":"https:\/\/digital58.com.ve\/site\/2017\/09\/11\/elba-escobar-llevara-su-monologo-a-espana\/#primaryimage","url":"https:\/\/digital58.com.ve\/site\/wp-content\/uploads\/2017\/09\/elba-escobar-5.jpg","contentUrl":"https:\/\/digital58.com.ve\/site\/wp-content\/uploads\/2017\/09\/elba-escobar-5.jpg","width":800,"height":513},{"@type":"BreadcrumbList","@id":"https:\/\/digital58.com.ve\/site\/2017\/09\/11\/elba-escobar-llevara-su-monologo-a-espana\/#breadcrumb","itemListElement":[{"@type":"ListItem","position":1,"name":"Home","item":"https:\/\/digital58.com.ve\/site\/"},{"@type":"ListItem","position":2,"name":"Elba Escobar llevar\u00e1 su mon\u00f3logo a Espa\u00f1a"}]},{"@type":"WebSite","@id":"https:\/\/digital58.com.ve\/site\/#website","url":"https:\/\/digital58.com.ve\/site\/","name":"Noticias Digital58","description":"Portal de Noticias \u00a1Periodismo web de verdad! Lanzamiento web 22.11.2005 \/ Maracaibo, Venezuela","publisher":{"@id":"https:\/\/digital58.com.ve\/site\/#\/schema\/person\/64d1c2e4d0d4fd1b849980c4331c2951"},"alternateName":"ND58","potentialAction":[{"@type":"SearchAction","target":{"@type":"EntryPoint","urlTemplate":"https:\/\/digital58.com.ve\/site\/?s={search_term_string}"},"query-input":{"@type":"PropertyValueSpecification","valueRequired":true,"valueName":"search_term_string"}}],"inLanguage":"es"},{"@type":["Person","Organization"],"@id":"https:\/\/digital58.com.ve\/site\/#\/schema\/person\/64d1c2e4d0d4fd1b849980c4331c2951","name":"Villasmil Henry","image":{"@type":"ImageObject","inLanguage":"es","@id":"https:\/\/secure.gravatar.com\/avatar\/bb0c4a2fcb7970138239f7e404ea75757b1b507b28b5ce4c53fbd62d797c5a7c?s=96&d=mm&r=g","url":"https:\/\/secure.gravatar.com\/avatar\/bb0c4a2fcb7970138239f7e404ea75757b1b507b28b5ce4c53fbd62d797c5a7c?s=96&d=mm&r=g","contentUrl":"https:\/\/secure.gravatar.com\/avatar\/bb0c4a2fcb7970138239f7e404ea75757b1b507b28b5ce4c53fbd62d797c5a7c?s=96&d=mm&r=g","caption":"Villasmil Henry"},"logo":{"@id":"https:\/\/secure.gravatar.com\/avatar\/bb0c4a2fcb7970138239f7e404ea75757b1b507b28b5ce4c53fbd62d797c5a7c?s=96&d=mm&r=g"},"sameAs":["http:\/\/www.henryvillasmil.com.ve","https:\/\/www.instagram.com\/villasmilhfoto\/","https:\/\/x.com\/https:\/\/twitter.com\/villasmilhfoto"],"url":"https:\/\/digital58.com.ve\/site\/author\/droopy_68\/"}]}},"uagb_featured_image_src":{"full":["https:\/\/digital58.com.ve\/site\/wp-content\/uploads\/2017\/09\/elba-escobar-5.jpg",800,513,false],"thumbnail":["https:\/\/digital58.com.ve\/site\/wp-content\/uploads\/2017\/09\/elba-escobar-5-150x150.jpg",150,150,true],"medium":["https:\/\/digital58.com.ve\/site\/wp-content\/uploads\/2017\/09\/elba-escobar-5-300x192.jpg",300,192,true],"medium_large":["https:\/\/digital58.com.ve\/site\/wp-content\/uploads\/2017\/09\/elba-escobar-5-768x492.jpg",768,492,true],"large":["https:\/\/digital58.com.ve\/site\/wp-content\/uploads\/2017\/09\/elba-escobar-5.jpg",800,513,false],"1536x1536":["https:\/\/digital58.com.ve\/site\/wp-content\/uploads\/2017\/09\/elba-escobar-5.jpg",800,513,false],"2048x2048":["https:\/\/digital58.com.ve\/site\/wp-content\/uploads\/2017\/09\/elba-escobar-5.jpg",800,513,false],"colormag-highlighted-post":["https:\/\/digital58.com.ve\/site\/wp-content\/uploads\/2017\/09\/elba-escobar-5.jpg",392,251,false],"colormag-featured-post-medium":["https:\/\/digital58.com.ve\/site\/wp-content\/uploads\/2017\/09\/elba-escobar-5.jpg",320,205,false],"colormag-featured-post-small":["https:\/\/digital58.com.ve\/site\/wp-content\/uploads\/2017\/09\/elba-escobar-5.jpg",130,83,false],"colormag-featured-image":["https:\/\/digital58.com.ve\/site\/wp-content\/uploads\/2017\/09\/elba-escobar-5.jpg",694,445,false],"colormag-default-news":["https:\/\/digital58.com.ve\/site\/wp-content\/uploads\/2017\/09\/elba-escobar-5.jpg",150,96,false],"colormag-featured-image-large":["https:\/\/digital58.com.ve\/site\/wp-content\/uploads\/2017\/09\/elba-escobar-5.jpg",800,513,false]},"uagb_author_info":{"display_name":"Villasmil Henry","author_link":"https:\/\/digital58.com.ve\/site\/author\/droopy_68\/"},"uagb_comment_info":0,"uagb_excerpt":"La primera actriz venezolana, Elba Escobar, llegar\u00e1 por primera vez a escenarios europeos este 15 y 16 de septiembre para","_links":{"self":[{"href":"https:\/\/digital58.com.ve\/site\/wp-json\/wp\/v2\/posts\/70610","targetHints":{"allow":["GET"]}}],"collection":[{"href":"https:\/\/digital58.com.ve\/site\/wp-json\/wp\/v2\/posts"}],"about":[{"href":"https:\/\/digital58.com.ve\/site\/wp-json\/wp\/v2\/types\/post"}],"author":[{"embeddable":true,"href":"https:\/\/digital58.com.ve\/site\/wp-json\/wp\/v2\/users\/1"}],"replies":[{"embeddable":true,"href":"https:\/\/digital58.com.ve\/site\/wp-json\/wp\/v2\/comments?post=70610"}],"version-history":[{"count":0,"href":"https:\/\/digital58.com.ve\/site\/wp-json\/wp\/v2\/posts\/70610\/revisions"}],"wp:featuredmedia":[{"embeddable":true,"href":"https:\/\/digital58.com.ve\/site\/wp-json\/wp\/v2\/media\/70615"}],"wp:attachment":[{"href":"https:\/\/digital58.com.ve\/site\/wp-json\/wp\/v2\/media?parent=70610"}],"wp:term":[{"taxonomy":"category","embeddable":true,"href":"https:\/\/digital58.com.ve\/site\/wp-json\/wp\/v2\/categories?post=70610"},{"taxonomy":"post_tag","embeddable":true,"href":"https:\/\/digital58.com.ve\/site\/wp-json\/wp\/v2\/tags?post=70610"}],"curies":[{"name":"wp","href":"https:\/\/api.w.org\/{rel}","templated":true}]}}