{"id":70631,"date":"2017-09-12T20:01:59","date_gmt":"2017-09-13T00:01:59","guid":{"rendered":"http:\/\/digital58.com.ve\/site\/?p=70631"},"modified":"2017-09-12T20:01:59","modified_gmt":"2017-09-13T00:01:59","slug":"retrasan-fecha-de-estreno-para-guerra-de-las-galaxias-episodio-ix","status":"publish","type":"post","link":"https:\/\/digital58.com.ve\/site\/2017\/09\/12\/retrasan-fecha-de-estreno-para-guerra-de-las-galaxias-episodio-ix\/","title":{"rendered":"Retrasan fecha de estreno para \u00abGuerra de las Galaxias: Episodio IX\u00bb"},"content":{"rendered":"<p><a href=\"http:\/\/digital58.com.ve\/site\/wp-content\/uploads\/2017\/09\/star-wars-2.jpg\"><img loading=\"lazy\" decoding=\"async\" class=\"aligncenter size-large wp-image-70633\" src=\"http:\/\/digital58.com.ve\/site\/wp-content\/uploads\/2017\/09\/star-wars-2-1500x997.jpg\" alt=\"\" width=\"640\" height=\"425\" srcset=\"https:\/\/digital58.com.ve\/site\/wp-content\/uploads\/2017\/09\/star-wars-2-1500x997.jpg 1500w, https:\/\/digital58.com.ve\/site\/wp-content\/uploads\/2017\/09\/star-wars-2-300x199.jpg 300w, https:\/\/digital58.com.ve\/site\/wp-content\/uploads\/2017\/09\/star-wars-2-768x511.jpg 768w, https:\/\/digital58.com.ve\/site\/wp-content\/uploads\/2017\/09\/star-wars-2-480x320.jpg 480w, https:\/\/digital58.com.ve\/site\/wp-content\/uploads\/2017\/09\/star-wars-2.jpg 800w\" sizes=\"auto, (max-width: 640px) 100vw, 640px\" \/><\/a><\/p>\n<p>El final de la nueva trilog\u00eda de \u00abLa Guerra de las Galaxias\u00bb, el cual se estrenaba el 24 de mayo de 2019, ha sufrido importantes cambios en esta \u00faltima semana, como lo es el abandono de Colin Trevorrow de la silla de director, ahora, como informa CB, se ha retrasado la fecha de publicaci\u00f3n para el 20 de diciembre de 2019.<\/p>\n<p><strong>California, USA, 12 de septiembre de 2017 (D58).-<\/strong> Luego de la despedida de Colin Trevorrow como director de la pel\u00edcula, Lucasfilm tuvo que buscar r\u00e1pidamente un sustituto y ha encontrada a J.J. Abrams, quien se colocar\u00e1 detr\u00e1s de las c\u00e1maras para llevar a la gran pantalla el desenlace de la nueva trilog\u00eda de \u00abLa Guerra de las Galaxias\u00bb.<\/p>\n<p>El realizador co-escribir\u00e1 el guion de la pel\u00edcula con un nuevo fichaje: el de Chris Terrio, quien reemplaza en esa labor a Jack Thorne.<\/p>\n<p><a href=\"http:\/\/digital58.com.ve\/site\/wp-content\/uploads\/2017\/09\/star-wars-1.jpg\"><img loading=\"lazy\" decoding=\"async\" class=\"aligncenter size-large wp-image-70632\" src=\"http:\/\/digital58.com.ve\/site\/wp-content\/uploads\/2017\/09\/star-wars-1-1500x844.jpg\" alt=\"\" width=\"640\" height=\"360\" srcset=\"https:\/\/digital58.com.ve\/site\/wp-content\/uploads\/2017\/09\/star-wars-1-1500x844.jpg 1500w, https:\/\/digital58.com.ve\/site\/wp-content\/uploads\/2017\/09\/star-wars-1-300x169.jpg 300w, https:\/\/digital58.com.ve\/site\/wp-content\/uploads\/2017\/09\/star-wars-1-768x432.jpg 768w, https:\/\/digital58.com.ve\/site\/wp-content\/uploads\/2017\/09\/star-wars-1.jpg 800w\" sizes=\"auto, (max-width: 640px) 100vw, 640px\" \/><\/a><\/p>\n<p>Estos han sido alguno de los cambios que se han suscitado sobre la filmaci\u00f3n de esta nueva entrega, la \u00faltima es que el estreno de esta cinta fue retrasado. En un principio, la pel\u00edcula iba a llegar a las salas de cine el 24 de mayo de 2019, pero ahora lo har\u00e1 el 20 de diciembre de 2019.<\/p>\n<p>De esta forma, las tres entregas de la nueva trilog\u00eda de \u00abLa Guerra de las Galaxias\u00bb se estrenar\u00e1n en el mismo mes: \u00abEl despertar de la Fuerza\u00bb lo hizo el 18 de diciembre de 2015 y \u00abLos \u00faltimos Jedi\u00bb lo har\u00e1 el 15 de diciembre de este a\u00f1o. Adem\u00e1s, la serie derivada de \u00abRogue One: Una historia de Star Wars\u00bb tambi\u00e9n aterriz\u00f3 en las salidas de cine en diciembre, el d\u00eda 15 del a\u00f1o 2016.<\/p>\n<p>\u00bfSufrir\u00e1 el \u00abEpisodio IX\u00bb nuevos cambios? Ahora, los seguidores de \u00abLa Guerra de las Galaxias\u00bb tienen que prepararse para continuar la historia de la franquicia con el \u00abEpisodio VIII\u00bb titulado \u00abLos \u00faltimos Jedi\u00bb.<\/p><div class=\"wyaeo69ef8eeeca851\" ><p style=\"text-align: center;\"><a href=\"https:\/\/t.me\/noticiasdigital58\" target=\"_blank\" rel=\"noopener\"><img class=\"aligncenter size-full wp-image-125363\" src=\"https:\/\/digital58.com.ve\/site\/wp-content\/uploads\/2021\/04\/banner-telegram-web-2021.png\" alt=\"\" width=\"600\" height=\"90\" \/><\/a><\/p><\/div><style type=\"text\/css\">\r\n@media screen and (min-width: 1201px) {\r\n.wyaeo69ef8eeeca851 {\r\ndisplay: block;\r\n}\r\n}\r\n@media screen and (min-width: 993px) and (max-width: 1200px) {\r\n.wyaeo69ef8eeeca851 {\r\ndisplay: block;\r\n}\r\n}\r\n@media screen and (min-width: 769px) and (max-width: 992px) {\r\n.wyaeo69ef8eeeca851 {\r\ndisplay: block;\r\n}\r\n}\r\n@media screen and (min-width: 768px) and (max-width: 768px) {\r\n.wyaeo69ef8eeeca851 {\r\ndisplay: block;\r\n}\r\n}\r\n@media screen and (max-width: 767px) {\r\n.wyaeo69ef8eeeca851 {\r\ndisplay: block;\r\n}\r\n}\r\n<\/style>\r\n\n<p><strong>Redacci\u00f3n y fuente: Agencia<\/strong><br \/>\n<strong>Edici\u00f3n: <a href=\"https:\/\/www.instagram.com\/raquelsofiavera\/\" target=\"_blank\" rel=\"noopener\">Vera, Raquel<\/a><\/strong><br \/>\n<strong>Fotos: Google<\/strong><\/p>\n<div style=\"margin-top: 0px; margin-bottom: 0px;\" class=\"sharethis-inline-share-buttons\" ><\/div>","protected":false},"excerpt":{"rendered":"<p>El final de la nueva trilog\u00eda de \u00abLa Guerra de las Galaxias\u00bb, el cual se estrenaba el 24 de mayo<\/p>\n","protected":false},"author":1,"featured_media":70632,"comment_status":"open","ping_status":"closed","sticky":false,"template":"","format":"standard","meta":{"colormag_page_container_layout":"default_layout","colormag_page_sidebar_layout":"default_layout","_uag_custom_page_level_css":"","footnotes":""},"categories":[1],"tags":[8566,46,50,51,6954,8,7453,72,9349,7588],"class_list":["post-70631","post","type-post","status-publish","format-standard","has-post-thumbnail","hentry","category-fama","tag-cambios","tag-cine","tag-entretenimiento","tag-estrenos","tag-guerra-de-las-galaxias","tag-internacionales","tag-lucasfilm","tag-peliculas","tag-retraso","tag-sagas"],"yoast_head":"<!-- This site is optimized with the Yoast SEO plugin v27.4 - https:\/\/yoast.com\/product\/yoast-seo-wordpress\/ -->\n<title>Retrasan fecha de estreno para \u00abGuerra de las Galaxias: Episodio IX\u00bb<\/title>\n<meta name=\"robots\" content=\"index, follow, max-snippet:-1, max-image-preview:large, max-video-preview:-1\" \/>\n<link rel=\"canonical\" href=\"https:\/\/digital58.com.ve\/site\/2017\/09\/12\/retrasan-fecha-de-estreno-para-guerra-de-las-galaxias-episodio-ix\/\" \/>\n<meta property=\"og:locale\" content=\"es_ES\" \/>\n<meta property=\"og:type\" content=\"article\" \/>\n<meta property=\"og:title\" content=\"Retrasan fecha de estreno para \u00abGuerra de las Galaxias: Episodio IX\u00bb\" \/>\n<meta property=\"og:url\" content=\"https:\/\/digital58.com.ve\/site\/2017\/09\/12\/retrasan-fecha-de-estreno-para-guerra-de-las-galaxias-episodio-ix\/\" \/>\n<meta property=\"og:site_name\" content=\"Noticias Digital58\" \/>\n<meta property=\"article:published_time\" content=\"2017-09-13T00:01:59+00:00\" \/>\n<meta property=\"og:image\" content=\"https:\/\/digital58.com.ve\/site\/wp-content\/uploads\/2017\/09\/star-wars-1.jpg\" \/>\n\t<meta property=\"og:image:width\" content=\"1778\" \/>\n\t<meta property=\"og:image:height\" content=\"1000\" \/>\n\t<meta property=\"og:image:type\" content=\"image\/jpeg\" \/>\n<meta name=\"author\" content=\"Villasmil Henry\" \/>\n<meta name=\"twitter:card\" content=\"summary_large_image\" \/>\n<meta name=\"twitter:creator\" content=\"@https:\/\/twitter.com\/villasmilhfoto\" \/>\n<meta name=\"twitter:site\" content=\"@villasmilhfoto\" \/>\n<meta name=\"twitter:label1\" content=\"Escrito por\" \/>\n\t<meta name=\"twitter:data1\" content=\"Villasmil Henry\" \/>\n\t<meta name=\"twitter:label2\" content=\"Tiempo estimado de lectura\" \/>\n\t<meta name=\"twitter:data2\" content=\"2 minutos\" \/>\n<script type=\"application\/ld+json\" class=\"yoast-schema-graph\">{\"@context\":\"https:\\\/\\\/schema.org\",\"@graph\":[{\"@type\":\"Article\",\"@id\":\"https:\\\/\\\/digital58.com.ve\\\/site\\\/2017\\\/09\\\/12\\\/retrasan-fecha-de-estreno-para-guerra-de-las-galaxias-episodio-ix\\\/#article\",\"isPartOf\":{\"@id\":\"https:\\\/\\\/digital58.com.ve\\\/site\\\/2017\\\/09\\\/12\\\/retrasan-fecha-de-estreno-para-guerra-de-las-galaxias-episodio-ix\\\/\"},\"author\":{\"name\":\"Villasmil Henry\",\"@id\":\"https:\\\/\\\/digital58.com.ve\\\/site\\\/#\\\/schema\\\/person\\\/64d1c2e4d0d4fd1b849980c4331c2951\"},\"headline\":\"Retrasan fecha de estreno para \u00abGuerra de las Galaxias: Episodio IX\u00bb\",\"datePublished\":\"2017-09-13T00:01:59+00:00\",\"mainEntityOfPage\":{\"@id\":\"https:\\\/\\\/digital58.com.ve\\\/site\\\/2017\\\/09\\\/12\\\/retrasan-fecha-de-estreno-para-guerra-de-las-galaxias-episodio-ix\\\/\"},\"wordCount\":335,\"commentCount\":0,\"publisher\":{\"@id\":\"https:\\\/\\\/digital58.com.ve\\\/site\\\/#\\\/schema\\\/person\\\/64d1c2e4d0d4fd1b849980c4331c2951\"},\"image\":{\"@id\":\"https:\\\/\\\/digital58.com.ve\\\/site\\\/2017\\\/09\\\/12\\\/retrasan-fecha-de-estreno-para-guerra-de-las-galaxias-episodio-ix\\\/#primaryimage\"},\"thumbnailUrl\":\"https:\\\/\\\/digital58.com.ve\\\/site\\\/wp-content\\\/uploads\\\/2017\\\/09\\\/star-wars-1.jpg\",\"keywords\":[\"Cambios\",\"Cine\",\"Entretenimiento\",\"Estrenos\",\"Guerra de las Galaxias\",\"Internacionales\",\"Lucasfilm\",\"Pel\u00edculas\",\"Retraso\",\"Sagas\"],\"articleSection\":[\"Fama\"],\"inLanguage\":\"es\",\"potentialAction\":[{\"@type\":\"CommentAction\",\"name\":\"Comment\",\"target\":[\"https:\\\/\\\/digital58.com.ve\\\/site\\\/2017\\\/09\\\/12\\\/retrasan-fecha-de-estreno-para-guerra-de-las-galaxias-episodio-ix\\\/#respond\"]}]},{\"@type\":\"WebPage\",\"@id\":\"https:\\\/\\\/digital58.com.ve\\\/site\\\/2017\\\/09\\\/12\\\/retrasan-fecha-de-estreno-para-guerra-de-las-galaxias-episodio-ix\\\/\",\"url\":\"https:\\\/\\\/digital58.com.ve\\\/site\\\/2017\\\/09\\\/12\\\/retrasan-fecha-de-estreno-para-guerra-de-las-galaxias-episodio-ix\\\/\",\"name\":\"Retrasan fecha de estreno para \u00abGuerra de las Galaxias: Episodio IX\u00bb\",\"isPartOf\":{\"@id\":\"https:\\\/\\\/digital58.com.ve\\\/site\\\/#website\"},\"primaryImageOfPage\":{\"@id\":\"https:\\\/\\\/digital58.com.ve\\\/site\\\/2017\\\/09\\\/12\\\/retrasan-fecha-de-estreno-para-guerra-de-las-galaxias-episodio-ix\\\/#primaryimage\"},\"image\":{\"@id\":\"https:\\\/\\\/digital58.com.ve\\\/site\\\/2017\\\/09\\\/12\\\/retrasan-fecha-de-estreno-para-guerra-de-las-galaxias-episodio-ix\\\/#primaryimage\"},\"thumbnailUrl\":\"https:\\\/\\\/digital58.com.ve\\\/site\\\/wp-content\\\/uploads\\\/2017\\\/09\\\/star-wars-1.jpg\",\"datePublished\":\"2017-09-13T00:01:59+00:00\",\"breadcrumb\":{\"@id\":\"https:\\\/\\\/digital58.com.ve\\\/site\\\/2017\\\/09\\\/12\\\/retrasan-fecha-de-estreno-para-guerra-de-las-galaxias-episodio-ix\\\/#breadcrumb\"},\"inLanguage\":\"es\",\"potentialAction\":[{\"@type\":\"ReadAction\",\"target\":[\"https:\\\/\\\/digital58.com.ve\\\/site\\\/2017\\\/09\\\/12\\\/retrasan-fecha-de-estreno-para-guerra-de-las-galaxias-episodio-ix\\\/\"]}]},{\"@type\":\"ImageObject\",\"inLanguage\":\"es\",\"@id\":\"https:\\\/\\\/digital58.com.ve\\\/site\\\/2017\\\/09\\\/12\\\/retrasan-fecha-de-estreno-para-guerra-de-las-galaxias-episodio-ix\\\/#primaryimage\",\"url\":\"https:\\\/\\\/digital58.com.ve\\\/site\\\/wp-content\\\/uploads\\\/2017\\\/09\\\/star-wars-1.jpg\",\"contentUrl\":\"https:\\\/\\\/digital58.com.ve\\\/site\\\/wp-content\\\/uploads\\\/2017\\\/09\\\/star-wars-1.jpg\",\"width\":800,\"height\":450},{\"@type\":\"BreadcrumbList\",\"@id\":\"https:\\\/\\\/digital58.com.ve\\\/site\\\/2017\\\/09\\\/12\\\/retrasan-fecha-de-estreno-para-guerra-de-las-galaxias-episodio-ix\\\/#breadcrumb\",\"itemListElement\":[{\"@type\":\"ListItem\",\"position\":1,\"name\":\"Home\",\"item\":\"https:\\\/\\\/digital58.com.ve\\\/site\\\/\"},{\"@type\":\"ListItem\",\"position\":2,\"name\":\"Retrasan fecha de estreno para \u00abGuerra de las Galaxias: Episodio IX\u00bb\"}]},{\"@type\":\"WebSite\",\"@id\":\"https:\\\/\\\/digital58.com.ve\\\/site\\\/#website\",\"url\":\"https:\\\/\\\/digital58.com.ve\\\/site\\\/\",\"name\":\"Noticias Digital58\",\"description\":\"Portal de Noticias \u00a1Periodismo web de verdad! Lanzamiento web 22.11.2005 \\\/ Maracaibo, Venezuela\",\"publisher\":{\"@id\":\"https:\\\/\\\/digital58.com.ve\\\/site\\\/#\\\/schema\\\/person\\\/64d1c2e4d0d4fd1b849980c4331c2951\"},\"alternateName\":\"ND58\",\"potentialAction\":[{\"@type\":\"SearchAction\",\"target\":{\"@type\":\"EntryPoint\",\"urlTemplate\":\"https:\\\/\\\/digital58.com.ve\\\/site\\\/?s={search_term_string}\"},\"query-input\":{\"@type\":\"PropertyValueSpecification\",\"valueRequired\":true,\"valueName\":\"search_term_string\"}}],\"inLanguage\":\"es\"},{\"@type\":[\"Person\",\"Organization\"],\"@id\":\"https:\\\/\\\/digital58.com.ve\\\/site\\\/#\\\/schema\\\/person\\\/64d1c2e4d0d4fd1b849980c4331c2951\",\"name\":\"Villasmil Henry\",\"image\":{\"@type\":\"ImageObject\",\"inLanguage\":\"es\",\"@id\":\"https:\\\/\\\/secure.gravatar.com\\\/avatar\\\/bb0c4a2fcb7970138239f7e404ea75757b1b507b28b5ce4c53fbd62d797c5a7c?s=96&d=mm&r=g\",\"url\":\"https:\\\/\\\/secure.gravatar.com\\\/avatar\\\/bb0c4a2fcb7970138239f7e404ea75757b1b507b28b5ce4c53fbd62d797c5a7c?s=96&d=mm&r=g\",\"contentUrl\":\"https:\\\/\\\/secure.gravatar.com\\\/avatar\\\/bb0c4a2fcb7970138239f7e404ea75757b1b507b28b5ce4c53fbd62d797c5a7c?s=96&d=mm&r=g\",\"caption\":\"Villasmil Henry\"},\"logo\":{\"@id\":\"https:\\\/\\\/secure.gravatar.com\\\/avatar\\\/bb0c4a2fcb7970138239f7e404ea75757b1b507b28b5ce4c53fbd62d797c5a7c?s=96&d=mm&r=g\"},\"sameAs\":[\"http:\\\/\\\/www.henryvillasmil.com.ve\",\"https:\\\/\\\/www.instagram.com\\\/villasmilhfoto\\\/\",\"https:\\\/\\\/x.com\\\/https:\\\/\\\/twitter.com\\\/villasmilhfoto\"],\"url\":\"https:\\\/\\\/digital58.com.ve\\\/site\\\/author\\\/droopy_68\\\/\"}]}<\/script>\n<!-- \/ Yoast SEO plugin. -->","yoast_head_json":{"title":"Retrasan fecha de estreno para \u00abGuerra de las Galaxias: Episodio IX\u00bb","robots":{"index":"index","follow":"follow","max-snippet":"max-snippet:-1","max-image-preview":"max-image-preview:large","max-video-preview":"max-video-preview:-1"},"canonical":"https:\/\/digital58.com.ve\/site\/2017\/09\/12\/retrasan-fecha-de-estreno-para-guerra-de-las-galaxias-episodio-ix\/","og_locale":"es_ES","og_type":"article","og_title":"Retrasan fecha de estreno para \u00abGuerra de las Galaxias: Episodio IX\u00bb","og_url":"https:\/\/digital58.com.ve\/site\/2017\/09\/12\/retrasan-fecha-de-estreno-para-guerra-de-las-galaxias-episodio-ix\/","og_site_name":"Noticias Digital58","article_published_time":"2017-09-13T00:01:59+00:00","og_image":[{"width":1778,"height":1000,"url":"https:\/\/digital58.com.ve\/site\/wp-content\/uploads\/2017\/09\/star-wars-1.jpg","type":"image\/jpeg"}],"author":"Villasmil Henry","twitter_card":"summary_large_image","twitter_creator":"@https:\/\/twitter.com\/villasmilhfoto","twitter_site":"@villasmilhfoto","twitter_misc":{"Escrito por":"Villasmil Henry","Tiempo estimado de lectura":"2 minutos"},"schema":{"@context":"https:\/\/schema.org","@graph":[{"@type":"Article","@id":"https:\/\/digital58.com.ve\/site\/2017\/09\/12\/retrasan-fecha-de-estreno-para-guerra-de-las-galaxias-episodio-ix\/#article","isPartOf":{"@id":"https:\/\/digital58.com.ve\/site\/2017\/09\/12\/retrasan-fecha-de-estreno-para-guerra-de-las-galaxias-episodio-ix\/"},"author":{"name":"Villasmil Henry","@id":"https:\/\/digital58.com.ve\/site\/#\/schema\/person\/64d1c2e4d0d4fd1b849980c4331c2951"},"headline":"Retrasan fecha de estreno para \u00abGuerra de las Galaxias: Episodio IX\u00bb","datePublished":"2017-09-13T00:01:59+00:00","mainEntityOfPage":{"@id":"https:\/\/digital58.com.ve\/site\/2017\/09\/12\/retrasan-fecha-de-estreno-para-guerra-de-las-galaxias-episodio-ix\/"},"wordCount":335,"commentCount":0,"publisher":{"@id":"https:\/\/digital58.com.ve\/site\/#\/schema\/person\/64d1c2e4d0d4fd1b849980c4331c2951"},"image":{"@id":"https:\/\/digital58.com.ve\/site\/2017\/09\/12\/retrasan-fecha-de-estreno-para-guerra-de-las-galaxias-episodio-ix\/#primaryimage"},"thumbnailUrl":"https:\/\/digital58.com.ve\/site\/wp-content\/uploads\/2017\/09\/star-wars-1.jpg","keywords":["Cambios","Cine","Entretenimiento","Estrenos","Guerra de las Galaxias","Internacionales","Lucasfilm","Pel\u00edculas","Retraso","Sagas"],"articleSection":["Fama"],"inLanguage":"es","potentialAction":[{"@type":"CommentAction","name":"Comment","target":["https:\/\/digital58.com.ve\/site\/2017\/09\/12\/retrasan-fecha-de-estreno-para-guerra-de-las-galaxias-episodio-ix\/#respond"]}]},{"@type":"WebPage","@id":"https:\/\/digital58.com.ve\/site\/2017\/09\/12\/retrasan-fecha-de-estreno-para-guerra-de-las-galaxias-episodio-ix\/","url":"https:\/\/digital58.com.ve\/site\/2017\/09\/12\/retrasan-fecha-de-estreno-para-guerra-de-las-galaxias-episodio-ix\/","name":"Retrasan fecha de estreno para \u00abGuerra de las Galaxias: Episodio IX\u00bb","isPartOf":{"@id":"https:\/\/digital58.com.ve\/site\/#website"},"primaryImageOfPage":{"@id":"https:\/\/digital58.com.ve\/site\/2017\/09\/12\/retrasan-fecha-de-estreno-para-guerra-de-las-galaxias-episodio-ix\/#primaryimage"},"image":{"@id":"https:\/\/digital58.com.ve\/site\/2017\/09\/12\/retrasan-fecha-de-estreno-para-guerra-de-las-galaxias-episodio-ix\/#primaryimage"},"thumbnailUrl":"https:\/\/digital58.com.ve\/site\/wp-content\/uploads\/2017\/09\/star-wars-1.jpg","datePublished":"2017-09-13T00:01:59+00:00","breadcrumb":{"@id":"https:\/\/digital58.com.ve\/site\/2017\/09\/12\/retrasan-fecha-de-estreno-para-guerra-de-las-galaxias-episodio-ix\/#breadcrumb"},"inLanguage":"es","potentialAction":[{"@type":"ReadAction","target":["https:\/\/digital58.com.ve\/site\/2017\/09\/12\/retrasan-fecha-de-estreno-para-guerra-de-las-galaxias-episodio-ix\/"]}]},{"@type":"ImageObject","inLanguage":"es","@id":"https:\/\/digital58.com.ve\/site\/2017\/09\/12\/retrasan-fecha-de-estreno-para-guerra-de-las-galaxias-episodio-ix\/#primaryimage","url":"https:\/\/digital58.com.ve\/site\/wp-content\/uploads\/2017\/09\/star-wars-1.jpg","contentUrl":"https:\/\/digital58.com.ve\/site\/wp-content\/uploads\/2017\/09\/star-wars-1.jpg","width":800,"height":450},{"@type":"BreadcrumbList","@id":"https:\/\/digital58.com.ve\/site\/2017\/09\/12\/retrasan-fecha-de-estreno-para-guerra-de-las-galaxias-episodio-ix\/#breadcrumb","itemListElement":[{"@type":"ListItem","position":1,"name":"Home","item":"https:\/\/digital58.com.ve\/site\/"},{"@type":"ListItem","position":2,"name":"Retrasan fecha de estreno para \u00abGuerra de las Galaxias: Episodio IX\u00bb"}]},{"@type":"WebSite","@id":"https:\/\/digital58.com.ve\/site\/#website","url":"https:\/\/digital58.com.ve\/site\/","name":"Noticias Digital58","description":"Portal de Noticias \u00a1Periodismo web de verdad! Lanzamiento web 22.11.2005 \/ Maracaibo, Venezuela","publisher":{"@id":"https:\/\/digital58.com.ve\/site\/#\/schema\/person\/64d1c2e4d0d4fd1b849980c4331c2951"},"alternateName":"ND58","potentialAction":[{"@type":"SearchAction","target":{"@type":"EntryPoint","urlTemplate":"https:\/\/digital58.com.ve\/site\/?s={search_term_string}"},"query-input":{"@type":"PropertyValueSpecification","valueRequired":true,"valueName":"search_term_string"}}],"inLanguage":"es"},{"@type":["Person","Organization"],"@id":"https:\/\/digital58.com.ve\/site\/#\/schema\/person\/64d1c2e4d0d4fd1b849980c4331c2951","name":"Villasmil Henry","image":{"@type":"ImageObject","inLanguage":"es","@id":"https:\/\/secure.gravatar.com\/avatar\/bb0c4a2fcb7970138239f7e404ea75757b1b507b28b5ce4c53fbd62d797c5a7c?s=96&d=mm&r=g","url":"https:\/\/secure.gravatar.com\/avatar\/bb0c4a2fcb7970138239f7e404ea75757b1b507b28b5ce4c53fbd62d797c5a7c?s=96&d=mm&r=g","contentUrl":"https:\/\/secure.gravatar.com\/avatar\/bb0c4a2fcb7970138239f7e404ea75757b1b507b28b5ce4c53fbd62d797c5a7c?s=96&d=mm&r=g","caption":"Villasmil Henry"},"logo":{"@id":"https:\/\/secure.gravatar.com\/avatar\/bb0c4a2fcb7970138239f7e404ea75757b1b507b28b5ce4c53fbd62d797c5a7c?s=96&d=mm&r=g"},"sameAs":["http:\/\/www.henryvillasmil.com.ve","https:\/\/www.instagram.com\/villasmilhfoto\/","https:\/\/x.com\/https:\/\/twitter.com\/villasmilhfoto"],"url":"https:\/\/digital58.com.ve\/site\/author\/droopy_68\/"}]}},"uagb_featured_image_src":{"full":["https:\/\/digital58.com.ve\/site\/wp-content\/uploads\/2017\/09\/star-wars-1.jpg",800,450,false],"thumbnail":["https:\/\/digital58.com.ve\/site\/wp-content\/uploads\/2017\/09\/star-wars-1-150x150.jpg",150,150,true],"medium":["https:\/\/digital58.com.ve\/site\/wp-content\/uploads\/2017\/09\/star-wars-1-300x169.jpg",300,169,true],"medium_large":["https:\/\/digital58.com.ve\/site\/wp-content\/uploads\/2017\/09\/star-wars-1-768x432.jpg",768,432,true],"large":["https:\/\/digital58.com.ve\/site\/wp-content\/uploads\/2017\/09\/star-wars-1-1500x844.jpg",800,450,true],"1536x1536":["https:\/\/digital58.com.ve\/site\/wp-content\/uploads\/2017\/09\/star-wars-1.jpg",800,450,false],"2048x2048":["https:\/\/digital58.com.ve\/site\/wp-content\/uploads\/2017\/09\/star-wars-1.jpg",800,450,false],"colormag-highlighted-post":["https:\/\/digital58.com.ve\/site\/wp-content\/uploads\/2017\/09\/star-wars-1.jpg",392,221,false],"colormag-featured-post-medium":["https:\/\/digital58.com.ve\/site\/wp-content\/uploads\/2017\/09\/star-wars-1.jpg",364,205,false],"colormag-featured-post-small":["https:\/\/digital58.com.ve\/site\/wp-content\/uploads\/2017\/09\/star-wars-1.jpg",130,73,false],"colormag-featured-image":["https:\/\/digital58.com.ve\/site\/wp-content\/uploads\/2017\/09\/star-wars-1.jpg",791,445,false],"colormag-default-news":["https:\/\/digital58.com.ve\/site\/wp-content\/uploads\/2017\/09\/star-wars-1.jpg",150,84,false],"colormag-featured-image-large":["https:\/\/digital58.com.ve\/site\/wp-content\/uploads\/2017\/09\/star-wars-1.jpg",800,450,false]},"uagb_author_info":{"display_name":"Villasmil Henry","author_link":"https:\/\/digital58.com.ve\/site\/author\/droopy_68\/"},"uagb_comment_info":0,"uagb_excerpt":"El final de la nueva trilog\u00eda de \u00abLa Guerra de las Galaxias\u00bb, el cual se estrenaba el 24 de mayo","_links":{"self":[{"href":"https:\/\/digital58.com.ve\/site\/wp-json\/wp\/v2\/posts\/70631","targetHints":{"allow":["GET"]}}],"collection":[{"href":"https:\/\/digital58.com.ve\/site\/wp-json\/wp\/v2\/posts"}],"about":[{"href":"https:\/\/digital58.com.ve\/site\/wp-json\/wp\/v2\/types\/post"}],"author":[{"embeddable":true,"href":"https:\/\/digital58.com.ve\/site\/wp-json\/wp\/v2\/users\/1"}],"replies":[{"embeddable":true,"href":"https:\/\/digital58.com.ve\/site\/wp-json\/wp\/v2\/comments?post=70631"}],"version-history":[{"count":0,"href":"https:\/\/digital58.com.ve\/site\/wp-json\/wp\/v2\/posts\/70631\/revisions"}],"wp:featuredmedia":[{"embeddable":true,"href":"https:\/\/digital58.com.ve\/site\/wp-json\/wp\/v2\/media\/70632"}],"wp:attachment":[{"href":"https:\/\/digital58.com.ve\/site\/wp-json\/wp\/v2\/media?parent=70631"}],"wp:term":[{"taxonomy":"category","embeddable":true,"href":"https:\/\/digital58.com.ve\/site\/wp-json\/wp\/v2\/categories?post=70631"},{"taxonomy":"post_tag","embeddable":true,"href":"https:\/\/digital58.com.ve\/site\/wp-json\/wp\/v2\/tags?post=70631"}],"curies":[{"name":"wp","href":"https:\/\/api.w.org\/{rel}","templated":true}]}}