{"id":70727,"date":"2017-09-14T07:35:00","date_gmt":"2017-09-14T11:35:00","guid":{"rendered":"http:\/\/digital58.com.ve\/site\/?p=70727"},"modified":"2017-09-14T07:35:00","modified_gmt":"2017-09-14T11:35:00","slug":"paris-organizara-los-juegos-olimpicos-de-2024-y-los-angeles-en-2028","status":"publish","type":"post","link":"https:\/\/digital58.com.ve\/site\/2017\/09\/14\/paris-organizara-los-juegos-olimpicos-de-2024-y-los-angeles-en-2028\/","title":{"rendered":"Par\u00eds organizar\u00e1 los Juegos Ol\u00edmpicos de 2024 y Los \u00c1ngeles en 2028"},"content":{"rendered":"<p><a href=\"http:\/\/digital58.com.ve\/site\/wp-content\/uploads\/2017\/09\/jjoo.jpg\"><img loading=\"lazy\" decoding=\"async\" class=\"aligncenter size-large wp-image-70729\" src=\"http:\/\/digital58.com.ve\/site\/wp-content\/uploads\/2017\/09\/jjoo-1500x965.jpg\" alt=\"\" width=\"640\" height=\"412\" srcset=\"https:\/\/digital58.com.ve\/site\/wp-content\/uploads\/2017\/09\/jjoo-1500x965.jpg 1500w, https:\/\/digital58.com.ve\/site\/wp-content\/uploads\/2017\/09\/jjoo-300x193.jpg 300w, https:\/\/digital58.com.ve\/site\/wp-content\/uploads\/2017\/09\/jjoo-768x494.jpg 768w, https:\/\/digital58.com.ve\/site\/wp-content\/uploads\/2017\/09\/jjoo.jpg 800w\" sizes=\"auto, (max-width: 640px) 100vw, 640px\" \/><\/a><\/p>\n<p>El Comit\u00e9 Ol\u00edmpico Internacional (COI) anunci\u00f3 este mi\u00e9rcoles que la ciudad de Par\u00eds, Francia, y Los \u00c1ngeles, Estados Unidos, ser\u00e1n las sedes de los pr\u00f3ximos Juegos Ol\u00edmpicos y Paral\u00edmpicos de 2024 y 2028, respectivamente.<\/p>\n<p><strong>Caracas, DC, Venezuela, 14 de septiembre de 2017 (D58).-<\/strong> El ministro para la Juventud y Deporte, Pedro Infante, felicit\u00f3 a trav\u00e9s de su cuenta en Twitter a las ciudades seleccionadas para albergar uno de los eventos deportivos m\u00e1s importantes del mundo.<\/p>\n<p>Los pr\u00f3ximos JJOO se realizar\u00e1n en Tokio, Jap\u00f3n, en 2020. El COI aprob\u00f3 en 2016 la incorporaci\u00f3n de cuatro deportes para esta edici\u00f3n: surf, escalada deportiva, k\u00e1rate y monopat\u00edn, asimismo, se anunci\u00f3 el regreso del b\u00e9isbol y el softbol.<\/p>\n<p>Con esta admisi\u00f3n, el nuevo bloque de deportes prev\u00e9 la incorporaci\u00f3n de 18 nuevas pruebas por medalla y de 474 nuevos atletas, 210 mujeres y 264 hombres, desequilibrio que viene de la mayor cantidad de equipos en las selecciones de beisbol respecto a las de softbol. Esta nueva cuota de deportistas no afectar\u00e1 a otras disciplinas.<\/p>\n<p><strong>Redacci\u00f3n y fuente: AVN<\/strong><br \/>\n<strong>Edici\u00f3n: Villasmil, Henry<\/strong><br \/>\n<strong>Gr\u00e1ficas: EFE<\/strong><\/p><div class=\"yhpby69ee67f41cc82\" ><p style=\"text-align: center;\"><a href=\"https:\/\/t.me\/noticiasdigital58\" target=\"_blank\" rel=\"noopener\"><img class=\"aligncenter size-full wp-image-125363\" src=\"https:\/\/digital58.com.ve\/site\/wp-content\/uploads\/2021\/04\/banner-telegram-web-2021.png\" alt=\"\" width=\"600\" height=\"90\" \/><\/a><\/p><\/div><style type=\"text\/css\">\r\n@media screen and (min-width: 1201px) {\r\n.yhpby69ee67f41cc82 {\r\ndisplay: block;\r\n}\r\n}\r\n@media screen and (min-width: 993px) and (max-width: 1200px) {\r\n.yhpby69ee67f41cc82 {\r\ndisplay: block;\r\n}\r\n}\r\n@media screen and (min-width: 769px) and (max-width: 992px) {\r\n.yhpby69ee67f41cc82 {\r\ndisplay: block;\r\n}\r\n}\r\n@media screen and (min-width: 768px) and (max-width: 768px) {\r\n.yhpby69ee67f41cc82 {\r\ndisplay: block;\r\n}\r\n}\r\n@media screen and (max-width: 767px) {\r\n.yhpby69ee67f41cc82 {\r\ndisplay: block;\r\n}\r\n}\r\n<\/style>\r\n\n<p><a href=\"http:\/\/digital58.com.ve\/site\/wp-content\/uploads\/2017\/09\/jjoo-2.jpg\"><img loading=\"lazy\" decoding=\"async\" class=\"aligncenter size-large wp-image-70728\" src=\"http:\/\/digital58.com.ve\/site\/wp-content\/uploads\/2017\/09\/jjoo-2-1474x1024.jpg\" alt=\"\" width=\"640\" height=\"445\" srcset=\"https:\/\/digital58.com.ve\/site\/wp-content\/uploads\/2017\/09\/jjoo-2-1474x1024.jpg 1474w, https:\/\/digital58.com.ve\/site\/wp-content\/uploads\/2017\/09\/jjoo-2-300x208.jpg 300w, https:\/\/digital58.com.ve\/site\/wp-content\/uploads\/2017\/09\/jjoo-2-768x534.jpg 768w, https:\/\/digital58.com.ve\/site\/wp-content\/uploads\/2017\/09\/jjoo-2.jpg 800w\" sizes=\"auto, (max-width: 640px) 100vw, 640px\" \/><\/a><\/p>\n<div style=\"margin-top: 0px; margin-bottom: 0px;\" class=\"sharethis-inline-share-buttons\" ><\/div>","protected":false},"excerpt":{"rendered":"<p>El Comit\u00e9 Ol\u00edmpico Internacional (COI) anunci\u00f3 este mi\u00e9rcoles que la ciudad de Par\u00eds, Francia, y Los \u00c1ngeles, Estados Unidos, ser\u00e1n<\/p>\n","protected":false},"author":1,"featured_media":70728,"comment_status":"open","ping_status":"closed","sticky":false,"template":"","format":"standard","meta":{"colormag_page_container_layout":"default_layout","colormag_page_sidebar_layout":"default_layout","_uag_custom_page_level_css":"","footnotes":""},"categories":[5402],"tags":[5625,40,8,9384,9385,1335,1460,1768,126],"class_list":["post-70727","post","type-post","status-publish","format-standard","has-post-thumbnail","hentry","category-deportes","tag-coi","tag-francia","tag-internacionales","tag-jjoo-2024","tag-jjoo-2028","tag-juegos-olimpicos","tag-los-angeles","tag-paris","tag-usa"],"yoast_head":"<!-- This site is optimized with the Yoast SEO plugin v27.4 - https:\/\/yoast.com\/product\/yoast-seo-wordpress\/ -->\n<title>Par\u00eds organizar\u00e1 los Juegos Ol\u00edmpicos de 2024 y Los \u00c1ngeles en 2028<\/title>\n<meta name=\"robots\" content=\"index, follow, max-snippet:-1, max-image-preview:large, max-video-preview:-1\" \/>\n<link rel=\"canonical\" href=\"https:\/\/digital58.com.ve\/site\/2017\/09\/14\/paris-organizara-los-juegos-olimpicos-de-2024-y-los-angeles-en-2028\/\" \/>\n<meta property=\"og:locale\" content=\"es_ES\" \/>\n<meta property=\"og:type\" content=\"article\" \/>\n<meta property=\"og:title\" content=\"Par\u00eds organizar\u00e1 los Juegos Ol\u00edmpicos de 2024 y Los \u00c1ngeles en 2028\" \/>\n<meta property=\"og:url\" content=\"https:\/\/digital58.com.ve\/site\/2017\/09\/14\/paris-organizara-los-juegos-olimpicos-de-2024-y-los-angeles-en-2028\/\" \/>\n<meta property=\"og:site_name\" content=\"Noticias Digital58\" \/>\n<meta property=\"article:published_time\" content=\"2017-09-14T11:35:00+00:00\" \/>\n<meta property=\"og:image\" content=\"https:\/\/digital58.com.ve\/site\/wp-content\/uploads\/2017\/09\/jjoo-2.jpg\" \/>\n\t<meta property=\"og:image:width\" content=\"1500\" \/>\n\t<meta property=\"og:image:height\" content=\"1042\" \/>\n\t<meta property=\"og:image:type\" content=\"image\/jpeg\" \/>\n<meta name=\"author\" content=\"Villasmil Henry\" \/>\n<meta name=\"twitter:card\" content=\"summary_large_image\" \/>\n<meta name=\"twitter:creator\" content=\"@https:\/\/twitter.com\/villasmilhfoto\" \/>\n<meta name=\"twitter:site\" content=\"@villasmilhfoto\" \/>\n<meta name=\"twitter:label1\" content=\"Escrito por\" \/>\n\t<meta name=\"twitter:data1\" content=\"Villasmil Henry\" \/>\n\t<meta name=\"twitter:label2\" content=\"Tiempo estimado de lectura\" \/>\n\t<meta name=\"twitter:data2\" content=\"1 minuto\" \/>\n<script type=\"application\/ld+json\" class=\"yoast-schema-graph\">{\"@context\":\"https:\\\/\\\/schema.org\",\"@graph\":[{\"@type\":\"Article\",\"@id\":\"https:\\\/\\\/digital58.com.ve\\\/site\\\/2017\\\/09\\\/14\\\/paris-organizara-los-juegos-olimpicos-de-2024-y-los-angeles-en-2028\\\/#article\",\"isPartOf\":{\"@id\":\"https:\\\/\\\/digital58.com.ve\\\/site\\\/2017\\\/09\\\/14\\\/paris-organizara-los-juegos-olimpicos-de-2024-y-los-angeles-en-2028\\\/\"},\"author\":{\"name\":\"Villasmil Henry\",\"@id\":\"https:\\\/\\\/digital58.com.ve\\\/site\\\/#\\\/schema\\\/person\\\/64d1c2e4d0d4fd1b849980c4331c2951\"},\"headline\":\"Par\u00eds organizar\u00e1 los Juegos Ol\u00edmpicos de 2024 y Los \u00c1ngeles en 2028\",\"datePublished\":\"2017-09-14T11:35:00+00:00\",\"mainEntityOfPage\":{\"@id\":\"https:\\\/\\\/digital58.com.ve\\\/site\\\/2017\\\/09\\\/14\\\/paris-organizara-los-juegos-olimpicos-de-2024-y-los-angeles-en-2028\\\/\"},\"wordCount\":204,\"commentCount\":0,\"publisher\":{\"@id\":\"https:\\\/\\\/digital58.com.ve\\\/site\\\/#\\\/schema\\\/person\\\/64d1c2e4d0d4fd1b849980c4331c2951\"},\"image\":{\"@id\":\"https:\\\/\\\/digital58.com.ve\\\/site\\\/2017\\\/09\\\/14\\\/paris-organizara-los-juegos-olimpicos-de-2024-y-los-angeles-en-2028\\\/#primaryimage\"},\"thumbnailUrl\":\"https:\\\/\\\/digital58.com.ve\\\/site\\\/wp-content\\\/uploads\\\/2017\\\/09\\\/jjoo-2.jpg\",\"keywords\":[\"COI\",\"Francia\",\"Internacionales\",\"JJOO 2024\",\"JJOO 2028\",\"Juegos Ol\u00edmpicos\",\"Los \u00c1ngeles\",\"Par\u00eds\",\"USA\"],\"articleSection\":[\"Deportes\"],\"inLanguage\":\"es\",\"potentialAction\":[{\"@type\":\"CommentAction\",\"name\":\"Comment\",\"target\":[\"https:\\\/\\\/digital58.com.ve\\\/site\\\/2017\\\/09\\\/14\\\/paris-organizara-los-juegos-olimpicos-de-2024-y-los-angeles-en-2028\\\/#respond\"]}]},{\"@type\":\"WebPage\",\"@id\":\"https:\\\/\\\/digital58.com.ve\\\/site\\\/2017\\\/09\\\/14\\\/paris-organizara-los-juegos-olimpicos-de-2024-y-los-angeles-en-2028\\\/\",\"url\":\"https:\\\/\\\/digital58.com.ve\\\/site\\\/2017\\\/09\\\/14\\\/paris-organizara-los-juegos-olimpicos-de-2024-y-los-angeles-en-2028\\\/\",\"name\":\"Par\u00eds organizar\u00e1 los Juegos Ol\u00edmpicos de 2024 y Los \u00c1ngeles en 2028\",\"isPartOf\":{\"@id\":\"https:\\\/\\\/digital58.com.ve\\\/site\\\/#website\"},\"primaryImageOfPage\":{\"@id\":\"https:\\\/\\\/digital58.com.ve\\\/site\\\/2017\\\/09\\\/14\\\/paris-organizara-los-juegos-olimpicos-de-2024-y-los-angeles-en-2028\\\/#primaryimage\"},\"image\":{\"@id\":\"https:\\\/\\\/digital58.com.ve\\\/site\\\/2017\\\/09\\\/14\\\/paris-organizara-los-juegos-olimpicos-de-2024-y-los-angeles-en-2028\\\/#primaryimage\"},\"thumbnailUrl\":\"https:\\\/\\\/digital58.com.ve\\\/site\\\/wp-content\\\/uploads\\\/2017\\\/09\\\/jjoo-2.jpg\",\"datePublished\":\"2017-09-14T11:35:00+00:00\",\"breadcrumb\":{\"@id\":\"https:\\\/\\\/digital58.com.ve\\\/site\\\/2017\\\/09\\\/14\\\/paris-organizara-los-juegos-olimpicos-de-2024-y-los-angeles-en-2028\\\/#breadcrumb\"},\"inLanguage\":\"es\",\"potentialAction\":[{\"@type\":\"ReadAction\",\"target\":[\"https:\\\/\\\/digital58.com.ve\\\/site\\\/2017\\\/09\\\/14\\\/paris-organizara-los-juegos-olimpicos-de-2024-y-los-angeles-en-2028\\\/\"]}]},{\"@type\":\"ImageObject\",\"inLanguage\":\"es\",\"@id\":\"https:\\\/\\\/digital58.com.ve\\\/site\\\/2017\\\/09\\\/14\\\/paris-organizara-los-juegos-olimpicos-de-2024-y-los-angeles-en-2028\\\/#primaryimage\",\"url\":\"https:\\\/\\\/digital58.com.ve\\\/site\\\/wp-content\\\/uploads\\\/2017\\\/09\\\/jjoo-2.jpg\",\"contentUrl\":\"https:\\\/\\\/digital58.com.ve\\\/site\\\/wp-content\\\/uploads\\\/2017\\\/09\\\/jjoo-2.jpg\",\"width\":800,\"height\":556},{\"@type\":\"BreadcrumbList\",\"@id\":\"https:\\\/\\\/digital58.com.ve\\\/site\\\/2017\\\/09\\\/14\\\/paris-organizara-los-juegos-olimpicos-de-2024-y-los-angeles-en-2028\\\/#breadcrumb\",\"itemListElement\":[{\"@type\":\"ListItem\",\"position\":1,\"name\":\"Home\",\"item\":\"https:\\\/\\\/digital58.com.ve\\\/site\\\/\"},{\"@type\":\"ListItem\",\"position\":2,\"name\":\"Par\u00eds organizar\u00e1 los Juegos Ol\u00edmpicos de 2024 y Los \u00c1ngeles en 2028\"}]},{\"@type\":\"WebSite\",\"@id\":\"https:\\\/\\\/digital58.com.ve\\\/site\\\/#website\",\"url\":\"https:\\\/\\\/digital58.com.ve\\\/site\\\/\",\"name\":\"Noticias Digital58\",\"description\":\"Portal de Noticias \u00a1Periodismo web de verdad! Lanzamiento web 22.11.2005 \\\/ Maracaibo, Venezuela\",\"publisher\":{\"@id\":\"https:\\\/\\\/digital58.com.ve\\\/site\\\/#\\\/schema\\\/person\\\/64d1c2e4d0d4fd1b849980c4331c2951\"},\"alternateName\":\"ND58\",\"potentialAction\":[{\"@type\":\"SearchAction\",\"target\":{\"@type\":\"EntryPoint\",\"urlTemplate\":\"https:\\\/\\\/digital58.com.ve\\\/site\\\/?s={search_term_string}\"},\"query-input\":{\"@type\":\"PropertyValueSpecification\",\"valueRequired\":true,\"valueName\":\"search_term_string\"}}],\"inLanguage\":\"es\"},{\"@type\":[\"Person\",\"Organization\"],\"@id\":\"https:\\\/\\\/digital58.com.ve\\\/site\\\/#\\\/schema\\\/person\\\/64d1c2e4d0d4fd1b849980c4331c2951\",\"name\":\"Villasmil Henry\",\"image\":{\"@type\":\"ImageObject\",\"inLanguage\":\"es\",\"@id\":\"https:\\\/\\\/secure.gravatar.com\\\/avatar\\\/bb0c4a2fcb7970138239f7e404ea75757b1b507b28b5ce4c53fbd62d797c5a7c?s=96&d=mm&r=g\",\"url\":\"https:\\\/\\\/secure.gravatar.com\\\/avatar\\\/bb0c4a2fcb7970138239f7e404ea75757b1b507b28b5ce4c53fbd62d797c5a7c?s=96&d=mm&r=g\",\"contentUrl\":\"https:\\\/\\\/secure.gravatar.com\\\/avatar\\\/bb0c4a2fcb7970138239f7e404ea75757b1b507b28b5ce4c53fbd62d797c5a7c?s=96&d=mm&r=g\",\"caption\":\"Villasmil Henry\"},\"logo\":{\"@id\":\"https:\\\/\\\/secure.gravatar.com\\\/avatar\\\/bb0c4a2fcb7970138239f7e404ea75757b1b507b28b5ce4c53fbd62d797c5a7c?s=96&d=mm&r=g\"},\"sameAs\":[\"http:\\\/\\\/www.henryvillasmil.com.ve\",\"https:\\\/\\\/www.instagram.com\\\/villasmilhfoto\\\/\",\"https:\\\/\\\/x.com\\\/https:\\\/\\\/twitter.com\\\/villasmilhfoto\"],\"url\":\"https:\\\/\\\/digital58.com.ve\\\/site\\\/author\\\/droopy_68\\\/\"}]}<\/script>\n<!-- \/ Yoast SEO plugin. -->","yoast_head_json":{"title":"Par\u00eds organizar\u00e1 los Juegos Ol\u00edmpicos de 2024 y Los \u00c1ngeles en 2028","robots":{"index":"index","follow":"follow","max-snippet":"max-snippet:-1","max-image-preview":"max-image-preview:large","max-video-preview":"max-video-preview:-1"},"canonical":"https:\/\/digital58.com.ve\/site\/2017\/09\/14\/paris-organizara-los-juegos-olimpicos-de-2024-y-los-angeles-en-2028\/","og_locale":"es_ES","og_type":"article","og_title":"Par\u00eds organizar\u00e1 los Juegos Ol\u00edmpicos de 2024 y Los \u00c1ngeles en 2028","og_url":"https:\/\/digital58.com.ve\/site\/2017\/09\/14\/paris-organizara-los-juegos-olimpicos-de-2024-y-los-angeles-en-2028\/","og_site_name":"Noticias Digital58","article_published_time":"2017-09-14T11:35:00+00:00","og_image":[{"width":1500,"height":1042,"url":"https:\/\/digital58.com.ve\/site\/wp-content\/uploads\/2017\/09\/jjoo-2.jpg","type":"image\/jpeg"}],"author":"Villasmil Henry","twitter_card":"summary_large_image","twitter_creator":"@https:\/\/twitter.com\/villasmilhfoto","twitter_site":"@villasmilhfoto","twitter_misc":{"Escrito por":"Villasmil Henry","Tiempo estimado de lectura":"1 minuto"},"schema":{"@context":"https:\/\/schema.org","@graph":[{"@type":"Article","@id":"https:\/\/digital58.com.ve\/site\/2017\/09\/14\/paris-organizara-los-juegos-olimpicos-de-2024-y-los-angeles-en-2028\/#article","isPartOf":{"@id":"https:\/\/digital58.com.ve\/site\/2017\/09\/14\/paris-organizara-los-juegos-olimpicos-de-2024-y-los-angeles-en-2028\/"},"author":{"name":"Villasmil Henry","@id":"https:\/\/digital58.com.ve\/site\/#\/schema\/person\/64d1c2e4d0d4fd1b849980c4331c2951"},"headline":"Par\u00eds organizar\u00e1 los Juegos Ol\u00edmpicos de 2024 y Los \u00c1ngeles en 2028","datePublished":"2017-09-14T11:35:00+00:00","mainEntityOfPage":{"@id":"https:\/\/digital58.com.ve\/site\/2017\/09\/14\/paris-organizara-los-juegos-olimpicos-de-2024-y-los-angeles-en-2028\/"},"wordCount":204,"commentCount":0,"publisher":{"@id":"https:\/\/digital58.com.ve\/site\/#\/schema\/person\/64d1c2e4d0d4fd1b849980c4331c2951"},"image":{"@id":"https:\/\/digital58.com.ve\/site\/2017\/09\/14\/paris-organizara-los-juegos-olimpicos-de-2024-y-los-angeles-en-2028\/#primaryimage"},"thumbnailUrl":"https:\/\/digital58.com.ve\/site\/wp-content\/uploads\/2017\/09\/jjoo-2.jpg","keywords":["COI","Francia","Internacionales","JJOO 2024","JJOO 2028","Juegos Ol\u00edmpicos","Los \u00c1ngeles","Par\u00eds","USA"],"articleSection":["Deportes"],"inLanguage":"es","potentialAction":[{"@type":"CommentAction","name":"Comment","target":["https:\/\/digital58.com.ve\/site\/2017\/09\/14\/paris-organizara-los-juegos-olimpicos-de-2024-y-los-angeles-en-2028\/#respond"]}]},{"@type":"WebPage","@id":"https:\/\/digital58.com.ve\/site\/2017\/09\/14\/paris-organizara-los-juegos-olimpicos-de-2024-y-los-angeles-en-2028\/","url":"https:\/\/digital58.com.ve\/site\/2017\/09\/14\/paris-organizara-los-juegos-olimpicos-de-2024-y-los-angeles-en-2028\/","name":"Par\u00eds organizar\u00e1 los Juegos Ol\u00edmpicos de 2024 y Los \u00c1ngeles en 2028","isPartOf":{"@id":"https:\/\/digital58.com.ve\/site\/#website"},"primaryImageOfPage":{"@id":"https:\/\/digital58.com.ve\/site\/2017\/09\/14\/paris-organizara-los-juegos-olimpicos-de-2024-y-los-angeles-en-2028\/#primaryimage"},"image":{"@id":"https:\/\/digital58.com.ve\/site\/2017\/09\/14\/paris-organizara-los-juegos-olimpicos-de-2024-y-los-angeles-en-2028\/#primaryimage"},"thumbnailUrl":"https:\/\/digital58.com.ve\/site\/wp-content\/uploads\/2017\/09\/jjoo-2.jpg","datePublished":"2017-09-14T11:35:00+00:00","breadcrumb":{"@id":"https:\/\/digital58.com.ve\/site\/2017\/09\/14\/paris-organizara-los-juegos-olimpicos-de-2024-y-los-angeles-en-2028\/#breadcrumb"},"inLanguage":"es","potentialAction":[{"@type":"ReadAction","target":["https:\/\/digital58.com.ve\/site\/2017\/09\/14\/paris-organizara-los-juegos-olimpicos-de-2024-y-los-angeles-en-2028\/"]}]},{"@type":"ImageObject","inLanguage":"es","@id":"https:\/\/digital58.com.ve\/site\/2017\/09\/14\/paris-organizara-los-juegos-olimpicos-de-2024-y-los-angeles-en-2028\/#primaryimage","url":"https:\/\/digital58.com.ve\/site\/wp-content\/uploads\/2017\/09\/jjoo-2.jpg","contentUrl":"https:\/\/digital58.com.ve\/site\/wp-content\/uploads\/2017\/09\/jjoo-2.jpg","width":800,"height":556},{"@type":"BreadcrumbList","@id":"https:\/\/digital58.com.ve\/site\/2017\/09\/14\/paris-organizara-los-juegos-olimpicos-de-2024-y-los-angeles-en-2028\/#breadcrumb","itemListElement":[{"@type":"ListItem","position":1,"name":"Home","item":"https:\/\/digital58.com.ve\/site\/"},{"@type":"ListItem","position":2,"name":"Par\u00eds organizar\u00e1 los Juegos Ol\u00edmpicos de 2024 y Los \u00c1ngeles en 2028"}]},{"@type":"WebSite","@id":"https:\/\/digital58.com.ve\/site\/#website","url":"https:\/\/digital58.com.ve\/site\/","name":"Noticias Digital58","description":"Portal de Noticias \u00a1Periodismo web de verdad! Lanzamiento web 22.11.2005 \/ Maracaibo, Venezuela","publisher":{"@id":"https:\/\/digital58.com.ve\/site\/#\/schema\/person\/64d1c2e4d0d4fd1b849980c4331c2951"},"alternateName":"ND58","potentialAction":[{"@type":"SearchAction","target":{"@type":"EntryPoint","urlTemplate":"https:\/\/digital58.com.ve\/site\/?s={search_term_string}"},"query-input":{"@type":"PropertyValueSpecification","valueRequired":true,"valueName":"search_term_string"}}],"inLanguage":"es"},{"@type":["Person","Organization"],"@id":"https:\/\/digital58.com.ve\/site\/#\/schema\/person\/64d1c2e4d0d4fd1b849980c4331c2951","name":"Villasmil Henry","image":{"@type":"ImageObject","inLanguage":"es","@id":"https:\/\/secure.gravatar.com\/avatar\/bb0c4a2fcb7970138239f7e404ea75757b1b507b28b5ce4c53fbd62d797c5a7c?s=96&d=mm&r=g","url":"https:\/\/secure.gravatar.com\/avatar\/bb0c4a2fcb7970138239f7e404ea75757b1b507b28b5ce4c53fbd62d797c5a7c?s=96&d=mm&r=g","contentUrl":"https:\/\/secure.gravatar.com\/avatar\/bb0c4a2fcb7970138239f7e404ea75757b1b507b28b5ce4c53fbd62d797c5a7c?s=96&d=mm&r=g","caption":"Villasmil Henry"},"logo":{"@id":"https:\/\/secure.gravatar.com\/avatar\/bb0c4a2fcb7970138239f7e404ea75757b1b507b28b5ce4c53fbd62d797c5a7c?s=96&d=mm&r=g"},"sameAs":["http:\/\/www.henryvillasmil.com.ve","https:\/\/www.instagram.com\/villasmilhfoto\/","https:\/\/x.com\/https:\/\/twitter.com\/villasmilhfoto"],"url":"https:\/\/digital58.com.ve\/site\/author\/droopy_68\/"}]}},"uagb_featured_image_src":{"full":["https:\/\/digital58.com.ve\/site\/wp-content\/uploads\/2017\/09\/jjoo-2.jpg",800,556,false],"thumbnail":["https:\/\/digital58.com.ve\/site\/wp-content\/uploads\/2017\/09\/jjoo-2-150x150.jpg",150,150,true],"medium":["https:\/\/digital58.com.ve\/site\/wp-content\/uploads\/2017\/09\/jjoo-2-300x208.jpg",300,208,true],"medium_large":["https:\/\/digital58.com.ve\/site\/wp-content\/uploads\/2017\/09\/jjoo-2-768x534.jpg",768,534,true],"large":["https:\/\/digital58.com.ve\/site\/wp-content\/uploads\/2017\/09\/jjoo-2-1474x1024.jpg",800,556,true],"1536x1536":["https:\/\/digital58.com.ve\/site\/wp-content\/uploads\/2017\/09\/jjoo-2.jpg",800,556,false],"2048x2048":["https:\/\/digital58.com.ve\/site\/wp-content\/uploads\/2017\/09\/jjoo-2.jpg",800,556,false],"colormag-highlighted-post":["https:\/\/digital58.com.ve\/site\/wp-content\/uploads\/2017\/09\/jjoo-2.jpg",392,272,false],"colormag-featured-post-medium":["https:\/\/digital58.com.ve\/site\/wp-content\/uploads\/2017\/09\/jjoo-2.jpg",295,205,false],"colormag-featured-post-small":["https:\/\/digital58.com.ve\/site\/wp-content\/uploads\/2017\/09\/jjoo-2.jpg",130,90,false],"colormag-featured-image":["https:\/\/digital58.com.ve\/site\/wp-content\/uploads\/2017\/09\/jjoo-2.jpg",640,445,false],"colormag-default-news":["https:\/\/digital58.com.ve\/site\/wp-content\/uploads\/2017\/09\/jjoo-2.jpg",150,104,false],"colormag-featured-image-large":["https:\/\/digital58.com.ve\/site\/wp-content\/uploads\/2017\/09\/jjoo-2.jpg",800,556,false]},"uagb_author_info":{"display_name":"Villasmil Henry","author_link":"https:\/\/digital58.com.ve\/site\/author\/droopy_68\/"},"uagb_comment_info":0,"uagb_excerpt":"El Comit\u00e9 Ol\u00edmpico Internacional (COI) anunci\u00f3 este mi\u00e9rcoles que la ciudad de Par\u00eds, Francia, y Los \u00c1ngeles, Estados Unidos, ser\u00e1n","_links":{"self":[{"href":"https:\/\/digital58.com.ve\/site\/wp-json\/wp\/v2\/posts\/70727","targetHints":{"allow":["GET"]}}],"collection":[{"href":"https:\/\/digital58.com.ve\/site\/wp-json\/wp\/v2\/posts"}],"about":[{"href":"https:\/\/digital58.com.ve\/site\/wp-json\/wp\/v2\/types\/post"}],"author":[{"embeddable":true,"href":"https:\/\/digital58.com.ve\/site\/wp-json\/wp\/v2\/users\/1"}],"replies":[{"embeddable":true,"href":"https:\/\/digital58.com.ve\/site\/wp-json\/wp\/v2\/comments?post=70727"}],"version-history":[{"count":0,"href":"https:\/\/digital58.com.ve\/site\/wp-json\/wp\/v2\/posts\/70727\/revisions"}],"wp:featuredmedia":[{"embeddable":true,"href":"https:\/\/digital58.com.ve\/site\/wp-json\/wp\/v2\/media\/70728"}],"wp:attachment":[{"href":"https:\/\/digital58.com.ve\/site\/wp-json\/wp\/v2\/media?parent=70727"}],"wp:term":[{"taxonomy":"category","embeddable":true,"href":"https:\/\/digital58.com.ve\/site\/wp-json\/wp\/v2\/categories?post=70727"},{"taxonomy":"post_tag","embeddable":true,"href":"https:\/\/digital58.com.ve\/site\/wp-json\/wp\/v2\/tags?post=70727"}],"curies":[{"name":"wp","href":"https:\/\/api.w.org\/{rel}","templated":true}]}}