{"id":71780,"date":"2017-10-04T07:00:47","date_gmt":"2017-10-04T11:00:47","guid":{"rendered":"http:\/\/digital58.com.ve\/site\/?p=71780"},"modified":"2017-10-03T23:55:38","modified_gmt":"2017-10-04T03:55:38","slug":"04-de-octubre-dia-mundial-de-los-animales","status":"publish","type":"post","link":"https:\/\/digital58.com.ve\/site\/2017\/10\/04\/04-de-octubre-dia-mundial-de-los-animales\/","title":{"rendered":"04 de octubre: D\u00eda Mundial de los Animales"},"content":{"rendered":"<p><a href=\"http:\/\/digital58.com.ve\/site\/wp-content\/uploads\/2017\/10\/animales-2.jpg\"><img loading=\"lazy\" decoding=\"async\" class=\"aligncenter wp-image-71785\" src=\"http:\/\/digital58.com.ve\/site\/wp-content\/uploads\/2017\/10\/animales-2.jpg\" alt=\"\" width=\"640\" height=\"361\" srcset=\"https:\/\/digital58.com.ve\/site\/wp-content\/uploads\/2017\/10\/animales-2.jpg 800w, https:\/\/digital58.com.ve\/site\/wp-content\/uploads\/2017\/10\/animales-2-300x169.jpg 300w, https:\/\/digital58.com.ve\/site\/wp-content\/uploads\/2017\/10\/animales-2-768x433.jpg 768w\" sizes=\"auto, (max-width: 640px) 100vw, 640px\" \/><\/a><\/p>\n<p>El 04 de octubre ha a elegido para celebrar el D\u00eda Mundial de los Animales, conmemoraci\u00f3n de San Francisco de As\u00eds, considerado como el primer humano que se concibi\u00f3 a s\u00ed mismo en relaci\u00f3n con todas las cosas creadas y que consideraba, sin importar la diferencia, que todos somos criaturas de Dios, incluyendo en esto toda la realidad animada e inanimada.<\/p>\n<p><strong>Maracaibo, Zulia, Venezuela, 04 de octubre de 2017 (D58).-<\/strong> En el a\u00f1o 1929, fue declarada esta efem\u00e9ride por iniciativa de la Organizaci\u00f3n Mundial de Protecci\u00f3n Animal en congreso realizado en Viena. Se celebr\u00f3 por primera vez en 1931 en una convenci\u00f3n de ecologistas en Florencia, Italia, como un llamado de atenci\u00f3n al problema de las especies en peligro de extinci\u00f3n.<\/p>\n<p><a href=\"http:\/\/digital58.com.ve\/site\/wp-content\/uploads\/2017\/10\/animales-3.jpg\"><img loading=\"lazy\" decoding=\"async\" class=\"aligncenter size-large wp-image-71781\" src=\"http:\/\/digital58.com.ve\/site\/wp-content\/uploads\/2017\/10\/animales-3-1500x844.jpg\" alt=\"\" width=\"640\" height=\"360\" srcset=\"https:\/\/digital58.com.ve\/site\/wp-content\/uploads\/2017\/10\/animales-3-1500x844.jpg 1500w, https:\/\/digital58.com.ve\/site\/wp-content\/uploads\/2017\/10\/animales-3-300x169.jpg 300w, https:\/\/digital58.com.ve\/site\/wp-content\/uploads\/2017\/10\/animales-3-768x432.jpg 768w, https:\/\/digital58.com.ve\/site\/wp-content\/uploads\/2017\/10\/animales-3.jpg 800w\" sizes=\"auto, (max-width: 640px) 100vw, 640px\" \/><\/a><\/p>\n<p>A partir del 04 de octubre de 2003, organizaciones inglesas defensoras de los animales decidieron organizar un evento anual y desde entonces el n\u00famero de eventos para conmemorar esta fecha ha ido abarcando varios pa\u00edses del mundo.<\/p>\n<p><a href=\"http:\/\/digital58.com.ve\/site\/wp-content\/uploads\/2017\/10\/animales-1.jpg\"><img loading=\"lazy\" decoding=\"async\" class=\"aligncenter wp-image-71784\" src=\"http:\/\/digital58.com.ve\/site\/wp-content\/uploads\/2017\/10\/animales-1.jpg\" alt=\"\" width=\"640\" height=\"396\" srcset=\"https:\/\/digital58.com.ve\/site\/wp-content\/uploads\/2017\/10\/animales-1.jpg 800w, https:\/\/digital58.com.ve\/site\/wp-content\/uploads\/2017\/10\/animales-1-300x186.jpg 300w, https:\/\/digital58.com.ve\/site\/wp-content\/uploads\/2017\/10\/animales-1-768x476.jpg 768w\" sizes=\"auto, (max-width: 640px) 100vw, 640px\" \/><\/a><\/p>\n<p>El prop\u00f3sito central de esta fecha es recordar la importancia de las otras especies animales con quienes compartimos el planeta, quienes las m\u00e1s de las veces son v\u00edctima de nuestro ego\u00edsmo y crueldad.<\/p>\n<p><a href=\"http:\/\/digital58.com.ve\/site\/wp-content\/uploads\/2017\/10\/animales-4.jpg\"><img loading=\"lazy\" decoding=\"async\" class=\"aligncenter size-large wp-image-71786\" src=\"http:\/\/digital58.com.ve\/site\/wp-content\/uploads\/2017\/10\/animales-4-1500x999.jpg\" alt=\"\" width=\"640\" height=\"426\" srcset=\"https:\/\/digital58.com.ve\/site\/wp-content\/uploads\/2017\/10\/animales-4-1500x999.jpg 1500w, https:\/\/digital58.com.ve\/site\/wp-content\/uploads\/2017\/10\/animales-4-300x200.jpg 300w, https:\/\/digital58.com.ve\/site\/wp-content\/uploads\/2017\/10\/animales-4-768x511.jpg 768w, https:\/\/digital58.com.ve\/site\/wp-content\/uploads\/2017\/10\/animales-4-720x480.jpg 720w, https:\/\/digital58.com.ve\/site\/wp-content\/uploads\/2017\/10\/animales-4-480x320.jpg 480w, https:\/\/digital58.com.ve\/site\/wp-content\/uploads\/2017\/10\/animales-4.jpg 800w\" sizes=\"auto, (max-width: 640px) 100vw, 640px\" \/><\/a><\/p>\n<p>Sin embargo, a trav\u00e9s de la educaci\u00f3n y la difusi\u00f3n de las actividades de los defensores de los animales, se intenta crear una nueva cultura del respeto y sensibilidad, en la cual afortunadamente cada vez m\u00e1s gente intenta en la medida de sus posibilidades, hacer de este mundo un sitio m\u00e1s justo para todos.<\/p>\n<p><a href=\"http:\/\/digital58.com.ve\/site\/wp-content\/uploads\/2017\/10\/animales-5-1.jpg\"><img loading=\"lazy\" decoding=\"async\" class=\"aligncenter size-large wp-image-71783\" src=\"http:\/\/digital58.com.ve\/site\/wp-content\/uploads\/2017\/10\/animales-5-1-1500x981.jpg\" alt=\"\" width=\"640\" height=\"419\" srcset=\"https:\/\/digital58.com.ve\/site\/wp-content\/uploads\/2017\/10\/animales-5-1-1500x981.jpg 1500w, https:\/\/digital58.com.ve\/site\/wp-content\/uploads\/2017\/10\/animales-5-1-300x196.jpg 300w, https:\/\/digital58.com.ve\/site\/wp-content\/uploads\/2017\/10\/animales-5-1-768x502.jpg 768w, https:\/\/digital58.com.ve\/site\/wp-content\/uploads\/2017\/10\/animales-5-1.jpg 800w\" sizes=\"auto, (max-width: 640px) 100vw, 640px\" \/><\/a><\/p>\n<p>En 1980, el papa Juan Pablo II, declar\u00f3 a San Francisco de As\u00eds patrono de los animales y de los ecologistas, momentos a partir del cual esta celebraci\u00f3n tom\u00f3 m\u00e1s auge en todo el mundo, celebr\u00e1ndose en muchos pa\u00edses con la \u00abbendici\u00f3n de las mascotas\u00bb.<\/p><div class=\"hihdq69f376625248a\" ><p style=\"text-align: center;\"><a href=\"https:\/\/t.me\/noticiasdigital58\" target=\"_blank\" rel=\"noopener\"><img class=\"aligncenter size-full wp-image-125363\" src=\"https:\/\/digital58.com.ve\/site\/wp-content\/uploads\/2021\/04\/banner-telegram-web-2021.png\" alt=\"\" width=\"600\" height=\"90\" \/><\/a><\/p><\/div><style type=\"text\/css\">\r\n@media screen and (min-width: 1201px) {\r\n.hihdq69f376625248a {\r\ndisplay: block;\r\n}\r\n}\r\n@media screen and (min-width: 993px) and (max-width: 1200px) {\r\n.hihdq69f376625248a {\r\ndisplay: block;\r\n}\r\n}\r\n@media screen and (min-width: 769px) and (max-width: 992px) {\r\n.hihdq69f376625248a {\r\ndisplay: block;\r\n}\r\n}\r\n@media screen and (min-width: 768px) and (max-width: 768px) {\r\n.hihdq69f376625248a {\r\ndisplay: block;\r\n}\r\n}\r\n@media screen and (max-width: 767px) {\r\n.hihdq69f376625248a {\r\ndisplay: block;\r\n}\r\n}\r\n<\/style>\r\n\n<p><strong>Redacci\u00f3n y fuente: Agencia<\/strong><br \/>\n<strong>Edici\u00f3n: <a href=\"https:\/\/www.instagram.com\/raquelsofiavera\/\" target=\"_blank\" rel=\"noopener\">Vera, Raquel<\/a><\/strong><br \/>\n<strong>Fotos: Google<\/strong><\/p>\n<div style=\"margin-top: 0px; margin-bottom: 0px;\" class=\"sharethis-inline-share-buttons\" ><\/div>","protected":false},"excerpt":{"rendered":"<p>El 04 de octubre ha a elegido para celebrar el D\u00eda Mundial de los Animales, conmemoraci\u00f3n de San Francisco de<\/p>\n","protected":false},"author":1,"featured_media":71783,"comment_status":"open","ping_status":"closed","sticky":false,"template":"","format":"standard","meta":{"colormag_page_container_layout":"default_layout","colormag_page_sidebar_layout":"default_layout","_uag_custom_page_level_css":"","footnotes":""},"categories":[5407],"tags":[3209,8053,4083,159,8,9648],"class_list":["post-71780","post","type-post","status-publish","format-standard","has-post-thumbnail","hentry","category-natura","tag-animales","tag-conmemoraciones","tag-ecosistema","tag-efemerides","tag-internacionales","tag-san-francisco-de-asis"],"yoast_head":"<!-- This site is optimized with the Yoast SEO plugin v27.5 - https:\/\/yoast.com\/product\/yoast-seo-wordpress\/ -->\n<title>04 de octubre: D\u00eda Mundial de los Animales<\/title>\n<meta name=\"robots\" content=\"index, follow, max-snippet:-1, max-image-preview:large, max-video-preview:-1\" \/>\n<link rel=\"canonical\" href=\"https:\/\/digital58.com.ve\/site\/2017\/10\/04\/04-de-octubre-dia-mundial-de-los-animales\/\" \/>\n<meta property=\"og:locale\" content=\"es_ES\" \/>\n<meta property=\"og:type\" content=\"article\" \/>\n<meta property=\"og:title\" content=\"04 de octubre: D\u00eda Mundial de los Animales\" \/>\n<meta property=\"og:url\" content=\"https:\/\/digital58.com.ve\/site\/2017\/10\/04\/04-de-octubre-dia-mundial-de-los-animales\/\" \/>\n<meta property=\"og:site_name\" content=\"Noticias Digital58\" \/>\n<meta property=\"article:published_time\" content=\"2017-10-04T11:00:47+00:00\" \/>\n<meta property=\"og:image\" content=\"https:\/\/digital58.com.ve\/site\/wp-content\/uploads\/2017\/10\/animales-5-1.jpg\" \/>\n\t<meta property=\"og:image:width\" content=\"1529\" \/>\n\t<meta property=\"og:image:height\" content=\"1000\" \/>\n\t<meta property=\"og:image:type\" content=\"image\/jpeg\" \/>\n<meta name=\"author\" content=\"Villasmil Henry\" \/>\n<meta name=\"twitter:card\" content=\"summary_large_image\" \/>\n<meta name=\"twitter:creator\" content=\"@https:\/\/twitter.com\/villasmilhfoto\" \/>\n<meta name=\"twitter:site\" content=\"@villasmilhfoto\" \/>\n<meta name=\"twitter:label1\" content=\"Escrito por\" \/>\n\t<meta name=\"twitter:data1\" content=\"Villasmil Henry\" \/>\n\t<meta name=\"twitter:label2\" content=\"Tiempo estimado de lectura\" \/>\n\t<meta name=\"twitter:data2\" content=\"2 minutos\" \/>\n<script type=\"application\/ld+json\" class=\"yoast-schema-graph\">{\"@context\":\"https:\\\/\\\/schema.org\",\"@graph\":[{\"@type\":\"Article\",\"@id\":\"https:\\\/\\\/digital58.com.ve\\\/site\\\/2017\\\/10\\\/04\\\/04-de-octubre-dia-mundial-de-los-animales\\\/#article\",\"isPartOf\":{\"@id\":\"https:\\\/\\\/digital58.com.ve\\\/site\\\/2017\\\/10\\\/04\\\/04-de-octubre-dia-mundial-de-los-animales\\\/\"},\"author\":{\"name\":\"Villasmil Henry\",\"@id\":\"https:\\\/\\\/digital58.com.ve\\\/site\\\/#\\\/schema\\\/person\\\/64d1c2e4d0d4fd1b849980c4331c2951\"},\"headline\":\"04 de octubre: D\u00eda Mundial de los Animales\",\"datePublished\":\"2017-10-04T11:00:47+00:00\",\"mainEntityOfPage\":{\"@id\":\"https:\\\/\\\/digital58.com.ve\\\/site\\\/2017\\\/10\\\/04\\\/04-de-octubre-dia-mundial-de-los-animales\\\/\"},\"wordCount\":330,\"commentCount\":0,\"publisher\":{\"@id\":\"https:\\\/\\\/digital58.com.ve\\\/site\\\/#\\\/schema\\\/person\\\/64d1c2e4d0d4fd1b849980c4331c2951\"},\"image\":{\"@id\":\"https:\\\/\\\/digital58.com.ve\\\/site\\\/2017\\\/10\\\/04\\\/04-de-octubre-dia-mundial-de-los-animales\\\/#primaryimage\"},\"thumbnailUrl\":\"https:\\\/\\\/digital58.com.ve\\\/site\\\/wp-content\\\/uploads\\\/2017\\\/10\\\/animales-5-1.jpg\",\"keywords\":[\"Animales\",\"Conmemoraciones\",\"Ecosistema\",\"Efem\u00e9rides\",\"Internacionales\",\"San Francisco de As\u00eds\"],\"articleSection\":[\"Natura\"],\"inLanguage\":\"es\",\"potentialAction\":[{\"@type\":\"CommentAction\",\"name\":\"Comment\",\"target\":[\"https:\\\/\\\/digital58.com.ve\\\/site\\\/2017\\\/10\\\/04\\\/04-de-octubre-dia-mundial-de-los-animales\\\/#respond\"]}]},{\"@type\":\"WebPage\",\"@id\":\"https:\\\/\\\/digital58.com.ve\\\/site\\\/2017\\\/10\\\/04\\\/04-de-octubre-dia-mundial-de-los-animales\\\/\",\"url\":\"https:\\\/\\\/digital58.com.ve\\\/site\\\/2017\\\/10\\\/04\\\/04-de-octubre-dia-mundial-de-los-animales\\\/\",\"name\":\"04 de octubre: D\u00eda Mundial de los Animales\",\"isPartOf\":{\"@id\":\"https:\\\/\\\/digital58.com.ve\\\/site\\\/#website\"},\"primaryImageOfPage\":{\"@id\":\"https:\\\/\\\/digital58.com.ve\\\/site\\\/2017\\\/10\\\/04\\\/04-de-octubre-dia-mundial-de-los-animales\\\/#primaryimage\"},\"image\":{\"@id\":\"https:\\\/\\\/digital58.com.ve\\\/site\\\/2017\\\/10\\\/04\\\/04-de-octubre-dia-mundial-de-los-animales\\\/#primaryimage\"},\"thumbnailUrl\":\"https:\\\/\\\/digital58.com.ve\\\/site\\\/wp-content\\\/uploads\\\/2017\\\/10\\\/animales-5-1.jpg\",\"datePublished\":\"2017-10-04T11:00:47+00:00\",\"breadcrumb\":{\"@id\":\"https:\\\/\\\/digital58.com.ve\\\/site\\\/2017\\\/10\\\/04\\\/04-de-octubre-dia-mundial-de-los-animales\\\/#breadcrumb\"},\"inLanguage\":\"es\",\"potentialAction\":[{\"@type\":\"ReadAction\",\"target\":[\"https:\\\/\\\/digital58.com.ve\\\/site\\\/2017\\\/10\\\/04\\\/04-de-octubre-dia-mundial-de-los-animales\\\/\"]}]},{\"@type\":\"ImageObject\",\"inLanguage\":\"es\",\"@id\":\"https:\\\/\\\/digital58.com.ve\\\/site\\\/2017\\\/10\\\/04\\\/04-de-octubre-dia-mundial-de-los-animales\\\/#primaryimage\",\"url\":\"https:\\\/\\\/digital58.com.ve\\\/site\\\/wp-content\\\/uploads\\\/2017\\\/10\\\/animales-5-1.jpg\",\"contentUrl\":\"https:\\\/\\\/digital58.com.ve\\\/site\\\/wp-content\\\/uploads\\\/2017\\\/10\\\/animales-5-1.jpg\",\"width\":800,\"height\":523},{\"@type\":\"BreadcrumbList\",\"@id\":\"https:\\\/\\\/digital58.com.ve\\\/site\\\/2017\\\/10\\\/04\\\/04-de-octubre-dia-mundial-de-los-animales\\\/#breadcrumb\",\"itemListElement\":[{\"@type\":\"ListItem\",\"position\":1,\"name\":\"Home\",\"item\":\"https:\\\/\\\/digital58.com.ve\\\/site\\\/\"},{\"@type\":\"ListItem\",\"position\":2,\"name\":\"04 de octubre: D\u00eda Mundial de los Animales\"}]},{\"@type\":\"WebSite\",\"@id\":\"https:\\\/\\\/digital58.com.ve\\\/site\\\/#website\",\"url\":\"https:\\\/\\\/digital58.com.ve\\\/site\\\/\",\"name\":\"Noticias Digital58\",\"description\":\"Portal de Noticias \u00a1Periodismo web de verdad! Lanzamiento web 22.11.2005 \\\/ Maracaibo, Venezuela\",\"publisher\":{\"@id\":\"https:\\\/\\\/digital58.com.ve\\\/site\\\/#\\\/schema\\\/person\\\/64d1c2e4d0d4fd1b849980c4331c2951\"},\"alternateName\":\"ND58\",\"potentialAction\":[{\"@type\":\"SearchAction\",\"target\":{\"@type\":\"EntryPoint\",\"urlTemplate\":\"https:\\\/\\\/digital58.com.ve\\\/site\\\/?s={search_term_string}\"},\"query-input\":{\"@type\":\"PropertyValueSpecification\",\"valueRequired\":true,\"valueName\":\"search_term_string\"}}],\"inLanguage\":\"es\"},{\"@type\":[\"Person\",\"Organization\"],\"@id\":\"https:\\\/\\\/digital58.com.ve\\\/site\\\/#\\\/schema\\\/person\\\/64d1c2e4d0d4fd1b849980c4331c2951\",\"name\":\"Villasmil Henry\",\"image\":{\"@type\":\"ImageObject\",\"inLanguage\":\"es\",\"@id\":\"https:\\\/\\\/secure.gravatar.com\\\/avatar\\\/bb0c4a2fcb7970138239f7e404ea75757b1b507b28b5ce4c53fbd62d797c5a7c?s=96&d=mm&r=g\",\"url\":\"https:\\\/\\\/secure.gravatar.com\\\/avatar\\\/bb0c4a2fcb7970138239f7e404ea75757b1b507b28b5ce4c53fbd62d797c5a7c?s=96&d=mm&r=g\",\"contentUrl\":\"https:\\\/\\\/secure.gravatar.com\\\/avatar\\\/bb0c4a2fcb7970138239f7e404ea75757b1b507b28b5ce4c53fbd62d797c5a7c?s=96&d=mm&r=g\",\"caption\":\"Villasmil Henry\"},\"logo\":{\"@id\":\"https:\\\/\\\/secure.gravatar.com\\\/avatar\\\/bb0c4a2fcb7970138239f7e404ea75757b1b507b28b5ce4c53fbd62d797c5a7c?s=96&d=mm&r=g\"},\"sameAs\":[\"http:\\\/\\\/www.henryvillasmil.com.ve\",\"https:\\\/\\\/www.instagram.com\\\/villasmilhfoto\\\/\",\"https:\\\/\\\/x.com\\\/https:\\\/\\\/twitter.com\\\/villasmilhfoto\"],\"url\":\"https:\\\/\\\/digital58.com.ve\\\/site\\\/author\\\/droopy_68\\\/\"}]}<\/script>\n<!-- \/ Yoast SEO plugin. -->","yoast_head_json":{"title":"04 de octubre: D\u00eda Mundial de los Animales","robots":{"index":"index","follow":"follow","max-snippet":"max-snippet:-1","max-image-preview":"max-image-preview:large","max-video-preview":"max-video-preview:-1"},"canonical":"https:\/\/digital58.com.ve\/site\/2017\/10\/04\/04-de-octubre-dia-mundial-de-los-animales\/","og_locale":"es_ES","og_type":"article","og_title":"04 de octubre: D\u00eda Mundial de los Animales","og_url":"https:\/\/digital58.com.ve\/site\/2017\/10\/04\/04-de-octubre-dia-mundial-de-los-animales\/","og_site_name":"Noticias Digital58","article_published_time":"2017-10-04T11:00:47+00:00","og_image":[{"width":1529,"height":1000,"url":"https:\/\/digital58.com.ve\/site\/wp-content\/uploads\/2017\/10\/animales-5-1.jpg","type":"image\/jpeg"}],"author":"Villasmil Henry","twitter_card":"summary_large_image","twitter_creator":"@https:\/\/twitter.com\/villasmilhfoto","twitter_site":"@villasmilhfoto","twitter_misc":{"Escrito por":"Villasmil Henry","Tiempo estimado de lectura":"2 minutos"},"schema":{"@context":"https:\/\/schema.org","@graph":[{"@type":"Article","@id":"https:\/\/digital58.com.ve\/site\/2017\/10\/04\/04-de-octubre-dia-mundial-de-los-animales\/#article","isPartOf":{"@id":"https:\/\/digital58.com.ve\/site\/2017\/10\/04\/04-de-octubre-dia-mundial-de-los-animales\/"},"author":{"name":"Villasmil Henry","@id":"https:\/\/digital58.com.ve\/site\/#\/schema\/person\/64d1c2e4d0d4fd1b849980c4331c2951"},"headline":"04 de octubre: D\u00eda Mundial de los Animales","datePublished":"2017-10-04T11:00:47+00:00","mainEntityOfPage":{"@id":"https:\/\/digital58.com.ve\/site\/2017\/10\/04\/04-de-octubre-dia-mundial-de-los-animales\/"},"wordCount":330,"commentCount":0,"publisher":{"@id":"https:\/\/digital58.com.ve\/site\/#\/schema\/person\/64d1c2e4d0d4fd1b849980c4331c2951"},"image":{"@id":"https:\/\/digital58.com.ve\/site\/2017\/10\/04\/04-de-octubre-dia-mundial-de-los-animales\/#primaryimage"},"thumbnailUrl":"https:\/\/digital58.com.ve\/site\/wp-content\/uploads\/2017\/10\/animales-5-1.jpg","keywords":["Animales","Conmemoraciones","Ecosistema","Efem\u00e9rides","Internacionales","San Francisco de As\u00eds"],"articleSection":["Natura"],"inLanguage":"es","potentialAction":[{"@type":"CommentAction","name":"Comment","target":["https:\/\/digital58.com.ve\/site\/2017\/10\/04\/04-de-octubre-dia-mundial-de-los-animales\/#respond"]}]},{"@type":"WebPage","@id":"https:\/\/digital58.com.ve\/site\/2017\/10\/04\/04-de-octubre-dia-mundial-de-los-animales\/","url":"https:\/\/digital58.com.ve\/site\/2017\/10\/04\/04-de-octubre-dia-mundial-de-los-animales\/","name":"04 de octubre: D\u00eda Mundial de los Animales","isPartOf":{"@id":"https:\/\/digital58.com.ve\/site\/#website"},"primaryImageOfPage":{"@id":"https:\/\/digital58.com.ve\/site\/2017\/10\/04\/04-de-octubre-dia-mundial-de-los-animales\/#primaryimage"},"image":{"@id":"https:\/\/digital58.com.ve\/site\/2017\/10\/04\/04-de-octubre-dia-mundial-de-los-animales\/#primaryimage"},"thumbnailUrl":"https:\/\/digital58.com.ve\/site\/wp-content\/uploads\/2017\/10\/animales-5-1.jpg","datePublished":"2017-10-04T11:00:47+00:00","breadcrumb":{"@id":"https:\/\/digital58.com.ve\/site\/2017\/10\/04\/04-de-octubre-dia-mundial-de-los-animales\/#breadcrumb"},"inLanguage":"es","potentialAction":[{"@type":"ReadAction","target":["https:\/\/digital58.com.ve\/site\/2017\/10\/04\/04-de-octubre-dia-mundial-de-los-animales\/"]}]},{"@type":"ImageObject","inLanguage":"es","@id":"https:\/\/digital58.com.ve\/site\/2017\/10\/04\/04-de-octubre-dia-mundial-de-los-animales\/#primaryimage","url":"https:\/\/digital58.com.ve\/site\/wp-content\/uploads\/2017\/10\/animales-5-1.jpg","contentUrl":"https:\/\/digital58.com.ve\/site\/wp-content\/uploads\/2017\/10\/animales-5-1.jpg","width":800,"height":523},{"@type":"BreadcrumbList","@id":"https:\/\/digital58.com.ve\/site\/2017\/10\/04\/04-de-octubre-dia-mundial-de-los-animales\/#breadcrumb","itemListElement":[{"@type":"ListItem","position":1,"name":"Home","item":"https:\/\/digital58.com.ve\/site\/"},{"@type":"ListItem","position":2,"name":"04 de octubre: D\u00eda Mundial de los Animales"}]},{"@type":"WebSite","@id":"https:\/\/digital58.com.ve\/site\/#website","url":"https:\/\/digital58.com.ve\/site\/","name":"Noticias Digital58","description":"Portal de Noticias \u00a1Periodismo web de verdad! Lanzamiento web 22.11.2005 \/ Maracaibo, Venezuela","publisher":{"@id":"https:\/\/digital58.com.ve\/site\/#\/schema\/person\/64d1c2e4d0d4fd1b849980c4331c2951"},"alternateName":"ND58","potentialAction":[{"@type":"SearchAction","target":{"@type":"EntryPoint","urlTemplate":"https:\/\/digital58.com.ve\/site\/?s={search_term_string}"},"query-input":{"@type":"PropertyValueSpecification","valueRequired":true,"valueName":"search_term_string"}}],"inLanguage":"es"},{"@type":["Person","Organization"],"@id":"https:\/\/digital58.com.ve\/site\/#\/schema\/person\/64d1c2e4d0d4fd1b849980c4331c2951","name":"Villasmil Henry","image":{"@type":"ImageObject","inLanguage":"es","@id":"https:\/\/secure.gravatar.com\/avatar\/bb0c4a2fcb7970138239f7e404ea75757b1b507b28b5ce4c53fbd62d797c5a7c?s=96&d=mm&r=g","url":"https:\/\/secure.gravatar.com\/avatar\/bb0c4a2fcb7970138239f7e404ea75757b1b507b28b5ce4c53fbd62d797c5a7c?s=96&d=mm&r=g","contentUrl":"https:\/\/secure.gravatar.com\/avatar\/bb0c4a2fcb7970138239f7e404ea75757b1b507b28b5ce4c53fbd62d797c5a7c?s=96&d=mm&r=g","caption":"Villasmil Henry"},"logo":{"@id":"https:\/\/secure.gravatar.com\/avatar\/bb0c4a2fcb7970138239f7e404ea75757b1b507b28b5ce4c53fbd62d797c5a7c?s=96&d=mm&r=g"},"sameAs":["http:\/\/www.henryvillasmil.com.ve","https:\/\/www.instagram.com\/villasmilhfoto\/","https:\/\/x.com\/https:\/\/twitter.com\/villasmilhfoto"],"url":"https:\/\/digital58.com.ve\/site\/author\/droopy_68\/"}]}},"uagb_featured_image_src":{"full":["https:\/\/digital58.com.ve\/site\/wp-content\/uploads\/2017\/10\/animales-5-1.jpg",800,523,false],"thumbnail":["https:\/\/digital58.com.ve\/site\/wp-content\/uploads\/2017\/10\/animales-5-1-150x150.jpg",150,150,true],"medium":["https:\/\/digital58.com.ve\/site\/wp-content\/uploads\/2017\/10\/animales-5-1-300x196.jpg",300,196,true],"medium_large":["https:\/\/digital58.com.ve\/site\/wp-content\/uploads\/2017\/10\/animales-5-1-768x502.jpg",768,502,true],"large":["https:\/\/digital58.com.ve\/site\/wp-content\/uploads\/2017\/10\/animales-5-1-1500x981.jpg",800,523,true],"1536x1536":["https:\/\/digital58.com.ve\/site\/wp-content\/uploads\/2017\/10\/animales-5-1.jpg",800,523,false],"2048x2048":["https:\/\/digital58.com.ve\/site\/wp-content\/uploads\/2017\/10\/animales-5-1.jpg",800,523,false],"colormag-highlighted-post":["https:\/\/digital58.com.ve\/site\/wp-content\/uploads\/2017\/10\/animales-5-1.jpg",392,256,false],"colormag-featured-post-medium":["https:\/\/digital58.com.ve\/site\/wp-content\/uploads\/2017\/10\/animales-5-1.jpg",314,205,false],"colormag-featured-post-small":["https:\/\/digital58.com.ve\/site\/wp-content\/uploads\/2017\/10\/animales-5-1.jpg",130,85,false],"colormag-featured-image":["https:\/\/digital58.com.ve\/site\/wp-content\/uploads\/2017\/10\/animales-5-1.jpg",681,445,false],"colormag-default-news":["https:\/\/digital58.com.ve\/site\/wp-content\/uploads\/2017\/10\/animales-5-1.jpg",150,98,false],"colormag-featured-image-large":["https:\/\/digital58.com.ve\/site\/wp-content\/uploads\/2017\/10\/animales-5-1.jpg",800,523,false]},"uagb_author_info":{"display_name":"Villasmil Henry","author_link":"https:\/\/digital58.com.ve\/site\/author\/droopy_68\/"},"uagb_comment_info":0,"uagb_excerpt":"El 04 de octubre ha a elegido para celebrar el D\u00eda Mundial de los Animales, conmemoraci\u00f3n de San Francisco de","_links":{"self":[{"href":"https:\/\/digital58.com.ve\/site\/wp-json\/wp\/v2\/posts\/71780","targetHints":{"allow":["GET"]}}],"collection":[{"href":"https:\/\/digital58.com.ve\/site\/wp-json\/wp\/v2\/posts"}],"about":[{"href":"https:\/\/digital58.com.ve\/site\/wp-json\/wp\/v2\/types\/post"}],"author":[{"embeddable":true,"href":"https:\/\/digital58.com.ve\/site\/wp-json\/wp\/v2\/users\/1"}],"replies":[{"embeddable":true,"href":"https:\/\/digital58.com.ve\/site\/wp-json\/wp\/v2\/comments?post=71780"}],"version-history":[{"count":0,"href":"https:\/\/digital58.com.ve\/site\/wp-json\/wp\/v2\/posts\/71780\/revisions"}],"wp:featuredmedia":[{"embeddable":true,"href":"https:\/\/digital58.com.ve\/site\/wp-json\/wp\/v2\/media\/71783"}],"wp:attachment":[{"href":"https:\/\/digital58.com.ve\/site\/wp-json\/wp\/v2\/media?parent=71780"}],"wp:term":[{"taxonomy":"category","embeddable":true,"href":"https:\/\/digital58.com.ve\/site\/wp-json\/wp\/v2\/categories?post=71780"},{"taxonomy":"post_tag","embeddable":true,"href":"https:\/\/digital58.com.ve\/site\/wp-json\/wp\/v2\/tags?post=71780"}],"curies":[{"name":"wp","href":"https:\/\/api.w.org\/{rel}","templated":true}]}}