{"id":71910,"date":"2017-10-06T09:36:22","date_gmt":"2017-10-06T13:36:22","guid":{"rendered":"http:\/\/digital58.com.ve\/site\/?p=71910"},"modified":"2017-10-06T09:36:22","modified_gmt":"2017-10-06T13:36:22","slug":"festival-internacional-de-cine-de-morelia-vivira-sus-xv-anos-con-disney-y-guillermo-del-toro","status":"publish","type":"post","link":"https:\/\/digital58.com.ve\/site\/2017\/10\/06\/festival-internacional-de-cine-de-morelia-vivira-sus-xv-anos-con-disney-y-guillermo-del-toro\/","title":{"rendered":"Festival Internacional de Cine de Morelia vivir\u00e1 sus XV a\u00f1os con Disney y Guillermo del Toro"},"content":{"rendered":"<p><a href=\"http:\/\/digital58.com.ve\/site\/wp-content\/uploads\/2017\/10\/xv-festival-de-cine-1.jpg\"><img loading=\"lazy\" decoding=\"async\" class=\"aligncenter size-full wp-image-71930\" src=\"http:\/\/digital58.com.ve\/site\/wp-content\/uploads\/2017\/10\/xv-festival-de-cine-1.jpg\" alt=\"\" width=\"656\" height=\"315\" srcset=\"https:\/\/digital58.com.ve\/site\/wp-content\/uploads\/2017\/10\/xv-festival-de-cine-1.jpg 656w, https:\/\/digital58.com.ve\/site\/wp-content\/uploads\/2017\/10\/xv-festival-de-cine-1-300x144.jpg 300w\" sizes=\"auto, (max-width: 656px) 100vw, 656px\" \/><\/a><\/p>\n<p>Como quincea\u00f1era que no deja de ser ni\u00f1a pero empieza a ser mujer, el Festival Internacional de Cine de Morielia se prepara para celebrar su XV aniversario entre personajes de Disney y el monstruo acu\u00e1tico creado por Guillermo del Toro.<\/p>\n<p><strong>Morelia, M\u00e9xico, 06 de octubre de 2017 (D58).-<\/strong> La cinta animada de Pixar \u00abCoco\u00bb, con tem\u00e1tica del D\u00eda de Muertos, tendr\u00e1 su estreno mundial en la inauguraci\u00f3n del festival el 20 de octubre, con la presencia de los directores Lee Unkrich y Adrian Molina, el actor Gael Garc\u00eda Bernal y los productores Darla Anderson y John Lasseter.<\/p>\n<p><a href=\"http:\/\/digital58.com.ve\/site\/wp-content\/uploads\/2017\/10\/coco.jpg\"><img loading=\"lazy\" decoding=\"async\" class=\"aligncenter wp-image-71933\" src=\"http:\/\/digital58.com.ve\/site\/wp-content\/uploads\/2017\/10\/coco.jpg\" alt=\"\" width=\"640\" height=\"484\" srcset=\"https:\/\/digital58.com.ve\/site\/wp-content\/uploads\/2017\/10\/coco.jpg 793w, https:\/\/digital58.com.ve\/site\/wp-content\/uploads\/2017\/10\/coco-300x227.jpg 300w, https:\/\/digital58.com.ve\/site\/wp-content\/uploads\/2017\/10\/coco-768x581.jpg 768w\" sizes=\"auto, (max-width: 640px) 100vw, 640px\" \/><\/a><\/p>\n<p>Del Toro, en tanto, ser\u00e1 el invitado de honor del festival y viajar\u00e1 a la capital michoacana para presentar \u00abLa forma del agua\u00bb, la cinta con la que conquist\u00f3 el Le\u00f3n de Oro en la m\u00e1s reciente edici\u00f3n del Festival de Cine de Venecia.<\/p>\n<p><a href=\"http:\/\/digital58.com.ve\/site\/wp-content\/uploads\/2017\/10\/la-forma-del-agua.jpg\"><img loading=\"lazy\" decoding=\"async\" class=\"aligncenter size-large wp-image-71934\" src=\"http:\/\/digital58.com.ve\/site\/wp-content\/uploads\/2017\/10\/la-forma-del-agua-1500x812.jpg\" alt=\"\" width=\"640\" height=\"346\" srcset=\"https:\/\/digital58.com.ve\/site\/wp-content\/uploads\/2017\/10\/la-forma-del-agua-1500x812.jpg 1500w, https:\/\/digital58.com.ve\/site\/wp-content\/uploads\/2017\/10\/la-forma-del-agua-300x162.jpg 300w, https:\/\/digital58.com.ve\/site\/wp-content\/uploads\/2017\/10\/la-forma-del-agua-768x416.jpg 768w, https:\/\/digital58.com.ve\/site\/wp-content\/uploads\/2017\/10\/la-forma-del-agua.jpg 800w\" sizes=\"auto, (max-width: 640px) 100vw, 640px\" \/><\/a><\/p>\n<p>Vale recalcar que el dinero recaudado en la funci\u00f3n de gala de su filme ser\u00e1 donado para los damnificados por los recientes sismos en M\u00e9xico.<\/p>\n<p>\u00abQuiero compartirles que en estas dos semanas recib\u00ed cerca de 200 correos de amigos del festival que han venido de regiones tan remotas como Hungr\u00eda, Rumania, China, much\u00edsimos amigos internacionales que estaban preocupados y queriendo much\u00edsimo a M\u00e9xico. Eso es muy bonito de compartir. Todos los invitados se sienten hermanados, se sienten que pertenecen a una gran familia\u00bb, coment\u00f3 la directora general del festival, Daniela Michel, en una conferencia de prensa.<\/p>\n<p>Este a\u00f1o participar\u00e1n en el festival 56 cortometrajes, 15 documentales, 15 obras michoacanas y siete largometrajes de cineastas de distintos estados de la Rep\u00fablica Mexicana. En total habr\u00e1 m\u00e1s de 100 realizadores mexicanos presentando su trabajo. El festival se clausurar\u00e1 el 29 de octubre.<\/p>\n<p><a href=\"http:\/\/digital58.com.ve\/site\/wp-content\/uploads\/2017\/10\/xv-festival-de-cine-3.jpg\"><img loading=\"lazy\" decoding=\"async\" class=\"aligncenter wp-image-71932\" src=\"http:\/\/digital58.com.ve\/site\/wp-content\/uploads\/2017\/10\/xv-festival-de-cine-3.jpg\" alt=\"\" width=\"640\" height=\"828\" srcset=\"https:\/\/digital58.com.ve\/site\/wp-content\/uploads\/2017\/10\/xv-festival-de-cine-3.jpg 464w, https:\/\/digital58.com.ve\/site\/wp-content\/uploads\/2017\/10\/xv-festival-de-cine-3-232x300.jpg 232w, https:\/\/digital58.com.ve\/site\/wp-content\/uploads\/2017\/10\/xv-festival-de-cine-3-768x994.jpg 768w\" sizes=\"auto, (max-width: 640px) 100vw, 640px\" \/><\/a><\/p>\n<p>La Secci\u00f3n de Largometraje Mexicano est\u00e1 conformada por \u00abLos adioses\u00bb de Natalia Berist\u00e1in, \u00abAyer maravilla fui\u00bb de Gabriel Mari\u00f1o, \u00abCasa Caracol\u00bb de Jean-Marc Rousseau Ruiz, \u00abCuadros en la oscuridad\u00bb de Paula Markovitch, \u00abThe Drawer Boy\u00bb de Arturo P\u00e9rez Torres, \u00abOso polar\u00bb de Marcelo Tobar, y \u00abSinvivir\u00bb de Ana\u00efs Pareto Onghena.<\/p>\n<p>\u00abEl principal logro es llegar a los 15 a\u00f1os\u00bb, dijo el el vicepresidente del festival, Cuauht\u00e9moc C\u00e1rdenas Batel. \u00abSin duda para nosotros el mayor logro es seguir siendo esta ventana que somos para el cine mexicano, para poderlo poner adem\u00e1s a disposici\u00f3n del que viene de fuera para verlo, para conocer lo que se hace aqu\u00ed y hacia el futuro es seguir manteniendo un rigor, seguir manteniendo una apertura a las muchas y muy diversas realidades que tiene M\u00e9xico y que desde fuera de M\u00e9xico se nos acercan tambi\u00e9n\u00bb.<\/p>\n<p>\u00abUno de los logros importantes del festival ha sido encontrarle un espacio al Festival de Cine de Morelia en un mundo en el que hay m\u00e1s de 4.000 festivales de cine\u00bb, agreg\u00f3 el presidente del evento, Alejandro Ram\u00edrez Maga\u00f1a. \u00abEl Festival de Cine de Morelia ha crecido de la mano con el crecimiento del cine mexicano. Hace 15 a\u00f1os no ten\u00edamos secci\u00f3n de largometraje mexicano en competencia porque no hab\u00eda suficientes t\u00edtulos para armar una secci\u00f3n; ese a\u00f1o creo que fue de los m\u00e1s bajos en la producci\u00f3n nacional y es una maravilla haber podido acompa\u00f1ar al cine mexicano en ese despegue\u00bb.<\/p>\n<p><a href=\"http:\/\/digital58.com.ve\/site\/wp-content\/uploads\/2017\/10\/xv-festival-de-cine-2.jpg\"><img loading=\"lazy\" decoding=\"async\" class=\"aligncenter wp-image-71931\" src=\"http:\/\/digital58.com.ve\/site\/wp-content\/uploads\/2017\/10\/xv-festival-de-cine-2.jpg\" alt=\"\" width=\"640\" height=\"360\" srcset=\"https:\/\/digital58.com.ve\/site\/wp-content\/uploads\/2017\/10\/xv-festival-de-cine-2.jpg 800w, https:\/\/digital58.com.ve\/site\/wp-content\/uploads\/2017\/10\/xv-festival-de-cine-2-300x169.jpg 300w, https:\/\/digital58.com.ve\/site\/wp-content\/uploads\/2017\/10\/xv-festival-de-cine-2-768x432.jpg 768w\" sizes=\"auto, (max-width: 640px) 100vw, 640px\" \/><\/a><\/p>\n<p>Por su parte, el cineasta franc\u00e9s Michel Hazanavicius presentar\u00e1 el estreno en M\u00e9xico de \u00abLe Redoutable\u00bb, as\u00ed como una funci\u00f3n especial de \u00abEl artista\u00bb (2011), su pel\u00edcula ganadora de cinco premios Oscar.<\/p>\n<p>\u00ab120 Beats per Minute\u00bb, galardonada con el Gran Premio del Jurado en el pasado Festival de Cannes, ser\u00e1 presentada por el actor Nahuel P\u00e9rez Biscayart. El actor Barbet Schroeder regresar\u00e1 a para el estreno mexicano de su documental \u00abThe Venerable W\u00bb y Laurent Cantet presentar\u00e1 su nueva pel\u00edcula, \u00abL\u2019atelier\u00bb.<\/p>\n<p>Por cuarto a\u00f1o consecutivo, el festival presentar\u00e1 la Selecci\u00f3n de Cortometraje Mexicano en L\u00ednea, la cual est\u00e1 compuesta por 29 cortometrajes de la Selecci\u00f3n Oficial del 15\u00ba FICM. Estos t\u00edtulos estar\u00e1n disponibles en l\u00ednea de manera gratuita a partir del 20 de octubre.<\/p>\n<p>El cortometraje que reciba m\u00e1s votos del p\u00fablico se llevar\u00e1 el Premio de la Selecci\u00f3n de Cortometraje Mexicano en L\u00ednea. En el caso de los cortometrajes de ficci\u00f3n, documental y animaci\u00f3n, el ganador ser\u00e1 considerado como elegible para la nominaci\u00f3n al Oscar.<\/p>\n<p>El jurado ser\u00e1 presidido por el realizador h\u00fangaro B\u00e9la Tarr y estar\u00e1 conformado por los cineastas, acad\u00e9micos y programadores: Cristian Mungiu, Charles Tesson, Karel Och, Christoph Terhechte, Andrea Guzm\u00e1n, Bruni Burres, Heather Haynes, Thomas Fouet, Meredith Brody, Jean-Pierre Garcia, Marco Julio Linares, Paulina Su\u00e1rez y Cl\u00e9mentine Mour\u00e3o-Ferreira.<\/p><div class=\"ttgxg69f44b9459164\" ><p style=\"text-align: center;\"><a href=\"https:\/\/t.me\/noticiasdigital58\" target=\"_blank\" rel=\"noopener\"><img class=\"aligncenter size-full wp-image-125363\" src=\"https:\/\/digital58.com.ve\/site\/wp-content\/uploads\/2021\/04\/banner-telegram-web-2021.png\" alt=\"\" width=\"600\" height=\"90\" \/><\/a><\/p><\/div><style type=\"text\/css\">\r\n@media screen and (min-width: 1201px) {\r\n.ttgxg69f44b9459164 {\r\ndisplay: block;\r\n}\r\n}\r\n@media screen and (min-width: 993px) and (max-width: 1200px) {\r\n.ttgxg69f44b9459164 {\r\ndisplay: block;\r\n}\r\n}\r\n@media screen and (min-width: 769px) and (max-width: 992px) {\r\n.ttgxg69f44b9459164 {\r\ndisplay: block;\r\n}\r\n}\r\n@media screen and (min-width: 768px) and (max-width: 768px) {\r\n.ttgxg69f44b9459164 {\r\ndisplay: block;\r\n}\r\n}\r\n@media screen and (max-width: 767px) {\r\n.ttgxg69f44b9459164 {\r\ndisplay: block;\r\n}\r\n}\r\n<\/style>\r\n\n<p><strong>Redacci\u00f3n y fuente: Agencia<\/strong><br \/>\n<strong>Edici\u00f3n: <a href=\"https:\/\/www.instagram.com\/raquelsofiavera\/\" target=\"_blank\" rel=\"noopener\">Vera, Raquel<\/a><\/strong><br \/>\n<strong>Fotos: Google<\/strong><\/p>\n<div style=\"margin-top: 0px; margin-bottom: 0px;\" class=\"sharethis-inline-share-buttons\" ><\/div>","protected":false},"excerpt":{"rendered":"<p>Como quincea\u00f1era que no deja de ser ni\u00f1a pero empieza a ser mujer, el Festival Internacional de Cine de Morielia<\/p>\n","protected":false},"author":1,"featured_media":71931,"comment_status":"open","ping_status":"closed","sticky":false,"template":"","format":"standard","meta":{"colormag_page_container_layout":"default_layout","colormag_page_sidebar_layout":"default_layout","_uag_custom_page_level_css":"","footnotes":""},"categories":[1],"tags":[46,355,51,374,8,175,72,9668],"class_list":["post-71910","post","type-post","status-publish","format-standard","has-post-thumbnail","hentry","category-fama","tag-cine","tag-donaciones","tag-estrenos","tag-festivales","tag-internacionales","tag-mexico","tag-peliculas","tag-xv-festival-internacional-de-cine-de-morielia"],"yoast_head":"<!-- This site is optimized with the Yoast SEO plugin v27.5 - https:\/\/yoast.com\/product\/yoast-seo-wordpress\/ -->\n<title>Festival Internacional de Cine de Morelia vivir\u00e1 sus XV a\u00f1os con Disney y Guillermo del Toro<\/title>\n<meta name=\"robots\" content=\"index, follow, max-snippet:-1, max-image-preview:large, max-video-preview:-1\" \/>\n<link rel=\"canonical\" href=\"https:\/\/digital58.com.ve\/site\/2017\/10\/06\/festival-internacional-de-cine-de-morelia-vivira-sus-xv-anos-con-disney-y-guillermo-del-toro\/\" \/>\n<meta property=\"og:locale\" content=\"es_ES\" \/>\n<meta property=\"og:type\" content=\"article\" \/>\n<meta property=\"og:title\" content=\"Festival Internacional de Cine de Morelia vivir\u00e1 sus XV a\u00f1os con Disney y Guillermo del Toro\" \/>\n<meta property=\"og:url\" content=\"https:\/\/digital58.com.ve\/site\/2017\/10\/06\/festival-internacional-de-cine-de-morelia-vivira-sus-xv-anos-con-disney-y-guillermo-del-toro\/\" \/>\n<meta property=\"og:site_name\" content=\"Noticias Digital58\" \/>\n<meta property=\"article:published_time\" content=\"2017-10-06T13:36:22+00:00\" \/>\n<meta property=\"og:image\" content=\"https:\/\/digital58.com.ve\/site\/wp-content\/uploads\/2017\/10\/xv-festival-de-cine-2.jpg\" \/>\n\t<meta property=\"og:image:width\" content=\"1280\" \/>\n\t<meta property=\"og:image:height\" content=\"720\" \/>\n\t<meta property=\"og:image:type\" content=\"image\/jpeg\" \/>\n<meta name=\"author\" content=\"Villasmil Henry\" \/>\n<meta name=\"twitter:card\" content=\"summary_large_image\" \/>\n<meta name=\"twitter:creator\" content=\"@https:\/\/twitter.com\/villasmilhfoto\" \/>\n<meta name=\"twitter:site\" content=\"@villasmilhfoto\" \/>\n<meta name=\"twitter:label1\" content=\"Escrito por\" \/>\n\t<meta name=\"twitter:data1\" content=\"Villasmil Henry\" \/>\n\t<meta name=\"twitter:label2\" content=\"Tiempo estimado de lectura\" \/>\n\t<meta name=\"twitter:data2\" content=\"4 minutos\" \/>\n<script type=\"application\/ld+json\" class=\"yoast-schema-graph\">{\"@context\":\"https:\\\/\\\/schema.org\",\"@graph\":[{\"@type\":\"Article\",\"@id\":\"https:\\\/\\\/digital58.com.ve\\\/site\\\/2017\\\/10\\\/06\\\/festival-internacional-de-cine-de-morelia-vivira-sus-xv-anos-con-disney-y-guillermo-del-toro\\\/#article\",\"isPartOf\":{\"@id\":\"https:\\\/\\\/digital58.com.ve\\\/site\\\/2017\\\/10\\\/06\\\/festival-internacional-de-cine-de-morelia-vivira-sus-xv-anos-con-disney-y-guillermo-del-toro\\\/\"},\"author\":{\"name\":\"Villasmil Henry\",\"@id\":\"https:\\\/\\\/digital58.com.ve\\\/site\\\/#\\\/schema\\\/person\\\/64d1c2e4d0d4fd1b849980c4331c2951\"},\"headline\":\"Festival Internacional de Cine de Morelia vivir\u00e1 sus XV a\u00f1os con Disney y Guillermo del Toro\",\"datePublished\":\"2017-10-06T13:36:22+00:00\",\"mainEntityOfPage\":{\"@id\":\"https:\\\/\\\/digital58.com.ve\\\/site\\\/2017\\\/10\\\/06\\\/festival-internacional-de-cine-de-morelia-vivira-sus-xv-anos-con-disney-y-guillermo-del-toro\\\/\"},\"wordCount\":822,\"commentCount\":0,\"publisher\":{\"@id\":\"https:\\\/\\\/digital58.com.ve\\\/site\\\/#\\\/schema\\\/person\\\/64d1c2e4d0d4fd1b849980c4331c2951\"},\"image\":{\"@id\":\"https:\\\/\\\/digital58.com.ve\\\/site\\\/2017\\\/10\\\/06\\\/festival-internacional-de-cine-de-morelia-vivira-sus-xv-anos-con-disney-y-guillermo-del-toro\\\/#primaryimage\"},\"thumbnailUrl\":\"https:\\\/\\\/digital58.com.ve\\\/site\\\/wp-content\\\/uploads\\\/2017\\\/10\\\/xv-festival-de-cine-2.jpg\",\"keywords\":[\"Cine\",\"Donaciones\",\"Estrenos\",\"Festivales\",\"Internacionales\",\"M\u00e9xico\",\"Pel\u00edculas\",\"XV Festival Internacional de Cine de Morielia\"],\"articleSection\":[\"Fama\"],\"inLanguage\":\"es\",\"potentialAction\":[{\"@type\":\"CommentAction\",\"name\":\"Comment\",\"target\":[\"https:\\\/\\\/digital58.com.ve\\\/site\\\/2017\\\/10\\\/06\\\/festival-internacional-de-cine-de-morelia-vivira-sus-xv-anos-con-disney-y-guillermo-del-toro\\\/#respond\"]}]},{\"@type\":\"WebPage\",\"@id\":\"https:\\\/\\\/digital58.com.ve\\\/site\\\/2017\\\/10\\\/06\\\/festival-internacional-de-cine-de-morelia-vivira-sus-xv-anos-con-disney-y-guillermo-del-toro\\\/\",\"url\":\"https:\\\/\\\/digital58.com.ve\\\/site\\\/2017\\\/10\\\/06\\\/festival-internacional-de-cine-de-morelia-vivira-sus-xv-anos-con-disney-y-guillermo-del-toro\\\/\",\"name\":\"Festival Internacional de Cine de Morelia vivir\u00e1 sus XV a\u00f1os con Disney y Guillermo del Toro\",\"isPartOf\":{\"@id\":\"https:\\\/\\\/digital58.com.ve\\\/site\\\/#website\"},\"primaryImageOfPage\":{\"@id\":\"https:\\\/\\\/digital58.com.ve\\\/site\\\/2017\\\/10\\\/06\\\/festival-internacional-de-cine-de-morelia-vivira-sus-xv-anos-con-disney-y-guillermo-del-toro\\\/#primaryimage\"},\"image\":{\"@id\":\"https:\\\/\\\/digital58.com.ve\\\/site\\\/2017\\\/10\\\/06\\\/festival-internacional-de-cine-de-morelia-vivira-sus-xv-anos-con-disney-y-guillermo-del-toro\\\/#primaryimage\"},\"thumbnailUrl\":\"https:\\\/\\\/digital58.com.ve\\\/site\\\/wp-content\\\/uploads\\\/2017\\\/10\\\/xv-festival-de-cine-2.jpg\",\"datePublished\":\"2017-10-06T13:36:22+00:00\",\"breadcrumb\":{\"@id\":\"https:\\\/\\\/digital58.com.ve\\\/site\\\/2017\\\/10\\\/06\\\/festival-internacional-de-cine-de-morelia-vivira-sus-xv-anos-con-disney-y-guillermo-del-toro\\\/#breadcrumb\"},\"inLanguage\":\"es\",\"potentialAction\":[{\"@type\":\"ReadAction\",\"target\":[\"https:\\\/\\\/digital58.com.ve\\\/site\\\/2017\\\/10\\\/06\\\/festival-internacional-de-cine-de-morelia-vivira-sus-xv-anos-con-disney-y-guillermo-del-toro\\\/\"]}]},{\"@type\":\"ImageObject\",\"inLanguage\":\"es\",\"@id\":\"https:\\\/\\\/digital58.com.ve\\\/site\\\/2017\\\/10\\\/06\\\/festival-internacional-de-cine-de-morelia-vivira-sus-xv-anos-con-disney-y-guillermo-del-toro\\\/#primaryimage\",\"url\":\"https:\\\/\\\/digital58.com.ve\\\/site\\\/wp-content\\\/uploads\\\/2017\\\/10\\\/xv-festival-de-cine-2.jpg\",\"contentUrl\":\"https:\\\/\\\/digital58.com.ve\\\/site\\\/wp-content\\\/uploads\\\/2017\\\/10\\\/xv-festival-de-cine-2.jpg\",\"width\":800,\"height\":450},{\"@type\":\"BreadcrumbList\",\"@id\":\"https:\\\/\\\/digital58.com.ve\\\/site\\\/2017\\\/10\\\/06\\\/festival-internacional-de-cine-de-morelia-vivira-sus-xv-anos-con-disney-y-guillermo-del-toro\\\/#breadcrumb\",\"itemListElement\":[{\"@type\":\"ListItem\",\"position\":1,\"name\":\"Home\",\"item\":\"https:\\\/\\\/digital58.com.ve\\\/site\\\/\"},{\"@type\":\"ListItem\",\"position\":2,\"name\":\"Festival Internacional de Cine de Morelia vivir\u00e1 sus XV a\u00f1os con Disney y Guillermo del Toro\"}]},{\"@type\":\"WebSite\",\"@id\":\"https:\\\/\\\/digital58.com.ve\\\/site\\\/#website\",\"url\":\"https:\\\/\\\/digital58.com.ve\\\/site\\\/\",\"name\":\"Noticias Digital58\",\"description\":\"Portal de Noticias \u00a1Periodismo web de verdad! Lanzamiento web 22.11.2005 \\\/ Maracaibo, Venezuela\",\"publisher\":{\"@id\":\"https:\\\/\\\/digital58.com.ve\\\/site\\\/#\\\/schema\\\/person\\\/64d1c2e4d0d4fd1b849980c4331c2951\"},\"alternateName\":\"ND58\",\"potentialAction\":[{\"@type\":\"SearchAction\",\"target\":{\"@type\":\"EntryPoint\",\"urlTemplate\":\"https:\\\/\\\/digital58.com.ve\\\/site\\\/?s={search_term_string}\"},\"query-input\":{\"@type\":\"PropertyValueSpecification\",\"valueRequired\":true,\"valueName\":\"search_term_string\"}}],\"inLanguage\":\"es\"},{\"@type\":[\"Person\",\"Organization\"],\"@id\":\"https:\\\/\\\/digital58.com.ve\\\/site\\\/#\\\/schema\\\/person\\\/64d1c2e4d0d4fd1b849980c4331c2951\",\"name\":\"Villasmil Henry\",\"image\":{\"@type\":\"ImageObject\",\"inLanguage\":\"es\",\"@id\":\"https:\\\/\\\/secure.gravatar.com\\\/avatar\\\/bb0c4a2fcb7970138239f7e404ea75757b1b507b28b5ce4c53fbd62d797c5a7c?s=96&d=mm&r=g\",\"url\":\"https:\\\/\\\/secure.gravatar.com\\\/avatar\\\/bb0c4a2fcb7970138239f7e404ea75757b1b507b28b5ce4c53fbd62d797c5a7c?s=96&d=mm&r=g\",\"contentUrl\":\"https:\\\/\\\/secure.gravatar.com\\\/avatar\\\/bb0c4a2fcb7970138239f7e404ea75757b1b507b28b5ce4c53fbd62d797c5a7c?s=96&d=mm&r=g\",\"caption\":\"Villasmil Henry\"},\"logo\":{\"@id\":\"https:\\\/\\\/secure.gravatar.com\\\/avatar\\\/bb0c4a2fcb7970138239f7e404ea75757b1b507b28b5ce4c53fbd62d797c5a7c?s=96&d=mm&r=g\"},\"sameAs\":[\"http:\\\/\\\/www.henryvillasmil.com.ve\",\"https:\\\/\\\/www.instagram.com\\\/villasmilhfoto\\\/\",\"https:\\\/\\\/x.com\\\/https:\\\/\\\/twitter.com\\\/villasmilhfoto\"],\"url\":\"https:\\\/\\\/digital58.com.ve\\\/site\\\/author\\\/droopy_68\\\/\"}]}<\/script>\n<!-- \/ Yoast SEO plugin. -->","yoast_head_json":{"title":"Festival Internacional de Cine de Morelia vivir\u00e1 sus XV a\u00f1os con Disney y Guillermo del Toro","robots":{"index":"index","follow":"follow","max-snippet":"max-snippet:-1","max-image-preview":"max-image-preview:large","max-video-preview":"max-video-preview:-1"},"canonical":"https:\/\/digital58.com.ve\/site\/2017\/10\/06\/festival-internacional-de-cine-de-morelia-vivira-sus-xv-anos-con-disney-y-guillermo-del-toro\/","og_locale":"es_ES","og_type":"article","og_title":"Festival Internacional de Cine de Morelia vivir\u00e1 sus XV a\u00f1os con Disney y Guillermo del Toro","og_url":"https:\/\/digital58.com.ve\/site\/2017\/10\/06\/festival-internacional-de-cine-de-morelia-vivira-sus-xv-anos-con-disney-y-guillermo-del-toro\/","og_site_name":"Noticias Digital58","article_published_time":"2017-10-06T13:36:22+00:00","og_image":[{"width":1280,"height":720,"url":"https:\/\/digital58.com.ve\/site\/wp-content\/uploads\/2017\/10\/xv-festival-de-cine-2.jpg","type":"image\/jpeg"}],"author":"Villasmil Henry","twitter_card":"summary_large_image","twitter_creator":"@https:\/\/twitter.com\/villasmilhfoto","twitter_site":"@villasmilhfoto","twitter_misc":{"Escrito por":"Villasmil Henry","Tiempo estimado de lectura":"4 minutos"},"schema":{"@context":"https:\/\/schema.org","@graph":[{"@type":"Article","@id":"https:\/\/digital58.com.ve\/site\/2017\/10\/06\/festival-internacional-de-cine-de-morelia-vivira-sus-xv-anos-con-disney-y-guillermo-del-toro\/#article","isPartOf":{"@id":"https:\/\/digital58.com.ve\/site\/2017\/10\/06\/festival-internacional-de-cine-de-morelia-vivira-sus-xv-anos-con-disney-y-guillermo-del-toro\/"},"author":{"name":"Villasmil Henry","@id":"https:\/\/digital58.com.ve\/site\/#\/schema\/person\/64d1c2e4d0d4fd1b849980c4331c2951"},"headline":"Festival Internacional de Cine de Morelia vivir\u00e1 sus XV a\u00f1os con Disney y Guillermo del Toro","datePublished":"2017-10-06T13:36:22+00:00","mainEntityOfPage":{"@id":"https:\/\/digital58.com.ve\/site\/2017\/10\/06\/festival-internacional-de-cine-de-morelia-vivira-sus-xv-anos-con-disney-y-guillermo-del-toro\/"},"wordCount":822,"commentCount":0,"publisher":{"@id":"https:\/\/digital58.com.ve\/site\/#\/schema\/person\/64d1c2e4d0d4fd1b849980c4331c2951"},"image":{"@id":"https:\/\/digital58.com.ve\/site\/2017\/10\/06\/festival-internacional-de-cine-de-morelia-vivira-sus-xv-anos-con-disney-y-guillermo-del-toro\/#primaryimage"},"thumbnailUrl":"https:\/\/digital58.com.ve\/site\/wp-content\/uploads\/2017\/10\/xv-festival-de-cine-2.jpg","keywords":["Cine","Donaciones","Estrenos","Festivales","Internacionales","M\u00e9xico","Pel\u00edculas","XV Festival Internacional de Cine de Morielia"],"articleSection":["Fama"],"inLanguage":"es","potentialAction":[{"@type":"CommentAction","name":"Comment","target":["https:\/\/digital58.com.ve\/site\/2017\/10\/06\/festival-internacional-de-cine-de-morelia-vivira-sus-xv-anos-con-disney-y-guillermo-del-toro\/#respond"]}]},{"@type":"WebPage","@id":"https:\/\/digital58.com.ve\/site\/2017\/10\/06\/festival-internacional-de-cine-de-morelia-vivira-sus-xv-anos-con-disney-y-guillermo-del-toro\/","url":"https:\/\/digital58.com.ve\/site\/2017\/10\/06\/festival-internacional-de-cine-de-morelia-vivira-sus-xv-anos-con-disney-y-guillermo-del-toro\/","name":"Festival Internacional de Cine de Morelia vivir\u00e1 sus XV a\u00f1os con Disney y Guillermo del Toro","isPartOf":{"@id":"https:\/\/digital58.com.ve\/site\/#website"},"primaryImageOfPage":{"@id":"https:\/\/digital58.com.ve\/site\/2017\/10\/06\/festival-internacional-de-cine-de-morelia-vivira-sus-xv-anos-con-disney-y-guillermo-del-toro\/#primaryimage"},"image":{"@id":"https:\/\/digital58.com.ve\/site\/2017\/10\/06\/festival-internacional-de-cine-de-morelia-vivira-sus-xv-anos-con-disney-y-guillermo-del-toro\/#primaryimage"},"thumbnailUrl":"https:\/\/digital58.com.ve\/site\/wp-content\/uploads\/2017\/10\/xv-festival-de-cine-2.jpg","datePublished":"2017-10-06T13:36:22+00:00","breadcrumb":{"@id":"https:\/\/digital58.com.ve\/site\/2017\/10\/06\/festival-internacional-de-cine-de-morelia-vivira-sus-xv-anos-con-disney-y-guillermo-del-toro\/#breadcrumb"},"inLanguage":"es","potentialAction":[{"@type":"ReadAction","target":["https:\/\/digital58.com.ve\/site\/2017\/10\/06\/festival-internacional-de-cine-de-morelia-vivira-sus-xv-anos-con-disney-y-guillermo-del-toro\/"]}]},{"@type":"ImageObject","inLanguage":"es","@id":"https:\/\/digital58.com.ve\/site\/2017\/10\/06\/festival-internacional-de-cine-de-morelia-vivira-sus-xv-anos-con-disney-y-guillermo-del-toro\/#primaryimage","url":"https:\/\/digital58.com.ve\/site\/wp-content\/uploads\/2017\/10\/xv-festival-de-cine-2.jpg","contentUrl":"https:\/\/digital58.com.ve\/site\/wp-content\/uploads\/2017\/10\/xv-festival-de-cine-2.jpg","width":800,"height":450},{"@type":"BreadcrumbList","@id":"https:\/\/digital58.com.ve\/site\/2017\/10\/06\/festival-internacional-de-cine-de-morelia-vivira-sus-xv-anos-con-disney-y-guillermo-del-toro\/#breadcrumb","itemListElement":[{"@type":"ListItem","position":1,"name":"Home","item":"https:\/\/digital58.com.ve\/site\/"},{"@type":"ListItem","position":2,"name":"Festival Internacional de Cine de Morelia vivir\u00e1 sus XV a\u00f1os con Disney y Guillermo del Toro"}]},{"@type":"WebSite","@id":"https:\/\/digital58.com.ve\/site\/#website","url":"https:\/\/digital58.com.ve\/site\/","name":"Noticias Digital58","description":"Portal de Noticias \u00a1Periodismo web de verdad! Lanzamiento web 22.11.2005 \/ Maracaibo, Venezuela","publisher":{"@id":"https:\/\/digital58.com.ve\/site\/#\/schema\/person\/64d1c2e4d0d4fd1b849980c4331c2951"},"alternateName":"ND58","potentialAction":[{"@type":"SearchAction","target":{"@type":"EntryPoint","urlTemplate":"https:\/\/digital58.com.ve\/site\/?s={search_term_string}"},"query-input":{"@type":"PropertyValueSpecification","valueRequired":true,"valueName":"search_term_string"}}],"inLanguage":"es"},{"@type":["Person","Organization"],"@id":"https:\/\/digital58.com.ve\/site\/#\/schema\/person\/64d1c2e4d0d4fd1b849980c4331c2951","name":"Villasmil Henry","image":{"@type":"ImageObject","inLanguage":"es","@id":"https:\/\/secure.gravatar.com\/avatar\/bb0c4a2fcb7970138239f7e404ea75757b1b507b28b5ce4c53fbd62d797c5a7c?s=96&d=mm&r=g","url":"https:\/\/secure.gravatar.com\/avatar\/bb0c4a2fcb7970138239f7e404ea75757b1b507b28b5ce4c53fbd62d797c5a7c?s=96&d=mm&r=g","contentUrl":"https:\/\/secure.gravatar.com\/avatar\/bb0c4a2fcb7970138239f7e404ea75757b1b507b28b5ce4c53fbd62d797c5a7c?s=96&d=mm&r=g","caption":"Villasmil Henry"},"logo":{"@id":"https:\/\/secure.gravatar.com\/avatar\/bb0c4a2fcb7970138239f7e404ea75757b1b507b28b5ce4c53fbd62d797c5a7c?s=96&d=mm&r=g"},"sameAs":["http:\/\/www.henryvillasmil.com.ve","https:\/\/www.instagram.com\/villasmilhfoto\/","https:\/\/x.com\/https:\/\/twitter.com\/villasmilhfoto"],"url":"https:\/\/digital58.com.ve\/site\/author\/droopy_68\/"}]}},"uagb_featured_image_src":{"full":["https:\/\/digital58.com.ve\/site\/wp-content\/uploads\/2017\/10\/xv-festival-de-cine-2.jpg",800,450,false],"thumbnail":["https:\/\/digital58.com.ve\/site\/wp-content\/uploads\/2017\/10\/xv-festival-de-cine-2-150x150.jpg",150,150,true],"medium":["https:\/\/digital58.com.ve\/site\/wp-content\/uploads\/2017\/10\/xv-festival-de-cine-2-300x169.jpg",300,169,true],"medium_large":["https:\/\/digital58.com.ve\/site\/wp-content\/uploads\/2017\/10\/xv-festival-de-cine-2-768x432.jpg",768,432,true],"large":["https:\/\/digital58.com.ve\/site\/wp-content\/uploads\/2017\/10\/xv-festival-de-cine-2.jpg",800,450,false],"1536x1536":["https:\/\/digital58.com.ve\/site\/wp-content\/uploads\/2017\/10\/xv-festival-de-cine-2.jpg",800,450,false],"2048x2048":["https:\/\/digital58.com.ve\/site\/wp-content\/uploads\/2017\/10\/xv-festival-de-cine-2.jpg",800,450,false],"colormag-highlighted-post":["https:\/\/digital58.com.ve\/site\/wp-content\/uploads\/2017\/10\/xv-festival-de-cine-2.jpg",392,221,false],"colormag-featured-post-medium":["https:\/\/digital58.com.ve\/site\/wp-content\/uploads\/2017\/10\/xv-festival-de-cine-2.jpg",364,205,false],"colormag-featured-post-small":["https:\/\/digital58.com.ve\/site\/wp-content\/uploads\/2017\/10\/xv-festival-de-cine-2.jpg",130,73,false],"colormag-featured-image":["https:\/\/digital58.com.ve\/site\/wp-content\/uploads\/2017\/10\/xv-festival-de-cine-2.jpg",791,445,false],"colormag-default-news":["https:\/\/digital58.com.ve\/site\/wp-content\/uploads\/2017\/10\/xv-festival-de-cine-2.jpg",150,84,false],"colormag-featured-image-large":["https:\/\/digital58.com.ve\/site\/wp-content\/uploads\/2017\/10\/xv-festival-de-cine-2.jpg",800,450,false]},"uagb_author_info":{"display_name":"Villasmil Henry","author_link":"https:\/\/digital58.com.ve\/site\/author\/droopy_68\/"},"uagb_comment_info":0,"uagb_excerpt":"Como quincea\u00f1era que no deja de ser ni\u00f1a pero empieza a ser mujer, el Festival Internacional de Cine de Morielia","_links":{"self":[{"href":"https:\/\/digital58.com.ve\/site\/wp-json\/wp\/v2\/posts\/71910","targetHints":{"allow":["GET"]}}],"collection":[{"href":"https:\/\/digital58.com.ve\/site\/wp-json\/wp\/v2\/posts"}],"about":[{"href":"https:\/\/digital58.com.ve\/site\/wp-json\/wp\/v2\/types\/post"}],"author":[{"embeddable":true,"href":"https:\/\/digital58.com.ve\/site\/wp-json\/wp\/v2\/users\/1"}],"replies":[{"embeddable":true,"href":"https:\/\/digital58.com.ve\/site\/wp-json\/wp\/v2\/comments?post=71910"}],"version-history":[{"count":0,"href":"https:\/\/digital58.com.ve\/site\/wp-json\/wp\/v2\/posts\/71910\/revisions"}],"wp:featuredmedia":[{"embeddable":true,"href":"https:\/\/digital58.com.ve\/site\/wp-json\/wp\/v2\/media\/71931"}],"wp:attachment":[{"href":"https:\/\/digital58.com.ve\/site\/wp-json\/wp\/v2\/media?parent=71910"}],"wp:term":[{"taxonomy":"category","embeddable":true,"href":"https:\/\/digital58.com.ve\/site\/wp-json\/wp\/v2\/categories?post=71910"},{"taxonomy":"post_tag","embeddable":true,"href":"https:\/\/digital58.com.ve\/site\/wp-json\/wp\/v2\/tags?post=71910"}],"curies":[{"name":"wp","href":"https:\/\/api.w.org\/{rel}","templated":true}]}}