{"id":72554,"date":"2017-10-18T08:33:47","date_gmt":"2017-10-18T12:33:47","guid":{"rendered":"http:\/\/digital58.com.ve\/site\/?p=72554"},"modified":"2017-10-18T08:33:47","modified_gmt":"2017-10-18T12:33:47","slug":"wilfredo-vegas-lanzo-su-nuevo-tema-el-inmigrante","status":"publish","type":"post","link":"https:\/\/digital58.com.ve\/site\/2017\/10\/18\/wilfredo-vegas-lanzo-su-nuevo-tema-el-inmigrante\/","title":{"rendered":"Wilfredo Vegas lanz\u00f3 su nuevo tema \u00abEl inmigrante\u00bb"},"content":{"rendered":"<p><a href=\"http:\/\/digital58.com.ve\/site\/wp-content\/uploads\/2017\/10\/vegas-2.jpg\"><img loading=\"lazy\" decoding=\"async\" class=\"aligncenter size-large wp-image-72555\" src=\"http:\/\/digital58.com.ve\/site\/wp-content\/uploads\/2017\/10\/vegas-2-683x1024.jpg\" alt=\"\" width=\"640\" height=\"960\" srcset=\"https:\/\/digital58.com.ve\/site\/wp-content\/uploads\/2017\/10\/vegas-2-683x1024.jpg 683w, https:\/\/digital58.com.ve\/site\/wp-content\/uploads\/2017\/10\/vegas-2-200x300.jpg 200w, https:\/\/digital58.com.ve\/site\/wp-content\/uploads\/2017\/10\/vegas-2-768x1152.jpg 768w, https:\/\/digital58.com.ve\/site\/wp-content\/uploads\/2017\/10\/vegas-2.jpg 400w\" sizes=\"auto, (max-width: 640px) 100vw, 640px\" \/><\/a><br \/>\nEl m\u00fasico y cantautor llanero Wilfredo Vegas lanz\u00f3 su nuevo tema titulado \u00abEl inmigrante\u00bb, siendo este el primer sencillo promocional que est\u00e1 incluido en lo que ser\u00e1 su quinta producci\u00f3n musical: \u00abA ese amor\u00bb. Esta producci\u00f3n contiene doce piezas, incluidos 11 de su autor\u00eda.<\/p>\n<p><strong>Maracaibo, Zulia, Venezuela, 18 de octubre de 2017 (D58).-<\/strong> El disco est\u00e1 respaldado por un equipo t\u00e9cnico s\u00f3lido y una gama de m\u00fasicos como Chipi Chac\u00f3n, trompetista; Ernesto Laya, maraquero; los arpistas Jos\u00e9 Archila y Yergin Loreto, y el maestro uruguayo Eduardo Gale\u00e1n como bandoneonista, entre otros m\u00fasicos de amplia y reconocida trayectoria. Lo acompa\u00f1an como invitados especiales en esta producci\u00f3n Cruz Tenepe, Alberto Castillo, Euler Guillen y Renzo La Posta.<\/p>\n<p>Nativo de Tucupido, pueblo conocido como \u00abEl Granero del Gu\u00e1rico\u00bb, desde la infancia demostr\u00f3 haber recibido como herencia, el amor y la vena po\u00e9tica musical de sus ancestros. Ha sido ganador de festivales y acreedor de diversos reconocimientos. Fue cultiv\u00e1ndose en las lides del canto y al mismo tiempo es multifac\u00e9tico, comenzando a escribir y componer, no solo para el g\u00e9nero llanero sino destac\u00e1ndose como m\u00fasico, conductor de programas de televisi\u00f3n, productor y director musical, para otros g\u00e9neros y artistas.<\/p>\n<p>Vegas resalt\u00f3: \u00abhoy m\u00e1s que nunca atesoro la firme convicci\u00f3n de que con mi arte puedo recrear, aportar e influir de manera positiva a la sociedad y especialmente la de mi pa\u00eds, a trav\u00e9s de los versos inmersos en mis canciones. Todo debido al compromiso con el llamado del deber, as\u00ed como la responsabilidad que tengo como ciudadano venezolano\u00bb.<\/p>\n<p>Su m\u00e1nager Germ\u00e1n Gigante acot\u00f3: \u00ab Wilfredo Vegas promete por el contenido cargado de amor, hermandad, calidad y espiritualidad en esta quinta producci\u00f3n llegar a todo tipo de p\u00fablico\u00bb.<\/p>\n<p><strong>Redacci\u00f3n con fuente : Eduardo Chapell\u00edn<\/strong><br \/>\n<strong>Edici\u00f3n: Villasmil, Henry<\/strong><br \/>\n<strong>Foto: cortes\u00eda<\/strong><\/p><div class=\"jptka69f33d8da4660\" ><p style=\"text-align: center;\"><a href=\"https:\/\/t.me\/noticiasdigital58\" target=\"_blank\" rel=\"noopener\"><img class=\"aligncenter size-full wp-image-125363\" src=\"https:\/\/digital58.com.ve\/site\/wp-content\/uploads\/2021\/04\/banner-telegram-web-2021.png\" alt=\"\" width=\"600\" height=\"90\" \/><\/a><\/p><\/div><style type=\"text\/css\">\r\n@media screen and (min-width: 1201px) {\r\n.jptka69f33d8da4660 {\r\ndisplay: block;\r\n}\r\n}\r\n@media screen and (min-width: 993px) and (max-width: 1200px) {\r\n.jptka69f33d8da4660 {\r\ndisplay: block;\r\n}\r\n}\r\n@media screen and (min-width: 769px) and (max-width: 992px) {\r\n.jptka69f33d8da4660 {\r\ndisplay: block;\r\n}\r\n}\r\n@media screen and (min-width: 768px) and (max-width: 768px) {\r\n.jptka69f33d8da4660 {\r\ndisplay: block;\r\n}\r\n}\r\n@media screen and (max-width: 767px) {\r\n.jptka69f33d8da4660 {\r\ndisplay: block;\r\n}\r\n}\r\n<\/style>\r\n\n<p><a href=\"http:\/\/digital58.com.ve\/site\/wp-content\/uploads\/2017\/10\/vegas.jpg\"><img loading=\"lazy\" decoding=\"async\" class=\"aligncenter size-large wp-image-72556\" src=\"http:\/\/digital58.com.ve\/site\/wp-content\/uploads\/2017\/10\/vegas-1255x1024.jpg\" alt=\"\" width=\"640\" height=\"522\" srcset=\"https:\/\/digital58.com.ve\/site\/wp-content\/uploads\/2017\/10\/vegas-1255x1024.jpg 1255w, https:\/\/digital58.com.ve\/site\/wp-content\/uploads\/2017\/10\/vegas-300x245.jpg 300w, https:\/\/digital58.com.ve\/site\/wp-content\/uploads\/2017\/10\/vegas-768x627.jpg 768w, https:\/\/digital58.com.ve\/site\/wp-content\/uploads\/2017\/10\/vegas.jpg 735w\" sizes=\"auto, (max-width: 640px) 100vw, 640px\" \/><\/a><\/p>\n<div style=\"margin-top: 0px; margin-bottom: 0px;\" class=\"sharethis-inline-share-buttons\" ><\/div>","protected":false},"excerpt":{"rendered":"<p>El m\u00fasico y cantautor llanero Wilfredo Vegas lanz\u00f3 su nuevo tema titulado \u00abEl inmigrante\u00bb, siendo este el primer sencillo promocional<\/p>\n","protected":false},"author":1,"featured_media":72556,"comment_status":"open","ping_status":"closed","sticky":false,"template":"","format":"standard","meta":{"colormag_page_container_layout":"default_layout","colormag_page_sidebar_layout":"default_layout","_uag_custom_page_level_css":"","footnotes":""},"categories":[5414],"tags":[78,1598,60,61,233,32,9757],"class_list":["post-72554","post","type-post","status-publish","format-standard","has-post-thumbnail","hentry","category-talento_nacional","tag-cantantes","tag-folclore-venezolano","tag-lanzamientos","tag-musica","tag-nacionales","tag-venezuela","tag-wilfredo-vegas"],"yoast_head":"<!-- This site is optimized with the Yoast SEO plugin v27.5 - https:\/\/yoast.com\/product\/yoast-seo-wordpress\/ -->\n<title>Wilfredo Vegas lanz\u00f3 su nuevo tema \u00abEl inmigrante\u00bb<\/title>\n<meta name=\"robots\" content=\"index, follow, max-snippet:-1, max-image-preview:large, max-video-preview:-1\" \/>\n<link rel=\"canonical\" href=\"https:\/\/digital58.com.ve\/site\/2017\/10\/18\/wilfredo-vegas-lanzo-su-nuevo-tema-el-inmigrante\/\" \/>\n<meta property=\"og:locale\" content=\"es_ES\" \/>\n<meta property=\"og:type\" content=\"article\" \/>\n<meta property=\"og:title\" content=\"Wilfredo Vegas lanz\u00f3 su nuevo tema \u00abEl inmigrante\u00bb\" \/>\n<meta property=\"og:url\" content=\"https:\/\/digital58.com.ve\/site\/2017\/10\/18\/wilfredo-vegas-lanzo-su-nuevo-tema-el-inmigrante\/\" \/>\n<meta property=\"og:site_name\" content=\"Noticias Digital58\" \/>\n<meta property=\"article:published_time\" content=\"2017-10-18T12:33:47+00:00\" \/>\n<meta property=\"og:image\" content=\"https:\/\/digital58.com.ve\/site\/wp-content\/uploads\/2017\/10\/vegas.jpg\" \/>\n\t<meta property=\"og:image:width\" content=\"1500\" \/>\n\t<meta property=\"og:image:height\" content=\"1224\" \/>\n\t<meta property=\"og:image:type\" content=\"image\/jpeg\" \/>\n<meta name=\"author\" content=\"Villasmil Henry\" \/>\n<meta name=\"twitter:card\" content=\"summary_large_image\" \/>\n<meta name=\"twitter:creator\" content=\"@https:\/\/twitter.com\/villasmilhfoto\" \/>\n<meta name=\"twitter:site\" content=\"@villasmilhfoto\" \/>\n<meta name=\"twitter:label1\" content=\"Escrito por\" \/>\n\t<meta name=\"twitter:data1\" content=\"Villasmil Henry\" \/>\n\t<meta name=\"twitter:label2\" content=\"Tiempo estimado de lectura\" \/>\n\t<meta name=\"twitter:data2\" content=\"2 minutos\" \/>\n<script type=\"application\/ld+json\" class=\"yoast-schema-graph\">{\"@context\":\"https:\\\/\\\/schema.org\",\"@graph\":[{\"@type\":\"Article\",\"@id\":\"https:\\\/\\\/digital58.com.ve\\\/site\\\/2017\\\/10\\\/18\\\/wilfredo-vegas-lanzo-su-nuevo-tema-el-inmigrante\\\/#article\",\"isPartOf\":{\"@id\":\"https:\\\/\\\/digital58.com.ve\\\/site\\\/2017\\\/10\\\/18\\\/wilfredo-vegas-lanzo-su-nuevo-tema-el-inmigrante\\\/\"},\"author\":{\"name\":\"Villasmil Henry\",\"@id\":\"https:\\\/\\\/digital58.com.ve\\\/site\\\/#\\\/schema\\\/person\\\/64d1c2e4d0d4fd1b849980c4331c2951\"},\"headline\":\"Wilfredo Vegas lanz\u00f3 su nuevo tema \u00abEl inmigrante\u00bb\",\"datePublished\":\"2017-10-18T12:33:47+00:00\",\"mainEntityOfPage\":{\"@id\":\"https:\\\/\\\/digital58.com.ve\\\/site\\\/2017\\\/10\\\/18\\\/wilfredo-vegas-lanzo-su-nuevo-tema-el-inmigrante\\\/\"},\"wordCount\":331,\"commentCount\":0,\"publisher\":{\"@id\":\"https:\\\/\\\/digital58.com.ve\\\/site\\\/#\\\/schema\\\/person\\\/64d1c2e4d0d4fd1b849980c4331c2951\"},\"image\":{\"@id\":\"https:\\\/\\\/digital58.com.ve\\\/site\\\/2017\\\/10\\\/18\\\/wilfredo-vegas-lanzo-su-nuevo-tema-el-inmigrante\\\/#primaryimage\"},\"thumbnailUrl\":\"https:\\\/\\\/digital58.com.ve\\\/site\\\/wp-content\\\/uploads\\\/2017\\\/10\\\/vegas.jpg\",\"keywords\":[\"Cantantes\",\"Folclore Venezolano\",\"Lanzamientos\",\"M\u00fasica\",\"Nacionales\",\"Venezuela\",\"Wilfredo Vegas\"],\"articleSection\":[\"Talento Nacional\"],\"inLanguage\":\"es\",\"potentialAction\":[{\"@type\":\"CommentAction\",\"name\":\"Comment\",\"target\":[\"https:\\\/\\\/digital58.com.ve\\\/site\\\/2017\\\/10\\\/18\\\/wilfredo-vegas-lanzo-su-nuevo-tema-el-inmigrante\\\/#respond\"]}]},{\"@type\":\"WebPage\",\"@id\":\"https:\\\/\\\/digital58.com.ve\\\/site\\\/2017\\\/10\\\/18\\\/wilfredo-vegas-lanzo-su-nuevo-tema-el-inmigrante\\\/\",\"url\":\"https:\\\/\\\/digital58.com.ve\\\/site\\\/2017\\\/10\\\/18\\\/wilfredo-vegas-lanzo-su-nuevo-tema-el-inmigrante\\\/\",\"name\":\"Wilfredo Vegas lanz\u00f3 su nuevo tema \u00abEl inmigrante\u00bb\",\"isPartOf\":{\"@id\":\"https:\\\/\\\/digital58.com.ve\\\/site\\\/#website\"},\"primaryImageOfPage\":{\"@id\":\"https:\\\/\\\/digital58.com.ve\\\/site\\\/2017\\\/10\\\/18\\\/wilfredo-vegas-lanzo-su-nuevo-tema-el-inmigrante\\\/#primaryimage\"},\"image\":{\"@id\":\"https:\\\/\\\/digital58.com.ve\\\/site\\\/2017\\\/10\\\/18\\\/wilfredo-vegas-lanzo-su-nuevo-tema-el-inmigrante\\\/#primaryimage\"},\"thumbnailUrl\":\"https:\\\/\\\/digital58.com.ve\\\/site\\\/wp-content\\\/uploads\\\/2017\\\/10\\\/vegas.jpg\",\"datePublished\":\"2017-10-18T12:33:47+00:00\",\"breadcrumb\":{\"@id\":\"https:\\\/\\\/digital58.com.ve\\\/site\\\/2017\\\/10\\\/18\\\/wilfredo-vegas-lanzo-su-nuevo-tema-el-inmigrante\\\/#breadcrumb\"},\"inLanguage\":\"es\",\"potentialAction\":[{\"@type\":\"ReadAction\",\"target\":[\"https:\\\/\\\/digital58.com.ve\\\/site\\\/2017\\\/10\\\/18\\\/wilfredo-vegas-lanzo-su-nuevo-tema-el-inmigrante\\\/\"]}]},{\"@type\":\"ImageObject\",\"inLanguage\":\"es\",\"@id\":\"https:\\\/\\\/digital58.com.ve\\\/site\\\/2017\\\/10\\\/18\\\/wilfredo-vegas-lanzo-su-nuevo-tema-el-inmigrante\\\/#primaryimage\",\"url\":\"https:\\\/\\\/digital58.com.ve\\\/site\\\/wp-content\\\/uploads\\\/2017\\\/10\\\/vegas.jpg\",\"contentUrl\":\"https:\\\/\\\/digital58.com.ve\\\/site\\\/wp-content\\\/uploads\\\/2017\\\/10\\\/vegas.jpg\",\"width\":735,\"height\":600},{\"@type\":\"BreadcrumbList\",\"@id\":\"https:\\\/\\\/digital58.com.ve\\\/site\\\/2017\\\/10\\\/18\\\/wilfredo-vegas-lanzo-su-nuevo-tema-el-inmigrante\\\/#breadcrumb\",\"itemListElement\":[{\"@type\":\"ListItem\",\"position\":1,\"name\":\"Home\",\"item\":\"https:\\\/\\\/digital58.com.ve\\\/site\\\/\"},{\"@type\":\"ListItem\",\"position\":2,\"name\":\"Wilfredo Vegas lanz\u00f3 su nuevo tema \u00abEl inmigrante\u00bb\"}]},{\"@type\":\"WebSite\",\"@id\":\"https:\\\/\\\/digital58.com.ve\\\/site\\\/#website\",\"url\":\"https:\\\/\\\/digital58.com.ve\\\/site\\\/\",\"name\":\"Noticias Digital58\",\"description\":\"Portal de Noticias \u00a1Periodismo web de verdad! Lanzamiento web 22.11.2005 \\\/ Maracaibo, Venezuela\",\"publisher\":{\"@id\":\"https:\\\/\\\/digital58.com.ve\\\/site\\\/#\\\/schema\\\/person\\\/64d1c2e4d0d4fd1b849980c4331c2951\"},\"alternateName\":\"ND58\",\"potentialAction\":[{\"@type\":\"SearchAction\",\"target\":{\"@type\":\"EntryPoint\",\"urlTemplate\":\"https:\\\/\\\/digital58.com.ve\\\/site\\\/?s={search_term_string}\"},\"query-input\":{\"@type\":\"PropertyValueSpecification\",\"valueRequired\":true,\"valueName\":\"search_term_string\"}}],\"inLanguage\":\"es\"},{\"@type\":[\"Person\",\"Organization\"],\"@id\":\"https:\\\/\\\/digital58.com.ve\\\/site\\\/#\\\/schema\\\/person\\\/64d1c2e4d0d4fd1b849980c4331c2951\",\"name\":\"Villasmil Henry\",\"image\":{\"@type\":\"ImageObject\",\"inLanguage\":\"es\",\"@id\":\"https:\\\/\\\/secure.gravatar.com\\\/avatar\\\/bb0c4a2fcb7970138239f7e404ea75757b1b507b28b5ce4c53fbd62d797c5a7c?s=96&d=mm&r=g\",\"url\":\"https:\\\/\\\/secure.gravatar.com\\\/avatar\\\/bb0c4a2fcb7970138239f7e404ea75757b1b507b28b5ce4c53fbd62d797c5a7c?s=96&d=mm&r=g\",\"contentUrl\":\"https:\\\/\\\/secure.gravatar.com\\\/avatar\\\/bb0c4a2fcb7970138239f7e404ea75757b1b507b28b5ce4c53fbd62d797c5a7c?s=96&d=mm&r=g\",\"caption\":\"Villasmil Henry\"},\"logo\":{\"@id\":\"https:\\\/\\\/secure.gravatar.com\\\/avatar\\\/bb0c4a2fcb7970138239f7e404ea75757b1b507b28b5ce4c53fbd62d797c5a7c?s=96&d=mm&r=g\"},\"sameAs\":[\"http:\\\/\\\/www.henryvillasmil.com.ve\",\"https:\\\/\\\/www.instagram.com\\\/villasmilhfoto\\\/\",\"https:\\\/\\\/x.com\\\/https:\\\/\\\/twitter.com\\\/villasmilhfoto\"],\"url\":\"https:\\\/\\\/digital58.com.ve\\\/site\\\/author\\\/droopy_68\\\/\"}]}<\/script>\n<!-- \/ Yoast SEO plugin. -->","yoast_head_json":{"title":"Wilfredo Vegas lanz\u00f3 su nuevo tema \u00abEl inmigrante\u00bb","robots":{"index":"index","follow":"follow","max-snippet":"max-snippet:-1","max-image-preview":"max-image-preview:large","max-video-preview":"max-video-preview:-1"},"canonical":"https:\/\/digital58.com.ve\/site\/2017\/10\/18\/wilfredo-vegas-lanzo-su-nuevo-tema-el-inmigrante\/","og_locale":"es_ES","og_type":"article","og_title":"Wilfredo Vegas lanz\u00f3 su nuevo tema \u00abEl inmigrante\u00bb","og_url":"https:\/\/digital58.com.ve\/site\/2017\/10\/18\/wilfredo-vegas-lanzo-su-nuevo-tema-el-inmigrante\/","og_site_name":"Noticias Digital58","article_published_time":"2017-10-18T12:33:47+00:00","og_image":[{"width":1500,"height":1224,"url":"https:\/\/digital58.com.ve\/site\/wp-content\/uploads\/2017\/10\/vegas.jpg","type":"image\/jpeg"}],"author":"Villasmil Henry","twitter_card":"summary_large_image","twitter_creator":"@https:\/\/twitter.com\/villasmilhfoto","twitter_site":"@villasmilhfoto","twitter_misc":{"Escrito por":"Villasmil Henry","Tiempo estimado de lectura":"2 minutos"},"schema":{"@context":"https:\/\/schema.org","@graph":[{"@type":"Article","@id":"https:\/\/digital58.com.ve\/site\/2017\/10\/18\/wilfredo-vegas-lanzo-su-nuevo-tema-el-inmigrante\/#article","isPartOf":{"@id":"https:\/\/digital58.com.ve\/site\/2017\/10\/18\/wilfredo-vegas-lanzo-su-nuevo-tema-el-inmigrante\/"},"author":{"name":"Villasmil Henry","@id":"https:\/\/digital58.com.ve\/site\/#\/schema\/person\/64d1c2e4d0d4fd1b849980c4331c2951"},"headline":"Wilfredo Vegas lanz\u00f3 su nuevo tema \u00abEl inmigrante\u00bb","datePublished":"2017-10-18T12:33:47+00:00","mainEntityOfPage":{"@id":"https:\/\/digital58.com.ve\/site\/2017\/10\/18\/wilfredo-vegas-lanzo-su-nuevo-tema-el-inmigrante\/"},"wordCount":331,"commentCount":0,"publisher":{"@id":"https:\/\/digital58.com.ve\/site\/#\/schema\/person\/64d1c2e4d0d4fd1b849980c4331c2951"},"image":{"@id":"https:\/\/digital58.com.ve\/site\/2017\/10\/18\/wilfredo-vegas-lanzo-su-nuevo-tema-el-inmigrante\/#primaryimage"},"thumbnailUrl":"https:\/\/digital58.com.ve\/site\/wp-content\/uploads\/2017\/10\/vegas.jpg","keywords":["Cantantes","Folclore Venezolano","Lanzamientos","M\u00fasica","Nacionales","Venezuela","Wilfredo Vegas"],"articleSection":["Talento Nacional"],"inLanguage":"es","potentialAction":[{"@type":"CommentAction","name":"Comment","target":["https:\/\/digital58.com.ve\/site\/2017\/10\/18\/wilfredo-vegas-lanzo-su-nuevo-tema-el-inmigrante\/#respond"]}]},{"@type":"WebPage","@id":"https:\/\/digital58.com.ve\/site\/2017\/10\/18\/wilfredo-vegas-lanzo-su-nuevo-tema-el-inmigrante\/","url":"https:\/\/digital58.com.ve\/site\/2017\/10\/18\/wilfredo-vegas-lanzo-su-nuevo-tema-el-inmigrante\/","name":"Wilfredo Vegas lanz\u00f3 su nuevo tema \u00abEl inmigrante\u00bb","isPartOf":{"@id":"https:\/\/digital58.com.ve\/site\/#website"},"primaryImageOfPage":{"@id":"https:\/\/digital58.com.ve\/site\/2017\/10\/18\/wilfredo-vegas-lanzo-su-nuevo-tema-el-inmigrante\/#primaryimage"},"image":{"@id":"https:\/\/digital58.com.ve\/site\/2017\/10\/18\/wilfredo-vegas-lanzo-su-nuevo-tema-el-inmigrante\/#primaryimage"},"thumbnailUrl":"https:\/\/digital58.com.ve\/site\/wp-content\/uploads\/2017\/10\/vegas.jpg","datePublished":"2017-10-18T12:33:47+00:00","breadcrumb":{"@id":"https:\/\/digital58.com.ve\/site\/2017\/10\/18\/wilfredo-vegas-lanzo-su-nuevo-tema-el-inmigrante\/#breadcrumb"},"inLanguage":"es","potentialAction":[{"@type":"ReadAction","target":["https:\/\/digital58.com.ve\/site\/2017\/10\/18\/wilfredo-vegas-lanzo-su-nuevo-tema-el-inmigrante\/"]}]},{"@type":"ImageObject","inLanguage":"es","@id":"https:\/\/digital58.com.ve\/site\/2017\/10\/18\/wilfredo-vegas-lanzo-su-nuevo-tema-el-inmigrante\/#primaryimage","url":"https:\/\/digital58.com.ve\/site\/wp-content\/uploads\/2017\/10\/vegas.jpg","contentUrl":"https:\/\/digital58.com.ve\/site\/wp-content\/uploads\/2017\/10\/vegas.jpg","width":735,"height":600},{"@type":"BreadcrumbList","@id":"https:\/\/digital58.com.ve\/site\/2017\/10\/18\/wilfredo-vegas-lanzo-su-nuevo-tema-el-inmigrante\/#breadcrumb","itemListElement":[{"@type":"ListItem","position":1,"name":"Home","item":"https:\/\/digital58.com.ve\/site\/"},{"@type":"ListItem","position":2,"name":"Wilfredo Vegas lanz\u00f3 su nuevo tema \u00abEl inmigrante\u00bb"}]},{"@type":"WebSite","@id":"https:\/\/digital58.com.ve\/site\/#website","url":"https:\/\/digital58.com.ve\/site\/","name":"Noticias Digital58","description":"Portal de Noticias \u00a1Periodismo web de verdad! Lanzamiento web 22.11.2005 \/ Maracaibo, Venezuela","publisher":{"@id":"https:\/\/digital58.com.ve\/site\/#\/schema\/person\/64d1c2e4d0d4fd1b849980c4331c2951"},"alternateName":"ND58","potentialAction":[{"@type":"SearchAction","target":{"@type":"EntryPoint","urlTemplate":"https:\/\/digital58.com.ve\/site\/?s={search_term_string}"},"query-input":{"@type":"PropertyValueSpecification","valueRequired":true,"valueName":"search_term_string"}}],"inLanguage":"es"},{"@type":["Person","Organization"],"@id":"https:\/\/digital58.com.ve\/site\/#\/schema\/person\/64d1c2e4d0d4fd1b849980c4331c2951","name":"Villasmil Henry","image":{"@type":"ImageObject","inLanguage":"es","@id":"https:\/\/secure.gravatar.com\/avatar\/bb0c4a2fcb7970138239f7e404ea75757b1b507b28b5ce4c53fbd62d797c5a7c?s=96&d=mm&r=g","url":"https:\/\/secure.gravatar.com\/avatar\/bb0c4a2fcb7970138239f7e404ea75757b1b507b28b5ce4c53fbd62d797c5a7c?s=96&d=mm&r=g","contentUrl":"https:\/\/secure.gravatar.com\/avatar\/bb0c4a2fcb7970138239f7e404ea75757b1b507b28b5ce4c53fbd62d797c5a7c?s=96&d=mm&r=g","caption":"Villasmil Henry"},"logo":{"@id":"https:\/\/secure.gravatar.com\/avatar\/bb0c4a2fcb7970138239f7e404ea75757b1b507b28b5ce4c53fbd62d797c5a7c?s=96&d=mm&r=g"},"sameAs":["http:\/\/www.henryvillasmil.com.ve","https:\/\/www.instagram.com\/villasmilhfoto\/","https:\/\/x.com\/https:\/\/twitter.com\/villasmilhfoto"],"url":"https:\/\/digital58.com.ve\/site\/author\/droopy_68\/"}]}},"uagb_featured_image_src":{"full":["https:\/\/digital58.com.ve\/site\/wp-content\/uploads\/2017\/10\/vegas.jpg",735,600,false],"thumbnail":["https:\/\/digital58.com.ve\/site\/wp-content\/uploads\/2017\/10\/vegas-150x150.jpg",150,150,true],"medium":["https:\/\/digital58.com.ve\/site\/wp-content\/uploads\/2017\/10\/vegas-300x245.jpg",300,245,true],"medium_large":["https:\/\/digital58.com.ve\/site\/wp-content\/uploads\/2017\/10\/vegas-768x627.jpg",768,627,true],"large":["https:\/\/digital58.com.ve\/site\/wp-content\/uploads\/2017\/10\/vegas-1255x1024.jpg",800,653,true],"1536x1536":["https:\/\/digital58.com.ve\/site\/wp-content\/uploads\/2017\/10\/vegas.jpg",735,600,false],"2048x2048":["https:\/\/digital58.com.ve\/site\/wp-content\/uploads\/2017\/10\/vegas.jpg",735,600,false],"colormag-highlighted-post":["https:\/\/digital58.com.ve\/site\/wp-content\/uploads\/2017\/10\/vegas.jpg",333,272,false],"colormag-featured-post-medium":["https:\/\/digital58.com.ve\/site\/wp-content\/uploads\/2017\/10\/vegas.jpg",251,205,false],"colormag-featured-post-small":["https:\/\/digital58.com.ve\/site\/wp-content\/uploads\/2017\/10\/vegas.jpg",110,90,false],"colormag-featured-image":["https:\/\/digital58.com.ve\/site\/wp-content\/uploads\/2017\/10\/vegas.jpg",545,445,false],"colormag-default-news":["https:\/\/digital58.com.ve\/site\/wp-content\/uploads\/2017\/10\/vegas.jpg",150,122,false],"colormag-featured-image-large":["https:\/\/digital58.com.ve\/site\/wp-content\/uploads\/2017\/10\/vegas.jpg",735,600,false]},"uagb_author_info":{"display_name":"Villasmil Henry","author_link":"https:\/\/digital58.com.ve\/site\/author\/droopy_68\/"},"uagb_comment_info":0,"uagb_excerpt":"El m\u00fasico y cantautor llanero Wilfredo Vegas lanz\u00f3 su nuevo tema titulado \u00abEl inmigrante\u00bb, siendo este el primer sencillo promocional","_links":{"self":[{"href":"https:\/\/digital58.com.ve\/site\/wp-json\/wp\/v2\/posts\/72554","targetHints":{"allow":["GET"]}}],"collection":[{"href":"https:\/\/digital58.com.ve\/site\/wp-json\/wp\/v2\/posts"}],"about":[{"href":"https:\/\/digital58.com.ve\/site\/wp-json\/wp\/v2\/types\/post"}],"author":[{"embeddable":true,"href":"https:\/\/digital58.com.ve\/site\/wp-json\/wp\/v2\/users\/1"}],"replies":[{"embeddable":true,"href":"https:\/\/digital58.com.ve\/site\/wp-json\/wp\/v2\/comments?post=72554"}],"version-history":[{"count":0,"href":"https:\/\/digital58.com.ve\/site\/wp-json\/wp\/v2\/posts\/72554\/revisions"}],"wp:featuredmedia":[{"embeddable":true,"href":"https:\/\/digital58.com.ve\/site\/wp-json\/wp\/v2\/media\/72556"}],"wp:attachment":[{"href":"https:\/\/digital58.com.ve\/site\/wp-json\/wp\/v2\/media?parent=72554"}],"wp:term":[{"taxonomy":"category","embeddable":true,"href":"https:\/\/digital58.com.ve\/site\/wp-json\/wp\/v2\/categories?post=72554"},{"taxonomy":"post_tag","embeddable":true,"href":"https:\/\/digital58.com.ve\/site\/wp-json\/wp\/v2\/tags?post=72554"}],"curies":[{"name":"wp","href":"https:\/\/api.w.org\/{rel}","templated":true}]}}