{"id":72603,"date":"2017-10-19T08:37:11","date_gmt":"2017-10-19T12:37:11","guid":{"rendered":"http:\/\/digital58.com.ve\/site\/?p=72603"},"modified":"2017-10-19T08:37:11","modified_gmt":"2017-10-19T12:37:11","slug":"hoy-es-el-dia-mundial-de-lucha-contra-el-cancer-de-mama","status":"publish","type":"post","link":"https:\/\/digital58.com.ve\/site\/2017\/10\/19\/hoy-es-el-dia-mundial-de-lucha-contra-el-cancer-de-mama\/","title":{"rendered":"Hoy es el D\u00eda Mundial de Lucha contra el C\u00e1ncer de Mama"},"content":{"rendered":"<p><img loading=\"lazy\" decoding=\"async\" class=\"aligncenter size-full wp-image-72607\" src=\"http:\/\/digital58.com.ve\/site\/wp-content\/uploads\/2017\/10\/senos.jpg\" alt=\"\" width=\"700\" height=\"430\" srcset=\"https:\/\/digital58.com.ve\/site\/wp-content\/uploads\/2017\/10\/senos.jpg 700w, https:\/\/digital58.com.ve\/site\/wp-content\/uploads\/2017\/10\/senos-300x184.jpg 300w\" sizes=\"auto, (max-width: 700px) 100vw, 700px\" \/><\/p>\n<p>Con el fin de concientizar a la poblaci\u00f3n de la vital importancia de una detecci\u00f3n precoz, hoy 19 de octubre se celebra en el mundo el D\u00eda Mundial de Lucha contra el C\u00e1ncer de Mama. La mortalidad que se asocia a esta enfermedad disminuye de una manera notable en aquellas pacientes a las que se les ha diagnosticado la enfermedad al comienzo de la misma. Los efectos y los tratamientos son menos agresivos cuanto antes sea detectado el c\u00e1ncer de mama.<\/p>\n<p><strong>Maracaibo, Zulia, Venezuela, 19 de octubre de 2017 (D58).-<\/strong> Lo que debes hacer es muy sencillo, \u00a1T\u00d3CATE! la detecci\u00f3n temprana es fundamental. La autoexploraci\u00f3n permitir\u00e1 notar si hay algo extra\u00f1o en tus mamas: cambio del color de la piel, secreciones, inflamaciones. Lo recomendable es que las mujeres una vez al mes se examinen, lo ideal es hacerlo una semana luego del inicio de la menstruaci\u00f3n.<\/p>\n<p>El c\u00e1ncer de mama es una proliferaci\u00f3n maligna de las c\u00e9lulas epiteliales que revisten los conductos o lobulillos mamarios. Es una enfermedad clonal; donde una c\u00e9lula individual producto de una serie de mutaciones som\u00e1ticas o de l\u00ednea germinal adquiere la capacidad de dividirse sin control ni orden, haciendo que se reproduzca hasta formar un tumor. El tumor resultante, que comienza como anomal\u00eda leve, pasa a ser grave, invade tejidos vecinos y, finalmente, se propaga a otras partes del cuerpo.<\/p>\n<p>Existen dos tipos principales de c\u00e1ncer de mama. El carcinoma ductal infiltrante, que comienza en los conductos que llevan leche desde la mama hasta el pez\u00f3n, es por mucho el m\u00e1s frecuente (aproximadamente el 80 % de los casos).<\/p>\n<p>El segundo lugar lo ocupa el carcinoma lobulillar infiltrante (10 a 12 % de los casos), que comienza en partes de las mamas llamadas lobulillos, que producen la leche materna.\u200b Los restantes tipos de c\u00e1ncer de mama no superan en conjunto el 10 % de los casos.<\/p>\n<p>Los principales factores de riesgo de contraer c\u00e1ncer de mama incluyen una edad avanzada, la primera menstruaci\u00f3n a temprana edad, edad avanzada en el momento del primer parto o nunca haber dado a luz, antecedentes familiares de c\u00e1ncer de mama, el hecho de consumir hormonas tales como estr\u00f3geno y progesterona, consumir licor y ser de raza blanca. Entre 5 a 10 % de los casos, el c\u00e1ncer de mama es causado por mutaciones gen\u00e9ticas heredadas.<\/p>\n<p>Para detectar el c\u00e1ncer de mama, se utilizan diferentes pruebas como la mamograf\u00eda, ultrasonido mamario con transductores de alta resoluci\u00f3n (ecograf\u00eda), una prueba de receptores de estr\u00f3geno y progesterona o im\u00e1genes por resonancia magn\u00e9tica.<\/p>\n<p>El diagn\u00f3stico de c\u00e1ncer de mama solo puede adoptar el car\u00e1cter definitivo por medio de una biopsia mamaria. Lo ideal es hacer biopsias por punci\u00f3n o aspiraci\u00f3n, con aguja fina y pistola de corte, guiados por ultrasonido o resonancia, o usar equipos de biopsia por corte y vac\u00edo, los cuales son capaces de retirar la lesi\u00f3n parcialmente o completamente, seg\u00fan el caso.<\/p>\n<p>Estos pueden ser guiados por estereotaxia (imagen mamogr\u00e1fica guiada por coordenadas) o por ultrasonido. Si no es posible, se pueden hacer biopsias incisionales (retirar parte de la masa) o excisionales (retirar toda la masa), lo cual puede alterar el estadio del tumor.<\/p>\n<p>Hay nuevas t\u00e9cnicas que, mediante ultrasonido, pueden sugerir malignidad, como la Ecograf\u00eda Doppler, 3D multicortes o elastograf\u00eda, pero todas deben ser evaluadas y solo se tendr\u00e1 un diagn\u00f3stico definitivo mediante una biopsia.<\/p>\n<p>Obviamente, por todos los m\u00e9todos de imagen, se tienen caracterizaciones de lo que puede ser un c\u00e1ncer o no, para lo cual, se usa el m\u00e9todo BI-RADS, con el fin de decidir la conducta seg\u00fan esa clasificaci\u00f3n.<\/p>\n<p>Del total de los carcinomas de mama, menos del 1 % ocurren en varones. El D\u00eda Internacional del C\u00e1ncer de Mama se celebra el 19 de octubre, tiene como objetivo sensibilizar a la poblaci\u00f3n general acerca de la importancia que esta enfermedad tiene en el mundo industrializado.<\/p>\n<p><strong>Redacci\u00f3n con fuente: Google<\/strong><br \/>\n<strong>Edici\u00f3n: Villasmil, Henry<\/strong><br \/>\n<strong>Gr\u00e1ficas: cortes\u00eda<\/strong><\/p><div class=\"aqbov69f50e2b60eaf\" ><p style=\"text-align: center;\"><a href=\"https:\/\/t.me\/noticiasdigital58\" target=\"_blank\" rel=\"noopener\"><img class=\"aligncenter size-full wp-image-125363\" src=\"https:\/\/digital58.com.ve\/site\/wp-content\/uploads\/2021\/04\/banner-telegram-web-2021.png\" alt=\"\" width=\"600\" height=\"90\" \/><\/a><\/p><\/div><style type=\"text\/css\">\r\n@media screen and (min-width: 1201px) {\r\n.aqbov69f50e2b60eaf {\r\ndisplay: block;\r\n}\r\n}\r\n@media screen and (min-width: 993px) and (max-width: 1200px) {\r\n.aqbov69f50e2b60eaf {\r\ndisplay: block;\r\n}\r\n}\r\n@media screen and (min-width: 769px) and (max-width: 992px) {\r\n.aqbov69f50e2b60eaf {\r\ndisplay: block;\r\n}\r\n}\r\n@media screen and (min-width: 768px) and (max-width: 768px) {\r\n.aqbov69f50e2b60eaf {\r\ndisplay: block;\r\n}\r\n}\r\n@media screen and (max-width: 767px) {\r\n.aqbov69f50e2b60eaf {\r\ndisplay: block;\r\n}\r\n}\r\n<\/style>\r\n\n<p>&nbsp;<\/p>\n<div style=\"margin-top: 0px; margin-bottom: 0px;\" class=\"sharethis-inline-share-buttons\" ><\/div>","protected":false},"excerpt":{"rendered":"<p>Con el fin de concientizar a la poblaci\u00f3n de la vital importancia de una detecci\u00f3n precoz, hoy 19 de octubre<\/p>\n","protected":false},"author":1,"featured_media":72607,"comment_status":"open","ping_status":"closed","sticky":false,"template":"","format":"standard","meta":{"colormag_page_container_layout":"default_layout","colormag_page_sidebar_layout":"default_layout","_uag_custom_page_level_css":"","footnotes":""},"categories":[5403],"tags":[9765,159,7125],"class_list":["post-72603","post","type-post","status-publish","format-standard","has-post-thumbnail","hentry","category-otros","tag-dia-mundial-de-lucha-contra-el-cancer-de-mama","tag-efemerides","tag-mujeres"],"yoast_head":"<!-- This site is optimized with the Yoast SEO plugin v27.5 - https:\/\/yoast.com\/product\/yoast-seo-wordpress\/ -->\n<title>Hoy es el D\u00eda Mundial de Lucha contra el C\u00e1ncer de Mama<\/title>\n<meta name=\"robots\" content=\"index, follow, max-snippet:-1, max-image-preview:large, max-video-preview:-1\" \/>\n<link rel=\"canonical\" href=\"https:\/\/digital58.com.ve\/site\/2017\/10\/19\/hoy-es-el-dia-mundial-de-lucha-contra-el-cancer-de-mama\/\" \/>\n<meta property=\"og:locale\" content=\"es_ES\" \/>\n<meta property=\"og:type\" content=\"article\" \/>\n<meta property=\"og:title\" content=\"Hoy es el D\u00eda Mundial de Lucha contra el C\u00e1ncer de Mama\" \/>\n<meta property=\"og:url\" content=\"https:\/\/digital58.com.ve\/site\/2017\/10\/19\/hoy-es-el-dia-mundial-de-lucha-contra-el-cancer-de-mama\/\" \/>\n<meta property=\"og:site_name\" content=\"Noticias Digital58\" \/>\n<meta property=\"article:published_time\" content=\"2017-10-19T12:37:11+00:00\" \/>\n<meta property=\"og:image\" content=\"https:\/\/digital58.com.ve\/site\/wp-content\/uploads\/2017\/10\/senos.jpg\" \/>\n\t<meta property=\"og:image:width\" content=\"700\" \/>\n\t<meta property=\"og:image:height\" content=\"430\" \/>\n\t<meta property=\"og:image:type\" content=\"image\/jpeg\" \/>\n<meta name=\"author\" content=\"Villasmil Henry\" \/>\n<meta name=\"twitter:card\" content=\"summary_large_image\" \/>\n<meta name=\"twitter:creator\" content=\"@https:\/\/twitter.com\/villasmilhfoto\" \/>\n<meta name=\"twitter:site\" content=\"@villasmilhfoto\" \/>\n<meta name=\"twitter:label1\" content=\"Escrito por\" \/>\n\t<meta name=\"twitter:data1\" content=\"Villasmil Henry\" \/>\n\t<meta name=\"twitter:label2\" content=\"Tiempo estimado de lectura\" \/>\n\t<meta name=\"twitter:data2\" content=\"3 minutos\" \/>\n<script type=\"application\/ld+json\" class=\"yoast-schema-graph\">{\"@context\":\"https:\\\/\\\/schema.org\",\"@graph\":[{\"@type\":\"Article\",\"@id\":\"https:\\\/\\\/digital58.com.ve\\\/site\\\/2017\\\/10\\\/19\\\/hoy-es-el-dia-mundial-de-lucha-contra-el-cancer-de-mama\\\/#article\",\"isPartOf\":{\"@id\":\"https:\\\/\\\/digital58.com.ve\\\/site\\\/2017\\\/10\\\/19\\\/hoy-es-el-dia-mundial-de-lucha-contra-el-cancer-de-mama\\\/\"},\"author\":{\"name\":\"Villasmil Henry\",\"@id\":\"https:\\\/\\\/digital58.com.ve\\\/site\\\/#\\\/schema\\\/person\\\/64d1c2e4d0d4fd1b849980c4331c2951\"},\"headline\":\"Hoy es el D\u00eda Mundial de Lucha contra el C\u00e1ncer de Mama\",\"datePublished\":\"2017-10-19T12:37:11+00:00\",\"mainEntityOfPage\":{\"@id\":\"https:\\\/\\\/digital58.com.ve\\\/site\\\/2017\\\/10\\\/19\\\/hoy-es-el-dia-mundial-de-lucha-contra-el-cancer-de-mama\\\/\"},\"wordCount\":708,\"commentCount\":0,\"publisher\":{\"@id\":\"https:\\\/\\\/digital58.com.ve\\\/site\\\/#\\\/schema\\\/person\\\/64d1c2e4d0d4fd1b849980c4331c2951\"},\"image\":{\"@id\":\"https:\\\/\\\/digital58.com.ve\\\/site\\\/2017\\\/10\\\/19\\\/hoy-es-el-dia-mundial-de-lucha-contra-el-cancer-de-mama\\\/#primaryimage\"},\"thumbnailUrl\":\"https:\\\/\\\/digital58.com.ve\\\/site\\\/wp-content\\\/uploads\\\/2017\\\/10\\\/senos.jpg\",\"keywords\":[\"D\u00eda Mundial de Lucha contra el C\u00e1ncer de Mama\",\"Efem\u00e9rides\",\"Mujeres\"],\"articleSection\":[\"Otros\"],\"inLanguage\":\"es\",\"potentialAction\":[{\"@type\":\"CommentAction\",\"name\":\"Comment\",\"target\":[\"https:\\\/\\\/digital58.com.ve\\\/site\\\/2017\\\/10\\\/19\\\/hoy-es-el-dia-mundial-de-lucha-contra-el-cancer-de-mama\\\/#respond\"]}]},{\"@type\":\"WebPage\",\"@id\":\"https:\\\/\\\/digital58.com.ve\\\/site\\\/2017\\\/10\\\/19\\\/hoy-es-el-dia-mundial-de-lucha-contra-el-cancer-de-mama\\\/\",\"url\":\"https:\\\/\\\/digital58.com.ve\\\/site\\\/2017\\\/10\\\/19\\\/hoy-es-el-dia-mundial-de-lucha-contra-el-cancer-de-mama\\\/\",\"name\":\"Hoy es el D\u00eda Mundial de Lucha contra el C\u00e1ncer de Mama\",\"isPartOf\":{\"@id\":\"https:\\\/\\\/digital58.com.ve\\\/site\\\/#website\"},\"primaryImageOfPage\":{\"@id\":\"https:\\\/\\\/digital58.com.ve\\\/site\\\/2017\\\/10\\\/19\\\/hoy-es-el-dia-mundial-de-lucha-contra-el-cancer-de-mama\\\/#primaryimage\"},\"image\":{\"@id\":\"https:\\\/\\\/digital58.com.ve\\\/site\\\/2017\\\/10\\\/19\\\/hoy-es-el-dia-mundial-de-lucha-contra-el-cancer-de-mama\\\/#primaryimage\"},\"thumbnailUrl\":\"https:\\\/\\\/digital58.com.ve\\\/site\\\/wp-content\\\/uploads\\\/2017\\\/10\\\/senos.jpg\",\"datePublished\":\"2017-10-19T12:37:11+00:00\",\"breadcrumb\":{\"@id\":\"https:\\\/\\\/digital58.com.ve\\\/site\\\/2017\\\/10\\\/19\\\/hoy-es-el-dia-mundial-de-lucha-contra-el-cancer-de-mama\\\/#breadcrumb\"},\"inLanguage\":\"es\",\"potentialAction\":[{\"@type\":\"ReadAction\",\"target\":[\"https:\\\/\\\/digital58.com.ve\\\/site\\\/2017\\\/10\\\/19\\\/hoy-es-el-dia-mundial-de-lucha-contra-el-cancer-de-mama\\\/\"]}]},{\"@type\":\"ImageObject\",\"inLanguage\":\"es\",\"@id\":\"https:\\\/\\\/digital58.com.ve\\\/site\\\/2017\\\/10\\\/19\\\/hoy-es-el-dia-mundial-de-lucha-contra-el-cancer-de-mama\\\/#primaryimage\",\"url\":\"https:\\\/\\\/digital58.com.ve\\\/site\\\/wp-content\\\/uploads\\\/2017\\\/10\\\/senos.jpg\",\"contentUrl\":\"https:\\\/\\\/digital58.com.ve\\\/site\\\/wp-content\\\/uploads\\\/2017\\\/10\\\/senos.jpg\",\"width\":700,\"height\":430},{\"@type\":\"BreadcrumbList\",\"@id\":\"https:\\\/\\\/digital58.com.ve\\\/site\\\/2017\\\/10\\\/19\\\/hoy-es-el-dia-mundial-de-lucha-contra-el-cancer-de-mama\\\/#breadcrumb\",\"itemListElement\":[{\"@type\":\"ListItem\",\"position\":1,\"name\":\"Home\",\"item\":\"https:\\\/\\\/digital58.com.ve\\\/site\\\/\"},{\"@type\":\"ListItem\",\"position\":2,\"name\":\"Hoy es el D\u00eda Mundial de Lucha contra el C\u00e1ncer de Mama\"}]},{\"@type\":\"WebSite\",\"@id\":\"https:\\\/\\\/digital58.com.ve\\\/site\\\/#website\",\"url\":\"https:\\\/\\\/digital58.com.ve\\\/site\\\/\",\"name\":\"Noticias Digital58\",\"description\":\"Portal de Noticias \u00a1Periodismo web de verdad! Lanzamiento web 22.11.2005 \\\/ Maracaibo, Venezuela\",\"publisher\":{\"@id\":\"https:\\\/\\\/digital58.com.ve\\\/site\\\/#\\\/schema\\\/person\\\/64d1c2e4d0d4fd1b849980c4331c2951\"},\"alternateName\":\"ND58\",\"potentialAction\":[{\"@type\":\"SearchAction\",\"target\":{\"@type\":\"EntryPoint\",\"urlTemplate\":\"https:\\\/\\\/digital58.com.ve\\\/site\\\/?s={search_term_string}\"},\"query-input\":{\"@type\":\"PropertyValueSpecification\",\"valueRequired\":true,\"valueName\":\"search_term_string\"}}],\"inLanguage\":\"es\"},{\"@type\":[\"Person\",\"Organization\"],\"@id\":\"https:\\\/\\\/digital58.com.ve\\\/site\\\/#\\\/schema\\\/person\\\/64d1c2e4d0d4fd1b849980c4331c2951\",\"name\":\"Villasmil Henry\",\"image\":{\"@type\":\"ImageObject\",\"inLanguage\":\"es\",\"@id\":\"https:\\\/\\\/secure.gravatar.com\\\/avatar\\\/bb0c4a2fcb7970138239f7e404ea75757b1b507b28b5ce4c53fbd62d797c5a7c?s=96&d=mm&r=g\",\"url\":\"https:\\\/\\\/secure.gravatar.com\\\/avatar\\\/bb0c4a2fcb7970138239f7e404ea75757b1b507b28b5ce4c53fbd62d797c5a7c?s=96&d=mm&r=g\",\"contentUrl\":\"https:\\\/\\\/secure.gravatar.com\\\/avatar\\\/bb0c4a2fcb7970138239f7e404ea75757b1b507b28b5ce4c53fbd62d797c5a7c?s=96&d=mm&r=g\",\"caption\":\"Villasmil Henry\"},\"logo\":{\"@id\":\"https:\\\/\\\/secure.gravatar.com\\\/avatar\\\/bb0c4a2fcb7970138239f7e404ea75757b1b507b28b5ce4c53fbd62d797c5a7c?s=96&d=mm&r=g\"},\"sameAs\":[\"http:\\\/\\\/www.henryvillasmil.com.ve\",\"https:\\\/\\\/www.instagram.com\\\/villasmilhfoto\\\/\",\"https:\\\/\\\/x.com\\\/https:\\\/\\\/twitter.com\\\/villasmilhfoto\"],\"url\":\"https:\\\/\\\/digital58.com.ve\\\/site\\\/author\\\/droopy_68\\\/\"}]}<\/script>\n<!-- \/ Yoast SEO plugin. -->","yoast_head_json":{"title":"Hoy es el D\u00eda Mundial de Lucha contra el C\u00e1ncer de Mama","robots":{"index":"index","follow":"follow","max-snippet":"max-snippet:-1","max-image-preview":"max-image-preview:large","max-video-preview":"max-video-preview:-1"},"canonical":"https:\/\/digital58.com.ve\/site\/2017\/10\/19\/hoy-es-el-dia-mundial-de-lucha-contra-el-cancer-de-mama\/","og_locale":"es_ES","og_type":"article","og_title":"Hoy es el D\u00eda Mundial de Lucha contra el C\u00e1ncer de Mama","og_url":"https:\/\/digital58.com.ve\/site\/2017\/10\/19\/hoy-es-el-dia-mundial-de-lucha-contra-el-cancer-de-mama\/","og_site_name":"Noticias Digital58","article_published_time":"2017-10-19T12:37:11+00:00","og_image":[{"width":700,"height":430,"url":"https:\/\/digital58.com.ve\/site\/wp-content\/uploads\/2017\/10\/senos.jpg","type":"image\/jpeg"}],"author":"Villasmil Henry","twitter_card":"summary_large_image","twitter_creator":"@https:\/\/twitter.com\/villasmilhfoto","twitter_site":"@villasmilhfoto","twitter_misc":{"Escrito por":"Villasmil Henry","Tiempo estimado de lectura":"3 minutos"},"schema":{"@context":"https:\/\/schema.org","@graph":[{"@type":"Article","@id":"https:\/\/digital58.com.ve\/site\/2017\/10\/19\/hoy-es-el-dia-mundial-de-lucha-contra-el-cancer-de-mama\/#article","isPartOf":{"@id":"https:\/\/digital58.com.ve\/site\/2017\/10\/19\/hoy-es-el-dia-mundial-de-lucha-contra-el-cancer-de-mama\/"},"author":{"name":"Villasmil Henry","@id":"https:\/\/digital58.com.ve\/site\/#\/schema\/person\/64d1c2e4d0d4fd1b849980c4331c2951"},"headline":"Hoy es el D\u00eda Mundial de Lucha contra el C\u00e1ncer de Mama","datePublished":"2017-10-19T12:37:11+00:00","mainEntityOfPage":{"@id":"https:\/\/digital58.com.ve\/site\/2017\/10\/19\/hoy-es-el-dia-mundial-de-lucha-contra-el-cancer-de-mama\/"},"wordCount":708,"commentCount":0,"publisher":{"@id":"https:\/\/digital58.com.ve\/site\/#\/schema\/person\/64d1c2e4d0d4fd1b849980c4331c2951"},"image":{"@id":"https:\/\/digital58.com.ve\/site\/2017\/10\/19\/hoy-es-el-dia-mundial-de-lucha-contra-el-cancer-de-mama\/#primaryimage"},"thumbnailUrl":"https:\/\/digital58.com.ve\/site\/wp-content\/uploads\/2017\/10\/senos.jpg","keywords":["D\u00eda Mundial de Lucha contra el C\u00e1ncer de Mama","Efem\u00e9rides","Mujeres"],"articleSection":["Otros"],"inLanguage":"es","potentialAction":[{"@type":"CommentAction","name":"Comment","target":["https:\/\/digital58.com.ve\/site\/2017\/10\/19\/hoy-es-el-dia-mundial-de-lucha-contra-el-cancer-de-mama\/#respond"]}]},{"@type":"WebPage","@id":"https:\/\/digital58.com.ve\/site\/2017\/10\/19\/hoy-es-el-dia-mundial-de-lucha-contra-el-cancer-de-mama\/","url":"https:\/\/digital58.com.ve\/site\/2017\/10\/19\/hoy-es-el-dia-mundial-de-lucha-contra-el-cancer-de-mama\/","name":"Hoy es el D\u00eda Mundial de Lucha contra el C\u00e1ncer de Mama","isPartOf":{"@id":"https:\/\/digital58.com.ve\/site\/#website"},"primaryImageOfPage":{"@id":"https:\/\/digital58.com.ve\/site\/2017\/10\/19\/hoy-es-el-dia-mundial-de-lucha-contra-el-cancer-de-mama\/#primaryimage"},"image":{"@id":"https:\/\/digital58.com.ve\/site\/2017\/10\/19\/hoy-es-el-dia-mundial-de-lucha-contra-el-cancer-de-mama\/#primaryimage"},"thumbnailUrl":"https:\/\/digital58.com.ve\/site\/wp-content\/uploads\/2017\/10\/senos.jpg","datePublished":"2017-10-19T12:37:11+00:00","breadcrumb":{"@id":"https:\/\/digital58.com.ve\/site\/2017\/10\/19\/hoy-es-el-dia-mundial-de-lucha-contra-el-cancer-de-mama\/#breadcrumb"},"inLanguage":"es","potentialAction":[{"@type":"ReadAction","target":["https:\/\/digital58.com.ve\/site\/2017\/10\/19\/hoy-es-el-dia-mundial-de-lucha-contra-el-cancer-de-mama\/"]}]},{"@type":"ImageObject","inLanguage":"es","@id":"https:\/\/digital58.com.ve\/site\/2017\/10\/19\/hoy-es-el-dia-mundial-de-lucha-contra-el-cancer-de-mama\/#primaryimage","url":"https:\/\/digital58.com.ve\/site\/wp-content\/uploads\/2017\/10\/senos.jpg","contentUrl":"https:\/\/digital58.com.ve\/site\/wp-content\/uploads\/2017\/10\/senos.jpg","width":700,"height":430},{"@type":"BreadcrumbList","@id":"https:\/\/digital58.com.ve\/site\/2017\/10\/19\/hoy-es-el-dia-mundial-de-lucha-contra-el-cancer-de-mama\/#breadcrumb","itemListElement":[{"@type":"ListItem","position":1,"name":"Home","item":"https:\/\/digital58.com.ve\/site\/"},{"@type":"ListItem","position":2,"name":"Hoy es el D\u00eda Mundial de Lucha contra el C\u00e1ncer de Mama"}]},{"@type":"WebSite","@id":"https:\/\/digital58.com.ve\/site\/#website","url":"https:\/\/digital58.com.ve\/site\/","name":"Noticias Digital58","description":"Portal de Noticias \u00a1Periodismo web de verdad! Lanzamiento web 22.11.2005 \/ Maracaibo, Venezuela","publisher":{"@id":"https:\/\/digital58.com.ve\/site\/#\/schema\/person\/64d1c2e4d0d4fd1b849980c4331c2951"},"alternateName":"ND58","potentialAction":[{"@type":"SearchAction","target":{"@type":"EntryPoint","urlTemplate":"https:\/\/digital58.com.ve\/site\/?s={search_term_string}"},"query-input":{"@type":"PropertyValueSpecification","valueRequired":true,"valueName":"search_term_string"}}],"inLanguage":"es"},{"@type":["Person","Organization"],"@id":"https:\/\/digital58.com.ve\/site\/#\/schema\/person\/64d1c2e4d0d4fd1b849980c4331c2951","name":"Villasmil Henry","image":{"@type":"ImageObject","inLanguage":"es","@id":"https:\/\/secure.gravatar.com\/avatar\/bb0c4a2fcb7970138239f7e404ea75757b1b507b28b5ce4c53fbd62d797c5a7c?s=96&d=mm&r=g","url":"https:\/\/secure.gravatar.com\/avatar\/bb0c4a2fcb7970138239f7e404ea75757b1b507b28b5ce4c53fbd62d797c5a7c?s=96&d=mm&r=g","contentUrl":"https:\/\/secure.gravatar.com\/avatar\/bb0c4a2fcb7970138239f7e404ea75757b1b507b28b5ce4c53fbd62d797c5a7c?s=96&d=mm&r=g","caption":"Villasmil Henry"},"logo":{"@id":"https:\/\/secure.gravatar.com\/avatar\/bb0c4a2fcb7970138239f7e404ea75757b1b507b28b5ce4c53fbd62d797c5a7c?s=96&d=mm&r=g"},"sameAs":["http:\/\/www.henryvillasmil.com.ve","https:\/\/www.instagram.com\/villasmilhfoto\/","https:\/\/x.com\/https:\/\/twitter.com\/villasmilhfoto"],"url":"https:\/\/digital58.com.ve\/site\/author\/droopy_68\/"}]}},"uagb_featured_image_src":{"full":["https:\/\/digital58.com.ve\/site\/wp-content\/uploads\/2017\/10\/senos.jpg",700,430,false],"thumbnail":["https:\/\/digital58.com.ve\/site\/wp-content\/uploads\/2017\/10\/senos-150x150.jpg",150,150,true],"medium":["https:\/\/digital58.com.ve\/site\/wp-content\/uploads\/2017\/10\/senos-300x184.jpg",300,184,true],"medium_large":["https:\/\/digital58.com.ve\/site\/wp-content\/uploads\/2017\/10\/senos.jpg",700,430,false],"large":["https:\/\/digital58.com.ve\/site\/wp-content\/uploads\/2017\/10\/senos.jpg",700,430,false],"1536x1536":["https:\/\/digital58.com.ve\/site\/wp-content\/uploads\/2017\/10\/senos.jpg",700,430,false],"2048x2048":["https:\/\/digital58.com.ve\/site\/wp-content\/uploads\/2017\/10\/senos.jpg",700,430,false],"colormag-highlighted-post":["https:\/\/digital58.com.ve\/site\/wp-content\/uploads\/2017\/10\/senos.jpg",392,241,false],"colormag-featured-post-medium":["https:\/\/digital58.com.ve\/site\/wp-content\/uploads\/2017\/10\/senos.jpg",334,205,false],"colormag-featured-post-small":["https:\/\/digital58.com.ve\/site\/wp-content\/uploads\/2017\/10\/senos.jpg",130,80,false],"colormag-featured-image":["https:\/\/digital58.com.ve\/site\/wp-content\/uploads\/2017\/10\/senos.jpg",700,430,false],"colormag-default-news":["https:\/\/digital58.com.ve\/site\/wp-content\/uploads\/2017\/10\/senos.jpg",150,92,false],"colormag-featured-image-large":["https:\/\/digital58.com.ve\/site\/wp-content\/uploads\/2017\/10\/senos.jpg",700,430,false]},"uagb_author_info":{"display_name":"Villasmil Henry","author_link":"https:\/\/digital58.com.ve\/site\/author\/droopy_68\/"},"uagb_comment_info":0,"uagb_excerpt":"Con el fin de concientizar a la poblaci\u00f3n de la vital importancia de una detecci\u00f3n precoz, hoy 19 de octubre","_links":{"self":[{"href":"https:\/\/digital58.com.ve\/site\/wp-json\/wp\/v2\/posts\/72603","targetHints":{"allow":["GET"]}}],"collection":[{"href":"https:\/\/digital58.com.ve\/site\/wp-json\/wp\/v2\/posts"}],"about":[{"href":"https:\/\/digital58.com.ve\/site\/wp-json\/wp\/v2\/types\/post"}],"author":[{"embeddable":true,"href":"https:\/\/digital58.com.ve\/site\/wp-json\/wp\/v2\/users\/1"}],"replies":[{"embeddable":true,"href":"https:\/\/digital58.com.ve\/site\/wp-json\/wp\/v2\/comments?post=72603"}],"version-history":[{"count":0,"href":"https:\/\/digital58.com.ve\/site\/wp-json\/wp\/v2\/posts\/72603\/revisions"}],"wp:featuredmedia":[{"embeddable":true,"href":"https:\/\/digital58.com.ve\/site\/wp-json\/wp\/v2\/media\/72607"}],"wp:attachment":[{"href":"https:\/\/digital58.com.ve\/site\/wp-json\/wp\/v2\/media?parent=72603"}],"wp:term":[{"taxonomy":"category","embeddable":true,"href":"https:\/\/digital58.com.ve\/site\/wp-json\/wp\/v2\/categories?post=72603"},{"taxonomy":"post_tag","embeddable":true,"href":"https:\/\/digital58.com.ve\/site\/wp-json\/wp\/v2\/tags?post=72603"}],"curies":[{"name":"wp","href":"https:\/\/api.w.org\/{rel}","templated":true}]}}