{"id":73486,"date":"2017-11-02T09:57:14","date_gmt":"2017-11-02T13:57:14","guid":{"rendered":"http:\/\/digital58.com.ve\/site\/?p=73486"},"modified":"2017-11-02T09:58:32","modified_gmt":"2017-11-02T13:58:32","slug":"rm-cristiano-ronaldo-crisis-la-gente-olvida-muy-rapido-lo-bueno","status":"publish","type":"post","link":"https:\/\/digital58.com.ve\/site\/2017\/11\/02\/rm-cristiano-ronaldo-crisis-la-gente-olvida-muy-rapido-lo-bueno\/","title":{"rendered":"RM \/ Cristiano Ronaldo: \u00ab\u00bfcrisis? la gente olvida muy r\u00e1pido lo bueno\u00bb"},"content":{"rendered":"<p><a href=\"http:\/\/digital58.com.ve\/site\/wp-content\/uploads\/2017\/11\/cristiano.jpg\"><img loading=\"lazy\" decoding=\"async\" class=\"aligncenter size-large wp-image-73488\" src=\"http:\/\/digital58.com.ve\/site\/wp-content\/uploads\/2017\/11\/cristiano-1468x1024.jpg\" alt=\"\" width=\"640\" height=\"446\" srcset=\"https:\/\/digital58.com.ve\/site\/wp-content\/uploads\/2017\/11\/cristiano-1468x1024.jpg 1468w, https:\/\/digital58.com.ve\/site\/wp-content\/uploads\/2017\/11\/cristiano-300x209.jpg 300w, https:\/\/digital58.com.ve\/site\/wp-content\/uploads\/2017\/11\/cristiano-768x536.jpg 768w, https:\/\/digital58.com.ve\/site\/wp-content\/uploads\/2017\/11\/cristiano.jpg 800w\" sizes=\"auto, (max-width: 640px) 100vw, 640px\" \/><\/a><\/p>\n<p>Cristiano Ronaldo neg\u00f3 este mi\u00e9rcoles categ\u00f3ricamente que el Real Madrid est\u00e9 en crisis \u00ab\u00bfCrisis? \u00bfQu\u00e9 crisis?\u00bb y asegur\u00f3 que s\u00f3lo pasan por \u00abuna mala racha\u00bb, al tiempo que record\u00f3 que el conjunto \u00abBlanco\u00bb es el vigente campe\u00f3n de la Liga de Campeones y dijo que la gente \u00abolvida muy r\u00e1pido lo bueno\u00bb.<\/p>\n<p><strong>Londres, Inglaterra, 02 de noviembre de 2017 (D58).-<\/strong> El Real Madrid, ganador de las dos \u00faltimas ediciones de la Champions League, se fue hoy de vac\u00edo del estadio londinense de Wembley tras caer por un contundente 3-1 a manos del Tottenham Hotspur en la cuarta jornada de la m\u00e1xima competici\u00f3n continental.<\/p>\n<p>\u00abEl partido no fue tan desigual, fue m\u00e1s equilibrado. Ellos marcaron en sus oportunidades y nosotros no: esa fue la diferencia. No nos pasaron por encima. Su gol en fuera de juego cambi\u00f3 las cosas. Hay que aceptar que no estamos en un buen momento y que hay que trabajar\u00bb, coment\u00f3 Cristiano en la zona mixta tras el partido.<\/p>\n<p>\u00abFue un palo muy grande ir perdiendo 3-0, aunque, para m\u00ed, no reflejaba bien lo que estaba pasando en el campo\u00bb, prosigui\u00f3.<\/p>\n<p>El equipo entrenado por Zinedine Zidane ha cosechado su segunda derrota en los \u00faltimos tres d\u00edas, puesto que el pasado domingo cay\u00f3 en LaLiga ante el reci\u00e9n ascendido Girona por 3-1.<\/p>\n<p>Sin embargo, Cristiano hizo un llamamiento a la calma y dijo que se trata simplemente \u00abde una mala racha\u00bb y que la gente \u00abno puede olvidar\u00bb que ganaron las \u00faltimas dos Champions League.<\/p>\n<p>\u00abEs malo porque perdemos y estamos acostumbrados a ganar. Es s\u00f3lo una mala racha, pero queremos cambiarla y estoy seguro de que vamos a conseguirlo. Todav\u00eda tenemos mucho tiempo para mejorar\u00bb, indic\u00f3 el astro portugu\u00e9s. \u00abNo podemos estar siempre bien; hay que cambiar y admitir que no estamos como quer\u00edamos. Sin embargo, no veo las cosas tan mal; hay que estar con confianza\u00bb, admiti\u00f3.<\/p>\n<p>\u00abLa gente olvida muy r\u00e1pido lo bueno. \u00bfCrisis? Jam\u00e1s. Podemos perder tres o cuatro partidos, pero nunca hay crisis\u00bb, remarc\u00f3. \u00abNadie debe olvidar lo que hemos hecho: el Madrid gan\u00f3 las dos \u00faltimas Ligas de Campeones. Bajamos un poquito el nivel, pero estoy muy tranquilo. S\u00e9 que el equipo va a cambiar\u00bb, insisti\u00f3 el luso.<\/p>\n<p>Adem\u00e1s, CR7 reconoci\u00f3 que en el seno del equipo echan de menos a los lesionados Dani Carvajal y Gareth Bale y que les vendr\u00eda bien la \u00abexperiencia\u00bb de Pepe, James Rodr\u00edguez y \u00c1lvaro Morata, quienes dejaron el club \u00abBlanco\u00bb en verano con rumbo a Besiktas, Bayern M\u00fanich y Chelsea, respectivamente.<\/p>\n<p>\u00abLos jugadores que han llegado tienen mucho potencial. Pepe, Morata, James, nos hac\u00edan m\u00e1s fuertes, pero los de ahora son m\u00e1s j\u00f3venes. Nos hacen falta tambi\u00e9n Carvajal y Bale. La plantilla junta es m\u00e1s fuerte; no es una plantilla peor, pero tiene menos experiencia y eso es muy importante. Sin embargo, no es una excusa: estoy contento y no pueden saltar las alarmas\u00bb, se\u00f1al\u00f3 Cristiano.<\/p>\n<p><strong>Redacci\u00f3n con fuente: EFE<\/strong><br \/>\n<strong>Edici\u00f3n: Villasmil, Henry<\/strong><br \/>\n<strong>Foto: EFE<\/strong><\/p>\n<p>&nbsp;<\/p>\n<p>&nbsp;<\/p><div class=\"uadmy69ef86903a7aa\" ><p style=\"text-align: center;\"><a href=\"https:\/\/t.me\/noticiasdigital58\" target=\"_blank\" rel=\"noopener\"><img class=\"aligncenter size-full wp-image-125363\" src=\"https:\/\/digital58.com.ve\/site\/wp-content\/uploads\/2021\/04\/banner-telegram-web-2021.png\" alt=\"\" width=\"600\" height=\"90\" \/><\/a><\/p><\/div><style type=\"text\/css\">\r\n@media screen and (min-width: 1201px) {\r\n.uadmy69ef86903a7aa {\r\ndisplay: block;\r\n}\r\n}\r\n@media screen and (min-width: 993px) and (max-width: 1200px) {\r\n.uadmy69ef86903a7aa {\r\ndisplay: block;\r\n}\r\n}\r\n@media screen and (min-width: 769px) and (max-width: 992px) {\r\n.uadmy69ef86903a7aa {\r\ndisplay: block;\r\n}\r\n}\r\n@media screen and (min-width: 768px) and (max-width: 768px) {\r\n.uadmy69ef86903a7aa {\r\ndisplay: block;\r\n}\r\n}\r\n@media screen and (max-width: 767px) {\r\n.uadmy69ef86903a7aa {\r\ndisplay: block;\r\n}\r\n}\r\n<\/style>\r\n\n<p>&nbsp;<\/p>\n<div style=\"margin-top: 0px; margin-bottom: 0px;\" class=\"sharethis-inline-share-buttons\" ><\/div>","protected":false},"excerpt":{"rendered":"<p>Cristiano Ronaldo neg\u00f3 este mi\u00e9rcoles categ\u00f3ricamente que el Real Madrid est\u00e9 en crisis \u00ab\u00bfCrisis? \u00bfQu\u00e9 crisis?\u00bb y asegur\u00f3 que s\u00f3lo<\/p>\n","protected":false},"author":1,"featured_media":73488,"comment_status":"open","ping_status":"closed","sticky":false,"template":"","format":"standard","meta":{"colormag_page_container_layout":"default_layout","colormag_page_sidebar_layout":"default_layout","_uag_custom_page_level_css":"","footnotes":""},"categories":[5402],"tags":[354,13,41,8,6410,9391,426,9081],"class_list":["post-73486","post","type-post","status-publish","format-standard","has-post-thumbnail","hentry","category-deportes","tag-cristiano-ronaldo","tag-futbol","tag-futbol-internacional","tag-internacionales","tag-liga-de-campeones","tag-liga-de-campeones-2017-2018","tag-real-madrid","tag-uefa-champions-league"],"yoast_head":"<!-- This site is optimized with the Yoast SEO plugin v27.4 - https:\/\/yoast.com\/product\/yoast-seo-wordpress\/ -->\n<title>RM \/ Cristiano Ronaldo: \u00ab\u00bfcrisis? la gente olvida muy r\u00e1pido lo bueno\u00bb<\/title>\n<meta name=\"robots\" content=\"index, follow, max-snippet:-1, max-image-preview:large, max-video-preview:-1\" \/>\n<link rel=\"canonical\" href=\"https:\/\/digital58.com.ve\/site\/2017\/11\/02\/rm-cristiano-ronaldo-crisis-la-gente-olvida-muy-rapido-lo-bueno\/\" \/>\n<meta property=\"og:locale\" content=\"es_ES\" \/>\n<meta property=\"og:type\" content=\"article\" \/>\n<meta property=\"og:title\" content=\"RM \/ Cristiano Ronaldo: \u00ab\u00bfcrisis? la gente olvida muy r\u00e1pido lo bueno\u00bb\" \/>\n<meta property=\"og:url\" content=\"https:\/\/digital58.com.ve\/site\/2017\/11\/02\/rm-cristiano-ronaldo-crisis-la-gente-olvida-muy-rapido-lo-bueno\/\" \/>\n<meta property=\"og:site_name\" content=\"Noticias Digital58\" \/>\n<meta property=\"article:published_time\" content=\"2017-11-02T13:57:14+00:00\" \/>\n<meta property=\"article:modified_time\" content=\"2017-11-02T13:58:32+00:00\" \/>\n<meta property=\"og:image\" content=\"https:\/\/digital58.com.ve\/site\/wp-content\/uploads\/2017\/11\/cristiano.jpg\" \/>\n\t<meta property=\"og:image:width\" content=\"1500\" \/>\n\t<meta property=\"og:image:height\" content=\"1046\" \/>\n\t<meta property=\"og:image:type\" content=\"image\/jpeg\" \/>\n<meta name=\"author\" content=\"Villasmil Henry\" \/>\n<meta name=\"twitter:card\" content=\"summary_large_image\" \/>\n<meta name=\"twitter:creator\" content=\"@https:\/\/twitter.com\/villasmilhfoto\" \/>\n<meta name=\"twitter:site\" content=\"@villasmilhfoto\" \/>\n<meta name=\"twitter:label1\" content=\"Escrito por\" \/>\n\t<meta name=\"twitter:data1\" content=\"Villasmil Henry\" \/>\n\t<meta name=\"twitter:label2\" content=\"Tiempo estimado de lectura\" \/>\n\t<meta name=\"twitter:data2\" content=\"3 minutos\" \/>\n<script type=\"application\/ld+json\" class=\"yoast-schema-graph\">{\"@context\":\"https:\\\/\\\/schema.org\",\"@graph\":[{\"@type\":\"Article\",\"@id\":\"https:\\\/\\\/digital58.com.ve\\\/site\\\/2017\\\/11\\\/02\\\/rm-cristiano-ronaldo-crisis-la-gente-olvida-muy-rapido-lo-bueno\\\/#article\",\"isPartOf\":{\"@id\":\"https:\\\/\\\/digital58.com.ve\\\/site\\\/2017\\\/11\\\/02\\\/rm-cristiano-ronaldo-crisis-la-gente-olvida-muy-rapido-lo-bueno\\\/\"},\"author\":{\"name\":\"Villasmil Henry\",\"@id\":\"https:\\\/\\\/digital58.com.ve\\\/site\\\/#\\\/schema\\\/person\\\/64d1c2e4d0d4fd1b849980c4331c2951\"},\"headline\":\"RM \\\/ Cristiano Ronaldo: \u00ab\u00bfcrisis? la gente olvida muy r\u00e1pido lo bueno\u00bb\",\"datePublished\":\"2017-11-02T13:57:14+00:00\",\"dateModified\":\"2017-11-02T13:58:32+00:00\",\"mainEntityOfPage\":{\"@id\":\"https:\\\/\\\/digital58.com.ve\\\/site\\\/2017\\\/11\\\/02\\\/rm-cristiano-ronaldo-crisis-la-gente-olvida-muy-rapido-lo-bueno\\\/\"},\"wordCount\":535,\"commentCount\":0,\"publisher\":{\"@id\":\"https:\\\/\\\/digital58.com.ve\\\/site\\\/#\\\/schema\\\/person\\\/64d1c2e4d0d4fd1b849980c4331c2951\"},\"image\":{\"@id\":\"https:\\\/\\\/digital58.com.ve\\\/site\\\/2017\\\/11\\\/02\\\/rm-cristiano-ronaldo-crisis-la-gente-olvida-muy-rapido-lo-bueno\\\/#primaryimage\"},\"thumbnailUrl\":\"https:\\\/\\\/digital58.com.ve\\\/site\\\/wp-content\\\/uploads\\\/2017\\\/11\\\/cristiano.jpg\",\"keywords\":[\"Cristiano Ronaldo\",\"F\u00fatbol\",\"F\u00fatbol Internacional\",\"Internacionales\",\"Liga de Campeones\",\"Liga de Campeones 2017-2018\",\"Real Madrid\",\"UEFA Champions League\"],\"articleSection\":[\"Deportes\"],\"inLanguage\":\"es\",\"potentialAction\":[{\"@type\":\"CommentAction\",\"name\":\"Comment\",\"target\":[\"https:\\\/\\\/digital58.com.ve\\\/site\\\/2017\\\/11\\\/02\\\/rm-cristiano-ronaldo-crisis-la-gente-olvida-muy-rapido-lo-bueno\\\/#respond\"]}]},{\"@type\":\"WebPage\",\"@id\":\"https:\\\/\\\/digital58.com.ve\\\/site\\\/2017\\\/11\\\/02\\\/rm-cristiano-ronaldo-crisis-la-gente-olvida-muy-rapido-lo-bueno\\\/\",\"url\":\"https:\\\/\\\/digital58.com.ve\\\/site\\\/2017\\\/11\\\/02\\\/rm-cristiano-ronaldo-crisis-la-gente-olvida-muy-rapido-lo-bueno\\\/\",\"name\":\"RM \\\/ Cristiano Ronaldo: \u00ab\u00bfcrisis? la gente olvida muy r\u00e1pido lo bueno\u00bb\",\"isPartOf\":{\"@id\":\"https:\\\/\\\/digital58.com.ve\\\/site\\\/#website\"},\"primaryImageOfPage\":{\"@id\":\"https:\\\/\\\/digital58.com.ve\\\/site\\\/2017\\\/11\\\/02\\\/rm-cristiano-ronaldo-crisis-la-gente-olvida-muy-rapido-lo-bueno\\\/#primaryimage\"},\"image\":{\"@id\":\"https:\\\/\\\/digital58.com.ve\\\/site\\\/2017\\\/11\\\/02\\\/rm-cristiano-ronaldo-crisis-la-gente-olvida-muy-rapido-lo-bueno\\\/#primaryimage\"},\"thumbnailUrl\":\"https:\\\/\\\/digital58.com.ve\\\/site\\\/wp-content\\\/uploads\\\/2017\\\/11\\\/cristiano.jpg\",\"datePublished\":\"2017-11-02T13:57:14+00:00\",\"dateModified\":\"2017-11-02T13:58:32+00:00\",\"breadcrumb\":{\"@id\":\"https:\\\/\\\/digital58.com.ve\\\/site\\\/2017\\\/11\\\/02\\\/rm-cristiano-ronaldo-crisis-la-gente-olvida-muy-rapido-lo-bueno\\\/#breadcrumb\"},\"inLanguage\":\"es\",\"potentialAction\":[{\"@type\":\"ReadAction\",\"target\":[\"https:\\\/\\\/digital58.com.ve\\\/site\\\/2017\\\/11\\\/02\\\/rm-cristiano-ronaldo-crisis-la-gente-olvida-muy-rapido-lo-bueno\\\/\"]}]},{\"@type\":\"ImageObject\",\"inLanguage\":\"es\",\"@id\":\"https:\\\/\\\/digital58.com.ve\\\/site\\\/2017\\\/11\\\/02\\\/rm-cristiano-ronaldo-crisis-la-gente-olvida-muy-rapido-lo-bueno\\\/#primaryimage\",\"url\":\"https:\\\/\\\/digital58.com.ve\\\/site\\\/wp-content\\\/uploads\\\/2017\\\/11\\\/cristiano.jpg\",\"contentUrl\":\"https:\\\/\\\/digital58.com.ve\\\/site\\\/wp-content\\\/uploads\\\/2017\\\/11\\\/cristiano.jpg\",\"width\":800,\"height\":558},{\"@type\":\"BreadcrumbList\",\"@id\":\"https:\\\/\\\/digital58.com.ve\\\/site\\\/2017\\\/11\\\/02\\\/rm-cristiano-ronaldo-crisis-la-gente-olvida-muy-rapido-lo-bueno\\\/#breadcrumb\",\"itemListElement\":[{\"@type\":\"ListItem\",\"position\":1,\"name\":\"Home\",\"item\":\"https:\\\/\\\/digital58.com.ve\\\/site\\\/\"},{\"@type\":\"ListItem\",\"position\":2,\"name\":\"RM \\\/ Cristiano Ronaldo: \u00ab\u00bfcrisis? la gente olvida muy r\u00e1pido lo bueno\u00bb\"}]},{\"@type\":\"WebSite\",\"@id\":\"https:\\\/\\\/digital58.com.ve\\\/site\\\/#website\",\"url\":\"https:\\\/\\\/digital58.com.ve\\\/site\\\/\",\"name\":\"Noticias Digital58\",\"description\":\"Portal de Noticias \u00a1Periodismo web de verdad! Lanzamiento web 22.11.2005 \\\/ Maracaibo, Venezuela\",\"publisher\":{\"@id\":\"https:\\\/\\\/digital58.com.ve\\\/site\\\/#\\\/schema\\\/person\\\/64d1c2e4d0d4fd1b849980c4331c2951\"},\"alternateName\":\"ND58\",\"potentialAction\":[{\"@type\":\"SearchAction\",\"target\":{\"@type\":\"EntryPoint\",\"urlTemplate\":\"https:\\\/\\\/digital58.com.ve\\\/site\\\/?s={search_term_string}\"},\"query-input\":{\"@type\":\"PropertyValueSpecification\",\"valueRequired\":true,\"valueName\":\"search_term_string\"}}],\"inLanguage\":\"es\"},{\"@type\":[\"Person\",\"Organization\"],\"@id\":\"https:\\\/\\\/digital58.com.ve\\\/site\\\/#\\\/schema\\\/person\\\/64d1c2e4d0d4fd1b849980c4331c2951\",\"name\":\"Villasmil Henry\",\"image\":{\"@type\":\"ImageObject\",\"inLanguage\":\"es\",\"@id\":\"https:\\\/\\\/secure.gravatar.com\\\/avatar\\\/bb0c4a2fcb7970138239f7e404ea75757b1b507b28b5ce4c53fbd62d797c5a7c?s=96&d=mm&r=g\",\"url\":\"https:\\\/\\\/secure.gravatar.com\\\/avatar\\\/bb0c4a2fcb7970138239f7e404ea75757b1b507b28b5ce4c53fbd62d797c5a7c?s=96&d=mm&r=g\",\"contentUrl\":\"https:\\\/\\\/secure.gravatar.com\\\/avatar\\\/bb0c4a2fcb7970138239f7e404ea75757b1b507b28b5ce4c53fbd62d797c5a7c?s=96&d=mm&r=g\",\"caption\":\"Villasmil Henry\"},\"logo\":{\"@id\":\"https:\\\/\\\/secure.gravatar.com\\\/avatar\\\/bb0c4a2fcb7970138239f7e404ea75757b1b507b28b5ce4c53fbd62d797c5a7c?s=96&d=mm&r=g\"},\"sameAs\":[\"http:\\\/\\\/www.henryvillasmil.com.ve\",\"https:\\\/\\\/www.instagram.com\\\/villasmilhfoto\\\/\",\"https:\\\/\\\/x.com\\\/https:\\\/\\\/twitter.com\\\/villasmilhfoto\"],\"url\":\"https:\\\/\\\/digital58.com.ve\\\/site\\\/author\\\/droopy_68\\\/\"}]}<\/script>\n<!-- \/ Yoast SEO plugin. -->","yoast_head_json":{"title":"RM \/ Cristiano Ronaldo: \u00ab\u00bfcrisis? la gente olvida muy r\u00e1pido lo bueno\u00bb","robots":{"index":"index","follow":"follow","max-snippet":"max-snippet:-1","max-image-preview":"max-image-preview:large","max-video-preview":"max-video-preview:-1"},"canonical":"https:\/\/digital58.com.ve\/site\/2017\/11\/02\/rm-cristiano-ronaldo-crisis-la-gente-olvida-muy-rapido-lo-bueno\/","og_locale":"es_ES","og_type":"article","og_title":"RM \/ Cristiano Ronaldo: \u00ab\u00bfcrisis? la gente olvida muy r\u00e1pido lo bueno\u00bb","og_url":"https:\/\/digital58.com.ve\/site\/2017\/11\/02\/rm-cristiano-ronaldo-crisis-la-gente-olvida-muy-rapido-lo-bueno\/","og_site_name":"Noticias Digital58","article_published_time":"2017-11-02T13:57:14+00:00","article_modified_time":"2017-11-02T13:58:32+00:00","og_image":[{"width":1500,"height":1046,"url":"https:\/\/digital58.com.ve\/site\/wp-content\/uploads\/2017\/11\/cristiano.jpg","type":"image\/jpeg"}],"author":"Villasmil Henry","twitter_card":"summary_large_image","twitter_creator":"@https:\/\/twitter.com\/villasmilhfoto","twitter_site":"@villasmilhfoto","twitter_misc":{"Escrito por":"Villasmil Henry","Tiempo estimado de lectura":"3 minutos"},"schema":{"@context":"https:\/\/schema.org","@graph":[{"@type":"Article","@id":"https:\/\/digital58.com.ve\/site\/2017\/11\/02\/rm-cristiano-ronaldo-crisis-la-gente-olvida-muy-rapido-lo-bueno\/#article","isPartOf":{"@id":"https:\/\/digital58.com.ve\/site\/2017\/11\/02\/rm-cristiano-ronaldo-crisis-la-gente-olvida-muy-rapido-lo-bueno\/"},"author":{"name":"Villasmil Henry","@id":"https:\/\/digital58.com.ve\/site\/#\/schema\/person\/64d1c2e4d0d4fd1b849980c4331c2951"},"headline":"RM \/ Cristiano Ronaldo: \u00ab\u00bfcrisis? la gente olvida muy r\u00e1pido lo bueno\u00bb","datePublished":"2017-11-02T13:57:14+00:00","dateModified":"2017-11-02T13:58:32+00:00","mainEntityOfPage":{"@id":"https:\/\/digital58.com.ve\/site\/2017\/11\/02\/rm-cristiano-ronaldo-crisis-la-gente-olvida-muy-rapido-lo-bueno\/"},"wordCount":535,"commentCount":0,"publisher":{"@id":"https:\/\/digital58.com.ve\/site\/#\/schema\/person\/64d1c2e4d0d4fd1b849980c4331c2951"},"image":{"@id":"https:\/\/digital58.com.ve\/site\/2017\/11\/02\/rm-cristiano-ronaldo-crisis-la-gente-olvida-muy-rapido-lo-bueno\/#primaryimage"},"thumbnailUrl":"https:\/\/digital58.com.ve\/site\/wp-content\/uploads\/2017\/11\/cristiano.jpg","keywords":["Cristiano Ronaldo","F\u00fatbol","F\u00fatbol Internacional","Internacionales","Liga de Campeones","Liga de Campeones 2017-2018","Real Madrid","UEFA Champions League"],"articleSection":["Deportes"],"inLanguage":"es","potentialAction":[{"@type":"CommentAction","name":"Comment","target":["https:\/\/digital58.com.ve\/site\/2017\/11\/02\/rm-cristiano-ronaldo-crisis-la-gente-olvida-muy-rapido-lo-bueno\/#respond"]}]},{"@type":"WebPage","@id":"https:\/\/digital58.com.ve\/site\/2017\/11\/02\/rm-cristiano-ronaldo-crisis-la-gente-olvida-muy-rapido-lo-bueno\/","url":"https:\/\/digital58.com.ve\/site\/2017\/11\/02\/rm-cristiano-ronaldo-crisis-la-gente-olvida-muy-rapido-lo-bueno\/","name":"RM \/ Cristiano Ronaldo: \u00ab\u00bfcrisis? la gente olvida muy r\u00e1pido lo bueno\u00bb","isPartOf":{"@id":"https:\/\/digital58.com.ve\/site\/#website"},"primaryImageOfPage":{"@id":"https:\/\/digital58.com.ve\/site\/2017\/11\/02\/rm-cristiano-ronaldo-crisis-la-gente-olvida-muy-rapido-lo-bueno\/#primaryimage"},"image":{"@id":"https:\/\/digital58.com.ve\/site\/2017\/11\/02\/rm-cristiano-ronaldo-crisis-la-gente-olvida-muy-rapido-lo-bueno\/#primaryimage"},"thumbnailUrl":"https:\/\/digital58.com.ve\/site\/wp-content\/uploads\/2017\/11\/cristiano.jpg","datePublished":"2017-11-02T13:57:14+00:00","dateModified":"2017-11-02T13:58:32+00:00","breadcrumb":{"@id":"https:\/\/digital58.com.ve\/site\/2017\/11\/02\/rm-cristiano-ronaldo-crisis-la-gente-olvida-muy-rapido-lo-bueno\/#breadcrumb"},"inLanguage":"es","potentialAction":[{"@type":"ReadAction","target":["https:\/\/digital58.com.ve\/site\/2017\/11\/02\/rm-cristiano-ronaldo-crisis-la-gente-olvida-muy-rapido-lo-bueno\/"]}]},{"@type":"ImageObject","inLanguage":"es","@id":"https:\/\/digital58.com.ve\/site\/2017\/11\/02\/rm-cristiano-ronaldo-crisis-la-gente-olvida-muy-rapido-lo-bueno\/#primaryimage","url":"https:\/\/digital58.com.ve\/site\/wp-content\/uploads\/2017\/11\/cristiano.jpg","contentUrl":"https:\/\/digital58.com.ve\/site\/wp-content\/uploads\/2017\/11\/cristiano.jpg","width":800,"height":558},{"@type":"BreadcrumbList","@id":"https:\/\/digital58.com.ve\/site\/2017\/11\/02\/rm-cristiano-ronaldo-crisis-la-gente-olvida-muy-rapido-lo-bueno\/#breadcrumb","itemListElement":[{"@type":"ListItem","position":1,"name":"Home","item":"https:\/\/digital58.com.ve\/site\/"},{"@type":"ListItem","position":2,"name":"RM \/ Cristiano Ronaldo: \u00ab\u00bfcrisis? la gente olvida muy r\u00e1pido lo bueno\u00bb"}]},{"@type":"WebSite","@id":"https:\/\/digital58.com.ve\/site\/#website","url":"https:\/\/digital58.com.ve\/site\/","name":"Noticias Digital58","description":"Portal de Noticias \u00a1Periodismo web de verdad! Lanzamiento web 22.11.2005 \/ Maracaibo, Venezuela","publisher":{"@id":"https:\/\/digital58.com.ve\/site\/#\/schema\/person\/64d1c2e4d0d4fd1b849980c4331c2951"},"alternateName":"ND58","potentialAction":[{"@type":"SearchAction","target":{"@type":"EntryPoint","urlTemplate":"https:\/\/digital58.com.ve\/site\/?s={search_term_string}"},"query-input":{"@type":"PropertyValueSpecification","valueRequired":true,"valueName":"search_term_string"}}],"inLanguage":"es"},{"@type":["Person","Organization"],"@id":"https:\/\/digital58.com.ve\/site\/#\/schema\/person\/64d1c2e4d0d4fd1b849980c4331c2951","name":"Villasmil Henry","image":{"@type":"ImageObject","inLanguage":"es","@id":"https:\/\/secure.gravatar.com\/avatar\/bb0c4a2fcb7970138239f7e404ea75757b1b507b28b5ce4c53fbd62d797c5a7c?s=96&d=mm&r=g","url":"https:\/\/secure.gravatar.com\/avatar\/bb0c4a2fcb7970138239f7e404ea75757b1b507b28b5ce4c53fbd62d797c5a7c?s=96&d=mm&r=g","contentUrl":"https:\/\/secure.gravatar.com\/avatar\/bb0c4a2fcb7970138239f7e404ea75757b1b507b28b5ce4c53fbd62d797c5a7c?s=96&d=mm&r=g","caption":"Villasmil Henry"},"logo":{"@id":"https:\/\/secure.gravatar.com\/avatar\/bb0c4a2fcb7970138239f7e404ea75757b1b507b28b5ce4c53fbd62d797c5a7c?s=96&d=mm&r=g"},"sameAs":["http:\/\/www.henryvillasmil.com.ve","https:\/\/www.instagram.com\/villasmilhfoto\/","https:\/\/x.com\/https:\/\/twitter.com\/villasmilhfoto"],"url":"https:\/\/digital58.com.ve\/site\/author\/droopy_68\/"}]}},"uagb_featured_image_src":{"full":["https:\/\/digital58.com.ve\/site\/wp-content\/uploads\/2017\/11\/cristiano.jpg",800,558,false],"thumbnail":["https:\/\/digital58.com.ve\/site\/wp-content\/uploads\/2017\/11\/cristiano-150x150.jpg",150,150,true],"medium":["https:\/\/digital58.com.ve\/site\/wp-content\/uploads\/2017\/11\/cristiano-300x209.jpg",300,209,true],"medium_large":["https:\/\/digital58.com.ve\/site\/wp-content\/uploads\/2017\/11\/cristiano-768x536.jpg",768,536,true],"large":["https:\/\/digital58.com.ve\/site\/wp-content\/uploads\/2017\/11\/cristiano-1468x1024.jpg",800,558,true],"1536x1536":["https:\/\/digital58.com.ve\/site\/wp-content\/uploads\/2017\/11\/cristiano.jpg",800,558,false],"2048x2048":["https:\/\/digital58.com.ve\/site\/wp-content\/uploads\/2017\/11\/cristiano.jpg",800,558,false],"colormag-highlighted-post":["https:\/\/digital58.com.ve\/site\/wp-content\/uploads\/2017\/11\/cristiano.jpg",390,272,false],"colormag-featured-post-medium":["https:\/\/digital58.com.ve\/site\/wp-content\/uploads\/2017\/11\/cristiano.jpg",294,205,false],"colormag-featured-post-small":["https:\/\/digital58.com.ve\/site\/wp-content\/uploads\/2017\/11\/cristiano.jpg",130,90,false],"colormag-featured-image":["https:\/\/digital58.com.ve\/site\/wp-content\/uploads\/2017\/11\/cristiano.jpg",638,445,false],"colormag-default-news":["https:\/\/digital58.com.ve\/site\/wp-content\/uploads\/2017\/11\/cristiano.jpg",150,105,false],"colormag-featured-image-large":["https:\/\/digital58.com.ve\/site\/wp-content\/uploads\/2017\/11\/cristiano.jpg",800,558,false]},"uagb_author_info":{"display_name":"Villasmil Henry","author_link":"https:\/\/digital58.com.ve\/site\/author\/droopy_68\/"},"uagb_comment_info":0,"uagb_excerpt":"Cristiano Ronaldo neg\u00f3 este mi\u00e9rcoles categ\u00f3ricamente que el Real Madrid est\u00e9 en crisis \u00ab\u00bfCrisis? \u00bfQu\u00e9 crisis?\u00bb y asegur\u00f3 que s\u00f3lo","_links":{"self":[{"href":"https:\/\/digital58.com.ve\/site\/wp-json\/wp\/v2\/posts\/73486","targetHints":{"allow":["GET"]}}],"collection":[{"href":"https:\/\/digital58.com.ve\/site\/wp-json\/wp\/v2\/posts"}],"about":[{"href":"https:\/\/digital58.com.ve\/site\/wp-json\/wp\/v2\/types\/post"}],"author":[{"embeddable":true,"href":"https:\/\/digital58.com.ve\/site\/wp-json\/wp\/v2\/users\/1"}],"replies":[{"embeddable":true,"href":"https:\/\/digital58.com.ve\/site\/wp-json\/wp\/v2\/comments?post=73486"}],"version-history":[{"count":0,"href":"https:\/\/digital58.com.ve\/site\/wp-json\/wp\/v2\/posts\/73486\/revisions"}],"wp:featuredmedia":[{"embeddable":true,"href":"https:\/\/digital58.com.ve\/site\/wp-json\/wp\/v2\/media\/73488"}],"wp:attachment":[{"href":"https:\/\/digital58.com.ve\/site\/wp-json\/wp\/v2\/media?parent=73486"}],"wp:term":[{"taxonomy":"category","embeddable":true,"href":"https:\/\/digital58.com.ve\/site\/wp-json\/wp\/v2\/categories?post=73486"},{"taxonomy":"post_tag","embeddable":true,"href":"https:\/\/digital58.com.ve\/site\/wp-json\/wp\/v2\/tags?post=73486"}],"curies":[{"name":"wp","href":"https:\/\/api.w.org\/{rel}","templated":true}]}}