{"id":73692,"date":"2017-11-05T13:17:33","date_gmt":"2017-11-05T17:17:33","guid":{"rendered":"http:\/\/digital58.com.ve\/site\/?p=73692"},"modified":"2017-11-05T13:17:33","modified_gmt":"2017-11-05T17:17:33","slug":"denuncian-la-desaparicion-de-un-periodista-en-venezuela","status":"publish","type":"post","link":"https:\/\/digital58.com.ve\/site\/2017\/11\/05\/denuncian-la-desaparicion-de-un-periodista-en-venezuela\/","title":{"rendered":"Denuncian la desaparici\u00f3n de un periodista en Venezuela"},"content":{"rendered":"<p><a href=\"http:\/\/digital58.com.ve\/site\/wp-content\/uploads\/2017\/11\/1509845585092.jpg\"><img loading=\"lazy\" decoding=\"async\" class=\"aligncenter size-full wp-image-73693\" src=\"http:\/\/digital58.com.ve\/site\/wp-content\/uploads\/2017\/11\/1509845585092.jpg\" alt=\"\" width=\"1242\" height=\"620\" srcset=\"https:\/\/digital58.com.ve\/site\/wp-content\/uploads\/2017\/11\/1509845585092.jpg 800w, https:\/\/digital58.com.ve\/site\/wp-content\/uploads\/2017\/11\/1509845585092-300x150.jpg 300w, https:\/\/digital58.com.ve\/site\/wp-content\/uploads\/2017\/11\/1509845585092-768x383.jpg 768w\" sizes=\"auto, (max-width: 1242px) 100vw, 1242px\" \/><\/a><\/p>\n<p>El Sindicato Nacional de Trabajadores de la Prensa de Venezuela (SNTP) denunci\u00f3 hoy que el periodista venezolano Jes\u00fas Medina lleva m\u00e1s de doce horas desaparecido, tras recibir supuestas amenazas por haber publicado un reportaje sobre un centro penitenciario del pa\u00eds caribe\u00f1o.<\/p>\n<p><strong>Caracas, DC, Venezuela, 05 de octubre de 2017 (D58).-<\/strong> \u00ab#URGENTE Han Pasado 12 horas sin tener noticias del reportero @jesusmedinae, se encuentra desaparecido desde este s\u00e1bado\u00bb, dice un mensaje del SNTP en Twitter.<\/p>\n<p>El SNTP se\u00f1al\u00f3 adem\u00e1s que \u00abtres d\u00edas antes de desaparecer\u00bb, Medina denunci\u00f3 que \u00abhab\u00eda sido amenazado por reportaje sobre\u00bb el Centro Penitenciario de Aragua (centro-norte), mejor conocido como Tocor\u00f3n.<\/p>\n<p>El sindicato ha pedido a las autoridades venezolanas, el fiscal general, Tarek Saab, y al director del Servicio de Inteligencia, Gustavo Gonz\u00e1lez L\u00f3pez, que act\u00faen sobre el caso.<\/p>\n<p>Este s\u00e1bado, la diputada opositora Olivia Lozano, miembro de la Comisi\u00f3n de Medios de Comunicaci\u00f3n del Parlamento venezolano, tambi\u00e9n hab\u00eda se\u00f1alado en su cuenta de Twitter que Medina \u00abfue amenazado por mostrar verdad de c\u00e1rcel de Tocor\u00f3n\u00bb y que hab\u00eda desaparecido.<\/p>\n<p>Por su parte, el jefe del Parlamento venezolano, el opositor Julio Borges, tambi\u00e9n pidi\u00f3 hoy \u00abla aparici\u00f3n\u00bb de Medina.<\/p>\n<p>El pasado 7 de octubre, el SNTP denunci\u00f3 que Medina junto a otros dos corresponsales extranjeros hab\u00edan sido detenidos cuando se encontraban de visita en Tocor\u00f3n realizando una investigaci\u00f3n period\u00edstica.<\/p>\n<p>La c\u00e1rcel de Tocor\u00f3n es uno de los internados en el que a\u00fan no se ha implantado el nuevo r\u00e9gimen penitenciario venezolano, que seg\u00fan el plan del Gobierno de ese pa\u00eds intenta \u00abpacificar\u00bb las c\u00e1rceles.<\/p>\n<p>Diversos medios venezolanos han denunciado que desde la c\u00e1rcel de Tocor\u00f3n se organizan secuestros, se extorsiona a ciudadanos y se dirige el tr\u00e1fico de alimentos, entre otros delitos.<\/p>\n<p><strong>Redacci\u00f3n con fuente: EFE<\/strong><br \/>\n<strong>Edici\u00f3n: Villasmil, Henry<\/strong><br \/>\n<strong>Gr\u00e1fica. cortes\u00eda<\/strong><\/p>\n<p>&nbsp;<\/p><div class=\"tznex69f33adaad482\" ><p style=\"text-align: center;\"><a href=\"https:\/\/t.me\/noticiasdigital58\" target=\"_blank\" rel=\"noopener\"><img class=\"aligncenter size-full wp-image-125363\" src=\"https:\/\/digital58.com.ve\/site\/wp-content\/uploads\/2021\/04\/banner-telegram-web-2021.png\" alt=\"\" width=\"600\" height=\"90\" \/><\/a><\/p><\/div><style type=\"text\/css\">\r\n@media screen and (min-width: 1201px) {\r\n.tznex69f33adaad482 {\r\ndisplay: block;\r\n}\r\n}\r\n@media screen and (min-width: 993px) and (max-width: 1200px) {\r\n.tznex69f33adaad482 {\r\ndisplay: block;\r\n}\r\n}\r\n@media screen and (min-width: 769px) and (max-width: 992px) {\r\n.tznex69f33adaad482 {\r\ndisplay: block;\r\n}\r\n}\r\n@media screen and (min-width: 768px) and (max-width: 768px) {\r\n.tznex69f33adaad482 {\r\ndisplay: block;\r\n}\r\n}\r\n@media screen and (max-width: 767px) {\r\n.tznex69f33adaad482 {\r\ndisplay: block;\r\n}\r\n}\r\n<\/style>\r\n\n<p>&nbsp;<\/p>\n<div style=\"margin-top: 0px; margin-bottom: 0px;\" class=\"sharethis-inline-share-buttons\" ><\/div>","protected":false},"excerpt":{"rendered":"<p>El Sindicato Nacional de Trabajadores de la Prensa de Venezuela (SNTP) denunci\u00f3 hoy que el periodista venezolano Jes\u00fas Medina lleva<\/p>\n","protected":false},"author":1,"featured_media":73693,"comment_status":"open","ping_status":"closed","sticky":false,"template":"","format":"standard","meta":{"colormag_page_container_layout":"default_layout","colormag_page_sidebar_layout":"default_layout","_uag_custom_page_level_css":"","footnotes":""},"categories":[5403,8610,8608],"tags":[9896,9897,233,3966,32,8604],"class_list":["post-73692","post","type-post","status-publish","format-standard","has-post-thumbnail","hentry","category-otros","category-politica","category-reportajes-especiales","tag-desaparaciones","tag-jesus-medina","tag-nacionales","tag-periodistas","tag-venezuela","tag-venezuela-crisis"],"yoast_head":"<!-- This site is optimized with the Yoast SEO plugin v27.5 - https:\/\/yoast.com\/product\/yoast-seo-wordpress\/ -->\n<title>Denuncian la desaparici\u00f3n de un periodista en Venezuela<\/title>\n<meta name=\"robots\" content=\"index, follow, max-snippet:-1, max-image-preview:large, max-video-preview:-1\" \/>\n<link rel=\"canonical\" href=\"https:\/\/digital58.com.ve\/site\/2017\/11\/05\/denuncian-la-desaparicion-de-un-periodista-en-venezuela\/\" \/>\n<meta property=\"og:locale\" content=\"es_ES\" \/>\n<meta property=\"og:type\" content=\"article\" \/>\n<meta property=\"og:title\" content=\"Denuncian la desaparici\u00f3n de un periodista en Venezuela\" \/>\n<meta property=\"og:url\" content=\"https:\/\/digital58.com.ve\/site\/2017\/11\/05\/denuncian-la-desaparicion-de-un-periodista-en-venezuela\/\" \/>\n<meta property=\"og:site_name\" content=\"Noticias Digital58\" \/>\n<meta property=\"article:published_time\" content=\"2017-11-05T17:17:33+00:00\" \/>\n<meta property=\"og:image\" content=\"https:\/\/digital58.com.ve\/site\/wp-content\/uploads\/2017\/11\/1509845585092.jpg\" \/>\n\t<meta property=\"og:image:width\" content=\"1242\" \/>\n\t<meta property=\"og:image:height\" content=\"620\" \/>\n\t<meta property=\"og:image:type\" content=\"image\/jpeg\" \/>\n<meta name=\"author\" content=\"Villasmil Henry\" \/>\n<meta name=\"twitter:card\" content=\"summary_large_image\" \/>\n<meta name=\"twitter:creator\" content=\"@https:\/\/twitter.com\/villasmilhfoto\" \/>\n<meta name=\"twitter:site\" content=\"@villasmilhfoto\" \/>\n<meta name=\"twitter:label1\" content=\"Escrito por\" \/>\n\t<meta name=\"twitter:data1\" content=\"Villasmil Henry\" \/>\n\t<meta name=\"twitter:label2\" content=\"Tiempo estimado de lectura\" \/>\n\t<meta name=\"twitter:data2\" content=\"2 minutos\" \/>\n<script type=\"application\/ld+json\" class=\"yoast-schema-graph\">{\"@context\":\"https:\\\/\\\/schema.org\",\"@graph\":[{\"@type\":\"Article\",\"@id\":\"https:\\\/\\\/digital58.com.ve\\\/site\\\/2017\\\/11\\\/05\\\/denuncian-la-desaparicion-de-un-periodista-en-venezuela\\\/#article\",\"isPartOf\":{\"@id\":\"https:\\\/\\\/digital58.com.ve\\\/site\\\/2017\\\/11\\\/05\\\/denuncian-la-desaparicion-de-un-periodista-en-venezuela\\\/\"},\"author\":{\"name\":\"Villasmil Henry\",\"@id\":\"https:\\\/\\\/digital58.com.ve\\\/site\\\/#\\\/schema\\\/person\\\/64d1c2e4d0d4fd1b849980c4331c2951\"},\"headline\":\"Denuncian la desaparici\u00f3n de un periodista en Venezuela\",\"datePublished\":\"2017-11-05T17:17:33+00:00\",\"mainEntityOfPage\":{\"@id\":\"https:\\\/\\\/digital58.com.ve\\\/site\\\/2017\\\/11\\\/05\\\/denuncian-la-desaparicion-de-un-periodista-en-venezuela\\\/\"},\"wordCount\":343,\"commentCount\":0,\"publisher\":{\"@id\":\"https:\\\/\\\/digital58.com.ve\\\/site\\\/#\\\/schema\\\/person\\\/64d1c2e4d0d4fd1b849980c4331c2951\"},\"image\":{\"@id\":\"https:\\\/\\\/digital58.com.ve\\\/site\\\/2017\\\/11\\\/05\\\/denuncian-la-desaparicion-de-un-periodista-en-venezuela\\\/#primaryimage\"},\"thumbnailUrl\":\"https:\\\/\\\/digital58.com.ve\\\/site\\\/wp-content\\\/uploads\\\/2017\\\/11\\\/1509845585092.jpg\",\"keywords\":[\"Desaparaciones\",\"Jes\u00fas Medina\",\"Nacionales\",\"Periodistas\",\"Venezuela\",\"Venezuela Crisis\"],\"articleSection\":[\"Otros\",\"Pol\u00edtica\",\"Reportajes Especiales\"],\"inLanguage\":\"es\",\"potentialAction\":[{\"@type\":\"CommentAction\",\"name\":\"Comment\",\"target\":[\"https:\\\/\\\/digital58.com.ve\\\/site\\\/2017\\\/11\\\/05\\\/denuncian-la-desaparicion-de-un-periodista-en-venezuela\\\/#respond\"]}]},{\"@type\":\"WebPage\",\"@id\":\"https:\\\/\\\/digital58.com.ve\\\/site\\\/2017\\\/11\\\/05\\\/denuncian-la-desaparicion-de-un-periodista-en-venezuela\\\/\",\"url\":\"https:\\\/\\\/digital58.com.ve\\\/site\\\/2017\\\/11\\\/05\\\/denuncian-la-desaparicion-de-un-periodista-en-venezuela\\\/\",\"name\":\"Denuncian la desaparici\u00f3n de un periodista en Venezuela\",\"isPartOf\":{\"@id\":\"https:\\\/\\\/digital58.com.ve\\\/site\\\/#website\"},\"primaryImageOfPage\":{\"@id\":\"https:\\\/\\\/digital58.com.ve\\\/site\\\/2017\\\/11\\\/05\\\/denuncian-la-desaparicion-de-un-periodista-en-venezuela\\\/#primaryimage\"},\"image\":{\"@id\":\"https:\\\/\\\/digital58.com.ve\\\/site\\\/2017\\\/11\\\/05\\\/denuncian-la-desaparicion-de-un-periodista-en-venezuela\\\/#primaryimage\"},\"thumbnailUrl\":\"https:\\\/\\\/digital58.com.ve\\\/site\\\/wp-content\\\/uploads\\\/2017\\\/11\\\/1509845585092.jpg\",\"datePublished\":\"2017-11-05T17:17:33+00:00\",\"breadcrumb\":{\"@id\":\"https:\\\/\\\/digital58.com.ve\\\/site\\\/2017\\\/11\\\/05\\\/denuncian-la-desaparicion-de-un-periodista-en-venezuela\\\/#breadcrumb\"},\"inLanguage\":\"es\",\"potentialAction\":[{\"@type\":\"ReadAction\",\"target\":[\"https:\\\/\\\/digital58.com.ve\\\/site\\\/2017\\\/11\\\/05\\\/denuncian-la-desaparicion-de-un-periodista-en-venezuela\\\/\"]}]},{\"@type\":\"ImageObject\",\"inLanguage\":\"es\",\"@id\":\"https:\\\/\\\/digital58.com.ve\\\/site\\\/2017\\\/11\\\/05\\\/denuncian-la-desaparicion-de-un-periodista-en-venezuela\\\/#primaryimage\",\"url\":\"https:\\\/\\\/digital58.com.ve\\\/site\\\/wp-content\\\/uploads\\\/2017\\\/11\\\/1509845585092.jpg\",\"contentUrl\":\"https:\\\/\\\/digital58.com.ve\\\/site\\\/wp-content\\\/uploads\\\/2017\\\/11\\\/1509845585092.jpg\",\"width\":800,\"height\":399},{\"@type\":\"BreadcrumbList\",\"@id\":\"https:\\\/\\\/digital58.com.ve\\\/site\\\/2017\\\/11\\\/05\\\/denuncian-la-desaparicion-de-un-periodista-en-venezuela\\\/#breadcrumb\",\"itemListElement\":[{\"@type\":\"ListItem\",\"position\":1,\"name\":\"Home\",\"item\":\"https:\\\/\\\/digital58.com.ve\\\/site\\\/\"},{\"@type\":\"ListItem\",\"position\":2,\"name\":\"Denuncian la desaparici\u00f3n de un periodista en Venezuela\"}]},{\"@type\":\"WebSite\",\"@id\":\"https:\\\/\\\/digital58.com.ve\\\/site\\\/#website\",\"url\":\"https:\\\/\\\/digital58.com.ve\\\/site\\\/\",\"name\":\"Noticias Digital58\",\"description\":\"Portal de Noticias \u00a1Periodismo web de verdad! Lanzamiento web 22.11.2005 \\\/ Maracaibo, Venezuela\",\"publisher\":{\"@id\":\"https:\\\/\\\/digital58.com.ve\\\/site\\\/#\\\/schema\\\/person\\\/64d1c2e4d0d4fd1b849980c4331c2951\"},\"alternateName\":\"ND58\",\"potentialAction\":[{\"@type\":\"SearchAction\",\"target\":{\"@type\":\"EntryPoint\",\"urlTemplate\":\"https:\\\/\\\/digital58.com.ve\\\/site\\\/?s={search_term_string}\"},\"query-input\":{\"@type\":\"PropertyValueSpecification\",\"valueRequired\":true,\"valueName\":\"search_term_string\"}}],\"inLanguage\":\"es\"},{\"@type\":[\"Person\",\"Organization\"],\"@id\":\"https:\\\/\\\/digital58.com.ve\\\/site\\\/#\\\/schema\\\/person\\\/64d1c2e4d0d4fd1b849980c4331c2951\",\"name\":\"Villasmil Henry\",\"image\":{\"@type\":\"ImageObject\",\"inLanguage\":\"es\",\"@id\":\"https:\\\/\\\/secure.gravatar.com\\\/avatar\\\/bb0c4a2fcb7970138239f7e404ea75757b1b507b28b5ce4c53fbd62d797c5a7c?s=96&d=mm&r=g\",\"url\":\"https:\\\/\\\/secure.gravatar.com\\\/avatar\\\/bb0c4a2fcb7970138239f7e404ea75757b1b507b28b5ce4c53fbd62d797c5a7c?s=96&d=mm&r=g\",\"contentUrl\":\"https:\\\/\\\/secure.gravatar.com\\\/avatar\\\/bb0c4a2fcb7970138239f7e404ea75757b1b507b28b5ce4c53fbd62d797c5a7c?s=96&d=mm&r=g\",\"caption\":\"Villasmil Henry\"},\"logo\":{\"@id\":\"https:\\\/\\\/secure.gravatar.com\\\/avatar\\\/bb0c4a2fcb7970138239f7e404ea75757b1b507b28b5ce4c53fbd62d797c5a7c?s=96&d=mm&r=g\"},\"sameAs\":[\"http:\\\/\\\/www.henryvillasmil.com.ve\",\"https:\\\/\\\/www.instagram.com\\\/villasmilhfoto\\\/\",\"https:\\\/\\\/x.com\\\/https:\\\/\\\/twitter.com\\\/villasmilhfoto\"],\"url\":\"https:\\\/\\\/digital58.com.ve\\\/site\\\/author\\\/droopy_68\\\/\"}]}<\/script>\n<!-- \/ Yoast SEO plugin. -->","yoast_head_json":{"title":"Denuncian la desaparici\u00f3n de un periodista en Venezuela","robots":{"index":"index","follow":"follow","max-snippet":"max-snippet:-1","max-image-preview":"max-image-preview:large","max-video-preview":"max-video-preview:-1"},"canonical":"https:\/\/digital58.com.ve\/site\/2017\/11\/05\/denuncian-la-desaparicion-de-un-periodista-en-venezuela\/","og_locale":"es_ES","og_type":"article","og_title":"Denuncian la desaparici\u00f3n de un periodista en Venezuela","og_url":"https:\/\/digital58.com.ve\/site\/2017\/11\/05\/denuncian-la-desaparicion-de-un-periodista-en-venezuela\/","og_site_name":"Noticias Digital58","article_published_time":"2017-11-05T17:17:33+00:00","og_image":[{"width":1242,"height":620,"url":"https:\/\/digital58.com.ve\/site\/wp-content\/uploads\/2017\/11\/1509845585092.jpg","type":"image\/jpeg"}],"author":"Villasmil Henry","twitter_card":"summary_large_image","twitter_creator":"@https:\/\/twitter.com\/villasmilhfoto","twitter_site":"@villasmilhfoto","twitter_misc":{"Escrito por":"Villasmil Henry","Tiempo estimado de lectura":"2 minutos"},"schema":{"@context":"https:\/\/schema.org","@graph":[{"@type":"Article","@id":"https:\/\/digital58.com.ve\/site\/2017\/11\/05\/denuncian-la-desaparicion-de-un-periodista-en-venezuela\/#article","isPartOf":{"@id":"https:\/\/digital58.com.ve\/site\/2017\/11\/05\/denuncian-la-desaparicion-de-un-periodista-en-venezuela\/"},"author":{"name":"Villasmil Henry","@id":"https:\/\/digital58.com.ve\/site\/#\/schema\/person\/64d1c2e4d0d4fd1b849980c4331c2951"},"headline":"Denuncian la desaparici\u00f3n de un periodista en Venezuela","datePublished":"2017-11-05T17:17:33+00:00","mainEntityOfPage":{"@id":"https:\/\/digital58.com.ve\/site\/2017\/11\/05\/denuncian-la-desaparicion-de-un-periodista-en-venezuela\/"},"wordCount":343,"commentCount":0,"publisher":{"@id":"https:\/\/digital58.com.ve\/site\/#\/schema\/person\/64d1c2e4d0d4fd1b849980c4331c2951"},"image":{"@id":"https:\/\/digital58.com.ve\/site\/2017\/11\/05\/denuncian-la-desaparicion-de-un-periodista-en-venezuela\/#primaryimage"},"thumbnailUrl":"https:\/\/digital58.com.ve\/site\/wp-content\/uploads\/2017\/11\/1509845585092.jpg","keywords":["Desaparaciones","Jes\u00fas Medina","Nacionales","Periodistas","Venezuela","Venezuela Crisis"],"articleSection":["Otros","Pol\u00edtica","Reportajes Especiales"],"inLanguage":"es","potentialAction":[{"@type":"CommentAction","name":"Comment","target":["https:\/\/digital58.com.ve\/site\/2017\/11\/05\/denuncian-la-desaparicion-de-un-periodista-en-venezuela\/#respond"]}]},{"@type":"WebPage","@id":"https:\/\/digital58.com.ve\/site\/2017\/11\/05\/denuncian-la-desaparicion-de-un-periodista-en-venezuela\/","url":"https:\/\/digital58.com.ve\/site\/2017\/11\/05\/denuncian-la-desaparicion-de-un-periodista-en-venezuela\/","name":"Denuncian la desaparici\u00f3n de un periodista en Venezuela","isPartOf":{"@id":"https:\/\/digital58.com.ve\/site\/#website"},"primaryImageOfPage":{"@id":"https:\/\/digital58.com.ve\/site\/2017\/11\/05\/denuncian-la-desaparicion-de-un-periodista-en-venezuela\/#primaryimage"},"image":{"@id":"https:\/\/digital58.com.ve\/site\/2017\/11\/05\/denuncian-la-desaparicion-de-un-periodista-en-venezuela\/#primaryimage"},"thumbnailUrl":"https:\/\/digital58.com.ve\/site\/wp-content\/uploads\/2017\/11\/1509845585092.jpg","datePublished":"2017-11-05T17:17:33+00:00","breadcrumb":{"@id":"https:\/\/digital58.com.ve\/site\/2017\/11\/05\/denuncian-la-desaparicion-de-un-periodista-en-venezuela\/#breadcrumb"},"inLanguage":"es","potentialAction":[{"@type":"ReadAction","target":["https:\/\/digital58.com.ve\/site\/2017\/11\/05\/denuncian-la-desaparicion-de-un-periodista-en-venezuela\/"]}]},{"@type":"ImageObject","inLanguage":"es","@id":"https:\/\/digital58.com.ve\/site\/2017\/11\/05\/denuncian-la-desaparicion-de-un-periodista-en-venezuela\/#primaryimage","url":"https:\/\/digital58.com.ve\/site\/wp-content\/uploads\/2017\/11\/1509845585092.jpg","contentUrl":"https:\/\/digital58.com.ve\/site\/wp-content\/uploads\/2017\/11\/1509845585092.jpg","width":800,"height":399},{"@type":"BreadcrumbList","@id":"https:\/\/digital58.com.ve\/site\/2017\/11\/05\/denuncian-la-desaparicion-de-un-periodista-en-venezuela\/#breadcrumb","itemListElement":[{"@type":"ListItem","position":1,"name":"Home","item":"https:\/\/digital58.com.ve\/site\/"},{"@type":"ListItem","position":2,"name":"Denuncian la desaparici\u00f3n de un periodista en Venezuela"}]},{"@type":"WebSite","@id":"https:\/\/digital58.com.ve\/site\/#website","url":"https:\/\/digital58.com.ve\/site\/","name":"Noticias Digital58","description":"Portal de Noticias \u00a1Periodismo web de verdad! Lanzamiento web 22.11.2005 \/ Maracaibo, Venezuela","publisher":{"@id":"https:\/\/digital58.com.ve\/site\/#\/schema\/person\/64d1c2e4d0d4fd1b849980c4331c2951"},"alternateName":"ND58","potentialAction":[{"@type":"SearchAction","target":{"@type":"EntryPoint","urlTemplate":"https:\/\/digital58.com.ve\/site\/?s={search_term_string}"},"query-input":{"@type":"PropertyValueSpecification","valueRequired":true,"valueName":"search_term_string"}}],"inLanguage":"es"},{"@type":["Person","Organization"],"@id":"https:\/\/digital58.com.ve\/site\/#\/schema\/person\/64d1c2e4d0d4fd1b849980c4331c2951","name":"Villasmil Henry","image":{"@type":"ImageObject","inLanguage":"es","@id":"https:\/\/secure.gravatar.com\/avatar\/bb0c4a2fcb7970138239f7e404ea75757b1b507b28b5ce4c53fbd62d797c5a7c?s=96&d=mm&r=g","url":"https:\/\/secure.gravatar.com\/avatar\/bb0c4a2fcb7970138239f7e404ea75757b1b507b28b5ce4c53fbd62d797c5a7c?s=96&d=mm&r=g","contentUrl":"https:\/\/secure.gravatar.com\/avatar\/bb0c4a2fcb7970138239f7e404ea75757b1b507b28b5ce4c53fbd62d797c5a7c?s=96&d=mm&r=g","caption":"Villasmil Henry"},"logo":{"@id":"https:\/\/secure.gravatar.com\/avatar\/bb0c4a2fcb7970138239f7e404ea75757b1b507b28b5ce4c53fbd62d797c5a7c?s=96&d=mm&r=g"},"sameAs":["http:\/\/www.henryvillasmil.com.ve","https:\/\/www.instagram.com\/villasmilhfoto\/","https:\/\/x.com\/https:\/\/twitter.com\/villasmilhfoto"],"url":"https:\/\/digital58.com.ve\/site\/author\/droopy_68\/"}]}},"uagb_featured_image_src":{"full":["https:\/\/digital58.com.ve\/site\/wp-content\/uploads\/2017\/11\/1509845585092.jpg",800,399,false],"thumbnail":["https:\/\/digital58.com.ve\/site\/wp-content\/uploads\/2017\/11\/1509845585092-150x150.jpg",150,150,true],"medium":["https:\/\/digital58.com.ve\/site\/wp-content\/uploads\/2017\/11\/1509845585092-300x150.jpg",300,150,true],"medium_large":["https:\/\/digital58.com.ve\/site\/wp-content\/uploads\/2017\/11\/1509845585092-768x383.jpg",768,383,true],"large":["https:\/\/digital58.com.ve\/site\/wp-content\/uploads\/2017\/11\/1509845585092.jpg",800,399,false],"1536x1536":["https:\/\/digital58.com.ve\/site\/wp-content\/uploads\/2017\/11\/1509845585092.jpg",800,399,false],"2048x2048":["https:\/\/digital58.com.ve\/site\/wp-content\/uploads\/2017\/11\/1509845585092.jpg",800,399,false],"colormag-highlighted-post":["https:\/\/digital58.com.ve\/site\/wp-content\/uploads\/2017\/11\/1509845585092.jpg",392,196,false],"colormag-featured-post-medium":["https:\/\/digital58.com.ve\/site\/wp-content\/uploads\/2017\/11\/1509845585092.jpg",390,195,false],"colormag-featured-post-small":["https:\/\/digital58.com.ve\/site\/wp-content\/uploads\/2017\/11\/1509845585092.jpg",130,65,false],"colormag-featured-image":["https:\/\/digital58.com.ve\/site\/wp-content\/uploads\/2017\/11\/1509845585092.jpg",800,399,false],"colormag-default-news":["https:\/\/digital58.com.ve\/site\/wp-content\/uploads\/2017\/11\/1509845585092.jpg",150,75,false],"colormag-featured-image-large":["https:\/\/digital58.com.ve\/site\/wp-content\/uploads\/2017\/11\/1509845585092.jpg",800,399,false]},"uagb_author_info":{"display_name":"Villasmil Henry","author_link":"https:\/\/digital58.com.ve\/site\/author\/droopy_68\/"},"uagb_comment_info":0,"uagb_excerpt":"El Sindicato Nacional de Trabajadores de la Prensa de Venezuela (SNTP) denunci\u00f3 hoy que el periodista venezolano Jes\u00fas Medina lleva","_links":{"self":[{"href":"https:\/\/digital58.com.ve\/site\/wp-json\/wp\/v2\/posts\/73692","targetHints":{"allow":["GET"]}}],"collection":[{"href":"https:\/\/digital58.com.ve\/site\/wp-json\/wp\/v2\/posts"}],"about":[{"href":"https:\/\/digital58.com.ve\/site\/wp-json\/wp\/v2\/types\/post"}],"author":[{"embeddable":true,"href":"https:\/\/digital58.com.ve\/site\/wp-json\/wp\/v2\/users\/1"}],"replies":[{"embeddable":true,"href":"https:\/\/digital58.com.ve\/site\/wp-json\/wp\/v2\/comments?post=73692"}],"version-history":[{"count":0,"href":"https:\/\/digital58.com.ve\/site\/wp-json\/wp\/v2\/posts\/73692\/revisions"}],"wp:featuredmedia":[{"embeddable":true,"href":"https:\/\/digital58.com.ve\/site\/wp-json\/wp\/v2\/media\/73693"}],"wp:attachment":[{"href":"https:\/\/digital58.com.ve\/site\/wp-json\/wp\/v2\/media?parent=73692"}],"wp:term":[{"taxonomy":"category","embeddable":true,"href":"https:\/\/digital58.com.ve\/site\/wp-json\/wp\/v2\/categories?post=73692"},{"taxonomy":"post_tag","embeddable":true,"href":"https:\/\/digital58.com.ve\/site\/wp-json\/wp\/v2\/tags?post=73692"}],"curies":[{"name":"wp","href":"https:\/\/api.w.org\/{rel}","templated":true}]}}