{"id":74867,"date":"2017-11-27T08:35:17","date_gmt":"2017-11-27T12:35:17","guid":{"rendered":"http:\/\/digital58.com.ve\/site\/?p=74867"},"modified":"2017-11-27T08:35:17","modified_gmt":"2017-11-27T12:35:17","slug":"la-sudafricana-nel-peters-da-la-quinta-corona-de-miss-universo-a-africa","status":"publish","type":"post","link":"https:\/\/digital58.com.ve\/site\/2017\/11\/27\/la-sudafricana-nel-peters-da-la-quinta-corona-de-miss-universo-a-africa\/","title":{"rendered":"La sudafricana Nel-Peters da la quinta corona de Miss Universo a \u00c1frica"},"content":{"rendered":"<p><a href=\"http:\/\/digital58.com.ve\/site\/wp-content\/uploads\/2017\/11\/miss-universe-3.jpg\"><img loading=\"lazy\" decoding=\"async\" class=\"aligncenter size-large wp-image-74873\" src=\"http:\/\/digital58.com.ve\/site\/wp-content\/uploads\/2017\/11\/miss-universe-3-1500x982.jpg\" alt=\"\" width=\"640\" height=\"419\" srcset=\"https:\/\/digital58.com.ve\/site\/wp-content\/uploads\/2017\/11\/miss-universe-3-1500x982.jpg 1500w, https:\/\/digital58.com.ve\/site\/wp-content\/uploads\/2017\/11\/miss-universe-3-300x196.jpg 300w, https:\/\/digital58.com.ve\/site\/wp-content\/uploads\/2017\/11\/miss-universe-3-768x503.jpg 768w, https:\/\/digital58.com.ve\/site\/wp-content\/uploads\/2017\/11\/miss-universe-3.jpg 800w\" sizes=\"auto, (max-width: 640px) 100vw, 640px\" \/><\/a><\/p>\n<p>La corona de la reina mundial de la belleza qued\u00f3 hoy prendida en el cabello de la sudafricana Demi-Leigh Nel-Peters, que super\u00f3 en la final a la colombiana Laura Gonz\u00e1lez y a la jamaicana Davina Bennett para llevar por quinta vez este premio a \u00c1frica, la regi\u00f3n con menos galardones del certamen.<\/p>\n<p><strong>Las Vegas, EEUU, 27 de noviembre de 2017 (D58).-<\/strong> La joven, de 22 a\u00f1os y que acaba de finalizar sus estudios de Administraci\u00f3n de Empresas, lleva a su pa\u00eds este t\u00edtulo por segunda vez en la historia del certamen, tras Margaret Gardiner en 1978.<\/p>\n<p>Representantes de Angola (2011), Botswana (1999) y Namibia (1992) fueron las otras tres africanas que lo consiguieron.<\/p>\n<p>El teatro Axis, del Hotel Planet Hollywood de Las Vegas (EEUU), explot\u00f3 de emoci\u00f3n cuando el presentador de la gala, Steve Harvey, anunci\u00f3 el nombre de la nueva reina mundial de la belleza tras el concurso con el mayor n\u00famero de participantes de su historia, un total de 92.<\/p>\n<p>El nombre de esta joven, que declar\u00f3 ser amante de ayudar a empoderar a las mujeres, figur\u00f3 desde el principio entre las favoritas, no s\u00f3lo entre el p\u00fablico, sino tambi\u00e9n en los sitios de apuestas por internet, que la situaron entre las tres finalistas.<\/p>\n<p>Y al final se confirm\u00f3 ese favoritismo para la sudafricana, quien a partir de ahora vivir\u00e1 en un lujoso apartamento de Nueva York con todos los gastos pagados.<\/p>\n<p>De la mano de la colombiana, segunda clasificada, Nel-Peters reflej\u00f3 con una gran sonrisa la sorpresa por este triunfo y, visiblemente emocionada, recibi\u00f3 la corona de manos de su antecesora, la francesa Iris Mittenaere.<\/p>\n<p>La victoriosa sudafricana tuvo palabras para Gonz\u00e1lez, de quien destac\u00f3 en conferencia de prensa que \u00abrealmente compiti\u00f3 muy bien y fue una rival fuerte\u00bb.<\/p>\n<p>La clave quiz\u00e1s radic\u00f3 en su respuesta a la siempre delicada pregunta que tuvieron que responder las tres finalistas sobre qu\u00e9 cualidad de s\u00ed misma m\u00e1s la enorgullec\u00eda y c\u00f3mo la aplicar\u00eda en caso de ser elegida Miss Universo.<\/p>\n<p>Miss Sud\u00e1frica respondi\u00f3 que Miss Universo \u00abdebe tener confianza en s\u00ed misma\u00bb, como mujer que ha superado \u00abnumerosos temores\u00bb, por lo que puede ayudar a otras a sobrepasar estos miedos, y a quien \u00abnunca se le pide demasiado\u00bb, cualidades que, puntualiz\u00f3, ella posee.<\/p>\n<p>Nel-Peters dedicar\u00e1 su reinado a promover actividades y causas que, de acuerdo con la organizaci\u00f3n, deben estar orientadas a empoderar a otras mujeres, a ayudar a sus comunidades y a iniciar conversaciones en torno a temas que ayuden a la sociedad.<\/p>\n<p>En este sentido, la sudafricana explic\u00f3 a la prensa que espera trabajar en campa\u00f1as de prevenci\u00f3n del virus del VIH, un problema muy presente en su pa\u00eds, y conf\u00eda en poder fortalecer su proyecto de proveer a las mujeres de Sud\u00e1frica de las \u00abherramientas y el conocimiento que les permita enfrentar situaciones dif\u00edciles como secuestros o robos\u00bb.<\/p>\n<p>El camino de esta joven comenz\u00f3 pronto en la gala de hoy, cuando fue seleccionada junto con otras 15 candidatas dentro del primer ramillete de semifinalistas.<\/p>\n<p>Su desfile en traje de ba\u00f1o, luciendo un bikini color amarillo, levant\u00f3 aplausos en el Teatro Axis, que estaba completamente lleno de <em>fans<\/em> con banderas y carteles con los que animaban a sus favoritas.<\/p>\n<p>Pero sin lugar a dudas las mayores muestras de apoyo llegaron cuando la sudafricana desfil\u00f3 por el escenario con un traje de gala en tonalidades doradas durante la presentaci\u00f3n musical de la cantante del grupo Black Eye Peas, Fergie.<\/p>\n<p>Esta edici\u00f3n del concurso de belleza introdujo por primera vez una selecci\u00f3n por zonas geogr\u00e1ficas: 4 de Europa, 4 de Asia\/Pac\u00edfico y 4 de Am\u00e9rica, a las que se sumaron otras cuatro j\u00f3venes m\u00e1s que eligieron los seis miembros del jurado.<\/p>\n<p>De las 16 finalistas se eliminaron 6 en una primera fase y quedaron 10, entre las que estaban adem\u00e1s las representantes de Venezuela, Espa\u00f1a y Brasil.<\/p>\n<p>La venezolana Keysi Sayago logr\u00f3 pasar el \u00faltimo corte de cinco, pero solo Laura Gonz\u00e1lez se clasific\u00f3 para la final, aunque tuvo que conformarse con el segundo puesto.<\/p>\n<p>En su nueva labor como Miss Universo, Nel-Peters deber\u00e1 acudir a las semanas de la moda m\u00e1s importantes del mundo y, por supuesto, a audiciones donde podr\u00eda encontrar su nueva carrera despu\u00e9s de dejar el trono el pr\u00f3ximo a\u00f1o.<\/p>\n<p><strong>Redacci\u00f3n con fuente: Adriana Ar\u00e9valo \/ EFE<\/strong><br \/>\n<strong>Edici\u00f3n: Villasmil, Henry<\/strong><br \/>\n<strong>Gr\u00e1ficas: EFE \/ AFP<\/strong><\/p>\n<p><a href=\"http:\/\/digital58.com.ve\/site\/wp-content\/uploads\/2017\/11\/miss-universe-7.jpg\"><img loading=\"lazy\" decoding=\"async\" class=\"aligncenter size-large wp-image-74869\" src=\"http:\/\/digital58.com.ve\/site\/wp-content\/uploads\/2017\/11\/miss-universe-7-777x1024.jpg\" alt=\"\" width=\"640\" height=\"843\" srcset=\"https:\/\/digital58.com.ve\/site\/wp-content\/uploads\/2017\/11\/miss-universe-7-777x1024.jpg 777w, https:\/\/digital58.com.ve\/site\/wp-content\/uploads\/2017\/11\/miss-universe-7-228x300.jpg 228w, https:\/\/digital58.com.ve\/site\/wp-content\/uploads\/2017\/11\/miss-universe-7-768x1012.jpg 768w, https:\/\/digital58.com.ve\/site\/wp-content\/uploads\/2017\/11\/miss-universe-7.jpg 455w\" sizes=\"auto, (max-width: 640px) 100vw, 640px\" \/><\/a><\/p>\n<p><a href=\"http:\/\/digital58.com.ve\/site\/wp-content\/uploads\/2017\/11\/miss-universe-4.jpg\"><img loading=\"lazy\" decoding=\"async\" class=\"aligncenter size-large wp-image-74872\" src=\"http:\/\/digital58.com.ve\/site\/wp-content\/uploads\/2017\/11\/miss-universe-4-1467x1024.jpg\" alt=\"\" width=\"640\" height=\"447\" srcset=\"https:\/\/digital58.com.ve\/site\/wp-content\/uploads\/2017\/11\/miss-universe-4-1467x1024.jpg 1467w, https:\/\/digital58.com.ve\/site\/wp-content\/uploads\/2017\/11\/miss-universe-4-300x209.jpg 300w, https:\/\/digital58.com.ve\/site\/wp-content\/uploads\/2017\/11\/miss-universe-4-768x536.jpg 768w, https:\/\/digital58.com.ve\/site\/wp-content\/uploads\/2017\/11\/miss-universe-4.jpg 800w\" sizes=\"auto, (max-width: 640px) 100vw, 640px\" \/><\/a><\/p>\n<p><a href=\"http:\/\/digital58.com.ve\/site\/wp-content\/uploads\/2017\/11\/miss-universe-5.jpg\"><img loading=\"lazy\" decoding=\"async\" class=\"aligncenter size-large wp-image-74871\" src=\"http:\/\/digital58.com.ve\/site\/wp-content\/uploads\/2017\/11\/miss-universe-5-1178x1024.jpg\" alt=\"\" width=\"640\" height=\"556\" srcset=\"https:\/\/digital58.com.ve\/site\/wp-content\/uploads\/2017\/11\/miss-universe-5-1178x1024.jpg 1178w, https:\/\/digital58.com.ve\/site\/wp-content\/uploads\/2017\/11\/miss-universe-5-300x261.jpg 300w, https:\/\/digital58.com.ve\/site\/wp-content\/uploads\/2017\/11\/miss-universe-5-768x668.jpg 768w, https:\/\/digital58.com.ve\/site\/wp-content\/uploads\/2017\/11\/miss-universe-5.jpg 690w\" sizes=\"auto, (max-width: 640px) 100vw, 640px\" \/><\/a><\/p>\n<p><a href=\"http:\/\/digital58.com.ve\/site\/wp-content\/uploads\/2017\/11\/miss-universe-8.jpg\"><img loading=\"lazy\" decoding=\"async\" class=\"aligncenter size-large wp-image-74868\" src=\"http:\/\/digital58.com.ve\/site\/wp-content\/uploads\/2017\/11\/miss-universe-8-676x1024.jpg\" alt=\"\" width=\"640\" height=\"969\" srcset=\"https:\/\/digital58.com.ve\/site\/wp-content\/uploads\/2017\/11\/miss-universe-8-676x1024.jpg 676w, https:\/\/digital58.com.ve\/site\/wp-content\/uploads\/2017\/11\/miss-universe-8-198x300.jpg 198w, https:\/\/digital58.com.ve\/site\/wp-content\/uploads\/2017\/11\/miss-universe-8-768x1164.jpg 768w, https:\/\/digital58.com.ve\/site\/wp-content\/uploads\/2017\/11\/miss-universe-8.jpg 396w\" sizes=\"auto, (max-width: 640px) 100vw, 640px\" \/><\/a><\/p>\n<p><a href=\"http:\/\/digital58.com.ve\/site\/wp-content\/uploads\/2017\/11\/miss-universe-6.jpg\"><img loading=\"lazy\" decoding=\"async\" class=\"aligncenter size-large wp-image-74870\" src=\"http:\/\/digital58.com.ve\/site\/wp-content\/uploads\/2017\/11\/miss-universe-6-1500x1000.jpg\" alt=\"\" width=\"640\" height=\"427\" srcset=\"https:\/\/digital58.com.ve\/site\/wp-content\/uploads\/2017\/11\/miss-universe-6-1500x1000.jpg 1500w, https:\/\/digital58.com.ve\/site\/wp-content\/uploads\/2017\/11\/miss-universe-6-300x200.jpg 300w, https:\/\/digital58.com.ve\/site\/wp-content\/uploads\/2017\/11\/miss-universe-6-768x512.jpg 768w, https:\/\/digital58.com.ve\/site\/wp-content\/uploads\/2017\/11\/miss-universe-6-720x480.jpg 720w, https:\/\/digital58.com.ve\/site\/wp-content\/uploads\/2017\/11\/miss-universe-6-480x320.jpg 480w, https:\/\/digital58.com.ve\/site\/wp-content\/uploads\/2017\/11\/miss-universe-6.jpg 800w\" sizes=\"auto, (max-width: 640px) 100vw, 640px\" \/><\/a><\/p>\n<p><a href=\"http:\/\/digital58.com.ve\/site\/wp-content\/uploads\/2017\/11\/miss-universe-2.jpg\"><img loading=\"lazy\" decoding=\"async\" class=\"aligncenter size-large wp-image-74874\" src=\"http:\/\/digital58.com.ve\/site\/wp-content\/uploads\/2017\/11\/miss-universe-2-1312x1024.jpg\" alt=\"\" width=\"640\" height=\"500\" srcset=\"https:\/\/digital58.com.ve\/site\/wp-content\/uploads\/2017\/11\/miss-universe-2-1312x1024.jpg 1312w, https:\/\/digital58.com.ve\/site\/wp-content\/uploads\/2017\/11\/miss-universe-2-300x234.jpg 300w, https:\/\/digital58.com.ve\/site\/wp-content\/uploads\/2017\/11\/miss-universe-2-768x600.jpg 768w, https:\/\/digital58.com.ve\/site\/wp-content\/uploads\/2017\/11\/miss-universe-2.jpg 769w\" sizes=\"auto, (max-width: 640px) 100vw, 640px\" \/><\/a><\/p>\n<p><a href=\"http:\/\/digital58.com.ve\/site\/wp-content\/uploads\/2017\/11\/miss-universe.jpg\"><img loading=\"lazy\" decoding=\"async\" class=\"aligncenter size-large wp-image-74875\" src=\"http:\/\/digital58.com.ve\/site\/wp-content\/uploads\/2017\/11\/miss-universe-1302x1024.jpg\" alt=\"\" width=\"640\" height=\"503\" srcset=\"https:\/\/digital58.com.ve\/site\/wp-content\/uploads\/2017\/11\/miss-universe-1302x1024.jpg 1302w, https:\/\/digital58.com.ve\/site\/wp-content\/uploads\/2017\/11\/miss-universe-300x236.jpg 300w, https:\/\/digital58.com.ve\/site\/wp-content\/uploads\/2017\/11\/miss-universe-768x604.jpg 768w, https:\/\/digital58.com.ve\/site\/wp-content\/uploads\/2017\/11\/miss-universe.jpg 763w\" sizes=\"auto, (max-width: 640px) 100vw, 640px\" \/><\/a><\/p>\n<p>&nbsp;<\/p><div class=\"ipovy69f3a4c1b9d08\" ><p style=\"text-align: center;\"><a href=\"https:\/\/t.me\/noticiasdigital58\" target=\"_blank\" rel=\"noopener\"><img class=\"aligncenter size-full wp-image-125363\" src=\"https:\/\/digital58.com.ve\/site\/wp-content\/uploads\/2021\/04\/banner-telegram-web-2021.png\" alt=\"\" width=\"600\" height=\"90\" \/><\/a><\/p><\/div><style type=\"text\/css\">\r\n@media screen and (min-width: 1201px) {\r\n.ipovy69f3a4c1b9d08 {\r\ndisplay: block;\r\n}\r\n}\r\n@media screen and (min-width: 993px) and (max-width: 1200px) {\r\n.ipovy69f3a4c1b9d08 {\r\ndisplay: block;\r\n}\r\n}\r\n@media screen and (min-width: 769px) and (max-width: 992px) {\r\n.ipovy69f3a4c1b9d08 {\r\ndisplay: block;\r\n}\r\n}\r\n@media screen and (min-width: 768px) and (max-width: 768px) {\r\n.ipovy69f3a4c1b9d08 {\r\ndisplay: block;\r\n}\r\n}\r\n@media screen and (max-width: 767px) {\r\n.ipovy69f3a4c1b9d08 {\r\ndisplay: block;\r\n}\r\n}\r\n<\/style>\r\n\n<p>&nbsp;<\/p>\n<div style=\"margin-top: 0px; margin-bottom: 0px;\" class=\"sharethis-inline-share-buttons\" ><\/div>","protected":false},"excerpt":{"rendered":"<p>La corona de la reina mundial de la belleza qued\u00f3 hoy prendida en el cabello de la sudafricana Demi-Leigh Nel-Peters,<\/p>\n","protected":false},"author":1,"featured_media":74875,"comment_status":"open","ping_status":"closed","sticky":false,"template":"","format":"standard","meta":{"colormag_page_container_layout":"default_layout","colormag_page_sidebar_layout":"default_layout","_uag_custom_page_level_css":"","footnotes":""},"categories":[1],"tags":[53,8,10101,126],"class_list":["post-74867","post","type-post","status-publish","format-standard","has-post-thumbnail","hentry","category-fama","tag-concursos-de-belleza","tag-internacionales","tag-miss-universo-2017","tag-usa"],"yoast_head":"<!-- This site is optimized with the Yoast SEO plugin v27.5 - https:\/\/yoast.com\/product\/yoast-seo-wordpress\/ -->\n<title>La sudafricana Nel-Peters da la quinta corona de Miss Universo a \u00c1frica<\/title>\n<meta name=\"robots\" content=\"index, follow, max-snippet:-1, max-image-preview:large, max-video-preview:-1\" \/>\n<link rel=\"canonical\" href=\"https:\/\/digital58.com.ve\/site\/2017\/11\/27\/la-sudafricana-nel-peters-da-la-quinta-corona-de-miss-universo-a-africa\/\" \/>\n<meta property=\"og:locale\" content=\"es_ES\" \/>\n<meta property=\"og:type\" content=\"article\" \/>\n<meta property=\"og:title\" content=\"La sudafricana Nel-Peters da la quinta corona de Miss Universo a \u00c1frica\" \/>\n<meta property=\"og:url\" content=\"https:\/\/digital58.com.ve\/site\/2017\/11\/27\/la-sudafricana-nel-peters-da-la-quinta-corona-de-miss-universo-a-africa\/\" \/>\n<meta property=\"og:site_name\" content=\"Noticias Digital58\" \/>\n<meta property=\"article:published_time\" content=\"2017-11-27T12:35:17+00:00\" \/>\n<meta property=\"og:image\" content=\"https:\/\/digital58.com.ve\/site\/wp-content\/uploads\/2017\/11\/miss-universe.jpg\" \/>\n\t<meta property=\"og:image:width\" content=\"1500\" \/>\n\t<meta property=\"og:image:height\" content=\"1180\" \/>\n\t<meta property=\"og:image:type\" content=\"image\/jpeg\" \/>\n<meta name=\"author\" content=\"Villasmil Henry\" \/>\n<meta name=\"twitter:card\" content=\"summary_large_image\" \/>\n<meta name=\"twitter:creator\" content=\"@https:\/\/twitter.com\/villasmilhfoto\" \/>\n<meta name=\"twitter:site\" content=\"@villasmilhfoto\" \/>\n<meta name=\"twitter:label1\" content=\"Escrito por\" \/>\n\t<meta name=\"twitter:data1\" content=\"Villasmil Henry\" \/>\n\t<meta name=\"twitter:label2\" content=\"Tiempo estimado de lectura\" \/>\n\t<meta name=\"twitter:data2\" content=\"4 minutos\" \/>\n<script type=\"application\/ld+json\" class=\"yoast-schema-graph\">{\"@context\":\"https:\\\/\\\/schema.org\",\"@graph\":[{\"@type\":\"Article\",\"@id\":\"https:\\\/\\\/digital58.com.ve\\\/site\\\/2017\\\/11\\\/27\\\/la-sudafricana-nel-peters-da-la-quinta-corona-de-miss-universo-a-africa\\\/#article\",\"isPartOf\":{\"@id\":\"https:\\\/\\\/digital58.com.ve\\\/site\\\/2017\\\/11\\\/27\\\/la-sudafricana-nel-peters-da-la-quinta-corona-de-miss-universo-a-africa\\\/\"},\"author\":{\"name\":\"Villasmil Henry\",\"@id\":\"https:\\\/\\\/digital58.com.ve\\\/site\\\/#\\\/schema\\\/person\\\/64d1c2e4d0d4fd1b849980c4331c2951\"},\"headline\":\"La sudafricana Nel-Peters da la quinta corona de Miss Universo a \u00c1frica\",\"datePublished\":\"2017-11-27T12:35:17+00:00\",\"mainEntityOfPage\":{\"@id\":\"https:\\\/\\\/digital58.com.ve\\\/site\\\/2017\\\/11\\\/27\\\/la-sudafricana-nel-peters-da-la-quinta-corona-de-miss-universo-a-africa\\\/\"},\"wordCount\":764,\"commentCount\":0,\"publisher\":{\"@id\":\"https:\\\/\\\/digital58.com.ve\\\/site\\\/#\\\/schema\\\/person\\\/64d1c2e4d0d4fd1b849980c4331c2951\"},\"image\":{\"@id\":\"https:\\\/\\\/digital58.com.ve\\\/site\\\/2017\\\/11\\\/27\\\/la-sudafricana-nel-peters-da-la-quinta-corona-de-miss-universo-a-africa\\\/#primaryimage\"},\"thumbnailUrl\":\"https:\\\/\\\/digital58.com.ve\\\/site\\\/wp-content\\\/uploads\\\/2017\\\/11\\\/miss-universe.jpg\",\"keywords\":[\"Concursos de Belleza\",\"Internacionales\",\"Miss Universo 2017\",\"USA\"],\"articleSection\":[\"Fama\"],\"inLanguage\":\"es\",\"potentialAction\":[{\"@type\":\"CommentAction\",\"name\":\"Comment\",\"target\":[\"https:\\\/\\\/digital58.com.ve\\\/site\\\/2017\\\/11\\\/27\\\/la-sudafricana-nel-peters-da-la-quinta-corona-de-miss-universo-a-africa\\\/#respond\"]}]},{\"@type\":\"WebPage\",\"@id\":\"https:\\\/\\\/digital58.com.ve\\\/site\\\/2017\\\/11\\\/27\\\/la-sudafricana-nel-peters-da-la-quinta-corona-de-miss-universo-a-africa\\\/\",\"url\":\"https:\\\/\\\/digital58.com.ve\\\/site\\\/2017\\\/11\\\/27\\\/la-sudafricana-nel-peters-da-la-quinta-corona-de-miss-universo-a-africa\\\/\",\"name\":\"La sudafricana Nel-Peters da la quinta corona de Miss Universo a \u00c1frica\",\"isPartOf\":{\"@id\":\"https:\\\/\\\/digital58.com.ve\\\/site\\\/#website\"},\"primaryImageOfPage\":{\"@id\":\"https:\\\/\\\/digital58.com.ve\\\/site\\\/2017\\\/11\\\/27\\\/la-sudafricana-nel-peters-da-la-quinta-corona-de-miss-universo-a-africa\\\/#primaryimage\"},\"image\":{\"@id\":\"https:\\\/\\\/digital58.com.ve\\\/site\\\/2017\\\/11\\\/27\\\/la-sudafricana-nel-peters-da-la-quinta-corona-de-miss-universo-a-africa\\\/#primaryimage\"},\"thumbnailUrl\":\"https:\\\/\\\/digital58.com.ve\\\/site\\\/wp-content\\\/uploads\\\/2017\\\/11\\\/miss-universe.jpg\",\"datePublished\":\"2017-11-27T12:35:17+00:00\",\"breadcrumb\":{\"@id\":\"https:\\\/\\\/digital58.com.ve\\\/site\\\/2017\\\/11\\\/27\\\/la-sudafricana-nel-peters-da-la-quinta-corona-de-miss-universo-a-africa\\\/#breadcrumb\"},\"inLanguage\":\"es\",\"potentialAction\":[{\"@type\":\"ReadAction\",\"target\":[\"https:\\\/\\\/digital58.com.ve\\\/site\\\/2017\\\/11\\\/27\\\/la-sudafricana-nel-peters-da-la-quinta-corona-de-miss-universo-a-africa\\\/\"]}]},{\"@type\":\"ImageObject\",\"inLanguage\":\"es\",\"@id\":\"https:\\\/\\\/digital58.com.ve\\\/site\\\/2017\\\/11\\\/27\\\/la-sudafricana-nel-peters-da-la-quinta-corona-de-miss-universo-a-africa\\\/#primaryimage\",\"url\":\"https:\\\/\\\/digital58.com.ve\\\/site\\\/wp-content\\\/uploads\\\/2017\\\/11\\\/miss-universe.jpg\",\"contentUrl\":\"https:\\\/\\\/digital58.com.ve\\\/site\\\/wp-content\\\/uploads\\\/2017\\\/11\\\/miss-universe.jpg\",\"width\":763,\"height\":600},{\"@type\":\"BreadcrumbList\",\"@id\":\"https:\\\/\\\/digital58.com.ve\\\/site\\\/2017\\\/11\\\/27\\\/la-sudafricana-nel-peters-da-la-quinta-corona-de-miss-universo-a-africa\\\/#breadcrumb\",\"itemListElement\":[{\"@type\":\"ListItem\",\"position\":1,\"name\":\"Home\",\"item\":\"https:\\\/\\\/digital58.com.ve\\\/site\\\/\"},{\"@type\":\"ListItem\",\"position\":2,\"name\":\"La sudafricana Nel-Peters da la quinta corona de Miss Universo a \u00c1frica\"}]},{\"@type\":\"WebSite\",\"@id\":\"https:\\\/\\\/digital58.com.ve\\\/site\\\/#website\",\"url\":\"https:\\\/\\\/digital58.com.ve\\\/site\\\/\",\"name\":\"Noticias Digital58\",\"description\":\"Portal de Noticias \u00a1Periodismo web de verdad! Lanzamiento web 22.11.2005 \\\/ Maracaibo, Venezuela\",\"publisher\":{\"@id\":\"https:\\\/\\\/digital58.com.ve\\\/site\\\/#\\\/schema\\\/person\\\/64d1c2e4d0d4fd1b849980c4331c2951\"},\"alternateName\":\"ND58\",\"potentialAction\":[{\"@type\":\"SearchAction\",\"target\":{\"@type\":\"EntryPoint\",\"urlTemplate\":\"https:\\\/\\\/digital58.com.ve\\\/site\\\/?s={search_term_string}\"},\"query-input\":{\"@type\":\"PropertyValueSpecification\",\"valueRequired\":true,\"valueName\":\"search_term_string\"}}],\"inLanguage\":\"es\"},{\"@type\":[\"Person\",\"Organization\"],\"@id\":\"https:\\\/\\\/digital58.com.ve\\\/site\\\/#\\\/schema\\\/person\\\/64d1c2e4d0d4fd1b849980c4331c2951\",\"name\":\"Villasmil Henry\",\"image\":{\"@type\":\"ImageObject\",\"inLanguage\":\"es\",\"@id\":\"https:\\\/\\\/secure.gravatar.com\\\/avatar\\\/bb0c4a2fcb7970138239f7e404ea75757b1b507b28b5ce4c53fbd62d797c5a7c?s=96&d=mm&r=g\",\"url\":\"https:\\\/\\\/secure.gravatar.com\\\/avatar\\\/bb0c4a2fcb7970138239f7e404ea75757b1b507b28b5ce4c53fbd62d797c5a7c?s=96&d=mm&r=g\",\"contentUrl\":\"https:\\\/\\\/secure.gravatar.com\\\/avatar\\\/bb0c4a2fcb7970138239f7e404ea75757b1b507b28b5ce4c53fbd62d797c5a7c?s=96&d=mm&r=g\",\"caption\":\"Villasmil Henry\"},\"logo\":{\"@id\":\"https:\\\/\\\/secure.gravatar.com\\\/avatar\\\/bb0c4a2fcb7970138239f7e404ea75757b1b507b28b5ce4c53fbd62d797c5a7c?s=96&d=mm&r=g\"},\"sameAs\":[\"http:\\\/\\\/www.henryvillasmil.com.ve\",\"https:\\\/\\\/www.instagram.com\\\/villasmilhfoto\\\/\",\"https:\\\/\\\/x.com\\\/https:\\\/\\\/twitter.com\\\/villasmilhfoto\"],\"url\":\"https:\\\/\\\/digital58.com.ve\\\/site\\\/author\\\/droopy_68\\\/\"}]}<\/script>\n<!-- \/ Yoast SEO plugin. -->","yoast_head_json":{"title":"La sudafricana Nel-Peters da la quinta corona de Miss Universo a \u00c1frica","robots":{"index":"index","follow":"follow","max-snippet":"max-snippet:-1","max-image-preview":"max-image-preview:large","max-video-preview":"max-video-preview:-1"},"canonical":"https:\/\/digital58.com.ve\/site\/2017\/11\/27\/la-sudafricana-nel-peters-da-la-quinta-corona-de-miss-universo-a-africa\/","og_locale":"es_ES","og_type":"article","og_title":"La sudafricana Nel-Peters da la quinta corona de Miss Universo a \u00c1frica","og_url":"https:\/\/digital58.com.ve\/site\/2017\/11\/27\/la-sudafricana-nel-peters-da-la-quinta-corona-de-miss-universo-a-africa\/","og_site_name":"Noticias Digital58","article_published_time":"2017-11-27T12:35:17+00:00","og_image":[{"width":1500,"height":1180,"url":"https:\/\/digital58.com.ve\/site\/wp-content\/uploads\/2017\/11\/miss-universe.jpg","type":"image\/jpeg"}],"author":"Villasmil Henry","twitter_card":"summary_large_image","twitter_creator":"@https:\/\/twitter.com\/villasmilhfoto","twitter_site":"@villasmilhfoto","twitter_misc":{"Escrito por":"Villasmil Henry","Tiempo estimado de lectura":"4 minutos"},"schema":{"@context":"https:\/\/schema.org","@graph":[{"@type":"Article","@id":"https:\/\/digital58.com.ve\/site\/2017\/11\/27\/la-sudafricana-nel-peters-da-la-quinta-corona-de-miss-universo-a-africa\/#article","isPartOf":{"@id":"https:\/\/digital58.com.ve\/site\/2017\/11\/27\/la-sudafricana-nel-peters-da-la-quinta-corona-de-miss-universo-a-africa\/"},"author":{"name":"Villasmil Henry","@id":"https:\/\/digital58.com.ve\/site\/#\/schema\/person\/64d1c2e4d0d4fd1b849980c4331c2951"},"headline":"La sudafricana Nel-Peters da la quinta corona de Miss Universo a \u00c1frica","datePublished":"2017-11-27T12:35:17+00:00","mainEntityOfPage":{"@id":"https:\/\/digital58.com.ve\/site\/2017\/11\/27\/la-sudafricana-nel-peters-da-la-quinta-corona-de-miss-universo-a-africa\/"},"wordCount":764,"commentCount":0,"publisher":{"@id":"https:\/\/digital58.com.ve\/site\/#\/schema\/person\/64d1c2e4d0d4fd1b849980c4331c2951"},"image":{"@id":"https:\/\/digital58.com.ve\/site\/2017\/11\/27\/la-sudafricana-nel-peters-da-la-quinta-corona-de-miss-universo-a-africa\/#primaryimage"},"thumbnailUrl":"https:\/\/digital58.com.ve\/site\/wp-content\/uploads\/2017\/11\/miss-universe.jpg","keywords":["Concursos de Belleza","Internacionales","Miss Universo 2017","USA"],"articleSection":["Fama"],"inLanguage":"es","potentialAction":[{"@type":"CommentAction","name":"Comment","target":["https:\/\/digital58.com.ve\/site\/2017\/11\/27\/la-sudafricana-nel-peters-da-la-quinta-corona-de-miss-universo-a-africa\/#respond"]}]},{"@type":"WebPage","@id":"https:\/\/digital58.com.ve\/site\/2017\/11\/27\/la-sudafricana-nel-peters-da-la-quinta-corona-de-miss-universo-a-africa\/","url":"https:\/\/digital58.com.ve\/site\/2017\/11\/27\/la-sudafricana-nel-peters-da-la-quinta-corona-de-miss-universo-a-africa\/","name":"La sudafricana Nel-Peters da la quinta corona de Miss Universo a \u00c1frica","isPartOf":{"@id":"https:\/\/digital58.com.ve\/site\/#website"},"primaryImageOfPage":{"@id":"https:\/\/digital58.com.ve\/site\/2017\/11\/27\/la-sudafricana-nel-peters-da-la-quinta-corona-de-miss-universo-a-africa\/#primaryimage"},"image":{"@id":"https:\/\/digital58.com.ve\/site\/2017\/11\/27\/la-sudafricana-nel-peters-da-la-quinta-corona-de-miss-universo-a-africa\/#primaryimage"},"thumbnailUrl":"https:\/\/digital58.com.ve\/site\/wp-content\/uploads\/2017\/11\/miss-universe.jpg","datePublished":"2017-11-27T12:35:17+00:00","breadcrumb":{"@id":"https:\/\/digital58.com.ve\/site\/2017\/11\/27\/la-sudafricana-nel-peters-da-la-quinta-corona-de-miss-universo-a-africa\/#breadcrumb"},"inLanguage":"es","potentialAction":[{"@type":"ReadAction","target":["https:\/\/digital58.com.ve\/site\/2017\/11\/27\/la-sudafricana-nel-peters-da-la-quinta-corona-de-miss-universo-a-africa\/"]}]},{"@type":"ImageObject","inLanguage":"es","@id":"https:\/\/digital58.com.ve\/site\/2017\/11\/27\/la-sudafricana-nel-peters-da-la-quinta-corona-de-miss-universo-a-africa\/#primaryimage","url":"https:\/\/digital58.com.ve\/site\/wp-content\/uploads\/2017\/11\/miss-universe.jpg","contentUrl":"https:\/\/digital58.com.ve\/site\/wp-content\/uploads\/2017\/11\/miss-universe.jpg","width":763,"height":600},{"@type":"BreadcrumbList","@id":"https:\/\/digital58.com.ve\/site\/2017\/11\/27\/la-sudafricana-nel-peters-da-la-quinta-corona-de-miss-universo-a-africa\/#breadcrumb","itemListElement":[{"@type":"ListItem","position":1,"name":"Home","item":"https:\/\/digital58.com.ve\/site\/"},{"@type":"ListItem","position":2,"name":"La sudafricana Nel-Peters da la quinta corona de Miss Universo a \u00c1frica"}]},{"@type":"WebSite","@id":"https:\/\/digital58.com.ve\/site\/#website","url":"https:\/\/digital58.com.ve\/site\/","name":"Noticias Digital58","description":"Portal de Noticias \u00a1Periodismo web de verdad! Lanzamiento web 22.11.2005 \/ Maracaibo, Venezuela","publisher":{"@id":"https:\/\/digital58.com.ve\/site\/#\/schema\/person\/64d1c2e4d0d4fd1b849980c4331c2951"},"alternateName":"ND58","potentialAction":[{"@type":"SearchAction","target":{"@type":"EntryPoint","urlTemplate":"https:\/\/digital58.com.ve\/site\/?s={search_term_string}"},"query-input":{"@type":"PropertyValueSpecification","valueRequired":true,"valueName":"search_term_string"}}],"inLanguage":"es"},{"@type":["Person","Organization"],"@id":"https:\/\/digital58.com.ve\/site\/#\/schema\/person\/64d1c2e4d0d4fd1b849980c4331c2951","name":"Villasmil Henry","image":{"@type":"ImageObject","inLanguage":"es","@id":"https:\/\/secure.gravatar.com\/avatar\/bb0c4a2fcb7970138239f7e404ea75757b1b507b28b5ce4c53fbd62d797c5a7c?s=96&d=mm&r=g","url":"https:\/\/secure.gravatar.com\/avatar\/bb0c4a2fcb7970138239f7e404ea75757b1b507b28b5ce4c53fbd62d797c5a7c?s=96&d=mm&r=g","contentUrl":"https:\/\/secure.gravatar.com\/avatar\/bb0c4a2fcb7970138239f7e404ea75757b1b507b28b5ce4c53fbd62d797c5a7c?s=96&d=mm&r=g","caption":"Villasmil Henry"},"logo":{"@id":"https:\/\/secure.gravatar.com\/avatar\/bb0c4a2fcb7970138239f7e404ea75757b1b507b28b5ce4c53fbd62d797c5a7c?s=96&d=mm&r=g"},"sameAs":["http:\/\/www.henryvillasmil.com.ve","https:\/\/www.instagram.com\/villasmilhfoto\/","https:\/\/x.com\/https:\/\/twitter.com\/villasmilhfoto"],"url":"https:\/\/digital58.com.ve\/site\/author\/droopy_68\/"}]}},"uagb_featured_image_src":{"full":["https:\/\/digital58.com.ve\/site\/wp-content\/uploads\/2017\/11\/miss-universe.jpg",763,600,false],"thumbnail":["https:\/\/digital58.com.ve\/site\/wp-content\/uploads\/2017\/11\/miss-universe-150x150.jpg",150,150,true],"medium":["https:\/\/digital58.com.ve\/site\/wp-content\/uploads\/2017\/11\/miss-universe-300x236.jpg",300,236,true],"medium_large":["https:\/\/digital58.com.ve\/site\/wp-content\/uploads\/2017\/11\/miss-universe-768x604.jpg",768,604,true],"large":["https:\/\/digital58.com.ve\/site\/wp-content\/uploads\/2017\/11\/miss-universe-1302x1024.jpg",800,629,true],"1536x1536":["https:\/\/digital58.com.ve\/site\/wp-content\/uploads\/2017\/11\/miss-universe.jpg",763,600,false],"2048x2048":["https:\/\/digital58.com.ve\/site\/wp-content\/uploads\/2017\/11\/miss-universe.jpg",763,600,false],"colormag-highlighted-post":["https:\/\/digital58.com.ve\/site\/wp-content\/uploads\/2017\/11\/miss-universe.jpg",346,272,false],"colormag-featured-post-medium":["https:\/\/digital58.com.ve\/site\/wp-content\/uploads\/2017\/11\/miss-universe.jpg",261,205,false],"colormag-featured-post-small":["https:\/\/digital58.com.ve\/site\/wp-content\/uploads\/2017\/11\/miss-universe.jpg",114,90,false],"colormag-featured-image":["https:\/\/digital58.com.ve\/site\/wp-content\/uploads\/2017\/11\/miss-universe.jpg",566,445,false],"colormag-default-news":["https:\/\/digital58.com.ve\/site\/wp-content\/uploads\/2017\/11\/miss-universe.jpg",150,118,false],"colormag-featured-image-large":["https:\/\/digital58.com.ve\/site\/wp-content\/uploads\/2017\/11\/miss-universe.jpg",763,600,false]},"uagb_author_info":{"display_name":"Villasmil Henry","author_link":"https:\/\/digital58.com.ve\/site\/author\/droopy_68\/"},"uagb_comment_info":0,"uagb_excerpt":"La corona de la reina mundial de la belleza qued\u00f3 hoy prendida en el cabello de la sudafricana Demi-Leigh Nel-Peters,","_links":{"self":[{"href":"https:\/\/digital58.com.ve\/site\/wp-json\/wp\/v2\/posts\/74867","targetHints":{"allow":["GET"]}}],"collection":[{"href":"https:\/\/digital58.com.ve\/site\/wp-json\/wp\/v2\/posts"}],"about":[{"href":"https:\/\/digital58.com.ve\/site\/wp-json\/wp\/v2\/types\/post"}],"author":[{"embeddable":true,"href":"https:\/\/digital58.com.ve\/site\/wp-json\/wp\/v2\/users\/1"}],"replies":[{"embeddable":true,"href":"https:\/\/digital58.com.ve\/site\/wp-json\/wp\/v2\/comments?post=74867"}],"version-history":[{"count":0,"href":"https:\/\/digital58.com.ve\/site\/wp-json\/wp\/v2\/posts\/74867\/revisions"}],"wp:featuredmedia":[{"embeddable":true,"href":"https:\/\/digital58.com.ve\/site\/wp-json\/wp\/v2\/media\/74875"}],"wp:attachment":[{"href":"https:\/\/digital58.com.ve\/site\/wp-json\/wp\/v2\/media?parent=74867"}],"wp:term":[{"taxonomy":"category","embeddable":true,"href":"https:\/\/digital58.com.ve\/site\/wp-json\/wp\/v2\/categories?post=74867"},{"taxonomy":"post_tag","embeddable":true,"href":"https:\/\/digital58.com.ve\/site\/wp-json\/wp\/v2\/tags?post=74867"}],"curies":[{"name":"wp","href":"https:\/\/api.w.org\/{rel}","templated":true}]}}