{"id":75492,"date":"2017-12-07T17:26:43","date_gmt":"2017-12-07T21:26:43","guid":{"rendered":"http:\/\/digital58.com.ve\/site\/?p=75492"},"modified":"2017-12-07T17:26:43","modified_gmt":"2017-12-07T21:26:43","slug":"la-aufpv-presente-en-asamblea-general-fifpro-2017","status":"publish","type":"post","link":"https:\/\/digital58.com.ve\/site\/2017\/12\/07\/la-aufpv-presente-en-asamblea-general-fifpro-2017\/","title":{"rendered":"La AUFPV presente en Asamblea General FIFPro 2017"},"content":{"rendered":"<p><img loading=\"lazy\" decoding=\"async\" class=\"aligncenter wp-image-75493 size-full\" src=\"http:\/\/digital58.com.ve\/site\/wp-content\/uploads\/2017\/12\/Juan-Garc\u00eda-Mon-L\u00f3pez-y-Philippe-Piat.jpeg\" alt=\"\" width=\"1024\" height=\"768\" srcset=\"https:\/\/digital58.com.ve\/site\/wp-content\/uploads\/2017\/12\/Juan-Garc\u00eda-Mon-L\u00f3pez-y-Philippe-Piat.jpeg 1024w, https:\/\/digital58.com.ve\/site\/wp-content\/uploads\/2017\/12\/Juan-Garc\u00eda-Mon-L\u00f3pez-y-Philippe-Piat-300x225.jpeg 300w, https:\/\/digital58.com.ve\/site\/wp-content\/uploads\/2017\/12\/Juan-Garc\u00eda-Mon-L\u00f3pez-y-Philippe-Piat-768x576.jpeg 768w\" sizes=\"auto, (max-width: 1024px) 100vw, 1024px\" \/><\/p>\n<p>La Asamblea General de la Federaci\u00f3n Internacional de Futbolistas Profesionales (FIFPro) en su versi\u00f3n 2017, se realiza en El Cairo, Egipto, contando con la asistencia de representantes de todas las agremiaciones de jugadores del mundo, entre las que figura la AUFPV, que, en la figura de Juan Garc\u00eda (presidente) y Jos\u00e9 Ram\u00f3n L\u00f3pez (vicepresidente), se encuentran participando en el muy importante encuentro donde se debaten y deciden temas de inter\u00e9s colectivo para los profesionales del f\u00fatbol.<\/p>\n<p><strong>El Cairo, Egipto, 07 de diciembre de 2017 (D58).- <\/strong>En el evento se eligi\u00f3 al nuevo tren directivo que por vez primera incluir\u00e1 a dos mujeres, as\u00ed como se tocaron diversos temas vinculados a la seguridad laboral y personal de los jugadores. El franc\u00e9s Philippe Piat fue reelecto en el cargo de presidente de la organizaci\u00f3n.<\/p>\n<p>Para este d\u00eda jueves 07 de diciembre, est\u00e1 planteado el cierre de esta Asamblea anual que inici\u00f3 el pasado martes 05.<\/p><div class=\"bicyu69f336ce02975\" ><p style=\"text-align: center;\"><a href=\"https:\/\/t.me\/noticiasdigital58\" target=\"_blank\" rel=\"noopener\"><img class=\"aligncenter size-full wp-image-125363\" src=\"https:\/\/digital58.com.ve\/site\/wp-content\/uploads\/2021\/04\/banner-telegram-web-2021.png\" alt=\"\" width=\"600\" height=\"90\" \/><\/a><\/p><\/div><style type=\"text\/css\">\r\n@media screen and (min-width: 1201px) {\r\n.bicyu69f336ce02975 {\r\ndisplay: block;\r\n}\r\n}\r\n@media screen and (min-width: 993px) and (max-width: 1200px) {\r\n.bicyu69f336ce02975 {\r\ndisplay: block;\r\n}\r\n}\r\n@media screen and (min-width: 769px) and (max-width: 992px) {\r\n.bicyu69f336ce02975 {\r\ndisplay: block;\r\n}\r\n}\r\n@media screen and (min-width: 768px) and (max-width: 768px) {\r\n.bicyu69f336ce02975 {\r\ndisplay: block;\r\n}\r\n}\r\n@media screen and (max-width: 767px) {\r\n.bicyu69f336ce02975 {\r\ndisplay: block;\r\n}\r\n}\r\n<\/style>\r\n\n<p><strong>Redacci\u00f3n: Prensa AUFPV<br \/>\nEdici\u00f3n: Arismendi, Luis<br \/>\nGr\u00e1fica: cortes\u00eda AUFPV<\/strong><\/p>\n<div style=\"margin-top: 0px; margin-bottom: 0px;\" class=\"sharethis-inline-share-buttons\" ><\/div>","protected":false},"excerpt":{"rendered":"<p>La Asamblea General de la Federaci\u00f3n Internacional de Futbolistas Profesionales (FIFPro) en su versi\u00f3n 2017, se realiza en El Cairo,<\/p>\n","protected":false},"author":7,"featured_media":75493,"comment_status":"open","ping_status":"closed","sticky":false,"template":"","format":"standard","meta":{"colormag_page_container_layout":"default_layout","colormag_page_sidebar_layout":"default_layout","_uag_custom_page_level_css":"","footnotes":""},"categories":[5402],"tags":[4624,10229,10228,10227,10230,13,15,233],"class_list":["post-75492","post","type-post","status-publish","format-standard","has-post-thumbnail","hentry","category-deportes","tag-aufpv","tag-egipto","tag-el-cairo","tag-federacion-internacional-de-futbolistas-profesionales","tag-fifpro","tag-futbol","tag-futve","tag-nacionales"],"yoast_head":"<!-- This site is optimized with the Yoast SEO plugin v27.5 - https:\/\/yoast.com\/product\/yoast-seo-wordpress\/ -->\n<title>La AUFPV presente en Asamblea General FIFPro 2017<\/title>\n<meta name=\"robots\" content=\"index, follow, max-snippet:-1, max-image-preview:large, max-video-preview:-1\" \/>\n<link rel=\"canonical\" href=\"https:\/\/digital58.com.ve\/site\/2017\/12\/07\/la-aufpv-presente-en-asamblea-general-fifpro-2017\/\" \/>\n<meta property=\"og:locale\" content=\"es_ES\" \/>\n<meta property=\"og:type\" content=\"article\" \/>\n<meta property=\"og:title\" content=\"La AUFPV presente en Asamblea General FIFPro 2017\" \/>\n<meta property=\"og:url\" content=\"https:\/\/digital58.com.ve\/site\/2017\/12\/07\/la-aufpv-presente-en-asamblea-general-fifpro-2017\/\" \/>\n<meta property=\"og:site_name\" content=\"Noticias Digital58\" \/>\n<meta property=\"article:published_time\" content=\"2017-12-07T21:26:43+00:00\" \/>\n<meta property=\"og:image\" content=\"https:\/\/digital58.com.ve\/site\/wp-content\/uploads\/2017\/12\/Juan-Garc\u00eda-Mon-L\u00f3pez-y-Philippe-Piat.jpeg\" \/>\n\t<meta property=\"og:image:width\" content=\"1024\" \/>\n\t<meta property=\"og:image:height\" content=\"768\" \/>\n\t<meta property=\"og:image:type\" content=\"image\/jpeg\" \/>\n<meta name=\"author\" content=\"Arismendi Luis\" \/>\n<meta name=\"twitter:card\" content=\"summary_large_image\" \/>\n<meta name=\"twitter:creator\" content=\"@Digital_58\" \/>\n<meta name=\"twitter:site\" content=\"@villasmilhfoto\" \/>\n<meta name=\"twitter:label1\" content=\"Escrito por\" \/>\n\t<meta name=\"twitter:data1\" content=\"Arismendi Luis\" \/>\n\t<meta name=\"twitter:label2\" content=\"Tiempo estimado de lectura\" \/>\n\t<meta name=\"twitter:data2\" content=\"1 minuto\" \/>\n<script type=\"application\/ld+json\" class=\"yoast-schema-graph\">{\"@context\":\"https:\\\/\\\/schema.org\",\"@graph\":[{\"@type\":\"Article\",\"@id\":\"https:\\\/\\\/digital58.com.ve\\\/site\\\/2017\\\/12\\\/07\\\/la-aufpv-presente-en-asamblea-general-fifpro-2017\\\/#article\",\"isPartOf\":{\"@id\":\"https:\\\/\\\/digital58.com.ve\\\/site\\\/2017\\\/12\\\/07\\\/la-aufpv-presente-en-asamblea-general-fifpro-2017\\\/\"},\"author\":{\"name\":\"Arismendi Luis\",\"@id\":\"https:\\\/\\\/digital58.com.ve\\\/site\\\/#\\\/schema\\\/person\\\/d79fb9041200d150763851810f3a6e44\"},\"headline\":\"La AUFPV presente en Asamblea General FIFPro 2017\",\"datePublished\":\"2017-12-07T21:26:43+00:00\",\"mainEntityOfPage\":{\"@id\":\"https:\\\/\\\/digital58.com.ve\\\/site\\\/2017\\\/12\\\/07\\\/la-aufpv-presente-en-asamblea-general-fifpro-2017\\\/\"},\"wordCount\":179,\"commentCount\":0,\"publisher\":{\"@id\":\"https:\\\/\\\/digital58.com.ve\\\/site\\\/#\\\/schema\\\/person\\\/64d1c2e4d0d4fd1b849980c4331c2951\"},\"image\":{\"@id\":\"https:\\\/\\\/digital58.com.ve\\\/site\\\/2017\\\/12\\\/07\\\/la-aufpv-presente-en-asamblea-general-fifpro-2017\\\/#primaryimage\"},\"thumbnailUrl\":\"https:\\\/\\\/digital58.com.ve\\\/site\\\/wp-content\\\/uploads\\\/2017\\\/12\\\/Juan-Garc\u00eda-Mon-L\u00f3pez-y-Philippe-Piat.jpeg\",\"keywords\":[\"AUFPV\",\"Egipto\",\"El Cairo\",\"Federaci\u00f3n Internacional de Futbolistas Profesionales\",\"FIFPro\",\"F\u00fatbol\",\"Futve\",\"Nacionales\"],\"articleSection\":[\"Deportes\"],\"inLanguage\":\"es\",\"potentialAction\":[{\"@type\":\"CommentAction\",\"name\":\"Comment\",\"target\":[\"https:\\\/\\\/digital58.com.ve\\\/site\\\/2017\\\/12\\\/07\\\/la-aufpv-presente-en-asamblea-general-fifpro-2017\\\/#respond\"]}]},{\"@type\":\"WebPage\",\"@id\":\"https:\\\/\\\/digital58.com.ve\\\/site\\\/2017\\\/12\\\/07\\\/la-aufpv-presente-en-asamblea-general-fifpro-2017\\\/\",\"url\":\"https:\\\/\\\/digital58.com.ve\\\/site\\\/2017\\\/12\\\/07\\\/la-aufpv-presente-en-asamblea-general-fifpro-2017\\\/\",\"name\":\"La AUFPV presente en Asamblea General FIFPro 2017\",\"isPartOf\":{\"@id\":\"https:\\\/\\\/digital58.com.ve\\\/site\\\/#website\"},\"primaryImageOfPage\":{\"@id\":\"https:\\\/\\\/digital58.com.ve\\\/site\\\/2017\\\/12\\\/07\\\/la-aufpv-presente-en-asamblea-general-fifpro-2017\\\/#primaryimage\"},\"image\":{\"@id\":\"https:\\\/\\\/digital58.com.ve\\\/site\\\/2017\\\/12\\\/07\\\/la-aufpv-presente-en-asamblea-general-fifpro-2017\\\/#primaryimage\"},\"thumbnailUrl\":\"https:\\\/\\\/digital58.com.ve\\\/site\\\/wp-content\\\/uploads\\\/2017\\\/12\\\/Juan-Garc\u00eda-Mon-L\u00f3pez-y-Philippe-Piat.jpeg\",\"datePublished\":\"2017-12-07T21:26:43+00:00\",\"breadcrumb\":{\"@id\":\"https:\\\/\\\/digital58.com.ve\\\/site\\\/2017\\\/12\\\/07\\\/la-aufpv-presente-en-asamblea-general-fifpro-2017\\\/#breadcrumb\"},\"inLanguage\":\"es\",\"potentialAction\":[{\"@type\":\"ReadAction\",\"target\":[\"https:\\\/\\\/digital58.com.ve\\\/site\\\/2017\\\/12\\\/07\\\/la-aufpv-presente-en-asamblea-general-fifpro-2017\\\/\"]}]},{\"@type\":\"ImageObject\",\"inLanguage\":\"es\",\"@id\":\"https:\\\/\\\/digital58.com.ve\\\/site\\\/2017\\\/12\\\/07\\\/la-aufpv-presente-en-asamblea-general-fifpro-2017\\\/#primaryimage\",\"url\":\"https:\\\/\\\/digital58.com.ve\\\/site\\\/wp-content\\\/uploads\\\/2017\\\/12\\\/Juan-Garc\u00eda-Mon-L\u00f3pez-y-Philippe-Piat.jpeg\",\"contentUrl\":\"https:\\\/\\\/digital58.com.ve\\\/site\\\/wp-content\\\/uploads\\\/2017\\\/12\\\/Juan-Garc\u00eda-Mon-L\u00f3pez-y-Philippe-Piat.jpeg\",\"width\":1024,\"height\":768},{\"@type\":\"BreadcrumbList\",\"@id\":\"https:\\\/\\\/digital58.com.ve\\\/site\\\/2017\\\/12\\\/07\\\/la-aufpv-presente-en-asamblea-general-fifpro-2017\\\/#breadcrumb\",\"itemListElement\":[{\"@type\":\"ListItem\",\"position\":1,\"name\":\"Home\",\"item\":\"https:\\\/\\\/digital58.com.ve\\\/site\\\/\"},{\"@type\":\"ListItem\",\"position\":2,\"name\":\"La AUFPV presente en Asamblea General FIFPro 2017\"}]},{\"@type\":\"WebSite\",\"@id\":\"https:\\\/\\\/digital58.com.ve\\\/site\\\/#website\",\"url\":\"https:\\\/\\\/digital58.com.ve\\\/site\\\/\",\"name\":\"Noticias Digital58\",\"description\":\"Portal de Noticias \u00a1Periodismo web de verdad! Lanzamiento web 22.11.2005 \\\/ Maracaibo, Venezuela\",\"publisher\":{\"@id\":\"https:\\\/\\\/digital58.com.ve\\\/site\\\/#\\\/schema\\\/person\\\/64d1c2e4d0d4fd1b849980c4331c2951\"},\"alternateName\":\"ND58\",\"potentialAction\":[{\"@type\":\"SearchAction\",\"target\":{\"@type\":\"EntryPoint\",\"urlTemplate\":\"https:\\\/\\\/digital58.com.ve\\\/site\\\/?s={search_term_string}\"},\"query-input\":{\"@type\":\"PropertyValueSpecification\",\"valueRequired\":true,\"valueName\":\"search_term_string\"}}],\"inLanguage\":\"es\"},{\"@type\":[\"Person\",\"Organization\"],\"@id\":\"https:\\\/\\\/digital58.com.ve\\\/site\\\/#\\\/schema\\\/person\\\/64d1c2e4d0d4fd1b849980c4331c2951\",\"name\":\"Villasmil Henry\",\"image\":{\"@type\":\"ImageObject\",\"inLanguage\":\"es\",\"@id\":\"https:\\\/\\\/secure.gravatar.com\\\/avatar\\\/bb0c4a2fcb7970138239f7e404ea75757b1b507b28b5ce4c53fbd62d797c5a7c?s=96&d=mm&r=g\",\"url\":\"https:\\\/\\\/secure.gravatar.com\\\/avatar\\\/bb0c4a2fcb7970138239f7e404ea75757b1b507b28b5ce4c53fbd62d797c5a7c?s=96&d=mm&r=g\",\"contentUrl\":\"https:\\\/\\\/secure.gravatar.com\\\/avatar\\\/bb0c4a2fcb7970138239f7e404ea75757b1b507b28b5ce4c53fbd62d797c5a7c?s=96&d=mm&r=g\",\"caption\":\"Villasmil Henry\"},\"logo\":{\"@id\":\"https:\\\/\\\/secure.gravatar.com\\\/avatar\\\/bb0c4a2fcb7970138239f7e404ea75757b1b507b28b5ce4c53fbd62d797c5a7c?s=96&d=mm&r=g\"},\"sameAs\":[\"http:\\\/\\\/www.henryvillasmil.com.ve\",\"https:\\\/\\\/www.instagram.com\\\/villasmilhfoto\\\/\",\"https:\\\/\\\/x.com\\\/https:\\\/\\\/twitter.com\\\/villasmilhfoto\"]},{\"@type\":\"Person\",\"@id\":\"https:\\\/\\\/digital58.com.ve\\\/site\\\/#\\\/schema\\\/person\\\/d79fb9041200d150763851810f3a6e44\",\"name\":\"Arismendi Luis\",\"image\":{\"@type\":\"ImageObject\",\"inLanguage\":\"es\",\"@id\":\"https:\\\/\\\/secure.gravatar.com\\\/avatar\\\/076a9c19816f4976b76b8d88be4606fba80dee0aea5ccae15d7f3466053c0615?s=96&d=mm&r=g\",\"url\":\"https:\\\/\\\/secure.gravatar.com\\\/avatar\\\/076a9c19816f4976b76b8d88be4606fba80dee0aea5ccae15d7f3466053c0615?s=96&d=mm&r=g\",\"contentUrl\":\"https:\\\/\\\/secure.gravatar.com\\\/avatar\\\/076a9c19816f4976b76b8d88be4606fba80dee0aea5ccae15d7f3466053c0615?s=96&d=mm&r=g\",\"caption\":\"Arismendi Luis\"},\"url\":\"https:\\\/\\\/digital58.com.ve\\\/site\\\/author\\\/arismendi17\\\/\"}]}<\/script>\n<!-- \/ Yoast SEO plugin. -->","yoast_head_json":{"title":"La AUFPV presente en Asamblea General FIFPro 2017","robots":{"index":"index","follow":"follow","max-snippet":"max-snippet:-1","max-image-preview":"max-image-preview:large","max-video-preview":"max-video-preview:-1"},"canonical":"https:\/\/digital58.com.ve\/site\/2017\/12\/07\/la-aufpv-presente-en-asamblea-general-fifpro-2017\/","og_locale":"es_ES","og_type":"article","og_title":"La AUFPV presente en Asamblea General FIFPro 2017","og_url":"https:\/\/digital58.com.ve\/site\/2017\/12\/07\/la-aufpv-presente-en-asamblea-general-fifpro-2017\/","og_site_name":"Noticias Digital58","article_published_time":"2017-12-07T21:26:43+00:00","og_image":[{"width":1024,"height":768,"url":"https:\/\/digital58.com.ve\/site\/wp-content\/uploads\/2017\/12\/Juan-Garc\u00eda-Mon-L\u00f3pez-y-Philippe-Piat.jpeg","type":"image\/jpeg"}],"author":"Arismendi Luis","twitter_card":"summary_large_image","twitter_creator":"@Digital_58","twitter_site":"@villasmilhfoto","twitter_misc":{"Escrito por":"Arismendi Luis","Tiempo estimado de lectura":"1 minuto"},"schema":{"@context":"https:\/\/schema.org","@graph":[{"@type":"Article","@id":"https:\/\/digital58.com.ve\/site\/2017\/12\/07\/la-aufpv-presente-en-asamblea-general-fifpro-2017\/#article","isPartOf":{"@id":"https:\/\/digital58.com.ve\/site\/2017\/12\/07\/la-aufpv-presente-en-asamblea-general-fifpro-2017\/"},"author":{"name":"Arismendi Luis","@id":"https:\/\/digital58.com.ve\/site\/#\/schema\/person\/d79fb9041200d150763851810f3a6e44"},"headline":"La AUFPV presente en Asamblea General FIFPro 2017","datePublished":"2017-12-07T21:26:43+00:00","mainEntityOfPage":{"@id":"https:\/\/digital58.com.ve\/site\/2017\/12\/07\/la-aufpv-presente-en-asamblea-general-fifpro-2017\/"},"wordCount":179,"commentCount":0,"publisher":{"@id":"https:\/\/digital58.com.ve\/site\/#\/schema\/person\/64d1c2e4d0d4fd1b849980c4331c2951"},"image":{"@id":"https:\/\/digital58.com.ve\/site\/2017\/12\/07\/la-aufpv-presente-en-asamblea-general-fifpro-2017\/#primaryimage"},"thumbnailUrl":"https:\/\/digital58.com.ve\/site\/wp-content\/uploads\/2017\/12\/Juan-Garc\u00eda-Mon-L\u00f3pez-y-Philippe-Piat.jpeg","keywords":["AUFPV","Egipto","El Cairo","Federaci\u00f3n Internacional de Futbolistas Profesionales","FIFPro","F\u00fatbol","Futve","Nacionales"],"articleSection":["Deportes"],"inLanguage":"es","potentialAction":[{"@type":"CommentAction","name":"Comment","target":["https:\/\/digital58.com.ve\/site\/2017\/12\/07\/la-aufpv-presente-en-asamblea-general-fifpro-2017\/#respond"]}]},{"@type":"WebPage","@id":"https:\/\/digital58.com.ve\/site\/2017\/12\/07\/la-aufpv-presente-en-asamblea-general-fifpro-2017\/","url":"https:\/\/digital58.com.ve\/site\/2017\/12\/07\/la-aufpv-presente-en-asamblea-general-fifpro-2017\/","name":"La AUFPV presente en Asamblea General FIFPro 2017","isPartOf":{"@id":"https:\/\/digital58.com.ve\/site\/#website"},"primaryImageOfPage":{"@id":"https:\/\/digital58.com.ve\/site\/2017\/12\/07\/la-aufpv-presente-en-asamblea-general-fifpro-2017\/#primaryimage"},"image":{"@id":"https:\/\/digital58.com.ve\/site\/2017\/12\/07\/la-aufpv-presente-en-asamblea-general-fifpro-2017\/#primaryimage"},"thumbnailUrl":"https:\/\/digital58.com.ve\/site\/wp-content\/uploads\/2017\/12\/Juan-Garc\u00eda-Mon-L\u00f3pez-y-Philippe-Piat.jpeg","datePublished":"2017-12-07T21:26:43+00:00","breadcrumb":{"@id":"https:\/\/digital58.com.ve\/site\/2017\/12\/07\/la-aufpv-presente-en-asamblea-general-fifpro-2017\/#breadcrumb"},"inLanguage":"es","potentialAction":[{"@type":"ReadAction","target":["https:\/\/digital58.com.ve\/site\/2017\/12\/07\/la-aufpv-presente-en-asamblea-general-fifpro-2017\/"]}]},{"@type":"ImageObject","inLanguage":"es","@id":"https:\/\/digital58.com.ve\/site\/2017\/12\/07\/la-aufpv-presente-en-asamblea-general-fifpro-2017\/#primaryimage","url":"https:\/\/digital58.com.ve\/site\/wp-content\/uploads\/2017\/12\/Juan-Garc\u00eda-Mon-L\u00f3pez-y-Philippe-Piat.jpeg","contentUrl":"https:\/\/digital58.com.ve\/site\/wp-content\/uploads\/2017\/12\/Juan-Garc\u00eda-Mon-L\u00f3pez-y-Philippe-Piat.jpeg","width":1024,"height":768},{"@type":"BreadcrumbList","@id":"https:\/\/digital58.com.ve\/site\/2017\/12\/07\/la-aufpv-presente-en-asamblea-general-fifpro-2017\/#breadcrumb","itemListElement":[{"@type":"ListItem","position":1,"name":"Home","item":"https:\/\/digital58.com.ve\/site\/"},{"@type":"ListItem","position":2,"name":"La AUFPV presente en Asamblea General FIFPro 2017"}]},{"@type":"WebSite","@id":"https:\/\/digital58.com.ve\/site\/#website","url":"https:\/\/digital58.com.ve\/site\/","name":"Noticias Digital58","description":"Portal de Noticias \u00a1Periodismo web de verdad! Lanzamiento web 22.11.2005 \/ Maracaibo, Venezuela","publisher":{"@id":"https:\/\/digital58.com.ve\/site\/#\/schema\/person\/64d1c2e4d0d4fd1b849980c4331c2951"},"alternateName":"ND58","potentialAction":[{"@type":"SearchAction","target":{"@type":"EntryPoint","urlTemplate":"https:\/\/digital58.com.ve\/site\/?s={search_term_string}"},"query-input":{"@type":"PropertyValueSpecification","valueRequired":true,"valueName":"search_term_string"}}],"inLanguage":"es"},{"@type":["Person","Organization"],"@id":"https:\/\/digital58.com.ve\/site\/#\/schema\/person\/64d1c2e4d0d4fd1b849980c4331c2951","name":"Villasmil Henry","image":{"@type":"ImageObject","inLanguage":"es","@id":"https:\/\/secure.gravatar.com\/avatar\/bb0c4a2fcb7970138239f7e404ea75757b1b507b28b5ce4c53fbd62d797c5a7c?s=96&d=mm&r=g","url":"https:\/\/secure.gravatar.com\/avatar\/bb0c4a2fcb7970138239f7e404ea75757b1b507b28b5ce4c53fbd62d797c5a7c?s=96&d=mm&r=g","contentUrl":"https:\/\/secure.gravatar.com\/avatar\/bb0c4a2fcb7970138239f7e404ea75757b1b507b28b5ce4c53fbd62d797c5a7c?s=96&d=mm&r=g","caption":"Villasmil Henry"},"logo":{"@id":"https:\/\/secure.gravatar.com\/avatar\/bb0c4a2fcb7970138239f7e404ea75757b1b507b28b5ce4c53fbd62d797c5a7c?s=96&d=mm&r=g"},"sameAs":["http:\/\/www.henryvillasmil.com.ve","https:\/\/www.instagram.com\/villasmilhfoto\/","https:\/\/x.com\/https:\/\/twitter.com\/villasmilhfoto"]},{"@type":"Person","@id":"https:\/\/digital58.com.ve\/site\/#\/schema\/person\/d79fb9041200d150763851810f3a6e44","name":"Arismendi Luis","image":{"@type":"ImageObject","inLanguage":"es","@id":"https:\/\/secure.gravatar.com\/avatar\/076a9c19816f4976b76b8d88be4606fba80dee0aea5ccae15d7f3466053c0615?s=96&d=mm&r=g","url":"https:\/\/secure.gravatar.com\/avatar\/076a9c19816f4976b76b8d88be4606fba80dee0aea5ccae15d7f3466053c0615?s=96&d=mm&r=g","contentUrl":"https:\/\/secure.gravatar.com\/avatar\/076a9c19816f4976b76b8d88be4606fba80dee0aea5ccae15d7f3466053c0615?s=96&d=mm&r=g","caption":"Arismendi Luis"},"url":"https:\/\/digital58.com.ve\/site\/author\/arismendi17\/"}]}},"uagb_featured_image_src":{"full":["https:\/\/digital58.com.ve\/site\/wp-content\/uploads\/2017\/12\/Juan-Garc\u00eda-Mon-L\u00f3pez-y-Philippe-Piat.jpeg",1024,768,false],"thumbnail":["https:\/\/digital58.com.ve\/site\/wp-content\/uploads\/2017\/12\/Juan-Garc\u00eda-Mon-L\u00f3pez-y-Philippe-Piat-150x150.jpeg",150,150,true],"medium":["https:\/\/digital58.com.ve\/site\/wp-content\/uploads\/2017\/12\/Juan-Garc\u00eda-Mon-L\u00f3pez-y-Philippe-Piat-300x225.jpeg",300,225,true],"medium_large":["https:\/\/digital58.com.ve\/site\/wp-content\/uploads\/2017\/12\/Juan-Garc\u00eda-Mon-L\u00f3pez-y-Philippe-Piat-768x576.jpeg",768,576,true],"large":["https:\/\/digital58.com.ve\/site\/wp-content\/uploads\/2017\/12\/Juan-Garc\u00eda-Mon-L\u00f3pez-y-Philippe-Piat.jpeg",800,600,false],"1536x1536":["https:\/\/digital58.com.ve\/site\/wp-content\/uploads\/2017\/12\/Juan-Garc\u00eda-Mon-L\u00f3pez-y-Philippe-Piat.jpeg",1024,768,false],"2048x2048":["https:\/\/digital58.com.ve\/site\/wp-content\/uploads\/2017\/12\/Juan-Garc\u00eda-Mon-L\u00f3pez-y-Philippe-Piat.jpeg",1024,768,false],"colormag-highlighted-post":["https:\/\/digital58.com.ve\/site\/wp-content\/uploads\/2017\/12\/Juan-Garc\u00eda-Mon-L\u00f3pez-y-Philippe-Piat.jpeg",363,272,false],"colormag-featured-post-medium":["https:\/\/digital58.com.ve\/site\/wp-content\/uploads\/2017\/12\/Juan-Garc\u00eda-Mon-L\u00f3pez-y-Philippe-Piat.jpeg",273,205,false],"colormag-featured-post-small":["https:\/\/digital58.com.ve\/site\/wp-content\/uploads\/2017\/12\/Juan-Garc\u00eda-Mon-L\u00f3pez-y-Philippe-Piat.jpeg",120,90,false],"colormag-featured-image":["https:\/\/digital58.com.ve\/site\/wp-content\/uploads\/2017\/12\/Juan-Garc\u00eda-Mon-L\u00f3pez-y-Philippe-Piat.jpeg",593,445,false],"colormag-default-news":["https:\/\/digital58.com.ve\/site\/wp-content\/uploads\/2017\/12\/Juan-Garc\u00eda-Mon-L\u00f3pez-y-Philippe-Piat.jpeg",150,113,false],"colormag-featured-image-large":["https:\/\/digital58.com.ve\/site\/wp-content\/uploads\/2017\/12\/Juan-Garc\u00eda-Mon-L\u00f3pez-y-Philippe-Piat.jpeg",800,600,false]},"uagb_author_info":{"display_name":"Arismendi Luis","author_link":"https:\/\/digital58.com.ve\/site\/author\/arismendi17\/"},"uagb_comment_info":0,"uagb_excerpt":"La Asamblea General de la Federaci\u00f3n Internacional de Futbolistas Profesionales (FIFPro) en su versi\u00f3n 2017, se realiza en El Cairo,","_links":{"self":[{"href":"https:\/\/digital58.com.ve\/site\/wp-json\/wp\/v2\/posts\/75492","targetHints":{"allow":["GET"]}}],"collection":[{"href":"https:\/\/digital58.com.ve\/site\/wp-json\/wp\/v2\/posts"}],"about":[{"href":"https:\/\/digital58.com.ve\/site\/wp-json\/wp\/v2\/types\/post"}],"author":[{"embeddable":true,"href":"https:\/\/digital58.com.ve\/site\/wp-json\/wp\/v2\/users\/7"}],"replies":[{"embeddable":true,"href":"https:\/\/digital58.com.ve\/site\/wp-json\/wp\/v2\/comments?post=75492"}],"version-history":[{"count":0,"href":"https:\/\/digital58.com.ve\/site\/wp-json\/wp\/v2\/posts\/75492\/revisions"}],"wp:featuredmedia":[{"embeddable":true,"href":"https:\/\/digital58.com.ve\/site\/wp-json\/wp\/v2\/media\/75493"}],"wp:attachment":[{"href":"https:\/\/digital58.com.ve\/site\/wp-json\/wp\/v2\/media?parent=75492"}],"wp:term":[{"taxonomy":"category","embeddable":true,"href":"https:\/\/digital58.com.ve\/site\/wp-json\/wp\/v2\/categories?post=75492"},{"taxonomy":"post_tag","embeddable":true,"href":"https:\/\/digital58.com.ve\/site\/wp-json\/wp\/v2\/tags?post=75492"}],"curies":[{"name":"wp","href":"https:\/\/api.w.org\/{rel}","templated":true}]}}