{"id":76051,"date":"2017-12-22T10:42:41","date_gmt":"2017-12-22T14:42:41","guid":{"rendered":"http:\/\/digital58.com.ve\/site\/?p=76051"},"modified":"2017-12-22T10:42:41","modified_gmt":"2017-12-22T14:42:41","slug":"22-de-diciembre-natalicio-de-teresa-carreno","status":"publish","type":"post","link":"https:\/\/digital58.com.ve\/site\/2017\/12\/22\/22-de-diciembre-natalicio-de-teresa-carreno\/","title":{"rendered":"22 de diciembre: Natalicio de Teresa Carre\u00f1o"},"content":{"rendered":"<p><img loading=\"lazy\" decoding=\"async\" class=\"aligncenter wp-image-76052 size-full\" src=\"http:\/\/digital58.com.ve\/site\/wp-content\/uploads\/2017\/12\/Teresa-Carre\u00f1o.jpg\" alt=\"\" width=\"1473\" height=\"1074\" srcset=\"https:\/\/digital58.com.ve\/site\/wp-content\/uploads\/2017\/12\/Teresa-Carre\u00f1o.jpg 800w, https:\/\/digital58.com.ve\/site\/wp-content\/uploads\/2017\/12\/Teresa-Carre\u00f1o-300x219.jpg 300w, https:\/\/digital58.com.ve\/site\/wp-content\/uploads\/2017\/12\/Teresa-Carre\u00f1o-768x560.jpg 768w, https:\/\/digital58.com.ve\/site\/wp-content\/uploads\/2017\/12\/Teresa-Carre\u00f1o-1404x1024.jpg 1404w\" sizes=\"auto, (max-width: 1473px) 100vw, 1473px\" \/><\/p>\n<p>Esta ilustre pianista y compositora, naci\u00f3 en Caracas un 22 de Diciembre de 1853, viviendo una intensa y fruct\u00edfera existencia dedicada a la m\u00fasica. Cuando debut\u00f3 en el Irving Hall de Nueva York, con apenas ocho a\u00f1os de edad, uno de los cr\u00edticos asistentes dijo asombrado: \u00abno me explico c\u00f3mo pueden alcanzar la octava esas manos, es un misterio, y, sin embargo, esos pasajes se o\u00edan claros y correctos. No comprendo: \u00a1No puedo comprenderlo!\u00bb.<\/p>\n<p><strong>Maracaibo, Zulia, Venezuela, 22 de diciembre de 2017 (D58).- <\/strong>Hija de Manuel Antonio Carre\u00f1o y de Clorinda Garc\u00eda de Sena y Toro, se inici\u00f3 en los estudios de piano guiada por su padre, los cuales posteriormente continu\u00f3, con el afamado pian\u00edsta Julio Hohen\u00e9.<\/p>\n<p>Fue una destacada compositora e int\u00e9rprete y entre sus obras m\u00e1s notables podemos mencionar: \u00abSaludo a Caracas\u00bb, \u00abHimno a Bol\u00edvar\u00bb, un vals dedicado a su hija \u00abTeresita\u00bb, el \u00abCuarteto para cuerdas en si bemol\u00bb y el \u00abBal en reve opus 26\u00bb. Teresa Carre\u00f1o fue para su \u00e9poca una mujer muy adelantada y poco convencional para la idiosincracia caraque\u00f1a de aquel tiempo, hecho \u00e9ste que le impidi\u00f3 triunfar en su patria como lo mereci\u00f3. Hoy en d\u00eda el principal de la capital, inaugurado en 1983; lleva su nombre.<\/p>\n<p>Como concertista debuta sin haber cumplido a\u00fan los nueve a\u00f1os de edad, el 25 de noviembre de 1862, dando su primer concierto en el Irving Hall de Nueva York. Los m\u00e1s connotados pian\u00edstas del momento entre ellos Franz Liszt se interesan en su talento y recibe lecciones del maestro Luois Moreau, ejecutando conciertos en la Casa Blanca ante el Presidente Abraham Lincoln.<\/p>\n<p>Posteriormente se radica en Par\u00eds desde donde impulsa su carrera como concertista realizando giras por toda Europa, Estados Unidos, Australia, Africa del Sur, Nueva Zelanda; acompa\u00f1ada por prestigiosas orquestas dirigidas por grandes maestros. Fund\u00f3 adem\u00e1s una empresa de conciertos la \u00abCarre\u00f1o-Donaldi Operatic Gem Company\u00bb.<\/p>\n<p>En 1855 regres\u00f3 a Venezuela invitada por Joaqu\u00edn Crespo para dar un concierto y en 1886 Antonio Guzm\u00e1n Blanco la comision\u00f3 para organizar la temporada de \u00f3pera de Caracas; la calidad del elenco y su reputaci\u00f3n de mujer divorciada, no le fueron favorables, siendo boicoteados estos conciertos por la sociedad ultra conservadora de ese entonces.<\/p>\n<p>En total fueron tres divorcios y cuatro matrimonios, el primero con el violin\u00edsta Emile Saurel; el segundo con el cantante de opera Giovanni Tagliapetra, del cual se divorcia para contraer nupcias con el pianista Eugen D&#8217;Albert, su tercer marido y por \u00faltimo, contrae nupcias con su antiguo cu\u00f1ado Arturo Tagliapetra. Esta inestable vida emocional unida a su intenso trabajo como concert\u00edsta y a sus numerosas giras acabaron quebrantando su salud. Muri\u00f3 en Estados Unidos en la ciudad de Nueva York, el 12 de Junio de 1917.<\/p>\n<p>Considerada una de las m\u00e1s grandes pian\u00edsta de la \u00e9poca, fueron traidas sus cenizas a Venezuela en 1938 y desde 1977; recibe el honor de reposar en el Pante\u00f3n Nacional.<\/p><div class=\"nvxok69f5f5ab9f196\" ><p style=\"text-align: center;\"><a href=\"https:\/\/t.me\/noticiasdigital58\" target=\"_blank\" rel=\"noopener\"><img class=\"aligncenter size-full wp-image-125363\" src=\"https:\/\/digital58.com.ve\/site\/wp-content\/uploads\/2021\/04\/banner-telegram-web-2021.png\" alt=\"\" width=\"600\" height=\"90\" \/><\/a><\/p><\/div><style type=\"text\/css\">\r\n@media screen and (min-width: 1201px) {\r\n.nvxok69f5f5ab9f196 {\r\ndisplay: block;\r\n}\r\n}\r\n@media screen and (min-width: 993px) and (max-width: 1200px) {\r\n.nvxok69f5f5ab9f196 {\r\ndisplay: block;\r\n}\r\n}\r\n@media screen and (min-width: 769px) and (max-width: 992px) {\r\n.nvxok69f5f5ab9f196 {\r\ndisplay: block;\r\n}\r\n}\r\n@media screen and (min-width: 768px) and (max-width: 768px) {\r\n.nvxok69f5f5ab9f196 {\r\ndisplay: block;\r\n}\r\n}\r\n@media screen and (max-width: 767px) {\r\n.nvxok69f5f5ab9f196 {\r\ndisplay: block;\r\n}\r\n}\r\n<\/style>\r\n\n<p><strong>Redacci\u00f3n: Efem\u00e9rides Venezolanas<br \/>\nEdici\u00f3n: Arismendi, Luis<br \/>\nGr\u00e1ficas: Google<\/strong><\/p>\n<div style=\"margin-top: 0px; margin-bottom: 0px;\" class=\"sharethis-inline-share-buttons\" ><\/div>","protected":false},"excerpt":{"rendered":"<p>Esta ilustre pianista y compositora, naci\u00f3 en Caracas un 22 de Diciembre de 1853, viviendo una intensa y fruct\u00edfera existencia<\/p>\n","protected":false},"author":7,"featured_media":76053,"comment_status":"open","ping_status":"closed","sticky":false,"template":"","format":"standard","meta":{"colormag_page_container_layout":"default_layout","colormag_page_sidebar_layout":"default_layout","_uag_custom_page_level_css":"","footnotes":""},"categories":[5403],"tags":[159,61,233,10355,7856,2523,32],"class_list":["post-76051","post","type-post","status-publish","format-standard","has-post-thumbnail","hentry","category-otros","tag-efemerides","tag-musica","tag-nacionales","tag-natalicio-teresa-carreno","tag-pianista","tag-teresa-carreno","tag-venezuela"],"yoast_head":"<!-- This site is optimized with the Yoast SEO plugin v27.5 - https:\/\/yoast.com\/product\/yoast-seo-wordpress\/ -->\n<title>22 de diciembre: Natalicio de Teresa Carre\u00f1o<\/title>\n<meta name=\"robots\" content=\"index, follow, max-snippet:-1, max-image-preview:large, max-video-preview:-1\" \/>\n<link rel=\"canonical\" href=\"https:\/\/digital58.com.ve\/site\/2017\/12\/22\/22-de-diciembre-natalicio-de-teresa-carreno\/\" \/>\n<meta property=\"og:locale\" content=\"es_ES\" \/>\n<meta property=\"og:type\" content=\"article\" \/>\n<meta property=\"og:title\" content=\"22 de diciembre: Natalicio de Teresa Carre\u00f1o\" \/>\n<meta property=\"og:url\" content=\"https:\/\/digital58.com.ve\/site\/2017\/12\/22\/22-de-diciembre-natalicio-de-teresa-carreno\/\" \/>\n<meta property=\"og:site_name\" content=\"Noticias Digital58\" \/>\n<meta property=\"article:published_time\" content=\"2017-12-22T14:42:41+00:00\" \/>\n<meta property=\"og:image\" content=\"https:\/\/digital58.com.ve\/site\/wp-content\/uploads\/2017\/12\/223323232323.jpg\" \/>\n\t<meta property=\"og:image:width\" content=\"1356\" \/>\n\t<meta property=\"og:image:height\" content=\"1137\" \/>\n\t<meta property=\"og:image:type\" content=\"image\/jpeg\" \/>\n<meta name=\"author\" content=\"Arismendi Luis\" \/>\n<meta name=\"twitter:card\" content=\"summary_large_image\" \/>\n<meta name=\"twitter:creator\" content=\"@Digital_58\" \/>\n<meta name=\"twitter:site\" content=\"@villasmilhfoto\" \/>\n<meta name=\"twitter:label1\" content=\"Escrito por\" \/>\n\t<meta name=\"twitter:data1\" content=\"Arismendi Luis\" \/>\n\t<meta name=\"twitter:label2\" content=\"Tiempo estimado de lectura\" \/>\n\t<meta name=\"twitter:data2\" content=\"3 minutos\" \/>\n<script type=\"application\/ld+json\" class=\"yoast-schema-graph\">{\"@context\":\"https:\\\/\\\/schema.org\",\"@graph\":[{\"@type\":\"Article\",\"@id\":\"https:\\\/\\\/digital58.com.ve\\\/site\\\/2017\\\/12\\\/22\\\/22-de-diciembre-natalicio-de-teresa-carreno\\\/#article\",\"isPartOf\":{\"@id\":\"https:\\\/\\\/digital58.com.ve\\\/site\\\/2017\\\/12\\\/22\\\/22-de-diciembre-natalicio-de-teresa-carreno\\\/\"},\"author\":{\"name\":\"Arismendi Luis\",\"@id\":\"https:\\\/\\\/digital58.com.ve\\\/site\\\/#\\\/schema\\\/person\\\/d79fb9041200d150763851810f3a6e44\"},\"headline\":\"22 de diciembre: Natalicio de Teresa Carre\u00f1o\",\"datePublished\":\"2017-12-22T14:42:41+00:00\",\"mainEntityOfPage\":{\"@id\":\"https:\\\/\\\/digital58.com.ve\\\/site\\\/2017\\\/12\\\/22\\\/22-de-diciembre-natalicio-de-teresa-carreno\\\/\"},\"wordCount\":520,\"commentCount\":0,\"publisher\":{\"@id\":\"https:\\\/\\\/digital58.com.ve\\\/site\\\/#\\\/schema\\\/person\\\/64d1c2e4d0d4fd1b849980c4331c2951\"},\"image\":{\"@id\":\"https:\\\/\\\/digital58.com.ve\\\/site\\\/2017\\\/12\\\/22\\\/22-de-diciembre-natalicio-de-teresa-carreno\\\/#primaryimage\"},\"thumbnailUrl\":\"https:\\\/\\\/digital58.com.ve\\\/site\\\/wp-content\\\/uploads\\\/2017\\\/12\\\/223323232323.jpg\",\"keywords\":[\"Efem\u00e9rides\",\"M\u00fasica\",\"Nacionales\",\"Natalicio Teresa Carre\u00f1o\",\"Pianista\",\"Teresa Carre\u00f1o\",\"Venezuela\"],\"articleSection\":[\"Otros\"],\"inLanguage\":\"es\",\"potentialAction\":[{\"@type\":\"CommentAction\",\"name\":\"Comment\",\"target\":[\"https:\\\/\\\/digital58.com.ve\\\/site\\\/2017\\\/12\\\/22\\\/22-de-diciembre-natalicio-de-teresa-carreno\\\/#respond\"]}]},{\"@type\":\"WebPage\",\"@id\":\"https:\\\/\\\/digital58.com.ve\\\/site\\\/2017\\\/12\\\/22\\\/22-de-diciembre-natalicio-de-teresa-carreno\\\/\",\"url\":\"https:\\\/\\\/digital58.com.ve\\\/site\\\/2017\\\/12\\\/22\\\/22-de-diciembre-natalicio-de-teresa-carreno\\\/\",\"name\":\"22 de diciembre: Natalicio de Teresa Carre\u00f1o\",\"isPartOf\":{\"@id\":\"https:\\\/\\\/digital58.com.ve\\\/site\\\/#website\"},\"primaryImageOfPage\":{\"@id\":\"https:\\\/\\\/digital58.com.ve\\\/site\\\/2017\\\/12\\\/22\\\/22-de-diciembre-natalicio-de-teresa-carreno\\\/#primaryimage\"},\"image\":{\"@id\":\"https:\\\/\\\/digital58.com.ve\\\/site\\\/2017\\\/12\\\/22\\\/22-de-diciembre-natalicio-de-teresa-carreno\\\/#primaryimage\"},\"thumbnailUrl\":\"https:\\\/\\\/digital58.com.ve\\\/site\\\/wp-content\\\/uploads\\\/2017\\\/12\\\/223323232323.jpg\",\"datePublished\":\"2017-12-22T14:42:41+00:00\",\"breadcrumb\":{\"@id\":\"https:\\\/\\\/digital58.com.ve\\\/site\\\/2017\\\/12\\\/22\\\/22-de-diciembre-natalicio-de-teresa-carreno\\\/#breadcrumb\"},\"inLanguage\":\"es\",\"potentialAction\":[{\"@type\":\"ReadAction\",\"target\":[\"https:\\\/\\\/digital58.com.ve\\\/site\\\/2017\\\/12\\\/22\\\/22-de-diciembre-natalicio-de-teresa-carreno\\\/\"]}]},{\"@type\":\"ImageObject\",\"inLanguage\":\"es\",\"@id\":\"https:\\\/\\\/digital58.com.ve\\\/site\\\/2017\\\/12\\\/22\\\/22-de-diciembre-natalicio-de-teresa-carreno\\\/#primaryimage\",\"url\":\"https:\\\/\\\/digital58.com.ve\\\/site\\\/wp-content\\\/uploads\\\/2017\\\/12\\\/223323232323.jpg\",\"contentUrl\":\"https:\\\/\\\/digital58.com.ve\\\/site\\\/wp-content\\\/uploads\\\/2017\\\/12\\\/223323232323.jpg\",\"width\":716,\"height\":600},{\"@type\":\"BreadcrumbList\",\"@id\":\"https:\\\/\\\/digital58.com.ve\\\/site\\\/2017\\\/12\\\/22\\\/22-de-diciembre-natalicio-de-teresa-carreno\\\/#breadcrumb\",\"itemListElement\":[{\"@type\":\"ListItem\",\"position\":1,\"name\":\"Home\",\"item\":\"https:\\\/\\\/digital58.com.ve\\\/site\\\/\"},{\"@type\":\"ListItem\",\"position\":2,\"name\":\"22 de diciembre: Natalicio de Teresa Carre\u00f1o\"}]},{\"@type\":\"WebSite\",\"@id\":\"https:\\\/\\\/digital58.com.ve\\\/site\\\/#website\",\"url\":\"https:\\\/\\\/digital58.com.ve\\\/site\\\/\",\"name\":\"Noticias Digital58\",\"description\":\"Portal de Noticias \u00a1Periodismo web de verdad! Lanzamiento web 22.11.2005 \\\/ Maracaibo, Venezuela\",\"publisher\":{\"@id\":\"https:\\\/\\\/digital58.com.ve\\\/site\\\/#\\\/schema\\\/person\\\/64d1c2e4d0d4fd1b849980c4331c2951\"},\"alternateName\":\"ND58\",\"potentialAction\":[{\"@type\":\"SearchAction\",\"target\":{\"@type\":\"EntryPoint\",\"urlTemplate\":\"https:\\\/\\\/digital58.com.ve\\\/site\\\/?s={search_term_string}\"},\"query-input\":{\"@type\":\"PropertyValueSpecification\",\"valueRequired\":true,\"valueName\":\"search_term_string\"}}],\"inLanguage\":\"es\"},{\"@type\":[\"Person\",\"Organization\"],\"@id\":\"https:\\\/\\\/digital58.com.ve\\\/site\\\/#\\\/schema\\\/person\\\/64d1c2e4d0d4fd1b849980c4331c2951\",\"name\":\"Villasmil Henry\",\"image\":{\"@type\":\"ImageObject\",\"inLanguage\":\"es\",\"@id\":\"https:\\\/\\\/secure.gravatar.com\\\/avatar\\\/bb0c4a2fcb7970138239f7e404ea75757b1b507b28b5ce4c53fbd62d797c5a7c?s=96&d=mm&r=g\",\"url\":\"https:\\\/\\\/secure.gravatar.com\\\/avatar\\\/bb0c4a2fcb7970138239f7e404ea75757b1b507b28b5ce4c53fbd62d797c5a7c?s=96&d=mm&r=g\",\"contentUrl\":\"https:\\\/\\\/secure.gravatar.com\\\/avatar\\\/bb0c4a2fcb7970138239f7e404ea75757b1b507b28b5ce4c53fbd62d797c5a7c?s=96&d=mm&r=g\",\"caption\":\"Villasmil Henry\"},\"logo\":{\"@id\":\"https:\\\/\\\/secure.gravatar.com\\\/avatar\\\/bb0c4a2fcb7970138239f7e404ea75757b1b507b28b5ce4c53fbd62d797c5a7c?s=96&d=mm&r=g\"},\"sameAs\":[\"http:\\\/\\\/www.henryvillasmil.com.ve\",\"https:\\\/\\\/www.instagram.com\\\/villasmilhfoto\\\/\",\"https:\\\/\\\/x.com\\\/https:\\\/\\\/twitter.com\\\/villasmilhfoto\"]},{\"@type\":\"Person\",\"@id\":\"https:\\\/\\\/digital58.com.ve\\\/site\\\/#\\\/schema\\\/person\\\/d79fb9041200d150763851810f3a6e44\",\"name\":\"Arismendi Luis\",\"image\":{\"@type\":\"ImageObject\",\"inLanguage\":\"es\",\"@id\":\"https:\\\/\\\/secure.gravatar.com\\\/avatar\\\/076a9c19816f4976b76b8d88be4606fba80dee0aea5ccae15d7f3466053c0615?s=96&d=mm&r=g\",\"url\":\"https:\\\/\\\/secure.gravatar.com\\\/avatar\\\/076a9c19816f4976b76b8d88be4606fba80dee0aea5ccae15d7f3466053c0615?s=96&d=mm&r=g\",\"contentUrl\":\"https:\\\/\\\/secure.gravatar.com\\\/avatar\\\/076a9c19816f4976b76b8d88be4606fba80dee0aea5ccae15d7f3466053c0615?s=96&d=mm&r=g\",\"caption\":\"Arismendi Luis\"},\"url\":\"https:\\\/\\\/digital58.com.ve\\\/site\\\/author\\\/arismendi17\\\/\"}]}<\/script>\n<!-- \/ Yoast SEO plugin. -->","yoast_head_json":{"title":"22 de diciembre: Natalicio de Teresa Carre\u00f1o","robots":{"index":"index","follow":"follow","max-snippet":"max-snippet:-1","max-image-preview":"max-image-preview:large","max-video-preview":"max-video-preview:-1"},"canonical":"https:\/\/digital58.com.ve\/site\/2017\/12\/22\/22-de-diciembre-natalicio-de-teresa-carreno\/","og_locale":"es_ES","og_type":"article","og_title":"22 de diciembre: Natalicio de Teresa Carre\u00f1o","og_url":"https:\/\/digital58.com.ve\/site\/2017\/12\/22\/22-de-diciembre-natalicio-de-teresa-carreno\/","og_site_name":"Noticias Digital58","article_published_time":"2017-12-22T14:42:41+00:00","og_image":[{"width":1356,"height":1137,"url":"https:\/\/digital58.com.ve\/site\/wp-content\/uploads\/2017\/12\/223323232323.jpg","type":"image\/jpeg"}],"author":"Arismendi Luis","twitter_card":"summary_large_image","twitter_creator":"@Digital_58","twitter_site":"@villasmilhfoto","twitter_misc":{"Escrito por":"Arismendi Luis","Tiempo estimado de lectura":"3 minutos"},"schema":{"@context":"https:\/\/schema.org","@graph":[{"@type":"Article","@id":"https:\/\/digital58.com.ve\/site\/2017\/12\/22\/22-de-diciembre-natalicio-de-teresa-carreno\/#article","isPartOf":{"@id":"https:\/\/digital58.com.ve\/site\/2017\/12\/22\/22-de-diciembre-natalicio-de-teresa-carreno\/"},"author":{"name":"Arismendi Luis","@id":"https:\/\/digital58.com.ve\/site\/#\/schema\/person\/d79fb9041200d150763851810f3a6e44"},"headline":"22 de diciembre: Natalicio de Teresa Carre\u00f1o","datePublished":"2017-12-22T14:42:41+00:00","mainEntityOfPage":{"@id":"https:\/\/digital58.com.ve\/site\/2017\/12\/22\/22-de-diciembre-natalicio-de-teresa-carreno\/"},"wordCount":520,"commentCount":0,"publisher":{"@id":"https:\/\/digital58.com.ve\/site\/#\/schema\/person\/64d1c2e4d0d4fd1b849980c4331c2951"},"image":{"@id":"https:\/\/digital58.com.ve\/site\/2017\/12\/22\/22-de-diciembre-natalicio-de-teresa-carreno\/#primaryimage"},"thumbnailUrl":"https:\/\/digital58.com.ve\/site\/wp-content\/uploads\/2017\/12\/223323232323.jpg","keywords":["Efem\u00e9rides","M\u00fasica","Nacionales","Natalicio Teresa Carre\u00f1o","Pianista","Teresa Carre\u00f1o","Venezuela"],"articleSection":["Otros"],"inLanguage":"es","potentialAction":[{"@type":"CommentAction","name":"Comment","target":["https:\/\/digital58.com.ve\/site\/2017\/12\/22\/22-de-diciembre-natalicio-de-teresa-carreno\/#respond"]}]},{"@type":"WebPage","@id":"https:\/\/digital58.com.ve\/site\/2017\/12\/22\/22-de-diciembre-natalicio-de-teresa-carreno\/","url":"https:\/\/digital58.com.ve\/site\/2017\/12\/22\/22-de-diciembre-natalicio-de-teresa-carreno\/","name":"22 de diciembre: Natalicio de Teresa Carre\u00f1o","isPartOf":{"@id":"https:\/\/digital58.com.ve\/site\/#website"},"primaryImageOfPage":{"@id":"https:\/\/digital58.com.ve\/site\/2017\/12\/22\/22-de-diciembre-natalicio-de-teresa-carreno\/#primaryimage"},"image":{"@id":"https:\/\/digital58.com.ve\/site\/2017\/12\/22\/22-de-diciembre-natalicio-de-teresa-carreno\/#primaryimage"},"thumbnailUrl":"https:\/\/digital58.com.ve\/site\/wp-content\/uploads\/2017\/12\/223323232323.jpg","datePublished":"2017-12-22T14:42:41+00:00","breadcrumb":{"@id":"https:\/\/digital58.com.ve\/site\/2017\/12\/22\/22-de-diciembre-natalicio-de-teresa-carreno\/#breadcrumb"},"inLanguage":"es","potentialAction":[{"@type":"ReadAction","target":["https:\/\/digital58.com.ve\/site\/2017\/12\/22\/22-de-diciembre-natalicio-de-teresa-carreno\/"]}]},{"@type":"ImageObject","inLanguage":"es","@id":"https:\/\/digital58.com.ve\/site\/2017\/12\/22\/22-de-diciembre-natalicio-de-teresa-carreno\/#primaryimage","url":"https:\/\/digital58.com.ve\/site\/wp-content\/uploads\/2017\/12\/223323232323.jpg","contentUrl":"https:\/\/digital58.com.ve\/site\/wp-content\/uploads\/2017\/12\/223323232323.jpg","width":716,"height":600},{"@type":"BreadcrumbList","@id":"https:\/\/digital58.com.ve\/site\/2017\/12\/22\/22-de-diciembre-natalicio-de-teresa-carreno\/#breadcrumb","itemListElement":[{"@type":"ListItem","position":1,"name":"Home","item":"https:\/\/digital58.com.ve\/site\/"},{"@type":"ListItem","position":2,"name":"22 de diciembre: Natalicio de Teresa Carre\u00f1o"}]},{"@type":"WebSite","@id":"https:\/\/digital58.com.ve\/site\/#website","url":"https:\/\/digital58.com.ve\/site\/","name":"Noticias Digital58","description":"Portal de Noticias \u00a1Periodismo web de verdad! Lanzamiento web 22.11.2005 \/ Maracaibo, Venezuela","publisher":{"@id":"https:\/\/digital58.com.ve\/site\/#\/schema\/person\/64d1c2e4d0d4fd1b849980c4331c2951"},"alternateName":"ND58","potentialAction":[{"@type":"SearchAction","target":{"@type":"EntryPoint","urlTemplate":"https:\/\/digital58.com.ve\/site\/?s={search_term_string}"},"query-input":{"@type":"PropertyValueSpecification","valueRequired":true,"valueName":"search_term_string"}}],"inLanguage":"es"},{"@type":["Person","Organization"],"@id":"https:\/\/digital58.com.ve\/site\/#\/schema\/person\/64d1c2e4d0d4fd1b849980c4331c2951","name":"Villasmil Henry","image":{"@type":"ImageObject","inLanguage":"es","@id":"https:\/\/secure.gravatar.com\/avatar\/bb0c4a2fcb7970138239f7e404ea75757b1b507b28b5ce4c53fbd62d797c5a7c?s=96&d=mm&r=g","url":"https:\/\/secure.gravatar.com\/avatar\/bb0c4a2fcb7970138239f7e404ea75757b1b507b28b5ce4c53fbd62d797c5a7c?s=96&d=mm&r=g","contentUrl":"https:\/\/secure.gravatar.com\/avatar\/bb0c4a2fcb7970138239f7e404ea75757b1b507b28b5ce4c53fbd62d797c5a7c?s=96&d=mm&r=g","caption":"Villasmil Henry"},"logo":{"@id":"https:\/\/secure.gravatar.com\/avatar\/bb0c4a2fcb7970138239f7e404ea75757b1b507b28b5ce4c53fbd62d797c5a7c?s=96&d=mm&r=g"},"sameAs":["http:\/\/www.henryvillasmil.com.ve","https:\/\/www.instagram.com\/villasmilhfoto\/","https:\/\/x.com\/https:\/\/twitter.com\/villasmilhfoto"]},{"@type":"Person","@id":"https:\/\/digital58.com.ve\/site\/#\/schema\/person\/d79fb9041200d150763851810f3a6e44","name":"Arismendi Luis","image":{"@type":"ImageObject","inLanguage":"es","@id":"https:\/\/secure.gravatar.com\/avatar\/076a9c19816f4976b76b8d88be4606fba80dee0aea5ccae15d7f3466053c0615?s=96&d=mm&r=g","url":"https:\/\/secure.gravatar.com\/avatar\/076a9c19816f4976b76b8d88be4606fba80dee0aea5ccae15d7f3466053c0615?s=96&d=mm&r=g","contentUrl":"https:\/\/secure.gravatar.com\/avatar\/076a9c19816f4976b76b8d88be4606fba80dee0aea5ccae15d7f3466053c0615?s=96&d=mm&r=g","caption":"Arismendi Luis"},"url":"https:\/\/digital58.com.ve\/site\/author\/arismendi17\/"}]}},"uagb_featured_image_src":{"full":["https:\/\/digital58.com.ve\/site\/wp-content\/uploads\/2017\/12\/223323232323.jpg",716,600,false],"thumbnail":["https:\/\/digital58.com.ve\/site\/wp-content\/uploads\/2017\/12\/223323232323-150x150.jpg",150,150,true],"medium":["https:\/\/digital58.com.ve\/site\/wp-content\/uploads\/2017\/12\/223323232323-300x252.jpg",300,252,true],"medium_large":["https:\/\/digital58.com.ve\/site\/wp-content\/uploads\/2017\/12\/223323232323-768x644.jpg",768,644,true],"large":["https:\/\/digital58.com.ve\/site\/wp-content\/uploads\/2017\/12\/223323232323-1221x1024.jpg",800,671,true],"1536x1536":["https:\/\/digital58.com.ve\/site\/wp-content\/uploads\/2017\/12\/223323232323.jpg",716,600,false],"2048x2048":["https:\/\/digital58.com.ve\/site\/wp-content\/uploads\/2017\/12\/223323232323.jpg",716,600,false],"colormag-highlighted-post":["https:\/\/digital58.com.ve\/site\/wp-content\/uploads\/2017\/12\/223323232323.jpg",325,272,false],"colormag-featured-post-medium":["https:\/\/digital58.com.ve\/site\/wp-content\/uploads\/2017\/12\/223323232323.jpg",245,205,false],"colormag-featured-post-small":["https:\/\/digital58.com.ve\/site\/wp-content\/uploads\/2017\/12\/223323232323.jpg",107,90,false],"colormag-featured-image":["https:\/\/digital58.com.ve\/site\/wp-content\/uploads\/2017\/12\/223323232323.jpg",531,445,false],"colormag-default-news":["https:\/\/digital58.com.ve\/site\/wp-content\/uploads\/2017\/12\/223323232323.jpg",150,126,false],"colormag-featured-image-large":["https:\/\/digital58.com.ve\/site\/wp-content\/uploads\/2017\/12\/223323232323.jpg",716,600,false]},"uagb_author_info":{"display_name":"Arismendi Luis","author_link":"https:\/\/digital58.com.ve\/site\/author\/arismendi17\/"},"uagb_comment_info":0,"uagb_excerpt":"Esta ilustre pianista y compositora, naci\u00f3 en Caracas un 22 de Diciembre de 1853, viviendo una intensa y fruct\u00edfera existencia","_links":{"self":[{"href":"https:\/\/digital58.com.ve\/site\/wp-json\/wp\/v2\/posts\/76051","targetHints":{"allow":["GET"]}}],"collection":[{"href":"https:\/\/digital58.com.ve\/site\/wp-json\/wp\/v2\/posts"}],"about":[{"href":"https:\/\/digital58.com.ve\/site\/wp-json\/wp\/v2\/types\/post"}],"author":[{"embeddable":true,"href":"https:\/\/digital58.com.ve\/site\/wp-json\/wp\/v2\/users\/7"}],"replies":[{"embeddable":true,"href":"https:\/\/digital58.com.ve\/site\/wp-json\/wp\/v2\/comments?post=76051"}],"version-history":[{"count":0,"href":"https:\/\/digital58.com.ve\/site\/wp-json\/wp\/v2\/posts\/76051\/revisions"}],"wp:featuredmedia":[{"embeddable":true,"href":"https:\/\/digital58.com.ve\/site\/wp-json\/wp\/v2\/media\/76053"}],"wp:attachment":[{"href":"https:\/\/digital58.com.ve\/site\/wp-json\/wp\/v2\/media?parent=76051"}],"wp:term":[{"taxonomy":"category","embeddable":true,"href":"https:\/\/digital58.com.ve\/site\/wp-json\/wp\/v2\/categories?post=76051"},{"taxonomy":"post_tag","embeddable":true,"href":"https:\/\/digital58.com.ve\/site\/wp-json\/wp\/v2\/tags?post=76051"}],"curies":[{"name":"wp","href":"https:\/\/api.w.org\/{rel}","templated":true}]}}