{"id":76171,"date":"2018-01-08T16:42:37","date_gmt":"2018-01-08T20:42:37","guid":{"rendered":"http:\/\/digital58.com.ve\/site\/?p=76171"},"modified":"2018-01-08T16:42:37","modified_gmt":"2018-01-08T20:42:37","slug":"el-real-madrid-se-aleja-de-la-pelea-por-la-liga-tras-empatar-en-vigo","status":"publish","type":"post","link":"https:\/\/digital58.com.ve\/site\/2018\/01\/08\/el-real-madrid-se-aleja-de-la-pelea-por-la-liga-tras-empatar-en-vigo\/","title":{"rendered":"El Real Madrid se aleja de la pelea por la Liga tras empatar en Vigo"},"content":{"rendered":"<p><img loading=\"lazy\" decoding=\"async\" class=\"aligncenter wp-image-76172 size-full\" src=\"http:\/\/digital58.com.ve\/site\/wp-content\/uploads\/2018\/01\/real.jpg\" alt=\"\" width=\"800\" height=\"480\" srcset=\"https:\/\/digital58.com.ve\/site\/wp-content\/uploads\/2018\/01\/real.jpg 800w, https:\/\/digital58.com.ve\/site\/wp-content\/uploads\/2018\/01\/real-300x180.jpg 300w, https:\/\/digital58.com.ve\/site\/wp-content\/uploads\/2018\/01\/real-768x461.jpg 768w\" sizes=\"auto, (max-width: 800px) 100vw, 800px\" \/><\/p>\n<p>Celta de Vigo y Real Madrid firmaron tablas (2-2) en un partido trepidante, con numerosas ocasiones para ambos equipos y que pudo desnivelar en el \u00faltimo minuto Lucas V\u00e1zquez para mantener a los blancos en la carrera por el t\u00edtulo, que se le complica ahora, al quedarse a 16 puntos del Barcelona y pese a tener un partido menos.<\/p>\n<p><strong>Vigo, Espa\u00f1a, 8 de enero de 2018 (D58).- <\/strong>Tuvo el Real Madrid un inicio esperanzador para el t\u00e9cnico madridista, Zinedine Zidane. Con menos de cinco minutos de partido asom\u00f3 por el \u00e1rea celeste con un centro envenenado de Isco y un tiro lejano de Cristiano Ronaldo.<\/p>\n<p>El Celta cumpli\u00f3 el gui\u00f3n que se esperaba. Subi\u00f3 las l\u00edneas de presi\u00f3n para dificultar la salida del bal\u00f3n del Real Madrid. Bien colocado, y con Iago Aspas como metr\u00f3nomo, exhibi\u00f3 su velocidad para atacar al conjunto de Zidane.<\/p>\n<p>El primer aviso lleg\u00f3 desde el costado derecho, con un centro de Hugo Mallo que remat\u00f3, entre Varane y Nacho, Aspas al poste; el segundo, fue un r\u00e1pido contragolpe con Aspas-Maxi-Wass, finalizado con un lanzamiento desviado del jugador dan\u00e9s.<\/p>\n<p>El empuje celeste no alter\u00f3 al Real Madrid. Tuvo por momentos la pelota pero, sin desborde en sus combinaciones, no cre\u00f3 peligro, salvo un latigazo de Casimiro desde fuera del \u00e1rea que despej\u00f3 Rub\u00e9n Blanco.<\/p>\n<p>Se arm\u00f3 bien el Celta en la zona central. Esper\u00f3. Y cuando recuper\u00f3 la pelota sali\u00f3 veloz: Aspas, epicentro del juego celeste, inici\u00f3 un contraataque letal que concluy\u00f3 con una hermosa vaselina de Wass.<\/p>\n<p>El Celta marc\u00f3 su gol en el minuto 32. Pero no le dur\u00f3 nada el entusiasmo. Lo extermin\u00f3 el Real Madrid con su pegada: marc\u00f3 dos goles en tres minutos. Su eficacia fue asombrosa. De un ataque del Celta que no supo resolver Maxi, lento para concluir la jugada, sac\u00f3 el Real Madrid un gol tras cruzar todo el campo. Kroos vio el desmarque de Bale y el jugador gal\u00e9s, que le gan\u00f3 la espalda a Cabral, marc\u00f3 el gol del empate.<\/p>\n<p>Dos minutos despu\u00e9s el Real Madrid calc\u00f3 esa secuencia final: esta vez asisti\u00f3 Isco, y Bale, en el l\u00edmite del fuera de juego, defini\u00f3 ante Rub\u00e9n.<\/p>\n<p>El Celta cambio el plan mediada la segunda parte. Volvi\u00f3 a presionar muy arriba. Y decidi\u00f3, due\u00f1o ya de la posesi\u00f3n de la pelota, marcar el ritmo del partido. Fue inquietando a Keylor Navas. Lo intentaron Aspas y Maxi Gomez. Sigui\u00f3 insistiendo. Logr\u00f3 incluso un penalti, cuando Keylor Navas derrib\u00f3 a Aspas, aunque el delantero celeste no marc\u00f3. Una gran estirada del portero, que se adelant\u00f3 en el momento del lanzamiento, evit\u00f3 el empate.<\/p>\n<p>Unzu\u00e9 refresc\u00f3 el ataque con Lobotka y Emre Mor. Zidane meti\u00f3 a Kovacic por Isco y a Lucas V\u00e1zquez por Modric. El RealMadrid decidi\u00f3 vivir del contragolpe ante el acoso local. Lo prob\u00f3 Ronaldo con un disparo lejano. Pero acto seguido, en una salida r\u00e1pida, el Celta tuvo su recompensa en una triangulaci\u00f3n que inici\u00f3 Aspas, centr\u00f3 Wass y cabece\u00f3 el uruguayo Maxi G\u00f3mez.<\/p>\n<p>El empate enloqueci\u00f3 el ritmo de los \u00faltimos diez minutos, hacia un partido de ida y vuelta. Un duro lanzamiento de Cristiano Ronaldo, que se estrell\u00f3 en la red lateral, tuvo respuesta en un contragolpe que Aspas finaliz\u00f3 pidiendo penalti de Marcelo.<\/p>\n<p>No decay\u00f3 la intensidad, de \u00e1rea a \u00e1rea, hasta que en el \u00faltimo el Real Madrid roz\u00f3 la victoria con una clar\u00edsima ocasi\u00f3n de Lucas V\u00e1zquez que estrell\u00f3 su lanzamiento contra el portero Rub\u00e9n Blanco.<\/p><div class=\"zuktd6a9bc09a4e82d\" ><p style=\"text-align: center;\"><a href=\"https:\/\/t.me\/noticiasdigital58\" target=\"_blank\" rel=\"noopener\"><img class=\"aligncenter size-full wp-image-125363\" src=\"https:\/\/digital58.com.ve\/site\/wp-content\/uploads\/2021\/04\/banner-telegram-web-2021.png\" alt=\"\" width=\"600\" height=\"90\" \/><\/a><\/p><\/div><style type=\"text\/css\">\r\n@media screen and (min-width: 1201px) {\r\n.zuktd6a9bc09a4e82d {\r\ndisplay: block;\r\n}\r\n}\r\n@media screen and (min-width: 993px) and (max-width: 1200px) {\r\n.zuktd6a9bc09a4e82d {\r\ndisplay: block;\r\n}\r\n}\r\n@media screen and (min-width: 769px) and (max-width: 992px) {\r\n.zuktd6a9bc09a4e82d {\r\ndisplay: block;\r\n}\r\n}\r\n@media screen and (min-width: 768px) and (max-width: 768px) {\r\n.zuktd6a9bc09a4e82d {\r\ndisplay: block;\r\n}\r\n}\r\n@media screen and (max-width: 767px) {\r\n.zuktd6a9bc09a4e82d {\r\ndisplay: block;\r\n}\r\n}\r\n<\/style>\r\n\n<p><strong>Redacci\u00f3n: EFE<br \/>\nEdici\u00f3n: Arismendi, Luis<br \/>\nGr\u00e1ficas: EFE<\/strong><\/p>\n<div style=\"margin-top: 0px; margin-bottom: 0px;\" class=\"sharethis-inline-share-buttons\" ><\/div>","protected":false},"excerpt":{"rendered":"<p>Celta de Vigo y Real Madrid firmaron tablas (2-2) en un partido trepidante, con numerosas ocasiones para ambos equipos y<\/p>\n","protected":false},"author":7,"featured_media":76172,"comment_status":"open","ping_status":"closed","sticky":false,"template":"","format":"standard","meta":{"colormag_page_container_layout":"default_layout","colormag_page_sidebar_layout":"default_layout","_uag_custom_page_level_css":"","footnotes":""},"categories":[5402],"tags":[7312,13,499,8,8948,6806,6501],"class_list":["post-76171","post","type-post","status-publish","format-standard","has-post-thumbnail","hentry","category-deportes","tag-celta-de-vigo","tag-futbol","tag-futbol-espanol","tag-internacionales","tag-laliga-2017-2018","tag-laliga-santander","tag-real-madrid-cf"],"yoast_head":"<!-- This site is optimized with the Yoast SEO plugin v28.4 - https:\/\/yoast.com\/product\/yoast-seo-wordpress\/ -->\n<title>El Real Madrid se aleja de la pelea por la Liga tras empatar en Vigo<\/title>\n<meta name=\"robots\" content=\"index, follow, max-snippet:-1, max-image-preview:large, max-video-preview:-1\" \/>\n<link rel=\"canonical\" href=\"https:\/\/digital58.com.ve\/site\/2018\/01\/08\/el-real-madrid-se-aleja-de-la-pelea-por-la-liga-tras-empatar-en-vigo\/\" \/>\n<meta property=\"og:locale\" content=\"es_ES\" \/>\n<meta property=\"og:type\" content=\"article\" \/>\n<meta property=\"og:title\" content=\"El Real Madrid se aleja de la pelea por la Liga tras empatar en Vigo\" \/>\n<meta property=\"og:url\" content=\"https:\/\/digital58.com.ve\/site\/2018\/01\/08\/el-real-madrid-se-aleja-de-la-pelea-por-la-liga-tras-empatar-en-vigo\/\" \/>\n<meta property=\"og:site_name\" content=\"Noticias Digital58\" \/>\n<meta property=\"article:published_time\" content=\"2018-01-08T20:42:37+00:00\" \/>\n<meta property=\"og:image\" content=\"https:\/\/digital58.com.ve\/site\/wp-content\/uploads\/2018\/01\/real.jpg\" \/>\n\t<meta property=\"og:image:width\" content=\"800\" \/>\n\t<meta property=\"og:image:height\" content=\"480\" \/>\n\t<meta property=\"og:image:type\" content=\"image\/jpeg\" \/>\n<meta name=\"author\" content=\"Arismendi Luis\" \/>\n<meta name=\"twitter:card\" content=\"summary_large_image\" \/>\n<meta name=\"twitter:creator\" content=\"@Digital_58\" \/>\n<meta name=\"twitter:site\" content=\"@villasmilhfoto\" \/>\n<meta name=\"twitter:label1\" content=\"Escrito por\" \/>\n\t<meta name=\"twitter:data1\" content=\"Arismendi Luis\" \/>\n\t<meta name=\"twitter:label2\" content=\"Tiempo estimado de lectura\" \/>\n\t<meta name=\"twitter:data2\" content=\"3 minutos\" \/>\n<script type=\"application\/ld+json\" class=\"yoast-schema-graph\">{\"@context\":\"https:\\\/\\\/schema.org\",\"@graph\":[{\"@type\":\"Article\",\"@id\":\"https:\\\/\\\/digital58.com.ve\\\/site\\\/2018\\\/01\\\/08\\\/el-real-madrid-se-aleja-de-la-pelea-por-la-liga-tras-empatar-en-vigo\\\/#article\",\"isPartOf\":{\"@id\":\"https:\\\/\\\/digital58.com.ve\\\/site\\\/2018\\\/01\\\/08\\\/el-real-madrid-se-aleja-de-la-pelea-por-la-liga-tras-empatar-en-vigo\\\/\"},\"author\":{\"name\":\"Arismendi Luis\",\"@id\":\"https:\\\/\\\/digital58.com.ve\\\/site\\\/#\\\/schema\\\/person\\\/d79fb9041200d150763851810f3a6e44\"},\"headline\":\"El Real Madrid se aleja de la pelea por la Liga tras empatar en Vigo\",\"datePublished\":\"2018-01-08T20:42:37+00:00\",\"mainEntityOfPage\":{\"@id\":\"https:\\\/\\\/digital58.com.ve\\\/site\\\/2018\\\/01\\\/08\\\/el-real-madrid-se-aleja-de-la-pelea-por-la-liga-tras-empatar-en-vigo\\\/\"},\"wordCount\":623,\"commentCount\":0,\"publisher\":{\"@id\":\"https:\\\/\\\/digital58.com.ve\\\/site\\\/#\\\/schema\\\/person\\\/64d1c2e4d0d4fd1b849980c4331c2951\"},\"image\":{\"@id\":\"https:\\\/\\\/digital58.com.ve\\\/site\\\/2018\\\/01\\\/08\\\/el-real-madrid-se-aleja-de-la-pelea-por-la-liga-tras-empatar-en-vigo\\\/#primaryimage\"},\"thumbnailUrl\":\"https:\\\/\\\/digital58.com.ve\\\/site\\\/wp-content\\\/uploads\\\/2018\\\/01\\\/real.jpg\",\"keywords\":[\"Celta de Vigo\",\"F\u00fatbol\",\"F\u00fatbol Espa\u00f1ol\",\"Internacionales\",\"LaLiga 2017-2018\",\"LaLiga Santander\",\"Real Madrid CF\"],\"articleSection\":[\"Deportes\"],\"inLanguage\":\"es\",\"potentialAction\":[{\"@type\":\"CommentAction\",\"name\":\"Comment\",\"target\":[\"https:\\\/\\\/digital58.com.ve\\\/site\\\/2018\\\/01\\\/08\\\/el-real-madrid-se-aleja-de-la-pelea-por-la-liga-tras-empatar-en-vigo\\\/#respond\"]}]},{\"@type\":\"WebPage\",\"@id\":\"https:\\\/\\\/digital58.com.ve\\\/site\\\/2018\\\/01\\\/08\\\/el-real-madrid-se-aleja-de-la-pelea-por-la-liga-tras-empatar-en-vigo\\\/\",\"url\":\"https:\\\/\\\/digital58.com.ve\\\/site\\\/2018\\\/01\\\/08\\\/el-real-madrid-se-aleja-de-la-pelea-por-la-liga-tras-empatar-en-vigo\\\/\",\"name\":\"El Real Madrid se aleja de la pelea por la Liga tras empatar en Vigo\",\"isPartOf\":{\"@id\":\"https:\\\/\\\/digital58.com.ve\\\/site\\\/#website\"},\"primaryImageOfPage\":{\"@id\":\"https:\\\/\\\/digital58.com.ve\\\/site\\\/2018\\\/01\\\/08\\\/el-real-madrid-se-aleja-de-la-pelea-por-la-liga-tras-empatar-en-vigo\\\/#primaryimage\"},\"image\":{\"@id\":\"https:\\\/\\\/digital58.com.ve\\\/site\\\/2018\\\/01\\\/08\\\/el-real-madrid-se-aleja-de-la-pelea-por-la-liga-tras-empatar-en-vigo\\\/#primaryimage\"},\"thumbnailUrl\":\"https:\\\/\\\/digital58.com.ve\\\/site\\\/wp-content\\\/uploads\\\/2018\\\/01\\\/real.jpg\",\"datePublished\":\"2018-01-08T20:42:37+00:00\",\"breadcrumb\":{\"@id\":\"https:\\\/\\\/digital58.com.ve\\\/site\\\/2018\\\/01\\\/08\\\/el-real-madrid-se-aleja-de-la-pelea-por-la-liga-tras-empatar-en-vigo\\\/#breadcrumb\"},\"inLanguage\":\"es\",\"potentialAction\":[{\"@type\":\"ReadAction\",\"target\":[\"https:\\\/\\\/digital58.com.ve\\\/site\\\/2018\\\/01\\\/08\\\/el-real-madrid-se-aleja-de-la-pelea-por-la-liga-tras-empatar-en-vigo\\\/\"]}]},{\"@type\":\"ImageObject\",\"inLanguage\":\"es\",\"@id\":\"https:\\\/\\\/digital58.com.ve\\\/site\\\/2018\\\/01\\\/08\\\/el-real-madrid-se-aleja-de-la-pelea-por-la-liga-tras-empatar-en-vigo\\\/#primaryimage\",\"url\":\"https:\\\/\\\/digital58.com.ve\\\/site\\\/wp-content\\\/uploads\\\/2018\\\/01\\\/real.jpg\",\"contentUrl\":\"https:\\\/\\\/digital58.com.ve\\\/site\\\/wp-content\\\/uploads\\\/2018\\\/01\\\/real.jpg\",\"width\":800,\"height\":480},{\"@type\":\"BreadcrumbList\",\"@id\":\"https:\\\/\\\/digital58.com.ve\\\/site\\\/2018\\\/01\\\/08\\\/el-real-madrid-se-aleja-de-la-pelea-por-la-liga-tras-empatar-en-vigo\\\/#breadcrumb\",\"itemListElement\":[{\"@type\":\"ListItem\",\"position\":1,\"name\":\"Home\",\"item\":\"https:\\\/\\\/digital58.com.ve\\\/site\\\/\"},{\"@type\":\"ListItem\",\"position\":2,\"name\":\"El Real Madrid se aleja de la pelea por la Liga tras empatar en Vigo\"}]},{\"@type\":\"WebSite\",\"@id\":\"https:\\\/\\\/digital58.com.ve\\\/site\\\/#website\",\"url\":\"https:\\\/\\\/digital58.com.ve\\\/site\\\/\",\"name\":\"Noticias Digital58\",\"description\":\"Portal de Noticias \u00a1Periodismo web de verdad! Lanzamiento web 22.11.2005 \\\/ Maracaibo, Venezuela\",\"publisher\":{\"@id\":\"https:\\\/\\\/digital58.com.ve\\\/site\\\/#\\\/schema\\\/person\\\/64d1c2e4d0d4fd1b849980c4331c2951\"},\"alternateName\":\"ND58\",\"potentialAction\":[{\"@type\":\"SearchAction\",\"target\":{\"@type\":\"EntryPoint\",\"urlTemplate\":\"https:\\\/\\\/digital58.com.ve\\\/site\\\/?s={search_term_string}\"},\"query-input\":{\"@type\":\"PropertyValueSpecification\",\"valueRequired\":true,\"valueName\":\"search_term_string\"}}],\"inLanguage\":\"es\"},{\"@type\":[\"Person\",\"Organization\"],\"@id\":\"https:\\\/\\\/digital58.com.ve\\\/site\\\/#\\\/schema\\\/person\\\/64d1c2e4d0d4fd1b849980c4331c2951\",\"name\":\"Villasmil Henry\",\"image\":{\"@type\":\"ImageObject\",\"inLanguage\":\"es\",\"@id\":\"https:\\\/\\\/secure.gravatar.com\\\/avatar\\\/bb0c4a2fcb7970138239f7e404ea75757b1b507b28b5ce4c53fbd62d797c5a7c?s=96&d=mm&r=g\",\"url\":\"https:\\\/\\\/secure.gravatar.com\\\/avatar\\\/bb0c4a2fcb7970138239f7e404ea75757b1b507b28b5ce4c53fbd62d797c5a7c?s=96&d=mm&r=g\",\"contentUrl\":\"https:\\\/\\\/secure.gravatar.com\\\/avatar\\\/bb0c4a2fcb7970138239f7e404ea75757b1b507b28b5ce4c53fbd62d797c5a7c?s=96&d=mm&r=g\",\"caption\":\"Villasmil Henry\"},\"logo\":{\"@id\":\"https:\\\/\\\/secure.gravatar.com\\\/avatar\\\/bb0c4a2fcb7970138239f7e404ea75757b1b507b28b5ce4c53fbd62d797c5a7c?s=96&d=mm&r=g\"},\"sameAs\":[\"http:\\\/\\\/www.henryvillasmil.com.ve\",\"https:\\\/\\\/www.instagram.com\\\/villasmilhfoto\\\/\",\"https:\\\/\\\/x.com\\\/https:\\\/\\\/twitter.com\\\/villasmilhfoto\"]},{\"@type\":\"Person\",\"@id\":\"https:\\\/\\\/digital58.com.ve\\\/site\\\/#\\\/schema\\\/person\\\/d79fb9041200d150763851810f3a6e44\",\"name\":\"Arismendi Luis\",\"image\":{\"@type\":\"ImageObject\",\"inLanguage\":\"es\",\"@id\":\"https:\\\/\\\/secure.gravatar.com\\\/avatar\\\/076a9c19816f4976b76b8d88be4606fba80dee0aea5ccae15d7f3466053c0615?s=96&d=mm&r=g\",\"url\":\"https:\\\/\\\/secure.gravatar.com\\\/avatar\\\/076a9c19816f4976b76b8d88be4606fba80dee0aea5ccae15d7f3466053c0615?s=96&d=mm&r=g\",\"contentUrl\":\"https:\\\/\\\/secure.gravatar.com\\\/avatar\\\/076a9c19816f4976b76b8d88be4606fba80dee0aea5ccae15d7f3466053c0615?s=96&d=mm&r=g\",\"caption\":\"Arismendi Luis\"},\"url\":\"https:\\\/\\\/digital58.com.ve\\\/site\\\/author\\\/arismendi17\\\/\"}]}<\/script>\n<!-- \/ Yoast SEO plugin. -->","yoast_head_json":{"title":"El Real Madrid se aleja de la pelea por la Liga tras empatar en Vigo","robots":{"index":"index","follow":"follow","max-snippet":"max-snippet:-1","max-image-preview":"max-image-preview:large","max-video-preview":"max-video-preview:-1"},"canonical":"https:\/\/digital58.com.ve\/site\/2018\/01\/08\/el-real-madrid-se-aleja-de-la-pelea-por-la-liga-tras-empatar-en-vigo\/","og_locale":"es_ES","og_type":"article","og_title":"El Real Madrid se aleja de la pelea por la Liga tras empatar en Vigo","og_url":"https:\/\/digital58.com.ve\/site\/2018\/01\/08\/el-real-madrid-se-aleja-de-la-pelea-por-la-liga-tras-empatar-en-vigo\/","og_site_name":"Noticias Digital58","article_published_time":"2018-01-08T20:42:37+00:00","og_image":[{"width":800,"height":480,"url":"https:\/\/digital58.com.ve\/site\/wp-content\/uploads\/2018\/01\/real.jpg","type":"image\/jpeg"}],"author":"Arismendi Luis","twitter_card":"summary_large_image","twitter_creator":"@Digital_58","twitter_site":"@villasmilhfoto","twitter_misc":{"Escrito por":"Arismendi Luis","Tiempo estimado de lectura":"3 minutos"},"schema":{"@context":"https:\/\/schema.org","@graph":[{"@type":"Article","@id":"https:\/\/digital58.com.ve\/site\/2018\/01\/08\/el-real-madrid-se-aleja-de-la-pelea-por-la-liga-tras-empatar-en-vigo\/#article","isPartOf":{"@id":"https:\/\/digital58.com.ve\/site\/2018\/01\/08\/el-real-madrid-se-aleja-de-la-pelea-por-la-liga-tras-empatar-en-vigo\/"},"author":{"name":"Arismendi Luis","@id":"https:\/\/digital58.com.ve\/site\/#\/schema\/person\/d79fb9041200d150763851810f3a6e44"},"headline":"El Real Madrid se aleja de la pelea por la Liga tras empatar en Vigo","datePublished":"2018-01-08T20:42:37+00:00","mainEntityOfPage":{"@id":"https:\/\/digital58.com.ve\/site\/2018\/01\/08\/el-real-madrid-se-aleja-de-la-pelea-por-la-liga-tras-empatar-en-vigo\/"},"wordCount":623,"commentCount":0,"publisher":{"@id":"https:\/\/digital58.com.ve\/site\/#\/schema\/person\/64d1c2e4d0d4fd1b849980c4331c2951"},"image":{"@id":"https:\/\/digital58.com.ve\/site\/2018\/01\/08\/el-real-madrid-se-aleja-de-la-pelea-por-la-liga-tras-empatar-en-vigo\/#primaryimage"},"thumbnailUrl":"https:\/\/digital58.com.ve\/site\/wp-content\/uploads\/2018\/01\/real.jpg","keywords":["Celta de Vigo","F\u00fatbol","F\u00fatbol Espa\u00f1ol","Internacionales","LaLiga 2017-2018","LaLiga Santander","Real Madrid CF"],"articleSection":["Deportes"],"inLanguage":"es","potentialAction":[{"@type":"CommentAction","name":"Comment","target":["https:\/\/digital58.com.ve\/site\/2018\/01\/08\/el-real-madrid-se-aleja-de-la-pelea-por-la-liga-tras-empatar-en-vigo\/#respond"]}]},{"@type":"WebPage","@id":"https:\/\/digital58.com.ve\/site\/2018\/01\/08\/el-real-madrid-se-aleja-de-la-pelea-por-la-liga-tras-empatar-en-vigo\/","url":"https:\/\/digital58.com.ve\/site\/2018\/01\/08\/el-real-madrid-se-aleja-de-la-pelea-por-la-liga-tras-empatar-en-vigo\/","name":"El Real Madrid se aleja de la pelea por la Liga tras empatar en Vigo","isPartOf":{"@id":"https:\/\/digital58.com.ve\/site\/#website"},"primaryImageOfPage":{"@id":"https:\/\/digital58.com.ve\/site\/2018\/01\/08\/el-real-madrid-se-aleja-de-la-pelea-por-la-liga-tras-empatar-en-vigo\/#primaryimage"},"image":{"@id":"https:\/\/digital58.com.ve\/site\/2018\/01\/08\/el-real-madrid-se-aleja-de-la-pelea-por-la-liga-tras-empatar-en-vigo\/#primaryimage"},"thumbnailUrl":"https:\/\/digital58.com.ve\/site\/wp-content\/uploads\/2018\/01\/real.jpg","datePublished":"2018-01-08T20:42:37+00:00","breadcrumb":{"@id":"https:\/\/digital58.com.ve\/site\/2018\/01\/08\/el-real-madrid-se-aleja-de-la-pelea-por-la-liga-tras-empatar-en-vigo\/#breadcrumb"},"inLanguage":"es","potentialAction":[{"@type":"ReadAction","target":["https:\/\/digital58.com.ve\/site\/2018\/01\/08\/el-real-madrid-se-aleja-de-la-pelea-por-la-liga-tras-empatar-en-vigo\/"]}]},{"@type":"ImageObject","inLanguage":"es","@id":"https:\/\/digital58.com.ve\/site\/2018\/01\/08\/el-real-madrid-se-aleja-de-la-pelea-por-la-liga-tras-empatar-en-vigo\/#primaryimage","url":"https:\/\/digital58.com.ve\/site\/wp-content\/uploads\/2018\/01\/real.jpg","contentUrl":"https:\/\/digital58.com.ve\/site\/wp-content\/uploads\/2018\/01\/real.jpg","width":800,"height":480},{"@type":"BreadcrumbList","@id":"https:\/\/digital58.com.ve\/site\/2018\/01\/08\/el-real-madrid-se-aleja-de-la-pelea-por-la-liga-tras-empatar-en-vigo\/#breadcrumb","itemListElement":[{"@type":"ListItem","position":1,"name":"Home","item":"https:\/\/digital58.com.ve\/site\/"},{"@type":"ListItem","position":2,"name":"El Real Madrid se aleja de la pelea por la Liga tras empatar en Vigo"}]},{"@type":"WebSite","@id":"https:\/\/digital58.com.ve\/site\/#website","url":"https:\/\/digital58.com.ve\/site\/","name":"Noticias Digital58","description":"Portal de Noticias \u00a1Periodismo web de verdad! Lanzamiento web 22.11.2005 \/ Maracaibo, Venezuela","publisher":{"@id":"https:\/\/digital58.com.ve\/site\/#\/schema\/person\/64d1c2e4d0d4fd1b849980c4331c2951"},"alternateName":"ND58","potentialAction":[{"@type":"SearchAction","target":{"@type":"EntryPoint","urlTemplate":"https:\/\/digital58.com.ve\/site\/?s={search_term_string}"},"query-input":{"@type":"PropertyValueSpecification","valueRequired":true,"valueName":"search_term_string"}}],"inLanguage":"es"},{"@type":["Person","Organization"],"@id":"https:\/\/digital58.com.ve\/site\/#\/schema\/person\/64d1c2e4d0d4fd1b849980c4331c2951","name":"Villasmil Henry","image":{"@type":"ImageObject","inLanguage":"es","@id":"https:\/\/secure.gravatar.com\/avatar\/bb0c4a2fcb7970138239f7e404ea75757b1b507b28b5ce4c53fbd62d797c5a7c?s=96&d=mm&r=g","url":"https:\/\/secure.gravatar.com\/avatar\/bb0c4a2fcb7970138239f7e404ea75757b1b507b28b5ce4c53fbd62d797c5a7c?s=96&d=mm&r=g","contentUrl":"https:\/\/secure.gravatar.com\/avatar\/bb0c4a2fcb7970138239f7e404ea75757b1b507b28b5ce4c53fbd62d797c5a7c?s=96&d=mm&r=g","caption":"Villasmil Henry"},"logo":{"@id":"https:\/\/secure.gravatar.com\/avatar\/bb0c4a2fcb7970138239f7e404ea75757b1b507b28b5ce4c53fbd62d797c5a7c?s=96&d=mm&r=g"},"sameAs":["http:\/\/www.henryvillasmil.com.ve","https:\/\/www.instagram.com\/villasmilhfoto\/","https:\/\/x.com\/https:\/\/twitter.com\/villasmilhfoto"]},{"@type":"Person","@id":"https:\/\/digital58.com.ve\/site\/#\/schema\/person\/d79fb9041200d150763851810f3a6e44","name":"Arismendi Luis","image":{"@type":"ImageObject","inLanguage":"es","@id":"https:\/\/secure.gravatar.com\/avatar\/076a9c19816f4976b76b8d88be4606fba80dee0aea5ccae15d7f3466053c0615?s=96&d=mm&r=g","url":"https:\/\/secure.gravatar.com\/avatar\/076a9c19816f4976b76b8d88be4606fba80dee0aea5ccae15d7f3466053c0615?s=96&d=mm&r=g","contentUrl":"https:\/\/secure.gravatar.com\/avatar\/076a9c19816f4976b76b8d88be4606fba80dee0aea5ccae15d7f3466053c0615?s=96&d=mm&r=g","caption":"Arismendi Luis"},"url":"https:\/\/digital58.com.ve\/site\/author\/arismendi17\/"}]}},"uagb_featured_image_src":{"full":["https:\/\/digital58.com.ve\/site\/wp-content\/uploads\/2018\/01\/real.jpg",800,480,false],"thumbnail":["https:\/\/digital58.com.ve\/site\/wp-content\/uploads\/2018\/01\/real-150x150.jpg",150,150,true],"medium":["https:\/\/digital58.com.ve\/site\/wp-content\/uploads\/2018\/01\/real-300x180.jpg",300,180,true],"medium_large":["https:\/\/digital58.com.ve\/site\/wp-content\/uploads\/2018\/01\/real-768x461.jpg",768,461,true],"large":["https:\/\/digital58.com.ve\/site\/wp-content\/uploads\/2018\/01\/real.jpg",800,480,false],"1536x1536":["https:\/\/digital58.com.ve\/site\/wp-content\/uploads\/2018\/01\/real.jpg",800,480,false],"2048x2048":["https:\/\/digital58.com.ve\/site\/wp-content\/uploads\/2018\/01\/real.jpg",800,480,false],"colormag-highlighted-post":["https:\/\/digital58.com.ve\/site\/wp-content\/uploads\/2018\/01\/real.jpg",392,235,false],"colormag-featured-post-medium":["https:\/\/digital58.com.ve\/site\/wp-content\/uploads\/2018\/01\/real.jpg",342,205,false],"colormag-featured-post-small":["https:\/\/digital58.com.ve\/site\/wp-content\/uploads\/2018\/01\/real.jpg",130,78,false],"colormag-featured-image":["https:\/\/digital58.com.ve\/site\/wp-content\/uploads\/2018\/01\/real.jpg",742,445,false],"colormag-default-news":["https:\/\/digital58.com.ve\/site\/wp-content\/uploads\/2018\/01\/real.jpg",150,90,false],"colormag-featured-image-large":["https:\/\/digital58.com.ve\/site\/wp-content\/uploads\/2018\/01\/real.jpg",800,480,false]},"uagb_author_info":{"display_name":"Arismendi Luis","author_link":"https:\/\/digital58.com.ve\/site\/author\/arismendi17\/"},"uagb_comment_info":0,"uagb_excerpt":"Celta de Vigo y Real Madrid firmaron tablas (2-2) en un partido trepidante, con numerosas ocasiones para ambos equipos y","_links":{"self":[{"href":"https:\/\/digital58.com.ve\/site\/wp-json\/wp\/v2\/posts\/76171","targetHints":{"allow":["GET"]}}],"collection":[{"href":"https:\/\/digital58.com.ve\/site\/wp-json\/wp\/v2\/posts"}],"about":[{"href":"https:\/\/digital58.com.ve\/site\/wp-json\/wp\/v2\/types\/post"}],"author":[{"embeddable":true,"href":"https:\/\/digital58.com.ve\/site\/wp-json\/wp\/v2\/users\/7"}],"replies":[{"embeddable":true,"href":"https:\/\/digital58.com.ve\/site\/wp-json\/wp\/v2\/comments?post=76171"}],"version-history":[{"count":0,"href":"https:\/\/digital58.com.ve\/site\/wp-json\/wp\/v2\/posts\/76171\/revisions"}],"wp:featuredmedia":[{"embeddable":true,"href":"https:\/\/digital58.com.ve\/site\/wp-json\/wp\/v2\/media\/76172"}],"wp:attachment":[{"href":"https:\/\/digital58.com.ve\/site\/wp-json\/wp\/v2\/media?parent=76171"}],"wp:term":[{"taxonomy":"category","embeddable":true,"href":"https:\/\/digital58.com.ve\/site\/wp-json\/wp\/v2\/categories?post=76171"},{"taxonomy":"post_tag","embeddable":true,"href":"https:\/\/digital58.com.ve\/site\/wp-json\/wp\/v2\/tags?post=76171"}],"curies":[{"name":"wp","href":"https:\/\/api.w.org\/{rel}","templated":true}]}}