{"id":76273,"date":"2018-01-19T11:32:12","date_gmt":"2018-01-19T15:32:12","guid":{"rendered":"http:\/\/digital58.com.ve\/site\/?p=76273"},"modified":"2018-01-19T11:32:39","modified_gmt":"2018-01-19T15:32:39","slug":"arianna-arteaga-quintero-lleva-pedacitos-de-su-alma-a-estados-unidos","status":"publish","type":"post","link":"https:\/\/digital58.com.ve\/site\/2018\/01\/19\/arianna-arteaga-quintero-lleva-pedacitos-de-su-alma-a-estados-unidos\/","title":{"rendered":"Arianna Arteaga Quintero lleva pedacitos de su alma a Estados Unidos"},"content":{"rendered":"<p><a href=\"http:\/\/digital58.com.ve\/site\/wp-content\/uploads\/2018\/01\/quintero.jpg\"><img loading=\"lazy\" decoding=\"async\" class=\"aligncenter size-large wp-image-76274\" src=\"http:\/\/digital58.com.ve\/site\/wp-content\/uploads\/2018\/01\/quintero-1024x1024.jpg\" alt=\"\" width=\"640\" height=\"640\" srcset=\"https:\/\/digital58.com.ve\/site\/wp-content\/uploads\/2018\/01\/quintero-1024x1024.jpg 1024w, https:\/\/digital58.com.ve\/site\/wp-content\/uploads\/2018\/01\/quintero-150x150.jpg 150w, https:\/\/digital58.com.ve\/site\/wp-content\/uploads\/2018\/01\/quintero-300x300.jpg 300w, https:\/\/digital58.com.ve\/site\/wp-content\/uploads\/2018\/01\/quintero-768x768.jpg 768w, https:\/\/digital58.com.ve\/site\/wp-content\/uploads\/2018\/01\/quintero.jpg 600w\" sizes=\"auto, (max-width: 640px) 100vw, 640px\" \/><\/a><br \/>\nLa periodista, fot\u00f3grafa y viajera Arianna Arteaga Quintero lleg\u00f3 a Florida para celebrar su alianza con el estudio Art Alive que se encargar\u00e1n de producir y distribuir parte de su trabajo fotogr\u00e1fico en los EEUU. El pr\u00f3ximo s\u00e1bado 27 de enero de 3:00 p.m. a 8:00 p.m. gracias al apoyo de Carol Blaha y Accidentes Sublimes se realizar\u00e1 la muestra fotogr\u00e1fica, venta y encuentro de Arianna Arteaga Quintero en una atractiva locaci\u00f3n en Design District.<\/p>\n<p><strong>Maracaibo, Zulia, Venezuela, 19 de enero de 2018 (D58).-<\/strong> \u00abLa gente de Art Alive nos contact\u00f3 para representarme y am\u00e9 la idea de trabajar con materiales como el metal y el acr\u00edlico que le brindan una dimensi\u00f3n distinta a mi trabajo fotogr\u00e1fico\u00bb, coment\u00f3 Arianna al respecto.<\/p>\n<p>La visita de la fot\u00f3grafa y querida viajera comienza con una peque\u00f1a muestra y venta en la ciudad de Miami el pr\u00f3ximo s\u00e1bado 27 de enero en Buena Vista-Design District donde espera compartir con quienes siguen su trabajo y anhelan encontrarse con una visi\u00f3n m\u00e1s luminosa del pa\u00eds.<\/p>\n<p>Comenta la autora que: \u00aba trav\u00e9s de mis fotos busco documentar esa visi\u00f3n \u00edntima y personal que se encuentra siempre con lo m\u00e1s hermoso de Venezuela, creo que si tengo el s\u00faper poder de ver bonito, lo m\u00e1s generoso que se me ocurre es compartir esa visi\u00f3n con otros y hacer que se enamoren conmigo del pa\u00eds. Mis fotos son pedacitos del alma que comparto\u00bb.<\/p>\n<p>Para musicalizar el encuentro, Luke Grande se presentar\u00e1 en formato ac\u00fastico con canciones del aqu\u00ed y del all\u00e1, del pasado y del futuro. Adem\u00e1s ofrecer\u00e1 a la venta una edici\u00f3n especial limitada y firmada de su m\u00e1s reciente \u00e1lbum, pr\u00f3ximo a salir, Canci\u00f3n Jard\u00edn. <em>Feat.<\/em> Pablo Estacio, El Tuyero Ilustrado, &amp; Sa\u00fal Vera.<\/p>\n<p>Arianna, hija de la reconocida periodista de viajes Valentina Quintero, naci\u00f3 en Boston, EEUU, pero fue criada en Venezuela y basta darle una ojeada a sus redes para darse cuenta de la impronta que tiene este gentilicio en su vida.<\/p>\n<p>Estudi\u00f3 Comunicaci\u00f3n Social en la Universidad Monte\u00e1vila (CCS, Venezuela), donde retom\u00f3 la fotograf\u00eda despu\u00e9s de haber hecho su primer curso en la Escuela Roberto Mata a los 11 a\u00f1os.<\/p>\n<p>Es profesora del taller Destino Foto Arte de la Escuela Foto Arte desde Noviembre del 2011, al respecto asegura que: \u00abla docencia ha sido un extraordinario reto y una gran motivaci\u00f3n para mi trabajo como fot\u00f3grafa, es bell\u00edsimo\u00bb.<\/p>\n<p>Arianna tambi\u00e9n es presentadora del programa 3 Travel Bloggers, donde trabaja con bloggers de Argentina, Colombia, Espa\u00f1a, Per\u00fa y Brasil recorriendo el mundo y co-host de Dos de Viaje junto a su madre dedic\u00e1ndose a recorrer toda Venezuela.<\/p>\n<p>Para obtener la direcci\u00f3n exacta y m\u00e1s informaci\u00f3n sobre la exhibici\u00f3n debes escribir a encuentros@fotosarianuchis.com y para conocer m\u00e1s de su trabajo puedes localizarla en sus redes como @Arianuchis o visitando su p\u00e1gina <a href=\"http:\/\/lapequecomeflor.com\/.\" target=\"_blank\" rel=\"noopener\">lapequecomeflor.com\/.<\/a><\/p>\n<p><strong>Redacci\u00f3n con fuente: Agencias<\/strong><br \/>\n<strong>Edici\u00f3n: Villasmil, Henry<\/strong><br \/>\n<strong>Gr\u00e1fica: cortes\u00eda<\/strong><\/p>\n<p>&nbsp;<\/p>\n<p>&nbsp;<\/p><div class=\"ehukv69f42c4008e7a\" ><p style=\"text-align: center;\"><a href=\"https:\/\/t.me\/noticiasdigital58\" target=\"_blank\" rel=\"noopener\"><img class=\"aligncenter size-full wp-image-125363\" src=\"https:\/\/digital58.com.ve\/site\/wp-content\/uploads\/2021\/04\/banner-telegram-web-2021.png\" alt=\"\" width=\"600\" height=\"90\" \/><\/a><\/p><\/div><style type=\"text\/css\">\r\n@media screen and (min-width: 1201px) {\r\n.ehukv69f42c4008e7a {\r\ndisplay: block;\r\n}\r\n}\r\n@media screen and (min-width: 993px) and (max-width: 1200px) {\r\n.ehukv69f42c4008e7a {\r\ndisplay: block;\r\n}\r\n}\r\n@media screen and (min-width: 769px) and (max-width: 992px) {\r\n.ehukv69f42c4008e7a {\r\ndisplay: block;\r\n}\r\n}\r\n@media screen and (min-width: 768px) and (max-width: 768px) {\r\n.ehukv69f42c4008e7a {\r\ndisplay: block;\r\n}\r\n}\r\n@media screen and (max-width: 767px) {\r\n.ehukv69f42c4008e7a {\r\ndisplay: block;\r\n}\r\n}\r\n<\/style>\r\n\n<p>&nbsp;<\/p>\n<div style=\"margin-top: 0px; margin-bottom: 0px;\" class=\"sharethis-inline-share-buttons\" ><\/div>","protected":false},"excerpt":{"rendered":"<p>La periodista, fot\u00f3grafa y viajera Arianna Arteaga Quintero lleg\u00f3 a Florida para celebrar su alianza con el estudio Art Alive<\/p>\n","protected":false},"author":1,"featured_media":76274,"comment_status":"open","ping_status":"closed","sticky":false,"template":"","format":"standard","meta":{"colormag_page_container_layout":"default_layout","colormag_page_sidebar_layout":"default_layout","_uag_custom_page_level_css":"","footnotes":""},"categories":[5401,5404],"tags":[10417,144,145,8,10418,126,135,32],"class_list":["post-76273","post","type-post","status-publish","format-standard","has-post-thumbnail","hentry","category-artes","category-turismo","tag-arianna-arteaga-quintero","tag-exposiciones","tag-fotografia","tag-internacionales","tag-muestra-fotografica","tag-usa","tag-venezolanos-en-el-exterior","tag-venezuela"],"yoast_head":"<!-- This site is optimized with the Yoast SEO plugin v27.5 - https:\/\/yoast.com\/product\/yoast-seo-wordpress\/ -->\n<title>Arianna Arteaga Quintero lleva pedacitos de su alma a Estados Unidos<\/title>\n<meta name=\"robots\" content=\"index, follow, max-snippet:-1, max-image-preview:large, max-video-preview:-1\" \/>\n<link rel=\"canonical\" href=\"https:\/\/digital58.com.ve\/site\/2018\/01\/19\/arianna-arteaga-quintero-lleva-pedacitos-de-su-alma-a-estados-unidos\/\" \/>\n<meta property=\"og:locale\" content=\"es_ES\" \/>\n<meta property=\"og:type\" content=\"article\" \/>\n<meta property=\"og:title\" content=\"Arianna Arteaga Quintero lleva pedacitos de su alma a Estados Unidos\" \/>\n<meta property=\"og:url\" content=\"https:\/\/digital58.com.ve\/site\/2018\/01\/19\/arianna-arteaga-quintero-lleva-pedacitos-de-su-alma-a-estados-unidos\/\" \/>\n<meta property=\"og:site_name\" content=\"Noticias Digital58\" \/>\n<meta property=\"article:published_time\" content=\"2018-01-19T15:32:12+00:00\" \/>\n<meta property=\"article:modified_time\" content=\"2018-01-19T15:32:39+00:00\" \/>\n<meta property=\"og:image\" content=\"https:\/\/digital58.com.ve\/site\/wp-content\/uploads\/2018\/01\/quintero.jpg\" \/>\n\t<meta property=\"og:image:width\" content=\"1500\" \/>\n\t<meta property=\"og:image:height\" content=\"1500\" \/>\n\t<meta property=\"og:image:type\" content=\"image\/jpeg\" \/>\n<meta name=\"author\" content=\"Villasmil Henry\" \/>\n<meta name=\"twitter:card\" content=\"summary_large_image\" \/>\n<meta name=\"twitter:creator\" content=\"@https:\/\/twitter.com\/villasmilhfoto\" \/>\n<meta name=\"twitter:site\" content=\"@villasmilhfoto\" \/>\n<meta name=\"twitter:label1\" content=\"Escrito por\" \/>\n\t<meta name=\"twitter:data1\" content=\"Villasmil Henry\" \/>\n\t<meta name=\"twitter:label2\" content=\"Tiempo estimado de lectura\" \/>\n\t<meta name=\"twitter:data2\" content=\"3 minutos\" \/>\n<script type=\"application\/ld+json\" class=\"yoast-schema-graph\">{\"@context\":\"https:\\\/\\\/schema.org\",\"@graph\":[{\"@type\":\"Article\",\"@id\":\"https:\\\/\\\/digital58.com.ve\\\/site\\\/2018\\\/01\\\/19\\\/arianna-arteaga-quintero-lleva-pedacitos-de-su-alma-a-estados-unidos\\\/#article\",\"isPartOf\":{\"@id\":\"https:\\\/\\\/digital58.com.ve\\\/site\\\/2018\\\/01\\\/19\\\/arianna-arteaga-quintero-lleva-pedacitos-de-su-alma-a-estados-unidos\\\/\"},\"author\":{\"name\":\"Villasmil Henry\",\"@id\":\"https:\\\/\\\/digital58.com.ve\\\/site\\\/#\\\/schema\\\/person\\\/64d1c2e4d0d4fd1b849980c4331c2951\"},\"headline\":\"Arianna Arteaga Quintero lleva pedacitos de su alma a Estados Unidos\",\"datePublished\":\"2018-01-19T15:32:12+00:00\",\"dateModified\":\"2018-01-19T15:32:39+00:00\",\"mainEntityOfPage\":{\"@id\":\"https:\\\/\\\/digital58.com.ve\\\/site\\\/2018\\\/01\\\/19\\\/arianna-arteaga-quintero-lleva-pedacitos-de-su-alma-a-estados-unidos\\\/\"},\"wordCount\":539,\"commentCount\":0,\"publisher\":{\"@id\":\"https:\\\/\\\/digital58.com.ve\\\/site\\\/#\\\/schema\\\/person\\\/64d1c2e4d0d4fd1b849980c4331c2951\"},\"image\":{\"@id\":\"https:\\\/\\\/digital58.com.ve\\\/site\\\/2018\\\/01\\\/19\\\/arianna-arteaga-quintero-lleva-pedacitos-de-su-alma-a-estados-unidos\\\/#primaryimage\"},\"thumbnailUrl\":\"https:\\\/\\\/digital58.com.ve\\\/site\\\/wp-content\\\/uploads\\\/2018\\\/01\\\/quintero.jpg\",\"keywords\":[\"Arianna Arteaga Quintero\",\"Exposiciones\",\"Fotograf\u00eda\",\"Internacionales\",\"Muestra Fotogr\u00e1fica\",\"USA\",\"Venezolanos en el exterior\",\"Venezuela\"],\"articleSection\":[\"Artes\",\"Turismo\"],\"inLanguage\":\"es\",\"potentialAction\":[{\"@type\":\"CommentAction\",\"name\":\"Comment\",\"target\":[\"https:\\\/\\\/digital58.com.ve\\\/site\\\/2018\\\/01\\\/19\\\/arianna-arteaga-quintero-lleva-pedacitos-de-su-alma-a-estados-unidos\\\/#respond\"]}]},{\"@type\":\"WebPage\",\"@id\":\"https:\\\/\\\/digital58.com.ve\\\/site\\\/2018\\\/01\\\/19\\\/arianna-arteaga-quintero-lleva-pedacitos-de-su-alma-a-estados-unidos\\\/\",\"url\":\"https:\\\/\\\/digital58.com.ve\\\/site\\\/2018\\\/01\\\/19\\\/arianna-arteaga-quintero-lleva-pedacitos-de-su-alma-a-estados-unidos\\\/\",\"name\":\"Arianna Arteaga Quintero lleva pedacitos de su alma a Estados Unidos\",\"isPartOf\":{\"@id\":\"https:\\\/\\\/digital58.com.ve\\\/site\\\/#website\"},\"primaryImageOfPage\":{\"@id\":\"https:\\\/\\\/digital58.com.ve\\\/site\\\/2018\\\/01\\\/19\\\/arianna-arteaga-quintero-lleva-pedacitos-de-su-alma-a-estados-unidos\\\/#primaryimage\"},\"image\":{\"@id\":\"https:\\\/\\\/digital58.com.ve\\\/site\\\/2018\\\/01\\\/19\\\/arianna-arteaga-quintero-lleva-pedacitos-de-su-alma-a-estados-unidos\\\/#primaryimage\"},\"thumbnailUrl\":\"https:\\\/\\\/digital58.com.ve\\\/site\\\/wp-content\\\/uploads\\\/2018\\\/01\\\/quintero.jpg\",\"datePublished\":\"2018-01-19T15:32:12+00:00\",\"dateModified\":\"2018-01-19T15:32:39+00:00\",\"breadcrumb\":{\"@id\":\"https:\\\/\\\/digital58.com.ve\\\/site\\\/2018\\\/01\\\/19\\\/arianna-arteaga-quintero-lleva-pedacitos-de-su-alma-a-estados-unidos\\\/#breadcrumb\"},\"inLanguage\":\"es\",\"potentialAction\":[{\"@type\":\"ReadAction\",\"target\":[\"https:\\\/\\\/digital58.com.ve\\\/site\\\/2018\\\/01\\\/19\\\/arianna-arteaga-quintero-lleva-pedacitos-de-su-alma-a-estados-unidos\\\/\"]}]},{\"@type\":\"ImageObject\",\"inLanguage\":\"es\",\"@id\":\"https:\\\/\\\/digital58.com.ve\\\/site\\\/2018\\\/01\\\/19\\\/arianna-arteaga-quintero-lleva-pedacitos-de-su-alma-a-estados-unidos\\\/#primaryimage\",\"url\":\"https:\\\/\\\/digital58.com.ve\\\/site\\\/wp-content\\\/uploads\\\/2018\\\/01\\\/quintero.jpg\",\"contentUrl\":\"https:\\\/\\\/digital58.com.ve\\\/site\\\/wp-content\\\/uploads\\\/2018\\\/01\\\/quintero.jpg\",\"width\":600,\"height\":600},{\"@type\":\"BreadcrumbList\",\"@id\":\"https:\\\/\\\/digital58.com.ve\\\/site\\\/2018\\\/01\\\/19\\\/arianna-arteaga-quintero-lleva-pedacitos-de-su-alma-a-estados-unidos\\\/#breadcrumb\",\"itemListElement\":[{\"@type\":\"ListItem\",\"position\":1,\"name\":\"Home\",\"item\":\"https:\\\/\\\/digital58.com.ve\\\/site\\\/\"},{\"@type\":\"ListItem\",\"position\":2,\"name\":\"Arianna Arteaga Quintero lleva pedacitos de su alma a Estados Unidos\"}]},{\"@type\":\"WebSite\",\"@id\":\"https:\\\/\\\/digital58.com.ve\\\/site\\\/#website\",\"url\":\"https:\\\/\\\/digital58.com.ve\\\/site\\\/\",\"name\":\"Noticias Digital58\",\"description\":\"Portal de Noticias \u00a1Periodismo web de verdad! Lanzamiento web 22.11.2005 \\\/ Maracaibo, Venezuela\",\"publisher\":{\"@id\":\"https:\\\/\\\/digital58.com.ve\\\/site\\\/#\\\/schema\\\/person\\\/64d1c2e4d0d4fd1b849980c4331c2951\"},\"alternateName\":\"ND58\",\"potentialAction\":[{\"@type\":\"SearchAction\",\"target\":{\"@type\":\"EntryPoint\",\"urlTemplate\":\"https:\\\/\\\/digital58.com.ve\\\/site\\\/?s={search_term_string}\"},\"query-input\":{\"@type\":\"PropertyValueSpecification\",\"valueRequired\":true,\"valueName\":\"search_term_string\"}}],\"inLanguage\":\"es\"},{\"@type\":[\"Person\",\"Organization\"],\"@id\":\"https:\\\/\\\/digital58.com.ve\\\/site\\\/#\\\/schema\\\/person\\\/64d1c2e4d0d4fd1b849980c4331c2951\",\"name\":\"Villasmil Henry\",\"image\":{\"@type\":\"ImageObject\",\"inLanguage\":\"es\",\"@id\":\"https:\\\/\\\/secure.gravatar.com\\\/avatar\\\/bb0c4a2fcb7970138239f7e404ea75757b1b507b28b5ce4c53fbd62d797c5a7c?s=96&d=mm&r=g\",\"url\":\"https:\\\/\\\/secure.gravatar.com\\\/avatar\\\/bb0c4a2fcb7970138239f7e404ea75757b1b507b28b5ce4c53fbd62d797c5a7c?s=96&d=mm&r=g\",\"contentUrl\":\"https:\\\/\\\/secure.gravatar.com\\\/avatar\\\/bb0c4a2fcb7970138239f7e404ea75757b1b507b28b5ce4c53fbd62d797c5a7c?s=96&d=mm&r=g\",\"caption\":\"Villasmil Henry\"},\"logo\":{\"@id\":\"https:\\\/\\\/secure.gravatar.com\\\/avatar\\\/bb0c4a2fcb7970138239f7e404ea75757b1b507b28b5ce4c53fbd62d797c5a7c?s=96&d=mm&r=g\"},\"sameAs\":[\"http:\\\/\\\/www.henryvillasmil.com.ve\",\"https:\\\/\\\/www.instagram.com\\\/villasmilhfoto\\\/\",\"https:\\\/\\\/x.com\\\/https:\\\/\\\/twitter.com\\\/villasmilhfoto\"],\"url\":\"https:\\\/\\\/digital58.com.ve\\\/site\\\/author\\\/droopy_68\\\/\"}]}<\/script>\n<!-- \/ Yoast SEO plugin. -->","yoast_head_json":{"title":"Arianna Arteaga Quintero lleva pedacitos de su alma a Estados Unidos","robots":{"index":"index","follow":"follow","max-snippet":"max-snippet:-1","max-image-preview":"max-image-preview:large","max-video-preview":"max-video-preview:-1"},"canonical":"https:\/\/digital58.com.ve\/site\/2018\/01\/19\/arianna-arteaga-quintero-lleva-pedacitos-de-su-alma-a-estados-unidos\/","og_locale":"es_ES","og_type":"article","og_title":"Arianna Arteaga Quintero lleva pedacitos de su alma a Estados Unidos","og_url":"https:\/\/digital58.com.ve\/site\/2018\/01\/19\/arianna-arteaga-quintero-lleva-pedacitos-de-su-alma-a-estados-unidos\/","og_site_name":"Noticias Digital58","article_published_time":"2018-01-19T15:32:12+00:00","article_modified_time":"2018-01-19T15:32:39+00:00","og_image":[{"width":1500,"height":1500,"url":"https:\/\/digital58.com.ve\/site\/wp-content\/uploads\/2018\/01\/quintero.jpg","type":"image\/jpeg"}],"author":"Villasmil Henry","twitter_card":"summary_large_image","twitter_creator":"@https:\/\/twitter.com\/villasmilhfoto","twitter_site":"@villasmilhfoto","twitter_misc":{"Escrito por":"Villasmil Henry","Tiempo estimado de lectura":"3 minutos"},"schema":{"@context":"https:\/\/schema.org","@graph":[{"@type":"Article","@id":"https:\/\/digital58.com.ve\/site\/2018\/01\/19\/arianna-arteaga-quintero-lleva-pedacitos-de-su-alma-a-estados-unidos\/#article","isPartOf":{"@id":"https:\/\/digital58.com.ve\/site\/2018\/01\/19\/arianna-arteaga-quintero-lleva-pedacitos-de-su-alma-a-estados-unidos\/"},"author":{"name":"Villasmil Henry","@id":"https:\/\/digital58.com.ve\/site\/#\/schema\/person\/64d1c2e4d0d4fd1b849980c4331c2951"},"headline":"Arianna Arteaga Quintero lleva pedacitos de su alma a Estados Unidos","datePublished":"2018-01-19T15:32:12+00:00","dateModified":"2018-01-19T15:32:39+00:00","mainEntityOfPage":{"@id":"https:\/\/digital58.com.ve\/site\/2018\/01\/19\/arianna-arteaga-quintero-lleva-pedacitos-de-su-alma-a-estados-unidos\/"},"wordCount":539,"commentCount":0,"publisher":{"@id":"https:\/\/digital58.com.ve\/site\/#\/schema\/person\/64d1c2e4d0d4fd1b849980c4331c2951"},"image":{"@id":"https:\/\/digital58.com.ve\/site\/2018\/01\/19\/arianna-arteaga-quintero-lleva-pedacitos-de-su-alma-a-estados-unidos\/#primaryimage"},"thumbnailUrl":"https:\/\/digital58.com.ve\/site\/wp-content\/uploads\/2018\/01\/quintero.jpg","keywords":["Arianna Arteaga Quintero","Exposiciones","Fotograf\u00eda","Internacionales","Muestra Fotogr\u00e1fica","USA","Venezolanos en el exterior","Venezuela"],"articleSection":["Artes","Turismo"],"inLanguage":"es","potentialAction":[{"@type":"CommentAction","name":"Comment","target":["https:\/\/digital58.com.ve\/site\/2018\/01\/19\/arianna-arteaga-quintero-lleva-pedacitos-de-su-alma-a-estados-unidos\/#respond"]}]},{"@type":"WebPage","@id":"https:\/\/digital58.com.ve\/site\/2018\/01\/19\/arianna-arteaga-quintero-lleva-pedacitos-de-su-alma-a-estados-unidos\/","url":"https:\/\/digital58.com.ve\/site\/2018\/01\/19\/arianna-arteaga-quintero-lleva-pedacitos-de-su-alma-a-estados-unidos\/","name":"Arianna Arteaga Quintero lleva pedacitos de su alma a Estados Unidos","isPartOf":{"@id":"https:\/\/digital58.com.ve\/site\/#website"},"primaryImageOfPage":{"@id":"https:\/\/digital58.com.ve\/site\/2018\/01\/19\/arianna-arteaga-quintero-lleva-pedacitos-de-su-alma-a-estados-unidos\/#primaryimage"},"image":{"@id":"https:\/\/digital58.com.ve\/site\/2018\/01\/19\/arianna-arteaga-quintero-lleva-pedacitos-de-su-alma-a-estados-unidos\/#primaryimage"},"thumbnailUrl":"https:\/\/digital58.com.ve\/site\/wp-content\/uploads\/2018\/01\/quintero.jpg","datePublished":"2018-01-19T15:32:12+00:00","dateModified":"2018-01-19T15:32:39+00:00","breadcrumb":{"@id":"https:\/\/digital58.com.ve\/site\/2018\/01\/19\/arianna-arteaga-quintero-lleva-pedacitos-de-su-alma-a-estados-unidos\/#breadcrumb"},"inLanguage":"es","potentialAction":[{"@type":"ReadAction","target":["https:\/\/digital58.com.ve\/site\/2018\/01\/19\/arianna-arteaga-quintero-lleva-pedacitos-de-su-alma-a-estados-unidos\/"]}]},{"@type":"ImageObject","inLanguage":"es","@id":"https:\/\/digital58.com.ve\/site\/2018\/01\/19\/arianna-arteaga-quintero-lleva-pedacitos-de-su-alma-a-estados-unidos\/#primaryimage","url":"https:\/\/digital58.com.ve\/site\/wp-content\/uploads\/2018\/01\/quintero.jpg","contentUrl":"https:\/\/digital58.com.ve\/site\/wp-content\/uploads\/2018\/01\/quintero.jpg","width":600,"height":600},{"@type":"BreadcrumbList","@id":"https:\/\/digital58.com.ve\/site\/2018\/01\/19\/arianna-arteaga-quintero-lleva-pedacitos-de-su-alma-a-estados-unidos\/#breadcrumb","itemListElement":[{"@type":"ListItem","position":1,"name":"Home","item":"https:\/\/digital58.com.ve\/site\/"},{"@type":"ListItem","position":2,"name":"Arianna Arteaga Quintero lleva pedacitos de su alma a Estados Unidos"}]},{"@type":"WebSite","@id":"https:\/\/digital58.com.ve\/site\/#website","url":"https:\/\/digital58.com.ve\/site\/","name":"Noticias Digital58","description":"Portal de Noticias \u00a1Periodismo web de verdad! Lanzamiento web 22.11.2005 \/ Maracaibo, Venezuela","publisher":{"@id":"https:\/\/digital58.com.ve\/site\/#\/schema\/person\/64d1c2e4d0d4fd1b849980c4331c2951"},"alternateName":"ND58","potentialAction":[{"@type":"SearchAction","target":{"@type":"EntryPoint","urlTemplate":"https:\/\/digital58.com.ve\/site\/?s={search_term_string}"},"query-input":{"@type":"PropertyValueSpecification","valueRequired":true,"valueName":"search_term_string"}}],"inLanguage":"es"},{"@type":["Person","Organization"],"@id":"https:\/\/digital58.com.ve\/site\/#\/schema\/person\/64d1c2e4d0d4fd1b849980c4331c2951","name":"Villasmil Henry","image":{"@type":"ImageObject","inLanguage":"es","@id":"https:\/\/secure.gravatar.com\/avatar\/bb0c4a2fcb7970138239f7e404ea75757b1b507b28b5ce4c53fbd62d797c5a7c?s=96&d=mm&r=g","url":"https:\/\/secure.gravatar.com\/avatar\/bb0c4a2fcb7970138239f7e404ea75757b1b507b28b5ce4c53fbd62d797c5a7c?s=96&d=mm&r=g","contentUrl":"https:\/\/secure.gravatar.com\/avatar\/bb0c4a2fcb7970138239f7e404ea75757b1b507b28b5ce4c53fbd62d797c5a7c?s=96&d=mm&r=g","caption":"Villasmil Henry"},"logo":{"@id":"https:\/\/secure.gravatar.com\/avatar\/bb0c4a2fcb7970138239f7e404ea75757b1b507b28b5ce4c53fbd62d797c5a7c?s=96&d=mm&r=g"},"sameAs":["http:\/\/www.henryvillasmil.com.ve","https:\/\/www.instagram.com\/villasmilhfoto\/","https:\/\/x.com\/https:\/\/twitter.com\/villasmilhfoto"],"url":"https:\/\/digital58.com.ve\/site\/author\/droopy_68\/"}]}},"uagb_featured_image_src":{"full":["https:\/\/digital58.com.ve\/site\/wp-content\/uploads\/2018\/01\/quintero.jpg",600,600,false],"thumbnail":["https:\/\/digital58.com.ve\/site\/wp-content\/uploads\/2018\/01\/quintero-150x150.jpg",150,150,true],"medium":["https:\/\/digital58.com.ve\/site\/wp-content\/uploads\/2018\/01\/quintero-300x300.jpg",300,300,true],"medium_large":["https:\/\/digital58.com.ve\/site\/wp-content\/uploads\/2018\/01\/quintero-768x768.jpg",768,768,true],"large":["https:\/\/digital58.com.ve\/site\/wp-content\/uploads\/2018\/01\/quintero-1024x1024.jpg",800,800,true],"1536x1536":["https:\/\/digital58.com.ve\/site\/wp-content\/uploads\/2018\/01\/quintero.jpg",600,600,false],"2048x2048":["https:\/\/digital58.com.ve\/site\/wp-content\/uploads\/2018\/01\/quintero.jpg",600,600,false],"colormag-highlighted-post":["https:\/\/digital58.com.ve\/site\/wp-content\/uploads\/2018\/01\/quintero.jpg",272,272,false],"colormag-featured-post-medium":["https:\/\/digital58.com.ve\/site\/wp-content\/uploads\/2018\/01\/quintero.jpg",205,205,false],"colormag-featured-post-small":["https:\/\/digital58.com.ve\/site\/wp-content\/uploads\/2018\/01\/quintero.jpg",90,90,false],"colormag-featured-image":["https:\/\/digital58.com.ve\/site\/wp-content\/uploads\/2018\/01\/quintero.jpg",445,445,false],"colormag-default-news":["https:\/\/digital58.com.ve\/site\/wp-content\/uploads\/2018\/01\/quintero.jpg",150,150,false],"colormag-featured-image-large":["https:\/\/digital58.com.ve\/site\/wp-content\/uploads\/2018\/01\/quintero.jpg",600,600,false]},"uagb_author_info":{"display_name":"Villasmil Henry","author_link":"https:\/\/digital58.com.ve\/site\/author\/droopy_68\/"},"uagb_comment_info":0,"uagb_excerpt":"La periodista, fot\u00f3grafa y viajera Arianna Arteaga Quintero lleg\u00f3 a Florida para celebrar su alianza con el estudio Art Alive","_links":{"self":[{"href":"https:\/\/digital58.com.ve\/site\/wp-json\/wp\/v2\/posts\/76273","targetHints":{"allow":["GET"]}}],"collection":[{"href":"https:\/\/digital58.com.ve\/site\/wp-json\/wp\/v2\/posts"}],"about":[{"href":"https:\/\/digital58.com.ve\/site\/wp-json\/wp\/v2\/types\/post"}],"author":[{"embeddable":true,"href":"https:\/\/digital58.com.ve\/site\/wp-json\/wp\/v2\/users\/1"}],"replies":[{"embeddable":true,"href":"https:\/\/digital58.com.ve\/site\/wp-json\/wp\/v2\/comments?post=76273"}],"version-history":[{"count":0,"href":"https:\/\/digital58.com.ve\/site\/wp-json\/wp\/v2\/posts\/76273\/revisions"}],"wp:featuredmedia":[{"embeddable":true,"href":"https:\/\/digital58.com.ve\/site\/wp-json\/wp\/v2\/media\/76274"}],"wp:attachment":[{"href":"https:\/\/digital58.com.ve\/site\/wp-json\/wp\/v2\/media?parent=76273"}],"wp:term":[{"taxonomy":"category","embeddable":true,"href":"https:\/\/digital58.com.ve\/site\/wp-json\/wp\/v2\/categories?post=76273"},{"taxonomy":"post_tag","embeddable":true,"href":"https:\/\/digital58.com.ve\/site\/wp-json\/wp\/v2\/tags?post=76273"}],"curies":[{"name":"wp","href":"https:\/\/api.w.org\/{rel}","templated":true}]}}