{"id":76302,"date":"2018-01-29T00:47:58","date_gmt":"2018-01-29T04:47:58","guid":{"rendered":"http:\/\/digital58.com.ve\/site\/?p=76302"},"modified":"2018-01-29T00:47:58","modified_gmt":"2018-01-29T04:47:58","slug":"estudiantes-profesores-y-rectores-debatieron-sobre-la-grave-problematica-que-vive-la-universidad-venezolana","status":"publish","type":"post","link":"https:\/\/digital58.com.ve\/site\/2018\/01\/29\/estudiantes-profesores-y-rectores-debatieron-sobre-la-grave-problematica-que-vive-la-universidad-venezolana\/","title":{"rendered":"Estudiantes, profesores y rectores debatieron sobre la grave problem\u00e1tica que vive la universidad venezolana"},"content":{"rendered":"<p><img loading=\"lazy\" decoding=\"async\" class=\"aligncenter wp-image-76305 size-full\" src=\"http:\/\/digital58.com.ve\/site\/wp-content\/uploads\/2018\/01\/DSC01396-1.jpg\" alt=\"\" width=\"1500\" height=\"1004\" srcset=\"https:\/\/digital58.com.ve\/site\/wp-content\/uploads\/2018\/01\/DSC01396-1.jpg 800w, https:\/\/digital58.com.ve\/site\/wp-content\/uploads\/2018\/01\/DSC01396-1-300x201.jpg 300w, https:\/\/digital58.com.ve\/site\/wp-content\/uploads\/2018\/01\/DSC01396-1-768x514.jpg 768w, https:\/\/digital58.com.ve\/site\/wp-content\/uploads\/2018\/01\/DSC01396-1-1500x1004.jpg 1500w, https:\/\/digital58.com.ve\/site\/wp-content\/uploads\/2018\/01\/DSC01396-1-480x320.jpg 480w\" sizes=\"auto, (max-width: 1500px) 100vw, 1500px\" \/><\/p>\n<p>El pasado mi\u00e9rcoles 24 de enero, se realiz\u00f3 el <strong>Primer encuentro sobre, Libertad Acad\u00e9mica, Autonom\u00eda Universitaria y Derechos Humanos en el \u00c1mbito Universitario<\/strong>, organizado por Aula Abierta Venezuela, en conjunto con organizaciones y centros de derechos humanos que hacen vida en la comunidad universitaria.<\/p>\n<p><strong>Maracaibo, Zulia, Venezuela, 29 de enero de 2018 (D58).- <\/strong>El referido evento sirvi\u00f3 como espacio para la disertaci\u00f3n por parte de miembros de la Comisi\u00f3n de Derechos Humanos de la Universidad del Zulia (LUZ), el Observatorio de Derechos Humanos de la Universidad de los Andes, el Centro para la Paz y los Derechos Humanos de la Universidad Central de Venezuela (UCV), la Asociaci\u00f3n Venezolana de Derechos Constitucional, Civilis Derechos Humanos y el Centro de Derechos Humanos de la Universidad Metropolitana sobre los principales retos que afrontan la libertad acad\u00e9mica, la autonom\u00eda universitaria y el derecho a una educaci\u00f3n de calidad en Venezuela.<\/p>\n<p>Asimismo, Aula Abierta en conjunto con las referidas organizaciones inaugur\u00f3 la primera <strong>Primera Enciclopedia Virtual sobre Libertad Acad\u00e9mica<\/strong>, la cual estar\u00e1 integrada por una biblioteca y videoteca especializadas, foros de discusi\u00f3n, entre otras interesantes herramientas que le permitan al p\u00fablico de Las Am\u00e9ricas conocer y debatir sobre libertad acad\u00e9mica y derechos humanos en el \u00e1mbito universitario.<\/p>\n<p>El encuentro entre acad\u00e9micos inici\u00f3 con la presentaci\u00f3n de David G\u00f3mez Gamboa, Coordinador de la Comisi\u00f3n de Derechos Humanos de la Universidad del Zulia y Director de Aula Abierta Venezuela, sobre la incidencia internacional en materia de libertad acad\u00e9mica como tarea del movimiento venezolano de derechos humanos y la universidad. Seguidamente la profesora Mayda Hocevar, Directora del Observatorio de Derechos Humanos de la Universidad de los Andes (ULA), expuso a los presentes sobre la conceptualizaci\u00f3n y fundamentaci\u00f3n de la libertad acad\u00e9mica.<\/p>\n<p>En el encuentro hicieron acto de presencia autoridades universitarias, Mario Bonucci, Rector de la Universidad de los Andes (ULA), el sacerdote Jos\u00e9 Virtuoso, Rector de la Universidad Cat\u00f3lica Andes Bello (UCAB) y Amalio Belmonte Secretario de la Universidad Central de Venezuela (UCV). Bonucci disert\u00f3 sobre la expropiaci\u00f3n de las universidades: <strong>\u00ab<\/strong>El gobierno quiere expropiar las universidades y tiene como fin utilizar la dedocracia para desinar autoridades universitarias<strong>\u00bb<\/strong>. Adicionalmente denunci\u00f3 <strong>\u00ab<\/strong>No se sabe cu\u00e1ntas universidades hay en Venezuela, yo que soy rector no lo s\u00e9, las p\u00fablicas est\u00e1n nombradas a dedo<strong>\u00bb<\/strong>. Asimismo, se mostr\u00f3 preocupado por la situaci\u00f3n de la ULA, ya que s\u00f3lo cuenta hasta abril del 2018 para gastos de funcionamiento.<\/p>\n<p>El sacerdote Jos\u00e9 Virtuoso, Rector de la Universidad Cat\u00f3lica Andes Bello (UCAB ) abord\u00f3 el tema <strong>\u00ab<\/strong>No existe Universidad sin libertad acad\u00e9mica<strong>\u00bb<\/strong> sobre el cual se\u00f1al\u00f3: <strong>\u00ab<\/strong>Se intenta pasar sobre la autonom\u00eda, no se puede imponer el costo de la matr\u00edcula, hay que hacer valer nuestros derechos universitarios, las universidades privadas, han sufrido los mismo ataques que las p\u00fablicas, han intervenido universidades, han arrestado estudiantes dentro de las universidades<strong>\u00bb<\/strong>.<\/p>\n<p>Por su parte, Amalio Belmonte Secretario de la Universidad Central de Venezuela (UCV), reflexion\u00f3 sobre la <strong>\u00ab<\/strong>Imposici\u00f3n de presupuesto deficitario y tard\u00edo a las universidades<strong>\u00bb<\/strong> afirmando: <strong>\u00ab<\/strong>El a\u00f1o pasado solamente de fue otorgado el 3% del presupuesto solicitado por las universidades, el d\u00e9ficit de presupuesto nos lleva a una limitaci\u00f3n de funcionamiento de planes acad\u00e9micos, investigaci\u00f3n y todo aquello que engloba el objetivo de las universidades<strong>\u00bb<\/strong>. Belmonte finaliz\u00f3: <strong>\u00ab<\/strong>No tenemos la posibilidad de pagar salarios e incentivar las investigaciones de los estudiantes<strong>\u00bb<\/strong>.<\/p>\n<p>El Profesor de la Universidad de Carabobo (UC), Kelvin Zambrano, debati\u00f3 con los presentes las <strong>\u00ab<\/strong>Incidencias Procesales y violaciones de Derechos Humanos<strong>\u00bb<\/strong>. Zambrano fue abogado defensor del catedr\u00e1tico Santiago Guevara quien estuvo 10 meses arbitrariamente detenido por realizar un art\u00edculo de opini\u00f3n para un diario en Espa\u00f1a. Estudiantes le hicieron llegar un reconocimiento a Guevara, a trav\u00e9s de su abogado siendo uno de los momentos m\u00e1s emotivos del encuentro.<\/p>\n<p>Para cerrar el evento, representantes del movimiento estudiantil, realizando el acto de clausura del Primer Encuentro Nacional sobre Autonom\u00eda Universitaria, Libertad Acad\u00e9mica y Derechos Humanos en el \u00c1mbito Universitario, el panel de estudiantes dio unas emotivas palabras.<\/p>\n<p><strong>Redacci\u00f3n: Prensa Aula Abierta Venezuela<br \/>\nEdici\u00f3n: Arismendi, Luis<br \/>\nGr\u00e1fica: cortes\u00eda Aula Abierta Venezuela<\/strong><\/p><div class=\"jceti69f13cba3ac97\" ><p style=\"text-align: center;\"><a href=\"https:\/\/t.me\/noticiasdigital58\" target=\"_blank\" rel=\"noopener\"><img class=\"aligncenter size-full wp-image-125363\" src=\"https:\/\/digital58.com.ve\/site\/wp-content\/uploads\/2021\/04\/banner-telegram-web-2021.png\" alt=\"\" width=\"600\" height=\"90\" \/><\/a><\/p><\/div><style type=\"text\/css\">\r\n@media screen and (min-width: 1201px) {\r\n.jceti69f13cba3ac97 {\r\ndisplay: block;\r\n}\r\n}\r\n@media screen and (min-width: 993px) and (max-width: 1200px) {\r\n.jceti69f13cba3ac97 {\r\ndisplay: block;\r\n}\r\n}\r\n@media screen and (min-width: 769px) and (max-width: 992px) {\r\n.jceti69f13cba3ac97 {\r\ndisplay: block;\r\n}\r\n}\r\n@media screen and (min-width: 768px) and (max-width: 768px) {\r\n.jceti69f13cba3ac97 {\r\ndisplay: block;\r\n}\r\n}\r\n@media screen and (max-width: 767px) {\r\n.jceti69f13cba3ac97 {\r\ndisplay: block;\r\n}\r\n}\r\n<\/style>\r\n\n<p><img loading=\"lazy\" decoding=\"async\" class=\"aligncenter wp-image-76304 size-full\" src=\"http:\/\/digital58.com.ve\/site\/wp-content\/uploads\/2018\/01\/DSC01360-3.jpg\" alt=\"\" width=\"1500\" height=\"1004\" srcset=\"https:\/\/digital58.com.ve\/site\/wp-content\/uploads\/2018\/01\/DSC01360-3.jpg 800w, https:\/\/digital58.com.ve\/site\/wp-content\/uploads\/2018\/01\/DSC01360-3-300x201.jpg 300w, https:\/\/digital58.com.ve\/site\/wp-content\/uploads\/2018\/01\/DSC01360-3-768x514.jpg 768w, https:\/\/digital58.com.ve\/site\/wp-content\/uploads\/2018\/01\/DSC01360-3-1500x1004.jpg 1500w, https:\/\/digital58.com.ve\/site\/wp-content\/uploads\/2018\/01\/DSC01360-3-480x320.jpg 480w\" sizes=\"auto, (max-width: 1500px) 100vw, 1500px\" \/><\/p>\n<div style=\"margin-top: 0px; margin-bottom: 0px;\" class=\"sharethis-inline-share-buttons\" ><\/div>","protected":false},"excerpt":{"rendered":"<p>El pasado mi\u00e9rcoles 24 de enero, se realiz\u00f3 el Primer encuentro sobre, Libertad Acad\u00e9mica, Autonom\u00eda Universitaria y Derechos Humanos en<\/p>\n","protected":false},"author":7,"featured_media":76305,"comment_status":"open","ping_status":"closed","sticky":false,"template":"","format":"standard","meta":{"colormag_page_container_layout":"default_layout","colormag_page_sidebar_layout":"default_layout","_uag_custom_page_level_css":"","footnotes":""},"categories":[5403],"tags":[10425,10263,547,10262,10423,10424,294,6893,10428,10427,10426,3478,32],"class_list":["post-76302","post","type-post","status-publish","format-standard","has-post-thumbnail","hentry","category-otros","tag-autonomia-universitaria","tag-cidh","tag-derechos-humanos","tag-derechos-universitarios","tag-especiales-aula-abierta-venezuela","tag-libertad-academica","tag-luz","tag-ong","tag-uc","tag-ucab","tag-ucv","tag-ula","tag-venezuela"],"yoast_head":"<!-- This site is optimized with the Yoast SEO plugin v27.5 - https:\/\/yoast.com\/product\/yoast-seo-wordpress\/ -->\n<title>Estudiantes, profesores y rectores debatieron sobre la grave problem\u00e1tica que vive la universidad venezolana<\/title>\n<meta name=\"robots\" content=\"index, follow, max-snippet:-1, max-image-preview:large, max-video-preview:-1\" \/>\n<link rel=\"canonical\" href=\"https:\/\/digital58.com.ve\/site\/2018\/01\/29\/estudiantes-profesores-y-rectores-debatieron-sobre-la-grave-problematica-que-vive-la-universidad-venezolana\/\" \/>\n<meta property=\"og:locale\" content=\"es_ES\" \/>\n<meta property=\"og:type\" content=\"article\" \/>\n<meta property=\"og:title\" content=\"Estudiantes, profesores y rectores debatieron sobre la grave problem\u00e1tica que vive la universidad venezolana\" \/>\n<meta property=\"og:url\" content=\"https:\/\/digital58.com.ve\/site\/2018\/01\/29\/estudiantes-profesores-y-rectores-debatieron-sobre-la-grave-problematica-que-vive-la-universidad-venezolana\/\" \/>\n<meta property=\"og:site_name\" content=\"Noticias Digital58\" \/>\n<meta property=\"article:published_time\" content=\"2018-01-29T04:47:58+00:00\" \/>\n<meta property=\"og:image\" content=\"https:\/\/digital58.com.ve\/site\/wp-content\/uploads\/2018\/01\/DSC01396-1.jpg\" \/>\n\t<meta property=\"og:image:width\" content=\"1500\" \/>\n\t<meta property=\"og:image:height\" content=\"1004\" \/>\n\t<meta property=\"og:image:type\" content=\"image\/jpeg\" \/>\n<meta name=\"author\" content=\"Arismendi Luis\" \/>\n<meta name=\"twitter:card\" content=\"summary_large_image\" \/>\n<meta name=\"twitter:creator\" content=\"@Digital_58\" \/>\n<meta name=\"twitter:site\" content=\"@villasmilhfoto\" \/>\n<meta name=\"twitter:label1\" content=\"Escrito por\" \/>\n\t<meta name=\"twitter:data1\" content=\"Arismendi Luis\" \/>\n\t<meta name=\"twitter:label2\" content=\"Tiempo estimado de lectura\" \/>\n\t<meta name=\"twitter:data2\" content=\"4 minutos\" \/>\n<script type=\"application\/ld+json\" class=\"yoast-schema-graph\">{\"@context\":\"https:\\\/\\\/schema.org\",\"@graph\":[{\"@type\":\"Article\",\"@id\":\"https:\\\/\\\/digital58.com.ve\\\/site\\\/2018\\\/01\\\/29\\\/estudiantes-profesores-y-rectores-debatieron-sobre-la-grave-problematica-que-vive-la-universidad-venezolana\\\/#article\",\"isPartOf\":{\"@id\":\"https:\\\/\\\/digital58.com.ve\\\/site\\\/2018\\\/01\\\/29\\\/estudiantes-profesores-y-rectores-debatieron-sobre-la-grave-problematica-que-vive-la-universidad-venezolana\\\/\"},\"author\":{\"name\":\"Arismendi Luis\",\"@id\":\"https:\\\/\\\/digital58.com.ve\\\/site\\\/#\\\/schema\\\/person\\\/d79fb9041200d150763851810f3a6e44\"},\"headline\":\"Estudiantes, profesores y rectores debatieron sobre la grave problem\u00e1tica que vive la universidad venezolana\",\"datePublished\":\"2018-01-29T04:47:58+00:00\",\"mainEntityOfPage\":{\"@id\":\"https:\\\/\\\/digital58.com.ve\\\/site\\\/2018\\\/01\\\/29\\\/estudiantes-profesores-y-rectores-debatieron-sobre-la-grave-problematica-que-vive-la-universidad-venezolana\\\/\"},\"wordCount\":728,\"commentCount\":0,\"publisher\":{\"@id\":\"https:\\\/\\\/digital58.com.ve\\\/site\\\/#\\\/schema\\\/person\\\/64d1c2e4d0d4fd1b849980c4331c2951\"},\"image\":{\"@id\":\"https:\\\/\\\/digital58.com.ve\\\/site\\\/2018\\\/01\\\/29\\\/estudiantes-profesores-y-rectores-debatieron-sobre-la-grave-problematica-que-vive-la-universidad-venezolana\\\/#primaryimage\"},\"thumbnailUrl\":\"https:\\\/\\\/digital58.com.ve\\\/site\\\/wp-content\\\/uploads\\\/2018\\\/01\\\/DSC01396-1.jpg\",\"keywords\":[\"Autonom\u00eda Universitaria\",\"CIDH\",\"Derechos Humanos\",\"Derechos Universitarios\",\"Especiales Aula Abierta Venezuela\",\"Libertad Acad\u00e9mica\",\"LUZ\",\"ONG\",\"UC\",\"UCAB\",\"UCV\",\"ULA\",\"Venezuela\"],\"articleSection\":[\"Otros\"],\"inLanguage\":\"es\",\"potentialAction\":[{\"@type\":\"CommentAction\",\"name\":\"Comment\",\"target\":[\"https:\\\/\\\/digital58.com.ve\\\/site\\\/2018\\\/01\\\/29\\\/estudiantes-profesores-y-rectores-debatieron-sobre-la-grave-problematica-que-vive-la-universidad-venezolana\\\/#respond\"]}]},{\"@type\":\"WebPage\",\"@id\":\"https:\\\/\\\/digital58.com.ve\\\/site\\\/2018\\\/01\\\/29\\\/estudiantes-profesores-y-rectores-debatieron-sobre-la-grave-problematica-que-vive-la-universidad-venezolana\\\/\",\"url\":\"https:\\\/\\\/digital58.com.ve\\\/site\\\/2018\\\/01\\\/29\\\/estudiantes-profesores-y-rectores-debatieron-sobre-la-grave-problematica-que-vive-la-universidad-venezolana\\\/\",\"name\":\"Estudiantes, profesores y rectores debatieron sobre la grave problem\u00e1tica que vive la universidad venezolana\",\"isPartOf\":{\"@id\":\"https:\\\/\\\/digital58.com.ve\\\/site\\\/#website\"},\"primaryImageOfPage\":{\"@id\":\"https:\\\/\\\/digital58.com.ve\\\/site\\\/2018\\\/01\\\/29\\\/estudiantes-profesores-y-rectores-debatieron-sobre-la-grave-problematica-que-vive-la-universidad-venezolana\\\/#primaryimage\"},\"image\":{\"@id\":\"https:\\\/\\\/digital58.com.ve\\\/site\\\/2018\\\/01\\\/29\\\/estudiantes-profesores-y-rectores-debatieron-sobre-la-grave-problematica-que-vive-la-universidad-venezolana\\\/#primaryimage\"},\"thumbnailUrl\":\"https:\\\/\\\/digital58.com.ve\\\/site\\\/wp-content\\\/uploads\\\/2018\\\/01\\\/DSC01396-1.jpg\",\"datePublished\":\"2018-01-29T04:47:58+00:00\",\"breadcrumb\":{\"@id\":\"https:\\\/\\\/digital58.com.ve\\\/site\\\/2018\\\/01\\\/29\\\/estudiantes-profesores-y-rectores-debatieron-sobre-la-grave-problematica-que-vive-la-universidad-venezolana\\\/#breadcrumb\"},\"inLanguage\":\"es\",\"potentialAction\":[{\"@type\":\"ReadAction\",\"target\":[\"https:\\\/\\\/digital58.com.ve\\\/site\\\/2018\\\/01\\\/29\\\/estudiantes-profesores-y-rectores-debatieron-sobre-la-grave-problematica-que-vive-la-universidad-venezolana\\\/\"]}]},{\"@type\":\"ImageObject\",\"inLanguage\":\"es\",\"@id\":\"https:\\\/\\\/digital58.com.ve\\\/site\\\/2018\\\/01\\\/29\\\/estudiantes-profesores-y-rectores-debatieron-sobre-la-grave-problematica-que-vive-la-universidad-venezolana\\\/#primaryimage\",\"url\":\"https:\\\/\\\/digital58.com.ve\\\/site\\\/wp-content\\\/uploads\\\/2018\\\/01\\\/DSC01396-1.jpg\",\"contentUrl\":\"https:\\\/\\\/digital58.com.ve\\\/site\\\/wp-content\\\/uploads\\\/2018\\\/01\\\/DSC01396-1.jpg\",\"width\":800,\"height\":535,\"caption\":\"SONY DSC\"},{\"@type\":\"BreadcrumbList\",\"@id\":\"https:\\\/\\\/digital58.com.ve\\\/site\\\/2018\\\/01\\\/29\\\/estudiantes-profesores-y-rectores-debatieron-sobre-la-grave-problematica-que-vive-la-universidad-venezolana\\\/#breadcrumb\",\"itemListElement\":[{\"@type\":\"ListItem\",\"position\":1,\"name\":\"Home\",\"item\":\"https:\\\/\\\/digital58.com.ve\\\/site\\\/\"},{\"@type\":\"ListItem\",\"position\":2,\"name\":\"Estudiantes, profesores y rectores debatieron sobre la grave problem\u00e1tica que vive la universidad venezolana\"}]},{\"@type\":\"WebSite\",\"@id\":\"https:\\\/\\\/digital58.com.ve\\\/site\\\/#website\",\"url\":\"https:\\\/\\\/digital58.com.ve\\\/site\\\/\",\"name\":\"Noticias Digital58\",\"description\":\"Portal de Noticias \u00a1Periodismo web de verdad! Lanzamiento web 22.11.2005 \\\/ Maracaibo, Venezuela\",\"publisher\":{\"@id\":\"https:\\\/\\\/digital58.com.ve\\\/site\\\/#\\\/schema\\\/person\\\/64d1c2e4d0d4fd1b849980c4331c2951\"},\"alternateName\":\"ND58\",\"potentialAction\":[{\"@type\":\"SearchAction\",\"target\":{\"@type\":\"EntryPoint\",\"urlTemplate\":\"https:\\\/\\\/digital58.com.ve\\\/site\\\/?s={search_term_string}\"},\"query-input\":{\"@type\":\"PropertyValueSpecification\",\"valueRequired\":true,\"valueName\":\"search_term_string\"}}],\"inLanguage\":\"es\"},{\"@type\":[\"Person\",\"Organization\"],\"@id\":\"https:\\\/\\\/digital58.com.ve\\\/site\\\/#\\\/schema\\\/person\\\/64d1c2e4d0d4fd1b849980c4331c2951\",\"name\":\"Villasmil Henry\",\"image\":{\"@type\":\"ImageObject\",\"inLanguage\":\"es\",\"@id\":\"https:\\\/\\\/secure.gravatar.com\\\/avatar\\\/bb0c4a2fcb7970138239f7e404ea75757b1b507b28b5ce4c53fbd62d797c5a7c?s=96&d=mm&r=g\",\"url\":\"https:\\\/\\\/secure.gravatar.com\\\/avatar\\\/bb0c4a2fcb7970138239f7e404ea75757b1b507b28b5ce4c53fbd62d797c5a7c?s=96&d=mm&r=g\",\"contentUrl\":\"https:\\\/\\\/secure.gravatar.com\\\/avatar\\\/bb0c4a2fcb7970138239f7e404ea75757b1b507b28b5ce4c53fbd62d797c5a7c?s=96&d=mm&r=g\",\"caption\":\"Villasmil Henry\"},\"logo\":{\"@id\":\"https:\\\/\\\/secure.gravatar.com\\\/avatar\\\/bb0c4a2fcb7970138239f7e404ea75757b1b507b28b5ce4c53fbd62d797c5a7c?s=96&d=mm&r=g\"},\"sameAs\":[\"http:\\\/\\\/www.henryvillasmil.com.ve\",\"https:\\\/\\\/www.instagram.com\\\/villasmilhfoto\\\/\",\"https:\\\/\\\/x.com\\\/https:\\\/\\\/twitter.com\\\/villasmilhfoto\"]},{\"@type\":\"Person\",\"@id\":\"https:\\\/\\\/digital58.com.ve\\\/site\\\/#\\\/schema\\\/person\\\/d79fb9041200d150763851810f3a6e44\",\"name\":\"Arismendi Luis\",\"image\":{\"@type\":\"ImageObject\",\"inLanguage\":\"es\",\"@id\":\"https:\\\/\\\/secure.gravatar.com\\\/avatar\\\/076a9c19816f4976b76b8d88be4606fba80dee0aea5ccae15d7f3466053c0615?s=96&d=mm&r=g\",\"url\":\"https:\\\/\\\/secure.gravatar.com\\\/avatar\\\/076a9c19816f4976b76b8d88be4606fba80dee0aea5ccae15d7f3466053c0615?s=96&d=mm&r=g\",\"contentUrl\":\"https:\\\/\\\/secure.gravatar.com\\\/avatar\\\/076a9c19816f4976b76b8d88be4606fba80dee0aea5ccae15d7f3466053c0615?s=96&d=mm&r=g\",\"caption\":\"Arismendi Luis\"},\"url\":\"https:\\\/\\\/digital58.com.ve\\\/site\\\/author\\\/arismendi17\\\/\"}]}<\/script>\n<!-- \/ Yoast SEO plugin. -->","yoast_head_json":{"title":"Estudiantes, profesores y rectores debatieron sobre la grave problem\u00e1tica que vive la universidad venezolana","robots":{"index":"index","follow":"follow","max-snippet":"max-snippet:-1","max-image-preview":"max-image-preview:large","max-video-preview":"max-video-preview:-1"},"canonical":"https:\/\/digital58.com.ve\/site\/2018\/01\/29\/estudiantes-profesores-y-rectores-debatieron-sobre-la-grave-problematica-que-vive-la-universidad-venezolana\/","og_locale":"es_ES","og_type":"article","og_title":"Estudiantes, profesores y rectores debatieron sobre la grave problem\u00e1tica que vive la universidad venezolana","og_url":"https:\/\/digital58.com.ve\/site\/2018\/01\/29\/estudiantes-profesores-y-rectores-debatieron-sobre-la-grave-problematica-que-vive-la-universidad-venezolana\/","og_site_name":"Noticias Digital58","article_published_time":"2018-01-29T04:47:58+00:00","og_image":[{"width":1500,"height":1004,"url":"https:\/\/digital58.com.ve\/site\/wp-content\/uploads\/2018\/01\/DSC01396-1.jpg","type":"image\/jpeg"}],"author":"Arismendi Luis","twitter_card":"summary_large_image","twitter_creator":"@Digital_58","twitter_site":"@villasmilhfoto","twitter_misc":{"Escrito por":"Arismendi Luis","Tiempo estimado de lectura":"4 minutos"},"schema":{"@context":"https:\/\/schema.org","@graph":[{"@type":"Article","@id":"https:\/\/digital58.com.ve\/site\/2018\/01\/29\/estudiantes-profesores-y-rectores-debatieron-sobre-la-grave-problematica-que-vive-la-universidad-venezolana\/#article","isPartOf":{"@id":"https:\/\/digital58.com.ve\/site\/2018\/01\/29\/estudiantes-profesores-y-rectores-debatieron-sobre-la-grave-problematica-que-vive-la-universidad-venezolana\/"},"author":{"name":"Arismendi Luis","@id":"https:\/\/digital58.com.ve\/site\/#\/schema\/person\/d79fb9041200d150763851810f3a6e44"},"headline":"Estudiantes, profesores y rectores debatieron sobre la grave problem\u00e1tica que vive la universidad venezolana","datePublished":"2018-01-29T04:47:58+00:00","mainEntityOfPage":{"@id":"https:\/\/digital58.com.ve\/site\/2018\/01\/29\/estudiantes-profesores-y-rectores-debatieron-sobre-la-grave-problematica-que-vive-la-universidad-venezolana\/"},"wordCount":728,"commentCount":0,"publisher":{"@id":"https:\/\/digital58.com.ve\/site\/#\/schema\/person\/64d1c2e4d0d4fd1b849980c4331c2951"},"image":{"@id":"https:\/\/digital58.com.ve\/site\/2018\/01\/29\/estudiantes-profesores-y-rectores-debatieron-sobre-la-grave-problematica-que-vive-la-universidad-venezolana\/#primaryimage"},"thumbnailUrl":"https:\/\/digital58.com.ve\/site\/wp-content\/uploads\/2018\/01\/DSC01396-1.jpg","keywords":["Autonom\u00eda Universitaria","CIDH","Derechos Humanos","Derechos Universitarios","Especiales Aula Abierta Venezuela","Libertad Acad\u00e9mica","LUZ","ONG","UC","UCAB","UCV","ULA","Venezuela"],"articleSection":["Otros"],"inLanguage":"es","potentialAction":[{"@type":"CommentAction","name":"Comment","target":["https:\/\/digital58.com.ve\/site\/2018\/01\/29\/estudiantes-profesores-y-rectores-debatieron-sobre-la-grave-problematica-que-vive-la-universidad-venezolana\/#respond"]}]},{"@type":"WebPage","@id":"https:\/\/digital58.com.ve\/site\/2018\/01\/29\/estudiantes-profesores-y-rectores-debatieron-sobre-la-grave-problematica-que-vive-la-universidad-venezolana\/","url":"https:\/\/digital58.com.ve\/site\/2018\/01\/29\/estudiantes-profesores-y-rectores-debatieron-sobre-la-grave-problematica-que-vive-la-universidad-venezolana\/","name":"Estudiantes, profesores y rectores debatieron sobre la grave problem\u00e1tica que vive la universidad venezolana","isPartOf":{"@id":"https:\/\/digital58.com.ve\/site\/#website"},"primaryImageOfPage":{"@id":"https:\/\/digital58.com.ve\/site\/2018\/01\/29\/estudiantes-profesores-y-rectores-debatieron-sobre-la-grave-problematica-que-vive-la-universidad-venezolana\/#primaryimage"},"image":{"@id":"https:\/\/digital58.com.ve\/site\/2018\/01\/29\/estudiantes-profesores-y-rectores-debatieron-sobre-la-grave-problematica-que-vive-la-universidad-venezolana\/#primaryimage"},"thumbnailUrl":"https:\/\/digital58.com.ve\/site\/wp-content\/uploads\/2018\/01\/DSC01396-1.jpg","datePublished":"2018-01-29T04:47:58+00:00","breadcrumb":{"@id":"https:\/\/digital58.com.ve\/site\/2018\/01\/29\/estudiantes-profesores-y-rectores-debatieron-sobre-la-grave-problematica-que-vive-la-universidad-venezolana\/#breadcrumb"},"inLanguage":"es","potentialAction":[{"@type":"ReadAction","target":["https:\/\/digital58.com.ve\/site\/2018\/01\/29\/estudiantes-profesores-y-rectores-debatieron-sobre-la-grave-problematica-que-vive-la-universidad-venezolana\/"]}]},{"@type":"ImageObject","inLanguage":"es","@id":"https:\/\/digital58.com.ve\/site\/2018\/01\/29\/estudiantes-profesores-y-rectores-debatieron-sobre-la-grave-problematica-que-vive-la-universidad-venezolana\/#primaryimage","url":"https:\/\/digital58.com.ve\/site\/wp-content\/uploads\/2018\/01\/DSC01396-1.jpg","contentUrl":"https:\/\/digital58.com.ve\/site\/wp-content\/uploads\/2018\/01\/DSC01396-1.jpg","width":800,"height":535,"caption":"SONY DSC"},{"@type":"BreadcrumbList","@id":"https:\/\/digital58.com.ve\/site\/2018\/01\/29\/estudiantes-profesores-y-rectores-debatieron-sobre-la-grave-problematica-que-vive-la-universidad-venezolana\/#breadcrumb","itemListElement":[{"@type":"ListItem","position":1,"name":"Home","item":"https:\/\/digital58.com.ve\/site\/"},{"@type":"ListItem","position":2,"name":"Estudiantes, profesores y rectores debatieron sobre la grave problem\u00e1tica que vive la universidad venezolana"}]},{"@type":"WebSite","@id":"https:\/\/digital58.com.ve\/site\/#website","url":"https:\/\/digital58.com.ve\/site\/","name":"Noticias Digital58","description":"Portal de Noticias \u00a1Periodismo web de verdad! Lanzamiento web 22.11.2005 \/ Maracaibo, Venezuela","publisher":{"@id":"https:\/\/digital58.com.ve\/site\/#\/schema\/person\/64d1c2e4d0d4fd1b849980c4331c2951"},"alternateName":"ND58","potentialAction":[{"@type":"SearchAction","target":{"@type":"EntryPoint","urlTemplate":"https:\/\/digital58.com.ve\/site\/?s={search_term_string}"},"query-input":{"@type":"PropertyValueSpecification","valueRequired":true,"valueName":"search_term_string"}}],"inLanguage":"es"},{"@type":["Person","Organization"],"@id":"https:\/\/digital58.com.ve\/site\/#\/schema\/person\/64d1c2e4d0d4fd1b849980c4331c2951","name":"Villasmil Henry","image":{"@type":"ImageObject","inLanguage":"es","@id":"https:\/\/secure.gravatar.com\/avatar\/bb0c4a2fcb7970138239f7e404ea75757b1b507b28b5ce4c53fbd62d797c5a7c?s=96&d=mm&r=g","url":"https:\/\/secure.gravatar.com\/avatar\/bb0c4a2fcb7970138239f7e404ea75757b1b507b28b5ce4c53fbd62d797c5a7c?s=96&d=mm&r=g","contentUrl":"https:\/\/secure.gravatar.com\/avatar\/bb0c4a2fcb7970138239f7e404ea75757b1b507b28b5ce4c53fbd62d797c5a7c?s=96&d=mm&r=g","caption":"Villasmil Henry"},"logo":{"@id":"https:\/\/secure.gravatar.com\/avatar\/bb0c4a2fcb7970138239f7e404ea75757b1b507b28b5ce4c53fbd62d797c5a7c?s=96&d=mm&r=g"},"sameAs":["http:\/\/www.henryvillasmil.com.ve","https:\/\/www.instagram.com\/villasmilhfoto\/","https:\/\/x.com\/https:\/\/twitter.com\/villasmilhfoto"]},{"@type":"Person","@id":"https:\/\/digital58.com.ve\/site\/#\/schema\/person\/d79fb9041200d150763851810f3a6e44","name":"Arismendi Luis","image":{"@type":"ImageObject","inLanguage":"es","@id":"https:\/\/secure.gravatar.com\/avatar\/076a9c19816f4976b76b8d88be4606fba80dee0aea5ccae15d7f3466053c0615?s=96&d=mm&r=g","url":"https:\/\/secure.gravatar.com\/avatar\/076a9c19816f4976b76b8d88be4606fba80dee0aea5ccae15d7f3466053c0615?s=96&d=mm&r=g","contentUrl":"https:\/\/secure.gravatar.com\/avatar\/076a9c19816f4976b76b8d88be4606fba80dee0aea5ccae15d7f3466053c0615?s=96&d=mm&r=g","caption":"Arismendi Luis"},"url":"https:\/\/digital58.com.ve\/site\/author\/arismendi17\/"}]}},"uagb_featured_image_src":{"full":["https:\/\/digital58.com.ve\/site\/wp-content\/uploads\/2018\/01\/DSC01396-1.jpg",800,535,false],"thumbnail":["https:\/\/digital58.com.ve\/site\/wp-content\/uploads\/2018\/01\/DSC01396-1-150x150.jpg",150,150,true],"medium":["https:\/\/digital58.com.ve\/site\/wp-content\/uploads\/2018\/01\/DSC01396-1-300x201.jpg",300,201,true],"medium_large":["https:\/\/digital58.com.ve\/site\/wp-content\/uploads\/2018\/01\/DSC01396-1-768x514.jpg",768,514,true],"large":["https:\/\/digital58.com.ve\/site\/wp-content\/uploads\/2018\/01\/DSC01396-1-1500x1004.jpg",800,535,true],"1536x1536":["https:\/\/digital58.com.ve\/site\/wp-content\/uploads\/2018\/01\/DSC01396-1.jpg",800,535,false],"2048x2048":["https:\/\/digital58.com.ve\/site\/wp-content\/uploads\/2018\/01\/DSC01396-1.jpg",800,535,false],"colormag-highlighted-post":["https:\/\/digital58.com.ve\/site\/wp-content\/uploads\/2018\/01\/DSC01396-1.jpg",392,262,false],"colormag-featured-post-medium":["https:\/\/digital58.com.ve\/site\/wp-content\/uploads\/2018\/01\/DSC01396-1.jpg",307,205,false],"colormag-featured-post-small":["https:\/\/digital58.com.ve\/site\/wp-content\/uploads\/2018\/01\/DSC01396-1.jpg",130,87,false],"colormag-featured-image":["https:\/\/digital58.com.ve\/site\/wp-content\/uploads\/2018\/01\/DSC01396-1.jpg",665,445,false],"colormag-default-news":["https:\/\/digital58.com.ve\/site\/wp-content\/uploads\/2018\/01\/DSC01396-1.jpg",150,100,false],"colormag-featured-image-large":["https:\/\/digital58.com.ve\/site\/wp-content\/uploads\/2018\/01\/DSC01396-1.jpg",800,535,false]},"uagb_author_info":{"display_name":"Arismendi Luis","author_link":"https:\/\/digital58.com.ve\/site\/author\/arismendi17\/"},"uagb_comment_info":0,"uagb_excerpt":"El pasado mi\u00e9rcoles 24 de enero, se realiz\u00f3 el Primer encuentro sobre, Libertad Acad\u00e9mica, Autonom\u00eda Universitaria y Derechos Humanos en","_links":{"self":[{"href":"https:\/\/digital58.com.ve\/site\/wp-json\/wp\/v2\/posts\/76302","targetHints":{"allow":["GET"]}}],"collection":[{"href":"https:\/\/digital58.com.ve\/site\/wp-json\/wp\/v2\/posts"}],"about":[{"href":"https:\/\/digital58.com.ve\/site\/wp-json\/wp\/v2\/types\/post"}],"author":[{"embeddable":true,"href":"https:\/\/digital58.com.ve\/site\/wp-json\/wp\/v2\/users\/7"}],"replies":[{"embeddable":true,"href":"https:\/\/digital58.com.ve\/site\/wp-json\/wp\/v2\/comments?post=76302"}],"version-history":[{"count":0,"href":"https:\/\/digital58.com.ve\/site\/wp-json\/wp\/v2\/posts\/76302\/revisions"}],"wp:featuredmedia":[{"embeddable":true,"href":"https:\/\/digital58.com.ve\/site\/wp-json\/wp\/v2\/media\/76305"}],"wp:attachment":[{"href":"https:\/\/digital58.com.ve\/site\/wp-json\/wp\/v2\/media?parent=76302"}],"wp:term":[{"taxonomy":"category","embeddable":true,"href":"https:\/\/digital58.com.ve\/site\/wp-json\/wp\/v2\/categories?post=76302"},{"taxonomy":"post_tag","embeddable":true,"href":"https:\/\/digital58.com.ve\/site\/wp-json\/wp\/v2\/tags?post=76302"}],"curies":[{"name":"wp","href":"https:\/\/api.w.org\/{rel}","templated":true}]}}