{"id":76406,"date":"2018-02-04T12:35:23","date_gmt":"2018-02-04T16:35:23","guid":{"rendered":"http:\/\/digital58.com.ve\/site\/?p=76406"},"modified":"2018-02-04T12:35:23","modified_gmt":"2018-02-04T16:35:23","slug":"liga-futve-zamora-fc-igualo-ante-deportivo-lara-en-la-carolina","status":"publish","type":"post","link":"https:\/\/digital58.com.ve\/site\/2018\/02\/04\/liga-futve-zamora-fc-igualo-ante-deportivo-lara-en-la-carolina\/","title":{"rendered":"Liga F\u00fatVe: Zamora FC igual\u00f3 ante Deportivo Lara en \u00abLa Carolina\u00bb"},"content":{"rendered":"<p><a href=\"http:\/\/digital58.com.ve\/site\/wp-content\/uploads\/2018\/02\/zamora-lara-3.jpg\"><img loading=\"lazy\" decoding=\"async\" class=\"aligncenter size-large wp-image-76407\" src=\"http:\/\/digital58.com.ve\/site\/wp-content\/uploads\/2018\/02\/zamora-lara-3-1500x1000.jpg\" alt=\"\" width=\"640\" height=\"427\" srcset=\"https:\/\/digital58.com.ve\/site\/wp-content\/uploads\/2018\/02\/zamora-lara-3-1500x1000.jpg 1500w, https:\/\/digital58.com.ve\/site\/wp-content\/uploads\/2018\/02\/zamora-lara-3-300x200.jpg 300w, https:\/\/digital58.com.ve\/site\/wp-content\/uploads\/2018\/02\/zamora-lara-3-768x512.jpg 768w, https:\/\/digital58.com.ve\/site\/wp-content\/uploads\/2018\/02\/zamora-lara-3-720x480.jpg 720w, https:\/\/digital58.com.ve\/site\/wp-content\/uploads\/2018\/02\/zamora-lara-3-480x320.jpg 480w, https:\/\/digital58.com.ve\/site\/wp-content\/uploads\/2018\/02\/zamora-lara-3.jpg 800w\" sizes=\"auto, (max-width: 640px) 100vw, 640px\" \/><\/a><\/p>\n<p>Un empate sin goles fue lo que dej\u00f3 la segunda jornada del torneo Apertura 2018 para Zamora F\u00fatbol Club, los pupilos de Jos\u00e9 Al\u00ed Ca\u00f1as mostraron un f\u00fatbol ofensivo y vistoso en el Agust\u00edn Tovar \u00abLa Carolina\u00bb, pero no pudieron concretar las oportunidades ante su similar de Deportivo Lara.<\/p>\n<p><strong>Barinas, Barinas, Venezuela, 04 de febrero 2018 (D58).-<\/strong> En una noche de mucha expectaci\u00f3n en Barinas, el bal\u00f3n se colocaba a rodar con la sentencia del principal y ambas oncenas propusieron un juego bastante ofensivo.<\/p>\n<p>La primera oportunidad del partido fue para la visita, Jes\u00fas Gonz\u00e1lez control\u00f3 un bal\u00f3n dentro del \u00e1rea zamorana y remat\u00f3 enviando la esf\u00e9rica por encima del horizontal. R\u00e1pidamente, los dirigidos por Al\u00ed Ca\u00f1as responder\u00edan al minuto 24: Gustavo Rojas cobr\u00f3 un tiro libre muy cerca del borde del \u00e1rea que ataj\u00f3 bien Carlos Salazar.<\/p>\n<p>El primer tiempo cerrar\u00eda con una \u00faltima jugada para el Blanquinegro: Rojas envi\u00f3 un pase largo para Danny P\u00e9rez quien recibi\u00f3 con gran categor\u00eda y remat\u00f3 rasante para exigir una oportuna intervenci\u00f3n del meta Rojinegro. As\u00ed, ambas oncenas se ir\u00edan al descanso con empate parcial a cero.<\/p>\n<p>La segunda parte daba inicio, y la Furia Llanera saldr\u00eda a imponer toda su jerarqu\u00eda en la ciudad marquesa. Los primeros minutos de la segunda parte encontraron un claro dominio por parte de los zamoranos, al 67 llegar\u00eda un jugada clave para Zamora FC: Kevin De La Hoz desbord\u00f3 por derecha y asisti\u00f3 a Rojas que de media bolea dispar\u00f3 un bal\u00f3n que retuvo Salazar.<\/p>\n<p>El partido ver\u00eda el ingreso de Anthony Uribe en busca de m\u00e1s peso ofensivo en el ataque Blanquinegro, el conjunto larense cerr\u00f3 bien sus l\u00edneas y las ocasiones de los zamoranos no se concretaban. Cerca del final, al 86, llegar\u00eda la m\u00e1s clara del encuentro para los barineses: Un desborde por derecha de Erickson Gallardo envi\u00f3 un pase rasante al punto penal que encontr\u00f3 a \u00d3scar Hern\u00e1ndez sin marcaje, quien remat\u00f3 directo al p\u00f3rtico larense pero Giacomo Di Giorgi despejar\u00eda de cabeza en la l\u00ednea de gol. Sin m\u00e1s minutos por disputar, los dos equipos cerrar\u00edan el partido con una igualdad a cero goles.<\/p>\n<p><strong>Ficha t\u00e9cnica:<\/strong><\/p>\n<p><strong>Zamora FC (0):<\/strong> Joel Graterol; Cleiderman Osorio, Ignacio Gonz\u00e1lez \/capit\u00e1n, Mayker Gonz\u00e1lez, \u00d3scar Hern\u00e1ndez, Christian Makoun \/ juvenil, (Jos\u00e9 Pinto min.57), Erickson Gallardo (\u00c1ngel Osorio min.79), Gustavo Rojas, Danny P\u00e9rez \/ juvenil, Juan Z\u00e1rate (Anthony Uribe min.62).<br \/>\n<strong>DT: Al\u00ed Ca\u00f1as.<\/strong><\/p>\n<p><strong>Suplentes sin jugar:<\/strong> Giancarlo Schiavone; Javier Maldonado, Carlos Castro, Jorge P\u00e1ez.<\/p>\n<p><strong>Deportivo Lara (0):<\/strong> Carlos Salazar; Leonardo Aponte, Daniel Carrillo, Giacomo Di Giorgi, Freddy Vargas \/ juvenil, David Mendoza, Herlbert Soto (Ely Valderrey min.72), Ricardo Andreutti \/ capit\u00e1n, Jes\u00fas Gonz\u00e1lez, Jos\u00e9 Reyes (Leminger Bol\u00edvar min.85), Carlos Sierra (Anderson Cardozo min.72).<br \/>\n<strong>DT: Leonardo Gonz\u00e1lez<\/strong><\/p>\n<p><strong>Suplentes sin jugar:<\/strong> Luis Curiel; Henri Pern\u00eda, Oswaldo Chaurant, Jes\u00fas Bueno.<\/p>\n<p><strong>Goles:<\/strong> No hubo.<\/p>\n<p><strong>Amonestados:<\/strong> Christian Makoun min.49 (ZAM); David Mendoza min.19, Ricardo Andreutti min.56, Jes\u00fas Gonz\u00e1lez min.90+4 (LAR).<\/p>\n<p><strong>Expulsados:<\/strong> No hubo.<\/p>\n<p><strong>\u00c1rbitro:<\/strong> Yimi Garc\u00eda (TAC).<\/p>\n<p><strong>Estadio:<\/strong> Agust\u00edn Tovar \u00abLa Carolina\u00bb.<\/p>\n<p><strong>Redacci\u00f3n con fuente: Francisco Ter\u00e1n \/ Prensa Zamora FC<\/strong><br \/>\n<strong>Edici\u00f3n: Villasmil, Henry<\/strong><br \/>\n<strong>Gr\u00e1ficas: cortes\u00eda Prensa Zamora FC<\/strong><\/p>\n<p><a href=\"http:\/\/digital58.com.ve\/site\/wp-content\/uploads\/2018\/02\/zamora-lara-2.jpg\"><img loading=\"lazy\" decoding=\"async\" class=\"aligncenter size-large wp-image-76408\" src=\"http:\/\/digital58.com.ve\/site\/wp-content\/uploads\/2018\/02\/zamora-lara-2-1459x1024.jpg\" alt=\"\" width=\"640\" height=\"449\" srcset=\"https:\/\/digital58.com.ve\/site\/wp-content\/uploads\/2018\/02\/zamora-lara-2-1459x1024.jpg 1459w, https:\/\/digital58.com.ve\/site\/wp-content\/uploads\/2018\/02\/zamora-lara-2-300x211.jpg 300w, https:\/\/digital58.com.ve\/site\/wp-content\/uploads\/2018\/02\/zamora-lara-2-768x539.jpg 768w, https:\/\/digital58.com.ve\/site\/wp-content\/uploads\/2018\/02\/zamora-lara-2.jpg 800w\" sizes=\"auto, (max-width: 640px) 100vw, 640px\" \/><\/a><\/p>\n<p><a href=\"http:\/\/digital58.com.ve\/site\/wp-content\/uploads\/2018\/02\/zamora-lara.jpg\"><img loading=\"lazy\" decoding=\"async\" class=\"aligncenter size-large wp-image-76409\" src=\"http:\/\/digital58.com.ve\/site\/wp-content\/uploads\/2018\/02\/zamora-lara-1500x993.jpg\" alt=\"\" width=\"640\" height=\"424\" srcset=\"https:\/\/digital58.com.ve\/site\/wp-content\/uploads\/2018\/02\/zamora-lara-1500x993.jpg 1500w, https:\/\/digital58.com.ve\/site\/wp-content\/uploads\/2018\/02\/zamora-lara-300x199.jpg 300w, https:\/\/digital58.com.ve\/site\/wp-content\/uploads\/2018\/02\/zamora-lara-768x508.jpg 768w, https:\/\/digital58.com.ve\/site\/wp-content\/uploads\/2018\/02\/zamora-lara.jpg 800w\" sizes=\"auto, (max-width: 640px) 100vw, 640px\" \/><\/a><\/p>\n<p>&nbsp;<\/p>\n<p>&nbsp;<\/p>\n<p>&nbsp;<\/p>\n<p>&nbsp;<\/p>\n<p>&nbsp;<\/p>\n<p>&nbsp;<\/p><div class=\"fvxuk69f11fd703ec7\" ><p style=\"text-align: center;\"><a href=\"https:\/\/t.me\/noticiasdigital58\" target=\"_blank\" rel=\"noopener\"><img class=\"aligncenter size-full wp-image-125363\" src=\"https:\/\/digital58.com.ve\/site\/wp-content\/uploads\/2021\/04\/banner-telegram-web-2021.png\" alt=\"\" width=\"600\" height=\"90\" \/><\/a><\/p><\/div><style type=\"text\/css\">\r\n@media screen and (min-width: 1201px) {\r\n.fvxuk69f11fd703ec7 {\r\ndisplay: block;\r\n}\r\n}\r\n@media screen and (min-width: 993px) and (max-width: 1200px) {\r\n.fvxuk69f11fd703ec7 {\r\ndisplay: block;\r\n}\r\n}\r\n@media screen and (min-width: 769px) and (max-width: 992px) {\r\n.fvxuk69f11fd703ec7 {\r\ndisplay: block;\r\n}\r\n}\r\n@media screen and (min-width: 768px) and (max-width: 768px) {\r\n.fvxuk69f11fd703ec7 {\r\ndisplay: block;\r\n}\r\n}\r\n@media screen and (max-width: 767px) {\r\n.fvxuk69f11fd703ec7 {\r\ndisplay: block;\r\n}\r\n}\r\n<\/style>\r\n\n<p>&nbsp;<\/p>\n<div style=\"margin-top: 0px; margin-bottom: 0px;\" class=\"sharethis-inline-share-buttons\" ><\/div>","protected":false},"excerpt":{"rendered":"<p>Un empate sin goles fue lo que dej\u00f3 la segunda jornada del torneo Apertura 2018 para Zamora F\u00fatbol Club, los<\/p>\n","protected":false},"author":1,"featured_media":76409,"comment_status":"open","ping_status":"closed","sticky":false,"template":"","format":"standard","meta":{"colormag_page_container_layout":"default_layout","colormag_page_sidebar_layout":"default_layout","_uag_custom_page_level_css":"","footnotes":""},"categories":[5402],"tags":[4027,5596,13,14,15,25,10421,10422,233,19,10265,32,5518],"class_list":["post-76406","post","type-post","status-publish","format-standard","has-post-thumbnail","hentry","category-deportes","tag-barinas","tag-deportivo-lara-futbol-club","tag-futbol","tag-futbol-venezolano","tag-futve","tag-fvf","tag-liga-futve","tag-liga-futve-2018","tag-nacionales","tag-primera-division","tag-torneo-apertura-2018","tag-venezuela","tag-zamora-futbol-club"],"yoast_head":"<!-- This site is optimized with the Yoast SEO plugin v27.5 - https:\/\/yoast.com\/product\/yoast-seo-wordpress\/ -->\n<title>Liga F\u00fatVe: Zamora FC igual\u00f3 ante Deportivo Lara en \u00abLa Carolina\u00bb<\/title>\n<meta name=\"robots\" content=\"index, follow, max-snippet:-1, max-image-preview:large, max-video-preview:-1\" \/>\n<link rel=\"canonical\" href=\"https:\/\/digital58.com.ve\/site\/2018\/02\/04\/liga-futve-zamora-fc-igualo-ante-deportivo-lara-en-la-carolina\/\" \/>\n<meta property=\"og:locale\" content=\"es_ES\" \/>\n<meta property=\"og:type\" content=\"article\" \/>\n<meta property=\"og:title\" content=\"Liga F\u00fatVe: Zamora FC igual\u00f3 ante Deportivo Lara en \u00abLa Carolina\u00bb\" \/>\n<meta property=\"og:url\" content=\"https:\/\/digital58.com.ve\/site\/2018\/02\/04\/liga-futve-zamora-fc-igualo-ante-deportivo-lara-en-la-carolina\/\" \/>\n<meta property=\"og:site_name\" content=\"Noticias Digital58\" \/>\n<meta property=\"article:published_time\" content=\"2018-02-04T16:35:23+00:00\" \/>\n<meta property=\"og:image\" content=\"https:\/\/digital58.com.ve\/site\/wp-content\/uploads\/2018\/02\/zamora-lara.jpg\" \/>\n\t<meta property=\"og:image:width\" content=\"1500\" \/>\n\t<meta property=\"og:image:height\" content=\"993\" \/>\n\t<meta property=\"og:image:type\" content=\"image\/jpeg\" \/>\n<meta name=\"author\" content=\"Villasmil Henry\" \/>\n<meta name=\"twitter:card\" content=\"summary_large_image\" \/>\n<meta name=\"twitter:creator\" content=\"@https:\/\/twitter.com\/villasmilhfoto\" \/>\n<meta name=\"twitter:site\" content=\"@villasmilhfoto\" \/>\n<meta name=\"twitter:label1\" content=\"Escrito por\" \/>\n\t<meta name=\"twitter:data1\" content=\"Villasmil Henry\" \/>\n\t<meta name=\"twitter:label2\" content=\"Tiempo estimado de lectura\" \/>\n\t<meta name=\"twitter:data2\" content=\"3 minutos\" \/>\n<script type=\"application\/ld+json\" class=\"yoast-schema-graph\">{\"@context\":\"https:\\\/\\\/schema.org\",\"@graph\":[{\"@type\":\"Article\",\"@id\":\"https:\\\/\\\/digital58.com.ve\\\/site\\\/2018\\\/02\\\/04\\\/liga-futve-zamora-fc-igualo-ante-deportivo-lara-en-la-carolina\\\/#article\",\"isPartOf\":{\"@id\":\"https:\\\/\\\/digital58.com.ve\\\/site\\\/2018\\\/02\\\/04\\\/liga-futve-zamora-fc-igualo-ante-deportivo-lara-en-la-carolina\\\/\"},\"author\":{\"name\":\"Villasmil Henry\",\"@id\":\"https:\\\/\\\/digital58.com.ve\\\/site\\\/#\\\/schema\\\/person\\\/64d1c2e4d0d4fd1b849980c4331c2951\"},\"headline\":\"Liga F\u00fatVe: Zamora FC igual\u00f3 ante Deportivo Lara en \u00abLa Carolina\u00bb\",\"datePublished\":\"2018-02-04T16:35:23+00:00\",\"mainEntityOfPage\":{\"@id\":\"https:\\\/\\\/digital58.com.ve\\\/site\\\/2018\\\/02\\\/04\\\/liga-futve-zamora-fc-igualo-ante-deportivo-lara-en-la-carolina\\\/\"},\"wordCount\":572,\"commentCount\":0,\"publisher\":{\"@id\":\"https:\\\/\\\/digital58.com.ve\\\/site\\\/#\\\/schema\\\/person\\\/64d1c2e4d0d4fd1b849980c4331c2951\"},\"image\":{\"@id\":\"https:\\\/\\\/digital58.com.ve\\\/site\\\/2018\\\/02\\\/04\\\/liga-futve-zamora-fc-igualo-ante-deportivo-lara-en-la-carolina\\\/#primaryimage\"},\"thumbnailUrl\":\"https:\\\/\\\/digital58.com.ve\\\/site\\\/wp-content\\\/uploads\\\/2018\\\/02\\\/zamora-lara.jpg\",\"keywords\":[\"Barinas\",\"Deportivo Lara F\u00fatbol Club\",\"F\u00fatbol\",\"F\u00fatbol Venezolano\",\"Futve\",\"FVF\",\"Liga F\u00fatVe\",\"Liga F\u00fatVe 2018\",\"Nacionales\",\"Primera Divisi\u00f3n\",\"Torneo Apertura 2018\",\"Venezuela\",\"Zamora F\u00fatbol Club\"],\"articleSection\":[\"Deportes\"],\"inLanguage\":\"es\",\"potentialAction\":[{\"@type\":\"CommentAction\",\"name\":\"Comment\",\"target\":[\"https:\\\/\\\/digital58.com.ve\\\/site\\\/2018\\\/02\\\/04\\\/liga-futve-zamora-fc-igualo-ante-deportivo-lara-en-la-carolina\\\/#respond\"]}]},{\"@type\":\"WebPage\",\"@id\":\"https:\\\/\\\/digital58.com.ve\\\/site\\\/2018\\\/02\\\/04\\\/liga-futve-zamora-fc-igualo-ante-deportivo-lara-en-la-carolina\\\/\",\"url\":\"https:\\\/\\\/digital58.com.ve\\\/site\\\/2018\\\/02\\\/04\\\/liga-futve-zamora-fc-igualo-ante-deportivo-lara-en-la-carolina\\\/\",\"name\":\"Liga F\u00fatVe: Zamora FC igual\u00f3 ante Deportivo Lara en \u00abLa Carolina\u00bb\",\"isPartOf\":{\"@id\":\"https:\\\/\\\/digital58.com.ve\\\/site\\\/#website\"},\"primaryImageOfPage\":{\"@id\":\"https:\\\/\\\/digital58.com.ve\\\/site\\\/2018\\\/02\\\/04\\\/liga-futve-zamora-fc-igualo-ante-deportivo-lara-en-la-carolina\\\/#primaryimage\"},\"image\":{\"@id\":\"https:\\\/\\\/digital58.com.ve\\\/site\\\/2018\\\/02\\\/04\\\/liga-futve-zamora-fc-igualo-ante-deportivo-lara-en-la-carolina\\\/#primaryimage\"},\"thumbnailUrl\":\"https:\\\/\\\/digital58.com.ve\\\/site\\\/wp-content\\\/uploads\\\/2018\\\/02\\\/zamora-lara.jpg\",\"datePublished\":\"2018-02-04T16:35:23+00:00\",\"breadcrumb\":{\"@id\":\"https:\\\/\\\/digital58.com.ve\\\/site\\\/2018\\\/02\\\/04\\\/liga-futve-zamora-fc-igualo-ante-deportivo-lara-en-la-carolina\\\/#breadcrumb\"},\"inLanguage\":\"es\",\"potentialAction\":[{\"@type\":\"ReadAction\",\"target\":[\"https:\\\/\\\/digital58.com.ve\\\/site\\\/2018\\\/02\\\/04\\\/liga-futve-zamora-fc-igualo-ante-deportivo-lara-en-la-carolina\\\/\"]}]},{\"@type\":\"ImageObject\",\"inLanguage\":\"es\",\"@id\":\"https:\\\/\\\/digital58.com.ve\\\/site\\\/2018\\\/02\\\/04\\\/liga-futve-zamora-fc-igualo-ante-deportivo-lara-en-la-carolina\\\/#primaryimage\",\"url\":\"https:\\\/\\\/digital58.com.ve\\\/site\\\/wp-content\\\/uploads\\\/2018\\\/02\\\/zamora-lara.jpg\",\"contentUrl\":\"https:\\\/\\\/digital58.com.ve\\\/site\\\/wp-content\\\/uploads\\\/2018\\\/02\\\/zamora-lara.jpg\",\"width\":800,\"height\":530},{\"@type\":\"BreadcrumbList\",\"@id\":\"https:\\\/\\\/digital58.com.ve\\\/site\\\/2018\\\/02\\\/04\\\/liga-futve-zamora-fc-igualo-ante-deportivo-lara-en-la-carolina\\\/#breadcrumb\",\"itemListElement\":[{\"@type\":\"ListItem\",\"position\":1,\"name\":\"Home\",\"item\":\"https:\\\/\\\/digital58.com.ve\\\/site\\\/\"},{\"@type\":\"ListItem\",\"position\":2,\"name\":\"Liga F\u00fatVe: Zamora FC igual\u00f3 ante Deportivo Lara en \u00abLa Carolina\u00bb\"}]},{\"@type\":\"WebSite\",\"@id\":\"https:\\\/\\\/digital58.com.ve\\\/site\\\/#website\",\"url\":\"https:\\\/\\\/digital58.com.ve\\\/site\\\/\",\"name\":\"Noticias Digital58\",\"description\":\"Portal de Noticias \u00a1Periodismo web de verdad! Lanzamiento web 22.11.2005 \\\/ Maracaibo, Venezuela\",\"publisher\":{\"@id\":\"https:\\\/\\\/digital58.com.ve\\\/site\\\/#\\\/schema\\\/person\\\/64d1c2e4d0d4fd1b849980c4331c2951\"},\"alternateName\":\"ND58\",\"potentialAction\":[{\"@type\":\"SearchAction\",\"target\":{\"@type\":\"EntryPoint\",\"urlTemplate\":\"https:\\\/\\\/digital58.com.ve\\\/site\\\/?s={search_term_string}\"},\"query-input\":{\"@type\":\"PropertyValueSpecification\",\"valueRequired\":true,\"valueName\":\"search_term_string\"}}],\"inLanguage\":\"es\"},{\"@type\":[\"Person\",\"Organization\"],\"@id\":\"https:\\\/\\\/digital58.com.ve\\\/site\\\/#\\\/schema\\\/person\\\/64d1c2e4d0d4fd1b849980c4331c2951\",\"name\":\"Villasmil Henry\",\"image\":{\"@type\":\"ImageObject\",\"inLanguage\":\"es\",\"@id\":\"https:\\\/\\\/secure.gravatar.com\\\/avatar\\\/bb0c4a2fcb7970138239f7e404ea75757b1b507b28b5ce4c53fbd62d797c5a7c?s=96&d=mm&r=g\",\"url\":\"https:\\\/\\\/secure.gravatar.com\\\/avatar\\\/bb0c4a2fcb7970138239f7e404ea75757b1b507b28b5ce4c53fbd62d797c5a7c?s=96&d=mm&r=g\",\"contentUrl\":\"https:\\\/\\\/secure.gravatar.com\\\/avatar\\\/bb0c4a2fcb7970138239f7e404ea75757b1b507b28b5ce4c53fbd62d797c5a7c?s=96&d=mm&r=g\",\"caption\":\"Villasmil Henry\"},\"logo\":{\"@id\":\"https:\\\/\\\/secure.gravatar.com\\\/avatar\\\/bb0c4a2fcb7970138239f7e404ea75757b1b507b28b5ce4c53fbd62d797c5a7c?s=96&d=mm&r=g\"},\"sameAs\":[\"http:\\\/\\\/www.henryvillasmil.com.ve\",\"https:\\\/\\\/www.instagram.com\\\/villasmilhfoto\\\/\",\"https:\\\/\\\/x.com\\\/https:\\\/\\\/twitter.com\\\/villasmilhfoto\"],\"url\":\"https:\\\/\\\/digital58.com.ve\\\/site\\\/author\\\/droopy_68\\\/\"}]}<\/script>\n<!-- \/ Yoast SEO plugin. -->","yoast_head_json":{"title":"Liga F\u00fatVe: Zamora FC igual\u00f3 ante Deportivo Lara en \u00abLa Carolina\u00bb","robots":{"index":"index","follow":"follow","max-snippet":"max-snippet:-1","max-image-preview":"max-image-preview:large","max-video-preview":"max-video-preview:-1"},"canonical":"https:\/\/digital58.com.ve\/site\/2018\/02\/04\/liga-futve-zamora-fc-igualo-ante-deportivo-lara-en-la-carolina\/","og_locale":"es_ES","og_type":"article","og_title":"Liga F\u00fatVe: Zamora FC igual\u00f3 ante Deportivo Lara en \u00abLa Carolina\u00bb","og_url":"https:\/\/digital58.com.ve\/site\/2018\/02\/04\/liga-futve-zamora-fc-igualo-ante-deportivo-lara-en-la-carolina\/","og_site_name":"Noticias Digital58","article_published_time":"2018-02-04T16:35:23+00:00","og_image":[{"width":1500,"height":993,"url":"https:\/\/digital58.com.ve\/site\/wp-content\/uploads\/2018\/02\/zamora-lara.jpg","type":"image\/jpeg"}],"author":"Villasmil Henry","twitter_card":"summary_large_image","twitter_creator":"@https:\/\/twitter.com\/villasmilhfoto","twitter_site":"@villasmilhfoto","twitter_misc":{"Escrito por":"Villasmil Henry","Tiempo estimado de lectura":"3 minutos"},"schema":{"@context":"https:\/\/schema.org","@graph":[{"@type":"Article","@id":"https:\/\/digital58.com.ve\/site\/2018\/02\/04\/liga-futve-zamora-fc-igualo-ante-deportivo-lara-en-la-carolina\/#article","isPartOf":{"@id":"https:\/\/digital58.com.ve\/site\/2018\/02\/04\/liga-futve-zamora-fc-igualo-ante-deportivo-lara-en-la-carolina\/"},"author":{"name":"Villasmil Henry","@id":"https:\/\/digital58.com.ve\/site\/#\/schema\/person\/64d1c2e4d0d4fd1b849980c4331c2951"},"headline":"Liga F\u00fatVe: Zamora FC igual\u00f3 ante Deportivo Lara en \u00abLa Carolina\u00bb","datePublished":"2018-02-04T16:35:23+00:00","mainEntityOfPage":{"@id":"https:\/\/digital58.com.ve\/site\/2018\/02\/04\/liga-futve-zamora-fc-igualo-ante-deportivo-lara-en-la-carolina\/"},"wordCount":572,"commentCount":0,"publisher":{"@id":"https:\/\/digital58.com.ve\/site\/#\/schema\/person\/64d1c2e4d0d4fd1b849980c4331c2951"},"image":{"@id":"https:\/\/digital58.com.ve\/site\/2018\/02\/04\/liga-futve-zamora-fc-igualo-ante-deportivo-lara-en-la-carolina\/#primaryimage"},"thumbnailUrl":"https:\/\/digital58.com.ve\/site\/wp-content\/uploads\/2018\/02\/zamora-lara.jpg","keywords":["Barinas","Deportivo Lara F\u00fatbol Club","F\u00fatbol","F\u00fatbol Venezolano","Futve","FVF","Liga F\u00fatVe","Liga F\u00fatVe 2018","Nacionales","Primera Divisi\u00f3n","Torneo Apertura 2018","Venezuela","Zamora F\u00fatbol Club"],"articleSection":["Deportes"],"inLanguage":"es","potentialAction":[{"@type":"CommentAction","name":"Comment","target":["https:\/\/digital58.com.ve\/site\/2018\/02\/04\/liga-futve-zamora-fc-igualo-ante-deportivo-lara-en-la-carolina\/#respond"]}]},{"@type":"WebPage","@id":"https:\/\/digital58.com.ve\/site\/2018\/02\/04\/liga-futve-zamora-fc-igualo-ante-deportivo-lara-en-la-carolina\/","url":"https:\/\/digital58.com.ve\/site\/2018\/02\/04\/liga-futve-zamora-fc-igualo-ante-deportivo-lara-en-la-carolina\/","name":"Liga F\u00fatVe: Zamora FC igual\u00f3 ante Deportivo Lara en \u00abLa Carolina\u00bb","isPartOf":{"@id":"https:\/\/digital58.com.ve\/site\/#website"},"primaryImageOfPage":{"@id":"https:\/\/digital58.com.ve\/site\/2018\/02\/04\/liga-futve-zamora-fc-igualo-ante-deportivo-lara-en-la-carolina\/#primaryimage"},"image":{"@id":"https:\/\/digital58.com.ve\/site\/2018\/02\/04\/liga-futve-zamora-fc-igualo-ante-deportivo-lara-en-la-carolina\/#primaryimage"},"thumbnailUrl":"https:\/\/digital58.com.ve\/site\/wp-content\/uploads\/2018\/02\/zamora-lara.jpg","datePublished":"2018-02-04T16:35:23+00:00","breadcrumb":{"@id":"https:\/\/digital58.com.ve\/site\/2018\/02\/04\/liga-futve-zamora-fc-igualo-ante-deportivo-lara-en-la-carolina\/#breadcrumb"},"inLanguage":"es","potentialAction":[{"@type":"ReadAction","target":["https:\/\/digital58.com.ve\/site\/2018\/02\/04\/liga-futve-zamora-fc-igualo-ante-deportivo-lara-en-la-carolina\/"]}]},{"@type":"ImageObject","inLanguage":"es","@id":"https:\/\/digital58.com.ve\/site\/2018\/02\/04\/liga-futve-zamora-fc-igualo-ante-deportivo-lara-en-la-carolina\/#primaryimage","url":"https:\/\/digital58.com.ve\/site\/wp-content\/uploads\/2018\/02\/zamora-lara.jpg","contentUrl":"https:\/\/digital58.com.ve\/site\/wp-content\/uploads\/2018\/02\/zamora-lara.jpg","width":800,"height":530},{"@type":"BreadcrumbList","@id":"https:\/\/digital58.com.ve\/site\/2018\/02\/04\/liga-futve-zamora-fc-igualo-ante-deportivo-lara-en-la-carolina\/#breadcrumb","itemListElement":[{"@type":"ListItem","position":1,"name":"Home","item":"https:\/\/digital58.com.ve\/site\/"},{"@type":"ListItem","position":2,"name":"Liga F\u00fatVe: Zamora FC igual\u00f3 ante Deportivo Lara en \u00abLa Carolina\u00bb"}]},{"@type":"WebSite","@id":"https:\/\/digital58.com.ve\/site\/#website","url":"https:\/\/digital58.com.ve\/site\/","name":"Noticias Digital58","description":"Portal de Noticias \u00a1Periodismo web de verdad! Lanzamiento web 22.11.2005 \/ Maracaibo, Venezuela","publisher":{"@id":"https:\/\/digital58.com.ve\/site\/#\/schema\/person\/64d1c2e4d0d4fd1b849980c4331c2951"},"alternateName":"ND58","potentialAction":[{"@type":"SearchAction","target":{"@type":"EntryPoint","urlTemplate":"https:\/\/digital58.com.ve\/site\/?s={search_term_string}"},"query-input":{"@type":"PropertyValueSpecification","valueRequired":true,"valueName":"search_term_string"}}],"inLanguage":"es"},{"@type":["Person","Organization"],"@id":"https:\/\/digital58.com.ve\/site\/#\/schema\/person\/64d1c2e4d0d4fd1b849980c4331c2951","name":"Villasmil Henry","image":{"@type":"ImageObject","inLanguage":"es","@id":"https:\/\/secure.gravatar.com\/avatar\/bb0c4a2fcb7970138239f7e404ea75757b1b507b28b5ce4c53fbd62d797c5a7c?s=96&d=mm&r=g","url":"https:\/\/secure.gravatar.com\/avatar\/bb0c4a2fcb7970138239f7e404ea75757b1b507b28b5ce4c53fbd62d797c5a7c?s=96&d=mm&r=g","contentUrl":"https:\/\/secure.gravatar.com\/avatar\/bb0c4a2fcb7970138239f7e404ea75757b1b507b28b5ce4c53fbd62d797c5a7c?s=96&d=mm&r=g","caption":"Villasmil Henry"},"logo":{"@id":"https:\/\/secure.gravatar.com\/avatar\/bb0c4a2fcb7970138239f7e404ea75757b1b507b28b5ce4c53fbd62d797c5a7c?s=96&d=mm&r=g"},"sameAs":["http:\/\/www.henryvillasmil.com.ve","https:\/\/www.instagram.com\/villasmilhfoto\/","https:\/\/x.com\/https:\/\/twitter.com\/villasmilhfoto"],"url":"https:\/\/digital58.com.ve\/site\/author\/droopy_68\/"}]}},"uagb_featured_image_src":{"full":["https:\/\/digital58.com.ve\/site\/wp-content\/uploads\/2018\/02\/zamora-lara.jpg",800,530,false],"thumbnail":["https:\/\/digital58.com.ve\/site\/wp-content\/uploads\/2018\/02\/zamora-lara-150x150.jpg",150,150,true],"medium":["https:\/\/digital58.com.ve\/site\/wp-content\/uploads\/2018\/02\/zamora-lara-300x199.jpg",300,199,true],"medium_large":["https:\/\/digital58.com.ve\/site\/wp-content\/uploads\/2018\/02\/zamora-lara-768x508.jpg",768,508,true],"large":["https:\/\/digital58.com.ve\/site\/wp-content\/uploads\/2018\/02\/zamora-lara-1500x993.jpg",800,530,true],"1536x1536":["https:\/\/digital58.com.ve\/site\/wp-content\/uploads\/2018\/02\/zamora-lara.jpg",800,530,false],"2048x2048":["https:\/\/digital58.com.ve\/site\/wp-content\/uploads\/2018\/02\/zamora-lara.jpg",800,530,false],"colormag-highlighted-post":["https:\/\/digital58.com.ve\/site\/wp-content\/uploads\/2018\/02\/zamora-lara.jpg",392,260,false],"colormag-featured-post-medium":["https:\/\/digital58.com.ve\/site\/wp-content\/uploads\/2018\/02\/zamora-lara.jpg",309,205,false],"colormag-featured-post-small":["https:\/\/digital58.com.ve\/site\/wp-content\/uploads\/2018\/02\/zamora-lara.jpg",130,86,false],"colormag-featured-image":["https:\/\/digital58.com.ve\/site\/wp-content\/uploads\/2018\/02\/zamora-lara.jpg",672,445,false],"colormag-default-news":["https:\/\/digital58.com.ve\/site\/wp-content\/uploads\/2018\/02\/zamora-lara.jpg",150,99,false],"colormag-featured-image-large":["https:\/\/digital58.com.ve\/site\/wp-content\/uploads\/2018\/02\/zamora-lara.jpg",800,530,false]},"uagb_author_info":{"display_name":"Villasmil Henry","author_link":"https:\/\/digital58.com.ve\/site\/author\/droopy_68\/"},"uagb_comment_info":0,"uagb_excerpt":"Un empate sin goles fue lo que dej\u00f3 la segunda jornada del torneo Apertura 2018 para Zamora F\u00fatbol Club, los","_links":{"self":[{"href":"https:\/\/digital58.com.ve\/site\/wp-json\/wp\/v2\/posts\/76406","targetHints":{"allow":["GET"]}}],"collection":[{"href":"https:\/\/digital58.com.ve\/site\/wp-json\/wp\/v2\/posts"}],"about":[{"href":"https:\/\/digital58.com.ve\/site\/wp-json\/wp\/v2\/types\/post"}],"author":[{"embeddable":true,"href":"https:\/\/digital58.com.ve\/site\/wp-json\/wp\/v2\/users\/1"}],"replies":[{"embeddable":true,"href":"https:\/\/digital58.com.ve\/site\/wp-json\/wp\/v2\/comments?post=76406"}],"version-history":[{"count":0,"href":"https:\/\/digital58.com.ve\/site\/wp-json\/wp\/v2\/posts\/76406\/revisions"}],"wp:featuredmedia":[{"embeddable":true,"href":"https:\/\/digital58.com.ve\/site\/wp-json\/wp\/v2\/media\/76409"}],"wp:attachment":[{"href":"https:\/\/digital58.com.ve\/site\/wp-json\/wp\/v2\/media?parent=76406"}],"wp:term":[{"taxonomy":"category","embeddable":true,"href":"https:\/\/digital58.com.ve\/site\/wp-json\/wp\/v2\/categories?post=76406"},{"taxonomy":"post_tag","embeddable":true,"href":"https:\/\/digital58.com.ve\/site\/wp-json\/wp\/v2\/tags?post=76406"}],"curies":[{"name":"wp","href":"https:\/\/api.w.org\/{rel}","templated":true}]}}