{"id":76861,"date":"2018-02-17T15:57:51","date_gmt":"2018-02-17T19:57:51","guid":{"rendered":"http:\/\/digital58.com.ve\/site\/?p=76861"},"modified":"2018-02-18T09:30:17","modified_gmt":"2018-02-18T13:30:17","slug":"la-forma-del-agua-es-una-de-las-favoritas-en-los-premios-bafta","status":"publish","type":"post","link":"https:\/\/digital58.com.ve\/site\/2018\/02\/17\/la-forma-del-agua-es-una-de-las-favoritas-en-los-premios-bafta\/","title":{"rendered":"\u00abLa Forma del Agua\u00bb es una de las favoritas en los premios Bafta"},"content":{"rendered":"<p><a href=\"http:\/\/digital58.com.ve\/site\/wp-content\/uploads\/2018\/02\/La-forma-del-agua.jpg\"><img loading=\"lazy\" decoding=\"async\" class=\"aligncenter size-large wp-image-76862\" src=\"http:\/\/digital58.com.ve\/site\/wp-content\/uploads\/2018\/02\/La-forma-del-agua-1500x800.jpg\" alt=\"\" width=\"640\" height=\"341\" srcset=\"https:\/\/digital58.com.ve\/site\/wp-content\/uploads\/2018\/02\/La-forma-del-agua-1500x800.jpg 1500w, https:\/\/digital58.com.ve\/site\/wp-content\/uploads\/2018\/02\/La-forma-del-agua-300x160.jpg 300w, https:\/\/digital58.com.ve\/site\/wp-content\/uploads\/2018\/02\/La-forma-del-agua-768x410.jpg 768w, https:\/\/digital58.com.ve\/site\/wp-content\/uploads\/2018\/02\/La-forma-del-agua.jpg 800w\" sizes=\"auto, (max-width: 640px) 100vw, 640px\" \/><\/a><\/p>\n<p>La pel\u00edcula \u00abLa Forma del Agua\u00bb, del mexicano Guillermo del Toro, partir\u00e1\u00a0ma\u00f1ana \u00a0como favorita en la 71\u00aa edici\u00f3n de los premios Bafta, considerados la antesala de los \u00d3scar de Hollywood. En \u00a0la competencia, la cinta se medir\u00e1 con \u00abThree\u00a0<span id=\"IL_AD11\" class=\"IL_AD\">Billboards<\/span> Outside Ebbing, Missouri\u00bb\u00a0y \u00abDarkest Hour\u00bb.<\/p>\n<p><strong>Londres, 17 de febrero de 2018 (D58).-<\/strong> Los galardones de la Academia Brit\u00e1nica de las Artes Cinematogr\u00e1ficas y de la Televisi\u00f3n (<span id=\"IL_AD9\" class=\"IL_AD\">Bafta<\/span>), volver\u00e1n a entregarse un a\u00f1o m\u00e1s en el ic\u00f3nico Royal <span id=\"IL_AD3\" class=\"IL_AD\">Albert\u00a0<\/span>Hall de Londres,\u00a0y la presentaci\u00f3n estar\u00e1 a cargo de la actriz Joanna Lumley, primera mujer en ejercer de maestro de ceremonias desde 2001.<\/p>\n<p>La historia de <span id=\"IL_AD5\" class=\"IL_AD\">amor imposible<\/span> entre Elisa Esposito (Sally Hawkins) y una criatura humanoide-anfibia (Doug Jones) en el <span id=\"IL_AD10\" class=\"IL_AD\">Baltimore<\/span> (EEUU) de 1962, en plena Guerra Fr\u00eda, que ha sido un \u00e9xito de p\u00fablico y taquilla, aspira a 12 m\u00e1scaras, entre ellas las de mejor pel\u00edcula, mejor director, mejor actriz, mejor actriz secundaria y mejor gui\u00f3n original.<\/p>\n<p>La cinta fue la gran\u00a0triunfadora en la \u00faltima edici\u00f3n de los Globos de Oro y suma 13 nominaciones a los \u00d3scar. Para estos premios compite con \u00abThree Billboards Outside Ebbing, Missouri\u00bb, \u201cDarkest Hour\u201d, \u00abCall Me By Your Name\u00bb y \u00abDunkirk\u00bb.<\/p>\n<p>Que son una estatuilla dorada con forma de m\u00e1scara y se otorgan desde 1949, volver\u00e1n a entregarse un a\u00f1o m\u00e1s en el ic\u00f3nico Royal <span id=\"IL_AD3\" class=\"IL_AD\">Albert<\/span>Hall de Londres, y la presentaci\u00f3n estar\u00e1 a cargo de la actriz Joanna Lumley, primera mujer en ejercer de maestro de ceremonias desde 2001.<\/p>\n<p>Los premios Bafta se otorgan desde 1949, dos a\u00f1os despu\u00e9s de la fundaci\u00f3n de la Academia, y su galard\u00f3n es una estatuilla dorada en forma de m\u00e1scara.<\/p>\n<p><strong>Redacci\u00f3n con fuente: EFE<br \/>\n<\/strong><strong>Edici\u00f3n: Pulgar, Silanny (@sila_pulgar)<br \/>\n<\/strong><strong>Gr\u00e1fica: Cortes\u00eda<\/strong><\/p>\n<p><a href=\"http:\/\/digital58.com.ve\/site\/wp-content\/uploads\/2018\/02\/La-forma-del-agua-2.jpg\"><img loading=\"lazy\" decoding=\"async\" class=\"aligncenter size-full wp-image-76863\" src=\"http:\/\/digital58.com.ve\/site\/wp-content\/uploads\/2018\/02\/La-forma-del-agua-2.jpg\" alt=\"\" width=\"1140\" height=\"712\" srcset=\"https:\/\/digital58.com.ve\/site\/wp-content\/uploads\/2018\/02\/La-forma-del-agua-2.jpg 800w, https:\/\/digital58.com.ve\/site\/wp-content\/uploads\/2018\/02\/La-forma-del-agua-2-300x187.jpg 300w, https:\/\/digital58.com.ve\/site\/wp-content\/uploads\/2018\/02\/La-forma-del-agua-2-768x480.jpg 768w\" sizes=\"auto, (max-width: 1140px) 100vw, 1140px\" \/><\/a><\/p><div class=\"fwvao69f4b82200497\" ><p style=\"text-align: center;\"><a href=\"https:\/\/t.me\/noticiasdigital58\" target=\"_blank\" rel=\"noopener\"><img class=\"aligncenter size-full wp-image-125363\" src=\"https:\/\/digital58.com.ve\/site\/wp-content\/uploads\/2021\/04\/banner-telegram-web-2021.png\" alt=\"\" width=\"600\" height=\"90\" \/><\/a><\/p><\/div><style type=\"text\/css\">\r\n@media screen and (min-width: 1201px) {\r\n.fwvao69f4b82200497 {\r\ndisplay: block;\r\n}\r\n}\r\n@media screen and (min-width: 993px) and (max-width: 1200px) {\r\n.fwvao69f4b82200497 {\r\ndisplay: block;\r\n}\r\n}\r\n@media screen and (min-width: 769px) and (max-width: 992px) {\r\n.fwvao69f4b82200497 {\r\ndisplay: block;\r\n}\r\n}\r\n@media screen and (min-width: 768px) and (max-width: 768px) {\r\n.fwvao69f4b82200497 {\r\ndisplay: block;\r\n}\r\n}\r\n@media screen and (max-width: 767px) {\r\n.fwvao69f4b82200497 {\r\ndisplay: block;\r\n}\r\n}\r\n<\/style>\r\n\n<p>&nbsp;<\/p>\n<div style=\"margin-top: 0px; margin-bottom: 0px;\" class=\"sharethis-inline-share-buttons\" ><\/div>","protected":false},"excerpt":{"rendered":"<p>La pel\u00edcula \u00abLa Forma del Agua\u00bb, del mexicano Guillermo del Toro, partir\u00e1\u00a0ma\u00f1ana \u00a0como favorita en la 71\u00aa edici\u00f3n de los<\/p>\n","protected":false},"author":1,"featured_media":76862,"comment_status":"open","ping_status":"closed","sticky":false,"template":"","format":"standard","meta":{"colormag_page_container_layout":"default_layout","colormag_page_sidebar_layout":"default_layout","_uag_custom_page_level_css":"","footnotes":""},"categories":[1],"tags":[46,50,7045,8,8662,1215,72,1687,10527],"class_list":["post-76861","post","type-post","status-publish","format-standard","has-post-thumbnail","hentry","category-fama","tag-cine","tag-entretenimiento","tag-guillermo-del-toro","tag-internacionales","tag-la-forma-del-agua","tag-londres","tag-peliculas","tag-premios-bafta","tag-the-shape-of-wather"],"yoast_head":"<!-- This site is optimized with the Yoast SEO plugin v27.5 - https:\/\/yoast.com\/product\/yoast-seo-wordpress\/ -->\n<title>\u00abLa Forma del Agua\u00bb es una de las favoritas en los premios Bafta<\/title>\n<meta name=\"robots\" content=\"index, follow, max-snippet:-1, max-image-preview:large, max-video-preview:-1\" \/>\n<link rel=\"canonical\" href=\"https:\/\/digital58.com.ve\/site\/2018\/02\/17\/la-forma-del-agua-es-una-de-las-favoritas-en-los-premios-bafta\/\" \/>\n<meta property=\"og:locale\" content=\"es_ES\" \/>\n<meta property=\"og:type\" content=\"article\" \/>\n<meta property=\"og:title\" content=\"\u00abLa Forma del Agua\u00bb es una de las favoritas en los premios Bafta\" \/>\n<meta property=\"og:url\" content=\"https:\/\/digital58.com.ve\/site\/2018\/02\/17\/la-forma-del-agua-es-una-de-las-favoritas-en-los-premios-bafta\/\" \/>\n<meta property=\"og:site_name\" content=\"Noticias Digital58\" \/>\n<meta property=\"article:published_time\" content=\"2018-02-17T19:57:51+00:00\" \/>\n<meta property=\"article:modified_time\" content=\"2018-02-18T13:30:17+00:00\" \/>\n<meta property=\"og:image\" content=\"https:\/\/digital58.com.ve\/site\/wp-content\/uploads\/2018\/02\/La-forma-del-agua.jpg\" \/>\n\t<meta property=\"og:image:width\" content=\"1500\" \/>\n\t<meta property=\"og:image:height\" content=\"800\" \/>\n\t<meta property=\"og:image:type\" content=\"image\/jpeg\" \/>\n<meta name=\"author\" content=\"Villasmil Henry\" \/>\n<meta name=\"twitter:card\" content=\"summary_large_image\" \/>\n<meta name=\"twitter:creator\" content=\"@https:\/\/twitter.com\/villasmilhfoto\" \/>\n<meta name=\"twitter:site\" content=\"@villasmilhfoto\" \/>\n<meta name=\"twitter:label1\" content=\"Escrito por\" \/>\n\t<meta name=\"twitter:data1\" content=\"Villasmil Henry\" \/>\n\t<meta name=\"twitter:label2\" content=\"Tiempo estimado de lectura\" \/>\n\t<meta name=\"twitter:data2\" content=\"2 minutos\" \/>\n<script type=\"application\/ld+json\" class=\"yoast-schema-graph\">{\"@context\":\"https:\\\/\\\/schema.org\",\"@graph\":[{\"@type\":\"Article\",\"@id\":\"https:\\\/\\\/digital58.com.ve\\\/site\\\/2018\\\/02\\\/17\\\/la-forma-del-agua-es-una-de-las-favoritas-en-los-premios-bafta\\\/#article\",\"isPartOf\":{\"@id\":\"https:\\\/\\\/digital58.com.ve\\\/site\\\/2018\\\/02\\\/17\\\/la-forma-del-agua-es-una-de-las-favoritas-en-los-premios-bafta\\\/\"},\"author\":{\"name\":\"Villasmil Henry\",\"@id\":\"https:\\\/\\\/digital58.com.ve\\\/site\\\/#\\\/schema\\\/person\\\/64d1c2e4d0d4fd1b849980c4331c2951\"},\"headline\":\"\u00abLa Forma del Agua\u00bb es una de las favoritas en los premios Bafta\",\"datePublished\":\"2018-02-17T19:57:51+00:00\",\"dateModified\":\"2018-02-18T13:30:17+00:00\",\"mainEntityOfPage\":{\"@id\":\"https:\\\/\\\/digital58.com.ve\\\/site\\\/2018\\\/02\\\/17\\\/la-forma-del-agua-es-una-de-las-favoritas-en-los-premios-bafta\\\/\"},\"wordCount\":324,\"commentCount\":0,\"publisher\":{\"@id\":\"https:\\\/\\\/digital58.com.ve\\\/site\\\/#\\\/schema\\\/person\\\/64d1c2e4d0d4fd1b849980c4331c2951\"},\"image\":{\"@id\":\"https:\\\/\\\/digital58.com.ve\\\/site\\\/2018\\\/02\\\/17\\\/la-forma-del-agua-es-una-de-las-favoritas-en-los-premios-bafta\\\/#primaryimage\"},\"thumbnailUrl\":\"https:\\\/\\\/digital58.com.ve\\\/site\\\/wp-content\\\/uploads\\\/2018\\\/02\\\/La-forma-del-agua.jpg\",\"keywords\":[\"Cine\",\"Entretenimiento\",\"Guillermo del Toro\",\"Internacionales\",\"La Forma del Agua\",\"Londres\",\"Pel\u00edculas\",\"Premios Bafta\",\"The Shape of Wather\"],\"articleSection\":[\"Fama\"],\"inLanguage\":\"es\",\"potentialAction\":[{\"@type\":\"CommentAction\",\"name\":\"Comment\",\"target\":[\"https:\\\/\\\/digital58.com.ve\\\/site\\\/2018\\\/02\\\/17\\\/la-forma-del-agua-es-una-de-las-favoritas-en-los-premios-bafta\\\/#respond\"]}]},{\"@type\":\"WebPage\",\"@id\":\"https:\\\/\\\/digital58.com.ve\\\/site\\\/2018\\\/02\\\/17\\\/la-forma-del-agua-es-una-de-las-favoritas-en-los-premios-bafta\\\/\",\"url\":\"https:\\\/\\\/digital58.com.ve\\\/site\\\/2018\\\/02\\\/17\\\/la-forma-del-agua-es-una-de-las-favoritas-en-los-premios-bafta\\\/\",\"name\":\"\u00abLa Forma del Agua\u00bb es una de las favoritas en los premios Bafta\",\"isPartOf\":{\"@id\":\"https:\\\/\\\/digital58.com.ve\\\/site\\\/#website\"},\"primaryImageOfPage\":{\"@id\":\"https:\\\/\\\/digital58.com.ve\\\/site\\\/2018\\\/02\\\/17\\\/la-forma-del-agua-es-una-de-las-favoritas-en-los-premios-bafta\\\/#primaryimage\"},\"image\":{\"@id\":\"https:\\\/\\\/digital58.com.ve\\\/site\\\/2018\\\/02\\\/17\\\/la-forma-del-agua-es-una-de-las-favoritas-en-los-premios-bafta\\\/#primaryimage\"},\"thumbnailUrl\":\"https:\\\/\\\/digital58.com.ve\\\/site\\\/wp-content\\\/uploads\\\/2018\\\/02\\\/La-forma-del-agua.jpg\",\"datePublished\":\"2018-02-17T19:57:51+00:00\",\"dateModified\":\"2018-02-18T13:30:17+00:00\",\"breadcrumb\":{\"@id\":\"https:\\\/\\\/digital58.com.ve\\\/site\\\/2018\\\/02\\\/17\\\/la-forma-del-agua-es-una-de-las-favoritas-en-los-premios-bafta\\\/#breadcrumb\"},\"inLanguage\":\"es\",\"potentialAction\":[{\"@type\":\"ReadAction\",\"target\":[\"https:\\\/\\\/digital58.com.ve\\\/site\\\/2018\\\/02\\\/17\\\/la-forma-del-agua-es-una-de-las-favoritas-en-los-premios-bafta\\\/\"]}]},{\"@type\":\"ImageObject\",\"inLanguage\":\"es\",\"@id\":\"https:\\\/\\\/digital58.com.ve\\\/site\\\/2018\\\/02\\\/17\\\/la-forma-del-agua-es-una-de-las-favoritas-en-los-premios-bafta\\\/#primaryimage\",\"url\":\"https:\\\/\\\/digital58.com.ve\\\/site\\\/wp-content\\\/uploads\\\/2018\\\/02\\\/La-forma-del-agua.jpg\",\"contentUrl\":\"https:\\\/\\\/digital58.com.ve\\\/site\\\/wp-content\\\/uploads\\\/2018\\\/02\\\/La-forma-del-agua.jpg\",\"width\":800,\"height\":427},{\"@type\":\"BreadcrumbList\",\"@id\":\"https:\\\/\\\/digital58.com.ve\\\/site\\\/2018\\\/02\\\/17\\\/la-forma-del-agua-es-una-de-las-favoritas-en-los-premios-bafta\\\/#breadcrumb\",\"itemListElement\":[{\"@type\":\"ListItem\",\"position\":1,\"name\":\"Home\",\"item\":\"https:\\\/\\\/digital58.com.ve\\\/site\\\/\"},{\"@type\":\"ListItem\",\"position\":2,\"name\":\"\u00abLa Forma del Agua\u00bb es una de las favoritas en los premios Bafta\"}]},{\"@type\":\"WebSite\",\"@id\":\"https:\\\/\\\/digital58.com.ve\\\/site\\\/#website\",\"url\":\"https:\\\/\\\/digital58.com.ve\\\/site\\\/\",\"name\":\"Noticias Digital58\",\"description\":\"Portal de Noticias \u00a1Periodismo web de verdad! Lanzamiento web 22.11.2005 \\\/ Maracaibo, Venezuela\",\"publisher\":{\"@id\":\"https:\\\/\\\/digital58.com.ve\\\/site\\\/#\\\/schema\\\/person\\\/64d1c2e4d0d4fd1b849980c4331c2951\"},\"alternateName\":\"ND58\",\"potentialAction\":[{\"@type\":\"SearchAction\",\"target\":{\"@type\":\"EntryPoint\",\"urlTemplate\":\"https:\\\/\\\/digital58.com.ve\\\/site\\\/?s={search_term_string}\"},\"query-input\":{\"@type\":\"PropertyValueSpecification\",\"valueRequired\":true,\"valueName\":\"search_term_string\"}}],\"inLanguage\":\"es\"},{\"@type\":[\"Person\",\"Organization\"],\"@id\":\"https:\\\/\\\/digital58.com.ve\\\/site\\\/#\\\/schema\\\/person\\\/64d1c2e4d0d4fd1b849980c4331c2951\",\"name\":\"Villasmil Henry\",\"image\":{\"@type\":\"ImageObject\",\"inLanguage\":\"es\",\"@id\":\"https:\\\/\\\/secure.gravatar.com\\\/avatar\\\/bb0c4a2fcb7970138239f7e404ea75757b1b507b28b5ce4c53fbd62d797c5a7c?s=96&d=mm&r=g\",\"url\":\"https:\\\/\\\/secure.gravatar.com\\\/avatar\\\/bb0c4a2fcb7970138239f7e404ea75757b1b507b28b5ce4c53fbd62d797c5a7c?s=96&d=mm&r=g\",\"contentUrl\":\"https:\\\/\\\/secure.gravatar.com\\\/avatar\\\/bb0c4a2fcb7970138239f7e404ea75757b1b507b28b5ce4c53fbd62d797c5a7c?s=96&d=mm&r=g\",\"caption\":\"Villasmil Henry\"},\"logo\":{\"@id\":\"https:\\\/\\\/secure.gravatar.com\\\/avatar\\\/bb0c4a2fcb7970138239f7e404ea75757b1b507b28b5ce4c53fbd62d797c5a7c?s=96&d=mm&r=g\"},\"sameAs\":[\"http:\\\/\\\/www.henryvillasmil.com.ve\",\"https:\\\/\\\/www.instagram.com\\\/villasmilhfoto\\\/\",\"https:\\\/\\\/x.com\\\/https:\\\/\\\/twitter.com\\\/villasmilhfoto\"],\"url\":\"https:\\\/\\\/digital58.com.ve\\\/site\\\/author\\\/droopy_68\\\/\"}]}<\/script>\n<!-- \/ Yoast SEO plugin. -->","yoast_head_json":{"title":"\u00abLa Forma del Agua\u00bb es una de las favoritas en los premios Bafta","robots":{"index":"index","follow":"follow","max-snippet":"max-snippet:-1","max-image-preview":"max-image-preview:large","max-video-preview":"max-video-preview:-1"},"canonical":"https:\/\/digital58.com.ve\/site\/2018\/02\/17\/la-forma-del-agua-es-una-de-las-favoritas-en-los-premios-bafta\/","og_locale":"es_ES","og_type":"article","og_title":"\u00abLa Forma del Agua\u00bb es una de las favoritas en los premios Bafta","og_url":"https:\/\/digital58.com.ve\/site\/2018\/02\/17\/la-forma-del-agua-es-una-de-las-favoritas-en-los-premios-bafta\/","og_site_name":"Noticias Digital58","article_published_time":"2018-02-17T19:57:51+00:00","article_modified_time":"2018-02-18T13:30:17+00:00","og_image":[{"width":1500,"height":800,"url":"https:\/\/digital58.com.ve\/site\/wp-content\/uploads\/2018\/02\/La-forma-del-agua.jpg","type":"image\/jpeg"}],"author":"Villasmil Henry","twitter_card":"summary_large_image","twitter_creator":"@https:\/\/twitter.com\/villasmilhfoto","twitter_site":"@villasmilhfoto","twitter_misc":{"Escrito por":"Villasmil Henry","Tiempo estimado de lectura":"2 minutos"},"schema":{"@context":"https:\/\/schema.org","@graph":[{"@type":"Article","@id":"https:\/\/digital58.com.ve\/site\/2018\/02\/17\/la-forma-del-agua-es-una-de-las-favoritas-en-los-premios-bafta\/#article","isPartOf":{"@id":"https:\/\/digital58.com.ve\/site\/2018\/02\/17\/la-forma-del-agua-es-una-de-las-favoritas-en-los-premios-bafta\/"},"author":{"name":"Villasmil Henry","@id":"https:\/\/digital58.com.ve\/site\/#\/schema\/person\/64d1c2e4d0d4fd1b849980c4331c2951"},"headline":"\u00abLa Forma del Agua\u00bb es una de las favoritas en los premios Bafta","datePublished":"2018-02-17T19:57:51+00:00","dateModified":"2018-02-18T13:30:17+00:00","mainEntityOfPage":{"@id":"https:\/\/digital58.com.ve\/site\/2018\/02\/17\/la-forma-del-agua-es-una-de-las-favoritas-en-los-premios-bafta\/"},"wordCount":324,"commentCount":0,"publisher":{"@id":"https:\/\/digital58.com.ve\/site\/#\/schema\/person\/64d1c2e4d0d4fd1b849980c4331c2951"},"image":{"@id":"https:\/\/digital58.com.ve\/site\/2018\/02\/17\/la-forma-del-agua-es-una-de-las-favoritas-en-los-premios-bafta\/#primaryimage"},"thumbnailUrl":"https:\/\/digital58.com.ve\/site\/wp-content\/uploads\/2018\/02\/La-forma-del-agua.jpg","keywords":["Cine","Entretenimiento","Guillermo del Toro","Internacionales","La Forma del Agua","Londres","Pel\u00edculas","Premios Bafta","The Shape of Wather"],"articleSection":["Fama"],"inLanguage":"es","potentialAction":[{"@type":"CommentAction","name":"Comment","target":["https:\/\/digital58.com.ve\/site\/2018\/02\/17\/la-forma-del-agua-es-una-de-las-favoritas-en-los-premios-bafta\/#respond"]}]},{"@type":"WebPage","@id":"https:\/\/digital58.com.ve\/site\/2018\/02\/17\/la-forma-del-agua-es-una-de-las-favoritas-en-los-premios-bafta\/","url":"https:\/\/digital58.com.ve\/site\/2018\/02\/17\/la-forma-del-agua-es-una-de-las-favoritas-en-los-premios-bafta\/","name":"\u00abLa Forma del Agua\u00bb es una de las favoritas en los premios Bafta","isPartOf":{"@id":"https:\/\/digital58.com.ve\/site\/#website"},"primaryImageOfPage":{"@id":"https:\/\/digital58.com.ve\/site\/2018\/02\/17\/la-forma-del-agua-es-una-de-las-favoritas-en-los-premios-bafta\/#primaryimage"},"image":{"@id":"https:\/\/digital58.com.ve\/site\/2018\/02\/17\/la-forma-del-agua-es-una-de-las-favoritas-en-los-premios-bafta\/#primaryimage"},"thumbnailUrl":"https:\/\/digital58.com.ve\/site\/wp-content\/uploads\/2018\/02\/La-forma-del-agua.jpg","datePublished":"2018-02-17T19:57:51+00:00","dateModified":"2018-02-18T13:30:17+00:00","breadcrumb":{"@id":"https:\/\/digital58.com.ve\/site\/2018\/02\/17\/la-forma-del-agua-es-una-de-las-favoritas-en-los-premios-bafta\/#breadcrumb"},"inLanguage":"es","potentialAction":[{"@type":"ReadAction","target":["https:\/\/digital58.com.ve\/site\/2018\/02\/17\/la-forma-del-agua-es-una-de-las-favoritas-en-los-premios-bafta\/"]}]},{"@type":"ImageObject","inLanguage":"es","@id":"https:\/\/digital58.com.ve\/site\/2018\/02\/17\/la-forma-del-agua-es-una-de-las-favoritas-en-los-premios-bafta\/#primaryimage","url":"https:\/\/digital58.com.ve\/site\/wp-content\/uploads\/2018\/02\/La-forma-del-agua.jpg","contentUrl":"https:\/\/digital58.com.ve\/site\/wp-content\/uploads\/2018\/02\/La-forma-del-agua.jpg","width":800,"height":427},{"@type":"BreadcrumbList","@id":"https:\/\/digital58.com.ve\/site\/2018\/02\/17\/la-forma-del-agua-es-una-de-las-favoritas-en-los-premios-bafta\/#breadcrumb","itemListElement":[{"@type":"ListItem","position":1,"name":"Home","item":"https:\/\/digital58.com.ve\/site\/"},{"@type":"ListItem","position":2,"name":"\u00abLa Forma del Agua\u00bb es una de las favoritas en los premios Bafta"}]},{"@type":"WebSite","@id":"https:\/\/digital58.com.ve\/site\/#website","url":"https:\/\/digital58.com.ve\/site\/","name":"Noticias Digital58","description":"Portal de Noticias \u00a1Periodismo web de verdad! Lanzamiento web 22.11.2005 \/ Maracaibo, Venezuela","publisher":{"@id":"https:\/\/digital58.com.ve\/site\/#\/schema\/person\/64d1c2e4d0d4fd1b849980c4331c2951"},"alternateName":"ND58","potentialAction":[{"@type":"SearchAction","target":{"@type":"EntryPoint","urlTemplate":"https:\/\/digital58.com.ve\/site\/?s={search_term_string}"},"query-input":{"@type":"PropertyValueSpecification","valueRequired":true,"valueName":"search_term_string"}}],"inLanguage":"es"},{"@type":["Person","Organization"],"@id":"https:\/\/digital58.com.ve\/site\/#\/schema\/person\/64d1c2e4d0d4fd1b849980c4331c2951","name":"Villasmil Henry","image":{"@type":"ImageObject","inLanguage":"es","@id":"https:\/\/secure.gravatar.com\/avatar\/bb0c4a2fcb7970138239f7e404ea75757b1b507b28b5ce4c53fbd62d797c5a7c?s=96&d=mm&r=g","url":"https:\/\/secure.gravatar.com\/avatar\/bb0c4a2fcb7970138239f7e404ea75757b1b507b28b5ce4c53fbd62d797c5a7c?s=96&d=mm&r=g","contentUrl":"https:\/\/secure.gravatar.com\/avatar\/bb0c4a2fcb7970138239f7e404ea75757b1b507b28b5ce4c53fbd62d797c5a7c?s=96&d=mm&r=g","caption":"Villasmil Henry"},"logo":{"@id":"https:\/\/secure.gravatar.com\/avatar\/bb0c4a2fcb7970138239f7e404ea75757b1b507b28b5ce4c53fbd62d797c5a7c?s=96&d=mm&r=g"},"sameAs":["http:\/\/www.henryvillasmil.com.ve","https:\/\/www.instagram.com\/villasmilhfoto\/","https:\/\/x.com\/https:\/\/twitter.com\/villasmilhfoto"],"url":"https:\/\/digital58.com.ve\/site\/author\/droopy_68\/"}]}},"uagb_featured_image_src":{"full":["https:\/\/digital58.com.ve\/site\/wp-content\/uploads\/2018\/02\/La-forma-del-agua.jpg",800,427,false],"thumbnail":["https:\/\/digital58.com.ve\/site\/wp-content\/uploads\/2018\/02\/La-forma-del-agua-150x150.jpg",150,150,true],"medium":["https:\/\/digital58.com.ve\/site\/wp-content\/uploads\/2018\/02\/La-forma-del-agua-300x160.jpg",300,160,true],"medium_large":["https:\/\/digital58.com.ve\/site\/wp-content\/uploads\/2018\/02\/La-forma-del-agua-768x410.jpg",768,410,true],"large":["https:\/\/digital58.com.ve\/site\/wp-content\/uploads\/2018\/02\/La-forma-del-agua-1500x800.jpg",800,427,true],"1536x1536":["https:\/\/digital58.com.ve\/site\/wp-content\/uploads\/2018\/02\/La-forma-del-agua.jpg",800,427,false],"2048x2048":["https:\/\/digital58.com.ve\/site\/wp-content\/uploads\/2018\/02\/La-forma-del-agua.jpg",800,427,false],"colormag-highlighted-post":["https:\/\/digital58.com.ve\/site\/wp-content\/uploads\/2018\/02\/La-forma-del-agua.jpg",392,209,false],"colormag-featured-post-medium":["https:\/\/digital58.com.ve\/site\/wp-content\/uploads\/2018\/02\/La-forma-del-agua.jpg",384,205,false],"colormag-featured-post-small":["https:\/\/digital58.com.ve\/site\/wp-content\/uploads\/2018\/02\/La-forma-del-agua.jpg",130,69,false],"colormag-featured-image":["https:\/\/digital58.com.ve\/site\/wp-content\/uploads\/2018\/02\/La-forma-del-agua.jpg",800,427,false],"colormag-default-news":["https:\/\/digital58.com.ve\/site\/wp-content\/uploads\/2018\/02\/La-forma-del-agua.jpg",150,80,false],"colormag-featured-image-large":["https:\/\/digital58.com.ve\/site\/wp-content\/uploads\/2018\/02\/La-forma-del-agua.jpg",800,427,false]},"uagb_author_info":{"display_name":"Villasmil Henry","author_link":"https:\/\/digital58.com.ve\/site\/author\/droopy_68\/"},"uagb_comment_info":0,"uagb_excerpt":"La pel\u00edcula \u00abLa Forma del Agua\u00bb, del mexicano Guillermo del Toro, partir\u00e1\u00a0ma\u00f1ana \u00a0como favorita en la 71\u00aa edici\u00f3n de los","_links":{"self":[{"href":"https:\/\/digital58.com.ve\/site\/wp-json\/wp\/v2\/posts\/76861","targetHints":{"allow":["GET"]}}],"collection":[{"href":"https:\/\/digital58.com.ve\/site\/wp-json\/wp\/v2\/posts"}],"about":[{"href":"https:\/\/digital58.com.ve\/site\/wp-json\/wp\/v2\/types\/post"}],"author":[{"embeddable":true,"href":"https:\/\/digital58.com.ve\/site\/wp-json\/wp\/v2\/users\/1"}],"replies":[{"embeddable":true,"href":"https:\/\/digital58.com.ve\/site\/wp-json\/wp\/v2\/comments?post=76861"}],"version-history":[{"count":0,"href":"https:\/\/digital58.com.ve\/site\/wp-json\/wp\/v2\/posts\/76861\/revisions"}],"wp:featuredmedia":[{"embeddable":true,"href":"https:\/\/digital58.com.ve\/site\/wp-json\/wp\/v2\/media\/76862"}],"wp:attachment":[{"href":"https:\/\/digital58.com.ve\/site\/wp-json\/wp\/v2\/media?parent=76861"}],"wp:term":[{"taxonomy":"category","embeddable":true,"href":"https:\/\/digital58.com.ve\/site\/wp-json\/wp\/v2\/categories?post=76861"},{"taxonomy":"post_tag","embeddable":true,"href":"https:\/\/digital58.com.ve\/site\/wp-json\/wp\/v2\/tags?post=76861"}],"curies":[{"name":"wp","href":"https:\/\/api.w.org\/{rel}","templated":true}]}}