{"id":77192,"date":"2018-02-23T08:13:13","date_gmt":"2018-02-23T12:13:13","guid":{"rendered":"http:\/\/digital58.com.ve\/site\/?p=77192"},"modified":"2018-02-23T08:13:51","modified_gmt":"2018-02-23T12:13:51","slug":"mary-ann-orfebreria-y-accesorios-lanza-su-coleccion-amete-a-nivel-internacional","status":"publish","type":"post","link":"https:\/\/digital58.com.ve\/site\/2018\/02\/23\/mary-ann-orfebreria-y-accesorios-lanza-su-coleccion-amete-a-nivel-internacional\/","title":{"rendered":"Mary Ann Orfebrer\u00eda y Accesorios lanza su colecci\u00f3n Amete a nivel internacional"},"content":{"rendered":"<p><a href=\"http:\/\/digital58.com.ve\/site\/wp-content\/uploads\/2018\/02\/maryann-2.jpg\"><img loading=\"lazy\" decoding=\"async\" class=\"aligncenter size-large wp-image-77194\" src=\"http:\/\/digital58.com.ve\/site\/wp-content\/uploads\/2018\/02\/maryann-2-1500x1000.jpg\" alt=\"\" width=\"640\" height=\"427\" srcset=\"https:\/\/digital58.com.ve\/site\/wp-content\/uploads\/2018\/02\/maryann-2-1500x1000.jpg 1500w, https:\/\/digital58.com.ve\/site\/wp-content\/uploads\/2018\/02\/maryann-2-300x200.jpg 300w, https:\/\/digital58.com.ve\/site\/wp-content\/uploads\/2018\/02\/maryann-2-768x512.jpg 768w, https:\/\/digital58.com.ve\/site\/wp-content\/uploads\/2018\/02\/maryann-2-720x480.jpg 720w, https:\/\/digital58.com.ve\/site\/wp-content\/uploads\/2018\/02\/maryann-2-480x320.jpg 480w, https:\/\/digital58.com.ve\/site\/wp-content\/uploads\/2018\/02\/maryann-2.jpg 800w\" sizes=\"auto, (max-width: 640px) 100vw, 640px\" \/><\/a><\/p>\n<p>Desde Australia la Orfebre zuliana Mary Ann Alvarado lanza su colecci\u00f3n Amete en su segunda edici\u00f3n con 47 piezas inspiradas en culto al amor propio. La joyera zuliana expande sus horizontes lanzando su colecci\u00f3n en Australia, Chile y Venezuela donde se consolida como marca internacional llevando moda con concepto en diferentes piezas de orfebrer\u00eda femenina y masculina.<\/p>\n<p><strong>Maracaibo, Zulia, Venezuela, 23 de febrero de 2018 (D58).-\u00a0<\/strong> La colecci\u00f3n Amete est\u00e1 inspirada en el amor propio para llegar al verdadero amor as\u00ed lo explic\u00f3 Mary Ann Alvarado.<\/p>\n<p>\u00abEsta segunda edici\u00f3n de Amete es completamente diferente a la anterior aqu\u00ed tenemos 47 piezas que como siempre lo he llevado en mis colecciones tienen un concepto, un motivo para que cada una de las personas se identifiquen con las piezas. Desde el amor propio cultivamos el verdadero amor sea para nuestras familias, hijos, madres, padres o nuestra pareja todo parte de nuestro amor propio, as\u00ed est\u00e1 hecha esta colecci\u00f3n Ametex.<\/p>\n<p>La colecci\u00f3n Amete contiene 47 piezas con ba\u00f1o de oro de 18 quilates, cristales de Swarovski y finas piedras que dan el toque de glamour diversificado a cada coraz\u00f3n.<\/p>\n<p><strong>A nivel Internacional<\/strong><\/p>\n<p>Con m\u00e1s de 17 a\u00f1os en el mercado venezolano la Orfebre de Reinas se internacionaliza con su peculiar manera de llevar la moda a otro nivel. \u00abDesde que comenc\u00e9 este arte de la orfebrer\u00eda he tratado siempre en cada una de mis colecciones tener un concepto diferente, una identificaci\u00f3n propia para que cada mujer, cada hombre lleven no solo una pieza de Mary Ann Orfebrer\u00eda y Accesorios sino una pieza con la que se sientan identificados, c\u00f3modos y a la modax.<\/p>\n<p>Mary Ann Alvarado ha llevado sus piezas a varios lugares del mundo como sus famosas coronas a las ferias de Barranquilla en Colombia, Dubai, Aruba y Estados Unidos poniendo siempre el nombre de Venezuela en lo m\u00e1s alto.<\/p>\n<p>En el 2017 particip\u00f3 en la Feria de la Chinita que se realiz\u00f3 en Chile donde expuso su colecci\u00f3n de Iconos Zulianos y Amor Mariano para todos los asistentes.<\/p>\n<p>La orfebre de la zulianidad asegur\u00f3 que esta en posicionando la marca Mary Ann Orfebrer\u00eda y Accesorios a nivel internacional atendiendo la demanda de diferentes piezas por varias partes del mundo.<\/p>\n<p><strong>Redacci\u00f3n con fuente:\u00a0 @kenaldgw \/ @revistatopvzla\u00a0<\/strong><br \/>\n<strong>Edici\u00f3n: Villasmil, Henry<\/strong><br \/>\n<strong>Gr\u00e1ficas: cortes\u00eda<\/strong><\/p>\n<p><a href=\"http:\/\/digital58.com.ve\/site\/wp-content\/uploads\/2018\/02\/maryann.jpg\"><img loading=\"lazy\" decoding=\"async\" class=\"aligncenter size-full wp-image-77196\" src=\"http:\/\/digital58.com.ve\/site\/wp-content\/uploads\/2018\/02\/maryann.jpg\" alt=\"\" width=\"427\" height=\"640\" srcset=\"https:\/\/digital58.com.ve\/site\/wp-content\/uploads\/2018\/02\/maryann.jpg 400w, https:\/\/digital58.com.ve\/site\/wp-content\/uploads\/2018\/02\/maryann-200x300.jpg 200w\" sizes=\"auto, (max-width: 427px) 100vw, 427px\" \/><\/a><\/p>\n<p><a href=\"http:\/\/digital58.com.ve\/site\/wp-content\/uploads\/2018\/02\/Sin-nombre.jpg\"><img loading=\"lazy\" decoding=\"async\" class=\"aligncenter size-large wp-image-77195\" src=\"http:\/\/digital58.com.ve\/site\/wp-content\/uploads\/2018\/02\/Sin-nombre-1500x1000.jpg\" alt=\"\" width=\"640\" height=\"427\" srcset=\"https:\/\/digital58.com.ve\/site\/wp-content\/uploads\/2018\/02\/Sin-nombre-1500x1000.jpg 1500w, https:\/\/digital58.com.ve\/site\/wp-content\/uploads\/2018\/02\/Sin-nombre-300x200.jpg 300w, https:\/\/digital58.com.ve\/site\/wp-content\/uploads\/2018\/02\/Sin-nombre-768x512.jpg 768w, https:\/\/digital58.com.ve\/site\/wp-content\/uploads\/2018\/02\/Sin-nombre-720x480.jpg 720w, https:\/\/digital58.com.ve\/site\/wp-content\/uploads\/2018\/02\/Sin-nombre-480x320.jpg 480w, https:\/\/digital58.com.ve\/site\/wp-content\/uploads\/2018\/02\/Sin-nombre.jpg 800w\" sizes=\"auto, (max-width: 640px) 100vw, 640px\" \/><\/a><\/p>\n<p><a href=\"http:\/\/digital58.com.ve\/site\/wp-content\/uploads\/2018\/02\/maryann-3.jpg\"><img loading=\"lazy\" decoding=\"async\" class=\"aligncenter size-large wp-image-77193\" src=\"http:\/\/digital58.com.ve\/site\/wp-content\/uploads\/2018\/02\/maryann-3-1500x1000.jpg\" alt=\"\" width=\"640\" height=\"427\" srcset=\"https:\/\/digital58.com.ve\/site\/wp-content\/uploads\/2018\/02\/maryann-3-1500x1000.jpg 1500w, https:\/\/digital58.com.ve\/site\/wp-content\/uploads\/2018\/02\/maryann-3-300x200.jpg 300w, https:\/\/digital58.com.ve\/site\/wp-content\/uploads\/2018\/02\/maryann-3-768x512.jpg 768w, https:\/\/digital58.com.ve\/site\/wp-content\/uploads\/2018\/02\/maryann-3-720x480.jpg 720w, https:\/\/digital58.com.ve\/site\/wp-content\/uploads\/2018\/02\/maryann-3-480x320.jpg 480w, https:\/\/digital58.com.ve\/site\/wp-content\/uploads\/2018\/02\/maryann-3.jpg 800w\" sizes=\"auto, (max-width: 640px) 100vw, 640px\" \/><\/a><\/p><div class=\"vgrhn69ef413705daf\" ><p style=\"text-align: center;\"><a href=\"https:\/\/t.me\/noticiasdigital58\" target=\"_blank\" rel=\"noopener\"><img class=\"aligncenter size-full wp-image-125363\" src=\"https:\/\/digital58.com.ve\/site\/wp-content\/uploads\/2021\/04\/banner-telegram-web-2021.png\" alt=\"\" width=\"600\" height=\"90\" \/><\/a><\/p><\/div><style type=\"text\/css\">\r\n@media screen and (min-width: 1201px) {\r\n.vgrhn69ef413705daf {\r\ndisplay: block;\r\n}\r\n}\r\n@media screen and (min-width: 993px) and (max-width: 1200px) {\r\n.vgrhn69ef413705daf {\r\ndisplay: block;\r\n}\r\n}\r\n@media screen and (min-width: 769px) and (max-width: 992px) {\r\n.vgrhn69ef413705daf {\r\ndisplay: block;\r\n}\r\n}\r\n@media screen and (min-width: 768px) and (max-width: 768px) {\r\n.vgrhn69ef413705daf {\r\ndisplay: block;\r\n}\r\n}\r\n@media screen and (max-width: 767px) {\r\n.vgrhn69ef413705daf {\r\ndisplay: block;\r\n}\r\n}\r\n<\/style>\r\n\n<p>&nbsp;<\/p>\n<div style=\"margin-top: 0px; margin-bottom: 0px;\" class=\"sharethis-inline-share-buttons\" ><\/div>","protected":false},"excerpt":{"rendered":"<p>Desde Australia la Orfebre zuliana Mary Ann Alvarado lanza su colecci\u00f3n Amete en su segunda edici\u00f3n con 47 piezas inspiradas<\/p>\n","protected":false},"author":1,"featured_media":77194,"comment_status":"open","ping_status":"closed","sticky":false,"template":"","format":"standard","meta":{"colormag_page_container_layout":"default_layout","colormag_page_sidebar_layout":"default_layout","_uag_custom_page_level_css":"","footnotes":""},"categories":[6646],"tags":[2640,10669,4001,60,6207,10668,516,233,743,10490],"class_list":["post-77192","post","type-post","status-publish","format-standard","has-post-thumbnail","hentry","category-moda","tag-accesorios","tag-coleccion-amete","tag-colecciones","tag-lanzamientos","tag-mary-ann-alvarado","tag-mary-ann-orfebreria","tag-mujer","tag-nacionales","tag-orfebreria","tag-orfebres"],"yoast_head":"<!-- This site is optimized with the Yoast SEO plugin v27.4 - https:\/\/yoast.com\/product\/yoast-seo-wordpress\/ -->\n<title>Mary Ann Orfebrer\u00eda y Accesorios lanza su colecci\u00f3n Amete a nivel internacional<\/title>\n<meta name=\"robots\" content=\"index, follow, max-snippet:-1, max-image-preview:large, max-video-preview:-1\" \/>\n<link rel=\"canonical\" href=\"https:\/\/digital58.com.ve\/site\/2018\/02\/23\/mary-ann-orfebreria-y-accesorios-lanza-su-coleccion-amete-a-nivel-internacional\/\" \/>\n<meta property=\"og:locale\" content=\"es_ES\" \/>\n<meta property=\"og:type\" content=\"article\" \/>\n<meta property=\"og:title\" content=\"Mary Ann Orfebrer\u00eda y Accesorios lanza su colecci\u00f3n Amete a nivel internacional\" \/>\n<meta property=\"og:url\" content=\"https:\/\/digital58.com.ve\/site\/2018\/02\/23\/mary-ann-orfebreria-y-accesorios-lanza-su-coleccion-amete-a-nivel-internacional\/\" \/>\n<meta property=\"og:site_name\" content=\"Noticias Digital58\" \/>\n<meta property=\"article:published_time\" content=\"2018-02-23T12:13:13+00:00\" \/>\n<meta property=\"article:modified_time\" content=\"2018-02-23T12:13:51+00:00\" \/>\n<meta property=\"og:image\" content=\"https:\/\/digital58.com.ve\/site\/wp-content\/uploads\/2018\/02\/maryann-2.jpg\" \/>\n\t<meta property=\"og:image:width\" content=\"1500\" \/>\n\t<meta property=\"og:image:height\" content=\"1000\" \/>\n\t<meta property=\"og:image:type\" content=\"image\/jpeg\" \/>\n<meta name=\"author\" content=\"Villasmil Henry\" \/>\n<meta name=\"twitter:card\" content=\"summary_large_image\" \/>\n<meta name=\"twitter:creator\" content=\"@https:\/\/twitter.com\/villasmilhfoto\" \/>\n<meta name=\"twitter:site\" content=\"@villasmilhfoto\" \/>\n<meta name=\"twitter:label1\" content=\"Escrito por\" \/>\n\t<meta name=\"twitter:data1\" content=\"Villasmil Henry\" \/>\n\t<meta name=\"twitter:label2\" content=\"Tiempo estimado de lectura\" \/>\n\t<meta name=\"twitter:data2\" content=\"2 minutos\" \/>\n<script type=\"application\/ld+json\" class=\"yoast-schema-graph\">{\"@context\":\"https:\\\/\\\/schema.org\",\"@graph\":[{\"@type\":\"Article\",\"@id\":\"https:\\\/\\\/digital58.com.ve\\\/site\\\/2018\\\/02\\\/23\\\/mary-ann-orfebreria-y-accesorios-lanza-su-coleccion-amete-a-nivel-internacional\\\/#article\",\"isPartOf\":{\"@id\":\"https:\\\/\\\/digital58.com.ve\\\/site\\\/2018\\\/02\\\/23\\\/mary-ann-orfebreria-y-accesorios-lanza-su-coleccion-amete-a-nivel-internacional\\\/\"},\"author\":{\"name\":\"Villasmil Henry\",\"@id\":\"https:\\\/\\\/digital58.com.ve\\\/site\\\/#\\\/schema\\\/person\\\/64d1c2e4d0d4fd1b849980c4331c2951\"},\"headline\":\"Mary Ann Orfebrer\u00eda y Accesorios lanza su colecci\u00f3n Amete a nivel internacional\",\"datePublished\":\"2018-02-23T12:13:13+00:00\",\"dateModified\":\"2018-02-23T12:13:51+00:00\",\"mainEntityOfPage\":{\"@id\":\"https:\\\/\\\/digital58.com.ve\\\/site\\\/2018\\\/02\\\/23\\\/mary-ann-orfebreria-y-accesorios-lanza-su-coleccion-amete-a-nivel-internacional\\\/\"},\"wordCount\":409,\"commentCount\":0,\"publisher\":{\"@id\":\"https:\\\/\\\/digital58.com.ve\\\/site\\\/#\\\/schema\\\/person\\\/64d1c2e4d0d4fd1b849980c4331c2951\"},\"image\":{\"@id\":\"https:\\\/\\\/digital58.com.ve\\\/site\\\/2018\\\/02\\\/23\\\/mary-ann-orfebreria-y-accesorios-lanza-su-coleccion-amete-a-nivel-internacional\\\/#primaryimage\"},\"thumbnailUrl\":\"https:\\\/\\\/digital58.com.ve\\\/site\\\/wp-content\\\/uploads\\\/2018\\\/02\\\/maryann-2.jpg\",\"keywords\":[\"Accesorios\",\"Colecci\u00f3n Amete\",\"Colecciones\",\"Lanzamientos\",\"Mary Ann Alvarado\",\"Mary Ann Orfebrer\u00eda\",\"Mujer\",\"Nacionales\",\"Orfebrer\u00eda\",\"Orfebres\"],\"articleSection\":[\"Moda\"],\"inLanguage\":\"es\",\"potentialAction\":[{\"@type\":\"CommentAction\",\"name\":\"Comment\",\"target\":[\"https:\\\/\\\/digital58.com.ve\\\/site\\\/2018\\\/02\\\/23\\\/mary-ann-orfebreria-y-accesorios-lanza-su-coleccion-amete-a-nivel-internacional\\\/#respond\"]}]},{\"@type\":\"WebPage\",\"@id\":\"https:\\\/\\\/digital58.com.ve\\\/site\\\/2018\\\/02\\\/23\\\/mary-ann-orfebreria-y-accesorios-lanza-su-coleccion-amete-a-nivel-internacional\\\/\",\"url\":\"https:\\\/\\\/digital58.com.ve\\\/site\\\/2018\\\/02\\\/23\\\/mary-ann-orfebreria-y-accesorios-lanza-su-coleccion-amete-a-nivel-internacional\\\/\",\"name\":\"Mary Ann Orfebrer\u00eda y Accesorios lanza su colecci\u00f3n Amete a nivel internacional\",\"isPartOf\":{\"@id\":\"https:\\\/\\\/digital58.com.ve\\\/site\\\/#website\"},\"primaryImageOfPage\":{\"@id\":\"https:\\\/\\\/digital58.com.ve\\\/site\\\/2018\\\/02\\\/23\\\/mary-ann-orfebreria-y-accesorios-lanza-su-coleccion-amete-a-nivel-internacional\\\/#primaryimage\"},\"image\":{\"@id\":\"https:\\\/\\\/digital58.com.ve\\\/site\\\/2018\\\/02\\\/23\\\/mary-ann-orfebreria-y-accesorios-lanza-su-coleccion-amete-a-nivel-internacional\\\/#primaryimage\"},\"thumbnailUrl\":\"https:\\\/\\\/digital58.com.ve\\\/site\\\/wp-content\\\/uploads\\\/2018\\\/02\\\/maryann-2.jpg\",\"datePublished\":\"2018-02-23T12:13:13+00:00\",\"dateModified\":\"2018-02-23T12:13:51+00:00\",\"breadcrumb\":{\"@id\":\"https:\\\/\\\/digital58.com.ve\\\/site\\\/2018\\\/02\\\/23\\\/mary-ann-orfebreria-y-accesorios-lanza-su-coleccion-amete-a-nivel-internacional\\\/#breadcrumb\"},\"inLanguage\":\"es\",\"potentialAction\":[{\"@type\":\"ReadAction\",\"target\":[\"https:\\\/\\\/digital58.com.ve\\\/site\\\/2018\\\/02\\\/23\\\/mary-ann-orfebreria-y-accesorios-lanza-su-coleccion-amete-a-nivel-internacional\\\/\"]}]},{\"@type\":\"ImageObject\",\"inLanguage\":\"es\",\"@id\":\"https:\\\/\\\/digital58.com.ve\\\/site\\\/2018\\\/02\\\/23\\\/mary-ann-orfebreria-y-accesorios-lanza-su-coleccion-amete-a-nivel-internacional\\\/#primaryimage\",\"url\":\"https:\\\/\\\/digital58.com.ve\\\/site\\\/wp-content\\\/uploads\\\/2018\\\/02\\\/maryann-2.jpg\",\"contentUrl\":\"https:\\\/\\\/digital58.com.ve\\\/site\\\/wp-content\\\/uploads\\\/2018\\\/02\\\/maryann-2.jpg\",\"width\":800,\"height\":533},{\"@type\":\"BreadcrumbList\",\"@id\":\"https:\\\/\\\/digital58.com.ve\\\/site\\\/2018\\\/02\\\/23\\\/mary-ann-orfebreria-y-accesorios-lanza-su-coleccion-amete-a-nivel-internacional\\\/#breadcrumb\",\"itemListElement\":[{\"@type\":\"ListItem\",\"position\":1,\"name\":\"Home\",\"item\":\"https:\\\/\\\/digital58.com.ve\\\/site\\\/\"},{\"@type\":\"ListItem\",\"position\":2,\"name\":\"Mary Ann Orfebrer\u00eda y Accesorios lanza su colecci\u00f3n Amete a nivel internacional\"}]},{\"@type\":\"WebSite\",\"@id\":\"https:\\\/\\\/digital58.com.ve\\\/site\\\/#website\",\"url\":\"https:\\\/\\\/digital58.com.ve\\\/site\\\/\",\"name\":\"Noticias Digital58\",\"description\":\"Portal de Noticias \u00a1Periodismo web de verdad! Lanzamiento web 22.11.2005 \\\/ Maracaibo, Venezuela\",\"publisher\":{\"@id\":\"https:\\\/\\\/digital58.com.ve\\\/site\\\/#\\\/schema\\\/person\\\/64d1c2e4d0d4fd1b849980c4331c2951\"},\"alternateName\":\"ND58\",\"potentialAction\":[{\"@type\":\"SearchAction\",\"target\":{\"@type\":\"EntryPoint\",\"urlTemplate\":\"https:\\\/\\\/digital58.com.ve\\\/site\\\/?s={search_term_string}\"},\"query-input\":{\"@type\":\"PropertyValueSpecification\",\"valueRequired\":true,\"valueName\":\"search_term_string\"}}],\"inLanguage\":\"es\"},{\"@type\":[\"Person\",\"Organization\"],\"@id\":\"https:\\\/\\\/digital58.com.ve\\\/site\\\/#\\\/schema\\\/person\\\/64d1c2e4d0d4fd1b849980c4331c2951\",\"name\":\"Villasmil Henry\",\"image\":{\"@type\":\"ImageObject\",\"inLanguage\":\"es\",\"@id\":\"https:\\\/\\\/secure.gravatar.com\\\/avatar\\\/bb0c4a2fcb7970138239f7e404ea75757b1b507b28b5ce4c53fbd62d797c5a7c?s=96&d=mm&r=g\",\"url\":\"https:\\\/\\\/secure.gravatar.com\\\/avatar\\\/bb0c4a2fcb7970138239f7e404ea75757b1b507b28b5ce4c53fbd62d797c5a7c?s=96&d=mm&r=g\",\"contentUrl\":\"https:\\\/\\\/secure.gravatar.com\\\/avatar\\\/bb0c4a2fcb7970138239f7e404ea75757b1b507b28b5ce4c53fbd62d797c5a7c?s=96&d=mm&r=g\",\"caption\":\"Villasmil Henry\"},\"logo\":{\"@id\":\"https:\\\/\\\/secure.gravatar.com\\\/avatar\\\/bb0c4a2fcb7970138239f7e404ea75757b1b507b28b5ce4c53fbd62d797c5a7c?s=96&d=mm&r=g\"},\"sameAs\":[\"http:\\\/\\\/www.henryvillasmil.com.ve\",\"https:\\\/\\\/www.instagram.com\\\/villasmilhfoto\\\/\",\"https:\\\/\\\/x.com\\\/https:\\\/\\\/twitter.com\\\/villasmilhfoto\"],\"url\":\"https:\\\/\\\/digital58.com.ve\\\/site\\\/author\\\/droopy_68\\\/\"}]}<\/script>\n<!-- \/ Yoast SEO plugin. -->","yoast_head_json":{"title":"Mary Ann Orfebrer\u00eda y Accesorios lanza su colecci\u00f3n Amete a nivel internacional","robots":{"index":"index","follow":"follow","max-snippet":"max-snippet:-1","max-image-preview":"max-image-preview:large","max-video-preview":"max-video-preview:-1"},"canonical":"https:\/\/digital58.com.ve\/site\/2018\/02\/23\/mary-ann-orfebreria-y-accesorios-lanza-su-coleccion-amete-a-nivel-internacional\/","og_locale":"es_ES","og_type":"article","og_title":"Mary Ann Orfebrer\u00eda y Accesorios lanza su colecci\u00f3n Amete a nivel internacional","og_url":"https:\/\/digital58.com.ve\/site\/2018\/02\/23\/mary-ann-orfebreria-y-accesorios-lanza-su-coleccion-amete-a-nivel-internacional\/","og_site_name":"Noticias Digital58","article_published_time":"2018-02-23T12:13:13+00:00","article_modified_time":"2018-02-23T12:13:51+00:00","og_image":[{"width":1500,"height":1000,"url":"https:\/\/digital58.com.ve\/site\/wp-content\/uploads\/2018\/02\/maryann-2.jpg","type":"image\/jpeg"}],"author":"Villasmil Henry","twitter_card":"summary_large_image","twitter_creator":"@https:\/\/twitter.com\/villasmilhfoto","twitter_site":"@villasmilhfoto","twitter_misc":{"Escrito por":"Villasmil Henry","Tiempo estimado de lectura":"2 minutos"},"schema":{"@context":"https:\/\/schema.org","@graph":[{"@type":"Article","@id":"https:\/\/digital58.com.ve\/site\/2018\/02\/23\/mary-ann-orfebreria-y-accesorios-lanza-su-coleccion-amete-a-nivel-internacional\/#article","isPartOf":{"@id":"https:\/\/digital58.com.ve\/site\/2018\/02\/23\/mary-ann-orfebreria-y-accesorios-lanza-su-coleccion-amete-a-nivel-internacional\/"},"author":{"name":"Villasmil Henry","@id":"https:\/\/digital58.com.ve\/site\/#\/schema\/person\/64d1c2e4d0d4fd1b849980c4331c2951"},"headline":"Mary Ann Orfebrer\u00eda y Accesorios lanza su colecci\u00f3n Amete a nivel internacional","datePublished":"2018-02-23T12:13:13+00:00","dateModified":"2018-02-23T12:13:51+00:00","mainEntityOfPage":{"@id":"https:\/\/digital58.com.ve\/site\/2018\/02\/23\/mary-ann-orfebreria-y-accesorios-lanza-su-coleccion-amete-a-nivel-internacional\/"},"wordCount":409,"commentCount":0,"publisher":{"@id":"https:\/\/digital58.com.ve\/site\/#\/schema\/person\/64d1c2e4d0d4fd1b849980c4331c2951"},"image":{"@id":"https:\/\/digital58.com.ve\/site\/2018\/02\/23\/mary-ann-orfebreria-y-accesorios-lanza-su-coleccion-amete-a-nivel-internacional\/#primaryimage"},"thumbnailUrl":"https:\/\/digital58.com.ve\/site\/wp-content\/uploads\/2018\/02\/maryann-2.jpg","keywords":["Accesorios","Colecci\u00f3n Amete","Colecciones","Lanzamientos","Mary Ann Alvarado","Mary Ann Orfebrer\u00eda","Mujer","Nacionales","Orfebrer\u00eda","Orfebres"],"articleSection":["Moda"],"inLanguage":"es","potentialAction":[{"@type":"CommentAction","name":"Comment","target":["https:\/\/digital58.com.ve\/site\/2018\/02\/23\/mary-ann-orfebreria-y-accesorios-lanza-su-coleccion-amete-a-nivel-internacional\/#respond"]}]},{"@type":"WebPage","@id":"https:\/\/digital58.com.ve\/site\/2018\/02\/23\/mary-ann-orfebreria-y-accesorios-lanza-su-coleccion-amete-a-nivel-internacional\/","url":"https:\/\/digital58.com.ve\/site\/2018\/02\/23\/mary-ann-orfebreria-y-accesorios-lanza-su-coleccion-amete-a-nivel-internacional\/","name":"Mary Ann Orfebrer\u00eda y Accesorios lanza su colecci\u00f3n Amete a nivel internacional","isPartOf":{"@id":"https:\/\/digital58.com.ve\/site\/#website"},"primaryImageOfPage":{"@id":"https:\/\/digital58.com.ve\/site\/2018\/02\/23\/mary-ann-orfebreria-y-accesorios-lanza-su-coleccion-amete-a-nivel-internacional\/#primaryimage"},"image":{"@id":"https:\/\/digital58.com.ve\/site\/2018\/02\/23\/mary-ann-orfebreria-y-accesorios-lanza-su-coleccion-amete-a-nivel-internacional\/#primaryimage"},"thumbnailUrl":"https:\/\/digital58.com.ve\/site\/wp-content\/uploads\/2018\/02\/maryann-2.jpg","datePublished":"2018-02-23T12:13:13+00:00","dateModified":"2018-02-23T12:13:51+00:00","breadcrumb":{"@id":"https:\/\/digital58.com.ve\/site\/2018\/02\/23\/mary-ann-orfebreria-y-accesorios-lanza-su-coleccion-amete-a-nivel-internacional\/#breadcrumb"},"inLanguage":"es","potentialAction":[{"@type":"ReadAction","target":["https:\/\/digital58.com.ve\/site\/2018\/02\/23\/mary-ann-orfebreria-y-accesorios-lanza-su-coleccion-amete-a-nivel-internacional\/"]}]},{"@type":"ImageObject","inLanguage":"es","@id":"https:\/\/digital58.com.ve\/site\/2018\/02\/23\/mary-ann-orfebreria-y-accesorios-lanza-su-coleccion-amete-a-nivel-internacional\/#primaryimage","url":"https:\/\/digital58.com.ve\/site\/wp-content\/uploads\/2018\/02\/maryann-2.jpg","contentUrl":"https:\/\/digital58.com.ve\/site\/wp-content\/uploads\/2018\/02\/maryann-2.jpg","width":800,"height":533},{"@type":"BreadcrumbList","@id":"https:\/\/digital58.com.ve\/site\/2018\/02\/23\/mary-ann-orfebreria-y-accesorios-lanza-su-coleccion-amete-a-nivel-internacional\/#breadcrumb","itemListElement":[{"@type":"ListItem","position":1,"name":"Home","item":"https:\/\/digital58.com.ve\/site\/"},{"@type":"ListItem","position":2,"name":"Mary Ann Orfebrer\u00eda y Accesorios lanza su colecci\u00f3n Amete a nivel internacional"}]},{"@type":"WebSite","@id":"https:\/\/digital58.com.ve\/site\/#website","url":"https:\/\/digital58.com.ve\/site\/","name":"Noticias Digital58","description":"Portal de Noticias \u00a1Periodismo web de verdad! Lanzamiento web 22.11.2005 \/ Maracaibo, Venezuela","publisher":{"@id":"https:\/\/digital58.com.ve\/site\/#\/schema\/person\/64d1c2e4d0d4fd1b849980c4331c2951"},"alternateName":"ND58","potentialAction":[{"@type":"SearchAction","target":{"@type":"EntryPoint","urlTemplate":"https:\/\/digital58.com.ve\/site\/?s={search_term_string}"},"query-input":{"@type":"PropertyValueSpecification","valueRequired":true,"valueName":"search_term_string"}}],"inLanguage":"es"},{"@type":["Person","Organization"],"@id":"https:\/\/digital58.com.ve\/site\/#\/schema\/person\/64d1c2e4d0d4fd1b849980c4331c2951","name":"Villasmil Henry","image":{"@type":"ImageObject","inLanguage":"es","@id":"https:\/\/secure.gravatar.com\/avatar\/bb0c4a2fcb7970138239f7e404ea75757b1b507b28b5ce4c53fbd62d797c5a7c?s=96&d=mm&r=g","url":"https:\/\/secure.gravatar.com\/avatar\/bb0c4a2fcb7970138239f7e404ea75757b1b507b28b5ce4c53fbd62d797c5a7c?s=96&d=mm&r=g","contentUrl":"https:\/\/secure.gravatar.com\/avatar\/bb0c4a2fcb7970138239f7e404ea75757b1b507b28b5ce4c53fbd62d797c5a7c?s=96&d=mm&r=g","caption":"Villasmil Henry"},"logo":{"@id":"https:\/\/secure.gravatar.com\/avatar\/bb0c4a2fcb7970138239f7e404ea75757b1b507b28b5ce4c53fbd62d797c5a7c?s=96&d=mm&r=g"},"sameAs":["http:\/\/www.henryvillasmil.com.ve","https:\/\/www.instagram.com\/villasmilhfoto\/","https:\/\/x.com\/https:\/\/twitter.com\/villasmilhfoto"],"url":"https:\/\/digital58.com.ve\/site\/author\/droopy_68\/"}]}},"uagb_featured_image_src":{"full":["https:\/\/digital58.com.ve\/site\/wp-content\/uploads\/2018\/02\/maryann-2.jpg",800,533,false],"thumbnail":["https:\/\/digital58.com.ve\/site\/wp-content\/uploads\/2018\/02\/maryann-2-150x150.jpg",150,150,true],"medium":["https:\/\/digital58.com.ve\/site\/wp-content\/uploads\/2018\/02\/maryann-2-300x200.jpg",300,200,true],"medium_large":["https:\/\/digital58.com.ve\/site\/wp-content\/uploads\/2018\/02\/maryann-2-768x512.jpg",768,512,true],"large":["https:\/\/digital58.com.ve\/site\/wp-content\/uploads\/2018\/02\/maryann-2-1500x1000.jpg",800,533,true],"1536x1536":["https:\/\/digital58.com.ve\/site\/wp-content\/uploads\/2018\/02\/maryann-2.jpg",800,533,false],"2048x2048":["https:\/\/digital58.com.ve\/site\/wp-content\/uploads\/2018\/02\/maryann-2.jpg",800,533,false],"colormag-highlighted-post":["https:\/\/digital58.com.ve\/site\/wp-content\/uploads\/2018\/02\/maryann-2.jpg",392,261,false],"colormag-featured-post-medium":["https:\/\/digital58.com.ve\/site\/wp-content\/uploads\/2018\/02\/maryann-2.jpg",308,205,false],"colormag-featured-post-small":["https:\/\/digital58.com.ve\/site\/wp-content\/uploads\/2018\/02\/maryann-2.jpg",130,87,false],"colormag-featured-image":["https:\/\/digital58.com.ve\/site\/wp-content\/uploads\/2018\/02\/maryann-2.jpg",668,445,false],"colormag-default-news":["https:\/\/digital58.com.ve\/site\/wp-content\/uploads\/2018\/02\/maryann-2.jpg",150,100,false],"colormag-featured-image-large":["https:\/\/digital58.com.ve\/site\/wp-content\/uploads\/2018\/02\/maryann-2.jpg",800,533,false]},"uagb_author_info":{"display_name":"Villasmil Henry","author_link":"https:\/\/digital58.com.ve\/site\/author\/droopy_68\/"},"uagb_comment_info":0,"uagb_excerpt":"Desde Australia la Orfebre zuliana Mary Ann Alvarado lanza su colecci\u00f3n Amete en su segunda edici\u00f3n con 47 piezas inspiradas","_links":{"self":[{"href":"https:\/\/digital58.com.ve\/site\/wp-json\/wp\/v2\/posts\/77192","targetHints":{"allow":["GET"]}}],"collection":[{"href":"https:\/\/digital58.com.ve\/site\/wp-json\/wp\/v2\/posts"}],"about":[{"href":"https:\/\/digital58.com.ve\/site\/wp-json\/wp\/v2\/types\/post"}],"author":[{"embeddable":true,"href":"https:\/\/digital58.com.ve\/site\/wp-json\/wp\/v2\/users\/1"}],"replies":[{"embeddable":true,"href":"https:\/\/digital58.com.ve\/site\/wp-json\/wp\/v2\/comments?post=77192"}],"version-history":[{"count":0,"href":"https:\/\/digital58.com.ve\/site\/wp-json\/wp\/v2\/posts\/77192\/revisions"}],"wp:featuredmedia":[{"embeddable":true,"href":"https:\/\/digital58.com.ve\/site\/wp-json\/wp\/v2\/media\/77194"}],"wp:attachment":[{"href":"https:\/\/digital58.com.ve\/site\/wp-json\/wp\/v2\/media?parent=77192"}],"wp:term":[{"taxonomy":"category","embeddable":true,"href":"https:\/\/digital58.com.ve\/site\/wp-json\/wp\/v2\/categories?post=77192"},{"taxonomy":"post_tag","embeddable":true,"href":"https:\/\/digital58.com.ve\/site\/wp-json\/wp\/v2\/tags?post=77192"}],"curies":[{"name":"wp","href":"https:\/\/api.w.org\/{rel}","templated":true}]}}