{"id":77735,"date":"2018-03-23T08:46:26","date_gmt":"2018-03-23T12:46:26","guid":{"rendered":"http:\/\/digital58.com.ve\/site\/?p=77735"},"modified":"2018-03-23T08:46:26","modified_gmt":"2018-03-23T12:46:26","slug":"malena-gonzalez-se-estrena-como-protagonista-en-el-cine-internacional","status":"publish","type":"post","link":"https:\/\/digital58.com.ve\/site\/2018\/03\/23\/malena-gonzalez-se-estrena-como-protagonista-en-el-cine-internacional\/","title":{"rendered":"Malena Gonz\u00e1lez se estrena como protagonista en el cine internacional"},"content":{"rendered":"<p><a href=\"http:\/\/digital58.com.ve\/site\/wp-content\/uploads\/2018\/03\/malena.jpg\"><img loading=\"lazy\" decoding=\"async\" class=\"aligncenter size-large wp-image-77737\" src=\"http:\/\/digital58.com.ve\/site\/wp-content\/uploads\/2018\/03\/malena-683x1024.jpg\" alt=\"\" width=\"640\" height=\"960\" srcset=\"https:\/\/digital58.com.ve\/site\/wp-content\/uploads\/2018\/03\/malena-683x1024.jpg 683w, https:\/\/digital58.com.ve\/site\/wp-content\/uploads\/2018\/03\/malena-200x300.jpg 200w, https:\/\/digital58.com.ve\/site\/wp-content\/uploads\/2018\/03\/malena-768x1152.jpg 768w, https:\/\/digital58.com.ve\/site\/wp-content\/uploads\/2018\/03\/malena.jpg 400w\" sizes=\"auto, (max-width: 640px) 100vw, 640px\" \/><\/a><br \/>\nSin duda, este 2018 se perfila como uno de los m\u00e1s exitosos para la venezolana Malena Gonz\u00e1lez, ya que la reconocida actriz se estrena como protagonista en el largometraje \u00abThe Rabbit\u00bb, dirigido por Carla Forte. \u00abEsta experiencia no ha podido ser m\u00e1s hermosa. Estoy infinitamente agradecida con Carla Forte por haber confiado en m\u00ed para esta gran responsabilidad\u00bb.<\/p>\n<p><strong>Maracaibo, Zulia, Venezuela, 23 de marzo de 2018 (D58).-<\/strong> \u00abDesde que conoc\u00ed a la directora qued\u00e9 enamorada de su trabajo, pues ten\u00eda una propuesta est\u00e9tica que no hab\u00eda visto en otro cineasta. Adem\u00e1s, su manera de contar la historia era muy inusual. Cuando nos reunimos en la ciudad de Miami qued\u00e9 sorprendida con lo que Carla estaba escribiendo. Poco a poco el proyecto fue tomando forma, hasta que finalmente estamos aqu\u00ed en la Habana en pleno rodaje\u00bb, comenta Gonz\u00e1lez.<\/p>\n<p>Adem\u00e1s de compartir protagonizaci\u00f3n con el reconocido Francisco Denis -de la popular serie \u00abNarcos\u00bb de Netflix- Malena realizar\u00e1 su primer desnudo en la gran pantalla, lo que le gener\u00f3 muchas expectativas al saber que esto formaba parte de su papel.<\/p>\n<p>\u00abTen\u00eda tiempo muy nerviosa, pero era parte de los requerimientos del personaje y la historia, no se pod\u00eda hacer de otra manera. Tanto la directora como el director de fotograf\u00eda me hicieron sentir muy confiada de c\u00f3mo ser\u00edan tratados los desnudos a nivel est\u00e9tico. Me parece que el resultado fue muy bonito y art\u00edstico. Tambi\u00e9n tuve mi primera escena de amor y eso fue m\u00e1s dif\u00edcil todav\u00eda, pero Carla nos hizo sentir c\u00f3modos y muy enfocados para que todo quedara natural y pareciera real a pesar de lo t\u00e9cnico y fr\u00edo que puede ser rodar una escena de amor\u00bb, agrega la actriz.<\/p>\n<p>\u00abThe Rabbit\u00bb, aunque est\u00e1 en pleno rodaje, se espera que comience su trayectoria por festivales de cine internacionales a finales de a\u00f1o. Pero, mientras tanto, Malena Gonz\u00e1lez se alista tambi\u00e9n para estrenar en el cine nacional la cinta \u00abMuerte en Berruecos\u00bb, dirigida por Caupolic\u00e1n Ovalles, para el mes de marzo, y se prepara para el rodaje de la pel\u00edcula \u00abRotos\u00bb de Carlos Caridad Montero.<\/p>\n<p>Para conocer m\u00e1s de la actriz no duden en seguirla a trav\u00e9s de sus redes sociales como: @MalenaGonz.<\/p>\n<p><strong>Redacci\u00f3n con fuente: NDP (@Jhornery)<\/strong><br \/>\n<strong>Edici\u00f3n: Villasmil, Henry<\/strong><br \/>\n<strong>Gr\u00e1ficas: cortes\u00eda<\/p>\n<p><a href=\"http:\/\/digital58.com.ve\/site\/wp-content\/uploads\/2018\/03\/malena-2.jpg\"><img loading=\"lazy\" decoding=\"async\" class=\"aligncenter size-large wp-image-77736\" src=\"http:\/\/digital58.com.ve\/site\/wp-content\/uploads\/2018\/03\/malena-2-1365x1024.jpg\" alt=\"\" width=\"640\" height=\"480\" srcset=\"https:\/\/digital58.com.ve\/site\/wp-content\/uploads\/2018\/03\/malena-2-1365x1024.jpg 1365w, https:\/\/digital58.com.ve\/site\/wp-content\/uploads\/2018\/03\/malena-2-300x225.jpg 300w, https:\/\/digital58.com.ve\/site\/wp-content\/uploads\/2018\/03\/malena-2-768x576.jpg 768w, https:\/\/digital58.com.ve\/site\/wp-content\/uploads\/2018\/03\/malena-2.jpg 800w\" sizes=\"auto, (max-width: 640px) 100vw, 640px\" \/><\/a><br \/>\n<\/strong><\/p>\n<p>&nbsp;<\/p>\n<p>&nbsp;<\/p><div class=\"mosmr69f4f7e830db7\" ><p style=\"text-align: center;\"><a href=\"https:\/\/t.me\/noticiasdigital58\" target=\"_blank\" rel=\"noopener\"><img class=\"aligncenter size-full wp-image-125363\" src=\"https:\/\/digital58.com.ve\/site\/wp-content\/uploads\/2021\/04\/banner-telegram-web-2021.png\" alt=\"\" width=\"600\" height=\"90\" \/><\/a><\/p><\/div><style type=\"text\/css\">\r\n@media screen and (min-width: 1201px) {\r\n.mosmr69f4f7e830db7 {\r\ndisplay: block;\r\n}\r\n}\r\n@media screen and (min-width: 993px) and (max-width: 1200px) {\r\n.mosmr69f4f7e830db7 {\r\ndisplay: block;\r\n}\r\n}\r\n@media screen and (min-width: 769px) and (max-width: 992px) {\r\n.mosmr69f4f7e830db7 {\r\ndisplay: block;\r\n}\r\n}\r\n@media screen and (min-width: 768px) and (max-width: 768px) {\r\n.mosmr69f4f7e830db7 {\r\ndisplay: block;\r\n}\r\n}\r\n@media screen and (max-width: 767px) {\r\n.mosmr69f4f7e830db7 {\r\ndisplay: block;\r\n}\r\n}\r\n<\/style>\r\n\n<p>&nbsp;<\/p>\n<div style=\"margin-top: 0px; margin-bottom: 0px;\" class=\"sharethis-inline-share-buttons\" ><\/div>","protected":false},"excerpt":{"rendered":"<p>Sin duda, este 2018 se perfila como uno de los m\u00e1s exitosos para la venezolana Malena Gonz\u00e1lez, ya que la<\/p>\n","protected":false},"author":1,"featured_media":77736,"comment_status":"open","ping_status":"closed","sticky":false,"template":"","format":"standard","meta":{"colormag_page_container_layout":"default_layout","colormag_page_sidebar_layout":"default_layout","_uag_custom_page_level_css":"","footnotes":""},"categories":[1],"tags":[1836,9381,46,50,6850,72,795],"class_list":["post-77735","post","type-post","status-publish","format-standard","has-post-thumbnail","hentry","category-fama","tag-actrices","tag-actrices-venezolanas","tag-cine","tag-entretenimiento","tag-malena-gonzalez","tag-peliculas","tag-venezolanos"],"yoast_head":"<!-- This site is optimized with the Yoast SEO plugin v27.5 - https:\/\/yoast.com\/product\/yoast-seo-wordpress\/ -->\n<title>Malena Gonz\u00e1lez se estrena como protagonista en el cine internacional<\/title>\n<meta name=\"robots\" content=\"index, follow, max-snippet:-1, max-image-preview:large, max-video-preview:-1\" \/>\n<link rel=\"canonical\" href=\"https:\/\/digital58.com.ve\/site\/2018\/03\/23\/malena-gonzalez-se-estrena-como-protagonista-en-el-cine-internacional\/\" \/>\n<meta property=\"og:locale\" content=\"es_ES\" \/>\n<meta property=\"og:type\" content=\"article\" \/>\n<meta property=\"og:title\" content=\"Malena Gonz\u00e1lez se estrena como protagonista en el cine internacional\" \/>\n<meta property=\"og:url\" content=\"https:\/\/digital58.com.ve\/site\/2018\/03\/23\/malena-gonzalez-se-estrena-como-protagonista-en-el-cine-internacional\/\" \/>\n<meta property=\"og:site_name\" content=\"Noticias Digital58\" \/>\n<meta property=\"article:published_time\" content=\"2018-03-23T12:46:26+00:00\" \/>\n<meta property=\"og:image\" content=\"https:\/\/digital58.com.ve\/site\/wp-content\/uploads\/2018\/03\/malena-2.jpg\" \/>\n\t<meta property=\"og:image:width\" content=\"1500\" \/>\n\t<meta property=\"og:image:height\" content=\"1125\" \/>\n\t<meta property=\"og:image:type\" content=\"image\/jpeg\" \/>\n<meta name=\"author\" content=\"Villasmil Henry\" \/>\n<meta name=\"twitter:card\" content=\"summary_large_image\" \/>\n<meta name=\"twitter:creator\" content=\"@https:\/\/twitter.com\/villasmilhfoto\" \/>\n<meta name=\"twitter:site\" content=\"@villasmilhfoto\" \/>\n<meta name=\"twitter:label1\" content=\"Escrito por\" \/>\n\t<meta name=\"twitter:data1\" content=\"Villasmil Henry\" \/>\n\t<meta name=\"twitter:label2\" content=\"Tiempo estimado de lectura\" \/>\n\t<meta name=\"twitter:data2\" content=\"2 minutos\" \/>\n<script type=\"application\/ld+json\" class=\"yoast-schema-graph\">{\"@context\":\"https:\\\/\\\/schema.org\",\"@graph\":[{\"@type\":\"Article\",\"@id\":\"https:\\\/\\\/digital58.com.ve\\\/site\\\/2018\\\/03\\\/23\\\/malena-gonzalez-se-estrena-como-protagonista-en-el-cine-internacional\\\/#article\",\"isPartOf\":{\"@id\":\"https:\\\/\\\/digital58.com.ve\\\/site\\\/2018\\\/03\\\/23\\\/malena-gonzalez-se-estrena-como-protagonista-en-el-cine-internacional\\\/\"},\"author\":{\"name\":\"Villasmil Henry\",\"@id\":\"https:\\\/\\\/digital58.com.ve\\\/site\\\/#\\\/schema\\\/person\\\/64d1c2e4d0d4fd1b849980c4331c2951\"},\"headline\":\"Malena Gonz\u00e1lez se estrena como protagonista en el cine internacional\",\"datePublished\":\"2018-03-23T12:46:26+00:00\",\"mainEntityOfPage\":{\"@id\":\"https:\\\/\\\/digital58.com.ve\\\/site\\\/2018\\\/03\\\/23\\\/malena-gonzalez-se-estrena-como-protagonista-en-el-cine-internacional\\\/\"},\"wordCount\":418,\"commentCount\":0,\"publisher\":{\"@id\":\"https:\\\/\\\/digital58.com.ve\\\/site\\\/#\\\/schema\\\/person\\\/64d1c2e4d0d4fd1b849980c4331c2951\"},\"image\":{\"@id\":\"https:\\\/\\\/digital58.com.ve\\\/site\\\/2018\\\/03\\\/23\\\/malena-gonzalez-se-estrena-como-protagonista-en-el-cine-internacional\\\/#primaryimage\"},\"thumbnailUrl\":\"https:\\\/\\\/digital58.com.ve\\\/site\\\/wp-content\\\/uploads\\\/2018\\\/03\\\/malena-2.jpg\",\"keywords\":[\"Actrices\",\"Actrices Venezolanas\",\"Cine\",\"Entretenimiento\",\"Malena Gonz\u00e1lez\",\"Pel\u00edculas\",\"Venezolanos\"],\"articleSection\":[\"Fama\"],\"inLanguage\":\"es\",\"potentialAction\":[{\"@type\":\"CommentAction\",\"name\":\"Comment\",\"target\":[\"https:\\\/\\\/digital58.com.ve\\\/site\\\/2018\\\/03\\\/23\\\/malena-gonzalez-se-estrena-como-protagonista-en-el-cine-internacional\\\/#respond\"]}]},{\"@type\":\"WebPage\",\"@id\":\"https:\\\/\\\/digital58.com.ve\\\/site\\\/2018\\\/03\\\/23\\\/malena-gonzalez-se-estrena-como-protagonista-en-el-cine-internacional\\\/\",\"url\":\"https:\\\/\\\/digital58.com.ve\\\/site\\\/2018\\\/03\\\/23\\\/malena-gonzalez-se-estrena-como-protagonista-en-el-cine-internacional\\\/\",\"name\":\"Malena Gonz\u00e1lez se estrena como protagonista en el cine internacional\",\"isPartOf\":{\"@id\":\"https:\\\/\\\/digital58.com.ve\\\/site\\\/#website\"},\"primaryImageOfPage\":{\"@id\":\"https:\\\/\\\/digital58.com.ve\\\/site\\\/2018\\\/03\\\/23\\\/malena-gonzalez-se-estrena-como-protagonista-en-el-cine-internacional\\\/#primaryimage\"},\"image\":{\"@id\":\"https:\\\/\\\/digital58.com.ve\\\/site\\\/2018\\\/03\\\/23\\\/malena-gonzalez-se-estrena-como-protagonista-en-el-cine-internacional\\\/#primaryimage\"},\"thumbnailUrl\":\"https:\\\/\\\/digital58.com.ve\\\/site\\\/wp-content\\\/uploads\\\/2018\\\/03\\\/malena-2.jpg\",\"datePublished\":\"2018-03-23T12:46:26+00:00\",\"breadcrumb\":{\"@id\":\"https:\\\/\\\/digital58.com.ve\\\/site\\\/2018\\\/03\\\/23\\\/malena-gonzalez-se-estrena-como-protagonista-en-el-cine-internacional\\\/#breadcrumb\"},\"inLanguage\":\"es\",\"potentialAction\":[{\"@type\":\"ReadAction\",\"target\":[\"https:\\\/\\\/digital58.com.ve\\\/site\\\/2018\\\/03\\\/23\\\/malena-gonzalez-se-estrena-como-protagonista-en-el-cine-internacional\\\/\"]}]},{\"@type\":\"ImageObject\",\"inLanguage\":\"es\",\"@id\":\"https:\\\/\\\/digital58.com.ve\\\/site\\\/2018\\\/03\\\/23\\\/malena-gonzalez-se-estrena-como-protagonista-en-el-cine-internacional\\\/#primaryimage\",\"url\":\"https:\\\/\\\/digital58.com.ve\\\/site\\\/wp-content\\\/uploads\\\/2018\\\/03\\\/malena-2.jpg\",\"contentUrl\":\"https:\\\/\\\/digital58.com.ve\\\/site\\\/wp-content\\\/uploads\\\/2018\\\/03\\\/malena-2.jpg\",\"width\":800,\"height\":600},{\"@type\":\"BreadcrumbList\",\"@id\":\"https:\\\/\\\/digital58.com.ve\\\/site\\\/2018\\\/03\\\/23\\\/malena-gonzalez-se-estrena-como-protagonista-en-el-cine-internacional\\\/#breadcrumb\",\"itemListElement\":[{\"@type\":\"ListItem\",\"position\":1,\"name\":\"Home\",\"item\":\"https:\\\/\\\/digital58.com.ve\\\/site\\\/\"},{\"@type\":\"ListItem\",\"position\":2,\"name\":\"Malena Gonz\u00e1lez se estrena como protagonista en el cine internacional\"}]},{\"@type\":\"WebSite\",\"@id\":\"https:\\\/\\\/digital58.com.ve\\\/site\\\/#website\",\"url\":\"https:\\\/\\\/digital58.com.ve\\\/site\\\/\",\"name\":\"Noticias Digital58\",\"description\":\"Portal de Noticias \u00a1Periodismo web de verdad! Lanzamiento web 22.11.2005 \\\/ Maracaibo, Venezuela\",\"publisher\":{\"@id\":\"https:\\\/\\\/digital58.com.ve\\\/site\\\/#\\\/schema\\\/person\\\/64d1c2e4d0d4fd1b849980c4331c2951\"},\"alternateName\":\"ND58\",\"potentialAction\":[{\"@type\":\"SearchAction\",\"target\":{\"@type\":\"EntryPoint\",\"urlTemplate\":\"https:\\\/\\\/digital58.com.ve\\\/site\\\/?s={search_term_string}\"},\"query-input\":{\"@type\":\"PropertyValueSpecification\",\"valueRequired\":true,\"valueName\":\"search_term_string\"}}],\"inLanguage\":\"es\"},{\"@type\":[\"Person\",\"Organization\"],\"@id\":\"https:\\\/\\\/digital58.com.ve\\\/site\\\/#\\\/schema\\\/person\\\/64d1c2e4d0d4fd1b849980c4331c2951\",\"name\":\"Villasmil Henry\",\"image\":{\"@type\":\"ImageObject\",\"inLanguage\":\"es\",\"@id\":\"https:\\\/\\\/secure.gravatar.com\\\/avatar\\\/bb0c4a2fcb7970138239f7e404ea75757b1b507b28b5ce4c53fbd62d797c5a7c?s=96&d=mm&r=g\",\"url\":\"https:\\\/\\\/secure.gravatar.com\\\/avatar\\\/bb0c4a2fcb7970138239f7e404ea75757b1b507b28b5ce4c53fbd62d797c5a7c?s=96&d=mm&r=g\",\"contentUrl\":\"https:\\\/\\\/secure.gravatar.com\\\/avatar\\\/bb0c4a2fcb7970138239f7e404ea75757b1b507b28b5ce4c53fbd62d797c5a7c?s=96&d=mm&r=g\",\"caption\":\"Villasmil Henry\"},\"logo\":{\"@id\":\"https:\\\/\\\/secure.gravatar.com\\\/avatar\\\/bb0c4a2fcb7970138239f7e404ea75757b1b507b28b5ce4c53fbd62d797c5a7c?s=96&d=mm&r=g\"},\"sameAs\":[\"http:\\\/\\\/www.henryvillasmil.com.ve\",\"https:\\\/\\\/www.instagram.com\\\/villasmilhfoto\\\/\",\"https:\\\/\\\/x.com\\\/https:\\\/\\\/twitter.com\\\/villasmilhfoto\"],\"url\":\"https:\\\/\\\/digital58.com.ve\\\/site\\\/author\\\/droopy_68\\\/\"}]}<\/script>\n<!-- \/ Yoast SEO plugin. -->","yoast_head_json":{"title":"Malena Gonz\u00e1lez se estrena como protagonista en el cine internacional","robots":{"index":"index","follow":"follow","max-snippet":"max-snippet:-1","max-image-preview":"max-image-preview:large","max-video-preview":"max-video-preview:-1"},"canonical":"https:\/\/digital58.com.ve\/site\/2018\/03\/23\/malena-gonzalez-se-estrena-como-protagonista-en-el-cine-internacional\/","og_locale":"es_ES","og_type":"article","og_title":"Malena Gonz\u00e1lez se estrena como protagonista en el cine internacional","og_url":"https:\/\/digital58.com.ve\/site\/2018\/03\/23\/malena-gonzalez-se-estrena-como-protagonista-en-el-cine-internacional\/","og_site_name":"Noticias Digital58","article_published_time":"2018-03-23T12:46:26+00:00","og_image":[{"width":1500,"height":1125,"url":"https:\/\/digital58.com.ve\/site\/wp-content\/uploads\/2018\/03\/malena-2.jpg","type":"image\/jpeg"}],"author":"Villasmil Henry","twitter_card":"summary_large_image","twitter_creator":"@https:\/\/twitter.com\/villasmilhfoto","twitter_site":"@villasmilhfoto","twitter_misc":{"Escrito por":"Villasmil Henry","Tiempo estimado de lectura":"2 minutos"},"schema":{"@context":"https:\/\/schema.org","@graph":[{"@type":"Article","@id":"https:\/\/digital58.com.ve\/site\/2018\/03\/23\/malena-gonzalez-se-estrena-como-protagonista-en-el-cine-internacional\/#article","isPartOf":{"@id":"https:\/\/digital58.com.ve\/site\/2018\/03\/23\/malena-gonzalez-se-estrena-como-protagonista-en-el-cine-internacional\/"},"author":{"name":"Villasmil Henry","@id":"https:\/\/digital58.com.ve\/site\/#\/schema\/person\/64d1c2e4d0d4fd1b849980c4331c2951"},"headline":"Malena Gonz\u00e1lez se estrena como protagonista en el cine internacional","datePublished":"2018-03-23T12:46:26+00:00","mainEntityOfPage":{"@id":"https:\/\/digital58.com.ve\/site\/2018\/03\/23\/malena-gonzalez-se-estrena-como-protagonista-en-el-cine-internacional\/"},"wordCount":418,"commentCount":0,"publisher":{"@id":"https:\/\/digital58.com.ve\/site\/#\/schema\/person\/64d1c2e4d0d4fd1b849980c4331c2951"},"image":{"@id":"https:\/\/digital58.com.ve\/site\/2018\/03\/23\/malena-gonzalez-se-estrena-como-protagonista-en-el-cine-internacional\/#primaryimage"},"thumbnailUrl":"https:\/\/digital58.com.ve\/site\/wp-content\/uploads\/2018\/03\/malena-2.jpg","keywords":["Actrices","Actrices Venezolanas","Cine","Entretenimiento","Malena Gonz\u00e1lez","Pel\u00edculas","Venezolanos"],"articleSection":["Fama"],"inLanguage":"es","potentialAction":[{"@type":"CommentAction","name":"Comment","target":["https:\/\/digital58.com.ve\/site\/2018\/03\/23\/malena-gonzalez-se-estrena-como-protagonista-en-el-cine-internacional\/#respond"]}]},{"@type":"WebPage","@id":"https:\/\/digital58.com.ve\/site\/2018\/03\/23\/malena-gonzalez-se-estrena-como-protagonista-en-el-cine-internacional\/","url":"https:\/\/digital58.com.ve\/site\/2018\/03\/23\/malena-gonzalez-se-estrena-como-protagonista-en-el-cine-internacional\/","name":"Malena Gonz\u00e1lez se estrena como protagonista en el cine internacional","isPartOf":{"@id":"https:\/\/digital58.com.ve\/site\/#website"},"primaryImageOfPage":{"@id":"https:\/\/digital58.com.ve\/site\/2018\/03\/23\/malena-gonzalez-se-estrena-como-protagonista-en-el-cine-internacional\/#primaryimage"},"image":{"@id":"https:\/\/digital58.com.ve\/site\/2018\/03\/23\/malena-gonzalez-se-estrena-como-protagonista-en-el-cine-internacional\/#primaryimage"},"thumbnailUrl":"https:\/\/digital58.com.ve\/site\/wp-content\/uploads\/2018\/03\/malena-2.jpg","datePublished":"2018-03-23T12:46:26+00:00","breadcrumb":{"@id":"https:\/\/digital58.com.ve\/site\/2018\/03\/23\/malena-gonzalez-se-estrena-como-protagonista-en-el-cine-internacional\/#breadcrumb"},"inLanguage":"es","potentialAction":[{"@type":"ReadAction","target":["https:\/\/digital58.com.ve\/site\/2018\/03\/23\/malena-gonzalez-se-estrena-como-protagonista-en-el-cine-internacional\/"]}]},{"@type":"ImageObject","inLanguage":"es","@id":"https:\/\/digital58.com.ve\/site\/2018\/03\/23\/malena-gonzalez-se-estrena-como-protagonista-en-el-cine-internacional\/#primaryimage","url":"https:\/\/digital58.com.ve\/site\/wp-content\/uploads\/2018\/03\/malena-2.jpg","contentUrl":"https:\/\/digital58.com.ve\/site\/wp-content\/uploads\/2018\/03\/malena-2.jpg","width":800,"height":600},{"@type":"BreadcrumbList","@id":"https:\/\/digital58.com.ve\/site\/2018\/03\/23\/malena-gonzalez-se-estrena-como-protagonista-en-el-cine-internacional\/#breadcrumb","itemListElement":[{"@type":"ListItem","position":1,"name":"Home","item":"https:\/\/digital58.com.ve\/site\/"},{"@type":"ListItem","position":2,"name":"Malena Gonz\u00e1lez se estrena como protagonista en el cine internacional"}]},{"@type":"WebSite","@id":"https:\/\/digital58.com.ve\/site\/#website","url":"https:\/\/digital58.com.ve\/site\/","name":"Noticias Digital58","description":"Portal de Noticias \u00a1Periodismo web de verdad! Lanzamiento web 22.11.2005 \/ Maracaibo, Venezuela","publisher":{"@id":"https:\/\/digital58.com.ve\/site\/#\/schema\/person\/64d1c2e4d0d4fd1b849980c4331c2951"},"alternateName":"ND58","potentialAction":[{"@type":"SearchAction","target":{"@type":"EntryPoint","urlTemplate":"https:\/\/digital58.com.ve\/site\/?s={search_term_string}"},"query-input":{"@type":"PropertyValueSpecification","valueRequired":true,"valueName":"search_term_string"}}],"inLanguage":"es"},{"@type":["Person","Organization"],"@id":"https:\/\/digital58.com.ve\/site\/#\/schema\/person\/64d1c2e4d0d4fd1b849980c4331c2951","name":"Villasmil Henry","image":{"@type":"ImageObject","inLanguage":"es","@id":"https:\/\/secure.gravatar.com\/avatar\/bb0c4a2fcb7970138239f7e404ea75757b1b507b28b5ce4c53fbd62d797c5a7c?s=96&d=mm&r=g","url":"https:\/\/secure.gravatar.com\/avatar\/bb0c4a2fcb7970138239f7e404ea75757b1b507b28b5ce4c53fbd62d797c5a7c?s=96&d=mm&r=g","contentUrl":"https:\/\/secure.gravatar.com\/avatar\/bb0c4a2fcb7970138239f7e404ea75757b1b507b28b5ce4c53fbd62d797c5a7c?s=96&d=mm&r=g","caption":"Villasmil Henry"},"logo":{"@id":"https:\/\/secure.gravatar.com\/avatar\/bb0c4a2fcb7970138239f7e404ea75757b1b507b28b5ce4c53fbd62d797c5a7c?s=96&d=mm&r=g"},"sameAs":["http:\/\/www.henryvillasmil.com.ve","https:\/\/www.instagram.com\/villasmilhfoto\/","https:\/\/x.com\/https:\/\/twitter.com\/villasmilhfoto"],"url":"https:\/\/digital58.com.ve\/site\/author\/droopy_68\/"}]}},"uagb_featured_image_src":{"full":["https:\/\/digital58.com.ve\/site\/wp-content\/uploads\/2018\/03\/malena-2.jpg",800,600,false],"thumbnail":["https:\/\/digital58.com.ve\/site\/wp-content\/uploads\/2018\/03\/malena-2-150x150.jpg",150,150,true],"medium":["https:\/\/digital58.com.ve\/site\/wp-content\/uploads\/2018\/03\/malena-2-300x225.jpg",300,225,true],"medium_large":["https:\/\/digital58.com.ve\/site\/wp-content\/uploads\/2018\/03\/malena-2-768x576.jpg",768,576,true],"large":["https:\/\/digital58.com.ve\/site\/wp-content\/uploads\/2018\/03\/malena-2-1365x1024.jpg",800,600,true],"1536x1536":["https:\/\/digital58.com.ve\/site\/wp-content\/uploads\/2018\/03\/malena-2.jpg",800,600,false],"2048x2048":["https:\/\/digital58.com.ve\/site\/wp-content\/uploads\/2018\/03\/malena-2.jpg",800,600,false],"colormag-highlighted-post":["https:\/\/digital58.com.ve\/site\/wp-content\/uploads\/2018\/03\/malena-2.jpg",363,272,false],"colormag-featured-post-medium":["https:\/\/digital58.com.ve\/site\/wp-content\/uploads\/2018\/03\/malena-2.jpg",273,205,false],"colormag-featured-post-small":["https:\/\/digital58.com.ve\/site\/wp-content\/uploads\/2018\/03\/malena-2.jpg",120,90,false],"colormag-featured-image":["https:\/\/digital58.com.ve\/site\/wp-content\/uploads\/2018\/03\/malena-2.jpg",593,445,false],"colormag-default-news":["https:\/\/digital58.com.ve\/site\/wp-content\/uploads\/2018\/03\/malena-2.jpg",150,113,false],"colormag-featured-image-large":["https:\/\/digital58.com.ve\/site\/wp-content\/uploads\/2018\/03\/malena-2.jpg",800,600,false]},"uagb_author_info":{"display_name":"Villasmil Henry","author_link":"https:\/\/digital58.com.ve\/site\/author\/droopy_68\/"},"uagb_comment_info":0,"uagb_excerpt":"Sin duda, este 2018 se perfila como uno de los m\u00e1s exitosos para la venezolana Malena Gonz\u00e1lez, ya que la","_links":{"self":[{"href":"https:\/\/digital58.com.ve\/site\/wp-json\/wp\/v2\/posts\/77735","targetHints":{"allow":["GET"]}}],"collection":[{"href":"https:\/\/digital58.com.ve\/site\/wp-json\/wp\/v2\/posts"}],"about":[{"href":"https:\/\/digital58.com.ve\/site\/wp-json\/wp\/v2\/types\/post"}],"author":[{"embeddable":true,"href":"https:\/\/digital58.com.ve\/site\/wp-json\/wp\/v2\/users\/1"}],"replies":[{"embeddable":true,"href":"https:\/\/digital58.com.ve\/site\/wp-json\/wp\/v2\/comments?post=77735"}],"version-history":[{"count":0,"href":"https:\/\/digital58.com.ve\/site\/wp-json\/wp\/v2\/posts\/77735\/revisions"}],"wp:featuredmedia":[{"embeddable":true,"href":"https:\/\/digital58.com.ve\/site\/wp-json\/wp\/v2\/media\/77736"}],"wp:attachment":[{"href":"https:\/\/digital58.com.ve\/site\/wp-json\/wp\/v2\/media?parent=77735"}],"wp:term":[{"taxonomy":"category","embeddable":true,"href":"https:\/\/digital58.com.ve\/site\/wp-json\/wp\/v2\/categories?post=77735"},{"taxonomy":"post_tag","embeddable":true,"href":"https:\/\/digital58.com.ve\/site\/wp-json\/wp\/v2\/tags?post=77735"}],"curies":[{"name":"wp","href":"https:\/\/api.w.org\/{rel}","templated":true}]}}