{"id":78626,"date":"2018-05-08T12:10:02","date_gmt":"2018-05-08T16:10:02","guid":{"rendered":"http:\/\/digital58.com.ve\/site\/?p=78626"},"modified":"2018-05-09T06:37:26","modified_gmt":"2018-05-09T10:37:26","slug":"centro-bellas-artes-inaugura-muestras-expositivas-en-el-mes-del-artista-plastico","status":"publish","type":"post","link":"https:\/\/digital58.com.ve\/site\/2018\/05\/08\/centro-bellas-artes-inaugura-muestras-expositivas-en-el-mes-del-artista-plastico\/","title":{"rendered":"Centro Bellas Artes inaugura muestras expositivas en el mes del artista pl\u00e1stico"},"content":{"rendered":"<p><a href=\"http:\/\/digital58.com.ve\/site\/wp-content\/uploads\/2018\/05\/cba-2-e1525795496296.jpg\"><img loading=\"lazy\" decoding=\"async\" class=\"aligncenter size-large wp-image-78628\" src=\"http:\/\/digital58.com.ve\/site\/wp-content\/uploads\/2018\/05\/cba-2-1500x1000.jpg\" alt=\"\" width=\"640\" height=\"427\" \/><\/a><\/p>\n<p>El Centro Bellas Artes Ateneo Maracaibo inaugur\u00f3 tres exposiciones, como parte de la celebraci\u00f3n del D\u00eda del Artista Pl\u00e1stico. Las muestras \u00abSerigr\u00e1fico\u00bb, \u00abPatrones Hologr\u00e1ficos\u00bb y un conjunto de fotograf\u00edas de 18 islas\u00a0ubicadas en el Atl\u00e1ntico\u00a0norte, est\u00e1n disponibles en las diferentes salas del ateneo maracaibero.<\/p>\n<p><strong>Maracaibo, Zulia, Venezuela, 08 de mayo de 2018 (D58).-<\/strong> En el marco del mes del artista pl\u00e1stico, el Centro Bellas Artes Ateneo Maracaibo junto a la\u00a0Direcci\u00f3n de Cultura de La Universidad del Zulia y el Consulado General de Dinamarca, inaugur\u00f3\u00a0nuevas muestras expositivas.<\/p>\n<p>En la Sala Oscar D\u2019Empaire se abri\u00f3 la exposici\u00f3n \u00abSerigr\u00e1fico\u201d, compuesta por m\u00e1s de 50 serigraf\u00edas de la colecci\u00f3n de afiches pertenecientes a la Direcci\u00f3n de Cultura de La Universidad del Zulia, en homenaje a la obra del artista pl\u00e1stico Francisco Bellor\u00edn.<\/p>\n<p>En Sala Alta, con apoyo de la Uni\u00f3n Europea, el Consulado General de Dinamarca y el Ministerio de Asuntos Exteriores de las Islas Feroe, traen al Bellas Artes, un conjunto de fotograf\u00edas, de los paisajes, fauna, colores y tradiciones de estas 18 islas ubicadas en el Atl\u00e1ntico norte, est\u00e1s fotos datan del a\u00f1o 2017, las mismas, invitan a pasear por cada una de sus islas y descubrir los secretos que se esconden a 62\u00b0 de latitud norte y 7\u00b0 de longitud oeste.<\/p>\n<p>Por su parte, en la Sala Peque\u00f1o Formato, se encuentra la propuesta art\u00edstica de Gerardo Villalobos T\u00faa, titulada \u00abPatrones Hologr\u00e1ficos\u00bb, la cual se orienta hacia diferentes v\u00edas de expresi\u00f3n e investigaci\u00f3n. Seg\u00fan el artista, intenta abordar la condici\u00f3n m\u00e1s all\u00e1 del s\u00edntoma a trav\u00e9s del arte, un nuevo intento de comunicar la tartamudez como parte de la creaci\u00f3n contempor\u00e1nea.<\/p>\n<p><strong>Redacci\u00f3n con fuente: NDP<br \/>\n<\/strong><strong>Edici\u00f3n: Silanny Pulgar<br \/>\n<\/strong><strong>Gr\u00e1fica: Cortes\u00eda Centro Bellas Artes Ateneo Maracaibo<br \/>\n<\/strong><\/p>\n<p><a href=\"http:\/\/digital58.com.ve\/site\/wp-content\/uploads\/2018\/05\/cba-3-e1525795359323.jpg\"><img loading=\"lazy\" decoding=\"async\" class=\"aligncenter size-large wp-image-78627\" src=\"http:\/\/digital58.com.ve\/site\/wp-content\/uploads\/2018\/05\/cba-3-1500x1000.jpg\" alt=\"\" width=\"640\" height=\"427\" \/><\/a><\/p>\n<p>&nbsp;<\/p><div class=\"hyotb69effa7edfcd3\" ><p style=\"text-align: center;\"><a href=\"https:\/\/t.me\/noticiasdigital58\" target=\"_blank\" rel=\"noopener\"><img class=\"aligncenter size-full wp-image-125363\" src=\"https:\/\/digital58.com.ve\/site\/wp-content\/uploads\/2021\/04\/banner-telegram-web-2021.png\" alt=\"\" width=\"600\" height=\"90\" \/><\/a><\/p><\/div><style type=\"text\/css\">\r\n@media screen and (min-width: 1201px) {\r\n.hyotb69effa7edfcd3 {\r\ndisplay: block;\r\n}\r\n}\r\n@media screen and (min-width: 993px) and (max-width: 1200px) {\r\n.hyotb69effa7edfcd3 {\r\ndisplay: block;\r\n}\r\n}\r\n@media screen and (min-width: 769px) and (max-width: 992px) {\r\n.hyotb69effa7edfcd3 {\r\ndisplay: block;\r\n}\r\n}\r\n@media screen and (min-width: 768px) and (max-width: 768px) {\r\n.hyotb69effa7edfcd3 {\r\ndisplay: block;\r\n}\r\n}\r\n@media screen and (max-width: 767px) {\r\n.hyotb69effa7edfcd3 {\r\ndisplay: block;\r\n}\r\n}\r\n<\/style>\r\n\n<p>&nbsp;<\/p>\n<div style=\"margin-top: 0px; margin-bottom: 0px;\" class=\"sharethis-inline-share-buttons\" ><\/div>","protected":false},"excerpt":{"rendered":"<p>El Centro Bellas Artes Ateneo Maracaibo inaugur\u00f3 tres exposiciones, como parte de la celebraci\u00f3n del D\u00eda del Artista Pl\u00e1stico. Las<\/p>\n","protected":false},"author":1,"featured_media":78628,"comment_status":"open","ping_status":"closed","sticky":false,"template":"","format":"standard","meta":{"colormag_page_container_layout":"default_layout","colormag_page_sidebar_layout":"default_layout","_uag_custom_page_level_css":"","footnotes":""},"categories":[5401],"tags":[5544,100,833,94,8105,144,10973,10974,73,10970,2354,10969,8401,32,761],"class_list":["post-78626","post","type-post","status-publish","format-standard","has-post-thumbnail","hentry","category-artes","tag-artistas-plasticos","tag-cbaam","tag-centro-bellas-artes-ateneo-maracaibo","tag-cultura","tag-direccion-de-cultura-de-la-universidad-del-zulia","tag-exposiciones","tag-francisco-bellorin","tag-gerardo-villalobos-tua","tag-maracaibo","tag-patrones-holograficos","tag-regionales","tag-serigrafico","tag-teatros","tag-venezuela","tag-zulia"],"yoast_head":"<!-- This site is optimized with the Yoast SEO plugin v27.4 - https:\/\/yoast.com\/product\/yoast-seo-wordpress\/ -->\n<title>Centro Bellas Artes inaugura muestras expositivas en el mes del artista pl\u00e1stico<\/title>\n<meta name=\"robots\" content=\"index, follow, max-snippet:-1, max-image-preview:large, max-video-preview:-1\" \/>\n<link rel=\"canonical\" href=\"https:\/\/digital58.com.ve\/site\/2018\/05\/08\/centro-bellas-artes-inaugura-muestras-expositivas-en-el-mes-del-artista-plastico\/\" \/>\n<meta property=\"og:locale\" content=\"es_ES\" \/>\n<meta property=\"og:type\" content=\"article\" \/>\n<meta property=\"og:title\" content=\"Centro Bellas Artes inaugura muestras expositivas en el mes del artista pl\u00e1stico\" \/>\n<meta property=\"og:url\" content=\"https:\/\/digital58.com.ve\/site\/2018\/05\/08\/centro-bellas-artes-inaugura-muestras-expositivas-en-el-mes-del-artista-plastico\/\" \/>\n<meta property=\"og:site_name\" content=\"Noticias Digital58\" \/>\n<meta property=\"article:published_time\" content=\"2018-05-08T16:10:02+00:00\" \/>\n<meta property=\"article:modified_time\" content=\"2018-05-09T10:37:26+00:00\" \/>\n<meta property=\"og:image\" content=\"https:\/\/digital58.com.ve\/site\/wp-content\/uploads\/2018\/05\/cba-2-e1525795496296.jpg\" \/>\n\t<meta property=\"og:image:width\" content=\"1500\" \/>\n\t<meta property=\"og:image:height\" content=\"1000\" \/>\n\t<meta property=\"og:image:type\" content=\"image\/jpeg\" \/>\n<meta name=\"author\" content=\"Villasmil Henry\" \/>\n<meta name=\"twitter:card\" content=\"summary_large_image\" \/>\n<meta name=\"twitter:creator\" content=\"@https:\/\/twitter.com\/villasmilhfoto\" \/>\n<meta name=\"twitter:site\" content=\"@villasmilhfoto\" \/>\n<meta name=\"twitter:label1\" content=\"Escrito por\" \/>\n\t<meta name=\"twitter:data1\" content=\"Villasmil Henry\" \/>\n\t<meta name=\"twitter:label2\" content=\"Tiempo estimado de lectura\" \/>\n\t<meta name=\"twitter:data2\" content=\"2 minutos\" \/>\n<script type=\"application\/ld+json\" class=\"yoast-schema-graph\">{\"@context\":\"https:\\\/\\\/schema.org\",\"@graph\":[{\"@type\":\"Article\",\"@id\":\"https:\\\/\\\/digital58.com.ve\\\/site\\\/2018\\\/05\\\/08\\\/centro-bellas-artes-inaugura-muestras-expositivas-en-el-mes-del-artista-plastico\\\/#article\",\"isPartOf\":{\"@id\":\"https:\\\/\\\/digital58.com.ve\\\/site\\\/2018\\\/05\\\/08\\\/centro-bellas-artes-inaugura-muestras-expositivas-en-el-mes-del-artista-plastico\\\/\"},\"author\":{\"name\":\"Villasmil Henry\",\"@id\":\"https:\\\/\\\/digital58.com.ve\\\/site\\\/#\\\/schema\\\/person\\\/64d1c2e4d0d4fd1b849980c4331c2951\"},\"headline\":\"Centro Bellas Artes inaugura muestras expositivas en el mes del artista pl\u00e1stico\",\"datePublished\":\"2018-05-08T16:10:02+00:00\",\"dateModified\":\"2018-05-09T10:37:26+00:00\",\"mainEntityOfPage\":{\"@id\":\"https:\\\/\\\/digital58.com.ve\\\/site\\\/2018\\\/05\\\/08\\\/centro-bellas-artes-inaugura-muestras-expositivas-en-el-mes-del-artista-plastico\\\/\"},\"wordCount\":337,\"commentCount\":0,\"publisher\":{\"@id\":\"https:\\\/\\\/digital58.com.ve\\\/site\\\/#\\\/schema\\\/person\\\/64d1c2e4d0d4fd1b849980c4331c2951\"},\"image\":{\"@id\":\"https:\\\/\\\/digital58.com.ve\\\/site\\\/2018\\\/05\\\/08\\\/centro-bellas-artes-inaugura-muestras-expositivas-en-el-mes-del-artista-plastico\\\/#primaryimage\"},\"thumbnailUrl\":\"https:\\\/\\\/digital58.com.ve\\\/site\\\/wp-content\\\/uploads\\\/2018\\\/05\\\/cba-2-e1525795496296.jpg\",\"keywords\":[\"Artistas Pl\u00e1sticos\",\"CBAAM\",\"Centro Bellas Artes Ateneo Maracaibo\",\"Cultura\",\"Direcci\u00f3n de Cultura de la Universidad del Zulia\",\"Exposiciones\",\"Francisco Bellor\u00edn\",\"Gerardo Villalobos T\u00faa\",\"Maracaibo\",\"Patrones Hologr\u00e1ficos\",\"Regionales\",\"Serigr\u00e1fico\",\"Teatros\",\"Venezuela\",\"Zulia\"],\"articleSection\":[\"Artes\"],\"inLanguage\":\"es\",\"potentialAction\":[{\"@type\":\"CommentAction\",\"name\":\"Comment\",\"target\":[\"https:\\\/\\\/digital58.com.ve\\\/site\\\/2018\\\/05\\\/08\\\/centro-bellas-artes-inaugura-muestras-expositivas-en-el-mes-del-artista-plastico\\\/#respond\"]}]},{\"@type\":\"WebPage\",\"@id\":\"https:\\\/\\\/digital58.com.ve\\\/site\\\/2018\\\/05\\\/08\\\/centro-bellas-artes-inaugura-muestras-expositivas-en-el-mes-del-artista-plastico\\\/\",\"url\":\"https:\\\/\\\/digital58.com.ve\\\/site\\\/2018\\\/05\\\/08\\\/centro-bellas-artes-inaugura-muestras-expositivas-en-el-mes-del-artista-plastico\\\/\",\"name\":\"Centro Bellas Artes inaugura muestras expositivas en el mes del artista pl\u00e1stico\",\"isPartOf\":{\"@id\":\"https:\\\/\\\/digital58.com.ve\\\/site\\\/#website\"},\"primaryImageOfPage\":{\"@id\":\"https:\\\/\\\/digital58.com.ve\\\/site\\\/2018\\\/05\\\/08\\\/centro-bellas-artes-inaugura-muestras-expositivas-en-el-mes-del-artista-plastico\\\/#primaryimage\"},\"image\":{\"@id\":\"https:\\\/\\\/digital58.com.ve\\\/site\\\/2018\\\/05\\\/08\\\/centro-bellas-artes-inaugura-muestras-expositivas-en-el-mes-del-artista-plastico\\\/#primaryimage\"},\"thumbnailUrl\":\"https:\\\/\\\/digital58.com.ve\\\/site\\\/wp-content\\\/uploads\\\/2018\\\/05\\\/cba-2-e1525795496296.jpg\",\"datePublished\":\"2018-05-08T16:10:02+00:00\",\"dateModified\":\"2018-05-09T10:37:26+00:00\",\"breadcrumb\":{\"@id\":\"https:\\\/\\\/digital58.com.ve\\\/site\\\/2018\\\/05\\\/08\\\/centro-bellas-artes-inaugura-muestras-expositivas-en-el-mes-del-artista-plastico\\\/#breadcrumb\"},\"inLanguage\":\"es\",\"potentialAction\":[{\"@type\":\"ReadAction\",\"target\":[\"https:\\\/\\\/digital58.com.ve\\\/site\\\/2018\\\/05\\\/08\\\/centro-bellas-artes-inaugura-muestras-expositivas-en-el-mes-del-artista-plastico\\\/\"]}]},{\"@type\":\"ImageObject\",\"inLanguage\":\"es\",\"@id\":\"https:\\\/\\\/digital58.com.ve\\\/site\\\/2018\\\/05\\\/08\\\/centro-bellas-artes-inaugura-muestras-expositivas-en-el-mes-del-artista-plastico\\\/#primaryimage\",\"url\":\"https:\\\/\\\/digital58.com.ve\\\/site\\\/wp-content\\\/uploads\\\/2018\\\/05\\\/cba-2-e1525795496296.jpg\",\"contentUrl\":\"https:\\\/\\\/digital58.com.ve\\\/site\\\/wp-content\\\/uploads\\\/2018\\\/05\\\/cba-2-e1525795496296.jpg\",\"width\":800,\"height\":533},{\"@type\":\"BreadcrumbList\",\"@id\":\"https:\\\/\\\/digital58.com.ve\\\/site\\\/2018\\\/05\\\/08\\\/centro-bellas-artes-inaugura-muestras-expositivas-en-el-mes-del-artista-plastico\\\/#breadcrumb\",\"itemListElement\":[{\"@type\":\"ListItem\",\"position\":1,\"name\":\"Home\",\"item\":\"https:\\\/\\\/digital58.com.ve\\\/site\\\/\"},{\"@type\":\"ListItem\",\"position\":2,\"name\":\"Centro Bellas Artes inaugura muestras expositivas en el mes del artista pl\u00e1stico\"}]},{\"@type\":\"WebSite\",\"@id\":\"https:\\\/\\\/digital58.com.ve\\\/site\\\/#website\",\"url\":\"https:\\\/\\\/digital58.com.ve\\\/site\\\/\",\"name\":\"Noticias Digital58\",\"description\":\"Portal de Noticias \u00a1Periodismo web de verdad! Lanzamiento web 22.11.2005 \\\/ Maracaibo, Venezuela\",\"publisher\":{\"@id\":\"https:\\\/\\\/digital58.com.ve\\\/site\\\/#\\\/schema\\\/person\\\/64d1c2e4d0d4fd1b849980c4331c2951\"},\"alternateName\":\"ND58\",\"potentialAction\":[{\"@type\":\"SearchAction\",\"target\":{\"@type\":\"EntryPoint\",\"urlTemplate\":\"https:\\\/\\\/digital58.com.ve\\\/site\\\/?s={search_term_string}\"},\"query-input\":{\"@type\":\"PropertyValueSpecification\",\"valueRequired\":true,\"valueName\":\"search_term_string\"}}],\"inLanguage\":\"es\"},{\"@type\":[\"Person\",\"Organization\"],\"@id\":\"https:\\\/\\\/digital58.com.ve\\\/site\\\/#\\\/schema\\\/person\\\/64d1c2e4d0d4fd1b849980c4331c2951\",\"name\":\"Villasmil Henry\",\"image\":{\"@type\":\"ImageObject\",\"inLanguage\":\"es\",\"@id\":\"https:\\\/\\\/secure.gravatar.com\\\/avatar\\\/bb0c4a2fcb7970138239f7e404ea75757b1b507b28b5ce4c53fbd62d797c5a7c?s=96&d=mm&r=g\",\"url\":\"https:\\\/\\\/secure.gravatar.com\\\/avatar\\\/bb0c4a2fcb7970138239f7e404ea75757b1b507b28b5ce4c53fbd62d797c5a7c?s=96&d=mm&r=g\",\"contentUrl\":\"https:\\\/\\\/secure.gravatar.com\\\/avatar\\\/bb0c4a2fcb7970138239f7e404ea75757b1b507b28b5ce4c53fbd62d797c5a7c?s=96&d=mm&r=g\",\"caption\":\"Villasmil Henry\"},\"logo\":{\"@id\":\"https:\\\/\\\/secure.gravatar.com\\\/avatar\\\/bb0c4a2fcb7970138239f7e404ea75757b1b507b28b5ce4c53fbd62d797c5a7c?s=96&d=mm&r=g\"},\"sameAs\":[\"http:\\\/\\\/www.henryvillasmil.com.ve\",\"https:\\\/\\\/www.instagram.com\\\/villasmilhfoto\\\/\",\"https:\\\/\\\/x.com\\\/https:\\\/\\\/twitter.com\\\/villasmilhfoto\"],\"url\":\"https:\\\/\\\/digital58.com.ve\\\/site\\\/author\\\/droopy_68\\\/\"}]}<\/script>\n<!-- \/ Yoast SEO plugin. -->","yoast_head_json":{"title":"Centro Bellas Artes inaugura muestras expositivas en el mes del artista pl\u00e1stico","robots":{"index":"index","follow":"follow","max-snippet":"max-snippet:-1","max-image-preview":"max-image-preview:large","max-video-preview":"max-video-preview:-1"},"canonical":"https:\/\/digital58.com.ve\/site\/2018\/05\/08\/centro-bellas-artes-inaugura-muestras-expositivas-en-el-mes-del-artista-plastico\/","og_locale":"es_ES","og_type":"article","og_title":"Centro Bellas Artes inaugura muestras expositivas en el mes del artista pl\u00e1stico","og_url":"https:\/\/digital58.com.ve\/site\/2018\/05\/08\/centro-bellas-artes-inaugura-muestras-expositivas-en-el-mes-del-artista-plastico\/","og_site_name":"Noticias Digital58","article_published_time":"2018-05-08T16:10:02+00:00","article_modified_time":"2018-05-09T10:37:26+00:00","og_image":[{"width":1500,"height":1000,"url":"https:\/\/digital58.com.ve\/site\/wp-content\/uploads\/2018\/05\/cba-2-e1525795496296.jpg","type":"image\/jpeg"}],"author":"Villasmil Henry","twitter_card":"summary_large_image","twitter_creator":"@https:\/\/twitter.com\/villasmilhfoto","twitter_site":"@villasmilhfoto","twitter_misc":{"Escrito por":"Villasmil Henry","Tiempo estimado de lectura":"2 minutos"},"schema":{"@context":"https:\/\/schema.org","@graph":[{"@type":"Article","@id":"https:\/\/digital58.com.ve\/site\/2018\/05\/08\/centro-bellas-artes-inaugura-muestras-expositivas-en-el-mes-del-artista-plastico\/#article","isPartOf":{"@id":"https:\/\/digital58.com.ve\/site\/2018\/05\/08\/centro-bellas-artes-inaugura-muestras-expositivas-en-el-mes-del-artista-plastico\/"},"author":{"name":"Villasmil Henry","@id":"https:\/\/digital58.com.ve\/site\/#\/schema\/person\/64d1c2e4d0d4fd1b849980c4331c2951"},"headline":"Centro Bellas Artes inaugura muestras expositivas en el mes del artista pl\u00e1stico","datePublished":"2018-05-08T16:10:02+00:00","dateModified":"2018-05-09T10:37:26+00:00","mainEntityOfPage":{"@id":"https:\/\/digital58.com.ve\/site\/2018\/05\/08\/centro-bellas-artes-inaugura-muestras-expositivas-en-el-mes-del-artista-plastico\/"},"wordCount":337,"commentCount":0,"publisher":{"@id":"https:\/\/digital58.com.ve\/site\/#\/schema\/person\/64d1c2e4d0d4fd1b849980c4331c2951"},"image":{"@id":"https:\/\/digital58.com.ve\/site\/2018\/05\/08\/centro-bellas-artes-inaugura-muestras-expositivas-en-el-mes-del-artista-plastico\/#primaryimage"},"thumbnailUrl":"https:\/\/digital58.com.ve\/site\/wp-content\/uploads\/2018\/05\/cba-2-e1525795496296.jpg","keywords":["Artistas Pl\u00e1sticos","CBAAM","Centro Bellas Artes Ateneo Maracaibo","Cultura","Direcci\u00f3n de Cultura de la Universidad del Zulia","Exposiciones","Francisco Bellor\u00edn","Gerardo Villalobos T\u00faa","Maracaibo","Patrones Hologr\u00e1ficos","Regionales","Serigr\u00e1fico","Teatros","Venezuela","Zulia"],"articleSection":["Artes"],"inLanguage":"es","potentialAction":[{"@type":"CommentAction","name":"Comment","target":["https:\/\/digital58.com.ve\/site\/2018\/05\/08\/centro-bellas-artes-inaugura-muestras-expositivas-en-el-mes-del-artista-plastico\/#respond"]}]},{"@type":"WebPage","@id":"https:\/\/digital58.com.ve\/site\/2018\/05\/08\/centro-bellas-artes-inaugura-muestras-expositivas-en-el-mes-del-artista-plastico\/","url":"https:\/\/digital58.com.ve\/site\/2018\/05\/08\/centro-bellas-artes-inaugura-muestras-expositivas-en-el-mes-del-artista-plastico\/","name":"Centro Bellas Artes inaugura muestras expositivas en el mes del artista pl\u00e1stico","isPartOf":{"@id":"https:\/\/digital58.com.ve\/site\/#website"},"primaryImageOfPage":{"@id":"https:\/\/digital58.com.ve\/site\/2018\/05\/08\/centro-bellas-artes-inaugura-muestras-expositivas-en-el-mes-del-artista-plastico\/#primaryimage"},"image":{"@id":"https:\/\/digital58.com.ve\/site\/2018\/05\/08\/centro-bellas-artes-inaugura-muestras-expositivas-en-el-mes-del-artista-plastico\/#primaryimage"},"thumbnailUrl":"https:\/\/digital58.com.ve\/site\/wp-content\/uploads\/2018\/05\/cba-2-e1525795496296.jpg","datePublished":"2018-05-08T16:10:02+00:00","dateModified":"2018-05-09T10:37:26+00:00","breadcrumb":{"@id":"https:\/\/digital58.com.ve\/site\/2018\/05\/08\/centro-bellas-artes-inaugura-muestras-expositivas-en-el-mes-del-artista-plastico\/#breadcrumb"},"inLanguage":"es","potentialAction":[{"@type":"ReadAction","target":["https:\/\/digital58.com.ve\/site\/2018\/05\/08\/centro-bellas-artes-inaugura-muestras-expositivas-en-el-mes-del-artista-plastico\/"]}]},{"@type":"ImageObject","inLanguage":"es","@id":"https:\/\/digital58.com.ve\/site\/2018\/05\/08\/centro-bellas-artes-inaugura-muestras-expositivas-en-el-mes-del-artista-plastico\/#primaryimage","url":"https:\/\/digital58.com.ve\/site\/wp-content\/uploads\/2018\/05\/cba-2-e1525795496296.jpg","contentUrl":"https:\/\/digital58.com.ve\/site\/wp-content\/uploads\/2018\/05\/cba-2-e1525795496296.jpg","width":800,"height":533},{"@type":"BreadcrumbList","@id":"https:\/\/digital58.com.ve\/site\/2018\/05\/08\/centro-bellas-artes-inaugura-muestras-expositivas-en-el-mes-del-artista-plastico\/#breadcrumb","itemListElement":[{"@type":"ListItem","position":1,"name":"Home","item":"https:\/\/digital58.com.ve\/site\/"},{"@type":"ListItem","position":2,"name":"Centro Bellas Artes inaugura muestras expositivas en el mes del artista pl\u00e1stico"}]},{"@type":"WebSite","@id":"https:\/\/digital58.com.ve\/site\/#website","url":"https:\/\/digital58.com.ve\/site\/","name":"Noticias Digital58","description":"Portal de Noticias \u00a1Periodismo web de verdad! Lanzamiento web 22.11.2005 \/ Maracaibo, Venezuela","publisher":{"@id":"https:\/\/digital58.com.ve\/site\/#\/schema\/person\/64d1c2e4d0d4fd1b849980c4331c2951"},"alternateName":"ND58","potentialAction":[{"@type":"SearchAction","target":{"@type":"EntryPoint","urlTemplate":"https:\/\/digital58.com.ve\/site\/?s={search_term_string}"},"query-input":{"@type":"PropertyValueSpecification","valueRequired":true,"valueName":"search_term_string"}}],"inLanguage":"es"},{"@type":["Person","Organization"],"@id":"https:\/\/digital58.com.ve\/site\/#\/schema\/person\/64d1c2e4d0d4fd1b849980c4331c2951","name":"Villasmil Henry","image":{"@type":"ImageObject","inLanguage":"es","@id":"https:\/\/secure.gravatar.com\/avatar\/bb0c4a2fcb7970138239f7e404ea75757b1b507b28b5ce4c53fbd62d797c5a7c?s=96&d=mm&r=g","url":"https:\/\/secure.gravatar.com\/avatar\/bb0c4a2fcb7970138239f7e404ea75757b1b507b28b5ce4c53fbd62d797c5a7c?s=96&d=mm&r=g","contentUrl":"https:\/\/secure.gravatar.com\/avatar\/bb0c4a2fcb7970138239f7e404ea75757b1b507b28b5ce4c53fbd62d797c5a7c?s=96&d=mm&r=g","caption":"Villasmil Henry"},"logo":{"@id":"https:\/\/secure.gravatar.com\/avatar\/bb0c4a2fcb7970138239f7e404ea75757b1b507b28b5ce4c53fbd62d797c5a7c?s=96&d=mm&r=g"},"sameAs":["http:\/\/www.henryvillasmil.com.ve","https:\/\/www.instagram.com\/villasmilhfoto\/","https:\/\/x.com\/https:\/\/twitter.com\/villasmilhfoto"],"url":"https:\/\/digital58.com.ve\/site\/author\/droopy_68\/"}]}},"uagb_featured_image_src":{"full":["https:\/\/digital58.com.ve\/site\/wp-content\/uploads\/2018\/05\/cba-2-e1525795496296.jpg",800,533,false],"thumbnail":["https:\/\/digital58.com.ve\/site\/wp-content\/uploads\/2018\/05\/cba-2-150x150.jpg",150,150,true],"medium":["https:\/\/digital58.com.ve\/site\/wp-content\/uploads\/2018\/05\/cba-2-300x200.jpg",300,200,true],"medium_large":["https:\/\/digital58.com.ve\/site\/wp-content\/uploads\/2018\/05\/cba-2-768x512.jpg",768,512,true],"large":["https:\/\/digital58.com.ve\/site\/wp-content\/uploads\/2018\/05\/cba-2-1500x1000.jpg",800,533,true],"1536x1536":["https:\/\/digital58.com.ve\/site\/wp-content\/uploads\/2018\/05\/cba-2-e1525795496296.jpg",800,533,false],"2048x2048":["https:\/\/digital58.com.ve\/site\/wp-content\/uploads\/2018\/05\/cba-2-e1525795496296.jpg",800,533,false],"colormag-highlighted-post":["https:\/\/digital58.com.ve\/site\/wp-content\/uploads\/2018\/05\/cba-2-e1525795496296.jpg",392,261,false],"colormag-featured-post-medium":["https:\/\/digital58.com.ve\/site\/wp-content\/uploads\/2018\/05\/cba-2-e1525795496296.jpg",308,205,false],"colormag-featured-post-small":["https:\/\/digital58.com.ve\/site\/wp-content\/uploads\/2018\/05\/cba-2-e1525795496296.jpg",130,87,false],"colormag-featured-image":["https:\/\/digital58.com.ve\/site\/wp-content\/uploads\/2018\/05\/cba-2-e1525795496296.jpg",668,445,false],"colormag-default-news":["https:\/\/digital58.com.ve\/site\/wp-content\/uploads\/2018\/05\/cba-2-e1525795496296.jpg",150,100,false],"colormag-featured-image-large":["https:\/\/digital58.com.ve\/site\/wp-content\/uploads\/2018\/05\/cba-2-e1525795496296.jpg",800,533,false]},"uagb_author_info":{"display_name":"Villasmil Henry","author_link":"https:\/\/digital58.com.ve\/site\/author\/droopy_68\/"},"uagb_comment_info":0,"uagb_excerpt":"El Centro Bellas Artes Ateneo Maracaibo inaugur\u00f3 tres exposiciones, como parte de la celebraci\u00f3n del D\u00eda del Artista Pl\u00e1stico. Las","_links":{"self":[{"href":"https:\/\/digital58.com.ve\/site\/wp-json\/wp\/v2\/posts\/78626","targetHints":{"allow":["GET"]}}],"collection":[{"href":"https:\/\/digital58.com.ve\/site\/wp-json\/wp\/v2\/posts"}],"about":[{"href":"https:\/\/digital58.com.ve\/site\/wp-json\/wp\/v2\/types\/post"}],"author":[{"embeddable":true,"href":"https:\/\/digital58.com.ve\/site\/wp-json\/wp\/v2\/users\/1"}],"replies":[{"embeddable":true,"href":"https:\/\/digital58.com.ve\/site\/wp-json\/wp\/v2\/comments?post=78626"}],"version-history":[{"count":0,"href":"https:\/\/digital58.com.ve\/site\/wp-json\/wp\/v2\/posts\/78626\/revisions"}],"wp:featuredmedia":[{"embeddable":true,"href":"https:\/\/digital58.com.ve\/site\/wp-json\/wp\/v2\/media\/78628"}],"wp:attachment":[{"href":"https:\/\/digital58.com.ve\/site\/wp-json\/wp\/v2\/media?parent=78626"}],"wp:term":[{"taxonomy":"category","embeddable":true,"href":"https:\/\/digital58.com.ve\/site\/wp-json\/wp\/v2\/categories?post=78626"},{"taxonomy":"post_tag","embeddable":true,"href":"https:\/\/digital58.com.ve\/site\/wp-json\/wp\/v2\/tags?post=78626"}],"curies":[{"name":"wp","href":"https:\/\/api.w.org\/{rel}","templated":true}]}}