{"id":78717,"date":"2018-05-09T19:04:09","date_gmt":"2018-05-09T23:04:09","guid":{"rendered":"http:\/\/digital58.com.ve\/site\/?p=78717"},"modified":"2018-05-09T19:04:09","modified_gmt":"2018-05-09T23:04:09","slug":"miguel-delabarca-le-cantara-a-las-madres-en-el-teatro-baralt","status":"publish","type":"post","link":"https:\/\/digital58.com.ve\/site\/2018\/05\/09\/miguel-delabarca-le-cantara-a-las-madres-en-el-teatro-baralt\/","title":{"rendered":"Miguel Delabarca le cantar\u00e1 a las madres en el Teatro Baralt"},"content":{"rendered":"<p><a href=\"http:\/\/digital58.com.ve\/site\/wp-content\/uploads\/2018\/05\/delabarca.png\"><img loading=\"lazy\" decoding=\"async\" class=\"aligncenter size-full wp-image-78718\" src=\"http:\/\/digital58.com.ve\/site\/wp-content\/uploads\/2018\/05\/delabarca.png\" alt=\"\" width=\"866\" height=\"866\" srcset=\"https:\/\/digital58.com.ve\/site\/wp-content\/uploads\/2018\/05\/delabarca.png 600w, https:\/\/digital58.com.ve\/site\/wp-content\/uploads\/2018\/05\/delabarca-150x150.png 150w, https:\/\/digital58.com.ve\/site\/wp-content\/uploads\/2018\/05\/delabarca-300x300.png 300w, https:\/\/digital58.com.ve\/site\/wp-content\/uploads\/2018\/05\/delabarca-768x768.png 768w\" sizes=\"auto, (max-width: 866px) 100vw, 866px\" \/><\/a><\/p>\n<p>Este domingo 13 de mayo se celebrar\u00e1 el D\u00eda de las Madres en varios pa\u00edses del mundo y en Maracaibo, la Joya Cultural del Zulia presentar\u00e1 un espect\u00e1culo de altura. El joven cantante Miguel Delabarca deleitar\u00e1 con su voz deleitar\u00e1 a las madres zulianas en un concierto que iniciar\u00e1 a las 11.00 a.m. En este espacio cultural las reinas de hogares maracaiberos tendr\u00e1n la oportunidad de disfrutar un espect\u00e1culo gratuito.<\/p>\n<p><strong>Maracaibo, Zulia, Venezuela, 09 de mayo de 2018 (Noticias D58).-<\/strong> Delabarca naci\u00f3 en Maracaibo y ha compartido escenario con artistas de la talla de Ilan Chester, Juan Luis Guerra, Rosario, Franco De Vita, Oscar D\u2019 Le\u00f3n y m\u00e1s. Deleitar\u00e1 con mucho romanticismo a las madres en su d\u00eda.<\/p>\n<p>El Teatro Baralt est\u00e1 comprometido con el avance cultural en la regi\u00f3n realizando este tipo de actividades para todo p\u00fablico. Siempre invitando a toda la comunidad a la \u00abCasa de Todos\u00bb.<\/p>\n<p><strong>Redacci\u00f3n con fuente: Prensa Teatro Baralt<\/strong><br \/>\n<strong>Edici\u00f3n: Villasmil, Henry<\/strong><br \/>\n<strong>Gr\u00e1fica: cortes\u00eda @teatrobaralt #ElTeatroEst\u00e1Vivo<\/strong><\/p><div class=\"oujkd69ec70d58bcec\" ><p style=\"text-align: center;\"><a href=\"https:\/\/t.me\/noticiasdigital58\" target=\"_blank\" rel=\"noopener\"><img class=\"aligncenter size-full wp-image-125363\" src=\"https:\/\/digital58.com.ve\/site\/wp-content\/uploads\/2021\/04\/banner-telegram-web-2021.png\" alt=\"\" width=\"600\" height=\"90\" \/><\/a><\/p><\/div><style type=\"text\/css\">\r\n@media screen and (min-width: 1201px) {\r\n.oujkd69ec70d58bcec {\r\ndisplay: block;\r\n}\r\n}\r\n@media screen and (min-width: 993px) and (max-width: 1200px) {\r\n.oujkd69ec70d58bcec {\r\ndisplay: block;\r\n}\r\n}\r\n@media screen and (min-width: 769px) and (max-width: 992px) {\r\n.oujkd69ec70d58bcec {\r\ndisplay: block;\r\n}\r\n}\r\n@media screen and (min-width: 768px) and (max-width: 768px) {\r\n.oujkd69ec70d58bcec {\r\ndisplay: block;\r\n}\r\n}\r\n@media screen and (max-width: 767px) {\r\n.oujkd69ec70d58bcec {\r\ndisplay: block;\r\n}\r\n}\r\n<\/style>\r\n\n<p>&nbsp;<\/p>\n<div style=\"margin-top: 0px; margin-bottom: 0px;\" class=\"sharethis-inline-share-buttons\" ><\/div>","protected":false},"excerpt":{"rendered":"<p>Este domingo 13 de mayo se celebrar\u00e1 el D\u00eda de las Madres en varios pa\u00edses del mundo y en Maracaibo,<\/p>\n","protected":false},"author":1,"featured_media":78718,"comment_status":"open","ping_status":"closed","sticky":false,"template":"","format":"standard","meta":{"colormag_page_container_layout":"default_layout","colormag_page_sidebar_layout":"default_layout","_uag_custom_page_level_css":"","footnotes":""},"categories":[5412,5401,5417],"tags":[681,50,73,11006,61,2354,97,8401,32,761],"class_list":["post-78717","post","type-post","status-publish","format-standard","has-post-thumbnail","hentry","category-donde_ir_maracaibo","category-artes","category-conciertos","tag-dia-de-la-madre","tag-entretenimiento","tag-maracaibo","tag-miguel-delabarca","tag-musica","tag-regionales","tag-teatro-baralt","tag-teatros","tag-venezuela","tag-zulia"],"yoast_head":"<!-- This site is optimized with the Yoast SEO plugin v27.4 - https:\/\/yoast.com\/product\/yoast-seo-wordpress\/ -->\n<title>Miguel Delabarca le cantar\u00e1 a las madres en el Teatro Baralt<\/title>\n<meta name=\"robots\" content=\"index, follow, max-snippet:-1, max-image-preview:large, max-video-preview:-1\" \/>\n<link rel=\"canonical\" href=\"https:\/\/digital58.com.ve\/site\/2018\/05\/09\/miguel-delabarca-le-cantara-a-las-madres-en-el-teatro-baralt\/\" \/>\n<meta property=\"og:locale\" content=\"es_ES\" \/>\n<meta property=\"og:type\" content=\"article\" \/>\n<meta property=\"og:title\" content=\"Miguel Delabarca le cantar\u00e1 a las madres en el Teatro Baralt\" \/>\n<meta property=\"og:url\" content=\"https:\/\/digital58.com.ve\/site\/2018\/05\/09\/miguel-delabarca-le-cantara-a-las-madres-en-el-teatro-baralt\/\" \/>\n<meta property=\"og:site_name\" content=\"Noticias Digital58\" \/>\n<meta property=\"article:published_time\" content=\"2018-05-09T23:04:09+00:00\" \/>\n<meta property=\"og:image\" content=\"https:\/\/digital58.com.ve\/site\/wp-content\/uploads\/2018\/05\/delabarca.png\" \/>\n\t<meta property=\"og:image:width\" content=\"866\" \/>\n\t<meta property=\"og:image:height\" content=\"866\" \/>\n\t<meta property=\"og:image:type\" content=\"image\/png\" \/>\n<meta name=\"author\" content=\"Villasmil Henry\" \/>\n<meta name=\"twitter:card\" content=\"summary_large_image\" \/>\n<meta name=\"twitter:creator\" content=\"@https:\/\/twitter.com\/villasmilhfoto\" \/>\n<meta name=\"twitter:site\" content=\"@villasmilhfoto\" \/>\n<meta name=\"twitter:label1\" content=\"Escrito por\" \/>\n\t<meta name=\"twitter:data1\" content=\"Villasmil Henry\" \/>\n\t<meta name=\"twitter:label2\" content=\"Tiempo estimado de lectura\" \/>\n\t<meta name=\"twitter:data2\" content=\"1 minuto\" \/>\n<script type=\"application\/ld+json\" class=\"yoast-schema-graph\">{\"@context\":\"https:\\\/\\\/schema.org\",\"@graph\":[{\"@type\":\"Article\",\"@id\":\"https:\\\/\\\/digital58.com.ve\\\/site\\\/2018\\\/05\\\/09\\\/miguel-delabarca-le-cantara-a-las-madres-en-el-teatro-baralt\\\/#article\",\"isPartOf\":{\"@id\":\"https:\\\/\\\/digital58.com.ve\\\/site\\\/2018\\\/05\\\/09\\\/miguel-delabarca-le-cantara-a-las-madres-en-el-teatro-baralt\\\/\"},\"author\":{\"name\":\"Villasmil Henry\",\"@id\":\"https:\\\/\\\/digital58.com.ve\\\/site\\\/#\\\/schema\\\/person\\\/64d1c2e4d0d4fd1b849980c4331c2951\"},\"headline\":\"Miguel Delabarca le cantar\u00e1 a las madres en el Teatro Baralt\",\"datePublished\":\"2018-05-09T23:04:09+00:00\",\"mainEntityOfPage\":{\"@id\":\"https:\\\/\\\/digital58.com.ve\\\/site\\\/2018\\\/05\\\/09\\\/miguel-delabarca-le-cantara-a-las-madres-en-el-teatro-baralt\\\/\"},\"wordCount\":187,\"commentCount\":0,\"publisher\":{\"@id\":\"https:\\\/\\\/digital58.com.ve\\\/site\\\/#\\\/schema\\\/person\\\/64d1c2e4d0d4fd1b849980c4331c2951\"},\"image\":{\"@id\":\"https:\\\/\\\/digital58.com.ve\\\/site\\\/2018\\\/05\\\/09\\\/miguel-delabarca-le-cantara-a-las-madres-en-el-teatro-baralt\\\/#primaryimage\"},\"thumbnailUrl\":\"https:\\\/\\\/digital58.com.ve\\\/site\\\/wp-content\\\/uploads\\\/2018\\\/05\\\/delabarca.png\",\"keywords\":[\"D\u00eda de la madre\",\"Entretenimiento\",\"Maracaibo\",\"Miguel Delabarca\",\"M\u00fasica\",\"Regionales\",\"Teatro Baralt\",\"Teatros\",\"Venezuela\",\"Zulia\"],\"articleSection\":[\"\u00bfD\u00f3nde ir Maracaibo?\",\"Artes\",\"Conciertos\"],\"inLanguage\":\"es\",\"potentialAction\":[{\"@type\":\"CommentAction\",\"name\":\"Comment\",\"target\":[\"https:\\\/\\\/digital58.com.ve\\\/site\\\/2018\\\/05\\\/09\\\/miguel-delabarca-le-cantara-a-las-madres-en-el-teatro-baralt\\\/#respond\"]}]},{\"@type\":\"WebPage\",\"@id\":\"https:\\\/\\\/digital58.com.ve\\\/site\\\/2018\\\/05\\\/09\\\/miguel-delabarca-le-cantara-a-las-madres-en-el-teatro-baralt\\\/\",\"url\":\"https:\\\/\\\/digital58.com.ve\\\/site\\\/2018\\\/05\\\/09\\\/miguel-delabarca-le-cantara-a-las-madres-en-el-teatro-baralt\\\/\",\"name\":\"Miguel Delabarca le cantar\u00e1 a las madres en el Teatro Baralt\",\"isPartOf\":{\"@id\":\"https:\\\/\\\/digital58.com.ve\\\/site\\\/#website\"},\"primaryImageOfPage\":{\"@id\":\"https:\\\/\\\/digital58.com.ve\\\/site\\\/2018\\\/05\\\/09\\\/miguel-delabarca-le-cantara-a-las-madres-en-el-teatro-baralt\\\/#primaryimage\"},\"image\":{\"@id\":\"https:\\\/\\\/digital58.com.ve\\\/site\\\/2018\\\/05\\\/09\\\/miguel-delabarca-le-cantara-a-las-madres-en-el-teatro-baralt\\\/#primaryimage\"},\"thumbnailUrl\":\"https:\\\/\\\/digital58.com.ve\\\/site\\\/wp-content\\\/uploads\\\/2018\\\/05\\\/delabarca.png\",\"datePublished\":\"2018-05-09T23:04:09+00:00\",\"breadcrumb\":{\"@id\":\"https:\\\/\\\/digital58.com.ve\\\/site\\\/2018\\\/05\\\/09\\\/miguel-delabarca-le-cantara-a-las-madres-en-el-teatro-baralt\\\/#breadcrumb\"},\"inLanguage\":\"es\",\"potentialAction\":[{\"@type\":\"ReadAction\",\"target\":[\"https:\\\/\\\/digital58.com.ve\\\/site\\\/2018\\\/05\\\/09\\\/miguel-delabarca-le-cantara-a-las-madres-en-el-teatro-baralt\\\/\"]}]},{\"@type\":\"ImageObject\",\"inLanguage\":\"es\",\"@id\":\"https:\\\/\\\/digital58.com.ve\\\/site\\\/2018\\\/05\\\/09\\\/miguel-delabarca-le-cantara-a-las-madres-en-el-teatro-baralt\\\/#primaryimage\",\"url\":\"https:\\\/\\\/digital58.com.ve\\\/site\\\/wp-content\\\/uploads\\\/2018\\\/05\\\/delabarca.png\",\"contentUrl\":\"https:\\\/\\\/digital58.com.ve\\\/site\\\/wp-content\\\/uploads\\\/2018\\\/05\\\/delabarca.png\",\"width\":600,\"height\":600},{\"@type\":\"BreadcrumbList\",\"@id\":\"https:\\\/\\\/digital58.com.ve\\\/site\\\/2018\\\/05\\\/09\\\/miguel-delabarca-le-cantara-a-las-madres-en-el-teatro-baralt\\\/#breadcrumb\",\"itemListElement\":[{\"@type\":\"ListItem\",\"position\":1,\"name\":\"Home\",\"item\":\"https:\\\/\\\/digital58.com.ve\\\/site\\\/\"},{\"@type\":\"ListItem\",\"position\":2,\"name\":\"Miguel Delabarca le cantar\u00e1 a las madres en el Teatro Baralt\"}]},{\"@type\":\"WebSite\",\"@id\":\"https:\\\/\\\/digital58.com.ve\\\/site\\\/#website\",\"url\":\"https:\\\/\\\/digital58.com.ve\\\/site\\\/\",\"name\":\"Noticias Digital58\",\"description\":\"Portal de Noticias \u00a1Periodismo web de verdad! Lanzamiento web 22.11.2005 \\\/ Maracaibo, Venezuela\",\"publisher\":{\"@id\":\"https:\\\/\\\/digital58.com.ve\\\/site\\\/#\\\/schema\\\/person\\\/64d1c2e4d0d4fd1b849980c4331c2951\"},\"alternateName\":\"ND58\",\"potentialAction\":[{\"@type\":\"SearchAction\",\"target\":{\"@type\":\"EntryPoint\",\"urlTemplate\":\"https:\\\/\\\/digital58.com.ve\\\/site\\\/?s={search_term_string}\"},\"query-input\":{\"@type\":\"PropertyValueSpecification\",\"valueRequired\":true,\"valueName\":\"search_term_string\"}}],\"inLanguage\":\"es\"},{\"@type\":[\"Person\",\"Organization\"],\"@id\":\"https:\\\/\\\/digital58.com.ve\\\/site\\\/#\\\/schema\\\/person\\\/64d1c2e4d0d4fd1b849980c4331c2951\",\"name\":\"Villasmil Henry\",\"image\":{\"@type\":\"ImageObject\",\"inLanguage\":\"es\",\"@id\":\"https:\\\/\\\/secure.gravatar.com\\\/avatar\\\/bb0c4a2fcb7970138239f7e404ea75757b1b507b28b5ce4c53fbd62d797c5a7c?s=96&d=mm&r=g\",\"url\":\"https:\\\/\\\/secure.gravatar.com\\\/avatar\\\/bb0c4a2fcb7970138239f7e404ea75757b1b507b28b5ce4c53fbd62d797c5a7c?s=96&d=mm&r=g\",\"contentUrl\":\"https:\\\/\\\/secure.gravatar.com\\\/avatar\\\/bb0c4a2fcb7970138239f7e404ea75757b1b507b28b5ce4c53fbd62d797c5a7c?s=96&d=mm&r=g\",\"caption\":\"Villasmil Henry\"},\"logo\":{\"@id\":\"https:\\\/\\\/secure.gravatar.com\\\/avatar\\\/bb0c4a2fcb7970138239f7e404ea75757b1b507b28b5ce4c53fbd62d797c5a7c?s=96&d=mm&r=g\"},\"sameAs\":[\"http:\\\/\\\/www.henryvillasmil.com.ve\",\"https:\\\/\\\/www.instagram.com\\\/villasmilhfoto\\\/\",\"https:\\\/\\\/x.com\\\/https:\\\/\\\/twitter.com\\\/villasmilhfoto\"],\"url\":\"https:\\\/\\\/digital58.com.ve\\\/site\\\/author\\\/droopy_68\\\/\"}]}<\/script>\n<!-- \/ Yoast SEO plugin. -->","yoast_head_json":{"title":"Miguel Delabarca le cantar\u00e1 a las madres en el Teatro Baralt","robots":{"index":"index","follow":"follow","max-snippet":"max-snippet:-1","max-image-preview":"max-image-preview:large","max-video-preview":"max-video-preview:-1"},"canonical":"https:\/\/digital58.com.ve\/site\/2018\/05\/09\/miguel-delabarca-le-cantara-a-las-madres-en-el-teatro-baralt\/","og_locale":"es_ES","og_type":"article","og_title":"Miguel Delabarca le cantar\u00e1 a las madres en el Teatro Baralt","og_url":"https:\/\/digital58.com.ve\/site\/2018\/05\/09\/miguel-delabarca-le-cantara-a-las-madres-en-el-teatro-baralt\/","og_site_name":"Noticias Digital58","article_published_time":"2018-05-09T23:04:09+00:00","og_image":[{"width":866,"height":866,"url":"https:\/\/digital58.com.ve\/site\/wp-content\/uploads\/2018\/05\/delabarca.png","type":"image\/png"}],"author":"Villasmil Henry","twitter_card":"summary_large_image","twitter_creator":"@https:\/\/twitter.com\/villasmilhfoto","twitter_site":"@villasmilhfoto","twitter_misc":{"Escrito por":"Villasmil Henry","Tiempo estimado de lectura":"1 minuto"},"schema":{"@context":"https:\/\/schema.org","@graph":[{"@type":"Article","@id":"https:\/\/digital58.com.ve\/site\/2018\/05\/09\/miguel-delabarca-le-cantara-a-las-madres-en-el-teatro-baralt\/#article","isPartOf":{"@id":"https:\/\/digital58.com.ve\/site\/2018\/05\/09\/miguel-delabarca-le-cantara-a-las-madres-en-el-teatro-baralt\/"},"author":{"name":"Villasmil Henry","@id":"https:\/\/digital58.com.ve\/site\/#\/schema\/person\/64d1c2e4d0d4fd1b849980c4331c2951"},"headline":"Miguel Delabarca le cantar\u00e1 a las madres en el Teatro Baralt","datePublished":"2018-05-09T23:04:09+00:00","mainEntityOfPage":{"@id":"https:\/\/digital58.com.ve\/site\/2018\/05\/09\/miguel-delabarca-le-cantara-a-las-madres-en-el-teatro-baralt\/"},"wordCount":187,"commentCount":0,"publisher":{"@id":"https:\/\/digital58.com.ve\/site\/#\/schema\/person\/64d1c2e4d0d4fd1b849980c4331c2951"},"image":{"@id":"https:\/\/digital58.com.ve\/site\/2018\/05\/09\/miguel-delabarca-le-cantara-a-las-madres-en-el-teatro-baralt\/#primaryimage"},"thumbnailUrl":"https:\/\/digital58.com.ve\/site\/wp-content\/uploads\/2018\/05\/delabarca.png","keywords":["D\u00eda de la madre","Entretenimiento","Maracaibo","Miguel Delabarca","M\u00fasica","Regionales","Teatro Baralt","Teatros","Venezuela","Zulia"],"articleSection":["\u00bfD\u00f3nde ir Maracaibo?","Artes","Conciertos"],"inLanguage":"es","potentialAction":[{"@type":"CommentAction","name":"Comment","target":["https:\/\/digital58.com.ve\/site\/2018\/05\/09\/miguel-delabarca-le-cantara-a-las-madres-en-el-teatro-baralt\/#respond"]}]},{"@type":"WebPage","@id":"https:\/\/digital58.com.ve\/site\/2018\/05\/09\/miguel-delabarca-le-cantara-a-las-madres-en-el-teatro-baralt\/","url":"https:\/\/digital58.com.ve\/site\/2018\/05\/09\/miguel-delabarca-le-cantara-a-las-madres-en-el-teatro-baralt\/","name":"Miguel Delabarca le cantar\u00e1 a las madres en el Teatro Baralt","isPartOf":{"@id":"https:\/\/digital58.com.ve\/site\/#website"},"primaryImageOfPage":{"@id":"https:\/\/digital58.com.ve\/site\/2018\/05\/09\/miguel-delabarca-le-cantara-a-las-madres-en-el-teatro-baralt\/#primaryimage"},"image":{"@id":"https:\/\/digital58.com.ve\/site\/2018\/05\/09\/miguel-delabarca-le-cantara-a-las-madres-en-el-teatro-baralt\/#primaryimage"},"thumbnailUrl":"https:\/\/digital58.com.ve\/site\/wp-content\/uploads\/2018\/05\/delabarca.png","datePublished":"2018-05-09T23:04:09+00:00","breadcrumb":{"@id":"https:\/\/digital58.com.ve\/site\/2018\/05\/09\/miguel-delabarca-le-cantara-a-las-madres-en-el-teatro-baralt\/#breadcrumb"},"inLanguage":"es","potentialAction":[{"@type":"ReadAction","target":["https:\/\/digital58.com.ve\/site\/2018\/05\/09\/miguel-delabarca-le-cantara-a-las-madres-en-el-teatro-baralt\/"]}]},{"@type":"ImageObject","inLanguage":"es","@id":"https:\/\/digital58.com.ve\/site\/2018\/05\/09\/miguel-delabarca-le-cantara-a-las-madres-en-el-teatro-baralt\/#primaryimage","url":"https:\/\/digital58.com.ve\/site\/wp-content\/uploads\/2018\/05\/delabarca.png","contentUrl":"https:\/\/digital58.com.ve\/site\/wp-content\/uploads\/2018\/05\/delabarca.png","width":600,"height":600},{"@type":"BreadcrumbList","@id":"https:\/\/digital58.com.ve\/site\/2018\/05\/09\/miguel-delabarca-le-cantara-a-las-madres-en-el-teatro-baralt\/#breadcrumb","itemListElement":[{"@type":"ListItem","position":1,"name":"Home","item":"https:\/\/digital58.com.ve\/site\/"},{"@type":"ListItem","position":2,"name":"Miguel Delabarca le cantar\u00e1 a las madres en el Teatro Baralt"}]},{"@type":"WebSite","@id":"https:\/\/digital58.com.ve\/site\/#website","url":"https:\/\/digital58.com.ve\/site\/","name":"Noticias Digital58","description":"Portal de Noticias \u00a1Periodismo web de verdad! Lanzamiento web 22.11.2005 \/ Maracaibo, Venezuela","publisher":{"@id":"https:\/\/digital58.com.ve\/site\/#\/schema\/person\/64d1c2e4d0d4fd1b849980c4331c2951"},"alternateName":"ND58","potentialAction":[{"@type":"SearchAction","target":{"@type":"EntryPoint","urlTemplate":"https:\/\/digital58.com.ve\/site\/?s={search_term_string}"},"query-input":{"@type":"PropertyValueSpecification","valueRequired":true,"valueName":"search_term_string"}}],"inLanguage":"es"},{"@type":["Person","Organization"],"@id":"https:\/\/digital58.com.ve\/site\/#\/schema\/person\/64d1c2e4d0d4fd1b849980c4331c2951","name":"Villasmil Henry","image":{"@type":"ImageObject","inLanguage":"es","@id":"https:\/\/secure.gravatar.com\/avatar\/bb0c4a2fcb7970138239f7e404ea75757b1b507b28b5ce4c53fbd62d797c5a7c?s=96&d=mm&r=g","url":"https:\/\/secure.gravatar.com\/avatar\/bb0c4a2fcb7970138239f7e404ea75757b1b507b28b5ce4c53fbd62d797c5a7c?s=96&d=mm&r=g","contentUrl":"https:\/\/secure.gravatar.com\/avatar\/bb0c4a2fcb7970138239f7e404ea75757b1b507b28b5ce4c53fbd62d797c5a7c?s=96&d=mm&r=g","caption":"Villasmil Henry"},"logo":{"@id":"https:\/\/secure.gravatar.com\/avatar\/bb0c4a2fcb7970138239f7e404ea75757b1b507b28b5ce4c53fbd62d797c5a7c?s=96&d=mm&r=g"},"sameAs":["http:\/\/www.henryvillasmil.com.ve","https:\/\/www.instagram.com\/villasmilhfoto\/","https:\/\/x.com\/https:\/\/twitter.com\/villasmilhfoto"],"url":"https:\/\/digital58.com.ve\/site\/author\/droopy_68\/"}]}},"uagb_featured_image_src":{"full":["https:\/\/digital58.com.ve\/site\/wp-content\/uploads\/2018\/05\/delabarca.png",600,600,false],"thumbnail":["https:\/\/digital58.com.ve\/site\/wp-content\/uploads\/2018\/05\/delabarca-150x150.png",150,150,true],"medium":["https:\/\/digital58.com.ve\/site\/wp-content\/uploads\/2018\/05\/delabarca-300x300.png",300,300,true],"medium_large":["https:\/\/digital58.com.ve\/site\/wp-content\/uploads\/2018\/05\/delabarca-768x768.png",768,768,true],"large":["https:\/\/digital58.com.ve\/site\/wp-content\/uploads\/2018\/05\/delabarca.png",600,600,false],"1536x1536":["https:\/\/digital58.com.ve\/site\/wp-content\/uploads\/2018\/05\/delabarca.png",600,600,false],"2048x2048":["https:\/\/digital58.com.ve\/site\/wp-content\/uploads\/2018\/05\/delabarca.png",600,600,false],"colormag-highlighted-post":["https:\/\/digital58.com.ve\/site\/wp-content\/uploads\/2018\/05\/delabarca.png",272,272,false],"colormag-featured-post-medium":["https:\/\/digital58.com.ve\/site\/wp-content\/uploads\/2018\/05\/delabarca.png",205,205,false],"colormag-featured-post-small":["https:\/\/digital58.com.ve\/site\/wp-content\/uploads\/2018\/05\/delabarca.png",90,90,false],"colormag-featured-image":["https:\/\/digital58.com.ve\/site\/wp-content\/uploads\/2018\/05\/delabarca.png",445,445,false],"colormag-default-news":["https:\/\/digital58.com.ve\/site\/wp-content\/uploads\/2018\/05\/delabarca.png",150,150,false],"colormag-featured-image-large":["https:\/\/digital58.com.ve\/site\/wp-content\/uploads\/2018\/05\/delabarca.png",600,600,false]},"uagb_author_info":{"display_name":"Villasmil Henry","author_link":"https:\/\/digital58.com.ve\/site\/author\/droopy_68\/"},"uagb_comment_info":0,"uagb_excerpt":"Este domingo 13 de mayo se celebrar\u00e1 el D\u00eda de las Madres en varios pa\u00edses del mundo y en Maracaibo,","_links":{"self":[{"href":"https:\/\/digital58.com.ve\/site\/wp-json\/wp\/v2\/posts\/78717","targetHints":{"allow":["GET"]}}],"collection":[{"href":"https:\/\/digital58.com.ve\/site\/wp-json\/wp\/v2\/posts"}],"about":[{"href":"https:\/\/digital58.com.ve\/site\/wp-json\/wp\/v2\/types\/post"}],"author":[{"embeddable":true,"href":"https:\/\/digital58.com.ve\/site\/wp-json\/wp\/v2\/users\/1"}],"replies":[{"embeddable":true,"href":"https:\/\/digital58.com.ve\/site\/wp-json\/wp\/v2\/comments?post=78717"}],"version-history":[{"count":0,"href":"https:\/\/digital58.com.ve\/site\/wp-json\/wp\/v2\/posts\/78717\/revisions"}],"wp:featuredmedia":[{"embeddable":true,"href":"https:\/\/digital58.com.ve\/site\/wp-json\/wp\/v2\/media\/78718"}],"wp:attachment":[{"href":"https:\/\/digital58.com.ve\/site\/wp-json\/wp\/v2\/media?parent=78717"}],"wp:term":[{"taxonomy":"category","embeddable":true,"href":"https:\/\/digital58.com.ve\/site\/wp-json\/wp\/v2\/categories?post=78717"},{"taxonomy":"post_tag","embeddable":true,"href":"https:\/\/digital58.com.ve\/site\/wp-json\/wp\/v2\/tags?post=78717"}],"curies":[{"name":"wp","href":"https:\/\/api.w.org\/{rel}","templated":true}]}}