{"id":78738,"date":"2018-05-09T22:32:22","date_gmt":"2018-05-10T02:32:22","guid":{"rendered":"http:\/\/digital58.com.ve\/site\/?p=78738"},"modified":"2018-05-09T22:33:36","modified_gmt":"2018-05-10T02:33:36","slug":"edgar-ramirez-y-pedro-pascal-protagonizaran-la-proxima-pelicula-de-olivier-assayas","status":"publish","type":"post","link":"https:\/\/digital58.com.ve\/site\/2018\/05\/09\/edgar-ramirez-y-pedro-pascal-protagonizaran-la-proxima-pelicula-de-olivier-assayas\/","title":{"rendered":"\u00c9dgar Ram\u00edrez y Pedro Pascal protagonizar\u00e1n la pr\u00f3xima pel\u00edcula de Olivier Assayas"},"content":{"rendered":"<p><a href=\"http:\/\/digital58.com.ve\/site\/wp-content\/uploads\/2018\/05\/00-story-image-edgar-ramirez-gianni.jpg\"><img loading=\"lazy\" decoding=\"async\" class=\"aligncenter size-full wp-image-78739\" src=\"http:\/\/digital58.com.ve\/site\/wp-content\/uploads\/2018\/05\/00-story-image-edgar-ramirez-gianni.jpg\" alt=\"\" width=\"780\" height=\"738\" srcset=\"https:\/\/digital58.com.ve\/site\/wp-content\/uploads\/2018\/05\/00-story-image-edgar-ramirez-gianni.jpg 634w, https:\/\/digital58.com.ve\/site\/wp-content\/uploads\/2018\/05\/00-story-image-edgar-ramirez-gianni-300x284.jpg 300w, https:\/\/digital58.com.ve\/site\/wp-content\/uploads\/2018\/05\/00-story-image-edgar-ramirez-gianni-768x727.jpg 768w\" sizes=\"auto, (max-width: 780px) 100vw, 780px\" \/><\/a><\/p>\n<p>El venezolano \u00c9dgar Ram\u00edrez (\u00abLa Quietud\u00bb, \u00abJungle Cruise\u00bb) y el chileno Pedro Pascal (\u00abKingsman: El c\u00edrculo de oro\u00bb, \u00abWonder Woman 2\u00bb) encabezar\u00e1n el reparto de \u00abWasp Network\u00bb, la pr\u00f3xima pel\u00edcula escrita y dirigida por el franc\u00e9s Olivier Assayas (\u00abPersonal Shopper\u00bb, \u00abViaje a Sils Mari\u00bb).<\/p>\n<p><strong>Maracaibo, Zulia, Venezuela, 09 de mayo de 2018 (Noticias D58).-<\/strong> La pel\u00edcula ser\u00e1 una adaptaci\u00f3n de \u00abLos \u00faltimos soldados de la Guerra Fr\u00eda\u00bb, novela del brasile\u00f1o Fernando Morais que gira en torno a la \u00abincre\u00edble historia real de los esp\u00edas cubanos infiltrados en organizaciones de extrema derecha de Estados Unidos durante la d\u00e9cada de los noventa\u00bb.<\/p>\n<p>La pel\u00edcula, que estar\u00e1 producida por RT Features, es uno de los tantos proyectos que actualmente se est\u00e1 labrando su futuro en el \u00abmercado de la carne\u00bb paralelo al Festival de Cannes. Su rodaje, si todo va bien, antes de que termine este 2018.<\/p>\n<p>Ram\u00edrez y Assayas ya colaboraron previamente en \u00abCarlos\u00bb, la estupenda miniserie de 2010 estrenada en algunos pa\u00edses como pel\u00edcula (recortando a la mitad su metraje) en torno a Ilich Ram\u00edrez S\u00e1nchez, el famoso terrorista popularmente conocido como Carlos, el Chacal.<\/p><div class=\"bkniz69ec5afddfa01\" ><p style=\"text-align: center;\"><a href=\"https:\/\/t.me\/noticiasdigital58\" target=\"_blank\" rel=\"noopener\"><img class=\"aligncenter size-full wp-image-125363\" src=\"https:\/\/digital58.com.ve\/site\/wp-content\/uploads\/2021\/04\/banner-telegram-web-2021.png\" alt=\"\" width=\"600\" height=\"90\" \/><\/a><\/p><\/div><style type=\"text\/css\">\r\n@media screen and (min-width: 1201px) {\r\n.bkniz69ec5afddfa01 {\r\ndisplay: block;\r\n}\r\n}\r\n@media screen and (min-width: 993px) and (max-width: 1200px) {\r\n.bkniz69ec5afddfa01 {\r\ndisplay: block;\r\n}\r\n}\r\n@media screen and (min-width: 769px) and (max-width: 992px) {\r\n.bkniz69ec5afddfa01 {\r\ndisplay: block;\r\n}\r\n}\r\n@media screen and (min-width: 768px) and (max-width: 768px) {\r\n.bkniz69ec5afddfa01 {\r\ndisplay: block;\r\n}\r\n}\r\n@media screen and (max-width: 767px) {\r\n.bkniz69ec5afddfa01 {\r\ndisplay: block;\r\n}\r\n}\r\n<\/style>\r\n\n<p><strong>Redacci\u00f3n con fuente: Agencias<\/strong><br \/>\n<strong> Edici\u00f3n: Villasmil, Henry<\/strong><br \/>\n<strong> Gr\u00e1fica: AFP<\/strong><\/p>\n<div style=\"margin-top: 0px; margin-bottom: 0px;\" class=\"sharethis-inline-share-buttons\" ><\/div>","protected":false},"excerpt":{"rendered":"<p>El venezolano \u00c9dgar Ram\u00edrez (\u00abLa Quietud\u00bb, \u00abJungle Cruise\u00bb) y el chileno Pedro Pascal (\u00abKingsman: El c\u00edrculo de oro\u00bb, \u00abWonder Woman<\/p>\n","protected":false},"author":1,"featured_media":78739,"comment_status":"open","ping_status":"closed","sticky":false,"template":"","format":"standard","meta":{"colormag_page_container_layout":"default_layout","colormag_page_sidebar_layout":"default_layout","_uag_custom_page_level_css":"","footnotes":""},"categories":[1],"tags":[46,7729,1433,50,273,8,11012,11011,135],"class_list":["post-78738","post","type-post","status-publish","format-standard","has-post-thumbnail","hentry","category-fama","tag-cine","tag-cine-internacional","tag-edgar-ramirez","tag-entretenimiento","tag-farandula","tag-internacionales","tag-olivier-assayas","tag-pedro-pascal","tag-venezolanos-en-el-exterior"],"yoast_head":"<!-- This site is optimized with the Yoast SEO plugin v27.4 - https:\/\/yoast.com\/product\/yoast-seo-wordpress\/ -->\n<title>\u00c9dgar Ram\u00edrez y Pedro Pascal protagonizar\u00e1n la pr\u00f3xima pel\u00edcula de Olivier Assayas<\/title>\n<meta name=\"robots\" content=\"index, follow, max-snippet:-1, max-image-preview:large, max-video-preview:-1\" \/>\n<link rel=\"canonical\" href=\"https:\/\/digital58.com.ve\/site\/2018\/05\/09\/edgar-ramirez-y-pedro-pascal-protagonizaran-la-proxima-pelicula-de-olivier-assayas\/\" \/>\n<meta property=\"og:locale\" content=\"es_ES\" \/>\n<meta property=\"og:type\" content=\"article\" \/>\n<meta property=\"og:title\" content=\"\u00c9dgar Ram\u00edrez y Pedro Pascal protagonizar\u00e1n la pr\u00f3xima pel\u00edcula de Olivier Assayas\" \/>\n<meta property=\"og:url\" content=\"https:\/\/digital58.com.ve\/site\/2018\/05\/09\/edgar-ramirez-y-pedro-pascal-protagonizaran-la-proxima-pelicula-de-olivier-assayas\/\" \/>\n<meta property=\"og:site_name\" content=\"Noticias Digital58\" \/>\n<meta property=\"article:published_time\" content=\"2018-05-10T02:32:22+00:00\" \/>\n<meta property=\"article:modified_time\" content=\"2018-05-10T02:33:36+00:00\" \/>\n<meta property=\"og:image\" content=\"https:\/\/digital58.com.ve\/site\/wp-content\/uploads\/2018\/05\/00-story-image-edgar-ramirez-gianni.jpg\" \/>\n\t<meta property=\"og:image:width\" content=\"780\" \/>\n\t<meta property=\"og:image:height\" content=\"738\" \/>\n\t<meta property=\"og:image:type\" content=\"image\/jpeg\" \/>\n<meta name=\"author\" content=\"Villasmil Henry\" \/>\n<meta name=\"twitter:card\" content=\"summary_large_image\" \/>\n<meta name=\"twitter:creator\" content=\"@https:\/\/twitter.com\/villasmilhfoto\" \/>\n<meta name=\"twitter:site\" content=\"@villasmilhfoto\" \/>\n<meta name=\"twitter:label1\" content=\"Escrito por\" \/>\n\t<meta name=\"twitter:data1\" content=\"Villasmil Henry\" \/>\n\t<meta name=\"twitter:label2\" content=\"Tiempo estimado de lectura\" \/>\n\t<meta name=\"twitter:data2\" content=\"1 minuto\" \/>\n<script type=\"application\/ld+json\" class=\"yoast-schema-graph\">{\"@context\":\"https:\\\/\\\/schema.org\",\"@graph\":[{\"@type\":\"Article\",\"@id\":\"https:\\\/\\\/digital58.com.ve\\\/site\\\/2018\\\/05\\\/09\\\/edgar-ramirez-y-pedro-pascal-protagonizaran-la-proxima-pelicula-de-olivier-assayas\\\/#article\",\"isPartOf\":{\"@id\":\"https:\\\/\\\/digital58.com.ve\\\/site\\\/2018\\\/05\\\/09\\\/edgar-ramirez-y-pedro-pascal-protagonizaran-la-proxima-pelicula-de-olivier-assayas\\\/\"},\"author\":{\"name\":\"Villasmil Henry\",\"@id\":\"https:\\\/\\\/digital58.com.ve\\\/site\\\/#\\\/schema\\\/person\\\/64d1c2e4d0d4fd1b849980c4331c2951\"},\"headline\":\"\u00c9dgar Ram\u00edrez y Pedro Pascal protagonizar\u00e1n la pr\u00f3xima pel\u00edcula de Olivier Assayas\",\"datePublished\":\"2018-05-10T02:32:22+00:00\",\"dateModified\":\"2018-05-10T02:33:36+00:00\",\"mainEntityOfPage\":{\"@id\":\"https:\\\/\\\/digital58.com.ve\\\/site\\\/2018\\\/05\\\/09\\\/edgar-ramirez-y-pedro-pascal-protagonizaran-la-proxima-pelicula-de-olivier-assayas\\\/\"},\"wordCount\":227,\"commentCount\":0,\"publisher\":{\"@id\":\"https:\\\/\\\/digital58.com.ve\\\/site\\\/#\\\/schema\\\/person\\\/64d1c2e4d0d4fd1b849980c4331c2951\"},\"image\":{\"@id\":\"https:\\\/\\\/digital58.com.ve\\\/site\\\/2018\\\/05\\\/09\\\/edgar-ramirez-y-pedro-pascal-protagonizaran-la-proxima-pelicula-de-olivier-assayas\\\/#primaryimage\"},\"thumbnailUrl\":\"https:\\\/\\\/digital58.com.ve\\\/site\\\/wp-content\\\/uploads\\\/2018\\\/05\\\/00-story-image-edgar-ramirez-gianni.jpg\",\"keywords\":[\"Cine\",\"Cine Internacional\",\"Edgar Ram\u00edrez\",\"Entretenimiento\",\"Far\u00e1ndula\",\"Internacionales\",\"Olivier Assayas\",\"Pedro Pascal\",\"Venezolanos en el exterior\"],\"articleSection\":[\"Fama\"],\"inLanguage\":\"es\",\"potentialAction\":[{\"@type\":\"CommentAction\",\"name\":\"Comment\",\"target\":[\"https:\\\/\\\/digital58.com.ve\\\/site\\\/2018\\\/05\\\/09\\\/edgar-ramirez-y-pedro-pascal-protagonizaran-la-proxima-pelicula-de-olivier-assayas\\\/#respond\"]}]},{\"@type\":\"WebPage\",\"@id\":\"https:\\\/\\\/digital58.com.ve\\\/site\\\/2018\\\/05\\\/09\\\/edgar-ramirez-y-pedro-pascal-protagonizaran-la-proxima-pelicula-de-olivier-assayas\\\/\",\"url\":\"https:\\\/\\\/digital58.com.ve\\\/site\\\/2018\\\/05\\\/09\\\/edgar-ramirez-y-pedro-pascal-protagonizaran-la-proxima-pelicula-de-olivier-assayas\\\/\",\"name\":\"\u00c9dgar Ram\u00edrez y Pedro Pascal protagonizar\u00e1n la pr\u00f3xima pel\u00edcula de Olivier Assayas\",\"isPartOf\":{\"@id\":\"https:\\\/\\\/digital58.com.ve\\\/site\\\/#website\"},\"primaryImageOfPage\":{\"@id\":\"https:\\\/\\\/digital58.com.ve\\\/site\\\/2018\\\/05\\\/09\\\/edgar-ramirez-y-pedro-pascal-protagonizaran-la-proxima-pelicula-de-olivier-assayas\\\/#primaryimage\"},\"image\":{\"@id\":\"https:\\\/\\\/digital58.com.ve\\\/site\\\/2018\\\/05\\\/09\\\/edgar-ramirez-y-pedro-pascal-protagonizaran-la-proxima-pelicula-de-olivier-assayas\\\/#primaryimage\"},\"thumbnailUrl\":\"https:\\\/\\\/digital58.com.ve\\\/site\\\/wp-content\\\/uploads\\\/2018\\\/05\\\/00-story-image-edgar-ramirez-gianni.jpg\",\"datePublished\":\"2018-05-10T02:32:22+00:00\",\"dateModified\":\"2018-05-10T02:33:36+00:00\",\"breadcrumb\":{\"@id\":\"https:\\\/\\\/digital58.com.ve\\\/site\\\/2018\\\/05\\\/09\\\/edgar-ramirez-y-pedro-pascal-protagonizaran-la-proxima-pelicula-de-olivier-assayas\\\/#breadcrumb\"},\"inLanguage\":\"es\",\"potentialAction\":[{\"@type\":\"ReadAction\",\"target\":[\"https:\\\/\\\/digital58.com.ve\\\/site\\\/2018\\\/05\\\/09\\\/edgar-ramirez-y-pedro-pascal-protagonizaran-la-proxima-pelicula-de-olivier-assayas\\\/\"]}]},{\"@type\":\"ImageObject\",\"inLanguage\":\"es\",\"@id\":\"https:\\\/\\\/digital58.com.ve\\\/site\\\/2018\\\/05\\\/09\\\/edgar-ramirez-y-pedro-pascal-protagonizaran-la-proxima-pelicula-de-olivier-assayas\\\/#primaryimage\",\"url\":\"https:\\\/\\\/digital58.com.ve\\\/site\\\/wp-content\\\/uploads\\\/2018\\\/05\\\/00-story-image-edgar-ramirez-gianni.jpg\",\"contentUrl\":\"https:\\\/\\\/digital58.com.ve\\\/site\\\/wp-content\\\/uploads\\\/2018\\\/05\\\/00-story-image-edgar-ramirez-gianni.jpg\",\"width\":634,\"height\":600},{\"@type\":\"BreadcrumbList\",\"@id\":\"https:\\\/\\\/digital58.com.ve\\\/site\\\/2018\\\/05\\\/09\\\/edgar-ramirez-y-pedro-pascal-protagonizaran-la-proxima-pelicula-de-olivier-assayas\\\/#breadcrumb\",\"itemListElement\":[{\"@type\":\"ListItem\",\"position\":1,\"name\":\"Home\",\"item\":\"https:\\\/\\\/digital58.com.ve\\\/site\\\/\"},{\"@type\":\"ListItem\",\"position\":2,\"name\":\"\u00c9dgar Ram\u00edrez y Pedro Pascal protagonizar\u00e1n la pr\u00f3xima pel\u00edcula de Olivier Assayas\"}]},{\"@type\":\"WebSite\",\"@id\":\"https:\\\/\\\/digital58.com.ve\\\/site\\\/#website\",\"url\":\"https:\\\/\\\/digital58.com.ve\\\/site\\\/\",\"name\":\"Noticias Digital58\",\"description\":\"Portal de Noticias \u00a1Periodismo web de verdad! Lanzamiento web 22.11.2005 \\\/ Maracaibo, Venezuela\",\"publisher\":{\"@id\":\"https:\\\/\\\/digital58.com.ve\\\/site\\\/#\\\/schema\\\/person\\\/64d1c2e4d0d4fd1b849980c4331c2951\"},\"alternateName\":\"ND58\",\"potentialAction\":[{\"@type\":\"SearchAction\",\"target\":{\"@type\":\"EntryPoint\",\"urlTemplate\":\"https:\\\/\\\/digital58.com.ve\\\/site\\\/?s={search_term_string}\"},\"query-input\":{\"@type\":\"PropertyValueSpecification\",\"valueRequired\":true,\"valueName\":\"search_term_string\"}}],\"inLanguage\":\"es\"},{\"@type\":[\"Person\",\"Organization\"],\"@id\":\"https:\\\/\\\/digital58.com.ve\\\/site\\\/#\\\/schema\\\/person\\\/64d1c2e4d0d4fd1b849980c4331c2951\",\"name\":\"Villasmil Henry\",\"image\":{\"@type\":\"ImageObject\",\"inLanguage\":\"es\",\"@id\":\"https:\\\/\\\/secure.gravatar.com\\\/avatar\\\/bb0c4a2fcb7970138239f7e404ea75757b1b507b28b5ce4c53fbd62d797c5a7c?s=96&d=mm&r=g\",\"url\":\"https:\\\/\\\/secure.gravatar.com\\\/avatar\\\/bb0c4a2fcb7970138239f7e404ea75757b1b507b28b5ce4c53fbd62d797c5a7c?s=96&d=mm&r=g\",\"contentUrl\":\"https:\\\/\\\/secure.gravatar.com\\\/avatar\\\/bb0c4a2fcb7970138239f7e404ea75757b1b507b28b5ce4c53fbd62d797c5a7c?s=96&d=mm&r=g\",\"caption\":\"Villasmil Henry\"},\"logo\":{\"@id\":\"https:\\\/\\\/secure.gravatar.com\\\/avatar\\\/bb0c4a2fcb7970138239f7e404ea75757b1b507b28b5ce4c53fbd62d797c5a7c?s=96&d=mm&r=g\"},\"sameAs\":[\"http:\\\/\\\/www.henryvillasmil.com.ve\",\"https:\\\/\\\/www.instagram.com\\\/villasmilhfoto\\\/\",\"https:\\\/\\\/x.com\\\/https:\\\/\\\/twitter.com\\\/villasmilhfoto\"],\"url\":\"https:\\\/\\\/digital58.com.ve\\\/site\\\/author\\\/droopy_68\\\/\"}]}<\/script>\n<!-- \/ Yoast SEO plugin. -->","yoast_head_json":{"title":"\u00c9dgar Ram\u00edrez y Pedro Pascal protagonizar\u00e1n la pr\u00f3xima pel\u00edcula de Olivier Assayas","robots":{"index":"index","follow":"follow","max-snippet":"max-snippet:-1","max-image-preview":"max-image-preview:large","max-video-preview":"max-video-preview:-1"},"canonical":"https:\/\/digital58.com.ve\/site\/2018\/05\/09\/edgar-ramirez-y-pedro-pascal-protagonizaran-la-proxima-pelicula-de-olivier-assayas\/","og_locale":"es_ES","og_type":"article","og_title":"\u00c9dgar Ram\u00edrez y Pedro Pascal protagonizar\u00e1n la pr\u00f3xima pel\u00edcula de Olivier Assayas","og_url":"https:\/\/digital58.com.ve\/site\/2018\/05\/09\/edgar-ramirez-y-pedro-pascal-protagonizaran-la-proxima-pelicula-de-olivier-assayas\/","og_site_name":"Noticias Digital58","article_published_time":"2018-05-10T02:32:22+00:00","article_modified_time":"2018-05-10T02:33:36+00:00","og_image":[{"width":780,"height":738,"url":"https:\/\/digital58.com.ve\/site\/wp-content\/uploads\/2018\/05\/00-story-image-edgar-ramirez-gianni.jpg","type":"image\/jpeg"}],"author":"Villasmil Henry","twitter_card":"summary_large_image","twitter_creator":"@https:\/\/twitter.com\/villasmilhfoto","twitter_site":"@villasmilhfoto","twitter_misc":{"Escrito por":"Villasmil Henry","Tiempo estimado de lectura":"1 minuto"},"schema":{"@context":"https:\/\/schema.org","@graph":[{"@type":"Article","@id":"https:\/\/digital58.com.ve\/site\/2018\/05\/09\/edgar-ramirez-y-pedro-pascal-protagonizaran-la-proxima-pelicula-de-olivier-assayas\/#article","isPartOf":{"@id":"https:\/\/digital58.com.ve\/site\/2018\/05\/09\/edgar-ramirez-y-pedro-pascal-protagonizaran-la-proxima-pelicula-de-olivier-assayas\/"},"author":{"name":"Villasmil Henry","@id":"https:\/\/digital58.com.ve\/site\/#\/schema\/person\/64d1c2e4d0d4fd1b849980c4331c2951"},"headline":"\u00c9dgar Ram\u00edrez y Pedro Pascal protagonizar\u00e1n la pr\u00f3xima pel\u00edcula de Olivier Assayas","datePublished":"2018-05-10T02:32:22+00:00","dateModified":"2018-05-10T02:33:36+00:00","mainEntityOfPage":{"@id":"https:\/\/digital58.com.ve\/site\/2018\/05\/09\/edgar-ramirez-y-pedro-pascal-protagonizaran-la-proxima-pelicula-de-olivier-assayas\/"},"wordCount":227,"commentCount":0,"publisher":{"@id":"https:\/\/digital58.com.ve\/site\/#\/schema\/person\/64d1c2e4d0d4fd1b849980c4331c2951"},"image":{"@id":"https:\/\/digital58.com.ve\/site\/2018\/05\/09\/edgar-ramirez-y-pedro-pascal-protagonizaran-la-proxima-pelicula-de-olivier-assayas\/#primaryimage"},"thumbnailUrl":"https:\/\/digital58.com.ve\/site\/wp-content\/uploads\/2018\/05\/00-story-image-edgar-ramirez-gianni.jpg","keywords":["Cine","Cine Internacional","Edgar Ram\u00edrez","Entretenimiento","Far\u00e1ndula","Internacionales","Olivier Assayas","Pedro Pascal","Venezolanos en el exterior"],"articleSection":["Fama"],"inLanguage":"es","potentialAction":[{"@type":"CommentAction","name":"Comment","target":["https:\/\/digital58.com.ve\/site\/2018\/05\/09\/edgar-ramirez-y-pedro-pascal-protagonizaran-la-proxima-pelicula-de-olivier-assayas\/#respond"]}]},{"@type":"WebPage","@id":"https:\/\/digital58.com.ve\/site\/2018\/05\/09\/edgar-ramirez-y-pedro-pascal-protagonizaran-la-proxima-pelicula-de-olivier-assayas\/","url":"https:\/\/digital58.com.ve\/site\/2018\/05\/09\/edgar-ramirez-y-pedro-pascal-protagonizaran-la-proxima-pelicula-de-olivier-assayas\/","name":"\u00c9dgar Ram\u00edrez y Pedro Pascal protagonizar\u00e1n la pr\u00f3xima pel\u00edcula de Olivier Assayas","isPartOf":{"@id":"https:\/\/digital58.com.ve\/site\/#website"},"primaryImageOfPage":{"@id":"https:\/\/digital58.com.ve\/site\/2018\/05\/09\/edgar-ramirez-y-pedro-pascal-protagonizaran-la-proxima-pelicula-de-olivier-assayas\/#primaryimage"},"image":{"@id":"https:\/\/digital58.com.ve\/site\/2018\/05\/09\/edgar-ramirez-y-pedro-pascal-protagonizaran-la-proxima-pelicula-de-olivier-assayas\/#primaryimage"},"thumbnailUrl":"https:\/\/digital58.com.ve\/site\/wp-content\/uploads\/2018\/05\/00-story-image-edgar-ramirez-gianni.jpg","datePublished":"2018-05-10T02:32:22+00:00","dateModified":"2018-05-10T02:33:36+00:00","breadcrumb":{"@id":"https:\/\/digital58.com.ve\/site\/2018\/05\/09\/edgar-ramirez-y-pedro-pascal-protagonizaran-la-proxima-pelicula-de-olivier-assayas\/#breadcrumb"},"inLanguage":"es","potentialAction":[{"@type":"ReadAction","target":["https:\/\/digital58.com.ve\/site\/2018\/05\/09\/edgar-ramirez-y-pedro-pascal-protagonizaran-la-proxima-pelicula-de-olivier-assayas\/"]}]},{"@type":"ImageObject","inLanguage":"es","@id":"https:\/\/digital58.com.ve\/site\/2018\/05\/09\/edgar-ramirez-y-pedro-pascal-protagonizaran-la-proxima-pelicula-de-olivier-assayas\/#primaryimage","url":"https:\/\/digital58.com.ve\/site\/wp-content\/uploads\/2018\/05\/00-story-image-edgar-ramirez-gianni.jpg","contentUrl":"https:\/\/digital58.com.ve\/site\/wp-content\/uploads\/2018\/05\/00-story-image-edgar-ramirez-gianni.jpg","width":634,"height":600},{"@type":"BreadcrumbList","@id":"https:\/\/digital58.com.ve\/site\/2018\/05\/09\/edgar-ramirez-y-pedro-pascal-protagonizaran-la-proxima-pelicula-de-olivier-assayas\/#breadcrumb","itemListElement":[{"@type":"ListItem","position":1,"name":"Home","item":"https:\/\/digital58.com.ve\/site\/"},{"@type":"ListItem","position":2,"name":"\u00c9dgar Ram\u00edrez y Pedro Pascal protagonizar\u00e1n la pr\u00f3xima pel\u00edcula de Olivier Assayas"}]},{"@type":"WebSite","@id":"https:\/\/digital58.com.ve\/site\/#website","url":"https:\/\/digital58.com.ve\/site\/","name":"Noticias Digital58","description":"Portal de Noticias \u00a1Periodismo web de verdad! Lanzamiento web 22.11.2005 \/ Maracaibo, Venezuela","publisher":{"@id":"https:\/\/digital58.com.ve\/site\/#\/schema\/person\/64d1c2e4d0d4fd1b849980c4331c2951"},"alternateName":"ND58","potentialAction":[{"@type":"SearchAction","target":{"@type":"EntryPoint","urlTemplate":"https:\/\/digital58.com.ve\/site\/?s={search_term_string}"},"query-input":{"@type":"PropertyValueSpecification","valueRequired":true,"valueName":"search_term_string"}}],"inLanguage":"es"},{"@type":["Person","Organization"],"@id":"https:\/\/digital58.com.ve\/site\/#\/schema\/person\/64d1c2e4d0d4fd1b849980c4331c2951","name":"Villasmil Henry","image":{"@type":"ImageObject","inLanguage":"es","@id":"https:\/\/secure.gravatar.com\/avatar\/bb0c4a2fcb7970138239f7e404ea75757b1b507b28b5ce4c53fbd62d797c5a7c?s=96&d=mm&r=g","url":"https:\/\/secure.gravatar.com\/avatar\/bb0c4a2fcb7970138239f7e404ea75757b1b507b28b5ce4c53fbd62d797c5a7c?s=96&d=mm&r=g","contentUrl":"https:\/\/secure.gravatar.com\/avatar\/bb0c4a2fcb7970138239f7e404ea75757b1b507b28b5ce4c53fbd62d797c5a7c?s=96&d=mm&r=g","caption":"Villasmil Henry"},"logo":{"@id":"https:\/\/secure.gravatar.com\/avatar\/bb0c4a2fcb7970138239f7e404ea75757b1b507b28b5ce4c53fbd62d797c5a7c?s=96&d=mm&r=g"},"sameAs":["http:\/\/www.henryvillasmil.com.ve","https:\/\/www.instagram.com\/villasmilhfoto\/","https:\/\/x.com\/https:\/\/twitter.com\/villasmilhfoto"],"url":"https:\/\/digital58.com.ve\/site\/author\/droopy_68\/"}]}},"uagb_featured_image_src":{"full":["https:\/\/digital58.com.ve\/site\/wp-content\/uploads\/2018\/05\/00-story-image-edgar-ramirez-gianni.jpg",634,600,false],"thumbnail":["https:\/\/digital58.com.ve\/site\/wp-content\/uploads\/2018\/05\/00-story-image-edgar-ramirez-gianni-150x150.jpg",150,150,true],"medium":["https:\/\/digital58.com.ve\/site\/wp-content\/uploads\/2018\/05\/00-story-image-edgar-ramirez-gianni-300x284.jpg",300,284,true],"medium_large":["https:\/\/digital58.com.ve\/site\/wp-content\/uploads\/2018\/05\/00-story-image-edgar-ramirez-gianni-768x727.jpg",768,727,true],"large":["https:\/\/digital58.com.ve\/site\/wp-content\/uploads\/2018\/05\/00-story-image-edgar-ramirez-gianni.jpg",634,600,false],"1536x1536":["https:\/\/digital58.com.ve\/site\/wp-content\/uploads\/2018\/05\/00-story-image-edgar-ramirez-gianni.jpg",634,600,false],"2048x2048":["https:\/\/digital58.com.ve\/site\/wp-content\/uploads\/2018\/05\/00-story-image-edgar-ramirez-gianni.jpg",634,600,false],"colormag-highlighted-post":["https:\/\/digital58.com.ve\/site\/wp-content\/uploads\/2018\/05\/00-story-image-edgar-ramirez-gianni.jpg",287,272,false],"colormag-featured-post-medium":["https:\/\/digital58.com.ve\/site\/wp-content\/uploads\/2018\/05\/00-story-image-edgar-ramirez-gianni.jpg",217,205,false],"colormag-featured-post-small":["https:\/\/digital58.com.ve\/site\/wp-content\/uploads\/2018\/05\/00-story-image-edgar-ramirez-gianni.jpg",95,90,false],"colormag-featured-image":["https:\/\/digital58.com.ve\/site\/wp-content\/uploads\/2018\/05\/00-story-image-edgar-ramirez-gianni.jpg",470,445,false],"colormag-default-news":["https:\/\/digital58.com.ve\/site\/wp-content\/uploads\/2018\/05\/00-story-image-edgar-ramirez-gianni.jpg",150,142,false],"colormag-featured-image-large":["https:\/\/digital58.com.ve\/site\/wp-content\/uploads\/2018\/05\/00-story-image-edgar-ramirez-gianni.jpg",634,600,false]},"uagb_author_info":{"display_name":"Villasmil Henry","author_link":"https:\/\/digital58.com.ve\/site\/author\/droopy_68\/"},"uagb_comment_info":0,"uagb_excerpt":"El venezolano \u00c9dgar Ram\u00edrez (\u00abLa Quietud\u00bb, \u00abJungle Cruise\u00bb) y el chileno Pedro Pascal (\u00abKingsman: El c\u00edrculo de oro\u00bb, \u00abWonder Woman","_links":{"self":[{"href":"https:\/\/digital58.com.ve\/site\/wp-json\/wp\/v2\/posts\/78738","targetHints":{"allow":["GET"]}}],"collection":[{"href":"https:\/\/digital58.com.ve\/site\/wp-json\/wp\/v2\/posts"}],"about":[{"href":"https:\/\/digital58.com.ve\/site\/wp-json\/wp\/v2\/types\/post"}],"author":[{"embeddable":true,"href":"https:\/\/digital58.com.ve\/site\/wp-json\/wp\/v2\/users\/1"}],"replies":[{"embeddable":true,"href":"https:\/\/digital58.com.ve\/site\/wp-json\/wp\/v2\/comments?post=78738"}],"version-history":[{"count":0,"href":"https:\/\/digital58.com.ve\/site\/wp-json\/wp\/v2\/posts\/78738\/revisions"}],"wp:featuredmedia":[{"embeddable":true,"href":"https:\/\/digital58.com.ve\/site\/wp-json\/wp\/v2\/media\/78739"}],"wp:attachment":[{"href":"https:\/\/digital58.com.ve\/site\/wp-json\/wp\/v2\/media?parent=78738"}],"wp:term":[{"taxonomy":"category","embeddable":true,"href":"https:\/\/digital58.com.ve\/site\/wp-json\/wp\/v2\/categories?post=78738"},{"taxonomy":"post_tag","embeddable":true,"href":"https:\/\/digital58.com.ve\/site\/wp-json\/wp\/v2\/tags?post=78738"}],"curies":[{"name":"wp","href":"https:\/\/api.w.org\/{rel}","templated":true}]}}