{"id":79008,"date":"2018-05-18T00:44:12","date_gmt":"2018-05-18T04:44:12","guid":{"rendered":"http:\/\/digital58.com.ve\/site\/?p=79008"},"modified":"2018-05-18T00:44:51","modified_gmt":"2018-05-18T04:44:51","slug":"el-sonero-del-mundo-oscar-dleon-presente-en-el-festival-de-salsa-de-nueva-york","status":"publish","type":"post","link":"https:\/\/digital58.com.ve\/site\/2018\/05\/18\/el-sonero-del-mundo-oscar-dleon-presente-en-el-festival-de-salsa-de-nueva-york\/","title":{"rendered":"El sonero del mundo Oscar D\u2019Le\u00f3n presente en el Festival de Salsa de Nueva York 2018"},"content":{"rendered":"<p><a href=\"http:\/\/digital58.com.ve\/site\/wp-content\/uploads\/2018\/05\/salsa-festival-34th-new-york-barclay.jpg\"><img loading=\"lazy\" decoding=\"async\" class=\"aligncenter size-full wp-image-79010\" src=\"http:\/\/digital58.com.ve\/site\/wp-content\/uploads\/2018\/05\/salsa-festival-34th-new-york-barclay.jpg\" alt=\"\" width=\"910\" height=\"350\" srcset=\"https:\/\/digital58.com.ve\/site\/wp-content\/uploads\/2018\/05\/salsa-festival-34th-new-york-barclay.jpg 800w, https:\/\/digital58.com.ve\/site\/wp-content\/uploads\/2018\/05\/salsa-festival-34th-new-york-barclay-300x115.jpg 300w, https:\/\/digital58.com.ve\/site\/wp-content\/uploads\/2018\/05\/salsa-festival-34th-new-york-barclay-768x295.jpg 768w\" sizes=\"auto, (max-width: 910px) 100vw, 910px\" \/><\/a><\/p>\n<p>Los exponentes m\u00e1s emblem\u00e1ticos de la salsa se reunir\u00e1n por una noche en el Barclays Center de Brooklyn el s\u00e1bado 9 de junio para celebrar por todo lo alto la edici\u00f3n n\u00famero 34\u00b0 del Festival de Salsa de Nueva York. Reconocidos artistas del g\u00e9nero tropical como, Willie Col\u00f3n Oscar D\u2019Le\u00f3n, Rey Ruiz, Andy Monta\u00f1ez, Tito Nieves, Eddie Santiago, Charlie Aponte, Grupo Niche, Los Adolescentes, Africando, Tony Vega, David Pab\u00f3n Tesos y mucho m\u00e1s ser\u00e1n parte de esta gran fiesta.<\/p>\n<p><strong>Maracaibo, Zulia, Venezuela, 18 de mayo de 2018 (Noticias D58).-<\/strong> El 34\u00b0 Festival de Salsa de Nueva York se llevar\u00e1 a cabo durante el mismo fin de semana de la famosa Parada Puertorrique\u00f1a, realizada en la \u00abGran Manzana\u00bb.<\/p>\n<p>La noche se llenar\u00e1 de ritmo y sabor con la interpretaci\u00f3n de las canciones tropicales m\u00e1s reconocidas en todo el mundo por los aficionados a la salsa, quienes podr\u00e1n bailar y cantar junto a todos sus \u00e9xitos favoritos.<\/p>\n<p>Las entradas para el espect\u00e1culo est\u00e1n a la venta al p\u00fablico en general y se pueden comprar en l\u00ednea en www.barclayscenter.com, www.ticketmaster.com, o llamando al tel\u00e9fono 800-745-3000. Las entradas tambi\u00e9n se pueden adquirir en la taquilla del American Express Barclays Center.<\/p>\n<p><strong>Redacci\u00f3n con fuente: Agencias<\/strong><br \/>\n<strong>Edici\u00f3n: Villasmil, Henry<\/strong><br \/>\n<strong>Gr\u00e1ficas: cortes\u00eda<\/strong><\/p><div class=\"ubrgz69ec5afe649f6\" ><p style=\"text-align: center;\"><a href=\"https:\/\/t.me\/noticiasdigital58\" target=\"_blank\" rel=\"noopener\"><img class=\"aligncenter size-full wp-image-125363\" src=\"https:\/\/digital58.com.ve\/site\/wp-content\/uploads\/2021\/04\/banner-telegram-web-2021.png\" alt=\"\" width=\"600\" height=\"90\" \/><\/a><\/p><\/div><style type=\"text\/css\">\r\n@media screen and (min-width: 1201px) {\r\n.ubrgz69ec5afe649f6 {\r\ndisplay: block;\r\n}\r\n}\r\n@media screen and (min-width: 993px) and (max-width: 1200px) {\r\n.ubrgz69ec5afe649f6 {\r\ndisplay: block;\r\n}\r\n}\r\n@media screen and (min-width: 769px) and (max-width: 992px) {\r\n.ubrgz69ec5afe649f6 {\r\ndisplay: block;\r\n}\r\n}\r\n@media screen and (min-width: 768px) and (max-width: 768px) {\r\n.ubrgz69ec5afe649f6 {\r\ndisplay: block;\r\n}\r\n}\r\n@media screen and (max-width: 767px) {\r\n.ubrgz69ec5afe649f6 {\r\ndisplay: block;\r\n}\r\n}\r\n<\/style>\r\n\n<p><a href=\"http:\/\/digital58.com.ve\/site\/wp-content\/uploads\/2018\/05\/oscar-d-leon.jpg\"><img loading=\"lazy\" decoding=\"async\" class=\"aligncenter size-large wp-image-79009\" src=\"http:\/\/digital58.com.ve\/site\/wp-content\/uploads\/2018\/05\/oscar-d-leon-1500x1000.jpg\" alt=\"\" width=\"640\" height=\"427\" srcset=\"https:\/\/digital58.com.ve\/site\/wp-content\/uploads\/2018\/05\/oscar-d-leon-1500x1000.jpg 1500w, https:\/\/digital58.com.ve\/site\/wp-content\/uploads\/2018\/05\/oscar-d-leon-300x200.jpg 300w, https:\/\/digital58.com.ve\/site\/wp-content\/uploads\/2018\/05\/oscar-d-leon-768x512.jpg 768w, https:\/\/digital58.com.ve\/site\/wp-content\/uploads\/2018\/05\/oscar-d-leon-720x480.jpg 720w, https:\/\/digital58.com.ve\/site\/wp-content\/uploads\/2018\/05\/oscar-d-leon-480x320.jpg 480w, https:\/\/digital58.com.ve\/site\/wp-content\/uploads\/2018\/05\/oscar-d-leon.jpg 800w\" sizes=\"auto, (max-width: 640px) 100vw, 640px\" \/><\/a><\/p>\n<div style=\"margin-top: 0px; margin-bottom: 0px;\" class=\"sharethis-inline-share-buttons\" ><\/div>","protected":false},"excerpt":{"rendered":"<p>Los exponentes m\u00e1s emblem\u00e1ticos de la salsa se reunir\u00e1n por una noche en el Barclays Center de Brooklyn el s\u00e1bado<\/p>\n","protected":false},"author":1,"featured_media":79009,"comment_status":"open","ping_status":"closed","sticky":false,"template":"","format":"standard","meta":{"colormag_page_container_layout":"default_layout","colormag_page_sidebar_layout":"default_layout","_uag_custom_page_level_css":"","footnotes":""},"categories":[5417],"tags":[50,211,273,8,61,3755,3657],"class_list":["post-79008","post","type-post","status-publish","format-standard","has-post-thumbnail","hentry","category-conciertos","tag-entretenimiento","tag-espectaculos","tag-farandula","tag-internacionales","tag-musica","tag-nueva-york","tag-salsa"],"yoast_head":"<!-- This site is optimized with the Yoast SEO plugin v27.4 - https:\/\/yoast.com\/product\/yoast-seo-wordpress\/ -->\n<title>El sonero del mundo Oscar D\u2019Le\u00f3n presente en el Festival de Salsa de Nueva York 2018<\/title>\n<meta name=\"robots\" content=\"index, follow, max-snippet:-1, max-image-preview:large, max-video-preview:-1\" \/>\n<link rel=\"canonical\" href=\"https:\/\/digital58.com.ve\/site\/2018\/05\/18\/el-sonero-del-mundo-oscar-dleon-presente-en-el-festival-de-salsa-de-nueva-york\/\" \/>\n<meta property=\"og:locale\" content=\"es_ES\" \/>\n<meta property=\"og:type\" content=\"article\" \/>\n<meta property=\"og:title\" content=\"El sonero del mundo Oscar D\u2019Le\u00f3n presente en el Festival de Salsa de Nueva York 2018\" \/>\n<meta property=\"og:url\" content=\"https:\/\/digital58.com.ve\/site\/2018\/05\/18\/el-sonero-del-mundo-oscar-dleon-presente-en-el-festival-de-salsa-de-nueva-york\/\" \/>\n<meta property=\"og:site_name\" content=\"Noticias Digital58\" \/>\n<meta property=\"article:published_time\" content=\"2018-05-18T04:44:12+00:00\" \/>\n<meta property=\"article:modified_time\" content=\"2018-05-18T04:44:51+00:00\" \/>\n<meta property=\"og:image\" content=\"https:\/\/digital58.com.ve\/site\/wp-content\/uploads\/2018\/05\/oscar-d-leon.jpg\" \/>\n\t<meta property=\"og:image:width\" content=\"1600\" \/>\n\t<meta property=\"og:image:height\" content=\"1067\" \/>\n\t<meta property=\"og:image:type\" content=\"image\/jpeg\" \/>\n<meta name=\"author\" content=\"Villasmil Henry\" \/>\n<meta name=\"twitter:card\" content=\"summary_large_image\" \/>\n<meta name=\"twitter:creator\" content=\"@https:\/\/twitter.com\/villasmilhfoto\" \/>\n<meta name=\"twitter:site\" content=\"@villasmilhfoto\" \/>\n<meta name=\"twitter:label1\" content=\"Escrito por\" \/>\n\t<meta name=\"twitter:data1\" content=\"Villasmil Henry\" \/>\n\t<meta name=\"twitter:label2\" content=\"Tiempo estimado de lectura\" \/>\n\t<meta name=\"twitter:data2\" content=\"1 minuto\" \/>\n<script type=\"application\/ld+json\" class=\"yoast-schema-graph\">{\"@context\":\"https:\\\/\\\/schema.org\",\"@graph\":[{\"@type\":\"Article\",\"@id\":\"https:\\\/\\\/digital58.com.ve\\\/site\\\/2018\\\/05\\\/18\\\/el-sonero-del-mundo-oscar-dleon-presente-en-el-festival-de-salsa-de-nueva-york\\\/#article\",\"isPartOf\":{\"@id\":\"https:\\\/\\\/digital58.com.ve\\\/site\\\/2018\\\/05\\\/18\\\/el-sonero-del-mundo-oscar-dleon-presente-en-el-festival-de-salsa-de-nueva-york\\\/\"},\"author\":{\"name\":\"Villasmil Henry\",\"@id\":\"https:\\\/\\\/digital58.com.ve\\\/site\\\/#\\\/schema\\\/person\\\/64d1c2e4d0d4fd1b849980c4331c2951\"},\"headline\":\"El sonero del mundo Oscar D\u2019Le\u00f3n presente en el Festival de Salsa de Nueva York 2018\",\"datePublished\":\"2018-05-18T04:44:12+00:00\",\"dateModified\":\"2018-05-18T04:44:51+00:00\",\"mainEntityOfPage\":{\"@id\":\"https:\\\/\\\/digital58.com.ve\\\/site\\\/2018\\\/05\\\/18\\\/el-sonero-del-mundo-oscar-dleon-presente-en-el-festival-de-salsa-de-nueva-york\\\/\"},\"wordCount\":251,\"commentCount\":0,\"publisher\":{\"@id\":\"https:\\\/\\\/digital58.com.ve\\\/site\\\/#\\\/schema\\\/person\\\/64d1c2e4d0d4fd1b849980c4331c2951\"},\"image\":{\"@id\":\"https:\\\/\\\/digital58.com.ve\\\/site\\\/2018\\\/05\\\/18\\\/el-sonero-del-mundo-oscar-dleon-presente-en-el-festival-de-salsa-de-nueva-york\\\/#primaryimage\"},\"thumbnailUrl\":\"https:\\\/\\\/digital58.com.ve\\\/site\\\/wp-content\\\/uploads\\\/2018\\\/05\\\/oscar-d-leon.jpg\",\"keywords\":[\"Entretenimiento\",\"Espect\u00e1culos\",\"Far\u00e1ndula\",\"Internacionales\",\"M\u00fasica\",\"Nueva York\",\"Salsa\"],\"articleSection\":[\"Conciertos\"],\"inLanguage\":\"es\",\"potentialAction\":[{\"@type\":\"CommentAction\",\"name\":\"Comment\",\"target\":[\"https:\\\/\\\/digital58.com.ve\\\/site\\\/2018\\\/05\\\/18\\\/el-sonero-del-mundo-oscar-dleon-presente-en-el-festival-de-salsa-de-nueva-york\\\/#respond\"]}]},{\"@type\":\"WebPage\",\"@id\":\"https:\\\/\\\/digital58.com.ve\\\/site\\\/2018\\\/05\\\/18\\\/el-sonero-del-mundo-oscar-dleon-presente-en-el-festival-de-salsa-de-nueva-york\\\/\",\"url\":\"https:\\\/\\\/digital58.com.ve\\\/site\\\/2018\\\/05\\\/18\\\/el-sonero-del-mundo-oscar-dleon-presente-en-el-festival-de-salsa-de-nueva-york\\\/\",\"name\":\"El sonero del mundo Oscar D\u2019Le\u00f3n presente en el Festival de Salsa de Nueva York 2018\",\"isPartOf\":{\"@id\":\"https:\\\/\\\/digital58.com.ve\\\/site\\\/#website\"},\"primaryImageOfPage\":{\"@id\":\"https:\\\/\\\/digital58.com.ve\\\/site\\\/2018\\\/05\\\/18\\\/el-sonero-del-mundo-oscar-dleon-presente-en-el-festival-de-salsa-de-nueva-york\\\/#primaryimage\"},\"image\":{\"@id\":\"https:\\\/\\\/digital58.com.ve\\\/site\\\/2018\\\/05\\\/18\\\/el-sonero-del-mundo-oscar-dleon-presente-en-el-festival-de-salsa-de-nueva-york\\\/#primaryimage\"},\"thumbnailUrl\":\"https:\\\/\\\/digital58.com.ve\\\/site\\\/wp-content\\\/uploads\\\/2018\\\/05\\\/oscar-d-leon.jpg\",\"datePublished\":\"2018-05-18T04:44:12+00:00\",\"dateModified\":\"2018-05-18T04:44:51+00:00\",\"breadcrumb\":{\"@id\":\"https:\\\/\\\/digital58.com.ve\\\/site\\\/2018\\\/05\\\/18\\\/el-sonero-del-mundo-oscar-dleon-presente-en-el-festival-de-salsa-de-nueva-york\\\/#breadcrumb\"},\"inLanguage\":\"es\",\"potentialAction\":[{\"@type\":\"ReadAction\",\"target\":[\"https:\\\/\\\/digital58.com.ve\\\/site\\\/2018\\\/05\\\/18\\\/el-sonero-del-mundo-oscar-dleon-presente-en-el-festival-de-salsa-de-nueva-york\\\/\"]}]},{\"@type\":\"ImageObject\",\"inLanguage\":\"es\",\"@id\":\"https:\\\/\\\/digital58.com.ve\\\/site\\\/2018\\\/05\\\/18\\\/el-sonero-del-mundo-oscar-dleon-presente-en-el-festival-de-salsa-de-nueva-york\\\/#primaryimage\",\"url\":\"https:\\\/\\\/digital58.com.ve\\\/site\\\/wp-content\\\/uploads\\\/2018\\\/05\\\/oscar-d-leon.jpg\",\"contentUrl\":\"https:\\\/\\\/digital58.com.ve\\\/site\\\/wp-content\\\/uploads\\\/2018\\\/05\\\/oscar-d-leon.jpg\",\"width\":800,\"height\":534},{\"@type\":\"BreadcrumbList\",\"@id\":\"https:\\\/\\\/digital58.com.ve\\\/site\\\/2018\\\/05\\\/18\\\/el-sonero-del-mundo-oscar-dleon-presente-en-el-festival-de-salsa-de-nueva-york\\\/#breadcrumb\",\"itemListElement\":[{\"@type\":\"ListItem\",\"position\":1,\"name\":\"Home\",\"item\":\"https:\\\/\\\/digital58.com.ve\\\/site\\\/\"},{\"@type\":\"ListItem\",\"position\":2,\"name\":\"El sonero del mundo Oscar D\u2019Le\u00f3n presente en el Festival de Salsa de Nueva York 2018\"}]},{\"@type\":\"WebSite\",\"@id\":\"https:\\\/\\\/digital58.com.ve\\\/site\\\/#website\",\"url\":\"https:\\\/\\\/digital58.com.ve\\\/site\\\/\",\"name\":\"Noticias Digital58\",\"description\":\"Portal de Noticias \u00a1Periodismo web de verdad! Lanzamiento web 22.11.2005 \\\/ Maracaibo, Venezuela\",\"publisher\":{\"@id\":\"https:\\\/\\\/digital58.com.ve\\\/site\\\/#\\\/schema\\\/person\\\/64d1c2e4d0d4fd1b849980c4331c2951\"},\"alternateName\":\"ND58\",\"potentialAction\":[{\"@type\":\"SearchAction\",\"target\":{\"@type\":\"EntryPoint\",\"urlTemplate\":\"https:\\\/\\\/digital58.com.ve\\\/site\\\/?s={search_term_string}\"},\"query-input\":{\"@type\":\"PropertyValueSpecification\",\"valueRequired\":true,\"valueName\":\"search_term_string\"}}],\"inLanguage\":\"es\"},{\"@type\":[\"Person\",\"Organization\"],\"@id\":\"https:\\\/\\\/digital58.com.ve\\\/site\\\/#\\\/schema\\\/person\\\/64d1c2e4d0d4fd1b849980c4331c2951\",\"name\":\"Villasmil Henry\",\"image\":{\"@type\":\"ImageObject\",\"inLanguage\":\"es\",\"@id\":\"https:\\\/\\\/secure.gravatar.com\\\/avatar\\\/bb0c4a2fcb7970138239f7e404ea75757b1b507b28b5ce4c53fbd62d797c5a7c?s=96&d=mm&r=g\",\"url\":\"https:\\\/\\\/secure.gravatar.com\\\/avatar\\\/bb0c4a2fcb7970138239f7e404ea75757b1b507b28b5ce4c53fbd62d797c5a7c?s=96&d=mm&r=g\",\"contentUrl\":\"https:\\\/\\\/secure.gravatar.com\\\/avatar\\\/bb0c4a2fcb7970138239f7e404ea75757b1b507b28b5ce4c53fbd62d797c5a7c?s=96&d=mm&r=g\",\"caption\":\"Villasmil Henry\"},\"logo\":{\"@id\":\"https:\\\/\\\/secure.gravatar.com\\\/avatar\\\/bb0c4a2fcb7970138239f7e404ea75757b1b507b28b5ce4c53fbd62d797c5a7c?s=96&d=mm&r=g\"},\"sameAs\":[\"http:\\\/\\\/www.henryvillasmil.com.ve\",\"https:\\\/\\\/www.instagram.com\\\/villasmilhfoto\\\/\",\"https:\\\/\\\/x.com\\\/https:\\\/\\\/twitter.com\\\/villasmilhfoto\"],\"url\":\"https:\\\/\\\/digital58.com.ve\\\/site\\\/author\\\/droopy_68\\\/\"}]}<\/script>\n<!-- \/ Yoast SEO plugin. -->","yoast_head_json":{"title":"El sonero del mundo Oscar D\u2019Le\u00f3n presente en el Festival de Salsa de Nueva York 2018","robots":{"index":"index","follow":"follow","max-snippet":"max-snippet:-1","max-image-preview":"max-image-preview:large","max-video-preview":"max-video-preview:-1"},"canonical":"https:\/\/digital58.com.ve\/site\/2018\/05\/18\/el-sonero-del-mundo-oscar-dleon-presente-en-el-festival-de-salsa-de-nueva-york\/","og_locale":"es_ES","og_type":"article","og_title":"El sonero del mundo Oscar D\u2019Le\u00f3n presente en el Festival de Salsa de Nueva York 2018","og_url":"https:\/\/digital58.com.ve\/site\/2018\/05\/18\/el-sonero-del-mundo-oscar-dleon-presente-en-el-festival-de-salsa-de-nueva-york\/","og_site_name":"Noticias Digital58","article_published_time":"2018-05-18T04:44:12+00:00","article_modified_time":"2018-05-18T04:44:51+00:00","og_image":[{"width":1600,"height":1067,"url":"https:\/\/digital58.com.ve\/site\/wp-content\/uploads\/2018\/05\/oscar-d-leon.jpg","type":"image\/jpeg"}],"author":"Villasmil Henry","twitter_card":"summary_large_image","twitter_creator":"@https:\/\/twitter.com\/villasmilhfoto","twitter_site":"@villasmilhfoto","twitter_misc":{"Escrito por":"Villasmil Henry","Tiempo estimado de lectura":"1 minuto"},"schema":{"@context":"https:\/\/schema.org","@graph":[{"@type":"Article","@id":"https:\/\/digital58.com.ve\/site\/2018\/05\/18\/el-sonero-del-mundo-oscar-dleon-presente-en-el-festival-de-salsa-de-nueva-york\/#article","isPartOf":{"@id":"https:\/\/digital58.com.ve\/site\/2018\/05\/18\/el-sonero-del-mundo-oscar-dleon-presente-en-el-festival-de-salsa-de-nueva-york\/"},"author":{"name":"Villasmil Henry","@id":"https:\/\/digital58.com.ve\/site\/#\/schema\/person\/64d1c2e4d0d4fd1b849980c4331c2951"},"headline":"El sonero del mundo Oscar D\u2019Le\u00f3n presente en el Festival de Salsa de Nueva York 2018","datePublished":"2018-05-18T04:44:12+00:00","dateModified":"2018-05-18T04:44:51+00:00","mainEntityOfPage":{"@id":"https:\/\/digital58.com.ve\/site\/2018\/05\/18\/el-sonero-del-mundo-oscar-dleon-presente-en-el-festival-de-salsa-de-nueva-york\/"},"wordCount":251,"commentCount":0,"publisher":{"@id":"https:\/\/digital58.com.ve\/site\/#\/schema\/person\/64d1c2e4d0d4fd1b849980c4331c2951"},"image":{"@id":"https:\/\/digital58.com.ve\/site\/2018\/05\/18\/el-sonero-del-mundo-oscar-dleon-presente-en-el-festival-de-salsa-de-nueva-york\/#primaryimage"},"thumbnailUrl":"https:\/\/digital58.com.ve\/site\/wp-content\/uploads\/2018\/05\/oscar-d-leon.jpg","keywords":["Entretenimiento","Espect\u00e1culos","Far\u00e1ndula","Internacionales","M\u00fasica","Nueva York","Salsa"],"articleSection":["Conciertos"],"inLanguage":"es","potentialAction":[{"@type":"CommentAction","name":"Comment","target":["https:\/\/digital58.com.ve\/site\/2018\/05\/18\/el-sonero-del-mundo-oscar-dleon-presente-en-el-festival-de-salsa-de-nueva-york\/#respond"]}]},{"@type":"WebPage","@id":"https:\/\/digital58.com.ve\/site\/2018\/05\/18\/el-sonero-del-mundo-oscar-dleon-presente-en-el-festival-de-salsa-de-nueva-york\/","url":"https:\/\/digital58.com.ve\/site\/2018\/05\/18\/el-sonero-del-mundo-oscar-dleon-presente-en-el-festival-de-salsa-de-nueva-york\/","name":"El sonero del mundo Oscar D\u2019Le\u00f3n presente en el Festival de Salsa de Nueva York 2018","isPartOf":{"@id":"https:\/\/digital58.com.ve\/site\/#website"},"primaryImageOfPage":{"@id":"https:\/\/digital58.com.ve\/site\/2018\/05\/18\/el-sonero-del-mundo-oscar-dleon-presente-en-el-festival-de-salsa-de-nueva-york\/#primaryimage"},"image":{"@id":"https:\/\/digital58.com.ve\/site\/2018\/05\/18\/el-sonero-del-mundo-oscar-dleon-presente-en-el-festival-de-salsa-de-nueva-york\/#primaryimage"},"thumbnailUrl":"https:\/\/digital58.com.ve\/site\/wp-content\/uploads\/2018\/05\/oscar-d-leon.jpg","datePublished":"2018-05-18T04:44:12+00:00","dateModified":"2018-05-18T04:44:51+00:00","breadcrumb":{"@id":"https:\/\/digital58.com.ve\/site\/2018\/05\/18\/el-sonero-del-mundo-oscar-dleon-presente-en-el-festival-de-salsa-de-nueva-york\/#breadcrumb"},"inLanguage":"es","potentialAction":[{"@type":"ReadAction","target":["https:\/\/digital58.com.ve\/site\/2018\/05\/18\/el-sonero-del-mundo-oscar-dleon-presente-en-el-festival-de-salsa-de-nueva-york\/"]}]},{"@type":"ImageObject","inLanguage":"es","@id":"https:\/\/digital58.com.ve\/site\/2018\/05\/18\/el-sonero-del-mundo-oscar-dleon-presente-en-el-festival-de-salsa-de-nueva-york\/#primaryimage","url":"https:\/\/digital58.com.ve\/site\/wp-content\/uploads\/2018\/05\/oscar-d-leon.jpg","contentUrl":"https:\/\/digital58.com.ve\/site\/wp-content\/uploads\/2018\/05\/oscar-d-leon.jpg","width":800,"height":534},{"@type":"BreadcrumbList","@id":"https:\/\/digital58.com.ve\/site\/2018\/05\/18\/el-sonero-del-mundo-oscar-dleon-presente-en-el-festival-de-salsa-de-nueva-york\/#breadcrumb","itemListElement":[{"@type":"ListItem","position":1,"name":"Home","item":"https:\/\/digital58.com.ve\/site\/"},{"@type":"ListItem","position":2,"name":"El sonero del mundo Oscar D\u2019Le\u00f3n presente en el Festival de Salsa de Nueva York 2018"}]},{"@type":"WebSite","@id":"https:\/\/digital58.com.ve\/site\/#website","url":"https:\/\/digital58.com.ve\/site\/","name":"Noticias Digital58","description":"Portal de Noticias \u00a1Periodismo web de verdad! Lanzamiento web 22.11.2005 \/ Maracaibo, Venezuela","publisher":{"@id":"https:\/\/digital58.com.ve\/site\/#\/schema\/person\/64d1c2e4d0d4fd1b849980c4331c2951"},"alternateName":"ND58","potentialAction":[{"@type":"SearchAction","target":{"@type":"EntryPoint","urlTemplate":"https:\/\/digital58.com.ve\/site\/?s={search_term_string}"},"query-input":{"@type":"PropertyValueSpecification","valueRequired":true,"valueName":"search_term_string"}}],"inLanguage":"es"},{"@type":["Person","Organization"],"@id":"https:\/\/digital58.com.ve\/site\/#\/schema\/person\/64d1c2e4d0d4fd1b849980c4331c2951","name":"Villasmil Henry","image":{"@type":"ImageObject","inLanguage":"es","@id":"https:\/\/secure.gravatar.com\/avatar\/bb0c4a2fcb7970138239f7e404ea75757b1b507b28b5ce4c53fbd62d797c5a7c?s=96&d=mm&r=g","url":"https:\/\/secure.gravatar.com\/avatar\/bb0c4a2fcb7970138239f7e404ea75757b1b507b28b5ce4c53fbd62d797c5a7c?s=96&d=mm&r=g","contentUrl":"https:\/\/secure.gravatar.com\/avatar\/bb0c4a2fcb7970138239f7e404ea75757b1b507b28b5ce4c53fbd62d797c5a7c?s=96&d=mm&r=g","caption":"Villasmil Henry"},"logo":{"@id":"https:\/\/secure.gravatar.com\/avatar\/bb0c4a2fcb7970138239f7e404ea75757b1b507b28b5ce4c53fbd62d797c5a7c?s=96&d=mm&r=g"},"sameAs":["http:\/\/www.henryvillasmil.com.ve","https:\/\/www.instagram.com\/villasmilhfoto\/","https:\/\/x.com\/https:\/\/twitter.com\/villasmilhfoto"],"url":"https:\/\/digital58.com.ve\/site\/author\/droopy_68\/"}]}},"uagb_featured_image_src":{"full":["https:\/\/digital58.com.ve\/site\/wp-content\/uploads\/2018\/05\/oscar-d-leon.jpg",800,534,false],"thumbnail":["https:\/\/digital58.com.ve\/site\/wp-content\/uploads\/2018\/05\/oscar-d-leon-150x150.jpg",150,150,true],"medium":["https:\/\/digital58.com.ve\/site\/wp-content\/uploads\/2018\/05\/oscar-d-leon-300x200.jpg",300,200,true],"medium_large":["https:\/\/digital58.com.ve\/site\/wp-content\/uploads\/2018\/05\/oscar-d-leon-768x512.jpg",768,512,true],"large":["https:\/\/digital58.com.ve\/site\/wp-content\/uploads\/2018\/05\/oscar-d-leon-1500x1000.jpg",800,533,true],"1536x1536":["https:\/\/digital58.com.ve\/site\/wp-content\/uploads\/2018\/05\/oscar-d-leon.jpg",800,534,false],"2048x2048":["https:\/\/digital58.com.ve\/site\/wp-content\/uploads\/2018\/05\/oscar-d-leon.jpg",800,534,false],"colormag-highlighted-post":["https:\/\/digital58.com.ve\/site\/wp-content\/uploads\/2018\/05\/oscar-d-leon.jpg",392,262,false],"colormag-featured-post-medium":["https:\/\/digital58.com.ve\/site\/wp-content\/uploads\/2018\/05\/oscar-d-leon.jpg",307,205,false],"colormag-featured-post-small":["https:\/\/digital58.com.ve\/site\/wp-content\/uploads\/2018\/05\/oscar-d-leon.jpg",130,87,false],"colormag-featured-image":["https:\/\/digital58.com.ve\/site\/wp-content\/uploads\/2018\/05\/oscar-d-leon.jpg",667,445,false],"colormag-default-news":["https:\/\/digital58.com.ve\/site\/wp-content\/uploads\/2018\/05\/oscar-d-leon.jpg",150,100,false],"colormag-featured-image-large":["https:\/\/digital58.com.ve\/site\/wp-content\/uploads\/2018\/05\/oscar-d-leon.jpg",800,534,false]},"uagb_author_info":{"display_name":"Villasmil Henry","author_link":"https:\/\/digital58.com.ve\/site\/author\/droopy_68\/"},"uagb_comment_info":0,"uagb_excerpt":"Los exponentes m\u00e1s emblem\u00e1ticos de la salsa se reunir\u00e1n por una noche en el Barclays Center de Brooklyn el s\u00e1bado","_links":{"self":[{"href":"https:\/\/digital58.com.ve\/site\/wp-json\/wp\/v2\/posts\/79008","targetHints":{"allow":["GET"]}}],"collection":[{"href":"https:\/\/digital58.com.ve\/site\/wp-json\/wp\/v2\/posts"}],"about":[{"href":"https:\/\/digital58.com.ve\/site\/wp-json\/wp\/v2\/types\/post"}],"author":[{"embeddable":true,"href":"https:\/\/digital58.com.ve\/site\/wp-json\/wp\/v2\/users\/1"}],"replies":[{"embeddable":true,"href":"https:\/\/digital58.com.ve\/site\/wp-json\/wp\/v2\/comments?post=79008"}],"version-history":[{"count":0,"href":"https:\/\/digital58.com.ve\/site\/wp-json\/wp\/v2\/posts\/79008\/revisions"}],"wp:featuredmedia":[{"embeddable":true,"href":"https:\/\/digital58.com.ve\/site\/wp-json\/wp\/v2\/media\/79009"}],"wp:attachment":[{"href":"https:\/\/digital58.com.ve\/site\/wp-json\/wp\/v2\/media?parent=79008"}],"wp:term":[{"taxonomy":"category","embeddable":true,"href":"https:\/\/digital58.com.ve\/site\/wp-json\/wp\/v2\/categories?post=79008"},{"taxonomy":"post_tag","embeddable":true,"href":"https:\/\/digital58.com.ve\/site\/wp-json\/wp\/v2\/tags?post=79008"}],"curies":[{"name":"wp","href":"https:\/\/api.w.org\/{rel}","templated":true}]}}