{"id":79038,"date":"2018-05-19T07:18:15","date_gmt":"2018-05-19T11:18:15","guid":{"rendered":"http:\/\/digital58.com.ve\/site\/?p=79038"},"modified":"2018-05-19T09:45:31","modified_gmt":"2018-05-19T13:45:31","slug":"enrique-y-meghan-markle-seran-duque-y-duquesa-de-sussex","status":"publish","type":"post","link":"https:\/\/digital58.com.ve\/site\/2018\/05\/19\/enrique-y-meghan-markle-seran-duque-y-duquesa-de-sussex\/","title":{"rendered":"Enrique y Meghan Markle ser\u00e1n duque y duquesa de Sussex"},"content":{"rendered":"<p><a href=\"http:\/\/digital58.com.ve\/site\/wp-content\/uploads\/2018\/05\/bodaHarryandMeghan-8.jpg\"><img loading=\"lazy\" decoding=\"async\" class=\"aligncenter size-large wp-image-79040\" src=\"http:\/\/digital58.com.ve\/site\/wp-content\/uploads\/2018\/05\/bodaHarryandMeghan-8-1500x1000.jpg\" alt=\"\" width=\"640\" height=\"427\" srcset=\"https:\/\/digital58.com.ve\/site\/wp-content\/uploads\/2018\/05\/bodaHarryandMeghan-8-1500x1000.jpg 1500w, https:\/\/digital58.com.ve\/site\/wp-content\/uploads\/2018\/05\/bodaHarryandMeghan-8-300x200.jpg 300w, https:\/\/digital58.com.ve\/site\/wp-content\/uploads\/2018\/05\/bodaHarryandMeghan-8-768x512.jpg 768w, https:\/\/digital58.com.ve\/site\/wp-content\/uploads\/2018\/05\/bodaHarryandMeghan-8-720x480.jpg 720w, https:\/\/digital58.com.ve\/site\/wp-content\/uploads\/2018\/05\/bodaHarryandMeghan-8-480x320.jpg 480w, https:\/\/digital58.com.ve\/site\/wp-content\/uploads\/2018\/05\/bodaHarryandMeghan-8.jpg 800w\" sizes=\"auto, (max-width: 640px) 100vw, 640px\" \/><\/a><\/p>\n<p>La reina Isabel II de Inglaterra nombr\u00f3 este s\u00e1bado duque de Sussex a su nieto Enrique, pocas horas antes de que se casase con la actriz Meghan Markle, que ostentar\u00e1 tambi\u00e9n el t\u00edtulo, anunci\u00f3 la Casa Real. \u00abLa reina se complace hoy en otorgar un ducado al pr\u00edncipe Enrique de Gales. Sus t\u00edtulos ser\u00e1n duque de Sussex, conde de Dumbarton y bar\u00f3n de Kilkeel\u00bb, anunci\u00f3 el palacio de Buckingham, recibiendo, respectivamente, un titulo nobiliario ingl\u00e9s, escoc\u00e9s y norirland\u00e9s, como manda la tradici\u00f3n.<\/p>\n<p><strong>Windsor, Reino Unido, 19 de mayo de 2018 (D58).-<\/strong> A las 12H00 (11H00 GMT) est\u00e1 previsto el inicio de esta boda que ha despertado gran inter\u00e9s, y que supone la primera llegada de una mujer mestiza a la Casa de los Windsor en los tiempos modernos.<\/p>\n<p>El hermano de Enrique, el pr\u00edncipe Guillermo, segundo en la l\u00ednea de sucesi\u00f3n al trono de su abuela, recibi\u00f3 el t\u00edtulo de duque de Cambridge, que su esposa Catalina adopt\u00f3 en el momento en que se casaron.<\/p>\n<p>Enrique es el sexto en la l\u00ednea sucesoria al trono de Inglaterra, desplazado sucesivamente del tercer puesto por sus tres sobrinos, los hijos de Guillermo.<\/p>\n<p>Sussex es un hist\u00f3rico condado en la costa del sudeste de Inglaterra y del Reino Unido, con una poblaci\u00f3n de 1,6 millones de personas. Su nombre viene de \u00absajones del sur\u00bb (South Saxons). Su principal localidad es la ciudad costera de Brighton, muy de moda.<\/p>\n<p>En este condado se libr\u00f3 en 1066 la batalla de Hastings, con la que empez\u00f3 la conquista de los normandos que llev\u00f3 al trono al rey Guillermo el Conquistador.<\/p>\n<p>Su paisaje es verde y ondulado, y su principal punto de entrada y salida al mundo es el aeropuerto de Gatwick, el segundo en importancia de los que sirven a Londres, despu\u00e9s de Heathrow.<\/p>\n<p>En cuanto a Dumbarton, est\u00e1 en la orilla norte del r\u00edo Clyde, en Escocia, mientras que Kilkeel es una peque\u00f1a localidad pesquera del condado norirland\u00e9s de Down.<\/p>\n<p>Cuando est\u00e9n en Escocia, Enrique y Markle ser\u00e1n identificados como conde y condesa de Dumbarton.<\/p>\n<p>Sussex fue condado desde 1141 y en 1801 ascendi\u00f3 a ducado, cuando el pr\u00edncipe Augusto Federico, sexto hijo del rey Jorge III, recibi\u00f3 el t\u00edtulo.<\/p>\n<p>El tercer hijo de la reina Victoria, el pr\u00edncipe Arturo, fue conde de Sussex en 1874, pero el t\u00edtulo desapareci\u00f3 a la muerte de su nieto en 1943.<\/p>\n<p><strong>Redacci\u00f3n con fuente: AFP<\/strong><br \/>\n<strong>Edici\u00f3n: Villasmil, Henry<\/strong><br \/>\n<strong>Gr\u00e1fica: AFP<\/strong><\/p>\n<p><a href=\"http:\/\/digital58.com.ve\/site\/wp-content\/uploads\/2018\/05\/bodaHarryandMeghan-9.jpg\"><img loading=\"lazy\" decoding=\"async\" class=\"aligncenter size-large wp-image-79039\" src=\"http:\/\/digital58.com.ve\/site\/wp-content\/uploads\/2018\/05\/bodaHarryandMeghan-9-1353x1024.jpg\" alt=\"\" width=\"640\" height=\"484\" srcset=\"https:\/\/digital58.com.ve\/site\/wp-content\/uploads\/2018\/05\/bodaHarryandMeghan-9-1353x1024.jpg 1353w, https:\/\/digital58.com.ve\/site\/wp-content\/uploads\/2018\/05\/bodaHarryandMeghan-9-300x227.jpg 300w, https:\/\/digital58.com.ve\/site\/wp-content\/uploads\/2018\/05\/bodaHarryandMeghan-9-768x581.jpg 768w, https:\/\/digital58.com.ve\/site\/wp-content\/uploads\/2018\/05\/bodaHarryandMeghan-9.jpg 793w\" sizes=\"auto, (max-width: 640px) 100vw, 640px\" \/><\/a><\/p>\n<p>&nbsp;<\/p><div class=\"gjzup69f5319de33c6\" ><p style=\"text-align: center;\"><a href=\"https:\/\/t.me\/noticiasdigital58\" target=\"_blank\" rel=\"noopener\"><img class=\"aligncenter size-full wp-image-125363\" src=\"https:\/\/digital58.com.ve\/site\/wp-content\/uploads\/2021\/04\/banner-telegram-web-2021.png\" alt=\"\" width=\"600\" height=\"90\" \/><\/a><\/p><\/div><style type=\"text\/css\">\r\n@media screen and (min-width: 1201px) {\r\n.gjzup69f5319de33c6 {\r\ndisplay: block;\r\n}\r\n}\r\n@media screen and (min-width: 993px) and (max-width: 1200px) {\r\n.gjzup69f5319de33c6 {\r\ndisplay: block;\r\n}\r\n}\r\n@media screen and (min-width: 769px) and (max-width: 992px) {\r\n.gjzup69f5319de33c6 {\r\ndisplay: block;\r\n}\r\n}\r\n@media screen and (min-width: 768px) and (max-width: 768px) {\r\n.gjzup69f5319de33c6 {\r\ndisplay: block;\r\n}\r\n}\r\n@media screen and (max-width: 767px) {\r\n.gjzup69f5319de33c6 {\r\ndisplay: block;\r\n}\r\n}\r\n<\/style>\r\n\n<p>&nbsp;<\/p>\n<div style=\"margin-top: 0px; margin-bottom: 0px;\" class=\"sharethis-inline-share-buttons\" ><\/div>","protected":false},"excerpt":{"rendered":"<p>La reina Isabel II de Inglaterra nombr\u00f3 este s\u00e1bado duque de Sussex a su nieto Enrique, pocas horas antes de<\/p>\n","protected":false},"author":1,"featured_media":79039,"comment_status":"open","ping_status":"closed","sticky":false,"template":"","format":"standard","meta":{"colormag_page_container_layout":"default_layout","colormag_page_sidebar_layout":"default_layout","_uag_custom_page_level_css":"","footnotes":""},"categories":[5409],"tags":[11077,2155,11079,11083,113,8,11081,1995,11082,11078],"class_list":["post-79038","post","type-post","status-publish","format-standard","has-post-thumbnail","hentry","category-sociales","tag-boda-enrique-y-meghan-markle","tag-bodas","tag-bodas-reales","tag-casa-de-windsor","tag-inglaterra","tag-internacionales","tag-monarquia-britanica","tag-reino-unido","tag-reyes-de-gran-bretana","tag-windsor"],"yoast_head":"<!-- This site is optimized with the Yoast SEO plugin v27.5 - https:\/\/yoast.com\/product\/yoast-seo-wordpress\/ -->\n<title>Enrique y Meghan Markle ser\u00e1n duque y duquesa de Sussex<\/title>\n<meta name=\"robots\" content=\"index, follow, max-snippet:-1, max-image-preview:large, max-video-preview:-1\" \/>\n<link rel=\"canonical\" href=\"https:\/\/digital58.com.ve\/site\/2018\/05\/19\/enrique-y-meghan-markle-seran-duque-y-duquesa-de-sussex\/\" \/>\n<meta property=\"og:locale\" content=\"es_ES\" \/>\n<meta property=\"og:type\" content=\"article\" \/>\n<meta property=\"og:title\" content=\"Enrique y Meghan Markle ser\u00e1n duque y duquesa de Sussex\" \/>\n<meta property=\"og:url\" content=\"https:\/\/digital58.com.ve\/site\/2018\/05\/19\/enrique-y-meghan-markle-seran-duque-y-duquesa-de-sussex\/\" \/>\n<meta property=\"og:site_name\" content=\"Noticias Digital58\" \/>\n<meta property=\"article:published_time\" content=\"2018-05-19T11:18:15+00:00\" \/>\n<meta property=\"article:modified_time\" content=\"2018-05-19T13:45:31+00:00\" \/>\n<meta property=\"og:image\" content=\"https:\/\/digital58.com.ve\/site\/wp-content\/uploads\/2018\/05\/bodaHarryandMeghan-9.jpg\" \/>\n\t<meta property=\"og:image:width\" content=\"1500\" \/>\n\t<meta property=\"og:image:height\" content=\"1135\" \/>\n\t<meta property=\"og:image:type\" content=\"image\/jpeg\" \/>\n<meta name=\"author\" content=\"Villasmil Henry\" \/>\n<meta name=\"twitter:card\" content=\"summary_large_image\" \/>\n<meta name=\"twitter:creator\" content=\"@https:\/\/twitter.com\/villasmilhfoto\" \/>\n<meta name=\"twitter:site\" content=\"@villasmilhfoto\" \/>\n<meta name=\"twitter:label1\" content=\"Escrito por\" \/>\n\t<meta name=\"twitter:data1\" content=\"Villasmil Henry\" \/>\n\t<meta name=\"twitter:label2\" content=\"Tiempo estimado de lectura\" \/>\n\t<meta name=\"twitter:data2\" content=\"2 minutos\" \/>\n<script type=\"application\/ld+json\" class=\"yoast-schema-graph\">{\"@context\":\"https:\\\/\\\/schema.org\",\"@graph\":[{\"@type\":\"Article\",\"@id\":\"https:\\\/\\\/digital58.com.ve\\\/site\\\/2018\\\/05\\\/19\\\/enrique-y-meghan-markle-seran-duque-y-duquesa-de-sussex\\\/#article\",\"isPartOf\":{\"@id\":\"https:\\\/\\\/digital58.com.ve\\\/site\\\/2018\\\/05\\\/19\\\/enrique-y-meghan-markle-seran-duque-y-duquesa-de-sussex\\\/\"},\"author\":{\"name\":\"Villasmil Henry\",\"@id\":\"https:\\\/\\\/digital58.com.ve\\\/site\\\/#\\\/schema\\\/person\\\/64d1c2e4d0d4fd1b849980c4331c2951\"},\"headline\":\"Enrique y Meghan Markle ser\u00e1n duque y duquesa de Sussex\",\"datePublished\":\"2018-05-19T11:18:15+00:00\",\"dateModified\":\"2018-05-19T13:45:31+00:00\",\"mainEntityOfPage\":{\"@id\":\"https:\\\/\\\/digital58.com.ve\\\/site\\\/2018\\\/05\\\/19\\\/enrique-y-meghan-markle-seran-duque-y-duquesa-de-sussex\\\/\"},\"wordCount\":440,\"commentCount\":0,\"publisher\":{\"@id\":\"https:\\\/\\\/digital58.com.ve\\\/site\\\/#\\\/schema\\\/person\\\/64d1c2e4d0d4fd1b849980c4331c2951\"},\"image\":{\"@id\":\"https:\\\/\\\/digital58.com.ve\\\/site\\\/2018\\\/05\\\/19\\\/enrique-y-meghan-markle-seran-duque-y-duquesa-de-sussex\\\/#primaryimage\"},\"thumbnailUrl\":\"https:\\\/\\\/digital58.com.ve\\\/site\\\/wp-content\\\/uploads\\\/2018\\\/05\\\/bodaHarryandMeghan-9.jpg\",\"keywords\":[\"Boda Enrique y Meghan Markle\",\"Bodas\",\"Bodas Reales\",\"Casa de Windsor\",\"Inglaterra\",\"Internacionales\",\"Monarqu\u00eda Brit\u00e1nica\",\"Reino Unido\",\"Reyes de Gran Breta\u00f1a\",\"Windsor\"],\"articleSection\":[\"Sociales\"],\"inLanguage\":\"es\",\"potentialAction\":[{\"@type\":\"CommentAction\",\"name\":\"Comment\",\"target\":[\"https:\\\/\\\/digital58.com.ve\\\/site\\\/2018\\\/05\\\/19\\\/enrique-y-meghan-markle-seran-duque-y-duquesa-de-sussex\\\/#respond\"]}]},{\"@type\":\"WebPage\",\"@id\":\"https:\\\/\\\/digital58.com.ve\\\/site\\\/2018\\\/05\\\/19\\\/enrique-y-meghan-markle-seran-duque-y-duquesa-de-sussex\\\/\",\"url\":\"https:\\\/\\\/digital58.com.ve\\\/site\\\/2018\\\/05\\\/19\\\/enrique-y-meghan-markle-seran-duque-y-duquesa-de-sussex\\\/\",\"name\":\"Enrique y Meghan Markle ser\u00e1n duque y duquesa de Sussex\",\"isPartOf\":{\"@id\":\"https:\\\/\\\/digital58.com.ve\\\/site\\\/#website\"},\"primaryImageOfPage\":{\"@id\":\"https:\\\/\\\/digital58.com.ve\\\/site\\\/2018\\\/05\\\/19\\\/enrique-y-meghan-markle-seran-duque-y-duquesa-de-sussex\\\/#primaryimage\"},\"image\":{\"@id\":\"https:\\\/\\\/digital58.com.ve\\\/site\\\/2018\\\/05\\\/19\\\/enrique-y-meghan-markle-seran-duque-y-duquesa-de-sussex\\\/#primaryimage\"},\"thumbnailUrl\":\"https:\\\/\\\/digital58.com.ve\\\/site\\\/wp-content\\\/uploads\\\/2018\\\/05\\\/bodaHarryandMeghan-9.jpg\",\"datePublished\":\"2018-05-19T11:18:15+00:00\",\"dateModified\":\"2018-05-19T13:45:31+00:00\",\"breadcrumb\":{\"@id\":\"https:\\\/\\\/digital58.com.ve\\\/site\\\/2018\\\/05\\\/19\\\/enrique-y-meghan-markle-seran-duque-y-duquesa-de-sussex\\\/#breadcrumb\"},\"inLanguage\":\"es\",\"potentialAction\":[{\"@type\":\"ReadAction\",\"target\":[\"https:\\\/\\\/digital58.com.ve\\\/site\\\/2018\\\/05\\\/19\\\/enrique-y-meghan-markle-seran-duque-y-duquesa-de-sussex\\\/\"]}]},{\"@type\":\"ImageObject\",\"inLanguage\":\"es\",\"@id\":\"https:\\\/\\\/digital58.com.ve\\\/site\\\/2018\\\/05\\\/19\\\/enrique-y-meghan-markle-seran-duque-y-duquesa-de-sussex\\\/#primaryimage\",\"url\":\"https:\\\/\\\/digital58.com.ve\\\/site\\\/wp-content\\\/uploads\\\/2018\\\/05\\\/bodaHarryandMeghan-9.jpg\",\"contentUrl\":\"https:\\\/\\\/digital58.com.ve\\\/site\\\/wp-content\\\/uploads\\\/2018\\\/05\\\/bodaHarryandMeghan-9.jpg\",\"width\":793,\"height\":600},{\"@type\":\"BreadcrumbList\",\"@id\":\"https:\\\/\\\/digital58.com.ve\\\/site\\\/2018\\\/05\\\/19\\\/enrique-y-meghan-markle-seran-duque-y-duquesa-de-sussex\\\/#breadcrumb\",\"itemListElement\":[{\"@type\":\"ListItem\",\"position\":1,\"name\":\"Home\",\"item\":\"https:\\\/\\\/digital58.com.ve\\\/site\\\/\"},{\"@type\":\"ListItem\",\"position\":2,\"name\":\"Enrique y Meghan Markle ser\u00e1n duque y duquesa de Sussex\"}]},{\"@type\":\"WebSite\",\"@id\":\"https:\\\/\\\/digital58.com.ve\\\/site\\\/#website\",\"url\":\"https:\\\/\\\/digital58.com.ve\\\/site\\\/\",\"name\":\"Noticias Digital58\",\"description\":\"Portal de Noticias \u00a1Periodismo web de verdad! Lanzamiento web 22.11.2005 \\\/ Maracaibo, Venezuela\",\"publisher\":{\"@id\":\"https:\\\/\\\/digital58.com.ve\\\/site\\\/#\\\/schema\\\/person\\\/64d1c2e4d0d4fd1b849980c4331c2951\"},\"alternateName\":\"ND58\",\"potentialAction\":[{\"@type\":\"SearchAction\",\"target\":{\"@type\":\"EntryPoint\",\"urlTemplate\":\"https:\\\/\\\/digital58.com.ve\\\/site\\\/?s={search_term_string}\"},\"query-input\":{\"@type\":\"PropertyValueSpecification\",\"valueRequired\":true,\"valueName\":\"search_term_string\"}}],\"inLanguage\":\"es\"},{\"@type\":[\"Person\",\"Organization\"],\"@id\":\"https:\\\/\\\/digital58.com.ve\\\/site\\\/#\\\/schema\\\/person\\\/64d1c2e4d0d4fd1b849980c4331c2951\",\"name\":\"Villasmil Henry\",\"image\":{\"@type\":\"ImageObject\",\"inLanguage\":\"es\",\"@id\":\"https:\\\/\\\/secure.gravatar.com\\\/avatar\\\/bb0c4a2fcb7970138239f7e404ea75757b1b507b28b5ce4c53fbd62d797c5a7c?s=96&d=mm&r=g\",\"url\":\"https:\\\/\\\/secure.gravatar.com\\\/avatar\\\/bb0c4a2fcb7970138239f7e404ea75757b1b507b28b5ce4c53fbd62d797c5a7c?s=96&d=mm&r=g\",\"contentUrl\":\"https:\\\/\\\/secure.gravatar.com\\\/avatar\\\/bb0c4a2fcb7970138239f7e404ea75757b1b507b28b5ce4c53fbd62d797c5a7c?s=96&d=mm&r=g\",\"caption\":\"Villasmil Henry\"},\"logo\":{\"@id\":\"https:\\\/\\\/secure.gravatar.com\\\/avatar\\\/bb0c4a2fcb7970138239f7e404ea75757b1b507b28b5ce4c53fbd62d797c5a7c?s=96&d=mm&r=g\"},\"sameAs\":[\"http:\\\/\\\/www.henryvillasmil.com.ve\",\"https:\\\/\\\/www.instagram.com\\\/villasmilhfoto\\\/\",\"https:\\\/\\\/x.com\\\/https:\\\/\\\/twitter.com\\\/villasmilhfoto\"],\"url\":\"https:\\\/\\\/digital58.com.ve\\\/site\\\/author\\\/droopy_68\\\/\"}]}<\/script>\n<!-- \/ Yoast SEO plugin. -->","yoast_head_json":{"title":"Enrique y Meghan Markle ser\u00e1n duque y duquesa de Sussex","robots":{"index":"index","follow":"follow","max-snippet":"max-snippet:-1","max-image-preview":"max-image-preview:large","max-video-preview":"max-video-preview:-1"},"canonical":"https:\/\/digital58.com.ve\/site\/2018\/05\/19\/enrique-y-meghan-markle-seran-duque-y-duquesa-de-sussex\/","og_locale":"es_ES","og_type":"article","og_title":"Enrique y Meghan Markle ser\u00e1n duque y duquesa de Sussex","og_url":"https:\/\/digital58.com.ve\/site\/2018\/05\/19\/enrique-y-meghan-markle-seran-duque-y-duquesa-de-sussex\/","og_site_name":"Noticias Digital58","article_published_time":"2018-05-19T11:18:15+00:00","article_modified_time":"2018-05-19T13:45:31+00:00","og_image":[{"width":1500,"height":1135,"url":"https:\/\/digital58.com.ve\/site\/wp-content\/uploads\/2018\/05\/bodaHarryandMeghan-9.jpg","type":"image\/jpeg"}],"author":"Villasmil Henry","twitter_card":"summary_large_image","twitter_creator":"@https:\/\/twitter.com\/villasmilhfoto","twitter_site":"@villasmilhfoto","twitter_misc":{"Escrito por":"Villasmil Henry","Tiempo estimado de lectura":"2 minutos"},"schema":{"@context":"https:\/\/schema.org","@graph":[{"@type":"Article","@id":"https:\/\/digital58.com.ve\/site\/2018\/05\/19\/enrique-y-meghan-markle-seran-duque-y-duquesa-de-sussex\/#article","isPartOf":{"@id":"https:\/\/digital58.com.ve\/site\/2018\/05\/19\/enrique-y-meghan-markle-seran-duque-y-duquesa-de-sussex\/"},"author":{"name":"Villasmil Henry","@id":"https:\/\/digital58.com.ve\/site\/#\/schema\/person\/64d1c2e4d0d4fd1b849980c4331c2951"},"headline":"Enrique y Meghan Markle ser\u00e1n duque y duquesa de Sussex","datePublished":"2018-05-19T11:18:15+00:00","dateModified":"2018-05-19T13:45:31+00:00","mainEntityOfPage":{"@id":"https:\/\/digital58.com.ve\/site\/2018\/05\/19\/enrique-y-meghan-markle-seran-duque-y-duquesa-de-sussex\/"},"wordCount":440,"commentCount":0,"publisher":{"@id":"https:\/\/digital58.com.ve\/site\/#\/schema\/person\/64d1c2e4d0d4fd1b849980c4331c2951"},"image":{"@id":"https:\/\/digital58.com.ve\/site\/2018\/05\/19\/enrique-y-meghan-markle-seran-duque-y-duquesa-de-sussex\/#primaryimage"},"thumbnailUrl":"https:\/\/digital58.com.ve\/site\/wp-content\/uploads\/2018\/05\/bodaHarryandMeghan-9.jpg","keywords":["Boda Enrique y Meghan Markle","Bodas","Bodas Reales","Casa de Windsor","Inglaterra","Internacionales","Monarqu\u00eda Brit\u00e1nica","Reino Unido","Reyes de Gran Breta\u00f1a","Windsor"],"articleSection":["Sociales"],"inLanguage":"es","potentialAction":[{"@type":"CommentAction","name":"Comment","target":["https:\/\/digital58.com.ve\/site\/2018\/05\/19\/enrique-y-meghan-markle-seran-duque-y-duquesa-de-sussex\/#respond"]}]},{"@type":"WebPage","@id":"https:\/\/digital58.com.ve\/site\/2018\/05\/19\/enrique-y-meghan-markle-seran-duque-y-duquesa-de-sussex\/","url":"https:\/\/digital58.com.ve\/site\/2018\/05\/19\/enrique-y-meghan-markle-seran-duque-y-duquesa-de-sussex\/","name":"Enrique y Meghan Markle ser\u00e1n duque y duquesa de Sussex","isPartOf":{"@id":"https:\/\/digital58.com.ve\/site\/#website"},"primaryImageOfPage":{"@id":"https:\/\/digital58.com.ve\/site\/2018\/05\/19\/enrique-y-meghan-markle-seran-duque-y-duquesa-de-sussex\/#primaryimage"},"image":{"@id":"https:\/\/digital58.com.ve\/site\/2018\/05\/19\/enrique-y-meghan-markle-seran-duque-y-duquesa-de-sussex\/#primaryimage"},"thumbnailUrl":"https:\/\/digital58.com.ve\/site\/wp-content\/uploads\/2018\/05\/bodaHarryandMeghan-9.jpg","datePublished":"2018-05-19T11:18:15+00:00","dateModified":"2018-05-19T13:45:31+00:00","breadcrumb":{"@id":"https:\/\/digital58.com.ve\/site\/2018\/05\/19\/enrique-y-meghan-markle-seran-duque-y-duquesa-de-sussex\/#breadcrumb"},"inLanguage":"es","potentialAction":[{"@type":"ReadAction","target":["https:\/\/digital58.com.ve\/site\/2018\/05\/19\/enrique-y-meghan-markle-seran-duque-y-duquesa-de-sussex\/"]}]},{"@type":"ImageObject","inLanguage":"es","@id":"https:\/\/digital58.com.ve\/site\/2018\/05\/19\/enrique-y-meghan-markle-seran-duque-y-duquesa-de-sussex\/#primaryimage","url":"https:\/\/digital58.com.ve\/site\/wp-content\/uploads\/2018\/05\/bodaHarryandMeghan-9.jpg","contentUrl":"https:\/\/digital58.com.ve\/site\/wp-content\/uploads\/2018\/05\/bodaHarryandMeghan-9.jpg","width":793,"height":600},{"@type":"BreadcrumbList","@id":"https:\/\/digital58.com.ve\/site\/2018\/05\/19\/enrique-y-meghan-markle-seran-duque-y-duquesa-de-sussex\/#breadcrumb","itemListElement":[{"@type":"ListItem","position":1,"name":"Home","item":"https:\/\/digital58.com.ve\/site\/"},{"@type":"ListItem","position":2,"name":"Enrique y Meghan Markle ser\u00e1n duque y duquesa de Sussex"}]},{"@type":"WebSite","@id":"https:\/\/digital58.com.ve\/site\/#website","url":"https:\/\/digital58.com.ve\/site\/","name":"Noticias Digital58","description":"Portal de Noticias \u00a1Periodismo web de verdad! Lanzamiento web 22.11.2005 \/ Maracaibo, Venezuela","publisher":{"@id":"https:\/\/digital58.com.ve\/site\/#\/schema\/person\/64d1c2e4d0d4fd1b849980c4331c2951"},"alternateName":"ND58","potentialAction":[{"@type":"SearchAction","target":{"@type":"EntryPoint","urlTemplate":"https:\/\/digital58.com.ve\/site\/?s={search_term_string}"},"query-input":{"@type":"PropertyValueSpecification","valueRequired":true,"valueName":"search_term_string"}}],"inLanguage":"es"},{"@type":["Person","Organization"],"@id":"https:\/\/digital58.com.ve\/site\/#\/schema\/person\/64d1c2e4d0d4fd1b849980c4331c2951","name":"Villasmil Henry","image":{"@type":"ImageObject","inLanguage":"es","@id":"https:\/\/secure.gravatar.com\/avatar\/bb0c4a2fcb7970138239f7e404ea75757b1b507b28b5ce4c53fbd62d797c5a7c?s=96&d=mm&r=g","url":"https:\/\/secure.gravatar.com\/avatar\/bb0c4a2fcb7970138239f7e404ea75757b1b507b28b5ce4c53fbd62d797c5a7c?s=96&d=mm&r=g","contentUrl":"https:\/\/secure.gravatar.com\/avatar\/bb0c4a2fcb7970138239f7e404ea75757b1b507b28b5ce4c53fbd62d797c5a7c?s=96&d=mm&r=g","caption":"Villasmil Henry"},"logo":{"@id":"https:\/\/secure.gravatar.com\/avatar\/bb0c4a2fcb7970138239f7e404ea75757b1b507b28b5ce4c53fbd62d797c5a7c?s=96&d=mm&r=g"},"sameAs":["http:\/\/www.henryvillasmil.com.ve","https:\/\/www.instagram.com\/villasmilhfoto\/","https:\/\/x.com\/https:\/\/twitter.com\/villasmilhfoto"],"url":"https:\/\/digital58.com.ve\/site\/author\/droopy_68\/"}]}},"uagb_featured_image_src":{"full":["https:\/\/digital58.com.ve\/site\/wp-content\/uploads\/2018\/05\/bodaHarryandMeghan-9.jpg",793,600,false],"thumbnail":["https:\/\/digital58.com.ve\/site\/wp-content\/uploads\/2018\/05\/bodaHarryandMeghan-9-150x150.jpg",150,150,true],"medium":["https:\/\/digital58.com.ve\/site\/wp-content\/uploads\/2018\/05\/bodaHarryandMeghan-9-300x227.jpg",300,227,true],"medium_large":["https:\/\/digital58.com.ve\/site\/wp-content\/uploads\/2018\/05\/bodaHarryandMeghan-9-768x581.jpg",768,581,true],"large":["https:\/\/digital58.com.ve\/site\/wp-content\/uploads\/2018\/05\/bodaHarryandMeghan-9-1353x1024.jpg",800,605,true],"1536x1536":["https:\/\/digital58.com.ve\/site\/wp-content\/uploads\/2018\/05\/bodaHarryandMeghan-9.jpg",793,600,false],"2048x2048":["https:\/\/digital58.com.ve\/site\/wp-content\/uploads\/2018\/05\/bodaHarryandMeghan-9.jpg",793,600,false],"colormag-highlighted-post":["https:\/\/digital58.com.ve\/site\/wp-content\/uploads\/2018\/05\/bodaHarryandMeghan-9.jpg",359,272,false],"colormag-featured-post-medium":["https:\/\/digital58.com.ve\/site\/wp-content\/uploads\/2018\/05\/bodaHarryandMeghan-9.jpg",271,205,false],"colormag-featured-post-small":["https:\/\/digital58.com.ve\/site\/wp-content\/uploads\/2018\/05\/bodaHarryandMeghan-9.jpg",119,90,false],"colormag-featured-image":["https:\/\/digital58.com.ve\/site\/wp-content\/uploads\/2018\/05\/bodaHarryandMeghan-9.jpg",588,445,false],"colormag-default-news":["https:\/\/digital58.com.ve\/site\/wp-content\/uploads\/2018\/05\/bodaHarryandMeghan-9.jpg",150,113,false],"colormag-featured-image-large":["https:\/\/digital58.com.ve\/site\/wp-content\/uploads\/2018\/05\/bodaHarryandMeghan-9.jpg",793,600,false]},"uagb_author_info":{"display_name":"Villasmil Henry","author_link":"https:\/\/digital58.com.ve\/site\/author\/droopy_68\/"},"uagb_comment_info":0,"uagb_excerpt":"La reina Isabel II de Inglaterra nombr\u00f3 este s\u00e1bado duque de Sussex a su nieto Enrique, pocas horas antes de","_links":{"self":[{"href":"https:\/\/digital58.com.ve\/site\/wp-json\/wp\/v2\/posts\/79038","targetHints":{"allow":["GET"]}}],"collection":[{"href":"https:\/\/digital58.com.ve\/site\/wp-json\/wp\/v2\/posts"}],"about":[{"href":"https:\/\/digital58.com.ve\/site\/wp-json\/wp\/v2\/types\/post"}],"author":[{"embeddable":true,"href":"https:\/\/digital58.com.ve\/site\/wp-json\/wp\/v2\/users\/1"}],"replies":[{"embeddable":true,"href":"https:\/\/digital58.com.ve\/site\/wp-json\/wp\/v2\/comments?post=79038"}],"version-history":[{"count":0,"href":"https:\/\/digital58.com.ve\/site\/wp-json\/wp\/v2\/posts\/79038\/revisions"}],"wp:featuredmedia":[{"embeddable":true,"href":"https:\/\/digital58.com.ve\/site\/wp-json\/wp\/v2\/media\/79039"}],"wp:attachment":[{"href":"https:\/\/digital58.com.ve\/site\/wp-json\/wp\/v2\/media?parent=79038"}],"wp:term":[{"taxonomy":"category","embeddable":true,"href":"https:\/\/digital58.com.ve\/site\/wp-json\/wp\/v2\/categories?post=79038"},{"taxonomy":"post_tag","embeddable":true,"href":"https:\/\/digital58.com.ve\/site\/wp-json\/wp\/v2\/tags?post=79038"}],"curies":[{"name":"wp","href":"https:\/\/api.w.org\/{rel}","templated":true}]}}