{"id":79162,"date":"2018-05-20T20:12:00","date_gmt":"2018-05-21T00:12:00","guid":{"rendered":"http:\/\/digital58.com.ve\/site\/?p=79162"},"modified":"2018-05-20T20:12:00","modified_gmt":"2018-05-21T00:12:00","slug":"venezolanos-en-colombia-salen-a-las-calles-para-rechazar-comicios-de-su-pais","status":"publish","type":"post","link":"https:\/\/digital58.com.ve\/site\/2018\/05\/20\/venezolanos-en-colombia-salen-a-las-calles-para-rechazar-comicios-de-su-pais\/","title":{"rendered":"Venezolanos en Colombia salen a las calles para rechazar comicios de su pa\u00eds"},"content":{"rendered":"<p><a href=\"http:\/\/digital58.com.ve\/site\/wp-content\/uploads\/2018\/05\/vznocolombia.jpg\"><img loading=\"lazy\" decoding=\"async\" class=\"aligncenter size-large wp-image-79164\" src=\"http:\/\/digital58.com.ve\/site\/wp-content\/uploads\/2018\/05\/vznocolombia-1500x894.jpg\" alt=\"\" width=\"640\" height=\"381\" srcset=\"https:\/\/digital58.com.ve\/site\/wp-content\/uploads\/2018\/05\/vznocolombia-1500x894.jpg 1500w, https:\/\/digital58.com.ve\/site\/wp-content\/uploads\/2018\/05\/vznocolombia-300x179.jpg 300w, https:\/\/digital58.com.ve\/site\/wp-content\/uploads\/2018\/05\/vznocolombia-768x458.jpg 768w, https:\/\/digital58.com.ve\/site\/wp-content\/uploads\/2018\/05\/vznocolombia.jpg 800w\" sizes=\"auto, (max-width: 640px) 100vw, 640px\" \/><\/a><\/p>\n<p>Centenares de venezolanos se manifestaron hoy en varias ciudades colombianas para rechazar las elecciones presidenciales de su pa\u00eds, que consideran \u00abfraudulentas\u00bb, y para solicitar acciones m\u00e1s contundentes de los organismos internacionales.<\/p>\n<p><strong>Medell\u00edn, Colombia, 20 de mayo de 2018 (Noticias D58).-<\/strong> En los comicios venezolanos, en los que se prev\u00e9 que sea reelegido el presidente Nicol\u00e1s Maduro para que gobierne hasta el 2025, tambi\u00e9n participan el ex gobernador del estado Lara Henri Falc\u00f3n, el ex pastor evang\u00e9lico Javier Bertucci, y el ingeniero Reinaldo Quijada, pero no el grueso de la oposici\u00f3n.<\/p>\n<p>Una de las manifestaciones m\u00e1s numerosas se realiz\u00f3 en Medell\u00edn, donde m\u00e1s de 300 venezolanos se concentraron en el Parque de las Luces bajo la consigna de \u00abMaduro es un fraude\u00bb y para expresar que desconocen las votaciones, que creen son una \u00abfarsa electoral\u00bb.<\/p>\n<p>Aferrados a una bandera de unos 70 metros, los venezolanos clamaron por libertad para su pa\u00eds, entonaron el himno nacional y repitieron una y otra vez arengas contra Maduro.<\/p>\n<p>\u00abNos concentramos para rechazar el fraude electoral que se est\u00e1 llevando a cabo en Venezuela, que busca legitimar de manera arbitraria la dictadura de Nicol\u00e1s Maduro. Tenemos que aportar desde afuera nuestro granito de arena\u00bb, dijo a Efe el vicepresidente de Colonia Venezolana en Colombia (Colvenz), Toni Vitola.<\/p>\n<p>Precis\u00f3 que con las movilizaciones en diez ciudades, entre ellas Cali, Cartagena, C\u00facuta y Bogot\u00e1, piden justicia para Venezuela y que otras naciones no reconozcan los resultados de las votaciones.<\/p>\n<p>\u00abLos venezolanos en el exterior entendemos que la lucha tambi\u00e9n se tiene que dar desde afuera porque hoy Venezuela depende m\u00e1s de la presi\u00f3n internacional\u00bb, expres\u00f3 Vitola<\/p>\n<p>Se\u00f1al\u00f3 adem\u00e1s que estos comicios pueden llegar a ser un \u00abpunto inflexi\u00f3n\u00bb tras conocerse los resultados si los organismos internacionales toman acciones \u00abmucho m\u00e1s contundentes\u00bb para marcar el fin de esta era.<\/p>\n<p>En Cali, los ciudadanos se concentraron frente a la Iglesia La Ermita para un plant\u00f3n que fue avivado por un grito continuo de libertad y carteles con mensajes como \u00abONU y OEA, \u00bfcu\u00e1ndo van a actuar?\u00bb.<\/p>\n<p>All\u00ed se reunieron cerca de 50 personas que no dudaron en llevar prendas alusivas a su pa\u00eds como la camiseta de la selecci\u00f3n de f\u00fatbol y gorras que llevan estampadas la bandera de Venezuela.<\/p>\n<p>Por su parte, venezolanos refugiados en Cartagena de Indias firmaron un documento que ser\u00e1 entregado a representaciones diplom\u00e1ticas como protesta contra el gobierno del presidente Maduro y las elecciones en su pa\u00eds.<\/p>\n<p>Seg\u00fan Vitola, la agudizaci\u00f3n de la crisis hace que Colombia ingresen actualmente venezolanos cada vez \u00abm\u00e1s desprotegidos y mucho m\u00e1s vulnerables\u00bb.<\/p>\n<p>\u00abLa mayor\u00eda est\u00e1 entrando sin pasaporte, y eso los lleva a trabajar de manera informal y a no tener seguridad social\u00bb, detall\u00f3.<\/p>\n<p>En el primer mes del Registro Administrativo de Migrantes Venezolanos (RAMV) de Colombia, un censo que comenz\u00f3 el pasado 6 de abril y se extender\u00e1 hasta junio pr\u00f3ximo, se registraron 203.989 personas, entre las que hay 48.164 menores de edad y 17.255 que pertenecen a grupos ind\u00edgenas, raizales, gitanos y afrodescendientes, entre otros.<\/p>\n<p><strong>Redacci\u00f3n con fuente: EFE<\/strong><br \/>\n<strong>Edici\u00f3n: Villasmil, Henry<\/strong><br \/>\n<strong>Gr\u00e1ficas: EFE<\/strong><\/p><div class=\"hdzvq69f403d836176\" ><p style=\"text-align: center;\"><a href=\"https:\/\/t.me\/noticiasdigital58\" target=\"_blank\" rel=\"noopener\"><img class=\"aligncenter size-full wp-image-125363\" src=\"https:\/\/digital58.com.ve\/site\/wp-content\/uploads\/2021\/04\/banner-telegram-web-2021.png\" alt=\"\" width=\"600\" height=\"90\" \/><\/a><\/p><\/div><style type=\"text\/css\">\r\n@media screen and (min-width: 1201px) {\r\n.hdzvq69f403d836176 {\r\ndisplay: block;\r\n}\r\n}\r\n@media screen and (min-width: 993px) and (max-width: 1200px) {\r\n.hdzvq69f403d836176 {\r\ndisplay: block;\r\n}\r\n}\r\n@media screen and (min-width: 769px) and (max-width: 992px) {\r\n.hdzvq69f403d836176 {\r\ndisplay: block;\r\n}\r\n}\r\n@media screen and (min-width: 768px) and (max-width: 768px) {\r\n.hdzvq69f403d836176 {\r\ndisplay: block;\r\n}\r\n}\r\n@media screen and (max-width: 767px) {\r\n.hdzvq69f403d836176 {\r\ndisplay: block;\r\n}\r\n}\r\n<\/style>\r\n\n<p><a href=\"http:\/\/digital58.com.ve\/site\/wp-content\/uploads\/2018\/05\/vznocolombia.jpg\"><img loading=\"lazy\" decoding=\"async\" class=\"aligncenter size-large wp-image-79164\" src=\"http:\/\/digital58.com.ve\/site\/wp-content\/uploads\/2018\/05\/vznocolombia-1500x894.jpg\" alt=\"\" width=\"640\" height=\"381\" srcset=\"https:\/\/digital58.com.ve\/site\/wp-content\/uploads\/2018\/05\/vznocolombia-1500x894.jpg 1500w, https:\/\/digital58.com.ve\/site\/wp-content\/uploads\/2018\/05\/vznocolombia-300x179.jpg 300w, https:\/\/digital58.com.ve\/site\/wp-content\/uploads\/2018\/05\/vznocolombia-768x458.jpg 768w, https:\/\/digital58.com.ve\/site\/wp-content\/uploads\/2018\/05\/vznocolombia.jpg 800w\" sizes=\"auto, (max-width: 640px) 100vw, 640px\" \/><\/a><\/p>\n<div style=\"margin-top: 0px; margin-bottom: 0px;\" class=\"sharethis-inline-share-buttons\" ><\/div>","protected":false},"excerpt":{"rendered":"<p>Centenares de venezolanos se manifestaron hoy en varias ciudades colombianas para rechazar las elecciones presidenciales de su pa\u00eds, que consideran<\/p>\n","protected":false},"author":1,"featured_media":79163,"comment_status":"open","ping_status":"closed","sticky":false,"template":"","format":"standard","meta":{"colormag_page_container_layout":"default_layout","colormag_page_sidebar_layout":"default_layout","_uag_custom_page_level_css":"","footnotes":""},"categories":[8610],"tags":[2710,11029,11013,233,4296,10987,135,32],"class_list":["post-79162","post","type-post","status-publish","format-standard","has-post-thumbnail","hentry","category-politica","tag-elecciones","tag-elecciones-2018","tag-elecciones-presidenciales","tag-nacionales","tag-protestas","tag-venezolanos-en-colombia","tag-venezolanos-en-el-exterior","tag-venezuela"],"yoast_head":"<!-- This site is optimized with the Yoast SEO plugin v27.5 - https:\/\/yoast.com\/product\/yoast-seo-wordpress\/ -->\n<title>Venezolanos en Colombia salen a las calles para rechazar comicios de su pa\u00eds<\/title>\n<meta name=\"robots\" content=\"index, follow, max-snippet:-1, max-image-preview:large, max-video-preview:-1\" \/>\n<link rel=\"canonical\" href=\"https:\/\/digital58.com.ve\/site\/2018\/05\/20\/venezolanos-en-colombia-salen-a-las-calles-para-rechazar-comicios-de-su-pais\/\" \/>\n<meta property=\"og:locale\" content=\"es_ES\" \/>\n<meta property=\"og:type\" content=\"article\" \/>\n<meta property=\"og:title\" content=\"Venezolanos en Colombia salen a las calles para rechazar comicios de su pa\u00eds\" \/>\n<meta property=\"og:url\" content=\"https:\/\/digital58.com.ve\/site\/2018\/05\/20\/venezolanos-en-colombia-salen-a-las-calles-para-rechazar-comicios-de-su-pais\/\" \/>\n<meta property=\"og:site_name\" content=\"Noticias Digital58\" \/>\n<meta property=\"article:published_time\" content=\"2018-05-21T00:12:00+00:00\" \/>\n<meta property=\"og:image\" content=\"https:\/\/digital58.com.ve\/site\/wp-content\/uploads\/2018\/05\/vznocolombia2.jpg\" \/>\n\t<meta property=\"og:image:width\" content=\"1500\" \/>\n\t<meta property=\"og:image:height\" content=\"768\" \/>\n\t<meta property=\"og:image:type\" content=\"image\/jpeg\" \/>\n<meta name=\"author\" content=\"Villasmil Henry\" \/>\n<meta name=\"twitter:card\" content=\"summary_large_image\" \/>\n<meta name=\"twitter:creator\" content=\"@https:\/\/twitter.com\/villasmilhfoto\" \/>\n<meta name=\"twitter:site\" content=\"@villasmilhfoto\" \/>\n<meta name=\"twitter:label1\" content=\"Escrito por\" \/>\n\t<meta name=\"twitter:data1\" content=\"Villasmil Henry\" \/>\n\t<meta name=\"twitter:label2\" content=\"Tiempo estimado de lectura\" \/>\n\t<meta name=\"twitter:data2\" content=\"3 minutos\" \/>\n<script type=\"application\/ld+json\" class=\"yoast-schema-graph\">{\"@context\":\"https:\\\/\\\/schema.org\",\"@graph\":[{\"@type\":\"Article\",\"@id\":\"https:\\\/\\\/digital58.com.ve\\\/site\\\/2018\\\/05\\\/20\\\/venezolanos-en-colombia-salen-a-las-calles-para-rechazar-comicios-de-su-pais\\\/#article\",\"isPartOf\":{\"@id\":\"https:\\\/\\\/digital58.com.ve\\\/site\\\/2018\\\/05\\\/20\\\/venezolanos-en-colombia-salen-a-las-calles-para-rechazar-comicios-de-su-pais\\\/\"},\"author\":{\"name\":\"Villasmil Henry\",\"@id\":\"https:\\\/\\\/digital58.com.ve\\\/site\\\/#\\\/schema\\\/person\\\/64d1c2e4d0d4fd1b849980c4331c2951\"},\"headline\":\"Venezolanos en Colombia salen a las calles para rechazar comicios de su pa\u00eds\",\"datePublished\":\"2018-05-21T00:12:00+00:00\",\"mainEntityOfPage\":{\"@id\":\"https:\\\/\\\/digital58.com.ve\\\/site\\\/2018\\\/05\\\/20\\\/venezolanos-en-colombia-salen-a-las-calles-para-rechazar-comicios-de-su-pais\\\/\"},\"wordCount\":550,\"commentCount\":0,\"publisher\":{\"@id\":\"https:\\\/\\\/digital58.com.ve\\\/site\\\/#\\\/schema\\\/person\\\/64d1c2e4d0d4fd1b849980c4331c2951\"},\"image\":{\"@id\":\"https:\\\/\\\/digital58.com.ve\\\/site\\\/2018\\\/05\\\/20\\\/venezolanos-en-colombia-salen-a-las-calles-para-rechazar-comicios-de-su-pais\\\/#primaryimage\"},\"thumbnailUrl\":\"https:\\\/\\\/digital58.com.ve\\\/site\\\/wp-content\\\/uploads\\\/2018\\\/05\\\/vznocolombia2.jpg\",\"keywords\":[\"Elecciones\",\"Elecciones 2018\",\"Elecciones Presidenciales\",\"Nacionales\",\"Protestas\",\"Venezolanos en Colombia\",\"Venezolanos en el exterior\",\"Venezuela\"],\"articleSection\":[\"Pol\u00edtica\"],\"inLanguage\":\"es\",\"potentialAction\":[{\"@type\":\"CommentAction\",\"name\":\"Comment\",\"target\":[\"https:\\\/\\\/digital58.com.ve\\\/site\\\/2018\\\/05\\\/20\\\/venezolanos-en-colombia-salen-a-las-calles-para-rechazar-comicios-de-su-pais\\\/#respond\"]}]},{\"@type\":\"WebPage\",\"@id\":\"https:\\\/\\\/digital58.com.ve\\\/site\\\/2018\\\/05\\\/20\\\/venezolanos-en-colombia-salen-a-las-calles-para-rechazar-comicios-de-su-pais\\\/\",\"url\":\"https:\\\/\\\/digital58.com.ve\\\/site\\\/2018\\\/05\\\/20\\\/venezolanos-en-colombia-salen-a-las-calles-para-rechazar-comicios-de-su-pais\\\/\",\"name\":\"Venezolanos en Colombia salen a las calles para rechazar comicios de su pa\u00eds\",\"isPartOf\":{\"@id\":\"https:\\\/\\\/digital58.com.ve\\\/site\\\/#website\"},\"primaryImageOfPage\":{\"@id\":\"https:\\\/\\\/digital58.com.ve\\\/site\\\/2018\\\/05\\\/20\\\/venezolanos-en-colombia-salen-a-las-calles-para-rechazar-comicios-de-su-pais\\\/#primaryimage\"},\"image\":{\"@id\":\"https:\\\/\\\/digital58.com.ve\\\/site\\\/2018\\\/05\\\/20\\\/venezolanos-en-colombia-salen-a-las-calles-para-rechazar-comicios-de-su-pais\\\/#primaryimage\"},\"thumbnailUrl\":\"https:\\\/\\\/digital58.com.ve\\\/site\\\/wp-content\\\/uploads\\\/2018\\\/05\\\/vznocolombia2.jpg\",\"datePublished\":\"2018-05-21T00:12:00+00:00\",\"breadcrumb\":{\"@id\":\"https:\\\/\\\/digital58.com.ve\\\/site\\\/2018\\\/05\\\/20\\\/venezolanos-en-colombia-salen-a-las-calles-para-rechazar-comicios-de-su-pais\\\/#breadcrumb\"},\"inLanguage\":\"es\",\"potentialAction\":[{\"@type\":\"ReadAction\",\"target\":[\"https:\\\/\\\/digital58.com.ve\\\/site\\\/2018\\\/05\\\/20\\\/venezolanos-en-colombia-salen-a-las-calles-para-rechazar-comicios-de-su-pais\\\/\"]}]},{\"@type\":\"ImageObject\",\"inLanguage\":\"es\",\"@id\":\"https:\\\/\\\/digital58.com.ve\\\/site\\\/2018\\\/05\\\/20\\\/venezolanos-en-colombia-salen-a-las-calles-para-rechazar-comicios-de-su-pais\\\/#primaryimage\",\"url\":\"https:\\\/\\\/digital58.com.ve\\\/site\\\/wp-content\\\/uploads\\\/2018\\\/05\\\/vznocolombia2.jpg\",\"contentUrl\":\"https:\\\/\\\/digital58.com.ve\\\/site\\\/wp-content\\\/uploads\\\/2018\\\/05\\\/vznocolombia2.jpg\",\"width\":800,\"height\":410},{\"@type\":\"BreadcrumbList\",\"@id\":\"https:\\\/\\\/digital58.com.ve\\\/site\\\/2018\\\/05\\\/20\\\/venezolanos-en-colombia-salen-a-las-calles-para-rechazar-comicios-de-su-pais\\\/#breadcrumb\",\"itemListElement\":[{\"@type\":\"ListItem\",\"position\":1,\"name\":\"Home\",\"item\":\"https:\\\/\\\/digital58.com.ve\\\/site\\\/\"},{\"@type\":\"ListItem\",\"position\":2,\"name\":\"Venezolanos en Colombia salen a las calles para rechazar comicios de su pa\u00eds\"}]},{\"@type\":\"WebSite\",\"@id\":\"https:\\\/\\\/digital58.com.ve\\\/site\\\/#website\",\"url\":\"https:\\\/\\\/digital58.com.ve\\\/site\\\/\",\"name\":\"Noticias Digital58\",\"description\":\"Portal de Noticias \u00a1Periodismo web de verdad! Lanzamiento web 22.11.2005 \\\/ Maracaibo, Venezuela\",\"publisher\":{\"@id\":\"https:\\\/\\\/digital58.com.ve\\\/site\\\/#\\\/schema\\\/person\\\/64d1c2e4d0d4fd1b849980c4331c2951\"},\"alternateName\":\"ND58\",\"potentialAction\":[{\"@type\":\"SearchAction\",\"target\":{\"@type\":\"EntryPoint\",\"urlTemplate\":\"https:\\\/\\\/digital58.com.ve\\\/site\\\/?s={search_term_string}\"},\"query-input\":{\"@type\":\"PropertyValueSpecification\",\"valueRequired\":true,\"valueName\":\"search_term_string\"}}],\"inLanguage\":\"es\"},{\"@type\":[\"Person\",\"Organization\"],\"@id\":\"https:\\\/\\\/digital58.com.ve\\\/site\\\/#\\\/schema\\\/person\\\/64d1c2e4d0d4fd1b849980c4331c2951\",\"name\":\"Villasmil Henry\",\"image\":{\"@type\":\"ImageObject\",\"inLanguage\":\"es\",\"@id\":\"https:\\\/\\\/secure.gravatar.com\\\/avatar\\\/bb0c4a2fcb7970138239f7e404ea75757b1b507b28b5ce4c53fbd62d797c5a7c?s=96&d=mm&r=g\",\"url\":\"https:\\\/\\\/secure.gravatar.com\\\/avatar\\\/bb0c4a2fcb7970138239f7e404ea75757b1b507b28b5ce4c53fbd62d797c5a7c?s=96&d=mm&r=g\",\"contentUrl\":\"https:\\\/\\\/secure.gravatar.com\\\/avatar\\\/bb0c4a2fcb7970138239f7e404ea75757b1b507b28b5ce4c53fbd62d797c5a7c?s=96&d=mm&r=g\",\"caption\":\"Villasmil Henry\"},\"logo\":{\"@id\":\"https:\\\/\\\/secure.gravatar.com\\\/avatar\\\/bb0c4a2fcb7970138239f7e404ea75757b1b507b28b5ce4c53fbd62d797c5a7c?s=96&d=mm&r=g\"},\"sameAs\":[\"http:\\\/\\\/www.henryvillasmil.com.ve\",\"https:\\\/\\\/www.instagram.com\\\/villasmilhfoto\\\/\",\"https:\\\/\\\/x.com\\\/https:\\\/\\\/twitter.com\\\/villasmilhfoto\"],\"url\":\"https:\\\/\\\/digital58.com.ve\\\/site\\\/author\\\/droopy_68\\\/\"}]}<\/script>\n<!-- \/ Yoast SEO plugin. -->","yoast_head_json":{"title":"Venezolanos en Colombia salen a las calles para rechazar comicios de su pa\u00eds","robots":{"index":"index","follow":"follow","max-snippet":"max-snippet:-1","max-image-preview":"max-image-preview:large","max-video-preview":"max-video-preview:-1"},"canonical":"https:\/\/digital58.com.ve\/site\/2018\/05\/20\/venezolanos-en-colombia-salen-a-las-calles-para-rechazar-comicios-de-su-pais\/","og_locale":"es_ES","og_type":"article","og_title":"Venezolanos en Colombia salen a las calles para rechazar comicios de su pa\u00eds","og_url":"https:\/\/digital58.com.ve\/site\/2018\/05\/20\/venezolanos-en-colombia-salen-a-las-calles-para-rechazar-comicios-de-su-pais\/","og_site_name":"Noticias Digital58","article_published_time":"2018-05-21T00:12:00+00:00","og_image":[{"width":1500,"height":768,"url":"https:\/\/digital58.com.ve\/site\/wp-content\/uploads\/2018\/05\/vznocolombia2.jpg","type":"image\/jpeg"}],"author":"Villasmil Henry","twitter_card":"summary_large_image","twitter_creator":"@https:\/\/twitter.com\/villasmilhfoto","twitter_site":"@villasmilhfoto","twitter_misc":{"Escrito por":"Villasmil Henry","Tiempo estimado de lectura":"3 minutos"},"schema":{"@context":"https:\/\/schema.org","@graph":[{"@type":"Article","@id":"https:\/\/digital58.com.ve\/site\/2018\/05\/20\/venezolanos-en-colombia-salen-a-las-calles-para-rechazar-comicios-de-su-pais\/#article","isPartOf":{"@id":"https:\/\/digital58.com.ve\/site\/2018\/05\/20\/venezolanos-en-colombia-salen-a-las-calles-para-rechazar-comicios-de-su-pais\/"},"author":{"name":"Villasmil Henry","@id":"https:\/\/digital58.com.ve\/site\/#\/schema\/person\/64d1c2e4d0d4fd1b849980c4331c2951"},"headline":"Venezolanos en Colombia salen a las calles para rechazar comicios de su pa\u00eds","datePublished":"2018-05-21T00:12:00+00:00","mainEntityOfPage":{"@id":"https:\/\/digital58.com.ve\/site\/2018\/05\/20\/venezolanos-en-colombia-salen-a-las-calles-para-rechazar-comicios-de-su-pais\/"},"wordCount":550,"commentCount":0,"publisher":{"@id":"https:\/\/digital58.com.ve\/site\/#\/schema\/person\/64d1c2e4d0d4fd1b849980c4331c2951"},"image":{"@id":"https:\/\/digital58.com.ve\/site\/2018\/05\/20\/venezolanos-en-colombia-salen-a-las-calles-para-rechazar-comicios-de-su-pais\/#primaryimage"},"thumbnailUrl":"https:\/\/digital58.com.ve\/site\/wp-content\/uploads\/2018\/05\/vznocolombia2.jpg","keywords":["Elecciones","Elecciones 2018","Elecciones Presidenciales","Nacionales","Protestas","Venezolanos en Colombia","Venezolanos en el exterior","Venezuela"],"articleSection":["Pol\u00edtica"],"inLanguage":"es","potentialAction":[{"@type":"CommentAction","name":"Comment","target":["https:\/\/digital58.com.ve\/site\/2018\/05\/20\/venezolanos-en-colombia-salen-a-las-calles-para-rechazar-comicios-de-su-pais\/#respond"]}]},{"@type":"WebPage","@id":"https:\/\/digital58.com.ve\/site\/2018\/05\/20\/venezolanos-en-colombia-salen-a-las-calles-para-rechazar-comicios-de-su-pais\/","url":"https:\/\/digital58.com.ve\/site\/2018\/05\/20\/venezolanos-en-colombia-salen-a-las-calles-para-rechazar-comicios-de-su-pais\/","name":"Venezolanos en Colombia salen a las calles para rechazar comicios de su pa\u00eds","isPartOf":{"@id":"https:\/\/digital58.com.ve\/site\/#website"},"primaryImageOfPage":{"@id":"https:\/\/digital58.com.ve\/site\/2018\/05\/20\/venezolanos-en-colombia-salen-a-las-calles-para-rechazar-comicios-de-su-pais\/#primaryimage"},"image":{"@id":"https:\/\/digital58.com.ve\/site\/2018\/05\/20\/venezolanos-en-colombia-salen-a-las-calles-para-rechazar-comicios-de-su-pais\/#primaryimage"},"thumbnailUrl":"https:\/\/digital58.com.ve\/site\/wp-content\/uploads\/2018\/05\/vznocolombia2.jpg","datePublished":"2018-05-21T00:12:00+00:00","breadcrumb":{"@id":"https:\/\/digital58.com.ve\/site\/2018\/05\/20\/venezolanos-en-colombia-salen-a-las-calles-para-rechazar-comicios-de-su-pais\/#breadcrumb"},"inLanguage":"es","potentialAction":[{"@type":"ReadAction","target":["https:\/\/digital58.com.ve\/site\/2018\/05\/20\/venezolanos-en-colombia-salen-a-las-calles-para-rechazar-comicios-de-su-pais\/"]}]},{"@type":"ImageObject","inLanguage":"es","@id":"https:\/\/digital58.com.ve\/site\/2018\/05\/20\/venezolanos-en-colombia-salen-a-las-calles-para-rechazar-comicios-de-su-pais\/#primaryimage","url":"https:\/\/digital58.com.ve\/site\/wp-content\/uploads\/2018\/05\/vznocolombia2.jpg","contentUrl":"https:\/\/digital58.com.ve\/site\/wp-content\/uploads\/2018\/05\/vznocolombia2.jpg","width":800,"height":410},{"@type":"BreadcrumbList","@id":"https:\/\/digital58.com.ve\/site\/2018\/05\/20\/venezolanos-en-colombia-salen-a-las-calles-para-rechazar-comicios-de-su-pais\/#breadcrumb","itemListElement":[{"@type":"ListItem","position":1,"name":"Home","item":"https:\/\/digital58.com.ve\/site\/"},{"@type":"ListItem","position":2,"name":"Venezolanos en Colombia salen a las calles para rechazar comicios de su pa\u00eds"}]},{"@type":"WebSite","@id":"https:\/\/digital58.com.ve\/site\/#website","url":"https:\/\/digital58.com.ve\/site\/","name":"Noticias Digital58","description":"Portal de Noticias \u00a1Periodismo web de verdad! Lanzamiento web 22.11.2005 \/ Maracaibo, Venezuela","publisher":{"@id":"https:\/\/digital58.com.ve\/site\/#\/schema\/person\/64d1c2e4d0d4fd1b849980c4331c2951"},"alternateName":"ND58","potentialAction":[{"@type":"SearchAction","target":{"@type":"EntryPoint","urlTemplate":"https:\/\/digital58.com.ve\/site\/?s={search_term_string}"},"query-input":{"@type":"PropertyValueSpecification","valueRequired":true,"valueName":"search_term_string"}}],"inLanguage":"es"},{"@type":["Person","Organization"],"@id":"https:\/\/digital58.com.ve\/site\/#\/schema\/person\/64d1c2e4d0d4fd1b849980c4331c2951","name":"Villasmil Henry","image":{"@type":"ImageObject","inLanguage":"es","@id":"https:\/\/secure.gravatar.com\/avatar\/bb0c4a2fcb7970138239f7e404ea75757b1b507b28b5ce4c53fbd62d797c5a7c?s=96&d=mm&r=g","url":"https:\/\/secure.gravatar.com\/avatar\/bb0c4a2fcb7970138239f7e404ea75757b1b507b28b5ce4c53fbd62d797c5a7c?s=96&d=mm&r=g","contentUrl":"https:\/\/secure.gravatar.com\/avatar\/bb0c4a2fcb7970138239f7e404ea75757b1b507b28b5ce4c53fbd62d797c5a7c?s=96&d=mm&r=g","caption":"Villasmil Henry"},"logo":{"@id":"https:\/\/secure.gravatar.com\/avatar\/bb0c4a2fcb7970138239f7e404ea75757b1b507b28b5ce4c53fbd62d797c5a7c?s=96&d=mm&r=g"},"sameAs":["http:\/\/www.henryvillasmil.com.ve","https:\/\/www.instagram.com\/villasmilhfoto\/","https:\/\/x.com\/https:\/\/twitter.com\/villasmilhfoto"],"url":"https:\/\/digital58.com.ve\/site\/author\/droopy_68\/"}]}},"uagb_featured_image_src":{"full":["https:\/\/digital58.com.ve\/site\/wp-content\/uploads\/2018\/05\/vznocolombia2.jpg",800,410,false],"thumbnail":["https:\/\/digital58.com.ve\/site\/wp-content\/uploads\/2018\/05\/vznocolombia2-150x150.jpg",150,150,true],"medium":["https:\/\/digital58.com.ve\/site\/wp-content\/uploads\/2018\/05\/vznocolombia2-300x154.jpg",300,154,true],"medium_large":["https:\/\/digital58.com.ve\/site\/wp-content\/uploads\/2018\/05\/vznocolombia2-768x393.jpg",768,393,true],"large":["https:\/\/digital58.com.ve\/site\/wp-content\/uploads\/2018\/05\/vznocolombia2-1500x768.jpg",800,410,true],"1536x1536":["https:\/\/digital58.com.ve\/site\/wp-content\/uploads\/2018\/05\/vznocolombia2.jpg",800,410,false],"2048x2048":["https:\/\/digital58.com.ve\/site\/wp-content\/uploads\/2018\/05\/vznocolombia2.jpg",800,410,false],"colormag-highlighted-post":["https:\/\/digital58.com.ve\/site\/wp-content\/uploads\/2018\/05\/vznocolombia2.jpg",392,201,false],"colormag-featured-post-medium":["https:\/\/digital58.com.ve\/site\/wp-content\/uploads\/2018\/05\/vznocolombia2.jpg",390,200,false],"colormag-featured-post-small":["https:\/\/digital58.com.ve\/site\/wp-content\/uploads\/2018\/05\/vznocolombia2.jpg",130,67,false],"colormag-featured-image":["https:\/\/digital58.com.ve\/site\/wp-content\/uploads\/2018\/05\/vznocolombia2.jpg",800,410,false],"colormag-default-news":["https:\/\/digital58.com.ve\/site\/wp-content\/uploads\/2018\/05\/vznocolombia2.jpg",150,77,false],"colormag-featured-image-large":["https:\/\/digital58.com.ve\/site\/wp-content\/uploads\/2018\/05\/vznocolombia2.jpg",800,410,false]},"uagb_author_info":{"display_name":"Villasmil Henry","author_link":"https:\/\/digital58.com.ve\/site\/author\/droopy_68\/"},"uagb_comment_info":0,"uagb_excerpt":"Centenares de venezolanos se manifestaron hoy en varias ciudades colombianas para rechazar las elecciones presidenciales de su pa\u00eds, que consideran","_links":{"self":[{"href":"https:\/\/digital58.com.ve\/site\/wp-json\/wp\/v2\/posts\/79162","targetHints":{"allow":["GET"]}}],"collection":[{"href":"https:\/\/digital58.com.ve\/site\/wp-json\/wp\/v2\/posts"}],"about":[{"href":"https:\/\/digital58.com.ve\/site\/wp-json\/wp\/v2\/types\/post"}],"author":[{"embeddable":true,"href":"https:\/\/digital58.com.ve\/site\/wp-json\/wp\/v2\/users\/1"}],"replies":[{"embeddable":true,"href":"https:\/\/digital58.com.ve\/site\/wp-json\/wp\/v2\/comments?post=79162"}],"version-history":[{"count":0,"href":"https:\/\/digital58.com.ve\/site\/wp-json\/wp\/v2\/posts\/79162\/revisions"}],"wp:featuredmedia":[{"embeddable":true,"href":"https:\/\/digital58.com.ve\/site\/wp-json\/wp\/v2\/media\/79163"}],"wp:attachment":[{"href":"https:\/\/digital58.com.ve\/site\/wp-json\/wp\/v2\/media?parent=79162"}],"wp:term":[{"taxonomy":"category","embeddable":true,"href":"https:\/\/digital58.com.ve\/site\/wp-json\/wp\/v2\/categories?post=79162"},{"taxonomy":"post_tag","embeddable":true,"href":"https:\/\/digital58.com.ve\/site\/wp-json\/wp\/v2\/tags?post=79162"}],"curies":[{"name":"wp","href":"https:\/\/api.w.org\/{rel}","templated":true}]}}