{"id":79672,"date":"2018-06-12T17:59:13","date_gmt":"2018-06-12T21:59:13","guid":{"rendered":"http:\/\/digital58.com.ve\/site\/?p=79672"},"modified":"2018-06-13T09:47:31","modified_gmt":"2018-06-13T13:47:31","slug":"carmen-hernandez-inaugura-a-casa-llena-en-la-vengoechea","status":"publish","type":"post","link":"https:\/\/digital58.com.ve\/site\/2018\/06\/12\/carmen-hernandez-inaugura-a-casa-llena-en-la-vengoechea\/","title":{"rendered":"Carmen Hern\u00e1ndez inaugura a casa llena en la Vengoechea"},"content":{"rendered":"<p><img loading=\"lazy\" decoding=\"async\" class=\"alignnone wp-image-79674 size-full\" src=\"http:\/\/digital58.com.ve\/site\/wp-content\/uploads\/2018\/06\/JP-EXPO-TESIS-FOTOPERIODISTAS-MARABINOS-CARMEN-HERNANDEZ-FOTO-JAVIER-PLAZA-15-e1528840201271.jpg\" alt=\"\" width=\"1500\" height=\"1037\" \/><\/p>\n<p>La fot\u00f3grafa Carmen Hern\u00e1ndez estren\u00f3 su exposici\u00f3n \u00abEntre Pasi\u00f3n y Clip\u00bb a casa llena en la Escuela de Fotograf\u00eda Julio Vengoechea el pasado fin de semana. La muestra estar\u00e1 disponible hasta el 8 de julio y reuni\u00f3 a diferentes personalidades del \u00e1mbito cultural. Destac\u00f3 por su impacto en el fotoperiodismo en Maracaibo.<\/p>\n<p><strong>Maracaibo, Zulia, Venezuela, 12 de junio de 2018 (D58).-<\/strong>El evento inici\u00f3 con las palabras de \u00c1lvaro Silva, director de la escuela, quien resalt\u00f3 el trabajo realizado por la joven fot\u00f3grafa. Mireya Ferrer, tutora de la instituci\u00f3n, destac\u00f3 la investigaci\u00f3n y el abordaje realizado por la artista de 26 a\u00f1os, que trabaja en el \u00e1rea desde hace ocho a\u00f1os.<\/p>\n<p>Omar Hern\u00e1ndez, padre de la expositora, tom\u00f3 la palabra para agradecer a los presentes el apoyo brindado a su hija y resalt\u00f3 la importancia del esfuerzo que hizo para llevar a cabo la propuesta. \u00abPancho\u00bb Villasmil, con amplia trayectoria en el fotoperiodismo, aplaudi\u00f3 la apuesta de Hern\u00e1ndez y dijo que para la creadora es un gran logro haber podido reunir a tantas personalidades de los diferentes medios de comunicaci\u00f3n en una misma sala.<\/p>\n<p>Hern\u00e1ndez por su parte agradeci\u00f3 a quienes colaboraron para hacer posible su muestra; entre ellos a la Gobernaci\u00f3n del estado Zulia, a la alcald\u00eda del municipio San Francisco, a sus compa\u00f1eros de trabajo y a sus familiares.<\/p>\n<p>\u00abEstoy inmensamente agradecida con el apoyo que me prestaron. Estoy sometida a las cr\u00edticas que quieran hacer de mi trabajo, porque ellas van a aportan a mi crecimiento personal y profesional. No exclu\u00ed a\u00a0 nadie, no hay diferencias pol\u00edticas en este trabajo. Dejamos a un lado la individualidad y comenzamos a pensar m\u00e1s en proyectos colectivos enlazados a la escuela. Que esto sea un registro hist\u00f3rico en el Zulia de las caras de estos personajes que salen a las calles a dibujar a diario las p\u00e1ginas de los peri\u00f3dicos de nuestra ciudad\u00bb.<\/p>\n<p>En encuentro estuvo amenizado por conocido grupo de regue Nyah, quien interpret\u00f3 sus temas en ac\u00fastico y por el saxofonista Angelvis Gotera.<\/p>\n<p>Hern\u00e1ndez lleva ocho a\u00f1os de carrera en la fotograf\u00eda. Estudi\u00f3 en la Escuela de Fotograf\u00eda Arturo Michelena de Valencia y realiz\u00f3 un diplomado en la Escuela Bolivariana de Venezuela. Acaba de terminar su carrera en la Escuela Julio Vengoechea. Ha participado en muestras internacionales como Artistas universitarios.<\/p>\n<p><strong>Redacci\u00f3n con fuente: Nota de prensa<br \/>\n<\/strong><strong>Edici\u00f3n: Silanny Pulgar<br \/>\n<\/strong><strong>Fotos: Ivan Ocando \/ Javier Plaza\/ @villasmilhfoto<br \/>\n<\/strong><\/p>\n<p><img loading=\"lazy\" decoding=\"async\" class=\"alignnone wp-image-79673 size-full\" src=\"http:\/\/digital58.com.ve\/site\/wp-content\/uploads\/2018\/06\/IO-STAFF-FOTOPERIODISTAS-FOTO-IVAN-OCANDO.jpg\" alt=\"\" width=\"1080\" height=\"690\" srcset=\"https:\/\/digital58.com.ve\/site\/wp-content\/uploads\/2018\/06\/IO-STAFF-FOTOPERIODISTAS-FOTO-IVAN-OCANDO.jpg 800w, https:\/\/digital58.com.ve\/site\/wp-content\/uploads\/2018\/06\/IO-STAFF-FOTOPERIODISTAS-FOTO-IVAN-OCANDO-300x192.jpg 300w, https:\/\/digital58.com.ve\/site\/wp-content\/uploads\/2018\/06\/IO-STAFF-FOTOPERIODISTAS-FOTO-IVAN-OCANDO-768x491.jpg 768w\" sizes=\"auto, (max-width: 1080px) 100vw, 1080px\" \/><\/p>\n<p><img loading=\"lazy\" decoding=\"async\" class=\"alignnone wp-image-79675 size-full\" src=\"http:\/\/digital58.com.ve\/site\/wp-content\/uploads\/2018\/06\/02JP-EXPO-TESIS-FOTOPERIODISTAS-MARABINOS-CARMEN-HERNANDEZ-FOTO-JAVIER-PLAZA-36-e1528840273486.jpg\" alt=\"\" width=\"1500\" height=\"1000\" \/><\/p>\n<p><img loading=\"lazy\" decoding=\"async\" class=\"alignnone wp-image-79676 size-full\" src=\"http:\/\/digital58.com.ve\/site\/wp-content\/uploads\/2018\/06\/JP-EXPO-TESIS-FOTOPERIODISTAS-MARABINOS-CARMEN-HERNANDEZ-FOTO-JAVIER-PLAZA-21-e1528840351958.jpg\" alt=\"\" width=\"1500\" height=\"1007\" \/><\/p>\n<p><img loading=\"lazy\" decoding=\"async\" class=\"alignnone wp-image-79677 size-full\" src=\"http:\/\/digital58.com.ve\/site\/wp-content\/uploads\/2018\/06\/02JP-EXPO-TESIS-FOTOPERIODISTAS-MARABINOS-CARMEN-HERNANDEZ-FOTO-JAVIER-PLAZA-38-e1528840446128.jpg\" alt=\"\" width=\"1500\" height=\"1000\" \/><\/p>\n<p><a href=\"http:\/\/digital58.com.ve\/site\/wp-content\/uploads\/2018\/06\/carmen-9.jpg\"><img loading=\"lazy\" decoding=\"async\" class=\"aligncenter size-large wp-image-79680\" src=\"http:\/\/digital58.com.ve\/site\/wp-content\/uploads\/2018\/06\/carmen-9-1485x1024.jpg\" alt=\"\" width=\"640\" height=\"441\" srcset=\"https:\/\/digital58.com.ve\/site\/wp-content\/uploads\/2018\/06\/carmen-9-1485x1024.jpg 1485w, https:\/\/digital58.com.ve\/site\/wp-content\/uploads\/2018\/06\/carmen-9-300x207.jpg 300w, https:\/\/digital58.com.ve\/site\/wp-content\/uploads\/2018\/06\/carmen-9-768x529.jpg 768w, https:\/\/digital58.com.ve\/site\/wp-content\/uploads\/2018\/06\/carmen-9.jpg 800w\" sizes=\"auto, (max-width: 640px) 100vw, 640px\" \/><\/a><\/p>\n<p><a href=\"http:\/\/digital58.com.ve\/site\/wp-content\/uploads\/2018\/06\/carmen-8.jpg\"><img loading=\"lazy\" decoding=\"async\" class=\"aligncenter size-large wp-image-79681\" src=\"http:\/\/digital58.com.ve\/site\/wp-content\/uploads\/2018\/06\/carmen-8-1500x983.jpg\" alt=\"\" width=\"640\" height=\"419\" srcset=\"https:\/\/digital58.com.ve\/site\/wp-content\/uploads\/2018\/06\/carmen-8-1500x983.jpg 1500w, https:\/\/digital58.com.ve\/site\/wp-content\/uploads\/2018\/06\/carmen-8-300x197.jpg 300w, https:\/\/digital58.com.ve\/site\/wp-content\/uploads\/2018\/06\/carmen-8-768x503.jpg 768w, https:\/\/digital58.com.ve\/site\/wp-content\/uploads\/2018\/06\/carmen-8.jpg 800w\" sizes=\"auto, (max-width: 640px) 100vw, 640px\" \/><\/a><\/p>\n<p><a href=\"http:\/\/digital58.com.ve\/site\/wp-content\/uploads\/2018\/06\/carmen-7.jpg\"><img loading=\"lazy\" decoding=\"async\" class=\"aligncenter size-large wp-image-79682\" src=\"http:\/\/digital58.com.ve\/site\/wp-content\/uploads\/2018\/06\/carmen-7-1500x1000.jpg\" alt=\"\" width=\"640\" height=\"427\" srcset=\"https:\/\/digital58.com.ve\/site\/wp-content\/uploads\/2018\/06\/carmen-7-1500x1000.jpg 1500w, https:\/\/digital58.com.ve\/site\/wp-content\/uploads\/2018\/06\/carmen-7-300x200.jpg 300w, https:\/\/digital58.com.ve\/site\/wp-content\/uploads\/2018\/06\/carmen-7-768x512.jpg 768w, https:\/\/digital58.com.ve\/site\/wp-content\/uploads\/2018\/06\/carmen-7-720x480.jpg 720w, https:\/\/digital58.com.ve\/site\/wp-content\/uploads\/2018\/06\/carmen-7-480x320.jpg 480w, https:\/\/digital58.com.ve\/site\/wp-content\/uploads\/2018\/06\/carmen-7.jpg 800w\" sizes=\"auto, (max-width: 640px) 100vw, 640px\" \/><\/a><\/p>\n<p><a href=\"http:\/\/digital58.com.ve\/site\/wp-content\/uploads\/2018\/06\/carmen-6.jpg\"><img loading=\"lazy\" decoding=\"async\" class=\"aligncenter size-large wp-image-79683\" src=\"http:\/\/digital58.com.ve\/site\/wp-content\/uploads\/2018\/06\/carmen-6-1500x1000.jpg\" alt=\"\" width=\"640\" height=\"427\" srcset=\"https:\/\/digital58.com.ve\/site\/wp-content\/uploads\/2018\/06\/carmen-6-1500x1000.jpg 1500w, https:\/\/digital58.com.ve\/site\/wp-content\/uploads\/2018\/06\/carmen-6-300x200.jpg 300w, https:\/\/digital58.com.ve\/site\/wp-content\/uploads\/2018\/06\/carmen-6-768x512.jpg 768w, https:\/\/digital58.com.ve\/site\/wp-content\/uploads\/2018\/06\/carmen-6-720x480.jpg 720w, https:\/\/digital58.com.ve\/site\/wp-content\/uploads\/2018\/06\/carmen-6-480x320.jpg 480w, https:\/\/digital58.com.ve\/site\/wp-content\/uploads\/2018\/06\/carmen-6.jpg 800w\" sizes=\"auto, (max-width: 640px) 100vw, 640px\" \/><\/a><\/p>\n<p><a href=\"http:\/\/digital58.com.ve\/site\/wp-content\/uploads\/2018\/06\/carmen-5.jpg\"><img loading=\"lazy\" decoding=\"async\" class=\"aligncenter size-large wp-image-79684\" src=\"http:\/\/digital58.com.ve\/site\/wp-content\/uploads\/2018\/06\/carmen-5-683x1024.jpg\" alt=\"\" width=\"640\" height=\"960\" srcset=\"https:\/\/digital58.com.ve\/site\/wp-content\/uploads\/2018\/06\/carmen-5-683x1024.jpg 683w, https:\/\/digital58.com.ve\/site\/wp-content\/uploads\/2018\/06\/carmen-5-200x300.jpg 200w, https:\/\/digital58.com.ve\/site\/wp-content\/uploads\/2018\/06\/carmen-5-768x1152.jpg 768w, https:\/\/digital58.com.ve\/site\/wp-content\/uploads\/2018\/06\/carmen-5.jpg 400w\" sizes=\"auto, (max-width: 640px) 100vw, 640px\" \/><\/a><\/p>\n<p><a href=\"http:\/\/digital58.com.ve\/site\/wp-content\/uploads\/2018\/06\/carmen-4.jpg\"><img loading=\"lazy\" decoding=\"async\" class=\"aligncenter size-large wp-image-79685\" src=\"http:\/\/digital58.com.ve\/site\/wp-content\/uploads\/2018\/06\/carmen-4-1500x970.jpg\" alt=\"\" width=\"640\" height=\"414\" srcset=\"https:\/\/digital58.com.ve\/site\/wp-content\/uploads\/2018\/06\/carmen-4-1500x970.jpg 1500w, https:\/\/digital58.com.ve\/site\/wp-content\/uploads\/2018\/06\/carmen-4-300x194.jpg 300w, https:\/\/digital58.com.ve\/site\/wp-content\/uploads\/2018\/06\/carmen-4-768x497.jpg 768w, https:\/\/digital58.com.ve\/site\/wp-content\/uploads\/2018\/06\/carmen-4.jpg 800w\" sizes=\"auto, (max-width: 640px) 100vw, 640px\" \/><\/a><\/p>\n<p><a href=\"http:\/\/digital58.com.ve\/site\/wp-content\/uploads\/2018\/06\/carmen-3.jpg\"><img loading=\"lazy\" decoding=\"async\" class=\"aligncenter size-large wp-image-79686\" src=\"http:\/\/digital58.com.ve\/site\/wp-content\/uploads\/2018\/06\/carmen-3-1500x1000.jpg\" alt=\"\" width=\"640\" height=\"427\" srcset=\"https:\/\/digital58.com.ve\/site\/wp-content\/uploads\/2018\/06\/carmen-3-1500x1000.jpg 1500w, https:\/\/digital58.com.ve\/site\/wp-content\/uploads\/2018\/06\/carmen-3-300x200.jpg 300w, https:\/\/digital58.com.ve\/site\/wp-content\/uploads\/2018\/06\/carmen-3-768x512.jpg 768w, https:\/\/digital58.com.ve\/site\/wp-content\/uploads\/2018\/06\/carmen-3-720x480.jpg 720w, https:\/\/digital58.com.ve\/site\/wp-content\/uploads\/2018\/06\/carmen-3-480x320.jpg 480w, https:\/\/digital58.com.ve\/site\/wp-content\/uploads\/2018\/06\/carmen-3.jpg 800w\" sizes=\"auto, (max-width: 640px) 100vw, 640px\" \/><\/a><\/p>\n<p><a href=\"http:\/\/digital58.com.ve\/site\/wp-content\/uploads\/2018\/06\/carmen-2.jpg\"><img loading=\"lazy\" decoding=\"async\" class=\"aligncenter size-large wp-image-79687\" src=\"http:\/\/digital58.com.ve\/site\/wp-content\/uploads\/2018\/06\/carmen-2-1500x958.jpg\" alt=\"\" width=\"640\" height=\"409\" srcset=\"https:\/\/digital58.com.ve\/site\/wp-content\/uploads\/2018\/06\/carmen-2-1500x958.jpg 1500w, https:\/\/digital58.com.ve\/site\/wp-content\/uploads\/2018\/06\/carmen-2-300x192.jpg 300w, https:\/\/digital58.com.ve\/site\/wp-content\/uploads\/2018\/06\/carmen-2-768x490.jpg 768w, https:\/\/digital58.com.ve\/site\/wp-content\/uploads\/2018\/06\/carmen-2.jpg 800w\" sizes=\"auto, (max-width: 640px) 100vw, 640px\" \/><\/a><\/p>\n<p><a href=\"http:\/\/digital58.com.ve\/site\/wp-content\/uploads\/2018\/06\/carmen.jpg\"><img loading=\"lazy\" decoding=\"async\" class=\"aligncenter size-large wp-image-79688\" src=\"http:\/\/digital58.com.ve\/site\/wp-content\/uploads\/2018\/06\/carmen-1500x1000.jpg\" alt=\"\" width=\"640\" height=\"427\" srcset=\"https:\/\/digital58.com.ve\/site\/wp-content\/uploads\/2018\/06\/carmen-1500x1000.jpg 1500w, https:\/\/digital58.com.ve\/site\/wp-content\/uploads\/2018\/06\/carmen-300x200.jpg 300w, https:\/\/digital58.com.ve\/site\/wp-content\/uploads\/2018\/06\/carmen-768x512.jpg 768w, https:\/\/digital58.com.ve\/site\/wp-content\/uploads\/2018\/06\/carmen-720x480.jpg 720w, https:\/\/digital58.com.ve\/site\/wp-content\/uploads\/2018\/06\/carmen-480x320.jpg 480w, https:\/\/digital58.com.ve\/site\/wp-content\/uploads\/2018\/06\/carmen.jpg 800w\" sizes=\"auto, (max-width: 640px) 100vw, 640px\" \/><\/a><\/p><div class=\"majzy69f3a861900e4\" ><p style=\"text-align: center;\"><a href=\"https:\/\/t.me\/noticiasdigital58\" target=\"_blank\" rel=\"noopener\"><img class=\"aligncenter size-full wp-image-125363\" src=\"https:\/\/digital58.com.ve\/site\/wp-content\/uploads\/2021\/04\/banner-telegram-web-2021.png\" alt=\"\" width=\"600\" height=\"90\" \/><\/a><\/p><\/div><style type=\"text\/css\">\r\n@media screen and (min-width: 1201px) {\r\n.majzy69f3a861900e4 {\r\ndisplay: block;\r\n}\r\n}\r\n@media screen and (min-width: 993px) and (max-width: 1200px) {\r\n.majzy69f3a861900e4 {\r\ndisplay: block;\r\n}\r\n}\r\n@media screen and (min-width: 769px) and (max-width: 992px) {\r\n.majzy69f3a861900e4 {\r\ndisplay: block;\r\n}\r\n}\r\n@media screen and (min-width: 768px) and (max-width: 768px) {\r\n.majzy69f3a861900e4 {\r\ndisplay: block;\r\n}\r\n}\r\n@media screen and (max-width: 767px) {\r\n.majzy69f3a861900e4 {\r\ndisplay: block;\r\n}\r\n}\r\n<\/style>\r\n\n<p>&nbsp;<\/p>\n<div style=\"margin-top: 0px; margin-bottom: 0px;\" class=\"sharethis-inline-share-buttons\" ><\/div>","protected":false},"excerpt":{"rendered":"<p>La fot\u00f3grafa Carmen Hern\u00e1ndez estren\u00f3 su exposici\u00f3n \u00abEntre Pasi\u00f3n y Clip\u00bb a casa llena en la Escuela de Fotograf\u00eda Julio<\/p>\n","protected":false},"author":1,"featured_media":79673,"comment_status":"open","ping_status":"closed","sticky":false,"template":"","format":"standard","meta":{"colormag_page_container_layout":"default_layout","colormag_page_sidebar_layout":"default_layout","_uag_custom_page_level_css":"","footnotes":""},"categories":[5401],"tags":[11253,11255,11181,4263,11250,11252,11254],"class_list":["post-79672","post","type-post","status-publish","format-standard","has-post-thumbnail","hentry","category-artes","tag-alcaldia-del-municipio-san-francisco","tag-angelvis-gotera","tag-carmen-hernandez","tag-escuela-de-fotografia-julio-vengoechea","tag-fotoperiodismo","tag-gobernacion-del-estado-zulia","tag-nyah"],"yoast_head":"<!-- This site is optimized with the Yoast SEO plugin v27.5 - https:\/\/yoast.com\/product\/yoast-seo-wordpress\/ -->\n<title>Carmen Hern\u00e1ndez inaugura a casa llena en la Vengoechea<\/title>\n<meta name=\"robots\" content=\"index, follow, max-snippet:-1, max-image-preview:large, max-video-preview:-1\" \/>\n<link rel=\"canonical\" href=\"https:\/\/digital58.com.ve\/site\/2018\/06\/12\/carmen-hernandez-inaugura-a-casa-llena-en-la-vengoechea\/\" \/>\n<meta property=\"og:locale\" content=\"es_ES\" \/>\n<meta property=\"og:type\" content=\"article\" \/>\n<meta property=\"og:title\" content=\"Carmen Hern\u00e1ndez inaugura a casa llena en la Vengoechea\" \/>\n<meta property=\"og:url\" content=\"https:\/\/digital58.com.ve\/site\/2018\/06\/12\/carmen-hernandez-inaugura-a-casa-llena-en-la-vengoechea\/\" \/>\n<meta property=\"og:site_name\" content=\"Noticias Digital58\" \/>\n<meta property=\"article:published_time\" content=\"2018-06-12T21:59:13+00:00\" \/>\n<meta property=\"article:modified_time\" content=\"2018-06-13T13:47:31+00:00\" \/>\n<meta property=\"og:image\" content=\"https:\/\/digital58.com.ve\/site\/wp-content\/uploads\/2018\/06\/IO-STAFF-FOTOPERIODISTAS-FOTO-IVAN-OCANDO.jpg\" \/>\n\t<meta property=\"og:image:width\" content=\"1080\" \/>\n\t<meta property=\"og:image:height\" content=\"690\" \/>\n\t<meta property=\"og:image:type\" content=\"image\/jpeg\" \/>\n<meta name=\"author\" content=\"Villasmil Henry\" \/>\n<meta name=\"twitter:card\" content=\"summary_large_image\" \/>\n<meta name=\"twitter:creator\" content=\"@https:\/\/twitter.com\/villasmilhfoto\" \/>\n<meta name=\"twitter:site\" content=\"@villasmilhfoto\" \/>\n<meta name=\"twitter:label1\" content=\"Escrito por\" \/>\n\t<meta name=\"twitter:data1\" content=\"Villasmil Henry\" \/>\n\t<meta name=\"twitter:label2\" content=\"Tiempo estimado de lectura\" \/>\n\t<meta name=\"twitter:data2\" content=\"2 minutos\" \/>\n<script type=\"application\/ld+json\" class=\"yoast-schema-graph\">{\"@context\":\"https:\\\/\\\/schema.org\",\"@graph\":[{\"@type\":\"Article\",\"@id\":\"https:\\\/\\\/digital58.com.ve\\\/site\\\/2018\\\/06\\\/12\\\/carmen-hernandez-inaugura-a-casa-llena-en-la-vengoechea\\\/#article\",\"isPartOf\":{\"@id\":\"https:\\\/\\\/digital58.com.ve\\\/site\\\/2018\\\/06\\\/12\\\/carmen-hernandez-inaugura-a-casa-llena-en-la-vengoechea\\\/\"},\"author\":{\"name\":\"Villasmil Henry\",\"@id\":\"https:\\\/\\\/digital58.com.ve\\\/site\\\/#\\\/schema\\\/person\\\/64d1c2e4d0d4fd1b849980c4331c2951\"},\"headline\":\"Carmen Hern\u00e1ndez inaugura a casa llena en la Vengoechea\",\"datePublished\":\"2018-06-12T21:59:13+00:00\",\"dateModified\":\"2018-06-13T13:47:31+00:00\",\"mainEntityOfPage\":{\"@id\":\"https:\\\/\\\/digital58.com.ve\\\/site\\\/2018\\\/06\\\/12\\\/carmen-hernandez-inaugura-a-casa-llena-en-la-vengoechea\\\/\"},\"wordCount\":434,\"commentCount\":0,\"publisher\":{\"@id\":\"https:\\\/\\\/digital58.com.ve\\\/site\\\/#\\\/schema\\\/person\\\/64d1c2e4d0d4fd1b849980c4331c2951\"},\"image\":{\"@id\":\"https:\\\/\\\/digital58.com.ve\\\/site\\\/2018\\\/06\\\/12\\\/carmen-hernandez-inaugura-a-casa-llena-en-la-vengoechea\\\/#primaryimage\"},\"thumbnailUrl\":\"https:\\\/\\\/digital58.com.ve\\\/site\\\/wp-content\\\/uploads\\\/2018\\\/06\\\/IO-STAFF-FOTOPERIODISTAS-FOTO-IVAN-OCANDO.jpg\",\"keywords\":[\"alcald\u00eda del municipio San Francisco\",\"Angelvis Gotera\",\"Carmen Hern\u00e1ndez\",\"Escuela de Fotograf\u00eda Julio Vengoechea\",\"fotoperiodismo\",\"Gobernaci\u00f3n del estado Zulia\",\"Nyah\"],\"articleSection\":[\"Artes\"],\"inLanguage\":\"es\",\"potentialAction\":[{\"@type\":\"CommentAction\",\"name\":\"Comment\",\"target\":[\"https:\\\/\\\/digital58.com.ve\\\/site\\\/2018\\\/06\\\/12\\\/carmen-hernandez-inaugura-a-casa-llena-en-la-vengoechea\\\/#respond\"]}]},{\"@type\":\"WebPage\",\"@id\":\"https:\\\/\\\/digital58.com.ve\\\/site\\\/2018\\\/06\\\/12\\\/carmen-hernandez-inaugura-a-casa-llena-en-la-vengoechea\\\/\",\"url\":\"https:\\\/\\\/digital58.com.ve\\\/site\\\/2018\\\/06\\\/12\\\/carmen-hernandez-inaugura-a-casa-llena-en-la-vengoechea\\\/\",\"name\":\"Carmen Hern\u00e1ndez inaugura a casa llena en la Vengoechea\",\"isPartOf\":{\"@id\":\"https:\\\/\\\/digital58.com.ve\\\/site\\\/#website\"},\"primaryImageOfPage\":{\"@id\":\"https:\\\/\\\/digital58.com.ve\\\/site\\\/2018\\\/06\\\/12\\\/carmen-hernandez-inaugura-a-casa-llena-en-la-vengoechea\\\/#primaryimage\"},\"image\":{\"@id\":\"https:\\\/\\\/digital58.com.ve\\\/site\\\/2018\\\/06\\\/12\\\/carmen-hernandez-inaugura-a-casa-llena-en-la-vengoechea\\\/#primaryimage\"},\"thumbnailUrl\":\"https:\\\/\\\/digital58.com.ve\\\/site\\\/wp-content\\\/uploads\\\/2018\\\/06\\\/IO-STAFF-FOTOPERIODISTAS-FOTO-IVAN-OCANDO.jpg\",\"datePublished\":\"2018-06-12T21:59:13+00:00\",\"dateModified\":\"2018-06-13T13:47:31+00:00\",\"breadcrumb\":{\"@id\":\"https:\\\/\\\/digital58.com.ve\\\/site\\\/2018\\\/06\\\/12\\\/carmen-hernandez-inaugura-a-casa-llena-en-la-vengoechea\\\/#breadcrumb\"},\"inLanguage\":\"es\",\"potentialAction\":[{\"@type\":\"ReadAction\",\"target\":[\"https:\\\/\\\/digital58.com.ve\\\/site\\\/2018\\\/06\\\/12\\\/carmen-hernandez-inaugura-a-casa-llena-en-la-vengoechea\\\/\"]}]},{\"@type\":\"ImageObject\",\"inLanguage\":\"es\",\"@id\":\"https:\\\/\\\/digital58.com.ve\\\/site\\\/2018\\\/06\\\/12\\\/carmen-hernandez-inaugura-a-casa-llena-en-la-vengoechea\\\/#primaryimage\",\"url\":\"https:\\\/\\\/digital58.com.ve\\\/site\\\/wp-content\\\/uploads\\\/2018\\\/06\\\/IO-STAFF-FOTOPERIODISTAS-FOTO-IVAN-OCANDO.jpg\",\"contentUrl\":\"https:\\\/\\\/digital58.com.ve\\\/site\\\/wp-content\\\/uploads\\\/2018\\\/06\\\/IO-STAFF-FOTOPERIODISTAS-FOTO-IVAN-OCANDO.jpg\",\"width\":800,\"height\":511},{\"@type\":\"BreadcrumbList\",\"@id\":\"https:\\\/\\\/digital58.com.ve\\\/site\\\/2018\\\/06\\\/12\\\/carmen-hernandez-inaugura-a-casa-llena-en-la-vengoechea\\\/#breadcrumb\",\"itemListElement\":[{\"@type\":\"ListItem\",\"position\":1,\"name\":\"Home\",\"item\":\"https:\\\/\\\/digital58.com.ve\\\/site\\\/\"},{\"@type\":\"ListItem\",\"position\":2,\"name\":\"Carmen Hern\u00e1ndez inaugura a casa llena en la Vengoechea\"}]},{\"@type\":\"WebSite\",\"@id\":\"https:\\\/\\\/digital58.com.ve\\\/site\\\/#website\",\"url\":\"https:\\\/\\\/digital58.com.ve\\\/site\\\/\",\"name\":\"Noticias Digital58\",\"description\":\"Portal de Noticias \u00a1Periodismo web de verdad! Lanzamiento web 22.11.2005 \\\/ Maracaibo, Venezuela\",\"publisher\":{\"@id\":\"https:\\\/\\\/digital58.com.ve\\\/site\\\/#\\\/schema\\\/person\\\/64d1c2e4d0d4fd1b849980c4331c2951\"},\"alternateName\":\"ND58\",\"potentialAction\":[{\"@type\":\"SearchAction\",\"target\":{\"@type\":\"EntryPoint\",\"urlTemplate\":\"https:\\\/\\\/digital58.com.ve\\\/site\\\/?s={search_term_string}\"},\"query-input\":{\"@type\":\"PropertyValueSpecification\",\"valueRequired\":true,\"valueName\":\"search_term_string\"}}],\"inLanguage\":\"es\"},{\"@type\":[\"Person\",\"Organization\"],\"@id\":\"https:\\\/\\\/digital58.com.ve\\\/site\\\/#\\\/schema\\\/person\\\/64d1c2e4d0d4fd1b849980c4331c2951\",\"name\":\"Villasmil Henry\",\"image\":{\"@type\":\"ImageObject\",\"inLanguage\":\"es\",\"@id\":\"https:\\\/\\\/secure.gravatar.com\\\/avatar\\\/bb0c4a2fcb7970138239f7e404ea75757b1b507b28b5ce4c53fbd62d797c5a7c?s=96&d=mm&r=g\",\"url\":\"https:\\\/\\\/secure.gravatar.com\\\/avatar\\\/bb0c4a2fcb7970138239f7e404ea75757b1b507b28b5ce4c53fbd62d797c5a7c?s=96&d=mm&r=g\",\"contentUrl\":\"https:\\\/\\\/secure.gravatar.com\\\/avatar\\\/bb0c4a2fcb7970138239f7e404ea75757b1b507b28b5ce4c53fbd62d797c5a7c?s=96&d=mm&r=g\",\"caption\":\"Villasmil Henry\"},\"logo\":{\"@id\":\"https:\\\/\\\/secure.gravatar.com\\\/avatar\\\/bb0c4a2fcb7970138239f7e404ea75757b1b507b28b5ce4c53fbd62d797c5a7c?s=96&d=mm&r=g\"},\"sameAs\":[\"http:\\\/\\\/www.henryvillasmil.com.ve\",\"https:\\\/\\\/www.instagram.com\\\/villasmilhfoto\\\/\",\"https:\\\/\\\/x.com\\\/https:\\\/\\\/twitter.com\\\/villasmilhfoto\"],\"url\":\"https:\\\/\\\/digital58.com.ve\\\/site\\\/author\\\/droopy_68\\\/\"}]}<\/script>\n<!-- \/ Yoast SEO plugin. -->","yoast_head_json":{"title":"Carmen Hern\u00e1ndez inaugura a casa llena en la Vengoechea","robots":{"index":"index","follow":"follow","max-snippet":"max-snippet:-1","max-image-preview":"max-image-preview:large","max-video-preview":"max-video-preview:-1"},"canonical":"https:\/\/digital58.com.ve\/site\/2018\/06\/12\/carmen-hernandez-inaugura-a-casa-llena-en-la-vengoechea\/","og_locale":"es_ES","og_type":"article","og_title":"Carmen Hern\u00e1ndez inaugura a casa llena en la Vengoechea","og_url":"https:\/\/digital58.com.ve\/site\/2018\/06\/12\/carmen-hernandez-inaugura-a-casa-llena-en-la-vengoechea\/","og_site_name":"Noticias Digital58","article_published_time":"2018-06-12T21:59:13+00:00","article_modified_time":"2018-06-13T13:47:31+00:00","og_image":[{"width":1080,"height":690,"url":"https:\/\/digital58.com.ve\/site\/wp-content\/uploads\/2018\/06\/IO-STAFF-FOTOPERIODISTAS-FOTO-IVAN-OCANDO.jpg","type":"image\/jpeg"}],"author":"Villasmil Henry","twitter_card":"summary_large_image","twitter_creator":"@https:\/\/twitter.com\/villasmilhfoto","twitter_site":"@villasmilhfoto","twitter_misc":{"Escrito por":"Villasmil Henry","Tiempo estimado de lectura":"2 minutos"},"schema":{"@context":"https:\/\/schema.org","@graph":[{"@type":"Article","@id":"https:\/\/digital58.com.ve\/site\/2018\/06\/12\/carmen-hernandez-inaugura-a-casa-llena-en-la-vengoechea\/#article","isPartOf":{"@id":"https:\/\/digital58.com.ve\/site\/2018\/06\/12\/carmen-hernandez-inaugura-a-casa-llena-en-la-vengoechea\/"},"author":{"name":"Villasmil Henry","@id":"https:\/\/digital58.com.ve\/site\/#\/schema\/person\/64d1c2e4d0d4fd1b849980c4331c2951"},"headline":"Carmen Hern\u00e1ndez inaugura a casa llena en la Vengoechea","datePublished":"2018-06-12T21:59:13+00:00","dateModified":"2018-06-13T13:47:31+00:00","mainEntityOfPage":{"@id":"https:\/\/digital58.com.ve\/site\/2018\/06\/12\/carmen-hernandez-inaugura-a-casa-llena-en-la-vengoechea\/"},"wordCount":434,"commentCount":0,"publisher":{"@id":"https:\/\/digital58.com.ve\/site\/#\/schema\/person\/64d1c2e4d0d4fd1b849980c4331c2951"},"image":{"@id":"https:\/\/digital58.com.ve\/site\/2018\/06\/12\/carmen-hernandez-inaugura-a-casa-llena-en-la-vengoechea\/#primaryimage"},"thumbnailUrl":"https:\/\/digital58.com.ve\/site\/wp-content\/uploads\/2018\/06\/IO-STAFF-FOTOPERIODISTAS-FOTO-IVAN-OCANDO.jpg","keywords":["alcald\u00eda del municipio San Francisco","Angelvis Gotera","Carmen Hern\u00e1ndez","Escuela de Fotograf\u00eda Julio Vengoechea","fotoperiodismo","Gobernaci\u00f3n del estado Zulia","Nyah"],"articleSection":["Artes"],"inLanguage":"es","potentialAction":[{"@type":"CommentAction","name":"Comment","target":["https:\/\/digital58.com.ve\/site\/2018\/06\/12\/carmen-hernandez-inaugura-a-casa-llena-en-la-vengoechea\/#respond"]}]},{"@type":"WebPage","@id":"https:\/\/digital58.com.ve\/site\/2018\/06\/12\/carmen-hernandez-inaugura-a-casa-llena-en-la-vengoechea\/","url":"https:\/\/digital58.com.ve\/site\/2018\/06\/12\/carmen-hernandez-inaugura-a-casa-llena-en-la-vengoechea\/","name":"Carmen Hern\u00e1ndez inaugura a casa llena en la Vengoechea","isPartOf":{"@id":"https:\/\/digital58.com.ve\/site\/#website"},"primaryImageOfPage":{"@id":"https:\/\/digital58.com.ve\/site\/2018\/06\/12\/carmen-hernandez-inaugura-a-casa-llena-en-la-vengoechea\/#primaryimage"},"image":{"@id":"https:\/\/digital58.com.ve\/site\/2018\/06\/12\/carmen-hernandez-inaugura-a-casa-llena-en-la-vengoechea\/#primaryimage"},"thumbnailUrl":"https:\/\/digital58.com.ve\/site\/wp-content\/uploads\/2018\/06\/IO-STAFF-FOTOPERIODISTAS-FOTO-IVAN-OCANDO.jpg","datePublished":"2018-06-12T21:59:13+00:00","dateModified":"2018-06-13T13:47:31+00:00","breadcrumb":{"@id":"https:\/\/digital58.com.ve\/site\/2018\/06\/12\/carmen-hernandez-inaugura-a-casa-llena-en-la-vengoechea\/#breadcrumb"},"inLanguage":"es","potentialAction":[{"@type":"ReadAction","target":["https:\/\/digital58.com.ve\/site\/2018\/06\/12\/carmen-hernandez-inaugura-a-casa-llena-en-la-vengoechea\/"]}]},{"@type":"ImageObject","inLanguage":"es","@id":"https:\/\/digital58.com.ve\/site\/2018\/06\/12\/carmen-hernandez-inaugura-a-casa-llena-en-la-vengoechea\/#primaryimage","url":"https:\/\/digital58.com.ve\/site\/wp-content\/uploads\/2018\/06\/IO-STAFF-FOTOPERIODISTAS-FOTO-IVAN-OCANDO.jpg","contentUrl":"https:\/\/digital58.com.ve\/site\/wp-content\/uploads\/2018\/06\/IO-STAFF-FOTOPERIODISTAS-FOTO-IVAN-OCANDO.jpg","width":800,"height":511},{"@type":"BreadcrumbList","@id":"https:\/\/digital58.com.ve\/site\/2018\/06\/12\/carmen-hernandez-inaugura-a-casa-llena-en-la-vengoechea\/#breadcrumb","itemListElement":[{"@type":"ListItem","position":1,"name":"Home","item":"https:\/\/digital58.com.ve\/site\/"},{"@type":"ListItem","position":2,"name":"Carmen Hern\u00e1ndez inaugura a casa llena en la Vengoechea"}]},{"@type":"WebSite","@id":"https:\/\/digital58.com.ve\/site\/#website","url":"https:\/\/digital58.com.ve\/site\/","name":"Noticias Digital58","description":"Portal de Noticias \u00a1Periodismo web de verdad! Lanzamiento web 22.11.2005 \/ Maracaibo, Venezuela","publisher":{"@id":"https:\/\/digital58.com.ve\/site\/#\/schema\/person\/64d1c2e4d0d4fd1b849980c4331c2951"},"alternateName":"ND58","potentialAction":[{"@type":"SearchAction","target":{"@type":"EntryPoint","urlTemplate":"https:\/\/digital58.com.ve\/site\/?s={search_term_string}"},"query-input":{"@type":"PropertyValueSpecification","valueRequired":true,"valueName":"search_term_string"}}],"inLanguage":"es"},{"@type":["Person","Organization"],"@id":"https:\/\/digital58.com.ve\/site\/#\/schema\/person\/64d1c2e4d0d4fd1b849980c4331c2951","name":"Villasmil Henry","image":{"@type":"ImageObject","inLanguage":"es","@id":"https:\/\/secure.gravatar.com\/avatar\/bb0c4a2fcb7970138239f7e404ea75757b1b507b28b5ce4c53fbd62d797c5a7c?s=96&d=mm&r=g","url":"https:\/\/secure.gravatar.com\/avatar\/bb0c4a2fcb7970138239f7e404ea75757b1b507b28b5ce4c53fbd62d797c5a7c?s=96&d=mm&r=g","contentUrl":"https:\/\/secure.gravatar.com\/avatar\/bb0c4a2fcb7970138239f7e404ea75757b1b507b28b5ce4c53fbd62d797c5a7c?s=96&d=mm&r=g","caption":"Villasmil Henry"},"logo":{"@id":"https:\/\/secure.gravatar.com\/avatar\/bb0c4a2fcb7970138239f7e404ea75757b1b507b28b5ce4c53fbd62d797c5a7c?s=96&d=mm&r=g"},"sameAs":["http:\/\/www.henryvillasmil.com.ve","https:\/\/www.instagram.com\/villasmilhfoto\/","https:\/\/x.com\/https:\/\/twitter.com\/villasmilhfoto"],"url":"https:\/\/digital58.com.ve\/site\/author\/droopy_68\/"}]}},"uagb_featured_image_src":{"full":["https:\/\/digital58.com.ve\/site\/wp-content\/uploads\/2018\/06\/IO-STAFF-FOTOPERIODISTAS-FOTO-IVAN-OCANDO.jpg",800,511,false],"thumbnail":["https:\/\/digital58.com.ve\/site\/wp-content\/uploads\/2018\/06\/IO-STAFF-FOTOPERIODISTAS-FOTO-IVAN-OCANDO-150x150.jpg",150,150,true],"medium":["https:\/\/digital58.com.ve\/site\/wp-content\/uploads\/2018\/06\/IO-STAFF-FOTOPERIODISTAS-FOTO-IVAN-OCANDO-300x192.jpg",300,192,true],"medium_large":["https:\/\/digital58.com.ve\/site\/wp-content\/uploads\/2018\/06\/IO-STAFF-FOTOPERIODISTAS-FOTO-IVAN-OCANDO-768x491.jpg",768,491,true],"large":["https:\/\/digital58.com.ve\/site\/wp-content\/uploads\/2018\/06\/IO-STAFF-FOTOPERIODISTAS-FOTO-IVAN-OCANDO.jpg",800,511,false],"1536x1536":["https:\/\/digital58.com.ve\/site\/wp-content\/uploads\/2018\/06\/IO-STAFF-FOTOPERIODISTAS-FOTO-IVAN-OCANDO.jpg",800,511,false],"2048x2048":["https:\/\/digital58.com.ve\/site\/wp-content\/uploads\/2018\/06\/IO-STAFF-FOTOPERIODISTAS-FOTO-IVAN-OCANDO.jpg",800,511,false],"colormag-highlighted-post":["https:\/\/digital58.com.ve\/site\/wp-content\/uploads\/2018\/06\/IO-STAFF-FOTOPERIODISTAS-FOTO-IVAN-OCANDO.jpg",392,250,false],"colormag-featured-post-medium":["https:\/\/digital58.com.ve\/site\/wp-content\/uploads\/2018\/06\/IO-STAFF-FOTOPERIODISTAS-FOTO-IVAN-OCANDO.jpg",321,205,false],"colormag-featured-post-small":["https:\/\/digital58.com.ve\/site\/wp-content\/uploads\/2018\/06\/IO-STAFF-FOTOPERIODISTAS-FOTO-IVAN-OCANDO.jpg",130,83,false],"colormag-featured-image":["https:\/\/digital58.com.ve\/site\/wp-content\/uploads\/2018\/06\/IO-STAFF-FOTOPERIODISTAS-FOTO-IVAN-OCANDO.jpg",697,445,false],"colormag-default-news":["https:\/\/digital58.com.ve\/site\/wp-content\/uploads\/2018\/06\/IO-STAFF-FOTOPERIODISTAS-FOTO-IVAN-OCANDO.jpg",150,96,false],"colormag-featured-image-large":["https:\/\/digital58.com.ve\/site\/wp-content\/uploads\/2018\/06\/IO-STAFF-FOTOPERIODISTAS-FOTO-IVAN-OCANDO.jpg",800,511,false]},"uagb_author_info":{"display_name":"Villasmil Henry","author_link":"https:\/\/digital58.com.ve\/site\/author\/droopy_68\/"},"uagb_comment_info":0,"uagb_excerpt":"La fot\u00f3grafa Carmen Hern\u00e1ndez estren\u00f3 su exposici\u00f3n \u00abEntre Pasi\u00f3n y Clip\u00bb a casa llena en la Escuela de Fotograf\u00eda Julio","_links":{"self":[{"href":"https:\/\/digital58.com.ve\/site\/wp-json\/wp\/v2\/posts\/79672","targetHints":{"allow":["GET"]}}],"collection":[{"href":"https:\/\/digital58.com.ve\/site\/wp-json\/wp\/v2\/posts"}],"about":[{"href":"https:\/\/digital58.com.ve\/site\/wp-json\/wp\/v2\/types\/post"}],"author":[{"embeddable":true,"href":"https:\/\/digital58.com.ve\/site\/wp-json\/wp\/v2\/users\/1"}],"replies":[{"embeddable":true,"href":"https:\/\/digital58.com.ve\/site\/wp-json\/wp\/v2\/comments?post=79672"}],"version-history":[{"count":0,"href":"https:\/\/digital58.com.ve\/site\/wp-json\/wp\/v2\/posts\/79672\/revisions"}],"wp:featuredmedia":[{"embeddable":true,"href":"https:\/\/digital58.com.ve\/site\/wp-json\/wp\/v2\/media\/79673"}],"wp:attachment":[{"href":"https:\/\/digital58.com.ve\/site\/wp-json\/wp\/v2\/media?parent=79672"}],"wp:term":[{"taxonomy":"category","embeddable":true,"href":"https:\/\/digital58.com.ve\/site\/wp-json\/wp\/v2\/categories?post=79672"},{"taxonomy":"post_tag","embeddable":true,"href":"https:\/\/digital58.com.ve\/site\/wp-json\/wp\/v2\/tags?post=79672"}],"curies":[{"name":"wp","href":"https:\/\/api.w.org\/{rel}","templated":true}]}}