{"id":79823,"date":"2018-06-15T16:44:25","date_gmt":"2018-06-15T20:44:25","guid":{"rendered":"http:\/\/digital58.com.ve\/site\/?p=79823"},"modified":"2018-06-15T16:44:25","modified_gmt":"2018-06-15T20:44:25","slug":"orquesta-sonbilongo-trae-su-salsa-desde-medellin-y-pone-a-bailar-a-venezuela","status":"publish","type":"post","link":"https:\/\/digital58.com.ve\/site\/2018\/06\/15\/orquesta-sonbilongo-trae-su-salsa-desde-medellin-y-pone-a-bailar-a-venezuela\/","title":{"rendered":"Orquesta Sonbilongo trae su salsa desde Medell\u00edn y pone a bailar a Venezuela"},"content":{"rendered":"<p><img loading=\"lazy\" decoding=\"async\" class=\"alignnone wp-image-79824 size-full\" src=\"http:\/\/digital58.com.ve\/site\/wp-content\/uploads\/2018\/06\/Sonbilongo.jpg\" alt=\"\" width=\"4608\" height=\"3072\" srcset=\"https:\/\/digital58.com.ve\/site\/wp-content\/uploads\/2018\/06\/Sonbilongo.jpg 800w, https:\/\/digital58.com.ve\/site\/wp-content\/uploads\/2018\/06\/Sonbilongo-300x200.jpg 300w, https:\/\/digital58.com.ve\/site\/wp-content\/uploads\/2018\/06\/Sonbilongo-768x512.jpg 768w, https:\/\/digital58.com.ve\/site\/wp-content\/uploads\/2018\/06\/Sonbilongo-1500x1000.jpg 1500w, https:\/\/digital58.com.ve\/site\/wp-content\/uploads\/2018\/06\/Sonbilongo-720x480.jpg 720w, https:\/\/digital58.com.ve\/site\/wp-content\/uploads\/2018\/06\/Sonbilongo-480x320.jpg 480w\" sizes=\"auto, (max-width: 4608px) 100vw, 4608px\" \/><\/p>\n<p>La orquesta musical Sonbilongo, una de las m\u00e1s populares de la ciudad de Medell\u00edn, Colombia, se encuentra de gira por Venezuela y la primera ciudad que visit\u00f3 fue Maracaibo.<\/p>\n<p><strong>Maracaibo, Zulia, Venezuela, 15 de junio de 2018 (D58).-<\/strong> Sebasti\u00e1n Hurtado, vocalista principal de la agrupaci\u00f3n colombiana, cont\u00f3 que se presentar\u00e1n en varias ciudades de nuestro pa\u00eds y est\u00e1n complacidos con el recibimiento que han tenido.<\/p>\n<p>\u00abAqu\u00ed en Venezuela la gente es muy c\u00e1lida y amable. Ya muchos han entendido que los colombianos no solo producimos vallenato, tambi\u00e9n somos creadores de otros g\u00e9neros como la salsa\u00bb explic\u00f3 el int\u00e9rprete.<\/p>\n<p>Agreg\u00f3 que tienen dos a\u00f1os conformados como agrupaci\u00f3n y ya est\u00e1n en los primeros lugares de las carteleras musicales, principales emisoras de radio y plataformas digitales. \u00abNuestra m\u00fasica es muy popular y a la gente le encanta nuestro estilo\u00bb asegur\u00f3.<\/p>\n<p>La orquesta tiene previsto presentarse en fiestas privadas de varias ciudades, entre ellas Maracaibo, Valencia y Barquisimeto.<\/p>\n<p><strong>Redacci\u00f3n con fuente: Nota de prensa<\/strong><\/p>\n<p><strong>Edici\u00f3n: Silanny Pulgar<\/strong><\/p><div class=\"qygzy69ec5dc8a0ba8\" ><p style=\"text-align: center;\"><a href=\"https:\/\/t.me\/noticiasdigital58\" target=\"_blank\" rel=\"noopener\"><img class=\"aligncenter size-full wp-image-125363\" src=\"https:\/\/digital58.com.ve\/site\/wp-content\/uploads\/2021\/04\/banner-telegram-web-2021.png\" alt=\"\" width=\"600\" height=\"90\" \/><\/a><\/p><\/div><style type=\"text\/css\">\r\n@media screen and (min-width: 1201px) {\r\n.qygzy69ec5dc8a0ba8 {\r\ndisplay: block;\r\n}\r\n}\r\n@media screen and (min-width: 993px) and (max-width: 1200px) {\r\n.qygzy69ec5dc8a0ba8 {\r\ndisplay: block;\r\n}\r\n}\r\n@media screen and (min-width: 769px) and (max-width: 992px) {\r\n.qygzy69ec5dc8a0ba8 {\r\ndisplay: block;\r\n}\r\n}\r\n@media screen and (min-width: 768px) and (max-width: 768px) {\r\n.qygzy69ec5dc8a0ba8 {\r\ndisplay: block;\r\n}\r\n}\r\n@media screen and (max-width: 767px) {\r\n.qygzy69ec5dc8a0ba8 {\r\ndisplay: block;\r\n}\r\n}\r\n<\/style>\r\n\n<p><strong>Gr\u00e1fica: Cortes\u00eda<\/strong><\/p>\n<div style=\"margin-top: 0px; margin-bottom: 0px;\" class=\"sharethis-inline-share-buttons\" ><\/div>","protected":false},"excerpt":{"rendered":"<p>La orquesta musical Sonbilongo, una de las m\u00e1s populares de la ciudad de Medell\u00edn, Colombia, se encuentra de gira por<\/p>\n","protected":false},"author":1,"featured_media":79824,"comment_status":"open","ping_status":"closed","sticky":false,"template":"","format":"standard","meta":{"colormag_page_container_layout":"default_layout","colormag_page_sidebar_layout":"default_layout","_uag_custom_page_level_css":"","footnotes":""},"categories":[1],"tags":[98,6364,61,3657,11294,11293,32],"class_list":["post-79823","post","type-post","status-publish","format-standard","has-post-thumbnail","hentry","category-fama","tag-colombia","tag-medellin","tag-musica","tag-salsa","tag-sebastian-hurtado","tag-sonbilongo","tag-venezuela"],"yoast_head":"<!-- This site is optimized with the Yoast SEO plugin v27.4 - https:\/\/yoast.com\/product\/yoast-seo-wordpress\/ -->\n<title>Orquesta Sonbilongo trae su salsa desde Medell\u00edn y pone a bailar a Venezuela<\/title>\n<meta name=\"robots\" content=\"index, follow, max-snippet:-1, max-image-preview:large, max-video-preview:-1\" \/>\n<link rel=\"canonical\" href=\"https:\/\/digital58.com.ve\/site\/2018\/06\/15\/orquesta-sonbilongo-trae-su-salsa-desde-medellin-y-pone-a-bailar-a-venezuela\/\" \/>\n<meta property=\"og:locale\" content=\"es_ES\" \/>\n<meta property=\"og:type\" content=\"article\" \/>\n<meta property=\"og:title\" content=\"Orquesta Sonbilongo trae su salsa desde Medell\u00edn y pone a bailar a Venezuela\" \/>\n<meta property=\"og:url\" content=\"https:\/\/digital58.com.ve\/site\/2018\/06\/15\/orquesta-sonbilongo-trae-su-salsa-desde-medellin-y-pone-a-bailar-a-venezuela\/\" \/>\n<meta property=\"og:site_name\" content=\"Noticias Digital58\" \/>\n<meta property=\"article:published_time\" content=\"2018-06-15T20:44:25+00:00\" \/>\n<meta property=\"og:image\" content=\"https:\/\/digital58.com.ve\/site\/wp-content\/uploads\/2018\/06\/Sonbilongo-1500x1000.jpg\" \/>\n\t<meta property=\"og:image:width\" content=\"1500\" \/>\n\t<meta property=\"og:image:height\" content=\"1000\" \/>\n\t<meta property=\"og:image:type\" content=\"image\/jpeg\" \/>\n<meta name=\"author\" content=\"Villasmil Henry\" \/>\n<meta name=\"twitter:card\" content=\"summary_large_image\" \/>\n<meta name=\"twitter:creator\" content=\"@https:\/\/twitter.com\/villasmilhfoto\" \/>\n<meta name=\"twitter:site\" content=\"@villasmilhfoto\" \/>\n<meta name=\"twitter:label1\" content=\"Escrito por\" \/>\n\t<meta name=\"twitter:data1\" content=\"Villasmil Henry\" \/>\n\t<meta name=\"twitter:label2\" content=\"Tiempo estimado de lectura\" \/>\n\t<meta name=\"twitter:data2\" content=\"1 minuto\" \/>\n<script type=\"application\/ld+json\" class=\"yoast-schema-graph\">{\"@context\":\"https:\\\/\\\/schema.org\",\"@graph\":[{\"@type\":\"Article\",\"@id\":\"https:\\\/\\\/digital58.com.ve\\\/site\\\/2018\\\/06\\\/15\\\/orquesta-sonbilongo-trae-su-salsa-desde-medellin-y-pone-a-bailar-a-venezuela\\\/#article\",\"isPartOf\":{\"@id\":\"https:\\\/\\\/digital58.com.ve\\\/site\\\/2018\\\/06\\\/15\\\/orquesta-sonbilongo-trae-su-salsa-desde-medellin-y-pone-a-bailar-a-venezuela\\\/\"},\"author\":{\"name\":\"Villasmil Henry\",\"@id\":\"https:\\\/\\\/digital58.com.ve\\\/site\\\/#\\\/schema\\\/person\\\/64d1c2e4d0d4fd1b849980c4331c2951\"},\"headline\":\"Orquesta Sonbilongo trae su salsa desde Medell\u00edn y pone a bailar a Venezuela\",\"datePublished\":\"2018-06-15T20:44:25+00:00\",\"mainEntityOfPage\":{\"@id\":\"https:\\\/\\\/digital58.com.ve\\\/site\\\/2018\\\/06\\\/15\\\/orquesta-sonbilongo-trae-su-salsa-desde-medellin-y-pone-a-bailar-a-venezuela\\\/\"},\"wordCount\":198,\"commentCount\":0,\"publisher\":{\"@id\":\"https:\\\/\\\/digital58.com.ve\\\/site\\\/#\\\/schema\\\/person\\\/64d1c2e4d0d4fd1b849980c4331c2951\"},\"image\":{\"@id\":\"https:\\\/\\\/digital58.com.ve\\\/site\\\/2018\\\/06\\\/15\\\/orquesta-sonbilongo-trae-su-salsa-desde-medellin-y-pone-a-bailar-a-venezuela\\\/#primaryimage\"},\"thumbnailUrl\":\"https:\\\/\\\/digital58.com.ve\\\/site\\\/wp-content\\\/uploads\\\/2018\\\/06\\\/Sonbilongo.jpg\",\"keywords\":[\"Colombia\",\"Medell\u00edn\",\"M\u00fasica\",\"Salsa\",\"Sebasti\u00e1n Hurtado\",\"Sonbilongo\",\"Venezuela\"],\"articleSection\":[\"Fama\"],\"inLanguage\":\"es\",\"potentialAction\":[{\"@type\":\"CommentAction\",\"name\":\"Comment\",\"target\":[\"https:\\\/\\\/digital58.com.ve\\\/site\\\/2018\\\/06\\\/15\\\/orquesta-sonbilongo-trae-su-salsa-desde-medellin-y-pone-a-bailar-a-venezuela\\\/#respond\"]}]},{\"@type\":\"WebPage\",\"@id\":\"https:\\\/\\\/digital58.com.ve\\\/site\\\/2018\\\/06\\\/15\\\/orquesta-sonbilongo-trae-su-salsa-desde-medellin-y-pone-a-bailar-a-venezuela\\\/\",\"url\":\"https:\\\/\\\/digital58.com.ve\\\/site\\\/2018\\\/06\\\/15\\\/orquesta-sonbilongo-trae-su-salsa-desde-medellin-y-pone-a-bailar-a-venezuela\\\/\",\"name\":\"Orquesta Sonbilongo trae su salsa desde Medell\u00edn y pone a bailar a Venezuela\",\"isPartOf\":{\"@id\":\"https:\\\/\\\/digital58.com.ve\\\/site\\\/#website\"},\"primaryImageOfPage\":{\"@id\":\"https:\\\/\\\/digital58.com.ve\\\/site\\\/2018\\\/06\\\/15\\\/orquesta-sonbilongo-trae-su-salsa-desde-medellin-y-pone-a-bailar-a-venezuela\\\/#primaryimage\"},\"image\":{\"@id\":\"https:\\\/\\\/digital58.com.ve\\\/site\\\/2018\\\/06\\\/15\\\/orquesta-sonbilongo-trae-su-salsa-desde-medellin-y-pone-a-bailar-a-venezuela\\\/#primaryimage\"},\"thumbnailUrl\":\"https:\\\/\\\/digital58.com.ve\\\/site\\\/wp-content\\\/uploads\\\/2018\\\/06\\\/Sonbilongo.jpg\",\"datePublished\":\"2018-06-15T20:44:25+00:00\",\"breadcrumb\":{\"@id\":\"https:\\\/\\\/digital58.com.ve\\\/site\\\/2018\\\/06\\\/15\\\/orquesta-sonbilongo-trae-su-salsa-desde-medellin-y-pone-a-bailar-a-venezuela\\\/#breadcrumb\"},\"inLanguage\":\"es\",\"potentialAction\":[{\"@type\":\"ReadAction\",\"target\":[\"https:\\\/\\\/digital58.com.ve\\\/site\\\/2018\\\/06\\\/15\\\/orquesta-sonbilongo-trae-su-salsa-desde-medellin-y-pone-a-bailar-a-venezuela\\\/\"]}]},{\"@type\":\"ImageObject\",\"inLanguage\":\"es\",\"@id\":\"https:\\\/\\\/digital58.com.ve\\\/site\\\/2018\\\/06\\\/15\\\/orquesta-sonbilongo-trae-su-salsa-desde-medellin-y-pone-a-bailar-a-venezuela\\\/#primaryimage\",\"url\":\"https:\\\/\\\/digital58.com.ve\\\/site\\\/wp-content\\\/uploads\\\/2018\\\/06\\\/Sonbilongo.jpg\",\"contentUrl\":\"https:\\\/\\\/digital58.com.ve\\\/site\\\/wp-content\\\/uploads\\\/2018\\\/06\\\/Sonbilongo.jpg\",\"width\":800,\"height\":533},{\"@type\":\"BreadcrumbList\",\"@id\":\"https:\\\/\\\/digital58.com.ve\\\/site\\\/2018\\\/06\\\/15\\\/orquesta-sonbilongo-trae-su-salsa-desde-medellin-y-pone-a-bailar-a-venezuela\\\/#breadcrumb\",\"itemListElement\":[{\"@type\":\"ListItem\",\"position\":1,\"name\":\"Home\",\"item\":\"https:\\\/\\\/digital58.com.ve\\\/site\\\/\"},{\"@type\":\"ListItem\",\"position\":2,\"name\":\"Orquesta Sonbilongo trae su salsa desde Medell\u00edn y pone a bailar a Venezuela\"}]},{\"@type\":\"WebSite\",\"@id\":\"https:\\\/\\\/digital58.com.ve\\\/site\\\/#website\",\"url\":\"https:\\\/\\\/digital58.com.ve\\\/site\\\/\",\"name\":\"Noticias Digital58\",\"description\":\"Portal de Noticias \u00a1Periodismo web de verdad! Lanzamiento web 22.11.2005 \\\/ Maracaibo, Venezuela\",\"publisher\":{\"@id\":\"https:\\\/\\\/digital58.com.ve\\\/site\\\/#\\\/schema\\\/person\\\/64d1c2e4d0d4fd1b849980c4331c2951\"},\"alternateName\":\"ND58\",\"potentialAction\":[{\"@type\":\"SearchAction\",\"target\":{\"@type\":\"EntryPoint\",\"urlTemplate\":\"https:\\\/\\\/digital58.com.ve\\\/site\\\/?s={search_term_string}\"},\"query-input\":{\"@type\":\"PropertyValueSpecification\",\"valueRequired\":true,\"valueName\":\"search_term_string\"}}],\"inLanguage\":\"es\"},{\"@type\":[\"Person\",\"Organization\"],\"@id\":\"https:\\\/\\\/digital58.com.ve\\\/site\\\/#\\\/schema\\\/person\\\/64d1c2e4d0d4fd1b849980c4331c2951\",\"name\":\"Villasmil Henry\",\"image\":{\"@type\":\"ImageObject\",\"inLanguage\":\"es\",\"@id\":\"https:\\\/\\\/secure.gravatar.com\\\/avatar\\\/bb0c4a2fcb7970138239f7e404ea75757b1b507b28b5ce4c53fbd62d797c5a7c?s=96&d=mm&r=g\",\"url\":\"https:\\\/\\\/secure.gravatar.com\\\/avatar\\\/bb0c4a2fcb7970138239f7e404ea75757b1b507b28b5ce4c53fbd62d797c5a7c?s=96&d=mm&r=g\",\"contentUrl\":\"https:\\\/\\\/secure.gravatar.com\\\/avatar\\\/bb0c4a2fcb7970138239f7e404ea75757b1b507b28b5ce4c53fbd62d797c5a7c?s=96&d=mm&r=g\",\"caption\":\"Villasmil Henry\"},\"logo\":{\"@id\":\"https:\\\/\\\/secure.gravatar.com\\\/avatar\\\/bb0c4a2fcb7970138239f7e404ea75757b1b507b28b5ce4c53fbd62d797c5a7c?s=96&d=mm&r=g\"},\"sameAs\":[\"http:\\\/\\\/www.henryvillasmil.com.ve\",\"https:\\\/\\\/www.instagram.com\\\/villasmilhfoto\\\/\",\"https:\\\/\\\/x.com\\\/https:\\\/\\\/twitter.com\\\/villasmilhfoto\"],\"url\":\"https:\\\/\\\/digital58.com.ve\\\/site\\\/author\\\/droopy_68\\\/\"}]}<\/script>\n<!-- \/ Yoast SEO plugin. -->","yoast_head_json":{"title":"Orquesta Sonbilongo trae su salsa desde Medell\u00edn y pone a bailar a Venezuela","robots":{"index":"index","follow":"follow","max-snippet":"max-snippet:-1","max-image-preview":"max-image-preview:large","max-video-preview":"max-video-preview:-1"},"canonical":"https:\/\/digital58.com.ve\/site\/2018\/06\/15\/orquesta-sonbilongo-trae-su-salsa-desde-medellin-y-pone-a-bailar-a-venezuela\/","og_locale":"es_ES","og_type":"article","og_title":"Orquesta Sonbilongo trae su salsa desde Medell\u00edn y pone a bailar a Venezuela","og_url":"https:\/\/digital58.com.ve\/site\/2018\/06\/15\/orquesta-sonbilongo-trae-su-salsa-desde-medellin-y-pone-a-bailar-a-venezuela\/","og_site_name":"Noticias Digital58","article_published_time":"2018-06-15T20:44:25+00:00","og_image":[{"width":1500,"height":1000,"url":"https:\/\/digital58.com.ve\/site\/wp-content\/uploads\/2018\/06\/Sonbilongo-1500x1000.jpg","type":"image\/jpeg"}],"author":"Villasmil Henry","twitter_card":"summary_large_image","twitter_creator":"@https:\/\/twitter.com\/villasmilhfoto","twitter_site":"@villasmilhfoto","twitter_misc":{"Escrito por":"Villasmil Henry","Tiempo estimado de lectura":"1 minuto"},"schema":{"@context":"https:\/\/schema.org","@graph":[{"@type":"Article","@id":"https:\/\/digital58.com.ve\/site\/2018\/06\/15\/orquesta-sonbilongo-trae-su-salsa-desde-medellin-y-pone-a-bailar-a-venezuela\/#article","isPartOf":{"@id":"https:\/\/digital58.com.ve\/site\/2018\/06\/15\/orquesta-sonbilongo-trae-su-salsa-desde-medellin-y-pone-a-bailar-a-venezuela\/"},"author":{"name":"Villasmil Henry","@id":"https:\/\/digital58.com.ve\/site\/#\/schema\/person\/64d1c2e4d0d4fd1b849980c4331c2951"},"headline":"Orquesta Sonbilongo trae su salsa desde Medell\u00edn y pone a bailar a Venezuela","datePublished":"2018-06-15T20:44:25+00:00","mainEntityOfPage":{"@id":"https:\/\/digital58.com.ve\/site\/2018\/06\/15\/orquesta-sonbilongo-trae-su-salsa-desde-medellin-y-pone-a-bailar-a-venezuela\/"},"wordCount":198,"commentCount":0,"publisher":{"@id":"https:\/\/digital58.com.ve\/site\/#\/schema\/person\/64d1c2e4d0d4fd1b849980c4331c2951"},"image":{"@id":"https:\/\/digital58.com.ve\/site\/2018\/06\/15\/orquesta-sonbilongo-trae-su-salsa-desde-medellin-y-pone-a-bailar-a-venezuela\/#primaryimage"},"thumbnailUrl":"https:\/\/digital58.com.ve\/site\/wp-content\/uploads\/2018\/06\/Sonbilongo.jpg","keywords":["Colombia","Medell\u00edn","M\u00fasica","Salsa","Sebasti\u00e1n Hurtado","Sonbilongo","Venezuela"],"articleSection":["Fama"],"inLanguage":"es","potentialAction":[{"@type":"CommentAction","name":"Comment","target":["https:\/\/digital58.com.ve\/site\/2018\/06\/15\/orquesta-sonbilongo-trae-su-salsa-desde-medellin-y-pone-a-bailar-a-venezuela\/#respond"]}]},{"@type":"WebPage","@id":"https:\/\/digital58.com.ve\/site\/2018\/06\/15\/orquesta-sonbilongo-trae-su-salsa-desde-medellin-y-pone-a-bailar-a-venezuela\/","url":"https:\/\/digital58.com.ve\/site\/2018\/06\/15\/orquesta-sonbilongo-trae-su-salsa-desde-medellin-y-pone-a-bailar-a-venezuela\/","name":"Orquesta Sonbilongo trae su salsa desde Medell\u00edn y pone a bailar a Venezuela","isPartOf":{"@id":"https:\/\/digital58.com.ve\/site\/#website"},"primaryImageOfPage":{"@id":"https:\/\/digital58.com.ve\/site\/2018\/06\/15\/orquesta-sonbilongo-trae-su-salsa-desde-medellin-y-pone-a-bailar-a-venezuela\/#primaryimage"},"image":{"@id":"https:\/\/digital58.com.ve\/site\/2018\/06\/15\/orquesta-sonbilongo-trae-su-salsa-desde-medellin-y-pone-a-bailar-a-venezuela\/#primaryimage"},"thumbnailUrl":"https:\/\/digital58.com.ve\/site\/wp-content\/uploads\/2018\/06\/Sonbilongo.jpg","datePublished":"2018-06-15T20:44:25+00:00","breadcrumb":{"@id":"https:\/\/digital58.com.ve\/site\/2018\/06\/15\/orquesta-sonbilongo-trae-su-salsa-desde-medellin-y-pone-a-bailar-a-venezuela\/#breadcrumb"},"inLanguage":"es","potentialAction":[{"@type":"ReadAction","target":["https:\/\/digital58.com.ve\/site\/2018\/06\/15\/orquesta-sonbilongo-trae-su-salsa-desde-medellin-y-pone-a-bailar-a-venezuela\/"]}]},{"@type":"ImageObject","inLanguage":"es","@id":"https:\/\/digital58.com.ve\/site\/2018\/06\/15\/orquesta-sonbilongo-trae-su-salsa-desde-medellin-y-pone-a-bailar-a-venezuela\/#primaryimage","url":"https:\/\/digital58.com.ve\/site\/wp-content\/uploads\/2018\/06\/Sonbilongo.jpg","contentUrl":"https:\/\/digital58.com.ve\/site\/wp-content\/uploads\/2018\/06\/Sonbilongo.jpg","width":800,"height":533},{"@type":"BreadcrumbList","@id":"https:\/\/digital58.com.ve\/site\/2018\/06\/15\/orquesta-sonbilongo-trae-su-salsa-desde-medellin-y-pone-a-bailar-a-venezuela\/#breadcrumb","itemListElement":[{"@type":"ListItem","position":1,"name":"Home","item":"https:\/\/digital58.com.ve\/site\/"},{"@type":"ListItem","position":2,"name":"Orquesta Sonbilongo trae su salsa desde Medell\u00edn y pone a bailar a Venezuela"}]},{"@type":"WebSite","@id":"https:\/\/digital58.com.ve\/site\/#website","url":"https:\/\/digital58.com.ve\/site\/","name":"Noticias Digital58","description":"Portal de Noticias \u00a1Periodismo web de verdad! Lanzamiento web 22.11.2005 \/ Maracaibo, Venezuela","publisher":{"@id":"https:\/\/digital58.com.ve\/site\/#\/schema\/person\/64d1c2e4d0d4fd1b849980c4331c2951"},"alternateName":"ND58","potentialAction":[{"@type":"SearchAction","target":{"@type":"EntryPoint","urlTemplate":"https:\/\/digital58.com.ve\/site\/?s={search_term_string}"},"query-input":{"@type":"PropertyValueSpecification","valueRequired":true,"valueName":"search_term_string"}}],"inLanguage":"es"},{"@type":["Person","Organization"],"@id":"https:\/\/digital58.com.ve\/site\/#\/schema\/person\/64d1c2e4d0d4fd1b849980c4331c2951","name":"Villasmil Henry","image":{"@type":"ImageObject","inLanguage":"es","@id":"https:\/\/secure.gravatar.com\/avatar\/bb0c4a2fcb7970138239f7e404ea75757b1b507b28b5ce4c53fbd62d797c5a7c?s=96&d=mm&r=g","url":"https:\/\/secure.gravatar.com\/avatar\/bb0c4a2fcb7970138239f7e404ea75757b1b507b28b5ce4c53fbd62d797c5a7c?s=96&d=mm&r=g","contentUrl":"https:\/\/secure.gravatar.com\/avatar\/bb0c4a2fcb7970138239f7e404ea75757b1b507b28b5ce4c53fbd62d797c5a7c?s=96&d=mm&r=g","caption":"Villasmil Henry"},"logo":{"@id":"https:\/\/secure.gravatar.com\/avatar\/bb0c4a2fcb7970138239f7e404ea75757b1b507b28b5ce4c53fbd62d797c5a7c?s=96&d=mm&r=g"},"sameAs":["http:\/\/www.henryvillasmil.com.ve","https:\/\/www.instagram.com\/villasmilhfoto\/","https:\/\/x.com\/https:\/\/twitter.com\/villasmilhfoto"],"url":"https:\/\/digital58.com.ve\/site\/author\/droopy_68\/"}]}},"uagb_featured_image_src":{"full":["https:\/\/digital58.com.ve\/site\/wp-content\/uploads\/2018\/06\/Sonbilongo.jpg",800,533,false],"thumbnail":["https:\/\/digital58.com.ve\/site\/wp-content\/uploads\/2018\/06\/Sonbilongo-150x150.jpg",150,150,true],"medium":["https:\/\/digital58.com.ve\/site\/wp-content\/uploads\/2018\/06\/Sonbilongo-300x200.jpg",300,200,true],"medium_large":["https:\/\/digital58.com.ve\/site\/wp-content\/uploads\/2018\/06\/Sonbilongo-768x512.jpg",768,512,true],"large":["https:\/\/digital58.com.ve\/site\/wp-content\/uploads\/2018\/06\/Sonbilongo-1500x1000.jpg",800,533,true],"1536x1536":["https:\/\/digital58.com.ve\/site\/wp-content\/uploads\/2018\/06\/Sonbilongo.jpg",800,533,false],"2048x2048":["https:\/\/digital58.com.ve\/site\/wp-content\/uploads\/2018\/06\/Sonbilongo.jpg",800,533,false],"colormag-highlighted-post":["https:\/\/digital58.com.ve\/site\/wp-content\/uploads\/2018\/06\/Sonbilongo.jpg",392,261,false],"colormag-featured-post-medium":["https:\/\/digital58.com.ve\/site\/wp-content\/uploads\/2018\/06\/Sonbilongo.jpg",308,205,false],"colormag-featured-post-small":["https:\/\/digital58.com.ve\/site\/wp-content\/uploads\/2018\/06\/Sonbilongo.jpg",130,87,false],"colormag-featured-image":["https:\/\/digital58.com.ve\/site\/wp-content\/uploads\/2018\/06\/Sonbilongo.jpg",668,445,false],"colormag-default-news":["https:\/\/digital58.com.ve\/site\/wp-content\/uploads\/2018\/06\/Sonbilongo.jpg",150,100,false],"colormag-featured-image-large":["https:\/\/digital58.com.ve\/site\/wp-content\/uploads\/2018\/06\/Sonbilongo.jpg",800,533,false]},"uagb_author_info":{"display_name":"Villasmil Henry","author_link":"https:\/\/digital58.com.ve\/site\/author\/droopy_68\/"},"uagb_comment_info":0,"uagb_excerpt":"La orquesta musical Sonbilongo, una de las m\u00e1s populares de la ciudad de Medell\u00edn, Colombia, se encuentra de gira por","_links":{"self":[{"href":"https:\/\/digital58.com.ve\/site\/wp-json\/wp\/v2\/posts\/79823","targetHints":{"allow":["GET"]}}],"collection":[{"href":"https:\/\/digital58.com.ve\/site\/wp-json\/wp\/v2\/posts"}],"about":[{"href":"https:\/\/digital58.com.ve\/site\/wp-json\/wp\/v2\/types\/post"}],"author":[{"embeddable":true,"href":"https:\/\/digital58.com.ve\/site\/wp-json\/wp\/v2\/users\/1"}],"replies":[{"embeddable":true,"href":"https:\/\/digital58.com.ve\/site\/wp-json\/wp\/v2\/comments?post=79823"}],"version-history":[{"count":0,"href":"https:\/\/digital58.com.ve\/site\/wp-json\/wp\/v2\/posts\/79823\/revisions"}],"wp:featuredmedia":[{"embeddable":true,"href":"https:\/\/digital58.com.ve\/site\/wp-json\/wp\/v2\/media\/79824"}],"wp:attachment":[{"href":"https:\/\/digital58.com.ve\/site\/wp-json\/wp\/v2\/media?parent=79823"}],"wp:term":[{"taxonomy":"category","embeddable":true,"href":"https:\/\/digital58.com.ve\/site\/wp-json\/wp\/v2\/categories?post=79823"},{"taxonomy":"post_tag","embeddable":true,"href":"https:\/\/digital58.com.ve\/site\/wp-json\/wp\/v2\/tags?post=79823"}],"curies":[{"name":"wp","href":"https:\/\/api.w.org\/{rel}","templated":true}]}}