{"id":79885,"date":"2018-06-18T08:36:05","date_gmt":"2018-06-18T12:36:05","guid":{"rendered":"http:\/\/digital58.com.ve\/site\/?p=79885"},"modified":"2018-06-18T08:36:05","modified_gmt":"2018-06-18T12:36:05","slug":"rusia-2018-kolarov-derriba-la-fortaleza-tica","status":"publish","type":"post","link":"https:\/\/digital58.com.ve\/site\/2018\/06\/18\/rusia-2018-kolarov-derriba-la-fortaleza-tica\/","title":{"rendered":"Rusia 2018: Kolarov derriba la fortaleza \u00abTica\u00bb"},"content":{"rendered":"<p><a href=\"http:\/\/digital58.com.ve\/site\/wp-content\/uploads\/2018\/06\/serbia-cc-2.jpg\"><img loading=\"lazy\" decoding=\"async\" class=\"aligncenter size-large wp-image-79888\" src=\"http:\/\/digital58.com.ve\/site\/wp-content\/uploads\/2018\/06\/serbia-cc-2-1424x1024.jpg\" alt=\"\" width=\"640\" height=\"460\" srcset=\"https:\/\/digital58.com.ve\/site\/wp-content\/uploads\/2018\/06\/serbia-cc-2-1424x1024.jpg 1424w, https:\/\/digital58.com.ve\/site\/wp-content\/uploads\/2018\/06\/serbia-cc-2-300x216.jpg 300w, https:\/\/digital58.com.ve\/site\/wp-content\/uploads\/2018\/06\/serbia-cc-2-768x552.jpg 768w, https:\/\/digital58.com.ve\/site\/wp-content\/uploads\/2018\/06\/serbia-cc-2.jpg 800w\" sizes=\"auto, (max-width: 640px) 100vw, 640px\" \/><\/a><\/p>\n<p>Un gol de falta del defensa serbio Alexandar Kolarov al filo de la hora de juego derrib\u00f3 la fortaleza de Costa Rica (0-1) en el debut en el Mundial de Rusia, que hasta ese momento se hab\u00eda mantenido firme gracias a las buenas actuaciones del guardameta Keylor Navas.<\/p>\n<p><strong>Samara, Rusia, 17 de junio de 2018 (Noticias D58).-<\/strong> La derrota puso fin a la serie de cinco partidos invictos de los cuartofinalistas de la pasada edici\u00f3n, eliminados entonces por Holanda en una tanda de penaltis. Costa Rica deja as\u00ed solo a Alemania y Holanda con una serie abierta de partidos sin perder.<\/p>\n<p>A bal\u00f3n parado logr\u00f3 Serbia lo que no hab\u00eda podido conseguir con juego, en el que pese a su dominio del partido se estrell\u00f3 una y otra vez contra la disciplina defensiva de los hombres de \u00d3scar Ram\u00edrez.<\/p>\n<p>Cruel derrota para la selecci\u00f3n costarricense que sue\u00f1a con estirar el buen rendimiento de esta generaci\u00f3n de jugadores que hace cuatro a\u00f1os sorprendieron al mundo alcanzando los cuartos de final en el Mundial de Brasil.<\/p>\n<p>Su debut complica mucho ahora que puedan superar la primera fase, porque, como apunt\u00f3 en la previa el seleccionador \u00abtico\u00bb, Serbia aparec\u00eda como el rival m\u00e1s asequible sobre el papel.<\/p>\n<p>Como ya hiciera en el pasado Mundial, cuando super\u00f3 la fase de grupos por delante de Italia, Inglaterra y Uruguay, Costa Rica se ve obligada ahora a una gesta de id\u00e9nticas dimensiones, puesto que su siguiente rival ser\u00e1 la pentacampeona Brasil.<\/p>\n<p>El tanto de Kolarov acab\u00f3 con un buen trabajo colectivo que hasta ese momento hab\u00eda mantenido el combinado \u00abTico\u00bb, que incluso lleg\u00f3 a disponer de ocasiones para adelantarse en el marcador.<\/p>\n<p>Pero volvi\u00f3 a demostrar que tiene la p\u00f3lvora mojada, como en los tres duelos de preparaci\u00f3n anteriores a su llegada a Rusia. Le falta pegada al equipo de Ram\u00edrez, al que solo con el rigor t\u00e1ctico no sirve para reinventar la magia de hace cuatro a\u00f1os.<\/p>\n<p>Dispuso su dibujo habitual el t\u00e9cnico, con cinco hombres atr\u00e1s y Marcos Ure\u00f1a solo en punta, con el apoyo desde la banda de Johan Venegas como centrocampista m\u00e1s ofensivo.<\/p>\n<p>La mejor oportunidad costarricense estuvo en la cabeza de Giancarlo Gonz\u00e1lez a saque de un c\u00f3rner en dos tiempos entre David Guzm\u00e1n y Venegas, que el defensa del Bolonia remat\u00f3 de forma defectuosa.<\/p>\n<p>A partir de ah\u00ed, Costa Rica apareci\u00f3 poco en las inmediaciones del \u00e1rea de Vladimir Stojkovic.<\/p>\n<p>Fue Serbia quien llev\u00f3 m\u00e1s peligro, sobre todo por su banda derecha, con incorporaciones de Dusko Tosic y del veterano Branislav Ivanovic, que cumpli\u00f3 su partido 104 como internacional y arrebat\u00f3 as\u00ed el r\u00e9cord de su pa\u00eds a Dejan Stankovic.<\/p>\n<p>Pero la defensa \u00abTica\u00bb mantuvo la compostura y, las pocas veces que la perdi\u00f3, Navas demostr\u00f3 que atraviesa un momento dulce.<\/p>\n<p>El meta del Real Madrid sac\u00f3 dos balones colgados al \u00e1rea desde la derecha, uno de Ivanovic y otro de Tosic, pero su momento cumbre fue cuando en el 50 gan\u00f3 con maestr\u00eda un duelo Aleksandar Mitrovic que se hab\u00eda quedado solo ante el portero.<\/p>\n<p>Antes, tambi\u00e9n hizo una parada a una chilena del joven Sergej Milinkovic-Savic, que hab\u00eda sido injustamente anulada por fuera de juego.<\/p>\n<p>Luego lleg\u00f3 el gol en el 56, en el que pudo quiz\u00e1 hacer algo m\u00e1s al lanzamiento de falta de 25 metros de Kolarov, pero el bal\u00f3n hab\u00eda superado la barrera por un lugar inimaginable, entre dos cabezas costarricenses.<\/p>\n<p>La reacci\u00f3n desde el banquillo consisti\u00f3 en dar entrada a Christian Bola\u00f1os, que particip\u00f3 as\u00ed en su octavo partido en un Mundial, m\u00e1s que ning\u00fan otro \u00abTico\u00bb antes.<\/p>\n<p>Costa Rica no pudo, sin embargo, cambiar el signo del partido, Un equipo dise\u00f1ado para defender no fue capaz de crearse buenas ocasiones.<\/p>\n<p>La serbia de Mladen Krstajic mantuvo el orden e, incluso, se procur\u00f3 alguna oportunidad, que de nuevo fue bien respondida por Navas.<\/p>\n<p>El \u00faltimo estir\u00f3n \u00abTico\u00bb fue m\u00e1s con el coraz\u00f3n que con la cabeza y su frustraci\u00f3n qued\u00f3 clara cuando un asistente de banquillo se encarg\u00f3 con un jugador serbio.<\/p>\n<p>Bryan Ruiz dispuso del \u00faltimo remate cuando el reloj hab\u00eda superado ya el tiempo reglamentario. Bola\u00f1os remat\u00f3 luego en claro fuera de juego. La esperanza costarricense se apag\u00f3 para apelar ahora a la gesta.<\/p>\n<p><strong>Ficha t\u00e9cnica:<\/strong><\/p>\n<p><strong>0 &#8211; Costa Rica:<\/strong> Keylor Navas; Gamboa, Acosta, Gonz\u00e1lez, Duarte, Calvo; Venegas (Bola\u00f1os, m.60), Guzm\u00e1n (Colindres, m.73), Borges, Bryan Ruiz; y Ure\u00f1a (Campbell, m.67)<\/p>\n<p><strong>1 &#8211; Serbia:<\/strong> Stojkovic; Ivanovic, Kolarov, Tosic, Milenkovic; Milivojevic, Ljajic (Kostic, m.70), Matic, Milinkovic-Savic, Tadic (Rukavina, m.83); y Mitrovic (Prijovic, m.90)<\/p>\n<p><strong>Gol:<\/strong> 0-1, m.56: Kolarov<\/p>\n<p><strong>\u00c1rbitro:<\/strong> Melang Diedhiou (SEN), amonest\u00f3 a los costarricenses Calvo (m.22) y Guzm\u00e1n (56), y a los serbios Ivanovic (60) y Prijovic (97)<\/p>\n<p><strong>Incidencias:<\/strong> Encuentro de la primera jornada del grupo E del Mundial de Rusia disputado en el Samara Arena ante unos 41.970 espectadores.<\/p>\n<p><strong>Redacci\u00f3n con fuente: Luis Miguel Pascual\/EFE<\/strong><br \/>\n<strong>Edici\u00f3n: Villasmil, Henry<\/strong><br \/>\n<strong>Gr\u00e1ficas: EFE<\/strong><\/p>\n<p><a href=\"http:\/\/digital58.com.ve\/site\/wp-content\/uploads\/2018\/06\/serbia-cr.jpg\"><img loading=\"lazy\" decoding=\"async\" class=\"aligncenter size-large wp-image-79889\" src=\"http:\/\/digital58.com.ve\/site\/wp-content\/uploads\/2018\/06\/serbia-cr-1410x1024.jpg\" alt=\"\" width=\"640\" height=\"465\" srcset=\"https:\/\/digital58.com.ve\/site\/wp-content\/uploads\/2018\/06\/serbia-cr-1410x1024.jpg 1410w, https:\/\/digital58.com.ve\/site\/wp-content\/uploads\/2018\/06\/serbia-cr-300x218.jpg 300w, https:\/\/digital58.com.ve\/site\/wp-content\/uploads\/2018\/06\/serbia-cr-768x558.jpg 768w, https:\/\/digital58.com.ve\/site\/wp-content\/uploads\/2018\/06\/serbia-cr.jpg 800w\" sizes=\"auto, (max-width: 640px) 100vw, 640px\" \/><\/a><\/p>\n<p><a href=\"http:\/\/digital58.com.ve\/site\/wp-content\/uploads\/2018\/06\/serbia-cc-3.jpg\"><img loading=\"lazy\" decoding=\"async\" class=\"aligncenter size-large wp-image-79887\" src=\"http:\/\/digital58.com.ve\/site\/wp-content\/uploads\/2018\/06\/serbia-cc-3-1416x1024.jpg\" alt=\"\" width=\"640\" height=\"463\" srcset=\"https:\/\/digital58.com.ve\/site\/wp-content\/uploads\/2018\/06\/serbia-cc-3-1416x1024.jpg 1416w, https:\/\/digital58.com.ve\/site\/wp-content\/uploads\/2018\/06\/serbia-cc-3-300x217.jpg 300w, https:\/\/digital58.com.ve\/site\/wp-content\/uploads\/2018\/06\/serbia-cc-3-768x556.jpg 768w, https:\/\/digital58.com.ve\/site\/wp-content\/uploads\/2018\/06\/serbia-cc-3.jpg 800w\" sizes=\"auto, (max-width: 640px) 100vw, 640px\" \/><\/a><\/p>\n<p><a href=\"http:\/\/digital58.com.ve\/site\/wp-content\/uploads\/2018\/06\/serbia-cc-4.jpg\"><img loading=\"lazy\" decoding=\"async\" class=\"aligncenter size-large wp-image-79886\" src=\"http:\/\/digital58.com.ve\/site\/wp-content\/uploads\/2018\/06\/serbia-cc-4-1485x1024.jpg\" alt=\"\" width=\"640\" height=\"441\" srcset=\"https:\/\/digital58.com.ve\/site\/wp-content\/uploads\/2018\/06\/serbia-cc-4-1485x1024.jpg 1485w, https:\/\/digital58.com.ve\/site\/wp-content\/uploads\/2018\/06\/serbia-cc-4-300x207.jpg 300w, https:\/\/digital58.com.ve\/site\/wp-content\/uploads\/2018\/06\/serbia-cc-4-768x529.jpg 768w, https:\/\/digital58.com.ve\/site\/wp-content\/uploads\/2018\/06\/serbia-cc-4.jpg 800w\" sizes=\"auto, (max-width: 640px) 100vw, 640px\" \/><\/a><\/p>\n<p>&nbsp;<\/p>\n<p>&nbsp;<\/p>\n<p>&nbsp;<\/p><div class=\"wjzzw69f0f37e41715\" ><p style=\"text-align: center;\"><a href=\"https:\/\/t.me\/noticiasdigital58\" target=\"_blank\" rel=\"noopener\"><img class=\"aligncenter size-full wp-image-125363\" src=\"https:\/\/digital58.com.ve\/site\/wp-content\/uploads\/2021\/04\/banner-telegram-web-2021.png\" alt=\"\" width=\"600\" height=\"90\" \/><\/a><\/p><\/div><style type=\"text\/css\">\r\n@media screen and (min-width: 1201px) {\r\n.wjzzw69f0f37e41715 {\r\ndisplay: block;\r\n}\r\n}\r\n@media screen and (min-width: 993px) and (max-width: 1200px) {\r\n.wjzzw69f0f37e41715 {\r\ndisplay: block;\r\n}\r\n}\r\n@media screen and (min-width: 769px) and (max-width: 992px) {\r\n.wjzzw69f0f37e41715 {\r\ndisplay: block;\r\n}\r\n}\r\n@media screen and (min-width: 768px) and (max-width: 768px) {\r\n.wjzzw69f0f37e41715 {\r\ndisplay: block;\r\n}\r\n}\r\n@media screen and (max-width: 767px) {\r\n.wjzzw69f0f37e41715 {\r\ndisplay: block;\r\n}\r\n}\r\n<\/style>\r\n\n<p>&nbsp;<\/p>\n<div style=\"margin-top: 0px; margin-bottom: 0px;\" class=\"sharethis-inline-share-buttons\" ><\/div>","protected":false},"excerpt":{"rendered":"<p>Un gol de falta del defensa serbio Alexandar Kolarov al filo de la hora de juego derrib\u00f3 la fortaleza de<\/p>\n","protected":false},"author":1,"featured_media":79887,"comment_status":"open","ping_status":"closed","sticky":false,"template":"","format":"standard","meta":{"colormag_page_container_layout":"default_layout","colormag_page_sidebar_layout":"default_layout","_uag_custom_page_level_css":"","footnotes":""},"categories":[5402],"tags":[10779,280,283,13,11305,10170,8,172,7930,3577],"class_list":["post-79885","post","type-post","status-publish","format-standard","has-post-thumbnail","hentry","category-deportes","tag-copa-mundial-de-la-fifa-rusia-2018","tag-costa-rica","tag-fifa","tag-futbol","tag-futbol-internacionales","tag-grupo-e","tag-internacionales","tag-rusia","tag-rusia-2018","tag-serbia"],"yoast_head":"<!-- This site is optimized with the Yoast SEO plugin v27.5 - https:\/\/yoast.com\/product\/yoast-seo-wordpress\/ -->\n<title>Rusia 2018: Kolarov derriba la fortaleza \u00abTica\u00bb<\/title>\n<meta name=\"robots\" content=\"index, follow, max-snippet:-1, max-image-preview:large, max-video-preview:-1\" \/>\n<link rel=\"canonical\" href=\"https:\/\/digital58.com.ve\/site\/2018\/06\/18\/rusia-2018-kolarov-derriba-la-fortaleza-tica\/\" \/>\n<meta property=\"og:locale\" content=\"es_ES\" \/>\n<meta property=\"og:type\" content=\"article\" \/>\n<meta property=\"og:title\" content=\"Rusia 2018: Kolarov derriba la fortaleza \u00abTica\u00bb\" \/>\n<meta property=\"og:url\" content=\"https:\/\/digital58.com.ve\/site\/2018\/06\/18\/rusia-2018-kolarov-derriba-la-fortaleza-tica\/\" \/>\n<meta property=\"og:site_name\" content=\"Noticias Digital58\" \/>\n<meta property=\"article:published_time\" content=\"2018-06-18T12:36:05+00:00\" \/>\n<meta property=\"og:image\" content=\"https:\/\/digital58.com.ve\/site\/wp-content\/uploads\/2018\/06\/serbia-cc-3.jpg\" \/>\n\t<meta property=\"og:image:width\" content=\"1500\" \/>\n\t<meta property=\"og:image:height\" content=\"1085\" \/>\n\t<meta property=\"og:image:type\" content=\"image\/jpeg\" \/>\n<meta name=\"author\" content=\"Villasmil Henry\" \/>\n<meta name=\"twitter:card\" content=\"summary_large_image\" \/>\n<meta name=\"twitter:creator\" content=\"@https:\/\/twitter.com\/villasmilhfoto\" \/>\n<meta name=\"twitter:site\" content=\"@villasmilhfoto\" \/>\n<meta name=\"twitter:label1\" content=\"Escrito por\" \/>\n\t<meta name=\"twitter:data1\" content=\"Villasmil Henry\" \/>\n\t<meta name=\"twitter:label2\" content=\"Tiempo estimado de lectura\" \/>\n\t<meta name=\"twitter:data2\" content=\"4 minutos\" \/>\n<script type=\"application\/ld+json\" class=\"yoast-schema-graph\">{\"@context\":\"https:\\\/\\\/schema.org\",\"@graph\":[{\"@type\":\"Article\",\"@id\":\"https:\\\/\\\/digital58.com.ve\\\/site\\\/2018\\\/06\\\/18\\\/rusia-2018-kolarov-derriba-la-fortaleza-tica\\\/#article\",\"isPartOf\":{\"@id\":\"https:\\\/\\\/digital58.com.ve\\\/site\\\/2018\\\/06\\\/18\\\/rusia-2018-kolarov-derriba-la-fortaleza-tica\\\/\"},\"author\":{\"name\":\"Villasmil Henry\",\"@id\":\"https:\\\/\\\/digital58.com.ve\\\/site\\\/#\\\/schema\\\/person\\\/64d1c2e4d0d4fd1b849980c4331c2951\"},\"headline\":\"Rusia 2018: Kolarov derriba la fortaleza \u00abTica\u00bb\",\"datePublished\":\"2018-06-18T12:36:05+00:00\",\"mainEntityOfPage\":{\"@id\":\"https:\\\/\\\/digital58.com.ve\\\/site\\\/2018\\\/06\\\/18\\\/rusia-2018-kolarov-derriba-la-fortaleza-tica\\\/\"},\"wordCount\":863,\"commentCount\":0,\"publisher\":{\"@id\":\"https:\\\/\\\/digital58.com.ve\\\/site\\\/#\\\/schema\\\/person\\\/64d1c2e4d0d4fd1b849980c4331c2951\"},\"image\":{\"@id\":\"https:\\\/\\\/digital58.com.ve\\\/site\\\/2018\\\/06\\\/18\\\/rusia-2018-kolarov-derriba-la-fortaleza-tica\\\/#primaryimage\"},\"thumbnailUrl\":\"https:\\\/\\\/digital58.com.ve\\\/site\\\/wp-content\\\/uploads\\\/2018\\\/06\\\/serbia-cc-3.jpg\",\"keywords\":[\"Copa Mundial de la FIFA Rusia 2018\",\"Costa Rica\",\"Fifa\",\"F\u00fatbol\",\"F\u00fatbol Internacionales\",\"Grupo E\",\"Internacionales\",\"Rusia\",\"Rusia 2018\",\"Serbia\"],\"articleSection\":[\"Deportes\"],\"inLanguage\":\"es\",\"potentialAction\":[{\"@type\":\"CommentAction\",\"name\":\"Comment\",\"target\":[\"https:\\\/\\\/digital58.com.ve\\\/site\\\/2018\\\/06\\\/18\\\/rusia-2018-kolarov-derriba-la-fortaleza-tica\\\/#respond\"]}]},{\"@type\":\"WebPage\",\"@id\":\"https:\\\/\\\/digital58.com.ve\\\/site\\\/2018\\\/06\\\/18\\\/rusia-2018-kolarov-derriba-la-fortaleza-tica\\\/\",\"url\":\"https:\\\/\\\/digital58.com.ve\\\/site\\\/2018\\\/06\\\/18\\\/rusia-2018-kolarov-derriba-la-fortaleza-tica\\\/\",\"name\":\"Rusia 2018: Kolarov derriba la fortaleza \u00abTica\u00bb\",\"isPartOf\":{\"@id\":\"https:\\\/\\\/digital58.com.ve\\\/site\\\/#website\"},\"primaryImageOfPage\":{\"@id\":\"https:\\\/\\\/digital58.com.ve\\\/site\\\/2018\\\/06\\\/18\\\/rusia-2018-kolarov-derriba-la-fortaleza-tica\\\/#primaryimage\"},\"image\":{\"@id\":\"https:\\\/\\\/digital58.com.ve\\\/site\\\/2018\\\/06\\\/18\\\/rusia-2018-kolarov-derriba-la-fortaleza-tica\\\/#primaryimage\"},\"thumbnailUrl\":\"https:\\\/\\\/digital58.com.ve\\\/site\\\/wp-content\\\/uploads\\\/2018\\\/06\\\/serbia-cc-3.jpg\",\"datePublished\":\"2018-06-18T12:36:05+00:00\",\"breadcrumb\":{\"@id\":\"https:\\\/\\\/digital58.com.ve\\\/site\\\/2018\\\/06\\\/18\\\/rusia-2018-kolarov-derriba-la-fortaleza-tica\\\/#breadcrumb\"},\"inLanguage\":\"es\",\"potentialAction\":[{\"@type\":\"ReadAction\",\"target\":[\"https:\\\/\\\/digital58.com.ve\\\/site\\\/2018\\\/06\\\/18\\\/rusia-2018-kolarov-derriba-la-fortaleza-tica\\\/\"]}]},{\"@type\":\"ImageObject\",\"inLanguage\":\"es\",\"@id\":\"https:\\\/\\\/digital58.com.ve\\\/site\\\/2018\\\/06\\\/18\\\/rusia-2018-kolarov-derriba-la-fortaleza-tica\\\/#primaryimage\",\"url\":\"https:\\\/\\\/digital58.com.ve\\\/site\\\/wp-content\\\/uploads\\\/2018\\\/06\\\/serbia-cc-3.jpg\",\"contentUrl\":\"https:\\\/\\\/digital58.com.ve\\\/site\\\/wp-content\\\/uploads\\\/2018\\\/06\\\/serbia-cc-3.jpg\",\"width\":800,\"height\":579},{\"@type\":\"BreadcrumbList\",\"@id\":\"https:\\\/\\\/digital58.com.ve\\\/site\\\/2018\\\/06\\\/18\\\/rusia-2018-kolarov-derriba-la-fortaleza-tica\\\/#breadcrumb\",\"itemListElement\":[{\"@type\":\"ListItem\",\"position\":1,\"name\":\"Home\",\"item\":\"https:\\\/\\\/digital58.com.ve\\\/site\\\/\"},{\"@type\":\"ListItem\",\"position\":2,\"name\":\"Rusia 2018: Kolarov derriba la fortaleza \u00abTica\u00bb\"}]},{\"@type\":\"WebSite\",\"@id\":\"https:\\\/\\\/digital58.com.ve\\\/site\\\/#website\",\"url\":\"https:\\\/\\\/digital58.com.ve\\\/site\\\/\",\"name\":\"Noticias Digital58\",\"description\":\"Portal de Noticias \u00a1Periodismo web de verdad! Lanzamiento web 22.11.2005 \\\/ Maracaibo, Venezuela\",\"publisher\":{\"@id\":\"https:\\\/\\\/digital58.com.ve\\\/site\\\/#\\\/schema\\\/person\\\/64d1c2e4d0d4fd1b849980c4331c2951\"},\"alternateName\":\"ND58\",\"potentialAction\":[{\"@type\":\"SearchAction\",\"target\":{\"@type\":\"EntryPoint\",\"urlTemplate\":\"https:\\\/\\\/digital58.com.ve\\\/site\\\/?s={search_term_string}\"},\"query-input\":{\"@type\":\"PropertyValueSpecification\",\"valueRequired\":true,\"valueName\":\"search_term_string\"}}],\"inLanguage\":\"es\"},{\"@type\":[\"Person\",\"Organization\"],\"@id\":\"https:\\\/\\\/digital58.com.ve\\\/site\\\/#\\\/schema\\\/person\\\/64d1c2e4d0d4fd1b849980c4331c2951\",\"name\":\"Villasmil Henry\",\"image\":{\"@type\":\"ImageObject\",\"inLanguage\":\"es\",\"@id\":\"https:\\\/\\\/secure.gravatar.com\\\/avatar\\\/bb0c4a2fcb7970138239f7e404ea75757b1b507b28b5ce4c53fbd62d797c5a7c?s=96&d=mm&r=g\",\"url\":\"https:\\\/\\\/secure.gravatar.com\\\/avatar\\\/bb0c4a2fcb7970138239f7e404ea75757b1b507b28b5ce4c53fbd62d797c5a7c?s=96&d=mm&r=g\",\"contentUrl\":\"https:\\\/\\\/secure.gravatar.com\\\/avatar\\\/bb0c4a2fcb7970138239f7e404ea75757b1b507b28b5ce4c53fbd62d797c5a7c?s=96&d=mm&r=g\",\"caption\":\"Villasmil Henry\"},\"logo\":{\"@id\":\"https:\\\/\\\/secure.gravatar.com\\\/avatar\\\/bb0c4a2fcb7970138239f7e404ea75757b1b507b28b5ce4c53fbd62d797c5a7c?s=96&d=mm&r=g\"},\"sameAs\":[\"http:\\\/\\\/www.henryvillasmil.com.ve\",\"https:\\\/\\\/www.instagram.com\\\/villasmilhfoto\\\/\",\"https:\\\/\\\/x.com\\\/https:\\\/\\\/twitter.com\\\/villasmilhfoto\"],\"url\":\"https:\\\/\\\/digital58.com.ve\\\/site\\\/author\\\/droopy_68\\\/\"}]}<\/script>\n<!-- \/ Yoast SEO plugin. -->","yoast_head_json":{"title":"Rusia 2018: Kolarov derriba la fortaleza \u00abTica\u00bb","robots":{"index":"index","follow":"follow","max-snippet":"max-snippet:-1","max-image-preview":"max-image-preview:large","max-video-preview":"max-video-preview:-1"},"canonical":"https:\/\/digital58.com.ve\/site\/2018\/06\/18\/rusia-2018-kolarov-derriba-la-fortaleza-tica\/","og_locale":"es_ES","og_type":"article","og_title":"Rusia 2018: Kolarov derriba la fortaleza \u00abTica\u00bb","og_url":"https:\/\/digital58.com.ve\/site\/2018\/06\/18\/rusia-2018-kolarov-derriba-la-fortaleza-tica\/","og_site_name":"Noticias Digital58","article_published_time":"2018-06-18T12:36:05+00:00","og_image":[{"width":1500,"height":1085,"url":"https:\/\/digital58.com.ve\/site\/wp-content\/uploads\/2018\/06\/serbia-cc-3.jpg","type":"image\/jpeg"}],"author":"Villasmil Henry","twitter_card":"summary_large_image","twitter_creator":"@https:\/\/twitter.com\/villasmilhfoto","twitter_site":"@villasmilhfoto","twitter_misc":{"Escrito por":"Villasmil Henry","Tiempo estimado de lectura":"4 minutos"},"schema":{"@context":"https:\/\/schema.org","@graph":[{"@type":"Article","@id":"https:\/\/digital58.com.ve\/site\/2018\/06\/18\/rusia-2018-kolarov-derriba-la-fortaleza-tica\/#article","isPartOf":{"@id":"https:\/\/digital58.com.ve\/site\/2018\/06\/18\/rusia-2018-kolarov-derriba-la-fortaleza-tica\/"},"author":{"name":"Villasmil Henry","@id":"https:\/\/digital58.com.ve\/site\/#\/schema\/person\/64d1c2e4d0d4fd1b849980c4331c2951"},"headline":"Rusia 2018: Kolarov derriba la fortaleza \u00abTica\u00bb","datePublished":"2018-06-18T12:36:05+00:00","mainEntityOfPage":{"@id":"https:\/\/digital58.com.ve\/site\/2018\/06\/18\/rusia-2018-kolarov-derriba-la-fortaleza-tica\/"},"wordCount":863,"commentCount":0,"publisher":{"@id":"https:\/\/digital58.com.ve\/site\/#\/schema\/person\/64d1c2e4d0d4fd1b849980c4331c2951"},"image":{"@id":"https:\/\/digital58.com.ve\/site\/2018\/06\/18\/rusia-2018-kolarov-derriba-la-fortaleza-tica\/#primaryimage"},"thumbnailUrl":"https:\/\/digital58.com.ve\/site\/wp-content\/uploads\/2018\/06\/serbia-cc-3.jpg","keywords":["Copa Mundial de la FIFA Rusia 2018","Costa Rica","Fifa","F\u00fatbol","F\u00fatbol Internacionales","Grupo E","Internacionales","Rusia","Rusia 2018","Serbia"],"articleSection":["Deportes"],"inLanguage":"es","potentialAction":[{"@type":"CommentAction","name":"Comment","target":["https:\/\/digital58.com.ve\/site\/2018\/06\/18\/rusia-2018-kolarov-derriba-la-fortaleza-tica\/#respond"]}]},{"@type":"WebPage","@id":"https:\/\/digital58.com.ve\/site\/2018\/06\/18\/rusia-2018-kolarov-derriba-la-fortaleza-tica\/","url":"https:\/\/digital58.com.ve\/site\/2018\/06\/18\/rusia-2018-kolarov-derriba-la-fortaleza-tica\/","name":"Rusia 2018: Kolarov derriba la fortaleza \u00abTica\u00bb","isPartOf":{"@id":"https:\/\/digital58.com.ve\/site\/#website"},"primaryImageOfPage":{"@id":"https:\/\/digital58.com.ve\/site\/2018\/06\/18\/rusia-2018-kolarov-derriba-la-fortaleza-tica\/#primaryimage"},"image":{"@id":"https:\/\/digital58.com.ve\/site\/2018\/06\/18\/rusia-2018-kolarov-derriba-la-fortaleza-tica\/#primaryimage"},"thumbnailUrl":"https:\/\/digital58.com.ve\/site\/wp-content\/uploads\/2018\/06\/serbia-cc-3.jpg","datePublished":"2018-06-18T12:36:05+00:00","breadcrumb":{"@id":"https:\/\/digital58.com.ve\/site\/2018\/06\/18\/rusia-2018-kolarov-derriba-la-fortaleza-tica\/#breadcrumb"},"inLanguage":"es","potentialAction":[{"@type":"ReadAction","target":["https:\/\/digital58.com.ve\/site\/2018\/06\/18\/rusia-2018-kolarov-derriba-la-fortaleza-tica\/"]}]},{"@type":"ImageObject","inLanguage":"es","@id":"https:\/\/digital58.com.ve\/site\/2018\/06\/18\/rusia-2018-kolarov-derriba-la-fortaleza-tica\/#primaryimage","url":"https:\/\/digital58.com.ve\/site\/wp-content\/uploads\/2018\/06\/serbia-cc-3.jpg","contentUrl":"https:\/\/digital58.com.ve\/site\/wp-content\/uploads\/2018\/06\/serbia-cc-3.jpg","width":800,"height":579},{"@type":"BreadcrumbList","@id":"https:\/\/digital58.com.ve\/site\/2018\/06\/18\/rusia-2018-kolarov-derriba-la-fortaleza-tica\/#breadcrumb","itemListElement":[{"@type":"ListItem","position":1,"name":"Home","item":"https:\/\/digital58.com.ve\/site\/"},{"@type":"ListItem","position":2,"name":"Rusia 2018: Kolarov derriba la fortaleza \u00abTica\u00bb"}]},{"@type":"WebSite","@id":"https:\/\/digital58.com.ve\/site\/#website","url":"https:\/\/digital58.com.ve\/site\/","name":"Noticias Digital58","description":"Portal de Noticias \u00a1Periodismo web de verdad! Lanzamiento web 22.11.2005 \/ Maracaibo, Venezuela","publisher":{"@id":"https:\/\/digital58.com.ve\/site\/#\/schema\/person\/64d1c2e4d0d4fd1b849980c4331c2951"},"alternateName":"ND58","potentialAction":[{"@type":"SearchAction","target":{"@type":"EntryPoint","urlTemplate":"https:\/\/digital58.com.ve\/site\/?s={search_term_string}"},"query-input":{"@type":"PropertyValueSpecification","valueRequired":true,"valueName":"search_term_string"}}],"inLanguage":"es"},{"@type":["Person","Organization"],"@id":"https:\/\/digital58.com.ve\/site\/#\/schema\/person\/64d1c2e4d0d4fd1b849980c4331c2951","name":"Villasmil Henry","image":{"@type":"ImageObject","inLanguage":"es","@id":"https:\/\/secure.gravatar.com\/avatar\/bb0c4a2fcb7970138239f7e404ea75757b1b507b28b5ce4c53fbd62d797c5a7c?s=96&d=mm&r=g","url":"https:\/\/secure.gravatar.com\/avatar\/bb0c4a2fcb7970138239f7e404ea75757b1b507b28b5ce4c53fbd62d797c5a7c?s=96&d=mm&r=g","contentUrl":"https:\/\/secure.gravatar.com\/avatar\/bb0c4a2fcb7970138239f7e404ea75757b1b507b28b5ce4c53fbd62d797c5a7c?s=96&d=mm&r=g","caption":"Villasmil Henry"},"logo":{"@id":"https:\/\/secure.gravatar.com\/avatar\/bb0c4a2fcb7970138239f7e404ea75757b1b507b28b5ce4c53fbd62d797c5a7c?s=96&d=mm&r=g"},"sameAs":["http:\/\/www.henryvillasmil.com.ve","https:\/\/www.instagram.com\/villasmilhfoto\/","https:\/\/x.com\/https:\/\/twitter.com\/villasmilhfoto"],"url":"https:\/\/digital58.com.ve\/site\/author\/droopy_68\/"}]}},"uagb_featured_image_src":{"full":["https:\/\/digital58.com.ve\/site\/wp-content\/uploads\/2018\/06\/serbia-cc-3.jpg",800,579,false],"thumbnail":["https:\/\/digital58.com.ve\/site\/wp-content\/uploads\/2018\/06\/serbia-cc-3-150x150.jpg",150,150,true],"medium":["https:\/\/digital58.com.ve\/site\/wp-content\/uploads\/2018\/06\/serbia-cc-3-300x217.jpg",300,217,true],"medium_large":["https:\/\/digital58.com.ve\/site\/wp-content\/uploads\/2018\/06\/serbia-cc-3-768x556.jpg",768,556,true],"large":["https:\/\/digital58.com.ve\/site\/wp-content\/uploads\/2018\/06\/serbia-cc-3-1416x1024.jpg",800,579,true],"1536x1536":["https:\/\/digital58.com.ve\/site\/wp-content\/uploads\/2018\/06\/serbia-cc-3.jpg",800,579,false],"2048x2048":["https:\/\/digital58.com.ve\/site\/wp-content\/uploads\/2018\/06\/serbia-cc-3.jpg",800,579,false],"colormag-highlighted-post":["https:\/\/digital58.com.ve\/site\/wp-content\/uploads\/2018\/06\/serbia-cc-3.jpg",376,272,false],"colormag-featured-post-medium":["https:\/\/digital58.com.ve\/site\/wp-content\/uploads\/2018\/06\/serbia-cc-3.jpg",283,205,false],"colormag-featured-post-small":["https:\/\/digital58.com.ve\/site\/wp-content\/uploads\/2018\/06\/serbia-cc-3.jpg",124,90,false],"colormag-featured-image":["https:\/\/digital58.com.ve\/site\/wp-content\/uploads\/2018\/06\/serbia-cc-3.jpg",615,445,false],"colormag-default-news":["https:\/\/digital58.com.ve\/site\/wp-content\/uploads\/2018\/06\/serbia-cc-3.jpg",150,109,false],"colormag-featured-image-large":["https:\/\/digital58.com.ve\/site\/wp-content\/uploads\/2018\/06\/serbia-cc-3.jpg",800,579,false]},"uagb_author_info":{"display_name":"Villasmil Henry","author_link":"https:\/\/digital58.com.ve\/site\/author\/droopy_68\/"},"uagb_comment_info":0,"uagb_excerpt":"Un gol de falta del defensa serbio Alexandar Kolarov al filo de la hora de juego derrib\u00f3 la fortaleza de","_links":{"self":[{"href":"https:\/\/digital58.com.ve\/site\/wp-json\/wp\/v2\/posts\/79885","targetHints":{"allow":["GET"]}}],"collection":[{"href":"https:\/\/digital58.com.ve\/site\/wp-json\/wp\/v2\/posts"}],"about":[{"href":"https:\/\/digital58.com.ve\/site\/wp-json\/wp\/v2\/types\/post"}],"author":[{"embeddable":true,"href":"https:\/\/digital58.com.ve\/site\/wp-json\/wp\/v2\/users\/1"}],"replies":[{"embeddable":true,"href":"https:\/\/digital58.com.ve\/site\/wp-json\/wp\/v2\/comments?post=79885"}],"version-history":[{"count":0,"href":"https:\/\/digital58.com.ve\/site\/wp-json\/wp\/v2\/posts\/79885\/revisions"}],"wp:featuredmedia":[{"embeddable":true,"href":"https:\/\/digital58.com.ve\/site\/wp-json\/wp\/v2\/media\/79887"}],"wp:attachment":[{"href":"https:\/\/digital58.com.ve\/site\/wp-json\/wp\/v2\/media?parent=79885"}],"wp:term":[{"taxonomy":"category","embeddable":true,"href":"https:\/\/digital58.com.ve\/site\/wp-json\/wp\/v2\/categories?post=79885"},{"taxonomy":"post_tag","embeddable":true,"href":"https:\/\/digital58.com.ve\/site\/wp-json\/wp\/v2\/tags?post=79885"}],"curies":[{"name":"wp","href":"https:\/\/api.w.org\/{rel}","templated":true}]}}