{"id":80196,"date":"2018-06-30T18:10:31","date_gmt":"2018-06-30T22:10:31","guid":{"rendered":"http:\/\/digital58.com.ve\/site\/?p=80196"},"modified":"2018-06-30T18:10:31","modified_gmt":"2018-06-30T22:10:31","slug":"josua-mejias-fue-vendido-a-cd-leganes","status":"publish","type":"post","link":"https:\/\/digital58.com.ve\/site\/2018\/06\/30\/josua-mejias-fue-vendido-a-cd-leganes\/","title":{"rendered":"Josua Mej\u00edas fue vendido a CD Legan\u00e9s"},"content":{"rendered":"<p><a href=\"http:\/\/digital58.com.ve\/site\/wp-content\/uploads\/2018\/06\/carabobo-mejias.jpg\"><img loading=\"lazy\" decoding=\"async\" class=\"aligncenter size-full wp-image-80197\" src=\"http:\/\/digital58.com.ve\/site\/wp-content\/uploads\/2018\/06\/carabobo-mejias.jpg\" alt=\"\" width=\"1080\" height=\"717\" srcset=\"https:\/\/digital58.com.ve\/site\/wp-content\/uploads\/2018\/06\/carabobo-mejias.jpg 800w, https:\/\/digital58.com.ve\/site\/wp-content\/uploads\/2018\/06\/carabobo-mejias-300x199.jpg 300w, https:\/\/digital58.com.ve\/site\/wp-content\/uploads\/2018\/06\/carabobo-mejias-768x510.jpg 768w, https:\/\/digital58.com.ve\/site\/wp-content\/uploads\/2018\/06\/carabobo-mejias-480x320.jpg 480w\" sizes=\"auto, (max-width: 1080px) 100vw, 1080px\" \/><\/a><\/p>\n<p>Con el objetivo de contribuir en su desarrollo profesional, la junta directiva de Carabobo F\u00fatbol Club, liderada por Jimmy Ayoubissa, anunci\u00f3 la venta de los derechos deportivos del zaguero Josua Mej\u00edas al Club Deportivo Legan\u00e9s, equipo perteneciente a la Primera Divisi\u00f3n de Espa\u00f1a.<\/p>\n<p><strong>Valencia, Carabobo, 30 de junio de 2018 (Noticias D58).-<\/strong> El central valenciano, se encuentra desplegando su f\u00fatbol en territorio extranjero desde el segundo semestre del a\u00f1o pasado, cuando se fue a pr\u00e9stamo con el CD Legan\u00e9s, instituci\u00f3n que lo cedi\u00f3 a Cartagena FC, conjunto que milita en la Segunda B espa\u00f1ola, donde vio sus primeros minutos en el pa\u00eds europeo.<\/p>\n<p>Asimismo, el defensa de 20 a\u00f1os de edad, registr\u00f3 n\u00fameros importantes vistiendo la camiseta albinegra, al contender 2.372 minutos en 29 partidos, entre septiembre de 2017 y junio del a\u00f1o en curso. De esta forma, sus notables actuaciones generaron el inter\u00e9s de Legan\u00e9s para ejercer la compra de sus derechos.<\/p>\n<p>Tras potenciarse en las canteras de la \u00abVinotinto Regional\u00bb, y luego ser una pieza relevante en el equipo profesional, Josua Mej\u00edas da el salto definitivo al f\u00fatbol internacional, para continuar demostrando sus habilidades dentro del rect\u00e1ngulo de juego.<\/p>\n<p>De esta manera, el zaguero finaliza su v\u00ednculo con la divisa que fue testigo de su crecimiento como futbolista, por lo tanto, la instituci\u00f3n carabobe\u00f1a agradece la entrega del mundialista Sub-20 durante tantos a\u00f1os defendiendo la casaca granate, dese\u00e1ndole el mayor de los \u00e9xitos en cada paso de su carrera profesional.<\/p>\n<p><strong>Redacci\u00f3n con fuente:\u00a0 Maryalejandra Mata \/ Prensa @Carabobo_FC\u00a0<\/strong><br \/>\n<strong>Edici\u00f3n: Villasmil, Henry \/ @villasmilhfoto<\/strong><br \/>\n<strong>Gr\u00e1fica: Vicente Soto \/ @vicenteasoto<\/strong><\/p>\n<p>&nbsp;<\/p>\n<p>&nbsp;<\/p><div class=\"ixyve69f49402c6359\" ><p style=\"text-align: center;\"><a href=\"https:\/\/t.me\/noticiasdigital58\" target=\"_blank\" rel=\"noopener\"><img class=\"aligncenter size-full wp-image-125363\" src=\"https:\/\/digital58.com.ve\/site\/wp-content\/uploads\/2021\/04\/banner-telegram-web-2021.png\" alt=\"\" width=\"600\" height=\"90\" \/><\/a><\/p><\/div><style type=\"text\/css\">\r\n@media screen and (min-width: 1201px) {\r\n.ixyve69f49402c6359 {\r\ndisplay: block;\r\n}\r\n}\r\n@media screen and (min-width: 993px) and (max-width: 1200px) {\r\n.ixyve69f49402c6359 {\r\ndisplay: block;\r\n}\r\n}\r\n@media screen and (min-width: 769px) and (max-width: 992px) {\r\n.ixyve69f49402c6359 {\r\ndisplay: block;\r\n}\r\n}\r\n@media screen and (min-width: 768px) and (max-width: 768px) {\r\n.ixyve69f49402c6359 {\r\ndisplay: block;\r\n}\r\n}\r\n@media screen and (max-width: 767px) {\r\n.ixyve69f49402c6359 {\r\ndisplay: block;\r\n}\r\n}\r\n<\/style>\r\n\n<p>&nbsp;<\/p>\n<div style=\"margin-top: 0px; margin-bottom: 0px;\" class=\"sharethis-inline-share-buttons\" ><\/div>","protected":false},"excerpt":{"rendered":"<p>Con el objetivo de contribuir en su desarrollo profesional, la junta directiva de Carabobo F\u00fatbol Club, liderada por Jimmy Ayoubissa,<\/p>\n","protected":false},"author":1,"featured_media":80197,"comment_status":"open","ping_status":"closed","sticky":false,"template":"","format":"standard","meta":{"colormag_page_container_layout":"default_layout","colormag_page_sidebar_layout":"default_layout","_uag_custom_page_level_css":"","footnotes":""},"categories":[5402],"tags":[6807,11401,115,4148,13,8,11400,19,32],"class_list":["post-80196","post","type-post","status-publish","format-standard","has-post-thumbnail","hentry","category-deportes","tag-carabobo-futbol-club","tag-club-deportivo-leganes","tag-espana","tag-fichajes","tag-futbol","tag-internacionales","tag-josua-mejias","tag-primera-division","tag-venezuela"],"yoast_head":"<!-- This site is optimized with the Yoast SEO plugin v27.5 - https:\/\/yoast.com\/product\/yoast-seo-wordpress\/ -->\n<title>Josua Mej\u00edas fue vendido a CD Legan\u00e9s<\/title>\n<meta name=\"robots\" content=\"index, follow, max-snippet:-1, max-image-preview:large, max-video-preview:-1\" \/>\n<link rel=\"canonical\" href=\"https:\/\/digital58.com.ve\/site\/2018\/06\/30\/josua-mejias-fue-vendido-a-cd-leganes\/\" \/>\n<meta property=\"og:locale\" content=\"es_ES\" \/>\n<meta property=\"og:type\" content=\"article\" \/>\n<meta property=\"og:title\" content=\"Josua Mej\u00edas fue vendido a CD Legan\u00e9s\" \/>\n<meta property=\"og:url\" content=\"https:\/\/digital58.com.ve\/site\/2018\/06\/30\/josua-mejias-fue-vendido-a-cd-leganes\/\" \/>\n<meta property=\"og:site_name\" content=\"Noticias Digital58\" \/>\n<meta property=\"article:published_time\" content=\"2018-06-30T22:10:31+00:00\" \/>\n<meta property=\"og:image\" content=\"https:\/\/digital58.com.ve\/site\/wp-content\/uploads\/2018\/06\/carabobo-mejias.jpg\" \/>\n\t<meta property=\"og:image:width\" content=\"1080\" \/>\n\t<meta property=\"og:image:height\" content=\"717\" \/>\n\t<meta property=\"og:image:type\" content=\"image\/jpeg\" \/>\n<meta name=\"author\" content=\"Villasmil Henry\" \/>\n<meta name=\"twitter:card\" content=\"summary_large_image\" \/>\n<meta name=\"twitter:creator\" content=\"@https:\/\/twitter.com\/villasmilhfoto\" \/>\n<meta name=\"twitter:site\" content=\"@villasmilhfoto\" \/>\n<meta name=\"twitter:label1\" content=\"Escrito por\" \/>\n\t<meta name=\"twitter:data1\" content=\"Villasmil Henry\" \/>\n\t<meta name=\"twitter:label2\" content=\"Tiempo estimado de lectura\" \/>\n\t<meta name=\"twitter:data2\" content=\"1 minuto\" \/>\n<script type=\"application\/ld+json\" class=\"yoast-schema-graph\">{\"@context\":\"https:\\\/\\\/schema.org\",\"@graph\":[{\"@type\":\"Article\",\"@id\":\"https:\\\/\\\/digital58.com.ve\\\/site\\\/2018\\\/06\\\/30\\\/josua-mejias-fue-vendido-a-cd-leganes\\\/#article\",\"isPartOf\":{\"@id\":\"https:\\\/\\\/digital58.com.ve\\\/site\\\/2018\\\/06\\\/30\\\/josua-mejias-fue-vendido-a-cd-leganes\\\/\"},\"author\":{\"name\":\"Villasmil Henry\",\"@id\":\"https:\\\/\\\/digital58.com.ve\\\/site\\\/#\\\/schema\\\/person\\\/64d1c2e4d0d4fd1b849980c4331c2951\"},\"headline\":\"Josua Mej\u00edas fue vendido a CD Legan\u00e9s\",\"datePublished\":\"2018-06-30T22:10:31+00:00\",\"mainEntityOfPage\":{\"@id\":\"https:\\\/\\\/digital58.com.ve\\\/site\\\/2018\\\/06\\\/30\\\/josua-mejias-fue-vendido-a-cd-leganes\\\/\"},\"wordCount\":293,\"commentCount\":0,\"publisher\":{\"@id\":\"https:\\\/\\\/digital58.com.ve\\\/site\\\/#\\\/schema\\\/person\\\/64d1c2e4d0d4fd1b849980c4331c2951\"},\"image\":{\"@id\":\"https:\\\/\\\/digital58.com.ve\\\/site\\\/2018\\\/06\\\/30\\\/josua-mejias-fue-vendido-a-cd-leganes\\\/#primaryimage\"},\"thumbnailUrl\":\"https:\\\/\\\/digital58.com.ve\\\/site\\\/wp-content\\\/uploads\\\/2018\\\/06\\\/carabobo-mejias.jpg\",\"keywords\":[\"Carabobo F\u00fatbol Club\",\"Club Deportivo Legan\u00e9s\",\"Espa\u00f1a\",\"Fichajes\",\"F\u00fatbol\",\"Internacionales\",\"Josua Mej\u00edas\",\"Primera Divisi\u00f3n\",\"Venezuela\"],\"articleSection\":[\"Deportes\"],\"inLanguage\":\"es\",\"potentialAction\":[{\"@type\":\"CommentAction\",\"name\":\"Comment\",\"target\":[\"https:\\\/\\\/digital58.com.ve\\\/site\\\/2018\\\/06\\\/30\\\/josua-mejias-fue-vendido-a-cd-leganes\\\/#respond\"]}]},{\"@type\":\"WebPage\",\"@id\":\"https:\\\/\\\/digital58.com.ve\\\/site\\\/2018\\\/06\\\/30\\\/josua-mejias-fue-vendido-a-cd-leganes\\\/\",\"url\":\"https:\\\/\\\/digital58.com.ve\\\/site\\\/2018\\\/06\\\/30\\\/josua-mejias-fue-vendido-a-cd-leganes\\\/\",\"name\":\"Josua Mej\u00edas fue vendido a CD Legan\u00e9s\",\"isPartOf\":{\"@id\":\"https:\\\/\\\/digital58.com.ve\\\/site\\\/#website\"},\"primaryImageOfPage\":{\"@id\":\"https:\\\/\\\/digital58.com.ve\\\/site\\\/2018\\\/06\\\/30\\\/josua-mejias-fue-vendido-a-cd-leganes\\\/#primaryimage\"},\"image\":{\"@id\":\"https:\\\/\\\/digital58.com.ve\\\/site\\\/2018\\\/06\\\/30\\\/josua-mejias-fue-vendido-a-cd-leganes\\\/#primaryimage\"},\"thumbnailUrl\":\"https:\\\/\\\/digital58.com.ve\\\/site\\\/wp-content\\\/uploads\\\/2018\\\/06\\\/carabobo-mejias.jpg\",\"datePublished\":\"2018-06-30T22:10:31+00:00\",\"breadcrumb\":{\"@id\":\"https:\\\/\\\/digital58.com.ve\\\/site\\\/2018\\\/06\\\/30\\\/josua-mejias-fue-vendido-a-cd-leganes\\\/#breadcrumb\"},\"inLanguage\":\"es\",\"potentialAction\":[{\"@type\":\"ReadAction\",\"target\":[\"https:\\\/\\\/digital58.com.ve\\\/site\\\/2018\\\/06\\\/30\\\/josua-mejias-fue-vendido-a-cd-leganes\\\/\"]}]},{\"@type\":\"ImageObject\",\"inLanguage\":\"es\",\"@id\":\"https:\\\/\\\/digital58.com.ve\\\/site\\\/2018\\\/06\\\/30\\\/josua-mejias-fue-vendido-a-cd-leganes\\\/#primaryimage\",\"url\":\"https:\\\/\\\/digital58.com.ve\\\/site\\\/wp-content\\\/uploads\\\/2018\\\/06\\\/carabobo-mejias.jpg\",\"contentUrl\":\"https:\\\/\\\/digital58.com.ve\\\/site\\\/wp-content\\\/uploads\\\/2018\\\/06\\\/carabobo-mejias.jpg\",\"width\":800,\"height\":531},{\"@type\":\"BreadcrumbList\",\"@id\":\"https:\\\/\\\/digital58.com.ve\\\/site\\\/2018\\\/06\\\/30\\\/josua-mejias-fue-vendido-a-cd-leganes\\\/#breadcrumb\",\"itemListElement\":[{\"@type\":\"ListItem\",\"position\":1,\"name\":\"Home\",\"item\":\"https:\\\/\\\/digital58.com.ve\\\/site\\\/\"},{\"@type\":\"ListItem\",\"position\":2,\"name\":\"Josua Mej\u00edas fue vendido a CD Legan\u00e9s\"}]},{\"@type\":\"WebSite\",\"@id\":\"https:\\\/\\\/digital58.com.ve\\\/site\\\/#website\",\"url\":\"https:\\\/\\\/digital58.com.ve\\\/site\\\/\",\"name\":\"Noticias Digital58\",\"description\":\"Portal de Noticias \u00a1Periodismo web de verdad! Lanzamiento web 22.11.2005 \\\/ Maracaibo, Venezuela\",\"publisher\":{\"@id\":\"https:\\\/\\\/digital58.com.ve\\\/site\\\/#\\\/schema\\\/person\\\/64d1c2e4d0d4fd1b849980c4331c2951\"},\"alternateName\":\"ND58\",\"potentialAction\":[{\"@type\":\"SearchAction\",\"target\":{\"@type\":\"EntryPoint\",\"urlTemplate\":\"https:\\\/\\\/digital58.com.ve\\\/site\\\/?s={search_term_string}\"},\"query-input\":{\"@type\":\"PropertyValueSpecification\",\"valueRequired\":true,\"valueName\":\"search_term_string\"}}],\"inLanguage\":\"es\"},{\"@type\":[\"Person\",\"Organization\"],\"@id\":\"https:\\\/\\\/digital58.com.ve\\\/site\\\/#\\\/schema\\\/person\\\/64d1c2e4d0d4fd1b849980c4331c2951\",\"name\":\"Villasmil Henry\",\"image\":{\"@type\":\"ImageObject\",\"inLanguage\":\"es\",\"@id\":\"https:\\\/\\\/secure.gravatar.com\\\/avatar\\\/bb0c4a2fcb7970138239f7e404ea75757b1b507b28b5ce4c53fbd62d797c5a7c?s=96&d=mm&r=g\",\"url\":\"https:\\\/\\\/secure.gravatar.com\\\/avatar\\\/bb0c4a2fcb7970138239f7e404ea75757b1b507b28b5ce4c53fbd62d797c5a7c?s=96&d=mm&r=g\",\"contentUrl\":\"https:\\\/\\\/secure.gravatar.com\\\/avatar\\\/bb0c4a2fcb7970138239f7e404ea75757b1b507b28b5ce4c53fbd62d797c5a7c?s=96&d=mm&r=g\",\"caption\":\"Villasmil Henry\"},\"logo\":{\"@id\":\"https:\\\/\\\/secure.gravatar.com\\\/avatar\\\/bb0c4a2fcb7970138239f7e404ea75757b1b507b28b5ce4c53fbd62d797c5a7c?s=96&d=mm&r=g\"},\"sameAs\":[\"http:\\\/\\\/www.henryvillasmil.com.ve\",\"https:\\\/\\\/www.instagram.com\\\/villasmilhfoto\\\/\",\"https:\\\/\\\/x.com\\\/https:\\\/\\\/twitter.com\\\/villasmilhfoto\"],\"url\":\"https:\\\/\\\/digital58.com.ve\\\/site\\\/author\\\/droopy_68\\\/\"}]}<\/script>\n<!-- \/ Yoast SEO plugin. -->","yoast_head_json":{"title":"Josua Mej\u00edas fue vendido a CD Legan\u00e9s","robots":{"index":"index","follow":"follow","max-snippet":"max-snippet:-1","max-image-preview":"max-image-preview:large","max-video-preview":"max-video-preview:-1"},"canonical":"https:\/\/digital58.com.ve\/site\/2018\/06\/30\/josua-mejias-fue-vendido-a-cd-leganes\/","og_locale":"es_ES","og_type":"article","og_title":"Josua Mej\u00edas fue vendido a CD Legan\u00e9s","og_url":"https:\/\/digital58.com.ve\/site\/2018\/06\/30\/josua-mejias-fue-vendido-a-cd-leganes\/","og_site_name":"Noticias Digital58","article_published_time":"2018-06-30T22:10:31+00:00","og_image":[{"width":1080,"height":717,"url":"https:\/\/digital58.com.ve\/site\/wp-content\/uploads\/2018\/06\/carabobo-mejias.jpg","type":"image\/jpeg"}],"author":"Villasmil Henry","twitter_card":"summary_large_image","twitter_creator":"@https:\/\/twitter.com\/villasmilhfoto","twitter_site":"@villasmilhfoto","twitter_misc":{"Escrito por":"Villasmil Henry","Tiempo estimado de lectura":"1 minuto"},"schema":{"@context":"https:\/\/schema.org","@graph":[{"@type":"Article","@id":"https:\/\/digital58.com.ve\/site\/2018\/06\/30\/josua-mejias-fue-vendido-a-cd-leganes\/#article","isPartOf":{"@id":"https:\/\/digital58.com.ve\/site\/2018\/06\/30\/josua-mejias-fue-vendido-a-cd-leganes\/"},"author":{"name":"Villasmil Henry","@id":"https:\/\/digital58.com.ve\/site\/#\/schema\/person\/64d1c2e4d0d4fd1b849980c4331c2951"},"headline":"Josua Mej\u00edas fue vendido a CD Legan\u00e9s","datePublished":"2018-06-30T22:10:31+00:00","mainEntityOfPage":{"@id":"https:\/\/digital58.com.ve\/site\/2018\/06\/30\/josua-mejias-fue-vendido-a-cd-leganes\/"},"wordCount":293,"commentCount":0,"publisher":{"@id":"https:\/\/digital58.com.ve\/site\/#\/schema\/person\/64d1c2e4d0d4fd1b849980c4331c2951"},"image":{"@id":"https:\/\/digital58.com.ve\/site\/2018\/06\/30\/josua-mejias-fue-vendido-a-cd-leganes\/#primaryimage"},"thumbnailUrl":"https:\/\/digital58.com.ve\/site\/wp-content\/uploads\/2018\/06\/carabobo-mejias.jpg","keywords":["Carabobo F\u00fatbol Club","Club Deportivo Legan\u00e9s","Espa\u00f1a","Fichajes","F\u00fatbol","Internacionales","Josua Mej\u00edas","Primera Divisi\u00f3n","Venezuela"],"articleSection":["Deportes"],"inLanguage":"es","potentialAction":[{"@type":"CommentAction","name":"Comment","target":["https:\/\/digital58.com.ve\/site\/2018\/06\/30\/josua-mejias-fue-vendido-a-cd-leganes\/#respond"]}]},{"@type":"WebPage","@id":"https:\/\/digital58.com.ve\/site\/2018\/06\/30\/josua-mejias-fue-vendido-a-cd-leganes\/","url":"https:\/\/digital58.com.ve\/site\/2018\/06\/30\/josua-mejias-fue-vendido-a-cd-leganes\/","name":"Josua Mej\u00edas fue vendido a CD Legan\u00e9s","isPartOf":{"@id":"https:\/\/digital58.com.ve\/site\/#website"},"primaryImageOfPage":{"@id":"https:\/\/digital58.com.ve\/site\/2018\/06\/30\/josua-mejias-fue-vendido-a-cd-leganes\/#primaryimage"},"image":{"@id":"https:\/\/digital58.com.ve\/site\/2018\/06\/30\/josua-mejias-fue-vendido-a-cd-leganes\/#primaryimage"},"thumbnailUrl":"https:\/\/digital58.com.ve\/site\/wp-content\/uploads\/2018\/06\/carabobo-mejias.jpg","datePublished":"2018-06-30T22:10:31+00:00","breadcrumb":{"@id":"https:\/\/digital58.com.ve\/site\/2018\/06\/30\/josua-mejias-fue-vendido-a-cd-leganes\/#breadcrumb"},"inLanguage":"es","potentialAction":[{"@type":"ReadAction","target":["https:\/\/digital58.com.ve\/site\/2018\/06\/30\/josua-mejias-fue-vendido-a-cd-leganes\/"]}]},{"@type":"ImageObject","inLanguage":"es","@id":"https:\/\/digital58.com.ve\/site\/2018\/06\/30\/josua-mejias-fue-vendido-a-cd-leganes\/#primaryimage","url":"https:\/\/digital58.com.ve\/site\/wp-content\/uploads\/2018\/06\/carabobo-mejias.jpg","contentUrl":"https:\/\/digital58.com.ve\/site\/wp-content\/uploads\/2018\/06\/carabobo-mejias.jpg","width":800,"height":531},{"@type":"BreadcrumbList","@id":"https:\/\/digital58.com.ve\/site\/2018\/06\/30\/josua-mejias-fue-vendido-a-cd-leganes\/#breadcrumb","itemListElement":[{"@type":"ListItem","position":1,"name":"Home","item":"https:\/\/digital58.com.ve\/site\/"},{"@type":"ListItem","position":2,"name":"Josua Mej\u00edas fue vendido a CD Legan\u00e9s"}]},{"@type":"WebSite","@id":"https:\/\/digital58.com.ve\/site\/#website","url":"https:\/\/digital58.com.ve\/site\/","name":"Noticias Digital58","description":"Portal de Noticias \u00a1Periodismo web de verdad! Lanzamiento web 22.11.2005 \/ Maracaibo, Venezuela","publisher":{"@id":"https:\/\/digital58.com.ve\/site\/#\/schema\/person\/64d1c2e4d0d4fd1b849980c4331c2951"},"alternateName":"ND58","potentialAction":[{"@type":"SearchAction","target":{"@type":"EntryPoint","urlTemplate":"https:\/\/digital58.com.ve\/site\/?s={search_term_string}"},"query-input":{"@type":"PropertyValueSpecification","valueRequired":true,"valueName":"search_term_string"}}],"inLanguage":"es"},{"@type":["Person","Organization"],"@id":"https:\/\/digital58.com.ve\/site\/#\/schema\/person\/64d1c2e4d0d4fd1b849980c4331c2951","name":"Villasmil Henry","image":{"@type":"ImageObject","inLanguage":"es","@id":"https:\/\/secure.gravatar.com\/avatar\/bb0c4a2fcb7970138239f7e404ea75757b1b507b28b5ce4c53fbd62d797c5a7c?s=96&d=mm&r=g","url":"https:\/\/secure.gravatar.com\/avatar\/bb0c4a2fcb7970138239f7e404ea75757b1b507b28b5ce4c53fbd62d797c5a7c?s=96&d=mm&r=g","contentUrl":"https:\/\/secure.gravatar.com\/avatar\/bb0c4a2fcb7970138239f7e404ea75757b1b507b28b5ce4c53fbd62d797c5a7c?s=96&d=mm&r=g","caption":"Villasmil Henry"},"logo":{"@id":"https:\/\/secure.gravatar.com\/avatar\/bb0c4a2fcb7970138239f7e404ea75757b1b507b28b5ce4c53fbd62d797c5a7c?s=96&d=mm&r=g"},"sameAs":["http:\/\/www.henryvillasmil.com.ve","https:\/\/www.instagram.com\/villasmilhfoto\/","https:\/\/x.com\/https:\/\/twitter.com\/villasmilhfoto"],"url":"https:\/\/digital58.com.ve\/site\/author\/droopy_68\/"}]}},"uagb_featured_image_src":{"full":["https:\/\/digital58.com.ve\/site\/wp-content\/uploads\/2018\/06\/carabobo-mejias.jpg",800,531,false],"thumbnail":["https:\/\/digital58.com.ve\/site\/wp-content\/uploads\/2018\/06\/carabobo-mejias-150x150.jpg",150,150,true],"medium":["https:\/\/digital58.com.ve\/site\/wp-content\/uploads\/2018\/06\/carabobo-mejias-300x199.jpg",300,199,true],"medium_large":["https:\/\/digital58.com.ve\/site\/wp-content\/uploads\/2018\/06\/carabobo-mejias-768x510.jpg",768,510,true],"large":["https:\/\/digital58.com.ve\/site\/wp-content\/uploads\/2018\/06\/carabobo-mejias.jpg",800,531,false],"1536x1536":["https:\/\/digital58.com.ve\/site\/wp-content\/uploads\/2018\/06\/carabobo-mejias.jpg",800,531,false],"2048x2048":["https:\/\/digital58.com.ve\/site\/wp-content\/uploads\/2018\/06\/carabobo-mejias.jpg",800,531,false],"colormag-highlighted-post":["https:\/\/digital58.com.ve\/site\/wp-content\/uploads\/2018\/06\/carabobo-mejias.jpg",392,260,false],"colormag-featured-post-medium":["https:\/\/digital58.com.ve\/site\/wp-content\/uploads\/2018\/06\/carabobo-mejias.jpg",309,205,false],"colormag-featured-post-small":["https:\/\/digital58.com.ve\/site\/wp-content\/uploads\/2018\/06\/carabobo-mejias.jpg",130,86,false],"colormag-featured-image":["https:\/\/digital58.com.ve\/site\/wp-content\/uploads\/2018\/06\/carabobo-mejias.jpg",670,445,false],"colormag-default-news":["https:\/\/digital58.com.ve\/site\/wp-content\/uploads\/2018\/06\/carabobo-mejias.jpg",150,100,false],"colormag-featured-image-large":["https:\/\/digital58.com.ve\/site\/wp-content\/uploads\/2018\/06\/carabobo-mejias.jpg",800,531,false]},"uagb_author_info":{"display_name":"Villasmil Henry","author_link":"https:\/\/digital58.com.ve\/site\/author\/droopy_68\/"},"uagb_comment_info":0,"uagb_excerpt":"Con el objetivo de contribuir en su desarrollo profesional, la junta directiva de Carabobo F\u00fatbol Club, liderada por Jimmy Ayoubissa,","_links":{"self":[{"href":"https:\/\/digital58.com.ve\/site\/wp-json\/wp\/v2\/posts\/80196","targetHints":{"allow":["GET"]}}],"collection":[{"href":"https:\/\/digital58.com.ve\/site\/wp-json\/wp\/v2\/posts"}],"about":[{"href":"https:\/\/digital58.com.ve\/site\/wp-json\/wp\/v2\/types\/post"}],"author":[{"embeddable":true,"href":"https:\/\/digital58.com.ve\/site\/wp-json\/wp\/v2\/users\/1"}],"replies":[{"embeddable":true,"href":"https:\/\/digital58.com.ve\/site\/wp-json\/wp\/v2\/comments?post=80196"}],"version-history":[{"count":0,"href":"https:\/\/digital58.com.ve\/site\/wp-json\/wp\/v2\/posts\/80196\/revisions"}],"wp:featuredmedia":[{"embeddable":true,"href":"https:\/\/digital58.com.ve\/site\/wp-json\/wp\/v2\/media\/80197"}],"wp:attachment":[{"href":"https:\/\/digital58.com.ve\/site\/wp-json\/wp\/v2\/media?parent=80196"}],"wp:term":[{"taxonomy":"category","embeddable":true,"href":"https:\/\/digital58.com.ve\/site\/wp-json\/wp\/v2\/categories?post=80196"},{"taxonomy":"post_tag","embeddable":true,"href":"https:\/\/digital58.com.ve\/site\/wp-json\/wp\/v2\/tags?post=80196"}],"curies":[{"name":"wp","href":"https:\/\/api.w.org\/{rel}","templated":true}]}}