{"id":80400,"date":"2018-07-24T19:32:46","date_gmt":"2018-07-24T23:32:46","guid":{"rendered":"http:\/\/digital58.com.ve\/site\/?p=80400"},"modified":"2018-07-24T19:32:46","modified_gmt":"2018-07-24T23:32:46","slug":"hbo-estrena-la-ultima-temporada-de-sr-avila","status":"publish","type":"post","link":"https:\/\/digital58.com.ve\/site\/2018\/07\/24\/hbo-estrena-la-ultima-temporada-de-sr-avila\/","title":{"rendered":"HBO estrena la \u00faltima temporada de \u00abSr. \u00c1vila\u00bb"},"content":{"rendered":"<p align=\"justify\"><img loading=\"lazy\" decoding=\"async\" class=\"alignnone wp-image-80401 size-full\" src=\"http:\/\/digital58.com.ve\/site\/wp-content\/uploads\/2018\/07\/SAS4_Sr.\u00c1vila-Tony-Dalton-e1532474422869.jpg\" alt=\"\" width=\"1500\" height=\"1000\" \/><\/p>\n<p align=\"justify\">La ic\u00f3nica serie de HBO, \u00abSr. \u00c1vila\u00bb, protagonizada por Tony Dalton, Carlos Arag\u00f3n, Camila Selser y Michel Brown se acerca a su temporada final. El estreno ser\u00e1 el pr\u00f3ximo 29 de julio a las 8:00 de la noche por HBO.<\/p>\n<p class=\"western\" align=\"justify\"><span style=\"font-family: Calibri, serif;\"><strong>Maracaibo, Zulia, Venezuela, 24 de julio de 2018 (D58).-<\/strong> A la muerte tambi\u00e9n le llega su hora y para Roberto \u00c1vila todo est\u00e1 por resolverse. HBO <\/span><span style=\"font-family: Calibri, serif;\">muestra un vistazo a lo que est\u00e1 por ocurrir en la temporada final de \u00ab<\/span><span style=\"font-family: Calibri, serif;\">Sr. \u00c1vila\u00bb.<\/span><span style=\"font-family: Calibri, serif;\"> que estrenar\u00e1 a partir del pr\u00f3ximo domingo <\/span><span style=\"font-family: Calibri, serif;\">29 de julio a las 8:00 de la noche.<\/span><\/p>\n<p class=\"western\" align=\"justify\">Protagonizada por Tony Dalton, Carlos Arag\u00f3n, Camila Selser y Michel Brown esta cuarta temporada resolver\u00e1 la historia de \u00abSr. \u00c1vila\u00bb, serie que se ha posicionado como una historia ic\u00f3nica de los 15 a\u00f1os de producci\u00f3n de HBO en Am\u00e9rica Latina y en M\u00e9xico y que se ha ganado el reconocimiento mundial con varios premios incluyendo un Emmy Internacional.<\/p>\n<p class=\"western\" align=\"justify\">Con producci\u00f3n ejecutiva de Luis F. Peraza, Roberto R\u00edos y Paul Drago, la cuarta y \u00faltima entrega de \u00abSr. \u00c1vila\u00bb. tuvo la direcci\u00f3n general de Fernando Rovzar quien se une como guionista a Walter y Marcelo Slavich.<\/p>\n<p class=\"western\">Para los que desean ponerse al d\u00eda con la serie, las tres primeras temporadas est\u00e1n disponibles en <span style=\"font-family: Calibri, serif;\">HBO GO.<\/span><\/p>\n<p><strong>Redacci\u00f3n con fuente: Nota de prensa<\/strong><\/p>\n<p><strong>Edici\u00f3n: Silanny Pulgar<\/strong><\/p>\n<p><strong>Gr\u00e1fica: Cortes\u00eda HBO<\/strong><\/p>\n<p><img loading=\"lazy\" decoding=\"async\" class=\"alignnone wp-image-80402 size-full\" src=\"http:\/\/digital58.com.ve\/site\/wp-content\/uploads\/2018\/07\/12501526.jpg\" alt=\"\" width=\"1500\" height=\"563\" srcset=\"https:\/\/digital58.com.ve\/site\/wp-content\/uploads\/2018\/07\/12501526.jpg 800w, https:\/\/digital58.com.ve\/site\/wp-content\/uploads\/2018\/07\/12501526-300x113.jpg 300w, https:\/\/digital58.com.ve\/site\/wp-content\/uploads\/2018\/07\/12501526-768x288.jpg 768w, https:\/\/digital58.com.ve\/site\/wp-content\/uploads\/2018\/07\/12501526-1500x563.jpg 1500w\" sizes=\"auto, (max-width: 1500px) 100vw, 1500px\" \/><\/p><div class=\"dqfaj69f2e52c80b41\" ><p style=\"text-align: center;\"><a href=\"https:\/\/t.me\/noticiasdigital58\" target=\"_blank\" rel=\"noopener\"><img class=\"aligncenter size-full wp-image-125363\" src=\"https:\/\/digital58.com.ve\/site\/wp-content\/uploads\/2021\/04\/banner-telegram-web-2021.png\" alt=\"\" width=\"600\" height=\"90\" \/><\/a><\/p><\/div><style type=\"text\/css\">\r\n@media screen and (min-width: 1201px) {\r\n.dqfaj69f2e52c80b41 {\r\ndisplay: block;\r\n}\r\n}\r\n@media screen and (min-width: 993px) and (max-width: 1200px) {\r\n.dqfaj69f2e52c80b41 {\r\ndisplay: block;\r\n}\r\n}\r\n@media screen and (min-width: 769px) and (max-width: 992px) {\r\n.dqfaj69f2e52c80b41 {\r\ndisplay: block;\r\n}\r\n}\r\n@media screen and (min-width: 768px) and (max-width: 768px) {\r\n.dqfaj69f2e52c80b41 {\r\ndisplay: block;\r\n}\r\n}\r\n@media screen and (max-width: 767px) {\r\n.dqfaj69f2e52c80b41 {\r\ndisplay: block;\r\n}\r\n}\r\n<\/style>\r\n\n<p>&nbsp;<\/p>\n<div style=\"margin-top: 0px; margin-bottom: 0px;\" class=\"sharethis-inline-share-buttons\" ><\/div>","protected":false},"excerpt":{"rendered":"<p>La ic\u00f3nica serie de HBO, \u00abSr. \u00c1vila\u00bb, protagonizada por Tony Dalton, Carlos Arag\u00f3n, Camila Selser y Michel Brown se acerca<\/p>\n","protected":false},"author":1,"featured_media":80402,"comment_status":"open","ping_status":"closed","sticky":false,"template":"","format":"standard","meta":{"colormag_page_container_layout":"default_layout","colormag_page_sidebar_layout":"default_layout","_uag_custom_page_level_css":"","footnotes":""},"categories":[1],"tags":[51,2752,11432,8,11472,11474,11473,979,11471,5847,134],"class_list":["post-80400","post","type-post","status-publish","format-standard","has-post-thumbnail","hentry","category-fama","tag-estrenos","tag-hbo","tag-hbo-go","tag-internacionales","tag-luis-f-peraza","tag-paul-drago","tag-roberto-rios","tag-series","tag-sr-avila","tag-television","tag-tv"],"yoast_head":"<!-- This site is optimized with the Yoast SEO plugin v27.5 - https:\/\/yoast.com\/product\/yoast-seo-wordpress\/ -->\n<title>HBO estrena la \u00faltima temporada de \u00abSr. \u00c1vila\u00bb<\/title>\n<meta name=\"robots\" content=\"index, follow, max-snippet:-1, max-image-preview:large, max-video-preview:-1\" \/>\n<link rel=\"canonical\" href=\"https:\/\/digital58.com.ve\/site\/2018\/07\/24\/hbo-estrena-la-ultima-temporada-de-sr-avila\/\" \/>\n<meta property=\"og:locale\" content=\"es_ES\" \/>\n<meta property=\"og:type\" content=\"article\" \/>\n<meta property=\"og:title\" content=\"HBO estrena la \u00faltima temporada de \u00abSr. \u00c1vila\u00bb\" \/>\n<meta property=\"og:url\" content=\"https:\/\/digital58.com.ve\/site\/2018\/07\/24\/hbo-estrena-la-ultima-temporada-de-sr-avila\/\" \/>\n<meta property=\"og:site_name\" content=\"Noticias Digital58\" \/>\n<meta property=\"article:published_time\" content=\"2018-07-24T23:32:46+00:00\" \/>\n<meta property=\"og:image\" content=\"https:\/\/digital58.com.ve\/site\/wp-content\/uploads\/2018\/07\/12501526.jpg\" \/>\n\t<meta property=\"og:image:width\" content=\"1500\" \/>\n\t<meta property=\"og:image:height\" content=\"563\" \/>\n\t<meta property=\"og:image:type\" content=\"image\/jpeg\" \/>\n<meta name=\"author\" content=\"Villasmil Henry\" \/>\n<meta name=\"twitter:card\" content=\"summary_large_image\" \/>\n<meta name=\"twitter:creator\" content=\"@https:\/\/twitter.com\/villasmilhfoto\" \/>\n<meta name=\"twitter:site\" content=\"@villasmilhfoto\" \/>\n<meta name=\"twitter:label1\" content=\"Escrito por\" \/>\n\t<meta name=\"twitter:data1\" content=\"Villasmil Henry\" \/>\n\t<meta name=\"twitter:label2\" content=\"Tiempo estimado de lectura\" \/>\n\t<meta name=\"twitter:data2\" content=\"1 minuto\" \/>\n<script type=\"application\/ld+json\" class=\"yoast-schema-graph\">{\"@context\":\"https:\\\/\\\/schema.org\",\"@graph\":[{\"@type\":\"Article\",\"@id\":\"https:\\\/\\\/digital58.com.ve\\\/site\\\/2018\\\/07\\\/24\\\/hbo-estrena-la-ultima-temporada-de-sr-avila\\\/#article\",\"isPartOf\":{\"@id\":\"https:\\\/\\\/digital58.com.ve\\\/site\\\/2018\\\/07\\\/24\\\/hbo-estrena-la-ultima-temporada-de-sr-avila\\\/\"},\"author\":{\"name\":\"Villasmil Henry\",\"@id\":\"https:\\\/\\\/digital58.com.ve\\\/site\\\/#\\\/schema\\\/person\\\/64d1c2e4d0d4fd1b849980c4331c2951\"},\"headline\":\"HBO estrena la \u00faltima temporada de \u00abSr. \u00c1vila\u00bb\",\"datePublished\":\"2018-07-24T23:32:46+00:00\",\"mainEntityOfPage\":{\"@id\":\"https:\\\/\\\/digital58.com.ve\\\/site\\\/2018\\\/07\\\/24\\\/hbo-estrena-la-ultima-temporada-de-sr-avila\\\/\"},\"wordCount\":247,\"commentCount\":0,\"publisher\":{\"@id\":\"https:\\\/\\\/digital58.com.ve\\\/site\\\/#\\\/schema\\\/person\\\/64d1c2e4d0d4fd1b849980c4331c2951\"},\"image\":{\"@id\":\"https:\\\/\\\/digital58.com.ve\\\/site\\\/2018\\\/07\\\/24\\\/hbo-estrena-la-ultima-temporada-de-sr-avila\\\/#primaryimage\"},\"thumbnailUrl\":\"https:\\\/\\\/digital58.com.ve\\\/site\\\/wp-content\\\/uploads\\\/2018\\\/07\\\/12501526.jpg\",\"keywords\":[\"Estrenos\",\"HBO\",\"HBO GO\",\"Internacionales\",\"Luis F. Peraza\",\"Paul Drago\",\"Roberto R\u00edos\",\"Series\",\"Sr. \u00c1vila\",\"televisi\u00f3n\",\"TV\"],\"articleSection\":[\"Fama\"],\"inLanguage\":\"es\",\"potentialAction\":[{\"@type\":\"CommentAction\",\"name\":\"Comment\",\"target\":[\"https:\\\/\\\/digital58.com.ve\\\/site\\\/2018\\\/07\\\/24\\\/hbo-estrena-la-ultima-temporada-de-sr-avila\\\/#respond\"]}]},{\"@type\":\"WebPage\",\"@id\":\"https:\\\/\\\/digital58.com.ve\\\/site\\\/2018\\\/07\\\/24\\\/hbo-estrena-la-ultima-temporada-de-sr-avila\\\/\",\"url\":\"https:\\\/\\\/digital58.com.ve\\\/site\\\/2018\\\/07\\\/24\\\/hbo-estrena-la-ultima-temporada-de-sr-avila\\\/\",\"name\":\"HBO estrena la \u00faltima temporada de \u00abSr. \u00c1vila\u00bb\",\"isPartOf\":{\"@id\":\"https:\\\/\\\/digital58.com.ve\\\/site\\\/#website\"},\"primaryImageOfPage\":{\"@id\":\"https:\\\/\\\/digital58.com.ve\\\/site\\\/2018\\\/07\\\/24\\\/hbo-estrena-la-ultima-temporada-de-sr-avila\\\/#primaryimage\"},\"image\":{\"@id\":\"https:\\\/\\\/digital58.com.ve\\\/site\\\/2018\\\/07\\\/24\\\/hbo-estrena-la-ultima-temporada-de-sr-avila\\\/#primaryimage\"},\"thumbnailUrl\":\"https:\\\/\\\/digital58.com.ve\\\/site\\\/wp-content\\\/uploads\\\/2018\\\/07\\\/12501526.jpg\",\"datePublished\":\"2018-07-24T23:32:46+00:00\",\"breadcrumb\":{\"@id\":\"https:\\\/\\\/digital58.com.ve\\\/site\\\/2018\\\/07\\\/24\\\/hbo-estrena-la-ultima-temporada-de-sr-avila\\\/#breadcrumb\"},\"inLanguage\":\"es\",\"potentialAction\":[{\"@type\":\"ReadAction\",\"target\":[\"https:\\\/\\\/digital58.com.ve\\\/site\\\/2018\\\/07\\\/24\\\/hbo-estrena-la-ultima-temporada-de-sr-avila\\\/\"]}]},{\"@type\":\"ImageObject\",\"inLanguage\":\"es\",\"@id\":\"https:\\\/\\\/digital58.com.ve\\\/site\\\/2018\\\/07\\\/24\\\/hbo-estrena-la-ultima-temporada-de-sr-avila\\\/#primaryimage\",\"url\":\"https:\\\/\\\/digital58.com.ve\\\/site\\\/wp-content\\\/uploads\\\/2018\\\/07\\\/12501526.jpg\",\"contentUrl\":\"https:\\\/\\\/digital58.com.ve\\\/site\\\/wp-content\\\/uploads\\\/2018\\\/07\\\/12501526.jpg\",\"width\":800,\"height\":300},{\"@type\":\"BreadcrumbList\",\"@id\":\"https:\\\/\\\/digital58.com.ve\\\/site\\\/2018\\\/07\\\/24\\\/hbo-estrena-la-ultima-temporada-de-sr-avila\\\/#breadcrumb\",\"itemListElement\":[{\"@type\":\"ListItem\",\"position\":1,\"name\":\"Home\",\"item\":\"https:\\\/\\\/digital58.com.ve\\\/site\\\/\"},{\"@type\":\"ListItem\",\"position\":2,\"name\":\"HBO estrena la \u00faltima temporada de \u00abSr. \u00c1vila\u00bb\"}]},{\"@type\":\"WebSite\",\"@id\":\"https:\\\/\\\/digital58.com.ve\\\/site\\\/#website\",\"url\":\"https:\\\/\\\/digital58.com.ve\\\/site\\\/\",\"name\":\"Noticias Digital58\",\"description\":\"Portal de Noticias \u00a1Periodismo web de verdad! Lanzamiento web 22.11.2005 \\\/ Maracaibo, Venezuela\",\"publisher\":{\"@id\":\"https:\\\/\\\/digital58.com.ve\\\/site\\\/#\\\/schema\\\/person\\\/64d1c2e4d0d4fd1b849980c4331c2951\"},\"alternateName\":\"ND58\",\"potentialAction\":[{\"@type\":\"SearchAction\",\"target\":{\"@type\":\"EntryPoint\",\"urlTemplate\":\"https:\\\/\\\/digital58.com.ve\\\/site\\\/?s={search_term_string}\"},\"query-input\":{\"@type\":\"PropertyValueSpecification\",\"valueRequired\":true,\"valueName\":\"search_term_string\"}}],\"inLanguage\":\"es\"},{\"@type\":[\"Person\",\"Organization\"],\"@id\":\"https:\\\/\\\/digital58.com.ve\\\/site\\\/#\\\/schema\\\/person\\\/64d1c2e4d0d4fd1b849980c4331c2951\",\"name\":\"Villasmil Henry\",\"image\":{\"@type\":\"ImageObject\",\"inLanguage\":\"es\",\"@id\":\"https:\\\/\\\/secure.gravatar.com\\\/avatar\\\/bb0c4a2fcb7970138239f7e404ea75757b1b507b28b5ce4c53fbd62d797c5a7c?s=96&d=mm&r=g\",\"url\":\"https:\\\/\\\/secure.gravatar.com\\\/avatar\\\/bb0c4a2fcb7970138239f7e404ea75757b1b507b28b5ce4c53fbd62d797c5a7c?s=96&d=mm&r=g\",\"contentUrl\":\"https:\\\/\\\/secure.gravatar.com\\\/avatar\\\/bb0c4a2fcb7970138239f7e404ea75757b1b507b28b5ce4c53fbd62d797c5a7c?s=96&d=mm&r=g\",\"caption\":\"Villasmil Henry\"},\"logo\":{\"@id\":\"https:\\\/\\\/secure.gravatar.com\\\/avatar\\\/bb0c4a2fcb7970138239f7e404ea75757b1b507b28b5ce4c53fbd62d797c5a7c?s=96&d=mm&r=g\"},\"sameAs\":[\"http:\\\/\\\/www.henryvillasmil.com.ve\",\"https:\\\/\\\/www.instagram.com\\\/villasmilhfoto\\\/\",\"https:\\\/\\\/x.com\\\/https:\\\/\\\/twitter.com\\\/villasmilhfoto\"],\"url\":\"https:\\\/\\\/digital58.com.ve\\\/site\\\/author\\\/droopy_68\\\/\"}]}<\/script>\n<!-- \/ Yoast SEO plugin. -->","yoast_head_json":{"title":"HBO estrena la \u00faltima temporada de \u00abSr. \u00c1vila\u00bb","robots":{"index":"index","follow":"follow","max-snippet":"max-snippet:-1","max-image-preview":"max-image-preview:large","max-video-preview":"max-video-preview:-1"},"canonical":"https:\/\/digital58.com.ve\/site\/2018\/07\/24\/hbo-estrena-la-ultima-temporada-de-sr-avila\/","og_locale":"es_ES","og_type":"article","og_title":"HBO estrena la \u00faltima temporada de \u00abSr. \u00c1vila\u00bb","og_url":"https:\/\/digital58.com.ve\/site\/2018\/07\/24\/hbo-estrena-la-ultima-temporada-de-sr-avila\/","og_site_name":"Noticias Digital58","article_published_time":"2018-07-24T23:32:46+00:00","og_image":[{"width":1500,"height":563,"url":"https:\/\/digital58.com.ve\/site\/wp-content\/uploads\/2018\/07\/12501526.jpg","type":"image\/jpeg"}],"author":"Villasmil Henry","twitter_card":"summary_large_image","twitter_creator":"@https:\/\/twitter.com\/villasmilhfoto","twitter_site":"@villasmilhfoto","twitter_misc":{"Escrito por":"Villasmil Henry","Tiempo estimado de lectura":"1 minuto"},"schema":{"@context":"https:\/\/schema.org","@graph":[{"@type":"Article","@id":"https:\/\/digital58.com.ve\/site\/2018\/07\/24\/hbo-estrena-la-ultima-temporada-de-sr-avila\/#article","isPartOf":{"@id":"https:\/\/digital58.com.ve\/site\/2018\/07\/24\/hbo-estrena-la-ultima-temporada-de-sr-avila\/"},"author":{"name":"Villasmil Henry","@id":"https:\/\/digital58.com.ve\/site\/#\/schema\/person\/64d1c2e4d0d4fd1b849980c4331c2951"},"headline":"HBO estrena la \u00faltima temporada de \u00abSr. \u00c1vila\u00bb","datePublished":"2018-07-24T23:32:46+00:00","mainEntityOfPage":{"@id":"https:\/\/digital58.com.ve\/site\/2018\/07\/24\/hbo-estrena-la-ultima-temporada-de-sr-avila\/"},"wordCount":247,"commentCount":0,"publisher":{"@id":"https:\/\/digital58.com.ve\/site\/#\/schema\/person\/64d1c2e4d0d4fd1b849980c4331c2951"},"image":{"@id":"https:\/\/digital58.com.ve\/site\/2018\/07\/24\/hbo-estrena-la-ultima-temporada-de-sr-avila\/#primaryimage"},"thumbnailUrl":"https:\/\/digital58.com.ve\/site\/wp-content\/uploads\/2018\/07\/12501526.jpg","keywords":["Estrenos","HBO","HBO GO","Internacionales","Luis F. Peraza","Paul Drago","Roberto R\u00edos","Series","Sr. \u00c1vila","televisi\u00f3n","TV"],"articleSection":["Fama"],"inLanguage":"es","potentialAction":[{"@type":"CommentAction","name":"Comment","target":["https:\/\/digital58.com.ve\/site\/2018\/07\/24\/hbo-estrena-la-ultima-temporada-de-sr-avila\/#respond"]}]},{"@type":"WebPage","@id":"https:\/\/digital58.com.ve\/site\/2018\/07\/24\/hbo-estrena-la-ultima-temporada-de-sr-avila\/","url":"https:\/\/digital58.com.ve\/site\/2018\/07\/24\/hbo-estrena-la-ultima-temporada-de-sr-avila\/","name":"HBO estrena la \u00faltima temporada de \u00abSr. \u00c1vila\u00bb","isPartOf":{"@id":"https:\/\/digital58.com.ve\/site\/#website"},"primaryImageOfPage":{"@id":"https:\/\/digital58.com.ve\/site\/2018\/07\/24\/hbo-estrena-la-ultima-temporada-de-sr-avila\/#primaryimage"},"image":{"@id":"https:\/\/digital58.com.ve\/site\/2018\/07\/24\/hbo-estrena-la-ultima-temporada-de-sr-avila\/#primaryimage"},"thumbnailUrl":"https:\/\/digital58.com.ve\/site\/wp-content\/uploads\/2018\/07\/12501526.jpg","datePublished":"2018-07-24T23:32:46+00:00","breadcrumb":{"@id":"https:\/\/digital58.com.ve\/site\/2018\/07\/24\/hbo-estrena-la-ultima-temporada-de-sr-avila\/#breadcrumb"},"inLanguage":"es","potentialAction":[{"@type":"ReadAction","target":["https:\/\/digital58.com.ve\/site\/2018\/07\/24\/hbo-estrena-la-ultima-temporada-de-sr-avila\/"]}]},{"@type":"ImageObject","inLanguage":"es","@id":"https:\/\/digital58.com.ve\/site\/2018\/07\/24\/hbo-estrena-la-ultima-temporada-de-sr-avila\/#primaryimage","url":"https:\/\/digital58.com.ve\/site\/wp-content\/uploads\/2018\/07\/12501526.jpg","contentUrl":"https:\/\/digital58.com.ve\/site\/wp-content\/uploads\/2018\/07\/12501526.jpg","width":800,"height":300},{"@type":"BreadcrumbList","@id":"https:\/\/digital58.com.ve\/site\/2018\/07\/24\/hbo-estrena-la-ultima-temporada-de-sr-avila\/#breadcrumb","itemListElement":[{"@type":"ListItem","position":1,"name":"Home","item":"https:\/\/digital58.com.ve\/site\/"},{"@type":"ListItem","position":2,"name":"HBO estrena la \u00faltima temporada de \u00abSr. \u00c1vila\u00bb"}]},{"@type":"WebSite","@id":"https:\/\/digital58.com.ve\/site\/#website","url":"https:\/\/digital58.com.ve\/site\/","name":"Noticias Digital58","description":"Portal de Noticias \u00a1Periodismo web de verdad! Lanzamiento web 22.11.2005 \/ Maracaibo, Venezuela","publisher":{"@id":"https:\/\/digital58.com.ve\/site\/#\/schema\/person\/64d1c2e4d0d4fd1b849980c4331c2951"},"alternateName":"ND58","potentialAction":[{"@type":"SearchAction","target":{"@type":"EntryPoint","urlTemplate":"https:\/\/digital58.com.ve\/site\/?s={search_term_string}"},"query-input":{"@type":"PropertyValueSpecification","valueRequired":true,"valueName":"search_term_string"}}],"inLanguage":"es"},{"@type":["Person","Organization"],"@id":"https:\/\/digital58.com.ve\/site\/#\/schema\/person\/64d1c2e4d0d4fd1b849980c4331c2951","name":"Villasmil Henry","image":{"@type":"ImageObject","inLanguage":"es","@id":"https:\/\/secure.gravatar.com\/avatar\/bb0c4a2fcb7970138239f7e404ea75757b1b507b28b5ce4c53fbd62d797c5a7c?s=96&d=mm&r=g","url":"https:\/\/secure.gravatar.com\/avatar\/bb0c4a2fcb7970138239f7e404ea75757b1b507b28b5ce4c53fbd62d797c5a7c?s=96&d=mm&r=g","contentUrl":"https:\/\/secure.gravatar.com\/avatar\/bb0c4a2fcb7970138239f7e404ea75757b1b507b28b5ce4c53fbd62d797c5a7c?s=96&d=mm&r=g","caption":"Villasmil Henry"},"logo":{"@id":"https:\/\/secure.gravatar.com\/avatar\/bb0c4a2fcb7970138239f7e404ea75757b1b507b28b5ce4c53fbd62d797c5a7c?s=96&d=mm&r=g"},"sameAs":["http:\/\/www.henryvillasmil.com.ve","https:\/\/www.instagram.com\/villasmilhfoto\/","https:\/\/x.com\/https:\/\/twitter.com\/villasmilhfoto"],"url":"https:\/\/digital58.com.ve\/site\/author\/droopy_68\/"}]}},"uagb_featured_image_src":{"full":["https:\/\/digital58.com.ve\/site\/wp-content\/uploads\/2018\/07\/12501526.jpg",800,300,false],"thumbnail":["https:\/\/digital58.com.ve\/site\/wp-content\/uploads\/2018\/07\/12501526-150x150.jpg",150,150,true],"medium":["https:\/\/digital58.com.ve\/site\/wp-content\/uploads\/2018\/07\/12501526-300x113.jpg",300,113,true],"medium_large":["https:\/\/digital58.com.ve\/site\/wp-content\/uploads\/2018\/07\/12501526-768x288.jpg",768,288,true],"large":["https:\/\/digital58.com.ve\/site\/wp-content\/uploads\/2018\/07\/12501526-1500x563.jpg",800,300,true],"1536x1536":["https:\/\/digital58.com.ve\/site\/wp-content\/uploads\/2018\/07\/12501526.jpg",800,300,false],"2048x2048":["https:\/\/digital58.com.ve\/site\/wp-content\/uploads\/2018\/07\/12501526.jpg",800,300,false],"colormag-highlighted-post":["https:\/\/digital58.com.ve\/site\/wp-content\/uploads\/2018\/07\/12501526.jpg",392,147,false],"colormag-featured-post-medium":["https:\/\/digital58.com.ve\/site\/wp-content\/uploads\/2018\/07\/12501526.jpg",390,146,false],"colormag-featured-post-small":["https:\/\/digital58.com.ve\/site\/wp-content\/uploads\/2018\/07\/12501526.jpg",130,49,false],"colormag-featured-image":["https:\/\/digital58.com.ve\/site\/wp-content\/uploads\/2018\/07\/12501526.jpg",800,300,false],"colormag-default-news":["https:\/\/digital58.com.ve\/site\/wp-content\/uploads\/2018\/07\/12501526.jpg",150,56,false],"colormag-featured-image-large":["https:\/\/digital58.com.ve\/site\/wp-content\/uploads\/2018\/07\/12501526.jpg",800,300,false]},"uagb_author_info":{"display_name":"Villasmil Henry","author_link":"https:\/\/digital58.com.ve\/site\/author\/droopy_68\/"},"uagb_comment_info":0,"uagb_excerpt":"La ic\u00f3nica serie de HBO, \u00abSr. \u00c1vila\u00bb, protagonizada por Tony Dalton, Carlos Arag\u00f3n, Camila Selser y Michel Brown se acerca","_links":{"self":[{"href":"https:\/\/digital58.com.ve\/site\/wp-json\/wp\/v2\/posts\/80400","targetHints":{"allow":["GET"]}}],"collection":[{"href":"https:\/\/digital58.com.ve\/site\/wp-json\/wp\/v2\/posts"}],"about":[{"href":"https:\/\/digital58.com.ve\/site\/wp-json\/wp\/v2\/types\/post"}],"author":[{"embeddable":true,"href":"https:\/\/digital58.com.ve\/site\/wp-json\/wp\/v2\/users\/1"}],"replies":[{"embeddable":true,"href":"https:\/\/digital58.com.ve\/site\/wp-json\/wp\/v2\/comments?post=80400"}],"version-history":[{"count":0,"href":"https:\/\/digital58.com.ve\/site\/wp-json\/wp\/v2\/posts\/80400\/revisions"}],"wp:featuredmedia":[{"embeddable":true,"href":"https:\/\/digital58.com.ve\/site\/wp-json\/wp\/v2\/media\/80402"}],"wp:attachment":[{"href":"https:\/\/digital58.com.ve\/site\/wp-json\/wp\/v2\/media?parent=80400"}],"wp:term":[{"taxonomy":"category","embeddable":true,"href":"https:\/\/digital58.com.ve\/site\/wp-json\/wp\/v2\/categories?post=80400"},{"taxonomy":"post_tag","embeddable":true,"href":"https:\/\/digital58.com.ve\/site\/wp-json\/wp\/v2\/tags?post=80400"}],"curies":[{"name":"wp","href":"https:\/\/api.w.org\/{rel}","templated":true}]}}