{"id":80670,"date":"2018-08-08T09:10:23","date_gmt":"2018-08-08T13:10:23","guid":{"rendered":"http:\/\/digital58.com.ve\/site\/?p=80670"},"modified":"2018-08-08T09:10:23","modified_gmt":"2018-08-08T13:10:23","slug":"fundacion-empresas-polar-promovio-el-vi-encuentro-de-organizaciones-comunitarias-en-maracaibo","status":"publish","type":"post","link":"https:\/\/digital58.com.ve\/site\/2018\/08\/08\/fundacion-empresas-polar-promovio-el-vi-encuentro-de-organizaciones-comunitarias-en-maracaibo\/","title":{"rendered":"Fundaci\u00f3n Empresas Polar promovi\u00f3 el VI Encuentro de Organizaciones Comunitarias en Maracaibo"},"content":{"rendered":"<p><a href=\"http:\/\/digital58.com.ve\/site\/wp-content\/uploads\/2018\/08\/empresaspolar.jpg\"><img loading=\"lazy\" decoding=\"async\" class=\"aligncenter size-full wp-image-80671\" src=\"http:\/\/digital58.com.ve\/site\/wp-content\/uploads\/2018\/08\/empresaspolar.jpg\" alt=\"\" width=\"1000\" height=\"487\" srcset=\"https:\/\/digital58.com.ve\/site\/wp-content\/uploads\/2018\/08\/empresaspolar.jpg 800w, https:\/\/digital58.com.ve\/site\/wp-content\/uploads\/2018\/08\/empresaspolar-300x146.jpg 300w, https:\/\/digital58.com.ve\/site\/wp-content\/uploads\/2018\/08\/empresaspolar-768x374.jpg 768w\" sizes=\"auto, (max-width: 1000px) 100vw, 1000px\" \/><\/a><br \/>\nM\u00e1s de 300 asistentes pertenecientes a la Red Act\u00edvate y Construye, un espacio promovido y administrado por Fundaci\u00f3n Empresas Polar, participaron en el VI Encuentro de Organizaciones Comunitarias en Maracaibo, produciendo cambios transformando realidades. En este espacio se re\u00fanen cada a\u00f1o l\u00edderes y miembros en general de organizaciones comunitarias con las que la Fundaci\u00f3n interact\u00faa en el entorno de los centros de producci\u00f3n y distribuci\u00f3n de Empresas Polar en Occidente.<\/p>\n<p><strong>Maracaibo, Zulia, Venezuela, 08 de agosto de 2018 (Noticias D58).-<\/strong> Yohanna Molina, coordinadora de FEP en este territorio, agradeci\u00f3 la nutrida presencia de quienes d\u00eda a d\u00eda luchan por reinventarse en sus organizaciones: consejos comunales, cooperativas, organizaciones deportivas, culturales, fundaciones, asociaciones, gestores y promotores comunitarios.<\/p>\n<p>\u00abNuestra Fundaci\u00f3n ha venido propiciando desde el 2011 estos encuentros, a trav\u00e9s del cual ofrecemos informaci\u00f3n valiosa en temas significativos inherentes a la din\u00e1mica social y la gesti\u00f3n comunitaria\u00bb, explic\u00f3 Molina.<\/p>\n<p>Agreg\u00f3 que la experiencia se repetir\u00e1 en 6 ciudades: Cuman\u00e1, Barquisimeto, Caracas, Maracay, Maracaibo y para el cierre el pr\u00f3ximo martes 17 la convocatoria es para Valencia<\/p>\n<p>En la primera ponencia: \u00abRadiograf\u00eda social de Venezuela\u00bb, a cargo del equipo de ENCOVI (Encuesta sobre condiciones de vida Venezuela), a cargo de la soci\u00f3loga Matilde Parra, se mostr\u00f3 un panorama general de las condiciones socioecon\u00f3micas del pa\u00eds, donde se expusieron los principales problemas que vulneran los derechos esenciales de la poblaci\u00f3n.<\/p>\n<p>La segunda ponencia: \u00abCiudadan\u00eda, organizaci\u00f3n social y sociedad civil\u00bb, estuvo a cargo de William Requejo, experto en ciudadan\u00eda participativa y Zoraida Pacheco, directora de educaci\u00f3n de la Asociaci\u00f3n Civil Uni\u00f3n Vecinal.<\/p>\n<p>Requejo y Pacheco invitaron a la audiencia a asumir un rol proactivo y protag\u00f3nico en el desarrollo de sus comunidades, y adem\u00e1s ejercer la ciudadan\u00eda a nivel personal, como organizarse en la comunidad y poder influir e incidir en lo p\u00fablico.<\/p>\n<p>Luego se propici\u00f3 un panel de \u00abBuenas pr\u00e1cticas de trabajo en red\u00bb donde se mostraron experiencias comunitarias con elementos y aspectos de la apuesta de trabajo colaborativo, cooperativo y en red.<\/p>\n<p>El cierre estuvo marcado por las impresionantes melod\u00edas en instrumentos venezolanos de la agrupaci\u00f3n Attempo, y culmin\u00f3 con el cumplea\u00f1os feliz de la Red Act\u00edvate y Construye, que arriba a su 5\u00b0 aniversario.<\/p>\n<p><strong>\u00bfQu\u00e9 es la red?<\/strong><\/p>\n<p>La Red Act\u00edvate y Construye: Es un espacio construido con las comunidades para intercambiar buenas pr\u00e1cticas, generar conocimientos, fortalecer capacidades, promover y compartir experiencias con otras organizaciones y entes p\u00fablicos y privados, nacionales e internacionales que potencien los esfuerzos en la b\u00fasqueda de un objetivo com\u00fan: construir al bienestar y desarrollo sostenible de las comunidades. Este espacio es promovido y administrado por Fundaci\u00f3n Empresas Polar (www.redactivateyconstruye.org).<\/p>\n<p>Hace 5 a\u00f1os comenz\u00f3 con 93 organizaciones miembros y hoy en d\u00eda llega a 147 organizaciones miembros con presencia en 15 estados y distrito capital. Cuenta adem\u00e1s con la sistematizaci\u00f3n de 183 experiencias comunitarias.<\/p>\n<p><strong>Redacci\u00f3n con fuente: NDP<\/strong><br \/>\n<strong>Edici\u00f3n: Villasmil, Henry<\/strong><br \/>\n<strong>Gr\u00e1ficas: cortes\u00eda @empresaspolar<\/strong><\/p>\n<p>&nbsp;<\/p>\n<p>&nbsp;<\/p><div class=\"rmlvb69f263fecd7ef\" ><p style=\"text-align: center;\"><a href=\"https:\/\/t.me\/noticiasdigital58\" target=\"_blank\" rel=\"noopener\"><img class=\"aligncenter size-full wp-image-125363\" src=\"https:\/\/digital58.com.ve\/site\/wp-content\/uploads\/2021\/04\/banner-telegram-web-2021.png\" alt=\"\" width=\"600\" height=\"90\" \/><\/a><\/p><\/div><style type=\"text\/css\">\r\n@media screen and (min-width: 1201px) {\r\n.rmlvb69f263fecd7ef {\r\ndisplay: block;\r\n}\r\n}\r\n@media screen and (min-width: 993px) and (max-width: 1200px) {\r\n.rmlvb69f263fecd7ef {\r\ndisplay: block;\r\n}\r\n}\r\n@media screen and (min-width: 769px) and (max-width: 992px) {\r\n.rmlvb69f263fecd7ef {\r\ndisplay: block;\r\n}\r\n}\r\n@media screen and (min-width: 768px) and (max-width: 768px) {\r\n.rmlvb69f263fecd7ef {\r\ndisplay: block;\r\n}\r\n}\r\n@media screen and (max-width: 767px) {\r\n.rmlvb69f263fecd7ef {\r\ndisplay: block;\r\n}\r\n}\r\n<\/style>\r\n\n<p>&nbsp;<\/p>\n<div style=\"margin-top: 0px; margin-bottom: 0px;\" class=\"sharethis-inline-share-buttons\" ><\/div>","protected":false},"excerpt":{"rendered":"<p>M\u00e1s de 300 asistentes pertenecientes a la Red Act\u00edvate y Construye, un espacio promovido y administrado por Fundaci\u00f3n Empresas Polar,<\/p>\n","protected":false},"author":1,"featured_media":80671,"comment_status":"open","ping_status":"closed","sticky":false,"template":"","format":"standard","meta":{"colormag_page_container_layout":"default_layout","colormag_page_sidebar_layout":"default_layout","_uag_custom_page_level_css":"","footnotes":""},"categories":[5403,8608],"tags":[1217,73,11505,32,11504,761],"class_list":["post-80670","post","type-post","status-publish","format-standard","has-post-thumbnail","hentry","category-otros","category-reportajes-especiales","tag-empresas-polar","tag-maracaibo","tag-red-activate-y-construye","tag-venezuela","tag-vi-encuentro-de-organizaciones-comunitarias","tag-zulia"],"yoast_head":"<!-- This site is optimized with the Yoast SEO plugin v27.5 - https:\/\/yoast.com\/product\/yoast-seo-wordpress\/ -->\n<title>Fundaci\u00f3n Empresas Polar promovi\u00f3 el VI Encuentro de Organizaciones Comunitarias en Maracaibo<\/title>\n<meta name=\"robots\" content=\"index, follow, max-snippet:-1, max-image-preview:large, max-video-preview:-1\" \/>\n<link rel=\"canonical\" href=\"https:\/\/digital58.com.ve\/site\/2018\/08\/08\/fundacion-empresas-polar-promovio-el-vi-encuentro-de-organizaciones-comunitarias-en-maracaibo\/\" \/>\n<meta property=\"og:locale\" content=\"es_ES\" \/>\n<meta property=\"og:type\" content=\"article\" \/>\n<meta property=\"og:title\" content=\"Fundaci\u00f3n Empresas Polar promovi\u00f3 el VI Encuentro de Organizaciones Comunitarias en Maracaibo\" \/>\n<meta property=\"og:url\" content=\"https:\/\/digital58.com.ve\/site\/2018\/08\/08\/fundacion-empresas-polar-promovio-el-vi-encuentro-de-organizaciones-comunitarias-en-maracaibo\/\" \/>\n<meta property=\"og:site_name\" content=\"Noticias Digital58\" \/>\n<meta property=\"article:published_time\" content=\"2018-08-08T13:10:23+00:00\" \/>\n<meta property=\"og:image\" content=\"https:\/\/digital58.com.ve\/site\/wp-content\/uploads\/2018\/08\/empresaspolar.jpg\" \/>\n\t<meta property=\"og:image:width\" content=\"1000\" \/>\n\t<meta property=\"og:image:height\" content=\"487\" \/>\n\t<meta property=\"og:image:type\" content=\"image\/jpeg\" \/>\n<meta name=\"author\" content=\"Villasmil Henry\" \/>\n<meta name=\"twitter:card\" content=\"summary_large_image\" \/>\n<meta name=\"twitter:creator\" content=\"@https:\/\/twitter.com\/villasmilhfoto\" \/>\n<meta name=\"twitter:site\" content=\"@villasmilhfoto\" \/>\n<meta name=\"twitter:label1\" content=\"Escrito por\" \/>\n\t<meta name=\"twitter:data1\" content=\"Villasmil Henry\" \/>\n\t<meta name=\"twitter:label2\" content=\"Tiempo estimado de lectura\" \/>\n\t<meta name=\"twitter:data2\" content=\"3 minutos\" \/>\n<script type=\"application\/ld+json\" class=\"yoast-schema-graph\">{\"@context\":\"https:\\\/\\\/schema.org\",\"@graph\":[{\"@type\":\"Article\",\"@id\":\"https:\\\/\\\/digital58.com.ve\\\/site\\\/2018\\\/08\\\/08\\\/fundacion-empresas-polar-promovio-el-vi-encuentro-de-organizaciones-comunitarias-en-maracaibo\\\/#article\",\"isPartOf\":{\"@id\":\"https:\\\/\\\/digital58.com.ve\\\/site\\\/2018\\\/08\\\/08\\\/fundacion-empresas-polar-promovio-el-vi-encuentro-de-organizaciones-comunitarias-en-maracaibo\\\/\"},\"author\":{\"name\":\"Villasmil Henry\",\"@id\":\"https:\\\/\\\/digital58.com.ve\\\/site\\\/#\\\/schema\\\/person\\\/64d1c2e4d0d4fd1b849980c4331c2951\"},\"headline\":\"Fundaci\u00f3n Empresas Polar promovi\u00f3 el VI Encuentro de Organizaciones Comunitarias en Maracaibo\",\"datePublished\":\"2018-08-08T13:10:23+00:00\",\"mainEntityOfPage\":{\"@id\":\"https:\\\/\\\/digital58.com.ve\\\/site\\\/2018\\\/08\\\/08\\\/fundacion-empresas-polar-promovio-el-vi-encuentro-de-organizaciones-comunitarias-en-maracaibo\\\/\"},\"wordCount\":534,\"commentCount\":0,\"publisher\":{\"@id\":\"https:\\\/\\\/digital58.com.ve\\\/site\\\/#\\\/schema\\\/person\\\/64d1c2e4d0d4fd1b849980c4331c2951\"},\"image\":{\"@id\":\"https:\\\/\\\/digital58.com.ve\\\/site\\\/2018\\\/08\\\/08\\\/fundacion-empresas-polar-promovio-el-vi-encuentro-de-organizaciones-comunitarias-en-maracaibo\\\/#primaryimage\"},\"thumbnailUrl\":\"https:\\\/\\\/digital58.com.ve\\\/site\\\/wp-content\\\/uploads\\\/2018\\\/08\\\/empresaspolar.jpg\",\"keywords\":[\"Empresas Polar\",\"Maracaibo\",\"Red Act\u00edvate y Construye\",\"Venezuela\",\"VI Encuentro de Organizaciones Comunitarias\",\"Zulia\"],\"articleSection\":[\"Otros\",\"Reportajes Especiales\"],\"inLanguage\":\"es\",\"potentialAction\":[{\"@type\":\"CommentAction\",\"name\":\"Comment\",\"target\":[\"https:\\\/\\\/digital58.com.ve\\\/site\\\/2018\\\/08\\\/08\\\/fundacion-empresas-polar-promovio-el-vi-encuentro-de-organizaciones-comunitarias-en-maracaibo\\\/#respond\"]}]},{\"@type\":\"WebPage\",\"@id\":\"https:\\\/\\\/digital58.com.ve\\\/site\\\/2018\\\/08\\\/08\\\/fundacion-empresas-polar-promovio-el-vi-encuentro-de-organizaciones-comunitarias-en-maracaibo\\\/\",\"url\":\"https:\\\/\\\/digital58.com.ve\\\/site\\\/2018\\\/08\\\/08\\\/fundacion-empresas-polar-promovio-el-vi-encuentro-de-organizaciones-comunitarias-en-maracaibo\\\/\",\"name\":\"Fundaci\u00f3n Empresas Polar promovi\u00f3 el VI Encuentro de Organizaciones Comunitarias en Maracaibo\",\"isPartOf\":{\"@id\":\"https:\\\/\\\/digital58.com.ve\\\/site\\\/#website\"},\"primaryImageOfPage\":{\"@id\":\"https:\\\/\\\/digital58.com.ve\\\/site\\\/2018\\\/08\\\/08\\\/fundacion-empresas-polar-promovio-el-vi-encuentro-de-organizaciones-comunitarias-en-maracaibo\\\/#primaryimage\"},\"image\":{\"@id\":\"https:\\\/\\\/digital58.com.ve\\\/site\\\/2018\\\/08\\\/08\\\/fundacion-empresas-polar-promovio-el-vi-encuentro-de-organizaciones-comunitarias-en-maracaibo\\\/#primaryimage\"},\"thumbnailUrl\":\"https:\\\/\\\/digital58.com.ve\\\/site\\\/wp-content\\\/uploads\\\/2018\\\/08\\\/empresaspolar.jpg\",\"datePublished\":\"2018-08-08T13:10:23+00:00\",\"breadcrumb\":{\"@id\":\"https:\\\/\\\/digital58.com.ve\\\/site\\\/2018\\\/08\\\/08\\\/fundacion-empresas-polar-promovio-el-vi-encuentro-de-organizaciones-comunitarias-en-maracaibo\\\/#breadcrumb\"},\"inLanguage\":\"es\",\"potentialAction\":[{\"@type\":\"ReadAction\",\"target\":[\"https:\\\/\\\/digital58.com.ve\\\/site\\\/2018\\\/08\\\/08\\\/fundacion-empresas-polar-promovio-el-vi-encuentro-de-organizaciones-comunitarias-en-maracaibo\\\/\"]}]},{\"@type\":\"ImageObject\",\"inLanguage\":\"es\",\"@id\":\"https:\\\/\\\/digital58.com.ve\\\/site\\\/2018\\\/08\\\/08\\\/fundacion-empresas-polar-promovio-el-vi-encuentro-de-organizaciones-comunitarias-en-maracaibo\\\/#primaryimage\",\"url\":\"https:\\\/\\\/digital58.com.ve\\\/site\\\/wp-content\\\/uploads\\\/2018\\\/08\\\/empresaspolar.jpg\",\"contentUrl\":\"https:\\\/\\\/digital58.com.ve\\\/site\\\/wp-content\\\/uploads\\\/2018\\\/08\\\/empresaspolar.jpg\",\"width\":800,\"height\":390},{\"@type\":\"BreadcrumbList\",\"@id\":\"https:\\\/\\\/digital58.com.ve\\\/site\\\/2018\\\/08\\\/08\\\/fundacion-empresas-polar-promovio-el-vi-encuentro-de-organizaciones-comunitarias-en-maracaibo\\\/#breadcrumb\",\"itemListElement\":[{\"@type\":\"ListItem\",\"position\":1,\"name\":\"Home\",\"item\":\"https:\\\/\\\/digital58.com.ve\\\/site\\\/\"},{\"@type\":\"ListItem\",\"position\":2,\"name\":\"Fundaci\u00f3n Empresas Polar promovi\u00f3 el VI Encuentro de Organizaciones Comunitarias en Maracaibo\"}]},{\"@type\":\"WebSite\",\"@id\":\"https:\\\/\\\/digital58.com.ve\\\/site\\\/#website\",\"url\":\"https:\\\/\\\/digital58.com.ve\\\/site\\\/\",\"name\":\"Noticias Digital58\",\"description\":\"Portal de Noticias \u00a1Periodismo web de verdad! Lanzamiento web 22.11.2005 \\\/ Maracaibo, Venezuela\",\"publisher\":{\"@id\":\"https:\\\/\\\/digital58.com.ve\\\/site\\\/#\\\/schema\\\/person\\\/64d1c2e4d0d4fd1b849980c4331c2951\"},\"alternateName\":\"ND58\",\"potentialAction\":[{\"@type\":\"SearchAction\",\"target\":{\"@type\":\"EntryPoint\",\"urlTemplate\":\"https:\\\/\\\/digital58.com.ve\\\/site\\\/?s={search_term_string}\"},\"query-input\":{\"@type\":\"PropertyValueSpecification\",\"valueRequired\":true,\"valueName\":\"search_term_string\"}}],\"inLanguage\":\"es\"},{\"@type\":[\"Person\",\"Organization\"],\"@id\":\"https:\\\/\\\/digital58.com.ve\\\/site\\\/#\\\/schema\\\/person\\\/64d1c2e4d0d4fd1b849980c4331c2951\",\"name\":\"Villasmil Henry\",\"image\":{\"@type\":\"ImageObject\",\"inLanguage\":\"es\",\"@id\":\"https:\\\/\\\/secure.gravatar.com\\\/avatar\\\/bb0c4a2fcb7970138239f7e404ea75757b1b507b28b5ce4c53fbd62d797c5a7c?s=96&d=mm&r=g\",\"url\":\"https:\\\/\\\/secure.gravatar.com\\\/avatar\\\/bb0c4a2fcb7970138239f7e404ea75757b1b507b28b5ce4c53fbd62d797c5a7c?s=96&d=mm&r=g\",\"contentUrl\":\"https:\\\/\\\/secure.gravatar.com\\\/avatar\\\/bb0c4a2fcb7970138239f7e404ea75757b1b507b28b5ce4c53fbd62d797c5a7c?s=96&d=mm&r=g\",\"caption\":\"Villasmil Henry\"},\"logo\":{\"@id\":\"https:\\\/\\\/secure.gravatar.com\\\/avatar\\\/bb0c4a2fcb7970138239f7e404ea75757b1b507b28b5ce4c53fbd62d797c5a7c?s=96&d=mm&r=g\"},\"sameAs\":[\"http:\\\/\\\/www.henryvillasmil.com.ve\",\"https:\\\/\\\/www.instagram.com\\\/villasmilhfoto\\\/\",\"https:\\\/\\\/x.com\\\/https:\\\/\\\/twitter.com\\\/villasmilhfoto\"],\"url\":\"https:\\\/\\\/digital58.com.ve\\\/site\\\/author\\\/droopy_68\\\/\"}]}<\/script>\n<!-- \/ Yoast SEO plugin. -->","yoast_head_json":{"title":"Fundaci\u00f3n Empresas Polar promovi\u00f3 el VI Encuentro de Organizaciones Comunitarias en Maracaibo","robots":{"index":"index","follow":"follow","max-snippet":"max-snippet:-1","max-image-preview":"max-image-preview:large","max-video-preview":"max-video-preview:-1"},"canonical":"https:\/\/digital58.com.ve\/site\/2018\/08\/08\/fundacion-empresas-polar-promovio-el-vi-encuentro-de-organizaciones-comunitarias-en-maracaibo\/","og_locale":"es_ES","og_type":"article","og_title":"Fundaci\u00f3n Empresas Polar promovi\u00f3 el VI Encuentro de Organizaciones Comunitarias en Maracaibo","og_url":"https:\/\/digital58.com.ve\/site\/2018\/08\/08\/fundacion-empresas-polar-promovio-el-vi-encuentro-de-organizaciones-comunitarias-en-maracaibo\/","og_site_name":"Noticias Digital58","article_published_time":"2018-08-08T13:10:23+00:00","og_image":[{"width":1000,"height":487,"url":"https:\/\/digital58.com.ve\/site\/wp-content\/uploads\/2018\/08\/empresaspolar.jpg","type":"image\/jpeg"}],"author":"Villasmil Henry","twitter_card":"summary_large_image","twitter_creator":"@https:\/\/twitter.com\/villasmilhfoto","twitter_site":"@villasmilhfoto","twitter_misc":{"Escrito por":"Villasmil Henry","Tiempo estimado de lectura":"3 minutos"},"schema":{"@context":"https:\/\/schema.org","@graph":[{"@type":"Article","@id":"https:\/\/digital58.com.ve\/site\/2018\/08\/08\/fundacion-empresas-polar-promovio-el-vi-encuentro-de-organizaciones-comunitarias-en-maracaibo\/#article","isPartOf":{"@id":"https:\/\/digital58.com.ve\/site\/2018\/08\/08\/fundacion-empresas-polar-promovio-el-vi-encuentro-de-organizaciones-comunitarias-en-maracaibo\/"},"author":{"name":"Villasmil Henry","@id":"https:\/\/digital58.com.ve\/site\/#\/schema\/person\/64d1c2e4d0d4fd1b849980c4331c2951"},"headline":"Fundaci\u00f3n Empresas Polar promovi\u00f3 el VI Encuentro de Organizaciones Comunitarias en Maracaibo","datePublished":"2018-08-08T13:10:23+00:00","mainEntityOfPage":{"@id":"https:\/\/digital58.com.ve\/site\/2018\/08\/08\/fundacion-empresas-polar-promovio-el-vi-encuentro-de-organizaciones-comunitarias-en-maracaibo\/"},"wordCount":534,"commentCount":0,"publisher":{"@id":"https:\/\/digital58.com.ve\/site\/#\/schema\/person\/64d1c2e4d0d4fd1b849980c4331c2951"},"image":{"@id":"https:\/\/digital58.com.ve\/site\/2018\/08\/08\/fundacion-empresas-polar-promovio-el-vi-encuentro-de-organizaciones-comunitarias-en-maracaibo\/#primaryimage"},"thumbnailUrl":"https:\/\/digital58.com.ve\/site\/wp-content\/uploads\/2018\/08\/empresaspolar.jpg","keywords":["Empresas Polar","Maracaibo","Red Act\u00edvate y Construye","Venezuela","VI Encuentro de Organizaciones Comunitarias","Zulia"],"articleSection":["Otros","Reportajes Especiales"],"inLanguage":"es","potentialAction":[{"@type":"CommentAction","name":"Comment","target":["https:\/\/digital58.com.ve\/site\/2018\/08\/08\/fundacion-empresas-polar-promovio-el-vi-encuentro-de-organizaciones-comunitarias-en-maracaibo\/#respond"]}]},{"@type":"WebPage","@id":"https:\/\/digital58.com.ve\/site\/2018\/08\/08\/fundacion-empresas-polar-promovio-el-vi-encuentro-de-organizaciones-comunitarias-en-maracaibo\/","url":"https:\/\/digital58.com.ve\/site\/2018\/08\/08\/fundacion-empresas-polar-promovio-el-vi-encuentro-de-organizaciones-comunitarias-en-maracaibo\/","name":"Fundaci\u00f3n Empresas Polar promovi\u00f3 el VI Encuentro de Organizaciones Comunitarias en Maracaibo","isPartOf":{"@id":"https:\/\/digital58.com.ve\/site\/#website"},"primaryImageOfPage":{"@id":"https:\/\/digital58.com.ve\/site\/2018\/08\/08\/fundacion-empresas-polar-promovio-el-vi-encuentro-de-organizaciones-comunitarias-en-maracaibo\/#primaryimage"},"image":{"@id":"https:\/\/digital58.com.ve\/site\/2018\/08\/08\/fundacion-empresas-polar-promovio-el-vi-encuentro-de-organizaciones-comunitarias-en-maracaibo\/#primaryimage"},"thumbnailUrl":"https:\/\/digital58.com.ve\/site\/wp-content\/uploads\/2018\/08\/empresaspolar.jpg","datePublished":"2018-08-08T13:10:23+00:00","breadcrumb":{"@id":"https:\/\/digital58.com.ve\/site\/2018\/08\/08\/fundacion-empresas-polar-promovio-el-vi-encuentro-de-organizaciones-comunitarias-en-maracaibo\/#breadcrumb"},"inLanguage":"es","potentialAction":[{"@type":"ReadAction","target":["https:\/\/digital58.com.ve\/site\/2018\/08\/08\/fundacion-empresas-polar-promovio-el-vi-encuentro-de-organizaciones-comunitarias-en-maracaibo\/"]}]},{"@type":"ImageObject","inLanguage":"es","@id":"https:\/\/digital58.com.ve\/site\/2018\/08\/08\/fundacion-empresas-polar-promovio-el-vi-encuentro-de-organizaciones-comunitarias-en-maracaibo\/#primaryimage","url":"https:\/\/digital58.com.ve\/site\/wp-content\/uploads\/2018\/08\/empresaspolar.jpg","contentUrl":"https:\/\/digital58.com.ve\/site\/wp-content\/uploads\/2018\/08\/empresaspolar.jpg","width":800,"height":390},{"@type":"BreadcrumbList","@id":"https:\/\/digital58.com.ve\/site\/2018\/08\/08\/fundacion-empresas-polar-promovio-el-vi-encuentro-de-organizaciones-comunitarias-en-maracaibo\/#breadcrumb","itemListElement":[{"@type":"ListItem","position":1,"name":"Home","item":"https:\/\/digital58.com.ve\/site\/"},{"@type":"ListItem","position":2,"name":"Fundaci\u00f3n Empresas Polar promovi\u00f3 el VI Encuentro de Organizaciones Comunitarias en Maracaibo"}]},{"@type":"WebSite","@id":"https:\/\/digital58.com.ve\/site\/#website","url":"https:\/\/digital58.com.ve\/site\/","name":"Noticias Digital58","description":"Portal de Noticias \u00a1Periodismo web de verdad! Lanzamiento web 22.11.2005 \/ Maracaibo, Venezuela","publisher":{"@id":"https:\/\/digital58.com.ve\/site\/#\/schema\/person\/64d1c2e4d0d4fd1b849980c4331c2951"},"alternateName":"ND58","potentialAction":[{"@type":"SearchAction","target":{"@type":"EntryPoint","urlTemplate":"https:\/\/digital58.com.ve\/site\/?s={search_term_string}"},"query-input":{"@type":"PropertyValueSpecification","valueRequired":true,"valueName":"search_term_string"}}],"inLanguage":"es"},{"@type":["Person","Organization"],"@id":"https:\/\/digital58.com.ve\/site\/#\/schema\/person\/64d1c2e4d0d4fd1b849980c4331c2951","name":"Villasmil Henry","image":{"@type":"ImageObject","inLanguage":"es","@id":"https:\/\/secure.gravatar.com\/avatar\/bb0c4a2fcb7970138239f7e404ea75757b1b507b28b5ce4c53fbd62d797c5a7c?s=96&d=mm&r=g","url":"https:\/\/secure.gravatar.com\/avatar\/bb0c4a2fcb7970138239f7e404ea75757b1b507b28b5ce4c53fbd62d797c5a7c?s=96&d=mm&r=g","contentUrl":"https:\/\/secure.gravatar.com\/avatar\/bb0c4a2fcb7970138239f7e404ea75757b1b507b28b5ce4c53fbd62d797c5a7c?s=96&d=mm&r=g","caption":"Villasmil Henry"},"logo":{"@id":"https:\/\/secure.gravatar.com\/avatar\/bb0c4a2fcb7970138239f7e404ea75757b1b507b28b5ce4c53fbd62d797c5a7c?s=96&d=mm&r=g"},"sameAs":["http:\/\/www.henryvillasmil.com.ve","https:\/\/www.instagram.com\/villasmilhfoto\/","https:\/\/x.com\/https:\/\/twitter.com\/villasmilhfoto"],"url":"https:\/\/digital58.com.ve\/site\/author\/droopy_68\/"}]}},"uagb_featured_image_src":{"full":["https:\/\/digital58.com.ve\/site\/wp-content\/uploads\/2018\/08\/empresaspolar.jpg",800,390,false],"thumbnail":["https:\/\/digital58.com.ve\/site\/wp-content\/uploads\/2018\/08\/empresaspolar-150x150.jpg",150,150,true],"medium":["https:\/\/digital58.com.ve\/site\/wp-content\/uploads\/2018\/08\/empresaspolar-300x146.jpg",300,146,true],"medium_large":["https:\/\/digital58.com.ve\/site\/wp-content\/uploads\/2018\/08\/empresaspolar-768x374.jpg",768,374,true],"large":["https:\/\/digital58.com.ve\/site\/wp-content\/uploads\/2018\/08\/empresaspolar.jpg",800,390,false],"1536x1536":["https:\/\/digital58.com.ve\/site\/wp-content\/uploads\/2018\/08\/empresaspolar.jpg",800,390,false],"2048x2048":["https:\/\/digital58.com.ve\/site\/wp-content\/uploads\/2018\/08\/empresaspolar.jpg",800,390,false],"colormag-highlighted-post":["https:\/\/digital58.com.ve\/site\/wp-content\/uploads\/2018\/08\/empresaspolar.jpg",392,191,false],"colormag-featured-post-medium":["https:\/\/digital58.com.ve\/site\/wp-content\/uploads\/2018\/08\/empresaspolar.jpg",390,190,false],"colormag-featured-post-small":["https:\/\/digital58.com.ve\/site\/wp-content\/uploads\/2018\/08\/empresaspolar.jpg",130,63,false],"colormag-featured-image":["https:\/\/digital58.com.ve\/site\/wp-content\/uploads\/2018\/08\/empresaspolar.jpg",800,390,false],"colormag-default-news":["https:\/\/digital58.com.ve\/site\/wp-content\/uploads\/2018\/08\/empresaspolar.jpg",150,73,false],"colormag-featured-image-large":["https:\/\/digital58.com.ve\/site\/wp-content\/uploads\/2018\/08\/empresaspolar.jpg",800,390,false]},"uagb_author_info":{"display_name":"Villasmil Henry","author_link":"https:\/\/digital58.com.ve\/site\/author\/droopy_68\/"},"uagb_comment_info":0,"uagb_excerpt":"M\u00e1s de 300 asistentes pertenecientes a la Red Act\u00edvate y Construye, un espacio promovido y administrado por Fundaci\u00f3n Empresas Polar,","_links":{"self":[{"href":"https:\/\/digital58.com.ve\/site\/wp-json\/wp\/v2\/posts\/80670","targetHints":{"allow":["GET"]}}],"collection":[{"href":"https:\/\/digital58.com.ve\/site\/wp-json\/wp\/v2\/posts"}],"about":[{"href":"https:\/\/digital58.com.ve\/site\/wp-json\/wp\/v2\/types\/post"}],"author":[{"embeddable":true,"href":"https:\/\/digital58.com.ve\/site\/wp-json\/wp\/v2\/users\/1"}],"replies":[{"embeddable":true,"href":"https:\/\/digital58.com.ve\/site\/wp-json\/wp\/v2\/comments?post=80670"}],"version-history":[{"count":0,"href":"https:\/\/digital58.com.ve\/site\/wp-json\/wp\/v2\/posts\/80670\/revisions"}],"wp:featuredmedia":[{"embeddable":true,"href":"https:\/\/digital58.com.ve\/site\/wp-json\/wp\/v2\/media\/80671"}],"wp:attachment":[{"href":"https:\/\/digital58.com.ve\/site\/wp-json\/wp\/v2\/media?parent=80670"}],"wp:term":[{"taxonomy":"category","embeddable":true,"href":"https:\/\/digital58.com.ve\/site\/wp-json\/wp\/v2\/categories?post=80670"},{"taxonomy":"post_tag","embeddable":true,"href":"https:\/\/digital58.com.ve\/site\/wp-json\/wp\/v2\/tags?post=80670"}],"curies":[{"name":"wp","href":"https:\/\/api.w.org\/{rel}","templated":true}]}}