{"id":81334,"date":"2018-09-10T08:03:41","date_gmt":"2018-09-10T12:03:41","guid":{"rendered":"http:\/\/digital58.com.ve\/site\/?p=81334"},"modified":"2019-03-19T15:04:57","modified_gmt":"2019-03-19T19:04:57","slug":"ad3-protagonista-en-aviva-venezuela-2018","status":"publish","type":"post","link":"https:\/\/digital58.com.ve\/site\/2018\/09\/10\/ad3-protagonista-en-aviva-venezuela-2018\/","title":{"rendered":"AD3 protagonista en AVIVA Venezuela 2018"},"content":{"rendered":"<p><a href=\"http:\/\/digital58.com.ve\/site\/wp-content\/uploads\/2018\/09\/ad32.jpg\"><img loading=\"lazy\" decoding=\"async\" class=\"aligncenter size-large wp-image-84237\" src=\"http:\/\/digital58.com.ve\/site\/wp-content\/uploads\/2018\/09\/ad32-1500x1000.jpg\" alt=\"\" width=\"640\" height=\"427\" srcset=\"https:\/\/digital58.com.ve\/site\/wp-content\/uploads\/2018\/09\/ad32-1500x1000.jpg 1500w, https:\/\/digital58.com.ve\/site\/wp-content\/uploads\/2018\/09\/ad32-300x200.jpg 300w, https:\/\/digital58.com.ve\/site\/wp-content\/uploads\/2018\/09\/ad32-768x512.jpg 768w, https:\/\/digital58.com.ve\/site\/wp-content\/uploads\/2018\/09\/ad32-720x480.jpg 720w, https:\/\/digital58.com.ve\/site\/wp-content\/uploads\/2018\/09\/ad32-480x320.jpg 480w, https:\/\/digital58.com.ve\/site\/wp-content\/uploads\/2018\/09\/ad32.jpg 800w\" sizes=\"auto, (max-width: 640px) 100vw, 640px\" \/><\/a><\/p>\n<p>Desde el 5 al 9 de septiembre, la banda cristiana AD3 realiz\u00f3 una participaci\u00f3n protag\u00f3nica en el I Congreso de AVIVA 2018 en Venezuela, realizado en Sabana de Mendoza, estado Trujillo, en el que se destacaron frente a m\u00e1s de 10 mil personas, con la presentaci\u00f3n de apertura y cierre de tan prestigioso evento internacional.<\/p>\n<p><strong>Maracaibo, Zulia, Venezuela, 10 de septiembre de 2018 (Noticias D58).-<\/strong> AD3 deleit\u00f3 a los miles de asistentes con su repertorio de sus m\u00e1s grandes \u00e9xitos: \u00abTe amar\u00e9 por siempre\u00bb, \u00abReal en m\u00ed\u00bb, \u00abTu gracia\u00bb, \u00abEstabas t\u00fa\u00bb y otras interpretaciones para complacer a todos sus seguidores, quienes corearon a viva voz cada una de sus canciones.<\/p>\n<p>El presidente de AVIVA Venezuela, Pastor Elifrank Gonz\u00e1lez, expres\u00f3 su satisfacci\u00f3n y complacencia por la brillante presentaci\u00f3n de AD3 Banda que aviv\u00f3 la fe de los presentes llevando un mensaje de esperanza.<\/p>\n<p>Este encuentro marc\u00f3 la posibilidad de que AD3 Banda se convierta en la agrupaci\u00f3n musical para dirigir los pr\u00f3ximos eventos que llevan a cabo el movimiento social, cultural y art\u00edstico AVIVA, para lograr la transformaci\u00f3n de miles de vidas, pueblos y ciudades a trav\u00e9s de la fe cristiana.<\/p>\n<p><strong>Redacci\u00f3n: Vanessa Calatayud<\/strong><br \/>\n<strong>Edici\u00f3n: Villasmil, Henry<\/strong><br \/>\n<strong>Gr\u00e1ficas: cortes\u00eda<\/strong><\/p><div class=\"dxmqm69efc54f7f073\" ><p style=\"text-align: center;\"><a href=\"https:\/\/t.me\/noticiasdigital58\" target=\"_blank\" rel=\"noopener\"><img class=\"aligncenter size-full wp-image-125363\" src=\"https:\/\/digital58.com.ve\/site\/wp-content\/uploads\/2021\/04\/banner-telegram-web-2021.png\" alt=\"\" width=\"600\" height=\"90\" \/><\/a><\/p><\/div><style type=\"text\/css\">\r\n@media screen and (min-width: 1201px) {\r\n.dxmqm69efc54f7f073 {\r\ndisplay: block;\r\n}\r\n}\r\n@media screen and (min-width: 993px) and (max-width: 1200px) {\r\n.dxmqm69efc54f7f073 {\r\ndisplay: block;\r\n}\r\n}\r\n@media screen and (min-width: 769px) and (max-width: 992px) {\r\n.dxmqm69efc54f7f073 {\r\ndisplay: block;\r\n}\r\n}\r\n@media screen and (min-width: 768px) and (max-width: 768px) {\r\n.dxmqm69efc54f7f073 {\r\ndisplay: block;\r\n}\r\n}\r\n@media screen and (max-width: 767px) {\r\n.dxmqm69efc54f7f073 {\r\ndisplay: block;\r\n}\r\n}\r\n<\/style>\r\n\n<p><a href=\"http:\/\/digital58.com.ve\/site\/wp-content\/uploads\/2018\/09\/ad3.jpg\"><img loading=\"lazy\" decoding=\"async\" class=\"aligncenter size-large wp-image-84238\" src=\"http:\/\/digital58.com.ve\/site\/wp-content\/uploads\/2018\/09\/ad3-1500x1000.jpg\" alt=\"\" width=\"640\" height=\"427\" srcset=\"https:\/\/digital58.com.ve\/site\/wp-content\/uploads\/2018\/09\/ad3-1500x1000.jpg 1500w, https:\/\/digital58.com.ve\/site\/wp-content\/uploads\/2018\/09\/ad3-300x200.jpg 300w, https:\/\/digital58.com.ve\/site\/wp-content\/uploads\/2018\/09\/ad3-768x512.jpg 768w, https:\/\/digital58.com.ve\/site\/wp-content\/uploads\/2018\/09\/ad3-720x480.jpg 720w, https:\/\/digital58.com.ve\/site\/wp-content\/uploads\/2018\/09\/ad3-480x320.jpg 480w, https:\/\/digital58.com.ve\/site\/wp-content\/uploads\/2018\/09\/ad3.jpg 800w\" sizes=\"auto, (max-width: 640px) 100vw, 640px\" \/><\/a><\/p>\n<div style=\"margin-top: 0px; margin-bottom: 0px;\" class=\"sharethis-inline-share-buttons\" ><\/div>","protected":false},"excerpt":{"rendered":"<p>Desde el 5 al 9 de septiembre, la banda cristiana AD3 realiz\u00f3 una participaci\u00f3n protag\u00f3nica en el I Congreso de<\/p>\n","protected":false},"author":1,"featured_media":84238,"comment_status":"open","ping_status":"closed","sticky":false,"template":"","format":"standard","meta":{"colormag_page_container_layout":"default_layout","colormag_page_sidebar_layout":"default_layout","_uag_custom_page_level_css":"","footnotes":""},"categories":[5417,1],"tags":[12098,58,78,83,50,211,61,2041,233,12097,4578,32],"class_list":["post-81334","post","type-post","status-publish","format-standard","has-post-thumbnail","hentry","category-conciertos","category-fama","tag-ad3","tag-agrupaciones-musicales","tag-cantantes","tag-conciertos","tag-entretenimiento","tag-espectaculos","tag-musica","tag-musica-cristiana","tag-nacionales","tag-sabana-de-mendoza","tag-trujillo","tag-venezuela"],"yoast_head":"<!-- This site is optimized with the Yoast SEO plugin v27.4 - https:\/\/yoast.com\/product\/yoast-seo-wordpress\/ -->\n<title>AD3 protagonista en AVIVA Venezuela 2018<\/title>\n<meta name=\"robots\" content=\"index, follow, max-snippet:-1, max-image-preview:large, max-video-preview:-1\" \/>\n<link rel=\"canonical\" href=\"https:\/\/digital58.com.ve\/site\/2018\/09\/10\/ad3-protagonista-en-aviva-venezuela-2018\/\" \/>\n<meta property=\"og:locale\" content=\"es_ES\" \/>\n<meta property=\"og:type\" content=\"article\" \/>\n<meta property=\"og:title\" content=\"AD3 protagonista en AVIVA Venezuela 2018\" \/>\n<meta property=\"og:url\" content=\"https:\/\/digital58.com.ve\/site\/2018\/09\/10\/ad3-protagonista-en-aviva-venezuela-2018\/\" \/>\n<meta property=\"og:site_name\" content=\"Noticias Digital58\" \/>\n<meta property=\"article:published_time\" content=\"2018-09-10T12:03:41+00:00\" \/>\n<meta property=\"article:modified_time\" content=\"2019-03-19T19:04:57+00:00\" \/>\n<meta property=\"og:image\" content=\"https:\/\/digital58.com.ve\/site\/wp-content\/uploads\/2018\/09\/ad3.jpg\" \/>\n\t<meta property=\"og:image:width\" content=\"1500\" \/>\n\t<meta property=\"og:image:height\" content=\"1000\" \/>\n\t<meta property=\"og:image:type\" content=\"image\/jpeg\" \/>\n<meta name=\"author\" content=\"Villasmil Henry\" \/>\n<meta name=\"twitter:card\" content=\"summary_large_image\" \/>\n<meta name=\"twitter:creator\" content=\"@https:\/\/twitter.com\/villasmilhfoto\" \/>\n<meta name=\"twitter:site\" content=\"@villasmilhfoto\" \/>\n<meta name=\"twitter:label1\" content=\"Escrito por\" \/>\n\t<meta name=\"twitter:data1\" content=\"Villasmil Henry\" \/>\n\t<meta name=\"twitter:label2\" content=\"Tiempo estimado de lectura\" \/>\n\t<meta name=\"twitter:data2\" content=\"1 minuto\" \/>\n<script type=\"application\/ld+json\" class=\"yoast-schema-graph\">{\"@context\":\"https:\\\/\\\/schema.org\",\"@graph\":[{\"@type\":\"Article\",\"@id\":\"https:\\\/\\\/digital58.com.ve\\\/site\\\/2018\\\/09\\\/10\\\/ad3-protagonista-en-aviva-venezuela-2018\\\/#article\",\"isPartOf\":{\"@id\":\"https:\\\/\\\/digital58.com.ve\\\/site\\\/2018\\\/09\\\/10\\\/ad3-protagonista-en-aviva-venezuela-2018\\\/\"},\"author\":{\"name\":\"Villasmil Henry\",\"@id\":\"https:\\\/\\\/digital58.com.ve\\\/site\\\/#\\\/schema\\\/person\\\/64d1c2e4d0d4fd1b849980c4331c2951\"},\"headline\":\"AD3 protagonista en AVIVA Venezuela 2018\",\"datePublished\":\"2018-09-10T12:03:41+00:00\",\"dateModified\":\"2019-03-19T19:04:57+00:00\",\"mainEntityOfPage\":{\"@id\":\"https:\\\/\\\/digital58.com.ve\\\/site\\\/2018\\\/09\\\/10\\\/ad3-protagonista-en-aviva-venezuela-2018\\\/\"},\"wordCount\":215,\"commentCount\":0,\"publisher\":{\"@id\":\"https:\\\/\\\/digital58.com.ve\\\/site\\\/#\\\/schema\\\/person\\\/64d1c2e4d0d4fd1b849980c4331c2951\"},\"image\":{\"@id\":\"https:\\\/\\\/digital58.com.ve\\\/site\\\/2018\\\/09\\\/10\\\/ad3-protagonista-en-aviva-venezuela-2018\\\/#primaryimage\"},\"thumbnailUrl\":\"https:\\\/\\\/digital58.com.ve\\\/site\\\/wp-content\\\/uploads\\\/2018\\\/09\\\/ad3.jpg\",\"keywords\":[\"AD3\",\"Agrupaciones Musicales\",\"Cantantes\",\"Conciertos\",\"Entretenimiento\",\"Espect\u00e1culos\",\"M\u00fasica\",\"M\u00fasica Cristiana\",\"Nacionales\",\"Sabana de Mendoza\",\"Trujillo\",\"Venezuela\"],\"articleSection\":[\"Conciertos\",\"Fama\"],\"inLanguage\":\"es\",\"potentialAction\":[{\"@type\":\"CommentAction\",\"name\":\"Comment\",\"target\":[\"https:\\\/\\\/digital58.com.ve\\\/site\\\/2018\\\/09\\\/10\\\/ad3-protagonista-en-aviva-venezuela-2018\\\/#respond\"]}]},{\"@type\":\"WebPage\",\"@id\":\"https:\\\/\\\/digital58.com.ve\\\/site\\\/2018\\\/09\\\/10\\\/ad3-protagonista-en-aviva-venezuela-2018\\\/\",\"url\":\"https:\\\/\\\/digital58.com.ve\\\/site\\\/2018\\\/09\\\/10\\\/ad3-protagonista-en-aviva-venezuela-2018\\\/\",\"name\":\"AD3 protagonista en AVIVA Venezuela 2018\",\"isPartOf\":{\"@id\":\"https:\\\/\\\/digital58.com.ve\\\/site\\\/#website\"},\"primaryImageOfPage\":{\"@id\":\"https:\\\/\\\/digital58.com.ve\\\/site\\\/2018\\\/09\\\/10\\\/ad3-protagonista-en-aviva-venezuela-2018\\\/#primaryimage\"},\"image\":{\"@id\":\"https:\\\/\\\/digital58.com.ve\\\/site\\\/2018\\\/09\\\/10\\\/ad3-protagonista-en-aviva-venezuela-2018\\\/#primaryimage\"},\"thumbnailUrl\":\"https:\\\/\\\/digital58.com.ve\\\/site\\\/wp-content\\\/uploads\\\/2018\\\/09\\\/ad3.jpg\",\"datePublished\":\"2018-09-10T12:03:41+00:00\",\"dateModified\":\"2019-03-19T19:04:57+00:00\",\"breadcrumb\":{\"@id\":\"https:\\\/\\\/digital58.com.ve\\\/site\\\/2018\\\/09\\\/10\\\/ad3-protagonista-en-aviva-venezuela-2018\\\/#breadcrumb\"},\"inLanguage\":\"es\",\"potentialAction\":[{\"@type\":\"ReadAction\",\"target\":[\"https:\\\/\\\/digital58.com.ve\\\/site\\\/2018\\\/09\\\/10\\\/ad3-protagonista-en-aviva-venezuela-2018\\\/\"]}]},{\"@type\":\"ImageObject\",\"inLanguage\":\"es\",\"@id\":\"https:\\\/\\\/digital58.com.ve\\\/site\\\/2018\\\/09\\\/10\\\/ad3-protagonista-en-aviva-venezuela-2018\\\/#primaryimage\",\"url\":\"https:\\\/\\\/digital58.com.ve\\\/site\\\/wp-content\\\/uploads\\\/2018\\\/09\\\/ad3.jpg\",\"contentUrl\":\"https:\\\/\\\/digital58.com.ve\\\/site\\\/wp-content\\\/uploads\\\/2018\\\/09\\\/ad3.jpg\",\"width\":800,\"height\":533},{\"@type\":\"BreadcrumbList\",\"@id\":\"https:\\\/\\\/digital58.com.ve\\\/site\\\/2018\\\/09\\\/10\\\/ad3-protagonista-en-aviva-venezuela-2018\\\/#breadcrumb\",\"itemListElement\":[{\"@type\":\"ListItem\",\"position\":1,\"name\":\"Home\",\"item\":\"https:\\\/\\\/digital58.com.ve\\\/site\\\/\"},{\"@type\":\"ListItem\",\"position\":2,\"name\":\"AD3 protagonista en AVIVA Venezuela 2018\"}]},{\"@type\":\"WebSite\",\"@id\":\"https:\\\/\\\/digital58.com.ve\\\/site\\\/#website\",\"url\":\"https:\\\/\\\/digital58.com.ve\\\/site\\\/\",\"name\":\"Noticias Digital58\",\"description\":\"Portal de Noticias \u00a1Periodismo web de verdad! Lanzamiento web 22.11.2005 \\\/ Maracaibo, Venezuela\",\"publisher\":{\"@id\":\"https:\\\/\\\/digital58.com.ve\\\/site\\\/#\\\/schema\\\/person\\\/64d1c2e4d0d4fd1b849980c4331c2951\"},\"alternateName\":\"ND58\",\"potentialAction\":[{\"@type\":\"SearchAction\",\"target\":{\"@type\":\"EntryPoint\",\"urlTemplate\":\"https:\\\/\\\/digital58.com.ve\\\/site\\\/?s={search_term_string}\"},\"query-input\":{\"@type\":\"PropertyValueSpecification\",\"valueRequired\":true,\"valueName\":\"search_term_string\"}}],\"inLanguage\":\"es\"},{\"@type\":[\"Person\",\"Organization\"],\"@id\":\"https:\\\/\\\/digital58.com.ve\\\/site\\\/#\\\/schema\\\/person\\\/64d1c2e4d0d4fd1b849980c4331c2951\",\"name\":\"Villasmil Henry\",\"image\":{\"@type\":\"ImageObject\",\"inLanguage\":\"es\",\"@id\":\"https:\\\/\\\/secure.gravatar.com\\\/avatar\\\/bb0c4a2fcb7970138239f7e404ea75757b1b507b28b5ce4c53fbd62d797c5a7c?s=96&d=mm&r=g\",\"url\":\"https:\\\/\\\/secure.gravatar.com\\\/avatar\\\/bb0c4a2fcb7970138239f7e404ea75757b1b507b28b5ce4c53fbd62d797c5a7c?s=96&d=mm&r=g\",\"contentUrl\":\"https:\\\/\\\/secure.gravatar.com\\\/avatar\\\/bb0c4a2fcb7970138239f7e404ea75757b1b507b28b5ce4c53fbd62d797c5a7c?s=96&d=mm&r=g\",\"caption\":\"Villasmil Henry\"},\"logo\":{\"@id\":\"https:\\\/\\\/secure.gravatar.com\\\/avatar\\\/bb0c4a2fcb7970138239f7e404ea75757b1b507b28b5ce4c53fbd62d797c5a7c?s=96&d=mm&r=g\"},\"sameAs\":[\"http:\\\/\\\/www.henryvillasmil.com.ve\",\"https:\\\/\\\/www.instagram.com\\\/villasmilhfoto\\\/\",\"https:\\\/\\\/x.com\\\/https:\\\/\\\/twitter.com\\\/villasmilhfoto\"],\"url\":\"https:\\\/\\\/digital58.com.ve\\\/site\\\/author\\\/droopy_68\\\/\"}]}<\/script>\n<!-- \/ Yoast SEO plugin. -->","yoast_head_json":{"title":"AD3 protagonista en AVIVA Venezuela 2018","robots":{"index":"index","follow":"follow","max-snippet":"max-snippet:-1","max-image-preview":"max-image-preview:large","max-video-preview":"max-video-preview:-1"},"canonical":"https:\/\/digital58.com.ve\/site\/2018\/09\/10\/ad3-protagonista-en-aviva-venezuela-2018\/","og_locale":"es_ES","og_type":"article","og_title":"AD3 protagonista en AVIVA Venezuela 2018","og_url":"https:\/\/digital58.com.ve\/site\/2018\/09\/10\/ad3-protagonista-en-aviva-venezuela-2018\/","og_site_name":"Noticias Digital58","article_published_time":"2018-09-10T12:03:41+00:00","article_modified_time":"2019-03-19T19:04:57+00:00","og_image":[{"width":1500,"height":1000,"url":"https:\/\/digital58.com.ve\/site\/wp-content\/uploads\/2018\/09\/ad3.jpg","type":"image\/jpeg"}],"author":"Villasmil Henry","twitter_card":"summary_large_image","twitter_creator":"@https:\/\/twitter.com\/villasmilhfoto","twitter_site":"@villasmilhfoto","twitter_misc":{"Escrito por":"Villasmil Henry","Tiempo estimado de lectura":"1 minuto"},"schema":{"@context":"https:\/\/schema.org","@graph":[{"@type":"Article","@id":"https:\/\/digital58.com.ve\/site\/2018\/09\/10\/ad3-protagonista-en-aviva-venezuela-2018\/#article","isPartOf":{"@id":"https:\/\/digital58.com.ve\/site\/2018\/09\/10\/ad3-protagonista-en-aviva-venezuela-2018\/"},"author":{"name":"Villasmil Henry","@id":"https:\/\/digital58.com.ve\/site\/#\/schema\/person\/64d1c2e4d0d4fd1b849980c4331c2951"},"headline":"AD3 protagonista en AVIVA Venezuela 2018","datePublished":"2018-09-10T12:03:41+00:00","dateModified":"2019-03-19T19:04:57+00:00","mainEntityOfPage":{"@id":"https:\/\/digital58.com.ve\/site\/2018\/09\/10\/ad3-protagonista-en-aviva-venezuela-2018\/"},"wordCount":215,"commentCount":0,"publisher":{"@id":"https:\/\/digital58.com.ve\/site\/#\/schema\/person\/64d1c2e4d0d4fd1b849980c4331c2951"},"image":{"@id":"https:\/\/digital58.com.ve\/site\/2018\/09\/10\/ad3-protagonista-en-aviva-venezuela-2018\/#primaryimage"},"thumbnailUrl":"https:\/\/digital58.com.ve\/site\/wp-content\/uploads\/2018\/09\/ad3.jpg","keywords":["AD3","Agrupaciones Musicales","Cantantes","Conciertos","Entretenimiento","Espect\u00e1culos","M\u00fasica","M\u00fasica Cristiana","Nacionales","Sabana de Mendoza","Trujillo","Venezuela"],"articleSection":["Conciertos","Fama"],"inLanguage":"es","potentialAction":[{"@type":"CommentAction","name":"Comment","target":["https:\/\/digital58.com.ve\/site\/2018\/09\/10\/ad3-protagonista-en-aviva-venezuela-2018\/#respond"]}]},{"@type":"WebPage","@id":"https:\/\/digital58.com.ve\/site\/2018\/09\/10\/ad3-protagonista-en-aviva-venezuela-2018\/","url":"https:\/\/digital58.com.ve\/site\/2018\/09\/10\/ad3-protagonista-en-aviva-venezuela-2018\/","name":"AD3 protagonista en AVIVA Venezuela 2018","isPartOf":{"@id":"https:\/\/digital58.com.ve\/site\/#website"},"primaryImageOfPage":{"@id":"https:\/\/digital58.com.ve\/site\/2018\/09\/10\/ad3-protagonista-en-aviva-venezuela-2018\/#primaryimage"},"image":{"@id":"https:\/\/digital58.com.ve\/site\/2018\/09\/10\/ad3-protagonista-en-aviva-venezuela-2018\/#primaryimage"},"thumbnailUrl":"https:\/\/digital58.com.ve\/site\/wp-content\/uploads\/2018\/09\/ad3.jpg","datePublished":"2018-09-10T12:03:41+00:00","dateModified":"2019-03-19T19:04:57+00:00","breadcrumb":{"@id":"https:\/\/digital58.com.ve\/site\/2018\/09\/10\/ad3-protagonista-en-aviva-venezuela-2018\/#breadcrumb"},"inLanguage":"es","potentialAction":[{"@type":"ReadAction","target":["https:\/\/digital58.com.ve\/site\/2018\/09\/10\/ad3-protagonista-en-aviva-venezuela-2018\/"]}]},{"@type":"ImageObject","inLanguage":"es","@id":"https:\/\/digital58.com.ve\/site\/2018\/09\/10\/ad3-protagonista-en-aviva-venezuela-2018\/#primaryimage","url":"https:\/\/digital58.com.ve\/site\/wp-content\/uploads\/2018\/09\/ad3.jpg","contentUrl":"https:\/\/digital58.com.ve\/site\/wp-content\/uploads\/2018\/09\/ad3.jpg","width":800,"height":533},{"@type":"BreadcrumbList","@id":"https:\/\/digital58.com.ve\/site\/2018\/09\/10\/ad3-protagonista-en-aviva-venezuela-2018\/#breadcrumb","itemListElement":[{"@type":"ListItem","position":1,"name":"Home","item":"https:\/\/digital58.com.ve\/site\/"},{"@type":"ListItem","position":2,"name":"AD3 protagonista en AVIVA Venezuela 2018"}]},{"@type":"WebSite","@id":"https:\/\/digital58.com.ve\/site\/#website","url":"https:\/\/digital58.com.ve\/site\/","name":"Noticias Digital58","description":"Portal de Noticias \u00a1Periodismo web de verdad! Lanzamiento web 22.11.2005 \/ Maracaibo, Venezuela","publisher":{"@id":"https:\/\/digital58.com.ve\/site\/#\/schema\/person\/64d1c2e4d0d4fd1b849980c4331c2951"},"alternateName":"ND58","potentialAction":[{"@type":"SearchAction","target":{"@type":"EntryPoint","urlTemplate":"https:\/\/digital58.com.ve\/site\/?s={search_term_string}"},"query-input":{"@type":"PropertyValueSpecification","valueRequired":true,"valueName":"search_term_string"}}],"inLanguage":"es"},{"@type":["Person","Organization"],"@id":"https:\/\/digital58.com.ve\/site\/#\/schema\/person\/64d1c2e4d0d4fd1b849980c4331c2951","name":"Villasmil Henry","image":{"@type":"ImageObject","inLanguage":"es","@id":"https:\/\/secure.gravatar.com\/avatar\/bb0c4a2fcb7970138239f7e404ea75757b1b507b28b5ce4c53fbd62d797c5a7c?s=96&d=mm&r=g","url":"https:\/\/secure.gravatar.com\/avatar\/bb0c4a2fcb7970138239f7e404ea75757b1b507b28b5ce4c53fbd62d797c5a7c?s=96&d=mm&r=g","contentUrl":"https:\/\/secure.gravatar.com\/avatar\/bb0c4a2fcb7970138239f7e404ea75757b1b507b28b5ce4c53fbd62d797c5a7c?s=96&d=mm&r=g","caption":"Villasmil Henry"},"logo":{"@id":"https:\/\/secure.gravatar.com\/avatar\/bb0c4a2fcb7970138239f7e404ea75757b1b507b28b5ce4c53fbd62d797c5a7c?s=96&d=mm&r=g"},"sameAs":["http:\/\/www.henryvillasmil.com.ve","https:\/\/www.instagram.com\/villasmilhfoto\/","https:\/\/x.com\/https:\/\/twitter.com\/villasmilhfoto"],"url":"https:\/\/digital58.com.ve\/site\/author\/droopy_68\/"}]}},"uagb_featured_image_src":{"full":["https:\/\/digital58.com.ve\/site\/wp-content\/uploads\/2018\/09\/ad3.jpg",800,533,false],"thumbnail":["https:\/\/digital58.com.ve\/site\/wp-content\/uploads\/2018\/09\/ad3-150x150.jpg",150,150,true],"medium":["https:\/\/digital58.com.ve\/site\/wp-content\/uploads\/2018\/09\/ad3-300x200.jpg",300,200,true],"medium_large":["https:\/\/digital58.com.ve\/site\/wp-content\/uploads\/2018\/09\/ad3-768x512.jpg",768,512,true],"large":["https:\/\/digital58.com.ve\/site\/wp-content\/uploads\/2018\/09\/ad3-1500x1000.jpg",800,533,true],"1536x1536":["https:\/\/digital58.com.ve\/site\/wp-content\/uploads\/2018\/09\/ad3.jpg",800,533,false],"2048x2048":["https:\/\/digital58.com.ve\/site\/wp-content\/uploads\/2018\/09\/ad3.jpg",800,533,false],"colormag-highlighted-post":["https:\/\/digital58.com.ve\/site\/wp-content\/uploads\/2018\/09\/ad3.jpg",392,261,false],"colormag-featured-post-medium":["https:\/\/digital58.com.ve\/site\/wp-content\/uploads\/2018\/09\/ad3.jpg",308,205,false],"colormag-featured-post-small":["https:\/\/digital58.com.ve\/site\/wp-content\/uploads\/2018\/09\/ad3.jpg",130,87,false],"colormag-featured-image":["https:\/\/digital58.com.ve\/site\/wp-content\/uploads\/2018\/09\/ad3.jpg",668,445,false],"colormag-default-news":["https:\/\/digital58.com.ve\/site\/wp-content\/uploads\/2018\/09\/ad3.jpg",150,100,false],"colormag-featured-image-large":["https:\/\/digital58.com.ve\/site\/wp-content\/uploads\/2018\/09\/ad3.jpg",800,533,false]},"uagb_author_info":{"display_name":"Villasmil Henry","author_link":"https:\/\/digital58.com.ve\/site\/author\/droopy_68\/"},"uagb_comment_info":0,"uagb_excerpt":"Desde el 5 al 9 de septiembre, la banda cristiana AD3 realiz\u00f3 una participaci\u00f3n protag\u00f3nica en el I Congreso de","_links":{"self":[{"href":"https:\/\/digital58.com.ve\/site\/wp-json\/wp\/v2\/posts\/81334","targetHints":{"allow":["GET"]}}],"collection":[{"href":"https:\/\/digital58.com.ve\/site\/wp-json\/wp\/v2\/posts"}],"about":[{"href":"https:\/\/digital58.com.ve\/site\/wp-json\/wp\/v2\/types\/post"}],"author":[{"embeddable":true,"href":"https:\/\/digital58.com.ve\/site\/wp-json\/wp\/v2\/users\/1"}],"replies":[{"embeddable":true,"href":"https:\/\/digital58.com.ve\/site\/wp-json\/wp\/v2\/comments?post=81334"}],"version-history":[{"count":0,"href":"https:\/\/digital58.com.ve\/site\/wp-json\/wp\/v2\/posts\/81334\/revisions"}],"wp:featuredmedia":[{"embeddable":true,"href":"https:\/\/digital58.com.ve\/site\/wp-json\/wp\/v2\/media\/84238"}],"wp:attachment":[{"href":"https:\/\/digital58.com.ve\/site\/wp-json\/wp\/v2\/media?parent=81334"}],"wp:term":[{"taxonomy":"category","embeddable":true,"href":"https:\/\/digital58.com.ve\/site\/wp-json\/wp\/v2\/categories?post=81334"},{"taxonomy":"post_tag","embeddable":true,"href":"https:\/\/digital58.com.ve\/site\/wp-json\/wp\/v2\/tags?post=81334"}],"curies":[{"name":"wp","href":"https:\/\/api.w.org\/{rel}","templated":true}]}}