{"id":81935,"date":"2018-10-23T17:51:01","date_gmt":"2018-10-23T21:51:01","guid":{"rendered":"http:\/\/digital58.com.ve\/site\/?p=81935"},"modified":"2018-10-23T17:51:01","modified_gmt":"2018-10-23T21:51:01","slug":"sale-y-kershaw-confirmados-para-abrir-el-primer-juego-de-la-serie-mundial","status":"publish","type":"post","link":"https:\/\/digital58.com.ve\/site\/2018\/10\/23\/sale-y-kershaw-confirmados-para-abrir-el-primer-juego-de-la-serie-mundial\/","title":{"rendered":"Sale y Kershaw, confirmados para abrir el primer juego de la Serie Mundial"},"content":{"rendered":"<p><a href=\"http:\/\/digital58.com.ve\/site\/wp-content\/uploads\/2018\/10\/IMG-20181023-WA0002.jpg\"><img loading=\"lazy\" decoding=\"async\" class=\"aligncenter size-large wp-image-81936\" src=\"http:\/\/digital58.com.ve\/site\/wp-content\/uploads\/2018\/10\/IMG-20181023-WA0002-1024x1024.jpg\" alt=\"\" width=\"640\" height=\"640\" srcset=\"https:\/\/digital58.com.ve\/site\/wp-content\/uploads\/2018\/10\/IMG-20181023-WA0002-1024x1024.jpg 1024w, https:\/\/digital58.com.ve\/site\/wp-content\/uploads\/2018\/10\/IMG-20181023-WA0002-150x150.jpg 150w, https:\/\/digital58.com.ve\/site\/wp-content\/uploads\/2018\/10\/IMG-20181023-WA0002-300x300.jpg 300w, https:\/\/digital58.com.ve\/site\/wp-content\/uploads\/2018\/10\/IMG-20181023-WA0002-768x768.jpg 768w, https:\/\/digital58.com.ve\/site\/wp-content\/uploads\/2018\/10\/IMG-20181023-WA0002.jpg 600w\" sizes=\"auto, (max-width: 640px) 100vw, 640px\" \/><\/a><\/p>\n<p>Los estelares zurdos Chris Sale, por los Medias Rojas de Boston, y Clayton Kershaw, por los Dodgers de Los Angeles, fueron confirmados este lunes para lanzar el martes en el inicio de la 114\u00aa Serie Mundial de b\u00e9isbol. Sale estuvo hospitalizado la semana pasada con problemas estomacales, mientras que Kershaw trabajo de relevo el fin de semana.<\/p>\n<p><strong>Maracaibo, Zulia, Venezuela, 23 de octubre de 2018 (D58).-<\/strong> La novena angelina, en su segundo a\u00f1o consecutivo en la Serie Mundial, espera por fin conseguir su primer t\u00edtulo desde 1988, cuando vencieron a los Atl\u00e9ticos de Oakland.<\/p>\n<p>\u00abDebido a que nos hemos acercado tanto en el pasado, porque hemos llegado a la postemporada, estamos un poco arruinados en nuestras expectativas\u00bb, dijo Kershaw.<\/p>\n<p>\u00abSomos muy afortunados de estar en un gran equipo, pero a\u00fan nos falta ese anillo (de campeonato)\u00bb, a\u00f1adi\u00f3 el estelar zurdo, quien ha ganado tres premios de picheo Cy Young en la Liga Nacional.<\/p>\n<p>En 2014, se convirti\u00f3 en el primer lanzador en 46 a\u00f1os nombrado el Jugador M\u00e1s Valioso del \u00abViejo Circuito\u00bb.<\/p>\n<p>Pero a pesar de todos sus logros, nunca ha sido capaz de darle un t\u00edtulo de la Serie Mundial para los Dodgers en sus 11 temporadas en la Gran Carpa.<\/p>\n<p>El equipo de Los Angeles, que se convierte en el primer conjunto en llegar dos a\u00f1os seguidos a la Serie Mundial desde que los Reales de Kansas City lo hicieran en 2014 y 2015, cayeron ante Houston en siete partidos el a\u00f1o pasado.<\/p>\n<p>\u00abEs bueno que hayamos estado all\u00ed. Creo que nuestro equipo volver\u00e1 mejor y ahora con m\u00e1s experiencia\u00bb, agreg\u00f3 Kershaw.<\/p>\n<p>Por su parte, Sale, dos veces campe\u00f3n de ponches de la Liga Americana, dijo estar en forma despu\u00e9s de los problemas m\u00e9dicos.<\/p>\n<p>\u00abTodos estamos emocionados, listos para ir. Para eso llegamos hasta aqu\u00ed\u00bb, se\u00f1al\u00f3 Sale, quien agreg\u00f3 que \u00abesto es para lo que nos preparamos todo el a\u00f1o, la oportunidad de ganar un campeonato y ah\u00ed es donde estamos ahora. Si estoy parado en el mont\u00edculo, estoy al 100%\u00bb.<\/p>\n<p><strong>Redacci\u00f3n con fuente: AFP<\/strong><br \/>\n<strong>Edici\u00f3n: Villasmil, Henry<\/strong><br \/>\n<strong>Gr\u00e1fica: @arismendiht<\/strong><\/p>\n<p>&nbsp;<\/p>\n<p>&nbsp;<\/p><div class=\"tztna69edaf71499ca\" ><p style=\"text-align: center;\"><a href=\"https:\/\/t.me\/noticiasdigital58\" target=\"_blank\" rel=\"noopener\"><img class=\"aligncenter size-full wp-image-125363\" src=\"https:\/\/digital58.com.ve\/site\/wp-content\/uploads\/2021\/04\/banner-telegram-web-2021.png\" alt=\"\" width=\"600\" height=\"90\" \/><\/a><\/p><\/div><style type=\"text\/css\">\r\n@media screen and (min-width: 1201px) {\r\n.tztna69edaf71499ca {\r\ndisplay: block;\r\n}\r\n}\r\n@media screen and (min-width: 993px) and (max-width: 1200px) {\r\n.tztna69edaf71499ca {\r\ndisplay: block;\r\n}\r\n}\r\n@media screen and (min-width: 769px) and (max-width: 992px) {\r\n.tztna69edaf71499ca {\r\ndisplay: block;\r\n}\r\n}\r\n@media screen and (min-width: 768px) and (max-width: 768px) {\r\n.tztna69edaf71499ca {\r\ndisplay: block;\r\n}\r\n}\r\n@media screen and (max-width: 767px) {\r\n.tztna69edaf71499ca {\r\ndisplay: block;\r\n}\r\n}\r\n<\/style>\r\n\n<p>&nbsp;<\/p>\n<div style=\"margin-top: 0px; margin-bottom: 0px;\" class=\"sharethis-inline-share-buttons\" ><\/div>","protected":false},"excerpt":{"rendered":"<p>Los estelares zurdos Chris Sale, por los Medias Rojas de Boston, y Clayton Kershaw, por los Dodgers de Los Angeles,<\/p>\n","protected":false},"author":1,"featured_media":81936,"comment_status":"open","ping_status":"closed","sticky":false,"template":"","format":"standard","meta":{"colormag_page_container_layout":"default_layout","colormag_page_sidebar_layout":"default_layout","_uag_custom_page_level_css":"","footnotes":""},"categories":[5402],"tags":[448,2852,4777,5800,1304,8,1675,10834,11752],"class_list":["post-81935","post","type-post","status-publish","format-standard","has-post-thumbnail","hentry","category-deportes","tag-beisbol","tag-beisbol-mlb","tag-boston-red-sox","tag-dodgers-de-los-angeles","tag-estados-unidos","tag-internacionales","tag-mlb","tag-mlb-2018","tag-serie-mundial-2018"],"yoast_head":"<!-- This site is optimized with the Yoast SEO plugin v27.4 - https:\/\/yoast.com\/product\/yoast-seo-wordpress\/ -->\n<title>Sale y Kershaw, confirmados para abrir el primer juego de la Serie Mundial<\/title>\n<meta name=\"robots\" content=\"index, follow, max-snippet:-1, max-image-preview:large, max-video-preview:-1\" \/>\n<link rel=\"canonical\" href=\"https:\/\/digital58.com.ve\/site\/2018\/10\/23\/sale-y-kershaw-confirmados-para-abrir-el-primer-juego-de-la-serie-mundial\/\" \/>\n<meta property=\"og:locale\" content=\"es_ES\" \/>\n<meta property=\"og:type\" content=\"article\" \/>\n<meta property=\"og:title\" content=\"Sale y Kershaw, confirmados para abrir el primer juego de la Serie Mundial\" \/>\n<meta property=\"og:url\" content=\"https:\/\/digital58.com.ve\/site\/2018\/10\/23\/sale-y-kershaw-confirmados-para-abrir-el-primer-juego-de-la-serie-mundial\/\" \/>\n<meta property=\"og:site_name\" content=\"Noticias Digital58\" \/>\n<meta property=\"article:published_time\" content=\"2018-10-23T21:51:01+00:00\" \/>\n<meta property=\"og:image\" content=\"https:\/\/digital58.com.ve\/site\/wp-content\/uploads\/2018\/10\/IMG-20181023-WA0002.jpg\" \/>\n\t<meta property=\"og:image:width\" content=\"1080\" \/>\n\t<meta property=\"og:image:height\" content=\"1080\" \/>\n\t<meta property=\"og:image:type\" content=\"image\/jpeg\" \/>\n<meta name=\"author\" content=\"Villasmil Henry\" \/>\n<meta name=\"twitter:card\" content=\"summary_large_image\" \/>\n<meta name=\"twitter:creator\" content=\"@https:\/\/twitter.com\/villasmilhfoto\" \/>\n<meta name=\"twitter:site\" content=\"@villasmilhfoto\" \/>\n<meta name=\"twitter:label1\" content=\"Escrito por\" \/>\n\t<meta name=\"twitter:data1\" content=\"Villasmil Henry\" \/>\n\t<meta name=\"twitter:label2\" content=\"Tiempo estimado de lectura\" \/>\n\t<meta name=\"twitter:data2\" content=\"2 minutos\" \/>\n<script type=\"application\/ld+json\" class=\"yoast-schema-graph\">{\"@context\":\"https:\\\/\\\/schema.org\",\"@graph\":[{\"@type\":\"Article\",\"@id\":\"https:\\\/\\\/digital58.com.ve\\\/site\\\/2018\\\/10\\\/23\\\/sale-y-kershaw-confirmados-para-abrir-el-primer-juego-de-la-serie-mundial\\\/#article\",\"isPartOf\":{\"@id\":\"https:\\\/\\\/digital58.com.ve\\\/site\\\/2018\\\/10\\\/23\\\/sale-y-kershaw-confirmados-para-abrir-el-primer-juego-de-la-serie-mundial\\\/\"},\"author\":{\"name\":\"Villasmil Henry\",\"@id\":\"https:\\\/\\\/digital58.com.ve\\\/site\\\/#\\\/schema\\\/person\\\/64d1c2e4d0d4fd1b849980c4331c2951\"},\"headline\":\"Sale y Kershaw, confirmados para abrir el primer juego de la Serie Mundial\",\"datePublished\":\"2018-10-23T21:51:01+00:00\",\"mainEntityOfPage\":{\"@id\":\"https:\\\/\\\/digital58.com.ve\\\/site\\\/2018\\\/10\\\/23\\\/sale-y-kershaw-confirmados-para-abrir-el-primer-juego-de-la-serie-mundial\\\/\"},\"wordCount\":370,\"commentCount\":0,\"publisher\":{\"@id\":\"https:\\\/\\\/digital58.com.ve\\\/site\\\/#\\\/schema\\\/person\\\/64d1c2e4d0d4fd1b849980c4331c2951\"},\"image\":{\"@id\":\"https:\\\/\\\/digital58.com.ve\\\/site\\\/2018\\\/10\\\/23\\\/sale-y-kershaw-confirmados-para-abrir-el-primer-juego-de-la-serie-mundial\\\/#primaryimage\"},\"thumbnailUrl\":\"https:\\\/\\\/digital58.com.ve\\\/site\\\/wp-content\\\/uploads\\\/2018\\\/10\\\/IMG-20181023-WA0002.jpg\",\"keywords\":[\"B\u00e9isbol\",\"B\u00e9isbol MLB\",\"Boston Red Sox\",\"Dodgers de Los \u00c1ngeles\",\"Estados Unidos\",\"Internacionales\",\"MLB\",\"MLB 2018\",\"Serie Mundial 2018\"],\"articleSection\":[\"Deportes\"],\"inLanguage\":\"es\",\"potentialAction\":[{\"@type\":\"CommentAction\",\"name\":\"Comment\",\"target\":[\"https:\\\/\\\/digital58.com.ve\\\/site\\\/2018\\\/10\\\/23\\\/sale-y-kershaw-confirmados-para-abrir-el-primer-juego-de-la-serie-mundial\\\/#respond\"]}]},{\"@type\":\"WebPage\",\"@id\":\"https:\\\/\\\/digital58.com.ve\\\/site\\\/2018\\\/10\\\/23\\\/sale-y-kershaw-confirmados-para-abrir-el-primer-juego-de-la-serie-mundial\\\/\",\"url\":\"https:\\\/\\\/digital58.com.ve\\\/site\\\/2018\\\/10\\\/23\\\/sale-y-kershaw-confirmados-para-abrir-el-primer-juego-de-la-serie-mundial\\\/\",\"name\":\"Sale y Kershaw, confirmados para abrir el primer juego de la Serie Mundial\",\"isPartOf\":{\"@id\":\"https:\\\/\\\/digital58.com.ve\\\/site\\\/#website\"},\"primaryImageOfPage\":{\"@id\":\"https:\\\/\\\/digital58.com.ve\\\/site\\\/2018\\\/10\\\/23\\\/sale-y-kershaw-confirmados-para-abrir-el-primer-juego-de-la-serie-mundial\\\/#primaryimage\"},\"image\":{\"@id\":\"https:\\\/\\\/digital58.com.ve\\\/site\\\/2018\\\/10\\\/23\\\/sale-y-kershaw-confirmados-para-abrir-el-primer-juego-de-la-serie-mundial\\\/#primaryimage\"},\"thumbnailUrl\":\"https:\\\/\\\/digital58.com.ve\\\/site\\\/wp-content\\\/uploads\\\/2018\\\/10\\\/IMG-20181023-WA0002.jpg\",\"datePublished\":\"2018-10-23T21:51:01+00:00\",\"breadcrumb\":{\"@id\":\"https:\\\/\\\/digital58.com.ve\\\/site\\\/2018\\\/10\\\/23\\\/sale-y-kershaw-confirmados-para-abrir-el-primer-juego-de-la-serie-mundial\\\/#breadcrumb\"},\"inLanguage\":\"es\",\"potentialAction\":[{\"@type\":\"ReadAction\",\"target\":[\"https:\\\/\\\/digital58.com.ve\\\/site\\\/2018\\\/10\\\/23\\\/sale-y-kershaw-confirmados-para-abrir-el-primer-juego-de-la-serie-mundial\\\/\"]}]},{\"@type\":\"ImageObject\",\"inLanguage\":\"es\",\"@id\":\"https:\\\/\\\/digital58.com.ve\\\/site\\\/2018\\\/10\\\/23\\\/sale-y-kershaw-confirmados-para-abrir-el-primer-juego-de-la-serie-mundial\\\/#primaryimage\",\"url\":\"https:\\\/\\\/digital58.com.ve\\\/site\\\/wp-content\\\/uploads\\\/2018\\\/10\\\/IMG-20181023-WA0002.jpg\",\"contentUrl\":\"https:\\\/\\\/digital58.com.ve\\\/site\\\/wp-content\\\/uploads\\\/2018\\\/10\\\/IMG-20181023-WA0002.jpg\",\"width\":600,\"height\":600},{\"@type\":\"BreadcrumbList\",\"@id\":\"https:\\\/\\\/digital58.com.ve\\\/site\\\/2018\\\/10\\\/23\\\/sale-y-kershaw-confirmados-para-abrir-el-primer-juego-de-la-serie-mundial\\\/#breadcrumb\",\"itemListElement\":[{\"@type\":\"ListItem\",\"position\":1,\"name\":\"Home\",\"item\":\"https:\\\/\\\/digital58.com.ve\\\/site\\\/\"},{\"@type\":\"ListItem\",\"position\":2,\"name\":\"Sale y Kershaw, confirmados para abrir el primer juego de la Serie Mundial\"}]},{\"@type\":\"WebSite\",\"@id\":\"https:\\\/\\\/digital58.com.ve\\\/site\\\/#website\",\"url\":\"https:\\\/\\\/digital58.com.ve\\\/site\\\/\",\"name\":\"Noticias Digital58\",\"description\":\"Portal de Noticias \u00a1Periodismo web de verdad! Lanzamiento web 22.11.2005 \\\/ Maracaibo, Venezuela\",\"publisher\":{\"@id\":\"https:\\\/\\\/digital58.com.ve\\\/site\\\/#\\\/schema\\\/person\\\/64d1c2e4d0d4fd1b849980c4331c2951\"},\"alternateName\":\"ND58\",\"potentialAction\":[{\"@type\":\"SearchAction\",\"target\":{\"@type\":\"EntryPoint\",\"urlTemplate\":\"https:\\\/\\\/digital58.com.ve\\\/site\\\/?s={search_term_string}\"},\"query-input\":{\"@type\":\"PropertyValueSpecification\",\"valueRequired\":true,\"valueName\":\"search_term_string\"}}],\"inLanguage\":\"es\"},{\"@type\":[\"Person\",\"Organization\"],\"@id\":\"https:\\\/\\\/digital58.com.ve\\\/site\\\/#\\\/schema\\\/person\\\/64d1c2e4d0d4fd1b849980c4331c2951\",\"name\":\"Villasmil Henry\",\"image\":{\"@type\":\"ImageObject\",\"inLanguage\":\"es\",\"@id\":\"https:\\\/\\\/secure.gravatar.com\\\/avatar\\\/bb0c4a2fcb7970138239f7e404ea75757b1b507b28b5ce4c53fbd62d797c5a7c?s=96&d=mm&r=g\",\"url\":\"https:\\\/\\\/secure.gravatar.com\\\/avatar\\\/bb0c4a2fcb7970138239f7e404ea75757b1b507b28b5ce4c53fbd62d797c5a7c?s=96&d=mm&r=g\",\"contentUrl\":\"https:\\\/\\\/secure.gravatar.com\\\/avatar\\\/bb0c4a2fcb7970138239f7e404ea75757b1b507b28b5ce4c53fbd62d797c5a7c?s=96&d=mm&r=g\",\"caption\":\"Villasmil Henry\"},\"logo\":{\"@id\":\"https:\\\/\\\/secure.gravatar.com\\\/avatar\\\/bb0c4a2fcb7970138239f7e404ea75757b1b507b28b5ce4c53fbd62d797c5a7c?s=96&d=mm&r=g\"},\"sameAs\":[\"http:\\\/\\\/www.henryvillasmil.com.ve\",\"https:\\\/\\\/www.instagram.com\\\/villasmilhfoto\\\/\",\"https:\\\/\\\/x.com\\\/https:\\\/\\\/twitter.com\\\/villasmilhfoto\"],\"url\":\"https:\\\/\\\/digital58.com.ve\\\/site\\\/author\\\/droopy_68\\\/\"}]}<\/script>\n<!-- \/ Yoast SEO plugin. -->","yoast_head_json":{"title":"Sale y Kershaw, confirmados para abrir el primer juego de la Serie Mundial","robots":{"index":"index","follow":"follow","max-snippet":"max-snippet:-1","max-image-preview":"max-image-preview:large","max-video-preview":"max-video-preview:-1"},"canonical":"https:\/\/digital58.com.ve\/site\/2018\/10\/23\/sale-y-kershaw-confirmados-para-abrir-el-primer-juego-de-la-serie-mundial\/","og_locale":"es_ES","og_type":"article","og_title":"Sale y Kershaw, confirmados para abrir el primer juego de la Serie Mundial","og_url":"https:\/\/digital58.com.ve\/site\/2018\/10\/23\/sale-y-kershaw-confirmados-para-abrir-el-primer-juego-de-la-serie-mundial\/","og_site_name":"Noticias Digital58","article_published_time":"2018-10-23T21:51:01+00:00","og_image":[{"width":1080,"height":1080,"url":"https:\/\/digital58.com.ve\/site\/wp-content\/uploads\/2018\/10\/IMG-20181023-WA0002.jpg","type":"image\/jpeg"}],"author":"Villasmil Henry","twitter_card":"summary_large_image","twitter_creator":"@https:\/\/twitter.com\/villasmilhfoto","twitter_site":"@villasmilhfoto","twitter_misc":{"Escrito por":"Villasmil Henry","Tiempo estimado de lectura":"2 minutos"},"schema":{"@context":"https:\/\/schema.org","@graph":[{"@type":"Article","@id":"https:\/\/digital58.com.ve\/site\/2018\/10\/23\/sale-y-kershaw-confirmados-para-abrir-el-primer-juego-de-la-serie-mundial\/#article","isPartOf":{"@id":"https:\/\/digital58.com.ve\/site\/2018\/10\/23\/sale-y-kershaw-confirmados-para-abrir-el-primer-juego-de-la-serie-mundial\/"},"author":{"name":"Villasmil Henry","@id":"https:\/\/digital58.com.ve\/site\/#\/schema\/person\/64d1c2e4d0d4fd1b849980c4331c2951"},"headline":"Sale y Kershaw, confirmados para abrir el primer juego de la Serie Mundial","datePublished":"2018-10-23T21:51:01+00:00","mainEntityOfPage":{"@id":"https:\/\/digital58.com.ve\/site\/2018\/10\/23\/sale-y-kershaw-confirmados-para-abrir-el-primer-juego-de-la-serie-mundial\/"},"wordCount":370,"commentCount":0,"publisher":{"@id":"https:\/\/digital58.com.ve\/site\/#\/schema\/person\/64d1c2e4d0d4fd1b849980c4331c2951"},"image":{"@id":"https:\/\/digital58.com.ve\/site\/2018\/10\/23\/sale-y-kershaw-confirmados-para-abrir-el-primer-juego-de-la-serie-mundial\/#primaryimage"},"thumbnailUrl":"https:\/\/digital58.com.ve\/site\/wp-content\/uploads\/2018\/10\/IMG-20181023-WA0002.jpg","keywords":["B\u00e9isbol","B\u00e9isbol MLB","Boston Red Sox","Dodgers de Los \u00c1ngeles","Estados Unidos","Internacionales","MLB","MLB 2018","Serie Mundial 2018"],"articleSection":["Deportes"],"inLanguage":"es","potentialAction":[{"@type":"CommentAction","name":"Comment","target":["https:\/\/digital58.com.ve\/site\/2018\/10\/23\/sale-y-kershaw-confirmados-para-abrir-el-primer-juego-de-la-serie-mundial\/#respond"]}]},{"@type":"WebPage","@id":"https:\/\/digital58.com.ve\/site\/2018\/10\/23\/sale-y-kershaw-confirmados-para-abrir-el-primer-juego-de-la-serie-mundial\/","url":"https:\/\/digital58.com.ve\/site\/2018\/10\/23\/sale-y-kershaw-confirmados-para-abrir-el-primer-juego-de-la-serie-mundial\/","name":"Sale y Kershaw, confirmados para abrir el primer juego de la Serie Mundial","isPartOf":{"@id":"https:\/\/digital58.com.ve\/site\/#website"},"primaryImageOfPage":{"@id":"https:\/\/digital58.com.ve\/site\/2018\/10\/23\/sale-y-kershaw-confirmados-para-abrir-el-primer-juego-de-la-serie-mundial\/#primaryimage"},"image":{"@id":"https:\/\/digital58.com.ve\/site\/2018\/10\/23\/sale-y-kershaw-confirmados-para-abrir-el-primer-juego-de-la-serie-mundial\/#primaryimage"},"thumbnailUrl":"https:\/\/digital58.com.ve\/site\/wp-content\/uploads\/2018\/10\/IMG-20181023-WA0002.jpg","datePublished":"2018-10-23T21:51:01+00:00","breadcrumb":{"@id":"https:\/\/digital58.com.ve\/site\/2018\/10\/23\/sale-y-kershaw-confirmados-para-abrir-el-primer-juego-de-la-serie-mundial\/#breadcrumb"},"inLanguage":"es","potentialAction":[{"@type":"ReadAction","target":["https:\/\/digital58.com.ve\/site\/2018\/10\/23\/sale-y-kershaw-confirmados-para-abrir-el-primer-juego-de-la-serie-mundial\/"]}]},{"@type":"ImageObject","inLanguage":"es","@id":"https:\/\/digital58.com.ve\/site\/2018\/10\/23\/sale-y-kershaw-confirmados-para-abrir-el-primer-juego-de-la-serie-mundial\/#primaryimage","url":"https:\/\/digital58.com.ve\/site\/wp-content\/uploads\/2018\/10\/IMG-20181023-WA0002.jpg","contentUrl":"https:\/\/digital58.com.ve\/site\/wp-content\/uploads\/2018\/10\/IMG-20181023-WA0002.jpg","width":600,"height":600},{"@type":"BreadcrumbList","@id":"https:\/\/digital58.com.ve\/site\/2018\/10\/23\/sale-y-kershaw-confirmados-para-abrir-el-primer-juego-de-la-serie-mundial\/#breadcrumb","itemListElement":[{"@type":"ListItem","position":1,"name":"Home","item":"https:\/\/digital58.com.ve\/site\/"},{"@type":"ListItem","position":2,"name":"Sale y Kershaw, confirmados para abrir el primer juego de la Serie Mundial"}]},{"@type":"WebSite","@id":"https:\/\/digital58.com.ve\/site\/#website","url":"https:\/\/digital58.com.ve\/site\/","name":"Noticias Digital58","description":"Portal de Noticias \u00a1Periodismo web de verdad! Lanzamiento web 22.11.2005 \/ Maracaibo, Venezuela","publisher":{"@id":"https:\/\/digital58.com.ve\/site\/#\/schema\/person\/64d1c2e4d0d4fd1b849980c4331c2951"},"alternateName":"ND58","potentialAction":[{"@type":"SearchAction","target":{"@type":"EntryPoint","urlTemplate":"https:\/\/digital58.com.ve\/site\/?s={search_term_string}"},"query-input":{"@type":"PropertyValueSpecification","valueRequired":true,"valueName":"search_term_string"}}],"inLanguage":"es"},{"@type":["Person","Organization"],"@id":"https:\/\/digital58.com.ve\/site\/#\/schema\/person\/64d1c2e4d0d4fd1b849980c4331c2951","name":"Villasmil Henry","image":{"@type":"ImageObject","inLanguage":"es","@id":"https:\/\/secure.gravatar.com\/avatar\/bb0c4a2fcb7970138239f7e404ea75757b1b507b28b5ce4c53fbd62d797c5a7c?s=96&d=mm&r=g","url":"https:\/\/secure.gravatar.com\/avatar\/bb0c4a2fcb7970138239f7e404ea75757b1b507b28b5ce4c53fbd62d797c5a7c?s=96&d=mm&r=g","contentUrl":"https:\/\/secure.gravatar.com\/avatar\/bb0c4a2fcb7970138239f7e404ea75757b1b507b28b5ce4c53fbd62d797c5a7c?s=96&d=mm&r=g","caption":"Villasmil Henry"},"logo":{"@id":"https:\/\/secure.gravatar.com\/avatar\/bb0c4a2fcb7970138239f7e404ea75757b1b507b28b5ce4c53fbd62d797c5a7c?s=96&d=mm&r=g"},"sameAs":["http:\/\/www.henryvillasmil.com.ve","https:\/\/www.instagram.com\/villasmilhfoto\/","https:\/\/x.com\/https:\/\/twitter.com\/villasmilhfoto"],"url":"https:\/\/digital58.com.ve\/site\/author\/droopy_68\/"}]}},"uagb_featured_image_src":{"full":["https:\/\/digital58.com.ve\/site\/wp-content\/uploads\/2018\/10\/IMG-20181023-WA0002.jpg",600,600,false],"thumbnail":["https:\/\/digital58.com.ve\/site\/wp-content\/uploads\/2018\/10\/IMG-20181023-WA0002-150x150.jpg",150,150,true],"medium":["https:\/\/digital58.com.ve\/site\/wp-content\/uploads\/2018\/10\/IMG-20181023-WA0002-300x300.jpg",300,300,true],"medium_large":["https:\/\/digital58.com.ve\/site\/wp-content\/uploads\/2018\/10\/IMG-20181023-WA0002-768x768.jpg",768,768,true],"large":["https:\/\/digital58.com.ve\/site\/wp-content\/uploads\/2018\/10\/IMG-20181023-WA0002-1024x1024.jpg",800,800,true],"1536x1536":["https:\/\/digital58.com.ve\/site\/wp-content\/uploads\/2018\/10\/IMG-20181023-WA0002.jpg",600,600,false],"2048x2048":["https:\/\/digital58.com.ve\/site\/wp-content\/uploads\/2018\/10\/IMG-20181023-WA0002.jpg",600,600,false],"colormag-highlighted-post":["https:\/\/digital58.com.ve\/site\/wp-content\/uploads\/2018\/10\/IMG-20181023-WA0002.jpg",272,272,false],"colormag-featured-post-medium":["https:\/\/digital58.com.ve\/site\/wp-content\/uploads\/2018\/10\/IMG-20181023-WA0002.jpg",205,205,false],"colormag-featured-post-small":["https:\/\/digital58.com.ve\/site\/wp-content\/uploads\/2018\/10\/IMG-20181023-WA0002.jpg",90,90,false],"colormag-featured-image":["https:\/\/digital58.com.ve\/site\/wp-content\/uploads\/2018\/10\/IMG-20181023-WA0002.jpg",445,445,false],"colormag-default-news":["https:\/\/digital58.com.ve\/site\/wp-content\/uploads\/2018\/10\/IMG-20181023-WA0002.jpg",150,150,false],"colormag-featured-image-large":["https:\/\/digital58.com.ve\/site\/wp-content\/uploads\/2018\/10\/IMG-20181023-WA0002.jpg",600,600,false]},"uagb_author_info":{"display_name":"Villasmil Henry","author_link":"https:\/\/digital58.com.ve\/site\/author\/droopy_68\/"},"uagb_comment_info":0,"uagb_excerpt":"Los estelares zurdos Chris Sale, por los Medias Rojas de Boston, y Clayton Kershaw, por los Dodgers de Los Angeles,","_links":{"self":[{"href":"https:\/\/digital58.com.ve\/site\/wp-json\/wp\/v2\/posts\/81935","targetHints":{"allow":["GET"]}}],"collection":[{"href":"https:\/\/digital58.com.ve\/site\/wp-json\/wp\/v2\/posts"}],"about":[{"href":"https:\/\/digital58.com.ve\/site\/wp-json\/wp\/v2\/types\/post"}],"author":[{"embeddable":true,"href":"https:\/\/digital58.com.ve\/site\/wp-json\/wp\/v2\/users\/1"}],"replies":[{"embeddable":true,"href":"https:\/\/digital58.com.ve\/site\/wp-json\/wp\/v2\/comments?post=81935"}],"version-history":[{"count":0,"href":"https:\/\/digital58.com.ve\/site\/wp-json\/wp\/v2\/posts\/81935\/revisions"}],"wp:featuredmedia":[{"embeddable":true,"href":"https:\/\/digital58.com.ve\/site\/wp-json\/wp\/v2\/media\/81936"}],"wp:attachment":[{"href":"https:\/\/digital58.com.ve\/site\/wp-json\/wp\/v2\/media?parent=81935"}],"wp:term":[{"taxonomy":"category","embeddable":true,"href":"https:\/\/digital58.com.ve\/site\/wp-json\/wp\/v2\/categories?post=81935"},{"taxonomy":"post_tag","embeddable":true,"href":"https:\/\/digital58.com.ve\/site\/wp-json\/wp\/v2\/tags?post=81935"}],"curies":[{"name":"wp","href":"https:\/\/api.w.org\/{rel}","templated":true}]}}