{"id":81966,"date":"2018-10-25T14:36:37","date_gmt":"2018-10-25T18:36:37","guid":{"rendered":"http:\/\/digital58.com.ve\/site\/?p=81966"},"modified":"2018-10-25T15:10:15","modified_gmt":"2018-10-25T19:10:15","slug":"la-habana-vibrara-con-el-festival-de-electronica-eyeife-black-tears","status":"publish","type":"post","link":"https:\/\/digital58.com.ve\/site\/2018\/10\/25\/la-habana-vibrara-con-el-festival-de-electronica-eyeife-black-tears\/","title":{"rendered":"La Habana vibrar\u00e1 con el festival de electr\u00f3nica Eyeife Black Tears"},"content":{"rendered":"<p><a href=\"http:\/\/digital58.com.ve\/site\/wp-content\/uploads\/2018\/10\/festival.jpg\"><img loading=\"lazy\" decoding=\"async\" class=\"aligncenter size-large wp-image-81968\" src=\"http:\/\/digital58.com.ve\/site\/wp-content\/uploads\/2018\/10\/festival-1500x777.jpg\" alt=\"\" width=\"640\" height=\"332\" srcset=\"https:\/\/digital58.com.ve\/site\/wp-content\/uploads\/2018\/10\/festival-1500x777.jpg 1500w, https:\/\/digital58.com.ve\/site\/wp-content\/uploads\/2018\/10\/festival-300x155.jpg 300w, https:\/\/digital58.com.ve\/site\/wp-content\/uploads\/2018\/10\/festival-768x398.jpg 768w, https:\/\/digital58.com.ve\/site\/wp-content\/uploads\/2018\/10\/festival.jpg 800w\" sizes=\"auto, (max-width: 640px) 100vw, 640px\" \/><\/a><\/p>\n<p>Desde el pr\u00f3ximo 12 de diciembre iniciar\u00e1 el festival de m\u00fasica electr\u00f3nica, Eyeife Black Tears en La Habana, Cuba, donde artistas locales e internacionales har\u00e1n vibrar el Parque Alemendares con esta nueva edici\u00f3n del show.<\/p>\n<p><strong>Maracaibo, Zulia, Venezuela, 25 de octubre de 2018 (Noticias D58).-\u00a0<\/strong>Despu\u00e9s de una primera edici\u00f3n que super\u00f3 las expectativa, el festival<em> Eyeife Black Tears<\/em> se celebrar\u00e1 por segunda ocasi\u00f3n del 12 al 16 de diciembre en el Parque Metropolitano de La Habana (Parque Almendares), con un programa internacional que a\ufb01anzar\u00e1 los v\u00ednculos entre la m\u00fasica cubana, la electr\u00f3nica y otras maneras de entender la creaci\u00f3n sonora contempor\u00e1nea de la isla. La F\u00e1brica de Arte Cubano (FAC) y el Instituto Superior de Arte ser\u00e1n subsedes del evento.<\/p>\n<p>Artistas como Cima Funk, Be Ut Noise, DJ Gost, DJ MayBe\u2019s, DJoy de Cuba, House Republic, Ley DJ, Marien Baker o Tomand Collins ya est\u00e1n confirmados para esta segunda entrega del espect\u00e1culo de m\u00fasica electr\u00f3nica m\u00e1s importante de Cuba. Nombres procedentes de Espa\u00f1a, el Reino Unido, EEUU y por supuesto, de Cuba, representar\u00e1n las nuevas tendencias dentro y fuera de la pista de baile repartidos en la programaci\u00f3n de <em>Eyeife Black Tears<\/em> tanto en el Parque Almendares como en el resto de espacios oficiales del certamen.<\/p>\n<p>La primera edici\u00f3n del <em>Eyeife Black Tears<\/em> agrup\u00f3 diferentes manifestaciones de la cultura sonora cubana con la m\u00fasica electr\u00f3nica de la isla y acerc\u00f3 a los j\u00f3venes una variedad musical que nunca antes alcanz\u00f3 tal magnitud en los escenarios insulares.<\/p>\n<p>El festival reuni\u00f3 cerca de 10 mil j\u00f3venes en los escenarios del ISA y a un grupo de m\u00e1s de un centenar de artistas cubanos e internacionales, entre ellos varios de los principales m\u00fasicos cubanos de <em>jazz<\/em>, <em>rock<\/em>, <em>rap <\/em>y DJs que se unieron para crear obras de una elevada altura creativa.<\/p>\n<p><em>Eyeife Black Tears<\/em> est\u00e1 organizado por la Instituci\u00f3n Cultural PM Records y La Rueda Producciones, con el apoyo del Instituto Cubano de la M\u00fasica y el Ministerio de Cultura. En el programa participar\u00e1n varios de los m\u00fasicos cubanos de primera l\u00ednea que se mueven dentro de las corrientes del <em>jazz<\/em>, la m\u00fasica afrocubana, el <em>rock<\/em>, entre otros estilos, quienes volver\u00e1n a colaborar con los principales DJs del pa\u00eds para presentar obras que luego ser\u00e1n grabadas como testimonio de un evento que, m\u00e1s temprano que tarde, ubicar\u00e1 a La Habana en el circuito mundial de los eventos de m\u00fasica electr\u00f3nica.<\/p>\n<p>En esta ocasi\u00f3n, el cartel retomar\u00e1 la presencia de artistas internacionales de gran empuje, para contribuir a la expansi\u00f3n del festival, crear obras que hablen de la riqueza de la fusi\u00f3n entre culturas diversas y apoyar al Laboratorio de M\u00fasica Electroac\u00fastica (asociaci\u00f3n de DJs y productores cubanos) y dar visibilidad a las mujeres desde la organizaci\u00f3n o desde el escenario.<\/p>\n<p>El Parque Metropolitano de La Habana, como qued\u00f3 demostrado, es un escenario natural para <em>shows<\/em> de grandes proporciones y re\u00fane todos los requisitos que necesita un evento de tal magnitud.<\/p>\n<p>El <em>Festival Eyeife Black Tears<\/em> est\u00e1 auspiciado por el Instituto Cubano de la M\u00fasica y el Centro Nacional de M\u00fasica Popular, ambas instituciones dependientes del Ministerio de Cultura de la Rep\u00fablica de Cuba. <em>Black Tears by Vig\u00eda<\/em> es el colaborador principal del concierto.<\/p>\n<p><strong>Sobre <em>Black Tears by Vig\u00eda<\/em><\/strong><\/p>\n<p><em>Black Tears by Vig\u00eda<\/em> es el nuevo ron cubano. Nacido de la m\u00fasica, es el ron cubano original especiado. Al igual que su pariente Vig\u00eda, Black Tears respeta el pasado, pero no se queda ah\u00ed; por el contrario, mira hacia un brillante futuro. Calidad, innovaci\u00f3n y progreso son los pilares y fundamentos que conducen su creaci\u00f3n bajo la estrecha consulta y gu\u00eda de la empresa cubana AZCUBA.<\/p>\n<p>Para mayor informaci\u00f3n, visita las cuentas de Facebook e Instagram www.facebook.com\/eyeifefestival\/ y @eyeife_festival respectivamente, o a trav\u00e9s de la p\u00e1gina oficial www.eyeife.com.<\/p>\n<p><img loading=\"lazy\" decoding=\"async\" class=\"size-full wp-image-81967 aligncenter\" src=\"http:\/\/digital58.com.ve\/site\/wp-content\/uploads\/2018\/10\/festiival.jpg\" alt=\"\" width=\"5034\" height=\"3093\" srcset=\"https:\/\/digital58.com.ve\/site\/wp-content\/uploads\/2018\/10\/festiival.jpg 800w, https:\/\/digital58.com.ve\/site\/wp-content\/uploads\/2018\/10\/festiival-300x184.jpg 300w, https:\/\/digital58.com.ve\/site\/wp-content\/uploads\/2018\/10\/festiival-768x472.jpg 768w, https:\/\/digital58.com.ve\/site\/wp-content\/uploads\/2018\/10\/festiival-1500x922.jpg 1500w\" sizes=\"auto, (max-width: 5034px) 100vw, 5034px\" \/><\/p>\n<p>&nbsp;<\/p><div class=\"geteb69f4879f921c8\" ><p style=\"text-align: center;\"><a href=\"https:\/\/t.me\/noticiasdigital58\" target=\"_blank\" rel=\"noopener\"><img class=\"aligncenter size-full wp-image-125363\" src=\"https:\/\/digital58.com.ve\/site\/wp-content\/uploads\/2021\/04\/banner-telegram-web-2021.png\" alt=\"\" width=\"600\" height=\"90\" \/><\/a><\/p><\/div><style type=\"text\/css\">\r\n@media screen and (min-width: 1201px) {\r\n.geteb69f4879f921c8 {\r\ndisplay: block;\r\n}\r\n}\r\n@media screen and (min-width: 993px) and (max-width: 1200px) {\r\n.geteb69f4879f921c8 {\r\ndisplay: block;\r\n}\r\n}\r\n@media screen and (min-width: 769px) and (max-width: 992px) {\r\n.geteb69f4879f921c8 {\r\ndisplay: block;\r\n}\r\n}\r\n@media screen and (min-width: 768px) and (max-width: 768px) {\r\n.geteb69f4879f921c8 {\r\ndisplay: block;\r\n}\r\n}\r\n@media screen and (max-width: 767px) {\r\n.geteb69f4879f921c8 {\r\ndisplay: block;\r\n}\r\n}\r\n<\/style>\r\n\n<p><strong>Redacci\u00f3n: Paz, Jes\u00fas<\/strong><br \/>\n<strong>Gr\u00e1ficas: Cortes\u00eda Eyeife Festival<\/strong><\/p>\n<div style=\"margin-top: 0px; margin-bottom: 0px;\" class=\"sharethis-inline-share-buttons\" ><\/div>","protected":false},"excerpt":{"rendered":"<p>Desde el pr\u00f3ximo 12 de diciembre iniciar\u00e1 el festival de m\u00fasica electr\u00f3nica, Eyeife Black Tears en La Habana, Cuba, donde<\/p>\n","protected":false},"author":1,"featured_media":81968,"comment_status":"open","ping_status":"closed","sticky":false,"template":"","format":"standard","meta":{"colormag_page_container_layout":"default_layout","colormag_page_sidebar_layout":"default_layout","_uag_custom_page_level_css":"","footnotes":""},"categories":[5417,1],"tags":[4141,11759,5819,1432,61,788,11760],"class_list":["post-81966","post","type-post","status-publish","format-standard","has-post-thumbnail","hentry","category-conciertos","category-fama","tag-cuba","tag-eyeife-black-tears","tag-festival","tag-la-habana","tag-musica","tag-musica-electronica","tag-parque-almendares"],"yoast_head":"<!-- This site is optimized with the Yoast SEO plugin v27.5 - https:\/\/yoast.com\/product\/yoast-seo-wordpress\/ -->\n<title>La Habana vibrar\u00e1 con el festival de electr\u00f3nica Eyeife Black Tears<\/title>\n<meta name=\"robots\" content=\"index, follow, max-snippet:-1, max-image-preview:large, max-video-preview:-1\" \/>\n<link rel=\"canonical\" href=\"https:\/\/digital58.com.ve\/site\/2018\/10\/25\/la-habana-vibrara-con-el-festival-de-electronica-eyeife-black-tears\/\" \/>\n<meta property=\"og:locale\" content=\"es_ES\" \/>\n<meta property=\"og:type\" content=\"article\" \/>\n<meta property=\"og:title\" content=\"La Habana vibrar\u00e1 con el festival de electr\u00f3nica Eyeife Black Tears\" \/>\n<meta property=\"og:url\" content=\"https:\/\/digital58.com.ve\/site\/2018\/10\/25\/la-habana-vibrara-con-el-festival-de-electronica-eyeife-black-tears\/\" \/>\n<meta property=\"og:site_name\" content=\"Noticias Digital58\" \/>\n<meta property=\"article:published_time\" content=\"2018-10-25T18:36:37+00:00\" \/>\n<meta property=\"article:modified_time\" content=\"2018-10-25T19:10:15+00:00\" \/>\n<meta property=\"og:image\" content=\"https:\/\/digital58.com.ve\/site\/wp-content\/uploads\/2018\/10\/festival.jpg\" \/>\n\t<meta property=\"og:image:width\" content=\"5472\" \/>\n\t<meta property=\"og:image:height\" content=\"2833\" \/>\n\t<meta property=\"og:image:type\" content=\"image\/jpeg\" \/>\n<meta name=\"author\" content=\"Villasmil Henry\" \/>\n<meta name=\"twitter:card\" content=\"summary_large_image\" \/>\n<meta name=\"twitter:creator\" content=\"@https:\/\/twitter.com\/villasmilhfoto\" \/>\n<meta name=\"twitter:site\" content=\"@villasmilhfoto\" \/>\n<meta name=\"twitter:label1\" content=\"Escrito por\" \/>\n\t<meta name=\"twitter:data1\" content=\"Villasmil Henry\" \/>\n\t<meta name=\"twitter:label2\" content=\"Tiempo estimado de lectura\" \/>\n\t<meta name=\"twitter:data2\" content=\"4 minutos\" \/>\n<script type=\"application\/ld+json\" class=\"yoast-schema-graph\">{\"@context\":\"https:\\\/\\\/schema.org\",\"@graph\":[{\"@type\":\"Article\",\"@id\":\"https:\\\/\\\/digital58.com.ve\\\/site\\\/2018\\\/10\\\/25\\\/la-habana-vibrara-con-el-festival-de-electronica-eyeife-black-tears\\\/#article\",\"isPartOf\":{\"@id\":\"https:\\\/\\\/digital58.com.ve\\\/site\\\/2018\\\/10\\\/25\\\/la-habana-vibrara-con-el-festival-de-electronica-eyeife-black-tears\\\/\"},\"author\":{\"name\":\"Villasmil Henry\",\"@id\":\"https:\\\/\\\/digital58.com.ve\\\/site\\\/#\\\/schema\\\/person\\\/64d1c2e4d0d4fd1b849980c4331c2951\"},\"headline\":\"La Habana vibrar\u00e1 con el festival de electr\u00f3nica Eyeife Black Tears\",\"datePublished\":\"2018-10-25T18:36:37+00:00\",\"dateModified\":\"2018-10-25T19:10:15+00:00\",\"mainEntityOfPage\":{\"@id\":\"https:\\\/\\\/digital58.com.ve\\\/site\\\/2018\\\/10\\\/25\\\/la-habana-vibrara-con-el-festival-de-electronica-eyeife-black-tears\\\/\"},\"wordCount\":716,\"commentCount\":0,\"publisher\":{\"@id\":\"https:\\\/\\\/digital58.com.ve\\\/site\\\/#\\\/schema\\\/person\\\/64d1c2e4d0d4fd1b849980c4331c2951\"},\"image\":{\"@id\":\"https:\\\/\\\/digital58.com.ve\\\/site\\\/2018\\\/10\\\/25\\\/la-habana-vibrara-con-el-festival-de-electronica-eyeife-black-tears\\\/#primaryimage\"},\"thumbnailUrl\":\"https:\\\/\\\/digital58.com.ve\\\/site\\\/wp-content\\\/uploads\\\/2018\\\/10\\\/festival.jpg\",\"keywords\":[\"Cuba\",\"Eyeife Black Tears\",\"festival\",\"La Habana\",\"M\u00fasica\",\"M\u00fasica Electr\u00f3nica\",\"Parque Almendares\"],\"articleSection\":[\"Conciertos\",\"Fama\"],\"inLanguage\":\"es\",\"potentialAction\":[{\"@type\":\"CommentAction\",\"name\":\"Comment\",\"target\":[\"https:\\\/\\\/digital58.com.ve\\\/site\\\/2018\\\/10\\\/25\\\/la-habana-vibrara-con-el-festival-de-electronica-eyeife-black-tears\\\/#respond\"]}]},{\"@type\":\"WebPage\",\"@id\":\"https:\\\/\\\/digital58.com.ve\\\/site\\\/2018\\\/10\\\/25\\\/la-habana-vibrara-con-el-festival-de-electronica-eyeife-black-tears\\\/\",\"url\":\"https:\\\/\\\/digital58.com.ve\\\/site\\\/2018\\\/10\\\/25\\\/la-habana-vibrara-con-el-festival-de-electronica-eyeife-black-tears\\\/\",\"name\":\"La Habana vibrar\u00e1 con el festival de electr\u00f3nica Eyeife Black Tears\",\"isPartOf\":{\"@id\":\"https:\\\/\\\/digital58.com.ve\\\/site\\\/#website\"},\"primaryImageOfPage\":{\"@id\":\"https:\\\/\\\/digital58.com.ve\\\/site\\\/2018\\\/10\\\/25\\\/la-habana-vibrara-con-el-festival-de-electronica-eyeife-black-tears\\\/#primaryimage\"},\"image\":{\"@id\":\"https:\\\/\\\/digital58.com.ve\\\/site\\\/2018\\\/10\\\/25\\\/la-habana-vibrara-con-el-festival-de-electronica-eyeife-black-tears\\\/#primaryimage\"},\"thumbnailUrl\":\"https:\\\/\\\/digital58.com.ve\\\/site\\\/wp-content\\\/uploads\\\/2018\\\/10\\\/festival.jpg\",\"datePublished\":\"2018-10-25T18:36:37+00:00\",\"dateModified\":\"2018-10-25T19:10:15+00:00\",\"breadcrumb\":{\"@id\":\"https:\\\/\\\/digital58.com.ve\\\/site\\\/2018\\\/10\\\/25\\\/la-habana-vibrara-con-el-festival-de-electronica-eyeife-black-tears\\\/#breadcrumb\"},\"inLanguage\":\"es\",\"potentialAction\":[{\"@type\":\"ReadAction\",\"target\":[\"https:\\\/\\\/digital58.com.ve\\\/site\\\/2018\\\/10\\\/25\\\/la-habana-vibrara-con-el-festival-de-electronica-eyeife-black-tears\\\/\"]}]},{\"@type\":\"ImageObject\",\"inLanguage\":\"es\",\"@id\":\"https:\\\/\\\/digital58.com.ve\\\/site\\\/2018\\\/10\\\/25\\\/la-habana-vibrara-con-el-festival-de-electronica-eyeife-black-tears\\\/#primaryimage\",\"url\":\"https:\\\/\\\/digital58.com.ve\\\/site\\\/wp-content\\\/uploads\\\/2018\\\/10\\\/festival.jpg\",\"contentUrl\":\"https:\\\/\\\/digital58.com.ve\\\/site\\\/wp-content\\\/uploads\\\/2018\\\/10\\\/festival.jpg\",\"width\":800,\"height\":414},{\"@type\":\"BreadcrumbList\",\"@id\":\"https:\\\/\\\/digital58.com.ve\\\/site\\\/2018\\\/10\\\/25\\\/la-habana-vibrara-con-el-festival-de-electronica-eyeife-black-tears\\\/#breadcrumb\",\"itemListElement\":[{\"@type\":\"ListItem\",\"position\":1,\"name\":\"Home\",\"item\":\"https:\\\/\\\/digital58.com.ve\\\/site\\\/\"},{\"@type\":\"ListItem\",\"position\":2,\"name\":\"La Habana vibrar\u00e1 con el festival de electr\u00f3nica Eyeife Black Tears\"}]},{\"@type\":\"WebSite\",\"@id\":\"https:\\\/\\\/digital58.com.ve\\\/site\\\/#website\",\"url\":\"https:\\\/\\\/digital58.com.ve\\\/site\\\/\",\"name\":\"Noticias Digital58\",\"description\":\"Portal de Noticias \u00a1Periodismo web de verdad! Lanzamiento web 22.11.2005 \\\/ Maracaibo, Venezuela\",\"publisher\":{\"@id\":\"https:\\\/\\\/digital58.com.ve\\\/site\\\/#\\\/schema\\\/person\\\/64d1c2e4d0d4fd1b849980c4331c2951\"},\"alternateName\":\"ND58\",\"potentialAction\":[{\"@type\":\"SearchAction\",\"target\":{\"@type\":\"EntryPoint\",\"urlTemplate\":\"https:\\\/\\\/digital58.com.ve\\\/site\\\/?s={search_term_string}\"},\"query-input\":{\"@type\":\"PropertyValueSpecification\",\"valueRequired\":true,\"valueName\":\"search_term_string\"}}],\"inLanguage\":\"es\"},{\"@type\":[\"Person\",\"Organization\"],\"@id\":\"https:\\\/\\\/digital58.com.ve\\\/site\\\/#\\\/schema\\\/person\\\/64d1c2e4d0d4fd1b849980c4331c2951\",\"name\":\"Villasmil Henry\",\"image\":{\"@type\":\"ImageObject\",\"inLanguage\":\"es\",\"@id\":\"https:\\\/\\\/secure.gravatar.com\\\/avatar\\\/bb0c4a2fcb7970138239f7e404ea75757b1b507b28b5ce4c53fbd62d797c5a7c?s=96&d=mm&r=g\",\"url\":\"https:\\\/\\\/secure.gravatar.com\\\/avatar\\\/bb0c4a2fcb7970138239f7e404ea75757b1b507b28b5ce4c53fbd62d797c5a7c?s=96&d=mm&r=g\",\"contentUrl\":\"https:\\\/\\\/secure.gravatar.com\\\/avatar\\\/bb0c4a2fcb7970138239f7e404ea75757b1b507b28b5ce4c53fbd62d797c5a7c?s=96&d=mm&r=g\",\"caption\":\"Villasmil Henry\"},\"logo\":{\"@id\":\"https:\\\/\\\/secure.gravatar.com\\\/avatar\\\/bb0c4a2fcb7970138239f7e404ea75757b1b507b28b5ce4c53fbd62d797c5a7c?s=96&d=mm&r=g\"},\"sameAs\":[\"http:\\\/\\\/www.henryvillasmil.com.ve\",\"https:\\\/\\\/www.instagram.com\\\/villasmilhfoto\\\/\",\"https:\\\/\\\/x.com\\\/https:\\\/\\\/twitter.com\\\/villasmilhfoto\"],\"url\":\"https:\\\/\\\/digital58.com.ve\\\/site\\\/author\\\/droopy_68\\\/\"}]}<\/script>\n<!-- \/ Yoast SEO plugin. -->","yoast_head_json":{"title":"La Habana vibrar\u00e1 con el festival de electr\u00f3nica Eyeife Black Tears","robots":{"index":"index","follow":"follow","max-snippet":"max-snippet:-1","max-image-preview":"max-image-preview:large","max-video-preview":"max-video-preview:-1"},"canonical":"https:\/\/digital58.com.ve\/site\/2018\/10\/25\/la-habana-vibrara-con-el-festival-de-electronica-eyeife-black-tears\/","og_locale":"es_ES","og_type":"article","og_title":"La Habana vibrar\u00e1 con el festival de electr\u00f3nica Eyeife Black Tears","og_url":"https:\/\/digital58.com.ve\/site\/2018\/10\/25\/la-habana-vibrara-con-el-festival-de-electronica-eyeife-black-tears\/","og_site_name":"Noticias Digital58","article_published_time":"2018-10-25T18:36:37+00:00","article_modified_time":"2018-10-25T19:10:15+00:00","og_image":[{"width":5472,"height":2833,"url":"https:\/\/digital58.com.ve\/site\/wp-content\/uploads\/2018\/10\/festival.jpg","type":"image\/jpeg"}],"author":"Villasmil Henry","twitter_card":"summary_large_image","twitter_creator":"@https:\/\/twitter.com\/villasmilhfoto","twitter_site":"@villasmilhfoto","twitter_misc":{"Escrito por":"Villasmil Henry","Tiempo estimado de lectura":"4 minutos"},"schema":{"@context":"https:\/\/schema.org","@graph":[{"@type":"Article","@id":"https:\/\/digital58.com.ve\/site\/2018\/10\/25\/la-habana-vibrara-con-el-festival-de-electronica-eyeife-black-tears\/#article","isPartOf":{"@id":"https:\/\/digital58.com.ve\/site\/2018\/10\/25\/la-habana-vibrara-con-el-festival-de-electronica-eyeife-black-tears\/"},"author":{"name":"Villasmil Henry","@id":"https:\/\/digital58.com.ve\/site\/#\/schema\/person\/64d1c2e4d0d4fd1b849980c4331c2951"},"headline":"La Habana vibrar\u00e1 con el festival de electr\u00f3nica Eyeife Black Tears","datePublished":"2018-10-25T18:36:37+00:00","dateModified":"2018-10-25T19:10:15+00:00","mainEntityOfPage":{"@id":"https:\/\/digital58.com.ve\/site\/2018\/10\/25\/la-habana-vibrara-con-el-festival-de-electronica-eyeife-black-tears\/"},"wordCount":716,"commentCount":0,"publisher":{"@id":"https:\/\/digital58.com.ve\/site\/#\/schema\/person\/64d1c2e4d0d4fd1b849980c4331c2951"},"image":{"@id":"https:\/\/digital58.com.ve\/site\/2018\/10\/25\/la-habana-vibrara-con-el-festival-de-electronica-eyeife-black-tears\/#primaryimage"},"thumbnailUrl":"https:\/\/digital58.com.ve\/site\/wp-content\/uploads\/2018\/10\/festival.jpg","keywords":["Cuba","Eyeife Black Tears","festival","La Habana","M\u00fasica","M\u00fasica Electr\u00f3nica","Parque Almendares"],"articleSection":["Conciertos","Fama"],"inLanguage":"es","potentialAction":[{"@type":"CommentAction","name":"Comment","target":["https:\/\/digital58.com.ve\/site\/2018\/10\/25\/la-habana-vibrara-con-el-festival-de-electronica-eyeife-black-tears\/#respond"]}]},{"@type":"WebPage","@id":"https:\/\/digital58.com.ve\/site\/2018\/10\/25\/la-habana-vibrara-con-el-festival-de-electronica-eyeife-black-tears\/","url":"https:\/\/digital58.com.ve\/site\/2018\/10\/25\/la-habana-vibrara-con-el-festival-de-electronica-eyeife-black-tears\/","name":"La Habana vibrar\u00e1 con el festival de electr\u00f3nica Eyeife Black Tears","isPartOf":{"@id":"https:\/\/digital58.com.ve\/site\/#website"},"primaryImageOfPage":{"@id":"https:\/\/digital58.com.ve\/site\/2018\/10\/25\/la-habana-vibrara-con-el-festival-de-electronica-eyeife-black-tears\/#primaryimage"},"image":{"@id":"https:\/\/digital58.com.ve\/site\/2018\/10\/25\/la-habana-vibrara-con-el-festival-de-electronica-eyeife-black-tears\/#primaryimage"},"thumbnailUrl":"https:\/\/digital58.com.ve\/site\/wp-content\/uploads\/2018\/10\/festival.jpg","datePublished":"2018-10-25T18:36:37+00:00","dateModified":"2018-10-25T19:10:15+00:00","breadcrumb":{"@id":"https:\/\/digital58.com.ve\/site\/2018\/10\/25\/la-habana-vibrara-con-el-festival-de-electronica-eyeife-black-tears\/#breadcrumb"},"inLanguage":"es","potentialAction":[{"@type":"ReadAction","target":["https:\/\/digital58.com.ve\/site\/2018\/10\/25\/la-habana-vibrara-con-el-festival-de-electronica-eyeife-black-tears\/"]}]},{"@type":"ImageObject","inLanguage":"es","@id":"https:\/\/digital58.com.ve\/site\/2018\/10\/25\/la-habana-vibrara-con-el-festival-de-electronica-eyeife-black-tears\/#primaryimage","url":"https:\/\/digital58.com.ve\/site\/wp-content\/uploads\/2018\/10\/festival.jpg","contentUrl":"https:\/\/digital58.com.ve\/site\/wp-content\/uploads\/2018\/10\/festival.jpg","width":800,"height":414},{"@type":"BreadcrumbList","@id":"https:\/\/digital58.com.ve\/site\/2018\/10\/25\/la-habana-vibrara-con-el-festival-de-electronica-eyeife-black-tears\/#breadcrumb","itemListElement":[{"@type":"ListItem","position":1,"name":"Home","item":"https:\/\/digital58.com.ve\/site\/"},{"@type":"ListItem","position":2,"name":"La Habana vibrar\u00e1 con el festival de electr\u00f3nica Eyeife Black Tears"}]},{"@type":"WebSite","@id":"https:\/\/digital58.com.ve\/site\/#website","url":"https:\/\/digital58.com.ve\/site\/","name":"Noticias Digital58","description":"Portal de Noticias \u00a1Periodismo web de verdad! Lanzamiento web 22.11.2005 \/ Maracaibo, Venezuela","publisher":{"@id":"https:\/\/digital58.com.ve\/site\/#\/schema\/person\/64d1c2e4d0d4fd1b849980c4331c2951"},"alternateName":"ND58","potentialAction":[{"@type":"SearchAction","target":{"@type":"EntryPoint","urlTemplate":"https:\/\/digital58.com.ve\/site\/?s={search_term_string}"},"query-input":{"@type":"PropertyValueSpecification","valueRequired":true,"valueName":"search_term_string"}}],"inLanguage":"es"},{"@type":["Person","Organization"],"@id":"https:\/\/digital58.com.ve\/site\/#\/schema\/person\/64d1c2e4d0d4fd1b849980c4331c2951","name":"Villasmil Henry","image":{"@type":"ImageObject","inLanguage":"es","@id":"https:\/\/secure.gravatar.com\/avatar\/bb0c4a2fcb7970138239f7e404ea75757b1b507b28b5ce4c53fbd62d797c5a7c?s=96&d=mm&r=g","url":"https:\/\/secure.gravatar.com\/avatar\/bb0c4a2fcb7970138239f7e404ea75757b1b507b28b5ce4c53fbd62d797c5a7c?s=96&d=mm&r=g","contentUrl":"https:\/\/secure.gravatar.com\/avatar\/bb0c4a2fcb7970138239f7e404ea75757b1b507b28b5ce4c53fbd62d797c5a7c?s=96&d=mm&r=g","caption":"Villasmil Henry"},"logo":{"@id":"https:\/\/secure.gravatar.com\/avatar\/bb0c4a2fcb7970138239f7e404ea75757b1b507b28b5ce4c53fbd62d797c5a7c?s=96&d=mm&r=g"},"sameAs":["http:\/\/www.henryvillasmil.com.ve","https:\/\/www.instagram.com\/villasmilhfoto\/","https:\/\/x.com\/https:\/\/twitter.com\/villasmilhfoto"],"url":"https:\/\/digital58.com.ve\/site\/author\/droopy_68\/"}]}},"uagb_featured_image_src":{"full":["https:\/\/digital58.com.ve\/site\/wp-content\/uploads\/2018\/10\/festival.jpg",800,414,false],"thumbnail":["https:\/\/digital58.com.ve\/site\/wp-content\/uploads\/2018\/10\/festival-150x150.jpg",150,150,true],"medium":["https:\/\/digital58.com.ve\/site\/wp-content\/uploads\/2018\/10\/festival-300x155.jpg",300,155,true],"medium_large":["https:\/\/digital58.com.ve\/site\/wp-content\/uploads\/2018\/10\/festival-768x398.jpg",768,398,true],"large":["https:\/\/digital58.com.ve\/site\/wp-content\/uploads\/2018\/10\/festival-1500x777.jpg",800,414,true],"1536x1536":["https:\/\/digital58.com.ve\/site\/wp-content\/uploads\/2018\/10\/festival.jpg",800,414,false],"2048x2048":["https:\/\/digital58.com.ve\/site\/wp-content\/uploads\/2018\/10\/festival.jpg",800,414,false],"colormag-highlighted-post":["https:\/\/digital58.com.ve\/site\/wp-content\/uploads\/2018\/10\/festival.jpg",392,203,false],"colormag-featured-post-medium":["https:\/\/digital58.com.ve\/site\/wp-content\/uploads\/2018\/10\/festival.jpg",390,202,false],"colormag-featured-post-small":["https:\/\/digital58.com.ve\/site\/wp-content\/uploads\/2018\/10\/festival.jpg",130,67,false],"colormag-featured-image":["https:\/\/digital58.com.ve\/site\/wp-content\/uploads\/2018\/10\/festival.jpg",800,414,false],"colormag-default-news":["https:\/\/digital58.com.ve\/site\/wp-content\/uploads\/2018\/10\/festival.jpg",150,78,false],"colormag-featured-image-large":["https:\/\/digital58.com.ve\/site\/wp-content\/uploads\/2018\/10\/festival.jpg",800,414,false]},"uagb_author_info":{"display_name":"Villasmil Henry","author_link":"https:\/\/digital58.com.ve\/site\/author\/droopy_68\/"},"uagb_comment_info":0,"uagb_excerpt":"Desde el pr\u00f3ximo 12 de diciembre iniciar\u00e1 el festival de m\u00fasica electr\u00f3nica, Eyeife Black Tears en La Habana, Cuba, donde","_links":{"self":[{"href":"https:\/\/digital58.com.ve\/site\/wp-json\/wp\/v2\/posts\/81966","targetHints":{"allow":["GET"]}}],"collection":[{"href":"https:\/\/digital58.com.ve\/site\/wp-json\/wp\/v2\/posts"}],"about":[{"href":"https:\/\/digital58.com.ve\/site\/wp-json\/wp\/v2\/types\/post"}],"author":[{"embeddable":true,"href":"https:\/\/digital58.com.ve\/site\/wp-json\/wp\/v2\/users\/1"}],"replies":[{"embeddable":true,"href":"https:\/\/digital58.com.ve\/site\/wp-json\/wp\/v2\/comments?post=81966"}],"version-history":[{"count":0,"href":"https:\/\/digital58.com.ve\/site\/wp-json\/wp\/v2\/posts\/81966\/revisions"}],"wp:featuredmedia":[{"embeddable":true,"href":"https:\/\/digital58.com.ve\/site\/wp-json\/wp\/v2\/media\/81968"}],"wp:attachment":[{"href":"https:\/\/digital58.com.ve\/site\/wp-json\/wp\/v2\/media?parent=81966"}],"wp:term":[{"taxonomy":"category","embeddable":true,"href":"https:\/\/digital58.com.ve\/site\/wp-json\/wp\/v2\/categories?post=81966"},{"taxonomy":"post_tag","embeddable":true,"href":"https:\/\/digital58.com.ve\/site\/wp-json\/wp\/v2\/tags?post=81966"}],"curies":[{"name":"wp","href":"https:\/\/api.w.org\/{rel}","templated":true}]}}