{"id":81981,"date":"2018-10-25T16:16:06","date_gmt":"2018-10-25T20:16:06","guid":{"rendered":"http:\/\/digital58.com.ve\/site\/?p=81981"},"modified":"2018-10-28T22:08:04","modified_gmt":"2018-10-29T02:08:04","slug":"la-chinita-sera-vestida-por-alejandro-fajardo-disenador-del-miss-venezuela","status":"publish","type":"post","link":"https:\/\/digital58.com.ve\/site\/2018\/10\/25\/la-chinita-sera-vestida-por-alejandro-fajardo-disenador-del-miss-venezuela\/","title":{"rendered":"La Chinita ser\u00e1 vestida por Alejandro Fajardo, dise\u00f1ador del Miss Venezuela"},"content":{"rendered":"<p><a href=\"http:\/\/digital58.com.ve\/site\/wp-content\/uploads\/2018\/10\/DSC07077.jpg\"><img loading=\"lazy\" decoding=\"async\" class=\"aligncenter wp-image-81982 size-full\" src=\"http:\/\/digital58.com.ve\/site\/wp-content\/uploads\/2018\/10\/DSC07077.jpg\" alt=\"\" width=\"900\" height=\"602\" srcset=\"https:\/\/digital58.com.ve\/site\/wp-content\/uploads\/2018\/10\/DSC07077.jpg 800w, https:\/\/digital58.com.ve\/site\/wp-content\/uploads\/2018\/10\/DSC07077-300x201.jpg 300w, https:\/\/digital58.com.ve\/site\/wp-content\/uploads\/2018\/10\/DSC07077-768x514.jpg 768w, https:\/\/digital58.com.ve\/site\/wp-content\/uploads\/2018\/10\/DSC07077-480x320.jpg 480w\" sizes=\"auto, (max-width: 900px) 100vw, 900px\" \/><\/a><\/p>\n<p>El manto de la Virgen del Rosario de Chiquinquir\u00e1, ser\u00e1 confeccionado por el caraque\u00f1o Alejandro Fajardo, reconocido dise\u00f1ador del Miss Venezuela, y quien adem\u00e1s visti\u00f3 a m\u00faltiples personalidades del mundo art\u00edstico como Thal\u00eda, Maite Delgado, Gwen Stefani, Lili Estefan, Chiquinquir\u00e1 Delgado y Jennifer L\u00f3pez.<\/p>\n<p><strong>Maracaibo, Zulia, Venezuela, 25 de octubre de 2018 (Noticias D58).-<\/strong> Este s\u00e1bado, 27 de octubre, La Chinita bajar\u00e1 para reencontrarse con su feligres\u00eda. En un encuentro con la prensa el pasado martes, Vicente Izarra, encargado de decorar la bas\u00edlica para la bajada, confirm\u00f3 a Fajardo como dise\u00f1ador del manto y dio a conocer que el color del manto podr\u00eda tener tonos verde o amarillo.<\/p>\n<p>Cada a\u00f1o la fe mariana se percibe en la feligres\u00eda, pasan el tiempo y los zulianos seguimos forjando un alma espiritual arraigada al estimulo cultural.<\/p>\n<p>La identidad maracaibera es un eco cultural que es s\u00edmbolo en el mundo, debido a las tradiciones y personalidad \u00fanica de su gente.<\/p>\n<p>Un hermoso manto fue elaborado por el dise\u00f1ador zuliano Nidal Nouahied para la Virgen del Rosario de Chiquinquir\u00e1, en la Bajada 2017, diferentes creadores de la moda venezolana han colocado todo su talento y esmero para enaltecer a la patrona de los zulianos.<\/p>\n<p>Este a\u00f1o en la bajada se podr\u00e1 disfrutar de diferentes talentos gaiteros que interpretaran con el coraz\u00f3n los mejores versos para la China amada.<\/p>\n<p>Si quieres conocer un poco m\u00e1s de la trayectoria de este dise\u00f1ador, con\u00e9ctate con sus redes sociales: Instagram @alejandrofajardovnzla, Twitter @fajardoalejandr y Facebook Alejandro Fajardo.<\/p><div class=\"qyido69f485ce65098\" ><p style=\"text-align: center;\"><a href=\"https:\/\/t.me\/noticiasdigital58\" target=\"_blank\" rel=\"noopener\"><img class=\"aligncenter size-full wp-image-125363\" src=\"https:\/\/digital58.com.ve\/site\/wp-content\/uploads\/2021\/04\/banner-telegram-web-2021.png\" alt=\"\" width=\"600\" height=\"90\" \/><\/a><\/p><\/div><style type=\"text\/css\">\r\n@media screen and (min-width: 1201px) {\r\n.qyido69f485ce65098 {\r\ndisplay: block;\r\n}\r\n}\r\n@media screen and (min-width: 993px) and (max-width: 1200px) {\r\n.qyido69f485ce65098 {\r\ndisplay: block;\r\n}\r\n}\r\n@media screen and (min-width: 769px) and (max-width: 992px) {\r\n.qyido69f485ce65098 {\r\ndisplay: block;\r\n}\r\n}\r\n@media screen and (min-width: 768px) and (max-width: 768px) {\r\n.qyido69f485ce65098 {\r\ndisplay: block;\r\n}\r\n}\r\n@media screen and (max-width: 767px) {\r\n.qyido69f485ce65098 {\r\ndisplay: block;\r\n}\r\n}\r\n<\/style>\r\n\n<p><strong>Redacci\u00f3n con fuente: Johsue Morales NAD<\/strong><br \/>\n<strong>Edici\u00f3n: Villasmil, Henry<\/strong><br \/>\n<strong>Gr\u00e1fica: de archivo @villasmilhfoto<\/strong><\/p>\n<div style=\"margin-top: 0px; margin-bottom: 0px;\" class=\"sharethis-inline-share-buttons\" ><\/div>","protected":false},"excerpt":{"rendered":"<p>El manto de la Virgen del Rosario de Chiquinquir\u00e1, ser\u00e1 confeccionado por el caraque\u00f1o Alejandro Fajardo, reconocido dise\u00f1ador del Miss<\/p>\n","protected":false},"author":1,"featured_media":81982,"comment_status":"open","ping_status":"closed","sticky":false,"template":"","format":"standard","meta":{"colormag_page_container_layout":"default_layout","colormag_page_sidebar_layout":"default_layout","_uag_custom_page_level_css":"","footnotes":""},"categories":[5403,8608],"tags":[11762,11765,9221,9219,1692,73,2354,32,10080],"class_list":["post-81981","post","type-post","status-publish","format-standard","has-post-thumbnail","hentry","category-otros","category-reportajes-especiales","tag-alejandro-fajardo","tag-chinita-2018","tag-fe-y-religion","tag-festivades-virgen-de-chiquinquira","tag-iglesia-catolica","tag-maracaibo","tag-regionales","tag-venezuela","tag-virgen-del-rosario-de-chiquinquira"],"yoast_head":"<!-- This site is optimized with the Yoast SEO plugin v27.5 - https:\/\/yoast.com\/product\/yoast-seo-wordpress\/ -->\n<title>La Chinita ser\u00e1 vestida por Alejandro Fajardo, dise\u00f1ador del Miss Venezuela<\/title>\n<meta name=\"robots\" content=\"index, follow, max-snippet:-1, max-image-preview:large, max-video-preview:-1\" \/>\n<link rel=\"canonical\" href=\"https:\/\/digital58.com.ve\/site\/2018\/10\/25\/la-chinita-sera-vestida-por-alejandro-fajardo-disenador-del-miss-venezuela\/\" \/>\n<meta property=\"og:locale\" content=\"es_ES\" \/>\n<meta property=\"og:type\" content=\"article\" \/>\n<meta property=\"og:title\" content=\"La Chinita ser\u00e1 vestida por Alejandro Fajardo, dise\u00f1ador del Miss Venezuela\" \/>\n<meta property=\"og:url\" content=\"https:\/\/digital58.com.ve\/site\/2018\/10\/25\/la-chinita-sera-vestida-por-alejandro-fajardo-disenador-del-miss-venezuela\/\" \/>\n<meta property=\"og:site_name\" content=\"Noticias Digital58\" \/>\n<meta property=\"article:published_time\" content=\"2018-10-25T20:16:06+00:00\" \/>\n<meta property=\"article:modified_time\" content=\"2018-10-29T02:08:04+00:00\" \/>\n<meta property=\"og:image\" content=\"https:\/\/digital58.com.ve\/site\/wp-content\/uploads\/2018\/10\/DSC07077.jpg\" \/>\n\t<meta property=\"og:image:width\" content=\"900\" \/>\n\t<meta property=\"og:image:height\" content=\"602\" \/>\n\t<meta property=\"og:image:type\" content=\"image\/jpeg\" \/>\n<meta name=\"author\" content=\"Villasmil Henry\" \/>\n<meta name=\"twitter:card\" content=\"summary_large_image\" \/>\n<meta name=\"twitter:creator\" content=\"@https:\/\/twitter.com\/villasmilhfoto\" \/>\n<meta name=\"twitter:site\" content=\"@villasmilhfoto\" \/>\n<meta name=\"twitter:label1\" content=\"Escrito por\" \/>\n\t<meta name=\"twitter:data1\" content=\"Villasmil Henry\" \/>\n\t<meta name=\"twitter:label2\" content=\"Tiempo estimado de lectura\" \/>\n\t<meta name=\"twitter:data2\" content=\"1 minuto\" \/>\n<script type=\"application\/ld+json\" class=\"yoast-schema-graph\">{\"@context\":\"https:\\\/\\\/schema.org\",\"@graph\":[{\"@type\":\"Article\",\"@id\":\"https:\\\/\\\/digital58.com.ve\\\/site\\\/2018\\\/10\\\/25\\\/la-chinita-sera-vestida-por-alejandro-fajardo-disenador-del-miss-venezuela\\\/#article\",\"isPartOf\":{\"@id\":\"https:\\\/\\\/digital58.com.ve\\\/site\\\/2018\\\/10\\\/25\\\/la-chinita-sera-vestida-por-alejandro-fajardo-disenador-del-miss-venezuela\\\/\"},\"author\":{\"name\":\"Villasmil Henry\",\"@id\":\"https:\\\/\\\/digital58.com.ve\\\/site\\\/#\\\/schema\\\/person\\\/64d1c2e4d0d4fd1b849980c4331c2951\"},\"headline\":\"La Chinita ser\u00e1 vestida por Alejandro Fajardo, dise\u00f1ador del Miss Venezuela\",\"datePublished\":\"2018-10-25T20:16:06+00:00\",\"dateModified\":\"2018-10-29T02:08:04+00:00\",\"mainEntityOfPage\":{\"@id\":\"https:\\\/\\\/digital58.com.ve\\\/site\\\/2018\\\/10\\\/25\\\/la-chinita-sera-vestida-por-alejandro-fajardo-disenador-del-miss-venezuela\\\/\"},\"wordCount\":294,\"commentCount\":0,\"publisher\":{\"@id\":\"https:\\\/\\\/digital58.com.ve\\\/site\\\/#\\\/schema\\\/person\\\/64d1c2e4d0d4fd1b849980c4331c2951\"},\"image\":{\"@id\":\"https:\\\/\\\/digital58.com.ve\\\/site\\\/2018\\\/10\\\/25\\\/la-chinita-sera-vestida-por-alejandro-fajardo-disenador-del-miss-venezuela\\\/#primaryimage\"},\"thumbnailUrl\":\"https:\\\/\\\/digital58.com.ve\\\/site\\\/wp-content\\\/uploads\\\/2018\\\/10\\\/DSC07077.jpg\",\"keywords\":[\"Alejandro Fajardo\",\"Chinita 2018\",\"Fe y Religi\u00f3n\",\"Festivades Virgen de Chiquinquir\u00e1\",\"Iglesia Cat\u00f3lica\",\"Maracaibo\",\"Regionales\",\"Venezuela\",\"Virgen del Rosario de Chiquinquir\u00e1\"],\"articleSection\":[\"Otros\",\"Reportajes Especiales\"],\"inLanguage\":\"es\",\"potentialAction\":[{\"@type\":\"CommentAction\",\"name\":\"Comment\",\"target\":[\"https:\\\/\\\/digital58.com.ve\\\/site\\\/2018\\\/10\\\/25\\\/la-chinita-sera-vestida-por-alejandro-fajardo-disenador-del-miss-venezuela\\\/#respond\"]}]},{\"@type\":\"WebPage\",\"@id\":\"https:\\\/\\\/digital58.com.ve\\\/site\\\/2018\\\/10\\\/25\\\/la-chinita-sera-vestida-por-alejandro-fajardo-disenador-del-miss-venezuela\\\/\",\"url\":\"https:\\\/\\\/digital58.com.ve\\\/site\\\/2018\\\/10\\\/25\\\/la-chinita-sera-vestida-por-alejandro-fajardo-disenador-del-miss-venezuela\\\/\",\"name\":\"La Chinita ser\u00e1 vestida por Alejandro Fajardo, dise\u00f1ador del Miss Venezuela\",\"isPartOf\":{\"@id\":\"https:\\\/\\\/digital58.com.ve\\\/site\\\/#website\"},\"primaryImageOfPage\":{\"@id\":\"https:\\\/\\\/digital58.com.ve\\\/site\\\/2018\\\/10\\\/25\\\/la-chinita-sera-vestida-por-alejandro-fajardo-disenador-del-miss-venezuela\\\/#primaryimage\"},\"image\":{\"@id\":\"https:\\\/\\\/digital58.com.ve\\\/site\\\/2018\\\/10\\\/25\\\/la-chinita-sera-vestida-por-alejandro-fajardo-disenador-del-miss-venezuela\\\/#primaryimage\"},\"thumbnailUrl\":\"https:\\\/\\\/digital58.com.ve\\\/site\\\/wp-content\\\/uploads\\\/2018\\\/10\\\/DSC07077.jpg\",\"datePublished\":\"2018-10-25T20:16:06+00:00\",\"dateModified\":\"2018-10-29T02:08:04+00:00\",\"breadcrumb\":{\"@id\":\"https:\\\/\\\/digital58.com.ve\\\/site\\\/2018\\\/10\\\/25\\\/la-chinita-sera-vestida-por-alejandro-fajardo-disenador-del-miss-venezuela\\\/#breadcrumb\"},\"inLanguage\":\"es\",\"potentialAction\":[{\"@type\":\"ReadAction\",\"target\":[\"https:\\\/\\\/digital58.com.ve\\\/site\\\/2018\\\/10\\\/25\\\/la-chinita-sera-vestida-por-alejandro-fajardo-disenador-del-miss-venezuela\\\/\"]}]},{\"@type\":\"ImageObject\",\"inLanguage\":\"es\",\"@id\":\"https:\\\/\\\/digital58.com.ve\\\/site\\\/2018\\\/10\\\/25\\\/la-chinita-sera-vestida-por-alejandro-fajardo-disenador-del-miss-venezuela\\\/#primaryimage\",\"url\":\"https:\\\/\\\/digital58.com.ve\\\/site\\\/wp-content\\\/uploads\\\/2018\\\/10\\\/DSC07077.jpg\",\"contentUrl\":\"https:\\\/\\\/digital58.com.ve\\\/site\\\/wp-content\\\/uploads\\\/2018\\\/10\\\/DSC07077.jpg\",\"width\":800,\"height\":535},{\"@type\":\"BreadcrumbList\",\"@id\":\"https:\\\/\\\/digital58.com.ve\\\/site\\\/2018\\\/10\\\/25\\\/la-chinita-sera-vestida-por-alejandro-fajardo-disenador-del-miss-venezuela\\\/#breadcrumb\",\"itemListElement\":[{\"@type\":\"ListItem\",\"position\":1,\"name\":\"Home\",\"item\":\"https:\\\/\\\/digital58.com.ve\\\/site\\\/\"},{\"@type\":\"ListItem\",\"position\":2,\"name\":\"La Chinita ser\u00e1 vestida por Alejandro Fajardo, dise\u00f1ador del Miss Venezuela\"}]},{\"@type\":\"WebSite\",\"@id\":\"https:\\\/\\\/digital58.com.ve\\\/site\\\/#website\",\"url\":\"https:\\\/\\\/digital58.com.ve\\\/site\\\/\",\"name\":\"Noticias Digital58\",\"description\":\"Portal de Noticias \u00a1Periodismo web de verdad! Lanzamiento web 22.11.2005 \\\/ Maracaibo, Venezuela\",\"publisher\":{\"@id\":\"https:\\\/\\\/digital58.com.ve\\\/site\\\/#\\\/schema\\\/person\\\/64d1c2e4d0d4fd1b849980c4331c2951\"},\"alternateName\":\"ND58\",\"potentialAction\":[{\"@type\":\"SearchAction\",\"target\":{\"@type\":\"EntryPoint\",\"urlTemplate\":\"https:\\\/\\\/digital58.com.ve\\\/site\\\/?s={search_term_string}\"},\"query-input\":{\"@type\":\"PropertyValueSpecification\",\"valueRequired\":true,\"valueName\":\"search_term_string\"}}],\"inLanguage\":\"es\"},{\"@type\":[\"Person\",\"Organization\"],\"@id\":\"https:\\\/\\\/digital58.com.ve\\\/site\\\/#\\\/schema\\\/person\\\/64d1c2e4d0d4fd1b849980c4331c2951\",\"name\":\"Villasmil Henry\",\"image\":{\"@type\":\"ImageObject\",\"inLanguage\":\"es\",\"@id\":\"https:\\\/\\\/secure.gravatar.com\\\/avatar\\\/bb0c4a2fcb7970138239f7e404ea75757b1b507b28b5ce4c53fbd62d797c5a7c?s=96&d=mm&r=g\",\"url\":\"https:\\\/\\\/secure.gravatar.com\\\/avatar\\\/bb0c4a2fcb7970138239f7e404ea75757b1b507b28b5ce4c53fbd62d797c5a7c?s=96&d=mm&r=g\",\"contentUrl\":\"https:\\\/\\\/secure.gravatar.com\\\/avatar\\\/bb0c4a2fcb7970138239f7e404ea75757b1b507b28b5ce4c53fbd62d797c5a7c?s=96&d=mm&r=g\",\"caption\":\"Villasmil Henry\"},\"logo\":{\"@id\":\"https:\\\/\\\/secure.gravatar.com\\\/avatar\\\/bb0c4a2fcb7970138239f7e404ea75757b1b507b28b5ce4c53fbd62d797c5a7c?s=96&d=mm&r=g\"},\"sameAs\":[\"http:\\\/\\\/www.henryvillasmil.com.ve\",\"https:\\\/\\\/www.instagram.com\\\/villasmilhfoto\\\/\",\"https:\\\/\\\/x.com\\\/https:\\\/\\\/twitter.com\\\/villasmilhfoto\"],\"url\":\"https:\\\/\\\/digital58.com.ve\\\/site\\\/author\\\/droopy_68\\\/\"}]}<\/script>\n<!-- \/ Yoast SEO plugin. -->","yoast_head_json":{"title":"La Chinita ser\u00e1 vestida por Alejandro Fajardo, dise\u00f1ador del Miss Venezuela","robots":{"index":"index","follow":"follow","max-snippet":"max-snippet:-1","max-image-preview":"max-image-preview:large","max-video-preview":"max-video-preview:-1"},"canonical":"https:\/\/digital58.com.ve\/site\/2018\/10\/25\/la-chinita-sera-vestida-por-alejandro-fajardo-disenador-del-miss-venezuela\/","og_locale":"es_ES","og_type":"article","og_title":"La Chinita ser\u00e1 vestida por Alejandro Fajardo, dise\u00f1ador del Miss Venezuela","og_url":"https:\/\/digital58.com.ve\/site\/2018\/10\/25\/la-chinita-sera-vestida-por-alejandro-fajardo-disenador-del-miss-venezuela\/","og_site_name":"Noticias Digital58","article_published_time":"2018-10-25T20:16:06+00:00","article_modified_time":"2018-10-29T02:08:04+00:00","og_image":[{"width":900,"height":602,"url":"https:\/\/digital58.com.ve\/site\/wp-content\/uploads\/2018\/10\/DSC07077.jpg","type":"image\/jpeg"}],"author":"Villasmil Henry","twitter_card":"summary_large_image","twitter_creator":"@https:\/\/twitter.com\/villasmilhfoto","twitter_site":"@villasmilhfoto","twitter_misc":{"Escrito por":"Villasmil Henry","Tiempo estimado de lectura":"1 minuto"},"schema":{"@context":"https:\/\/schema.org","@graph":[{"@type":"Article","@id":"https:\/\/digital58.com.ve\/site\/2018\/10\/25\/la-chinita-sera-vestida-por-alejandro-fajardo-disenador-del-miss-venezuela\/#article","isPartOf":{"@id":"https:\/\/digital58.com.ve\/site\/2018\/10\/25\/la-chinita-sera-vestida-por-alejandro-fajardo-disenador-del-miss-venezuela\/"},"author":{"name":"Villasmil Henry","@id":"https:\/\/digital58.com.ve\/site\/#\/schema\/person\/64d1c2e4d0d4fd1b849980c4331c2951"},"headline":"La Chinita ser\u00e1 vestida por Alejandro Fajardo, dise\u00f1ador del Miss Venezuela","datePublished":"2018-10-25T20:16:06+00:00","dateModified":"2018-10-29T02:08:04+00:00","mainEntityOfPage":{"@id":"https:\/\/digital58.com.ve\/site\/2018\/10\/25\/la-chinita-sera-vestida-por-alejandro-fajardo-disenador-del-miss-venezuela\/"},"wordCount":294,"commentCount":0,"publisher":{"@id":"https:\/\/digital58.com.ve\/site\/#\/schema\/person\/64d1c2e4d0d4fd1b849980c4331c2951"},"image":{"@id":"https:\/\/digital58.com.ve\/site\/2018\/10\/25\/la-chinita-sera-vestida-por-alejandro-fajardo-disenador-del-miss-venezuela\/#primaryimage"},"thumbnailUrl":"https:\/\/digital58.com.ve\/site\/wp-content\/uploads\/2018\/10\/DSC07077.jpg","keywords":["Alejandro Fajardo","Chinita 2018","Fe y Religi\u00f3n","Festivades Virgen de Chiquinquir\u00e1","Iglesia Cat\u00f3lica","Maracaibo","Regionales","Venezuela","Virgen del Rosario de Chiquinquir\u00e1"],"articleSection":["Otros","Reportajes Especiales"],"inLanguage":"es","potentialAction":[{"@type":"CommentAction","name":"Comment","target":["https:\/\/digital58.com.ve\/site\/2018\/10\/25\/la-chinita-sera-vestida-por-alejandro-fajardo-disenador-del-miss-venezuela\/#respond"]}]},{"@type":"WebPage","@id":"https:\/\/digital58.com.ve\/site\/2018\/10\/25\/la-chinita-sera-vestida-por-alejandro-fajardo-disenador-del-miss-venezuela\/","url":"https:\/\/digital58.com.ve\/site\/2018\/10\/25\/la-chinita-sera-vestida-por-alejandro-fajardo-disenador-del-miss-venezuela\/","name":"La Chinita ser\u00e1 vestida por Alejandro Fajardo, dise\u00f1ador del Miss Venezuela","isPartOf":{"@id":"https:\/\/digital58.com.ve\/site\/#website"},"primaryImageOfPage":{"@id":"https:\/\/digital58.com.ve\/site\/2018\/10\/25\/la-chinita-sera-vestida-por-alejandro-fajardo-disenador-del-miss-venezuela\/#primaryimage"},"image":{"@id":"https:\/\/digital58.com.ve\/site\/2018\/10\/25\/la-chinita-sera-vestida-por-alejandro-fajardo-disenador-del-miss-venezuela\/#primaryimage"},"thumbnailUrl":"https:\/\/digital58.com.ve\/site\/wp-content\/uploads\/2018\/10\/DSC07077.jpg","datePublished":"2018-10-25T20:16:06+00:00","dateModified":"2018-10-29T02:08:04+00:00","breadcrumb":{"@id":"https:\/\/digital58.com.ve\/site\/2018\/10\/25\/la-chinita-sera-vestida-por-alejandro-fajardo-disenador-del-miss-venezuela\/#breadcrumb"},"inLanguage":"es","potentialAction":[{"@type":"ReadAction","target":["https:\/\/digital58.com.ve\/site\/2018\/10\/25\/la-chinita-sera-vestida-por-alejandro-fajardo-disenador-del-miss-venezuela\/"]}]},{"@type":"ImageObject","inLanguage":"es","@id":"https:\/\/digital58.com.ve\/site\/2018\/10\/25\/la-chinita-sera-vestida-por-alejandro-fajardo-disenador-del-miss-venezuela\/#primaryimage","url":"https:\/\/digital58.com.ve\/site\/wp-content\/uploads\/2018\/10\/DSC07077.jpg","contentUrl":"https:\/\/digital58.com.ve\/site\/wp-content\/uploads\/2018\/10\/DSC07077.jpg","width":800,"height":535},{"@type":"BreadcrumbList","@id":"https:\/\/digital58.com.ve\/site\/2018\/10\/25\/la-chinita-sera-vestida-por-alejandro-fajardo-disenador-del-miss-venezuela\/#breadcrumb","itemListElement":[{"@type":"ListItem","position":1,"name":"Home","item":"https:\/\/digital58.com.ve\/site\/"},{"@type":"ListItem","position":2,"name":"La Chinita ser\u00e1 vestida por Alejandro Fajardo, dise\u00f1ador del Miss Venezuela"}]},{"@type":"WebSite","@id":"https:\/\/digital58.com.ve\/site\/#website","url":"https:\/\/digital58.com.ve\/site\/","name":"Noticias Digital58","description":"Portal de Noticias \u00a1Periodismo web de verdad! Lanzamiento web 22.11.2005 \/ Maracaibo, Venezuela","publisher":{"@id":"https:\/\/digital58.com.ve\/site\/#\/schema\/person\/64d1c2e4d0d4fd1b849980c4331c2951"},"alternateName":"ND58","potentialAction":[{"@type":"SearchAction","target":{"@type":"EntryPoint","urlTemplate":"https:\/\/digital58.com.ve\/site\/?s={search_term_string}"},"query-input":{"@type":"PropertyValueSpecification","valueRequired":true,"valueName":"search_term_string"}}],"inLanguage":"es"},{"@type":["Person","Organization"],"@id":"https:\/\/digital58.com.ve\/site\/#\/schema\/person\/64d1c2e4d0d4fd1b849980c4331c2951","name":"Villasmil Henry","image":{"@type":"ImageObject","inLanguage":"es","@id":"https:\/\/secure.gravatar.com\/avatar\/bb0c4a2fcb7970138239f7e404ea75757b1b507b28b5ce4c53fbd62d797c5a7c?s=96&d=mm&r=g","url":"https:\/\/secure.gravatar.com\/avatar\/bb0c4a2fcb7970138239f7e404ea75757b1b507b28b5ce4c53fbd62d797c5a7c?s=96&d=mm&r=g","contentUrl":"https:\/\/secure.gravatar.com\/avatar\/bb0c4a2fcb7970138239f7e404ea75757b1b507b28b5ce4c53fbd62d797c5a7c?s=96&d=mm&r=g","caption":"Villasmil Henry"},"logo":{"@id":"https:\/\/secure.gravatar.com\/avatar\/bb0c4a2fcb7970138239f7e404ea75757b1b507b28b5ce4c53fbd62d797c5a7c?s=96&d=mm&r=g"},"sameAs":["http:\/\/www.henryvillasmil.com.ve","https:\/\/www.instagram.com\/villasmilhfoto\/","https:\/\/x.com\/https:\/\/twitter.com\/villasmilhfoto"],"url":"https:\/\/digital58.com.ve\/site\/author\/droopy_68\/"}]}},"uagb_featured_image_src":{"full":["https:\/\/digital58.com.ve\/site\/wp-content\/uploads\/2018\/10\/DSC07077.jpg",800,535,false],"thumbnail":["https:\/\/digital58.com.ve\/site\/wp-content\/uploads\/2018\/10\/DSC07077-150x150.jpg",150,150,true],"medium":["https:\/\/digital58.com.ve\/site\/wp-content\/uploads\/2018\/10\/DSC07077-300x201.jpg",300,201,true],"medium_large":["https:\/\/digital58.com.ve\/site\/wp-content\/uploads\/2018\/10\/DSC07077-768x514.jpg",768,514,true],"large":["https:\/\/digital58.com.ve\/site\/wp-content\/uploads\/2018\/10\/DSC07077.jpg",800,535,false],"1536x1536":["https:\/\/digital58.com.ve\/site\/wp-content\/uploads\/2018\/10\/DSC07077.jpg",800,535,false],"2048x2048":["https:\/\/digital58.com.ve\/site\/wp-content\/uploads\/2018\/10\/DSC07077.jpg",800,535,false],"colormag-highlighted-post":["https:\/\/digital58.com.ve\/site\/wp-content\/uploads\/2018\/10\/DSC07077.jpg",392,262,false],"colormag-featured-post-medium":["https:\/\/digital58.com.ve\/site\/wp-content\/uploads\/2018\/10\/DSC07077.jpg",307,205,false],"colormag-featured-post-small":["https:\/\/digital58.com.ve\/site\/wp-content\/uploads\/2018\/10\/DSC07077.jpg",130,87,false],"colormag-featured-image":["https:\/\/digital58.com.ve\/site\/wp-content\/uploads\/2018\/10\/DSC07077.jpg",665,445,false],"colormag-default-news":["https:\/\/digital58.com.ve\/site\/wp-content\/uploads\/2018\/10\/DSC07077.jpg",150,100,false],"colormag-featured-image-large":["https:\/\/digital58.com.ve\/site\/wp-content\/uploads\/2018\/10\/DSC07077.jpg",800,535,false]},"uagb_author_info":{"display_name":"Villasmil Henry","author_link":"https:\/\/digital58.com.ve\/site\/author\/droopy_68\/"},"uagb_comment_info":0,"uagb_excerpt":"El manto de la Virgen del Rosario de Chiquinquir\u00e1, ser\u00e1 confeccionado por el caraque\u00f1o Alejandro Fajardo, reconocido dise\u00f1ador del Miss","_links":{"self":[{"href":"https:\/\/digital58.com.ve\/site\/wp-json\/wp\/v2\/posts\/81981","targetHints":{"allow":["GET"]}}],"collection":[{"href":"https:\/\/digital58.com.ve\/site\/wp-json\/wp\/v2\/posts"}],"about":[{"href":"https:\/\/digital58.com.ve\/site\/wp-json\/wp\/v2\/types\/post"}],"author":[{"embeddable":true,"href":"https:\/\/digital58.com.ve\/site\/wp-json\/wp\/v2\/users\/1"}],"replies":[{"embeddable":true,"href":"https:\/\/digital58.com.ve\/site\/wp-json\/wp\/v2\/comments?post=81981"}],"version-history":[{"count":0,"href":"https:\/\/digital58.com.ve\/site\/wp-json\/wp\/v2\/posts\/81981\/revisions"}],"wp:featuredmedia":[{"embeddable":true,"href":"https:\/\/digital58.com.ve\/site\/wp-json\/wp\/v2\/media\/81982"}],"wp:attachment":[{"href":"https:\/\/digital58.com.ve\/site\/wp-json\/wp\/v2\/media?parent=81981"}],"wp:term":[{"taxonomy":"category","embeddable":true,"href":"https:\/\/digital58.com.ve\/site\/wp-json\/wp\/v2\/categories?post=81981"},{"taxonomy":"post_tag","embeddable":true,"href":"https:\/\/digital58.com.ve\/site\/wp-json\/wp\/v2\/tags?post=81981"}],"curies":[{"name":"wp","href":"https:\/\/api.w.org\/{rel}","templated":true}]}}