{"id":82680,"date":"2018-11-27T12:18:36","date_gmt":"2018-11-27T16:18:36","guid":{"rendered":"http:\/\/digital58.com.ve\/site\/?p=82680"},"modified":"2018-11-27T12:18:36","modified_gmt":"2018-11-27T16:18:36","slug":"en-plaza-neutral-el-8-o-9-de-diciembre-se-jugara-la-final-de-libertadores","status":"publish","type":"post","link":"https:\/\/digital58.com.ve\/site\/2018\/11\/27\/en-plaza-neutral-el-8-o-9-de-diciembre-se-jugara-la-final-de-libertadores\/","title":{"rendered":"En plaza neutral, el 8 o 9 de diciembre, se jugar\u00e1 la final de Libertadores"},"content":{"rendered":"<p><a href=\"http:\/\/digital58.com.ve\/site\/wp-content\/uploads\/2018\/11\/libertadores-2.jpg\"><img loading=\"lazy\" decoding=\"async\" class=\"aligncenter size-large wp-image-82681\" src=\"http:\/\/digital58.com.ve\/site\/wp-content\/uploads\/2018\/11\/libertadores-2-1500x1003.jpg\" alt=\"\" width=\"640\" height=\"428\" srcset=\"https:\/\/digital58.com.ve\/site\/wp-content\/uploads\/2018\/11\/libertadores-2-1500x1003.jpg 1500w, https:\/\/digital58.com.ve\/site\/wp-content\/uploads\/2018\/11\/libertadores-2-300x201.jpg 300w, https:\/\/digital58.com.ve\/site\/wp-content\/uploads\/2018\/11\/libertadores-2-768x514.jpg 768w, https:\/\/digital58.com.ve\/site\/wp-content\/uploads\/2018\/11\/libertadores-2-720x480.jpg 720w, https:\/\/digital58.com.ve\/site\/wp-content\/uploads\/2018\/11\/libertadores-2-480x320.jpg 480w, https:\/\/digital58.com.ve\/site\/wp-content\/uploads\/2018\/11\/libertadores-2.jpg 800w\" sizes=\"auto, (max-width: 640px) 100vw, 640px\" \/><\/a><\/p>\n<p>El partido de vuelta de la final de la Copa Libertadores del 2018 entre River Plate y Boca Juniors se jugar\u00e1 en una plaza neutral, el 8 o 9 de diciembre pr\u00f3ximo, seg\u00fan decidi\u00f3 este martes la Conmebol. La entidad tom\u00f3 esta determinaci\u00f3n en una reuni\u00f3n sostenida con dirigentes de ambos clubes argentinos esta ma\u00f1ana, tras la postergaci\u00f3n del encuentro de vuelta que inicialmente se deb\u00eda jugar el s\u00e1bado pasado en el Monumental de Buenos Aires, pero que fue suspendido por ataques violentos de hinchas al autob\u00fas que llevaba a los jugadores de Boca al estadio.<\/p>\n<p><strong>La Asunci\u00f3n, Paraguay, 27 de noviembre de 2018 (Noticias D58).-<\/strong> En un comunicado emitido hace minutos en su sede de Asunci\u00f3n, la entidad rectora del f\u00fatbol sudamericano advierte que \u00abresulta prudente que el partido final no se juegue en dicho pa\u00eds\u00bb (Argentina) a consecuencia de los incidentes violentos en que resultaron heridos varios futbolistas del Boca Juniors.<\/p>\n<p>La Conmebol tom\u00f3 la decisi\u00f3n basada en el art\u00edculo 4 del Reglamento de Competici\u00f3n de la Copa Libertadores en donde indica que se debe \u00abgarantizar los principios de integridad, continuidad y estabilidad de las competiciones, del <em>fair play<\/em> (juego limpio), deportivo y financiero\u00bb, seg\u00fan reza en uno de sus apartados.<\/p>\n<p>Aunque en el comunicado se indica que la fecha establecida para jugar el partido de vuelta es el 8 o 9 de diciembre, en una plaza neutral diferente a Argentina y en horario y sede a definirse, este \u00edtem queda en suspenso porque est\u00e1 sujeto al fallo del Tribunal Disciplinario de la Conmebol.<\/p>\n<p>Dicho tribunal estudia la solicitud de Boca Juniors de que el partido no se juegue, que River Plate sea castigado y por ende se le d\u00e9 el t\u00edtulo de la Copa Libertadores a la instituci\u00f3n Xeneize.<\/p>\n<p>River Plate pidi\u00f3, al contrario, que el encuentro se disputara en el Monumental y con p\u00fablico.<\/p>\n<p>\u00abDecidimos que el partido, en caso de que as\u00ed se defina, se juegue fuera del territorio argentino\u00bb, dijo Alejandro Dom\u00ednguez, presidente de la Conmebol, a la salida de la reuni\u00f3n.<\/p>\n<p>Sus hom\u00f3logos de River Plate y Boca Juniors a\u00fan no han hecho declaraciones.<\/p>\n<p>El partido de ida de la final de la Libertadores culmin\u00f3 empatado 2-2 en la Bombonera el domingo 11 de noviembre.<\/p>\n<p>Hasta el momento, la ciudad italiana de G\u00e9nova ya se ofreci\u00f3 oficialmente para albergar el partido de vuelta y se especula con que Abu Dhabi, en Amiratos \u00c1rabes, sede del pr\u00f3ximo Mundial de Clubes, es otra alternativa como sede.<\/p>\n<p><strong>Redacci\u00f3n con fuente: EFE<\/strong><br \/>\n<strong>Edici\u00f3n: Villasmil, Henry<\/strong><br \/>\n<strong>Gr\u00e1fica: EFE<\/strong><\/p><div class=\"zyqgz69efee231cae3\" ><p style=\"text-align: center;\"><a href=\"https:\/\/t.me\/noticiasdigital58\" target=\"_blank\" rel=\"noopener\"><img class=\"aligncenter size-full wp-image-125363\" src=\"https:\/\/digital58.com.ve\/site\/wp-content\/uploads\/2021\/04\/banner-telegram-web-2021.png\" alt=\"\" width=\"600\" height=\"90\" \/><\/a><\/p><\/div><style type=\"text\/css\">\r\n@media screen and (min-width: 1201px) {\r\n.zyqgz69efee231cae3 {\r\ndisplay: block;\r\n}\r\n}\r\n@media screen and (min-width: 993px) and (max-width: 1200px) {\r\n.zyqgz69efee231cae3 {\r\ndisplay: block;\r\n}\r\n}\r\n@media screen and (min-width: 769px) and (max-width: 992px) {\r\n.zyqgz69efee231cae3 {\r\ndisplay: block;\r\n}\r\n}\r\n@media screen and (min-width: 768px) and (max-width: 768px) {\r\n.zyqgz69efee231cae3 {\r\ndisplay: block;\r\n}\r\n}\r\n@media screen and (max-width: 767px) {\r\n.zyqgz69efee231cae3 {\r\ndisplay: block;\r\n}\r\n}\r\n<\/style>\r\n\n<p><a href=\"http:\/\/digital58.com.ve\/site\/wp-content\/uploads\/2018\/11\/libertadores.jpg\"><img loading=\"lazy\" decoding=\"async\" class=\"aligncenter size-large wp-image-82682\" src=\"http:\/\/digital58.com.ve\/site\/wp-content\/uploads\/2018\/11\/libertadores-819x1024.jpg\" alt=\"\" width=\"640\" height=\"800\" srcset=\"https:\/\/digital58.com.ve\/site\/wp-content\/uploads\/2018\/11\/libertadores-819x1024.jpg 819w, https:\/\/digital58.com.ve\/site\/wp-content\/uploads\/2018\/11\/libertadores-240x300.jpg 240w, https:\/\/digital58.com.ve\/site\/wp-content\/uploads\/2018\/11\/libertadores-768x960.jpg 768w, https:\/\/digital58.com.ve\/site\/wp-content\/uploads\/2018\/11\/libertadores.jpg 480w\" sizes=\"auto, (max-width: 640px) 100vw, 640px\" \/><\/a><\/p>\n<div style=\"margin-top: 0px; margin-bottom: 0px;\" class=\"sharethis-inline-share-buttons\" ><\/div>","protected":false},"excerpt":{"rendered":"<p>El partido de vuelta de la final de la Copa Libertadores del 2018 entre River Plate y Boca Juniors se<\/p>\n","protected":false},"author":1,"featured_media":82681,"comment_status":"open","ping_status":"closed","sticky":false,"template":"","format":"standard","meta":{"colormag_page_container_layout":"default_layout","colormag_page_sidebar_layout":"default_layout","_uag_custom_page_level_css":"","footnotes":""},"categories":[5402],"tags":[11815,10469,11816,13,41,8,1508],"class_list":["post-82680","post","type-post","status-publish","format-standard","has-post-thumbnail","hentry","category-deportes","tag-boca-juniors","tag-copa-conmebol-libertadores","tag-final-libertadores-2018","tag-futbol","tag-futbol-internacional","tag-internacionales","tag-river-plate"],"yoast_head":"<!-- This site is optimized with the Yoast SEO plugin v27.4 - https:\/\/yoast.com\/product\/yoast-seo-wordpress\/ -->\n<title>En plaza neutral, el 8 o 9 de diciembre, se jugar\u00e1 la final de Libertadores<\/title>\n<meta name=\"robots\" content=\"index, follow, max-snippet:-1, max-image-preview:large, max-video-preview:-1\" \/>\n<link rel=\"canonical\" href=\"https:\/\/digital58.com.ve\/site\/2018\/11\/27\/en-plaza-neutral-el-8-o-9-de-diciembre-se-jugara-la-final-de-libertadores\/\" \/>\n<meta property=\"og:locale\" content=\"es_ES\" \/>\n<meta property=\"og:type\" content=\"article\" \/>\n<meta property=\"og:title\" content=\"En plaza neutral, el 8 o 9 de diciembre, se jugar\u00e1 la final de Libertadores\" \/>\n<meta property=\"og:url\" content=\"https:\/\/digital58.com.ve\/site\/2018\/11\/27\/en-plaza-neutral-el-8-o-9-de-diciembre-se-jugara-la-final-de-libertadores\/\" \/>\n<meta property=\"og:site_name\" content=\"Noticias Digital58\" \/>\n<meta property=\"article:published_time\" content=\"2018-11-27T16:18:36+00:00\" \/>\n<meta property=\"og:image\" content=\"https:\/\/digital58.com.ve\/site\/wp-content\/uploads\/2018\/11\/libertadores-2.jpg\" \/>\n\t<meta property=\"og:image:width\" content=\"1500\" \/>\n\t<meta property=\"og:image:height\" content=\"1003\" \/>\n\t<meta property=\"og:image:type\" content=\"image\/jpeg\" \/>\n<meta name=\"author\" content=\"Villasmil Henry\" \/>\n<meta name=\"twitter:card\" content=\"summary_large_image\" \/>\n<meta name=\"twitter:creator\" content=\"@https:\/\/twitter.com\/villasmilhfoto\" \/>\n<meta name=\"twitter:site\" content=\"@villasmilhfoto\" \/>\n<meta name=\"twitter:label1\" content=\"Escrito por\" \/>\n\t<meta name=\"twitter:data1\" content=\"Villasmil Henry\" \/>\n\t<meta name=\"twitter:label2\" content=\"Tiempo estimado de lectura\" \/>\n\t<meta name=\"twitter:data2\" content=\"2 minutos\" \/>\n<script type=\"application\/ld+json\" class=\"yoast-schema-graph\">{\"@context\":\"https:\\\/\\\/schema.org\",\"@graph\":[{\"@type\":\"Article\",\"@id\":\"https:\\\/\\\/digital58.com.ve\\\/site\\\/2018\\\/11\\\/27\\\/en-plaza-neutral-el-8-o-9-de-diciembre-se-jugara-la-final-de-libertadores\\\/#article\",\"isPartOf\":{\"@id\":\"https:\\\/\\\/digital58.com.ve\\\/site\\\/2018\\\/11\\\/27\\\/en-plaza-neutral-el-8-o-9-de-diciembre-se-jugara-la-final-de-libertadores\\\/\"},\"author\":{\"name\":\"Villasmil Henry\",\"@id\":\"https:\\\/\\\/digital58.com.ve\\\/site\\\/#\\\/schema\\\/person\\\/64d1c2e4d0d4fd1b849980c4331c2951\"},\"headline\":\"En plaza neutral, el 8 o 9 de diciembre, se jugar\u00e1 la final de Libertadores\",\"datePublished\":\"2018-11-27T16:18:36+00:00\",\"mainEntityOfPage\":{\"@id\":\"https:\\\/\\\/digital58.com.ve\\\/site\\\/2018\\\/11\\\/27\\\/en-plaza-neutral-el-8-o-9-de-diciembre-se-jugara-la-final-de-libertadores\\\/\"},\"wordCount\":454,\"commentCount\":0,\"publisher\":{\"@id\":\"https:\\\/\\\/digital58.com.ve\\\/site\\\/#\\\/schema\\\/person\\\/64d1c2e4d0d4fd1b849980c4331c2951\"},\"image\":{\"@id\":\"https:\\\/\\\/digital58.com.ve\\\/site\\\/2018\\\/11\\\/27\\\/en-plaza-neutral-el-8-o-9-de-diciembre-se-jugara-la-final-de-libertadores\\\/#primaryimage\"},\"thumbnailUrl\":\"https:\\\/\\\/digital58.com.ve\\\/site\\\/wp-content\\\/uploads\\\/2018\\\/11\\\/libertadores-2.jpg\",\"keywords\":[\"Boca Juniors\",\"Copa Conmebol Libertadores\",\"Final Libertadores 2018\",\"F\u00fatbol\",\"F\u00fatbol Internacional\",\"Internacionales\",\"River Plate\"],\"articleSection\":[\"Deportes\"],\"inLanguage\":\"es\",\"potentialAction\":[{\"@type\":\"CommentAction\",\"name\":\"Comment\",\"target\":[\"https:\\\/\\\/digital58.com.ve\\\/site\\\/2018\\\/11\\\/27\\\/en-plaza-neutral-el-8-o-9-de-diciembre-se-jugara-la-final-de-libertadores\\\/#respond\"]}]},{\"@type\":\"WebPage\",\"@id\":\"https:\\\/\\\/digital58.com.ve\\\/site\\\/2018\\\/11\\\/27\\\/en-plaza-neutral-el-8-o-9-de-diciembre-se-jugara-la-final-de-libertadores\\\/\",\"url\":\"https:\\\/\\\/digital58.com.ve\\\/site\\\/2018\\\/11\\\/27\\\/en-plaza-neutral-el-8-o-9-de-diciembre-se-jugara-la-final-de-libertadores\\\/\",\"name\":\"En plaza neutral, el 8 o 9 de diciembre, se jugar\u00e1 la final de Libertadores\",\"isPartOf\":{\"@id\":\"https:\\\/\\\/digital58.com.ve\\\/site\\\/#website\"},\"primaryImageOfPage\":{\"@id\":\"https:\\\/\\\/digital58.com.ve\\\/site\\\/2018\\\/11\\\/27\\\/en-plaza-neutral-el-8-o-9-de-diciembre-se-jugara-la-final-de-libertadores\\\/#primaryimage\"},\"image\":{\"@id\":\"https:\\\/\\\/digital58.com.ve\\\/site\\\/2018\\\/11\\\/27\\\/en-plaza-neutral-el-8-o-9-de-diciembre-se-jugara-la-final-de-libertadores\\\/#primaryimage\"},\"thumbnailUrl\":\"https:\\\/\\\/digital58.com.ve\\\/site\\\/wp-content\\\/uploads\\\/2018\\\/11\\\/libertadores-2.jpg\",\"datePublished\":\"2018-11-27T16:18:36+00:00\",\"breadcrumb\":{\"@id\":\"https:\\\/\\\/digital58.com.ve\\\/site\\\/2018\\\/11\\\/27\\\/en-plaza-neutral-el-8-o-9-de-diciembre-se-jugara-la-final-de-libertadores\\\/#breadcrumb\"},\"inLanguage\":\"es\",\"potentialAction\":[{\"@type\":\"ReadAction\",\"target\":[\"https:\\\/\\\/digital58.com.ve\\\/site\\\/2018\\\/11\\\/27\\\/en-plaza-neutral-el-8-o-9-de-diciembre-se-jugara-la-final-de-libertadores\\\/\"]}]},{\"@type\":\"ImageObject\",\"inLanguage\":\"es\",\"@id\":\"https:\\\/\\\/digital58.com.ve\\\/site\\\/2018\\\/11\\\/27\\\/en-plaza-neutral-el-8-o-9-de-diciembre-se-jugara-la-final-de-libertadores\\\/#primaryimage\",\"url\":\"https:\\\/\\\/digital58.com.ve\\\/site\\\/wp-content\\\/uploads\\\/2018\\\/11\\\/libertadores-2.jpg\",\"contentUrl\":\"https:\\\/\\\/digital58.com.ve\\\/site\\\/wp-content\\\/uploads\\\/2018\\\/11\\\/libertadores-2.jpg\",\"width\":800,\"height\":535},{\"@type\":\"BreadcrumbList\",\"@id\":\"https:\\\/\\\/digital58.com.ve\\\/site\\\/2018\\\/11\\\/27\\\/en-plaza-neutral-el-8-o-9-de-diciembre-se-jugara-la-final-de-libertadores\\\/#breadcrumb\",\"itemListElement\":[{\"@type\":\"ListItem\",\"position\":1,\"name\":\"Home\",\"item\":\"https:\\\/\\\/digital58.com.ve\\\/site\\\/\"},{\"@type\":\"ListItem\",\"position\":2,\"name\":\"En plaza neutral, el 8 o 9 de diciembre, se jugar\u00e1 la final de Libertadores\"}]},{\"@type\":\"WebSite\",\"@id\":\"https:\\\/\\\/digital58.com.ve\\\/site\\\/#website\",\"url\":\"https:\\\/\\\/digital58.com.ve\\\/site\\\/\",\"name\":\"Noticias Digital58\",\"description\":\"Portal de Noticias \u00a1Periodismo web de verdad! Lanzamiento web 22.11.2005 \\\/ Maracaibo, Venezuela\",\"publisher\":{\"@id\":\"https:\\\/\\\/digital58.com.ve\\\/site\\\/#\\\/schema\\\/person\\\/64d1c2e4d0d4fd1b849980c4331c2951\"},\"alternateName\":\"ND58\",\"potentialAction\":[{\"@type\":\"SearchAction\",\"target\":{\"@type\":\"EntryPoint\",\"urlTemplate\":\"https:\\\/\\\/digital58.com.ve\\\/site\\\/?s={search_term_string}\"},\"query-input\":{\"@type\":\"PropertyValueSpecification\",\"valueRequired\":true,\"valueName\":\"search_term_string\"}}],\"inLanguage\":\"es\"},{\"@type\":[\"Person\",\"Organization\"],\"@id\":\"https:\\\/\\\/digital58.com.ve\\\/site\\\/#\\\/schema\\\/person\\\/64d1c2e4d0d4fd1b849980c4331c2951\",\"name\":\"Villasmil Henry\",\"image\":{\"@type\":\"ImageObject\",\"inLanguage\":\"es\",\"@id\":\"https:\\\/\\\/secure.gravatar.com\\\/avatar\\\/bb0c4a2fcb7970138239f7e404ea75757b1b507b28b5ce4c53fbd62d797c5a7c?s=96&d=mm&r=g\",\"url\":\"https:\\\/\\\/secure.gravatar.com\\\/avatar\\\/bb0c4a2fcb7970138239f7e404ea75757b1b507b28b5ce4c53fbd62d797c5a7c?s=96&d=mm&r=g\",\"contentUrl\":\"https:\\\/\\\/secure.gravatar.com\\\/avatar\\\/bb0c4a2fcb7970138239f7e404ea75757b1b507b28b5ce4c53fbd62d797c5a7c?s=96&d=mm&r=g\",\"caption\":\"Villasmil Henry\"},\"logo\":{\"@id\":\"https:\\\/\\\/secure.gravatar.com\\\/avatar\\\/bb0c4a2fcb7970138239f7e404ea75757b1b507b28b5ce4c53fbd62d797c5a7c?s=96&d=mm&r=g\"},\"sameAs\":[\"http:\\\/\\\/www.henryvillasmil.com.ve\",\"https:\\\/\\\/www.instagram.com\\\/villasmilhfoto\\\/\",\"https:\\\/\\\/x.com\\\/https:\\\/\\\/twitter.com\\\/villasmilhfoto\"],\"url\":\"https:\\\/\\\/digital58.com.ve\\\/site\\\/author\\\/droopy_68\\\/\"}]}<\/script>\n<!-- \/ Yoast SEO plugin. -->","yoast_head_json":{"title":"En plaza neutral, el 8 o 9 de diciembre, se jugar\u00e1 la final de Libertadores","robots":{"index":"index","follow":"follow","max-snippet":"max-snippet:-1","max-image-preview":"max-image-preview:large","max-video-preview":"max-video-preview:-1"},"canonical":"https:\/\/digital58.com.ve\/site\/2018\/11\/27\/en-plaza-neutral-el-8-o-9-de-diciembre-se-jugara-la-final-de-libertadores\/","og_locale":"es_ES","og_type":"article","og_title":"En plaza neutral, el 8 o 9 de diciembre, se jugar\u00e1 la final de Libertadores","og_url":"https:\/\/digital58.com.ve\/site\/2018\/11\/27\/en-plaza-neutral-el-8-o-9-de-diciembre-se-jugara-la-final-de-libertadores\/","og_site_name":"Noticias Digital58","article_published_time":"2018-11-27T16:18:36+00:00","og_image":[{"width":1500,"height":1003,"url":"https:\/\/digital58.com.ve\/site\/wp-content\/uploads\/2018\/11\/libertadores-2.jpg","type":"image\/jpeg"}],"author":"Villasmil Henry","twitter_card":"summary_large_image","twitter_creator":"@https:\/\/twitter.com\/villasmilhfoto","twitter_site":"@villasmilhfoto","twitter_misc":{"Escrito por":"Villasmil Henry","Tiempo estimado de lectura":"2 minutos"},"schema":{"@context":"https:\/\/schema.org","@graph":[{"@type":"Article","@id":"https:\/\/digital58.com.ve\/site\/2018\/11\/27\/en-plaza-neutral-el-8-o-9-de-diciembre-se-jugara-la-final-de-libertadores\/#article","isPartOf":{"@id":"https:\/\/digital58.com.ve\/site\/2018\/11\/27\/en-plaza-neutral-el-8-o-9-de-diciembre-se-jugara-la-final-de-libertadores\/"},"author":{"name":"Villasmil Henry","@id":"https:\/\/digital58.com.ve\/site\/#\/schema\/person\/64d1c2e4d0d4fd1b849980c4331c2951"},"headline":"En plaza neutral, el 8 o 9 de diciembre, se jugar\u00e1 la final de Libertadores","datePublished":"2018-11-27T16:18:36+00:00","mainEntityOfPage":{"@id":"https:\/\/digital58.com.ve\/site\/2018\/11\/27\/en-plaza-neutral-el-8-o-9-de-diciembre-se-jugara-la-final-de-libertadores\/"},"wordCount":454,"commentCount":0,"publisher":{"@id":"https:\/\/digital58.com.ve\/site\/#\/schema\/person\/64d1c2e4d0d4fd1b849980c4331c2951"},"image":{"@id":"https:\/\/digital58.com.ve\/site\/2018\/11\/27\/en-plaza-neutral-el-8-o-9-de-diciembre-se-jugara-la-final-de-libertadores\/#primaryimage"},"thumbnailUrl":"https:\/\/digital58.com.ve\/site\/wp-content\/uploads\/2018\/11\/libertadores-2.jpg","keywords":["Boca Juniors","Copa Conmebol Libertadores","Final Libertadores 2018","F\u00fatbol","F\u00fatbol Internacional","Internacionales","River Plate"],"articleSection":["Deportes"],"inLanguage":"es","potentialAction":[{"@type":"CommentAction","name":"Comment","target":["https:\/\/digital58.com.ve\/site\/2018\/11\/27\/en-plaza-neutral-el-8-o-9-de-diciembre-se-jugara-la-final-de-libertadores\/#respond"]}]},{"@type":"WebPage","@id":"https:\/\/digital58.com.ve\/site\/2018\/11\/27\/en-plaza-neutral-el-8-o-9-de-diciembre-se-jugara-la-final-de-libertadores\/","url":"https:\/\/digital58.com.ve\/site\/2018\/11\/27\/en-plaza-neutral-el-8-o-9-de-diciembre-se-jugara-la-final-de-libertadores\/","name":"En plaza neutral, el 8 o 9 de diciembre, se jugar\u00e1 la final de Libertadores","isPartOf":{"@id":"https:\/\/digital58.com.ve\/site\/#website"},"primaryImageOfPage":{"@id":"https:\/\/digital58.com.ve\/site\/2018\/11\/27\/en-plaza-neutral-el-8-o-9-de-diciembre-se-jugara-la-final-de-libertadores\/#primaryimage"},"image":{"@id":"https:\/\/digital58.com.ve\/site\/2018\/11\/27\/en-plaza-neutral-el-8-o-9-de-diciembre-se-jugara-la-final-de-libertadores\/#primaryimage"},"thumbnailUrl":"https:\/\/digital58.com.ve\/site\/wp-content\/uploads\/2018\/11\/libertadores-2.jpg","datePublished":"2018-11-27T16:18:36+00:00","breadcrumb":{"@id":"https:\/\/digital58.com.ve\/site\/2018\/11\/27\/en-plaza-neutral-el-8-o-9-de-diciembre-se-jugara-la-final-de-libertadores\/#breadcrumb"},"inLanguage":"es","potentialAction":[{"@type":"ReadAction","target":["https:\/\/digital58.com.ve\/site\/2018\/11\/27\/en-plaza-neutral-el-8-o-9-de-diciembre-se-jugara-la-final-de-libertadores\/"]}]},{"@type":"ImageObject","inLanguage":"es","@id":"https:\/\/digital58.com.ve\/site\/2018\/11\/27\/en-plaza-neutral-el-8-o-9-de-diciembre-se-jugara-la-final-de-libertadores\/#primaryimage","url":"https:\/\/digital58.com.ve\/site\/wp-content\/uploads\/2018\/11\/libertadores-2.jpg","contentUrl":"https:\/\/digital58.com.ve\/site\/wp-content\/uploads\/2018\/11\/libertadores-2.jpg","width":800,"height":535},{"@type":"BreadcrumbList","@id":"https:\/\/digital58.com.ve\/site\/2018\/11\/27\/en-plaza-neutral-el-8-o-9-de-diciembre-se-jugara-la-final-de-libertadores\/#breadcrumb","itemListElement":[{"@type":"ListItem","position":1,"name":"Home","item":"https:\/\/digital58.com.ve\/site\/"},{"@type":"ListItem","position":2,"name":"En plaza neutral, el 8 o 9 de diciembre, se jugar\u00e1 la final de Libertadores"}]},{"@type":"WebSite","@id":"https:\/\/digital58.com.ve\/site\/#website","url":"https:\/\/digital58.com.ve\/site\/","name":"Noticias Digital58","description":"Portal de Noticias \u00a1Periodismo web de verdad! Lanzamiento web 22.11.2005 \/ Maracaibo, Venezuela","publisher":{"@id":"https:\/\/digital58.com.ve\/site\/#\/schema\/person\/64d1c2e4d0d4fd1b849980c4331c2951"},"alternateName":"ND58","potentialAction":[{"@type":"SearchAction","target":{"@type":"EntryPoint","urlTemplate":"https:\/\/digital58.com.ve\/site\/?s={search_term_string}"},"query-input":{"@type":"PropertyValueSpecification","valueRequired":true,"valueName":"search_term_string"}}],"inLanguage":"es"},{"@type":["Person","Organization"],"@id":"https:\/\/digital58.com.ve\/site\/#\/schema\/person\/64d1c2e4d0d4fd1b849980c4331c2951","name":"Villasmil Henry","image":{"@type":"ImageObject","inLanguage":"es","@id":"https:\/\/secure.gravatar.com\/avatar\/bb0c4a2fcb7970138239f7e404ea75757b1b507b28b5ce4c53fbd62d797c5a7c?s=96&d=mm&r=g","url":"https:\/\/secure.gravatar.com\/avatar\/bb0c4a2fcb7970138239f7e404ea75757b1b507b28b5ce4c53fbd62d797c5a7c?s=96&d=mm&r=g","contentUrl":"https:\/\/secure.gravatar.com\/avatar\/bb0c4a2fcb7970138239f7e404ea75757b1b507b28b5ce4c53fbd62d797c5a7c?s=96&d=mm&r=g","caption":"Villasmil Henry"},"logo":{"@id":"https:\/\/secure.gravatar.com\/avatar\/bb0c4a2fcb7970138239f7e404ea75757b1b507b28b5ce4c53fbd62d797c5a7c?s=96&d=mm&r=g"},"sameAs":["http:\/\/www.henryvillasmil.com.ve","https:\/\/www.instagram.com\/villasmilhfoto\/","https:\/\/x.com\/https:\/\/twitter.com\/villasmilhfoto"],"url":"https:\/\/digital58.com.ve\/site\/author\/droopy_68\/"}]}},"uagb_featured_image_src":{"full":["https:\/\/digital58.com.ve\/site\/wp-content\/uploads\/2018\/11\/libertadores-2.jpg",800,535,false],"thumbnail":["https:\/\/digital58.com.ve\/site\/wp-content\/uploads\/2018\/11\/libertadores-2-150x150.jpg",150,150,true],"medium":["https:\/\/digital58.com.ve\/site\/wp-content\/uploads\/2018\/11\/libertadores-2-300x201.jpg",300,201,true],"medium_large":["https:\/\/digital58.com.ve\/site\/wp-content\/uploads\/2018\/11\/libertadores-2-768x514.jpg",768,514,true],"large":["https:\/\/digital58.com.ve\/site\/wp-content\/uploads\/2018\/11\/libertadores-2-1500x1003.jpg",800,535,true],"1536x1536":["https:\/\/digital58.com.ve\/site\/wp-content\/uploads\/2018\/11\/libertadores-2.jpg",800,535,false],"2048x2048":["https:\/\/digital58.com.ve\/site\/wp-content\/uploads\/2018\/11\/libertadores-2.jpg",800,535,false],"colormag-highlighted-post":["https:\/\/digital58.com.ve\/site\/wp-content\/uploads\/2018\/11\/libertadores-2.jpg",392,262,false],"colormag-featured-post-medium":["https:\/\/digital58.com.ve\/site\/wp-content\/uploads\/2018\/11\/libertadores-2.jpg",307,205,false],"colormag-featured-post-small":["https:\/\/digital58.com.ve\/site\/wp-content\/uploads\/2018\/11\/libertadores-2.jpg",130,87,false],"colormag-featured-image":["https:\/\/digital58.com.ve\/site\/wp-content\/uploads\/2018\/11\/libertadores-2.jpg",665,445,false],"colormag-default-news":["https:\/\/digital58.com.ve\/site\/wp-content\/uploads\/2018\/11\/libertadores-2.jpg",150,100,false],"colormag-featured-image-large":["https:\/\/digital58.com.ve\/site\/wp-content\/uploads\/2018\/11\/libertadores-2.jpg",800,535,false]},"uagb_author_info":{"display_name":"Villasmil Henry","author_link":"https:\/\/digital58.com.ve\/site\/author\/droopy_68\/"},"uagb_comment_info":0,"uagb_excerpt":"El partido de vuelta de la final de la Copa Libertadores del 2018 entre River Plate y Boca Juniors se","_links":{"self":[{"href":"https:\/\/digital58.com.ve\/site\/wp-json\/wp\/v2\/posts\/82680","targetHints":{"allow":["GET"]}}],"collection":[{"href":"https:\/\/digital58.com.ve\/site\/wp-json\/wp\/v2\/posts"}],"about":[{"href":"https:\/\/digital58.com.ve\/site\/wp-json\/wp\/v2\/types\/post"}],"author":[{"embeddable":true,"href":"https:\/\/digital58.com.ve\/site\/wp-json\/wp\/v2\/users\/1"}],"replies":[{"embeddable":true,"href":"https:\/\/digital58.com.ve\/site\/wp-json\/wp\/v2\/comments?post=82680"}],"version-history":[{"count":0,"href":"https:\/\/digital58.com.ve\/site\/wp-json\/wp\/v2\/posts\/82680\/revisions"}],"wp:featuredmedia":[{"embeddable":true,"href":"https:\/\/digital58.com.ve\/site\/wp-json\/wp\/v2\/media\/82681"}],"wp:attachment":[{"href":"https:\/\/digital58.com.ve\/site\/wp-json\/wp\/v2\/media?parent=82680"}],"wp:term":[{"taxonomy":"category","embeddable":true,"href":"https:\/\/digital58.com.ve\/site\/wp-json\/wp\/v2\/categories?post=82680"},{"taxonomy":"post_tag","embeddable":true,"href":"https:\/\/digital58.com.ve\/site\/wp-json\/wp\/v2\/tags?post=82680"}],"curies":[{"name":"wp","href":"https:\/\/api.w.org\/{rel}","templated":true}]}}