{"id":82699,"date":"2018-11-28T04:20:10","date_gmt":"2018-11-28T08:20:10","guid":{"rendered":"http:\/\/digital58.com.ve\/site\/?p=82699"},"modified":"2018-11-28T04:20:10","modified_gmt":"2018-11-28T08:20:10","slug":"muere-la-reconocida-chef-mexicana-patricia-quintana","status":"publish","type":"post","link":"https:\/\/digital58.com.ve\/site\/2018\/11\/28\/muere-la-reconocida-chef-mexicana-patricia-quintana\/","title":{"rendered":"Muere la reconocida chef mexicana Patricia Quintana"},"content":{"rendered":"<p><a href=\"http:\/\/digital58.com.ve\/site\/wp-content\/uploads\/2018\/11\/chefpatricia.jpg\"><img loading=\"lazy\" decoding=\"async\" class=\"aligncenter size-full wp-image-82700\" src=\"http:\/\/digital58.com.ve\/site\/wp-content\/uploads\/2018\/11\/chefpatricia.jpg\" alt=\"\" width=\"682\" height=\"465\" srcset=\"https:\/\/digital58.com.ve\/site\/wp-content\/uploads\/2018\/11\/chefpatricia.jpg 682w, https:\/\/digital58.com.ve\/site\/wp-content\/uploads\/2018\/11\/chefpatricia-300x205.jpg 300w\" sizes=\"auto, (max-width: 682px) 100vw, 682px\" \/><\/a><\/p>\n<p>La reconocida chef Patricia Quintana, quien se dedic\u00f3 por m\u00e1s de cinco d\u00e9cadas a rescatar los or\u00edgenes de la gastronom\u00eda mexicana, principalmente de los pueblos ind\u00edgenas, falleci\u00f3 a los 72 a\u00f1os de edad. La familia Pasquel Quintana dio a conocer que la especialista en el mundo culinario muri\u00f3 la noche del lunes de causas naturales.<\/p>\n<p><strong>M\u00e9xico, 28 de noviembre de 2018 (Noticias D58).-<\/strong> \u00abEsta noche se elev\u00f3 al cielo la estrella de la Gran Patricia Quintana, nos deja el coraz\u00f3n lleno de agradecimiento por el enorme trabajo que realiz\u00f3 a lo largo de su vida, por enaltecer y mostrarle al mundo la riqueza de nuestro pa\u00eds y, sobre todo, por la mujer que luch\u00f3 hasta el \u00faltimo instante\u00bb, se public\u00f3 en las redes sociales de su tienda Gravilla.<\/p>\n<p>En la entrada se a\u00f1adi\u00f3: \u00abGracias por esta huella imborrable que dejaste en los corazones de todos los que tuvimos el placer de conocerte. \u00a1Hasta siempre, querida Paty!\u00bb.<\/p>\n<p>Estudi\u00f3 con destacados chefs internacionales como Paul Bocuse, Len\u00f5tre, Chapel, los hermanos Troisgros y Michel Gu\u00e9rard, y con sus investigaciones sobre la comida de los pueblos ind\u00edgenas, Quintana gan\u00f3 reconocimiento internacional.<\/p>\n<p>Adem\u00e1s de formar cocineros en la Escuela de Alta Cocina, donde imparti\u00f3 clases por m\u00e1s de 40 a\u00f1os, public\u00f3 m\u00e1s de 25 libros sobre gastronom\u00eda, entre los que destacan \u00abLa cocina es juego\u00bb, (1975); \u00abPuebla, la cocina de los \u00e1ngeles\u00bb, (1992); \u00abLa cocina de los dioses del agua\u00bb, (1994), entre otros, algunos de ellos traducidos al ingl\u00e9s y alem\u00e1n, que son considerados Patrimonio Cultural de M\u00e9xico.<\/p>\n<p>La Secretar\u00eda de Turismo y la Asociaci\u00f3n de Restaurantes de M\u00e9xico le entregaron el t\u00edtulo de \u00abEmbajadora Culinaria\u00bb de M\u00e9xico.<\/p>\n<p>En 2001 abri\u00f3 su restaurante \u00abIzote\u00bb, en la Ciudad de M\u00e9xico, que cerr\u00f3 en 2013, convirti\u00e9ndose en la actualidad en \u00abIzote va a tu casa\u00bb, donde se ofrece el servicio de catering personalizado.<\/p>\n<p>A trav\u00e9s de las redes sociales, personalidades del \u00e1mbito culinario lamentaron la muerte de la chef y expresaron sus condolencias a la familia.<\/p>\n<p>El chef Aquiles Ch\u00e1vez destac\u00f3 la trayectoria de Patricia Quintana y comparti\u00f3 algunas fotograf\u00edas en su cuenta de Twitter @AquilesChavez.<\/p>\n<p>\u00abMucho de lo que hoy ocurre en el M\u00e9xico gastron\u00f3mico es gracias a ti. Gracias por ese legado que nos dejas, por compartir ese amor por M\u00e9xico y su cocina! Hoy nos dejas hu\u00e9rfanos! Paty a celebrar en el cielo! QDEP. Que el polvo de jade siempre te acompa\u00f1e\u00bb, indic\u00f3.<\/p>\n<p>\u00abSe me hizo un huequito en el coraz\u00f3n al saber que la grande, Patricia Quintana, dej\u00f3 este mundo. La cocina mexicana y las cocineras de este pa\u00eds le debemos tant\u00edsimo&#8230; una mujer excepcional y pionera en tantas cosas&#8230; IRREPARABLE p\u00e9rdida\u00bb, escribi\u00f3 la chef Mariana Orozco.<\/p>\n<p>El chef Manolo N\u00e1jera indic\u00f3: \u00abDescanse en paz Patricia Quintana, una grande de la cocina mexicana. Mi total admiraci\u00f3n y respeto. Sin duda un espacio muy grande quedar\u00e1 vac\u00edo a partir el d\u00eda de hoy en nuestra cocina\u00bb.<\/p>\n<p>A su vez, Juan \u00c1ngel V\u00e1squez record\u00f3 cuando inici\u00f3 su carrera y algunas de las creaciones culinarias de Patricia Quintana en \u00abIzote\u00bb.<\/p>\n<p>\u00abEl inicio de mi recorrido por esta vida fue en IZOTE, recuerdo el tamal relleno de frijol con panocha, mole negro y camarones, de Patricia Quintana; bien lo dice mi querida @lulachef hay antes y despu\u00e9s de P.Q. en la cocina mexicana. Hoy dej\u00f3 para cocinar en otro cielo. QEPD\u00bb, escribi\u00f3.<\/p><div class=\"yfhqa6a95347a386a9\" ><p style=\"text-align: center;\"><a href=\"https:\/\/t.me\/noticiasdigital58\" target=\"_blank\" rel=\"noopener\"><img class=\"aligncenter size-full wp-image-125363\" src=\"https:\/\/digital58.com.ve\/site\/wp-content\/uploads\/2021\/04\/banner-telegram-web-2021.png\" alt=\"\" width=\"600\" height=\"90\" \/><\/a><\/p><\/div><style type=\"text\/css\">\r\n@media screen and (min-width: 1201px) {\r\n.yfhqa6a95347a386a9 {\r\ndisplay: block;\r\n}\r\n}\r\n@media screen and (min-width: 993px) and (max-width: 1200px) {\r\n.yfhqa6a95347a386a9 {\r\ndisplay: block;\r\n}\r\n}\r\n@media screen and (min-width: 769px) and (max-width: 992px) {\r\n.yfhqa6a95347a386a9 {\r\ndisplay: block;\r\n}\r\n}\r\n@media screen and (min-width: 768px) and (max-width: 768px) {\r\n.yfhqa6a95347a386a9 {\r\ndisplay: block;\r\n}\r\n}\r\n@media screen and (max-width: 767px) {\r\n.yfhqa6a95347a386a9 {\r\ndisplay: block;\r\n}\r\n}\r\n<\/style>\r\n\n<p><strong>Redacci\u00f3n con fuente: Web<\/strong><br \/>\n<strong>Edici\u00f3n: Villasmil, Henry<\/strong><br \/>\n<strong>Gr\u00e1fica: cortes\u00eda<\/strong><\/p>\n<div style=\"margin-top: 0px; margin-bottom: 0px;\" class=\"sharethis-inline-share-buttons\" ><\/div>","protected":false},"excerpt":{"rendered":"<p>La reconocida chef Patricia Quintana, quien se dedic\u00f3 por m\u00e1s de cinco d\u00e9cadas a rescatar los or\u00edgenes de la gastronom\u00eda<\/p>\n","protected":false},"author":1,"featured_media":82700,"comment_status":"open","ping_status":"closed","sticky":false,"template":"","format":"standard","meta":{"colormag_page_container_layout":"default_layout","colormag_page_sidebar_layout":"default_layout","_uag_custom_page_level_css":"","footnotes":""},"categories":[5486],"tags":[9991,207,8,175,11826],"class_list":["post-82699","post","type-post","status-publish","format-standard","has-post-thumbnail","hentry","category-gastronomia","tag-chef","tag-fallecimientos","tag-internacionales","tag-mexico","tag-patricia-quintana"],"yoast_head":"<!-- This site is optimized with the Yoast SEO plugin v28.3 - https:\/\/yoast.com\/product\/yoast-seo-wordpress\/ -->\n<title>Muere la reconocida chef mexicana Patricia Quintana<\/title>\n<meta name=\"robots\" content=\"index, follow, max-snippet:-1, max-image-preview:large, max-video-preview:-1\" \/>\n<link rel=\"canonical\" href=\"https:\/\/digital58.com.ve\/site\/2018\/11\/28\/muere-la-reconocida-chef-mexicana-patricia-quintana\/\" \/>\n<meta property=\"og:locale\" content=\"es_ES\" \/>\n<meta property=\"og:type\" content=\"article\" \/>\n<meta property=\"og:title\" content=\"Muere la reconocida chef mexicana Patricia Quintana\" \/>\n<meta property=\"og:url\" content=\"https:\/\/digital58.com.ve\/site\/2018\/11\/28\/muere-la-reconocida-chef-mexicana-patricia-quintana\/\" \/>\n<meta property=\"og:site_name\" content=\"Noticias Digital58\" \/>\n<meta property=\"article:published_time\" content=\"2018-11-28T08:20:10+00:00\" \/>\n<meta property=\"og:image\" content=\"https:\/\/digital58.com.ve\/site\/wp-content\/uploads\/2018\/11\/chefpatricia.jpg\" \/>\n\t<meta property=\"og:image:width\" content=\"682\" \/>\n\t<meta property=\"og:image:height\" content=\"465\" \/>\n\t<meta property=\"og:image:type\" content=\"image\/jpeg\" \/>\n<meta name=\"author\" content=\"Villasmil Henry\" \/>\n<meta name=\"twitter:card\" content=\"summary_large_image\" \/>\n<meta name=\"twitter:creator\" content=\"@https:\/\/twitter.com\/villasmilhfoto\" \/>\n<meta name=\"twitter:site\" content=\"@villasmilhfoto\" \/>\n<meta name=\"twitter:label1\" content=\"Escrito por\" \/>\n\t<meta name=\"twitter:data1\" content=\"Villasmil Henry\" \/>\n\t<meta name=\"twitter:label2\" content=\"Tiempo estimado de lectura\" \/>\n\t<meta name=\"twitter:data2\" content=\"3 minutos\" \/>\n<script type=\"application\/ld+json\" class=\"yoast-schema-graph\">{\"@context\":\"https:\\\/\\\/schema.org\",\"@graph\":[{\"@type\":\"Article\",\"@id\":\"https:\\\/\\\/digital58.com.ve\\\/site\\\/2018\\\/11\\\/28\\\/muere-la-reconocida-chef-mexicana-patricia-quintana\\\/#article\",\"isPartOf\":{\"@id\":\"https:\\\/\\\/digital58.com.ve\\\/site\\\/2018\\\/11\\\/28\\\/muere-la-reconocida-chef-mexicana-patricia-quintana\\\/\"},\"author\":{\"name\":\"Villasmil Henry\",\"@id\":\"https:\\\/\\\/digital58.com.ve\\\/site\\\/#\\\/schema\\\/person\\\/64d1c2e4d0d4fd1b849980c4331c2951\"},\"headline\":\"Muere la reconocida chef mexicana Patricia Quintana\",\"datePublished\":\"2018-11-28T08:20:10+00:00\",\"mainEntityOfPage\":{\"@id\":\"https:\\\/\\\/digital58.com.ve\\\/site\\\/2018\\\/11\\\/28\\\/muere-la-reconocida-chef-mexicana-patricia-quintana\\\/\"},\"wordCount\":613,\"commentCount\":0,\"publisher\":{\"@id\":\"https:\\\/\\\/digital58.com.ve\\\/site\\\/#\\\/schema\\\/person\\\/64d1c2e4d0d4fd1b849980c4331c2951\"},\"image\":{\"@id\":\"https:\\\/\\\/digital58.com.ve\\\/site\\\/2018\\\/11\\\/28\\\/muere-la-reconocida-chef-mexicana-patricia-quintana\\\/#primaryimage\"},\"thumbnailUrl\":\"https:\\\/\\\/digital58.com.ve\\\/site\\\/wp-content\\\/uploads\\\/2018\\\/11\\\/chefpatricia.jpg\",\"keywords\":[\"Chef\",\"Fallecimientos\",\"Internacionales\",\"M\u00e9xico\",\"Patricia Quintana\"],\"articleSection\":[\"Gastronom\u00eda\"],\"inLanguage\":\"es\",\"potentialAction\":[{\"@type\":\"CommentAction\",\"name\":\"Comment\",\"target\":[\"https:\\\/\\\/digital58.com.ve\\\/site\\\/2018\\\/11\\\/28\\\/muere-la-reconocida-chef-mexicana-patricia-quintana\\\/#respond\"]}]},{\"@type\":\"WebPage\",\"@id\":\"https:\\\/\\\/digital58.com.ve\\\/site\\\/2018\\\/11\\\/28\\\/muere-la-reconocida-chef-mexicana-patricia-quintana\\\/\",\"url\":\"https:\\\/\\\/digital58.com.ve\\\/site\\\/2018\\\/11\\\/28\\\/muere-la-reconocida-chef-mexicana-patricia-quintana\\\/\",\"name\":\"Muere la reconocida chef mexicana Patricia Quintana\",\"isPartOf\":{\"@id\":\"https:\\\/\\\/digital58.com.ve\\\/site\\\/#website\"},\"primaryImageOfPage\":{\"@id\":\"https:\\\/\\\/digital58.com.ve\\\/site\\\/2018\\\/11\\\/28\\\/muere-la-reconocida-chef-mexicana-patricia-quintana\\\/#primaryimage\"},\"image\":{\"@id\":\"https:\\\/\\\/digital58.com.ve\\\/site\\\/2018\\\/11\\\/28\\\/muere-la-reconocida-chef-mexicana-patricia-quintana\\\/#primaryimage\"},\"thumbnailUrl\":\"https:\\\/\\\/digital58.com.ve\\\/site\\\/wp-content\\\/uploads\\\/2018\\\/11\\\/chefpatricia.jpg\",\"datePublished\":\"2018-11-28T08:20:10+00:00\",\"breadcrumb\":{\"@id\":\"https:\\\/\\\/digital58.com.ve\\\/site\\\/2018\\\/11\\\/28\\\/muere-la-reconocida-chef-mexicana-patricia-quintana\\\/#breadcrumb\"},\"inLanguage\":\"es\",\"potentialAction\":[{\"@type\":\"ReadAction\",\"target\":[\"https:\\\/\\\/digital58.com.ve\\\/site\\\/2018\\\/11\\\/28\\\/muere-la-reconocida-chef-mexicana-patricia-quintana\\\/\"]}]},{\"@type\":\"ImageObject\",\"inLanguage\":\"es\",\"@id\":\"https:\\\/\\\/digital58.com.ve\\\/site\\\/2018\\\/11\\\/28\\\/muere-la-reconocida-chef-mexicana-patricia-quintana\\\/#primaryimage\",\"url\":\"https:\\\/\\\/digital58.com.ve\\\/site\\\/wp-content\\\/uploads\\\/2018\\\/11\\\/chefpatricia.jpg\",\"contentUrl\":\"https:\\\/\\\/digital58.com.ve\\\/site\\\/wp-content\\\/uploads\\\/2018\\\/11\\\/chefpatricia.jpg\",\"width\":682,\"height\":465},{\"@type\":\"BreadcrumbList\",\"@id\":\"https:\\\/\\\/digital58.com.ve\\\/site\\\/2018\\\/11\\\/28\\\/muere-la-reconocida-chef-mexicana-patricia-quintana\\\/#breadcrumb\",\"itemListElement\":[{\"@type\":\"ListItem\",\"position\":1,\"name\":\"Home\",\"item\":\"https:\\\/\\\/digital58.com.ve\\\/site\\\/\"},{\"@type\":\"ListItem\",\"position\":2,\"name\":\"Muere la reconocida chef mexicana Patricia Quintana\"}]},{\"@type\":\"WebSite\",\"@id\":\"https:\\\/\\\/digital58.com.ve\\\/site\\\/#website\",\"url\":\"https:\\\/\\\/digital58.com.ve\\\/site\\\/\",\"name\":\"Noticias Digital58\",\"description\":\"Portal de Noticias \u00a1Periodismo web de verdad! Lanzamiento web 22.11.2005 \\\/ Maracaibo, Venezuela\",\"publisher\":{\"@id\":\"https:\\\/\\\/digital58.com.ve\\\/site\\\/#\\\/schema\\\/person\\\/64d1c2e4d0d4fd1b849980c4331c2951\"},\"alternateName\":\"ND58\",\"potentialAction\":[{\"@type\":\"SearchAction\",\"target\":{\"@type\":\"EntryPoint\",\"urlTemplate\":\"https:\\\/\\\/digital58.com.ve\\\/site\\\/?s={search_term_string}\"},\"query-input\":{\"@type\":\"PropertyValueSpecification\",\"valueRequired\":true,\"valueName\":\"search_term_string\"}}],\"inLanguage\":\"es\"},{\"@type\":[\"Person\",\"Organization\"],\"@id\":\"https:\\\/\\\/digital58.com.ve\\\/site\\\/#\\\/schema\\\/person\\\/64d1c2e4d0d4fd1b849980c4331c2951\",\"name\":\"Villasmil Henry\",\"image\":{\"@type\":\"ImageObject\",\"inLanguage\":\"es\",\"@id\":\"https:\\\/\\\/secure.gravatar.com\\\/avatar\\\/bb0c4a2fcb7970138239f7e404ea75757b1b507b28b5ce4c53fbd62d797c5a7c?s=96&d=mm&r=g\",\"url\":\"https:\\\/\\\/secure.gravatar.com\\\/avatar\\\/bb0c4a2fcb7970138239f7e404ea75757b1b507b28b5ce4c53fbd62d797c5a7c?s=96&d=mm&r=g\",\"contentUrl\":\"https:\\\/\\\/secure.gravatar.com\\\/avatar\\\/bb0c4a2fcb7970138239f7e404ea75757b1b507b28b5ce4c53fbd62d797c5a7c?s=96&d=mm&r=g\",\"caption\":\"Villasmil Henry\"},\"logo\":{\"@id\":\"https:\\\/\\\/secure.gravatar.com\\\/avatar\\\/bb0c4a2fcb7970138239f7e404ea75757b1b507b28b5ce4c53fbd62d797c5a7c?s=96&d=mm&r=g\"},\"sameAs\":[\"http:\\\/\\\/www.henryvillasmil.com.ve\",\"https:\\\/\\\/www.instagram.com\\\/villasmilhfoto\\\/\",\"https:\\\/\\\/x.com\\\/https:\\\/\\\/twitter.com\\\/villasmilhfoto\"],\"url\":\"https:\\\/\\\/digital58.com.ve\\\/site\\\/author\\\/droopy_68\\\/\"}]}<\/script>\n<!-- \/ Yoast SEO plugin. -->","yoast_head_json":{"title":"Muere la reconocida chef mexicana Patricia Quintana","robots":{"index":"index","follow":"follow","max-snippet":"max-snippet:-1","max-image-preview":"max-image-preview:large","max-video-preview":"max-video-preview:-1"},"canonical":"https:\/\/digital58.com.ve\/site\/2018\/11\/28\/muere-la-reconocida-chef-mexicana-patricia-quintana\/","og_locale":"es_ES","og_type":"article","og_title":"Muere la reconocida chef mexicana Patricia Quintana","og_url":"https:\/\/digital58.com.ve\/site\/2018\/11\/28\/muere-la-reconocida-chef-mexicana-patricia-quintana\/","og_site_name":"Noticias Digital58","article_published_time":"2018-11-28T08:20:10+00:00","og_image":[{"width":682,"height":465,"url":"https:\/\/digital58.com.ve\/site\/wp-content\/uploads\/2018\/11\/chefpatricia.jpg","type":"image\/jpeg"}],"author":"Villasmil Henry","twitter_card":"summary_large_image","twitter_creator":"@https:\/\/twitter.com\/villasmilhfoto","twitter_site":"@villasmilhfoto","twitter_misc":{"Escrito por":"Villasmil Henry","Tiempo estimado de lectura":"3 minutos"},"schema":{"@context":"https:\/\/schema.org","@graph":[{"@type":"Article","@id":"https:\/\/digital58.com.ve\/site\/2018\/11\/28\/muere-la-reconocida-chef-mexicana-patricia-quintana\/#article","isPartOf":{"@id":"https:\/\/digital58.com.ve\/site\/2018\/11\/28\/muere-la-reconocida-chef-mexicana-patricia-quintana\/"},"author":{"name":"Villasmil Henry","@id":"https:\/\/digital58.com.ve\/site\/#\/schema\/person\/64d1c2e4d0d4fd1b849980c4331c2951"},"headline":"Muere la reconocida chef mexicana Patricia Quintana","datePublished":"2018-11-28T08:20:10+00:00","mainEntityOfPage":{"@id":"https:\/\/digital58.com.ve\/site\/2018\/11\/28\/muere-la-reconocida-chef-mexicana-patricia-quintana\/"},"wordCount":613,"commentCount":0,"publisher":{"@id":"https:\/\/digital58.com.ve\/site\/#\/schema\/person\/64d1c2e4d0d4fd1b849980c4331c2951"},"image":{"@id":"https:\/\/digital58.com.ve\/site\/2018\/11\/28\/muere-la-reconocida-chef-mexicana-patricia-quintana\/#primaryimage"},"thumbnailUrl":"https:\/\/digital58.com.ve\/site\/wp-content\/uploads\/2018\/11\/chefpatricia.jpg","keywords":["Chef","Fallecimientos","Internacionales","M\u00e9xico","Patricia Quintana"],"articleSection":["Gastronom\u00eda"],"inLanguage":"es","potentialAction":[{"@type":"CommentAction","name":"Comment","target":["https:\/\/digital58.com.ve\/site\/2018\/11\/28\/muere-la-reconocida-chef-mexicana-patricia-quintana\/#respond"]}]},{"@type":"WebPage","@id":"https:\/\/digital58.com.ve\/site\/2018\/11\/28\/muere-la-reconocida-chef-mexicana-patricia-quintana\/","url":"https:\/\/digital58.com.ve\/site\/2018\/11\/28\/muere-la-reconocida-chef-mexicana-patricia-quintana\/","name":"Muere la reconocida chef mexicana Patricia Quintana","isPartOf":{"@id":"https:\/\/digital58.com.ve\/site\/#website"},"primaryImageOfPage":{"@id":"https:\/\/digital58.com.ve\/site\/2018\/11\/28\/muere-la-reconocida-chef-mexicana-patricia-quintana\/#primaryimage"},"image":{"@id":"https:\/\/digital58.com.ve\/site\/2018\/11\/28\/muere-la-reconocida-chef-mexicana-patricia-quintana\/#primaryimage"},"thumbnailUrl":"https:\/\/digital58.com.ve\/site\/wp-content\/uploads\/2018\/11\/chefpatricia.jpg","datePublished":"2018-11-28T08:20:10+00:00","breadcrumb":{"@id":"https:\/\/digital58.com.ve\/site\/2018\/11\/28\/muere-la-reconocida-chef-mexicana-patricia-quintana\/#breadcrumb"},"inLanguage":"es","potentialAction":[{"@type":"ReadAction","target":["https:\/\/digital58.com.ve\/site\/2018\/11\/28\/muere-la-reconocida-chef-mexicana-patricia-quintana\/"]}]},{"@type":"ImageObject","inLanguage":"es","@id":"https:\/\/digital58.com.ve\/site\/2018\/11\/28\/muere-la-reconocida-chef-mexicana-patricia-quintana\/#primaryimage","url":"https:\/\/digital58.com.ve\/site\/wp-content\/uploads\/2018\/11\/chefpatricia.jpg","contentUrl":"https:\/\/digital58.com.ve\/site\/wp-content\/uploads\/2018\/11\/chefpatricia.jpg","width":682,"height":465},{"@type":"BreadcrumbList","@id":"https:\/\/digital58.com.ve\/site\/2018\/11\/28\/muere-la-reconocida-chef-mexicana-patricia-quintana\/#breadcrumb","itemListElement":[{"@type":"ListItem","position":1,"name":"Home","item":"https:\/\/digital58.com.ve\/site\/"},{"@type":"ListItem","position":2,"name":"Muere la reconocida chef mexicana Patricia Quintana"}]},{"@type":"WebSite","@id":"https:\/\/digital58.com.ve\/site\/#website","url":"https:\/\/digital58.com.ve\/site\/","name":"Noticias Digital58","description":"Portal de Noticias \u00a1Periodismo web de verdad! Lanzamiento web 22.11.2005 \/ Maracaibo, Venezuela","publisher":{"@id":"https:\/\/digital58.com.ve\/site\/#\/schema\/person\/64d1c2e4d0d4fd1b849980c4331c2951"},"alternateName":"ND58","potentialAction":[{"@type":"SearchAction","target":{"@type":"EntryPoint","urlTemplate":"https:\/\/digital58.com.ve\/site\/?s={search_term_string}"},"query-input":{"@type":"PropertyValueSpecification","valueRequired":true,"valueName":"search_term_string"}}],"inLanguage":"es"},{"@type":["Person","Organization"],"@id":"https:\/\/digital58.com.ve\/site\/#\/schema\/person\/64d1c2e4d0d4fd1b849980c4331c2951","name":"Villasmil Henry","image":{"@type":"ImageObject","inLanguage":"es","@id":"https:\/\/secure.gravatar.com\/avatar\/bb0c4a2fcb7970138239f7e404ea75757b1b507b28b5ce4c53fbd62d797c5a7c?s=96&d=mm&r=g","url":"https:\/\/secure.gravatar.com\/avatar\/bb0c4a2fcb7970138239f7e404ea75757b1b507b28b5ce4c53fbd62d797c5a7c?s=96&d=mm&r=g","contentUrl":"https:\/\/secure.gravatar.com\/avatar\/bb0c4a2fcb7970138239f7e404ea75757b1b507b28b5ce4c53fbd62d797c5a7c?s=96&d=mm&r=g","caption":"Villasmil Henry"},"logo":{"@id":"https:\/\/secure.gravatar.com\/avatar\/bb0c4a2fcb7970138239f7e404ea75757b1b507b28b5ce4c53fbd62d797c5a7c?s=96&d=mm&r=g"},"sameAs":["http:\/\/www.henryvillasmil.com.ve","https:\/\/www.instagram.com\/villasmilhfoto\/","https:\/\/x.com\/https:\/\/twitter.com\/villasmilhfoto"],"url":"https:\/\/digital58.com.ve\/site\/author\/droopy_68\/"}]}},"uagb_featured_image_src":{"full":["https:\/\/digital58.com.ve\/site\/wp-content\/uploads\/2018\/11\/chefpatricia.jpg",682,465,false],"thumbnail":["https:\/\/digital58.com.ve\/site\/wp-content\/uploads\/2018\/11\/chefpatricia-150x150.jpg",150,150,true],"medium":["https:\/\/digital58.com.ve\/site\/wp-content\/uploads\/2018\/11\/chefpatricia-300x205.jpg",300,205,true],"medium_large":["https:\/\/digital58.com.ve\/site\/wp-content\/uploads\/2018\/11\/chefpatricia.jpg",682,465,false],"large":["https:\/\/digital58.com.ve\/site\/wp-content\/uploads\/2018\/11\/chefpatricia.jpg",682,465,false],"1536x1536":["https:\/\/digital58.com.ve\/site\/wp-content\/uploads\/2018\/11\/chefpatricia.jpg",682,465,false],"2048x2048":["https:\/\/digital58.com.ve\/site\/wp-content\/uploads\/2018\/11\/chefpatricia.jpg",682,465,false],"colormag-highlighted-post":["https:\/\/digital58.com.ve\/site\/wp-content\/uploads\/2018\/11\/chefpatricia.jpg",392,267,false],"colormag-featured-post-medium":["https:\/\/digital58.com.ve\/site\/wp-content\/uploads\/2018\/11\/chefpatricia.jpg",301,205,false],"colormag-featured-post-small":["https:\/\/digital58.com.ve\/site\/wp-content\/uploads\/2018\/11\/chefpatricia.jpg",130,90,false],"colormag-featured-image":["https:\/\/digital58.com.ve\/site\/wp-content\/uploads\/2018\/11\/chefpatricia.jpg",653,445,false],"colormag-default-news":["https:\/\/digital58.com.ve\/site\/wp-content\/uploads\/2018\/11\/chefpatricia.jpg",150,102,false],"colormag-featured-image-large":["https:\/\/digital58.com.ve\/site\/wp-content\/uploads\/2018\/11\/chefpatricia.jpg",682,465,false]},"uagb_author_info":{"display_name":"Villasmil Henry","author_link":"https:\/\/digital58.com.ve\/site\/author\/droopy_68\/"},"uagb_comment_info":0,"uagb_excerpt":"La reconocida chef Patricia Quintana, quien se dedic\u00f3 por m\u00e1s de cinco d\u00e9cadas a rescatar los or\u00edgenes de la gastronom\u00eda","_links":{"self":[{"href":"https:\/\/digital58.com.ve\/site\/wp-json\/wp\/v2\/posts\/82699","targetHints":{"allow":["GET"]}}],"collection":[{"href":"https:\/\/digital58.com.ve\/site\/wp-json\/wp\/v2\/posts"}],"about":[{"href":"https:\/\/digital58.com.ve\/site\/wp-json\/wp\/v2\/types\/post"}],"author":[{"embeddable":true,"href":"https:\/\/digital58.com.ve\/site\/wp-json\/wp\/v2\/users\/1"}],"replies":[{"embeddable":true,"href":"https:\/\/digital58.com.ve\/site\/wp-json\/wp\/v2\/comments?post=82699"}],"version-history":[{"count":0,"href":"https:\/\/digital58.com.ve\/site\/wp-json\/wp\/v2\/posts\/82699\/revisions"}],"wp:featuredmedia":[{"embeddable":true,"href":"https:\/\/digital58.com.ve\/site\/wp-json\/wp\/v2\/media\/82700"}],"wp:attachment":[{"href":"https:\/\/digital58.com.ve\/site\/wp-json\/wp\/v2\/media?parent=82699"}],"wp:term":[{"taxonomy":"category","embeddable":true,"href":"https:\/\/digital58.com.ve\/site\/wp-json\/wp\/v2\/categories?post=82699"},{"taxonomy":"post_tag","embeddable":true,"href":"https:\/\/digital58.com.ve\/site\/wp-json\/wp\/v2\/tags?post=82699"}],"curies":[{"name":"wp","href":"https:\/\/api.w.org\/{rel}","templated":true}]}}