{"id":83301,"date":"2019-01-10T00:16:33","date_gmt":"2019-01-10T04:16:33","guid":{"rendered":"http:\/\/digital58.com.ve\/site\/?p=83301"},"modified":"2019-01-10T00:16:33","modified_gmt":"2019-01-10T04:16:33","slug":"desalojaran-a-400-venezolanos-que-invaden-terrenos-en-el-suroeste-de-colombia","status":"publish","type":"post","link":"https:\/\/digital58.com.ve\/site\/2019\/01\/10\/desalojaran-a-400-venezolanos-que-invaden-terrenos-en-el-suroeste-de-colombia\/","title":{"rendered":"Desalojar\u00e1n a 400 venezolanos que invaden terrenos en el suroeste de Colombia"},"content":{"rendered":"<p><a href=\"http:\/\/digital58.com.ve\/site\/wp-content\/uploads\/2019\/01\/venezolanos.jpg\"><img loading=\"lazy\" decoding=\"async\" class=\"aligncenter size-large wp-image-83303\" src=\"http:\/\/digital58.com.ve\/site\/wp-content\/uploads\/2019\/01\/venezolanos-1500x1000.jpg\" alt=\"\" width=\"640\" height=\"427\" srcset=\"https:\/\/digital58.com.ve\/site\/wp-content\/uploads\/2019\/01\/venezolanos-1500x1000.jpg 1500w, https:\/\/digital58.com.ve\/site\/wp-content\/uploads\/2019\/01\/venezolanos-300x200.jpg 300w, https:\/\/digital58.com.ve\/site\/wp-content\/uploads\/2019\/01\/venezolanos-768x512.jpg 768w, https:\/\/digital58.com.ve\/site\/wp-content\/uploads\/2019\/01\/venezolanos-720x480.jpg 720w, https:\/\/digital58.com.ve\/site\/wp-content\/uploads\/2019\/01\/venezolanos-480x320.jpg 480w, https:\/\/digital58.com.ve\/site\/wp-content\/uploads\/2019\/01\/venezolanos.jpg 800w\" sizes=\"auto, (max-width: 640px) 100vw, 640px\" \/><\/a><\/p>\n<p>Las autoridades de la ciudad colombiana de Cali, capital del departamento del Valle del Cauca (suroeste) desalojar\u00e1n a unos 400 venezolanos que invadieron un predio en esa ciudad, informaron hoy a Efe fuentes oficiales. \u00abLo que se va a realizar es la restituci\u00f3n de un espacio p\u00fablico que fue invadido\u00bb, por venezolanos y que est\u00e1 ubicado en cercan\u00edas de la terminal de transportes, dijo el subsecretario de la Pol\u00edtica de Seguridad de Cali, Pablo Uribe.<\/p>\n<p><strong>Cali, Colombia, 09 de enero de 2019\u00a0 (Noticias D58).-<\/strong> Explic\u00f3 que esas personas viven desde hace algunos meses en una zona, en la que no hay \u00ablas m\u00e1s m\u00ednimas condiciones de salubridad\u00bb pues no tienen ninguno de los servicios b\u00e1sicos.<\/p>\n<p>Durante las operaciones realizadas por las autoridades en este sector se han encontrado abundantes dosis de drogas il\u00edcitas, listas para su comercializaci\u00f3n, y tambi\u00e9n se han hallado cuchillos, navajas y machetes, entre otras armas.<\/p>\n<p>Uribe detall\u00f3 que en las pr\u00f3ximas horas se tendr\u00e1 una reuni\u00f3n con varias entidades del Estado y se definir\u00e1 la fecha para \u00abhacer la recuperaci\u00f3n del espacio p\u00fablico pues este lugar no es un campamento de albergue sino una invasi\u00f3n\u00bb.<\/p>\n<p>En ese sentido, record\u00f3 que estas personas hacen parte de un grupo de unas 700 venezolanos que antes invadieron otro sitio de la ciudad pero que m\u00e1s o menos de ellos unos 350 viajaron al sur del continente.<\/p>\n<p>Seg\u00fan cifras de la ONU, tres millones de venezolanos han abandonado su pa\u00eds para huir de la crisis econ\u00f3mica, pol\u00edtica y social y de ellos cerca de un mill\u00f3n est\u00e1 en Colombia.<\/p>\n<p>En el asentamiento conviven personas de diferentes edades y or\u00edgenes, como Yulibe Barrada, que tiene 21 a\u00f1os, est\u00e1 embarazada y vive con su beb\u00e9, su sobrina de dos a\u00f1os y su pareja.<\/p>\n<p>Para sobrevivir, Barrada, que lleva un mes en Colombia, \u00abva para las bodegas y compra de comer\u00bb.<\/p>\n<p>\u00ab(Nosotros queremos) irnos alquilados, de verdad yo no tengo plata ni para arrendar algo, no tengo plata y si no tengo plata ni para comprar los pa\u00f1ales para la ni\u00f1a, no tengo nada, ni ropita\u00bb, lament\u00f3.<\/p>\n<p>Esos mismos anhelos son los de Brayan Johnny Torres, un migrante venezolano de 28 a\u00f1os, quien dijo a Efe que est\u00e1n \u00abreuniendo un poquitito de plata y mirando a ver si nos podemos alquilar\u00bb, y a\u00f1adi\u00f3 que a un venezolano \u00abse le hace fuerte conseguir esa plata\u00bb, en referencia a los 700.000 pesos que le demandan por dos meses de arriendo, unos 225 d\u00f3lares.<\/p>\n<p>El presidente venezolano, Nicol\u00e1s Maduro, tomar\u00e1 posesi\u00f3n ma\u00f1ana en un nuevo mandato no reconocido por la oposici\u00f3n de su pa\u00eds y por parte de la comunidad internacional.<\/p>\n<p>Al respecto, Torres pide \u00abque saquen a ese hombre de ah\u00ed\u00bb porque dice que los venezolanos del campamento est\u00e1n ah\u00ed, \u00aben estas bolsas, teniendo nuestras buenas casas all\u00e1\u00bb.<\/p>\n<p>\u00abTodo el mundo sabe que Venezuela es un pa\u00eds con potencia y hoy en d\u00eda uno no tiene nada pr\u00e1cticamente. Nos ha tocado dejar nuestras casas, nuestras tierras, porque uno no tiene nada, no hay comida, no hay nada, por culpa de ese hombre\u00bb, sentenci\u00f3.<\/p>\n<p>Los pa\u00edses americanos que conforman el Grupo de Lima, a excepci\u00f3n de M\u00e9xico, aseguraron el viernes pasado que \u00abno reconocer\u00e1n\u00bb un nuevo gobierno de Maduro, a quien instaron a \u00abno asumir\u00bb un nuevo mandato, que es producto de un proceso electoral al que calificaron de \u00abileg\u00edtimo\u00bb.<\/p>\n<p>El grupo llam\u00f3 a Maduro a que respete las atribuciones de la Asamblea Nacional y le transfiera, de forma provisional, el Poder Ejecutivo hasta que se realicen nuevas elecciones presidenciales democr\u00e1ticas.<\/p>\n<p><strong>Redacci\u00f3n con fuente: EFE<\/strong><br \/>\n<strong>Edici\u00f3n: Villasmil, Henry<\/strong><br \/>\n<strong>Gr\u00e1ficas: EFE<\/strong><\/p><div class=\"hlyce69eea8077ee5a\" ><p style=\"text-align: center;\"><a href=\"https:\/\/t.me\/noticiasdigital58\" target=\"_blank\" rel=\"noopener\"><img class=\"aligncenter size-full wp-image-125363\" src=\"https:\/\/digital58.com.ve\/site\/wp-content\/uploads\/2021\/04\/banner-telegram-web-2021.png\" alt=\"\" width=\"600\" height=\"90\" \/><\/a><\/p><\/div><style type=\"text\/css\">\r\n@media screen and (min-width: 1201px) {\r\n.hlyce69eea8077ee5a {\r\ndisplay: block;\r\n}\r\n}\r\n@media screen and (min-width: 993px) and (max-width: 1200px) {\r\n.hlyce69eea8077ee5a {\r\ndisplay: block;\r\n}\r\n}\r\n@media screen and (min-width: 769px) and (max-width: 992px) {\r\n.hlyce69eea8077ee5a {\r\ndisplay: block;\r\n}\r\n}\r\n@media screen and (min-width: 768px) and (max-width: 768px) {\r\n.hlyce69eea8077ee5a {\r\ndisplay: block;\r\n}\r\n}\r\n@media screen and (max-width: 767px) {\r\n.hlyce69eea8077ee5a {\r\ndisplay: block;\r\n}\r\n}\r\n<\/style>\r\n\n<p><a href=\"http:\/\/digital58.com.ve\/site\/wp-content\/uploads\/2019\/01\/venezolanos-cali.jpg\"><img loading=\"lazy\" decoding=\"async\" class=\"aligncenter size-large wp-image-83302\" src=\"http:\/\/digital58.com.ve\/site\/wp-content\/uploads\/2019\/01\/venezolanos-cali-1500x1000.jpg\" alt=\"\" width=\"640\" height=\"427\" srcset=\"https:\/\/digital58.com.ve\/site\/wp-content\/uploads\/2019\/01\/venezolanos-cali-1500x1000.jpg 1500w, https:\/\/digital58.com.ve\/site\/wp-content\/uploads\/2019\/01\/venezolanos-cali-300x200.jpg 300w, https:\/\/digital58.com.ve\/site\/wp-content\/uploads\/2019\/01\/venezolanos-cali-768x512.jpg 768w, https:\/\/digital58.com.ve\/site\/wp-content\/uploads\/2019\/01\/venezolanos-cali-720x480.jpg 720w, https:\/\/digital58.com.ve\/site\/wp-content\/uploads\/2019\/01\/venezolanos-cali-480x320.jpg 480w, https:\/\/digital58.com.ve\/site\/wp-content\/uploads\/2019\/01\/venezolanos-cali.jpg 800w\" sizes=\"auto, (max-width: 640px) 100vw, 640px\" \/><\/a><\/p>\n<div style=\"margin-top: 0px; margin-bottom: 0px;\" class=\"sharethis-inline-share-buttons\" ><\/div>","protected":false},"excerpt":{"rendered":"<p>Las autoridades de la ciudad colombiana de Cali, capital del departamento del Valle del Cauca (suroeste) desalojar\u00e1n a unos 400<\/p>\n","protected":false},"author":1,"featured_media":83302,"comment_status":"open","ping_status":"closed","sticky":false,"template":"","format":"standard","meta":{"colormag_page_container_layout":"default_layout","colormag_page_sidebar_layout":"default_layout","_uag_custom_page_level_css":"","footnotes":""},"categories":[8610,8608],"tags":[8809,98,7703,8,135,8604],"class_list":["post-83301","post","type-post","status-publish","format-standard","has-post-thumbnail","hentry","category-politica","category-reportajes-especiales","tag-cali","tag-colombia","tag-inmigrantes","tag-internacionales","tag-venezolanos-en-el-exterior","tag-venezuela-crisis"],"yoast_head":"<!-- This site is optimized with the Yoast SEO plugin v27.4 - https:\/\/yoast.com\/product\/yoast-seo-wordpress\/ -->\n<title>Desalojar\u00e1n a 400 venezolanos que invaden terrenos en el suroeste de Colombia<\/title>\n<meta name=\"robots\" content=\"index, follow, max-snippet:-1, max-image-preview:large, max-video-preview:-1\" \/>\n<link rel=\"canonical\" href=\"https:\/\/digital58.com.ve\/site\/2019\/01\/10\/desalojaran-a-400-venezolanos-que-invaden-terrenos-en-el-suroeste-de-colombia\/\" \/>\n<meta property=\"og:locale\" content=\"es_ES\" \/>\n<meta property=\"og:type\" content=\"article\" \/>\n<meta property=\"og:title\" content=\"Desalojar\u00e1n a 400 venezolanos que invaden terrenos en el suroeste de Colombia\" \/>\n<meta property=\"og:url\" content=\"https:\/\/digital58.com.ve\/site\/2019\/01\/10\/desalojaran-a-400-venezolanos-que-invaden-terrenos-en-el-suroeste-de-colombia\/\" \/>\n<meta property=\"og:site_name\" content=\"Noticias Digital58\" \/>\n<meta property=\"article:published_time\" content=\"2019-01-10T04:16:33+00:00\" \/>\n<meta property=\"og:image\" content=\"https:\/\/digital58.com.ve\/site\/wp-content\/uploads\/2019\/01\/venezolanos-cali.jpg\" \/>\n\t<meta property=\"og:image:width\" content=\"1500\" \/>\n\t<meta property=\"og:image:height\" content=\"1000\" \/>\n\t<meta property=\"og:image:type\" content=\"image\/jpeg\" \/>\n<meta name=\"author\" content=\"Villasmil Henry\" \/>\n<meta name=\"twitter:card\" content=\"summary_large_image\" \/>\n<meta name=\"twitter:creator\" content=\"@https:\/\/twitter.com\/villasmilhfoto\" \/>\n<meta name=\"twitter:site\" content=\"@villasmilhfoto\" \/>\n<meta name=\"twitter:label1\" content=\"Escrito por\" \/>\n\t<meta name=\"twitter:data1\" content=\"Villasmil Henry\" \/>\n\t<meta name=\"twitter:label2\" content=\"Tiempo estimado de lectura\" \/>\n\t<meta name=\"twitter:data2\" content=\"3 minutos\" \/>\n<script type=\"application\/ld+json\" class=\"yoast-schema-graph\">{\"@context\":\"https:\\\/\\\/schema.org\",\"@graph\":[{\"@type\":\"Article\",\"@id\":\"https:\\\/\\\/digital58.com.ve\\\/site\\\/2019\\\/01\\\/10\\\/desalojaran-a-400-venezolanos-que-invaden-terrenos-en-el-suroeste-de-colombia\\\/#article\",\"isPartOf\":{\"@id\":\"https:\\\/\\\/digital58.com.ve\\\/site\\\/2019\\\/01\\\/10\\\/desalojaran-a-400-venezolanos-que-invaden-terrenos-en-el-suroeste-de-colombia\\\/\"},\"author\":{\"name\":\"Villasmil Henry\",\"@id\":\"https:\\\/\\\/digital58.com.ve\\\/site\\\/#\\\/schema\\\/person\\\/64d1c2e4d0d4fd1b849980c4331c2951\"},\"headline\":\"Desalojar\u00e1n a 400 venezolanos que invaden terrenos en el suroeste de Colombia\",\"datePublished\":\"2019-01-10T04:16:33+00:00\",\"mainEntityOfPage\":{\"@id\":\"https:\\\/\\\/digital58.com.ve\\\/site\\\/2019\\\/01\\\/10\\\/desalojaran-a-400-venezolanos-que-invaden-terrenos-en-el-suroeste-de-colombia\\\/\"},\"wordCount\":647,\"commentCount\":0,\"publisher\":{\"@id\":\"https:\\\/\\\/digital58.com.ve\\\/site\\\/#\\\/schema\\\/person\\\/64d1c2e4d0d4fd1b849980c4331c2951\"},\"image\":{\"@id\":\"https:\\\/\\\/digital58.com.ve\\\/site\\\/2019\\\/01\\\/10\\\/desalojaran-a-400-venezolanos-que-invaden-terrenos-en-el-suroeste-de-colombia\\\/#primaryimage\"},\"thumbnailUrl\":\"https:\\\/\\\/digital58.com.ve\\\/site\\\/wp-content\\\/uploads\\\/2019\\\/01\\\/venezolanos-cali.jpg\",\"keywords\":[\"Cali\",\"Colombia\",\"Inmigrantes\",\"Internacionales\",\"Venezolanos en el exterior\",\"Venezuela Crisis\"],\"articleSection\":[\"Pol\u00edtica\",\"Reportajes Especiales\"],\"inLanguage\":\"es\",\"potentialAction\":[{\"@type\":\"CommentAction\",\"name\":\"Comment\",\"target\":[\"https:\\\/\\\/digital58.com.ve\\\/site\\\/2019\\\/01\\\/10\\\/desalojaran-a-400-venezolanos-que-invaden-terrenos-en-el-suroeste-de-colombia\\\/#respond\"]}]},{\"@type\":\"WebPage\",\"@id\":\"https:\\\/\\\/digital58.com.ve\\\/site\\\/2019\\\/01\\\/10\\\/desalojaran-a-400-venezolanos-que-invaden-terrenos-en-el-suroeste-de-colombia\\\/\",\"url\":\"https:\\\/\\\/digital58.com.ve\\\/site\\\/2019\\\/01\\\/10\\\/desalojaran-a-400-venezolanos-que-invaden-terrenos-en-el-suroeste-de-colombia\\\/\",\"name\":\"Desalojar\u00e1n a 400 venezolanos que invaden terrenos en el suroeste de Colombia\",\"isPartOf\":{\"@id\":\"https:\\\/\\\/digital58.com.ve\\\/site\\\/#website\"},\"primaryImageOfPage\":{\"@id\":\"https:\\\/\\\/digital58.com.ve\\\/site\\\/2019\\\/01\\\/10\\\/desalojaran-a-400-venezolanos-que-invaden-terrenos-en-el-suroeste-de-colombia\\\/#primaryimage\"},\"image\":{\"@id\":\"https:\\\/\\\/digital58.com.ve\\\/site\\\/2019\\\/01\\\/10\\\/desalojaran-a-400-venezolanos-que-invaden-terrenos-en-el-suroeste-de-colombia\\\/#primaryimage\"},\"thumbnailUrl\":\"https:\\\/\\\/digital58.com.ve\\\/site\\\/wp-content\\\/uploads\\\/2019\\\/01\\\/venezolanos-cali.jpg\",\"datePublished\":\"2019-01-10T04:16:33+00:00\",\"breadcrumb\":{\"@id\":\"https:\\\/\\\/digital58.com.ve\\\/site\\\/2019\\\/01\\\/10\\\/desalojaran-a-400-venezolanos-que-invaden-terrenos-en-el-suroeste-de-colombia\\\/#breadcrumb\"},\"inLanguage\":\"es\",\"potentialAction\":[{\"@type\":\"ReadAction\",\"target\":[\"https:\\\/\\\/digital58.com.ve\\\/site\\\/2019\\\/01\\\/10\\\/desalojaran-a-400-venezolanos-que-invaden-terrenos-en-el-suroeste-de-colombia\\\/\"]}]},{\"@type\":\"ImageObject\",\"inLanguage\":\"es\",\"@id\":\"https:\\\/\\\/digital58.com.ve\\\/site\\\/2019\\\/01\\\/10\\\/desalojaran-a-400-venezolanos-que-invaden-terrenos-en-el-suroeste-de-colombia\\\/#primaryimage\",\"url\":\"https:\\\/\\\/digital58.com.ve\\\/site\\\/wp-content\\\/uploads\\\/2019\\\/01\\\/venezolanos-cali.jpg\",\"contentUrl\":\"https:\\\/\\\/digital58.com.ve\\\/site\\\/wp-content\\\/uploads\\\/2019\\\/01\\\/venezolanos-cali.jpg\",\"width\":800,\"height\":533},{\"@type\":\"BreadcrumbList\",\"@id\":\"https:\\\/\\\/digital58.com.ve\\\/site\\\/2019\\\/01\\\/10\\\/desalojaran-a-400-venezolanos-que-invaden-terrenos-en-el-suroeste-de-colombia\\\/#breadcrumb\",\"itemListElement\":[{\"@type\":\"ListItem\",\"position\":1,\"name\":\"Home\",\"item\":\"https:\\\/\\\/digital58.com.ve\\\/site\\\/\"},{\"@type\":\"ListItem\",\"position\":2,\"name\":\"Desalojar\u00e1n a 400 venezolanos que invaden terrenos en el suroeste de Colombia\"}]},{\"@type\":\"WebSite\",\"@id\":\"https:\\\/\\\/digital58.com.ve\\\/site\\\/#website\",\"url\":\"https:\\\/\\\/digital58.com.ve\\\/site\\\/\",\"name\":\"Noticias Digital58\",\"description\":\"Portal de Noticias \u00a1Periodismo web de verdad! Lanzamiento web 22.11.2005 \\\/ Maracaibo, Venezuela\",\"publisher\":{\"@id\":\"https:\\\/\\\/digital58.com.ve\\\/site\\\/#\\\/schema\\\/person\\\/64d1c2e4d0d4fd1b849980c4331c2951\"},\"alternateName\":\"ND58\",\"potentialAction\":[{\"@type\":\"SearchAction\",\"target\":{\"@type\":\"EntryPoint\",\"urlTemplate\":\"https:\\\/\\\/digital58.com.ve\\\/site\\\/?s={search_term_string}\"},\"query-input\":{\"@type\":\"PropertyValueSpecification\",\"valueRequired\":true,\"valueName\":\"search_term_string\"}}],\"inLanguage\":\"es\"},{\"@type\":[\"Person\",\"Organization\"],\"@id\":\"https:\\\/\\\/digital58.com.ve\\\/site\\\/#\\\/schema\\\/person\\\/64d1c2e4d0d4fd1b849980c4331c2951\",\"name\":\"Villasmil Henry\",\"image\":{\"@type\":\"ImageObject\",\"inLanguage\":\"es\",\"@id\":\"https:\\\/\\\/secure.gravatar.com\\\/avatar\\\/bb0c4a2fcb7970138239f7e404ea75757b1b507b28b5ce4c53fbd62d797c5a7c?s=96&d=mm&r=g\",\"url\":\"https:\\\/\\\/secure.gravatar.com\\\/avatar\\\/bb0c4a2fcb7970138239f7e404ea75757b1b507b28b5ce4c53fbd62d797c5a7c?s=96&d=mm&r=g\",\"contentUrl\":\"https:\\\/\\\/secure.gravatar.com\\\/avatar\\\/bb0c4a2fcb7970138239f7e404ea75757b1b507b28b5ce4c53fbd62d797c5a7c?s=96&d=mm&r=g\",\"caption\":\"Villasmil Henry\"},\"logo\":{\"@id\":\"https:\\\/\\\/secure.gravatar.com\\\/avatar\\\/bb0c4a2fcb7970138239f7e404ea75757b1b507b28b5ce4c53fbd62d797c5a7c?s=96&d=mm&r=g\"},\"sameAs\":[\"http:\\\/\\\/www.henryvillasmil.com.ve\",\"https:\\\/\\\/www.instagram.com\\\/villasmilhfoto\\\/\",\"https:\\\/\\\/x.com\\\/https:\\\/\\\/twitter.com\\\/villasmilhfoto\"],\"url\":\"https:\\\/\\\/digital58.com.ve\\\/site\\\/author\\\/droopy_68\\\/\"}]}<\/script>\n<!-- \/ Yoast SEO plugin. -->","yoast_head_json":{"title":"Desalojar\u00e1n a 400 venezolanos que invaden terrenos en el suroeste de Colombia","robots":{"index":"index","follow":"follow","max-snippet":"max-snippet:-1","max-image-preview":"max-image-preview:large","max-video-preview":"max-video-preview:-1"},"canonical":"https:\/\/digital58.com.ve\/site\/2019\/01\/10\/desalojaran-a-400-venezolanos-que-invaden-terrenos-en-el-suroeste-de-colombia\/","og_locale":"es_ES","og_type":"article","og_title":"Desalojar\u00e1n a 400 venezolanos que invaden terrenos en el suroeste de Colombia","og_url":"https:\/\/digital58.com.ve\/site\/2019\/01\/10\/desalojaran-a-400-venezolanos-que-invaden-terrenos-en-el-suroeste-de-colombia\/","og_site_name":"Noticias Digital58","article_published_time":"2019-01-10T04:16:33+00:00","og_image":[{"width":1500,"height":1000,"url":"https:\/\/digital58.com.ve\/site\/wp-content\/uploads\/2019\/01\/venezolanos-cali.jpg","type":"image\/jpeg"}],"author":"Villasmil Henry","twitter_card":"summary_large_image","twitter_creator":"@https:\/\/twitter.com\/villasmilhfoto","twitter_site":"@villasmilhfoto","twitter_misc":{"Escrito por":"Villasmil Henry","Tiempo estimado de lectura":"3 minutos"},"schema":{"@context":"https:\/\/schema.org","@graph":[{"@type":"Article","@id":"https:\/\/digital58.com.ve\/site\/2019\/01\/10\/desalojaran-a-400-venezolanos-que-invaden-terrenos-en-el-suroeste-de-colombia\/#article","isPartOf":{"@id":"https:\/\/digital58.com.ve\/site\/2019\/01\/10\/desalojaran-a-400-venezolanos-que-invaden-terrenos-en-el-suroeste-de-colombia\/"},"author":{"name":"Villasmil Henry","@id":"https:\/\/digital58.com.ve\/site\/#\/schema\/person\/64d1c2e4d0d4fd1b849980c4331c2951"},"headline":"Desalojar\u00e1n a 400 venezolanos que invaden terrenos en el suroeste de Colombia","datePublished":"2019-01-10T04:16:33+00:00","mainEntityOfPage":{"@id":"https:\/\/digital58.com.ve\/site\/2019\/01\/10\/desalojaran-a-400-venezolanos-que-invaden-terrenos-en-el-suroeste-de-colombia\/"},"wordCount":647,"commentCount":0,"publisher":{"@id":"https:\/\/digital58.com.ve\/site\/#\/schema\/person\/64d1c2e4d0d4fd1b849980c4331c2951"},"image":{"@id":"https:\/\/digital58.com.ve\/site\/2019\/01\/10\/desalojaran-a-400-venezolanos-que-invaden-terrenos-en-el-suroeste-de-colombia\/#primaryimage"},"thumbnailUrl":"https:\/\/digital58.com.ve\/site\/wp-content\/uploads\/2019\/01\/venezolanos-cali.jpg","keywords":["Cali","Colombia","Inmigrantes","Internacionales","Venezolanos en el exterior","Venezuela Crisis"],"articleSection":["Pol\u00edtica","Reportajes Especiales"],"inLanguage":"es","potentialAction":[{"@type":"CommentAction","name":"Comment","target":["https:\/\/digital58.com.ve\/site\/2019\/01\/10\/desalojaran-a-400-venezolanos-que-invaden-terrenos-en-el-suroeste-de-colombia\/#respond"]}]},{"@type":"WebPage","@id":"https:\/\/digital58.com.ve\/site\/2019\/01\/10\/desalojaran-a-400-venezolanos-que-invaden-terrenos-en-el-suroeste-de-colombia\/","url":"https:\/\/digital58.com.ve\/site\/2019\/01\/10\/desalojaran-a-400-venezolanos-que-invaden-terrenos-en-el-suroeste-de-colombia\/","name":"Desalojar\u00e1n a 400 venezolanos que invaden terrenos en el suroeste de Colombia","isPartOf":{"@id":"https:\/\/digital58.com.ve\/site\/#website"},"primaryImageOfPage":{"@id":"https:\/\/digital58.com.ve\/site\/2019\/01\/10\/desalojaran-a-400-venezolanos-que-invaden-terrenos-en-el-suroeste-de-colombia\/#primaryimage"},"image":{"@id":"https:\/\/digital58.com.ve\/site\/2019\/01\/10\/desalojaran-a-400-venezolanos-que-invaden-terrenos-en-el-suroeste-de-colombia\/#primaryimage"},"thumbnailUrl":"https:\/\/digital58.com.ve\/site\/wp-content\/uploads\/2019\/01\/venezolanos-cali.jpg","datePublished":"2019-01-10T04:16:33+00:00","breadcrumb":{"@id":"https:\/\/digital58.com.ve\/site\/2019\/01\/10\/desalojaran-a-400-venezolanos-que-invaden-terrenos-en-el-suroeste-de-colombia\/#breadcrumb"},"inLanguage":"es","potentialAction":[{"@type":"ReadAction","target":["https:\/\/digital58.com.ve\/site\/2019\/01\/10\/desalojaran-a-400-venezolanos-que-invaden-terrenos-en-el-suroeste-de-colombia\/"]}]},{"@type":"ImageObject","inLanguage":"es","@id":"https:\/\/digital58.com.ve\/site\/2019\/01\/10\/desalojaran-a-400-venezolanos-que-invaden-terrenos-en-el-suroeste-de-colombia\/#primaryimage","url":"https:\/\/digital58.com.ve\/site\/wp-content\/uploads\/2019\/01\/venezolanos-cali.jpg","contentUrl":"https:\/\/digital58.com.ve\/site\/wp-content\/uploads\/2019\/01\/venezolanos-cali.jpg","width":800,"height":533},{"@type":"BreadcrumbList","@id":"https:\/\/digital58.com.ve\/site\/2019\/01\/10\/desalojaran-a-400-venezolanos-que-invaden-terrenos-en-el-suroeste-de-colombia\/#breadcrumb","itemListElement":[{"@type":"ListItem","position":1,"name":"Home","item":"https:\/\/digital58.com.ve\/site\/"},{"@type":"ListItem","position":2,"name":"Desalojar\u00e1n a 400 venezolanos que invaden terrenos en el suroeste de Colombia"}]},{"@type":"WebSite","@id":"https:\/\/digital58.com.ve\/site\/#website","url":"https:\/\/digital58.com.ve\/site\/","name":"Noticias Digital58","description":"Portal de Noticias \u00a1Periodismo web de verdad! Lanzamiento web 22.11.2005 \/ Maracaibo, Venezuela","publisher":{"@id":"https:\/\/digital58.com.ve\/site\/#\/schema\/person\/64d1c2e4d0d4fd1b849980c4331c2951"},"alternateName":"ND58","potentialAction":[{"@type":"SearchAction","target":{"@type":"EntryPoint","urlTemplate":"https:\/\/digital58.com.ve\/site\/?s={search_term_string}"},"query-input":{"@type":"PropertyValueSpecification","valueRequired":true,"valueName":"search_term_string"}}],"inLanguage":"es"},{"@type":["Person","Organization"],"@id":"https:\/\/digital58.com.ve\/site\/#\/schema\/person\/64d1c2e4d0d4fd1b849980c4331c2951","name":"Villasmil Henry","image":{"@type":"ImageObject","inLanguage":"es","@id":"https:\/\/secure.gravatar.com\/avatar\/bb0c4a2fcb7970138239f7e404ea75757b1b507b28b5ce4c53fbd62d797c5a7c?s=96&d=mm&r=g","url":"https:\/\/secure.gravatar.com\/avatar\/bb0c4a2fcb7970138239f7e404ea75757b1b507b28b5ce4c53fbd62d797c5a7c?s=96&d=mm&r=g","contentUrl":"https:\/\/secure.gravatar.com\/avatar\/bb0c4a2fcb7970138239f7e404ea75757b1b507b28b5ce4c53fbd62d797c5a7c?s=96&d=mm&r=g","caption":"Villasmil Henry"},"logo":{"@id":"https:\/\/secure.gravatar.com\/avatar\/bb0c4a2fcb7970138239f7e404ea75757b1b507b28b5ce4c53fbd62d797c5a7c?s=96&d=mm&r=g"},"sameAs":["http:\/\/www.henryvillasmil.com.ve","https:\/\/www.instagram.com\/villasmilhfoto\/","https:\/\/x.com\/https:\/\/twitter.com\/villasmilhfoto"],"url":"https:\/\/digital58.com.ve\/site\/author\/droopy_68\/"}]}},"uagb_featured_image_src":{"full":["https:\/\/digital58.com.ve\/site\/wp-content\/uploads\/2019\/01\/venezolanos-cali.jpg",800,533,false],"thumbnail":["https:\/\/digital58.com.ve\/site\/wp-content\/uploads\/2019\/01\/venezolanos-cali-150x150.jpg",150,150,true],"medium":["https:\/\/digital58.com.ve\/site\/wp-content\/uploads\/2019\/01\/venezolanos-cali-300x200.jpg",300,200,true],"medium_large":["https:\/\/digital58.com.ve\/site\/wp-content\/uploads\/2019\/01\/venezolanos-cali-768x512.jpg",768,512,true],"large":["https:\/\/digital58.com.ve\/site\/wp-content\/uploads\/2019\/01\/venezolanos-cali-1500x1000.jpg",800,533,true],"1536x1536":["https:\/\/digital58.com.ve\/site\/wp-content\/uploads\/2019\/01\/venezolanos-cali.jpg",800,533,false],"2048x2048":["https:\/\/digital58.com.ve\/site\/wp-content\/uploads\/2019\/01\/venezolanos-cali.jpg",800,533,false],"colormag-highlighted-post":["https:\/\/digital58.com.ve\/site\/wp-content\/uploads\/2019\/01\/venezolanos-cali.jpg",392,261,false],"colormag-featured-post-medium":["https:\/\/digital58.com.ve\/site\/wp-content\/uploads\/2019\/01\/venezolanos-cali.jpg",308,205,false],"colormag-featured-post-small":["https:\/\/digital58.com.ve\/site\/wp-content\/uploads\/2019\/01\/venezolanos-cali.jpg",130,87,false],"colormag-featured-image":["https:\/\/digital58.com.ve\/site\/wp-content\/uploads\/2019\/01\/venezolanos-cali.jpg",668,445,false],"colormag-default-news":["https:\/\/digital58.com.ve\/site\/wp-content\/uploads\/2019\/01\/venezolanos-cali.jpg",150,100,false],"colormag-featured-image-large":["https:\/\/digital58.com.ve\/site\/wp-content\/uploads\/2019\/01\/venezolanos-cali.jpg",800,533,false]},"uagb_author_info":{"display_name":"Villasmil Henry","author_link":"https:\/\/digital58.com.ve\/site\/author\/droopy_68\/"},"uagb_comment_info":0,"uagb_excerpt":"Las autoridades de la ciudad colombiana de Cali, capital del departamento del Valle del Cauca (suroeste) desalojar\u00e1n a unos 400","_links":{"self":[{"href":"https:\/\/digital58.com.ve\/site\/wp-json\/wp\/v2\/posts\/83301","targetHints":{"allow":["GET"]}}],"collection":[{"href":"https:\/\/digital58.com.ve\/site\/wp-json\/wp\/v2\/posts"}],"about":[{"href":"https:\/\/digital58.com.ve\/site\/wp-json\/wp\/v2\/types\/post"}],"author":[{"embeddable":true,"href":"https:\/\/digital58.com.ve\/site\/wp-json\/wp\/v2\/users\/1"}],"replies":[{"embeddable":true,"href":"https:\/\/digital58.com.ve\/site\/wp-json\/wp\/v2\/comments?post=83301"}],"version-history":[{"count":0,"href":"https:\/\/digital58.com.ve\/site\/wp-json\/wp\/v2\/posts\/83301\/revisions"}],"wp:featuredmedia":[{"embeddable":true,"href":"https:\/\/digital58.com.ve\/site\/wp-json\/wp\/v2\/media\/83302"}],"wp:attachment":[{"href":"https:\/\/digital58.com.ve\/site\/wp-json\/wp\/v2\/media?parent=83301"}],"wp:term":[{"taxonomy":"category","embeddable":true,"href":"https:\/\/digital58.com.ve\/site\/wp-json\/wp\/v2\/categories?post=83301"},{"taxonomy":"post_tag","embeddable":true,"href":"https:\/\/digital58.com.ve\/site\/wp-json\/wp\/v2\/tags?post=83301"}],"curies":[{"name":"wp","href":"https:\/\/api.w.org\/{rel}","templated":true}]}}